{"id":828,"date":"2019-06-03T10:00:14","date_gmt":"2019-06-03T08:00:14","guid":{"rendered":"http:\/\/solkes.com\/?p=828"},"modified":"2020-11-14T21:38:58","modified_gmt":"2020-11-14T19:38:58","slug":"sembraton-changing-the-planet","status":"publish","type":"post","link":"https:\/\/solkes.com\/en\/leaving-a-mark\/2019\/06\/sembraton-changing-the-planet\/","title":{"rendered":"Sembrat\u00f3n, changing the planet"},"content":{"rendered":"<p><span class=\"dropcap dropcap2\" style=\"color: #138a8d;\">T<\/span>he city of Medell\u00edn in Colombia has triggered its environmental alerts due to the air pollution detected by the monitors. <span style=\"color: #138a8d;\"><strong>The latest forest fire<\/strong><\/span> on Mount Quitasol triggered the orange alert throughout the urban area, highlighting the need to urgently invest in environmental awareness projects and programs.<\/p>\n<p>A few days before this tragedy took place, <strong><span style=\"color: #138a8d;\">the Corantioquia environmental authority <\/span><\/strong>decreed a red alert in the urban area that extends through the valley of Aburra made up by 10 municipalities, about five million people live there.<\/p>\n<figure id=\"attachment_4403\" aria-describedby=\"caption-attachment-4403\" style=\"width: 1002px\" class=\"wp-caption aligncenter\"><a href=\"http:\/\/solkes.com\/wp-content\/uploads\/2019\/09\/1710_01-1.jpg\"><img fetchpriority=\"high\" decoding=\"async\" class=\"size-full wp-image-4403\" src=\"http:\/\/solkes.com\/wp-content\/uploads\/2019\/09\/1710_01-1.jpg\" alt=\"\" width=\"1002\" height=\"607\" \/><\/a><figcaption id=\"caption-attachment-4403\" class=\"wp-caption-text\">Lenniz Urbina \u00a9 Solkes<\/figcaption><\/figure>\n<h3><span style=\"color: #138a8d;\"><strong>Results<\/strong><\/span><\/h3>\n<figure id=\"attachment_4404\" aria-describedby=\"caption-attachment-4404\" style=\"width: 300px\" class=\"wp-caption alignright\"><a href=\"http:\/\/solkes.com\/wp-content\/uploads\/2019\/09\/1710_02-1.jpg\"><img decoding=\"async\" class=\" td-modal-image wp-image-4404 size-medium\" src=\"http:\/\/solkes.com\/wp-content\/uploads\/2019\/09\/1710_02-1-300x482.jpg\" alt=\"\" width=\"300\" height=\"482\" \/><\/a><figcaption id=\"caption-attachment-4404\" class=\"wp-caption-text\">Lenniz Urbina \u00a9 Solkes<\/figcaption><\/figure>\n<p>The result of the most recent monitoring delivered by the Metropolitan Area, a governmental entity, forced the authorities to take important measures to try to mitigate the risk caused by the forest fire.<\/p>\n<p>Among the most relevant indicators, it was detected that the major sources of pollution are the increase of the automotive fleet, the reduction of quality public spaces and the absence of natural parks or green areas as a result of urban densification.<\/p>\n<p><span class=\"dropcap dropcap2\">W<\/span>ith the idea of \u200b\u200bcontributing directly to reduce the pollution of the city and create environmental awareness among the population, a group of citizens of the municipality of Bello, organized themselves in order to propose actions that would improve air quality in the area. Further more, they would protect one of the most representative places of the municipality, where all the <strong><span style=\"color: #138a8d;\">Aburra Valley may be seen.<\/span><\/strong><\/p>\n<p><span style=\"color: #138a8d;\"><strong>Cerro Quitasol<\/strong><\/span> is located north of the Aburra Valley in the municipality of Bello and has an approximate height of 2,880 meters above sea level. This place has an unexplored archaeological wealth and is visited by families and walkers who want to enjoy a natural space near the city.<\/p>\n<h3><strong><span style=\"color: #138a8d;\">Sembrat\u00f3n Quitasol<\/span><\/strong><\/h3>\n<p>In order to empower citizens to recover their environmental heritage, a group of citizens started an idea that would soon become a reality and contribute to the care and protection of the natural resources of the city and its metropolitan area.<\/p>\n<p>It evolved into the <strong><span style=\"color: #138a8d;\">&#8220;Sembrat\u00f3n Quitasol&#8221;<\/span><\/strong>. The project consists of carrying out a massive planting of native trees, where all citizens are invited to participate and sponsor the tree planted, to ensure the care of the plant At least the first years of life.<\/p>\n<p>In previous months, it has been citizens who have carried out different activities to safeguard what they consider as environmental and cultural heritage of the region, as is also a space known as the Railroad Workshops, an architectural complex where it was installed. For the first time the railway industry and that today are almost ruins.<\/p>\n<blockquote class=\"td_quote_box td_box_center\">\n<h4>Sembrat\u00f3n Quitasol was the result of the indignation that some citizens feel, seeing how each year at the same time the fires devour the little plant material that with so much difficulty has grown in Quitasol, due to the aridity of the soil and abandonment In which the Municipality has in one of the few green places that we still have in the city.<\/h4>\n<\/blockquote>\n<p>Located privileged contiguous to the administrative headquarters of the company Metro de Medell\u00edn, this place that was delivered by the nation to the municipality of Bello with specific destination to develop cultural projects for the municipality and has been the subject of private property interests with the collaboration of the municipal administration.<\/p>\n<p><span class=\"dropcap dropcap2\">I<\/span>t is a patrimonial land of almost 79 thousand square meters and what the inhabitants of Bello, ask is that the initial destination that is for education, art and culture is respected.<\/p>\n<h3><span style=\"color: #138a8d;\"><strong>Fighting the fires<\/strong><\/span><\/h3>\n<p>Contrary to what the municipality wants, that is to divide the space and to construct houses disguised of social interest, commercial and administrative spaces and to leave a small space for a school of music.<\/p>\n<figure id=\"attachment_4405\" aria-describedby=\"caption-attachment-4405\" style=\"width: 300px\" class=\"wp-caption alignleft\"><a href=\"http:\/\/solkes.com\/wp-content\/uploads\/2019\/09\/1710_03-1.jpg\"><img decoding=\"async\" class=\" td-modal-image wp-image-4405 size-medium\" src=\"http:\/\/solkes.com\/wp-content\/uploads\/2019\/09\/1710_03-1-300x482.jpg\" alt=\"\" width=\"300\" height=\"482\" \/><\/a><figcaption id=\"caption-attachment-4405\" class=\"wp-caption-text\">Lenniz Urbina \u00a9 Solkes<\/figcaption><\/figure>\n<p>Since that moment on, citizens have been organizing in hope of creating solutions that can guarantee the care of assets and natural resources, such as the Cerro Quitasol that was already affected by fires.<\/p>\n<p>The most recent was in the month of February. This fire ended with 98 hectares of fauna and flora in the hill Quitasol. The conflagration spread and lasted for three days while the authorities managed to shut it down. This generated the activation of the orange alert for environmental pollution in the city of Medell\u00edn.<\/p>\n<p>When the fire was extinguished and the environmental contamination alerts were reached. It began with the propagation of the project of the seed. Thanks to a collective ideology, it became a change alternative. An example was a yellow flower massive sowing and making a symbol that was seen from any part of the Aburra valley.<\/p>\n<p>Another idea has been <strong><span style=\"color: #138a8d;\">the creation of forest fire hydrants, where firefighters can quickly access water.<\/span><\/strong> One of the problems that have been showcased when fires take place is the time it takes firefighters to access the water resource that is considerably far from the hill.<\/p>\n<p>Besides the environmental importance of the hill, it also has an added value that contributes to the historical heritage of the municipality. It has an archaeological wealth that has not been evaluated and has only been seen by visitors who have managed to experience the roads and Prehispanic ruins.<\/p>\n<p>This archaeological wealth has been neglected since the relevant entities have not carried out an archaeological study capable of accurately analyzing the historical value of this heritage. The citizens managed to finalize a proposal to find a declaration of protection as a natural park.<\/p>\n<p>Due to the fact that private properties are located on the hill, the territorial planning plan of the municipality of Bello is excessively up the hillside, which allows the construction and creation of real estate projects, which weaken the structure Base of the hill.<\/p>\n<p>Since there are properties that were once private and nowadays belong to the municipal administration, such as the farm Corrales, a property belonging to the Mayor, located on the hill and that the citizens have taken the initiative to propose the idea of turning it into an environmental classroom and thus creating a space for educational training in terms of care and environmental protection.<\/p>\n<h3><span style=\"color: #138a8d;\"><strong>The nursery proposal<\/strong><\/span><\/h3>\n<p><span class=\"dropcap dropcap2\">A<\/span>nother proposal is the construction of two nurseries on the hill capable of being self-sustaining and preserving the different plant species used in constant planting. These two nurseries would be at different points of height since each species has a different care and production.<\/p>\n<p>The idea it to plant natives species in the nursery. In the metropolitan area there are more than 20 species that can be considered native and the same biotic material can be generated in nurseries. Knowledge about how to grow and to germinate different species, besides the care of the flora in the hill.<\/p>\n<figure id=\"attachment_4406\" aria-describedby=\"caption-attachment-4406\" style=\"width: 1002px\" class=\"wp-caption aligncenter\"><a href=\"http:\/\/solkes.com\/wp-content\/uploads\/2019\/09\/1710_04-1.jpg\"><img loading=\"lazy\" decoding=\"async\" class=\"wp-image-4406 size-full\" src=\"http:\/\/solkes.com\/wp-content\/uploads\/2019\/09\/1710_04-1.jpg\" alt=\"\" width=\"1002\" height=\"607\" \/><\/a><figcaption id=\"caption-attachment-4406\" class=\"wp-caption-text\">Lenniz Urbina \u00a9 Solkes<\/figcaption><\/figure>\n<p>Another of the issues addressed in citizen meetings and has been the central axis of the proposals raised is the environmental component. Trying to massify the importance of creating a collective conscience thta knows how to recognize environmental factors, not only in the massive planting but also in the daily life of each family.<\/p>\n<p>With all these proposals on the table and the ideas that were still emerging from citizens, the call for the sowing of two thousand trees on Mount Quitasol began. A call that was generated in social networks and with the support of organizations as Metropolitan Area, Corantioquia, Antioquia Governorate and Bello Mayoralty, expanding the message of citizen participation in the event of massive planting.<\/p>\n<p>The schedule of activities began with the knowledge about the soil onthe hill. For this, guided walks and evaluations took place, professionals such as anthropologists, environmental engineers, geologists and environmentalists came along and supported them.<\/p>\n<p>In this first survey, it was possible to carry out an evaluation with sampling and observation exercises to determine the acidity of the soil, the quality in the different layers of altitude of the hill and to obtain the analysis on which species to plant in which part of to do so.<\/p>\n<h3><span style=\"color: #138a8d;\"><strong>For our natural resources<\/strong><\/span><\/h3>\n<p><span class=\"dropcap dropcap2\">U<\/span>nder the name of Sembrat\u00f3n for the Quitasol, the implementation of the proposal began with the help of the entities and the citizen collective, based on the advances that the institutions as Metropolitan Area had already carried out and based on the processes that Had already been determined as technically viable and that also had a share of high citizen participation.<\/p>\n<p>In addition to asking the peoples participation in the massive sowing, they wanted to create a link between the people who participated and the tree that they had planted. By doing so, more future events to visit the trees and take care of them and contribute to the preservation of the hill.<\/p>\n<blockquote class=\"td_quote_box td_box_left\">\n<h4>Instructing people on how to perform the sowing and imparted information about the plant for the sowing is crucial.<\/h4>\n<\/blockquote>\n<p>Two weeks before the event took place, different activities were carried out in order to prepare the ground for the planned sowing in favorable conditions. These activities were to delimit the land where the trees were to be planted, to make the hole with the appropriate distance and to prepare the soil with solvents and vitamins in the fertilizer.<\/p>\n<p>On April 22nd the sowing took place. More than 2,000 people particpated and they started arriving since 6 am. Each person recieved a plant to sow, a hydrogel to do the sowing correctly and was shown the hole selected for his plant.<\/p>\n<p>The organization of the people was done through the division of citizen groups, as well as staff from the entities that were directing the public to the designated area.<\/p>\n<figure id=\"attachment_4407\" aria-describedby=\"caption-attachment-4407\" style=\"width: 300px\" class=\"wp-caption alignright\"><a href=\"http:\/\/solkes.com\/wp-content\/uploads\/2019\/09\/1710_05-1.jpg\"><img loading=\"lazy\" decoding=\"async\" class=\"size-medium wp-image-4407\" src=\"http:\/\/solkes.com\/wp-content\/uploads\/2019\/09\/1710_05-1-300x482.jpg\" alt=\"\" width=\"300\" height=\"482\" \/><\/a><figcaption id=\"caption-attachment-4407\" class=\"wp-caption-text\">Lenniz Urbina \u00a9 Solkes<\/figcaption><\/figure>\n<p>The massive sowing event called upon people to work for their natural resources. In addition to raising awareness about the care and protection of the environment. One of the messages was the appropriation of nature, monitoring their care and preservation and to have a cleaner air quality.<\/p>\n<p><span class=\"dropcap dropcap2\" style=\"color: #138a8d;\">W<\/span>ith cultural events by artists of the municipality and illustrious people who have had a relationship for many years with the hill, as well as theater performances, the event began at 7 am and ended at 11 in the morning, it carried out until 2 pm with cultural events. The climate contributed to the massive sowing since the day before it had rained facilitating the work and the day of the event was warm and fresh. This made the sowing activity to be carried out in a speedy manner. As a consequence, some attendees decided to plant more than a tree during the day.<\/p>\n","protected":false},"excerpt":{"rendered":"<p>The city of Medell\u00edn in Colombia has triggered its environmental alerts due to the air pollution detected by the monitors. The latest forest fire on Mount Quitasol triggered the orange alert throughout the urban area, highlighting the need to urgently invest in environmental awareness projects and programs. A few days before this tragedy took place, [&hellip;]<\/p>\n","protected":false},"author":76,"featured_media":1806,"comment_status":"open","ping_status":"open","sticky":false,"template":"","format":"standard","meta":{"_acf_changed":false,"_exactmetrics_skip_tracking":false,"_exactmetrics_sitenote_active":false,"_exactmetrics_sitenote_note":"","_exactmetrics_sitenote_category":0,"site-sidebar-layout":"default","site-content-layout":"default","ast-site-content-layout":"default","site-content-style":"default","site-sidebar-style":"default","ast-global-header-display":"","ast-banner-title-visibility":"","ast-main-header-display":"","ast-hfb-above-header-display":"","ast-hfb-below-header-display":"","ast-hfb-mobile-header-display":"","site-post-title":"","ast-breadcrumbs-content":"","ast-featured-img":"","footer-sml-layout":"","theme-transparent-header-meta":"default","adv-header-id-meta":"","stick-header-meta":"","header-above-stick-meta":"","header-main-stick-meta":"","header-below-stick-meta":"","astra-migrate-meta-layouts":"default","ast-page-background-enabled":"default","ast-page-background-meta":{"desktop":{"background-color":"","background-image":"","background-repeat":"repeat","background-position":"center center","background-size":"auto","background-attachment":"scroll","background-type":"","background-media":"","overlay-type":"","overlay-color":"","overlay-opacity":"","overlay-gradient":""},"tablet":{"background-color":"","background-image":"","background-repeat":"repeat","background-position":"center center","background-size":"auto","background-attachment":"scroll","background-type":"","background-media":"","overlay-type":"","overlay-color":"","overlay-opacity":"","overlay-gradient":""},"mobile":{"background-color":"","background-image":"","background-repeat":"repeat","background-position":"center center","background-size":"auto","background-attachment":"scroll","background-type":"","background-media":"","overlay-type":"","overlay-color":"","overlay-opacity":"","overlay-gradient":""}},"ast-content-background-meta":{"desktop":{"background-color":"var(--ast-global-color-5)","background-image":"","background-repeat":"repeat","background-position":"center center","background-size":"auto","background-attachment":"scroll","background-type":"","background-media":"","overlay-type":"","overlay-color":"","overlay-opacity":"","overlay-gradient":""},"tablet":{"background-color":"var(--ast-global-color-5)","background-image":"","background-repeat":"repeat","background-position":"center center","background-size":"auto","background-attachment":"scroll","background-type":"","background-media":"","overlay-type":"","overlay-color":"","overlay-opacity":"","overlay-gradient":""},"mobile":{"background-color":"var(--ast-global-color-5)","background-image":"","background-repeat":"repeat","background-position":"center center","background-size":"auto","background-attachment":"scroll","background-type":"","background-media":"","overlay-type":"","overlay-color":"","overlay-opacity":"","overlay-gradient":""}},"footnotes":""},"categories":[66],"tags":[1524,1525,801,1526,820,1527,1528,1529],"class_list":["post-828","post","type-post","status-publish","format-standard","has-post-thumbnail","hentry","category-leaving-a-mark","tag-antioquia-en","tag-cerro-quitasol-en","tag-colombia-en-2","tag-forest-en","tag-leaving-a-mark-en","tag-plant-a-tree-en","tag-pollution-en","tag-tree-en"],"acf":[],"yoast_head":"<!-- This site is optimized with the Yoast SEO plugin v27.4 - https:\/\/yoast.com\/product\/yoast-seo-wordpress\/ -->\n<title>Sembrat\u00f3n, changing the planet - Solkes Magazine<\/title>\n<meta name=\"description\" content=\"The idea behind the Sembrat\u00f3n is to carry out a massive planting of native trees. The sowing activity was done rapidly.\" \/>\n<meta name=\"robots\" content=\"index, follow, max-snippet:-1, max-image-preview:large, max-video-preview:-1\" \/>\n<link rel=\"canonical\" href=\"https:\/\/solkes.com\/en\/leaving-a-mark\/2019\/06\/sembraton-changing-the-planet\/\" \/>\n<meta property=\"og:locale\" content=\"en_US\" \/>\n<meta property=\"og:type\" content=\"article\" \/>\n<meta property=\"og:title\" content=\"Sembrat\u00f3n, changing the planet - Solkes Magazine\" \/>\n<meta property=\"og:description\" content=\"The idea behind the Sembrat\u00f3n is to carry out a massive planting of native trees. The sowing activity was done rapidly.\" \/>\n<meta property=\"og:url\" content=\"https:\/\/solkes.com\/en\/leaving-a-mark\/2019\/06\/sembraton-changing-the-planet\/\" \/>\n<meta property=\"og:site_name\" content=\"Solkes Magazine\" \/>\n<meta property=\"article:publisher\" content=\"https:\/\/www.facebook.com\/solkesmagazinee\/\" \/>\n<meta property=\"article:published_time\" content=\"2019-06-03T08:00:14+00:00\" \/>\n<meta property=\"article:modified_time\" content=\"2020-11-14T19:38:58+00:00\" \/>\n<meta property=\"og:image\" content=\"https:\/\/solkes.com\/wp-content\/uploads\/2017\/10\/1710_04-1.jpg\" \/>\n\t<meta property=\"og:image:width\" content=\"1002\" \/>\n\t<meta property=\"og:image:height\" content=\"607\" \/>\n\t<meta property=\"og:image:type\" content=\"image\/jpeg\" \/>\n<meta name=\"author\" content=\"Laura Viera A.\" \/>\n<meta name=\"twitter:card\" content=\"summary_large_image\" \/>\n<meta name=\"twitter:label1\" content=\"Written by\" \/>\n\t<meta name=\"twitter:data1\" content=\"Laura Viera A.\" \/>\n\t<meta name=\"twitter:label2\" content=\"Est. reading time\" \/>\n\t<meta name=\"twitter:data2\" content=\"9 minutes\" \/>\n<script type=\"application\/ld+json\" class=\"yoast-schema-graph\">{\"@context\":\"https:\\\/\\\/schema.org\",\"@graph\":[{\"@type\":\"Article\",\"@id\":\"https:\\\/\\\/solkes.com\\\/en\\\/leaving-a-mark\\\/2019\\\/06\\\/sembraton-changing-the-planet\\\/#article\",\"isPartOf\":{\"@id\":\"https:\\\/\\\/solkes.com\\\/en\\\/leaving-a-mark\\\/2019\\\/06\\\/sembraton-changing-the-planet\\\/\"},\"author\":{\"name\":\"Laura Viera A.\",\"@id\":\"https:\\\/\\\/solkes.com\\\/#\\\/schema\\\/person\\\/54684f1c0bebcaff4d6b3f1ec2e71e91\"},\"headline\":\"Sembrat\u00f3n, changing the planet\",\"datePublished\":\"2019-06-03T08:00:14+00:00\",\"dateModified\":\"2020-11-14T19:38:58+00:00\",\"mainEntityOfPage\":{\"@id\":\"https:\\\/\\\/solkes.com\\\/en\\\/leaving-a-mark\\\/2019\\\/06\\\/sembraton-changing-the-planet\\\/\"},\"wordCount\":1771,\"commentCount\":0,\"publisher\":{\"@id\":\"https:\\\/\\\/solkes.com\\\/#organization\"},\"image\":{\"@id\":\"https:\\\/\\\/solkes.com\\\/en\\\/leaving-a-mark\\\/2019\\\/06\\\/sembraton-changing-the-planet\\\/#primaryimage\"},\"thumbnailUrl\":\"https:\\\/\\\/solkes.com\\\/wp-content\\\/uploads\\\/2017\\\/10\\\/1710_04-1.jpg\",\"keywords\":[\"Antioquia\",\"cerro quitasol\",\"Colombia\",\"forest\",\"leaving a mark\",\"plant a tree\",\"pollution\",\"tree\"],\"articleSection\":[\"Leaving a Mark\"],\"inLanguage\":\"en-US\",\"potentialAction\":[{\"@type\":\"CommentAction\",\"name\":\"Comment\",\"target\":[\"https:\\\/\\\/solkes.com\\\/en\\\/leaving-a-mark\\\/2019\\\/06\\\/sembraton-changing-the-planet\\\/#respond\"]}]},{\"@type\":\"WebPage\",\"@id\":\"https:\\\/\\\/solkes.com\\\/en\\\/leaving-a-mark\\\/2019\\\/06\\\/sembraton-changing-the-planet\\\/\",\"url\":\"https:\\\/\\\/solkes.com\\\/en\\\/leaving-a-mark\\\/2019\\\/06\\\/sembraton-changing-the-planet\\\/\",\"name\":\"Sembrat\u00f3n, changing the planet - Solkes Magazine\",\"isPartOf\":{\"@id\":\"https:\\\/\\\/solkes.com\\\/#website\"},\"primaryImageOfPage\":{\"@id\":\"https:\\\/\\\/solkes.com\\\/en\\\/leaving-a-mark\\\/2019\\\/06\\\/sembraton-changing-the-planet\\\/#primaryimage\"},\"image\":{\"@id\":\"https:\\\/\\\/solkes.com\\\/en\\\/leaving-a-mark\\\/2019\\\/06\\\/sembraton-changing-the-planet\\\/#primaryimage\"},\"thumbnailUrl\":\"https:\\\/\\\/solkes.com\\\/wp-content\\\/uploads\\\/2017\\\/10\\\/1710_04-1.jpg\",\"datePublished\":\"2019-06-03T08:00:14+00:00\",\"dateModified\":\"2020-11-14T19:38:58+00:00\",\"description\":\"The idea behind the Sembrat\u00f3n is to carry out a massive planting of native trees. The sowing activity was done rapidly.\",\"breadcrumb\":{\"@id\":\"https:\\\/\\\/solkes.com\\\/en\\\/leaving-a-mark\\\/2019\\\/06\\\/sembraton-changing-the-planet\\\/#breadcrumb\"},\"inLanguage\":\"en-US\",\"potentialAction\":[{\"@type\":\"ReadAction\",\"target\":[\"https:\\\/\\\/solkes.com\\\/en\\\/leaving-a-mark\\\/2019\\\/06\\\/sembraton-changing-the-planet\\\/\"]}]},{\"@type\":\"ImageObject\",\"inLanguage\":\"en-US\",\"@id\":\"https:\\\/\\\/solkes.com\\\/en\\\/leaving-a-mark\\\/2019\\\/06\\\/sembraton-changing-the-planet\\\/#primaryimage\",\"url\":\"https:\\\/\\\/solkes.com\\\/wp-content\\\/uploads\\\/2017\\\/10\\\/1710_04-1.jpg\",\"contentUrl\":\"https:\\\/\\\/solkes.com\\\/wp-content\\\/uploads\\\/2017\\\/10\\\/1710_04-1.jpg\",\"width\":1002,\"height\":607},{\"@type\":\"BreadcrumbList\",\"@id\":\"https:\\\/\\\/solkes.com\\\/en\\\/leaving-a-mark\\\/2019\\\/06\\\/sembraton-changing-the-planet\\\/#breadcrumb\",\"itemListElement\":[{\"@type\":\"ListItem\",\"position\":1,\"name\":\"Portada\",\"item\":\"https:\\\/\\\/solkes.com\\\/\"},{\"@type\":\"ListItem\",\"position\":2,\"name\":\"Sembrat\u00f3n, changing the planet\"}]},{\"@type\":\"WebSite\",\"@id\":\"https:\\\/\\\/solkes.com\\\/#website\",\"url\":\"https:\\\/\\\/solkes.com\\\/\",\"name\":\"Solkes Magazine\",\"description\":\"solkes.com\",\"publisher\":{\"@id\":\"https:\\\/\\\/solkes.com\\\/#organization\"},\"potentialAction\":[{\"@type\":\"SearchAction\",\"target\":{\"@type\":\"EntryPoint\",\"urlTemplate\":\"https:\\\/\\\/solkes.com\\\/?s={search_term_string}\"},\"query-input\":{\"@type\":\"PropertyValueSpecification\",\"valueRequired\":true,\"valueName\":\"search_term_string\"}}],\"inLanguage\":\"en-US\"},{\"@type\":\"Organization\",\"@id\":\"https:\\\/\\\/solkes.com\\\/#organization\",\"name\":\"Solkes Magazine\",\"url\":\"https:\\\/\\\/solkes.com\\\/\",\"logo\":{\"@type\":\"ImageObject\",\"inLanguage\":\"en-US\",\"@id\":\"https:\\\/\\\/solkes.com\\\/#\\\/schema\\\/logo\\\/image\\\/\",\"url\":\"https:\\\/\\\/solkes.com\\\/wp-content\\\/uploads\\\/2024\\\/09\\\/logo-SOLKES-820px-x-312px.png\",\"contentUrl\":\"https:\\\/\\\/solkes.com\\\/wp-content\\\/uploads\\\/2024\\\/09\\\/logo-SOLKES-820px-x-312px.png\",\"width\":411,\"height\":303,\"caption\":\"Solkes Magazine\"},\"image\":{\"@id\":\"https:\\\/\\\/solkes.com\\\/#\\\/schema\\\/logo\\\/image\\\/\"},\"sameAs\":[\"https:\\\/\\\/www.facebook.com\\\/solkesmagazinee\\\/\",\"https:\\\/\\\/instagram.com\\\/solkesmagazine\\\/\"]},{\"@type\":\"Person\",\"@id\":\"https:\\\/\\\/solkes.com\\\/#\\\/schema\\\/person\\\/54684f1c0bebcaff4d6b3f1ec2e71e91\",\"name\":\"Laura Viera A.\",\"image\":{\"@type\":\"ImageObject\",\"inLanguage\":\"en-US\",\"@id\":\"https:\\\/\\\/secure.gravatar.com\\\/avatar\\\/d7b6a8bb956f5279e99babca11ed31351716b19f59e9e3e989847c0ca9e0c5d9?s=96&d=identicon&r=g\",\"url\":\"https:\\\/\\\/secure.gravatar.com\\\/avatar\\\/d7b6a8bb956f5279e99babca11ed31351716b19f59e9e3e989847c0ca9e0c5d9?s=96&d=identicon&r=g\",\"contentUrl\":\"https:\\\/\\\/secure.gravatar.com\\\/avatar\\\/d7b6a8bb956f5279e99babca11ed31351716b19f59e9e3e989847c0ca9e0c5d9?s=96&d=identicon&r=g\",\"caption\":\"Laura Viera A.\"},\"description\":\"Fundadora y Directora Editorial de Solkes Magazine Es periodista de vocaci\u00f3n y formaci\u00f3n. Estudi\u00f3 Comunicaci\u00f3n Social con \u00e9nfasis en Periodismo en la Pontificia Universidad Javeriana de Bogot\u00e1, Colombia. Desde muy joven sinti\u00f3 una profunda pasi\u00f3n por contar historias, explorar el mundo y dar voz a quienes no la tienen. Su compromiso con los Derechos Humanos ha sido una constante en su trayectoria, participando activamente en proyectos sociales desde temprana edad. Este inter\u00e9s se refleja en el enfoque editorial de Solkes, una revista que prioriza el periodismo independiente, la diversidad cultural y la profundidad narrativa. Laura naci\u00f3 en Bogot\u00e1, vivi\u00f3 tres a\u00f1os en Madrid, Espa\u00f1a, y desde el verano de 2010 reside en Alemania. Esta experiencia multicultural ha enriquecido su perspectiva y ha sido clave para la creaci\u00f3n de una revista triling\u00fce que trasciende fronteras y conecta a lectores de distintas partes del mundo. ******************************************************************************************* Founder and Editorial Director of Solkes Magazine She is a passionate journalist by vocation and training. She studied Mass Communication with an emphasis on Journalism at the Pontificia Universidad Javeriana in Bogot\u00e1, Colombia. From a young age, she was deeply motivated to tell stories, explore the world, and give a voice to those who often go unheard. Her commitment to Human Rights has been a constant throughout her career, actively participating in social projects since early on. This dedication is reflected in Solkes Magazine\u2019s editorial focus on independent journalism, cultural diversity, and in-depth storytelling. Born in Bogot\u00e1, Laura lived in Madrid, Spain for three years, and has been residing in Germany since the summer of 2010. This multicultural experience has enriched her perspective and played a key role in creating a trilingual magazine that transcends borders and connects readers from around the world. ******************************************************************************************* Gr\u00fcnderin und Chefredakteurin von Solkes Magazine Laura Viera ist eine leidenschaftliche Journalistin aus Berufung und Ausbildung. Sie hat Soziale Kommunikation mit Schwerpunkt Journalismus an der Pontificia Universidad Javeriana in Bogot\u00e1, Kolumbien, studiert. Schon in jungen Jahren war sie stark motiviert, Geschichten zu erz\u00e4hlen, die Welt zu erkunden und denen eine Stimme zu geben, die oft ungeh\u00f6rt bleiben. Ihr Engagement f\u00fcr Menschenrechte begleitet sie seit Beginn ihrer Laufbahn. Sie war von Anfang an aktiv an sozialen Projekten beteiligt. Dieses Engagement spiegelt sich auch im redaktionellen Fokus von Solkes Magazine wider, das unabh\u00e4ngigen Journalismus, kulturelle Vielfalt und tiefgr\u00fcndiges Erz\u00e4hlen in den Vordergrund stellt. Geboren in Bogot\u00e1, lebte Laura drei Jahre in Madrid, Spanien, und lebt seit Sommer 2010 in Deutschland. Diese multikulturelle Erfahrung hat ihre Perspektive bereichert und war entscheidend bei der Gr\u00fcndung eines dreisprachigen Magazins, das Grenzen \u00fcberschreitet und Leser weltweit verbindet.\",\"sameAs\":[\"http:\\\/\\\/www.solkes.com\"],\"url\":\"https:\\\/\\\/solkes.com\\\/en\\\/author\\\/lauraviera2019\\\/\"}]}<\/script>\n<!-- \/ Yoast SEO plugin. -->","yoast_head_json":{"title":"Sembrat\u00f3n, changing the planet - Solkes Magazine","description":"The idea behind the Sembrat\u00f3n is to carry out a massive planting of native trees. The sowing activity was done rapidly.","robots":{"index":"index","follow":"follow","max-snippet":"max-snippet:-1","max-image-preview":"max-image-preview:large","max-video-preview":"max-video-preview:-1"},"canonical":"https:\/\/solkes.com\/en\/leaving-a-mark\/2019\/06\/sembraton-changing-the-planet\/","og_locale":"en_US","og_type":"article","og_title":"Sembrat\u00f3n, changing the planet - Solkes Magazine","og_description":"The idea behind the Sembrat\u00f3n is to carry out a massive planting of native trees. The sowing activity was done rapidly.","og_url":"https:\/\/solkes.com\/en\/leaving-a-mark\/2019\/06\/sembraton-changing-the-planet\/","og_site_name":"Solkes Magazine","article_publisher":"https:\/\/www.facebook.com\/solkesmagazinee\/","article_published_time":"2019-06-03T08:00:14+00:00","article_modified_time":"2020-11-14T19:38:58+00:00","og_image":[{"width":1002,"height":607,"url":"https:\/\/solkes.com\/wp-content\/uploads\/2017\/10\/1710_04-1.jpg","type":"image\/jpeg"}],"author":"Laura Viera A.","twitter_card":"summary_large_image","twitter_misc":{"Written by":"Laura Viera A.","Est. reading time":"9 minutes"},"schema":{"@context":"https:\/\/schema.org","@graph":[{"@type":"Article","@id":"https:\/\/solkes.com\/en\/leaving-a-mark\/2019\/06\/sembraton-changing-the-planet\/#article","isPartOf":{"@id":"https:\/\/solkes.com\/en\/leaving-a-mark\/2019\/06\/sembraton-changing-the-planet\/"},"author":{"name":"Laura Viera A.","@id":"https:\/\/solkes.com\/#\/schema\/person\/54684f1c0bebcaff4d6b3f1ec2e71e91"},"headline":"Sembrat\u00f3n, changing the planet","datePublished":"2019-06-03T08:00:14+00:00","dateModified":"2020-11-14T19:38:58+00:00","mainEntityOfPage":{"@id":"https:\/\/solkes.com\/en\/leaving-a-mark\/2019\/06\/sembraton-changing-the-planet\/"},"wordCount":1771,"commentCount":0,"publisher":{"@id":"https:\/\/solkes.com\/#organization"},"image":{"@id":"https:\/\/solkes.com\/en\/leaving-a-mark\/2019\/06\/sembraton-changing-the-planet\/#primaryimage"},"thumbnailUrl":"https:\/\/solkes.com\/wp-content\/uploads\/2017\/10\/1710_04-1.jpg","keywords":["Antioquia","cerro quitasol","Colombia","forest","leaving a mark","plant a tree","pollution","tree"],"articleSection":["Leaving a Mark"],"inLanguage":"en-US","potentialAction":[{"@type":"CommentAction","name":"Comment","target":["https:\/\/solkes.com\/en\/leaving-a-mark\/2019\/06\/sembraton-changing-the-planet\/#respond"]}]},{"@type":"WebPage","@id":"https:\/\/solkes.com\/en\/leaving-a-mark\/2019\/06\/sembraton-changing-the-planet\/","url":"https:\/\/solkes.com\/en\/leaving-a-mark\/2019\/06\/sembraton-changing-the-planet\/","name":"Sembrat\u00f3n, changing the planet - Solkes Magazine","isPartOf":{"@id":"https:\/\/solkes.com\/#website"},"primaryImageOfPage":{"@id":"https:\/\/solkes.com\/en\/leaving-a-mark\/2019\/06\/sembraton-changing-the-planet\/#primaryimage"},"image":{"@id":"https:\/\/solkes.com\/en\/leaving-a-mark\/2019\/06\/sembraton-changing-the-planet\/#primaryimage"},"thumbnailUrl":"https:\/\/solkes.com\/wp-content\/uploads\/2017\/10\/1710_04-1.jpg","datePublished":"2019-06-03T08:00:14+00:00","dateModified":"2020-11-14T19:38:58+00:00","description":"The idea behind the Sembrat\u00f3n is to carry out a massive planting of native trees. The sowing activity was done rapidly.","breadcrumb":{"@id":"https:\/\/solkes.com\/en\/leaving-a-mark\/2019\/06\/sembraton-changing-the-planet\/#breadcrumb"},"inLanguage":"en-US","potentialAction":[{"@type":"ReadAction","target":["https:\/\/solkes.com\/en\/leaving-a-mark\/2019\/06\/sembraton-changing-the-planet\/"]}]},{"@type":"ImageObject","inLanguage":"en-US","@id":"https:\/\/solkes.com\/en\/leaving-a-mark\/2019\/06\/sembraton-changing-the-planet\/#primaryimage","url":"https:\/\/solkes.com\/wp-content\/uploads\/2017\/10\/1710_04-1.jpg","contentUrl":"https:\/\/solkes.com\/wp-content\/uploads\/2017\/10\/1710_04-1.jpg","width":1002,"height":607},{"@type":"BreadcrumbList","@id":"https:\/\/solkes.com\/en\/leaving-a-mark\/2019\/06\/sembraton-changing-the-planet\/#breadcrumb","itemListElement":[{"@type":"ListItem","position":1,"name":"Portada","item":"https:\/\/solkes.com\/"},{"@type":"ListItem","position":2,"name":"Sembrat\u00f3n, changing the planet"}]},{"@type":"WebSite","@id":"https:\/\/solkes.com\/#website","url":"https:\/\/solkes.com\/","name":"Solkes Magazine","description":"solkes.com","publisher":{"@id":"https:\/\/solkes.com\/#organization"},"potentialAction":[{"@type":"SearchAction","target":{"@type":"EntryPoint","urlTemplate":"https:\/\/solkes.com\/?s={search_term_string}"},"query-input":{"@type":"PropertyValueSpecification","valueRequired":true,"valueName":"search_term_string"}}],"inLanguage":"en-US"},{"@type":"Organization","@id":"https:\/\/solkes.com\/#organization","name":"Solkes Magazine","url":"https:\/\/solkes.com\/","logo":{"@type":"ImageObject","inLanguage":"en-US","@id":"https:\/\/solkes.com\/#\/schema\/logo\/image\/","url":"https:\/\/solkes.com\/wp-content\/uploads\/2024\/09\/logo-SOLKES-820px-x-312px.png","contentUrl":"https:\/\/solkes.com\/wp-content\/uploads\/2024\/09\/logo-SOLKES-820px-x-312px.png","width":411,"height":303,"caption":"Solkes Magazine"},"image":{"@id":"https:\/\/solkes.com\/#\/schema\/logo\/image\/"},"sameAs":["https:\/\/www.facebook.com\/solkesmagazinee\/","https:\/\/instagram.com\/solkesmagazine\/"]},{"@type":"Person","@id":"https:\/\/solkes.com\/#\/schema\/person\/54684f1c0bebcaff4d6b3f1ec2e71e91","name":"Laura Viera A.","image":{"@type":"ImageObject","inLanguage":"en-US","@id":"https:\/\/secure.gravatar.com\/avatar\/d7b6a8bb956f5279e99babca11ed31351716b19f59e9e3e989847c0ca9e0c5d9?s=96&d=identicon&r=g","url":"https:\/\/secure.gravatar.com\/avatar\/d7b6a8bb956f5279e99babca11ed31351716b19f59e9e3e989847c0ca9e0c5d9?s=96&d=identicon&r=g","contentUrl":"https:\/\/secure.gravatar.com\/avatar\/d7b6a8bb956f5279e99babca11ed31351716b19f59e9e3e989847c0ca9e0c5d9?s=96&d=identicon&r=g","caption":"Laura Viera A."},"description":"Fundadora y Directora Editorial de Solkes Magazine Es periodista de vocaci\u00f3n y formaci\u00f3n. Estudi\u00f3 Comunicaci\u00f3n Social con \u00e9nfasis en Periodismo en la Pontificia Universidad Javeriana de Bogot\u00e1, Colombia. Desde muy joven sinti\u00f3 una profunda pasi\u00f3n por contar historias, explorar el mundo y dar voz a quienes no la tienen. Su compromiso con los Derechos Humanos ha sido una constante en su trayectoria, participando activamente en proyectos sociales desde temprana edad. Este inter\u00e9s se refleja en el enfoque editorial de Solkes, una revista que prioriza el periodismo independiente, la diversidad cultural y la profundidad narrativa. Laura naci\u00f3 en Bogot\u00e1, vivi\u00f3 tres a\u00f1os en Madrid, Espa\u00f1a, y desde el verano de 2010 reside en Alemania. Esta experiencia multicultural ha enriquecido su perspectiva y ha sido clave para la creaci\u00f3n de una revista triling\u00fce que trasciende fronteras y conecta a lectores de distintas partes del mundo. ******************************************************************************************* Founder and Editorial Director of Solkes Magazine She is a passionate journalist by vocation and training. She studied Mass Communication with an emphasis on Journalism at the Pontificia Universidad Javeriana in Bogot\u00e1, Colombia. From a young age, she was deeply motivated to tell stories, explore the world, and give a voice to those who often go unheard. Her commitment to Human Rights has been a constant throughout her career, actively participating in social projects since early on. This dedication is reflected in Solkes Magazine\u2019s editorial focus on independent journalism, cultural diversity, and in-depth storytelling. Born in Bogot\u00e1, Laura lived in Madrid, Spain for three years, and has been residing in Germany since the summer of 2010. This multicultural experience has enriched her perspective and played a key role in creating a trilingual magazine that transcends borders and connects readers from around the world. ******************************************************************************************* Gr\u00fcnderin und Chefredakteurin von Solkes Magazine Laura Viera ist eine leidenschaftliche Journalistin aus Berufung und Ausbildung. Sie hat Soziale Kommunikation mit Schwerpunkt Journalismus an der Pontificia Universidad Javeriana in Bogot\u00e1, Kolumbien, studiert. Schon in jungen Jahren war sie stark motiviert, Geschichten zu erz\u00e4hlen, die Welt zu erkunden und denen eine Stimme zu geben, die oft ungeh\u00f6rt bleiben. Ihr Engagement f\u00fcr Menschenrechte begleitet sie seit Beginn ihrer Laufbahn. Sie war von Anfang an aktiv an sozialen Projekten beteiligt. Dieses Engagement spiegelt sich auch im redaktionellen Fokus von Solkes Magazine wider, das unabh\u00e4ngigen Journalismus, kulturelle Vielfalt und tiefgr\u00fcndiges Erz\u00e4hlen in den Vordergrund stellt. Geboren in Bogot\u00e1, lebte Laura drei Jahre in Madrid, Spanien, und lebt seit Sommer 2010 in Deutschland. Diese multikulturelle Erfahrung hat ihre Perspektive bereichert und war entscheidend bei der Gr\u00fcndung eines dreisprachigen Magazins, das Grenzen \u00fcberschreitet und Leser weltweit verbindet.","sameAs":["http:\/\/www.solkes.com"],"url":"https:\/\/solkes.com\/en\/author\/lauraviera2019\/"}]}},"_links":{"self":[{"href":"https:\/\/solkes.com\/en\/wp-json\/wp\/v2\/posts\/828","targetHints":{"allow":["GET"]}}],"collection":[{"href":"https:\/\/solkes.com\/en\/wp-json\/wp\/v2\/posts"}],"about":[{"href":"https:\/\/solkes.com\/en\/wp-json\/wp\/v2\/types\/post"}],"author":[{"embeddable":true,"href":"https:\/\/solkes.com\/en\/wp-json\/wp\/v2\/users\/76"}],"replies":[{"embeddable":true,"href":"https:\/\/solkes.com\/en\/wp-json\/wp\/v2\/comments?post=828"}],"version-history":[{"count":5,"href":"https:\/\/solkes.com\/en\/wp-json\/wp\/v2\/posts\/828\/revisions"}],"predecessor-version":[{"id":11206,"href":"https:\/\/solkes.com\/en\/wp-json\/wp\/v2\/posts\/828\/revisions\/11206"}],"wp:featuredmedia":[{"embeddable":true,"href":"https:\/\/solkes.com\/en\/wp-json\/wp\/v2\/media\/1806"}],"wp:attachment":[{"href":"https:\/\/solkes.com\/en\/wp-json\/wp\/v2\/media?parent=828"}],"wp:term":[{"taxonomy":"category","embeddable":true,"href":"https:\/\/solkes.com\/en\/wp-json\/wp\/v2\/categories?post=828"},{"taxonomy":"post_tag","embeddable":true,"href":"https:\/\/solkes.com\/en\/wp-json\/wp\/v2\/tags?post=828"}],"curies":[{"name":"wp","href":"https:\/\/api.w.org\/{rel}","templated":true}]}}