{"id":822,"date":"2018-04-03T10:00:53","date_gmt":"2018-04-03T08:00:53","guid":{"rendered":"http:\/\/solkes.com\/?p=822"},"modified":"2020-11-29T22:15:08","modified_gmt":"2020-11-29T20:15:08","slug":"prolongando-un-mejor-manana","status":"publish","type":"post","link":"https:\/\/solkes.com\/en\/dejando-huella\/2018\/04\/prolongando-un-mejor-manana\/","title":{"rendered":"Prolongando un mejor ma\u00f1ana"},"content":{"rendered":"<p><span class=\"dropcap dropcap2\" style=\"color: #138a8d;\">E<\/span>l conflicto armado interno en Colombia se lleva a cabo desde la d\u00e9cada de los sesenta y contin\u00faa azotando a la poblaci\u00f3n civil.\u00a0Los actores principales son el Estado, las guerrillas, los grupos paramilitares, los carteles del narcotr\u00e1fico, entre otros.<\/p>\n<h3><strong><span style=\"color: #138a8d;\">Las causas del conflicto<\/span><\/strong><\/h3>\n<p>Como se puede entender, por el largo tiempo y la naturaleza del conflicto, este ha tenido diferentes etapas y momentos de recrudecimiento.<\/p>\n<figure id=\"attachment_4695\" aria-describedby=\"caption-attachment-4695\" style=\"width: 300px\" class=\"wp-caption alignright\"><a href=\"http:\/\/solkes.com\/wp-content\/uploads\/2017\/07\/1705_05.jpg\"><img fetchpriority=\"high\" decoding=\"async\" class=\"size-medium wp-image-4695\" src=\"http:\/\/solkes.com\/wp-content\/uploads\/2017\/07\/1705_05-300x482.jpg\" alt=\"\" width=\"300\" height=\"482\" \/><\/a><figcaption id=\"caption-attachment-4695\" class=\"wp-caption-text\">Fundaci\u00f3n Prolongar \u00a9 Solkes<\/figcaption><\/figure>\n<p>Las causas que dieron origen al conflicto armado colombiano son diversas y dif\u00edciles de entender, pero podemos resaltar las m\u00e1s importantes como la debilidad del Estado (en el \u00e1mbito pol\u00edtico, econ\u00f3mico y social), el conflicto por la posesi\u00f3n de la tierra, una fuerte desigualdad econ\u00f3mica entre la poblaci\u00f3n, y la polarizaci\u00f3n y persecuci\u00f3n de la poblaci\u00f3n civil debido a su orientaci\u00f3n pol\u00edtica.<\/p>\n<p>Para empezar, la desigual repartici\u00f3n de la tierra y la falta de espacios para participaci\u00f3n pol\u00edtica resultaron en el uso de la violencia y la lucha armada. La lucha armada, se fue reforzando con la irrupci\u00f3n del narcotr\u00e1fico.<\/p>\n<p align=\"justify\">Por desgracia, los grupos armados han justificado el uso de la violencia como el \u00fanico m\u00e9todo para poder transformar la sociedad.<\/p>\n<p align=\"justify\">Una de las caracter\u00edsticas del conflicto en Colombia es la cantidad de actores que han alimentado y transformado el conflicto armado en el pa\u00eds. <strong><span style=\"color: #138a8d;\">Los principales actores del conflicto siempre han sido\u00a0los partidos pol\u00edticos tradicionales y los movimientos guerrilleros.<\/span><\/strong> Sin embargo, el surgimiento de diferentes grupos revolucionarios, paramilitares y la influencia del narcotr\u00e1fico han marcado la historia del pa\u00eds y su gente.<\/p>\n<p>&nbsp;<\/p>\n<h3 align=\"justify\"><strong><span style=\"color: #138a8d;\">Creando la fundaci\u00f3n<\/span><\/strong><\/h3>\n<p>Teniendo en cuenta la triste realidad en la que Colombia se ha visto inmersa, la <strong><span style=\"color: #138a8d;\">Fundaci\u00f3n Prolongar\u00ae<\/span><\/strong> se cre\u00f3, en 1988, con el fin de promover la protecci\u00f3n y desarrollo integral de las comunidades, en particular, de los adultos mayores.<\/p>\n<figure id=\"attachment_4385\" aria-describedby=\"caption-attachment-4385\" style=\"width: 1002px\" class=\"wp-caption aligncenter\"><a href=\"http:\/\/solkes.com\/wp-content\/uploads\/2019\/09\/1707_01-1.jpg\"><img decoding=\"async\" class=\"size-full wp-image-4385\" src=\"http:\/\/solkes.com\/wp-content\/uploads\/2019\/09\/1707_01-1.jpg\" alt=\"\" width=\"1002\" height=\"607\" \/><\/a><figcaption id=\"caption-attachment-4385\" class=\"wp-caption-text\">Fundaci\u00f3n Prolongar \u00a9 Solkes<\/figcaption><\/figure>\n<p>En el 2013, apareci\u00f3 en el camino de la fundaci\u00f3n Mar\u00eda Elisa Pinto. Ella es Profesional en Gobierno y Relaciones Internacionales de la Universidad Externado de Colombia y Magister en Paz y Conflicto de la Universidad de Tokio de Estudios Internacionales (becaria de JICA- Agencia para la Cooperaci\u00f3n Internacional de Jap\u00f3n).<\/p>\n<p>Su experiencia extensa en distintos temas relacionados con la construcci\u00f3n de paz y la reparaci\u00f3n integral a las v\u00edctimas cay\u00f3 como anillo al dedo en el momento de asumir la direcci\u00f3n de la fundaci\u00f3n. Gracias a esto, fue posible ampliar el campo de acci\u00f3n de la fundaci\u00f3n para poder trabajar en la promoci\u00f3n de una cultura de paz a trav\u00e9s de herramientas art\u00edsticas y de comunicaci\u00f3n.<\/p>\n<p>&nbsp;<\/p>\n<h3><strong><span style=\"color: #138a8d;\">La importancia de ayudar<\/span><\/strong><\/h3>\n<p>Las comunidades se han visto afectadas por el conflicto armado a tal punto que su supervivencia\/subsistencia se ve amenazada.<\/p>\n<p>Adem\u00e1s de padecer las dificultades que presentan en el acceso a los servicios b\u00e1sicos, los lazos de confianza y las relaciones entre los habitantes se han ido deteriorando, as\u00ed como su salud emocional y mental.<\/p>\n<figure id=\"attachment_4698\" aria-describedby=\"caption-attachment-4698\" style=\"width: 996px\" class=\"wp-caption aligncenter\"><a href=\"http:\/\/solkes.com\/wp-content\/uploads\/2017\/07\/1705_08.jpg\"><img decoding=\"async\" class=\"size-full wp-image-4698\" src=\"http:\/\/solkes.com\/wp-content\/uploads\/2017\/07\/1705_08.jpg\" alt=\"\" width=\"996\" height=\"601\" \/><\/a><figcaption id=\"caption-attachment-4698\" class=\"wp-caption-text\">Fundaci\u00f3n Prolongar \u00a9 Solkes<\/figcaption><\/figure>\n<p>Tambi\u00e9n la desconfianza y la zozobra en el territorio dificulta su proyecci\u00f3n hacia futuro. Por lo anterior, es preciso tomar medidas de reparaci\u00f3n integral que ayuden a transitar el dolor, sanar y recobrar los potenciales y fortalezas de cada poblaci\u00f3n.<\/p>\n<p><strong><span style=\"color: #138a8d;\">L.Viera A:<\/span><\/strong> \u00bfSe han encontrado con &#8220;realidades&#8221; absurdas\/complicadas?<\/p>\n<p><strong><span style=\"color: #138a8d;\">Fundaci\u00f3n Prolongar:<\/span><\/strong> S\u00ed, nos hemos encontrado con realidades absurdas. Es dif\u00edcil creer el da\u00f1o y el sufrimiento que han tenido que vivir los habitantes de las regiones atravesadas por el conflicto. Los relatos de los sobrevivientes frecuentemente aluden a \u201crealidades absurdas\u201d como el hecho de haber sido al mismo tiempo desplazado del territorio, v\u00edctima de una mina, amputado y despu\u00e9s de 5 o 15 a\u00f1os no haber recibido ning\u00fan tipo de ayuda.<\/p>\n<p>&nbsp;<\/p>\n<blockquote class=\"td_quote_box td_box_right\">\n<h4>Los niveles de violencia son tan altos que rebasan las l\u00f3gicas, las \u201creglas de guerra\u201d, lo imaginado o esperado.<\/h4>\n<\/blockquote>\n<h3><strong><span style=\"color: #138a8d;\">Las necesidades<\/span><\/strong><\/h3>\n<p>El conflicto ha generado necesidades en la poblaci\u00f3n. Hay huecos en los corazones de todos y entre el miedo, la falta de responsabilidad y saneamiento de heridas generadas, hombres, mujeres y menores son constantemente afectados.<\/p>\n<p>Es por esto que la fundaci\u00f3n desarrolla su trabajo en areas tem\u00e1ticas puntuales. Estas son: transformaci\u00f3n de conflictos y habilidades socio &#8211; emocionales, reconciliaci\u00f3n, salud mental y asistencia pisco &#8211; social, promoci\u00f3n de la cultura de paz y memoria hist\u00f3rica.<\/p>\n<figure id=\"attachment_4386\" aria-describedby=\"caption-attachment-4386\" style=\"width: 300px\" class=\"wp-caption alignleft\"><a href=\"http:\/\/solkes.com\/wp-content\/uploads\/2019\/09\/1707_02-1.jpg\"><img loading=\"lazy\" decoding=\"async\" class=\"size-medium wp-image-4386\" src=\"http:\/\/solkes.com\/wp-content\/uploads\/2019\/09\/1707_02-1-300x482.jpg\" alt=\"\" width=\"300\" height=\"482\" \/><\/a><figcaption id=\"caption-attachment-4386\" class=\"wp-caption-text\">Fundaci\u00f3n Prolongar \u00a9 Solkes<\/figcaption><\/figure>\n<p>La idea es dise\u00f1ar e implementar metodolog\u00edas para la paz que se adapten al contexto cultural. Las metodolog\u00edas son: talleres, cartillas pedag\u00f3gicas, formaci\u00f3n de formadores y museos itinerantes.<\/p>\n<p>El objetivo es cambiar los comportamientos por medio de herramientas art\u00edsticas y de comunicaci\u00f3n como el movimiento y la expresi\u00f3n corporal, la m\u00fasica, el dibujo y los juegos de rol.<\/p>\n<p>As\u00ed mismo, el equipo que conforma la fundaci\u00f3n quiere tejer un puente entre el arte y la pol\u00edtica p\u00fablica. Se quiere sistematizar lecciones aprendidas y buenas pr\u00e1cticas de innovaci\u00f3n para la paz.<\/p>\n<p>Sensibilizar y generar espacios de incidencia desde lugares emocionales y simb\u00f3licos alrededor de la paz y la reconciliaci\u00f3n es primordial.<\/p>\n<p>Tambi\u00e9n buscamos generar espacios para fortalecer nuestras redes y compartir informaci\u00f3n alrededor del arte y la paz participando en conferencias, programas radiales, eventos acad\u00e9micos, entre otros.<\/p>\n<p><strong><span style=\"color: #138a8d;\">L.Viera A:<\/span><\/strong> Todo esto suena muy bien, pero quisiera saber c\u00f3mo trabajan exactamente.<\/p>\n<p><strong><span style=\"color: #138a8d;\">Fundaci\u00f3n Prolongar:<\/span><\/strong> Contamos con una metodolog\u00eda propia que busca transformar positivamente pensamientos, emociones y comportamientos violentos a trav\u00e9s de herramientas art\u00edsticas y de comunicaci\u00f3n para la paz.<\/p>\n<p><strong><span style=\"color: #138a8d;\">L.Viera A:<\/span><\/strong> Ok, y \u00bfpor qu\u00e9 con arte?<\/p>\n<p><strong><span style=\"color: #138a8d;\">Fundaci\u00f3n Prolongar:<\/span><\/strong> La organizaci\u00f3n utiliza enfoques creativos porque permiten transformar la raz\u00f3n y la emoci\u00f3n de los seres humanos, re-significar experiencias a trav\u00e9s de met\u00e1foras, expresar lo inexpresable verbalmente, y aprender a transformar los conflictos de manera no violenta, entre otros aspectos. Trabajamos teniendo en cuenta tres niveles de intervenci\u00f3n: Exploraci\u00f3n individual &#8211; auto indagaci\u00f3n. Exploraci\u00f3n interpersonal &#8211; relaci\u00f3n con los otros. Comunidad &#8211; relaci\u00f3n con elentorno.<\/p>\n<figure id=\"attachment_4387\" aria-describedby=\"caption-attachment-4387\" style=\"width: 1002px\" class=\"wp-caption aligncenter\"><a href=\"http:\/\/solkes.com\/wp-content\/uploads\/2019\/09\/1707_03-1.jpg\"><img loading=\"lazy\" decoding=\"async\" class=\"size-full wp-image-4387\" src=\"http:\/\/solkes.com\/wp-content\/uploads\/2019\/09\/1707_03-1.jpg\" alt=\"\" width=\"1002\" height=\"607\" \/><\/a><figcaption id=\"caption-attachment-4387\" class=\"wp-caption-text\">Fundaci\u00f3n Prolongar \u00a9 Solkes<\/figcaption><\/figure>\n<p><strong><span style=\"color: #138a8d;\">L.Viera A:<\/span><\/strong> \u00bfC\u00f3mo intentan mejorar la calidad de vida de las personas?<\/p>\n<p><strong><span style=\"color: #138a8d;\">Fundaci\u00f3n Prolongar:<\/span><\/strong> A trav\u00e9s de los ejercicios pr\u00e1cticos y vivenciales, los participantes tienen la posibilidad de explorar de manera constructiva en s\u00ed mismos, en un camino de reflexi\u00f3n individual y de di\u00e1logo grupal. A trav\u00e9s de nuestros talleres se consiguen cambios como: aumento en la conciencia corporal, mejoramiento en los niveles de autoestima, crecimiento personal, empoderamiento, reconocimiento de recursos y fortalezas, promoci\u00f3n del sentido de comunidad y asociatividad.<\/p>\n<p>&nbsp;<\/p>\n<blockquote class=\"td_quote_box td_box_right\">\n<h4>Trabajamos de la mano con gestores culturales y artistas con el fin de co-crear puestas en escena o trabajos art\u00edsticos.<\/h4>\n<\/blockquote>\n<h3><strong><span style=\"color: #138a8d;\">Los objetivos<\/span><\/strong><\/h3>\n<p>En el mediano plazo, la fundaci\u00f3n busca contribuir de manera importante a lo que ha sido llamado \u201cel postconflicto\u201d con las FARC. Tambi\u00e9n quieren consolidar un modelo de negocio sostenible en el tiempo.<\/p>\n<p>En el largo plazo, queremos ofrecer nuestros servicios a otros pa\u00edses afectados por la guerra y la violencia. Nuestro objetivo es expandir nuestros servicios a Centroam\u00e9rica y otros continentes como \u00c1frica.<\/p>\n<p><strong><span style=\"color: #138a8d;\">L.Viera A:<\/span><\/strong> \u00bfC\u00f3mo estamos en Colombia frente al tema de la memoria hist\u00f3rica?<\/p>\n<p><strong><span style=\"color: #138a8d;\">Fundaci\u00f3n Prolongar:<\/span><\/strong> Colombia ha avanzado de manera muy importante en la construcci\u00f3n de memoria hist\u00f3rica. Desde que se cre\u00f3 el Grupo de Memoria, ahora Centro Nacional de Memoria Hist\u00f3rica, el pa\u00eds ha reconstruido la memoria de hechos emblem\u00e1ticos del conflicto armado como la masacre de El Salado, la tragedia de Bojay\u00e1, lo sucedido en El Placer, entre muchos otros. Ahora tambi\u00e9n estamos avanzando en informes nacionales que nos permiten tener una mirada m\u00e1s global de lo que nos ha sucedido como naci\u00f3n.<\/p>\n<figure id=\"attachment_4697\" aria-describedby=\"caption-attachment-4697\" style=\"width: 996px\" class=\"wp-caption aligncenter\"><a href=\"http:\/\/solkes.com\/wp-content\/uploads\/2017\/07\/1705_07.jpg\"><img loading=\"lazy\" decoding=\"async\" class=\"size-full wp-image-4697\" src=\"http:\/\/solkes.com\/wp-content\/uploads\/2017\/07\/1705_07.jpg\" alt=\"\" width=\"996\" height=\"601\" \/><\/a><figcaption id=\"caption-attachment-4697\" class=\"wp-caption-text\">Fundaci\u00f3n Prolongar \u00a9 Solkes<\/figcaption><\/figure>\n<p>No obstante, todav\u00eda nos quedan mucho por hacer para que esas memorias las conozcan m\u00e1s colombianos. Lamentablemente la forma que ha predominado para difundir los resultados de estos trabajos han sido libros que muy pocas personas conocen o leen. Apostarle a sitios web, videos cortos, infograf\u00edas, historias en radio y televisi\u00f3n, obras de teatro, muestras museogr\u00e1ficas, etc puede ser la salida.<\/p>\n<blockquote class=\"td_quote_box td_box_left\">\n<h4>Les brindamos herramientas para su vida diaria, para que puedan cultivar la tranquilidad interna, mejorar sus relaciones y aprender de la dificultad.<\/h4>\n<\/blockquote>\n<p><strong><span style=\"color: #138a8d;\">L.Viera A:<\/span><\/strong> \u00bfC\u00f3mo consideran que el arte ayuda a promover una cultura de paz?<\/p>\n<p><strong><span style=\"color: #138a8d;\">Fundaci\u00f3n Prolongar:<\/span><\/strong> Las herramientas art\u00edsticas permiten trabajar aspectos cognitivos y emocionales para transformar los conflictos, especialmente para transformar lo que Johan Galtung, padre de los estudios de paz, denomin\u00f3 \u201cviolencia cultural\u201d, que es aquella relacionada con los preceptos, valores, actitudes, prejuicios, estereotipos y discursos que justifican la violencia directa y estructural.<\/p>\n<p>Como lo mencionamos anteriormente, ellos trabajan con el arte porque nos permite transformar la raz\u00f3n y la emoci\u00f3n de los seres humanos. As\u00ed mismo, nos le da la oportunidad de re-significar experiencias a trav\u00e9s de met\u00e1foras, expresar lo inexpresable verbalmente, sanar eventos traum\u00e1ticos, aprender a transformar los conflictos de manera no violenta desde la experiencia, imaginar y crear realidades diferentes, entre otros aspectos.<\/p>\n<figure id=\"attachment_4388\" aria-describedby=\"caption-attachment-4388\" style=\"width: 300px\" class=\"wp-caption alignright\"><a href=\"http:\/\/solkes.com\/wp-content\/uploads\/2019\/09\/1707_04.jpg\"><img loading=\"lazy\" decoding=\"async\" class=\"size-medium wp-image-4388\" src=\"http:\/\/solkes.com\/wp-content\/uploads\/2019\/09\/1707_04-300x482.jpg\" alt=\"\" width=\"300\" height=\"482\" \/><\/a><figcaption id=\"caption-attachment-4388\" class=\"wp-caption-text\">Fundaci\u00f3n Prolongar \u00a9 Solkes<\/figcaption><\/figure>\n<p><strong><span style=\"color: #138a8d;\">L.Viera A:<\/span><\/strong> \u00bfQu\u00e9 han logrado hasta ahora?<\/p>\n<p><strong><span style=\"color: #138a8d;\">Fundaci\u00f3n Prolongar:<\/span><\/strong> Hemos logrado consolidarnos como una de las Fundaciones que contribuye a la construcci\u00f3n de paz y la reconciliaci\u00f3n de manera seria e innovadora en Colombia. En 2013 fuimos ganadores del concurso nacional Ventures, el concurso m\u00e1s importante de emprendimiento en el pa\u00eds, en la categor\u00eda de <strong><span style=\"color: #138a8d;\">\u201cInnovaci\u00f3n en Educaci\u00f3n y Cultura\u201d.\u00a0<\/span><\/strong>Esto\u00a0ocurri\u00f3 con\u00a0el nuevo modelo de negocio de la Fundaci\u00f3n focalizado en herramientas art\u00edsticas para la paz. Asimismo, en 2016 fuimos ganadores de la <strong><span style=\"color: #138a8d;\">\u201cConvocatoria de buenas pr\u00e1cticas, experiencias, investigaciones y casos de Construcci\u00f3n de Paz\u201d<\/span><\/strong> en el VI Congreso del Pacto Global Colombia. Tambi\u00e9n el a\u00f1o pasado nos ganamos una beca del Ministerio de Cultura para crear el primer museo itinerante de la memoria por minas antipersonal en Colombia. Todos estos logros nos llenan de orgullo y esperamos que nos permitan ampliar nuestro trabajo a m\u00e1s regiones del pa\u00eds.<\/p>\n<p>&nbsp;<\/p>\n<h3><span style=\"color: #138a8d;\"><strong><span style=\"color: #138a8d;\"><span style=\"caret-color: #138a8d;\">Lo que<\/span><\/span> falta por lograr<\/strong><\/span><\/h3>\n<p>Quisieran llegar a m\u00e1s personas. Aunque ya han llegado a 10 departamentos de Colombia, quisieran ampliar su alcance.<\/p>\n<figure id=\"attachment_4696\" aria-describedby=\"caption-attachment-4696\" style=\"width: 996px\" class=\"wp-caption aligncenter\"><a href=\"http:\/\/solkes.com\/wp-content\/uploads\/2017\/07\/1705_06.jpg\"><img loading=\"lazy\" decoding=\"async\" class=\"size-full wp-image-4696\" src=\"http:\/\/solkes.com\/wp-content\/uploads\/2017\/07\/1705_06.jpg\" alt=\"\" width=\"996\" height=\"601\" \/><\/a><figcaption id=\"caption-attachment-4696\" class=\"wp-caption-text\">Fundaci\u00f3n Prolongar \u00a9 Solkes<\/figcaption><\/figure>\n<p>Es cierto, Colombia ha estado azotada por un conflicto que en vez de tener fin pareciera ir encrudenciendose con cada minuto. Sin embargo, <strong><span style=\"color: #138a8d;\">fundaciones como Prolongar hacen posible un futuro mejor, un futuro que es posible hacer realidad.<\/span><\/strong><\/p>\n<p><span class=\"dropcap dropcap2\" style=\"color: #138a8d;\">E<\/span>st\u00e1n aprovechando uno de sus mayores potenciales: \u00a1el arte! <strong><span style=\"color: #138a8d;\">Las comunidades no solo tienen necesidades sino tambi\u00e9n saberes, fortalezas y capacidades que se pueden potenciar.<\/span><\/strong> Las expresiones art\u00edsticas son una de las mejores formas de trabajar con las personas y lograr cambios importantes pues resultan un lenguaje natural de expresi\u00f3n. Ellos han decidido apostarle al pa\u00eds, a su gente. Solo nos resta decirles infinitas gracias por creer.<\/p>\n","protected":false},"excerpt":{"rendered":"<p>El conflicto armado interno en Colombia se lleva a cabo desde la d\u00e9cada de los sesenta y contin\u00faa azotando a la poblaci\u00f3n civil.\u00a0Los actores principales son el Estado, las guerrillas, los grupos paramilitares, los carteles del narcotr\u00e1fico, entre otros. Las causas del conflicto Como se puede entender, por el largo tiempo y la naturaleza del [&hellip;]<\/p>\n","protected":false},"author":76,"featured_media":4696,"comment_status":"open","ping_status":"open","sticky":false,"template":"","format":"standard","meta":{"_acf_changed":false,"_exactmetrics_skip_tracking":false,"_exactmetrics_sitenote_active":false,"_exactmetrics_sitenote_note":"","_exactmetrics_sitenote_category":0,"site-sidebar-layout":"default","site-content-layout":"default","ast-site-content-layout":"default","site-content-style":"default","site-sidebar-style":"default","ast-global-header-display":"","ast-banner-title-visibility":"","ast-main-header-display":"","ast-hfb-above-header-display":"","ast-hfb-below-header-display":"","ast-hfb-mobile-header-display":"","site-post-title":"","ast-breadcrumbs-content":"","ast-featured-img":"","footer-sml-layout":"","theme-transparent-header-meta":"default","adv-header-id-meta":"","stick-header-meta":"","header-above-stick-meta":"","header-main-stick-meta":"","header-below-stick-meta":"","astra-migrate-meta-layouts":"default","ast-page-background-enabled":"default","ast-page-background-meta":{"desktop":{"background-color":"","background-image":"","background-repeat":"repeat","background-position":"center center","background-size":"auto","background-attachment":"scroll","background-type":"","background-media":"","overlay-type":"","overlay-color":"","overlay-opacity":"","overlay-gradient":""},"tablet":{"background-color":"","background-image":"","background-repeat":"repeat","background-position":"center center","background-size":"auto","background-attachment":"scroll","background-type":"","background-media":"","overlay-type":"","overlay-color":"","overlay-opacity":"","overlay-gradient":""},"mobile":{"background-color":"","background-image":"","background-repeat":"repeat","background-position":"center center","background-size":"auto","background-attachment":"scroll","background-type":"","background-media":"","overlay-type":"","overlay-color":"","overlay-opacity":"","overlay-gradient":""}},"ast-content-background-meta":{"desktop":{"background-color":"var(--ast-global-color-5)","background-image":"","background-repeat":"repeat","background-position":"center center","background-size":"auto","background-attachment":"scroll","background-type":"","background-media":"","overlay-type":"","overlay-color":"","overlay-opacity":"","overlay-gradient":""},"tablet":{"background-color":"var(--ast-global-color-5)","background-image":"","background-repeat":"repeat","background-position":"center center","background-size":"auto","background-attachment":"scroll","background-type":"","background-media":"","overlay-type":"","overlay-color":"","overlay-opacity":"","overlay-gradient":""},"mobile":{"background-color":"var(--ast-global-color-5)","background-image":"","background-repeat":"repeat","background-position":"center center","background-size":"auto","background-attachment":"scroll","background-type":"","background-media":"","overlay-type":"","overlay-color":"","overlay-opacity":"","overlay-gradient":""}},"footnotes":""},"categories":[60],"tags":[143,45,46,59,1379,61,1380,205],"class_list":["post-822","post","type-post","status-publish","format-standard","has-post-thumbnail","hentry","category-dejando-huella","tag-amor","tag-ayuda","tag-cambio","tag-colombia","tag-conflicto-armando","tag-dejando-huella","tag-fundacion-prolongar","tag-personas"],"acf":[],"yoast_head":"<!-- This site is optimized with the Yoast SEO plugin v27.4 - https:\/\/yoast.com\/product\/yoast-seo-wordpress\/ -->\n<title>Prolongando un mejor ma\u00f1ana - Solkes Magazine<\/title>\n<meta name=\"description\" content=\"La Fundaci\u00f3n Prolongar quiere reconstruir unpa\u00eds ayotado por el conflicto armado. Ellos han decidido apostarle al pa\u00eds, a su gente.\" \/>\n<meta name=\"robots\" content=\"index, follow, max-snippet:-1, max-image-preview:large, max-video-preview:-1\" \/>\n<link rel=\"canonical\" href=\"https:\/\/solkes.com\/dejando-huella\/2018\/04\/prolongando-un-mejor-manana\/\" \/>\n<meta property=\"og:locale\" content=\"en_US\" \/>\n<meta property=\"og:type\" content=\"article\" \/>\n<meta property=\"og:title\" content=\"Prolongando un mejor ma\u00f1ana - Solkes Magazine\" \/>\n<meta property=\"og:description\" content=\"La Fundaci\u00f3n Prolongar quiere reconstruir unpa\u00eds ayotado por el conflicto armado. Ellos han decidido apostarle al pa\u00eds, a su gente.\" \/>\n<meta property=\"og:url\" content=\"https:\/\/solkes.com\/dejando-huella\/2018\/04\/prolongando-un-mejor-manana\/\" \/>\n<meta property=\"og:site_name\" content=\"Solkes Magazine\" \/>\n<meta property=\"article:publisher\" content=\"https:\/\/www.facebook.com\/solkesmagazinee\/\" \/>\n<meta property=\"article:published_time\" content=\"2018-04-03T08:00:53+00:00\" \/>\n<meta property=\"article:modified_time\" content=\"2020-11-29T20:15:08+00:00\" \/>\n<meta property=\"og:image\" content=\"https:\/\/solkes.com\/wp-content\/uploads\/2017\/07\/1705_06-1.jpg\" \/>\n\t<meta property=\"og:image:width\" content=\"996\" \/>\n\t<meta property=\"og:image:height\" content=\"601\" \/>\n\t<meta property=\"og:image:type\" content=\"image\/jpeg\" \/>\n<meta name=\"author\" content=\"Laura Viera A.\" \/>\n<meta name=\"twitter:card\" content=\"summary_large_image\" \/>\n<meta name=\"twitter:label1\" content=\"Written by\" \/>\n\t<meta name=\"twitter:data1\" content=\"Laura Viera A.\" \/>\n\t<meta name=\"twitter:label2\" content=\"Est. reading time\" \/>\n\t<meta name=\"twitter:data2\" content=\"10 minutes\" \/>\n<script type=\"application\/ld+json\" class=\"yoast-schema-graph\">{\"@context\":\"https:\\\/\\\/schema.org\",\"@graph\":[{\"@type\":\"Article\",\"@id\":\"https:\\\/\\\/solkes.com\\\/dejando-huella\\\/2018\\\/04\\\/prolongando-un-mejor-manana\\\/#article\",\"isPartOf\":{\"@id\":\"https:\\\/\\\/solkes.com\\\/dejando-huella\\\/2018\\\/04\\\/prolongando-un-mejor-manana\\\/\"},\"author\":{\"name\":\"Laura Viera A.\",\"@id\":\"https:\\\/\\\/solkes.com\\\/#\\\/schema\\\/person\\\/54684f1c0bebcaff4d6b3f1ec2e71e91\"},\"headline\":\"Prolongando un mejor ma\u00f1ana\",\"datePublished\":\"2018-04-03T08:00:53+00:00\",\"dateModified\":\"2020-11-29T20:15:08+00:00\",\"mainEntityOfPage\":{\"@id\":\"https:\\\/\\\/solkes.com\\\/dejando-huella\\\/2018\\\/04\\\/prolongando-un-mejor-manana\\\/\"},\"wordCount\":1948,\"commentCount\":0,\"publisher\":{\"@id\":\"https:\\\/\\\/solkes.com\\\/#organization\"},\"image\":{\"@id\":\"https:\\\/\\\/solkes.com\\\/dejando-huella\\\/2018\\\/04\\\/prolongando-un-mejor-manana\\\/#primaryimage\"},\"thumbnailUrl\":\"https:\\\/\\\/solkes.com\\\/wp-content\\\/uploads\\\/2017\\\/07\\\/1705_06-1.jpg\",\"keywords\":[\"amor\",\"ayuda\",\"cambio\",\"Colombia\",\"conflicto armando\",\"dejando huella\",\"fundaci\u00f3n prolongar\",\"personas\"],\"articleSection\":[\"Dejando Huella\"],\"inLanguage\":\"en-US\",\"potentialAction\":[{\"@type\":\"CommentAction\",\"name\":\"Comment\",\"target\":[\"https:\\\/\\\/solkes.com\\\/dejando-huella\\\/2018\\\/04\\\/prolongando-un-mejor-manana\\\/#respond\"]}]},{\"@type\":\"WebPage\",\"@id\":\"https:\\\/\\\/solkes.com\\\/dejando-huella\\\/2018\\\/04\\\/prolongando-un-mejor-manana\\\/\",\"url\":\"https:\\\/\\\/solkes.com\\\/dejando-huella\\\/2018\\\/04\\\/prolongando-un-mejor-manana\\\/\",\"name\":\"Prolongando un mejor ma\u00f1ana - Solkes Magazine\",\"isPartOf\":{\"@id\":\"https:\\\/\\\/solkes.com\\\/#website\"},\"primaryImageOfPage\":{\"@id\":\"https:\\\/\\\/solkes.com\\\/dejando-huella\\\/2018\\\/04\\\/prolongando-un-mejor-manana\\\/#primaryimage\"},\"image\":{\"@id\":\"https:\\\/\\\/solkes.com\\\/dejando-huella\\\/2018\\\/04\\\/prolongando-un-mejor-manana\\\/#primaryimage\"},\"thumbnailUrl\":\"https:\\\/\\\/solkes.com\\\/wp-content\\\/uploads\\\/2017\\\/07\\\/1705_06-1.jpg\",\"datePublished\":\"2018-04-03T08:00:53+00:00\",\"dateModified\":\"2020-11-29T20:15:08+00:00\",\"description\":\"La Fundaci\u00f3n Prolongar quiere reconstruir unpa\u00eds ayotado por el conflicto armado. Ellos han decidido apostarle al pa\u00eds, a su gente.\",\"breadcrumb\":{\"@id\":\"https:\\\/\\\/solkes.com\\\/dejando-huella\\\/2018\\\/04\\\/prolongando-un-mejor-manana\\\/#breadcrumb\"},\"inLanguage\":\"en-US\",\"potentialAction\":[{\"@type\":\"ReadAction\",\"target\":[\"https:\\\/\\\/solkes.com\\\/dejando-huella\\\/2018\\\/04\\\/prolongando-un-mejor-manana\\\/\"]}]},{\"@type\":\"ImageObject\",\"inLanguage\":\"en-US\",\"@id\":\"https:\\\/\\\/solkes.com\\\/dejando-huella\\\/2018\\\/04\\\/prolongando-un-mejor-manana\\\/#primaryimage\",\"url\":\"https:\\\/\\\/solkes.com\\\/wp-content\\\/uploads\\\/2017\\\/07\\\/1705_06-1.jpg\",\"contentUrl\":\"https:\\\/\\\/solkes.com\\\/wp-content\\\/uploads\\\/2017\\\/07\\\/1705_06-1.jpg\",\"width\":996,\"height\":601,\"caption\":\"Foto: Fundaci\u00f3n Prolongar \u00a9 Solkes\"},{\"@type\":\"BreadcrumbList\",\"@id\":\"https:\\\/\\\/solkes.com\\\/dejando-huella\\\/2018\\\/04\\\/prolongando-un-mejor-manana\\\/#breadcrumb\",\"itemListElement\":[{\"@type\":\"ListItem\",\"position\":1,\"name\":\"Portada\",\"item\":\"https:\\\/\\\/solkes.com\\\/\"},{\"@type\":\"ListItem\",\"position\":2,\"name\":\"Prolongando un mejor ma\u00f1ana\"}]},{\"@type\":\"WebSite\",\"@id\":\"https:\\\/\\\/solkes.com\\\/#website\",\"url\":\"https:\\\/\\\/solkes.com\\\/\",\"name\":\"Solkes Magazine\",\"description\":\"solkes.com\",\"publisher\":{\"@id\":\"https:\\\/\\\/solkes.com\\\/#organization\"},\"potentialAction\":[{\"@type\":\"SearchAction\",\"target\":{\"@type\":\"EntryPoint\",\"urlTemplate\":\"https:\\\/\\\/solkes.com\\\/?s={search_term_string}\"},\"query-input\":{\"@type\":\"PropertyValueSpecification\",\"valueRequired\":true,\"valueName\":\"search_term_string\"}}],\"inLanguage\":\"en-US\"},{\"@type\":\"Organization\",\"@id\":\"https:\\\/\\\/solkes.com\\\/#organization\",\"name\":\"Solkes Magazine\",\"url\":\"https:\\\/\\\/solkes.com\\\/\",\"logo\":{\"@type\":\"ImageObject\",\"inLanguage\":\"en-US\",\"@id\":\"https:\\\/\\\/solkes.com\\\/#\\\/schema\\\/logo\\\/image\\\/\",\"url\":\"https:\\\/\\\/solkes.com\\\/wp-content\\\/uploads\\\/2024\\\/09\\\/logo-SOLKES-820px-x-312px.png\",\"contentUrl\":\"https:\\\/\\\/solkes.com\\\/wp-content\\\/uploads\\\/2024\\\/09\\\/logo-SOLKES-820px-x-312px.png\",\"width\":411,\"height\":303,\"caption\":\"Solkes Magazine\"},\"image\":{\"@id\":\"https:\\\/\\\/solkes.com\\\/#\\\/schema\\\/logo\\\/image\\\/\"},\"sameAs\":[\"https:\\\/\\\/www.facebook.com\\\/solkesmagazinee\\\/\",\"https:\\\/\\\/instagram.com\\\/solkesmagazine\\\/\"]},{\"@type\":\"Person\",\"@id\":\"https:\\\/\\\/solkes.com\\\/#\\\/schema\\\/person\\\/54684f1c0bebcaff4d6b3f1ec2e71e91\",\"name\":\"Laura Viera A.\",\"image\":{\"@type\":\"ImageObject\",\"inLanguage\":\"en-US\",\"@id\":\"https:\\\/\\\/secure.gravatar.com\\\/avatar\\\/d7b6a8bb956f5279e99babca11ed31351716b19f59e9e3e989847c0ca9e0c5d9?s=96&d=identicon&r=g\",\"url\":\"https:\\\/\\\/secure.gravatar.com\\\/avatar\\\/d7b6a8bb956f5279e99babca11ed31351716b19f59e9e3e989847c0ca9e0c5d9?s=96&d=identicon&r=g\",\"contentUrl\":\"https:\\\/\\\/secure.gravatar.com\\\/avatar\\\/d7b6a8bb956f5279e99babca11ed31351716b19f59e9e3e989847c0ca9e0c5d9?s=96&d=identicon&r=g\",\"caption\":\"Laura Viera A.\"},\"description\":\"Fundadora y Directora Editorial de Solkes Magazine Es periodista de vocaci\u00f3n y formaci\u00f3n. Estudi\u00f3 Comunicaci\u00f3n Social con \u00e9nfasis en Periodismo en la Pontificia Universidad Javeriana de Bogot\u00e1, Colombia. Desde muy joven sinti\u00f3 una profunda pasi\u00f3n por contar historias, explorar el mundo y dar voz a quienes no la tienen. Su compromiso con los Derechos Humanos ha sido una constante en su trayectoria, participando activamente en proyectos sociales desde temprana edad. Este inter\u00e9s se refleja en el enfoque editorial de Solkes, una revista que prioriza el periodismo independiente, la diversidad cultural y la profundidad narrativa. Laura naci\u00f3 en Bogot\u00e1, vivi\u00f3 tres a\u00f1os en Madrid, Espa\u00f1a, y desde el verano de 2010 reside en Alemania. Esta experiencia multicultural ha enriquecido su perspectiva y ha sido clave para la creaci\u00f3n de una revista triling\u00fce que trasciende fronteras y conecta a lectores de distintas partes del mundo. ******************************************************************************************* Founder and Editorial Director of Solkes Magazine She is a passionate journalist by vocation and training. She studied Mass Communication with an emphasis on Journalism at the Pontificia Universidad Javeriana in Bogot\u00e1, Colombia. From a young age, she was deeply motivated to tell stories, explore the world, and give a voice to those who often go unheard. Her commitment to Human Rights has been a constant throughout her career, actively participating in social projects since early on. This dedication is reflected in Solkes Magazine\u2019s editorial focus on independent journalism, cultural diversity, and in-depth storytelling. Born in Bogot\u00e1, Laura lived in Madrid, Spain for three years, and has been residing in Germany since the summer of 2010. This multicultural experience has enriched her perspective and played a key role in creating a trilingual magazine that transcends borders and connects readers from around the world. ******************************************************************************************* Gr\u00fcnderin und Chefredakteurin von Solkes Magazine Laura Viera ist eine leidenschaftliche Journalistin aus Berufung und Ausbildung. Sie hat Soziale Kommunikation mit Schwerpunkt Journalismus an der Pontificia Universidad Javeriana in Bogot\u00e1, Kolumbien, studiert. Schon in jungen Jahren war sie stark motiviert, Geschichten zu erz\u00e4hlen, die Welt zu erkunden und denen eine Stimme zu geben, die oft ungeh\u00f6rt bleiben. Ihr Engagement f\u00fcr Menschenrechte begleitet sie seit Beginn ihrer Laufbahn. Sie war von Anfang an aktiv an sozialen Projekten beteiligt. Dieses Engagement spiegelt sich auch im redaktionellen Fokus von Solkes Magazine wider, das unabh\u00e4ngigen Journalismus, kulturelle Vielfalt und tiefgr\u00fcndiges Erz\u00e4hlen in den Vordergrund stellt. Geboren in Bogot\u00e1, lebte Laura drei Jahre in Madrid, Spanien, und lebt seit Sommer 2010 in Deutschland. Diese multikulturelle Erfahrung hat ihre Perspektive bereichert und war entscheidend bei der Gr\u00fcndung eines dreisprachigen Magazins, das Grenzen \u00fcberschreitet und Leser weltweit verbindet.\",\"sameAs\":[\"http:\\\/\\\/www.solkes.com\"],\"url\":\"https:\\\/\\\/solkes.com\\\/en\\\/author\\\/lauraviera2019\\\/\"}]}<\/script>\n<!-- \/ Yoast SEO plugin. -->","yoast_head_json":{"title":"Prolongando un mejor ma\u00f1ana - Solkes Magazine","description":"La Fundaci\u00f3n Prolongar quiere reconstruir unpa\u00eds ayotado por el conflicto armado. Ellos han decidido apostarle al pa\u00eds, a su gente.","robots":{"index":"index","follow":"follow","max-snippet":"max-snippet:-1","max-image-preview":"max-image-preview:large","max-video-preview":"max-video-preview:-1"},"canonical":"https:\/\/solkes.com\/dejando-huella\/2018\/04\/prolongando-un-mejor-manana\/","og_locale":"en_US","og_type":"article","og_title":"Prolongando un mejor ma\u00f1ana - Solkes Magazine","og_description":"La Fundaci\u00f3n Prolongar quiere reconstruir unpa\u00eds ayotado por el conflicto armado. Ellos han decidido apostarle al pa\u00eds, a su gente.","og_url":"https:\/\/solkes.com\/dejando-huella\/2018\/04\/prolongando-un-mejor-manana\/","og_site_name":"Solkes Magazine","article_publisher":"https:\/\/www.facebook.com\/solkesmagazinee\/","article_published_time":"2018-04-03T08:00:53+00:00","article_modified_time":"2020-11-29T20:15:08+00:00","og_image":[{"width":996,"height":601,"url":"https:\/\/solkes.com\/wp-content\/uploads\/2017\/07\/1705_06-1.jpg","type":"image\/jpeg"}],"author":"Laura Viera A.","twitter_card":"summary_large_image","twitter_misc":{"Written by":"Laura Viera A.","Est. reading time":"10 minutes"},"schema":{"@context":"https:\/\/schema.org","@graph":[{"@type":"Article","@id":"https:\/\/solkes.com\/dejando-huella\/2018\/04\/prolongando-un-mejor-manana\/#article","isPartOf":{"@id":"https:\/\/solkes.com\/dejando-huella\/2018\/04\/prolongando-un-mejor-manana\/"},"author":{"name":"Laura Viera A.","@id":"https:\/\/solkes.com\/#\/schema\/person\/54684f1c0bebcaff4d6b3f1ec2e71e91"},"headline":"Prolongando un mejor ma\u00f1ana","datePublished":"2018-04-03T08:00:53+00:00","dateModified":"2020-11-29T20:15:08+00:00","mainEntityOfPage":{"@id":"https:\/\/solkes.com\/dejando-huella\/2018\/04\/prolongando-un-mejor-manana\/"},"wordCount":1948,"commentCount":0,"publisher":{"@id":"https:\/\/solkes.com\/#organization"},"image":{"@id":"https:\/\/solkes.com\/dejando-huella\/2018\/04\/prolongando-un-mejor-manana\/#primaryimage"},"thumbnailUrl":"https:\/\/solkes.com\/wp-content\/uploads\/2017\/07\/1705_06-1.jpg","keywords":["amor","ayuda","cambio","Colombia","conflicto armando","dejando huella","fundaci\u00f3n prolongar","personas"],"articleSection":["Dejando Huella"],"inLanguage":"en-US","potentialAction":[{"@type":"CommentAction","name":"Comment","target":["https:\/\/solkes.com\/dejando-huella\/2018\/04\/prolongando-un-mejor-manana\/#respond"]}]},{"@type":"WebPage","@id":"https:\/\/solkes.com\/dejando-huella\/2018\/04\/prolongando-un-mejor-manana\/","url":"https:\/\/solkes.com\/dejando-huella\/2018\/04\/prolongando-un-mejor-manana\/","name":"Prolongando un mejor ma\u00f1ana - Solkes Magazine","isPartOf":{"@id":"https:\/\/solkes.com\/#website"},"primaryImageOfPage":{"@id":"https:\/\/solkes.com\/dejando-huella\/2018\/04\/prolongando-un-mejor-manana\/#primaryimage"},"image":{"@id":"https:\/\/solkes.com\/dejando-huella\/2018\/04\/prolongando-un-mejor-manana\/#primaryimage"},"thumbnailUrl":"https:\/\/solkes.com\/wp-content\/uploads\/2017\/07\/1705_06-1.jpg","datePublished":"2018-04-03T08:00:53+00:00","dateModified":"2020-11-29T20:15:08+00:00","description":"La Fundaci\u00f3n Prolongar quiere reconstruir unpa\u00eds ayotado por el conflicto armado. Ellos han decidido apostarle al pa\u00eds, a su gente.","breadcrumb":{"@id":"https:\/\/solkes.com\/dejando-huella\/2018\/04\/prolongando-un-mejor-manana\/#breadcrumb"},"inLanguage":"en-US","potentialAction":[{"@type":"ReadAction","target":["https:\/\/solkes.com\/dejando-huella\/2018\/04\/prolongando-un-mejor-manana\/"]}]},{"@type":"ImageObject","inLanguage":"en-US","@id":"https:\/\/solkes.com\/dejando-huella\/2018\/04\/prolongando-un-mejor-manana\/#primaryimage","url":"https:\/\/solkes.com\/wp-content\/uploads\/2017\/07\/1705_06-1.jpg","contentUrl":"https:\/\/solkes.com\/wp-content\/uploads\/2017\/07\/1705_06-1.jpg","width":996,"height":601,"caption":"Foto: Fundaci\u00f3n Prolongar \u00a9 Solkes"},{"@type":"BreadcrumbList","@id":"https:\/\/solkes.com\/dejando-huella\/2018\/04\/prolongando-un-mejor-manana\/#breadcrumb","itemListElement":[{"@type":"ListItem","position":1,"name":"Portada","item":"https:\/\/solkes.com\/"},{"@type":"ListItem","position":2,"name":"Prolongando un mejor ma\u00f1ana"}]},{"@type":"WebSite","@id":"https:\/\/solkes.com\/#website","url":"https:\/\/solkes.com\/","name":"Solkes Magazine","description":"solkes.com","publisher":{"@id":"https:\/\/solkes.com\/#organization"},"potentialAction":[{"@type":"SearchAction","target":{"@type":"EntryPoint","urlTemplate":"https:\/\/solkes.com\/?s={search_term_string}"},"query-input":{"@type":"PropertyValueSpecification","valueRequired":true,"valueName":"search_term_string"}}],"inLanguage":"en-US"},{"@type":"Organization","@id":"https:\/\/solkes.com\/#organization","name":"Solkes Magazine","url":"https:\/\/solkes.com\/","logo":{"@type":"ImageObject","inLanguage":"en-US","@id":"https:\/\/solkes.com\/#\/schema\/logo\/image\/","url":"https:\/\/solkes.com\/wp-content\/uploads\/2024\/09\/logo-SOLKES-820px-x-312px.png","contentUrl":"https:\/\/solkes.com\/wp-content\/uploads\/2024\/09\/logo-SOLKES-820px-x-312px.png","width":411,"height":303,"caption":"Solkes Magazine"},"image":{"@id":"https:\/\/solkes.com\/#\/schema\/logo\/image\/"},"sameAs":["https:\/\/www.facebook.com\/solkesmagazinee\/","https:\/\/instagram.com\/solkesmagazine\/"]},{"@type":"Person","@id":"https:\/\/solkes.com\/#\/schema\/person\/54684f1c0bebcaff4d6b3f1ec2e71e91","name":"Laura Viera A.","image":{"@type":"ImageObject","inLanguage":"en-US","@id":"https:\/\/secure.gravatar.com\/avatar\/d7b6a8bb956f5279e99babca11ed31351716b19f59e9e3e989847c0ca9e0c5d9?s=96&d=identicon&r=g","url":"https:\/\/secure.gravatar.com\/avatar\/d7b6a8bb956f5279e99babca11ed31351716b19f59e9e3e989847c0ca9e0c5d9?s=96&d=identicon&r=g","contentUrl":"https:\/\/secure.gravatar.com\/avatar\/d7b6a8bb956f5279e99babca11ed31351716b19f59e9e3e989847c0ca9e0c5d9?s=96&d=identicon&r=g","caption":"Laura Viera A."},"description":"Fundadora y Directora Editorial de Solkes Magazine Es periodista de vocaci\u00f3n y formaci\u00f3n. Estudi\u00f3 Comunicaci\u00f3n Social con \u00e9nfasis en Periodismo en la Pontificia Universidad Javeriana de Bogot\u00e1, Colombia. Desde muy joven sinti\u00f3 una profunda pasi\u00f3n por contar historias, explorar el mundo y dar voz a quienes no la tienen. Su compromiso con los Derechos Humanos ha sido una constante en su trayectoria, participando activamente en proyectos sociales desde temprana edad. Este inter\u00e9s se refleja en el enfoque editorial de Solkes, una revista que prioriza el periodismo independiente, la diversidad cultural y la profundidad narrativa. Laura naci\u00f3 en Bogot\u00e1, vivi\u00f3 tres a\u00f1os en Madrid, Espa\u00f1a, y desde el verano de 2010 reside en Alemania. Esta experiencia multicultural ha enriquecido su perspectiva y ha sido clave para la creaci\u00f3n de una revista triling\u00fce que trasciende fronteras y conecta a lectores de distintas partes del mundo. ******************************************************************************************* Founder and Editorial Director of Solkes Magazine She is a passionate journalist by vocation and training. She studied Mass Communication with an emphasis on Journalism at the Pontificia Universidad Javeriana in Bogot\u00e1, Colombia. From a young age, she was deeply motivated to tell stories, explore the world, and give a voice to those who often go unheard. Her commitment to Human Rights has been a constant throughout her career, actively participating in social projects since early on. This dedication is reflected in Solkes Magazine\u2019s editorial focus on independent journalism, cultural diversity, and in-depth storytelling. Born in Bogot\u00e1, Laura lived in Madrid, Spain for three years, and has been residing in Germany since the summer of 2010. This multicultural experience has enriched her perspective and played a key role in creating a trilingual magazine that transcends borders and connects readers from around the world. ******************************************************************************************* Gr\u00fcnderin und Chefredakteurin von Solkes Magazine Laura Viera ist eine leidenschaftliche Journalistin aus Berufung und Ausbildung. Sie hat Soziale Kommunikation mit Schwerpunkt Journalismus an der Pontificia Universidad Javeriana in Bogot\u00e1, Kolumbien, studiert. Schon in jungen Jahren war sie stark motiviert, Geschichten zu erz\u00e4hlen, die Welt zu erkunden und denen eine Stimme zu geben, die oft ungeh\u00f6rt bleiben. Ihr Engagement f\u00fcr Menschenrechte begleitet sie seit Beginn ihrer Laufbahn. Sie war von Anfang an aktiv an sozialen Projekten beteiligt. Dieses Engagement spiegelt sich auch im redaktionellen Fokus von Solkes Magazine wider, das unabh\u00e4ngigen Journalismus, kulturelle Vielfalt und tiefgr\u00fcndiges Erz\u00e4hlen in den Vordergrund stellt. Geboren in Bogot\u00e1, lebte Laura drei Jahre in Madrid, Spanien, und lebt seit Sommer 2010 in Deutschland. Diese multikulturelle Erfahrung hat ihre Perspektive bereichert und war entscheidend bei der Gr\u00fcndung eines dreisprachigen Magazins, das Grenzen \u00fcberschreitet und Leser weltweit verbindet.","sameAs":["http:\/\/www.solkes.com"],"url":"https:\/\/solkes.com\/en\/author\/lauraviera2019\/"}]}},"_links":{"self":[{"href":"https:\/\/solkes.com\/en\/wp-json\/wp\/v2\/posts\/822","targetHints":{"allow":["GET"]}}],"collection":[{"href":"https:\/\/solkes.com\/en\/wp-json\/wp\/v2\/posts"}],"about":[{"href":"https:\/\/solkes.com\/en\/wp-json\/wp\/v2\/types\/post"}],"author":[{"embeddable":true,"href":"https:\/\/solkes.com\/en\/wp-json\/wp\/v2\/users\/76"}],"replies":[{"embeddable":true,"href":"https:\/\/solkes.com\/en\/wp-json\/wp\/v2\/comments?post=822"}],"version-history":[{"count":3,"href":"https:\/\/solkes.com\/en\/wp-json\/wp\/v2\/posts\/822\/revisions"}],"predecessor-version":[{"id":12497,"href":"https:\/\/solkes.com\/en\/wp-json\/wp\/v2\/posts\/822\/revisions\/12497"}],"wp:featuredmedia":[{"embeddable":true,"href":"https:\/\/solkes.com\/en\/wp-json\/wp\/v2\/media\/4696"}],"wp:attachment":[{"href":"https:\/\/solkes.com\/en\/wp-json\/wp\/v2\/media?parent=822"}],"wp:term":[{"taxonomy":"category","embeddable":true,"href":"https:\/\/solkes.com\/en\/wp-json\/wp\/v2\/categories?post=822"},{"taxonomy":"post_tag","embeddable":true,"href":"https:\/\/solkes.com\/en\/wp-json\/wp\/v2\/tags?post=822"}],"curies":[{"name":"wp","href":"https:\/\/api.w.org\/{rel}","templated":true}]}}