{"id":815,"date":"2018-09-03T10:00:00","date_gmt":"2018-09-03T08:00:00","guid":{"rendered":"http:\/\/solkes.com\/?p=815"},"modified":"2020-11-29T16:36:29","modified_gmt":"2020-11-29T14:36:29","slug":"santa-maria-foundation","status":"publish","type":"post","link":"https:\/\/solkes.com\/en\/leaving-a-mark\/2018\/09\/santa-maria-foundation\/","title":{"rendered":"The Santa Mar\u00eda Foundation"},"content":{"rendered":"<p><span style=\"color: #138a8d;\">D<\/span>uring the last decades thousands of children have suffered immensely. The numbers are a nightmare that seems not to end. Approximately 2 million children have died; 6 million are homeless; 12 million are injured or disabled and there are at least 300,000 child soldiers involved in 30 conflicts around the world.<\/p>\n<h3><strong><span style=\"color: #138a8d;\">The Crisis<\/span><\/strong><\/h3>\n<p>This is the overall picture. On the other hand, the situation in Colombia regarding orphaned children is terrible.\u00a0Just considering that between 1975 and 2014 the FARC recruited 11,556 children is a horrible truth that has broken our hearts.<\/p>\n<p>For the defenders of children, it is evident that the fundamental rights of tens of thousands of children are ignored. Many of them end up deeply traumatized, seriously injured or disabled.<\/p>\n<p>It is no secret that children are entitled to fundamental guarantees. They are guarantees assumed by the Geneva Convention for the Protection of Civilian Persons in Time of War.<\/p>\n<p>Many think this is an obvious thing, but in truth, it is not. The rights of many children are ignored and trampled upon.\u00a0The first additional protocol on conduct during hostilities establishes the principle of special protection provided for children.<\/p>\n<figure id=\"attachment_12466\" aria-describedby=\"caption-attachment-12466\" style=\"width: 996px\" class=\"wp-caption aligncenter\"><img fetchpriority=\"high\" decoding=\"async\" class=\"wp-image-12466 size-solkes_horizontal\" src=\"https:\/\/solkes.com\/wp-content\/uploads\/2018\/09\/fundacion-santamaria-1809_02.jpg\" alt=\"\" width=\"996\" height=\"601\" srcset=\"https:\/\/solkes.com\/wp-content\/uploads\/2018\/09\/fundacion-santamaria-1809_02.jpg 996w, https:\/\/solkes.com\/wp-content\/uploads\/2018\/09\/fundacion-santamaria-1809_02-300x181.jpg 300w, https:\/\/solkes.com\/wp-content\/uploads\/2018\/09\/fundacion-santamaria-1809_02-768x463.jpg 768w, https:\/\/solkes.com\/wp-content\/uploads\/2018\/09\/fundacion-santamaria-1809_02-320x193.jpg 320w\" sizes=\"(max-width: 996px) 100vw, 996px\" \/><figcaption id=\"caption-attachment-12466\" class=\"wp-caption-text\">Fundaci\u00f3n Santa Mar\u00eda \u00a9 Solkes<\/figcaption><\/figure>\n<p>This principle also applies to cases of non-international armed conflict.\u00a0The second additional protocol prohibits the recruitment of children under the age of 15 and their direct or indirect participation in war.<\/p>\n<p>In addition, all children under the age of 18 are guaranteed the specific rights protected in the Convention on the Rights of the Child, adopted on 20 November 1989 by the United Nations. And, although it may seem incomprehensible to many people, there are several reasons why children are orphans.<\/p>\n<p>Some of the reasons could be that parents are absent, in some cases it is impossible to provide safe and satisfactory care; and on the other hand, children at risk of not having the care of their family as they have a number of limitations to provide quality care.<\/p>\n<h3><span style=\"color: #138a8d;\"><strong>Colombia and Latin America<\/strong><\/span><\/h3>\n<p>Moreover, poverty and inequality are considered risk factors. Poverty indicators increase the chances of suffering discrimination, exploitation of a child and having more difficulties in exercising their rights.<\/p>\n<p>Colombia is presented as one of the countries where the armed conflict causes not only forced displacement and family disintegration, but these are also the most common causes of loss of family care, along with domestic violence.<\/p>\n<blockquote class=\"td_quote_box td_box_right\">\n<h4>After such horrible traumas, they need a fresh start.<\/h4>\n<\/blockquote>\n<p>It is necessary to take into account that twenty-two departments in Colombia reported cases of recruitment and use of children by illegal armed groups.\u00a0Hundreds of children have been orphaned by their parents due to fighting or violent actions.<\/p>\n<p>Although there are many causes that vary according to the characteristics of the countries of the region.<\/p>\n<p>In Latin America, children are considered to be at great risk of losing their homes due to domestic violence, gender-based violence, homelessness, child labor, commercial sexual exploitation, natural disasters, armed conflict, HIV\/AIDS, drug abuse, disability, and migration. In the region of 6 million children suffer severe abuse.<\/p>\n<h3><strong><span style=\"color: #138a8d;\">Supporting girls<\/span><\/strong><\/h3>\n<p>Fundaci\u00f3n Santa Mar\u00eda is one of those places that could be created by the angels. And, I say this because the work they do is dedicated to giving to disadvantaged girls from the age of three.<br \/>\nHowever, Santa Maria will never be an institution. And, this is an important distinction. It is a center of academic learning that is reinforced by dedicated teachers.<\/p>\n<p>Fundaci\u00f3n Santa Mar\u00eda supports abandoned children, orphans, those considered to be &#8220;at high risk&#8221; and other vulnerable girls. Some of the young girls may have lost family, but in some cases they have also been subjected to different types of abuse. They have highly trained staff who are there to teach and support them.<\/p>\n<p>The idea is to ensure their physical and emotional well-being in a safe and supportive environment. As the days went by, Lady became aware of the many drawbacks, disadvantages and inequalities that exist around the world.<\/p>\n<h3><span style=\"color: #138a8d;\"><strong>Creating the foundation<\/strong><\/span><\/h3>\n<p>At this point her motivation increased and she was sure she wanted this dream to come true. At this point she met Pedro Mowlad, who is currently the president of the foundation, a successful businessman and also wanted to be part of a similar project.<\/p>\n<figure id=\"attachment_12468\" aria-describedby=\"caption-attachment-12468\" style=\"width: 299px\" class=\"wp-caption alignleft\"><img decoding=\"async\" class=\"size-solkes_vertical wp-image-12468\" src=\"https:\/\/solkes.com\/wp-content\/uploads\/2018\/09\/fundacion-santamaria-1809_03-299x480.jpg\" alt=\"\" width=\"299\" height=\"480\" srcset=\"https:\/\/solkes.com\/wp-content\/uploads\/2018\/09\/fundacion-santamaria-1809_03-299x480.jpg 299w, https:\/\/solkes.com\/wp-content\/uploads\/2018\/09\/fundacion-santamaria-1809_03-187x300.jpg 187w, https:\/\/solkes.com\/wp-content\/uploads\/2018\/09\/fundacion-santamaria-1809_03.jpg 620w, https:\/\/solkes.com\/wp-content\/uploads\/2018\/09\/fundacion-santamaria-1809_03-374x601.jpg 374w\" sizes=\"(max-width: 299px) 100vw, 299px\" \/><figcaption id=\"caption-attachment-12468\" class=\"wp-caption-text\">Fundaci\u00f3n Santa Mar\u00eda \u00a9 Solkes<\/figcaption><\/figure>\n<p>It should be noted that Peter grew up without parents, this fact made him have a strong desire to help other children who were living a similar experience to the one he had. With this in mind, Lady invited him to work in Colombia, to develop research that will help discover the most vulnerable population and create a team that could help them achieve their dream of helping others.<\/p>\n<p>In 2009, the Santa Maria Foundation was born. A foundation dedicated to the protection of orphaned, abandoned or vulnerable children. They believe that everything related to children is of vital importance and that both adults and members of one should take responsibility.<\/p>\n<p>They consider that everything related to children is of vital importance and as adults it is our responsibility to look after them. Poverty and extreme poverty in a society significantly affect a large number of people in Colombia.<\/p>\n<p>Naturally, poverty causes poor education, poor health, high unemployment that makes them vulnerable to violence and participation in the guerrilla ranks. Education is the means by which individuals can lift themselves out of poverty.<\/p>\n<h3><span style=\"color: #138a8d;\"><strong>The motivation<\/strong><\/span><\/h3>\n<p>So the story of Fundaci\u00f3n Santa Mar\u00eda has all this information and the sad truth in its composition.<\/p>\n<p><strong><span style=\"color: #138a8d;\">Solkes<\/span><\/strong>: Why was the Foundation born?<\/p>\n<p><strong><span style=\"color: #138a8d;\">Lady<\/span><\/strong>: My desire and motivation as a Colombian and after many years out of the country, was to start an organization in Colombia, that was totally directed to children and where we could provide them with an environment with love and family welfare, which every child needs for their integral formation.<\/p>\n<p><strong><span style=\"color: #138a8d;\">Solkes<\/span><\/strong>: How is the current situation of abandoned children, orphans considered high risk in Colombia?<\/p>\n<p><strong><span style=\"color: #138a8d;\">Lady<\/span><\/strong>: Colombia has a population of 48.5 million inhabitants. 36% are under 18 years old, and of them 13.12% are under 6 years old. Of this figure, 45.5% live in poverty and 16.4% live in extreme poverty.<\/p>\n<p>Poverty exposes children to violence, substance abuse, prostitution and armed conflict. Four out of five of all reported incidents of sexual abuse in Colombia are under 18 years of age and 84% are of girls.<\/p>\n<p><strong><span style=\"color: #138a8d;\">Solkes<\/span><\/strong>: What is the foundation&#8217;s objective in the short, medium, and long term?<\/p>\n<p><strong><span style=\"color: #138a8d;\">Lady<\/span><\/strong>: Our goal is to give girls aged 5 and older a new start in life after the terrible traumas that some have suffered and to provide each of them with new opportunities.<\/p>\n<figure id=\"attachment_12464\" aria-describedby=\"caption-attachment-12464\" style=\"width: 996px\" class=\"wp-caption aligncenter\"><img decoding=\"async\" class=\"wp-image-12464 size-solkes_horizontal\" src=\"https:\/\/solkes.com\/wp-content\/uploads\/2018\/09\/fundacion-santamaria-1809_01.jpg\" alt=\"\" width=\"996\" height=\"601\" srcset=\"https:\/\/solkes.com\/wp-content\/uploads\/2018\/09\/fundacion-santamaria-1809_01.jpg 996w, https:\/\/solkes.com\/wp-content\/uploads\/2018\/09\/fundacion-santamaria-1809_01-300x181.jpg 300w, https:\/\/solkes.com\/wp-content\/uploads\/2018\/09\/fundacion-santamaria-1809_01-768x463.jpg 768w, https:\/\/solkes.com\/wp-content\/uploads\/2018\/09\/fundacion-santamaria-1809_01-320x193.jpg 320w\" sizes=\"(max-width: 996px) 100vw, 996px\" \/><figcaption id=\"caption-attachment-12464\" class=\"wp-caption-text\">Fundaci\u00f3n Santa Mar\u00eda \u00a9 Solkes<\/figcaption><\/figure>\n<p><strong><span style=\"color: #138a8d;\">Solkes:<\/span><\/strong> You only work with girls, why don&#8217;t you work with boys as well?<\/p>\n<p><strong><span style=\"color: #138a8d;\">Lady<\/span><\/strong>: Because women and girls after a careful study that has been done at the beginning of this path, emerged as one of the most affected groups as you can see from the figures presented above.<\/p>\n<p><strong><span style=\"color: #138a8d;\">Solkes<\/span><\/strong>: How is the work carried out between Colombia and England?<\/p>\n<p><strong><span style=\"color: #138a8d;\">Lady<\/span><\/strong>: We are legally registered as a foundation in both countries, which gives security to the organizations and individuals who are supporting the girls, since there is government control. In England the work we do is to get the funds and in<\/p>\n<p>Colombia is where our beautiful girls are and where the money is given, where it is used 100% for the benefit of the girls.<\/p>\n<p><strong><span style=\"color: #138a8d;\">Solkes:<\/span><\/strong> Why is it necessary to help minors in Colombia and around the world with the foundation?<\/p>\n<p><strong><span style=\"color: #138a8d;\">Lady:<\/span><\/strong> In general we have to take care of children in the world.<\/p>\n<blockquote class=\"td_quote_box td_box_left\">\n<h4>Our goal is to make sure this girls become confident, capable young women with values and an excellent education. That they have a abilities that permits them to be active and positive member of society both national and internationally.<\/h4>\n<\/blockquote>\n<p>For example, several studies suggest that early exposure to classical music is beneficial for development. It helps to develop language, among others. That said, the WFTU provides a combination of classical music, literature, English and art. Girls are always the priority and decide the path they want to take. The foundation is intended to be a bridge so that they can achieve their goals.<\/p>\n<p>When you help and guide a group of girls, you are creating a new generation, when you form a generation with new tools, alternatives, education and information there are more possibilities for future and prosperity not only for them but for their families and eventually for a country.<\/p>\n<h3><span style=\"color: #138a8d;\"><strong>The Conclusion<\/strong><\/span><\/h3>\n<figure id=\"attachment_12470\" aria-describedby=\"caption-attachment-12470\" style=\"width: 299px\" class=\"wp-caption alignright\"><img loading=\"lazy\" decoding=\"async\" class=\"size-solkes_vertical wp-image-12470\" src=\"https:\/\/solkes.com\/wp-content\/uploads\/2018\/09\/fundacion-santamaria-1809_04-299x480.jpg\" alt=\"\" width=\"299\" height=\"480\" srcset=\"https:\/\/solkes.com\/wp-content\/uploads\/2018\/09\/fundacion-santamaria-1809_04-299x480.jpg 299w, https:\/\/solkes.com\/wp-content\/uploads\/2018\/09\/fundacion-santamaria-1809_04-187x300.jpg 187w, https:\/\/solkes.com\/wp-content\/uploads\/2018\/09\/fundacion-santamaria-1809_04.jpg 620w, https:\/\/solkes.com\/wp-content\/uploads\/2018\/09\/fundacion-santamaria-1809_04-374x601.jpg 374w\" sizes=\"(max-width: 299px) 100vw, 299px\" \/><figcaption id=\"caption-attachment-12470\" class=\"wp-caption-text\">Fundaci\u00f3n Santa Mar\u00eda \u00a9 Solkes<\/figcaption><\/figure>\n<p>It is important to mention that girls and women around the world have many disadvantages: 1.4 million people live on less than $1 a day and 70% are girls or women. Women make up a third of the workforce worldwide, but are paid only 10% of their work. Women produce half of the world&#8217;s food supplies, but own only 1 percent of the land. This should not be the case.<\/p>\n<p>Fundaci\u00f3n Santa Mar\u00eda firmly believes that women have the power to shape society given the important role they play in shaping the personalities of children. Educating and empowering women and girls is an investment in the future of a society.<\/p>\n<p><span style=\"color: #138a8d;\">T<\/span>he goal is to help girls become confident women with core values.\u00a0That they have a sense of belonging and sufficient self-esteem to get out of poverty.\u00a0<span style=\"color: #138a8d;\"><strong>All over the world women and girls face the problems of inequality<\/strong><\/span>.\u00a0Discrimination puts them at a social and economic disadvantage and thus makes them vulnerable to physical abuse and violence.<\/p>\n","protected":false},"excerpt":{"rendered":"<p>During the last decades thousands of children have suffered immensely. The numbers are a nightmare that seems not to end. Approximately 2 million children have died; 6 million are homeless; 12 million are injured or disabled and there are at least 300,000 child soldiers involved in 30 conflicts around the world. The Crisis This is [&hellip;]<\/p>\n","protected":false},"author":76,"featured_media":4376,"comment_status":"open","ping_status":"open","sticky":false,"template":"","format":"standard","meta":{"_acf_changed":false,"_exactmetrics_skip_tracking":false,"_exactmetrics_sitenote_active":false,"_exactmetrics_sitenote_note":"","_exactmetrics_sitenote_category":0,"site-sidebar-layout":"default","site-content-layout":"default","ast-site-content-layout":"default","site-content-style":"default","site-sidebar-style":"default","ast-global-header-display":"","ast-banner-title-visibility":"","ast-main-header-display":"","ast-hfb-above-header-display":"","ast-hfb-below-header-display":"","ast-hfb-mobile-header-display":"","site-post-title":"","ast-breadcrumbs-content":"","ast-featured-img":"","footer-sml-layout":"","theme-transparent-header-meta":"default","adv-header-id-meta":"","stick-header-meta":"","header-above-stick-meta":"","header-main-stick-meta":"","header-below-stick-meta":"","astra-migrate-meta-layouts":"default","ast-page-background-enabled":"default","ast-page-background-meta":{"desktop":{"background-color":"","background-image":"","background-repeat":"repeat","background-position":"center center","background-size":"auto","background-attachment":"scroll","background-type":"","background-media":"","overlay-type":"","overlay-color":"","overlay-opacity":"","overlay-gradient":""},"tablet":{"background-color":"","background-image":"","background-repeat":"repeat","background-position":"center center","background-size":"auto","background-attachment":"scroll","background-type":"","background-media":"","overlay-type":"","overlay-color":"","overlay-opacity":"","overlay-gradient":""},"mobile":{"background-color":"","background-image":"","background-repeat":"repeat","background-position":"center center","background-size":"auto","background-attachment":"scroll","background-type":"","background-media":"","overlay-type":"","overlay-color":"","overlay-opacity":"","overlay-gradient":""}},"ast-content-background-meta":{"desktop":{"background-color":"var(--ast-global-color-5)","background-image":"","background-repeat":"repeat","background-position":"center center","background-size":"auto","background-attachment":"scroll","background-type":"","background-media":"","overlay-type":"","overlay-color":"","overlay-opacity":"","overlay-gradient":""},"tablet":{"background-color":"var(--ast-global-color-5)","background-image":"","background-repeat":"repeat","background-position":"center center","background-size":"auto","background-attachment":"scroll","background-type":"","background-media":"","overlay-type":"","overlay-color":"","overlay-opacity":"","overlay-gradient":""},"mobile":{"background-color":"var(--ast-global-color-5)","background-image":"","background-repeat":"repeat","background-position":"center center","background-size":"auto","background-attachment":"scroll","background-type":"","background-media":"","overlay-type":"","overlay-color":"","overlay-opacity":"","overlay-gradient":""}},"footnotes":""},"categories":[66],"tags":[801],"class_list":["post-815","post","type-post","status-publish","format-standard","has-post-thumbnail","hentry","category-leaving-a-mark","tag-colombia-en-2"],"acf":[],"yoast_head":"<!-- This site is optimized with the Yoast SEO plugin v27.4 - https:\/\/yoast.com\/product\/yoast-seo-wordpress\/ -->\n<title>The Santa Mar\u00eda Foundation - Solkes Magazine<\/title>\n<meta name=\"description\" content=\"Women and girls are faced with inequality all around the world.\u00a0They want to give colombian girls a chance to rule their world.\" \/>\n<meta name=\"robots\" content=\"index, follow, max-snippet:-1, max-image-preview:large, max-video-preview:-1\" \/>\n<link rel=\"canonical\" href=\"https:\/\/solkes.com\/en\/leaving-a-mark\/2018\/09\/santa-maria-foundation\/\" \/>\n<meta property=\"og:locale\" content=\"en_US\" \/>\n<meta property=\"og:type\" content=\"article\" \/>\n<meta property=\"og:title\" content=\"The Santa Mar\u00eda Foundation - Solkes Magazine\" \/>\n<meta property=\"og:description\" content=\"Women and girls are faced with inequality all around the world.\u00a0They want to give colombian girls a chance to rule their world.\" \/>\n<meta property=\"og:url\" content=\"https:\/\/solkes.com\/en\/leaving-a-mark\/2018\/09\/santa-maria-foundation\/\" \/>\n<meta property=\"og:site_name\" content=\"Solkes Magazine\" \/>\n<meta property=\"article:publisher\" content=\"https:\/\/www.facebook.com\/solkesmagazinee\/\" \/>\n<meta property=\"article:published_time\" content=\"2018-09-03T08:00:00+00:00\" \/>\n<meta property=\"article:modified_time\" content=\"2020-11-29T14:36:29+00:00\" \/>\n<meta property=\"og:image\" content=\"https:\/\/solkes.com\/wp-content\/uploads\/2019\/09\/1704_03-1.jpg\" \/>\n\t<meta property=\"og:image:width\" content=\"996\" \/>\n\t<meta property=\"og:image:height\" content=\"601\" \/>\n\t<meta property=\"og:image:type\" content=\"image\/jpeg\" \/>\n<meta name=\"author\" content=\"Laura Viera A.\" \/>\n<meta name=\"twitter:card\" content=\"summary_large_image\" \/>\n<meta name=\"twitter:label1\" content=\"Written by\" \/>\n\t<meta name=\"twitter:data1\" content=\"Laura Viera A.\" \/>\n\t<meta name=\"twitter:label2\" content=\"Est. reading time\" \/>\n\t<meta name=\"twitter:data2\" content=\"8 minutes\" \/>\n<script type=\"application\/ld+json\" class=\"yoast-schema-graph\">{\"@context\":\"https:\\\/\\\/schema.org\",\"@graph\":[{\"@type\":\"Article\",\"@id\":\"https:\\\/\\\/solkes.com\\\/en\\\/leaving-a-mark\\\/2018\\\/09\\\/santa-maria-foundation\\\/#article\",\"isPartOf\":{\"@id\":\"https:\\\/\\\/solkes.com\\\/en\\\/leaving-a-mark\\\/2018\\\/09\\\/santa-maria-foundation\\\/\"},\"author\":{\"name\":\"Laura Viera A.\",\"@id\":\"https:\\\/\\\/solkes.com\\\/#\\\/schema\\\/person\\\/54684f1c0bebcaff4d6b3f1ec2e71e91\"},\"headline\":\"The Santa Mar\u00eda Foundation\",\"datePublished\":\"2018-09-03T08:00:00+00:00\",\"dateModified\":\"2020-11-29T14:36:29+00:00\",\"mainEntityOfPage\":{\"@id\":\"https:\\\/\\\/solkes.com\\\/en\\\/leaving-a-mark\\\/2018\\\/09\\\/santa-maria-foundation\\\/\"},\"wordCount\":1617,\"commentCount\":0,\"publisher\":{\"@id\":\"https:\\\/\\\/solkes.com\\\/#organization\"},\"image\":{\"@id\":\"https:\\\/\\\/solkes.com\\\/en\\\/leaving-a-mark\\\/2018\\\/09\\\/santa-maria-foundation\\\/#primaryimage\"},\"thumbnailUrl\":\"https:\\\/\\\/solkes.com\\\/wp-content\\\/uploads\\\/2019\\\/09\\\/1704_03-1.jpg\",\"keywords\":[\"Colombia\"],\"articleSection\":[\"Leaving a Mark\"],\"inLanguage\":\"en-US\",\"potentialAction\":[{\"@type\":\"CommentAction\",\"name\":\"Comment\",\"target\":[\"https:\\\/\\\/solkes.com\\\/en\\\/leaving-a-mark\\\/2018\\\/09\\\/santa-maria-foundation\\\/#respond\"]}]},{\"@type\":\"WebPage\",\"@id\":\"https:\\\/\\\/solkes.com\\\/en\\\/leaving-a-mark\\\/2018\\\/09\\\/santa-maria-foundation\\\/\",\"url\":\"https:\\\/\\\/solkes.com\\\/en\\\/leaving-a-mark\\\/2018\\\/09\\\/santa-maria-foundation\\\/\",\"name\":\"The Santa Mar\u00eda Foundation - Solkes Magazine\",\"isPartOf\":{\"@id\":\"https:\\\/\\\/solkes.com\\\/#website\"},\"primaryImageOfPage\":{\"@id\":\"https:\\\/\\\/solkes.com\\\/en\\\/leaving-a-mark\\\/2018\\\/09\\\/santa-maria-foundation\\\/#primaryimage\"},\"image\":{\"@id\":\"https:\\\/\\\/solkes.com\\\/en\\\/leaving-a-mark\\\/2018\\\/09\\\/santa-maria-foundation\\\/#primaryimage\"},\"thumbnailUrl\":\"https:\\\/\\\/solkes.com\\\/wp-content\\\/uploads\\\/2019\\\/09\\\/1704_03-1.jpg\",\"datePublished\":\"2018-09-03T08:00:00+00:00\",\"dateModified\":\"2020-11-29T14:36:29+00:00\",\"description\":\"Women and girls are faced with inequality all around the world.\u00a0They want to give colombian girls a chance to rule their world.\",\"breadcrumb\":{\"@id\":\"https:\\\/\\\/solkes.com\\\/en\\\/leaving-a-mark\\\/2018\\\/09\\\/santa-maria-foundation\\\/#breadcrumb\"},\"inLanguage\":\"en-US\",\"potentialAction\":[{\"@type\":\"ReadAction\",\"target\":[\"https:\\\/\\\/solkes.com\\\/en\\\/leaving-a-mark\\\/2018\\\/09\\\/santa-maria-foundation\\\/\"]}]},{\"@type\":\"ImageObject\",\"inLanguage\":\"en-US\",\"@id\":\"https:\\\/\\\/solkes.com\\\/en\\\/leaving-a-mark\\\/2018\\\/09\\\/santa-maria-foundation\\\/#primaryimage\",\"url\":\"https:\\\/\\\/solkes.com\\\/wp-content\\\/uploads\\\/2019\\\/09\\\/1704_03-1.jpg\",\"contentUrl\":\"https:\\\/\\\/solkes.com\\\/wp-content\\\/uploads\\\/2019\\\/09\\\/1704_03-1.jpg\",\"width\":996,\"height\":601,\"caption\":\"Foto: Fundaci\u00f3n Santa Mar\u00eda \u00a9 Solkes\"},{\"@type\":\"BreadcrumbList\",\"@id\":\"https:\\\/\\\/solkes.com\\\/en\\\/leaving-a-mark\\\/2018\\\/09\\\/santa-maria-foundation\\\/#breadcrumb\",\"itemListElement\":[{\"@type\":\"ListItem\",\"position\":1,\"name\":\"Portada\",\"item\":\"https:\\\/\\\/solkes.com\\\/\"},{\"@type\":\"ListItem\",\"position\":2,\"name\":\"The Santa Mar\u00eda Foundation\"}]},{\"@type\":\"WebSite\",\"@id\":\"https:\\\/\\\/solkes.com\\\/#website\",\"url\":\"https:\\\/\\\/solkes.com\\\/\",\"name\":\"Solkes Magazine\",\"description\":\"solkes.com\",\"publisher\":{\"@id\":\"https:\\\/\\\/solkes.com\\\/#organization\"},\"potentialAction\":[{\"@type\":\"SearchAction\",\"target\":{\"@type\":\"EntryPoint\",\"urlTemplate\":\"https:\\\/\\\/solkes.com\\\/?s={search_term_string}\"},\"query-input\":{\"@type\":\"PropertyValueSpecification\",\"valueRequired\":true,\"valueName\":\"search_term_string\"}}],\"inLanguage\":\"en-US\"},{\"@type\":\"Organization\",\"@id\":\"https:\\\/\\\/solkes.com\\\/#organization\",\"name\":\"Solkes Magazine\",\"url\":\"https:\\\/\\\/solkes.com\\\/\",\"logo\":{\"@type\":\"ImageObject\",\"inLanguage\":\"en-US\",\"@id\":\"https:\\\/\\\/solkes.com\\\/#\\\/schema\\\/logo\\\/image\\\/\",\"url\":\"https:\\\/\\\/solkes.com\\\/wp-content\\\/uploads\\\/2024\\\/09\\\/logo-SOLKES-820px-x-312px.png\",\"contentUrl\":\"https:\\\/\\\/solkes.com\\\/wp-content\\\/uploads\\\/2024\\\/09\\\/logo-SOLKES-820px-x-312px.png\",\"width\":411,\"height\":303,\"caption\":\"Solkes Magazine\"},\"image\":{\"@id\":\"https:\\\/\\\/solkes.com\\\/#\\\/schema\\\/logo\\\/image\\\/\"},\"sameAs\":[\"https:\\\/\\\/www.facebook.com\\\/solkesmagazinee\\\/\",\"https:\\\/\\\/instagram.com\\\/solkesmagazine\\\/\"]},{\"@type\":\"Person\",\"@id\":\"https:\\\/\\\/solkes.com\\\/#\\\/schema\\\/person\\\/54684f1c0bebcaff4d6b3f1ec2e71e91\",\"name\":\"Laura Viera A.\",\"image\":{\"@type\":\"ImageObject\",\"inLanguage\":\"en-US\",\"@id\":\"https:\\\/\\\/secure.gravatar.com\\\/avatar\\\/d7b6a8bb956f5279e99babca11ed31351716b19f59e9e3e989847c0ca9e0c5d9?s=96&d=identicon&r=g\",\"url\":\"https:\\\/\\\/secure.gravatar.com\\\/avatar\\\/d7b6a8bb956f5279e99babca11ed31351716b19f59e9e3e989847c0ca9e0c5d9?s=96&d=identicon&r=g\",\"contentUrl\":\"https:\\\/\\\/secure.gravatar.com\\\/avatar\\\/d7b6a8bb956f5279e99babca11ed31351716b19f59e9e3e989847c0ca9e0c5d9?s=96&d=identicon&r=g\",\"caption\":\"Laura Viera A.\"},\"description\":\"Fundadora y Directora Editorial de Solkes Magazine Es periodista de vocaci\u00f3n y formaci\u00f3n. Estudi\u00f3 Comunicaci\u00f3n Social con \u00e9nfasis en Periodismo en la Pontificia Universidad Javeriana de Bogot\u00e1, Colombia. Desde muy joven sinti\u00f3 una profunda pasi\u00f3n por contar historias, explorar el mundo y dar voz a quienes no la tienen. Su compromiso con los Derechos Humanos ha sido una constante en su trayectoria, participando activamente en proyectos sociales desde temprana edad. Este inter\u00e9s se refleja en el enfoque editorial de Solkes, una revista que prioriza el periodismo independiente, la diversidad cultural y la profundidad narrativa. Laura naci\u00f3 en Bogot\u00e1, vivi\u00f3 tres a\u00f1os en Madrid, Espa\u00f1a, y desde el verano de 2010 reside en Alemania. Esta experiencia multicultural ha enriquecido su perspectiva y ha sido clave para la creaci\u00f3n de una revista triling\u00fce que trasciende fronteras y conecta a lectores de distintas partes del mundo. ******************************************************************************************* Founder and Editorial Director of Solkes Magazine She is a passionate journalist by vocation and training. She studied Mass Communication with an emphasis on Journalism at the Pontificia Universidad Javeriana in Bogot\u00e1, Colombia. From a young age, she was deeply motivated to tell stories, explore the world, and give a voice to those who often go unheard. Her commitment to Human Rights has been a constant throughout her career, actively participating in social projects since early on. This dedication is reflected in Solkes Magazine\u2019s editorial focus on independent journalism, cultural diversity, and in-depth storytelling. Born in Bogot\u00e1, Laura lived in Madrid, Spain for three years, and has been residing in Germany since the summer of 2010. This multicultural experience has enriched her perspective and played a key role in creating a trilingual magazine that transcends borders and connects readers from around the world. ******************************************************************************************* Gr\u00fcnderin und Chefredakteurin von Solkes Magazine Laura Viera ist eine leidenschaftliche Journalistin aus Berufung und Ausbildung. Sie hat Soziale Kommunikation mit Schwerpunkt Journalismus an der Pontificia Universidad Javeriana in Bogot\u00e1, Kolumbien, studiert. Schon in jungen Jahren war sie stark motiviert, Geschichten zu erz\u00e4hlen, die Welt zu erkunden und denen eine Stimme zu geben, die oft ungeh\u00f6rt bleiben. Ihr Engagement f\u00fcr Menschenrechte begleitet sie seit Beginn ihrer Laufbahn. Sie war von Anfang an aktiv an sozialen Projekten beteiligt. Dieses Engagement spiegelt sich auch im redaktionellen Fokus von Solkes Magazine wider, das unabh\u00e4ngigen Journalismus, kulturelle Vielfalt und tiefgr\u00fcndiges Erz\u00e4hlen in den Vordergrund stellt. Geboren in Bogot\u00e1, lebte Laura drei Jahre in Madrid, Spanien, und lebt seit Sommer 2010 in Deutschland. Diese multikulturelle Erfahrung hat ihre Perspektive bereichert und war entscheidend bei der Gr\u00fcndung eines dreisprachigen Magazins, das Grenzen \u00fcberschreitet und Leser weltweit verbindet.\",\"sameAs\":[\"http:\\\/\\\/www.solkes.com\"],\"url\":\"https:\\\/\\\/solkes.com\\\/en\\\/author\\\/lauraviera2019\\\/\"}]}<\/script>\n<!-- \/ Yoast SEO plugin. -->","yoast_head_json":{"title":"The Santa Mar\u00eda Foundation - Solkes Magazine","description":"Women and girls are faced with inequality all around the world.\u00a0They want to give colombian girls a chance to rule their world.","robots":{"index":"index","follow":"follow","max-snippet":"max-snippet:-1","max-image-preview":"max-image-preview:large","max-video-preview":"max-video-preview:-1"},"canonical":"https:\/\/solkes.com\/en\/leaving-a-mark\/2018\/09\/santa-maria-foundation\/","og_locale":"en_US","og_type":"article","og_title":"The Santa Mar\u00eda Foundation - Solkes Magazine","og_description":"Women and girls are faced with inequality all around the world.\u00a0They want to give colombian girls a chance to rule their world.","og_url":"https:\/\/solkes.com\/en\/leaving-a-mark\/2018\/09\/santa-maria-foundation\/","og_site_name":"Solkes Magazine","article_publisher":"https:\/\/www.facebook.com\/solkesmagazinee\/","article_published_time":"2018-09-03T08:00:00+00:00","article_modified_time":"2020-11-29T14:36:29+00:00","og_image":[{"width":996,"height":601,"url":"https:\/\/solkes.com\/wp-content\/uploads\/2019\/09\/1704_03-1.jpg","type":"image\/jpeg"}],"author":"Laura Viera A.","twitter_card":"summary_large_image","twitter_misc":{"Written by":"Laura Viera A.","Est. reading time":"8 minutes"},"schema":{"@context":"https:\/\/schema.org","@graph":[{"@type":"Article","@id":"https:\/\/solkes.com\/en\/leaving-a-mark\/2018\/09\/santa-maria-foundation\/#article","isPartOf":{"@id":"https:\/\/solkes.com\/en\/leaving-a-mark\/2018\/09\/santa-maria-foundation\/"},"author":{"name":"Laura Viera A.","@id":"https:\/\/solkes.com\/#\/schema\/person\/54684f1c0bebcaff4d6b3f1ec2e71e91"},"headline":"The Santa Mar\u00eda Foundation","datePublished":"2018-09-03T08:00:00+00:00","dateModified":"2020-11-29T14:36:29+00:00","mainEntityOfPage":{"@id":"https:\/\/solkes.com\/en\/leaving-a-mark\/2018\/09\/santa-maria-foundation\/"},"wordCount":1617,"commentCount":0,"publisher":{"@id":"https:\/\/solkes.com\/#organization"},"image":{"@id":"https:\/\/solkes.com\/en\/leaving-a-mark\/2018\/09\/santa-maria-foundation\/#primaryimage"},"thumbnailUrl":"https:\/\/solkes.com\/wp-content\/uploads\/2019\/09\/1704_03-1.jpg","keywords":["Colombia"],"articleSection":["Leaving a Mark"],"inLanguage":"en-US","potentialAction":[{"@type":"CommentAction","name":"Comment","target":["https:\/\/solkes.com\/en\/leaving-a-mark\/2018\/09\/santa-maria-foundation\/#respond"]}]},{"@type":"WebPage","@id":"https:\/\/solkes.com\/en\/leaving-a-mark\/2018\/09\/santa-maria-foundation\/","url":"https:\/\/solkes.com\/en\/leaving-a-mark\/2018\/09\/santa-maria-foundation\/","name":"The Santa Mar\u00eda Foundation - Solkes Magazine","isPartOf":{"@id":"https:\/\/solkes.com\/#website"},"primaryImageOfPage":{"@id":"https:\/\/solkes.com\/en\/leaving-a-mark\/2018\/09\/santa-maria-foundation\/#primaryimage"},"image":{"@id":"https:\/\/solkes.com\/en\/leaving-a-mark\/2018\/09\/santa-maria-foundation\/#primaryimage"},"thumbnailUrl":"https:\/\/solkes.com\/wp-content\/uploads\/2019\/09\/1704_03-1.jpg","datePublished":"2018-09-03T08:00:00+00:00","dateModified":"2020-11-29T14:36:29+00:00","description":"Women and girls are faced with inequality all around the world.\u00a0They want to give colombian girls a chance to rule their world.","breadcrumb":{"@id":"https:\/\/solkes.com\/en\/leaving-a-mark\/2018\/09\/santa-maria-foundation\/#breadcrumb"},"inLanguage":"en-US","potentialAction":[{"@type":"ReadAction","target":["https:\/\/solkes.com\/en\/leaving-a-mark\/2018\/09\/santa-maria-foundation\/"]}]},{"@type":"ImageObject","inLanguage":"en-US","@id":"https:\/\/solkes.com\/en\/leaving-a-mark\/2018\/09\/santa-maria-foundation\/#primaryimage","url":"https:\/\/solkes.com\/wp-content\/uploads\/2019\/09\/1704_03-1.jpg","contentUrl":"https:\/\/solkes.com\/wp-content\/uploads\/2019\/09\/1704_03-1.jpg","width":996,"height":601,"caption":"Foto: Fundaci\u00f3n Santa Mar\u00eda \u00a9 Solkes"},{"@type":"BreadcrumbList","@id":"https:\/\/solkes.com\/en\/leaving-a-mark\/2018\/09\/santa-maria-foundation\/#breadcrumb","itemListElement":[{"@type":"ListItem","position":1,"name":"Portada","item":"https:\/\/solkes.com\/"},{"@type":"ListItem","position":2,"name":"The Santa Mar\u00eda Foundation"}]},{"@type":"WebSite","@id":"https:\/\/solkes.com\/#website","url":"https:\/\/solkes.com\/","name":"Solkes Magazine","description":"solkes.com","publisher":{"@id":"https:\/\/solkes.com\/#organization"},"potentialAction":[{"@type":"SearchAction","target":{"@type":"EntryPoint","urlTemplate":"https:\/\/solkes.com\/?s={search_term_string}"},"query-input":{"@type":"PropertyValueSpecification","valueRequired":true,"valueName":"search_term_string"}}],"inLanguage":"en-US"},{"@type":"Organization","@id":"https:\/\/solkes.com\/#organization","name":"Solkes Magazine","url":"https:\/\/solkes.com\/","logo":{"@type":"ImageObject","inLanguage":"en-US","@id":"https:\/\/solkes.com\/#\/schema\/logo\/image\/","url":"https:\/\/solkes.com\/wp-content\/uploads\/2024\/09\/logo-SOLKES-820px-x-312px.png","contentUrl":"https:\/\/solkes.com\/wp-content\/uploads\/2024\/09\/logo-SOLKES-820px-x-312px.png","width":411,"height":303,"caption":"Solkes Magazine"},"image":{"@id":"https:\/\/solkes.com\/#\/schema\/logo\/image\/"},"sameAs":["https:\/\/www.facebook.com\/solkesmagazinee\/","https:\/\/instagram.com\/solkesmagazine\/"]},{"@type":"Person","@id":"https:\/\/solkes.com\/#\/schema\/person\/54684f1c0bebcaff4d6b3f1ec2e71e91","name":"Laura Viera A.","image":{"@type":"ImageObject","inLanguage":"en-US","@id":"https:\/\/secure.gravatar.com\/avatar\/d7b6a8bb956f5279e99babca11ed31351716b19f59e9e3e989847c0ca9e0c5d9?s=96&d=identicon&r=g","url":"https:\/\/secure.gravatar.com\/avatar\/d7b6a8bb956f5279e99babca11ed31351716b19f59e9e3e989847c0ca9e0c5d9?s=96&d=identicon&r=g","contentUrl":"https:\/\/secure.gravatar.com\/avatar\/d7b6a8bb956f5279e99babca11ed31351716b19f59e9e3e989847c0ca9e0c5d9?s=96&d=identicon&r=g","caption":"Laura Viera A."},"description":"Fundadora y Directora Editorial de Solkes Magazine Es periodista de vocaci\u00f3n y formaci\u00f3n. Estudi\u00f3 Comunicaci\u00f3n Social con \u00e9nfasis en Periodismo en la Pontificia Universidad Javeriana de Bogot\u00e1, Colombia. Desde muy joven sinti\u00f3 una profunda pasi\u00f3n por contar historias, explorar el mundo y dar voz a quienes no la tienen. Su compromiso con los Derechos Humanos ha sido una constante en su trayectoria, participando activamente en proyectos sociales desde temprana edad. Este inter\u00e9s se refleja en el enfoque editorial de Solkes, una revista que prioriza el periodismo independiente, la diversidad cultural y la profundidad narrativa. Laura naci\u00f3 en Bogot\u00e1, vivi\u00f3 tres a\u00f1os en Madrid, Espa\u00f1a, y desde el verano de 2010 reside en Alemania. Esta experiencia multicultural ha enriquecido su perspectiva y ha sido clave para la creaci\u00f3n de una revista triling\u00fce que trasciende fronteras y conecta a lectores de distintas partes del mundo. ******************************************************************************************* Founder and Editorial Director of Solkes Magazine She is a passionate journalist by vocation and training. She studied Mass Communication with an emphasis on Journalism at the Pontificia Universidad Javeriana in Bogot\u00e1, Colombia. From a young age, she was deeply motivated to tell stories, explore the world, and give a voice to those who often go unheard. Her commitment to Human Rights has been a constant throughout her career, actively participating in social projects since early on. This dedication is reflected in Solkes Magazine\u2019s editorial focus on independent journalism, cultural diversity, and in-depth storytelling. Born in Bogot\u00e1, Laura lived in Madrid, Spain for three years, and has been residing in Germany since the summer of 2010. This multicultural experience has enriched her perspective and played a key role in creating a trilingual magazine that transcends borders and connects readers from around the world. ******************************************************************************************* Gr\u00fcnderin und Chefredakteurin von Solkes Magazine Laura Viera ist eine leidenschaftliche Journalistin aus Berufung und Ausbildung. Sie hat Soziale Kommunikation mit Schwerpunkt Journalismus an der Pontificia Universidad Javeriana in Bogot\u00e1, Kolumbien, studiert. Schon in jungen Jahren war sie stark motiviert, Geschichten zu erz\u00e4hlen, die Welt zu erkunden und denen eine Stimme zu geben, die oft ungeh\u00f6rt bleiben. Ihr Engagement f\u00fcr Menschenrechte begleitet sie seit Beginn ihrer Laufbahn. Sie war von Anfang an aktiv an sozialen Projekten beteiligt. Dieses Engagement spiegelt sich auch im redaktionellen Fokus von Solkes Magazine wider, das unabh\u00e4ngigen Journalismus, kulturelle Vielfalt und tiefgr\u00fcndiges Erz\u00e4hlen in den Vordergrund stellt. Geboren in Bogot\u00e1, lebte Laura drei Jahre in Madrid, Spanien, und lebt seit Sommer 2010 in Deutschland. Diese multikulturelle Erfahrung hat ihre Perspektive bereichert und war entscheidend bei der Gr\u00fcndung eines dreisprachigen Magazins, das Grenzen \u00fcberschreitet und Leser weltweit verbindet.","sameAs":["http:\/\/www.solkes.com"],"url":"https:\/\/solkes.com\/en\/author\/lauraviera2019\/"}]}},"_links":{"self":[{"href":"https:\/\/solkes.com\/en\/wp-json\/wp\/v2\/posts\/815","targetHints":{"allow":["GET"]}}],"collection":[{"href":"https:\/\/solkes.com\/en\/wp-json\/wp\/v2\/posts"}],"about":[{"href":"https:\/\/solkes.com\/en\/wp-json\/wp\/v2\/types\/post"}],"author":[{"embeddable":true,"href":"https:\/\/solkes.com\/en\/wp-json\/wp\/v2\/users\/76"}],"replies":[{"embeddable":true,"href":"https:\/\/solkes.com\/en\/wp-json\/wp\/v2\/comments?post=815"}],"version-history":[{"count":4,"href":"https:\/\/solkes.com\/en\/wp-json\/wp\/v2\/posts\/815\/revisions"}],"predecessor-version":[{"id":12478,"href":"https:\/\/solkes.com\/en\/wp-json\/wp\/v2\/posts\/815\/revisions\/12478"}],"wp:featuredmedia":[{"embeddable":true,"href":"https:\/\/solkes.com\/en\/wp-json\/wp\/v2\/media\/4376"}],"wp:attachment":[{"href":"https:\/\/solkes.com\/en\/wp-json\/wp\/v2\/media?parent=815"}],"wp:term":[{"taxonomy":"category","embeddable":true,"href":"https:\/\/solkes.com\/en\/wp-json\/wp\/v2\/categories?post=815"},{"taxonomy":"post_tag","embeddable":true,"href":"https:\/\/solkes.com\/en\/wp-json\/wp\/v2\/tags?post=815"}],"curies":[{"name":"wp","href":"https:\/\/api.w.org\/{rel}","templated":true}]}}