{"id":6634,"date":"2020-07-03T10:00:21","date_gmt":"2020-07-03T15:00:21","guid":{"rendered":"https:\/\/solkes.com\/?p=6634"},"modified":"2020-11-22T00:12:18","modified_gmt":"2020-11-21T22:12:18","slug":"hana-dancer-la-bailarina-psicologa","status":"publish","type":"post","link":"https:\/\/solkes.com\/en\/el-obturador\/2020\/07\/hana-dancer-la-bailarina-psicologa\/","title":{"rendered":"Hana Dancer: la bailarina psicologa"},"content":{"rendered":"<p><span class=\"dropcap dropcap2\" style=\"color: #138a8d;\">N<\/span>atalia Rodr\u00edguez Bejarano o <strong><span style=\"color: #138a8d;\">Hana Dancer<\/span><\/strong> nacida en Colombia y residente en Canad\u00e1 es la mujer que se ha desarrollado tanto f\u00edsica como mentalmente y transmite su conocimiento sobre c\u00f3mo llevarlo acaba diariamente. Todo esto lo hace a trav\u00e9s de la psicolog\u00eda y la danza, en una fusi\u00f3n que ella ha creado.<\/p>\n<p>&nbsp;<\/p>\n<h3><strong><span style=\"color: #138a8d;\">La rese\u00f1a<\/span><\/strong><\/h3>\n<p>Natalia es adem\u00e1s una <strong><span style=\"color: #138a8d;\">apasionada por la cultura oriental<\/span><\/strong> e instructora certificada de Hatha Yoga, por mucho no menos importante hay que recordar que es psic\u00f3loga con un m\u00e1ster en Neuropsicolog\u00eda Cl\u00ednica.<\/p>\n<p>Por su pasi\u00f3n a la cultura oriental es que ahora tambi\u00e9n es bailarina profesional de Danzas Orientales y maestra de las mismas.<\/p>\n<blockquote class=\"td_quote_box td_box_center\">\n<h4>\u201cPoder moverme sin reservas, poder sentirme desde la profundidad de mi ser y expresarlo para m\u00ed y para otros, sentirme en la libertad de ser yo misma en todas mis facetas, sin juicios, obsequiarle honestidad a quien me ve&#8230; Regalarle a alguien un instante con una persona sin mascaras, que no teme estar expuesta y abrir su alma mediante el movimiento.\u201d<\/h4>\n<\/blockquote>\n<figure id=\"attachment_9475\" aria-describedby=\"caption-attachment-9475\" style=\"width: 300px\" class=\"wp-caption alignright\"><img fetchpriority=\"high\" decoding=\"async\" class=\"wp-image-9475\" src=\"https:\/\/solkes.com\/wp-content\/uploads\/2020\/10\/hana-dancer-2008_01-187x300.jpg\" alt=\"\" width=\"300\" height=\"482\" srcset=\"https:\/\/solkes.com\/wp-content\/uploads\/2020\/10\/hana-dancer-2008_01-187x300.jpg 187w, https:\/\/solkes.com\/wp-content\/uploads\/2020\/10\/hana-dancer-2008_01-299x480.jpg 299w, https:\/\/solkes.com\/wp-content\/uploads\/2020\/10\/hana-dancer-2008_01.jpg 620w\" sizes=\"(max-width: 300px) 100vw, 300px\" \/><figcaption id=\"caption-attachment-9475\" class=\"wp-caption-text\">Miguel Angel Morales \u00a9 Solkes<\/figcaption><\/figure>\n<p>A lo largo de su carrera <strong><span style=\"color: #138a8d;\">ha logrado fusionar e implementar <\/span><\/strong>sus conocimientos profesionales con las innumerables bondades de la danza y las disciplinas orientales.<\/p>\n<p>De esta forma ha desarrollado una pedagog\u00eda propia y un enfoque terap\u00e9utico diferente\u00a0 para ense\u00f1ar y apoyar a cualquier persona de manera l\u00fadica y de forma estimulante.<\/p>\n<p>Uniendo no s\u00f3lo el \u00e1mbito f\u00edsico y sensorial, sino tambi\u00e9n una dimensi\u00f3n integral del ser, es as\u00ed que crea <strong><span style=\"color: #138a8d;\">Dansanando<\/span><\/strong> un sistema terap\u00e9utico para sanar a trav\u00e9s del movimiento consciente y la danza.<\/p>\n<p>En su pr\u00e1ctica propende por formar no solo bailarines, sino seres integrales y conscientes, que a trav\u00e9s del aprendizaje de su corporalidad logren superarse y comprender todo su potencial y fortalezas.<\/p>\n<p>Natalia es sin duda una mujer emprendedora, pero tambi\u00e9n est\u00e1 completamente comprometida con empoderar a otras mujeres.<\/p>\n<p>Esta convencida\u00a0 que el camino para trascender es conectar toda la fuerza femenina, generar hermandad y as\u00ed transformar realidades.<\/p>\n<p>&nbsp;<\/p>\n<h3><\/h3>\n<h3><span style=\"color: #138a8d;\"><strong>El mundo de la danza<\/strong><\/span><\/h3>\n<p>C\u00f3mo muchos artistas, Natalia tambi\u00e9n se inspira y goza de las bellas artes. Para la intripida bailarina dedicarse a la danza no es un gozo egocentrentico, es un proceso de dar y recibir.<\/p>\n<p>A ella la motiva la libertad que siente al bailar pero con un perfecto dominio sobre su cuerpo y el sentimiento de\u00a0trascendencia\u00a0que le proporciona y al mismo tiempo entregar el acto como el tesoro que es a su p\u00fablico.<\/p>\n<p>Sin duda Hana Dancer no dejar\u00e1 de disfrutar y brindar est\u00e9 bello estilo de vida porque siempre al estar danzando se sigue inspirando, convirti\u00e9ndose en un maravilloso c\u00edrculo.<\/p>\n<div class=\"mceTemp\"><\/div>\n<figure id=\"attachment_9481\" aria-describedby=\"caption-attachment-9481\" style=\"width: 996px\" class=\"wp-caption aligncenter\"><img decoding=\"async\" class=\"size-full wp-image-9481\" src=\"https:\/\/solkes.com\/wp-content\/uploads\/2020\/10\/hana-dancer2008_04.jpg\" alt=\"\" width=\"996\" height=\"601\" srcset=\"https:\/\/solkes.com\/wp-content\/uploads\/2020\/10\/hana-dancer2008_04.jpg 996w, https:\/\/solkes.com\/wp-content\/uploads\/2020\/10\/hana-dancer2008_04-300x181.jpg 300w, https:\/\/solkes.com\/wp-content\/uploads\/2020\/10\/hana-dancer2008_04-768x463.jpg 768w, https:\/\/solkes.com\/wp-content\/uploads\/2020\/10\/hana-dancer2008_04-320x193.jpg 320w\" sizes=\"(max-width: 996px) 100vw, 996px\" \/><figcaption id=\"caption-attachment-9481\" class=\"wp-caption-text\">Mar\u00eda Conchita Cortes \u00a9 Solkes<\/figcaption><\/figure>\n<p>&nbsp;<\/p>\n<h3><strong><span style=\"color: #138a8d;\">Dansanando<\/span><\/strong><\/h3>\n<p>Dansanando, un sistema de danza terapia cuya herramienta principal son las danzas orientales y que te ayuda a reconocerte desde tus propias emociones, a aceptarlas como parte fundamental de tus aprendizajes vitales y a reconectarte con ellas para beneficio tuyo y de tus relaciones.<\/p>\n<blockquote class=\"td_quote_box td_box_center\">\n<h4>&#8220;Aprendes a verte tal y como eres en toda tu plenitud y aceptando lo que eres en su totalidad, con tus luces y sombras. La pr\u00e1ctica de la danza te va ayudando a ganar auto-confianza, autoestima y un profundo autoconocimiento.\u201d<\/h4>\n<\/blockquote>\n<p>Ya hablamos un poco de como es el mundo de la danza para Natalia. pero c\u00f3mo fue que se le ocurri\u00f3 esta mezcla entre el baile y la psicolog\u00eda? Pues para ella fue algo muy coherente pero no inmediato, puesto que sab\u00eda perfectamente que desde hace mucho tiempo ya existen varias corrientes terap\u00e9uticas con un enfoque similar.<\/p>\n<p>Fueron creadas por personas que al igual que ella se dieron cuenta de que la danza es un proceso sanador y entonces estructuraron sistemas para ayudar a otros a sanar sus procesos emocionales y afectivos mediante el movimiento.<\/p>\n<figure id=\"attachment_9477\" aria-describedby=\"caption-attachment-9477\" style=\"width: 300px\" class=\"wp-caption alignleft\"><img decoding=\"async\" class=\"wp-image-9477\" src=\"https:\/\/solkes.com\/wp-content\/uploads\/2020\/10\/hana-dancer2008_02-187x300.jpg\" alt=\"\" width=\"300\" height=\"482\" srcset=\"https:\/\/solkes.com\/wp-content\/uploads\/2020\/10\/hana-dancer2008_02-187x300.jpg 187w, https:\/\/solkes.com\/wp-content\/uploads\/2020\/10\/hana-dancer2008_02-299x480.jpg 299w, https:\/\/solkes.com\/wp-content\/uploads\/2020\/10\/hana-dancer2008_02.jpg 620w\" sizes=\"(max-width: 300px) 100vw, 300px\" \/><figcaption id=\"caption-attachment-9477\" class=\"wp-caption-text\">Mar\u00eda Conchita Cortes \u00a9 Solkes<\/figcaption><\/figure>\n<p>Sin embargo, para Natalia que inici\u00f3 a muy temprana edad a bailar y en su juventud encontr\u00f3 y se enfoc\u00f3 a las danzas orientales mientras que sigui\u00f3 su vida acad\u00e9mica y se form\u00f3 como psic\u00f3loga.<\/p>\n<p>As\u00ed es que se encontraba dividida, por un lado danzaba y ense\u00f1aba a bailar y por otro lado ejerc\u00eda su profesi\u00f3n. Pero por suerte lleg\u00f3 el momento en que simplemente ocurri\u00f3 sus dos amadas disciplinas se fueron uniendo.<\/p>\n<p>Ella fue tomando consciencia de el proceso sanador que la danza ejerc\u00eda sobre ella. Tambi\u00e9n que sus clases de baile no eran \u00fanicas y espec\u00edficamente dedicarse a la t\u00e9cnica sino que realmente ayudaba a sus estudiantes en sus procesos sanadores.<\/p>\n<p>Todo lo que afloraba mientras el aprendizaje eran <strong><span style=\"color: #138a8d;\">situaciones muy \u00edntimas que afectaban en todos los aspectos de la vidad de estas personas<\/span><\/strong>. Fue el conjunto lo que la llev\u00f3 a que sus ense\u00f1anzas no se pod\u00eda quedar en la danza de la forma sino en la danza del fondo.<\/p>\n<p>Como todos los terapeutas similares tuvo que gestar un sistema para poder implementar la danza y la psicolog\u00eda en sus clases y fue as\u00ed que surge Dansanando. Sin duda esto revolucion\u00f3 y tuvo implicaciones super positivas tanto para las clases de Natalia como para su propia vida.<\/p>\n<p>Para muchos no est\u00e1 claro como es posible que la danza ayude a sanar, as\u00ed que le preguntamos a Natalia muy directamente c\u00f3mo es este proceso de Dansanando.<\/p>\n<blockquote class=\"td_quote_box td_box_center\">\n<h4>\u201cEs un proceso que act\u00faa como un espiral que va de afuera hacia adentro, primero aprendes a conocer muchas de tus capacidades f\u00edsicas y a superar tus limitaciones en cuanto a poder moverte de formas determinadas.&#8221;<\/h4>\n<\/blockquote>\n<p>&nbsp;<\/p>\n<p>Por lo que ella nos responde \u00fanicamente queda se\u00f1alar que todos los procesos requieren tiempo y esfuezo adem\u00e1s de paciencia y sin duda son individuales. Posiblemente una persona pueda decinos que en un mes de clases se ha sentido incre\u00edble y que la evoluci\u00f3n es notoria e inmediata y otra persona que requiera meses.<\/p>\n<p>&nbsp;<\/p>\n<h3><strong><span style=\"color: #138a8d;\">Los cursos y las clases<\/span><\/strong><\/h3>\n<p>Muchos se preguntar\u00e1n y d\u00f3nde o c\u00f3mo me puedo inscribir con Hana Dancer, pues bien si vives en Montr\u00e9al puedes acceder a sus cursos. Esto puede ser de forma regular tanto grupal o individual.<\/p>\n<p>Por lo general las clases tienen una duraci\u00f3n de hora y media a dos horas, la din\u00e1mica es que<strong><span style=\"color: #138a8d;\"> mediante el aprendizaje de la danza oriental y la respiraci\u00f3n consciente<\/span><\/strong> van surgiendo diversas situaciones que se gestan por el movimiento.<\/p>\n<p>Natalia va todo el tiempo guiando y apoyando en esos procesos de autodescubrimiento y reencuentro a sus estudiantes. Juntos construyen una nueva forma de verse a s\u00ed mismos y su realidad.<\/p>\n<p>Ahora en Montr\u00e9al, Canad\u00e1, se encuentra trabajando con un grupo de mujeres que motivadas por aprender danza oriental tambi\u00e9n se han permitido un espacio de autoconocimiento y descubrimiento personal.<\/p>\n<p>Tambi\u00e9n imparte talleres, conferencias y seminarios, estos se dise\u00f1an y elaboran a petici\u00f3n de la instituci\u00f3n o el grupo que tenga el inter\u00e9s en brindar a su equipo, clientes o miembros un espacio de danzaterapia con el sistema Dansando, estos se desarrollan de acuerdo a las necesidades de qui\u00e9n lo pide.<\/p>\n<p>&nbsp;<\/p>\n<h3><strong><span style=\"color: #138a8d;\">La labor de terapeuta<\/span><\/strong><\/h3>\n<p>Para la dedicada maestra y psic\u00f3loga lo m\u00e1s satisfactorio de su labor es sin lugar a duda el acto de bondad que realiza al ayudar a los dem\u00e1s.<\/p>\n<blockquote class=\"td_quote_box td_box_left\">\n<h4>\u201cBailar en s\u00ed mismo es un acto que te genera profundo bienestar, ahora bien, si tu puedes ayudar a otros a sentirse bien mediante el aprendizaje de la danza\u00a0 ese es ya el punto m\u00e1s alto de mi labor, ah\u00ed siento que estoy totalmente realizada.\u201d<\/h4>\n<\/blockquote>\n<p>Su labor le recuerda y la hace ratificar la raz\u00f3n por la que desde tiempos inmemorables los humanos creamos la expresi\u00f3n del movimiento a trav\u00e9s de la danza como forma de sanaci\u00f3n. <strong><span style=\"color: #138a8d;\">Para ella es un gusto cuando se retoma dicho camino<\/span><\/strong>. Por que sabe todo el poder que se tiene con el movimiento consciente y lo que implica ponemos al servicio de los dem\u00e1s.<\/p>\n<p>Ninguna labor es f\u00e1cil, pero los obst\u00e1culos vencidos muestran de que estamos hechos, Natalia no es la excepci\u00f3n, ella sabe perfectamente que lo primero para triunfar es eliminar los l\u00edmites que uno mismo se coloca.<\/p>\n<div class=\"mceTemp\"><\/div>\n<figure id=\"attachment_9483\" aria-describedby=\"caption-attachment-9483\" style=\"width: 996px\" class=\"wp-caption aligncenter\"><img loading=\"lazy\" decoding=\"async\" class=\"size-full wp-image-9483\" src=\"https:\/\/solkes.com\/wp-content\/uploads\/2020\/10\/hana-dancer2008_05.jpg\" alt=\"\" width=\"996\" height=\"601\" srcset=\"https:\/\/solkes.com\/wp-content\/uploads\/2020\/10\/hana-dancer2008_05.jpg 996w, https:\/\/solkes.com\/wp-content\/uploads\/2020\/10\/hana-dancer2008_05-300x181.jpg 300w, https:\/\/solkes.com\/wp-content\/uploads\/2020\/10\/hana-dancer2008_05-768x463.jpg 768w, https:\/\/solkes.com\/wp-content\/uploads\/2020\/10\/hana-dancer2008_05-320x193.jpg 320w\" sizes=\"(max-width: 996px) 100vw, 996px\" \/><figcaption id=\"caption-attachment-9483\" class=\"wp-caption-text\">Mar\u00eda Conchita Cortes<\/figcaption><\/figure>\n<p>Como ejemplo nos comenta que ella no se sent\u00eda prepara o con las suficientes herramientas para crear el sistema de danzaterapia. Esto sin importar que en realidad ya lo hac\u00eda sin darse cuenta y que ten\u00eda ya 15 a\u00f1os de experiencia como bailarina, profesora y psic\u00f3loga.<\/p>\n<p>Se le dificultaba consolidar sus conocimientos intelectuales y vivenciales. Pero como la mujer fuerte que es se decidi\u00f3 a quitar sus limitantes y a seguir con su labor con una visi\u00f3n de construcci\u00f3n, siempre mejorar es una meta.<\/p>\n<p>Natalia no s\u00f3lo es docente, se sigue dedicando al baile profesional y le encanta hacer performances para ayudar a otros a trav\u00e9s de la apreciaci\u00f3n de su arte. Tambi\u00e9n hace presentaciones en eventos privados y en d\u00f3nde la inviten a presentarse.<\/p>\n<p>En algunos lugares de Canad\u00e1 lo hace en forma de un voluntariado. El costo para ver las presentaciones varia seg\u00fan la organizaci\u00f3n y los gastos para realizar la misma.<\/p>\n<p>&nbsp;<\/p>\n<h3><strong><span style=\"color: #138a8d;\">Las metas<\/span><\/strong><\/h3>\n<p>Para Natalia su principal motor es seguir ayudando y aportando al mundo. Entre sus metas se encuentra llega a m\u00e1s gente en Canad\u00e1 y el mundo, aunque ya cuenta con algunos espacios en Mont\u00e9al quiere conseguir m\u00e1s.<\/p>\n<figure id=\"attachment_9479\" aria-describedby=\"caption-attachment-9479\" style=\"width: 300px\" class=\"wp-caption alignright\"><img loading=\"lazy\" decoding=\"async\" class=\"wp-image-9479\" src=\"https:\/\/solkes.com\/wp-content\/uploads\/2020\/10\/hana-dancer2008_03-187x300.jpg\" alt=\"\" width=\"300\" height=\"482\" srcset=\"https:\/\/solkes.com\/wp-content\/uploads\/2020\/10\/hana-dancer2008_03-187x300.jpg 187w, https:\/\/solkes.com\/wp-content\/uploads\/2020\/10\/hana-dancer2008_03-299x480.jpg 299w, https:\/\/solkes.com\/wp-content\/uploads\/2020\/10\/hana-dancer2008_03.jpg 620w\" sizes=\"(max-width: 300px) 100vw, 300px\" \/><figcaption id=\"caption-attachment-9479\" class=\"wp-caption-text\">Oscar L\u00f3pez \u00a9 Solkes<\/figcaption><\/figure>\n<p>Tenemos que agregar que tambi\u00e9n desea que m\u00e1s profesionales de la danza y terapeutas conozcan su sistema y lo repliquen para que la ayuda llegue a todos.<\/p>\n<p>Para los que estamos algo retirados podemos seguirla en sus redes sociales y de esta manera apoyar a la difusi\u00f3n de este valioso sistema de Dansanando y de la impresionante Natalia.<\/p>\n<p>Si se encuentran por Montr\u00e9al d\u00e9nse la posibilidad de admirar alguna de sus presentaciones o incluso formen parte de sus cursos.<\/p>\n<p><span class=\"dropcap dropcap2\" style=\"color: #138a8d;\">N<\/span>atalia es una gran persona que desea el bien para todo el mundo. Esta exitosa mujer es una excelente profesional que<strong><span style=\"color: #138a8d;\"> imparte sus conocimientos y su regala su arte <\/span><\/strong>a trav\u00e9s de la danza.<\/p>\n","protected":false},"excerpt":{"rendered":"<p>Natalia Rodr\u00edguez Bejarano o Hana Dancer nacida en Colombia y residente en Canad\u00e1 es la mujer que se ha desarrollado tanto f\u00edsica como mentalmente y transmite su conocimiento sobre c\u00f3mo llevarlo acaba diariamente. Todo esto lo hace a trav\u00e9s de la psicolog\u00eda y la danza, en una fusi\u00f3n que ella ha creado. &nbsp; La rese\u00f1a [&hellip;]<\/p>\n","protected":false},"author":52,"featured_media":7338,"comment_status":"open","ping_status":"open","sticky":false,"template":"","format":"standard","meta":{"_acf_changed":false,"_exactmetrics_skip_tracking":false,"_exactmetrics_sitenote_active":false,"_exactmetrics_sitenote_note":"","_exactmetrics_sitenote_category":0,"site-sidebar-layout":"default","site-content-layout":"default","ast-site-content-layout":"default","site-content-style":"default","site-sidebar-style":"default","ast-global-header-display":"","ast-banner-title-visibility":"","ast-main-header-display":"","ast-hfb-above-header-display":"","ast-hfb-below-header-display":"","ast-hfb-mobile-header-display":"","site-post-title":"","ast-breadcrumbs-content":"","ast-featured-img":"","footer-sml-layout":"","theme-transparent-header-meta":"default","adv-header-id-meta":"","stick-header-meta":"","header-above-stick-meta":"","header-main-stick-meta":"","header-below-stick-meta":"","astra-migrate-meta-layouts":"default","ast-page-background-enabled":"default","ast-page-background-meta":{"desktop":{"background-color":"","background-image":"","background-repeat":"repeat","background-position":"center center","background-size":"auto","background-attachment":"scroll","background-type":"","background-media":"","overlay-type":"","overlay-color":"","overlay-opacity":"","overlay-gradient":""},"tablet":{"background-color":"","background-image":"","background-repeat":"repeat","background-position":"center center","background-size":"auto","background-attachment":"scroll","background-type":"","background-media":"","overlay-type":"","overlay-color":"","overlay-opacity":"","overlay-gradient":""},"mobile":{"background-color":"","background-image":"","background-repeat":"repeat","background-position":"center center","background-size":"auto","background-attachment":"scroll","background-type":"","background-media":"","overlay-type":"","overlay-color":"","overlay-opacity":"","overlay-gradient":""}},"ast-content-background-meta":{"desktop":{"background-color":"var(--ast-global-color-5)","background-image":"","background-repeat":"repeat","background-position":"center center","background-size":"auto","background-attachment":"scroll","background-type":"","background-media":"","overlay-type":"","overlay-color":"","overlay-opacity":"","overlay-gradient":""},"tablet":{"background-color":"var(--ast-global-color-5)","background-image":"","background-repeat":"repeat","background-position":"center center","background-size":"auto","background-attachment":"scroll","background-type":"","background-media":"","overlay-type":"","overlay-color":"","overlay-opacity":"","overlay-gradient":""},"mobile":{"background-color":"var(--ast-global-color-5)","background-image":"","background-repeat":"repeat","background-position":"center center","background-size":"auto","background-attachment":"scroll","background-type":"","background-media":"","overlay-type":"","overlay-color":"","overlay-opacity":"","overlay-gradient":""}},"footnotes":""},"categories":[27],"tags":[230,28,401,402],"class_list":["post-6634","post","type-post","status-publish","format-standard","has-post-thumbnail","hentry","category-el-obturador","tag-baile","tag-el-obturador-es","tag-hana-dancer-es","tag-terapia"],"acf":[],"yoast_head":"<!-- This site is optimized with the Yoast SEO plugin v27.4 - https:\/\/yoast.com\/product\/yoast-seo-wordpress\/ -->\n<title>Hana Dancer: la bailarina psicologa - Solkes Magazine<\/title>\n<meta name=\"description\" content=\"Hana Dancer ha fusionada la psicolog\u00eda y la danza para desarrollar una pedagog\u00eda propia y un enfoque terap\u00e9utico diferente.\" \/>\n<meta name=\"robots\" content=\"index, follow, max-snippet:-1, max-image-preview:large, max-video-preview:-1\" \/>\n<link rel=\"canonical\" href=\"https:\/\/solkes.com\/el-obturador\/2020\/07\/hana-dancer-la-bailarina-psicologa\/\" \/>\n<meta property=\"og:locale\" content=\"en_US\" \/>\n<meta property=\"og:type\" content=\"article\" \/>\n<meta property=\"og:title\" content=\"Hana Dancer: la bailarina psicologa - Solkes Magazine\" \/>\n<meta property=\"og:description\" content=\"Hana Dancer ha fusionada la psicolog\u00eda y la danza para desarrollar una pedagog\u00eda propia y un enfoque terap\u00e9utico diferente.\" \/>\n<meta property=\"og:url\" content=\"https:\/\/solkes.com\/el-obturador\/2020\/07\/hana-dancer-la-bailarina-psicologa\/\" \/>\n<meta property=\"og:site_name\" content=\"Solkes Magazine\" \/>\n<meta property=\"article:publisher\" content=\"https:\/\/www.facebook.com\/solkesmagazinee\/\" \/>\n<meta property=\"article:published_time\" content=\"2020-07-03T15:00:21+00:00\" \/>\n<meta property=\"article:modified_time\" content=\"2020-11-21T22:12:18+00:00\" \/>\n<meta property=\"og:image\" content=\"https:\/\/solkes.com\/wp-content\/uploads\/2020\/08\/2008_04-1-1.jpg\" \/>\n\t<meta property=\"og:image:width\" content=\"996\" \/>\n\t<meta property=\"og:image:height\" content=\"601\" \/>\n\t<meta property=\"og:image:type\" content=\"image\/jpeg\" \/>\n<meta name=\"author\" content=\"Arandy Kir\" \/>\n<meta name=\"twitter:card\" content=\"summary_large_image\" \/>\n<meta name=\"twitter:label1\" content=\"Written by\" \/>\n\t<meta name=\"twitter:data1\" content=\"Arandy Kir\" \/>\n\t<meta name=\"twitter:label2\" content=\"Est. reading time\" \/>\n\t<meta name=\"twitter:data2\" content=\"9 minutes\" \/>\n<script type=\"application\/ld+json\" class=\"yoast-schema-graph\">{\"@context\":\"https:\\\/\\\/schema.org\",\"@graph\":[{\"@type\":\"Article\",\"@id\":\"https:\\\/\\\/solkes.com\\\/el-obturador\\\/2020\\\/07\\\/hana-dancer-la-bailarina-psicologa\\\/#article\",\"isPartOf\":{\"@id\":\"https:\\\/\\\/solkes.com\\\/el-obturador\\\/2020\\\/07\\\/hana-dancer-la-bailarina-psicologa\\\/\"},\"author\":{\"name\":\"Arandy Kir\",\"@id\":\"https:\\\/\\\/solkes.com\\\/#\\\/schema\\\/person\\\/47f6965a8624c37f3fcfeb6abb4054ac\"},\"headline\":\"Hana Dancer: la bailarina psicologa\",\"datePublished\":\"2020-07-03T15:00:21+00:00\",\"dateModified\":\"2020-11-21T22:12:18+00:00\",\"mainEntityOfPage\":{\"@id\":\"https:\\\/\\\/solkes.com\\\/el-obturador\\\/2020\\\/07\\\/hana-dancer-la-bailarina-psicologa\\\/\"},\"wordCount\":1784,\"commentCount\":0,\"publisher\":{\"@id\":\"https:\\\/\\\/solkes.com\\\/#organization\"},\"image\":{\"@id\":\"https:\\\/\\\/solkes.com\\\/el-obturador\\\/2020\\\/07\\\/hana-dancer-la-bailarina-psicologa\\\/#primaryimage\"},\"thumbnailUrl\":\"https:\\\/\\\/solkes.com\\\/wp-content\\\/uploads\\\/2020\\\/08\\\/2008_04-1-1.jpg\",\"keywords\":[\"baile\",\"El Obturador\",\"Hana Dancer\",\"terapia\"],\"articleSection\":[\"El Obturador\"],\"inLanguage\":\"en-US\",\"potentialAction\":[{\"@type\":\"CommentAction\",\"name\":\"Comment\",\"target\":[\"https:\\\/\\\/solkes.com\\\/el-obturador\\\/2020\\\/07\\\/hana-dancer-la-bailarina-psicologa\\\/#respond\"]}]},{\"@type\":\"WebPage\",\"@id\":\"https:\\\/\\\/solkes.com\\\/el-obturador\\\/2020\\\/07\\\/hana-dancer-la-bailarina-psicologa\\\/\",\"url\":\"https:\\\/\\\/solkes.com\\\/el-obturador\\\/2020\\\/07\\\/hana-dancer-la-bailarina-psicologa\\\/\",\"name\":\"Hana Dancer: la bailarina psicologa - Solkes Magazine\",\"isPartOf\":{\"@id\":\"https:\\\/\\\/solkes.com\\\/#website\"},\"primaryImageOfPage\":{\"@id\":\"https:\\\/\\\/solkes.com\\\/el-obturador\\\/2020\\\/07\\\/hana-dancer-la-bailarina-psicologa\\\/#primaryimage\"},\"image\":{\"@id\":\"https:\\\/\\\/solkes.com\\\/el-obturador\\\/2020\\\/07\\\/hana-dancer-la-bailarina-psicologa\\\/#primaryimage\"},\"thumbnailUrl\":\"https:\\\/\\\/solkes.com\\\/wp-content\\\/uploads\\\/2020\\\/08\\\/2008_04-1-1.jpg\",\"datePublished\":\"2020-07-03T15:00:21+00:00\",\"dateModified\":\"2020-11-21T22:12:18+00:00\",\"description\":\"Hana Dancer ha fusionada la psicolog\u00eda y la danza para desarrollar una pedagog\u00eda propia y un enfoque terap\u00e9utico diferente.\",\"breadcrumb\":{\"@id\":\"https:\\\/\\\/solkes.com\\\/el-obturador\\\/2020\\\/07\\\/hana-dancer-la-bailarina-psicologa\\\/#breadcrumb\"},\"inLanguage\":\"en-US\",\"potentialAction\":[{\"@type\":\"ReadAction\",\"target\":[\"https:\\\/\\\/solkes.com\\\/el-obturador\\\/2020\\\/07\\\/hana-dancer-la-bailarina-psicologa\\\/\"]}]},{\"@type\":\"ImageObject\",\"inLanguage\":\"en-US\",\"@id\":\"https:\\\/\\\/solkes.com\\\/el-obturador\\\/2020\\\/07\\\/hana-dancer-la-bailarina-psicologa\\\/#primaryimage\",\"url\":\"https:\\\/\\\/solkes.com\\\/wp-content\\\/uploads\\\/2020\\\/08\\\/2008_04-1-1.jpg\",\"contentUrl\":\"https:\\\/\\\/solkes.com\\\/wp-content\\\/uploads\\\/2020\\\/08\\\/2008_04-1-1.jpg\",\"width\":996,\"height\":601,\"caption\":\"Mar\u00eda Conchita Cortes \u00a9 Solkes\"},{\"@type\":\"BreadcrumbList\",\"@id\":\"https:\\\/\\\/solkes.com\\\/el-obturador\\\/2020\\\/07\\\/hana-dancer-la-bailarina-psicologa\\\/#breadcrumb\",\"itemListElement\":[{\"@type\":\"ListItem\",\"position\":1,\"name\":\"Portada\",\"item\":\"https:\\\/\\\/solkes.com\\\/\"},{\"@type\":\"ListItem\",\"position\":2,\"name\":\"Hana Dancer: la bailarina psicologa\"}]},{\"@type\":\"WebSite\",\"@id\":\"https:\\\/\\\/solkes.com\\\/#website\",\"url\":\"https:\\\/\\\/solkes.com\\\/\",\"name\":\"Solkes Magazine\",\"description\":\"solkes.com\",\"publisher\":{\"@id\":\"https:\\\/\\\/solkes.com\\\/#organization\"},\"potentialAction\":[{\"@type\":\"SearchAction\",\"target\":{\"@type\":\"EntryPoint\",\"urlTemplate\":\"https:\\\/\\\/solkes.com\\\/?s={search_term_string}\"},\"query-input\":{\"@type\":\"PropertyValueSpecification\",\"valueRequired\":true,\"valueName\":\"search_term_string\"}}],\"inLanguage\":\"en-US\"},{\"@type\":\"Organization\",\"@id\":\"https:\\\/\\\/solkes.com\\\/#organization\",\"name\":\"Solkes Magazine\",\"url\":\"https:\\\/\\\/solkes.com\\\/\",\"logo\":{\"@type\":\"ImageObject\",\"inLanguage\":\"en-US\",\"@id\":\"https:\\\/\\\/solkes.com\\\/#\\\/schema\\\/logo\\\/image\\\/\",\"url\":\"https:\\\/\\\/solkes.com\\\/wp-content\\\/uploads\\\/2024\\\/09\\\/logo-SOLKES-820px-x-312px.png\",\"contentUrl\":\"https:\\\/\\\/solkes.com\\\/wp-content\\\/uploads\\\/2024\\\/09\\\/logo-SOLKES-820px-x-312px.png\",\"width\":411,\"height\":303,\"caption\":\"Solkes Magazine\"},\"image\":{\"@id\":\"https:\\\/\\\/solkes.com\\\/#\\\/schema\\\/logo\\\/image\\\/\"},\"sameAs\":[\"https:\\\/\\\/www.facebook.com\\\/solkesmagazinee\\\/\",\"https:\\\/\\\/instagram.com\\\/solkesmagazine\\\/\"]},{\"@type\":\"Person\",\"@id\":\"https:\\\/\\\/solkes.com\\\/#\\\/schema\\\/person\\\/47f6965a8624c37f3fcfeb6abb4054ac\",\"name\":\"Arandy Kir\",\"image\":{\"@type\":\"ImageObject\",\"inLanguage\":\"en-US\",\"@id\":\"https:\\\/\\\/secure.gravatar.com\\\/avatar\\\/9df82347d51b876126a4ffb3cbda32ed137dd24ec6b30a4bcea47e22a2a0c2a4?s=96&d=identicon&r=g\",\"url\":\"https:\\\/\\\/secure.gravatar.com\\\/avatar\\\/9df82347d51b876126a4ffb3cbda32ed137dd24ec6b30a4bcea47e22a2a0c2a4?s=96&d=identicon&r=g\",\"contentUrl\":\"https:\\\/\\\/secure.gravatar.com\\\/avatar\\\/9df82347d51b876126a4ffb3cbda32ed137dd24ec6b30a4bcea47e22a2a0c2a4?s=96&d=identicon&r=g\",\"caption\":\"Arandy Kir\"},\"description\":\"Arandy naci\u00f3 en Aguascalientes, Aguascalientes, M\u00e9xico, el 19 de julio de 1990. Desde los 13 a\u00f1os comenz\u00f3 a desarrollar su escritura creativa, participando en talleres literarios en el CIELA (Centro de Investigaci\u00f3n y Estudios Literarios de Aguascalientes), lo que la llev\u00f3 a decidir estudiar la Licenciatura en Letras Hisp\u00e1nicas en la Universidad Aut\u00f3noma de Aguascalientes (UAA). Durante el sexto semestre realiz\u00f3 un intercambio acad\u00e9mico en la Universidad de Regensburg, Alemania. Actualmente vive en N\u00faremberg, Alemania. Es esposa y madre, colaboradora de Solkes Magazine y participa en la iniciativa feminista Colectiva Interseccional Feminista, donde apoyan a mujeres que necesitan cualquier tipo de orientaci\u00f3n. Adem\u00e1s, est\u00e1 redactando dos proyectos personales: dos libros. ********************************************************************************************** Arandy was born in Aguascalientes, Aguascalientes, Mexico, on July 19, 1990. At the age of 13, she began developing her creative writing skills by participating in literary workshops at CIELA (Center for Literary Research and Studies of Aguascalientes), which inspired her to pursue a degree in Hispanic Letters at the Autonomous University of Aguascalientes (UAA). During her sixth semester, she completed an academic exchange at the University of Regensburg, Germany. She currently lives in Nuremberg, Germany. She is a wife and mother, a contributor to Solkes Magazine, and an active member of the feminist initiative Colectiva Interseccional Feminista, which supports women seeking various forms of guidance. She is also currently writing two personal projects \u2014 two books. ************************************************************************************************ Arandy wurde am 19. Juli 1990 in Aguascalientes, Aguascalientes, Mexiko, geboren. Bereits mit 13 Jahren begann sie, ihre kreative Schreibf\u00e4higkeit zu entwickeln, indem sie an literarischen Workshops im CIELA (Forschungs- und Studienzentrum f\u00fcr Literatur in Aguascalientes) teilnahm. Dies f\u00fchrte dazu, dass sie sich entschied, Hispanische Literatur an der Autonomen Universit\u00e4t von Aguascalientes (UAA) zu studieren. Im sechsten Semester absolvierte sie einen akademischen Austausch an der Universit\u00e4t Regensburg, Deutschland. Heute lebt sie in N\u00fcrnberg, Deutschland. Sie ist Ehefrau und Mutter, Mitarbeiterin bei Solkes Magazine und engagiert sich in der feministischen Initiative Colectiva Interseccional Feminista, die Frauen unterst\u00fctzt, die jegliche Art von Beratung ben\u00f6tigen. Derzeit arbeitet sie auch an zwei pers\u00f6nlichen Projekten \u2014 zwei B\u00fcchern.\",\"url\":\"https:\\\/\\\/solkes.com\\\/en\\\/author\\\/arandy-marquez-carrillo\\\/\"}]}<\/script>\n<!-- \/ Yoast SEO plugin. -->","yoast_head_json":{"title":"Hana Dancer: la bailarina psicologa - Solkes Magazine","description":"Hana Dancer ha fusionada la psicolog\u00eda y la danza para desarrollar una pedagog\u00eda propia y un enfoque terap\u00e9utico diferente.","robots":{"index":"index","follow":"follow","max-snippet":"max-snippet:-1","max-image-preview":"max-image-preview:large","max-video-preview":"max-video-preview:-1"},"canonical":"https:\/\/solkes.com\/el-obturador\/2020\/07\/hana-dancer-la-bailarina-psicologa\/","og_locale":"en_US","og_type":"article","og_title":"Hana Dancer: la bailarina psicologa - Solkes Magazine","og_description":"Hana Dancer ha fusionada la psicolog\u00eda y la danza para desarrollar una pedagog\u00eda propia y un enfoque terap\u00e9utico diferente.","og_url":"https:\/\/solkes.com\/el-obturador\/2020\/07\/hana-dancer-la-bailarina-psicologa\/","og_site_name":"Solkes Magazine","article_publisher":"https:\/\/www.facebook.com\/solkesmagazinee\/","article_published_time":"2020-07-03T15:00:21+00:00","article_modified_time":"2020-11-21T22:12:18+00:00","og_image":[{"width":996,"height":601,"url":"https:\/\/solkes.com\/wp-content\/uploads\/2020\/08\/2008_04-1-1.jpg","type":"image\/jpeg"}],"author":"Arandy Kir","twitter_card":"summary_large_image","twitter_misc":{"Written by":"Arandy Kir","Est. reading time":"9 minutes"},"schema":{"@context":"https:\/\/schema.org","@graph":[{"@type":"Article","@id":"https:\/\/solkes.com\/el-obturador\/2020\/07\/hana-dancer-la-bailarina-psicologa\/#article","isPartOf":{"@id":"https:\/\/solkes.com\/el-obturador\/2020\/07\/hana-dancer-la-bailarina-psicologa\/"},"author":{"name":"Arandy Kir","@id":"https:\/\/solkes.com\/#\/schema\/person\/47f6965a8624c37f3fcfeb6abb4054ac"},"headline":"Hana Dancer: la bailarina psicologa","datePublished":"2020-07-03T15:00:21+00:00","dateModified":"2020-11-21T22:12:18+00:00","mainEntityOfPage":{"@id":"https:\/\/solkes.com\/el-obturador\/2020\/07\/hana-dancer-la-bailarina-psicologa\/"},"wordCount":1784,"commentCount":0,"publisher":{"@id":"https:\/\/solkes.com\/#organization"},"image":{"@id":"https:\/\/solkes.com\/el-obturador\/2020\/07\/hana-dancer-la-bailarina-psicologa\/#primaryimage"},"thumbnailUrl":"https:\/\/solkes.com\/wp-content\/uploads\/2020\/08\/2008_04-1-1.jpg","keywords":["baile","El Obturador","Hana Dancer","terapia"],"articleSection":["El Obturador"],"inLanguage":"en-US","potentialAction":[{"@type":"CommentAction","name":"Comment","target":["https:\/\/solkes.com\/el-obturador\/2020\/07\/hana-dancer-la-bailarina-psicologa\/#respond"]}]},{"@type":"WebPage","@id":"https:\/\/solkes.com\/el-obturador\/2020\/07\/hana-dancer-la-bailarina-psicologa\/","url":"https:\/\/solkes.com\/el-obturador\/2020\/07\/hana-dancer-la-bailarina-psicologa\/","name":"Hana Dancer: la bailarina psicologa - Solkes Magazine","isPartOf":{"@id":"https:\/\/solkes.com\/#website"},"primaryImageOfPage":{"@id":"https:\/\/solkes.com\/el-obturador\/2020\/07\/hana-dancer-la-bailarina-psicologa\/#primaryimage"},"image":{"@id":"https:\/\/solkes.com\/el-obturador\/2020\/07\/hana-dancer-la-bailarina-psicologa\/#primaryimage"},"thumbnailUrl":"https:\/\/solkes.com\/wp-content\/uploads\/2020\/08\/2008_04-1-1.jpg","datePublished":"2020-07-03T15:00:21+00:00","dateModified":"2020-11-21T22:12:18+00:00","description":"Hana Dancer ha fusionada la psicolog\u00eda y la danza para desarrollar una pedagog\u00eda propia y un enfoque terap\u00e9utico diferente.","breadcrumb":{"@id":"https:\/\/solkes.com\/el-obturador\/2020\/07\/hana-dancer-la-bailarina-psicologa\/#breadcrumb"},"inLanguage":"en-US","potentialAction":[{"@type":"ReadAction","target":["https:\/\/solkes.com\/el-obturador\/2020\/07\/hana-dancer-la-bailarina-psicologa\/"]}]},{"@type":"ImageObject","inLanguage":"en-US","@id":"https:\/\/solkes.com\/el-obturador\/2020\/07\/hana-dancer-la-bailarina-psicologa\/#primaryimage","url":"https:\/\/solkes.com\/wp-content\/uploads\/2020\/08\/2008_04-1-1.jpg","contentUrl":"https:\/\/solkes.com\/wp-content\/uploads\/2020\/08\/2008_04-1-1.jpg","width":996,"height":601,"caption":"Mar\u00eda Conchita Cortes \u00a9 Solkes"},{"@type":"BreadcrumbList","@id":"https:\/\/solkes.com\/el-obturador\/2020\/07\/hana-dancer-la-bailarina-psicologa\/#breadcrumb","itemListElement":[{"@type":"ListItem","position":1,"name":"Portada","item":"https:\/\/solkes.com\/"},{"@type":"ListItem","position":2,"name":"Hana Dancer: la bailarina psicologa"}]},{"@type":"WebSite","@id":"https:\/\/solkes.com\/#website","url":"https:\/\/solkes.com\/","name":"Solkes Magazine","description":"solkes.com","publisher":{"@id":"https:\/\/solkes.com\/#organization"},"potentialAction":[{"@type":"SearchAction","target":{"@type":"EntryPoint","urlTemplate":"https:\/\/solkes.com\/?s={search_term_string}"},"query-input":{"@type":"PropertyValueSpecification","valueRequired":true,"valueName":"search_term_string"}}],"inLanguage":"en-US"},{"@type":"Organization","@id":"https:\/\/solkes.com\/#organization","name":"Solkes Magazine","url":"https:\/\/solkes.com\/","logo":{"@type":"ImageObject","inLanguage":"en-US","@id":"https:\/\/solkes.com\/#\/schema\/logo\/image\/","url":"https:\/\/solkes.com\/wp-content\/uploads\/2024\/09\/logo-SOLKES-820px-x-312px.png","contentUrl":"https:\/\/solkes.com\/wp-content\/uploads\/2024\/09\/logo-SOLKES-820px-x-312px.png","width":411,"height":303,"caption":"Solkes Magazine"},"image":{"@id":"https:\/\/solkes.com\/#\/schema\/logo\/image\/"},"sameAs":["https:\/\/www.facebook.com\/solkesmagazinee\/","https:\/\/instagram.com\/solkesmagazine\/"]},{"@type":"Person","@id":"https:\/\/solkes.com\/#\/schema\/person\/47f6965a8624c37f3fcfeb6abb4054ac","name":"Arandy Kir","image":{"@type":"ImageObject","inLanguage":"en-US","@id":"https:\/\/secure.gravatar.com\/avatar\/9df82347d51b876126a4ffb3cbda32ed137dd24ec6b30a4bcea47e22a2a0c2a4?s=96&d=identicon&r=g","url":"https:\/\/secure.gravatar.com\/avatar\/9df82347d51b876126a4ffb3cbda32ed137dd24ec6b30a4bcea47e22a2a0c2a4?s=96&d=identicon&r=g","contentUrl":"https:\/\/secure.gravatar.com\/avatar\/9df82347d51b876126a4ffb3cbda32ed137dd24ec6b30a4bcea47e22a2a0c2a4?s=96&d=identicon&r=g","caption":"Arandy Kir"},"description":"Arandy naci\u00f3 en Aguascalientes, Aguascalientes, M\u00e9xico, el 19 de julio de 1990. Desde los 13 a\u00f1os comenz\u00f3 a desarrollar su escritura creativa, participando en talleres literarios en el CIELA (Centro de Investigaci\u00f3n y Estudios Literarios de Aguascalientes), lo que la llev\u00f3 a decidir estudiar la Licenciatura en Letras Hisp\u00e1nicas en la Universidad Aut\u00f3noma de Aguascalientes (UAA). Durante el sexto semestre realiz\u00f3 un intercambio acad\u00e9mico en la Universidad de Regensburg, Alemania. Actualmente vive en N\u00faremberg, Alemania. Es esposa y madre, colaboradora de Solkes Magazine y participa en la iniciativa feminista Colectiva Interseccional Feminista, donde apoyan a mujeres que necesitan cualquier tipo de orientaci\u00f3n. Adem\u00e1s, est\u00e1 redactando dos proyectos personales: dos libros. ********************************************************************************************** Arandy was born in Aguascalientes, Aguascalientes, Mexico, on July 19, 1990. At the age of 13, she began developing her creative writing skills by participating in literary workshops at CIELA (Center for Literary Research and Studies of Aguascalientes), which inspired her to pursue a degree in Hispanic Letters at the Autonomous University of Aguascalientes (UAA). During her sixth semester, she completed an academic exchange at the University of Regensburg, Germany. She currently lives in Nuremberg, Germany. She is a wife and mother, a contributor to Solkes Magazine, and an active member of the feminist initiative Colectiva Interseccional Feminista, which supports women seeking various forms of guidance. She is also currently writing two personal projects \u2014 two books. ************************************************************************************************ Arandy wurde am 19. Juli 1990 in Aguascalientes, Aguascalientes, Mexiko, geboren. Bereits mit 13 Jahren begann sie, ihre kreative Schreibf\u00e4higkeit zu entwickeln, indem sie an literarischen Workshops im CIELA (Forschungs- und Studienzentrum f\u00fcr Literatur in Aguascalientes) teilnahm. Dies f\u00fchrte dazu, dass sie sich entschied, Hispanische Literatur an der Autonomen Universit\u00e4t von Aguascalientes (UAA) zu studieren. Im sechsten Semester absolvierte sie einen akademischen Austausch an der Universit\u00e4t Regensburg, Deutschland. Heute lebt sie in N\u00fcrnberg, Deutschland. Sie ist Ehefrau und Mutter, Mitarbeiterin bei Solkes Magazine und engagiert sich in der feministischen Initiative Colectiva Interseccional Feminista, die Frauen unterst\u00fctzt, die jegliche Art von Beratung ben\u00f6tigen. Derzeit arbeitet sie auch an zwei pers\u00f6nlichen Projekten \u2014 zwei B\u00fcchern.","url":"https:\/\/solkes.com\/en\/author\/arandy-marquez-carrillo\/"}]}},"_links":{"self":[{"href":"https:\/\/solkes.com\/en\/wp-json\/wp\/v2\/posts\/6634","targetHints":{"allow":["GET"]}}],"collection":[{"href":"https:\/\/solkes.com\/en\/wp-json\/wp\/v2\/posts"}],"about":[{"href":"https:\/\/solkes.com\/en\/wp-json\/wp\/v2\/types\/post"}],"author":[{"embeddable":true,"href":"https:\/\/solkes.com\/en\/wp-json\/wp\/v2\/users\/52"}],"replies":[{"embeddable":true,"href":"https:\/\/solkes.com\/en\/wp-json\/wp\/v2\/comments?post=6634"}],"version-history":[{"count":7,"href":"https:\/\/solkes.com\/en\/wp-json\/wp\/v2\/posts\/6634\/revisions"}],"predecessor-version":[{"id":11835,"href":"https:\/\/solkes.com\/en\/wp-json\/wp\/v2\/posts\/6634\/revisions\/11835"}],"wp:featuredmedia":[{"embeddable":true,"href":"https:\/\/solkes.com\/en\/wp-json\/wp\/v2\/media\/7338"}],"wp:attachment":[{"href":"https:\/\/solkes.com\/en\/wp-json\/wp\/v2\/media?parent=6634"}],"wp:term":[{"taxonomy":"category","embeddable":true,"href":"https:\/\/solkes.com\/en\/wp-json\/wp\/v2\/categories?post=6634"},{"taxonomy":"post_tag","embeddable":true,"href":"https:\/\/solkes.com\/en\/wp-json\/wp\/v2\/tags?post=6634"}],"curies":[{"name":"wp","href":"https:\/\/api.w.org\/{rel}","templated":true}]}}