{"id":4742,"date":"2018-10-03T10:00:24","date_gmt":"2018-10-03T08:00:24","guid":{"rendered":"http:\/\/solkes.com\/?p=4742"},"modified":"2020-11-29T15:44:58","modified_gmt":"2020-11-29T13:44:58","slug":"the-sense-is-green","status":"publish","type":"post","link":"https:\/\/solkes.com\/en\/leaving-a-mark\/2018\/10\/the-sense-is-green\/","title":{"rendered":"The sense is green"},"content":{"rendered":"<p><span class=\"dropcap dropcap2\" style=\"color: #138a8d;\">W<\/span>e always talk about the environmental crisis, its severity, its effects, and criticisms. We have even considered the need to analyze the degree of commitment to the environment and \/ or responsibility with the ecological footprint that we generate on a daily basis.<\/p>\n<h3><strong><span style=\"color: #138a8d;\">The environmental battle<\/span><\/strong><\/h3>\n<p>In order to fight, solve and win the battle against the environmental problems it is fundamental to raise awareness in societies about the environmental reality.<\/p>\n<p>A reality that is degrading our home, health and the quality of life of all humanity.<\/p>\n<p>Currently, the concept of sustainability in companies and in our workplaces is <span style=\"color: #138a8d;\"><strong>increasingly important, popular and achievable.<\/strong><\/span><\/p>\n<p>The truth is that there can be no environmental awareness if there is a lack of knowledge of the environment. For this reason, education is essential.<\/p>\n<p>The idea is to generate knowledge, sensitivity and feelings towards all ecological issues. This is exactly what the <strong><span style=\"color: #138a8d;\">Sentido Verde<\/span><\/strong> does.<\/p>\n<figure id=\"attachment_4430\" aria-describedby=\"caption-attachment-4430\" style=\"width: 996px\" class=\"wp-caption aligncenter\"><a href=\"http:\/\/solkes.com\/wp-content\/uploads\/2019\/09\/1806_02-1.jpg\"><img fetchpriority=\"high\" decoding=\"async\" class=\"size-full wp-image-4430\" src=\"http:\/\/solkes.com\/wp-content\/uploads\/2019\/09\/1806_02-1.jpg\" alt=\"\" width=\"996\" height=\"601\" \/><\/a><figcaption id=\"caption-attachment-4430\" class=\"wp-caption-text\">Sentido Verde \u00a9 Solkes<\/figcaption><\/figure>\n<p>&nbsp;<\/p>\n<h3><strong><span style=\"color: #138a8d;\">Green Sense (Sentido Verde)<\/span><\/strong><\/h3>\n<p>Sentido Verde (Green Sense) was born 9 years ago. <strong><span style=\"color: #138a8d;\">Three entrepreneurial women who had worked together in the Vice Presidency of the Colombia, decided to join forces.<\/span><\/strong> Each one in different disciplines: a communications expert, an ecology expert and a government and international relations.<\/p>\n<p>Little by little they realized that although the world had started talking about sustainable development, neither the companies nor the people knew about this.<\/p>\n<figure id=\"attachment_4432\" aria-describedby=\"caption-attachment-4432\" style=\"width: 300px\" class=\"wp-caption alignleft\"><a href=\"http:\/\/solkes.com\/wp-content\/uploads\/2019\/09\/1806_03-1.jpg\"><img decoding=\"async\" class=\"size-medium wp-image-4432\" src=\"http:\/\/solkes.com\/wp-content\/uploads\/2019\/09\/1806_03-1-300x482.jpg\" alt=\"\" width=\"300\" height=\"482\" \/><\/a><figcaption id=\"caption-attachment-4432\" class=\"wp-caption-text\">Sentido Verde \u00a9 Solkes<\/figcaption><\/figure>\n<p>They <strong><span style=\"color: #138a8d;\">design, execute and measure results of environmental awareness and education strategies<\/span><\/strong> that contribute to the country&#8217;s sustainability (Colombia).<\/p>\n<p>But on paper almost everything looks pretty good.<\/p>\n<p>For this reason, we set ourselves the task of talking with <strong><span style=\"color: #138a8d;\">Daniela Zuluaga<\/span><\/strong>, general manager of Sentido Verde, in order to see the background they have.<\/p>\n<p><strong><span style=\"color: #138a8d;\">Laura Viera A:<\/span><\/strong> Why was Sentido Verde born?<\/p>\n<p><strong><span style=\"color: #138a8d;\">Sentido Verde:<\/span><\/strong> Well, no one taught us what sustainable development was and what was happening with the planet, the people who live in it and what are those habits and behaviors that we must change to live in this world. <strong><span style=\"color: #138a8d;\">That is why Sentido Verde was born.<\/span><\/strong><\/p>\n<p>&nbsp;<\/p>\n<h3><strong><span style=\"color: #138a8d;\">The seventh sense<\/span><\/strong><\/h3>\n<p>They claim that for them it is like <strong><span style=\"color: #138a8d;\">the seventh sense,<\/span><\/strong> there are the 5 senses, <strong><span style=\"color: #138a8d;\">the sixth is intuition and the seventh should be the green sense.<\/span><\/strong> This sense connects the heart with the mind and our environment and leads us to act in harmony with the environment.<\/p>\n<figure id=\"attachment_4433\" aria-describedby=\"caption-attachment-4433\" style=\"width: 996px\" class=\"wp-caption aligncenter\"><a href=\"http:\/\/solkes.com\/wp-content\/uploads\/2019\/09\/1806_04-1.jpg\"><img decoding=\"async\" class=\"size-full wp-image-4433\" src=\"http:\/\/solkes.com\/wp-content\/uploads\/2019\/09\/1806_04-1.jpg\" alt=\"\" width=\"996\" height=\"601\" \/><\/a><figcaption id=\"caption-attachment-4433\" class=\"wp-caption-text\">Laura Viera A \u00a9 Solkes<\/figcaption><\/figure>\n<p><strong><span style=\"color: #138a8d;\">Laura Viera A:<\/span><\/strong> Why is it important to generate a new culture, change minds and habits from emotion and not just from reason?<\/p>\n<figure id=\"attachment_4434\" aria-describedby=\"caption-attachment-4434\" style=\"width: 300px\" class=\"wp-caption alignright\"><a href=\"http:\/\/solkes.com\/wp-content\/uploads\/2019\/09\/1806_05-1.jpg\"><img loading=\"lazy\" decoding=\"async\" class=\"size-medium wp-image-4434\" src=\"http:\/\/solkes.com\/wp-content\/uploads\/2019\/09\/1806_05-1-300x482.jpg\" alt=\"\" width=\"300\" height=\"482\" \/><\/a><figcaption id=\"caption-attachment-4434\" class=\"wp-caption-text\">Laura Viera A \u00a9 Solkes<\/figcaption><\/figure>\n<p><strong><span style=\"color: #138a8d;\">Sentido Verde:<\/span><\/strong> Normally when strategies or cultural campaign changes are made, people are told what they should do. We provide an education that impacts the heart because what we need to change and generate are new beliefs. People act according to what they believe and if they believe that water is never going to end (which is what we are taught at school, because water is a cycle), you will never have the habit of closing the faucet or using water properly. And how are new beliefs generated? Through experiences that impact the heart and emotion. People learn from the emotion and then we introduce rationality.<\/p>\n<p>They work directly with companies, and through them with families and collaborators. Then experiences that transcend the organization are created.<\/p>\n<p>They measure the <strong><span style=\"color: #138a8d;\">Carbon Footprint of organizations.<\/span><\/strong> The most important thing, rather than measuring it, <span style=\"color: #138a8d;\"><strong>is being able to communicate it and educating people about the actions they must take to reduce it.<\/strong><\/span> Many companies measure and manage it but only a few know it. When in fact, all the people who are part of the organization have an important role in reducing it.<\/p>\n<p>&nbsp;<\/p>\n<h3><strong><span style=\"color: #138a8d;\">Working towards a future<\/span><\/strong><\/h3>\n<p>They have <strong><span style=\"color: #138a8d;\">many objectives.<\/span> <span style=\"color: #138a8d;\">In the long term,<\/span><\/strong> they want to be recognized as a leader in sustainability issues, always generating awareness and education. <strong><span style=\"color: #138a8d;\">In the immediate term,<\/span><\/strong> they would like to be able to start working on strategies and campaigns at the national or city level that are not only with companies. <strong><span style=\"color: #138a8d;\">In the short term,<\/span><\/strong> they want to start working with schools and especially with educators, who begin to involve sustainability in all subjects.<\/p>\n<p>It is important <strong><span style=\"color: #138a8d;\">to work with schools<\/span><\/strong> because children learn from the example. And they may bring another chip but if what they think is not consistent with what they see at school and at home we may have lost that train of thought.<\/p>\n<p><strong><span style=\"color: #138a8d;\">For this reason, environmental awareness is essential to solve environmental problems.<\/span><\/strong> The understanding that people have of their impact on the environment and their natural resources is key. This means, understanding how the daily actions of humanity are putting at the future of the planet and \u00fcresent henerations at risk.<\/p>\n<p>Likewise, for an ecological conscious development it is necessary to have knowledge and an understanding about the socio-environmental reality.<\/p>\n<p>So far, they have managed to work for more than 4 years with large companies in order to transmit their passion.<\/p>\n<figure id=\"attachment_4437\" aria-describedby=\"caption-attachment-4437\" style=\"width: 996px\" class=\"wp-caption aligncenter\"><a href=\"http:\/\/solkes.com\/wp-content\/uploads\/2019\/09\/1806_08.jpg\"><img loading=\"lazy\" decoding=\"async\" class=\"size-full wp-image-4437\" src=\"http:\/\/solkes.com\/wp-content\/uploads\/2019\/09\/1806_08.jpg\" alt=\"\" width=\"996\" height=\"601\" \/><\/a><figcaption id=\"caption-attachment-4437\" class=\"wp-caption-text\">Sentido Verde \u00a9 Solkes<\/figcaption><\/figure>\n<p>&nbsp;<\/p>\n<h3><strong><span style=\"color: #138a8d;\">Dedication and conviction<\/span><\/strong><\/h3>\n<p>The subject of sustainability is a work of dedication and conviction in which changes are possible and positive for all. However, they are aware that more companies need convincing about sustainability as a way of doing business. And, that if they do not do it they will be eliminated because you can not conceive a company that does not do it.<\/p>\n<p><span style=\"color: #138a8d;\"><strong>Laura Viera A:<\/strong><\/span> How are we in Colombia facing the issue of sustainability?<\/p>\n<p><strong><span style=\"color: #138a8d;\">Sentido Verde:<\/span><\/strong> In these 9 years that we have been working, we have seen how it becomes more relevant, more companies are aware that it is the way of doing business. However, what they invest is very little or they see it as an expense and not as an investment. It is important to emphasize that more commitment from the Government is needed. Progress has been made, but there is a lack of commitment. Likewise, the country&#8217;s leading companies should communicate their good practices and begin to introduce friendlier products with environment and social justice.<\/p>\n<figure id=\"attachment_4435\" aria-describedby=\"caption-attachment-4435\" style=\"width: 996px\" class=\"wp-caption aligncenter\"><a href=\"http:\/\/solkes.com\/wp-content\/uploads\/2019\/09\/1806_06-1.jpg\"><img loading=\"lazy\" decoding=\"async\" class=\"size-full wp-image-4435\" src=\"http:\/\/solkes.com\/wp-content\/uploads\/2019\/09\/1806_06-1.jpg\" alt=\"\" width=\"996\" height=\"601\" \/><\/a><figcaption id=\"caption-attachment-4435\" class=\"wp-caption-text\">Sentido Verde \u00a9 Solkes<\/figcaption><\/figure>\n<blockquote class=\"td_quote_box td_box_left\">\n<h4>If they use sustainable packaging and advertising campaigns that lead people to buy their products but also can educate them, this would be great!<\/h4>\n<\/blockquote>\n<p><strong><span style=\"color: #138a8d;\">Laura Viera A:<\/span><\/strong> You have the opportunity to tell the readers something. What would you say?<\/p>\n<p><strong><span style=\"color: #138a8d;\">Sentido Verde:<\/span><\/strong> That environmental awareness is something that concerns us all. As we say, we have to awaken your green sense, we all have it, we have to awaken it or develop it and that is why we exist. There are people who want to do something but do not know where to start or what to do.<\/p>\n<h3><strong><span style=\"color: #138a8d;\">Living responsibly<\/span><\/strong><\/h3>\n<figure id=\"attachment_4436\" aria-describedby=\"caption-attachment-4436\" style=\"width: 300px\" class=\"wp-caption alignright\"><a href=\"http:\/\/solkes.com\/wp-content\/uploads\/2019\/09\/1806_07-1.jpg\"><img loading=\"lazy\" decoding=\"async\" class=\"size-medium wp-image-4436\" src=\"http:\/\/solkes.com\/wp-content\/uploads\/2019\/09\/1806_07-1-300x482.jpg\" alt=\"\" width=\"300\" height=\"482\" \/><\/a><figcaption id=\"caption-attachment-4436\" class=\"wp-caption-text\">Laura Viera A \u00a9 Solkes<\/figcaption><\/figure>\n<p>The rational use of the resources and services offered by the environment, is to understand that, if it is wasted and does not save water or electricity, some day when you want to use it again you will not be able to.<\/p>\n<p>You won&#8217;t be able to because you do not consciously think about conserving it.<\/p>\n<p>Undoubtedly, if an environmental awareness is achieved in society, it can repair the damage caused and preserve an environment in which people understand the impact of their own activities in relation to their environment, health and quality of life.<\/p>\n<p><span class=\"dropcap dropcap2\" style=\"color: #138a8d;\">I<\/span>n summary, it is everyones duty to live responsibly and use resources appropriately. <strong><span style=\"color: #138a8d;\">The success and future of the environment will depend on knowledge, understanding and the role of environmental education in the conscience of each being.<\/span><\/strong> For this reason, foundations such as Sentido Verde, where an attempt is being made to generate a permanent education on ecological sustainability, is essential to be able to win the battle that is degrading our planet.<\/p>\n","protected":false},"excerpt":{"rendered":"<p>We always talk about the environmental crisis, its severity, its effects, and criticisms. We have even considered the need to analyze the degree of commitment to the environment and \/ or responsibility with the ecological footprint that we generate on a daily basis. The environmental battle In order to fight, solve and win the battle [&hellip;]<\/p>\n","protected":false},"author":76,"featured_media":4437,"comment_status":"open","ping_status":"open","sticky":false,"template":"","format":"standard","meta":{"_acf_changed":false,"_exactmetrics_skip_tracking":false,"_exactmetrics_sitenote_active":false,"_exactmetrics_sitenote_note":"","_exactmetrics_sitenote_category":0,"site-sidebar-layout":"default","site-content-layout":"default","ast-site-content-layout":"default","site-content-style":"default","site-sidebar-style":"default","ast-global-header-display":"","ast-banner-title-visibility":"","ast-main-header-display":"","ast-hfb-above-header-display":"","ast-hfb-below-header-display":"","ast-hfb-mobile-header-display":"","site-post-title":"","ast-breadcrumbs-content":"","ast-featured-img":"","footer-sml-layout":"","theme-transparent-header-meta":"default","adv-header-id-meta":"","stick-header-meta":"","header-above-stick-meta":"","header-main-stick-meta":"","header-below-stick-meta":"","astra-migrate-meta-layouts":"default","ast-page-background-enabled":"default","ast-page-background-meta":{"desktop":{"background-color":"","background-image":"","background-repeat":"repeat","background-position":"center center","background-size":"auto","background-attachment":"scroll","background-type":"","background-media":"","overlay-type":"","overlay-color":"","overlay-opacity":"","overlay-gradient":""},"tablet":{"background-color":"","background-image":"","background-repeat":"repeat","background-position":"center center","background-size":"auto","background-attachment":"scroll","background-type":"","background-media":"","overlay-type":"","overlay-color":"","overlay-opacity":"","overlay-gradient":""},"mobile":{"background-color":"","background-image":"","background-repeat":"repeat","background-position":"center center","background-size":"auto","background-attachment":"scroll","background-type":"","background-media":"","overlay-type":"","overlay-color":"","overlay-opacity":"","overlay-gradient":""}},"ast-content-background-meta":{"desktop":{"background-color":"var(--ast-global-color-5)","background-image":"","background-repeat":"repeat","background-position":"center center","background-size":"auto","background-attachment":"scroll","background-type":"","background-media":"","overlay-type":"","overlay-color":"","overlay-opacity":"","overlay-gradient":""},"tablet":{"background-color":"var(--ast-global-color-5)","background-image":"","background-repeat":"repeat","background-position":"center center","background-size":"auto","background-attachment":"scroll","background-type":"","background-media":"","overlay-type":"","overlay-color":"","overlay-opacity":"","overlay-gradient":""},"mobile":{"background-color":"var(--ast-global-color-5)","background-image":"","background-repeat":"repeat","background-position":"center center","background-size":"auto","background-attachment":"scroll","background-type":"","background-media":"","overlay-type":"","overlay-color":"","overlay-opacity":"","overlay-gradient":""}},"footnotes":""},"categories":[66],"tags":[],"class_list":["post-4742","post","type-post","status-publish","format-standard","has-post-thumbnail","hentry","category-leaving-a-mark"],"acf":[],"yoast_head":"<!-- This site is optimized with the Yoast SEO plugin v27.4 - https:\/\/yoast.com\/product\/yoast-seo-wordpress\/ -->\n<title>The sense is green - Solkes Magazine<\/title>\n<meta name=\"description\" content=\"Using resources correctly is vital. The sense is green, the sucess and future of our planet is in iur hands.\" \/>\n<meta name=\"robots\" content=\"index, follow, max-snippet:-1, max-image-preview:large, max-video-preview:-1\" \/>\n<link rel=\"canonical\" href=\"https:\/\/solkes.com\/en\/leaving-a-mark\/2018\/10\/the-sense-is-green\/\" \/>\n<meta property=\"og:locale\" content=\"en_US\" \/>\n<meta property=\"og:type\" content=\"article\" \/>\n<meta property=\"og:title\" content=\"The sense is green - Solkes Magazine\" \/>\n<meta property=\"og:description\" content=\"Using resources correctly is vital. The sense is green, the sucess and future of our planet is in iur hands.\" \/>\n<meta property=\"og:url\" content=\"https:\/\/solkes.com\/en\/leaving-a-mark\/2018\/10\/the-sense-is-green\/\" \/>\n<meta property=\"og:site_name\" content=\"Solkes Magazine\" \/>\n<meta property=\"article:publisher\" content=\"https:\/\/www.facebook.com\/solkesmagazinee\/\" \/>\n<meta property=\"article:published_time\" content=\"2018-10-03T08:00:24+00:00\" \/>\n<meta property=\"article:modified_time\" content=\"2020-11-29T13:44:58+00:00\" \/>\n<meta property=\"og:image\" content=\"https:\/\/solkes.com\/wp-content\/uploads\/2019\/09\/1806_08-1.jpg\" \/>\n\t<meta property=\"og:image:width\" content=\"996\" \/>\n\t<meta property=\"og:image:height\" content=\"601\" \/>\n\t<meta property=\"og:image:type\" content=\"image\/jpeg\" \/>\n<meta name=\"author\" content=\"Laura Viera A.\" \/>\n<meta name=\"twitter:card\" content=\"summary_large_image\" \/>\n<meta name=\"twitter:label1\" content=\"Written by\" \/>\n\t<meta name=\"twitter:data1\" content=\"Laura Viera A.\" \/>\n\t<meta name=\"twitter:label2\" content=\"Est. reading time\" \/>\n\t<meta name=\"twitter:data2\" content=\"7 minutes\" \/>\n<script type=\"application\/ld+json\" class=\"yoast-schema-graph\">{\"@context\":\"https:\\\/\\\/schema.org\",\"@graph\":[{\"@type\":\"Article\",\"@id\":\"https:\\\/\\\/solkes.com\\\/en\\\/leaving-a-mark\\\/2018\\\/10\\\/the-sense-is-green\\\/#article\",\"isPartOf\":{\"@id\":\"https:\\\/\\\/solkes.com\\\/en\\\/leaving-a-mark\\\/2018\\\/10\\\/the-sense-is-green\\\/\"},\"author\":{\"name\":\"Laura Viera A.\",\"@id\":\"https:\\\/\\\/solkes.com\\\/#\\\/schema\\\/person\\\/54684f1c0bebcaff4d6b3f1ec2e71e91\"},\"headline\":\"The sense is green\",\"datePublished\":\"2018-10-03T08:00:24+00:00\",\"dateModified\":\"2020-11-29T13:44:58+00:00\",\"mainEntityOfPage\":{\"@id\":\"https:\\\/\\\/solkes.com\\\/en\\\/leaving-a-mark\\\/2018\\\/10\\\/the-sense-is-green\\\/\"},\"wordCount\":1329,\"commentCount\":0,\"publisher\":{\"@id\":\"https:\\\/\\\/solkes.com\\\/#organization\"},\"image\":{\"@id\":\"https:\\\/\\\/solkes.com\\\/en\\\/leaving-a-mark\\\/2018\\\/10\\\/the-sense-is-green\\\/#primaryimage\"},\"thumbnailUrl\":\"https:\\\/\\\/solkes.com\\\/wp-content\\\/uploads\\\/2019\\\/09\\\/1806_08-1.jpg\",\"articleSection\":[\"Leaving a Mark\"],\"inLanguage\":\"en-US\",\"potentialAction\":[{\"@type\":\"CommentAction\",\"name\":\"Comment\",\"target\":[\"https:\\\/\\\/solkes.com\\\/en\\\/leaving-a-mark\\\/2018\\\/10\\\/the-sense-is-green\\\/#respond\"]}]},{\"@type\":\"WebPage\",\"@id\":\"https:\\\/\\\/solkes.com\\\/en\\\/leaving-a-mark\\\/2018\\\/10\\\/the-sense-is-green\\\/\",\"url\":\"https:\\\/\\\/solkes.com\\\/en\\\/leaving-a-mark\\\/2018\\\/10\\\/the-sense-is-green\\\/\",\"name\":\"The sense is green - Solkes Magazine\",\"isPartOf\":{\"@id\":\"https:\\\/\\\/solkes.com\\\/#website\"},\"primaryImageOfPage\":{\"@id\":\"https:\\\/\\\/solkes.com\\\/en\\\/leaving-a-mark\\\/2018\\\/10\\\/the-sense-is-green\\\/#primaryimage\"},\"image\":{\"@id\":\"https:\\\/\\\/solkes.com\\\/en\\\/leaving-a-mark\\\/2018\\\/10\\\/the-sense-is-green\\\/#primaryimage\"},\"thumbnailUrl\":\"https:\\\/\\\/solkes.com\\\/wp-content\\\/uploads\\\/2019\\\/09\\\/1806_08-1.jpg\",\"datePublished\":\"2018-10-03T08:00:24+00:00\",\"dateModified\":\"2020-11-29T13:44:58+00:00\",\"description\":\"Using resources correctly is vital. The sense is green, the sucess and future of our planet is in iur hands.\",\"breadcrumb\":{\"@id\":\"https:\\\/\\\/solkes.com\\\/en\\\/leaving-a-mark\\\/2018\\\/10\\\/the-sense-is-green\\\/#breadcrumb\"},\"inLanguage\":\"en-US\",\"potentialAction\":[{\"@type\":\"ReadAction\",\"target\":[\"https:\\\/\\\/solkes.com\\\/en\\\/leaving-a-mark\\\/2018\\\/10\\\/the-sense-is-green\\\/\"]}]},{\"@type\":\"ImageObject\",\"inLanguage\":\"en-US\",\"@id\":\"https:\\\/\\\/solkes.com\\\/en\\\/leaving-a-mark\\\/2018\\\/10\\\/the-sense-is-green\\\/#primaryimage\",\"url\":\"https:\\\/\\\/solkes.com\\\/wp-content\\\/uploads\\\/2019\\\/09\\\/1806_08-1.jpg\",\"contentUrl\":\"https:\\\/\\\/solkes.com\\\/wp-content\\\/uploads\\\/2019\\\/09\\\/1806_08-1.jpg\",\"width\":996,\"height\":601,\"caption\":\"Foto: Sentido Verde \u00a9 Solkes\"},{\"@type\":\"BreadcrumbList\",\"@id\":\"https:\\\/\\\/solkes.com\\\/en\\\/leaving-a-mark\\\/2018\\\/10\\\/the-sense-is-green\\\/#breadcrumb\",\"itemListElement\":[{\"@type\":\"ListItem\",\"position\":1,\"name\":\"Portada\",\"item\":\"https:\\\/\\\/solkes.com\\\/\"},{\"@type\":\"ListItem\",\"position\":2,\"name\":\"The sense is green\"}]},{\"@type\":\"WebSite\",\"@id\":\"https:\\\/\\\/solkes.com\\\/#website\",\"url\":\"https:\\\/\\\/solkes.com\\\/\",\"name\":\"Solkes Magazine\",\"description\":\"solkes.com\",\"publisher\":{\"@id\":\"https:\\\/\\\/solkes.com\\\/#organization\"},\"potentialAction\":[{\"@type\":\"SearchAction\",\"target\":{\"@type\":\"EntryPoint\",\"urlTemplate\":\"https:\\\/\\\/solkes.com\\\/?s={search_term_string}\"},\"query-input\":{\"@type\":\"PropertyValueSpecification\",\"valueRequired\":true,\"valueName\":\"search_term_string\"}}],\"inLanguage\":\"en-US\"},{\"@type\":\"Organization\",\"@id\":\"https:\\\/\\\/solkes.com\\\/#organization\",\"name\":\"Solkes Magazine\",\"url\":\"https:\\\/\\\/solkes.com\\\/\",\"logo\":{\"@type\":\"ImageObject\",\"inLanguage\":\"en-US\",\"@id\":\"https:\\\/\\\/solkes.com\\\/#\\\/schema\\\/logo\\\/image\\\/\",\"url\":\"https:\\\/\\\/solkes.com\\\/wp-content\\\/uploads\\\/2024\\\/09\\\/logo-SOLKES-820px-x-312px.png\",\"contentUrl\":\"https:\\\/\\\/solkes.com\\\/wp-content\\\/uploads\\\/2024\\\/09\\\/logo-SOLKES-820px-x-312px.png\",\"width\":411,\"height\":303,\"caption\":\"Solkes Magazine\"},\"image\":{\"@id\":\"https:\\\/\\\/solkes.com\\\/#\\\/schema\\\/logo\\\/image\\\/\"},\"sameAs\":[\"https:\\\/\\\/www.facebook.com\\\/solkesmagazinee\\\/\",\"https:\\\/\\\/instagram.com\\\/solkesmagazine\\\/\"]},{\"@type\":\"Person\",\"@id\":\"https:\\\/\\\/solkes.com\\\/#\\\/schema\\\/person\\\/54684f1c0bebcaff4d6b3f1ec2e71e91\",\"name\":\"Laura Viera A.\",\"image\":{\"@type\":\"ImageObject\",\"inLanguage\":\"en-US\",\"@id\":\"https:\\\/\\\/secure.gravatar.com\\\/avatar\\\/d7b6a8bb956f5279e99babca11ed31351716b19f59e9e3e989847c0ca9e0c5d9?s=96&d=identicon&r=g\",\"url\":\"https:\\\/\\\/secure.gravatar.com\\\/avatar\\\/d7b6a8bb956f5279e99babca11ed31351716b19f59e9e3e989847c0ca9e0c5d9?s=96&d=identicon&r=g\",\"contentUrl\":\"https:\\\/\\\/secure.gravatar.com\\\/avatar\\\/d7b6a8bb956f5279e99babca11ed31351716b19f59e9e3e989847c0ca9e0c5d9?s=96&d=identicon&r=g\",\"caption\":\"Laura Viera A.\"},\"description\":\"Fundadora y Directora Editorial de Solkes Magazine Es periodista de vocaci\u00f3n y formaci\u00f3n. Estudi\u00f3 Comunicaci\u00f3n Social con \u00e9nfasis en Periodismo en la Pontificia Universidad Javeriana de Bogot\u00e1, Colombia. Desde muy joven sinti\u00f3 una profunda pasi\u00f3n por contar historias, explorar el mundo y dar voz a quienes no la tienen. Su compromiso con los Derechos Humanos ha sido una constante en su trayectoria, participando activamente en proyectos sociales desde temprana edad. Este inter\u00e9s se refleja en el enfoque editorial de Solkes, una revista que prioriza el periodismo independiente, la diversidad cultural y la profundidad narrativa. Laura naci\u00f3 en Bogot\u00e1, vivi\u00f3 tres a\u00f1os en Madrid, Espa\u00f1a, y desde el verano de 2010 reside en Alemania. Esta experiencia multicultural ha enriquecido su perspectiva y ha sido clave para la creaci\u00f3n de una revista triling\u00fce que trasciende fronteras y conecta a lectores de distintas partes del mundo. ******************************************************************************************* Founder and Editorial Director of Solkes Magazine She is a passionate journalist by vocation and training. She studied Mass Communication with an emphasis on Journalism at the Pontificia Universidad Javeriana in Bogot\u00e1, Colombia. From a young age, she was deeply motivated to tell stories, explore the world, and give a voice to those who often go unheard. Her commitment to Human Rights has been a constant throughout her career, actively participating in social projects since early on. This dedication is reflected in Solkes Magazine\u2019s editorial focus on independent journalism, cultural diversity, and in-depth storytelling. Born in Bogot\u00e1, Laura lived in Madrid, Spain for three years, and has been residing in Germany since the summer of 2010. This multicultural experience has enriched her perspective and played a key role in creating a trilingual magazine that transcends borders and connects readers from around the world. ******************************************************************************************* Gr\u00fcnderin und Chefredakteurin von Solkes Magazine Laura Viera ist eine leidenschaftliche Journalistin aus Berufung und Ausbildung. Sie hat Soziale Kommunikation mit Schwerpunkt Journalismus an der Pontificia Universidad Javeriana in Bogot\u00e1, Kolumbien, studiert. Schon in jungen Jahren war sie stark motiviert, Geschichten zu erz\u00e4hlen, die Welt zu erkunden und denen eine Stimme zu geben, die oft ungeh\u00f6rt bleiben. Ihr Engagement f\u00fcr Menschenrechte begleitet sie seit Beginn ihrer Laufbahn. Sie war von Anfang an aktiv an sozialen Projekten beteiligt. Dieses Engagement spiegelt sich auch im redaktionellen Fokus von Solkes Magazine wider, das unabh\u00e4ngigen Journalismus, kulturelle Vielfalt und tiefgr\u00fcndiges Erz\u00e4hlen in den Vordergrund stellt. Geboren in Bogot\u00e1, lebte Laura drei Jahre in Madrid, Spanien, und lebt seit Sommer 2010 in Deutschland. Diese multikulturelle Erfahrung hat ihre Perspektive bereichert und war entscheidend bei der Gr\u00fcndung eines dreisprachigen Magazins, das Grenzen \u00fcberschreitet und Leser weltweit verbindet.\",\"sameAs\":[\"http:\\\/\\\/www.solkes.com\"],\"url\":\"https:\\\/\\\/solkes.com\\\/en\\\/author\\\/lauraviera2019\\\/\"}]}<\/script>\n<!-- \/ Yoast SEO plugin. -->","yoast_head_json":{"title":"The sense is green - Solkes Magazine","description":"Using resources correctly is vital. The sense is green, the sucess and future of our planet is in iur hands.","robots":{"index":"index","follow":"follow","max-snippet":"max-snippet:-1","max-image-preview":"max-image-preview:large","max-video-preview":"max-video-preview:-1"},"canonical":"https:\/\/solkes.com\/en\/leaving-a-mark\/2018\/10\/the-sense-is-green\/","og_locale":"en_US","og_type":"article","og_title":"The sense is green - Solkes Magazine","og_description":"Using resources correctly is vital. The sense is green, the sucess and future of our planet is in iur hands.","og_url":"https:\/\/solkes.com\/en\/leaving-a-mark\/2018\/10\/the-sense-is-green\/","og_site_name":"Solkes Magazine","article_publisher":"https:\/\/www.facebook.com\/solkesmagazinee\/","article_published_time":"2018-10-03T08:00:24+00:00","article_modified_time":"2020-11-29T13:44:58+00:00","og_image":[{"width":996,"height":601,"url":"https:\/\/solkes.com\/wp-content\/uploads\/2019\/09\/1806_08-1.jpg","type":"image\/jpeg"}],"author":"Laura Viera A.","twitter_card":"summary_large_image","twitter_misc":{"Written by":"Laura Viera A.","Est. reading time":"7 minutes"},"schema":{"@context":"https:\/\/schema.org","@graph":[{"@type":"Article","@id":"https:\/\/solkes.com\/en\/leaving-a-mark\/2018\/10\/the-sense-is-green\/#article","isPartOf":{"@id":"https:\/\/solkes.com\/en\/leaving-a-mark\/2018\/10\/the-sense-is-green\/"},"author":{"name":"Laura Viera A.","@id":"https:\/\/solkes.com\/#\/schema\/person\/54684f1c0bebcaff4d6b3f1ec2e71e91"},"headline":"The sense is green","datePublished":"2018-10-03T08:00:24+00:00","dateModified":"2020-11-29T13:44:58+00:00","mainEntityOfPage":{"@id":"https:\/\/solkes.com\/en\/leaving-a-mark\/2018\/10\/the-sense-is-green\/"},"wordCount":1329,"commentCount":0,"publisher":{"@id":"https:\/\/solkes.com\/#organization"},"image":{"@id":"https:\/\/solkes.com\/en\/leaving-a-mark\/2018\/10\/the-sense-is-green\/#primaryimage"},"thumbnailUrl":"https:\/\/solkes.com\/wp-content\/uploads\/2019\/09\/1806_08-1.jpg","articleSection":["Leaving a Mark"],"inLanguage":"en-US","potentialAction":[{"@type":"CommentAction","name":"Comment","target":["https:\/\/solkes.com\/en\/leaving-a-mark\/2018\/10\/the-sense-is-green\/#respond"]}]},{"@type":"WebPage","@id":"https:\/\/solkes.com\/en\/leaving-a-mark\/2018\/10\/the-sense-is-green\/","url":"https:\/\/solkes.com\/en\/leaving-a-mark\/2018\/10\/the-sense-is-green\/","name":"The sense is green - Solkes Magazine","isPartOf":{"@id":"https:\/\/solkes.com\/#website"},"primaryImageOfPage":{"@id":"https:\/\/solkes.com\/en\/leaving-a-mark\/2018\/10\/the-sense-is-green\/#primaryimage"},"image":{"@id":"https:\/\/solkes.com\/en\/leaving-a-mark\/2018\/10\/the-sense-is-green\/#primaryimage"},"thumbnailUrl":"https:\/\/solkes.com\/wp-content\/uploads\/2019\/09\/1806_08-1.jpg","datePublished":"2018-10-03T08:00:24+00:00","dateModified":"2020-11-29T13:44:58+00:00","description":"Using resources correctly is vital. The sense is green, the sucess and future of our planet is in iur hands.","breadcrumb":{"@id":"https:\/\/solkes.com\/en\/leaving-a-mark\/2018\/10\/the-sense-is-green\/#breadcrumb"},"inLanguage":"en-US","potentialAction":[{"@type":"ReadAction","target":["https:\/\/solkes.com\/en\/leaving-a-mark\/2018\/10\/the-sense-is-green\/"]}]},{"@type":"ImageObject","inLanguage":"en-US","@id":"https:\/\/solkes.com\/en\/leaving-a-mark\/2018\/10\/the-sense-is-green\/#primaryimage","url":"https:\/\/solkes.com\/wp-content\/uploads\/2019\/09\/1806_08-1.jpg","contentUrl":"https:\/\/solkes.com\/wp-content\/uploads\/2019\/09\/1806_08-1.jpg","width":996,"height":601,"caption":"Foto: Sentido Verde \u00a9 Solkes"},{"@type":"BreadcrumbList","@id":"https:\/\/solkes.com\/en\/leaving-a-mark\/2018\/10\/the-sense-is-green\/#breadcrumb","itemListElement":[{"@type":"ListItem","position":1,"name":"Portada","item":"https:\/\/solkes.com\/"},{"@type":"ListItem","position":2,"name":"The sense is green"}]},{"@type":"WebSite","@id":"https:\/\/solkes.com\/#website","url":"https:\/\/solkes.com\/","name":"Solkes Magazine","description":"solkes.com","publisher":{"@id":"https:\/\/solkes.com\/#organization"},"potentialAction":[{"@type":"SearchAction","target":{"@type":"EntryPoint","urlTemplate":"https:\/\/solkes.com\/?s={search_term_string}"},"query-input":{"@type":"PropertyValueSpecification","valueRequired":true,"valueName":"search_term_string"}}],"inLanguage":"en-US"},{"@type":"Organization","@id":"https:\/\/solkes.com\/#organization","name":"Solkes Magazine","url":"https:\/\/solkes.com\/","logo":{"@type":"ImageObject","inLanguage":"en-US","@id":"https:\/\/solkes.com\/#\/schema\/logo\/image\/","url":"https:\/\/solkes.com\/wp-content\/uploads\/2024\/09\/logo-SOLKES-820px-x-312px.png","contentUrl":"https:\/\/solkes.com\/wp-content\/uploads\/2024\/09\/logo-SOLKES-820px-x-312px.png","width":411,"height":303,"caption":"Solkes Magazine"},"image":{"@id":"https:\/\/solkes.com\/#\/schema\/logo\/image\/"},"sameAs":["https:\/\/www.facebook.com\/solkesmagazinee\/","https:\/\/instagram.com\/solkesmagazine\/"]},{"@type":"Person","@id":"https:\/\/solkes.com\/#\/schema\/person\/54684f1c0bebcaff4d6b3f1ec2e71e91","name":"Laura Viera A.","image":{"@type":"ImageObject","inLanguage":"en-US","@id":"https:\/\/secure.gravatar.com\/avatar\/d7b6a8bb956f5279e99babca11ed31351716b19f59e9e3e989847c0ca9e0c5d9?s=96&d=identicon&r=g","url":"https:\/\/secure.gravatar.com\/avatar\/d7b6a8bb956f5279e99babca11ed31351716b19f59e9e3e989847c0ca9e0c5d9?s=96&d=identicon&r=g","contentUrl":"https:\/\/secure.gravatar.com\/avatar\/d7b6a8bb956f5279e99babca11ed31351716b19f59e9e3e989847c0ca9e0c5d9?s=96&d=identicon&r=g","caption":"Laura Viera A."},"description":"Fundadora y Directora Editorial de Solkes Magazine Es periodista de vocaci\u00f3n y formaci\u00f3n. Estudi\u00f3 Comunicaci\u00f3n Social con \u00e9nfasis en Periodismo en la Pontificia Universidad Javeriana de Bogot\u00e1, Colombia. Desde muy joven sinti\u00f3 una profunda pasi\u00f3n por contar historias, explorar el mundo y dar voz a quienes no la tienen. Su compromiso con los Derechos Humanos ha sido una constante en su trayectoria, participando activamente en proyectos sociales desde temprana edad. Este inter\u00e9s se refleja en el enfoque editorial de Solkes, una revista que prioriza el periodismo independiente, la diversidad cultural y la profundidad narrativa. Laura naci\u00f3 en Bogot\u00e1, vivi\u00f3 tres a\u00f1os en Madrid, Espa\u00f1a, y desde el verano de 2010 reside en Alemania. Esta experiencia multicultural ha enriquecido su perspectiva y ha sido clave para la creaci\u00f3n de una revista triling\u00fce que trasciende fronteras y conecta a lectores de distintas partes del mundo. ******************************************************************************************* Founder and Editorial Director of Solkes Magazine She is a passionate journalist by vocation and training. She studied Mass Communication with an emphasis on Journalism at the Pontificia Universidad Javeriana in Bogot\u00e1, Colombia. From a young age, she was deeply motivated to tell stories, explore the world, and give a voice to those who often go unheard. Her commitment to Human Rights has been a constant throughout her career, actively participating in social projects since early on. This dedication is reflected in Solkes Magazine\u2019s editorial focus on independent journalism, cultural diversity, and in-depth storytelling. Born in Bogot\u00e1, Laura lived in Madrid, Spain for three years, and has been residing in Germany since the summer of 2010. This multicultural experience has enriched her perspective and played a key role in creating a trilingual magazine that transcends borders and connects readers from around the world. ******************************************************************************************* Gr\u00fcnderin und Chefredakteurin von Solkes Magazine Laura Viera ist eine leidenschaftliche Journalistin aus Berufung und Ausbildung. Sie hat Soziale Kommunikation mit Schwerpunkt Journalismus an der Pontificia Universidad Javeriana in Bogot\u00e1, Kolumbien, studiert. Schon in jungen Jahren war sie stark motiviert, Geschichten zu erz\u00e4hlen, die Welt zu erkunden und denen eine Stimme zu geben, die oft ungeh\u00f6rt bleiben. Ihr Engagement f\u00fcr Menschenrechte begleitet sie seit Beginn ihrer Laufbahn. Sie war von Anfang an aktiv an sozialen Projekten beteiligt. Dieses Engagement spiegelt sich auch im redaktionellen Fokus von Solkes Magazine wider, das unabh\u00e4ngigen Journalismus, kulturelle Vielfalt und tiefgr\u00fcndiges Erz\u00e4hlen in den Vordergrund stellt. Geboren in Bogot\u00e1, lebte Laura drei Jahre in Madrid, Spanien, und lebt seit Sommer 2010 in Deutschland. Diese multikulturelle Erfahrung hat ihre Perspektive bereichert und war entscheidend bei der Gr\u00fcndung eines dreisprachigen Magazins, das Grenzen \u00fcberschreitet und Leser weltweit verbindet.","sameAs":["http:\/\/www.solkes.com"],"url":"https:\/\/solkes.com\/en\/author\/lauraviera2019\/"}]}},"_links":{"self":[{"href":"https:\/\/solkes.com\/en\/wp-json\/wp\/v2\/posts\/4742","targetHints":{"allow":["GET"]}}],"collection":[{"href":"https:\/\/solkes.com\/en\/wp-json\/wp\/v2\/posts"}],"about":[{"href":"https:\/\/solkes.com\/en\/wp-json\/wp\/v2\/types\/post"}],"author":[{"embeddable":true,"href":"https:\/\/solkes.com\/en\/wp-json\/wp\/v2\/users\/76"}],"replies":[{"embeddable":true,"href":"https:\/\/solkes.com\/en\/wp-json\/wp\/v2\/comments?post=4742"}],"version-history":[{"count":2,"href":"https:\/\/solkes.com\/en\/wp-json\/wp\/v2\/posts\/4742\/revisions"}],"predecessor-version":[{"id":11866,"href":"https:\/\/solkes.com\/en\/wp-json\/wp\/v2\/posts\/4742\/revisions\/11866"}],"wp:featuredmedia":[{"embeddable":true,"href":"https:\/\/solkes.com\/en\/wp-json\/wp\/v2\/media\/4437"}],"wp:attachment":[{"href":"https:\/\/solkes.com\/en\/wp-json\/wp\/v2\/media?parent=4742"}],"wp:term":[{"taxonomy":"category","embeddable":true,"href":"https:\/\/solkes.com\/en\/wp-json\/wp\/v2\/categories?post=4742"},{"taxonomy":"post_tag","embeddable":true,"href":"https:\/\/solkes.com\/en\/wp-json\/wp\/v2\/tags?post=4742"}],"curies":[{"name":"wp","href":"https:\/\/api.w.org\/{rel}","templated":true}]}}