{"id":4641,"date":"2021-10-03T10:00:54","date_gmt":"2021-10-03T08:00:54","guid":{"rendered":"http:\/\/solkes.com\/?p=4641"},"modified":"2021-08-21T11:16:09","modified_gmt":"2021-08-21T09:16:09","slug":"it-can-get-better","status":"publish","type":"post","link":"https:\/\/solkes.com\/en\/leaving-a-mark\/2021\/10\/it-can-get-better\/","title":{"rendered":"It can get better"},"content":{"rendered":"<p><span class=\"dropcap dropcap2\">I<\/span>n several countries around the world, including Colombia, both children, young people, and grown-ups suffer constant forms of aggression and discrimination because of their sexual orientation or because they have a different gender identity.<\/p>\n<p>Unfortunately, violence against the LGBTI community is pressing. Excruciatingly, there are hundreds of people in Colombia (and the world ) who face death, physical and verbal violence, and a number of threats, that come from civil society and the state.<\/p>\n<h3><span style=\"color: #138a8d;\"><strong><a style=\"color: #138a8d;\" href=\"https:\/\/www.itgetsbettercolombia.org\/\">It Gets Better Project&#x2122;<\/a><\/strong><\/span><\/h3>\n<p>In 2010, <span style=\"color: #138a8d;\"><strong><a style=\"color: #138a8d;\" href=\"https:\/\/www.itgetsbettercolombia.org\/\">It Gets Better Project&#x2122;<\/a><\/strong>\u00a0<\/span> was founded in the United States.<\/p>\n<p>The idea was to send a support message to all members of the LGBTI community telling them that everything improves, everything can get better. At the moment \u201d It Gets Better\u201d has expanded to 15 countries, six in Latin America, seven in Europe and two in Oceania.<\/p>\n<blockquote class=\"td_quote_box td_box_center\">\n<h4>The process of coming out of the closet, with yourself and others, is a path that in many cases, not to say all of them, is painful and lonesome.<\/h4>\n<\/blockquote>\n<p>It Gets Better Project &#x2122; has become a global movement inspiring <strong>more than 60,000 people<\/strong> to create their own videos giving a message of support.<\/p>\n<figure id=\"attachment_4338\" aria-describedby=\"caption-attachment-4338\" style=\"width: 300px\" class=\"wp-caption alignleft\"><a href=\"https:\/\/solkes.com\/wp-content\/uploads\/2019\/09\/1609_01-1.jpg\"><img fetchpriority=\"high\" decoding=\"async\" class=\"size-medium wp-image-4338\" src=\"http:\/\/solkes.com\/wp-content\/uploads\/2019\/09\/1609_01-300x482.jpg\" alt=\"\" width=\"300\" height=\"482\" \/><\/a><figcaption id=\"caption-attachment-4338\" class=\"wp-caption-text\">ICBG \u00a9 Solkes<\/figcaption><\/figure>\n<p>Given the statements above,\u00a0the foundation It Gets Better Colombia, was created to support anyone who is the victim of homophobic bullying. For this foundation, equality is a right, an obligation, and a necessity all people have. The message they want to spread in every corner of Colombia is that:<span style=\"color: #138a8d;\"> <strong>It can get better!<\/strong><\/span><\/p>\n<p><span style=\"color: #138a8d;\"><strong>Solkes:<\/strong><\/span> Why did you decide to be part of an initiative such as this one?<\/p>\n<p><span style=\"color: #138a8d;\"><strong>Daniela Villegas, IGBC communications and marketing director:<\/strong><\/span> The It Gets Better Project has had a huge impact amongst youths in the USA given that their message of support reached everyone, from the neighbor next door to people like Barack Obama or celebrities. They have made people feel something; that they aren\u2019t alone, that others have gone through the same things, that you will be supported, and that at the end of it all, it always gets better for each person. I think that this last part was the biggest push for this initiative in Colombia and people had such a drive to make our society more inclusive and equalitarian.<\/p>\n<p>And, it should be noted that since <span style=\"color: #138a8d;\"><strong><a style=\"color: #138a8d;\" href=\"https:\/\/www.icbf.gov.co\/cargues\/avance\/docs\/codigo_penal_1980.htm\">the decree 100 of 1980<\/a>, \u201ctheoretically\u201d homosexual acts are not prohibited<\/strong><\/span> by law in Colombia. However, whenever a homosexual couple displays affection in public, they are faced with attitudes of rejection. This is not normal at all!<\/p>\n<p>&nbsp;<\/p>\n<h3><span style=\"color: #138a8d;\"><strong>The fight for a dream<\/strong><\/span><\/h3>\n<p>The mission of It Gets Better Colombia is simple:<span style=\"color: #138a8d;\"> <strong>fight to create a country free of prejudice for the LGBTI population<\/strong>;<\/span> to endorse and inspire respect in social, economic, political, and cultural fields.<\/p>\n<blockquote class=\"td_quote_box td_box_center\">\n<h4>There is a phrase we heard once from a person who happens to be very close to us and is super religious \u201cGod doesn\u2019t exclude anyone from his love\u201d and he said like that, with no strings attached but also hinting that you are supposed to be attracted to someone of the opposite sex.<\/h4>\n<\/blockquote>\n<p>Therefore, they consider it of great importance that all educational institutions should develop and work constantly on subjects such as acceptance, tolerance, and respect for people of diverse sexuality.<\/p>\n<p>It is also essential that people who feel abused receive the necessary counseling. And last but not least, to be a part of positive changes that develop through digital platforms with messages of support and hope for all LGBTI population.<\/p>\n<figure id=\"attachment_4342\" aria-describedby=\"caption-attachment-4342\" style=\"width: 996px\" class=\"wp-caption aligncenter\"><a href=\"https:\/\/solkes.com\/wp-content\/uploads\/2019\/09\/1609_03-1.jpg\"><img decoding=\"async\" class=\"size-full wp-image-4342\" src=\"https:\/\/solkes.com\/wp-content\/uploads\/2019\/09\/1609_03-1.jpg\" alt=\"\" width=\"996\" height=\"601\" srcset=\"https:\/\/solkes.com\/wp-content\/uploads\/2019\/09\/1609_03-1.jpg 996w, https:\/\/solkes.com\/wp-content\/uploads\/2019\/09\/1609_03-1-300x181.jpg 300w, https:\/\/solkes.com\/wp-content\/uploads\/2019\/09\/1609_03-1-768x463.jpg 768w, https:\/\/solkes.com\/wp-content\/uploads\/2019\/09\/1609_03-1-320x193.jpg 320w\" sizes=\"(max-width: 996px) 100vw, 996px\" \/><\/a><figcaption id=\"caption-attachment-4342\" class=\"wp-caption-text\">IGBC \u00a9 Solkes<\/figcaption><\/figure>\n<p><span style=\"color: #138a8d;\"><strong>Solkes:<\/strong><\/span> What are your objectives in an immediate, medium, and long-term scenario?<\/p>\n<blockquote class=\"td_quote_box td_box_left\">\n<h4>In many opportunities homosexuality is seen as a contagious disease or they think that they have to be \u201ccured\u201d by a shrink. That they need to be sent to a religious institution so that \u201cthey can get over it\u201d.<\/h4>\n<\/blockquote>\n<p><span style=\"color: #138a8d;\"><strong>Lina Bravo, ICBG\u2019s psychological director in the education and clinical department:<\/strong><\/span> The fundamental objective is to give support through stories and messages that may have an impact on the LGBT+ community. In the short term, we want to keep growing in all social networks in order to reach more young people and o be heard everywhere. Our mid and long-term plans consist of opening an office that gives psychological help that will help us support young LGBT+ people and their families. Furthermore, we have an educational area where we strive to reach educational institutions and prepare children and staff members to have respectful behavior towards their LGBT+ schoolmates. Lastly, and maybe this is the objective that is more into the future, we would like to have means for a magazine and an online radio program.<\/p>\n<p><span style=\"color: #138a8d;\"><strong>Solkes:<\/strong><\/span> Do you consider that in a\u00a0country such as Colombia, where religion has such an important role, people&#8217;s behaviors are influenced regarding this subject?<\/p>\n<p><span style=\"color: #138a8d;\"><strong>Lina Bravo, ICBG\u2019s psychological director in the education and clinical department:<\/strong><\/span> Absolutely, Colombia is a country where religion sets the tone for certain trains of thought and actions. Due to this, there are lots of people that because of their spirituality set discriminatory rules for everything that doesn\u2019t comply with their religious texts.<\/p>\n<h3><span style=\"color: #138a8d;\"><strong>The path to change<\/strong><\/span><\/h3>\n<p>Open-mindedness in Colombia is taking place. It has not been an easy path or something that has happened overnight. Examples are:<\/p>\n<p><span style=\"color: #138a8d;\"><strong>In 1991<\/strong><\/span> the new constitution includes a number of provisions of particular interest to the LGBTI community, such as the right to equality, the constitutional principle of pluralism and the right to free development of personality.<\/p>\n<p><span style=\"color: #138a8d;\"><strong>In 2000 the Congress<\/strong><\/span> establishes in the Penal Code a norm that aggravates it when it is verified that the crime was motivated by the sexual orientation of the victim.<\/p>\n<figure id=\"attachment_4343\" aria-describedby=\"caption-attachment-4343\" style=\"width: 996px\" class=\"wp-caption aligncenter\"><a href=\"https:\/\/solkes.com\/wp-content\/uploads\/2019\/09\/1609_04-1.jpg\"><img decoding=\"async\" class=\"size-full wp-image-4343\" src=\"https:\/\/solkes.com\/wp-content\/uploads\/2019\/09\/1609_04-1.jpg\" alt=\"\" width=\"996\" height=\"601\" srcset=\"https:\/\/solkes.com\/wp-content\/uploads\/2019\/09\/1609_04-1.jpg 996w, https:\/\/solkes.com\/wp-content\/uploads\/2019\/09\/1609_04-1-300x181.jpg 300w, https:\/\/solkes.com\/wp-content\/uploads\/2019\/09\/1609_04-1-768x463.jpg 768w, https:\/\/solkes.com\/wp-content\/uploads\/2019\/09\/1609_04-1-320x193.jpg 320w\" sizes=\"(max-width: 996px) 100vw, 996px\" \/><\/a><figcaption id=\"caption-attachment-4343\" class=\"wp-caption-text\">ICBG \u00a9 Solkes<\/figcaption><\/figure>\n<p><span style=\"color: #138a8d;\"><strong> In 2007<\/strong><\/span> a bill was passed in Congress that sought to recognize the property rights of same-sex couples. <span style=\"color: #138a8d;\"><strong>On 4 October 2007, the Constitutional Court <\/strong><\/span>ruled that same-sex couples in Colombia with a minimum of two years of coexistence, in fact, may join together the social security system.<\/p>\n<p><span style=\"color: #138a8d;\"><strong>Since November 4, 2015<\/strong><\/span> the Constitutional Court cleared the way for the adoption of homosexual couples.<\/p>\n<p>Although steps have been taken to respect the community members in Colombia LGBTI still has many things to do.<\/p>\n<p><span style=\"color: #138a8d;\"><strong>Solkes:<\/strong><\/span> What do we need to do in Colombia?<\/p>\n<p><strong><span style=\"color: #138a8d;\">Lina Bravo, ICBG\u2019s psychological director in the education and clinical department<\/span>:<\/strong> If we could all understand that our differences don\u2019t have to be barriers but instead places to learn maybe all prejudice will be erased.<\/p>\n<p><span style=\"color: #138a8d;\"><strong>Solkes:<\/strong><\/span> Have you seen changes in Colombian society in regards to the LGBT community?<\/p>\n<p><span style=\"color: #138a8d;\"><strong>Daniela Villegas, IGBC communications and marketing director:<\/strong><\/span> Absolutely, we believe and see that things start positively shifting; subjects such as equal marriage and adoption by homosexual couples in Colombia are proof of it.<\/p>\n<blockquote class=\"td_quote_box td_box_left\">\n<h4>Ignorance is crucial. People are afraid of the unknown, they assume positions from that stand point and immediately reject others based on that.<\/h4>\n<\/blockquote>\n<p><span style=\"color: #138a8d;\"><strong> Solkes:<\/strong><\/span> In your experience, do you think it can get better?<\/p>\n<figure id=\"attachment_4344\" aria-describedby=\"caption-attachment-4344\" style=\"width: 300px\" class=\"wp-caption alignright\"><a href=\"http:\/\/solkes.com\/wp-content\/uploads\/2019\/09\/1609_05-e1568975706746.jpg\"><img loading=\"lazy\" decoding=\"async\" class=\"size-medium wp-image-4344\" src=\"http:\/\/solkes.com\/wp-content\/uploads\/2019\/09\/1609_05-e1568975706746-300x497.jpg\" alt=\"\" width=\"300\" height=\"497\" \/><\/a><figcaption id=\"caption-attachment-4344\" class=\"wp-caption-text\">Nessa Twix \u00a9 Solkes<\/figcaption><\/figure>\n<p><span style=\"color: #138a8d;\"><strong>Daniela Villegas, IGBC communications and marketing director:<\/strong><\/span> Things take time; some people take longer than others but situations almost always change for the better.<\/p>\n<p><span style=\"color: #138a8d;\"><strong>Solkes:<\/strong><\/span> If someone who is reading this needs help, what would you tell them?<\/p>\n<p><span style=\"color: #138a8d;\"><strong>Lina Bravo, ICBG\u2019s psychological director in the education and clinical department:<\/strong><\/span> First of all, that they are not alone, there are lots of people who are going through a similar situation and in the end, things get better. There are very hard moments, filled with uncertainty but something rewarding in life is to be yourself, with love and courage you can achieve anything. Besides that, in It Gets Better Colombia they can find a friend that is willing to help them. We are here to listen, to be a helping hand, and to support anyone who needs it.<\/p>\n<p>A concrete example is that despite the recognition that members of the LGBTI community are having in the political arena, the candidates claim that being chosen is very difficult. In the same way, same-sex couples no longer have to perform a tricky procedure to register their children.<\/p>\n<p>&nbsp;<\/p>\n<h3><span style=\"color: #138a8d;\"><strong>Head up high<\/strong><\/span><\/h3>\n<p>Needless to say, the facts, figures of abuse, and violence against LGBTI people are shocking, to say the least. In total, from 2006 to 2014, there have been 824 killings of LGBTI people in Colombia. Between 2013 and 2014, 222 cases of abuse were recorded by the police towards the LGBTI community.<\/p>\n<p><span class=\"dropcap dropcap2\" style=\"color: #138a8d;\">W<\/span>riting and reading these figures will never be equivalent to facing these problems. This is our grain of sand towards this cause.<\/p>\n<figure id=\"attachment_4341\" aria-describedby=\"caption-attachment-4341\" style=\"width: 996px\" class=\"wp-caption aligncenter\"><a href=\"https:\/\/solkes.com\/wp-content\/uploads\/2019\/09\/1609_02-1.jpg\"><img loading=\"lazy\" decoding=\"async\" class=\"size-full wp-image-4341\" src=\"https:\/\/solkes.com\/wp-content\/uploads\/2019\/09\/1609_02-1.jpg\" alt=\"\" width=\"996\" height=\"601\" srcset=\"https:\/\/solkes.com\/wp-content\/uploads\/2019\/09\/1609_02-1.jpg 996w, https:\/\/solkes.com\/wp-content\/uploads\/2019\/09\/1609_02-1-300x181.jpg 300w, https:\/\/solkes.com\/wp-content\/uploads\/2019\/09\/1609_02-1-768x463.jpg 768w, https:\/\/solkes.com\/wp-content\/uploads\/2019\/09\/1609_02-1-320x193.jpg 320w\" sizes=\"(max-width: 996px) 100vw, 996px\" \/><\/a><figcaption id=\"caption-attachment-4341\" class=\"wp-caption-text\">Nessa Twix \u00a9 Solkes<\/figcaption><\/figure>\n<p><span style=\"color: #138a8d;\">W<\/span>e ask ourselves: <span style=\"color: #138a8d;\"><strong>What is the cause of the violence perpetrated against LGBTI people?<\/strong><\/span> In our humble opinion: ignorance and prejudice. <span style=\"color: #138a8d;\"><strong>This shows that the fight is meant not only to achieve legal steps but also in our day-to-day lives. <\/strong><\/span>No one should have to suffer as a cause of the ignorance and prejudice of cowards.<\/p>\n","protected":false},"excerpt":{"rendered":"<p>In several countries around the world, including Colombia, both children, young people, and grown-ups suffer constant forms of aggression and discrimination because of their sexual orientation or because they have a different gender identity. Unfortunately, violence against the LGBTI community is pressing. Excruciatingly, there are hundreds of people in Colombia (and the world ) who [&hellip;]<\/p>\n","protected":false},"author":76,"featured_media":4341,"comment_status":"open","ping_status":"open","sticky":false,"template":"","format":"standard","meta":{"_acf_changed":false,"_exactmetrics_skip_tracking":false,"_exactmetrics_sitenote_active":false,"_exactmetrics_sitenote_note":"","_exactmetrics_sitenote_category":0,"site-sidebar-layout":"default","site-content-layout":"default","ast-site-content-layout":"default","site-content-style":"default","site-sidebar-style":"default","ast-global-header-display":"","ast-banner-title-visibility":"","ast-main-header-display":"","ast-hfb-above-header-display":"","ast-hfb-below-header-display":"","ast-hfb-mobile-header-display":"","site-post-title":"","ast-breadcrumbs-content":"","ast-featured-img":"","footer-sml-layout":"","theme-transparent-header-meta":"default","adv-header-id-meta":"","stick-header-meta":"","header-above-stick-meta":"","header-main-stick-meta":"","header-below-stick-meta":"","astra-migrate-meta-layouts":"default","ast-page-background-enabled":"default","ast-page-background-meta":{"desktop":{"background-color":"","background-image":"","background-repeat":"repeat","background-position":"center center","background-size":"auto","background-attachment":"scroll","background-type":"","background-media":"","overlay-type":"","overlay-color":"","overlay-opacity":"","overlay-gradient":""},"tablet":{"background-color":"","background-image":"","background-repeat":"repeat","background-position":"center center","background-size":"auto","background-attachment":"scroll","background-type":"","background-media":"","overlay-type":"","overlay-color":"","overlay-opacity":"","overlay-gradient":""},"mobile":{"background-color":"","background-image":"","background-repeat":"repeat","background-position":"center center","background-size":"auto","background-attachment":"scroll","background-type":"","background-media":"","overlay-type":"","overlay-color":"","overlay-opacity":"","overlay-gradient":""}},"ast-content-background-meta":{"desktop":{"background-color":"var(--ast-global-color-5)","background-image":"","background-repeat":"repeat","background-position":"center center","background-size":"auto","background-attachment":"scroll","background-type":"","background-media":"","overlay-type":"","overlay-color":"","overlay-opacity":"","overlay-gradient":""},"tablet":{"background-color":"var(--ast-global-color-5)","background-image":"","background-repeat":"repeat","background-position":"center center","background-size":"auto","background-attachment":"scroll","background-type":"","background-media":"","overlay-type":"","overlay-color":"","overlay-opacity":"","overlay-gradient":""},"mobile":{"background-color":"var(--ast-global-color-5)","background-image":"","background-repeat":"repeat","background-position":"center center","background-size":"auto","background-attachment":"scroll","background-type":"","background-media":"","overlay-type":"","overlay-color":"","overlay-opacity":"","overlay-gradient":""}},"footnotes":""},"categories":[66],"tags":[801],"class_list":["post-4641","post","type-post","status-publish","format-standard","has-post-thumbnail","hentry","category-leaving-a-mark","tag-colombia-en-2"],"acf":[],"yoast_head":"<!-- This site is optimized with the Yoast SEO plugin v27.4 - https:\/\/yoast.com\/product\/yoast-seo-wordpress\/ -->\n<title>It can get better - Solkes Magazine<\/title>\n<meta name=\"description\" content=\"The violence against the LGBTI community around the world is pressing. People are suffering deeply. But, it can get better\" \/>\n<meta name=\"robots\" content=\"index, follow, max-snippet:-1, max-image-preview:large, max-video-preview:-1\" \/>\n<link rel=\"canonical\" href=\"https:\/\/solkes.com\/en\/leaving-a-mark\/2021\/10\/it-can-get-better\/\" \/>\n<meta property=\"og:locale\" content=\"en_US\" \/>\n<meta property=\"og:type\" content=\"article\" \/>\n<meta property=\"og:title\" content=\"It can get better - Solkes Magazine\" \/>\n<meta property=\"og:description\" content=\"The violence against the LGBTI community around the world is pressing. People are suffering deeply. But, it can get better\" \/>\n<meta property=\"og:url\" content=\"https:\/\/solkes.com\/en\/leaving-a-mark\/2021\/10\/it-can-get-better\/\" \/>\n<meta property=\"og:site_name\" content=\"Solkes Magazine\" \/>\n<meta property=\"article:publisher\" content=\"https:\/\/www.facebook.com\/solkesmagazinee\/\" \/>\n<meta property=\"article:published_time\" content=\"2021-10-03T08:00:54+00:00\" \/>\n<meta property=\"og:image\" content=\"https:\/\/solkes.com\/wp-content\/uploads\/2019\/09\/1609_02-1.jpg\" \/>\n\t<meta property=\"og:image:width\" content=\"996\" \/>\n\t<meta property=\"og:image:height\" content=\"601\" \/>\n\t<meta property=\"og:image:type\" content=\"image\/jpeg\" \/>\n<meta name=\"author\" content=\"Laura Viera A.\" \/>\n<meta name=\"twitter:card\" content=\"summary_large_image\" \/>\n<meta name=\"twitter:label1\" content=\"Written by\" \/>\n\t<meta name=\"twitter:data1\" content=\"Laura Viera A.\" \/>\n\t<meta name=\"twitter:label2\" content=\"Est. reading time\" \/>\n\t<meta name=\"twitter:data2\" content=\"7 minutes\" \/>\n<script type=\"application\/ld+json\" class=\"yoast-schema-graph\">{\"@context\":\"https:\\\/\\\/schema.org\",\"@graph\":[{\"@type\":\"Article\",\"@id\":\"https:\\\/\\\/solkes.com\\\/en\\\/leaving-a-mark\\\/2021\\\/10\\\/it-can-get-better\\\/#article\",\"isPartOf\":{\"@id\":\"https:\\\/\\\/solkes.com\\\/en\\\/leaving-a-mark\\\/2021\\\/10\\\/it-can-get-better\\\/\"},\"author\":{\"name\":\"Laura Viera A.\",\"@id\":\"https:\\\/\\\/solkes.com\\\/#\\\/schema\\\/person\\\/54684f1c0bebcaff4d6b3f1ec2e71e91\"},\"headline\":\"It can get better\",\"datePublished\":\"2021-10-03T08:00:54+00:00\",\"mainEntityOfPage\":{\"@id\":\"https:\\\/\\\/solkes.com\\\/en\\\/leaving-a-mark\\\/2021\\\/10\\\/it-can-get-better\\\/\"},\"wordCount\":1497,\"commentCount\":0,\"publisher\":{\"@id\":\"https:\\\/\\\/solkes.com\\\/#organization\"},\"image\":{\"@id\":\"https:\\\/\\\/solkes.com\\\/en\\\/leaving-a-mark\\\/2021\\\/10\\\/it-can-get-better\\\/#primaryimage\"},\"thumbnailUrl\":\"https:\\\/\\\/solkes.com\\\/wp-content\\\/uploads\\\/2019\\\/09\\\/1609_02-1.jpg\",\"keywords\":[\"Colombia\"],\"articleSection\":[\"Leaving a Mark\"],\"inLanguage\":\"en-US\",\"potentialAction\":[{\"@type\":\"CommentAction\",\"name\":\"Comment\",\"target\":[\"https:\\\/\\\/solkes.com\\\/en\\\/leaving-a-mark\\\/2021\\\/10\\\/it-can-get-better\\\/#respond\"]}]},{\"@type\":\"WebPage\",\"@id\":\"https:\\\/\\\/solkes.com\\\/en\\\/leaving-a-mark\\\/2021\\\/10\\\/it-can-get-better\\\/\",\"url\":\"https:\\\/\\\/solkes.com\\\/en\\\/leaving-a-mark\\\/2021\\\/10\\\/it-can-get-better\\\/\",\"name\":\"It can get better - Solkes Magazine\",\"isPartOf\":{\"@id\":\"https:\\\/\\\/solkes.com\\\/#website\"},\"primaryImageOfPage\":{\"@id\":\"https:\\\/\\\/solkes.com\\\/en\\\/leaving-a-mark\\\/2021\\\/10\\\/it-can-get-better\\\/#primaryimage\"},\"image\":{\"@id\":\"https:\\\/\\\/solkes.com\\\/en\\\/leaving-a-mark\\\/2021\\\/10\\\/it-can-get-better\\\/#primaryimage\"},\"thumbnailUrl\":\"https:\\\/\\\/solkes.com\\\/wp-content\\\/uploads\\\/2019\\\/09\\\/1609_02-1.jpg\",\"datePublished\":\"2021-10-03T08:00:54+00:00\",\"description\":\"The violence against the LGBTI community around the world is pressing. People are suffering deeply. But, it can get better\",\"breadcrumb\":{\"@id\":\"https:\\\/\\\/solkes.com\\\/en\\\/leaving-a-mark\\\/2021\\\/10\\\/it-can-get-better\\\/#breadcrumb\"},\"inLanguage\":\"en-US\",\"potentialAction\":[{\"@type\":\"ReadAction\",\"target\":[\"https:\\\/\\\/solkes.com\\\/en\\\/leaving-a-mark\\\/2021\\\/10\\\/it-can-get-better\\\/\"]}]},{\"@type\":\"ImageObject\",\"inLanguage\":\"en-US\",\"@id\":\"https:\\\/\\\/solkes.com\\\/en\\\/leaving-a-mark\\\/2021\\\/10\\\/it-can-get-better\\\/#primaryimage\",\"url\":\"https:\\\/\\\/solkes.com\\\/wp-content\\\/uploads\\\/2019\\\/09\\\/1609_02-1.jpg\",\"contentUrl\":\"https:\\\/\\\/solkes.com\\\/wp-content\\\/uploads\\\/2019\\\/09\\\/1609_02-1.jpg\",\"width\":996,\"height\":601,\"caption\":\"Ilustraci\u00f3n: Nessa Twix \u00a9 Solkes\"},{\"@type\":\"BreadcrumbList\",\"@id\":\"https:\\\/\\\/solkes.com\\\/en\\\/leaving-a-mark\\\/2021\\\/10\\\/it-can-get-better\\\/#breadcrumb\",\"itemListElement\":[{\"@type\":\"ListItem\",\"position\":1,\"name\":\"Portada\",\"item\":\"https:\\\/\\\/solkes.com\\\/\"},{\"@type\":\"ListItem\",\"position\":2,\"name\":\"It can get better\"}]},{\"@type\":\"WebSite\",\"@id\":\"https:\\\/\\\/solkes.com\\\/#website\",\"url\":\"https:\\\/\\\/solkes.com\\\/\",\"name\":\"Solkes Magazine\",\"description\":\"solkes.com\",\"publisher\":{\"@id\":\"https:\\\/\\\/solkes.com\\\/#organization\"},\"potentialAction\":[{\"@type\":\"SearchAction\",\"target\":{\"@type\":\"EntryPoint\",\"urlTemplate\":\"https:\\\/\\\/solkes.com\\\/?s={search_term_string}\"},\"query-input\":{\"@type\":\"PropertyValueSpecification\",\"valueRequired\":true,\"valueName\":\"search_term_string\"}}],\"inLanguage\":\"en-US\"},{\"@type\":\"Organization\",\"@id\":\"https:\\\/\\\/solkes.com\\\/#organization\",\"name\":\"Solkes Magazine\",\"url\":\"https:\\\/\\\/solkes.com\\\/\",\"logo\":{\"@type\":\"ImageObject\",\"inLanguage\":\"en-US\",\"@id\":\"https:\\\/\\\/solkes.com\\\/#\\\/schema\\\/logo\\\/image\\\/\",\"url\":\"https:\\\/\\\/solkes.com\\\/wp-content\\\/uploads\\\/2024\\\/09\\\/logo-SOLKES-820px-x-312px.png\",\"contentUrl\":\"https:\\\/\\\/solkes.com\\\/wp-content\\\/uploads\\\/2024\\\/09\\\/logo-SOLKES-820px-x-312px.png\",\"width\":411,\"height\":303,\"caption\":\"Solkes Magazine\"},\"image\":{\"@id\":\"https:\\\/\\\/solkes.com\\\/#\\\/schema\\\/logo\\\/image\\\/\"},\"sameAs\":[\"https:\\\/\\\/www.facebook.com\\\/solkesmagazinee\\\/\",\"https:\\\/\\\/instagram.com\\\/solkesmagazine\\\/\"]},{\"@type\":\"Person\",\"@id\":\"https:\\\/\\\/solkes.com\\\/#\\\/schema\\\/person\\\/54684f1c0bebcaff4d6b3f1ec2e71e91\",\"name\":\"Laura Viera A.\",\"image\":{\"@type\":\"ImageObject\",\"inLanguage\":\"en-US\",\"@id\":\"https:\\\/\\\/secure.gravatar.com\\\/avatar\\\/d7b6a8bb956f5279e99babca11ed31351716b19f59e9e3e989847c0ca9e0c5d9?s=96&d=identicon&r=g\",\"url\":\"https:\\\/\\\/secure.gravatar.com\\\/avatar\\\/d7b6a8bb956f5279e99babca11ed31351716b19f59e9e3e989847c0ca9e0c5d9?s=96&d=identicon&r=g\",\"contentUrl\":\"https:\\\/\\\/secure.gravatar.com\\\/avatar\\\/d7b6a8bb956f5279e99babca11ed31351716b19f59e9e3e989847c0ca9e0c5d9?s=96&d=identicon&r=g\",\"caption\":\"Laura Viera A.\"},\"description\":\"Fundadora y Directora Editorial de Solkes Magazine Es periodista de vocaci\u00f3n y formaci\u00f3n. Estudi\u00f3 Comunicaci\u00f3n Social con \u00e9nfasis en Periodismo en la Pontificia Universidad Javeriana de Bogot\u00e1, Colombia. Desde muy joven sinti\u00f3 una profunda pasi\u00f3n por contar historias, explorar el mundo y dar voz a quienes no la tienen. Su compromiso con los Derechos Humanos ha sido una constante en su trayectoria, participando activamente en proyectos sociales desde temprana edad. Este inter\u00e9s se refleja en el enfoque editorial de Solkes, una revista que prioriza el periodismo independiente, la diversidad cultural y la profundidad narrativa. Laura naci\u00f3 en Bogot\u00e1, vivi\u00f3 tres a\u00f1os en Madrid, Espa\u00f1a, y desde el verano de 2010 reside en Alemania. Esta experiencia multicultural ha enriquecido su perspectiva y ha sido clave para la creaci\u00f3n de una revista triling\u00fce que trasciende fronteras y conecta a lectores de distintas partes del mundo. ******************************************************************************************* Founder and Editorial Director of Solkes Magazine She is a passionate journalist by vocation and training. She studied Mass Communication with an emphasis on Journalism at the Pontificia Universidad Javeriana in Bogot\u00e1, Colombia. From a young age, she was deeply motivated to tell stories, explore the world, and give a voice to those who often go unheard. Her commitment to Human Rights has been a constant throughout her career, actively participating in social projects since early on. This dedication is reflected in Solkes Magazine\u2019s editorial focus on independent journalism, cultural diversity, and in-depth storytelling. Born in Bogot\u00e1, Laura lived in Madrid, Spain for three years, and has been residing in Germany since the summer of 2010. This multicultural experience has enriched her perspective and played a key role in creating a trilingual magazine that transcends borders and connects readers from around the world. ******************************************************************************************* Gr\u00fcnderin und Chefredakteurin von Solkes Magazine Laura Viera ist eine leidenschaftliche Journalistin aus Berufung und Ausbildung. Sie hat Soziale Kommunikation mit Schwerpunkt Journalismus an der Pontificia Universidad Javeriana in Bogot\u00e1, Kolumbien, studiert. Schon in jungen Jahren war sie stark motiviert, Geschichten zu erz\u00e4hlen, die Welt zu erkunden und denen eine Stimme zu geben, die oft ungeh\u00f6rt bleiben. Ihr Engagement f\u00fcr Menschenrechte begleitet sie seit Beginn ihrer Laufbahn. Sie war von Anfang an aktiv an sozialen Projekten beteiligt. Dieses Engagement spiegelt sich auch im redaktionellen Fokus von Solkes Magazine wider, das unabh\u00e4ngigen Journalismus, kulturelle Vielfalt und tiefgr\u00fcndiges Erz\u00e4hlen in den Vordergrund stellt. Geboren in Bogot\u00e1, lebte Laura drei Jahre in Madrid, Spanien, und lebt seit Sommer 2010 in Deutschland. Diese multikulturelle Erfahrung hat ihre Perspektive bereichert und war entscheidend bei der Gr\u00fcndung eines dreisprachigen Magazins, das Grenzen \u00fcberschreitet und Leser weltweit verbindet.\",\"sameAs\":[\"http:\\\/\\\/www.solkes.com\"],\"url\":\"https:\\\/\\\/solkes.com\\\/en\\\/author\\\/lauraviera2019\\\/\"}]}<\/script>\n<!-- \/ Yoast SEO plugin. -->","yoast_head_json":{"title":"It can get better - Solkes Magazine","description":"The violence against the LGBTI community around the world is pressing. People are suffering deeply. But, it can get better","robots":{"index":"index","follow":"follow","max-snippet":"max-snippet:-1","max-image-preview":"max-image-preview:large","max-video-preview":"max-video-preview:-1"},"canonical":"https:\/\/solkes.com\/en\/leaving-a-mark\/2021\/10\/it-can-get-better\/","og_locale":"en_US","og_type":"article","og_title":"It can get better - Solkes Magazine","og_description":"The violence against the LGBTI community around the world is pressing. People are suffering deeply. But, it can get better","og_url":"https:\/\/solkes.com\/en\/leaving-a-mark\/2021\/10\/it-can-get-better\/","og_site_name":"Solkes Magazine","article_publisher":"https:\/\/www.facebook.com\/solkesmagazinee\/","article_published_time":"2021-10-03T08:00:54+00:00","og_image":[{"width":996,"height":601,"url":"https:\/\/solkes.com\/wp-content\/uploads\/2019\/09\/1609_02-1.jpg","type":"image\/jpeg"}],"author":"Laura Viera A.","twitter_card":"summary_large_image","twitter_misc":{"Written by":"Laura Viera A.","Est. reading time":"7 minutes"},"schema":{"@context":"https:\/\/schema.org","@graph":[{"@type":"Article","@id":"https:\/\/solkes.com\/en\/leaving-a-mark\/2021\/10\/it-can-get-better\/#article","isPartOf":{"@id":"https:\/\/solkes.com\/en\/leaving-a-mark\/2021\/10\/it-can-get-better\/"},"author":{"name":"Laura Viera A.","@id":"https:\/\/solkes.com\/#\/schema\/person\/54684f1c0bebcaff4d6b3f1ec2e71e91"},"headline":"It can get better","datePublished":"2021-10-03T08:00:54+00:00","mainEntityOfPage":{"@id":"https:\/\/solkes.com\/en\/leaving-a-mark\/2021\/10\/it-can-get-better\/"},"wordCount":1497,"commentCount":0,"publisher":{"@id":"https:\/\/solkes.com\/#organization"},"image":{"@id":"https:\/\/solkes.com\/en\/leaving-a-mark\/2021\/10\/it-can-get-better\/#primaryimage"},"thumbnailUrl":"https:\/\/solkes.com\/wp-content\/uploads\/2019\/09\/1609_02-1.jpg","keywords":["Colombia"],"articleSection":["Leaving a Mark"],"inLanguage":"en-US","potentialAction":[{"@type":"CommentAction","name":"Comment","target":["https:\/\/solkes.com\/en\/leaving-a-mark\/2021\/10\/it-can-get-better\/#respond"]}]},{"@type":"WebPage","@id":"https:\/\/solkes.com\/en\/leaving-a-mark\/2021\/10\/it-can-get-better\/","url":"https:\/\/solkes.com\/en\/leaving-a-mark\/2021\/10\/it-can-get-better\/","name":"It can get better - Solkes Magazine","isPartOf":{"@id":"https:\/\/solkes.com\/#website"},"primaryImageOfPage":{"@id":"https:\/\/solkes.com\/en\/leaving-a-mark\/2021\/10\/it-can-get-better\/#primaryimage"},"image":{"@id":"https:\/\/solkes.com\/en\/leaving-a-mark\/2021\/10\/it-can-get-better\/#primaryimage"},"thumbnailUrl":"https:\/\/solkes.com\/wp-content\/uploads\/2019\/09\/1609_02-1.jpg","datePublished":"2021-10-03T08:00:54+00:00","description":"The violence against the LGBTI community around the world is pressing. People are suffering deeply. But, it can get better","breadcrumb":{"@id":"https:\/\/solkes.com\/en\/leaving-a-mark\/2021\/10\/it-can-get-better\/#breadcrumb"},"inLanguage":"en-US","potentialAction":[{"@type":"ReadAction","target":["https:\/\/solkes.com\/en\/leaving-a-mark\/2021\/10\/it-can-get-better\/"]}]},{"@type":"ImageObject","inLanguage":"en-US","@id":"https:\/\/solkes.com\/en\/leaving-a-mark\/2021\/10\/it-can-get-better\/#primaryimage","url":"https:\/\/solkes.com\/wp-content\/uploads\/2019\/09\/1609_02-1.jpg","contentUrl":"https:\/\/solkes.com\/wp-content\/uploads\/2019\/09\/1609_02-1.jpg","width":996,"height":601,"caption":"Ilustraci\u00f3n: Nessa Twix \u00a9 Solkes"},{"@type":"BreadcrumbList","@id":"https:\/\/solkes.com\/en\/leaving-a-mark\/2021\/10\/it-can-get-better\/#breadcrumb","itemListElement":[{"@type":"ListItem","position":1,"name":"Portada","item":"https:\/\/solkes.com\/"},{"@type":"ListItem","position":2,"name":"It can get better"}]},{"@type":"WebSite","@id":"https:\/\/solkes.com\/#website","url":"https:\/\/solkes.com\/","name":"Solkes Magazine","description":"solkes.com","publisher":{"@id":"https:\/\/solkes.com\/#organization"},"potentialAction":[{"@type":"SearchAction","target":{"@type":"EntryPoint","urlTemplate":"https:\/\/solkes.com\/?s={search_term_string}"},"query-input":{"@type":"PropertyValueSpecification","valueRequired":true,"valueName":"search_term_string"}}],"inLanguage":"en-US"},{"@type":"Organization","@id":"https:\/\/solkes.com\/#organization","name":"Solkes Magazine","url":"https:\/\/solkes.com\/","logo":{"@type":"ImageObject","inLanguage":"en-US","@id":"https:\/\/solkes.com\/#\/schema\/logo\/image\/","url":"https:\/\/solkes.com\/wp-content\/uploads\/2024\/09\/logo-SOLKES-820px-x-312px.png","contentUrl":"https:\/\/solkes.com\/wp-content\/uploads\/2024\/09\/logo-SOLKES-820px-x-312px.png","width":411,"height":303,"caption":"Solkes Magazine"},"image":{"@id":"https:\/\/solkes.com\/#\/schema\/logo\/image\/"},"sameAs":["https:\/\/www.facebook.com\/solkesmagazinee\/","https:\/\/instagram.com\/solkesmagazine\/"]},{"@type":"Person","@id":"https:\/\/solkes.com\/#\/schema\/person\/54684f1c0bebcaff4d6b3f1ec2e71e91","name":"Laura Viera A.","image":{"@type":"ImageObject","inLanguage":"en-US","@id":"https:\/\/secure.gravatar.com\/avatar\/d7b6a8bb956f5279e99babca11ed31351716b19f59e9e3e989847c0ca9e0c5d9?s=96&d=identicon&r=g","url":"https:\/\/secure.gravatar.com\/avatar\/d7b6a8bb956f5279e99babca11ed31351716b19f59e9e3e989847c0ca9e0c5d9?s=96&d=identicon&r=g","contentUrl":"https:\/\/secure.gravatar.com\/avatar\/d7b6a8bb956f5279e99babca11ed31351716b19f59e9e3e989847c0ca9e0c5d9?s=96&d=identicon&r=g","caption":"Laura Viera A."},"description":"Fundadora y Directora Editorial de Solkes Magazine Es periodista de vocaci\u00f3n y formaci\u00f3n. Estudi\u00f3 Comunicaci\u00f3n Social con \u00e9nfasis en Periodismo en la Pontificia Universidad Javeriana de Bogot\u00e1, Colombia. Desde muy joven sinti\u00f3 una profunda pasi\u00f3n por contar historias, explorar el mundo y dar voz a quienes no la tienen. Su compromiso con los Derechos Humanos ha sido una constante en su trayectoria, participando activamente en proyectos sociales desde temprana edad. Este inter\u00e9s se refleja en el enfoque editorial de Solkes, una revista que prioriza el periodismo independiente, la diversidad cultural y la profundidad narrativa. Laura naci\u00f3 en Bogot\u00e1, vivi\u00f3 tres a\u00f1os en Madrid, Espa\u00f1a, y desde el verano de 2010 reside en Alemania. Esta experiencia multicultural ha enriquecido su perspectiva y ha sido clave para la creaci\u00f3n de una revista triling\u00fce que trasciende fronteras y conecta a lectores de distintas partes del mundo. ******************************************************************************************* Founder and Editorial Director of Solkes Magazine She is a passionate journalist by vocation and training. She studied Mass Communication with an emphasis on Journalism at the Pontificia Universidad Javeriana in Bogot\u00e1, Colombia. From a young age, she was deeply motivated to tell stories, explore the world, and give a voice to those who often go unheard. Her commitment to Human Rights has been a constant throughout her career, actively participating in social projects since early on. This dedication is reflected in Solkes Magazine\u2019s editorial focus on independent journalism, cultural diversity, and in-depth storytelling. Born in Bogot\u00e1, Laura lived in Madrid, Spain for three years, and has been residing in Germany since the summer of 2010. This multicultural experience has enriched her perspective and played a key role in creating a trilingual magazine that transcends borders and connects readers from around the world. ******************************************************************************************* Gr\u00fcnderin und Chefredakteurin von Solkes Magazine Laura Viera ist eine leidenschaftliche Journalistin aus Berufung und Ausbildung. Sie hat Soziale Kommunikation mit Schwerpunkt Journalismus an der Pontificia Universidad Javeriana in Bogot\u00e1, Kolumbien, studiert. Schon in jungen Jahren war sie stark motiviert, Geschichten zu erz\u00e4hlen, die Welt zu erkunden und denen eine Stimme zu geben, die oft ungeh\u00f6rt bleiben. Ihr Engagement f\u00fcr Menschenrechte begleitet sie seit Beginn ihrer Laufbahn. Sie war von Anfang an aktiv an sozialen Projekten beteiligt. Dieses Engagement spiegelt sich auch im redaktionellen Fokus von Solkes Magazine wider, das unabh\u00e4ngigen Journalismus, kulturelle Vielfalt und tiefgr\u00fcndiges Erz\u00e4hlen in den Vordergrund stellt. Geboren in Bogot\u00e1, lebte Laura drei Jahre in Madrid, Spanien, und lebt seit Sommer 2010 in Deutschland. Diese multikulturelle Erfahrung hat ihre Perspektive bereichert und war entscheidend bei der Gr\u00fcndung eines dreisprachigen Magazins, das Grenzen \u00fcberschreitet und Leser weltweit verbindet.","sameAs":["http:\/\/www.solkes.com"],"url":"https:\/\/solkes.com\/en\/author\/lauraviera2019\/"}]}},"_links":{"self":[{"href":"https:\/\/solkes.com\/en\/wp-json\/wp\/v2\/posts\/4641","targetHints":{"allow":["GET"]}}],"collection":[{"href":"https:\/\/solkes.com\/en\/wp-json\/wp\/v2\/posts"}],"about":[{"href":"https:\/\/solkes.com\/en\/wp-json\/wp\/v2\/types\/post"}],"author":[{"embeddable":true,"href":"https:\/\/solkes.com\/en\/wp-json\/wp\/v2\/users\/76"}],"replies":[{"embeddable":true,"href":"https:\/\/solkes.com\/en\/wp-json\/wp\/v2\/comments?post=4641"}],"version-history":[{"count":6,"href":"https:\/\/solkes.com\/en\/wp-json\/wp\/v2\/posts\/4641\/revisions"}],"predecessor-version":[{"id":15127,"href":"https:\/\/solkes.com\/en\/wp-json\/wp\/v2\/posts\/4641\/revisions\/15127"}],"wp:featuredmedia":[{"embeddable":true,"href":"https:\/\/solkes.com\/en\/wp-json\/wp\/v2\/media\/4341"}],"wp:attachment":[{"href":"https:\/\/solkes.com\/en\/wp-json\/wp\/v2\/media?parent=4641"}],"wp:term":[{"taxonomy":"category","embeddable":true,"href":"https:\/\/solkes.com\/en\/wp-json\/wp\/v2\/categories?post=4641"},{"taxonomy":"post_tag","embeddable":true,"href":"https:\/\/solkes.com\/en\/wp-json\/wp\/v2\/tags?post=4641"}],"curies":[{"name":"wp","href":"https:\/\/api.w.org\/{rel}","templated":true}]}}