{"id":4008,"date":"2019-06-03T10:00:53","date_gmt":"2019-06-03T08:00:53","guid":{"rendered":"http:\/\/solkes.com\/?p=4008"},"modified":"2020-11-14T19:20:16","modified_gmt":"2020-11-14T17:20:16","slug":"interview-carlota-mayolo","status":"publish","type":"post","link":"https:\/\/solkes.com\/en\/urban\/2019\/06\/interview-carlota-mayolo\/","title":{"rendered":"Interview: Carlota Mayolo"},"content":{"rendered":"<p><span class=\"dropcap dropcap2\" style=\"color: #138a8d;\">W<\/span>hen I began my conversation with <strong><span style=\"color: #138a8d;\">Carlota Mayolo<\/span><\/strong> I realized that I was completely unaware about the meaning of <strong><span style=\"color: #138a8d;\">permaculture<\/span><\/strong>. I learned that it is a system of principles of agricultural and social, political and economic design based on the patterns and characteristics of the natural ecosystem.<\/p>\n<p>&nbsp;<\/p>\n<h3><strong><span style=\"color: #138a8d;\">Explaining permaculture<\/span><\/strong><\/h3>\n<p>It has many branches, some of them are: ecological design, ecological engineering or environmental design.<\/p>\n<p>The term permaculture was first used by Australians <a href=\"http:\/\/www.networkearth.org\/perma\/culture.html\"><strong><span style=\"color: #138a8d;\">Bill Mollison<\/span><\/strong><\/a> and <a href=\"http:\/\/directoryofpermaculture.com\/permaculture-personalities\/david-holmgren\/\"><strong><span style=\"color: #138a8d;\">David Holmgren<\/span><\/strong><\/a> in 1978.<\/p>\n<figure id=\"attachment_3989\" aria-describedby=\"caption-attachment-3989\" style=\"width: 1002px\" class=\"wp-caption aligncenter\"><a href=\"http:\/\/solkes.com\/wp-content\/uploads\/2019\/09\/1710_01.jpg\"><img fetchpriority=\"high\" decoding=\"async\" class=\"size-full wp-image-3989\" src=\"http:\/\/solkes.com\/wp-content\/uploads\/2019\/09\/1710_01.jpg\" alt=\"\" width=\"1002\" height=\"607\" \/><\/a><figcaption id=\"caption-attachment-3989\" class=\"wp-caption-text\">Carlota Mayolo \u00a9 Solkes<\/figcaption><\/figure>\n<p>Well, so far so good. It was time for us to talk and I was nervous, which does not happen very often, but I felt that way. I did not know where to start. Then I simply dived into the subject.<\/p>\n<figure id=\"attachment_3990\" aria-describedby=\"caption-attachment-3990\" style=\"width: 300px\" class=\"wp-caption alignright\"><a href=\"http:\/\/solkes.com\/wp-content\/uploads\/2019\/09\/1710_02.jpg\"><img decoding=\"async\" class=\"size-medium wp-image-3990\" src=\"http:\/\/solkes.com\/wp-content\/uploads\/2019\/09\/1710_02-300x482.jpg\" alt=\"\" width=\"300\" height=\"482\" \/><\/a><figcaption id=\"caption-attachment-3990\" class=\"wp-caption-text\">Carlota Mayolo \u00a9 Solkes<\/figcaption><\/figure>\n<p>One of the things that impressed me most, when we were talking was her <strong><span style=\"color: #138a8d;\">frankness and freshness in the way she said things.<\/span><\/strong> No hidden agendas, just speaking frankly, saying thing just how they are.<\/p>\n<p><strong><span style=\"color: #138a8d;\">Carlota Mayolo<\/span><\/strong> was born in <span style=\"color: #138a8d;\"><strong><a style=\"color: #138a8d;\" href=\"http:\/\/www.colombia.travel\/es\/reuniones\/congresos-y-convenciones\/cali\/que-hacer\">Cali &#8211; Colombia<\/a>. <\/strong><span style=\"color: #000000;\">She\u00a0<\/span><\/span>lived there for 19 years and for the last 13 years had been living in <a href=\"https:\/\/www.visitberlin.de\/de\"><strong><span style=\"color: #138a8d;\">Berlin &#8211; Germany<\/span><\/strong><\/a>. Mayolo is a cheerful woman, it turns out she wants to contribute more than a grain of sand in order to change the world around us.<\/p>\n<p>As she let me know, permaculture is a design toolbox to co-create systems that remain in time: resilient systems that adapt to change and have the ability of self generation and change.<\/p>\n<p>It is a design that involves all aspects of life and that takes the essence of life itself to transform according to your needs.<\/p>\n<p>&nbsp;<\/p>\n<h3><strong><span style=\"color: #138a8d;\">The Interview<\/span><\/strong><\/h3>\n<p>And, the questions slowly began to flow.<\/p>\n<p><strong><span style=\"color: #138a8d;\">Laura Viera A:<\/span><\/strong> Why is it important to understand and work on environmental issues?<\/p>\n<p><strong><span style=\"color: #138a8d;\">Carlota Mayolo:<\/span><\/strong> at this moment our planet is being looted and carried beyond its limits with so much garbage. We are removing more nature than we give back and the planet is becoming sick. Without nature we cannot live.<\/p>\n<p><strong><span style=\"color: #138a8d;\">Laura Viera A:<\/span><\/strong> Let&#8217;s talk about Sustainable Landscapes for the Amazon &#8230; tell me a little about this?<\/p>\n<p><strong><span style=\"color: #138a8d;\">Carlota Mayolo:<\/span><\/strong> The landscapes of the Amazon are already sustainable in themselves and do not need any changes. The best thing to do in Amazonas is to not go and let it be as it is.<\/p>\n<p><strong><span style=\"color: #138a8d;\">Laura Viera A:<\/span><\/strong> Let&#8217;s talk about environmental issues in general, why is it important for people to have awareness and a better &#8220;behavior&#8221; with the environment?<\/p>\n<p><strong><span style=\"color: #138a8d;\">Carlota Mayolo:<\/span><\/strong> Simply because if we want to live we need nature to be 100% healthy. If we do not have a conscience to take care of it and we continue behaving poorly with the environment, consuming deliberately and producing waste, we will have few years to live in this planet.<\/p>\n<p><strong><span style=\"color: #138a8d;\">Laura Viera A:<\/span><\/strong> What problems have been generated in health and health issues because of environmental problems?<\/p>\n<p><strong><span style=\"color: #138a8d;\">Carlota Mayolo:<\/span><\/strong> The most serious problem I see today is the scarcity of drinking water and the poor quality of food. It is filled with chemicals that kill the natural flora and fauna around them, erode the soil and generate thousands of diseases.<\/p>\n<figure id=\"attachment_3991\" aria-describedby=\"caption-attachment-3991\" style=\"width: 1002px\" class=\"wp-caption aligncenter\"><a href=\"http:\/\/solkes.com\/wp-content\/uploads\/2019\/09\/1710_03.jpg\"><img decoding=\"async\" class=\"size-full wp-image-3991\" src=\"http:\/\/solkes.com\/wp-content\/uploads\/2019\/09\/1710_03.jpg\" alt=\"\" width=\"1002\" height=\"607\" \/><\/a><figcaption id=\"caption-attachment-3991\" class=\"wp-caption-text\">Carlota Mayolo \u00a9 Solkes<\/figcaption><\/figure>\n<p>Returning to the theme of permaculture, it is important to know that in different times it has been labeled as a stream of <a href=\"http:\/\/archivo-es.greenpeace.org\/espana\/es\/Trabajamos-en\/Transgenicos\/Soluciones-y-demandas\/Agricultura-ecologica\/\"><strong><span style=\"color: #138a8d;\">Ecological Agriculture<\/span><\/strong><\/a>. But, it goes further than that. And, the reason is that it&#8217;s looking for a different way of doing agriculture, looking for ways and answers to make our lives more sustainable.<\/p>\n<p>There are no standard recipes for Permaculture, but there are principles of design and simple ethics on which it is based. And the pillars are: <strong><span style=\"color: #138a8d;\">caring for the land, caring for people and sharing resources.<\/span><\/strong><\/p>\n<p>taking care of the Earth means caring for the living and non-living things: <strong><span style=\"color: #138a8d;\">soils, species, atmosphere, forests, animals and water.<\/span><\/strong> All actions must ensure that ecosystems are substantially intact and capable of functioning healthily.<\/p>\n<p>&nbsp;<\/p>\n<h3><strong><span style=\"color: #138a8d;\">Reasons to help<\/span><\/strong><\/h3>\n<p>With the care of people, mutual help between people and communities is encouraged, taking into account basic needs.<\/p>\n<p>Sharing resources is the contribution of time and energy to achieving the goals focused on the care of land and people.<\/p>\n<p><strong><span style=\"color: #138a8d;\">Laura Viera A:<\/span><\/strong> What inspires you to keep on doing this, to help others?<\/p>\n<p><strong><span style=\"color: #138a8d;\">Carlota Mayolo:<\/span><\/strong> My inspiration to keep on doing this is that we only have one planet Earth and that this is wonderful. I think we all have the opportunity to grow and change, to achieve a healthier life with ourselves, with others and with the environment that surrounds us. So that idea inspires me every day to continue helping others find their way full of happiness and fullness.<\/p>\n<p><strong><span style=\"color: #138a8d;\">Laura Viera A:<\/span><\/strong> Why do you think it is important to help?<\/p>\n<p><strong><span style=\"color: #138a8d;\">Carlota Mayolo:<\/span><\/strong> Because helping helps me myself. When the other goes well radiates that tranquility and joy to others. So finally we are all giving the best of each one of us.<\/p>\n<p><strong><span style=\"color: #138a8d;\">Laura Viera A:<\/span><\/strong> Faced with this issue, what do we lack in Colombia?<\/p>\n<p><strong><span style=\"color: #138a8d;\">Carlota Mayolo:<\/span><\/strong> Trust, trust and trust each other. To see that the other is both part of your human genetics and consequently your family, to be really sincere with your word from the language of love, try not to judge all the time to others, to start being and doing That we want to be and do without fear.<\/p>\n<p><strong><span style=\"color: #138a8d;\">Laura Viera A:<\/span><\/strong> What has been the most difficult so far?<\/p>\n<p><strong><span style=\"color: #138a8d;\">Carlota Mayolo:<\/span><\/strong> Change state laws that do not promote diversity and food sovereignty.<\/p>\n<p><strong><span style=\"color: #138a8d;\">Laura Viera A:<\/span><\/strong>: If you were not doing this what would you do?<\/p>\n<p><strong><span style=\"color: #138a8d;\">Carlota Mayolo:<\/span><\/strong> Being in my land planting a thousand fruit trees.<\/p>\n<figure id=\"attachment_3992\" aria-describedby=\"caption-attachment-3992\" style=\"width: 1002px\" class=\"wp-caption aligncenter\"><a href=\"http:\/\/solkes.com\/wp-content\/uploads\/2019\/09\/1710_04.jpg\"><img loading=\"lazy\" decoding=\"async\" class=\"size-full wp-image-3992\" src=\"http:\/\/solkes.com\/wp-content\/uploads\/2019\/09\/1710_04.jpg\" alt=\"\" width=\"1002\" height=\"607\" \/><\/a><figcaption id=\"caption-attachment-3992\" class=\"wp-caption-text\">Carlota Mayolo \u00a9 Solkes<\/figcaption><\/figure>\n<p><strong><span style=\"color: #138a8d;\">Laura Viera A:<\/span><\/strong> Why do you focus your work in the Valle del Cauca?<\/p>\n<p><strong><span style=\"color: #138a8d;\">Carlota Mayolo:<\/span><\/strong> Because it is the department where I am currently living.<\/p>\n<p><strong><span style=\"color: #138a8d;\">Laura Viera A:<\/span><\/strong> Have you encountered absurd \/ complicated &#8220;realities&#8221;?<\/p>\n<p><strong><span style=\"color: #138a8d;\">Carlota Mayolo:<\/span><\/strong> Our mind holds all the absurd and complicated barriers. It&#8217;s just a matter of changing the mental paradigm we are in and we are already exploiting these. We are co-creators of life.<\/p>\n<p><strong><span style=\"color: #138a8d;\">Laura Viera A:<\/span><\/strong> How do you work to make changes in the community?<\/p>\n<p><strong><span style=\"color: #138a8d;\">Carlota Mayolo:<\/span><\/strong> I consciously try to be and do what I say, to be one with my thoughts and my actions.<\/p>\n<figure id=\"attachment_3993\" aria-describedby=\"caption-attachment-3993\" style=\"width: 300px\" class=\"wp-caption alignright\"><a href=\"http:\/\/solkes.com\/wp-content\/uploads\/2019\/09\/1710_05.jpg\"><img loading=\"lazy\" decoding=\"async\" class=\"size-medium wp-image-3993\" src=\"http:\/\/solkes.com\/wp-content\/uploads\/2019\/09\/1710_05-300x482.jpg\" alt=\"\" width=\"300\" height=\"482\" \/><\/a><figcaption id=\"caption-attachment-3993\" class=\"wp-caption-text\">Carlota Mayolo \u00a9 Solkes<\/figcaption><\/figure>\n<p><strong><span style=\"color: #138a8d;\">Laura Viera A:<\/span><\/strong> What has been achieved so far?<\/p>\n<p><strong><span style=\"color: #138a8d;\">Carlota Mayolo:<\/span><\/strong> Creating awareness of the need for a paradigm shift.<\/p>\n<p><strong><span style=\"color: #138a8d;\">Laura Viera A:<\/span><\/strong> What do haven&#8217;t you achieved?<\/p>\n<p><strong><span style=\"color: #138a8d;\">Carlota Mayolo:<\/span><\/strong> I lack the life that lies ahead, my work is a project of life, it is my vocation. So I lack what I need to live..<\/p>\n<p><strong><span style=\"color: #138a8d;\">Laura Viera A:<\/span><\/strong> You have the opportunity to say something to the readers .. what would you say?<\/p>\n<p><strong><span style=\"color: #138a8d;\">Carlota Mayolo:<\/span><\/strong> Leaving the comfort zone is the key to change, happiness is always behind the ears and in front of the nose and the only permanent is the change.<\/p>\n<h3><strong><span style=\"color: #138a8d;\">Sumarizing<\/span><\/strong><\/h3>\n<p>The idea is that <strong><span style=\"color: #138a8d;\">the individual is completely immersed<\/span><\/strong> and able to learn to use available information on territories, resources and ethics. So that they can meet all local needs based on ecological and human foundations.<\/p>\n<p>That they should use wisely and keep the resources and the ethics in order to confront the local needs.<\/p>\n<p><span class=\"dropcap dropcap2\" style=\"color: #138a8d;\">A<\/span>fter this conversation, I went with my head higher. I was thoughtful, a lot of information on topics too important. Stay with the desire to help more, to inform me and to learn to make our world a more sustainable place for all. The facts in permaculture give continuity or beginning to a natural system with a great projection to the future.<\/p>\n","protected":false},"excerpt":{"rendered":"<p>When I began my conversation with Carlota Mayolo I realized that I was completely unaware about the meaning of permaculture. I learned that it is a system of principles of agricultural and social, political and economic design based on the patterns and characteristics of the natural ecosystem. &nbsp; Explaining permaculture It has many branches, some [&hellip;]<\/p>\n","protected":false},"author":76,"featured_media":3992,"comment_status":"open","ping_status":"open","sticky":false,"template":"","format":"standard","meta":{"_acf_changed":false,"_exactmetrics_skip_tracking":false,"_exactmetrics_sitenote_active":false,"_exactmetrics_sitenote_note":"","_exactmetrics_sitenote_category":0,"site-sidebar-layout":"default","site-content-layout":"default","ast-site-content-layout":"default","site-content-style":"default","site-sidebar-style":"default","ast-global-header-display":"","ast-banner-title-visibility":"","ast-main-header-display":"","ast-hfb-above-header-display":"","ast-hfb-below-header-display":"","ast-hfb-mobile-header-display":"","site-post-title":"","ast-breadcrumbs-content":"","ast-featured-img":"","footer-sml-layout":"","theme-transparent-header-meta":"default","adv-header-id-meta":"","stick-header-meta":"","header-above-stick-meta":"","header-main-stick-meta":"","header-below-stick-meta":"","astra-migrate-meta-layouts":"default","ast-page-background-enabled":"default","ast-page-background-meta":{"desktop":{"background-color":"","background-image":"","background-repeat":"repeat","background-position":"center center","background-size":"auto","background-attachment":"scroll","background-type":"","background-media":"","overlay-type":"","overlay-color":"","overlay-opacity":"","overlay-gradient":""},"tablet":{"background-color":"","background-image":"","background-repeat":"repeat","background-position":"center center","background-size":"auto","background-attachment":"scroll","background-type":"","background-media":"","overlay-type":"","overlay-color":"","overlay-opacity":"","overlay-gradient":""},"mobile":{"background-color":"","background-image":"","background-repeat":"repeat","background-position":"center center","background-size":"auto","background-attachment":"scroll","background-type":"","background-media":"","overlay-type":"","overlay-color":"","overlay-opacity":"","overlay-gradient":""}},"ast-content-background-meta":{"desktop":{"background-color":"var(--ast-global-color-5)","background-image":"","background-repeat":"repeat","background-position":"center center","background-size":"auto","background-attachment":"scroll","background-type":"","background-media":"","overlay-type":"","overlay-color":"","overlay-opacity":"","overlay-gradient":""},"tablet":{"background-color":"var(--ast-global-color-5)","background-image":"","background-repeat":"repeat","background-position":"center center","background-size":"auto","background-attachment":"scroll","background-type":"","background-media":"","overlay-type":"","overlay-color":"","overlay-opacity":"","overlay-gradient":""},"mobile":{"background-color":"var(--ast-global-color-5)","background-image":"","background-repeat":"repeat","background-position":"center center","background-size":"auto","background-attachment":"scroll","background-type":"","background-media":"","overlay-type":"","overlay-color":"","overlay-opacity":"","overlay-gradient":""}},"footnotes":""},"categories":[51],"tags":[],"class_list":["post-4008","post","type-post","status-publish","format-standard","has-post-thumbnail","hentry","category-urban"],"acf":[],"yoast_head":"<!-- This site is optimized with the Yoast SEO plugin v27.4 - https:\/\/yoast.com\/product\/yoast-seo-wordpress\/ -->\n<title>Interview: Carlota Mayolo - Solkes Magazine<\/title>\n<meta name=\"description\" content=\"Permaculture gives continuity or beginning to a natural system with a great projection for the future. Meeting all local needs based on ecological and human foundations.\" \/>\n<meta name=\"robots\" content=\"index, follow, max-snippet:-1, max-image-preview:large, max-video-preview:-1\" \/>\n<link rel=\"canonical\" href=\"https:\/\/solkes.com\/en\/urban\/2019\/06\/interview-carlota-mayolo\/\" \/>\n<meta property=\"og:locale\" content=\"en_US\" \/>\n<meta property=\"og:type\" content=\"article\" \/>\n<meta property=\"og:title\" content=\"Interview: Carlota Mayolo - Solkes Magazine\" \/>\n<meta property=\"og:description\" content=\"Permaculture gives continuity or beginning to a natural system with a great projection for the future. Meeting all local needs based on ecological and human foundations.\" \/>\n<meta property=\"og:url\" content=\"https:\/\/solkes.com\/en\/urban\/2019\/06\/interview-carlota-mayolo\/\" \/>\n<meta property=\"og:site_name\" content=\"Solkes Magazine\" \/>\n<meta property=\"article:publisher\" content=\"https:\/\/www.facebook.com\/solkesmagazinee\/\" \/>\n<meta property=\"article:published_time\" content=\"2019-06-03T08:00:53+00:00\" \/>\n<meta property=\"article:modified_time\" content=\"2020-11-14T17:20:16+00:00\" \/>\n<meta property=\"og:image\" content=\"https:\/\/solkes.com\/wp-content\/uploads\/2019\/09\/1710_04-2.jpg\" \/>\n\t<meta property=\"og:image:width\" content=\"1002\" \/>\n\t<meta property=\"og:image:height\" content=\"607\" \/>\n\t<meta property=\"og:image:type\" content=\"image\/jpeg\" \/>\n<meta name=\"author\" content=\"Laura Viera A.\" \/>\n<meta name=\"twitter:card\" content=\"summary_large_image\" \/>\n<meta name=\"twitter:label1\" content=\"Written by\" \/>\n\t<meta name=\"twitter:data1\" content=\"Laura Viera A.\" \/>\n\t<meta name=\"twitter:label2\" content=\"Est. reading time\" \/>\n\t<meta name=\"twitter:data2\" content=\"7 minutes\" \/>\n<script type=\"application\/ld+json\" class=\"yoast-schema-graph\">{\"@context\":\"https:\\\/\\\/schema.org\",\"@graph\":[{\"@type\":\"Article\",\"@id\":\"https:\\\/\\\/solkes.com\\\/en\\\/urban\\\/2019\\\/06\\\/interview-carlota-mayolo\\\/#article\",\"isPartOf\":{\"@id\":\"https:\\\/\\\/solkes.com\\\/en\\\/urban\\\/2019\\\/06\\\/interview-carlota-mayolo\\\/\"},\"author\":{\"name\":\"Laura Viera A.\",\"@id\":\"https:\\\/\\\/solkes.com\\\/#\\\/schema\\\/person\\\/54684f1c0bebcaff4d6b3f1ec2e71e91\"},\"headline\":\"Interview: Carlota Mayolo\",\"datePublished\":\"2019-06-03T08:00:53+00:00\",\"dateModified\":\"2020-11-14T17:20:16+00:00\",\"mainEntityOfPage\":{\"@id\":\"https:\\\/\\\/solkes.com\\\/en\\\/urban\\\/2019\\\/06\\\/interview-carlota-mayolo\\\/\"},\"wordCount\":1310,\"commentCount\":0,\"publisher\":{\"@id\":\"https:\\\/\\\/solkes.com\\\/#organization\"},\"image\":{\"@id\":\"https:\\\/\\\/solkes.com\\\/en\\\/urban\\\/2019\\\/06\\\/interview-carlota-mayolo\\\/#primaryimage\"},\"thumbnailUrl\":\"https:\\\/\\\/solkes.com\\\/wp-content\\\/uploads\\\/2019\\\/09\\\/1710_04-2.jpg\",\"articleSection\":[\"Urban\"],\"inLanguage\":\"en-US\",\"potentialAction\":[{\"@type\":\"CommentAction\",\"name\":\"Comment\",\"target\":[\"https:\\\/\\\/solkes.com\\\/en\\\/urban\\\/2019\\\/06\\\/interview-carlota-mayolo\\\/#respond\"]}]},{\"@type\":\"WebPage\",\"@id\":\"https:\\\/\\\/solkes.com\\\/en\\\/urban\\\/2019\\\/06\\\/interview-carlota-mayolo\\\/\",\"url\":\"https:\\\/\\\/solkes.com\\\/en\\\/urban\\\/2019\\\/06\\\/interview-carlota-mayolo\\\/\",\"name\":\"Interview: Carlota Mayolo - Solkes Magazine\",\"isPartOf\":{\"@id\":\"https:\\\/\\\/solkes.com\\\/#website\"},\"primaryImageOfPage\":{\"@id\":\"https:\\\/\\\/solkes.com\\\/en\\\/urban\\\/2019\\\/06\\\/interview-carlota-mayolo\\\/#primaryimage\"},\"image\":{\"@id\":\"https:\\\/\\\/solkes.com\\\/en\\\/urban\\\/2019\\\/06\\\/interview-carlota-mayolo\\\/#primaryimage\"},\"thumbnailUrl\":\"https:\\\/\\\/solkes.com\\\/wp-content\\\/uploads\\\/2019\\\/09\\\/1710_04-2.jpg\",\"datePublished\":\"2019-06-03T08:00:53+00:00\",\"dateModified\":\"2020-11-14T17:20:16+00:00\",\"description\":\"Permaculture gives continuity or beginning to a natural system with a great projection for the future. Meeting all local needs based on ecological and human foundations.\",\"breadcrumb\":{\"@id\":\"https:\\\/\\\/solkes.com\\\/en\\\/urban\\\/2019\\\/06\\\/interview-carlota-mayolo\\\/#breadcrumb\"},\"inLanguage\":\"en-US\",\"potentialAction\":[{\"@type\":\"ReadAction\",\"target\":[\"https:\\\/\\\/solkes.com\\\/en\\\/urban\\\/2019\\\/06\\\/interview-carlota-mayolo\\\/\"]}]},{\"@type\":\"ImageObject\",\"inLanguage\":\"en-US\",\"@id\":\"https:\\\/\\\/solkes.com\\\/en\\\/urban\\\/2019\\\/06\\\/interview-carlota-mayolo\\\/#primaryimage\",\"url\":\"https:\\\/\\\/solkes.com\\\/wp-content\\\/uploads\\\/2019\\\/09\\\/1710_04-2.jpg\",\"contentUrl\":\"https:\\\/\\\/solkes.com\\\/wp-content\\\/uploads\\\/2019\\\/09\\\/1710_04-2.jpg\",\"width\":1002,\"height\":607,\"caption\":\"Foto: Carlota Mayolo \u00a9 Solkes\"},{\"@type\":\"BreadcrumbList\",\"@id\":\"https:\\\/\\\/solkes.com\\\/en\\\/urban\\\/2019\\\/06\\\/interview-carlota-mayolo\\\/#breadcrumb\",\"itemListElement\":[{\"@type\":\"ListItem\",\"position\":1,\"name\":\"Portada\",\"item\":\"https:\\\/\\\/solkes.com\\\/\"},{\"@type\":\"ListItem\",\"position\":2,\"name\":\"Interview: Carlota Mayolo\"}]},{\"@type\":\"WebSite\",\"@id\":\"https:\\\/\\\/solkes.com\\\/#website\",\"url\":\"https:\\\/\\\/solkes.com\\\/\",\"name\":\"Solkes Magazine\",\"description\":\"solkes.com\",\"publisher\":{\"@id\":\"https:\\\/\\\/solkes.com\\\/#organization\"},\"potentialAction\":[{\"@type\":\"SearchAction\",\"target\":{\"@type\":\"EntryPoint\",\"urlTemplate\":\"https:\\\/\\\/solkes.com\\\/?s={search_term_string}\"},\"query-input\":{\"@type\":\"PropertyValueSpecification\",\"valueRequired\":true,\"valueName\":\"search_term_string\"}}],\"inLanguage\":\"en-US\"},{\"@type\":\"Organization\",\"@id\":\"https:\\\/\\\/solkes.com\\\/#organization\",\"name\":\"Solkes Magazine\",\"url\":\"https:\\\/\\\/solkes.com\\\/\",\"logo\":{\"@type\":\"ImageObject\",\"inLanguage\":\"en-US\",\"@id\":\"https:\\\/\\\/solkes.com\\\/#\\\/schema\\\/logo\\\/image\\\/\",\"url\":\"https:\\\/\\\/solkes.com\\\/wp-content\\\/uploads\\\/2024\\\/09\\\/logo-SOLKES-820px-x-312px.png\",\"contentUrl\":\"https:\\\/\\\/solkes.com\\\/wp-content\\\/uploads\\\/2024\\\/09\\\/logo-SOLKES-820px-x-312px.png\",\"width\":411,\"height\":303,\"caption\":\"Solkes Magazine\"},\"image\":{\"@id\":\"https:\\\/\\\/solkes.com\\\/#\\\/schema\\\/logo\\\/image\\\/\"},\"sameAs\":[\"https:\\\/\\\/www.facebook.com\\\/solkesmagazinee\\\/\",\"https:\\\/\\\/instagram.com\\\/solkesmagazine\\\/\"]},{\"@type\":\"Person\",\"@id\":\"https:\\\/\\\/solkes.com\\\/#\\\/schema\\\/person\\\/54684f1c0bebcaff4d6b3f1ec2e71e91\",\"name\":\"Laura Viera A.\",\"image\":{\"@type\":\"ImageObject\",\"inLanguage\":\"en-US\",\"@id\":\"https:\\\/\\\/secure.gravatar.com\\\/avatar\\\/d7b6a8bb956f5279e99babca11ed31351716b19f59e9e3e989847c0ca9e0c5d9?s=96&d=identicon&r=g\",\"url\":\"https:\\\/\\\/secure.gravatar.com\\\/avatar\\\/d7b6a8bb956f5279e99babca11ed31351716b19f59e9e3e989847c0ca9e0c5d9?s=96&d=identicon&r=g\",\"contentUrl\":\"https:\\\/\\\/secure.gravatar.com\\\/avatar\\\/d7b6a8bb956f5279e99babca11ed31351716b19f59e9e3e989847c0ca9e0c5d9?s=96&d=identicon&r=g\",\"caption\":\"Laura Viera A.\"},\"description\":\"Fundadora y Directora Editorial de Solkes Magazine Es periodista de vocaci\u00f3n y formaci\u00f3n. Estudi\u00f3 Comunicaci\u00f3n Social con \u00e9nfasis en Periodismo en la Pontificia Universidad Javeriana de Bogot\u00e1, Colombia. Desde muy joven sinti\u00f3 una profunda pasi\u00f3n por contar historias, explorar el mundo y dar voz a quienes no la tienen. Su compromiso con los Derechos Humanos ha sido una constante en su trayectoria, participando activamente en proyectos sociales desde temprana edad. Este inter\u00e9s se refleja en el enfoque editorial de Solkes, una revista que prioriza el periodismo independiente, la diversidad cultural y la profundidad narrativa. Laura naci\u00f3 en Bogot\u00e1, vivi\u00f3 tres a\u00f1os en Madrid, Espa\u00f1a, y desde el verano de 2010 reside en Alemania. Esta experiencia multicultural ha enriquecido su perspectiva y ha sido clave para la creaci\u00f3n de una revista triling\u00fce que trasciende fronteras y conecta a lectores de distintas partes del mundo. ******************************************************************************************* Founder and Editorial Director of Solkes Magazine She is a passionate journalist by vocation and training. She studied Mass Communication with an emphasis on Journalism at the Pontificia Universidad Javeriana in Bogot\u00e1, Colombia. From a young age, she was deeply motivated to tell stories, explore the world, and give a voice to those who often go unheard. Her commitment to Human Rights has been a constant throughout her career, actively participating in social projects since early on. This dedication is reflected in Solkes Magazine\u2019s editorial focus on independent journalism, cultural diversity, and in-depth storytelling. Born in Bogot\u00e1, Laura lived in Madrid, Spain for three years, and has been residing in Germany since the summer of 2010. This multicultural experience has enriched her perspective and played a key role in creating a trilingual magazine that transcends borders and connects readers from around the world. ******************************************************************************************* Gr\u00fcnderin und Chefredakteurin von Solkes Magazine Laura Viera ist eine leidenschaftliche Journalistin aus Berufung und Ausbildung. Sie hat Soziale Kommunikation mit Schwerpunkt Journalismus an der Pontificia Universidad Javeriana in Bogot\u00e1, Kolumbien, studiert. Schon in jungen Jahren war sie stark motiviert, Geschichten zu erz\u00e4hlen, die Welt zu erkunden und denen eine Stimme zu geben, die oft ungeh\u00f6rt bleiben. Ihr Engagement f\u00fcr Menschenrechte begleitet sie seit Beginn ihrer Laufbahn. Sie war von Anfang an aktiv an sozialen Projekten beteiligt. Dieses Engagement spiegelt sich auch im redaktionellen Fokus von Solkes Magazine wider, das unabh\u00e4ngigen Journalismus, kulturelle Vielfalt und tiefgr\u00fcndiges Erz\u00e4hlen in den Vordergrund stellt. Geboren in Bogot\u00e1, lebte Laura drei Jahre in Madrid, Spanien, und lebt seit Sommer 2010 in Deutschland. Diese multikulturelle Erfahrung hat ihre Perspektive bereichert und war entscheidend bei der Gr\u00fcndung eines dreisprachigen Magazins, das Grenzen \u00fcberschreitet und Leser weltweit verbindet.\",\"sameAs\":[\"http:\\\/\\\/www.solkes.com\"],\"url\":\"https:\\\/\\\/solkes.com\\\/en\\\/author\\\/lauraviera2019\\\/\"}]}<\/script>\n<!-- \/ Yoast SEO plugin. -->","yoast_head_json":{"title":"Interview: Carlota Mayolo - Solkes Magazine","description":"Permaculture gives continuity or beginning to a natural system with a great projection for the future. Meeting all local needs based on ecological and human foundations.","robots":{"index":"index","follow":"follow","max-snippet":"max-snippet:-1","max-image-preview":"max-image-preview:large","max-video-preview":"max-video-preview:-1"},"canonical":"https:\/\/solkes.com\/en\/urban\/2019\/06\/interview-carlota-mayolo\/","og_locale":"en_US","og_type":"article","og_title":"Interview: Carlota Mayolo - Solkes Magazine","og_description":"Permaculture gives continuity or beginning to a natural system with a great projection for the future. Meeting all local needs based on ecological and human foundations.","og_url":"https:\/\/solkes.com\/en\/urban\/2019\/06\/interview-carlota-mayolo\/","og_site_name":"Solkes Magazine","article_publisher":"https:\/\/www.facebook.com\/solkesmagazinee\/","article_published_time":"2019-06-03T08:00:53+00:00","article_modified_time":"2020-11-14T17:20:16+00:00","og_image":[{"width":1002,"height":607,"url":"https:\/\/solkes.com\/wp-content\/uploads\/2019\/09\/1710_04-2.jpg","type":"image\/jpeg"}],"author":"Laura Viera A.","twitter_card":"summary_large_image","twitter_misc":{"Written by":"Laura Viera A.","Est. reading time":"7 minutes"},"schema":{"@context":"https:\/\/schema.org","@graph":[{"@type":"Article","@id":"https:\/\/solkes.com\/en\/urban\/2019\/06\/interview-carlota-mayolo\/#article","isPartOf":{"@id":"https:\/\/solkes.com\/en\/urban\/2019\/06\/interview-carlota-mayolo\/"},"author":{"name":"Laura Viera A.","@id":"https:\/\/solkes.com\/#\/schema\/person\/54684f1c0bebcaff4d6b3f1ec2e71e91"},"headline":"Interview: Carlota Mayolo","datePublished":"2019-06-03T08:00:53+00:00","dateModified":"2020-11-14T17:20:16+00:00","mainEntityOfPage":{"@id":"https:\/\/solkes.com\/en\/urban\/2019\/06\/interview-carlota-mayolo\/"},"wordCount":1310,"commentCount":0,"publisher":{"@id":"https:\/\/solkes.com\/#organization"},"image":{"@id":"https:\/\/solkes.com\/en\/urban\/2019\/06\/interview-carlota-mayolo\/#primaryimage"},"thumbnailUrl":"https:\/\/solkes.com\/wp-content\/uploads\/2019\/09\/1710_04-2.jpg","articleSection":["Urban"],"inLanguage":"en-US","potentialAction":[{"@type":"CommentAction","name":"Comment","target":["https:\/\/solkes.com\/en\/urban\/2019\/06\/interview-carlota-mayolo\/#respond"]}]},{"@type":"WebPage","@id":"https:\/\/solkes.com\/en\/urban\/2019\/06\/interview-carlota-mayolo\/","url":"https:\/\/solkes.com\/en\/urban\/2019\/06\/interview-carlota-mayolo\/","name":"Interview: Carlota Mayolo - Solkes Magazine","isPartOf":{"@id":"https:\/\/solkes.com\/#website"},"primaryImageOfPage":{"@id":"https:\/\/solkes.com\/en\/urban\/2019\/06\/interview-carlota-mayolo\/#primaryimage"},"image":{"@id":"https:\/\/solkes.com\/en\/urban\/2019\/06\/interview-carlota-mayolo\/#primaryimage"},"thumbnailUrl":"https:\/\/solkes.com\/wp-content\/uploads\/2019\/09\/1710_04-2.jpg","datePublished":"2019-06-03T08:00:53+00:00","dateModified":"2020-11-14T17:20:16+00:00","description":"Permaculture gives continuity or beginning to a natural system with a great projection for the future. Meeting all local needs based on ecological and human foundations.","breadcrumb":{"@id":"https:\/\/solkes.com\/en\/urban\/2019\/06\/interview-carlota-mayolo\/#breadcrumb"},"inLanguage":"en-US","potentialAction":[{"@type":"ReadAction","target":["https:\/\/solkes.com\/en\/urban\/2019\/06\/interview-carlota-mayolo\/"]}]},{"@type":"ImageObject","inLanguage":"en-US","@id":"https:\/\/solkes.com\/en\/urban\/2019\/06\/interview-carlota-mayolo\/#primaryimage","url":"https:\/\/solkes.com\/wp-content\/uploads\/2019\/09\/1710_04-2.jpg","contentUrl":"https:\/\/solkes.com\/wp-content\/uploads\/2019\/09\/1710_04-2.jpg","width":1002,"height":607,"caption":"Foto: Carlota Mayolo \u00a9 Solkes"},{"@type":"BreadcrumbList","@id":"https:\/\/solkes.com\/en\/urban\/2019\/06\/interview-carlota-mayolo\/#breadcrumb","itemListElement":[{"@type":"ListItem","position":1,"name":"Portada","item":"https:\/\/solkes.com\/"},{"@type":"ListItem","position":2,"name":"Interview: Carlota Mayolo"}]},{"@type":"WebSite","@id":"https:\/\/solkes.com\/#website","url":"https:\/\/solkes.com\/","name":"Solkes Magazine","description":"solkes.com","publisher":{"@id":"https:\/\/solkes.com\/#organization"},"potentialAction":[{"@type":"SearchAction","target":{"@type":"EntryPoint","urlTemplate":"https:\/\/solkes.com\/?s={search_term_string}"},"query-input":{"@type":"PropertyValueSpecification","valueRequired":true,"valueName":"search_term_string"}}],"inLanguage":"en-US"},{"@type":"Organization","@id":"https:\/\/solkes.com\/#organization","name":"Solkes Magazine","url":"https:\/\/solkes.com\/","logo":{"@type":"ImageObject","inLanguage":"en-US","@id":"https:\/\/solkes.com\/#\/schema\/logo\/image\/","url":"https:\/\/solkes.com\/wp-content\/uploads\/2024\/09\/logo-SOLKES-820px-x-312px.png","contentUrl":"https:\/\/solkes.com\/wp-content\/uploads\/2024\/09\/logo-SOLKES-820px-x-312px.png","width":411,"height":303,"caption":"Solkes Magazine"},"image":{"@id":"https:\/\/solkes.com\/#\/schema\/logo\/image\/"},"sameAs":["https:\/\/www.facebook.com\/solkesmagazinee\/","https:\/\/instagram.com\/solkesmagazine\/"]},{"@type":"Person","@id":"https:\/\/solkes.com\/#\/schema\/person\/54684f1c0bebcaff4d6b3f1ec2e71e91","name":"Laura Viera A.","image":{"@type":"ImageObject","inLanguage":"en-US","@id":"https:\/\/secure.gravatar.com\/avatar\/d7b6a8bb956f5279e99babca11ed31351716b19f59e9e3e989847c0ca9e0c5d9?s=96&d=identicon&r=g","url":"https:\/\/secure.gravatar.com\/avatar\/d7b6a8bb956f5279e99babca11ed31351716b19f59e9e3e989847c0ca9e0c5d9?s=96&d=identicon&r=g","contentUrl":"https:\/\/secure.gravatar.com\/avatar\/d7b6a8bb956f5279e99babca11ed31351716b19f59e9e3e989847c0ca9e0c5d9?s=96&d=identicon&r=g","caption":"Laura Viera A."},"description":"Fundadora y Directora Editorial de Solkes Magazine Es periodista de vocaci\u00f3n y formaci\u00f3n. Estudi\u00f3 Comunicaci\u00f3n Social con \u00e9nfasis en Periodismo en la Pontificia Universidad Javeriana de Bogot\u00e1, Colombia. Desde muy joven sinti\u00f3 una profunda pasi\u00f3n por contar historias, explorar el mundo y dar voz a quienes no la tienen. Su compromiso con los Derechos Humanos ha sido una constante en su trayectoria, participando activamente en proyectos sociales desde temprana edad. Este inter\u00e9s se refleja en el enfoque editorial de Solkes, una revista que prioriza el periodismo independiente, la diversidad cultural y la profundidad narrativa. Laura naci\u00f3 en Bogot\u00e1, vivi\u00f3 tres a\u00f1os en Madrid, Espa\u00f1a, y desde el verano de 2010 reside en Alemania. Esta experiencia multicultural ha enriquecido su perspectiva y ha sido clave para la creaci\u00f3n de una revista triling\u00fce que trasciende fronteras y conecta a lectores de distintas partes del mundo. ******************************************************************************************* Founder and Editorial Director of Solkes Magazine She is a passionate journalist by vocation and training. She studied Mass Communication with an emphasis on Journalism at the Pontificia Universidad Javeriana in Bogot\u00e1, Colombia. From a young age, she was deeply motivated to tell stories, explore the world, and give a voice to those who often go unheard. Her commitment to Human Rights has been a constant throughout her career, actively participating in social projects since early on. This dedication is reflected in Solkes Magazine\u2019s editorial focus on independent journalism, cultural diversity, and in-depth storytelling. Born in Bogot\u00e1, Laura lived in Madrid, Spain for three years, and has been residing in Germany since the summer of 2010. This multicultural experience has enriched her perspective and played a key role in creating a trilingual magazine that transcends borders and connects readers from around the world. ******************************************************************************************* Gr\u00fcnderin und Chefredakteurin von Solkes Magazine Laura Viera ist eine leidenschaftliche Journalistin aus Berufung und Ausbildung. Sie hat Soziale Kommunikation mit Schwerpunkt Journalismus an der Pontificia Universidad Javeriana in Bogot\u00e1, Kolumbien, studiert. Schon in jungen Jahren war sie stark motiviert, Geschichten zu erz\u00e4hlen, die Welt zu erkunden und denen eine Stimme zu geben, die oft ungeh\u00f6rt bleiben. Ihr Engagement f\u00fcr Menschenrechte begleitet sie seit Beginn ihrer Laufbahn. Sie war von Anfang an aktiv an sozialen Projekten beteiligt. Dieses Engagement spiegelt sich auch im redaktionellen Fokus von Solkes Magazine wider, das unabh\u00e4ngigen Journalismus, kulturelle Vielfalt und tiefgr\u00fcndiges Erz\u00e4hlen in den Vordergrund stellt. Geboren in Bogot\u00e1, lebte Laura drei Jahre in Madrid, Spanien, und lebt seit Sommer 2010 in Deutschland. Diese multikulturelle Erfahrung hat ihre Perspektive bereichert und war entscheidend bei der Gr\u00fcndung eines dreisprachigen Magazins, das Grenzen \u00fcberschreitet und Leser weltweit verbindet.","sameAs":["http:\/\/www.solkes.com"],"url":"https:\/\/solkes.com\/en\/author\/lauraviera2019\/"}]}},"_links":{"self":[{"href":"https:\/\/solkes.com\/en\/wp-json\/wp\/v2\/posts\/4008","targetHints":{"allow":["GET"]}}],"collection":[{"href":"https:\/\/solkes.com\/en\/wp-json\/wp\/v2\/posts"}],"about":[{"href":"https:\/\/solkes.com\/en\/wp-json\/wp\/v2\/types\/post"}],"author":[{"embeddable":true,"href":"https:\/\/solkes.com\/en\/wp-json\/wp\/v2\/users\/76"}],"replies":[{"embeddable":true,"href":"https:\/\/solkes.com\/en\/wp-json\/wp\/v2\/comments?post=4008"}],"version-history":[{"count":4,"href":"https:\/\/solkes.com\/en\/wp-json\/wp\/v2\/posts\/4008\/revisions"}],"predecessor-version":[{"id":11181,"href":"https:\/\/solkes.com\/en\/wp-json\/wp\/v2\/posts\/4008\/revisions\/11181"}],"wp:featuredmedia":[{"embeddable":true,"href":"https:\/\/solkes.com\/en\/wp-json\/wp\/v2\/media\/3992"}],"wp:attachment":[{"href":"https:\/\/solkes.com\/en\/wp-json\/wp\/v2\/media?parent=4008"}],"wp:term":[{"taxonomy":"category","embeddable":true,"href":"https:\/\/solkes.com\/en\/wp-json\/wp\/v2\/categories?post=4008"},{"taxonomy":"post_tag","embeddable":true,"href":"https:\/\/solkes.com\/en\/wp-json\/wp\/v2\/tags?post=4008"}],"curies":[{"name":"wp","href":"https:\/\/api.w.org\/{rel}","templated":true}]}}