{"id":31108,"date":"2020-11-03T10:22:14","date_gmt":"2020-11-03T08:22:14","guid":{"rendered":"https:\/\/solkes.com\/?p=31108"},"modified":"2025-10-08T10:28:31","modified_gmt":"2025-10-08T08:28:31","slug":"the-scent-of-your-memory-2","status":"publish","type":"post","link":"https:\/\/solkes.com\/en\/anonym\/2020\/11\/the-scent-of-your-memory-2\/","title":{"rendered":"The Scent of Your Memory"},"content":{"rendered":"<p>A while ago, I finished reading a book that transported me through some beautiful imaginary places. I found in the book an engraving with a female name; it is useful for making the writing immortal, I guess. I, on the other side, will keep those time pages that perhaps you\u2019re not going to read, not even in your memory.<\/p>\n<figure id=\"attachment_24032\" aria-describedby=\"caption-attachment-24032\" style=\"width: 996px\" class=\"wp-caption aligncenter\"><img fetchpriority=\"high\" decoding=\"async\" class=\"size-full wp-image-24032\" src=\"https:\/\/solkes.com\/wp-content\/uploads\/2020\/08\/2011_01-2.jpg\" alt=\"rosa en libro\" width=\"996\" height=\"601\" srcset=\"https:\/\/solkes.com\/wp-content\/uploads\/2020\/08\/2011_01-2.jpg 996w, https:\/\/solkes.com\/wp-content\/uploads\/2020\/08\/2011_01-2-300x181.jpg 300w, https:\/\/solkes.com\/wp-content\/uploads\/2020\/08\/2011_01-2-768x463.jpg 768w, https:\/\/solkes.com\/wp-content\/uploads\/2020\/08\/2011_01-2-320x193.jpg 320w\" sizes=\"(max-width: 996px) 100vw, 996px\" \/><figcaption id=\"caption-attachment-24032\" class=\"wp-caption-text\">Laura Viera A \u00a9 Solkes<\/figcaption><\/figure>\n<p>I knew that on that day, I saw the fresh breath of your mouth going away after inhaling those delightful conversations that we used to have every time we met at that caf\u00e9, those days when the sun shone, the smile hidden on your face, while my eyes calmed your windy and playful hair.<\/p>\n<p>Today, walking through my regular route I stopped on that place where we use to be, my unwilling eyes started I don\u2019t know how to look for you on that space, fenced by green branches that let us spy the pedestrians, a place where the clean air and the neat and fresh environment remains calmed and altered only because of the smell of freshly baked bread that right after our talks, we use to taste.<\/p>\n<figure id=\"attachment_8951\" aria-describedby=\"caption-attachment-8951\" style=\"width: 300px\" class=\"wp-caption alignleft\"><img decoding=\"async\" class=\"wp-image-8951\" src=\"https:\/\/solkes.com\/wp-content\/uploads\/2020\/11\/the-scent-of-your-memory-2011_03-187x300.jpg\" alt=\"\" width=\"300\" height=\"482\" srcset=\"https:\/\/solkes.com\/wp-content\/uploads\/2020\/11\/the-scent-of-your-memory-2011_03-187x300.jpg 187w, https:\/\/solkes.com\/wp-content\/uploads\/2020\/11\/the-scent-of-your-memory-2011_03-299x480.jpg 299w, https:\/\/solkes.com\/wp-content\/uploads\/2020\/11\/the-scent-of-your-memory-2011_03.jpg 620w\" sizes=\"(max-width: 300px) 100vw, 300px\" \/><figcaption id=\"caption-attachment-8951\" class=\"wp-caption-text\">Laura Viera A \u00a9 Solkes<\/figcaption><\/figure>\n<p>I tried, but I couldn\u2019t resist that smell. I looked around, and the places that we always used to take were unoccupied. I came in, ordered a coffee, and then I started to draw on my thoughts.<\/p>\n<p>Between sips, I thought about your final departure from my life, and how the pages of your memory in which the breath of your lips became sweet words for me should be withered by now, how those eternal kisses that I will never have again.<\/p>\n<p>While I was watching the delicacy in which they pull out the mixture can,s I found on that newborn smell the memory of your face with that fresh smile of yours that was never able to disguise the look of my heart.<\/p>\n<p>On an occasion we talked about the belief that every person that comes in to your path is there for a reason, and that on the same way that that person stays also she takes all the instants lived together that son are going to become our past, but anyway any trail route mark some moments, quotes and silences with which we learn to live our present.<\/p>\n<p>And to think that our meeting was as if two strangers got to meet and that from time to time life insisted on joining us until that moment in which we realized that we knew so much one from each other that we were just lost from the track where we should have met.<\/p>\n<p>-Do you want something else, Mr.? Or are you waiting for the person who always joins you? The waiter tells me, confused between gentle and surprised, because of my solitude \u2013<br \/>\n-Just another coffee, and if you please, bring me the house bread serving.<\/p>\n<p>After what happened to us, I strongly believe that every thing in life can change from one instant to an other, and stop being as it was a minute before, I believe that even the flower fields stop being charming and harmonious after they are hit by the winter, that the armory of the birds chirping is gone with the flutter that makes them run away because of the heat that haunts them.<\/p>\n<p>That&#8217;s why today it doesn\u2019t matter what had happened really, because only you and I know the truth.<\/p>\n<figure id=\"attachment_8953\" aria-describedby=\"caption-attachment-8953\" style=\"width: 300px\" class=\"wp-caption alignright\"><img decoding=\"async\" class=\"wp-image-8953\" src=\"https:\/\/solkes.com\/wp-content\/uploads\/2020\/11\/the-scent-of-your-memory-2011_02-187x300.jpg\" alt=\"\" width=\"300\" height=\"482\" srcset=\"https:\/\/solkes.com\/wp-content\/uploads\/2020\/11\/the-scent-of-your-memory-2011_02-187x300.jpg 187w, https:\/\/solkes.com\/wp-content\/uploads\/2020\/11\/the-scent-of-your-memory-2011_02-299x480.jpg 299w, https:\/\/solkes.com\/wp-content\/uploads\/2020\/11\/the-scent-of-your-memory-2011_02.jpg 620w\" sizes=\"(max-width: 300px) 100vw, 300px\" \/><figcaption id=\"caption-attachment-8953\" class=\"wp-caption-text\">Laura Viera A \u00a9 Solkes<\/figcaption><\/figure>\n<p>Inevitably, I end up reviewing that moment when you left me without the energy of your hug and the kisses we always give, you left me with a farewell to stop seeing each other for good.<\/p>\n<p>Now, that the past is like a butterfly flying and jumping around time; now that the unforgettable perfume of your absent body craves me between the smell of fresh firewood that cooks the wheat on a happy dream, I am positively sure that you took it all with you but you didn\u2019t take the longing of that bread, of those moments lived between you and me, the nourishing food that gave me life and I am defoliating between memories with an eternal smell.<\/p>\n<p><span style=\"color: #138a8d;\">T<\/span>he musician seeks the note that gives his melody wings that let us all fly. The sculptor with his chisel is leaving with patience the figure that holds his memory on the rock. The poet builds dreams with the alphabet and crosses the bridge of love to tie a moment with joy, while I try to plow on these lines the wonderful feeling that my smell recognizes in the scent of your memories.<\/p>\n","protected":false},"excerpt":{"rendered":"<p>A while ago, I finished reading a book that transported me through some beautiful imaginary places. I found in the book an engraving with a female name; it is useful for making the writing immortal, I guess. I, on the other side, will keep those time pages that perhaps you\u2019re not going to read, not [&hellip;]<\/p>\n","protected":false},"author":68,"featured_media":24146,"comment_status":"open","ping_status":"open","sticky":false,"template":"","format":"standard","meta":{"_acf_changed":false,"_exactmetrics_skip_tracking":false,"_exactmetrics_sitenote_active":false,"_exactmetrics_sitenote_note":"","_exactmetrics_sitenote_category":0,"site-sidebar-layout":"default","site-content-layout":"default","ast-site-content-layout":"default","site-content-style":"default","site-sidebar-style":"default","ast-global-header-display":"","ast-banner-title-visibility":"","ast-main-header-display":"","ast-hfb-above-header-display":"","ast-hfb-below-header-display":"","ast-hfb-mobile-header-display":"","site-post-title":"","ast-breadcrumbs-content":"","ast-featured-img":"","footer-sml-layout":"","theme-transparent-header-meta":"default","adv-header-id-meta":"","stick-header-meta":"","header-above-stick-meta":"","header-main-stick-meta":"","header-below-stick-meta":"","astra-migrate-meta-layouts":"default","ast-page-background-enabled":"default","ast-page-background-meta":{"desktop":{"background-color":"","background-image":"","background-repeat":"repeat","background-position":"center center","background-size":"auto","background-attachment":"scroll","background-type":"","background-media":"","overlay-type":"","overlay-color":"","overlay-opacity":"","overlay-gradient":""},"tablet":{"background-color":"","background-image":"","background-repeat":"repeat","background-position":"center center","background-size":"auto","background-attachment":"scroll","background-type":"","background-media":"","overlay-type":"","overlay-color":"","overlay-opacity":"","overlay-gradient":""},"mobile":{"background-color":"","background-image":"","background-repeat":"repeat","background-position":"center center","background-size":"auto","background-attachment":"scroll","background-type":"","background-media":"","overlay-type":"","overlay-color":"","overlay-opacity":"","overlay-gradient":""}},"ast-content-background-meta":{"desktop":{"background-color":"var(--ast-global-color-5)","background-image":"","background-repeat":"repeat","background-position":"center center","background-size":"auto","background-attachment":"scroll","background-type":"","background-media":"","overlay-type":"","overlay-color":"","overlay-opacity":"","overlay-gradient":""},"tablet":{"background-color":"var(--ast-global-color-5)","background-image":"","background-repeat":"repeat","background-position":"center center","background-size":"auto","background-attachment":"scroll","background-type":"","background-media":"","overlay-type":"","overlay-color":"","overlay-opacity":"","overlay-gradient":""},"mobile":{"background-color":"var(--ast-global-color-5)","background-image":"","background-repeat":"repeat","background-position":"center center","background-size":"auto","background-attachment":"scroll","background-type":"","background-media":"","overlay-type":"","overlay-color":"","overlay-opacity":"","overlay-gradient":""}},"footnotes":""},"categories":[6],"tags":[],"class_list":["post-31108","post","type-post","status-publish","format-standard","has-post-thumbnail","hentry","category-anonym"],"acf":[],"yoast_head":"<!-- This site is optimized with the Yoast SEO plugin v27.4 - https:\/\/yoast.com\/product\/yoast-seo-wordpress\/ -->\n<title>The Scent of Your Memory - Solkes Magazine<\/title>\n<meta name=\"description\" content=\"I try to plow on these lines the wonderful feeling that my smell recognized in the scent of your memories.\" \/>\n<meta name=\"robots\" content=\"index, follow, max-snippet:-1, max-image-preview:large, max-video-preview:-1\" \/>\n<link rel=\"canonical\" href=\"https:\/\/solkes.com\/en\/anonym\/2020\/11\/the-scent-of-your-memory-2\/\" \/>\n<meta property=\"og:locale\" content=\"en_US\" \/>\n<meta property=\"og:type\" content=\"article\" \/>\n<meta property=\"og:title\" content=\"The Scent of Your Memory - Solkes Magazine\" \/>\n<meta property=\"og:description\" content=\"I try to plow on these lines the wonderful feeling that my smell recognized in the scent of your memories.\" \/>\n<meta property=\"og:url\" content=\"https:\/\/solkes.com\/en\/anonym\/2020\/11\/the-scent-of-your-memory-2\/\" \/>\n<meta property=\"og:site_name\" content=\"Solkes Magazine\" \/>\n<meta property=\"article:publisher\" content=\"https:\/\/www.facebook.com\/solkesmagazinee\/\" \/>\n<meta property=\"article:published_time\" content=\"2020-11-03T08:22:14+00:00\" \/>\n<meta property=\"article:modified_time\" content=\"2025-10-08T08:28:31+00:00\" \/>\n<meta property=\"og:image\" content=\"https:\/\/solkes.com\/wp-content\/uploads\/2020\/08\/2011_04-2.jpg\" \/>\n\t<meta property=\"og:image:width\" content=\"996\" \/>\n\t<meta property=\"og:image:height\" content=\"601\" \/>\n\t<meta property=\"og:image:type\" content=\"image\/jpeg\" \/>\n<meta name=\"author\" content=\"Gustavo Torres Herrera\" \/>\n<meta name=\"twitter:card\" content=\"summary_large_image\" \/>\n<meta name=\"twitter:label1\" content=\"Written by\" \/>\n\t<meta name=\"twitter:data1\" content=\"Gustavo Torres Herrera\" \/>\n\t<meta name=\"twitter:label2\" content=\"Est. reading time\" \/>\n\t<meta name=\"twitter:data2\" content=\"5 minutes\" \/>\n<script type=\"application\/ld+json\" class=\"yoast-schema-graph\">{\"@context\":\"https:\\\/\\\/schema.org\",\"@graph\":[{\"@type\":\"Article\",\"@id\":\"https:\\\/\\\/solkes.com\\\/en\\\/anonym\\\/2020\\\/11\\\/the-scent-of-your-memory-2\\\/#article\",\"isPartOf\":{\"@id\":\"https:\\\/\\\/solkes.com\\\/en\\\/anonym\\\/2020\\\/11\\\/the-scent-of-your-memory-2\\\/\"},\"author\":{\"name\":\"Gustavo Torres Herrera\",\"@id\":\"https:\\\/\\\/solkes.com\\\/#\\\/schema\\\/person\\\/f37eb817fc09e0fe76d7ca7e6cff0c0d\"},\"headline\":\"The Scent of Your Memory\",\"datePublished\":\"2020-11-03T08:22:14+00:00\",\"dateModified\":\"2025-10-08T08:28:31+00:00\",\"mainEntityOfPage\":{\"@id\":\"https:\\\/\\\/solkes.com\\\/en\\\/anonym\\\/2020\\\/11\\\/the-scent-of-your-memory-2\\\/\"},\"wordCount\":804,\"commentCount\":0,\"publisher\":{\"@id\":\"https:\\\/\\\/solkes.com\\\/#organization\"},\"image\":{\"@id\":\"https:\\\/\\\/solkes.com\\\/en\\\/anonym\\\/2020\\\/11\\\/the-scent-of-your-memory-2\\\/#primaryimage\"},\"thumbnailUrl\":\"https:\\\/\\\/solkes.com\\\/wp-content\\\/uploads\\\/2020\\\/08\\\/2011_04-2.jpg\",\"articleSection\":[\"Anonym\"],\"inLanguage\":\"en-US\",\"potentialAction\":[{\"@type\":\"CommentAction\",\"name\":\"Comment\",\"target\":[\"https:\\\/\\\/solkes.com\\\/en\\\/anonym\\\/2020\\\/11\\\/the-scent-of-your-memory-2\\\/#respond\"]}]},{\"@type\":\"WebPage\",\"@id\":\"https:\\\/\\\/solkes.com\\\/en\\\/anonym\\\/2020\\\/11\\\/the-scent-of-your-memory-2\\\/\",\"url\":\"https:\\\/\\\/solkes.com\\\/en\\\/anonym\\\/2020\\\/11\\\/the-scent-of-your-memory-2\\\/\",\"name\":\"The Scent of Your Memory - Solkes Magazine\",\"isPartOf\":{\"@id\":\"https:\\\/\\\/solkes.com\\\/#website\"},\"primaryImageOfPage\":{\"@id\":\"https:\\\/\\\/solkes.com\\\/en\\\/anonym\\\/2020\\\/11\\\/the-scent-of-your-memory-2\\\/#primaryimage\"},\"image\":{\"@id\":\"https:\\\/\\\/solkes.com\\\/en\\\/anonym\\\/2020\\\/11\\\/the-scent-of-your-memory-2\\\/#primaryimage\"},\"thumbnailUrl\":\"https:\\\/\\\/solkes.com\\\/wp-content\\\/uploads\\\/2020\\\/08\\\/2011_04-2.jpg\",\"datePublished\":\"2020-11-03T08:22:14+00:00\",\"dateModified\":\"2025-10-08T08:28:31+00:00\",\"description\":\"I try to plow on these lines the wonderful feeling that my smell recognized in the scent of your memories.\",\"breadcrumb\":{\"@id\":\"https:\\\/\\\/solkes.com\\\/en\\\/anonym\\\/2020\\\/11\\\/the-scent-of-your-memory-2\\\/#breadcrumb\"},\"inLanguage\":\"en-US\",\"potentialAction\":[{\"@type\":\"ReadAction\",\"target\":[\"https:\\\/\\\/solkes.com\\\/en\\\/anonym\\\/2020\\\/11\\\/the-scent-of-your-memory-2\\\/\"]}]},{\"@type\":\"ImageObject\",\"inLanguage\":\"en-US\",\"@id\":\"https:\\\/\\\/solkes.com\\\/en\\\/anonym\\\/2020\\\/11\\\/the-scent-of-your-memory-2\\\/#primaryimage\",\"url\":\"https:\\\/\\\/solkes.com\\\/wp-content\\\/uploads\\\/2020\\\/08\\\/2011_04-2.jpg\",\"contentUrl\":\"https:\\\/\\\/solkes.com\\\/wp-content\\\/uploads\\\/2020\\\/08\\\/2011_04-2.jpg\",\"width\":996,\"height\":601,\"caption\":\"Laura Viera A \u00a9 Solkes\"},{\"@type\":\"BreadcrumbList\",\"@id\":\"https:\\\/\\\/solkes.com\\\/en\\\/anonym\\\/2020\\\/11\\\/the-scent-of-your-memory-2\\\/#breadcrumb\",\"itemListElement\":[{\"@type\":\"ListItem\",\"position\":1,\"name\":\"Portada\",\"item\":\"https:\\\/\\\/solkes.com\\\/\"},{\"@type\":\"ListItem\",\"position\":2,\"name\":\"The Scent of Your Memory\"}]},{\"@type\":\"WebSite\",\"@id\":\"https:\\\/\\\/solkes.com\\\/#website\",\"url\":\"https:\\\/\\\/solkes.com\\\/\",\"name\":\"Solkes Magazine\",\"description\":\"solkes.com\",\"publisher\":{\"@id\":\"https:\\\/\\\/solkes.com\\\/#organization\"},\"potentialAction\":[{\"@type\":\"SearchAction\",\"target\":{\"@type\":\"EntryPoint\",\"urlTemplate\":\"https:\\\/\\\/solkes.com\\\/?s={search_term_string}\"},\"query-input\":{\"@type\":\"PropertyValueSpecification\",\"valueRequired\":true,\"valueName\":\"search_term_string\"}}],\"inLanguage\":\"en-US\"},{\"@type\":\"Organization\",\"@id\":\"https:\\\/\\\/solkes.com\\\/#organization\",\"name\":\"Solkes Magazine\",\"url\":\"https:\\\/\\\/solkes.com\\\/\",\"logo\":{\"@type\":\"ImageObject\",\"inLanguage\":\"en-US\",\"@id\":\"https:\\\/\\\/solkes.com\\\/#\\\/schema\\\/logo\\\/image\\\/\",\"url\":\"https:\\\/\\\/solkes.com\\\/wp-content\\\/uploads\\\/2024\\\/09\\\/logo-SOLKES-820px-x-312px.png\",\"contentUrl\":\"https:\\\/\\\/solkes.com\\\/wp-content\\\/uploads\\\/2024\\\/09\\\/logo-SOLKES-820px-x-312px.png\",\"width\":411,\"height\":303,\"caption\":\"Solkes Magazine\"},\"image\":{\"@id\":\"https:\\\/\\\/solkes.com\\\/#\\\/schema\\\/logo\\\/image\\\/\"},\"sameAs\":[\"https:\\\/\\\/www.facebook.com\\\/solkesmagazinee\\\/\",\"https:\\\/\\\/instagram.com\\\/solkesmagazine\\\/\"]},{\"@type\":\"Person\",\"@id\":\"https:\\\/\\\/solkes.com\\\/#\\\/schema\\\/person\\\/f37eb817fc09e0fe76d7ca7e6cff0c0d\",\"name\":\"Gustavo Torres Herrera\",\"image\":{\"@type\":\"ImageObject\",\"inLanguage\":\"en-US\",\"@id\":\"https:\\\/\\\/secure.gravatar.com\\\/avatar\\\/7c4abb8ea7b48b54a36fe71c9e0884f327abc98da5d9b54c56921ff471260abc?s=96&d=identicon&r=g\",\"url\":\"https:\\\/\\\/secure.gravatar.com\\\/avatar\\\/7c4abb8ea7b48b54a36fe71c9e0884f327abc98da5d9b54c56921ff471260abc?s=96&d=identicon&r=g\",\"contentUrl\":\"https:\\\/\\\/secure.gravatar.com\\\/avatar\\\/7c4abb8ea7b48b54a36fe71c9e0884f327abc98da5d9b54c56921ff471260abc?s=96&d=identicon&r=g\",\"caption\":\"Gustavo Torres Herrera\"},\"description\":\"GUSTAVO TORRES HERRERA es abogado por formaci\u00f3n y escritor por vocaci\u00f3n, un colombiano de letras que se caracteriza por una prosa que transporta, enamora y son renglones de viva poes\u00eda. Su vocaci\u00f3n literaria fue descubierta por Jaime Garc\u00eda Maffla en la Casa de Poes\u00eda Silva cuando le mencion\u00f3 que lo suyo era \\\"un sentimiento hecho palabra\\\". La obra literaria de GUSTAVO TORRES HERRERA se viene destacando cada vez en los c\u00edrculos acad\u00e9micos y de pensamiento cr\u00edtico, por sus planteamientos sobre la importancia de los valores que se han ha ido perdiendo en la comunidad, la admiraci\u00f3n de la vejez como camino enriquecedor con sus experiencias de vida, renglones para el amor.\",\"url\":\"https:\\\/\\\/solkes.com\\\/en\\\/author\\\/gustavo-torres-herrera\\\/\"}]}<\/script>\n<!-- \/ Yoast SEO plugin. -->","yoast_head_json":{"title":"The Scent of Your Memory - Solkes Magazine","description":"I try to plow on these lines the wonderful feeling that my smell recognized in the scent of your memories.","robots":{"index":"index","follow":"follow","max-snippet":"max-snippet:-1","max-image-preview":"max-image-preview:large","max-video-preview":"max-video-preview:-1"},"canonical":"https:\/\/solkes.com\/en\/anonym\/2020\/11\/the-scent-of-your-memory-2\/","og_locale":"en_US","og_type":"article","og_title":"The Scent of Your Memory - Solkes Magazine","og_description":"I try to plow on these lines the wonderful feeling that my smell recognized in the scent of your memories.","og_url":"https:\/\/solkes.com\/en\/anonym\/2020\/11\/the-scent-of-your-memory-2\/","og_site_name":"Solkes Magazine","article_publisher":"https:\/\/www.facebook.com\/solkesmagazinee\/","article_published_time":"2020-11-03T08:22:14+00:00","article_modified_time":"2025-10-08T08:28:31+00:00","og_image":[{"width":996,"height":601,"url":"https:\/\/solkes.com\/wp-content\/uploads\/2020\/08\/2011_04-2.jpg","type":"image\/jpeg"}],"author":"Gustavo Torres Herrera","twitter_card":"summary_large_image","twitter_misc":{"Written by":"Gustavo Torres Herrera","Est. reading time":"5 minutes"},"schema":{"@context":"https:\/\/schema.org","@graph":[{"@type":"Article","@id":"https:\/\/solkes.com\/en\/anonym\/2020\/11\/the-scent-of-your-memory-2\/#article","isPartOf":{"@id":"https:\/\/solkes.com\/en\/anonym\/2020\/11\/the-scent-of-your-memory-2\/"},"author":{"name":"Gustavo Torres Herrera","@id":"https:\/\/solkes.com\/#\/schema\/person\/f37eb817fc09e0fe76d7ca7e6cff0c0d"},"headline":"The Scent of Your Memory","datePublished":"2020-11-03T08:22:14+00:00","dateModified":"2025-10-08T08:28:31+00:00","mainEntityOfPage":{"@id":"https:\/\/solkes.com\/en\/anonym\/2020\/11\/the-scent-of-your-memory-2\/"},"wordCount":804,"commentCount":0,"publisher":{"@id":"https:\/\/solkes.com\/#organization"},"image":{"@id":"https:\/\/solkes.com\/en\/anonym\/2020\/11\/the-scent-of-your-memory-2\/#primaryimage"},"thumbnailUrl":"https:\/\/solkes.com\/wp-content\/uploads\/2020\/08\/2011_04-2.jpg","articleSection":["Anonym"],"inLanguage":"en-US","potentialAction":[{"@type":"CommentAction","name":"Comment","target":["https:\/\/solkes.com\/en\/anonym\/2020\/11\/the-scent-of-your-memory-2\/#respond"]}]},{"@type":"WebPage","@id":"https:\/\/solkes.com\/en\/anonym\/2020\/11\/the-scent-of-your-memory-2\/","url":"https:\/\/solkes.com\/en\/anonym\/2020\/11\/the-scent-of-your-memory-2\/","name":"The Scent of Your Memory - Solkes Magazine","isPartOf":{"@id":"https:\/\/solkes.com\/#website"},"primaryImageOfPage":{"@id":"https:\/\/solkes.com\/en\/anonym\/2020\/11\/the-scent-of-your-memory-2\/#primaryimage"},"image":{"@id":"https:\/\/solkes.com\/en\/anonym\/2020\/11\/the-scent-of-your-memory-2\/#primaryimage"},"thumbnailUrl":"https:\/\/solkes.com\/wp-content\/uploads\/2020\/08\/2011_04-2.jpg","datePublished":"2020-11-03T08:22:14+00:00","dateModified":"2025-10-08T08:28:31+00:00","description":"I try to plow on these lines the wonderful feeling that my smell recognized in the scent of your memories.","breadcrumb":{"@id":"https:\/\/solkes.com\/en\/anonym\/2020\/11\/the-scent-of-your-memory-2\/#breadcrumb"},"inLanguage":"en-US","potentialAction":[{"@type":"ReadAction","target":["https:\/\/solkes.com\/en\/anonym\/2020\/11\/the-scent-of-your-memory-2\/"]}]},{"@type":"ImageObject","inLanguage":"en-US","@id":"https:\/\/solkes.com\/en\/anonym\/2020\/11\/the-scent-of-your-memory-2\/#primaryimage","url":"https:\/\/solkes.com\/wp-content\/uploads\/2020\/08\/2011_04-2.jpg","contentUrl":"https:\/\/solkes.com\/wp-content\/uploads\/2020\/08\/2011_04-2.jpg","width":996,"height":601,"caption":"Laura Viera A \u00a9 Solkes"},{"@type":"BreadcrumbList","@id":"https:\/\/solkes.com\/en\/anonym\/2020\/11\/the-scent-of-your-memory-2\/#breadcrumb","itemListElement":[{"@type":"ListItem","position":1,"name":"Portada","item":"https:\/\/solkes.com\/"},{"@type":"ListItem","position":2,"name":"The Scent of Your Memory"}]},{"@type":"WebSite","@id":"https:\/\/solkes.com\/#website","url":"https:\/\/solkes.com\/","name":"Solkes Magazine","description":"solkes.com","publisher":{"@id":"https:\/\/solkes.com\/#organization"},"potentialAction":[{"@type":"SearchAction","target":{"@type":"EntryPoint","urlTemplate":"https:\/\/solkes.com\/?s={search_term_string}"},"query-input":{"@type":"PropertyValueSpecification","valueRequired":true,"valueName":"search_term_string"}}],"inLanguage":"en-US"},{"@type":"Organization","@id":"https:\/\/solkes.com\/#organization","name":"Solkes Magazine","url":"https:\/\/solkes.com\/","logo":{"@type":"ImageObject","inLanguage":"en-US","@id":"https:\/\/solkes.com\/#\/schema\/logo\/image\/","url":"https:\/\/solkes.com\/wp-content\/uploads\/2024\/09\/logo-SOLKES-820px-x-312px.png","contentUrl":"https:\/\/solkes.com\/wp-content\/uploads\/2024\/09\/logo-SOLKES-820px-x-312px.png","width":411,"height":303,"caption":"Solkes Magazine"},"image":{"@id":"https:\/\/solkes.com\/#\/schema\/logo\/image\/"},"sameAs":["https:\/\/www.facebook.com\/solkesmagazinee\/","https:\/\/instagram.com\/solkesmagazine\/"]},{"@type":"Person","@id":"https:\/\/solkes.com\/#\/schema\/person\/f37eb817fc09e0fe76d7ca7e6cff0c0d","name":"Gustavo Torres Herrera","image":{"@type":"ImageObject","inLanguage":"en-US","@id":"https:\/\/secure.gravatar.com\/avatar\/7c4abb8ea7b48b54a36fe71c9e0884f327abc98da5d9b54c56921ff471260abc?s=96&d=identicon&r=g","url":"https:\/\/secure.gravatar.com\/avatar\/7c4abb8ea7b48b54a36fe71c9e0884f327abc98da5d9b54c56921ff471260abc?s=96&d=identicon&r=g","contentUrl":"https:\/\/secure.gravatar.com\/avatar\/7c4abb8ea7b48b54a36fe71c9e0884f327abc98da5d9b54c56921ff471260abc?s=96&d=identicon&r=g","caption":"Gustavo Torres Herrera"},"description":"GUSTAVO TORRES HERRERA es abogado por formaci\u00f3n y escritor por vocaci\u00f3n, un colombiano de letras que se caracteriza por una prosa que transporta, enamora y son renglones de viva poes\u00eda. Su vocaci\u00f3n literaria fue descubierta por Jaime Garc\u00eda Maffla en la Casa de Poes\u00eda Silva cuando le mencion\u00f3 que lo suyo era \"un sentimiento hecho palabra\". La obra literaria de GUSTAVO TORRES HERRERA se viene destacando cada vez en los c\u00edrculos acad\u00e9micos y de pensamiento cr\u00edtico, por sus planteamientos sobre la importancia de los valores que se han ha ido perdiendo en la comunidad, la admiraci\u00f3n de la vejez como camino enriquecedor con sus experiencias de vida, renglones para el amor.","url":"https:\/\/solkes.com\/en\/author\/gustavo-torres-herrera\/"}]}},"_links":{"self":[{"href":"https:\/\/solkes.com\/en\/wp-json\/wp\/v2\/posts\/31108","targetHints":{"allow":["GET"]}}],"collection":[{"href":"https:\/\/solkes.com\/en\/wp-json\/wp\/v2\/posts"}],"about":[{"href":"https:\/\/solkes.com\/en\/wp-json\/wp\/v2\/types\/post"}],"author":[{"embeddable":true,"href":"https:\/\/solkes.com\/en\/wp-json\/wp\/v2\/users\/68"}],"replies":[{"embeddable":true,"href":"https:\/\/solkes.com\/en\/wp-json\/wp\/v2\/comments?post=31108"}],"version-history":[{"count":2,"href":"https:\/\/solkes.com\/en\/wp-json\/wp\/v2\/posts\/31108\/revisions"}],"predecessor-version":[{"id":31110,"href":"https:\/\/solkes.com\/en\/wp-json\/wp\/v2\/posts\/31108\/revisions\/31110"}],"wp:featuredmedia":[{"embeddable":true,"href":"https:\/\/solkes.com\/en\/wp-json\/wp\/v2\/media\/24146"}],"wp:attachment":[{"href":"https:\/\/solkes.com\/en\/wp-json\/wp\/v2\/media?parent=31108"}],"wp:term":[{"taxonomy":"category","embeddable":true,"href":"https:\/\/solkes.com\/en\/wp-json\/wp\/v2\/categories?post=31108"},{"taxonomy":"post_tag","embeddable":true,"href":"https:\/\/solkes.com\/en\/wp-json\/wp\/v2\/tags?post=31108"}],"curies":[{"name":"wp","href":"https:\/\/api.w.org\/{rel}","templated":true}]}}