{"id":30848,"date":"2025-12-13T10:00:48","date_gmt":"2025-12-13T08:00:48","guid":{"rendered":"https:\/\/solkes.com\/?p=30848"},"modified":"2025-11-17T14:28:36","modified_gmt":"2025-11-17T12:28:36","slug":"synthetic-winters","status":"publish","type":"post","link":"https:\/\/solkes.com\/en\/anonym\/2025\/12\/synthetic-winters\/","title":{"rendered":"Synthetic winters"},"content":{"rendered":"<p><span style=\"color: #138a8d;\">T<\/span>he Cold Arrives First<\/p>\n<p>It arrives in the middle of the night, it arrives as we open our eyes, in the first light of day; it arrives as gazes, tears, and smiles begin to freeze.<\/p>\n<p>The cold arrives first.<\/p>\n<p>It doesn\u2019t wound the skin, but it settles into memory. It seeps into our minds, uninvited, unplanned, taking hold of everything\u2014without asking permission, without apologizing for cutting, hurting, stirring, and unsettling.<\/p>\n<figure id=\"attachment_30984\" aria-describedby=\"caption-attachment-30984\" style=\"width: 374px\" class=\"wp-caption alignright\"><img fetchpriority=\"high\" decoding=\"async\" class=\"size-solkes_horizontal wp-image-30984\" src=\"https:\/\/solkes.com\/wp-content\/uploads\/2025\/12\/invierno-sintetico-2505_05-374x601.jpg\" alt=\"Aurora Boreal\" width=\"374\" height=\"601\" srcset=\"https:\/\/solkes.com\/wp-content\/uploads\/2025\/12\/invierno-sintetico-2505_05-374x601.jpg 374w, https:\/\/solkes.com\/wp-content\/uploads\/2025\/12\/invierno-sintetico-2505_05-187x300.jpg 187w, https:\/\/solkes.com\/wp-content\/uploads\/2025\/12\/invierno-sintetico-2505_05-299x480.jpg 299w, https:\/\/solkes.com\/wp-content\/uploads\/2025\/12\/invierno-sintetico-2505_05.jpg 620w\" sizes=\"(max-width: 374px) 100vw, 374px\" \/><figcaption id=\"caption-attachment-30984\" class=\"wp-caption-text\">Lucas Marcomini for Unsplash \u00a9 Solkes<\/figcaption><\/figure>\n<p>Synthetic winters are different\u2014they are not natural. They are precise replicas of what we remember and what we feared to forget.<\/p>\n<p>Synthetic winters are like bottomless mirrors.<\/p>\n<p>The air cracks, breath turns to vapor, and each step awakens echoes of winters past.<\/p>\n<p>And then, the Northern Lights appear.<\/p>\n<p>The sky is dyed in greens, reds, pinks, and mauves.<\/p>\n<p>Green and violet waves cross the heavens like brushstrokes from an invisible artist\u2014waves with no beginning or end, holding a magic that is unique, special, fleeting, and eternal.<\/p>\n<p>Those beautiful stains. The coldest zones where fire tangles itself in complexity. In these corners, energy is like a burning sigh traveling through the cosmos.<\/p>\n<p>In this rootless winter, the air glimmers with particles of artificial light\u2014<br \/>\na fierce light that burns us.<\/p>\n<p>The auroras seem to stitch the firmament with threads of green, violet, and blue. They breathe in waves, bend, and dissolve\u2014as if the universe were painting upon itself. It is nature\u2019s art.<\/p>\n<p>When winter is synthetic, the climate no longer follows natural rhythms but the whims of cities and machines.<\/p>\n<p>In that moment, our eyes become hunters of color.<\/p>\n<p>We seek the glow of a lamp, the golden reflection on a window, the aurora spilling green and violet hues across a steel sky.<\/p>\n<figure id=\"attachment_30978\" aria-describedby=\"caption-attachment-30978\" style=\"width: 965px\" class=\"wp-caption aligncenter\"><img decoding=\"async\" class=\"size-solkes_horizontal wp-image-30978\" src=\"https:\/\/solkes.com\/wp-content\/uploads\/2025\/12\/invierno-sintetico-2505_03-965x601.jpg\" alt=\"Aurora Boreal\" width=\"965\" height=\"601\" srcset=\"https:\/\/solkes.com\/wp-content\/uploads\/2025\/12\/invierno-sintetico-2505_03-965x601.jpg 965w, https:\/\/solkes.com\/wp-content\/uploads\/2025\/12\/invierno-sintetico-2505_03-300x187.jpg 300w, https:\/\/solkes.com\/wp-content\/uploads\/2025\/12\/invierno-sintetico-2505_03-768x478.jpg 768w, https:\/\/solkes.com\/wp-content\/uploads\/2025\/12\/invierno-sintetico-2505_03-320x199.jpg 320w, https:\/\/solkes.com\/wp-content\/uploads\/2025\/12\/invierno-sintetico-2505_03.jpg 996w\" sizes=\"(max-width: 965px) 100vw, 965px\" \/><figcaption id=\"caption-attachment-30978\" class=\"wp-caption-text\">Lightscape for Unsplash \u00a9 Solkes<\/figcaption><\/figure>\n<p>And then we feel something strange: nostalgia and wonder, fear and tenderness\u2014all at once. How is that possible?<\/p>\n<p>Each thought passes through a sheet of ice that refracts and distorts it, making it distant. The mind begins to sense a strange silence\u2014not the calm of a forest, but a carefully calculated emptiness.<\/p>\n<figure id=\"attachment_30975\" aria-describedby=\"caption-attachment-30975\" style=\"width: 374px\" class=\"wp-caption alignleft\"><img decoding=\"async\" class=\"size-solkes_horizontal wp-image-30975\" src=\"https:\/\/solkes.com\/wp-content\/uploads\/2025\/12\/invierno-sintetico-2505_02-374x601.jpg\" alt=\"\" width=\"374\" height=\"601\" srcset=\"https:\/\/solkes.com\/wp-content\/uploads\/2025\/12\/invierno-sintetico-2505_02-374x601.jpg 374w, https:\/\/solkes.com\/wp-content\/uploads\/2025\/12\/invierno-sintetico-2505_02-187x300.jpg 187w, https:\/\/solkes.com\/wp-content\/uploads\/2025\/12\/invierno-sintetico-2505_02-299x480.jpg 299w, https:\/\/solkes.com\/wp-content\/uploads\/2025\/12\/invierno-sintetico-2505_02.jpg 620w\" sizes=\"(max-width: 374px) 100vw, 374px\" \/><figcaption id=\"caption-attachment-30975\" class=\"wp-caption-text\">Aaron Burden for Unsplash \u00a9 Solkes<\/figcaption><\/figure>\n<p>The mind reacts to color as if recognizing an old melody.<\/p>\n<p>In the darkness of short days, we cling to every spark, as if within it lay the promise of another season.<\/p>\n<p>Our minds change in winter. They become slower, more reflective, more intimate.<\/p>\n<p>We hear the crack of ice, the echo of our footsteps, the whisper of wind against the windows of the soul.<\/p>\n<p>And the cold not only hardens bodies\u2014it hardens ideas. It makes us introspective, granting us a fertile silence where the deepest thoughts take root.<\/p>\n<p>It\u2019s sad\u2014algorithms have learned to predict our gestures, our glances, even our wonder.<\/p>\n<p>They remind us that, though machines can replicate landscapes and atmospheres, they can never fully reproduce the unpredictability of emotion, the spark of thought, or the rhythm of our sighs.<\/p>\n<figure id=\"attachment_30996\" aria-describedby=\"caption-attachment-30996\" style=\"width: 965px\" class=\"wp-caption aligncenter\"><img loading=\"lazy\" decoding=\"async\" class=\"size-solkes_horizontal wp-image-30996\" src=\"https:\/\/solkes.com\/wp-content\/uploads\/2025\/12\/invierno-sintetico-2505_09-965x601.jpg\" alt=\"\" width=\"965\" height=\"601\" srcset=\"https:\/\/solkes.com\/wp-content\/uploads\/2025\/12\/invierno-sintetico-2505_09-965x601.jpg 965w, https:\/\/solkes.com\/wp-content\/uploads\/2025\/12\/invierno-sintetico-2505_09-300x187.jpg 300w, https:\/\/solkes.com\/wp-content\/uploads\/2025\/12\/invierno-sintetico-2505_09-768x478.jpg 768w, https:\/\/solkes.com\/wp-content\/uploads\/2025\/12\/invierno-sintetico-2505_09-320x199.jpg 320w, https:\/\/solkes.com\/wp-content\/uploads\/2025\/12\/invierno-sintetico-2505_09.jpg 996w\" sizes=\"(max-width: 965px) 100vw, 965px\" \/><figcaption id=\"caption-attachment-30996\" class=\"wp-caption-text\">Jakob Owens for Unsplash \u00a9 Solkes<\/figcaption><\/figure>\n<p>Yet nothing can anticipate what we feel when we see the light dance over snow.<\/p>\n<p>Each flash of color is a returning memory.<\/p>\n<p>In synthetic winters, the body no longer knows whether the light it receives comes from the sun or from technology.<\/p>\n<p>But the soul knows the difference.<\/p>\n<p>Natural light caresses; synthetic light strikes. Both awaken something within us\u2014but in opposite ways: one invites silence, the other throws us into vertigo.<\/p>\n<figure id=\"attachment_30972\" aria-describedby=\"caption-attachment-30972\" style=\"width: 374px\" class=\"wp-caption alignright\"><img loading=\"lazy\" decoding=\"async\" class=\"size-solkes_horizontal wp-image-30972\" src=\"https:\/\/solkes.com\/wp-content\/uploads\/2025\/12\/invierno-sintetico-2505_01-374x601.jpg\" alt=\"\" width=\"374\" height=\"601\" srcset=\"https:\/\/solkes.com\/wp-content\/uploads\/2025\/12\/invierno-sintetico-2505_01-374x601.jpg 374w, https:\/\/solkes.com\/wp-content\/uploads\/2025\/12\/invierno-sintetico-2505_01-187x300.jpg 187w, https:\/\/solkes.com\/wp-content\/uploads\/2025\/12\/invierno-sintetico-2505_01-299x480.jpg 299w, https:\/\/solkes.com\/wp-content\/uploads\/2025\/12\/invierno-sintetico-2505_01.jpg 620w\" sizes=\"(max-width: 374px) 100vw, 374px\" \/><figcaption id=\"caption-attachment-30972\" class=\"wp-caption-text\">Solkes \u00a9 Solkes<\/figcaption><\/figure>\n<p>In the midst of synthetic winter, light becomes a promise. It reminds us that life still exists behind the cold.<\/p>\n<p>Our memories blend with the perfection of frost\u2014memories where a friend\u2019s laughter seems pixelated, the hands of a loved one mere silhouettes of warmth we can never touch.<\/p>\n<p>Memories where words dissolve into the air, as if algorithms knew too much about us\u2014wanting to protect us from pain, or perhaps to steal from us the ability to feel it at all. Could it be that algorithms know our souls?<\/p>\n<p>And the cold arrives first.<\/p>\n<p>The cold has a curious way of altering <span style=\"color: #138a8d;\"><a style=\"color: #138a8d;\" href=\"https:\/\/solkes.com\/en\/anonym\/2020\/11\/the-scent-of-your-memory\/\">memory<\/a><\/span>.<\/p>\n<p>It doesn\u2019t erase it\u2014but turns it translucent, as if each recollection breathed within a fogged crystal.<\/p>\n<p>The cold doesn\u2019t just inhabit the air\u2014it settles into thought.<\/p>\n<p>Sometimes we think we remember an embrace, but in truth, we remember the warmth that was missing.<\/p>\n<p>On freezing days, memories mingle with the vapor of breath and the sound of ice breaking beneath our steps.<\/p>\n<p>And then\u2014a distant laugh.<\/p>\n<p>An embrace we never wanted to let go of.<\/p>\n<p>The cold becomes liquid memory, frosted, flowing through skin and mind.<\/p>\n<figure id=\"attachment_30990\" aria-describedby=\"caption-attachment-30990\" style=\"width: 965px\" class=\"wp-caption aligncenter\"><img loading=\"lazy\" decoding=\"async\" class=\"size-solkes_horizontal wp-image-30990\" src=\"https:\/\/solkes.com\/wp-content\/uploads\/2025\/12\/invierno-sintetico-2505_07-965x601.jpg\" alt=\"\" width=\"965\" height=\"601\" srcset=\"https:\/\/solkes.com\/wp-content\/uploads\/2025\/12\/invierno-sintetico-2505_07-965x601.jpg 965w, https:\/\/solkes.com\/wp-content\/uploads\/2025\/12\/invierno-sintetico-2505_07-300x187.jpg 300w, https:\/\/solkes.com\/wp-content\/uploads\/2025\/12\/invierno-sintetico-2505_07-768x478.jpg 768w, https:\/\/solkes.com\/wp-content\/uploads\/2025\/12\/invierno-sintetico-2505_07-320x199.jpg 320w, https:\/\/solkes.com\/wp-content\/uploads\/2025\/12\/invierno-sintetico-2505_07.jpg 996w\" sizes=\"(max-width: 965px) 100vw, 965px\" \/><figcaption id=\"caption-attachment-30990\" class=\"wp-caption-text\">Sarina Gito for Unsplash \u00a9 Solkes<\/figcaption><\/figure>\n<p>The cold preserves\u2014like a silent archivist of the soul. Then, ice softens the outlines, and what was sharp becomes mist. We remember less the facts, and more the feeling of having lived them.<\/p>\n<p>Perhaps that is why winters are so prone to melancholy\u2014they return to us the echo of what once was.<\/p>\n<p>A moment when memories are not fixed but shift shape, like steam rising from a hot cup.<\/p>\n<p>In the end, the cold doesn\u2019t erase memory\u2014it reinvents it.<\/p>\n<p>Synthetic winters are not real colds; they are emotional ones\u2014algorithms replicating emotions and returning them amplified.<\/p>\n<figure id=\"attachment_30993\" aria-describedby=\"caption-attachment-30993\" style=\"width: 374px\" class=\"wp-caption alignleft\"><img loading=\"lazy\" decoding=\"async\" class=\"wp-image-30993 size-solkes_horizontal\" src=\"https:\/\/solkes.com\/wp-content\/uploads\/2025\/12\/invierno-sintetico-2505_08-374x601.jpg\" alt=\"Woman - Winter\" width=\"374\" height=\"601\" srcset=\"https:\/\/solkes.com\/wp-content\/uploads\/2025\/12\/invierno-sintetico-2505_08-374x601.jpg 374w, https:\/\/solkes.com\/wp-content\/uploads\/2025\/12\/invierno-sintetico-2505_08-187x300.jpg 187w, https:\/\/solkes.com\/wp-content\/uploads\/2025\/12\/invierno-sintetico-2505_08-299x480.jpg 299w, https:\/\/solkes.com\/wp-content\/uploads\/2025\/12\/invierno-sintetico-2505_08.jpg 620w\" sizes=\"(max-width: 374px) 100vw, 374px\" \/><figcaption id=\"caption-attachment-30993\" class=\"wp-caption-text\">Mike Stoll for Unsplash \u00a9 Solkes<\/figcaption><\/figure>\n<p>Algorithms that will seem to shape our days\u2014marking us, dominating us, changing us.<\/p>\n<p>Winter molds the mind as ice sculpts the river.<\/p>\n<p>It teaches us to accept the ephemeral and understand that not everything blooms under the sun.<\/p>\n<p>We walk through this landscape of artificial precision.<\/p>\n<p>Every glimmer, every shadow, every calculated light reminds us of what it means to be human.<br \/>\nTo be human is to be uncertain, imperfect, unprogrammable.<br \/>\nThat is something no machine will ever understand.<\/p>\n<p>It is like an <span style=\"color: #138a8d;\"><a style=\"color: #138a8d;\" href=\"https:\/\/www.britannica.com\/technology\/artificial-intelligence\">artificial<\/a><\/span> whisper\u2014a cold not born from the sky, but from the mind of machines.<\/p>\n<p>Still, we learn from them. They interpret our wonder, return beauty in predictable patterns\u2014and we discover we can feel more deeply.<\/p>\n<p>Silence is another kind of aurora. There is no noise\u2014only data pulsing like our own hearts.<\/p>\n<p>For in a synthetic winter, silence is not natural\u2014it is calculated, measured, almost theatrical. There is no wind to carry leaves, no crunch of snow beneath our feet.<\/p>\n<p>It is a silence that imposes itself\u2014forcing us to listen to the inner voice as never before.<\/p>\n<figure id=\"attachment_31018\" aria-describedby=\"caption-attachment-31018\" style=\"width: 374px\" class=\"wp-caption alignright\"><img loading=\"lazy\" decoding=\"async\" class=\"size-solkes_horizontal wp-image-31018\" src=\"https:\/\/solkes.com\/wp-content\/uploads\/2025\/12\/invierno-sintetico-2505_11-374x601.jpg\" alt=\"\" width=\"374\" height=\"601\" srcset=\"https:\/\/solkes.com\/wp-content\/uploads\/2025\/12\/invierno-sintetico-2505_11-374x601.jpg 374w, https:\/\/solkes.com\/wp-content\/uploads\/2025\/12\/invierno-sintetico-2505_11-187x300.jpg 187w, https:\/\/solkes.com\/wp-content\/uploads\/2025\/12\/invierno-sintetico-2505_11-299x480.jpg 299w, https:\/\/solkes.com\/wp-content\/uploads\/2025\/12\/invierno-sintetico-2505_11.jpg 620w\" sizes=\"(max-width: 374px) 100vw, 374px\" \/><figcaption id=\"caption-attachment-31018\" class=\"wp-caption-text\">Rahell Arlitt for Unsplash \u00a9 Solkes<\/figcaption><\/figure>\n<p>Thus, synthetic winters teach us to look carefully, to listen attentively, to perceive more intensely.<\/p>\n<p>The cold reminds us of who we were; the light, who we can be; and the algorithms, how we are changing.<\/p>\n<p>Our inner voice becomes an echo traveling through corridors of memory and desire\u2014revealing who we were, who we are, and who we might yet become.<\/p>\n<p>Each breath carries fragments of memory, as if the ice preserved moments\u2014freezing laughter, embraces, and tears into crystals that glimmer under artificial light.<\/p>\n<p>Every step taken on perfect snow is a poetic act.<\/p>\n<p>Each glance at the coded sky is a question: What does it mean to be human when the artificial touches our most intimate emotions?<\/p>\n<p><span style=\"color: #138a8d;\">F<\/span>inally, we understand\u2014the cold is also memory. The Northern Lights, even when replicated, remain a miracle. And synthetic winters teach us that to feel\u2014even among lights and codes\u2014remains our most authentic act.<\/p>\n","protected":false},"excerpt":{"rendered":"<p>The Cold Arrives First It arrives in the middle of the night, it arrives as we open our eyes, in the first light of day; it arrives as gazes, tears, and smiles begin to freeze. The cold arrives first. It doesn\u2019t wound the skin, but it settles into memory. It seeps into our minds, uninvited, [&hellip;]<\/p>\n","protected":false},"author":76,"featured_media":31026,"comment_status":"open","ping_status":"open","sticky":false,"template":"","format":"standard","meta":{"_acf_changed":false,"_exactmetrics_skip_tracking":false,"_exactmetrics_sitenote_active":false,"_exactmetrics_sitenote_note":"","_exactmetrics_sitenote_category":0,"site-sidebar-layout":"default","site-content-layout":"default","ast-site-content-layout":"default","site-content-style":"default","site-sidebar-style":"default","ast-global-header-display":"","ast-banner-title-visibility":"","ast-main-header-display":"","ast-hfb-above-header-display":"","ast-hfb-below-header-display":"","ast-hfb-mobile-header-display":"","site-post-title":"","ast-breadcrumbs-content":"","ast-featured-img":"","footer-sml-layout":"","theme-transparent-header-meta":"default","adv-header-id-meta":"","stick-header-meta":"","header-above-stick-meta":"","header-main-stick-meta":"","header-below-stick-meta":"","astra-migrate-meta-layouts":"default","ast-page-background-enabled":"default","ast-page-background-meta":{"desktop":{"background-color":"","background-image":"","background-repeat":"repeat","background-position":"center center","background-size":"auto","background-attachment":"scroll","background-type":"","background-media":"","overlay-type":"","overlay-color":"","overlay-opacity":"","overlay-gradient":""},"tablet":{"background-color":"","background-image":"","background-repeat":"repeat","background-position":"center center","background-size":"auto","background-attachment":"scroll","background-type":"","background-media":"","overlay-type":"","overlay-color":"","overlay-opacity":"","overlay-gradient":""},"mobile":{"background-color":"","background-image":"","background-repeat":"repeat","background-position":"center center","background-size":"auto","background-attachment":"scroll","background-type":"","background-media":"","overlay-type":"","overlay-color":"","overlay-opacity":"","overlay-gradient":""}},"ast-content-background-meta":{"desktop":{"background-color":"var(--ast-global-color-5)","background-image":"","background-repeat":"repeat","background-position":"center center","background-size":"auto","background-attachment":"scroll","background-type":"","background-media":"","overlay-type":"","overlay-color":"","overlay-opacity":"","overlay-gradient":""},"tablet":{"background-color":"var(--ast-global-color-5)","background-image":"","background-repeat":"repeat","background-position":"center center","background-size":"auto","background-attachment":"scroll","background-type":"","background-media":"","overlay-type":"","overlay-color":"","overlay-opacity":"","overlay-gradient":""},"mobile":{"background-color":"var(--ast-global-color-5)","background-image":"","background-repeat":"repeat","background-position":"center center","background-size":"auto","background-attachment":"scroll","background-type":"","background-media":"","overlay-type":"","overlay-color":"","overlay-opacity":"","overlay-gradient":""}},"footnotes":""},"categories":[6],"tags":[],"class_list":["post-30848","post","type-post","status-publish","format-standard","has-post-thumbnail","hentry","category-anonym"],"acf":[],"yoast_head":"<!-- This site is optimized with the Yoast SEO plugin v27.4 - https:\/\/yoast.com\/product\/yoast-seo-wordpress\/ -->\n<title>Synthetic winters - Solkes Magazine<\/title>\n<meta name=\"description\" content=\"Discover how synthetic winters blend human emotions and technology, questioning the boundary between human and machine.\" \/>\n<meta name=\"robots\" content=\"index, follow, max-snippet:-1, max-image-preview:large, max-video-preview:-1\" \/>\n<link rel=\"canonical\" href=\"https:\/\/solkes.com\/anonimo\/2025\/12\/inviernos-sinteticos\/\" \/>\n<meta property=\"og:locale\" content=\"en_US\" \/>\n<meta property=\"og:type\" content=\"article\" \/>\n<meta property=\"og:title\" content=\"Synthetic winters - Solkes Magazine\" \/>\n<meta property=\"og:description\" content=\"Discover how synthetic winters blend human emotions and technology, questioning the boundary between human and machine.\" \/>\n<meta property=\"og:url\" content=\"https:\/\/solkes.com\/anonimo\/2025\/12\/inviernos-sinteticos\/\" \/>\n<meta property=\"og:site_name\" content=\"Solkes Magazine\" \/>\n<meta property=\"article:publisher\" content=\"https:\/\/www.facebook.com\/solkesmagazinee\/\" \/>\n<meta property=\"article:published_time\" content=\"2025-12-13T08:00:48+00:00\" \/>\n<meta property=\"og:image\" content=\"https:\/\/solkes.com\/wp-content\/uploads\/2025\/12\/invierno-sintetico-2505_12.jpg\" \/>\n\t<meta property=\"og:image:width\" content=\"996\" \/>\n\t<meta property=\"og:image:height\" content=\"620\" \/>\n\t<meta property=\"og:image:type\" content=\"image\/jpeg\" \/>\n<meta name=\"author\" content=\"Laura Viera A.\" \/>\n<meta name=\"twitter:card\" content=\"summary_large_image\" \/>\n<meta name=\"twitter:label1\" content=\"Written by\" \/>\n\t<meta name=\"twitter:data1\" content=\"Laura Viera A.\" \/>\n\t<meta name=\"twitter:label2\" content=\"Est. reading time\" \/>\n\t<meta name=\"twitter:data2\" content=\"8 minutes\" \/>\n<script type=\"application\/ld+json\" class=\"yoast-schema-graph\">{\"@context\":\"https:\\\/\\\/schema.org\",\"@graph\":[{\"@type\":\"Article\",\"@id\":\"https:\\\/\\\/solkes.com\\\/anonimo\\\/2025\\\/12\\\/inviernos-sinteticos\\\/#article\",\"isPartOf\":{\"@id\":\"https:\\\/\\\/solkes.com\\\/anonimo\\\/2025\\\/12\\\/inviernos-sinteticos\\\/\"},\"author\":{\"name\":\"Laura Viera A.\",\"@id\":\"https:\\\/\\\/solkes.com\\\/#\\\/schema\\\/person\\\/54684f1c0bebcaff4d6b3f1ec2e71e91\"},\"headline\":\"Synthetic winters\",\"datePublished\":\"2025-12-13T08:00:48+00:00\",\"mainEntityOfPage\":{\"@id\":\"https:\\\/\\\/solkes.com\\\/anonimo\\\/2025\\\/12\\\/inviernos-sinteticos\\\/\"},\"wordCount\":1281,\"commentCount\":0,\"publisher\":{\"@id\":\"https:\\\/\\\/solkes.com\\\/#organization\"},\"image\":{\"@id\":\"https:\\\/\\\/solkes.com\\\/anonimo\\\/2025\\\/12\\\/inviernos-sinteticos\\\/#primaryimage\"},\"thumbnailUrl\":\"https:\\\/\\\/solkes.com\\\/wp-content\\\/uploads\\\/2025\\\/12\\\/invierno-sintetico-2505_12.jpg\",\"articleSection\":[\"Anonym\"],\"inLanguage\":\"en-US\",\"potentialAction\":[{\"@type\":\"CommentAction\",\"name\":\"Comment\",\"target\":[\"https:\\\/\\\/solkes.com\\\/anonimo\\\/2025\\\/12\\\/inviernos-sinteticos\\\/#respond\"]}]},{\"@type\":\"WebPage\",\"@id\":\"https:\\\/\\\/solkes.com\\\/anonimo\\\/2025\\\/12\\\/inviernos-sinteticos\\\/\",\"url\":\"https:\\\/\\\/solkes.com\\\/anonimo\\\/2025\\\/12\\\/inviernos-sinteticos\\\/\",\"name\":\"Synthetic winters - Solkes Magazine\",\"isPartOf\":{\"@id\":\"https:\\\/\\\/solkes.com\\\/#website\"},\"primaryImageOfPage\":{\"@id\":\"https:\\\/\\\/solkes.com\\\/anonimo\\\/2025\\\/12\\\/inviernos-sinteticos\\\/#primaryimage\"},\"image\":{\"@id\":\"https:\\\/\\\/solkes.com\\\/anonimo\\\/2025\\\/12\\\/inviernos-sinteticos\\\/#primaryimage\"},\"thumbnailUrl\":\"https:\\\/\\\/solkes.com\\\/wp-content\\\/uploads\\\/2025\\\/12\\\/invierno-sintetico-2505_12.jpg\",\"datePublished\":\"2025-12-13T08:00:48+00:00\",\"description\":\"Discover how synthetic winters blend human emotions and technology, questioning the boundary between human and machine.\",\"breadcrumb\":{\"@id\":\"https:\\\/\\\/solkes.com\\\/anonimo\\\/2025\\\/12\\\/inviernos-sinteticos\\\/#breadcrumb\"},\"inLanguage\":\"en-US\",\"potentialAction\":[{\"@type\":\"ReadAction\",\"target\":[\"https:\\\/\\\/solkes.com\\\/anonimo\\\/2025\\\/12\\\/inviernos-sinteticos\\\/\"]}]},{\"@type\":\"ImageObject\",\"inLanguage\":\"en-US\",\"@id\":\"https:\\\/\\\/solkes.com\\\/anonimo\\\/2025\\\/12\\\/inviernos-sinteticos\\\/#primaryimage\",\"url\":\"https:\\\/\\\/solkes.com\\\/wp-content\\\/uploads\\\/2025\\\/12\\\/invierno-sintetico-2505_12.jpg\",\"contentUrl\":\"https:\\\/\\\/solkes.com\\\/wp-content\\\/uploads\\\/2025\\\/12\\\/invierno-sintetico-2505_12.jpg\",\"width\":996,\"height\":620,\"caption\":\"Jonathan Pie\"},{\"@type\":\"BreadcrumbList\",\"@id\":\"https:\\\/\\\/solkes.com\\\/anonimo\\\/2025\\\/12\\\/inviernos-sinteticos\\\/#breadcrumb\",\"itemListElement\":[{\"@type\":\"ListItem\",\"position\":1,\"name\":\"Portada\",\"item\":\"https:\\\/\\\/solkes.com\\\/\"},{\"@type\":\"ListItem\",\"position\":2,\"name\":\"Synthetic winters\"}]},{\"@type\":\"WebSite\",\"@id\":\"https:\\\/\\\/solkes.com\\\/#website\",\"url\":\"https:\\\/\\\/solkes.com\\\/\",\"name\":\"Solkes Magazine\",\"description\":\"solkes.com\",\"publisher\":{\"@id\":\"https:\\\/\\\/solkes.com\\\/#organization\"},\"potentialAction\":[{\"@type\":\"SearchAction\",\"target\":{\"@type\":\"EntryPoint\",\"urlTemplate\":\"https:\\\/\\\/solkes.com\\\/?s={search_term_string}\"},\"query-input\":{\"@type\":\"PropertyValueSpecification\",\"valueRequired\":true,\"valueName\":\"search_term_string\"}}],\"inLanguage\":\"en-US\"},{\"@type\":\"Organization\",\"@id\":\"https:\\\/\\\/solkes.com\\\/#organization\",\"name\":\"Solkes Magazine\",\"url\":\"https:\\\/\\\/solkes.com\\\/\",\"logo\":{\"@type\":\"ImageObject\",\"inLanguage\":\"en-US\",\"@id\":\"https:\\\/\\\/solkes.com\\\/#\\\/schema\\\/logo\\\/image\\\/\",\"url\":\"https:\\\/\\\/solkes.com\\\/wp-content\\\/uploads\\\/2024\\\/09\\\/logo-SOLKES-820px-x-312px.png\",\"contentUrl\":\"https:\\\/\\\/solkes.com\\\/wp-content\\\/uploads\\\/2024\\\/09\\\/logo-SOLKES-820px-x-312px.png\",\"width\":411,\"height\":303,\"caption\":\"Solkes Magazine\"},\"image\":{\"@id\":\"https:\\\/\\\/solkes.com\\\/#\\\/schema\\\/logo\\\/image\\\/\"},\"sameAs\":[\"https:\\\/\\\/www.facebook.com\\\/solkesmagazinee\\\/\",\"https:\\\/\\\/instagram.com\\\/solkesmagazine\\\/\"]},{\"@type\":\"Person\",\"@id\":\"https:\\\/\\\/solkes.com\\\/#\\\/schema\\\/person\\\/54684f1c0bebcaff4d6b3f1ec2e71e91\",\"name\":\"Laura Viera A.\",\"image\":{\"@type\":\"ImageObject\",\"inLanguage\":\"en-US\",\"@id\":\"https:\\\/\\\/secure.gravatar.com\\\/avatar\\\/d7b6a8bb956f5279e99babca11ed31351716b19f59e9e3e989847c0ca9e0c5d9?s=96&d=identicon&r=g\",\"url\":\"https:\\\/\\\/secure.gravatar.com\\\/avatar\\\/d7b6a8bb956f5279e99babca11ed31351716b19f59e9e3e989847c0ca9e0c5d9?s=96&d=identicon&r=g\",\"contentUrl\":\"https:\\\/\\\/secure.gravatar.com\\\/avatar\\\/d7b6a8bb956f5279e99babca11ed31351716b19f59e9e3e989847c0ca9e0c5d9?s=96&d=identicon&r=g\",\"caption\":\"Laura Viera A.\"},\"description\":\"Fundadora y Directora Editorial de Solkes Magazine Es periodista de vocaci\u00f3n y formaci\u00f3n. Estudi\u00f3 Comunicaci\u00f3n Social con \u00e9nfasis en Periodismo en la Pontificia Universidad Javeriana de Bogot\u00e1, Colombia. Desde muy joven sinti\u00f3 una profunda pasi\u00f3n por contar historias, explorar el mundo y dar voz a quienes no la tienen. Su compromiso con los Derechos Humanos ha sido una constante en su trayectoria, participando activamente en proyectos sociales desde temprana edad. Este inter\u00e9s se refleja en el enfoque editorial de Solkes, una revista que prioriza el periodismo independiente, la diversidad cultural y la profundidad narrativa. Laura naci\u00f3 en Bogot\u00e1, vivi\u00f3 tres a\u00f1os en Madrid, Espa\u00f1a, y desde el verano de 2010 reside en Alemania. Esta experiencia multicultural ha enriquecido su perspectiva y ha sido clave para la creaci\u00f3n de una revista triling\u00fce que trasciende fronteras y conecta a lectores de distintas partes del mundo. ******************************************************************************************* Founder and Editorial Director of Solkes Magazine She is a passionate journalist by vocation and training. She studied Mass Communication with an emphasis on Journalism at the Pontificia Universidad Javeriana in Bogot\u00e1, Colombia. From a young age, she was deeply motivated to tell stories, explore the world, and give a voice to those who often go unheard. Her commitment to Human Rights has been a constant throughout her career, actively participating in social projects since early on. This dedication is reflected in Solkes Magazine\u2019s editorial focus on independent journalism, cultural diversity, and in-depth storytelling. Born in Bogot\u00e1, Laura lived in Madrid, Spain for three years, and has been residing in Germany since the summer of 2010. This multicultural experience has enriched her perspective and played a key role in creating a trilingual magazine that transcends borders and connects readers from around the world. ******************************************************************************************* Gr\u00fcnderin und Chefredakteurin von Solkes Magazine Laura Viera ist eine leidenschaftliche Journalistin aus Berufung und Ausbildung. Sie hat Soziale Kommunikation mit Schwerpunkt Journalismus an der Pontificia Universidad Javeriana in Bogot\u00e1, Kolumbien, studiert. Schon in jungen Jahren war sie stark motiviert, Geschichten zu erz\u00e4hlen, die Welt zu erkunden und denen eine Stimme zu geben, die oft ungeh\u00f6rt bleiben. Ihr Engagement f\u00fcr Menschenrechte begleitet sie seit Beginn ihrer Laufbahn. Sie war von Anfang an aktiv an sozialen Projekten beteiligt. Dieses Engagement spiegelt sich auch im redaktionellen Fokus von Solkes Magazine wider, das unabh\u00e4ngigen Journalismus, kulturelle Vielfalt und tiefgr\u00fcndiges Erz\u00e4hlen in den Vordergrund stellt. Geboren in Bogot\u00e1, lebte Laura drei Jahre in Madrid, Spanien, und lebt seit Sommer 2010 in Deutschland. Diese multikulturelle Erfahrung hat ihre Perspektive bereichert und war entscheidend bei der Gr\u00fcndung eines dreisprachigen Magazins, das Grenzen \u00fcberschreitet und Leser weltweit verbindet.\",\"sameAs\":[\"http:\\\/\\\/www.solkes.com\"],\"url\":\"https:\\\/\\\/solkes.com\\\/en\\\/author\\\/lauraviera2019\\\/\"}]}<\/script>\n<!-- \/ Yoast SEO plugin. -->","yoast_head_json":{"title":"Synthetic winters - Solkes Magazine","description":"Discover how synthetic winters blend human emotions and technology, questioning the boundary between human and machine.","robots":{"index":"index","follow":"follow","max-snippet":"max-snippet:-1","max-image-preview":"max-image-preview:large","max-video-preview":"max-video-preview:-1"},"canonical":"https:\/\/solkes.com\/anonimo\/2025\/12\/inviernos-sinteticos\/","og_locale":"en_US","og_type":"article","og_title":"Synthetic winters - Solkes Magazine","og_description":"Discover how synthetic winters blend human emotions and technology, questioning the boundary between human and machine.","og_url":"https:\/\/solkes.com\/anonimo\/2025\/12\/inviernos-sinteticos\/","og_site_name":"Solkes Magazine","article_publisher":"https:\/\/www.facebook.com\/solkesmagazinee\/","article_published_time":"2025-12-13T08:00:48+00:00","og_image":[{"width":996,"height":620,"url":"https:\/\/solkes.com\/wp-content\/uploads\/2025\/12\/invierno-sintetico-2505_12.jpg","type":"image\/jpeg"}],"author":"Laura Viera A.","twitter_card":"summary_large_image","twitter_misc":{"Written by":"Laura Viera A.","Est. reading time":"8 minutes"},"schema":{"@context":"https:\/\/schema.org","@graph":[{"@type":"Article","@id":"https:\/\/solkes.com\/anonimo\/2025\/12\/inviernos-sinteticos\/#article","isPartOf":{"@id":"https:\/\/solkes.com\/anonimo\/2025\/12\/inviernos-sinteticos\/"},"author":{"name":"Laura Viera A.","@id":"https:\/\/solkes.com\/#\/schema\/person\/54684f1c0bebcaff4d6b3f1ec2e71e91"},"headline":"Synthetic winters","datePublished":"2025-12-13T08:00:48+00:00","mainEntityOfPage":{"@id":"https:\/\/solkes.com\/anonimo\/2025\/12\/inviernos-sinteticos\/"},"wordCount":1281,"commentCount":0,"publisher":{"@id":"https:\/\/solkes.com\/#organization"},"image":{"@id":"https:\/\/solkes.com\/anonimo\/2025\/12\/inviernos-sinteticos\/#primaryimage"},"thumbnailUrl":"https:\/\/solkes.com\/wp-content\/uploads\/2025\/12\/invierno-sintetico-2505_12.jpg","articleSection":["Anonym"],"inLanguage":"en-US","potentialAction":[{"@type":"CommentAction","name":"Comment","target":["https:\/\/solkes.com\/anonimo\/2025\/12\/inviernos-sinteticos\/#respond"]}]},{"@type":"WebPage","@id":"https:\/\/solkes.com\/anonimo\/2025\/12\/inviernos-sinteticos\/","url":"https:\/\/solkes.com\/anonimo\/2025\/12\/inviernos-sinteticos\/","name":"Synthetic winters - Solkes Magazine","isPartOf":{"@id":"https:\/\/solkes.com\/#website"},"primaryImageOfPage":{"@id":"https:\/\/solkes.com\/anonimo\/2025\/12\/inviernos-sinteticos\/#primaryimage"},"image":{"@id":"https:\/\/solkes.com\/anonimo\/2025\/12\/inviernos-sinteticos\/#primaryimage"},"thumbnailUrl":"https:\/\/solkes.com\/wp-content\/uploads\/2025\/12\/invierno-sintetico-2505_12.jpg","datePublished":"2025-12-13T08:00:48+00:00","description":"Discover how synthetic winters blend human emotions and technology, questioning the boundary between human and machine.","breadcrumb":{"@id":"https:\/\/solkes.com\/anonimo\/2025\/12\/inviernos-sinteticos\/#breadcrumb"},"inLanguage":"en-US","potentialAction":[{"@type":"ReadAction","target":["https:\/\/solkes.com\/anonimo\/2025\/12\/inviernos-sinteticos\/"]}]},{"@type":"ImageObject","inLanguage":"en-US","@id":"https:\/\/solkes.com\/anonimo\/2025\/12\/inviernos-sinteticos\/#primaryimage","url":"https:\/\/solkes.com\/wp-content\/uploads\/2025\/12\/invierno-sintetico-2505_12.jpg","contentUrl":"https:\/\/solkes.com\/wp-content\/uploads\/2025\/12\/invierno-sintetico-2505_12.jpg","width":996,"height":620,"caption":"Jonathan Pie"},{"@type":"BreadcrumbList","@id":"https:\/\/solkes.com\/anonimo\/2025\/12\/inviernos-sinteticos\/#breadcrumb","itemListElement":[{"@type":"ListItem","position":1,"name":"Portada","item":"https:\/\/solkes.com\/"},{"@type":"ListItem","position":2,"name":"Synthetic winters"}]},{"@type":"WebSite","@id":"https:\/\/solkes.com\/#website","url":"https:\/\/solkes.com\/","name":"Solkes Magazine","description":"solkes.com","publisher":{"@id":"https:\/\/solkes.com\/#organization"},"potentialAction":[{"@type":"SearchAction","target":{"@type":"EntryPoint","urlTemplate":"https:\/\/solkes.com\/?s={search_term_string}"},"query-input":{"@type":"PropertyValueSpecification","valueRequired":true,"valueName":"search_term_string"}}],"inLanguage":"en-US"},{"@type":"Organization","@id":"https:\/\/solkes.com\/#organization","name":"Solkes Magazine","url":"https:\/\/solkes.com\/","logo":{"@type":"ImageObject","inLanguage":"en-US","@id":"https:\/\/solkes.com\/#\/schema\/logo\/image\/","url":"https:\/\/solkes.com\/wp-content\/uploads\/2024\/09\/logo-SOLKES-820px-x-312px.png","contentUrl":"https:\/\/solkes.com\/wp-content\/uploads\/2024\/09\/logo-SOLKES-820px-x-312px.png","width":411,"height":303,"caption":"Solkes Magazine"},"image":{"@id":"https:\/\/solkes.com\/#\/schema\/logo\/image\/"},"sameAs":["https:\/\/www.facebook.com\/solkesmagazinee\/","https:\/\/instagram.com\/solkesmagazine\/"]},{"@type":"Person","@id":"https:\/\/solkes.com\/#\/schema\/person\/54684f1c0bebcaff4d6b3f1ec2e71e91","name":"Laura Viera A.","image":{"@type":"ImageObject","inLanguage":"en-US","@id":"https:\/\/secure.gravatar.com\/avatar\/d7b6a8bb956f5279e99babca11ed31351716b19f59e9e3e989847c0ca9e0c5d9?s=96&d=identicon&r=g","url":"https:\/\/secure.gravatar.com\/avatar\/d7b6a8bb956f5279e99babca11ed31351716b19f59e9e3e989847c0ca9e0c5d9?s=96&d=identicon&r=g","contentUrl":"https:\/\/secure.gravatar.com\/avatar\/d7b6a8bb956f5279e99babca11ed31351716b19f59e9e3e989847c0ca9e0c5d9?s=96&d=identicon&r=g","caption":"Laura Viera A."},"description":"Fundadora y Directora Editorial de Solkes Magazine Es periodista de vocaci\u00f3n y formaci\u00f3n. Estudi\u00f3 Comunicaci\u00f3n Social con \u00e9nfasis en Periodismo en la Pontificia Universidad Javeriana de Bogot\u00e1, Colombia. Desde muy joven sinti\u00f3 una profunda pasi\u00f3n por contar historias, explorar el mundo y dar voz a quienes no la tienen. Su compromiso con los Derechos Humanos ha sido una constante en su trayectoria, participando activamente en proyectos sociales desde temprana edad. Este inter\u00e9s se refleja en el enfoque editorial de Solkes, una revista que prioriza el periodismo independiente, la diversidad cultural y la profundidad narrativa. Laura naci\u00f3 en Bogot\u00e1, vivi\u00f3 tres a\u00f1os en Madrid, Espa\u00f1a, y desde el verano de 2010 reside en Alemania. Esta experiencia multicultural ha enriquecido su perspectiva y ha sido clave para la creaci\u00f3n de una revista triling\u00fce que trasciende fronteras y conecta a lectores de distintas partes del mundo. ******************************************************************************************* Founder and Editorial Director of Solkes Magazine She is a passionate journalist by vocation and training. She studied Mass Communication with an emphasis on Journalism at the Pontificia Universidad Javeriana in Bogot\u00e1, Colombia. From a young age, she was deeply motivated to tell stories, explore the world, and give a voice to those who often go unheard. Her commitment to Human Rights has been a constant throughout her career, actively participating in social projects since early on. This dedication is reflected in Solkes Magazine\u2019s editorial focus on independent journalism, cultural diversity, and in-depth storytelling. Born in Bogot\u00e1, Laura lived in Madrid, Spain for three years, and has been residing in Germany since the summer of 2010. This multicultural experience has enriched her perspective and played a key role in creating a trilingual magazine that transcends borders and connects readers from around the world. ******************************************************************************************* Gr\u00fcnderin und Chefredakteurin von Solkes Magazine Laura Viera ist eine leidenschaftliche Journalistin aus Berufung und Ausbildung. Sie hat Soziale Kommunikation mit Schwerpunkt Journalismus an der Pontificia Universidad Javeriana in Bogot\u00e1, Kolumbien, studiert. Schon in jungen Jahren war sie stark motiviert, Geschichten zu erz\u00e4hlen, die Welt zu erkunden und denen eine Stimme zu geben, die oft ungeh\u00f6rt bleiben. Ihr Engagement f\u00fcr Menschenrechte begleitet sie seit Beginn ihrer Laufbahn. Sie war von Anfang an aktiv an sozialen Projekten beteiligt. Dieses Engagement spiegelt sich auch im redaktionellen Fokus von Solkes Magazine wider, das unabh\u00e4ngigen Journalismus, kulturelle Vielfalt und tiefgr\u00fcndiges Erz\u00e4hlen in den Vordergrund stellt. Geboren in Bogot\u00e1, lebte Laura drei Jahre in Madrid, Spanien, und lebt seit Sommer 2010 in Deutschland. Diese multikulturelle Erfahrung hat ihre Perspektive bereichert und war entscheidend bei der Gr\u00fcndung eines dreisprachigen Magazins, das Grenzen \u00fcberschreitet und Leser weltweit verbindet.","sameAs":["http:\/\/www.solkes.com"],"url":"https:\/\/solkes.com\/en\/author\/lauraviera2019\/"}]}},"_links":{"self":[{"href":"https:\/\/solkes.com\/en\/wp-json\/wp\/v2\/posts\/30848","targetHints":{"allow":["GET"]}}],"collection":[{"href":"https:\/\/solkes.com\/en\/wp-json\/wp\/v2\/posts"}],"about":[{"href":"https:\/\/solkes.com\/en\/wp-json\/wp\/v2\/types\/post"}],"author":[{"embeddable":true,"href":"https:\/\/solkes.com\/en\/wp-json\/wp\/v2\/users\/76"}],"replies":[{"embeddable":true,"href":"https:\/\/solkes.com\/en\/wp-json\/wp\/v2\/comments?post=30848"}],"version-history":[{"count":8,"href":"https:\/\/solkes.com\/en\/wp-json\/wp\/v2\/posts\/30848\/revisions"}],"predecessor-version":[{"id":30850,"href":"https:\/\/solkes.com\/en\/wp-json\/wp\/v2\/posts\/30848\/revisions\/30850"}],"wp:featuredmedia":[{"embeddable":true,"href":"https:\/\/solkes.com\/en\/wp-json\/wp\/v2\/media\/31026"}],"wp:attachment":[{"href":"https:\/\/solkes.com\/en\/wp-json\/wp\/v2\/media?parent=30848"}],"wp:term":[{"taxonomy":"category","embeddable":true,"href":"https:\/\/solkes.com\/en\/wp-json\/wp\/v2\/categories?post=30848"},{"taxonomy":"post_tag","embeddable":true,"href":"https:\/\/solkes.com\/en\/wp-json\/wp\/v2\/tags?post=30848"}],"curies":[{"name":"wp","href":"https:\/\/api.w.org\/{rel}","templated":true}]}}