{"id":308,"date":"2020-01-03T10:00:22","date_gmt":"2020-01-03T10:00:22","guid":{"rendered":"http:\/\/solkes.com\/?p=308"},"modified":"2020-11-21T23:41:45","modified_gmt":"2020-11-21T21:41:45","slug":"una-luz-en-tu-camino","status":"publish","type":"post","link":"https:\/\/solkes.com\/en\/dejando-huella\/2020\/01\/una-luz-en-tu-camino\/","title":{"rendered":"Una Luz en tu camino"},"content":{"rendered":"<p><span class=\"dropcap dropcap2\" style=\"color: #138a8d;\">L<\/span>astimosamente, cada d\u00eda se incrementan las brechas de injusticia, perversidad y desigualdad en nuestro Colombia.<\/p>\n<p><strong><span style=\"color: #138a8d;\">Seg\u00fan personas que trabajan diariamente con personas privadas de la libertad, la situaci\u00f3n carcelaria es repugnante.<\/span><\/strong> Adem\u00e1s de ello nos han hecho saber que las personas que est\u00e1n privadas de la libertad tienen muchas carencias. Y, entonces nos topamos con todas las mujeres reclusas y a sus hijos. <strong><span style=\"color: #138a8d;\">Este grupo se enfrenta a un concepto de vida gris, sin luz, sin esperanza.<\/span><\/strong><\/p>\n<p>&nbsp;<\/p>\n<h3><strong><span style=\"color: #138a8d;\">Fundaci\u00f3n Luna<\/span><\/strong><\/h3>\n<figure id=\"attachment_4902\" aria-describedby=\"caption-attachment-4902\" style=\"width: 300px\" class=\"wp-caption alignright\"><a href=\"http:\/\/solkes.com\/wp-content\/uploads\/2020\/02\/2020_06.jpg\"><img fetchpriority=\"high\" decoding=\"async\" class=\"size-medium wp-image-4902\" src=\"http:\/\/solkes.com\/wp-content\/uploads\/2020\/02\/2020_06-300x482.jpg\" alt=\"\" width=\"300\" height=\"482\" \/><\/a><figcaption id=\"caption-attachment-4902\" class=\"wp-caption-text\">Fundaci\u00f3n Luna \u00a9 Solkes<\/figcaption><\/figure>\n<p>Es as\u00ed como llegamos a las manos de la <strong><span style=\"color: #138a8d;\">Fundaci\u00f3n Luna, creada en el 2014.<\/span><\/strong> Esta iniciativa representa el compromiso social y \u00e9tico de una pareja que se sinti\u00f3 inspirada y movida durante una visita de apoyo a otra fundaci\u00f3n a las internas de<a href=\"http:\/\/www.inpec.gov.co\/\"><strong><span style=\"color: #138a8d;\"> la c\u00e1rcel del Buen Pastor en Bogot\u00e1, Colombia.<\/span><\/strong><\/a> Durante esa visita ellos tuvieron la oportunidad de conocer a los ni\u00f1os que se encuentran all\u00ed. Son menores que viven en las c\u00e1rceles recluidos con sus madres.<\/p>\n<p>De acuerdo con <strong><span style=\"color: #138a8d;\">Adriana Rojas, cofundadora de la fundaci\u00f3n<\/span><\/strong>, el nombre del proyecto LUNA es inspirado en su hija menor qui\u00e9n ha sido el motor. La realidad es que mientras Luna tiene las mejores condiciones en un hogar rodeado del amor de su familia, los ni\u00f1os que se encuentran en los centros de reclusi\u00f3n carecen de ese b\u00e1sico sentimiento de afecto as\u00ed como de condiciones f\u00edsicas, sanitarias, emocionales y sociales b\u00e1sicas.<\/p>\n<p>El prop\u00f3sito central de la fundaci\u00f3n es<strong><span style=\"color: #138a8d;\"> brindar protecci\u00f3n, apoyo y acompa\u00f1amiento a los ni\u00f1os y adolescentes<\/span><\/strong> que se encuentran en condiciones de desatenci\u00f3n, vulnerabilidad, descuido y abandono de parte de sus familias, del Estado y de la sociedad en general.<\/p>\n<blockquote class=\"td_quote_box td_box_left\">\n<h4>Lo que se quiere es aplacar el impacto negativo que a nivel emocional reciben los ni\u00f1os durante sus primeros a\u00f1os de vida.<\/h4>\n<\/blockquote>\n<p>La idea de brindar <strong><span style=\"color: #138a8d;\">apoyo a la poblaci\u00f3n infantil que se encuentra en los centros de reclusi\u00f3n y c\u00e1rceles del pa\u00eds, a las internas embarazadas es primoridial.<\/span><\/strong><\/p>\n<p>As\u00ed mismo, se da apoyo a los ni\u00f1os de las veredas del municipio de La Calera (Cundinamarca).<\/p>\n<p>Solkes tuvo la oportunidad de estar en contacto con esta fundaci\u00f3n e indagar un poco m\u00e1s a fondo. Adriana Rojas nos abri\u00f3 las puertas.<\/p>\n<p>&nbsp;<\/p>\n<h3><strong><span style=\"color: #138a8d;\">El gran problema<\/span><\/strong><\/h3>\n<p>Tal como me explic\u00f3 Rojas apoyar a las reclusas es importante dado que han encontrado que <strong><span style=\"color: #138a8d;\">la poblaci\u00f3n infantil y los adultos mayores son abandonados por sus propias familias y por el Estado.<\/span><\/strong> Sin querer reemplazar las obligaciones del Estado (Programa Colombia Mayor, Primera Infancia, entre otros) creemos que moralmente debemos asumir un rol m\u00e1s activo en lo social y contribuir a subir el nivel de atenci\u00f3n medica b\u00e1sica y esencial.<\/p>\n<p>Los menores que por diferentes motivos nacen y crecen en los recintos carcelarios viven un mundo muy distinto al de cualquier persona. <strong><span style=\"color: #138a8d;\">La verdad es que ellos tienen una brecha que les impide su desarrollo<\/span><\/strong>. Ellos est\u00e1n excluidos de la sociedad y ellos nunca pidieron este castigo. Por esto mismo,<strong><span style=\"color: #138a8d;\"> esta grieta en sus vidas debe ser minimizada desde el afecto.<\/span> <\/strong>Se debe luchar por incluirlos y brindarles apoyo para que se fortalezcan desde su propio interior.<\/p>\n<figure id=\"attachment_4901\" aria-describedby=\"caption-attachment-4901\" style=\"width: 996px\" class=\"wp-caption aligncenter\"><a href=\"http:\/\/solkes.com\/wp-content\/uploads\/2020\/02\/2020_05.jpg\"><img decoding=\"async\" class=\"size-full wp-image-4901\" src=\"http:\/\/solkes.com\/wp-content\/uploads\/2020\/02\/2020_05.jpg\" alt=\"\" width=\"996\" height=\"601\" \/><\/a><figcaption id=\"caption-attachment-4901\" class=\"wp-caption-text\">Fundaci\u00f3n Luna \u00a9 Solkes<\/figcaption><\/figure>\n<p>Ideal ser\u00eda que ni\u00f1os y ni\u00f1as puedan vivir con sus madres y tengan un sitio digno donde permanecer durante sus tres primeros a\u00f1os de vida haciendo prevalecer sus derechos.<\/p>\n<p>La Fundaci\u00f3n Luna se centra en dos espacios fundamentales: en los centros de reclusi\u00f3n para mujeres y en las veredas del municipio de La Calera (Cundinamarca).<\/p>\n<p>Sin duda, la realidad que se vive en estos recintos es un mundo aparte. El equipo de la Fundaci\u00f3n se ve enfrentado a realidades que no solo son absurdas sino que adem\u00e1s son un recordatorio constante del problema social que tenemos. Por ejemplo: un hospital muy bien dotado sin m\u00e9dicos y m\u00e9dicos en una regi\u00f3n apartada sin lo b\u00e1sico para una consulta. De la misma manera, municipios en donde ni siquiera tienen programas de Primera Infancia o Adulto Mayor como lo exige la ley o un hospital cerrado por m\u00e1s de tres a\u00f1os por simple negligencia del Alcalde.<\/p>\n<figure id=\"attachment_4900\" aria-describedby=\"caption-attachment-4900\" style=\"width: 300px\" class=\"wp-caption alignright\"><a href=\"http:\/\/solkes.com\/wp-content\/uploads\/2020\/02\/2020_04.jpg\"><img decoding=\"async\" class=\"size-medium wp-image-4900\" src=\"http:\/\/solkes.com\/wp-content\/uploads\/2020\/02\/2020_04-300x482.jpg\" alt=\"\" width=\"300\" height=\"482\" \/><\/a><figcaption id=\"caption-attachment-4900\" class=\"wp-caption-text\">Fundaci\u00f3n Luna \u00a9 Solkes<\/figcaption><\/figure>\n<p>Debemos tener en cuenta que de acuerdo con el <strong><span style=\"color: #138a8d;\">Ministerio de Educaci\u00f3n<\/span><\/strong> \u201cla educaci\u00f3n inicial ocupa un lugar importante en las pol\u00edticas de gobierno, generando acciones pertinentes que brindan atenci\u00f3n, oferta de programas y proyectos que incidan en la generaci\u00f3n de mejores condiciones de vida para los ni\u00f1os y las ni\u00f1as en sus primeros a\u00f1os de vida\u201d.<\/p>\n<p>As\u00ed mismo, el gobierno deja en claro que <strong><span style=\"color: #138a8d;\">es un derecho de la primera infancia y <\/span><span style=\"color: #138a8d;\">hace parte de la atenci\u00f3n integral<\/span><\/strong> cuyo objetivo es potenciar de manera intencionada el desarrollo integral de las ni\u00f1as y los ni\u00f1os desde su nacimiento hasta cumplir los seis a\u00f1os.<\/p>\n<p>Por otro lado, los programas de adulto mayor hacen referencia a aumentar la protecci\u00f3n de los adultos mayores que se encuentran desamparados.<\/p>\n<p>Personas que no cuentan con una pensi\u00f3n o viven en la indigencia o en la extrema pobreza.<\/p>\n<p>&nbsp;<\/p>\n<h3><strong><span style=\"color: #138a8d;\">Como trabajan<\/span><\/strong><\/h3>\n<p><strong><span style=\"color: #138a8d;\">Laura Viera A:<\/span><\/strong> \u00bfPor qu\u00e9 trabajan con un grupo interdisciplinario de profesionales?<\/p>\n<p><strong><span style=\"color: #138a8d;\">Adriana Rojas:<\/span><\/strong> Esta interdisciplinariedad ha permitido que en un solo momento se aborden las problem\u00e1ticas sociales simult\u00e1neamente permitiendo integrar todos los esfuerzos.<\/p>\n<figure id=\"attachment_4897\" aria-describedby=\"caption-attachment-4897\" style=\"width: 996px\" class=\"wp-caption aligncenter\"><a href=\"http:\/\/solkes.com\/wp-content\/uploads\/2020\/02\/2020_01.jpg\"><img loading=\"lazy\" decoding=\"async\" class=\"size-full wp-image-4897\" src=\"http:\/\/solkes.com\/wp-content\/uploads\/2020\/02\/2020_01.jpg\" alt=\"\" width=\"996\" height=\"601\" \/><\/a><figcaption id=\"caption-attachment-4897\" class=\"wp-caption-text\">Fundaci\u00f3n Luna \u00a9 Solkes<\/figcaption><\/figure>\n<p><strong><span style=\"color: #138a8d;\">Laura Viera A:<\/span><\/strong> \u00bfQu\u00e9 necesitamos como sociedad para recuperarnos\/mejorar?<\/p>\n<p><strong><span style=\"color: #138a8d;\">Adriana Rojas:<\/span><\/strong> Educaci\u00f3n, iniciando desde los m\u00e1s peque\u00f1os y sensibilizaci\u00f3n del ser.<\/p>\n<p><strong><span style=\"color: #138a8d;\">Laura Viera A:<\/span><\/strong> \u00bfPor qu\u00e9 trabajan con centros de reclusi\u00f3n de mujeres? \u00bfPor qu\u00e9 en las veredas de La Calera?<\/p>\n<p><strong><span style=\"color: #138a8d;\">Adriana Rojas:<\/span><\/strong> En los centros de reclusi\u00f3n actualmente no estamos trabajando por que el programa \u201cNi\u00f1os y Ni\u00f1as en libertad\u201c est\u00e1 espec\u00edficamente dirigido a los hijos de las internas y no han permitido desarrollarlo. La voluntad es totalmente nuestra, pera las pol\u00edticas penitenciarias son cerradas para este tipo de programas.<\/p>\n<p>En las veredas de La Calera s\u00ed estamos trabajando porque es donde naci\u00f3 la Fundaci\u00f3n, es el municipio donde vivimos, donde est\u00e1 creciendo nuestra hija Luna y donde nos han abierto los corazones.<\/p>\n<p>&nbsp;<\/p>\n<h3><strong><span style=\"color: #138a8d;\">Los programas\u00a0<\/span><\/strong><\/h3>\n<p>Cada uno de los programas que ofrecen se desarrolla de acuerdo a las necesidades de los lugares a donde van. Teniendo esto en cuenta,<strong><span style=\"color: #138a8d;\"> se \u201cactivan\u201d los programas que se ajusten con las falencias del lugar.<\/span><\/strong> En el caso de que ninguno de los programas existente se ajuste, se desarrolla de acuerdo a carencias de la poblaci\u00f3n.<\/p>\n<figure id=\"attachment_4903\" aria-describedby=\"caption-attachment-4903\" style=\"width: 300px\" class=\"wp-caption alignleft\"><a href=\"http:\/\/solkes.com\/wp-content\/uploads\/2020\/02\/2020_07.jpg\"><img loading=\"lazy\" decoding=\"async\" class=\"size-medium wp-image-4903\" src=\"http:\/\/solkes.com\/wp-content\/uploads\/2020\/02\/2020_07-300x482.jpg\" alt=\"\" width=\"300\" height=\"482\" \/><\/a><figcaption id=\"caption-attachment-4903\" class=\"wp-caption-text\">Fundaci\u00f3n Luna \u00a9 Solkes<\/figcaption><\/figure>\n<p>La fundaci\u00f3n ofrece siete programas. Estos son:<\/p>\n<p><strong><span style=\"color: #138a8d;\">Ni\u00f1os y Ni\u00f1as en Libertad:<\/span><\/strong> adecuaci\u00f3n de un ambiente tranquilo y lleno de amor dentro de los centros de reclusi\u00f3n para mujeres (Bogot\u00e1, Armenia, Ibague y Medell\u00edn). Un lugar donde los ni\u00f1os y ni\u00f1as que viven con sus madres tienen un sitio digno donde vivir durante sus tres primeros a\u00f1os de vida, que es el tiempo que permanecen literalmente recluidos.<\/p>\n<p><strong><span style=\"color: #138a8d;\">Mi amigo es mi padrino:<\/span><\/strong> Es un programa mediante el cual se busca vincular a personas naturales o jur\u00eddicas que quieran apoyar integralmente a los ni\u00f1os y ni\u00f1as que se encuentran en condiciones no solo de extrema pobreza sino de absoluto abandono y desconocimiento de sus derechos. El apoyo integral abarca el cubrimiento de su plan educativo (desde jard\u00edn infantil, b\u00e1sica primaria, bachillerato hasta educaci\u00f3n t\u00e9cnica y superior), alimentaci\u00f3n, vestuario, salud, recreaci\u00f3n y vivienda.<\/p>\n<p><strong><span style=\"color: #138a8d;\">Empresa Madre Productiva:<\/span><\/strong> Potencializar la mano de obra, calificada o no, que se tiene en los centros de reclusi\u00f3n y veredas para ponerla a disposici\u00f3n de empresas manufactureras.<\/p>\n<p><strong><span style=\"color: #138a8d;\">Fomento Lectura:<\/span><\/strong> Se quiere plantear ejercicios de mediaci\u00f3n de lectura y escritura, que permitan generar di\u00e1logos y reflexiones frente a la condici\u00f3n femenina permitiendo a las participantes situarse en marcos de referencia distintos a los de su cotidianidad.<\/p>\n<p><strong><span style=\"color: #138a8d;\">Luna L\u00fadica:<\/span><\/strong> El teatro, la lectura, la recreaci\u00f3n, el deporte, la pintura y todas las actividades que contribuyan y ayuden a ocupar el tiempo de ocio.\u00a0 La idea es ofrecerles no solo espacios de distracci\u00f3n sino tambi\u00e9n para el desarrollo de aptitudes emocionales, sociales y laborales.<\/p>\n<blockquote class=\"td_quote_box td_box_right\">\n<h4>El desarrollo de sus habilidades sociales mediante la motivaci\u00f3n y la autoregulacion les permite descubrir nuevas aptitudes que las podr\u00eda preparar para su reinserci\u00f3n en la vida.<\/h4>\n<\/blockquote>\n<p><strong><span style=\"color: #138a8d;\">Casita de Mu\u00f1ecas:<\/span><\/strong> Ofrecer a la poblaci\u00f3n infantil la oportunidad de tener un lugar en donde pasar un rato de esparcimiento. Tambi\u00e9n se busca integrar a los miembros de la zona impactada con la realizaci\u00f3n de actividades comunitarias que les permitan socializar, estrechar v\u00ednculos y mejorar la calidad de vida.<\/p>\n<p><strong><span style=\"color: #138a8d;\">Alianza:<\/span><\/strong> Potencializar la posibilidad de llevar recursos y beneficios a los beneficiarios mediante convenios, ayudas y actividades conjuntas con Colegios, otras fundaciones, empresas, asociaciones, empresas del Estado, etc..<\/p>\n<p><strong><span style=\"color: #138a8d;\">Canasta:<\/span><\/strong> La idea es aumentar la consecuci\u00f3n de recursos v\u00eda donaci\u00f3n de juguetes, ropa (nuevos o usados) y todos aquellos elementos que a discrecionalidad y disposici\u00f3n tengan los donantes.<\/p>\n<figure id=\"attachment_4898\" aria-describedby=\"caption-attachment-4898\" style=\"width: 996px\" class=\"wp-caption aligncenter\"><a href=\"http:\/\/solkes.com\/wp-content\/uploads\/2020\/02\/2020_02.jpg\"><img loading=\"lazy\" decoding=\"async\" class=\"size-full wp-image-4898\" src=\"http:\/\/solkes.com\/wp-content\/uploads\/2020\/02\/2020_02.jpg\" alt=\"\" width=\"996\" height=\"601\" \/><\/a><figcaption id=\"caption-attachment-4898\" class=\"wp-caption-text\">Fundaci\u00f3n Luna \u00a9 Solkes<\/figcaption><\/figure>\n<p>Es natural que de todos los programas que ofrecen, algunos tengan m\u00e1s acogida que otros. Este es el caso del programa <strong><span style=\"color: #138a8d;\">Luna Salud Integral<\/span><\/strong>, es el m\u00e1s desarrollado porque tienen un equipo interdisciplinario muy fuerte y consolidan un excelente esquema de atenci\u00f3n m\u00e9dica. Por otro lado, el programa <strong><span style=\"color: #138a8d;\">Luna Recicla<\/span><\/strong> es el de menos fuerza en este momento por que no existen los recursos y los patrocinios para realizarlo.<\/p>\n<p>Mientras las pol\u00edticas estatales sean tan cambiantes y medi\u00e1ticas, programas para reconstruir nuestra sociedad ser\u00e1n vitales. La verdad es que faltan muchos programas sociales y la concientizaci\u00f3n de las personas.<\/p>\n<p><strong><span style=\"color: #138a8d;\">Laura Viera A:<\/span><\/strong> Me da la impresi\u00f3n de que los ni\u00f1os que son afectados por la reclusi\u00f3n de sus madres no tienen respaldo y apoyo por parte del gobierno&#8230; \u00bfcomo trabajan ustedes con este problema?<\/p>\n<figure id=\"attachment_4904\" aria-describedby=\"caption-attachment-4904\" style=\"width: 300px\" class=\"wp-caption alignleft\"><a href=\"http:\/\/solkes.com\/wp-content\/uploads\/2020\/02\/2002_09.jpg\"><img loading=\"lazy\" decoding=\"async\" class=\"size-medium wp-image-4904\" src=\"http:\/\/solkes.com\/wp-content\/uploads\/2020\/02\/2002_09-300x482.jpg\" alt=\"\" width=\"300\" height=\"482\" \/><\/a><figcaption id=\"caption-attachment-4904\" class=\"wp-caption-text\">Fundaci\u00f3n Luna \u00a9 Solkes<\/figcaption><\/figure>\n<p><strong><span style=\"color: #138a8d;\">Adriana Rojas:<\/span><\/strong> Durante el d\u00eda (7am a 5pm) los ni\u00f1os van al jard\u00edn que tiene el ICBF en el penal (al lado de la parte administrativa), pero cuando salen de este, en la noche o el fin de semana, no tienen las mismas condiciones. Esto quiere decir que no tienen las 5 comidas y entran a un ambiente muy duro (malas palabras, droga, etc). El ICBF no conoce las condiciones en que viven los ni\u00f1os dentro el penal. Por esto creamos el programa ni\u00f1os y ni\u00f1as en libertad para sacarlos de estas condiciones, pero como te dec\u00eda las pol\u00edticas penitenciarias no lo permiten y estan cerrados a este tipo de programas.<\/p>\n<p><strong><span style=\"color: #138a8d;\">Laura Viera A:<\/span> <\/strong>\u00bfQu\u00e9 cambios han visto con las personas con las que trabajan?<\/p>\n<p><strong><span style=\"color: #138a8d;\">Adriana Rojas:<\/span><\/strong> En la jornadas solo el hecho de darles un abrazo, atenderlos, hablar con ellos (dedicarles todo el tiempo que ellos necesitan en cada consulta), se van con otra perspectiva, se sienten acompa\u00f1ados y agradecidos que alguien los escucho; todo esto los hace sentirse importantes y valorados.<\/p>\n<p>Con los ni\u00f1os de los jard\u00ednes los hemos visto crecer, son m\u00e1s cari\u00f1osos y agradecidos con todo lo que les hemos aportado. Hemos puesto un granito de arena en sus corazones.<\/p>\n<p>&nbsp;<\/p>\n<h3><strong><span style=\"color: #138a8d;\">Con la mira hacia el futuro<\/span><\/strong><\/h3>\n<p>Para lograr la misi\u00f3n que se han trazado han establecido objetivos muy espeificos y claros.<\/p>\n<p><strong><span style=\"color: #138a8d;\">A corto plazo:<\/span><\/strong> Consolidar la atenci\u00f3n m\u00e9dica gratuita en poblaciones lejanas bien sea apoyando las Fuerzas Militares o con participaci\u00f3n de empresas privadas. Continuar con la ayuda y el apoyo a jard\u00ednes infantiles y veredas que actualmente se patrocinan. Conseguir fuentes de financiaci\u00f3n con empresas, personas y\/o ONGs internacionales, que est\u00e9n interesadas con hacer donaciones en dinero, especie o con voluntariado.<\/p>\n<p><strong><span style=\"color: #138a8d;\">A mediano plazo:<\/span><\/strong> Estructurar un programa de Telemedicina para atenci\u00f3n m\u00e9dica remota con especialistas v\u00eda internet. Garantizar el programa de Becas Mi Amigo es mi Padrino. Desarrollar el programa Luna Recicla.<\/p>\n<p><strong><span style=\"color: #138a8d;\">A largo plazo:<\/span><\/strong> Establecer un centro integral para el Bienestar del Adulto Mayor. Un hogar para la Primera Infancia. Granja ecol\u00f3gica auto sostenible.<\/p>\n<figure id=\"attachment_4899\" aria-describedby=\"caption-attachment-4899\" style=\"width: 996px\" class=\"wp-caption aligncenter\"><a href=\"http:\/\/solkes.com\/wp-content\/uploads\/2020\/02\/2020_03.jpg\"><img loading=\"lazy\" decoding=\"async\" class=\"size-full wp-image-4899\" src=\"http:\/\/solkes.com\/wp-content\/uploads\/2020\/02\/2020_03.jpg\" alt=\"\" width=\"996\" height=\"601\" \/><\/a><figcaption id=\"caption-attachment-4899\" class=\"wp-caption-text\">Fundaci\u00f3n Luna \u00a9 Solkes<\/figcaption><\/figure>\n<p>Aunque no han logrado todos los objetivos que tienen establecidos, si han logrado muchas cosas. <strong><span style=\"color: #138a8d;\">Ellos han logrado llevar atenci\u00f3n m\u00e9dica gratuita especializada para las reclusas.<\/span> <\/strong>Tambi\u00e9n han dado ecograf\u00edas prenatales en poblaciones donde nunca las hab\u00edan visto. Y tal vez uno de los logros m\u00e1s importantes ha sido la <strong><span style=\"color: #138a8d;\">restituci\u00f3n de derechos<\/span><\/strong> ante las entidades competentes por casos de abuso y maltrato detectados en consultas m\u00e9dicas y psicol\u00f3gicas.<\/p>\n<p>Uno de los proyectos m\u00e1s deseados es tener <strong><span style=\"color: #138a8d;\">un lugar ubicado en el municipio de La Calera (Cundinamarca) totalmente adecuado para albergar a los ni\u00f1os sin hogar<\/span><\/strong> en donde encuentren condiciones sanas de atenci\u00f3n educativa, de salud, de apoyo emocional y preparaci\u00f3n para la vida.<\/p>\n<p>Uno de los sue\u00f1os y objetivos m\u00e1s grandes es que en <strong><span style=\"color: #138a8d;\">2024<\/span><\/strong> La Fundaci\u00f3n LUNA haya logrado todo lo concerniente para que a nivel gubernamental se hayan establecido pol\u00edticas claras y contundentes que incluyan a los ni\u00f1os afectados por las condiciones de reclusi\u00f3n de sus madres.<\/p>\n<p>&nbsp;<\/p>\n<h3><strong><span style=\"color: #138a8d;\">Con esperanza<\/span><\/strong><\/h3>\n<p>Hablar con una mujer como Adriana Rojas me dej\u00f3 en claro que trabajar para que otras personas vean la problem\u00e1tica social y este dispuestos a aportar para mejorar las situaciones es muy dif\u00edcil. Y m\u00e1s que un reto, es engorroso ya que la gente cree que dar una moneda en la calle o en un sem\u00e1foro es suficiente. Uno de los problemas principales es el oportunismo social, se victimizan y se hacen pasar por necesitados quit\u00e1ndole las ayudas a los que realmente lo necesitan, este fen\u00f3meno desmotiva a quienes quieren apoyar.<\/p>\n<p>Mediante la consecuci\u00f3n de donaciones, en dinero o en especie (tejas platicas, cemento, arena, pintura, piso, etc.), pretendemos mejorar la vivencia de los habitantes de los sectores intervenidos.<\/p>\n<figure id=\"attachment_4896\" aria-describedby=\"caption-attachment-4896\" style=\"width: 996px\" class=\"wp-caption aligncenter\"><a href=\"http:\/\/solkes.com\/wp-content\/uploads\/2020\/02\/2020_08.jpg\"><img loading=\"lazy\" decoding=\"async\" class=\"size-full wp-image-4896\" src=\"http:\/\/solkes.com\/wp-content\/uploads\/2020\/02\/2020_08.jpg\" alt=\"\" width=\"996\" height=\"601\" \/><\/a><figcaption id=\"caption-attachment-4896\" class=\"wp-caption-text\">Fundaci\u00f3n Luna \u00a9 Solkes<\/figcaption><\/figure>\n<p>La Fundaci\u00f3n Luna ha decidido dedicar todo su <strong><span style=\"color: #138a8d;\">esfuerzo y tiempo a estas nuevas familias.<\/span><\/strong> Pueda que se hayan cometido errores graves pero el ciclo de castigo y una vida sin futuro debe cambiar. Es un trabajo grupal el construir un mundo digno.<\/p>\n<p>Por consiguiente se quiere que los derechos de los ni\u00f1os sean los que siempre prevalezcan as\u00ed se encuentren en una c\u00e1rcel pues ellos no tienen porque vivir en condiciones de vulnerabilidad as\u00ed est\u00e9n en un penal.<\/p>\n<p><span class=\"dropcap dropcap2\" style=\"color: #138a8d;\">L<\/span>a verdad es que todas las personas cometemos errores, unos m\u00e1s graves que otros y siempre habr\u00e1 consecuencias. Pero, tambi\u00e9n es cierto que los errores de estas mujeres no tienen por qu\u00e9 ser una sentencia para sus hijos. Los ni\u00f1os tienen derecho al amor y la familia.<\/p>\n","protected":false},"excerpt":{"rendered":"<p>Lastimosamente, cada d\u00eda se incrementan las brechas de injusticia, perversidad y desigualdad en nuestro Colombia. Seg\u00fan personas que trabajan diariamente con personas privadas de la libertad, la situaci\u00f3n carcelaria es repugnante. Adem\u00e1s de ello nos han hecho saber que las personas que est\u00e1n privadas de la libertad tienen muchas carencias. Y, entonces nos topamos con [&hellip;]<\/p>\n","protected":false},"author":76,"featured_media":4901,"comment_status":"open","ping_status":"open","sticky":false,"template":"","format":"standard","meta":{"_acf_changed":false,"_exactmetrics_skip_tracking":false,"_exactmetrics_sitenote_active":false,"_exactmetrics_sitenote_note":"","_exactmetrics_sitenote_category":0,"site-sidebar-layout":"default","site-content-layout":"default","ast-site-content-layout":"default","site-content-style":"default","site-sidebar-style":"default","ast-global-header-display":"","ast-banner-title-visibility":"","ast-main-header-display":"","ast-hfb-above-header-display":"","ast-hfb-below-header-display":"","ast-hfb-mobile-header-display":"","site-post-title":"","ast-breadcrumbs-content":"","ast-featured-img":"","footer-sml-layout":"","theme-transparent-header-meta":"default","adv-header-id-meta":"","stick-header-meta":"","header-above-stick-meta":"","header-main-stick-meta":"","header-below-stick-meta":"","astra-migrate-meta-layouts":"default","ast-page-background-enabled":"default","ast-page-background-meta":{"desktop":{"background-color":"","background-image":"","background-repeat":"repeat","background-position":"center center","background-size":"auto","background-attachment":"scroll","background-type":"","background-media":"","overlay-type":"","overlay-color":"","overlay-opacity":"","overlay-gradient":""},"tablet":{"background-color":"","background-image":"","background-repeat":"repeat","background-position":"center center","background-size":"auto","background-attachment":"scroll","background-type":"","background-media":"","overlay-type":"","overlay-color":"","overlay-opacity":"","overlay-gradient":""},"mobile":{"background-color":"","background-image":"","background-repeat":"repeat","background-position":"center center","background-size":"auto","background-attachment":"scroll","background-type":"","background-media":"","overlay-type":"","overlay-color":"","overlay-opacity":"","overlay-gradient":""}},"ast-content-background-meta":{"desktop":{"background-color":"var(--ast-global-color-5)","background-image":"","background-repeat":"repeat","background-position":"center center","background-size":"auto","background-attachment":"scroll","background-type":"","background-media":"","overlay-type":"","overlay-color":"","overlay-opacity":"","overlay-gradient":""},"tablet":{"background-color":"var(--ast-global-color-5)","background-image":"","background-repeat":"repeat","background-position":"center center","background-size":"auto","background-attachment":"scroll","background-type":"","background-media":"","overlay-type":"","overlay-color":"","overlay-opacity":"","overlay-gradient":""},"mobile":{"background-color":"var(--ast-global-color-5)","background-image":"","background-repeat":"repeat","background-position":"center center","background-size":"auto","background-attachment":"scroll","background-type":"","background-media":"","overlay-type":"","overlay-color":"","overlay-opacity":"","overlay-gradient":""}},"footnotes":""},"categories":[60],"tags":[148,59,61,149,150,151,152],"class_list":["post-308","post","type-post","status-publish","format-standard","has-post-thumbnail","hentry","category-dejando-huella","tag-carcel","tag-colombia","tag-dejando-huella","tag-familias","tag-fundacion-luna","tag-mujeres","tag-segundas-oportunidades"],"acf":[],"yoast_head":"<!-- This site is optimized with the Yoast SEO plugin v27.4 - https:\/\/yoast.com\/product\/yoast-seo-wordpress\/ -->\n<title>Una Luz en tu camino - Solkes Magazine<\/title>\n<meta name=\"description\" content=\"Hay que ser una luy en el camino. Todas las personas cometemos errores. Pero, los hijos no deben pagar las consecuencias.\" \/>\n<meta name=\"robots\" content=\"index, follow, max-snippet:-1, max-image-preview:large, max-video-preview:-1\" \/>\n<link rel=\"canonical\" href=\"https:\/\/solkes.com\/dejando-huella\/2020\/01\/una-luz-en-tu-camino\/\" \/>\n<meta property=\"og:locale\" content=\"en_US\" \/>\n<meta property=\"og:type\" content=\"article\" \/>\n<meta property=\"og:title\" content=\"Una Luz en tu camino - Solkes Magazine\" \/>\n<meta property=\"og:description\" content=\"Hay que ser una luy en el camino. Todas las personas cometemos errores. Pero, los hijos no deben pagar las consecuencias.\" \/>\n<meta property=\"og:url\" content=\"https:\/\/solkes.com\/dejando-huella\/2020\/01\/una-luz-en-tu-camino\/\" \/>\n<meta property=\"og:site_name\" content=\"Solkes Magazine\" \/>\n<meta property=\"article:publisher\" content=\"https:\/\/www.facebook.com\/solkesmagazinee\/\" \/>\n<meta property=\"article:published_time\" content=\"2020-01-03T10:00:22+00:00\" \/>\n<meta property=\"article:modified_time\" content=\"2020-11-21T21:41:45+00:00\" \/>\n<meta property=\"og:image\" content=\"https:\/\/solkes.com\/wp-content\/uploads\/2020\/02\/2020_05-1.jpg\" \/>\n\t<meta property=\"og:image:width\" content=\"996\" \/>\n\t<meta property=\"og:image:height\" content=\"601\" \/>\n\t<meta property=\"og:image:type\" content=\"image\/jpeg\" \/>\n<meta name=\"author\" content=\"Laura Viera A.\" \/>\n<meta name=\"twitter:card\" content=\"summary_large_image\" \/>\n<meta name=\"twitter:label1\" content=\"Written by\" \/>\n\t<meta name=\"twitter:data1\" content=\"Laura Viera A.\" \/>\n\t<meta name=\"twitter:label2\" content=\"Est. reading time\" \/>\n\t<meta name=\"twitter:data2\" content=\"13 minutes\" \/>\n<script type=\"application\/ld+json\" class=\"yoast-schema-graph\">{\"@context\":\"https:\\\/\\\/schema.org\",\"@graph\":[{\"@type\":\"Article\",\"@id\":\"https:\\\/\\\/solkes.com\\\/dejando-huella\\\/2020\\\/01\\\/una-luz-en-tu-camino\\\/#article\",\"isPartOf\":{\"@id\":\"https:\\\/\\\/solkes.com\\\/dejando-huella\\\/2020\\\/01\\\/una-luz-en-tu-camino\\\/\"},\"author\":{\"name\":\"Laura Viera A.\",\"@id\":\"https:\\\/\\\/solkes.com\\\/#\\\/schema\\\/person\\\/54684f1c0bebcaff4d6b3f1ec2e71e91\"},\"headline\":\"Una Luz en tu camino\",\"datePublished\":\"2020-01-03T10:00:22+00:00\",\"dateModified\":\"2020-11-21T21:41:45+00:00\",\"mainEntityOfPage\":{\"@id\":\"https:\\\/\\\/solkes.com\\\/dejando-huella\\\/2020\\\/01\\\/una-luz-en-tu-camino\\\/\"},\"wordCount\":2589,\"commentCount\":0,\"publisher\":{\"@id\":\"https:\\\/\\\/solkes.com\\\/#organization\"},\"image\":{\"@id\":\"https:\\\/\\\/solkes.com\\\/dejando-huella\\\/2020\\\/01\\\/una-luz-en-tu-camino\\\/#primaryimage\"},\"thumbnailUrl\":\"https:\\\/\\\/solkes.com\\\/wp-content\\\/uploads\\\/2020\\\/02\\\/2020_05-1.jpg\",\"keywords\":[\"c\u00e1rcel\",\"Colombia\",\"dejando huella\",\"familias\",\"Fundaci\u00f3n Luna\",\"Mujeres\",\"segundas oportunidades\"],\"articleSection\":[\"Dejando Huella\"],\"inLanguage\":\"en-US\",\"potentialAction\":[{\"@type\":\"CommentAction\",\"name\":\"Comment\",\"target\":[\"https:\\\/\\\/solkes.com\\\/dejando-huella\\\/2020\\\/01\\\/una-luz-en-tu-camino\\\/#respond\"]}]},{\"@type\":\"WebPage\",\"@id\":\"https:\\\/\\\/solkes.com\\\/dejando-huella\\\/2020\\\/01\\\/una-luz-en-tu-camino\\\/\",\"url\":\"https:\\\/\\\/solkes.com\\\/dejando-huella\\\/2020\\\/01\\\/una-luz-en-tu-camino\\\/\",\"name\":\"Una Luz en tu camino - Solkes Magazine\",\"isPartOf\":{\"@id\":\"https:\\\/\\\/solkes.com\\\/#website\"},\"primaryImageOfPage\":{\"@id\":\"https:\\\/\\\/solkes.com\\\/dejando-huella\\\/2020\\\/01\\\/una-luz-en-tu-camino\\\/#primaryimage\"},\"image\":{\"@id\":\"https:\\\/\\\/solkes.com\\\/dejando-huella\\\/2020\\\/01\\\/una-luz-en-tu-camino\\\/#primaryimage\"},\"thumbnailUrl\":\"https:\\\/\\\/solkes.com\\\/wp-content\\\/uploads\\\/2020\\\/02\\\/2020_05-1.jpg\",\"datePublished\":\"2020-01-03T10:00:22+00:00\",\"dateModified\":\"2020-11-21T21:41:45+00:00\",\"description\":\"Hay que ser una luy en el camino. Todas las personas cometemos errores. Pero, los hijos no deben pagar las consecuencias.\",\"breadcrumb\":{\"@id\":\"https:\\\/\\\/solkes.com\\\/dejando-huella\\\/2020\\\/01\\\/una-luz-en-tu-camino\\\/#breadcrumb\"},\"inLanguage\":\"en-US\",\"potentialAction\":[{\"@type\":\"ReadAction\",\"target\":[\"https:\\\/\\\/solkes.com\\\/dejando-huella\\\/2020\\\/01\\\/una-luz-en-tu-camino\\\/\"]}]},{\"@type\":\"ImageObject\",\"inLanguage\":\"en-US\",\"@id\":\"https:\\\/\\\/solkes.com\\\/dejando-huella\\\/2020\\\/01\\\/una-luz-en-tu-camino\\\/#primaryimage\",\"url\":\"https:\\\/\\\/solkes.com\\\/wp-content\\\/uploads\\\/2020\\\/02\\\/2020_05-1.jpg\",\"contentUrl\":\"https:\\\/\\\/solkes.com\\\/wp-content\\\/uploads\\\/2020\\\/02\\\/2020_05-1.jpg\",\"width\":996,\"height\":601,\"caption\":\"Foto: Fundaci\u00f3n Luna \u00a9 Solkes\"},{\"@type\":\"BreadcrumbList\",\"@id\":\"https:\\\/\\\/solkes.com\\\/dejando-huella\\\/2020\\\/01\\\/una-luz-en-tu-camino\\\/#breadcrumb\",\"itemListElement\":[{\"@type\":\"ListItem\",\"position\":1,\"name\":\"Portada\",\"item\":\"https:\\\/\\\/solkes.com\\\/\"},{\"@type\":\"ListItem\",\"position\":2,\"name\":\"Una Luz en tu camino\"}]},{\"@type\":\"WebSite\",\"@id\":\"https:\\\/\\\/solkes.com\\\/#website\",\"url\":\"https:\\\/\\\/solkes.com\\\/\",\"name\":\"Solkes Magazine\",\"description\":\"solkes.com\",\"publisher\":{\"@id\":\"https:\\\/\\\/solkes.com\\\/#organization\"},\"potentialAction\":[{\"@type\":\"SearchAction\",\"target\":{\"@type\":\"EntryPoint\",\"urlTemplate\":\"https:\\\/\\\/solkes.com\\\/?s={search_term_string}\"},\"query-input\":{\"@type\":\"PropertyValueSpecification\",\"valueRequired\":true,\"valueName\":\"search_term_string\"}}],\"inLanguage\":\"en-US\"},{\"@type\":\"Organization\",\"@id\":\"https:\\\/\\\/solkes.com\\\/#organization\",\"name\":\"Solkes Magazine\",\"url\":\"https:\\\/\\\/solkes.com\\\/\",\"logo\":{\"@type\":\"ImageObject\",\"inLanguage\":\"en-US\",\"@id\":\"https:\\\/\\\/solkes.com\\\/#\\\/schema\\\/logo\\\/image\\\/\",\"url\":\"https:\\\/\\\/solkes.com\\\/wp-content\\\/uploads\\\/2024\\\/09\\\/logo-SOLKES-820px-x-312px.png\",\"contentUrl\":\"https:\\\/\\\/solkes.com\\\/wp-content\\\/uploads\\\/2024\\\/09\\\/logo-SOLKES-820px-x-312px.png\",\"width\":411,\"height\":303,\"caption\":\"Solkes Magazine\"},\"image\":{\"@id\":\"https:\\\/\\\/solkes.com\\\/#\\\/schema\\\/logo\\\/image\\\/\"},\"sameAs\":[\"https:\\\/\\\/www.facebook.com\\\/solkesmagazinee\\\/\",\"https:\\\/\\\/instagram.com\\\/solkesmagazine\\\/\"]},{\"@type\":\"Person\",\"@id\":\"https:\\\/\\\/solkes.com\\\/#\\\/schema\\\/person\\\/54684f1c0bebcaff4d6b3f1ec2e71e91\",\"name\":\"Laura Viera A.\",\"image\":{\"@type\":\"ImageObject\",\"inLanguage\":\"en-US\",\"@id\":\"https:\\\/\\\/secure.gravatar.com\\\/avatar\\\/d7b6a8bb956f5279e99babca11ed31351716b19f59e9e3e989847c0ca9e0c5d9?s=96&d=identicon&r=g\",\"url\":\"https:\\\/\\\/secure.gravatar.com\\\/avatar\\\/d7b6a8bb956f5279e99babca11ed31351716b19f59e9e3e989847c0ca9e0c5d9?s=96&d=identicon&r=g\",\"contentUrl\":\"https:\\\/\\\/secure.gravatar.com\\\/avatar\\\/d7b6a8bb956f5279e99babca11ed31351716b19f59e9e3e989847c0ca9e0c5d9?s=96&d=identicon&r=g\",\"caption\":\"Laura Viera A.\"},\"description\":\"Fundadora y Directora Editorial de Solkes Magazine Es periodista de vocaci\u00f3n y formaci\u00f3n. Estudi\u00f3 Comunicaci\u00f3n Social con \u00e9nfasis en Periodismo en la Pontificia Universidad Javeriana de Bogot\u00e1, Colombia. Desde muy joven sinti\u00f3 una profunda pasi\u00f3n por contar historias, explorar el mundo y dar voz a quienes no la tienen. Su compromiso con los Derechos Humanos ha sido una constante en su trayectoria, participando activamente en proyectos sociales desde temprana edad. Este inter\u00e9s se refleja en el enfoque editorial de Solkes, una revista que prioriza el periodismo independiente, la diversidad cultural y la profundidad narrativa. Laura naci\u00f3 en Bogot\u00e1, vivi\u00f3 tres a\u00f1os en Madrid, Espa\u00f1a, y desde el verano de 2010 reside en Alemania. Esta experiencia multicultural ha enriquecido su perspectiva y ha sido clave para la creaci\u00f3n de una revista triling\u00fce que trasciende fronteras y conecta a lectores de distintas partes del mundo. ******************************************************************************************* Founder and Editorial Director of Solkes Magazine She is a passionate journalist by vocation and training. She studied Mass Communication with an emphasis on Journalism at the Pontificia Universidad Javeriana in Bogot\u00e1, Colombia. From a young age, she was deeply motivated to tell stories, explore the world, and give a voice to those who often go unheard. Her commitment to Human Rights has been a constant throughout her career, actively participating in social projects since early on. This dedication is reflected in Solkes Magazine\u2019s editorial focus on independent journalism, cultural diversity, and in-depth storytelling. Born in Bogot\u00e1, Laura lived in Madrid, Spain for three years, and has been residing in Germany since the summer of 2010. This multicultural experience has enriched her perspective and played a key role in creating a trilingual magazine that transcends borders and connects readers from around the world. ******************************************************************************************* Gr\u00fcnderin und Chefredakteurin von Solkes Magazine Laura Viera ist eine leidenschaftliche Journalistin aus Berufung und Ausbildung. Sie hat Soziale Kommunikation mit Schwerpunkt Journalismus an der Pontificia Universidad Javeriana in Bogot\u00e1, Kolumbien, studiert. Schon in jungen Jahren war sie stark motiviert, Geschichten zu erz\u00e4hlen, die Welt zu erkunden und denen eine Stimme zu geben, die oft ungeh\u00f6rt bleiben. Ihr Engagement f\u00fcr Menschenrechte begleitet sie seit Beginn ihrer Laufbahn. Sie war von Anfang an aktiv an sozialen Projekten beteiligt. Dieses Engagement spiegelt sich auch im redaktionellen Fokus von Solkes Magazine wider, das unabh\u00e4ngigen Journalismus, kulturelle Vielfalt und tiefgr\u00fcndiges Erz\u00e4hlen in den Vordergrund stellt. Geboren in Bogot\u00e1, lebte Laura drei Jahre in Madrid, Spanien, und lebt seit Sommer 2010 in Deutschland. Diese multikulturelle Erfahrung hat ihre Perspektive bereichert und war entscheidend bei der Gr\u00fcndung eines dreisprachigen Magazins, das Grenzen \u00fcberschreitet und Leser weltweit verbindet.\",\"sameAs\":[\"http:\\\/\\\/www.solkes.com\"],\"url\":\"https:\\\/\\\/solkes.com\\\/en\\\/author\\\/lauraviera2019\\\/\"}]}<\/script>\n<!-- \/ Yoast SEO plugin. -->","yoast_head_json":{"title":"Una Luz en tu camino - Solkes Magazine","description":"Hay que ser una luy en el camino. Todas las personas cometemos errores. Pero, los hijos no deben pagar las consecuencias.","robots":{"index":"index","follow":"follow","max-snippet":"max-snippet:-1","max-image-preview":"max-image-preview:large","max-video-preview":"max-video-preview:-1"},"canonical":"https:\/\/solkes.com\/dejando-huella\/2020\/01\/una-luz-en-tu-camino\/","og_locale":"en_US","og_type":"article","og_title":"Una Luz en tu camino - Solkes Magazine","og_description":"Hay que ser una luy en el camino. Todas las personas cometemos errores. Pero, los hijos no deben pagar las consecuencias.","og_url":"https:\/\/solkes.com\/dejando-huella\/2020\/01\/una-luz-en-tu-camino\/","og_site_name":"Solkes Magazine","article_publisher":"https:\/\/www.facebook.com\/solkesmagazinee\/","article_published_time":"2020-01-03T10:00:22+00:00","article_modified_time":"2020-11-21T21:41:45+00:00","og_image":[{"width":996,"height":601,"url":"https:\/\/solkes.com\/wp-content\/uploads\/2020\/02\/2020_05-1.jpg","type":"image\/jpeg"}],"author":"Laura Viera A.","twitter_card":"summary_large_image","twitter_misc":{"Written by":"Laura Viera A.","Est. reading time":"13 minutes"},"schema":{"@context":"https:\/\/schema.org","@graph":[{"@type":"Article","@id":"https:\/\/solkes.com\/dejando-huella\/2020\/01\/una-luz-en-tu-camino\/#article","isPartOf":{"@id":"https:\/\/solkes.com\/dejando-huella\/2020\/01\/una-luz-en-tu-camino\/"},"author":{"name":"Laura Viera A.","@id":"https:\/\/solkes.com\/#\/schema\/person\/54684f1c0bebcaff4d6b3f1ec2e71e91"},"headline":"Una Luz en tu camino","datePublished":"2020-01-03T10:00:22+00:00","dateModified":"2020-11-21T21:41:45+00:00","mainEntityOfPage":{"@id":"https:\/\/solkes.com\/dejando-huella\/2020\/01\/una-luz-en-tu-camino\/"},"wordCount":2589,"commentCount":0,"publisher":{"@id":"https:\/\/solkes.com\/#organization"},"image":{"@id":"https:\/\/solkes.com\/dejando-huella\/2020\/01\/una-luz-en-tu-camino\/#primaryimage"},"thumbnailUrl":"https:\/\/solkes.com\/wp-content\/uploads\/2020\/02\/2020_05-1.jpg","keywords":["c\u00e1rcel","Colombia","dejando huella","familias","Fundaci\u00f3n Luna","Mujeres","segundas oportunidades"],"articleSection":["Dejando Huella"],"inLanguage":"en-US","potentialAction":[{"@type":"CommentAction","name":"Comment","target":["https:\/\/solkes.com\/dejando-huella\/2020\/01\/una-luz-en-tu-camino\/#respond"]}]},{"@type":"WebPage","@id":"https:\/\/solkes.com\/dejando-huella\/2020\/01\/una-luz-en-tu-camino\/","url":"https:\/\/solkes.com\/dejando-huella\/2020\/01\/una-luz-en-tu-camino\/","name":"Una Luz en tu camino - Solkes Magazine","isPartOf":{"@id":"https:\/\/solkes.com\/#website"},"primaryImageOfPage":{"@id":"https:\/\/solkes.com\/dejando-huella\/2020\/01\/una-luz-en-tu-camino\/#primaryimage"},"image":{"@id":"https:\/\/solkes.com\/dejando-huella\/2020\/01\/una-luz-en-tu-camino\/#primaryimage"},"thumbnailUrl":"https:\/\/solkes.com\/wp-content\/uploads\/2020\/02\/2020_05-1.jpg","datePublished":"2020-01-03T10:00:22+00:00","dateModified":"2020-11-21T21:41:45+00:00","description":"Hay que ser una luy en el camino. Todas las personas cometemos errores. Pero, los hijos no deben pagar las consecuencias.","breadcrumb":{"@id":"https:\/\/solkes.com\/dejando-huella\/2020\/01\/una-luz-en-tu-camino\/#breadcrumb"},"inLanguage":"en-US","potentialAction":[{"@type":"ReadAction","target":["https:\/\/solkes.com\/dejando-huella\/2020\/01\/una-luz-en-tu-camino\/"]}]},{"@type":"ImageObject","inLanguage":"en-US","@id":"https:\/\/solkes.com\/dejando-huella\/2020\/01\/una-luz-en-tu-camino\/#primaryimage","url":"https:\/\/solkes.com\/wp-content\/uploads\/2020\/02\/2020_05-1.jpg","contentUrl":"https:\/\/solkes.com\/wp-content\/uploads\/2020\/02\/2020_05-1.jpg","width":996,"height":601,"caption":"Foto: Fundaci\u00f3n Luna \u00a9 Solkes"},{"@type":"BreadcrumbList","@id":"https:\/\/solkes.com\/dejando-huella\/2020\/01\/una-luz-en-tu-camino\/#breadcrumb","itemListElement":[{"@type":"ListItem","position":1,"name":"Portada","item":"https:\/\/solkes.com\/"},{"@type":"ListItem","position":2,"name":"Una Luz en tu camino"}]},{"@type":"WebSite","@id":"https:\/\/solkes.com\/#website","url":"https:\/\/solkes.com\/","name":"Solkes Magazine","description":"solkes.com","publisher":{"@id":"https:\/\/solkes.com\/#organization"},"potentialAction":[{"@type":"SearchAction","target":{"@type":"EntryPoint","urlTemplate":"https:\/\/solkes.com\/?s={search_term_string}"},"query-input":{"@type":"PropertyValueSpecification","valueRequired":true,"valueName":"search_term_string"}}],"inLanguage":"en-US"},{"@type":"Organization","@id":"https:\/\/solkes.com\/#organization","name":"Solkes Magazine","url":"https:\/\/solkes.com\/","logo":{"@type":"ImageObject","inLanguage":"en-US","@id":"https:\/\/solkes.com\/#\/schema\/logo\/image\/","url":"https:\/\/solkes.com\/wp-content\/uploads\/2024\/09\/logo-SOLKES-820px-x-312px.png","contentUrl":"https:\/\/solkes.com\/wp-content\/uploads\/2024\/09\/logo-SOLKES-820px-x-312px.png","width":411,"height":303,"caption":"Solkes Magazine"},"image":{"@id":"https:\/\/solkes.com\/#\/schema\/logo\/image\/"},"sameAs":["https:\/\/www.facebook.com\/solkesmagazinee\/","https:\/\/instagram.com\/solkesmagazine\/"]},{"@type":"Person","@id":"https:\/\/solkes.com\/#\/schema\/person\/54684f1c0bebcaff4d6b3f1ec2e71e91","name":"Laura Viera A.","image":{"@type":"ImageObject","inLanguage":"en-US","@id":"https:\/\/secure.gravatar.com\/avatar\/d7b6a8bb956f5279e99babca11ed31351716b19f59e9e3e989847c0ca9e0c5d9?s=96&d=identicon&r=g","url":"https:\/\/secure.gravatar.com\/avatar\/d7b6a8bb956f5279e99babca11ed31351716b19f59e9e3e989847c0ca9e0c5d9?s=96&d=identicon&r=g","contentUrl":"https:\/\/secure.gravatar.com\/avatar\/d7b6a8bb956f5279e99babca11ed31351716b19f59e9e3e989847c0ca9e0c5d9?s=96&d=identicon&r=g","caption":"Laura Viera A."},"description":"Fundadora y Directora Editorial de Solkes Magazine Es periodista de vocaci\u00f3n y formaci\u00f3n. Estudi\u00f3 Comunicaci\u00f3n Social con \u00e9nfasis en Periodismo en la Pontificia Universidad Javeriana de Bogot\u00e1, Colombia. Desde muy joven sinti\u00f3 una profunda pasi\u00f3n por contar historias, explorar el mundo y dar voz a quienes no la tienen. Su compromiso con los Derechos Humanos ha sido una constante en su trayectoria, participando activamente en proyectos sociales desde temprana edad. Este inter\u00e9s se refleja en el enfoque editorial de Solkes, una revista que prioriza el periodismo independiente, la diversidad cultural y la profundidad narrativa. Laura naci\u00f3 en Bogot\u00e1, vivi\u00f3 tres a\u00f1os en Madrid, Espa\u00f1a, y desde el verano de 2010 reside en Alemania. Esta experiencia multicultural ha enriquecido su perspectiva y ha sido clave para la creaci\u00f3n de una revista triling\u00fce que trasciende fronteras y conecta a lectores de distintas partes del mundo. ******************************************************************************************* Founder and Editorial Director of Solkes Magazine She is a passionate journalist by vocation and training. She studied Mass Communication with an emphasis on Journalism at the Pontificia Universidad Javeriana in Bogot\u00e1, Colombia. From a young age, she was deeply motivated to tell stories, explore the world, and give a voice to those who often go unheard. Her commitment to Human Rights has been a constant throughout her career, actively participating in social projects since early on. This dedication is reflected in Solkes Magazine\u2019s editorial focus on independent journalism, cultural diversity, and in-depth storytelling. Born in Bogot\u00e1, Laura lived in Madrid, Spain for three years, and has been residing in Germany since the summer of 2010. This multicultural experience has enriched her perspective and played a key role in creating a trilingual magazine that transcends borders and connects readers from around the world. ******************************************************************************************* Gr\u00fcnderin und Chefredakteurin von Solkes Magazine Laura Viera ist eine leidenschaftliche Journalistin aus Berufung und Ausbildung. Sie hat Soziale Kommunikation mit Schwerpunkt Journalismus an der Pontificia Universidad Javeriana in Bogot\u00e1, Kolumbien, studiert. Schon in jungen Jahren war sie stark motiviert, Geschichten zu erz\u00e4hlen, die Welt zu erkunden und denen eine Stimme zu geben, die oft ungeh\u00f6rt bleiben. Ihr Engagement f\u00fcr Menschenrechte begleitet sie seit Beginn ihrer Laufbahn. Sie war von Anfang an aktiv an sozialen Projekten beteiligt. Dieses Engagement spiegelt sich auch im redaktionellen Fokus von Solkes Magazine wider, das unabh\u00e4ngigen Journalismus, kulturelle Vielfalt und tiefgr\u00fcndiges Erz\u00e4hlen in den Vordergrund stellt. Geboren in Bogot\u00e1, lebte Laura drei Jahre in Madrid, Spanien, und lebt seit Sommer 2010 in Deutschland. Diese multikulturelle Erfahrung hat ihre Perspektive bereichert und war entscheidend bei der Gr\u00fcndung eines dreisprachigen Magazins, das Grenzen \u00fcberschreitet und Leser weltweit verbindet.","sameAs":["http:\/\/www.solkes.com"],"url":"https:\/\/solkes.com\/en\/author\/lauraviera2019\/"}]}},"_links":{"self":[{"href":"https:\/\/solkes.com\/en\/wp-json\/wp\/v2\/posts\/308","targetHints":{"allow":["GET"]}}],"collection":[{"href":"https:\/\/solkes.com\/en\/wp-json\/wp\/v2\/posts"}],"about":[{"href":"https:\/\/solkes.com\/en\/wp-json\/wp\/v2\/types\/post"}],"author":[{"embeddable":true,"href":"https:\/\/solkes.com\/en\/wp-json\/wp\/v2\/users\/76"}],"replies":[{"embeddable":true,"href":"https:\/\/solkes.com\/en\/wp-json\/wp\/v2\/comments?post=308"}],"version-history":[{"count":4,"href":"https:\/\/solkes.com\/en\/wp-json\/wp\/v2\/posts\/308\/revisions"}],"predecessor-version":[{"id":11804,"href":"https:\/\/solkes.com\/en\/wp-json\/wp\/v2\/posts\/308\/revisions\/11804"}],"wp:featuredmedia":[{"embeddable":true,"href":"https:\/\/solkes.com\/en\/wp-json\/wp\/v2\/media\/4901"}],"wp:attachment":[{"href":"https:\/\/solkes.com\/en\/wp-json\/wp\/v2\/media?parent=308"}],"wp:term":[{"taxonomy":"category","embeddable":true,"href":"https:\/\/solkes.com\/en\/wp-json\/wp\/v2\/categories?post=308"},{"taxonomy":"post_tag","embeddable":true,"href":"https:\/\/solkes.com\/en\/wp-json\/wp\/v2\/tags?post=308"}],"curies":[{"name":"wp","href":"https:\/\/api.w.org\/{rel}","templated":true}]}}