{"id":2659,"date":"2018-12-03T10:00:51","date_gmt":"2018-12-03T08:00:51","guid":{"rendered":"http:\/\/solkes.com\/?p=2659"},"modified":"2020-12-01T22:29:06","modified_gmt":"2020-12-01T20:29:06","slug":"pasion-por-lo-nuestro-monica-giraldo","status":"publish","type":"post","link":"https:\/\/solkes.com\/en\/el-obturador\/2018\/12\/pasion-por-lo-nuestro-monica-giraldo\/","title":{"rendered":"Pasi\u00f3n por lo nuestro: M\u00f3nica Giraldo"},"content":{"rendered":"<p><span class=\"dropcap dropcap2\" style=\"color: #138a8d;\">S<\/span>on muchos los ejemplos de talentosos artistas con sangre colombiana que est\u00e1n figurando en el escenario internacional. Y, <strong><span style=\"color: #138a8d;\">M\u00f3nica Giraldo<\/span><\/strong> es uno de ellos, adem\u00e1s es una mujer y cantante encantadora. Pero para muchos su nombre es nuevo. Y, es que debemos admitir que se nos olvida que nuestro patrimonio muscial es amplio.<\/p>\n<h3><span style=\"color: #138a8d;\"><strong>Un poco de su historia<\/strong><\/span><\/h3>\n<p>Giraldo estudi\u00f3 arquitectura pero su pasi\u00f3n siempre ha sido la m\u00fasica. En <a href=\"https:\/\/www.berklee.edu\"><strong><span style=\"color: #138a8d;\">Berklee College<\/span><\/strong><\/a> estudi\u00f3 becada. Y, en el Folk Festival represent\u00f3 el carnaval de Baranquilla con bambucos. Que orgullo!<\/p>\n<p>Me encant\u00f3 saber que su objetivo no es la fama, pero creo que la fama la visitar\u00e1. Me hace sentir comoda, tranquila ya que es humilde y convencida de su arte y del arte de los colombianos. <strong><span style=\"color: #138a8d;\">Lo que quiere ser es una artista ecl\u00e9ctica: osea quiere mezclar todo.<\/span><\/strong> Esto significa que ella combina rock con balada, pop con boleros, bambuco con bosa nova, trip hop con ac\u00fastica.<\/p>\n<figure id=\"attachment_1472\" aria-describedby=\"caption-attachment-1472\" style=\"width: 996px\" class=\"wp-caption alignnone\"><a href=\"https:\/\/solkes.com\/wp-content\/uploads\/2019\/08\/1807_01-2-1.jpg\"><img fetchpriority=\"high\" decoding=\"async\" class=\"wp-image-1472 size-full\" src=\"https:\/\/solkes.com\/wp-content\/uploads\/2019\/08\/1807_01-2-1.jpg\" alt=\"\" width=\"996\" height=\"601\" srcset=\"https:\/\/solkes.com\/wp-content\/uploads\/2019\/08\/1807_01-2-1.jpg 996w, https:\/\/solkes.com\/wp-content\/uploads\/2019\/08\/1807_01-2-1-300x181.jpg 300w, https:\/\/solkes.com\/wp-content\/uploads\/2019\/08\/1807_01-2-1-768x463.jpg 768w, https:\/\/solkes.com\/wp-content\/uploads\/2019\/08\/1807_01-2-1-320x193.jpg 320w\" sizes=\"(max-width: 996px) 100vw, 996px\" \/><\/a><figcaption id=\"caption-attachment-1472\" class=\"wp-caption-text\">Marcial del Castillo \u00a9 Solkes<\/figcaption><\/figure>\n<blockquote class=\"td_quote_box td_box_right\">\n<h4>La m\u00fasica colombiana est\u00e1 de moda y tiene tanta riqueza cultural que llegar\u00e1 lejos.<\/h4>\n<\/blockquote>\n<p>Me comenta que la m\u00fasica es su manera de participar en este mundo, es su forma de decir lo que piensa y siente. Es un lugar de resguardo y a la vez una puerta de comunicaci\u00f3n con el mundo que le rodea.<\/p>\n<h3><strong><span style=\"color: #138a8d;\">Entre dos caminos<\/span><\/strong><\/h3>\n<p>Como me lo coment\u00f3, esta en medio de dos caminos. El primero la lleva cada vez m\u00e1s profundo hacia el coraz\u00f3n de la m\u00fasica colombiana, rodeada por el poder de sus ritmos tradicionales. El segundo la lleva lejos, motivada por los sonidos del mundo.<\/p>\n<figure id=\"attachment_1473\" aria-describedby=\"caption-attachment-1473\" style=\"width: 300px\" class=\"wp-caption alignleft\"><a href=\"https:\/\/solkes.com\/wp-content\/uploads\/2019\/08\/1807_02-2-1.jpg\"><img decoding=\"async\" class=\"size-medium wp-image-1473\" src=\"http:\/\/solkes.com\/wp-content\/uploads\/2019\/08\/1807_02-2-300x482.jpg\" alt=\"\" width=\"300\" height=\"482\" \/><\/a><figcaption id=\"caption-attachment-1473\" class=\"wp-caption-text\">Marcial del Castillo \u00a9 Solkes<\/figcaption><\/figure>\n<p>M\u00f3nica es una cantante-compositora colombiana que lanz\u00f3 dos discos independientes antes de ser nominada al <a href=\"https:\/\/www.latingrammy.com\/es\"><strong><span style=\"color: #138a8d;\">Grammy Latino<\/span><\/strong><\/a> en la categor\u00eda de Mejor Nuevo Artista en el a\u00f1o 2008.<\/p>\n<p><span class=\"dropcap dropcap2\">T<\/span>iene un bagaje profesional bastante amplio. Ella lleva trabajando mucho tiempo y de manera muy consistente.<\/p>\n<p>Cuando regreso a Colombia, grab\u00f3 varios discos: Muy Cerca (2005) con el productor Felipe \u00c1lvarez de Polen Records. Todo da Vueltas (2008) con el productor Mauricio Pantoja y el sello independiente Codiscos, que le vali\u00f3 una nominaci\u00f3n al Mejor Nuevo Artista en los Grammy Latinos 2008.<\/p>\n<p>Tambi\u00e9n lanz\u00f3 Que venga la vida (2014) con Polen Records, y su nuevo \u00e1lbum Bajo el mismo cielo (2017) coproducido por Giraldo, Mauricio Pantoja y Andr\u00e9s Pel\u00e1ez. Adem\u00e1s ha tenido la oportunidad de colaborar con varios artistas en \u00e1lbumes seleccionados, como Mestizajes con la Orquesta Filarm\u00f3nica de Bogot\u00e1 en 2010, La Voz de mi Padre en 2011, y en Caf\u00e9 Latino y Caf\u00e9 del Mundo de Putumayo Records en 2013-2014.<\/p>\n<p>Esta en el mundo de la m\u00fasica desde que naci\u00f3. Oyendo la voz de su padre, Alfonso Giraldo, quien toca guitarra y es un gran cantante.<\/p>\n<p><strong><span style=\"color: #138a8d;\">Solkes:\u00a0<\/span><\/strong>\u00bfPor qu\u00e9 te interesan los ritmos tradicionales<\/p>\n<p><strong><span style=\"color: #138a8d;\">M\u00f3nica Giraldo:<\/span><\/strong> Colombia tiene una inmensa riqueza cultural que se traduce en sus ritmos y su m\u00fasica. Cuando estudi\u00e9 en Berklee College of Music, reafirm\u00e9 que lo que yo pod\u00eda aportar a la escena internacional que estaba viviendo era el conocimiento y la expresi\u00f3n de mi propia m\u00fasica. Despu\u00e9s lo he comprobado con cada disco y concierto que he presentado. Pa\u00edses como Brasil, Cuba, Argentina, han sabido engrandecer sus ritmos y llevarlos al mundo, creo que Colombia tiene ese mismo potencial. La riqueza de la m\u00fasica Colombiana es infinita en todas sus regiones.<\/p>\n<blockquote class=\"td_quote_box td_box_center\">\n<h4>No tenemos una industria de la m\u00fasica consolidada, tenemos una industria de la m\u00fasica impuesta y nos cuesta creer en lo nuestro. Abrirse camino toma tiempo, empe\u00f1o y cari\u00f1o.<\/h4>\n<\/blockquote>\n<p>Sin mucha duda me asegura que lo m\u00e1s dif\u00edcil es vivir en un pa\u00eds tan contradictorio, un pa\u00eds que inspira tanto y a la vez hace el camino profesional de la m\u00fasica tan dif\u00edcil. Lo positivo es que vamos avanzando, hay artistas muy fuertes, talentosos y empe\u00f1ados que han ido abonado el camino y hoy Colombia empieza a tener un nombre en la m\u00fasica internacional.<\/p>\n<p><strong><span style=\"color: #138a8d;\">Solkes:<\/span><\/strong> \u00bfConsideras que los m\u00fasicos deben componer? Porque o porqu\u00e9 no?<\/p>\n<p><strong><span style=\"color: #138a8d;\">M\u00f3nica Giraldo:<\/span><\/strong>Los m\u00fasicos tienen diferentes modos de participar, unos somos buenos para componer e interpretar, otros son muy buenos para ser productores, para ser profesores, para hacer m\u00fasico terapia, para hacer m\u00fasica para pel\u00edculas, o para hacer su trabajo desde la promoci\u00f3n de la m\u00fasica\u2026 la m\u00fasica tiene muchas maneras de ser llevada a su p\u00fablico. Entonces, el m\u00fasico debe hacer lo que mejor se le da en su arte y su talento.<\/p>\n<p><strong><span style=\"color: #138a8d;\">Solkes:\u00a0<\/span><\/strong>\u00bfQu\u00e9 es lo m\u00e1s dif\u00edcil de componer?<\/p>\n<p><strong><span style=\"color: #138a8d;\">M\u00f3nica Giraldo:<\/span><\/strong> Lo m\u00e1s dif\u00edcil y a la vez lo m\u00e1s divertido, es jugar con la musa para que est\u00e9 presente\u2026 es decir, mantener la sensibilidad a flor de piel para no dejar escapar los momentos.<\/p>\n<p>Seg\u00fan ella, siempre hay una emoci\u00f3n que se convierte en canci\u00f3n. Esa emoci\u00f3n puede ser muy concreta, de ah\u00ed en adelante hay que engrandecerla con m\u00fasica, con sonido, y en mi caso con palabras acertadas.<\/p>\n<p><strong><span style=\"color: #138a8d;\">Solkes:<\/span><\/strong> \u00bfQu\u00e9 piensas sobre la cultura?<\/p>\n<p><strong><span style=\"color: #138a8d;\">M\u00f3nica Giraldo:<\/span><\/strong> Siempre he pensado que a trav\u00e9s de la cultura se crean espacios de bienestar, que la cultura une, la cultura sana. La cultura reafirma y aliviana el camino e inspira para pensar mas all\u00e1. La buena m\u00fasica, as\u00ed como la arquitectura, el arte, la literatura evocan estados positivos del ser humano, momentos de reflexi\u00f3n\u2026 esa sensaci\u00f3n y esta idea siempre me ha impulsado.<\/p>\n<h3><span style=\"color: #138a8d;\"><strong>Poder en nuestras\u00a0<\/strong><\/span><span style=\"color: #138a8d;\"><span style=\"caret-color: #138a8d;\">ra\u00edces<\/span><\/span><\/h3>\n<figure id=\"attachment_1475\" aria-describedby=\"caption-attachment-1475\" style=\"width: 300px\" class=\"wp-caption alignright\"><a href=\"https:\/\/solkes.com\/wp-content\/uploads\/2019\/08\/1807_04-2-1.jpg\"><img decoding=\"async\" class=\"size-medium wp-image-1475\" src=\"http:\/\/solkes.com\/wp-content\/uploads\/2019\/08\/1807_04-2-300x482.jpg\" alt=\"\" width=\"300\" height=\"482\" \/><\/a><figcaption id=\"caption-attachment-1475\" class=\"wp-caption-text\">Paul Weiss \u00a9 Solkes<\/figcaption><\/figure>\n<p>Hay algunos artistas que las han marcado. De la tradici\u00f3n su padre y <span style=\"color: #138a8d;\"><strong>Tot\u00f3 la Momposina<\/strong><\/span>. De la vanguardia, Marisa Monte, Julieta Venegas, Natalia Lafourcade y una cantante canadiense que se llama Feist.<\/p>\n<p>Quiere continuar cada vez componiendo mejor m\u00fasica que la ayude a conversar y colaborar con grandes artistas. Le faltan muchas cosas por hacer, muchas canciones y conectar muchos p\u00fablicos con las nuevas m\u00fasicas colombianas.<\/p>\n<p><span class=\"dropcap dropcap2\" style=\"color: #138a8d;\">G<\/span>iraldo cree fielmente que como la m\u00fasica (en este caso estamos hablando de la colombiana) est\u00e1 a un click de distancia con todas las plataformas de streaming y por esto mismo las personas deber\u00edan aprovechar y ser curiosos. Todos deber\u00edan buscar a los artistas de m\u00fasica caolombiana. Adem\u00e1s me asegur\u00f3 que hay de todo para todos los gustos en la escena tradicional y de la vanguardia!<\/p>\n","protected":false},"excerpt":{"rendered":"<p>Son muchos los ejemplos de talentosos artistas con sangre colombiana que est\u00e1n figurando en el escenario internacional. Y, M\u00f3nica Giraldo es uno de ellos, adem\u00e1s es una mujer y cantante encantadora. Pero para muchos su nombre es nuevo. Y, es que debemos admitir que se nos olvida que nuestro patrimonio muscial es amplio. Un poco [&hellip;]<\/p>\n","protected":false},"author":8,"featured_media":1474,"comment_status":"open","ping_status":"open","sticky":false,"template":"","format":"standard","meta":{"_acf_changed":false,"_exactmetrics_skip_tracking":false,"_exactmetrics_sitenote_active":false,"_exactmetrics_sitenote_note":"","_exactmetrics_sitenote_category":0,"site-sidebar-layout":"default","site-content-layout":"default","ast-site-content-layout":"default","site-content-style":"default","site-sidebar-style":"default","ast-global-header-display":"","ast-banner-title-visibility":"","ast-main-header-display":"","ast-hfb-above-header-display":"","ast-hfb-below-header-display":"","ast-hfb-mobile-header-display":"","site-post-title":"","ast-breadcrumbs-content":"","ast-featured-img":"","footer-sml-layout":"","theme-transparent-header-meta":"default","adv-header-id-meta":"","stick-header-meta":"","header-above-stick-meta":"","header-main-stick-meta":"","header-below-stick-meta":"","astra-migrate-meta-layouts":"default","ast-page-background-enabled":"default","ast-page-background-meta":{"desktop":{"background-color":"","background-image":"","background-repeat":"repeat","background-position":"center center","background-size":"auto","background-attachment":"scroll","background-type":"","background-media":"","overlay-type":"","overlay-color":"","overlay-opacity":"","overlay-gradient":""},"tablet":{"background-color":"","background-image":"","background-repeat":"repeat","background-position":"center center","background-size":"auto","background-attachment":"scroll","background-type":"","background-media":"","overlay-type":"","overlay-color":"","overlay-opacity":"","overlay-gradient":""},"mobile":{"background-color":"","background-image":"","background-repeat":"repeat","background-position":"center center","background-size":"auto","background-attachment":"scroll","background-type":"","background-media":"","overlay-type":"","overlay-color":"","overlay-opacity":"","overlay-gradient":""}},"ast-content-background-meta":{"desktop":{"background-color":"var(--ast-global-color-5)","background-image":"","background-repeat":"repeat","background-position":"center center","background-size":"auto","background-attachment":"scroll","background-type":"","background-media":"","overlay-type":"","overlay-color":"","overlay-opacity":"","overlay-gradient":""},"tablet":{"background-color":"var(--ast-global-color-5)","background-image":"","background-repeat":"repeat","background-position":"center center","background-size":"auto","background-attachment":"scroll","background-type":"","background-media":"","overlay-type":"","overlay-color":"","overlay-opacity":"","overlay-gradient":""},"mobile":{"background-color":"var(--ast-global-color-5)","background-image":"","background-repeat":"repeat","background-position":"center center","background-size":"auto","background-attachment":"scroll","background-type":"","background-media":"","overlay-type":"","overlay-color":"","overlay-opacity":"","overlay-gradient":""}},"footnotes":""},"categories":[27],"tags":[59,28,1141,466,363],"class_list":["post-2659","post","type-post","status-publish","format-standard","has-post-thumbnail","hentry","category-el-obturador","tag-colombia","tag-el-obturador-es","tag-monica-giraldo-en","tag-musica","tag-tradicion"],"acf":[],"yoast_head":"<!-- This site is optimized with the Yoast SEO plugin v27.4 - https:\/\/yoast.com\/product\/yoast-seo-wordpress\/ -->\n<title>Pasi\u00f3n por lo nuestro: M\u00f3nica Giraldo - Solkes Magazine<\/title>\n<meta name=\"description\" content=\"M\u00f3nica Giraldo es pura pasi\u00f3n por lo nuestro. Con ella el mundo conoce nuestra m\u00fasica, siente nuestro potencial.\" \/>\n<meta name=\"robots\" content=\"index, follow, max-snippet:-1, max-image-preview:large, max-video-preview:-1\" \/>\n<link rel=\"canonical\" href=\"https:\/\/solkes.com\/el-obturador\/2018\/12\/pasion-por-lo-nuestro-monica-giraldo\/\" \/>\n<meta property=\"og:locale\" content=\"en_US\" \/>\n<meta property=\"og:type\" content=\"article\" \/>\n<meta property=\"og:title\" content=\"Pasi\u00f3n por lo nuestro: M\u00f3nica Giraldo - Solkes Magazine\" \/>\n<meta property=\"og:description\" content=\"M\u00f3nica Giraldo es pura pasi\u00f3n por lo nuestro. Con ella el mundo conoce nuestra m\u00fasica, siente nuestro potencial.\" \/>\n<meta property=\"og:url\" content=\"https:\/\/solkes.com\/el-obturador\/2018\/12\/pasion-por-lo-nuestro-monica-giraldo\/\" \/>\n<meta property=\"og:site_name\" content=\"Solkes Magazine\" \/>\n<meta property=\"article:publisher\" content=\"https:\/\/www.facebook.com\/solkesmagazinee\/\" \/>\n<meta property=\"article:published_time\" content=\"2018-12-03T08:00:51+00:00\" \/>\n<meta property=\"article:modified_time\" content=\"2020-12-01T20:29:06+00:00\" \/>\n<meta property=\"og:image\" content=\"https:\/\/solkes.com\/wp-content\/uploads\/2019\/08\/1807_03-2-1.jpg\" \/>\n\t<meta property=\"og:image:width\" content=\"996\" \/>\n\t<meta property=\"og:image:height\" content=\"601\" \/>\n\t<meta property=\"og:image:type\" content=\"image\/jpeg\" \/>\n<meta name=\"author\" content=\"Solkes\" \/>\n<meta name=\"twitter:card\" content=\"summary_large_image\" \/>\n<meta name=\"twitter:label1\" content=\"Written by\" \/>\n\t<meta name=\"twitter:data1\" content=\"Solkes\" \/>\n\t<meta name=\"twitter:label2\" content=\"Est. reading time\" \/>\n\t<meta name=\"twitter:data2\" content=\"6 minutes\" \/>\n<script type=\"application\/ld+json\" class=\"yoast-schema-graph\">{\"@context\":\"https:\\\/\\\/schema.org\",\"@graph\":[{\"@type\":\"Article\",\"@id\":\"https:\\\/\\\/solkes.com\\\/el-obturador\\\/2018\\\/12\\\/pasion-por-lo-nuestro-monica-giraldo\\\/#article\",\"isPartOf\":{\"@id\":\"https:\\\/\\\/solkes.com\\\/el-obturador\\\/2018\\\/12\\\/pasion-por-lo-nuestro-monica-giraldo\\\/\"},\"author\":{\"name\":\"Solkes\",\"@id\":\"https:\\\/\\\/solkes.com\\\/#\\\/schema\\\/person\\\/8a5ec52c7bc1a2152b3d3c80443c1cff\"},\"headline\":\"Pasi\u00f3n por lo nuestro: M\u00f3nica Giraldo\",\"datePublished\":\"2018-12-03T08:00:51+00:00\",\"dateModified\":\"2020-12-01T20:29:06+00:00\",\"mainEntityOfPage\":{\"@id\":\"https:\\\/\\\/solkes.com\\\/el-obturador\\\/2018\\\/12\\\/pasion-por-lo-nuestro-monica-giraldo\\\/\"},\"wordCount\":1124,\"commentCount\":0,\"publisher\":{\"@id\":\"https:\\\/\\\/solkes.com\\\/#organization\"},\"image\":{\"@id\":\"https:\\\/\\\/solkes.com\\\/el-obturador\\\/2018\\\/12\\\/pasion-por-lo-nuestro-monica-giraldo\\\/#primaryimage\"},\"thumbnailUrl\":\"https:\\\/\\\/solkes.com\\\/wp-content\\\/uploads\\\/2019\\\/08\\\/1807_03-2-1.jpg\",\"keywords\":[\"Colombia\",\"El Obturador\",\"M\u00f3nica Giraldo\",\"M\u00fasica\",\"tradici\u00f3n\"],\"articleSection\":[\"El Obturador\"],\"inLanguage\":\"en-US\",\"potentialAction\":[{\"@type\":\"CommentAction\",\"name\":\"Comment\",\"target\":[\"https:\\\/\\\/solkes.com\\\/el-obturador\\\/2018\\\/12\\\/pasion-por-lo-nuestro-monica-giraldo\\\/#respond\"]}]},{\"@type\":\"WebPage\",\"@id\":\"https:\\\/\\\/solkes.com\\\/el-obturador\\\/2018\\\/12\\\/pasion-por-lo-nuestro-monica-giraldo\\\/\",\"url\":\"https:\\\/\\\/solkes.com\\\/el-obturador\\\/2018\\\/12\\\/pasion-por-lo-nuestro-monica-giraldo\\\/\",\"name\":\"Pasi\u00f3n por lo nuestro: M\u00f3nica Giraldo - Solkes Magazine\",\"isPartOf\":{\"@id\":\"https:\\\/\\\/solkes.com\\\/#website\"},\"primaryImageOfPage\":{\"@id\":\"https:\\\/\\\/solkes.com\\\/el-obturador\\\/2018\\\/12\\\/pasion-por-lo-nuestro-monica-giraldo\\\/#primaryimage\"},\"image\":{\"@id\":\"https:\\\/\\\/solkes.com\\\/el-obturador\\\/2018\\\/12\\\/pasion-por-lo-nuestro-monica-giraldo\\\/#primaryimage\"},\"thumbnailUrl\":\"https:\\\/\\\/solkes.com\\\/wp-content\\\/uploads\\\/2019\\\/08\\\/1807_03-2-1.jpg\",\"datePublished\":\"2018-12-03T08:00:51+00:00\",\"dateModified\":\"2020-12-01T20:29:06+00:00\",\"description\":\"M\u00f3nica Giraldo es pura pasi\u00f3n por lo nuestro. Con ella el mundo conoce nuestra m\u00fasica, siente nuestro potencial.\",\"breadcrumb\":{\"@id\":\"https:\\\/\\\/solkes.com\\\/el-obturador\\\/2018\\\/12\\\/pasion-por-lo-nuestro-monica-giraldo\\\/#breadcrumb\"},\"inLanguage\":\"en-US\",\"potentialAction\":[{\"@type\":\"ReadAction\",\"target\":[\"https:\\\/\\\/solkes.com\\\/el-obturador\\\/2018\\\/12\\\/pasion-por-lo-nuestro-monica-giraldo\\\/\"]}]},{\"@type\":\"ImageObject\",\"inLanguage\":\"en-US\",\"@id\":\"https:\\\/\\\/solkes.com\\\/el-obturador\\\/2018\\\/12\\\/pasion-por-lo-nuestro-monica-giraldo\\\/#primaryimage\",\"url\":\"https:\\\/\\\/solkes.com\\\/wp-content\\\/uploads\\\/2019\\\/08\\\/1807_03-2-1.jpg\",\"contentUrl\":\"https:\\\/\\\/solkes.com\\\/wp-content\\\/uploads\\\/2019\\\/08\\\/1807_03-2-1.jpg\",\"width\":996,\"height\":601,\"caption\":\"Foto: Jorge Velasquez \u00a9 Solkes\"},{\"@type\":\"BreadcrumbList\",\"@id\":\"https:\\\/\\\/solkes.com\\\/el-obturador\\\/2018\\\/12\\\/pasion-por-lo-nuestro-monica-giraldo\\\/#breadcrumb\",\"itemListElement\":[{\"@type\":\"ListItem\",\"position\":1,\"name\":\"Portada\",\"item\":\"https:\\\/\\\/solkes.com\\\/\"},{\"@type\":\"ListItem\",\"position\":2,\"name\":\"Pasi\u00f3n por lo nuestro: M\u00f3nica Giraldo\"}]},{\"@type\":\"WebSite\",\"@id\":\"https:\\\/\\\/solkes.com\\\/#website\",\"url\":\"https:\\\/\\\/solkes.com\\\/\",\"name\":\"Solkes Magazine\",\"description\":\"solkes.com\",\"publisher\":{\"@id\":\"https:\\\/\\\/solkes.com\\\/#organization\"},\"potentialAction\":[{\"@type\":\"SearchAction\",\"target\":{\"@type\":\"EntryPoint\",\"urlTemplate\":\"https:\\\/\\\/solkes.com\\\/?s={search_term_string}\"},\"query-input\":{\"@type\":\"PropertyValueSpecification\",\"valueRequired\":true,\"valueName\":\"search_term_string\"}}],\"inLanguage\":\"en-US\"},{\"@type\":\"Organization\",\"@id\":\"https:\\\/\\\/solkes.com\\\/#organization\",\"name\":\"Solkes Magazine\",\"url\":\"https:\\\/\\\/solkes.com\\\/\",\"logo\":{\"@type\":\"ImageObject\",\"inLanguage\":\"en-US\",\"@id\":\"https:\\\/\\\/solkes.com\\\/#\\\/schema\\\/logo\\\/image\\\/\",\"url\":\"https:\\\/\\\/solkes.com\\\/wp-content\\\/uploads\\\/2024\\\/09\\\/logo-SOLKES-820px-x-312px.png\",\"contentUrl\":\"https:\\\/\\\/solkes.com\\\/wp-content\\\/uploads\\\/2024\\\/09\\\/logo-SOLKES-820px-x-312px.png\",\"width\":411,\"height\":303,\"caption\":\"Solkes Magazine\"},\"image\":{\"@id\":\"https:\\\/\\\/solkes.com\\\/#\\\/schema\\\/logo\\\/image\\\/\"},\"sameAs\":[\"https:\\\/\\\/www.facebook.com\\\/solkesmagazinee\\\/\",\"https:\\\/\\\/instagram.com\\\/solkesmagazine\\\/\"]},{\"@type\":\"Person\",\"@id\":\"https:\\\/\\\/solkes.com\\\/#\\\/schema\\\/person\\\/8a5ec52c7bc1a2152b3d3c80443c1cff\",\"name\":\"Solkes\",\"image\":{\"@type\":\"ImageObject\",\"inLanguage\":\"en-US\",\"@id\":\"https:\\\/\\\/secure.gravatar.com\\\/avatar\\\/13f31bf374b98c36ad5d4509352ea6cffb8801414e0fce7d5fc3dd9380dfb85a?s=96&d=identicon&r=g\",\"url\":\"https:\\\/\\\/secure.gravatar.com\\\/avatar\\\/13f31bf374b98c36ad5d4509352ea6cffb8801414e0fce7d5fc3dd9380dfb85a?s=96&d=identicon&r=g\",\"contentUrl\":\"https:\\\/\\\/secure.gravatar.com\\\/avatar\\\/13f31bf374b98c36ad5d4509352ea6cffb8801414e0fce7d5fc3dd9380dfb85a?s=96&d=identicon&r=g\",\"caption\":\"Solkes\"},\"description\":\"Equipo de redacci\u00f3n ******************************************************* Editorial team\",\"url\":\"https:\\\/\\\/solkes.com\\\/en\\\/author\\\/solkes\\\/\"}]}<\/script>\n<!-- \/ Yoast SEO plugin. -->","yoast_head_json":{"title":"Pasi\u00f3n por lo nuestro: M\u00f3nica Giraldo - Solkes Magazine","description":"M\u00f3nica Giraldo es pura pasi\u00f3n por lo nuestro. Con ella el mundo conoce nuestra m\u00fasica, siente nuestro potencial.","robots":{"index":"index","follow":"follow","max-snippet":"max-snippet:-1","max-image-preview":"max-image-preview:large","max-video-preview":"max-video-preview:-1"},"canonical":"https:\/\/solkes.com\/el-obturador\/2018\/12\/pasion-por-lo-nuestro-monica-giraldo\/","og_locale":"en_US","og_type":"article","og_title":"Pasi\u00f3n por lo nuestro: M\u00f3nica Giraldo - Solkes Magazine","og_description":"M\u00f3nica Giraldo es pura pasi\u00f3n por lo nuestro. Con ella el mundo conoce nuestra m\u00fasica, siente nuestro potencial.","og_url":"https:\/\/solkes.com\/el-obturador\/2018\/12\/pasion-por-lo-nuestro-monica-giraldo\/","og_site_name":"Solkes Magazine","article_publisher":"https:\/\/www.facebook.com\/solkesmagazinee\/","article_published_time":"2018-12-03T08:00:51+00:00","article_modified_time":"2020-12-01T20:29:06+00:00","og_image":[{"width":996,"height":601,"url":"https:\/\/solkes.com\/wp-content\/uploads\/2019\/08\/1807_03-2-1.jpg","type":"image\/jpeg"}],"author":"Solkes","twitter_card":"summary_large_image","twitter_misc":{"Written by":"Solkes","Est. reading time":"6 minutes"},"schema":{"@context":"https:\/\/schema.org","@graph":[{"@type":"Article","@id":"https:\/\/solkes.com\/el-obturador\/2018\/12\/pasion-por-lo-nuestro-monica-giraldo\/#article","isPartOf":{"@id":"https:\/\/solkes.com\/el-obturador\/2018\/12\/pasion-por-lo-nuestro-monica-giraldo\/"},"author":{"name":"Solkes","@id":"https:\/\/solkes.com\/#\/schema\/person\/8a5ec52c7bc1a2152b3d3c80443c1cff"},"headline":"Pasi\u00f3n por lo nuestro: M\u00f3nica Giraldo","datePublished":"2018-12-03T08:00:51+00:00","dateModified":"2020-12-01T20:29:06+00:00","mainEntityOfPage":{"@id":"https:\/\/solkes.com\/el-obturador\/2018\/12\/pasion-por-lo-nuestro-monica-giraldo\/"},"wordCount":1124,"commentCount":0,"publisher":{"@id":"https:\/\/solkes.com\/#organization"},"image":{"@id":"https:\/\/solkes.com\/el-obturador\/2018\/12\/pasion-por-lo-nuestro-monica-giraldo\/#primaryimage"},"thumbnailUrl":"https:\/\/solkes.com\/wp-content\/uploads\/2019\/08\/1807_03-2-1.jpg","keywords":["Colombia","El Obturador","M\u00f3nica Giraldo","M\u00fasica","tradici\u00f3n"],"articleSection":["El Obturador"],"inLanguage":"en-US","potentialAction":[{"@type":"CommentAction","name":"Comment","target":["https:\/\/solkes.com\/el-obturador\/2018\/12\/pasion-por-lo-nuestro-monica-giraldo\/#respond"]}]},{"@type":"WebPage","@id":"https:\/\/solkes.com\/el-obturador\/2018\/12\/pasion-por-lo-nuestro-monica-giraldo\/","url":"https:\/\/solkes.com\/el-obturador\/2018\/12\/pasion-por-lo-nuestro-monica-giraldo\/","name":"Pasi\u00f3n por lo nuestro: M\u00f3nica Giraldo - Solkes Magazine","isPartOf":{"@id":"https:\/\/solkes.com\/#website"},"primaryImageOfPage":{"@id":"https:\/\/solkes.com\/el-obturador\/2018\/12\/pasion-por-lo-nuestro-monica-giraldo\/#primaryimage"},"image":{"@id":"https:\/\/solkes.com\/el-obturador\/2018\/12\/pasion-por-lo-nuestro-monica-giraldo\/#primaryimage"},"thumbnailUrl":"https:\/\/solkes.com\/wp-content\/uploads\/2019\/08\/1807_03-2-1.jpg","datePublished":"2018-12-03T08:00:51+00:00","dateModified":"2020-12-01T20:29:06+00:00","description":"M\u00f3nica Giraldo es pura pasi\u00f3n por lo nuestro. Con ella el mundo conoce nuestra m\u00fasica, siente nuestro potencial.","breadcrumb":{"@id":"https:\/\/solkes.com\/el-obturador\/2018\/12\/pasion-por-lo-nuestro-monica-giraldo\/#breadcrumb"},"inLanguage":"en-US","potentialAction":[{"@type":"ReadAction","target":["https:\/\/solkes.com\/el-obturador\/2018\/12\/pasion-por-lo-nuestro-monica-giraldo\/"]}]},{"@type":"ImageObject","inLanguage":"en-US","@id":"https:\/\/solkes.com\/el-obturador\/2018\/12\/pasion-por-lo-nuestro-monica-giraldo\/#primaryimage","url":"https:\/\/solkes.com\/wp-content\/uploads\/2019\/08\/1807_03-2-1.jpg","contentUrl":"https:\/\/solkes.com\/wp-content\/uploads\/2019\/08\/1807_03-2-1.jpg","width":996,"height":601,"caption":"Foto: Jorge Velasquez \u00a9 Solkes"},{"@type":"BreadcrumbList","@id":"https:\/\/solkes.com\/el-obturador\/2018\/12\/pasion-por-lo-nuestro-monica-giraldo\/#breadcrumb","itemListElement":[{"@type":"ListItem","position":1,"name":"Portada","item":"https:\/\/solkes.com\/"},{"@type":"ListItem","position":2,"name":"Pasi\u00f3n por lo nuestro: M\u00f3nica Giraldo"}]},{"@type":"WebSite","@id":"https:\/\/solkes.com\/#website","url":"https:\/\/solkes.com\/","name":"Solkes Magazine","description":"solkes.com","publisher":{"@id":"https:\/\/solkes.com\/#organization"},"potentialAction":[{"@type":"SearchAction","target":{"@type":"EntryPoint","urlTemplate":"https:\/\/solkes.com\/?s={search_term_string}"},"query-input":{"@type":"PropertyValueSpecification","valueRequired":true,"valueName":"search_term_string"}}],"inLanguage":"en-US"},{"@type":"Organization","@id":"https:\/\/solkes.com\/#organization","name":"Solkes Magazine","url":"https:\/\/solkes.com\/","logo":{"@type":"ImageObject","inLanguage":"en-US","@id":"https:\/\/solkes.com\/#\/schema\/logo\/image\/","url":"https:\/\/solkes.com\/wp-content\/uploads\/2024\/09\/logo-SOLKES-820px-x-312px.png","contentUrl":"https:\/\/solkes.com\/wp-content\/uploads\/2024\/09\/logo-SOLKES-820px-x-312px.png","width":411,"height":303,"caption":"Solkes Magazine"},"image":{"@id":"https:\/\/solkes.com\/#\/schema\/logo\/image\/"},"sameAs":["https:\/\/www.facebook.com\/solkesmagazinee\/","https:\/\/instagram.com\/solkesmagazine\/"]},{"@type":"Person","@id":"https:\/\/solkes.com\/#\/schema\/person\/8a5ec52c7bc1a2152b3d3c80443c1cff","name":"Solkes","image":{"@type":"ImageObject","inLanguage":"en-US","@id":"https:\/\/secure.gravatar.com\/avatar\/13f31bf374b98c36ad5d4509352ea6cffb8801414e0fce7d5fc3dd9380dfb85a?s=96&d=identicon&r=g","url":"https:\/\/secure.gravatar.com\/avatar\/13f31bf374b98c36ad5d4509352ea6cffb8801414e0fce7d5fc3dd9380dfb85a?s=96&d=identicon&r=g","contentUrl":"https:\/\/secure.gravatar.com\/avatar\/13f31bf374b98c36ad5d4509352ea6cffb8801414e0fce7d5fc3dd9380dfb85a?s=96&d=identicon&r=g","caption":"Solkes"},"description":"Equipo de redacci\u00f3n ******************************************************* Editorial team","url":"https:\/\/solkes.com\/en\/author\/solkes\/"}]}},"_links":{"self":[{"href":"https:\/\/solkes.com\/en\/wp-json\/wp\/v2\/posts\/2659","targetHints":{"allow":["GET"]}}],"collection":[{"href":"https:\/\/solkes.com\/en\/wp-json\/wp\/v2\/posts"}],"about":[{"href":"https:\/\/solkes.com\/en\/wp-json\/wp\/v2\/types\/post"}],"author":[{"embeddable":true,"href":"https:\/\/solkes.com\/en\/wp-json\/wp\/v2\/users\/8"}],"replies":[{"embeddable":true,"href":"https:\/\/solkes.com\/en\/wp-json\/wp\/v2\/comments?post=2659"}],"version-history":[{"count":4,"href":"https:\/\/solkes.com\/en\/wp-json\/wp\/v2\/posts\/2659\/revisions"}],"predecessor-version":[{"id":12695,"href":"https:\/\/solkes.com\/en\/wp-json\/wp\/v2\/posts\/2659\/revisions\/12695"}],"wp:featuredmedia":[{"embeddable":true,"href":"https:\/\/solkes.com\/en\/wp-json\/wp\/v2\/media\/1474"}],"wp:attachment":[{"href":"https:\/\/solkes.com\/en\/wp-json\/wp\/v2\/media?parent=2659"}],"wp:term":[{"taxonomy":"category","embeddable":true,"href":"https:\/\/solkes.com\/en\/wp-json\/wp\/v2\/categories?post=2659"},{"taxonomy":"post_tag","embeddable":true,"href":"https:\/\/solkes.com\/en\/wp-json\/wp\/v2\/tags?post=2659"}],"curies":[{"name":"wp","href":"https:\/\/api.w.org\/{rel}","templated":true}]}}