{"id":2647,"date":"2018-11-03T10:00:52","date_gmt":"2018-11-03T08:00:52","guid":{"rendered":"http:\/\/solkes.com\/?p=2647"},"modified":"2020-12-01T22:30:42","modified_gmt":"2020-12-01T20:30:42","slug":"danilov-a-mezzo-soprano","status":"publish","type":"post","link":"https:\/\/solkes.com\/en\/the-shutter\/2018\/11\/danilov-a-mezzo-soprano\/","title":{"rendered":"Danilov a Mezzo Soprano"},"content":{"rendered":"<p><span class=\"dropcap dropcap2\" style=\"color: #138a8d;\">W<\/span>hen I realised I was going to interview M\u00f3nica Danilov I had to find out about the world of mezzo sopranos. In all honesty, I didn&#8217;t know much about the subject.<\/p>\n<p>The first thing is to know is that <a href=\"https:\/\/en.wikipedia.org\/wiki\/Mezzo-soprano\"><strong><span style=\"color: #138a8d;\">Mezzo Soprano<\/span><\/strong><\/a> refers to the middle voice that is below the soprano and above the contraalto.<\/p>\n<h3><span style=\"color: #138a8d;\"><strong>Discovering M\u00f3nica Danilov<\/strong><\/span><\/h3>\n<figure id=\"attachment_1464\" aria-describedby=\"caption-attachment-1464\" style=\"width: 300px\" class=\"wp-caption alignright\"><a href=\"https:\/\/solkes.com\/wp-content\/uploads\/2019\/08\/1806_01-2-1.jpg\"><img fetchpriority=\"high\" decoding=\"async\" class=\"size-medium wp-image-1464\" src=\"http:\/\/solkes.com\/wp-content\/uploads\/2019\/08\/1806_01-2-300x482.jpg\" alt=\"\" width=\"300\" height=\"482\" \/><\/a><figcaption id=\"caption-attachment-1464\" class=\"wp-caption-text\">M\u00f3nica Danilov \u00a9 Solkes<\/figcaption><\/figure>\n<p>Well, so much for technicalities. This Colombian talent was born in <a href=\"https:\/\/www.cityofsacramento.org\/Visitors\"><strong><span style=\"color: #138a8d;\">Sacramento, CA<\/span><\/strong><\/a> but her heart remains in Colombia.<\/p>\n<p>From an early age she took piano and oboe lessons. Then her mom signed her up in a professional children&#8217;s choir, <a href=\"https:\/\/www.sacramentochildrenschorus.org\"><strong><span style=\"color: #138a8d;\">Sacramento Children&#8217;s Chorus<\/span><\/strong>,<\/a> and she fell in love with singing. With this choir she had the opportunity to travel a lot and thats how she found out this was going to be her career.<\/p>\n<p>M\u00f3nica has dedicated herself to educating her voice and polishing her talent. For this reason, she studied lyric singing at the <a href=\"https:\/\/www.msmnyc.edu\"><strong><span style=\"color: #138a8d;\">Manhattan School of Music<\/span> <\/strong><\/a>in New York, and then did a masters degree in lyrical singing at the Brooklyn College Conservatory with mezzo soprano Patricia McCaffrey.<\/p>\n<p>But, the thing is that we wanted to know a little more about who she is as a woman and artist. With this in mind, I asked her some questions while she told me about his life.<\/p>\n<p><strong><span style=\"color: #138a8d;\">Solkes:<\/span> <\/strong>What does music mean to you?<\/p>\n<p><strong><span style=\"color: #138a8d;\">M\u00f3nica Danilov:<\/span><\/strong> For me, music is everything &#8211; it is what I like the most, which is my profession. It is very nice to be able to dedicate myself to the thing I like the most. I already see it as a really normal job. I go to the theater or to my rehearsals, just like a doctor would go to his office, for example.<\/p>\n<h3><span style=\"color: #138a8d;\"><strong>Difficulties and pride<\/strong><\/span><\/h3>\n<p>So far the most difficult thing has been to understand that in the Opera world, ths casting process is not always fair.<\/p>\n<figure id=\"attachment_1466\" aria-describedby=\"caption-attachment-1466\" style=\"width: 300px\" class=\"wp-caption alignleft\"><a href=\"https:\/\/solkes.com\/wp-content\/uploads\/2019\/08\/1806_03-2-1.jpg\"><img decoding=\"async\" class=\"size-medium wp-image-1466\" src=\"http:\/\/solkes.com\/wp-content\/uploads\/2019\/08\/1806_03-2-300x482.jpg\" alt=\"\" width=\"300\" height=\"482\" \/><\/a><figcaption id=\"caption-attachment-1466\" class=\"wp-caption-text\">M\u00f3nica Danilov \u00a9 Solkes<\/figcaption><\/figure>\n<p>This means that even if you sing perfectly or better than someone, if there are friendships with that company, it is the only thing that matters.<\/p>\n<p><span class=\"dropcap dropcap2\">S<\/span>ome of the orchestra directors with whom she has worked are: Jun Nakabayashi, Alan Gilbert, Dante Ranieri, Kent Tritle, Richard Barrett, Olivier Grandgean, Ricardo Jaramillo and Carmen Helena Tellez.<\/p>\n<p>As for artistic directors, she has worked with: Mitch Sebastian, Dona Vaughn, Yefim Maizel, Natalia Menendez, Jose Dario Innella, among others.<\/p>\n<p>She feels proud of several moments. For example, a project she did in NY by the Brazilian composer Jose Mauricio Nu\u00f1es Garcia.<\/p>\n<p>At that moment, she was the solo in his \u00a8Requiem\u00a8, it had never been presented in NY. She also participated in the Florencia en el Amazonas opera, directed by Pedro Salazar and accompanied by the Nueva Filarmonia Orchestra, directed by Ricardo Jaramillo. In this occasion the cast has a very high level and was 100% Colombian.<\/p>\n<figure id=\"attachment_1468\" aria-describedby=\"caption-attachment-1468\" style=\"width: 300px\" class=\"wp-caption alignright\"><a href=\"https:\/\/solkes.com\/wp-content\/uploads\/2019\/08\/1806_05-1-1.jpg\"><img decoding=\"async\" class=\"wp-image-1468 size-medium\" src=\"http:\/\/solkes.com\/wp-content\/uploads\/2019\/08\/1806_05-1-300x482.jpg\" alt=\"\" width=\"300\" height=\"482\" \/><\/a><figcaption id=\"caption-attachment-1468\" class=\"wp-caption-text\">M\u00f3nica Danilov \u00a9 Solkes<\/figcaption><\/figure>\n<p>Of course, her role in The Sound of Music is a source of great pride for her.<\/p>\n<p>In 2016 she premiered as a soloist the Gloria de Poulenc with the <strong><span style=\"color: #138a8d;\"><a style=\"color: #138a8d;\" href=\"https:\/\/sinfonica.com.co\">Colombian Symphony Orchestra<\/a><\/span><\/strong> under the direction of Olivier Granjean (France). In the work carried out by the Colombian Ministry of Culture and the Teatro Colon, \u00a8Tejiendo la Paz\u00a8, she was soloist once more.<\/p>\n<p><strong><span style=\"color: #138a8d;\">Solkes:<\/span> <\/strong> What did the The Sound of Music mean to you?<\/p>\n<p><strong><span style=\"color: #138a8d;\">M.D:\u00a0<\/span><\/strong>For me the The Sound of Music, has been one of the roles that I have adored. Aside from the fact that it was my favorite movie when I was little, it is the role that allowed me to connect professionally with Colombia. I had been out of the country for such a long time, and I had lost the contacts so it was hard to work. With The Sound of Music I was able to showcase myself in Colombia and get more work here.<\/p>\n<h3><span style=\"color: #138a8d;\"><strong>Goals and passions<\/strong><\/span><\/h3>\n<p><strong><span style=\"color: #138a8d;\">Solkes:<\/span> <\/strong>If you did not do this, what would you do?<\/p>\n<p><strong><span style=\"color: #138a8d;\">M.D:<\/span><\/strong> I think I would be helping people through other means such as psychology or something like that. Maybe I would have been a Chef, I love cooking.<\/p>\n<p>&nbsp;<\/p>\n<figure id=\"attachment_1467\" aria-describedby=\"caption-attachment-1467\" style=\"width: 996px\" class=\"wp-caption aligncenter\"><a href=\"https:\/\/solkes.com\/wp-content\/uploads\/2019\/08\/1806_04-2-1.jpg\"><img loading=\"lazy\" decoding=\"async\" class=\"size-full wp-image-1467\" src=\"https:\/\/solkes.com\/wp-content\/uploads\/2019\/08\/1806_04-2-1.jpg\" alt=\"\" width=\"996\" height=\"601\" srcset=\"https:\/\/solkes.com\/wp-content\/uploads\/2019\/08\/1806_04-2-1.jpg 996w, https:\/\/solkes.com\/wp-content\/uploads\/2019\/08\/1806_04-2-1-300x181.jpg 300w, https:\/\/solkes.com\/wp-content\/uploads\/2019\/08\/1806_04-2-1-768x463.jpg 768w, https:\/\/solkes.com\/wp-content\/uploads\/2019\/08\/1806_04-2-1-320x193.jpg 320w\" sizes=\"(max-width: 996px) 100vw, 996px\" \/><\/a><figcaption id=\"caption-attachment-1467\" class=\"wp-caption-text\">M\u00f3nica Danilov \u00a9 Solkes<\/figcaption><\/figure>\n<p>Among M\u00f3nica&#8217;s objectives, singing in world renowned theaters is a must, to reach as many people as possible and touch the souls with her voice. She would love to sing more in Latin American theaters.<\/p>\n<figure id=\"attachment_1470\" aria-describedby=\"caption-attachment-1470\" style=\"width: 300px\" class=\"wp-caption alignleft\"><a href=\"https:\/\/solkes.com\/wp-content\/uploads\/2019\/08\/1806_07-1-1.jpg\"><img loading=\"lazy\" decoding=\"async\" class=\"size-medium wp-image-1470\" src=\"http:\/\/solkes.com\/wp-content\/uploads\/2019\/08\/1806_07-1-300x482.jpg\" alt=\"\" width=\"300\" height=\"482\" \/><\/a><figcaption id=\"caption-attachment-1470\" class=\"wp-caption-text\">M\u00f3nica Danilov \u00a9 Solkes<\/figcaption><\/figure>\n<p><strong><span style=\"color: #138a8d;\">Solkes:<\/span> <\/strong> What are you passionate about?<\/p>\n<p><strong><span style=\"color: #138a8d;\">M.D:\u00a0<\/span><\/strong>I love singing, I love working with colleagues of very high level, or inspiring directors because they motivate me.<\/p>\n<p><strong><span style=\"color: #138a8d;\">Solkes:<\/span>\u00a0<\/strong>Out of all the people you&#8217;ve worked with, who has an impact on you?<\/p>\n<p><strong><span style=\"color: #138a8d;\">M.D:<\/span><\/strong> I always remember <a href=\"https:\/\/kenttritle.com\"><strong><span style=\"color: #138a8d;\">Kent Tritle.<\/span><\/strong><\/a> He is currently one of the most recognized choral directors in the world. He gave me many opportunities to sing as a soloist in his projects &#8211; and besides being an eminence, he is a great human being.<\/p>\n<h3><span style=\"color: #138a8d;\"><strong>The future is huge<\/strong><\/span><\/h3>\n<p>She told me that Colombia is going through an incredible cultural moment. It is in an artistic &#8220;boom&#8221;, where we find festivals of all genres, there are a lot of orchestras besides La Sinfonica and La Filarmonica.<\/p>\n<p>There are many Colombian singers, there are very good Colombian directors and people are really considering music as a viable profession.<\/p>\n<figure id=\"attachment_1471\" aria-describedby=\"caption-attachment-1471\" style=\"width: 300px\" class=\"wp-caption alignright\"><a href=\"https:\/\/solkes.com\/wp-content\/uploads\/2019\/08\/1806_08-2.jpg\"><img loading=\"lazy\" decoding=\"async\" class=\"size-medium wp-image-1471\" src=\"http:\/\/solkes.com\/wp-content\/uploads\/2019\/08\/1806_08-300x482.jpg\" alt=\"\" width=\"300\" height=\"482\" \/><\/a><figcaption id=\"caption-attachment-1471\" class=\"wp-caption-text\">M\u00f3nica Danilov \u00a9 Solkes<\/figcaption><\/figure>\n<p>It is important to consider that Colombian singers or Colombian productions are equal or better than foreign productions.<\/p>\n<p>For some reason, in Colombia people think that everything that comes from other places is better (I am North American \/ Colombian), and I label myself as Colombian, even though that does not always help me.<\/p>\n<p>She told me, something that made me feel very uncomfortable. She told me that most of the time, theaters prefer to hire foreigners, and schedule foreign productions, that areot necesarrily better than the Colombian productions.<\/p>\n<p><span class=\"dropcap dropcap2\" style=\"color: #138a8d;\">M<\/span>\u00f3nica will have several future adventures. In the \u00a8Rise and Fall of the city of Mahagonny\u00a8 opera she plays M\u00e4dchen (Argentinian and Chilean production). She will be the mezzo soprano soloist of the Stabat Mater of Pergolesi with the EAFIT symphonic orchestra in Medellin, she will sing at the Cairo Opera House and in in Accra-Ghana. She wil also be signing the voice of Paula in Florencia en el Amazonas for the second time and in the role of Flora in &#8220;La Travata&#8221;. We should only surrender to her voice, her human warmth and her talent.<\/p>\n","protected":false},"excerpt":{"rendered":"<p>When I realised I was going to interview M\u00f3nica Danilov I had to find out about the world of mezzo sopranos. In all honesty, I didn&#8217;t know much about the subject. The first thing is to know is that Mezzo Soprano refers to the middle voice that is below the soprano and above the contraalto. [&hellip;]<\/p>\n","protected":false},"author":76,"featured_media":1469,"comment_status":"open","ping_status":"open","sticky":false,"template":"","format":"standard","meta":{"_acf_changed":false,"_exactmetrics_skip_tracking":false,"_exactmetrics_sitenote_active":false,"_exactmetrics_sitenote_note":"","_exactmetrics_sitenote_category":0,"site-sidebar-layout":"default","site-content-layout":"default","ast-site-content-layout":"default","site-content-style":"default","site-sidebar-style":"default","ast-global-header-display":"","ast-banner-title-visibility":"","ast-main-header-display":"","ast-hfb-above-header-display":"","ast-hfb-below-header-display":"","ast-hfb-mobile-header-display":"","site-post-title":"","ast-breadcrumbs-content":"","ast-featured-img":"","footer-sml-layout":"","theme-transparent-header-meta":"default","adv-header-id-meta":"","stick-header-meta":"","header-above-stick-meta":"","header-main-stick-meta":"","header-below-stick-meta":"","astra-migrate-meta-layouts":"default","ast-page-background-enabled":"default","ast-page-background-meta":{"desktop":{"background-color":"","background-image":"","background-repeat":"repeat","background-position":"center center","background-size":"auto","background-attachment":"scroll","background-type":"","background-media":"","overlay-type":"","overlay-color":"","overlay-opacity":"","overlay-gradient":""},"tablet":{"background-color":"","background-image":"","background-repeat":"repeat","background-position":"center center","background-size":"auto","background-attachment":"scroll","background-type":"","background-media":"","overlay-type":"","overlay-color":"","overlay-opacity":"","overlay-gradient":""},"mobile":{"background-color":"","background-image":"","background-repeat":"repeat","background-position":"center center","background-size":"auto","background-attachment":"scroll","background-type":"","background-media":"","overlay-type":"","overlay-color":"","overlay-opacity":"","overlay-gradient":""}},"ast-content-background-meta":{"desktop":{"background-color":"var(--ast-global-color-5)","background-image":"","background-repeat":"repeat","background-position":"center center","background-size":"auto","background-attachment":"scroll","background-type":"","background-media":"","overlay-type":"","overlay-color":"","overlay-opacity":"","overlay-gradient":""},"tablet":{"background-color":"var(--ast-global-color-5)","background-image":"","background-repeat":"repeat","background-position":"center center","background-size":"auto","background-attachment":"scroll","background-type":"","background-media":"","overlay-type":"","overlay-color":"","overlay-opacity":"","overlay-gradient":""},"mobile":{"background-color":"var(--ast-global-color-5)","background-image":"","background-repeat":"repeat","background-position":"center center","background-size":"auto","background-attachment":"scroll","background-type":"","background-media":"","overlay-type":"","overlay-color":"","overlay-opacity":"","overlay-gradient":""}},"footnotes":""},"categories":[39],"tags":[653,801,1946,1948,1947],"class_list":["post-2647","post","type-post","status-publish","format-standard","has-post-thumbnail","hentry","category-the-shutter","tag-art-en","tag-colombia-en-2","tag-mezzo-soprano","tag-opera","tag-united-states-of-america-en"],"acf":[],"yoast_head":"<!-- This site is optimized with the Yoast SEO plugin v27.4 - https:\/\/yoast.com\/product\/yoast-seo-wordpress\/ -->\n<title>Danilov a Mezzo Soprano - Solkes Magazine<\/title>\n<meta name=\"description\" content=\"M\u00f3nica Danilov is a colombian talent. A mezzo Soprano. Eventhough she was born in Sacramento, CA her heart remains in Colombia.\" \/>\n<meta name=\"robots\" content=\"index, follow, max-snippet:-1, max-image-preview:large, max-video-preview:-1\" \/>\n<link rel=\"canonical\" href=\"https:\/\/solkes.com\/en\/the-shutter\/2018\/11\/danilov-a-mezzo-soprano\/\" \/>\n<meta property=\"og:locale\" content=\"en_US\" \/>\n<meta property=\"og:type\" content=\"article\" \/>\n<meta property=\"og:title\" content=\"Danilov a Mezzo Soprano - Solkes Magazine\" \/>\n<meta property=\"og:description\" content=\"M\u00f3nica Danilov is a colombian talent. A mezzo Soprano. Eventhough she was born in Sacramento, CA her heart remains in Colombia.\" \/>\n<meta property=\"og:url\" content=\"https:\/\/solkes.com\/en\/the-shutter\/2018\/11\/danilov-a-mezzo-soprano\/\" \/>\n<meta property=\"og:site_name\" content=\"Solkes Magazine\" \/>\n<meta property=\"article:publisher\" content=\"https:\/\/www.facebook.com\/solkesmagazinee\/\" \/>\n<meta property=\"article:published_time\" content=\"2018-11-03T08:00:52+00:00\" \/>\n<meta property=\"article:modified_time\" content=\"2020-12-01T20:30:42+00:00\" \/>\n<meta property=\"og:image\" content=\"https:\/\/solkes.com\/wp-content\/uploads\/2019\/08\/1806_06-2.jpg\" \/>\n\t<meta property=\"og:image:width\" content=\"996\" \/>\n\t<meta property=\"og:image:height\" content=\"601\" \/>\n\t<meta property=\"og:image:type\" content=\"image\/jpeg\" \/>\n<meta name=\"author\" content=\"Laura Viera A.\" \/>\n<meta name=\"twitter:card\" content=\"summary_large_image\" \/>\n<meta name=\"twitter:label1\" content=\"Written by\" \/>\n\t<meta name=\"twitter:data1\" content=\"Laura Viera A.\" \/>\n\t<meta name=\"twitter:label2\" content=\"Est. reading time\" \/>\n\t<meta name=\"twitter:data2\" content=\"6 minutes\" \/>\n<script type=\"application\/ld+json\" class=\"yoast-schema-graph\">{\"@context\":\"https:\\\/\\\/schema.org\",\"@graph\":[{\"@type\":\"Article\",\"@id\":\"https:\\\/\\\/solkes.com\\\/en\\\/the-shutter\\\/2018\\\/11\\\/danilov-a-mezzo-soprano\\\/#article\",\"isPartOf\":{\"@id\":\"https:\\\/\\\/solkes.com\\\/en\\\/the-shutter\\\/2018\\\/11\\\/danilov-a-mezzo-soprano\\\/\"},\"author\":{\"name\":\"Laura Viera A.\",\"@id\":\"https:\\\/\\\/solkes.com\\\/#\\\/schema\\\/person\\\/54684f1c0bebcaff4d6b3f1ec2e71e91\"},\"headline\":\"Danilov a Mezzo Soprano\",\"datePublished\":\"2018-11-03T08:00:52+00:00\",\"dateModified\":\"2020-12-01T20:30:42+00:00\",\"mainEntityOfPage\":{\"@id\":\"https:\\\/\\\/solkes.com\\\/en\\\/the-shutter\\\/2018\\\/11\\\/danilov-a-mezzo-soprano\\\/\"},\"wordCount\":1121,\"commentCount\":0,\"publisher\":{\"@id\":\"https:\\\/\\\/solkes.com\\\/#organization\"},\"image\":{\"@id\":\"https:\\\/\\\/solkes.com\\\/en\\\/the-shutter\\\/2018\\\/11\\\/danilov-a-mezzo-soprano\\\/#primaryimage\"},\"thumbnailUrl\":\"https:\\\/\\\/solkes.com\\\/wp-content\\\/uploads\\\/2019\\\/08\\\/1806_06-2.jpg\",\"keywords\":[\"Art\",\"Colombia\",\"Mezzo Soprano\",\"opera\",\"United States of America\"],\"articleSection\":[\"The Shutter\"],\"inLanguage\":\"en-US\",\"potentialAction\":[{\"@type\":\"CommentAction\",\"name\":\"Comment\",\"target\":[\"https:\\\/\\\/solkes.com\\\/en\\\/the-shutter\\\/2018\\\/11\\\/danilov-a-mezzo-soprano\\\/#respond\"]}]},{\"@type\":\"WebPage\",\"@id\":\"https:\\\/\\\/solkes.com\\\/en\\\/the-shutter\\\/2018\\\/11\\\/danilov-a-mezzo-soprano\\\/\",\"url\":\"https:\\\/\\\/solkes.com\\\/en\\\/the-shutter\\\/2018\\\/11\\\/danilov-a-mezzo-soprano\\\/\",\"name\":\"Danilov a Mezzo Soprano - Solkes Magazine\",\"isPartOf\":{\"@id\":\"https:\\\/\\\/solkes.com\\\/#website\"},\"primaryImageOfPage\":{\"@id\":\"https:\\\/\\\/solkes.com\\\/en\\\/the-shutter\\\/2018\\\/11\\\/danilov-a-mezzo-soprano\\\/#primaryimage\"},\"image\":{\"@id\":\"https:\\\/\\\/solkes.com\\\/en\\\/the-shutter\\\/2018\\\/11\\\/danilov-a-mezzo-soprano\\\/#primaryimage\"},\"thumbnailUrl\":\"https:\\\/\\\/solkes.com\\\/wp-content\\\/uploads\\\/2019\\\/08\\\/1806_06-2.jpg\",\"datePublished\":\"2018-11-03T08:00:52+00:00\",\"dateModified\":\"2020-12-01T20:30:42+00:00\",\"description\":\"M\u00f3nica Danilov is a colombian talent. A mezzo Soprano. Eventhough she was born in Sacramento, CA her heart remains in Colombia.\",\"breadcrumb\":{\"@id\":\"https:\\\/\\\/solkes.com\\\/en\\\/the-shutter\\\/2018\\\/11\\\/danilov-a-mezzo-soprano\\\/#breadcrumb\"},\"inLanguage\":\"en-US\",\"potentialAction\":[{\"@type\":\"ReadAction\",\"target\":[\"https:\\\/\\\/solkes.com\\\/en\\\/the-shutter\\\/2018\\\/11\\\/danilov-a-mezzo-soprano\\\/\"]}]},{\"@type\":\"ImageObject\",\"inLanguage\":\"en-US\",\"@id\":\"https:\\\/\\\/solkes.com\\\/en\\\/the-shutter\\\/2018\\\/11\\\/danilov-a-mezzo-soprano\\\/#primaryimage\",\"url\":\"https:\\\/\\\/solkes.com\\\/wp-content\\\/uploads\\\/2019\\\/08\\\/1806_06-2.jpg\",\"contentUrl\":\"https:\\\/\\\/solkes.com\\\/wp-content\\\/uploads\\\/2019\\\/08\\\/1806_06-2.jpg\",\"width\":996,\"height\":601,\"caption\":\"Foto: M\u00f3nica Danilov \u00a9 Solkes\"},{\"@type\":\"BreadcrumbList\",\"@id\":\"https:\\\/\\\/solkes.com\\\/en\\\/the-shutter\\\/2018\\\/11\\\/danilov-a-mezzo-soprano\\\/#breadcrumb\",\"itemListElement\":[{\"@type\":\"ListItem\",\"position\":1,\"name\":\"Portada\",\"item\":\"https:\\\/\\\/solkes.com\\\/\"},{\"@type\":\"ListItem\",\"position\":2,\"name\":\"Danilov a Mezzo Soprano\"}]},{\"@type\":\"WebSite\",\"@id\":\"https:\\\/\\\/solkes.com\\\/#website\",\"url\":\"https:\\\/\\\/solkes.com\\\/\",\"name\":\"Solkes Magazine\",\"description\":\"solkes.com\",\"publisher\":{\"@id\":\"https:\\\/\\\/solkes.com\\\/#organization\"},\"potentialAction\":[{\"@type\":\"SearchAction\",\"target\":{\"@type\":\"EntryPoint\",\"urlTemplate\":\"https:\\\/\\\/solkes.com\\\/?s={search_term_string}\"},\"query-input\":{\"@type\":\"PropertyValueSpecification\",\"valueRequired\":true,\"valueName\":\"search_term_string\"}}],\"inLanguage\":\"en-US\"},{\"@type\":\"Organization\",\"@id\":\"https:\\\/\\\/solkes.com\\\/#organization\",\"name\":\"Solkes Magazine\",\"url\":\"https:\\\/\\\/solkes.com\\\/\",\"logo\":{\"@type\":\"ImageObject\",\"inLanguage\":\"en-US\",\"@id\":\"https:\\\/\\\/solkes.com\\\/#\\\/schema\\\/logo\\\/image\\\/\",\"url\":\"https:\\\/\\\/solkes.com\\\/wp-content\\\/uploads\\\/2024\\\/09\\\/logo-SOLKES-820px-x-312px.png\",\"contentUrl\":\"https:\\\/\\\/solkes.com\\\/wp-content\\\/uploads\\\/2024\\\/09\\\/logo-SOLKES-820px-x-312px.png\",\"width\":411,\"height\":303,\"caption\":\"Solkes Magazine\"},\"image\":{\"@id\":\"https:\\\/\\\/solkes.com\\\/#\\\/schema\\\/logo\\\/image\\\/\"},\"sameAs\":[\"https:\\\/\\\/www.facebook.com\\\/solkesmagazinee\\\/\",\"https:\\\/\\\/instagram.com\\\/solkesmagazine\\\/\"]},{\"@type\":\"Person\",\"@id\":\"https:\\\/\\\/solkes.com\\\/#\\\/schema\\\/person\\\/54684f1c0bebcaff4d6b3f1ec2e71e91\",\"name\":\"Laura Viera A.\",\"image\":{\"@type\":\"ImageObject\",\"inLanguage\":\"en-US\",\"@id\":\"https:\\\/\\\/secure.gravatar.com\\\/avatar\\\/d7b6a8bb956f5279e99babca11ed31351716b19f59e9e3e989847c0ca9e0c5d9?s=96&d=identicon&r=g\",\"url\":\"https:\\\/\\\/secure.gravatar.com\\\/avatar\\\/d7b6a8bb956f5279e99babca11ed31351716b19f59e9e3e989847c0ca9e0c5d9?s=96&d=identicon&r=g\",\"contentUrl\":\"https:\\\/\\\/secure.gravatar.com\\\/avatar\\\/d7b6a8bb956f5279e99babca11ed31351716b19f59e9e3e989847c0ca9e0c5d9?s=96&d=identicon&r=g\",\"caption\":\"Laura Viera A.\"},\"description\":\"Fundadora y Directora Editorial de Solkes Magazine Es periodista de vocaci\u00f3n y formaci\u00f3n. Estudi\u00f3 Comunicaci\u00f3n Social con \u00e9nfasis en Periodismo en la Pontificia Universidad Javeriana de Bogot\u00e1, Colombia. Desde muy joven sinti\u00f3 una profunda pasi\u00f3n por contar historias, explorar el mundo y dar voz a quienes no la tienen. Su compromiso con los Derechos Humanos ha sido una constante en su trayectoria, participando activamente en proyectos sociales desde temprana edad. Este inter\u00e9s se refleja en el enfoque editorial de Solkes, una revista que prioriza el periodismo independiente, la diversidad cultural y la profundidad narrativa. Laura naci\u00f3 en Bogot\u00e1, vivi\u00f3 tres a\u00f1os en Madrid, Espa\u00f1a, y desde el verano de 2010 reside en Alemania. Esta experiencia multicultural ha enriquecido su perspectiva y ha sido clave para la creaci\u00f3n de una revista triling\u00fce que trasciende fronteras y conecta a lectores de distintas partes del mundo. ******************************************************************************************* Founder and Editorial Director of Solkes Magazine She is a passionate journalist by vocation and training. She studied Mass Communication with an emphasis on Journalism at the Pontificia Universidad Javeriana in Bogot\u00e1, Colombia. From a young age, she was deeply motivated to tell stories, explore the world, and give a voice to those who often go unheard. Her commitment to Human Rights has been a constant throughout her career, actively participating in social projects since early on. This dedication is reflected in Solkes Magazine\u2019s editorial focus on independent journalism, cultural diversity, and in-depth storytelling. Born in Bogot\u00e1, Laura lived in Madrid, Spain for three years, and has been residing in Germany since the summer of 2010. This multicultural experience has enriched her perspective and played a key role in creating a trilingual magazine that transcends borders and connects readers from around the world. ******************************************************************************************* Gr\u00fcnderin und Chefredakteurin von Solkes Magazine Laura Viera ist eine leidenschaftliche Journalistin aus Berufung und Ausbildung. Sie hat Soziale Kommunikation mit Schwerpunkt Journalismus an der Pontificia Universidad Javeriana in Bogot\u00e1, Kolumbien, studiert. Schon in jungen Jahren war sie stark motiviert, Geschichten zu erz\u00e4hlen, die Welt zu erkunden und denen eine Stimme zu geben, die oft ungeh\u00f6rt bleiben. Ihr Engagement f\u00fcr Menschenrechte begleitet sie seit Beginn ihrer Laufbahn. Sie war von Anfang an aktiv an sozialen Projekten beteiligt. Dieses Engagement spiegelt sich auch im redaktionellen Fokus von Solkes Magazine wider, das unabh\u00e4ngigen Journalismus, kulturelle Vielfalt und tiefgr\u00fcndiges Erz\u00e4hlen in den Vordergrund stellt. Geboren in Bogot\u00e1, lebte Laura drei Jahre in Madrid, Spanien, und lebt seit Sommer 2010 in Deutschland. Diese multikulturelle Erfahrung hat ihre Perspektive bereichert und war entscheidend bei der Gr\u00fcndung eines dreisprachigen Magazins, das Grenzen \u00fcberschreitet und Leser weltweit verbindet.\",\"sameAs\":[\"http:\\\/\\\/www.solkes.com\"],\"url\":\"https:\\\/\\\/solkes.com\\\/en\\\/author\\\/lauraviera2019\\\/\"}]}<\/script>\n<!-- \/ Yoast SEO plugin. -->","yoast_head_json":{"title":"Danilov a Mezzo Soprano - Solkes Magazine","description":"M\u00f3nica Danilov is a colombian talent. A mezzo Soprano. Eventhough she was born in Sacramento, CA her heart remains in Colombia.","robots":{"index":"index","follow":"follow","max-snippet":"max-snippet:-1","max-image-preview":"max-image-preview:large","max-video-preview":"max-video-preview:-1"},"canonical":"https:\/\/solkes.com\/en\/the-shutter\/2018\/11\/danilov-a-mezzo-soprano\/","og_locale":"en_US","og_type":"article","og_title":"Danilov a Mezzo Soprano - Solkes Magazine","og_description":"M\u00f3nica Danilov is a colombian talent. A mezzo Soprano. Eventhough she was born in Sacramento, CA her heart remains in Colombia.","og_url":"https:\/\/solkes.com\/en\/the-shutter\/2018\/11\/danilov-a-mezzo-soprano\/","og_site_name":"Solkes Magazine","article_publisher":"https:\/\/www.facebook.com\/solkesmagazinee\/","article_published_time":"2018-11-03T08:00:52+00:00","article_modified_time":"2020-12-01T20:30:42+00:00","og_image":[{"width":996,"height":601,"url":"https:\/\/solkes.com\/wp-content\/uploads\/2019\/08\/1806_06-2.jpg","type":"image\/jpeg"}],"author":"Laura Viera A.","twitter_card":"summary_large_image","twitter_misc":{"Written by":"Laura Viera A.","Est. reading time":"6 minutes"},"schema":{"@context":"https:\/\/schema.org","@graph":[{"@type":"Article","@id":"https:\/\/solkes.com\/en\/the-shutter\/2018\/11\/danilov-a-mezzo-soprano\/#article","isPartOf":{"@id":"https:\/\/solkes.com\/en\/the-shutter\/2018\/11\/danilov-a-mezzo-soprano\/"},"author":{"name":"Laura Viera A.","@id":"https:\/\/solkes.com\/#\/schema\/person\/54684f1c0bebcaff4d6b3f1ec2e71e91"},"headline":"Danilov a Mezzo Soprano","datePublished":"2018-11-03T08:00:52+00:00","dateModified":"2020-12-01T20:30:42+00:00","mainEntityOfPage":{"@id":"https:\/\/solkes.com\/en\/the-shutter\/2018\/11\/danilov-a-mezzo-soprano\/"},"wordCount":1121,"commentCount":0,"publisher":{"@id":"https:\/\/solkes.com\/#organization"},"image":{"@id":"https:\/\/solkes.com\/en\/the-shutter\/2018\/11\/danilov-a-mezzo-soprano\/#primaryimage"},"thumbnailUrl":"https:\/\/solkes.com\/wp-content\/uploads\/2019\/08\/1806_06-2.jpg","keywords":["Art","Colombia","Mezzo Soprano","opera","United States of America"],"articleSection":["The Shutter"],"inLanguage":"en-US","potentialAction":[{"@type":"CommentAction","name":"Comment","target":["https:\/\/solkes.com\/en\/the-shutter\/2018\/11\/danilov-a-mezzo-soprano\/#respond"]}]},{"@type":"WebPage","@id":"https:\/\/solkes.com\/en\/the-shutter\/2018\/11\/danilov-a-mezzo-soprano\/","url":"https:\/\/solkes.com\/en\/the-shutter\/2018\/11\/danilov-a-mezzo-soprano\/","name":"Danilov a Mezzo Soprano - Solkes Magazine","isPartOf":{"@id":"https:\/\/solkes.com\/#website"},"primaryImageOfPage":{"@id":"https:\/\/solkes.com\/en\/the-shutter\/2018\/11\/danilov-a-mezzo-soprano\/#primaryimage"},"image":{"@id":"https:\/\/solkes.com\/en\/the-shutter\/2018\/11\/danilov-a-mezzo-soprano\/#primaryimage"},"thumbnailUrl":"https:\/\/solkes.com\/wp-content\/uploads\/2019\/08\/1806_06-2.jpg","datePublished":"2018-11-03T08:00:52+00:00","dateModified":"2020-12-01T20:30:42+00:00","description":"M\u00f3nica Danilov is a colombian talent. A mezzo Soprano. Eventhough she was born in Sacramento, CA her heart remains in Colombia.","breadcrumb":{"@id":"https:\/\/solkes.com\/en\/the-shutter\/2018\/11\/danilov-a-mezzo-soprano\/#breadcrumb"},"inLanguage":"en-US","potentialAction":[{"@type":"ReadAction","target":["https:\/\/solkes.com\/en\/the-shutter\/2018\/11\/danilov-a-mezzo-soprano\/"]}]},{"@type":"ImageObject","inLanguage":"en-US","@id":"https:\/\/solkes.com\/en\/the-shutter\/2018\/11\/danilov-a-mezzo-soprano\/#primaryimage","url":"https:\/\/solkes.com\/wp-content\/uploads\/2019\/08\/1806_06-2.jpg","contentUrl":"https:\/\/solkes.com\/wp-content\/uploads\/2019\/08\/1806_06-2.jpg","width":996,"height":601,"caption":"Foto: M\u00f3nica Danilov \u00a9 Solkes"},{"@type":"BreadcrumbList","@id":"https:\/\/solkes.com\/en\/the-shutter\/2018\/11\/danilov-a-mezzo-soprano\/#breadcrumb","itemListElement":[{"@type":"ListItem","position":1,"name":"Portada","item":"https:\/\/solkes.com\/"},{"@type":"ListItem","position":2,"name":"Danilov a Mezzo Soprano"}]},{"@type":"WebSite","@id":"https:\/\/solkes.com\/#website","url":"https:\/\/solkes.com\/","name":"Solkes Magazine","description":"solkes.com","publisher":{"@id":"https:\/\/solkes.com\/#organization"},"potentialAction":[{"@type":"SearchAction","target":{"@type":"EntryPoint","urlTemplate":"https:\/\/solkes.com\/?s={search_term_string}"},"query-input":{"@type":"PropertyValueSpecification","valueRequired":true,"valueName":"search_term_string"}}],"inLanguage":"en-US"},{"@type":"Organization","@id":"https:\/\/solkes.com\/#organization","name":"Solkes Magazine","url":"https:\/\/solkes.com\/","logo":{"@type":"ImageObject","inLanguage":"en-US","@id":"https:\/\/solkes.com\/#\/schema\/logo\/image\/","url":"https:\/\/solkes.com\/wp-content\/uploads\/2024\/09\/logo-SOLKES-820px-x-312px.png","contentUrl":"https:\/\/solkes.com\/wp-content\/uploads\/2024\/09\/logo-SOLKES-820px-x-312px.png","width":411,"height":303,"caption":"Solkes Magazine"},"image":{"@id":"https:\/\/solkes.com\/#\/schema\/logo\/image\/"},"sameAs":["https:\/\/www.facebook.com\/solkesmagazinee\/","https:\/\/instagram.com\/solkesmagazine\/"]},{"@type":"Person","@id":"https:\/\/solkes.com\/#\/schema\/person\/54684f1c0bebcaff4d6b3f1ec2e71e91","name":"Laura Viera A.","image":{"@type":"ImageObject","inLanguage":"en-US","@id":"https:\/\/secure.gravatar.com\/avatar\/d7b6a8bb956f5279e99babca11ed31351716b19f59e9e3e989847c0ca9e0c5d9?s=96&d=identicon&r=g","url":"https:\/\/secure.gravatar.com\/avatar\/d7b6a8bb956f5279e99babca11ed31351716b19f59e9e3e989847c0ca9e0c5d9?s=96&d=identicon&r=g","contentUrl":"https:\/\/secure.gravatar.com\/avatar\/d7b6a8bb956f5279e99babca11ed31351716b19f59e9e3e989847c0ca9e0c5d9?s=96&d=identicon&r=g","caption":"Laura Viera A."},"description":"Fundadora y Directora Editorial de Solkes Magazine Es periodista de vocaci\u00f3n y formaci\u00f3n. Estudi\u00f3 Comunicaci\u00f3n Social con \u00e9nfasis en Periodismo en la Pontificia Universidad Javeriana de Bogot\u00e1, Colombia. Desde muy joven sinti\u00f3 una profunda pasi\u00f3n por contar historias, explorar el mundo y dar voz a quienes no la tienen. Su compromiso con los Derechos Humanos ha sido una constante en su trayectoria, participando activamente en proyectos sociales desde temprana edad. Este inter\u00e9s se refleja en el enfoque editorial de Solkes, una revista que prioriza el periodismo independiente, la diversidad cultural y la profundidad narrativa. Laura naci\u00f3 en Bogot\u00e1, vivi\u00f3 tres a\u00f1os en Madrid, Espa\u00f1a, y desde el verano de 2010 reside en Alemania. Esta experiencia multicultural ha enriquecido su perspectiva y ha sido clave para la creaci\u00f3n de una revista triling\u00fce que trasciende fronteras y conecta a lectores de distintas partes del mundo. ******************************************************************************************* Founder and Editorial Director of Solkes Magazine She is a passionate journalist by vocation and training. She studied Mass Communication with an emphasis on Journalism at the Pontificia Universidad Javeriana in Bogot\u00e1, Colombia. From a young age, she was deeply motivated to tell stories, explore the world, and give a voice to those who often go unheard. Her commitment to Human Rights has been a constant throughout her career, actively participating in social projects since early on. This dedication is reflected in Solkes Magazine\u2019s editorial focus on independent journalism, cultural diversity, and in-depth storytelling. Born in Bogot\u00e1, Laura lived in Madrid, Spain for three years, and has been residing in Germany since the summer of 2010. This multicultural experience has enriched her perspective and played a key role in creating a trilingual magazine that transcends borders and connects readers from around the world. ******************************************************************************************* Gr\u00fcnderin und Chefredakteurin von Solkes Magazine Laura Viera ist eine leidenschaftliche Journalistin aus Berufung und Ausbildung. Sie hat Soziale Kommunikation mit Schwerpunkt Journalismus an der Pontificia Universidad Javeriana in Bogot\u00e1, Kolumbien, studiert. Schon in jungen Jahren war sie stark motiviert, Geschichten zu erz\u00e4hlen, die Welt zu erkunden und denen eine Stimme zu geben, die oft ungeh\u00f6rt bleiben. Ihr Engagement f\u00fcr Menschenrechte begleitet sie seit Beginn ihrer Laufbahn. Sie war von Anfang an aktiv an sozialen Projekten beteiligt. Dieses Engagement spiegelt sich auch im redaktionellen Fokus von Solkes Magazine wider, das unabh\u00e4ngigen Journalismus, kulturelle Vielfalt und tiefgr\u00fcndiges Erz\u00e4hlen in den Vordergrund stellt. Geboren in Bogot\u00e1, lebte Laura drei Jahre in Madrid, Spanien, und lebt seit Sommer 2010 in Deutschland. Diese multikulturelle Erfahrung hat ihre Perspektive bereichert und war entscheidend bei der Gr\u00fcndung eines dreisprachigen Magazins, das Grenzen \u00fcberschreitet und Leser weltweit verbindet.","sameAs":["http:\/\/www.solkes.com"],"url":"https:\/\/solkes.com\/en\/author\/lauraviera2019\/"}]}},"_links":{"self":[{"href":"https:\/\/solkes.com\/en\/wp-json\/wp\/v2\/posts\/2647","targetHints":{"allow":["GET"]}}],"collection":[{"href":"https:\/\/solkes.com\/en\/wp-json\/wp\/v2\/posts"}],"about":[{"href":"https:\/\/solkes.com\/en\/wp-json\/wp\/v2\/types\/post"}],"author":[{"embeddable":true,"href":"https:\/\/solkes.com\/en\/wp-json\/wp\/v2\/users\/76"}],"replies":[{"embeddable":true,"href":"https:\/\/solkes.com\/en\/wp-json\/wp\/v2\/comments?post=2647"}],"version-history":[{"count":2,"href":"https:\/\/solkes.com\/en\/wp-json\/wp\/v2\/posts\/2647\/revisions"}],"predecessor-version":[{"id":11860,"href":"https:\/\/solkes.com\/en\/wp-json\/wp\/v2\/posts\/2647\/revisions\/11860"}],"wp:featuredmedia":[{"embeddable":true,"href":"https:\/\/solkes.com\/en\/wp-json\/wp\/v2\/media\/1469"}],"wp:attachment":[{"href":"https:\/\/solkes.com\/en\/wp-json\/wp\/v2\/media?parent=2647"}],"wp:term":[{"taxonomy":"category","embeddable":true,"href":"https:\/\/solkes.com\/en\/wp-json\/wp\/v2\/categories?post=2647"},{"taxonomy":"post_tag","embeddable":true,"href":"https:\/\/solkes.com\/en\/wp-json\/wp\/v2\/tags?post=2647"}],"curies":[{"name":"wp","href":"https:\/\/api.w.org\/{rel}","templated":true}]}}