{"id":2616,"date":"2019-07-03T10:00:20","date_gmt":"2019-07-03T08:00:20","guid":{"rendered":"http:\/\/solkes.com\/?p=2616"},"modified":"2020-12-01T22:05:56","modified_gmt":"2020-12-01T20:05:56","slug":"without-a-hitch-pilar-cabrera","status":"publish","type":"post","link":"https:\/\/solkes.com\/en\/the-shutter\/2019\/07\/without-a-hitch-pilar-cabrera\/","title":{"rendered":"Without a hitch: Pilar Cabrera"},"content":{"rendered":"<p><span class=\"dropcap dropcap2\" style=\"color: #138a8d;\">A<\/span>t this moment, the music that is being produced in Colombia has a wide variety of rhythms and sounds. Of course we must clarify that this is not something new. Colombia is a country in which people grow up with the most interesting musical mixes, with rhythms that navigate our veins and come out through our skin. Having this in mind we are without a hitch in regards to Pilar Cabrera.<\/p>\n<h3><strong><span style=\"color: #138a8d;\">The music scene<\/span><\/strong><\/h3>\n<p>The Colombian independent music scene is going through a good time. I think that I do not say this lightly given that large, small, private and public festivals are constantly being developed in the country.<\/p>\n<figure id=\"attachment_1458\" aria-describedby=\"caption-attachment-1458\" style=\"width: 996px\" class=\"wp-caption aligncenter\"><a href=\"https:\/\/solkes.com\/wp-content\/uploads\/2019\/08\/1805_01-2-1.jpg\"><img fetchpriority=\"high\" decoding=\"async\" class=\"size-full wp-image-1458\" src=\"https:\/\/solkes.com\/wp-content\/uploads\/2019\/08\/1805_01-2-1.jpg\" alt=\"\" width=\"996\" height=\"601\" srcset=\"https:\/\/solkes.com\/wp-content\/uploads\/2019\/08\/1805_01-2-1.jpg 996w, https:\/\/solkes.com\/wp-content\/uploads\/2019\/08\/1805_01-2-1-300x181.jpg 300w, https:\/\/solkes.com\/wp-content\/uploads\/2019\/08\/1805_01-2-1-768x463.jpg 768w, https:\/\/solkes.com\/wp-content\/uploads\/2019\/08\/1805_01-2-1-320x193.jpg 320w\" sizes=\"(max-width: 996px) 100vw, 996px\" \/><\/a><figcaption id=\"caption-attachment-1458\" class=\"wp-caption-text\">Pilar Cabrera \u00a9 Solkes<\/figcaption><\/figure>\n<p>Likewise, there are bands touring all over the world. There are certainly a greater amount of places to make and see live music. And, fortunately, each time artists have more space in the national press.<\/p>\n<p>The independent genre has gained an important space among national artists and one of the new artists to conquer the market is <strong><span style=\"color: #138a8d;\">Pilar Cabrera<\/span><\/strong>.<\/p>\n<h3><strong><span style=\"color: #138a8d;\">The interview<\/span><\/strong><\/h3>\n<figure id=\"attachment_1459\" aria-describedby=\"caption-attachment-1459\" style=\"width: 300px\" class=\"wp-caption alignright\"><a href=\"https:\/\/solkes.com\/wp-content\/uploads\/2019\/08\/1805_02-2-1.jpg\"><img decoding=\"async\" class=\"size-medium wp-image-1459\" src=\"http:\/\/solkes.com\/wp-content\/uploads\/2019\/08\/1805_02-2-300x482.jpg\" alt=\"\" width=\"300\" height=\"482\" \/><\/a><figcaption id=\"caption-attachment-1459\" class=\"wp-caption-text\">Pilar Cabrera \u00a9 Solkes<\/figcaption><\/figure>\n<p>In an interview for Solkes, Pilar Cabrera told us that the song Contratiempo is about overcoming or running away from fear and never letting fear catch you. <span style=\"color: #138a8d;\"><strong>This song (Contratiempo), was written with Sergio Gonz\u00e1lez.<\/strong> <\/span>Although it is about death, it can be associated with many other topics. As expected, this interview flowed like water.<\/p>\n<p><span style=\"color: #138a8d;\"><strong>Solkes:<\/strong> <\/span>How did you realise you wanted to dedicate yourself to music?<\/p>\n<p><strong><span style=\"color: #138a8d;\">Pilar Cabrera:<\/span><\/strong> It&#8217;s something I always wanted to do and about two years ago the possibility of making a song for a Colombian film came up, and it was the perfect opportunity. That&#8217;s where Pasos, my first single, came from.<\/p>\n<p><span style=\"color: #138a8d;\"><strong>Solkes:<\/strong> <\/span> If you were not doing this, what would you do?<\/p>\n<p><strong><span style=\"color: #138a8d;\">Pilar Cabrera:<\/span><\/strong> I would have liked to do some design, maybe industrial or film direction.<\/p>\n<blockquote>\n<h4 class=\"td_quote_box td_box_center\" style=\"text-align: left;\">To do what you want every day, there is nothing more inspiring.<\/h4>\n<\/blockquote>\n<p><span style=\"color: #138a8d;\"><strong>Solkes:<\/strong> <\/span> Do you write your songs or does someone else does it for you?<\/p>\n<p><strong><span style=\"color: #138a8d;\">Pilar Cabrera:<\/span><\/strong> This album was a very nice exercise because I opened myself to the possibility of starting to write, something I was sure was not going to happen. Then I met with some friends separately to write, and from there came the songs from the album.<\/p>\n<h3><strong><span style=\"color: #138a8d;\">Every step counts<\/span><\/strong><\/h3>\n<p>As she assured me, the most difficult thing so far has been to start, to take the first step. And although the road has been complicated in some moments, there are always situations that make one face complicated decisions and moments.<\/p>\n<blockquote class=\"td_quote_box td_box_left\">\n<h4>We grow up with comparisons and stupid ideals that society has made us believe.<\/h4>\n<\/blockquote>\n<p>What inspires her to continue in a complicated environment such as music is simply the love of music, the desire to share what she does and to know that someone connects with her. She already started, and can\u2019t stop. That is the example he wants to give his daughter.<\/p>\n<p>This was a conversation between women and I wanted know her position regarding female empowerment. <strong><span style=\"color: #138a8d;\">Cabrera assured me that <a style=\"color: #138a8d;\" href=\"https:\/\/www.worldvision.org\/gender-equality-news-stories\/seven-ways-empower-women-girls\">female empowerment<\/a> is necessary.<\/span><\/strong> Likewise, it is incredible to her that it is indispensable to make a feminine revolution so that all realize what is needed.<\/p>\n<p><span class=\"dropcap dropcap2\">S<\/span>he also thinks that people, all of them, should be able to do what they really want and it&#8217;s sure that it is not just a matter of feminism, everyone should empower themselves. To not think so much about what others want from you, but what you want from yourself fulfilling your responsibilities and not pass over anyone.<\/p>\n<p><span style=\"color: #138a8d;\"><strong>Solkes:<\/strong> <\/span> How do you think that women and Colombian society in general face this issue?<\/p>\n<p><strong><span style=\"color: #138a8d;\">Pilar Cabrera:<\/span><\/strong> We grew up in such a macho society that it is hard for us to open our minds to new ways of seeing ourselves, of just being. Being a woman is wonderful and each one has the right to do what she wants with her life. That freedom of decision can\u2019t be removed by anyone, and in Colombia it is difficult to open spaces if you do not meet the expectations of others.<\/p>\n<p><span style=\"color: #138a8d;\"><strong>Solkes:<\/strong> <\/span> Do you play an instrument?<\/p>\n<p><strong><span style=\"color: #138a8d;\">Pilar Cabrera:<\/span><\/strong> Yes, guitar. Although I played drums a long time ago.<\/p>\n<figure id=\"attachment_1460\" aria-describedby=\"caption-attachment-1460\" style=\"width: 996px\" class=\"wp-caption aligncenter\"><a href=\"https:\/\/solkes.com\/wp-content\/uploads\/2019\/08\/1805_03-2-1.jpg\"><img decoding=\"async\" class=\"size-full wp-image-1460\" src=\"https:\/\/solkes.com\/wp-content\/uploads\/2019\/08\/1805_03-2-1.jpg\" alt=\"\" width=\"996\" height=\"601\" srcset=\"https:\/\/solkes.com\/wp-content\/uploads\/2019\/08\/1805_03-2-1.jpg 996w, https:\/\/solkes.com\/wp-content\/uploads\/2019\/08\/1805_03-2-1-300x181.jpg 300w, https:\/\/solkes.com\/wp-content\/uploads\/2019\/08\/1805_03-2-1-768x463.jpg 768w, https:\/\/solkes.com\/wp-content\/uploads\/2019\/08\/1805_03-2-1-320x193.jpg 320w\" sizes=\"(max-width: 996px) 100vw, 996px\" \/><\/a><figcaption id=\"caption-attachment-1460\" class=\"wp-caption-text\">Pilar Cabrera \u00a9 Solkes<\/figcaption><\/figure>\n<p>I liked that Pilar Cabrera is well grounded. In her short career she has achieved many things but with humility tells me that she needs to achieve almost everything. Professionally, to record many albums, travel the world playing. Sing with artists she admire &#8230; and the list doesn\u2019t stop.<\/p>\n<blockquote class=\"td_quote_box td_box_left\">\n<h4 style=\"text-align: left;\">For me, music is the healthiest bad habit,\u00a0it&#8217;s\u00a0an escape. The best language.<\/h4>\n<\/blockquote>\n<p>Having control of a scenario is not an easy task. <strong><span style=\"color: #138a8d;\">It is a slow learning and in which the nerves can absorb and dominate people.<\/span><\/strong> She worked a lot of time playing in bars. And considers that this was the best way to lose fear, and to understand what she was facing on a stage.<\/p>\n<p>Likewise, moving from the bar stage to a stage where the public knows the songs, is a giant leap. For her, it&#8217;s important to learn to manage that too, because emotion eats it up.<\/p>\n<figure id=\"attachment_1461\" aria-describedby=\"caption-attachment-1461\" style=\"width: 300px\" class=\"wp-caption alignright\"><a href=\"https:\/\/solkes.com\/wp-content\/uploads\/2019\/08\/1805_04-2-1.jpg\"><img loading=\"lazy\" decoding=\"async\" class=\"size-medium wp-image-1461\" src=\"http:\/\/solkes.com\/wp-content\/uploads\/2019\/08\/1805_04-2-300x482.jpg\" alt=\"\" width=\"300\" height=\"482\" \/><\/a><figcaption id=\"caption-attachment-1461\" class=\"wp-caption-text\">Pilar Cabrera \u00a9 Solkes<\/figcaption><\/figure>\n<p><span style=\"color: #138a8d;\"><strong>Solkes:<\/strong> <\/span> You say that in your EP you narrate a journey of transformation. Transformation of that, reasons?<\/p>\n<p><strong><span style=\"color: #138a8d;\">Pilar Cabrera:<\/span><\/strong> Transformation of people. It&#8217;s telling a little about the process of overcoming fears and things that drag you to the other side, but that really depend on yourself. I speak of my transformation to leave behind everything that stopped me from making music.<\/p>\n<p><span style=\"color: #138a8d;\"><strong>Solkes:<\/strong> <\/span> Why is time the worst enemy? The worst enemy of that exactly?<\/p>\n<p><strong><span style=\"color: #138a8d;\">Pilar Cabrera:<\/span><\/strong> Of my life. The clock is ticking, and you can\u2019t do everything you wanted. The plans, the goals. Time is after you. It is not like that anymore for me, or at least almost not. I have learned to manage my time better, but always run, and I want to take you with it.<\/p>\n<p>All the music she has heard has inspired her in some way. But, mainly <a href=\"http:\/\/www.jorgedrexler.com\"><strong><span style=\"color: #138a8d;\">Jorge Drexler<\/span><\/strong><\/a>, <a href=\"https:\/\/www.elkanka.com\"><strong><span style=\"color: #138a8d;\">El Kanka<\/span><\/strong><\/a> and <a href=\"https:\/\/lafourcade.com.mx\/en\/\"><strong><span style=\"color: #138a8d;\">Natalia Lafourcade<\/span><\/strong><\/a>.<\/p>\n<p><span style=\"color: #138a8d;\"><strong>Solkes:<\/strong> <\/span> You have the opportunity to tell the readers something &#8230; what would you say?<\/p>\n<p><strong><span style=\"color: #138a8d;\">Pilar Cabrera:<\/span><\/strong>Do what you want, what your heart asks you to do. Do not be aware of what others want from you. Listening to others is important, but it does not define what we are nor make our decisions correct or incorrect. And you have to work every day for what you want, doing something small but doing it every day.<\/p>\n<figure id=\"attachment_1462\" aria-describedby=\"caption-attachment-1462\" style=\"width: 996px\" class=\"wp-caption aligncenter\"><a href=\"http:\/\/solkes.com\/wp-content\/uploads\/2019\/08\/1805_05-1.jpg\"><img loading=\"lazy\" decoding=\"async\" class=\"wp-image-1462 size-full\" src=\"http:\/\/solkes.com\/wp-content\/uploads\/2019\/08\/1805_05-1.jpg\" alt=\"\" width=\"996\" height=\"601\" \/><\/a><figcaption id=\"caption-attachment-1462\" class=\"wp-caption-text\">Pilar Cabrera \u00a9 Solkes<\/figcaption><\/figure>\n<p><span style=\"color: #138a8d;\"><strong>Solkes:<\/strong> <\/span> Why take a piece of Colombia around the world?<\/p>\n<p><strong><span style=\"color: #138a8d;\">Pilar Cabrera:<\/span><\/strong> Because it is the opportunity to show everything we do.<\/p>\n<h3><strong><span style=\"color: #138a8d;\">A free interpretation<\/span><\/strong><\/h3>\n<p>At this time, Cabrera is making known this particular musical proposal through a tour that will feature different stages.<\/p>\n<p>Cabrera seeks by all means to be known in Colombia. She is very aware of the difficulties that this entails and in some moments she has considered continuing the steps of other artists who followed her career in other countries. However, her heart continues telling her that she must conquer the national public.<\/p>\n<figure id=\"attachment_1463\" aria-describedby=\"caption-attachment-1463\" style=\"width: 300px\" class=\"wp-caption alignright\"><a href=\"https:\/\/solkes.com\/wp-content\/uploads\/2019\/08\/1805_06-1-1.jpg\"><img loading=\"lazy\" decoding=\"async\" class=\"size-medium wp-image-1463\" src=\"http:\/\/solkes.com\/wp-content\/uploads\/2019\/08\/1805_06-1-300x482.jpg\" alt=\"\" width=\"300\" height=\"482\" \/><\/a><figcaption id=\"caption-attachment-1463\" class=\"wp-caption-text\">Pilar Cabrera \u00a9 Solkes<\/figcaption><\/figure>\n<p>Cabrera was born in <strong><span style=\"color: #138a8d;\">Neiva<\/span><\/strong> but grew up in Bogot\u00e1. <strong><span style=\"color: #138a8d;\"><a style=\"color: #138a8d;\" href=\"http:\/\/www.colombia.travel\/en\/where-to-go\/andean\/bogot\u00e1\">Bogot\u00e1<\/a> is the city that excites her.<\/span><\/strong> The contrasts that exist in the city inspire, impress and give life. From the Colombian capital she loves to ride a bike during the day, and to be home at 5 o&#8217;clock in the afternoon when the sky turns grey and it looks like it&#8217;s going to rain.<\/p>\n<p>Currently she can\u2019t enjoy either, but when she does, it&#8217;s the best there is. As the capital of Colombia, she goes a mile a minute, she almost does not have time to rest or take a break.<\/p>\n<p>Her musical proposal is clear but she is happy with the possibility that her lyrics and melodies are open to the free interpretation of the public.<\/p>\n<p><span class=\"dropcap dropcap2\" style=\"color: #138a8d;\">F<\/span>inally, Pilar Cabrera is a singer, composer and a mom. <strong><span style=\"color: #138a8d;\">Lover of music and life and creating emotions and situations.<\/span><\/strong> Music can describe feelings and thoughts that many people have and sometimes can&#8217;t say. Pilar wants to reach people with music, to inspire change and to change with her music.<\/p>\n","protected":false},"excerpt":{"rendered":"<p>At this moment, the music that is being produced in Colombia has a wide variety of rhythms and sounds. Of course we must clarify that this is not something new. Colombia is a country in which people grow up with the most interesting musical mixes, with rhythms that navigate our veins and come out through [&hellip;]<\/p>\n","protected":false},"author":76,"featured_media":1462,"comment_status":"open","ping_status":"open","sticky":false,"template":"","format":"standard","meta":{"_acf_changed":false,"_exactmetrics_skip_tracking":false,"_exactmetrics_sitenote_active":false,"_exactmetrics_sitenote_note":"","_exactmetrics_sitenote_category":0,"site-sidebar-layout":"default","site-content-layout":"default","ast-site-content-layout":"default","site-content-style":"default","site-sidebar-style":"default","ast-global-header-display":"","ast-banner-title-visibility":"","ast-main-header-display":"","ast-hfb-above-header-display":"","ast-hfb-below-header-display":"","ast-hfb-mobile-header-display":"","site-post-title":"","ast-breadcrumbs-content":"","ast-featured-img":"","footer-sml-layout":"","theme-transparent-header-meta":"default","adv-header-id-meta":"","stick-header-meta":"","header-above-stick-meta":"","header-main-stick-meta":"","header-below-stick-meta":"","astra-migrate-meta-layouts":"default","ast-page-background-enabled":"default","ast-page-background-meta":{"desktop":{"background-color":"","background-image":"","background-repeat":"repeat","background-position":"center center","background-size":"auto","background-attachment":"scroll","background-type":"","background-media":"","overlay-type":"","overlay-color":"","overlay-opacity":"","overlay-gradient":""},"tablet":{"background-color":"","background-image":"","background-repeat":"repeat","background-position":"center center","background-size":"auto","background-attachment":"scroll","background-type":"","background-media":"","overlay-type":"","overlay-color":"","overlay-opacity":"","overlay-gradient":""},"mobile":{"background-color":"","background-image":"","background-repeat":"repeat","background-position":"center center","background-size":"auto","background-attachment":"scroll","background-type":"","background-media":"","overlay-type":"","overlay-color":"","overlay-opacity":"","overlay-gradient":""}},"ast-content-background-meta":{"desktop":{"background-color":"var(--ast-global-color-5)","background-image":"","background-repeat":"repeat","background-position":"center center","background-size":"auto","background-attachment":"scroll","background-type":"","background-media":"","overlay-type":"","overlay-color":"","overlay-opacity":"","overlay-gradient":""},"tablet":{"background-color":"var(--ast-global-color-5)","background-image":"","background-repeat":"repeat","background-position":"center center","background-size":"auto","background-attachment":"scroll","background-type":"","background-media":"","overlay-type":"","overlay-color":"","overlay-opacity":"","overlay-gradient":""},"mobile":{"background-color":"var(--ast-global-color-5)","background-image":"","background-repeat":"repeat","background-position":"center center","background-size":"auto","background-attachment":"scroll","background-type":"","background-media":"","overlay-type":"","overlay-color":"","overlay-opacity":"","overlay-gradient":""}},"footnotes":""},"categories":[39],"tags":[801,979,1509,654],"class_list":["post-2616","post","type-post","status-publish","format-standard","has-post-thumbnail","hentry","category-the-shutter","tag-colombia-en-2","tag-music-en","tag-pilar-cabrera-en-2","tag-the-shutter"],"acf":[],"yoast_head":"<!-- This site is optimized with the Yoast SEO plugin v27.4 - https:\/\/yoast.com\/product\/yoast-seo-wordpress\/ -->\n<title>Without a hitch: Pilar Cabrera - Solkes Magazine<\/title>\n<meta name=\"description\" content=\"Pilar Cabrera is a singer, composer and a mom. Lover of music and life and creating emotions and situations.\" \/>\n<meta name=\"robots\" content=\"index, follow, max-snippet:-1, max-image-preview:large, max-video-preview:-1\" \/>\n<link rel=\"canonical\" href=\"https:\/\/solkes.com\/en\/the-shutter\/2019\/07\/without-a-hitch-pilar-cabrera\/\" \/>\n<meta property=\"og:locale\" content=\"en_US\" \/>\n<meta property=\"og:type\" content=\"article\" \/>\n<meta property=\"og:title\" content=\"Without a hitch: Pilar Cabrera - Solkes Magazine\" \/>\n<meta property=\"og:description\" content=\"Pilar Cabrera is a singer, composer and a mom. Lover of music and life and creating emotions and situations.\" \/>\n<meta property=\"og:url\" content=\"https:\/\/solkes.com\/en\/the-shutter\/2019\/07\/without-a-hitch-pilar-cabrera\/\" \/>\n<meta property=\"og:site_name\" content=\"Solkes Magazine\" \/>\n<meta property=\"article:publisher\" content=\"https:\/\/www.facebook.com\/solkesmagazinee\/\" \/>\n<meta property=\"article:published_time\" content=\"2019-07-03T08:00:20+00:00\" \/>\n<meta property=\"article:modified_time\" content=\"2020-12-01T20:05:56+00:00\" \/>\n<meta property=\"og:image\" content=\"https:\/\/solkes.com\/wp-content\/uploads\/2019\/08\/1805_05-1-1.jpg\" \/>\n\t<meta property=\"og:image:width\" content=\"996\" \/>\n\t<meta property=\"og:image:height\" content=\"601\" \/>\n\t<meta property=\"og:image:type\" content=\"image\/jpeg\" \/>\n<meta name=\"author\" content=\"Laura Viera A.\" \/>\n<meta name=\"twitter:card\" content=\"summary_large_image\" \/>\n<meta name=\"twitter:label1\" content=\"Written by\" \/>\n\t<meta name=\"twitter:data1\" content=\"Laura Viera A.\" \/>\n\t<meta name=\"twitter:label2\" content=\"Est. reading time\" \/>\n\t<meta name=\"twitter:data2\" content=\"7 minutes\" \/>\n<script type=\"application\/ld+json\" class=\"yoast-schema-graph\">{\"@context\":\"https:\\\/\\\/schema.org\",\"@graph\":[{\"@type\":\"Article\",\"@id\":\"https:\\\/\\\/solkes.com\\\/en\\\/the-shutter\\\/2019\\\/07\\\/without-a-hitch-pilar-cabrera\\\/#article\",\"isPartOf\":{\"@id\":\"https:\\\/\\\/solkes.com\\\/en\\\/the-shutter\\\/2019\\\/07\\\/without-a-hitch-pilar-cabrera\\\/\"},\"author\":{\"name\":\"Laura Viera A.\",\"@id\":\"https:\\\/\\\/solkes.com\\\/#\\\/schema\\\/person\\\/54684f1c0bebcaff4d6b3f1ec2e71e91\"},\"headline\":\"Without a hitch: Pilar Cabrera\",\"datePublished\":\"2019-07-03T08:00:20+00:00\",\"dateModified\":\"2020-12-01T20:05:56+00:00\",\"mainEntityOfPage\":{\"@id\":\"https:\\\/\\\/solkes.com\\\/en\\\/the-shutter\\\/2019\\\/07\\\/without-a-hitch-pilar-cabrera\\\/\"},\"wordCount\":1428,\"commentCount\":0,\"publisher\":{\"@id\":\"https:\\\/\\\/solkes.com\\\/#organization\"},\"image\":{\"@id\":\"https:\\\/\\\/solkes.com\\\/en\\\/the-shutter\\\/2019\\\/07\\\/without-a-hitch-pilar-cabrera\\\/#primaryimage\"},\"thumbnailUrl\":\"https:\\\/\\\/solkes.com\\\/wp-content\\\/uploads\\\/2019\\\/08\\\/1805_05-1-1.jpg\",\"keywords\":[\"Colombia\",\"music\",\"Pilar Cabrera\",\"the shutter\"],\"articleSection\":[\"The Shutter\"],\"inLanguage\":\"en-US\",\"potentialAction\":[{\"@type\":\"CommentAction\",\"name\":\"Comment\",\"target\":[\"https:\\\/\\\/solkes.com\\\/en\\\/the-shutter\\\/2019\\\/07\\\/without-a-hitch-pilar-cabrera\\\/#respond\"]}]},{\"@type\":\"WebPage\",\"@id\":\"https:\\\/\\\/solkes.com\\\/en\\\/the-shutter\\\/2019\\\/07\\\/without-a-hitch-pilar-cabrera\\\/\",\"url\":\"https:\\\/\\\/solkes.com\\\/en\\\/the-shutter\\\/2019\\\/07\\\/without-a-hitch-pilar-cabrera\\\/\",\"name\":\"Without a hitch: Pilar Cabrera - Solkes Magazine\",\"isPartOf\":{\"@id\":\"https:\\\/\\\/solkes.com\\\/#website\"},\"primaryImageOfPage\":{\"@id\":\"https:\\\/\\\/solkes.com\\\/en\\\/the-shutter\\\/2019\\\/07\\\/without-a-hitch-pilar-cabrera\\\/#primaryimage\"},\"image\":{\"@id\":\"https:\\\/\\\/solkes.com\\\/en\\\/the-shutter\\\/2019\\\/07\\\/without-a-hitch-pilar-cabrera\\\/#primaryimage\"},\"thumbnailUrl\":\"https:\\\/\\\/solkes.com\\\/wp-content\\\/uploads\\\/2019\\\/08\\\/1805_05-1-1.jpg\",\"datePublished\":\"2019-07-03T08:00:20+00:00\",\"dateModified\":\"2020-12-01T20:05:56+00:00\",\"description\":\"Pilar Cabrera is a singer, composer and a mom. Lover of music and life and creating emotions and situations.\",\"breadcrumb\":{\"@id\":\"https:\\\/\\\/solkes.com\\\/en\\\/the-shutter\\\/2019\\\/07\\\/without-a-hitch-pilar-cabrera\\\/#breadcrumb\"},\"inLanguage\":\"en-US\",\"potentialAction\":[{\"@type\":\"ReadAction\",\"target\":[\"https:\\\/\\\/solkes.com\\\/en\\\/the-shutter\\\/2019\\\/07\\\/without-a-hitch-pilar-cabrera\\\/\"]}]},{\"@type\":\"ImageObject\",\"inLanguage\":\"en-US\",\"@id\":\"https:\\\/\\\/solkes.com\\\/en\\\/the-shutter\\\/2019\\\/07\\\/without-a-hitch-pilar-cabrera\\\/#primaryimage\",\"url\":\"https:\\\/\\\/solkes.com\\\/wp-content\\\/uploads\\\/2019\\\/08\\\/1805_05-1-1.jpg\",\"contentUrl\":\"https:\\\/\\\/solkes.com\\\/wp-content\\\/uploads\\\/2019\\\/08\\\/1805_05-1-1.jpg\",\"width\":996,\"height\":601,\"caption\":\"Foto: Pilar Cabrera \u00a9 Solkes\"},{\"@type\":\"BreadcrumbList\",\"@id\":\"https:\\\/\\\/solkes.com\\\/en\\\/the-shutter\\\/2019\\\/07\\\/without-a-hitch-pilar-cabrera\\\/#breadcrumb\",\"itemListElement\":[{\"@type\":\"ListItem\",\"position\":1,\"name\":\"Portada\",\"item\":\"https:\\\/\\\/solkes.com\\\/\"},{\"@type\":\"ListItem\",\"position\":2,\"name\":\"Without a hitch: Pilar Cabrera\"}]},{\"@type\":\"WebSite\",\"@id\":\"https:\\\/\\\/solkes.com\\\/#website\",\"url\":\"https:\\\/\\\/solkes.com\\\/\",\"name\":\"Solkes Magazine\",\"description\":\"solkes.com\",\"publisher\":{\"@id\":\"https:\\\/\\\/solkes.com\\\/#organization\"},\"potentialAction\":[{\"@type\":\"SearchAction\",\"target\":{\"@type\":\"EntryPoint\",\"urlTemplate\":\"https:\\\/\\\/solkes.com\\\/?s={search_term_string}\"},\"query-input\":{\"@type\":\"PropertyValueSpecification\",\"valueRequired\":true,\"valueName\":\"search_term_string\"}}],\"inLanguage\":\"en-US\"},{\"@type\":\"Organization\",\"@id\":\"https:\\\/\\\/solkes.com\\\/#organization\",\"name\":\"Solkes Magazine\",\"url\":\"https:\\\/\\\/solkes.com\\\/\",\"logo\":{\"@type\":\"ImageObject\",\"inLanguage\":\"en-US\",\"@id\":\"https:\\\/\\\/solkes.com\\\/#\\\/schema\\\/logo\\\/image\\\/\",\"url\":\"https:\\\/\\\/solkes.com\\\/wp-content\\\/uploads\\\/2024\\\/09\\\/logo-SOLKES-820px-x-312px.png\",\"contentUrl\":\"https:\\\/\\\/solkes.com\\\/wp-content\\\/uploads\\\/2024\\\/09\\\/logo-SOLKES-820px-x-312px.png\",\"width\":411,\"height\":303,\"caption\":\"Solkes Magazine\"},\"image\":{\"@id\":\"https:\\\/\\\/solkes.com\\\/#\\\/schema\\\/logo\\\/image\\\/\"},\"sameAs\":[\"https:\\\/\\\/www.facebook.com\\\/solkesmagazinee\\\/\",\"https:\\\/\\\/instagram.com\\\/solkesmagazine\\\/\"]},{\"@type\":\"Person\",\"@id\":\"https:\\\/\\\/solkes.com\\\/#\\\/schema\\\/person\\\/54684f1c0bebcaff4d6b3f1ec2e71e91\",\"name\":\"Laura Viera A.\",\"image\":{\"@type\":\"ImageObject\",\"inLanguage\":\"en-US\",\"@id\":\"https:\\\/\\\/secure.gravatar.com\\\/avatar\\\/d7b6a8bb956f5279e99babca11ed31351716b19f59e9e3e989847c0ca9e0c5d9?s=96&d=identicon&r=g\",\"url\":\"https:\\\/\\\/secure.gravatar.com\\\/avatar\\\/d7b6a8bb956f5279e99babca11ed31351716b19f59e9e3e989847c0ca9e0c5d9?s=96&d=identicon&r=g\",\"contentUrl\":\"https:\\\/\\\/secure.gravatar.com\\\/avatar\\\/d7b6a8bb956f5279e99babca11ed31351716b19f59e9e3e989847c0ca9e0c5d9?s=96&d=identicon&r=g\",\"caption\":\"Laura Viera A.\"},\"description\":\"Fundadora y Directora Editorial de Solkes Magazine Es periodista de vocaci\u00f3n y formaci\u00f3n. Estudi\u00f3 Comunicaci\u00f3n Social con \u00e9nfasis en Periodismo en la Pontificia Universidad Javeriana de Bogot\u00e1, Colombia. Desde muy joven sinti\u00f3 una profunda pasi\u00f3n por contar historias, explorar el mundo y dar voz a quienes no la tienen. Su compromiso con los Derechos Humanos ha sido una constante en su trayectoria, participando activamente en proyectos sociales desde temprana edad. Este inter\u00e9s se refleja en el enfoque editorial de Solkes, una revista que prioriza el periodismo independiente, la diversidad cultural y la profundidad narrativa. Laura naci\u00f3 en Bogot\u00e1, vivi\u00f3 tres a\u00f1os en Madrid, Espa\u00f1a, y desde el verano de 2010 reside en Alemania. Esta experiencia multicultural ha enriquecido su perspectiva y ha sido clave para la creaci\u00f3n de una revista triling\u00fce que trasciende fronteras y conecta a lectores de distintas partes del mundo. ******************************************************************************************* Founder and Editorial Director of Solkes Magazine She is a passionate journalist by vocation and training. She studied Mass Communication with an emphasis on Journalism at the Pontificia Universidad Javeriana in Bogot\u00e1, Colombia. From a young age, she was deeply motivated to tell stories, explore the world, and give a voice to those who often go unheard. Her commitment to Human Rights has been a constant throughout her career, actively participating in social projects since early on. This dedication is reflected in Solkes Magazine\u2019s editorial focus on independent journalism, cultural diversity, and in-depth storytelling. Born in Bogot\u00e1, Laura lived in Madrid, Spain for three years, and has been residing in Germany since the summer of 2010. This multicultural experience has enriched her perspective and played a key role in creating a trilingual magazine that transcends borders and connects readers from around the world. ******************************************************************************************* Gr\u00fcnderin und Chefredakteurin von Solkes Magazine Laura Viera ist eine leidenschaftliche Journalistin aus Berufung und Ausbildung. Sie hat Soziale Kommunikation mit Schwerpunkt Journalismus an der Pontificia Universidad Javeriana in Bogot\u00e1, Kolumbien, studiert. Schon in jungen Jahren war sie stark motiviert, Geschichten zu erz\u00e4hlen, die Welt zu erkunden und denen eine Stimme zu geben, die oft ungeh\u00f6rt bleiben. Ihr Engagement f\u00fcr Menschenrechte begleitet sie seit Beginn ihrer Laufbahn. Sie war von Anfang an aktiv an sozialen Projekten beteiligt. Dieses Engagement spiegelt sich auch im redaktionellen Fokus von Solkes Magazine wider, das unabh\u00e4ngigen Journalismus, kulturelle Vielfalt und tiefgr\u00fcndiges Erz\u00e4hlen in den Vordergrund stellt. Geboren in Bogot\u00e1, lebte Laura drei Jahre in Madrid, Spanien, und lebt seit Sommer 2010 in Deutschland. Diese multikulturelle Erfahrung hat ihre Perspektive bereichert und war entscheidend bei der Gr\u00fcndung eines dreisprachigen Magazins, das Grenzen \u00fcberschreitet und Leser weltweit verbindet.\",\"sameAs\":[\"http:\\\/\\\/www.solkes.com\"],\"url\":\"https:\\\/\\\/solkes.com\\\/en\\\/author\\\/lauraviera2019\\\/\"}]}<\/script>\n<!-- \/ Yoast SEO plugin. -->","yoast_head_json":{"title":"Without a hitch: Pilar Cabrera - Solkes Magazine","description":"Pilar Cabrera is a singer, composer and a mom. Lover of music and life and creating emotions and situations.","robots":{"index":"index","follow":"follow","max-snippet":"max-snippet:-1","max-image-preview":"max-image-preview:large","max-video-preview":"max-video-preview:-1"},"canonical":"https:\/\/solkes.com\/en\/the-shutter\/2019\/07\/without-a-hitch-pilar-cabrera\/","og_locale":"en_US","og_type":"article","og_title":"Without a hitch: Pilar Cabrera - Solkes Magazine","og_description":"Pilar Cabrera is a singer, composer and a mom. Lover of music and life and creating emotions and situations.","og_url":"https:\/\/solkes.com\/en\/the-shutter\/2019\/07\/without-a-hitch-pilar-cabrera\/","og_site_name":"Solkes Magazine","article_publisher":"https:\/\/www.facebook.com\/solkesmagazinee\/","article_published_time":"2019-07-03T08:00:20+00:00","article_modified_time":"2020-12-01T20:05:56+00:00","og_image":[{"width":996,"height":601,"url":"https:\/\/solkes.com\/wp-content\/uploads\/2019\/08\/1805_05-1-1.jpg","type":"image\/jpeg"}],"author":"Laura Viera A.","twitter_card":"summary_large_image","twitter_misc":{"Written by":"Laura Viera A.","Est. reading time":"7 minutes"},"schema":{"@context":"https:\/\/schema.org","@graph":[{"@type":"Article","@id":"https:\/\/solkes.com\/en\/the-shutter\/2019\/07\/without-a-hitch-pilar-cabrera\/#article","isPartOf":{"@id":"https:\/\/solkes.com\/en\/the-shutter\/2019\/07\/without-a-hitch-pilar-cabrera\/"},"author":{"name":"Laura Viera A.","@id":"https:\/\/solkes.com\/#\/schema\/person\/54684f1c0bebcaff4d6b3f1ec2e71e91"},"headline":"Without a hitch: Pilar Cabrera","datePublished":"2019-07-03T08:00:20+00:00","dateModified":"2020-12-01T20:05:56+00:00","mainEntityOfPage":{"@id":"https:\/\/solkes.com\/en\/the-shutter\/2019\/07\/without-a-hitch-pilar-cabrera\/"},"wordCount":1428,"commentCount":0,"publisher":{"@id":"https:\/\/solkes.com\/#organization"},"image":{"@id":"https:\/\/solkes.com\/en\/the-shutter\/2019\/07\/without-a-hitch-pilar-cabrera\/#primaryimage"},"thumbnailUrl":"https:\/\/solkes.com\/wp-content\/uploads\/2019\/08\/1805_05-1-1.jpg","keywords":["Colombia","music","Pilar Cabrera","the shutter"],"articleSection":["The Shutter"],"inLanguage":"en-US","potentialAction":[{"@type":"CommentAction","name":"Comment","target":["https:\/\/solkes.com\/en\/the-shutter\/2019\/07\/without-a-hitch-pilar-cabrera\/#respond"]}]},{"@type":"WebPage","@id":"https:\/\/solkes.com\/en\/the-shutter\/2019\/07\/without-a-hitch-pilar-cabrera\/","url":"https:\/\/solkes.com\/en\/the-shutter\/2019\/07\/without-a-hitch-pilar-cabrera\/","name":"Without a hitch: Pilar Cabrera - Solkes Magazine","isPartOf":{"@id":"https:\/\/solkes.com\/#website"},"primaryImageOfPage":{"@id":"https:\/\/solkes.com\/en\/the-shutter\/2019\/07\/without-a-hitch-pilar-cabrera\/#primaryimage"},"image":{"@id":"https:\/\/solkes.com\/en\/the-shutter\/2019\/07\/without-a-hitch-pilar-cabrera\/#primaryimage"},"thumbnailUrl":"https:\/\/solkes.com\/wp-content\/uploads\/2019\/08\/1805_05-1-1.jpg","datePublished":"2019-07-03T08:00:20+00:00","dateModified":"2020-12-01T20:05:56+00:00","description":"Pilar Cabrera is a singer, composer and a mom. Lover of music and life and creating emotions and situations.","breadcrumb":{"@id":"https:\/\/solkes.com\/en\/the-shutter\/2019\/07\/without-a-hitch-pilar-cabrera\/#breadcrumb"},"inLanguage":"en-US","potentialAction":[{"@type":"ReadAction","target":["https:\/\/solkes.com\/en\/the-shutter\/2019\/07\/without-a-hitch-pilar-cabrera\/"]}]},{"@type":"ImageObject","inLanguage":"en-US","@id":"https:\/\/solkes.com\/en\/the-shutter\/2019\/07\/without-a-hitch-pilar-cabrera\/#primaryimage","url":"https:\/\/solkes.com\/wp-content\/uploads\/2019\/08\/1805_05-1-1.jpg","contentUrl":"https:\/\/solkes.com\/wp-content\/uploads\/2019\/08\/1805_05-1-1.jpg","width":996,"height":601,"caption":"Foto: Pilar Cabrera \u00a9 Solkes"},{"@type":"BreadcrumbList","@id":"https:\/\/solkes.com\/en\/the-shutter\/2019\/07\/without-a-hitch-pilar-cabrera\/#breadcrumb","itemListElement":[{"@type":"ListItem","position":1,"name":"Portada","item":"https:\/\/solkes.com\/"},{"@type":"ListItem","position":2,"name":"Without a hitch: Pilar Cabrera"}]},{"@type":"WebSite","@id":"https:\/\/solkes.com\/#website","url":"https:\/\/solkes.com\/","name":"Solkes Magazine","description":"solkes.com","publisher":{"@id":"https:\/\/solkes.com\/#organization"},"potentialAction":[{"@type":"SearchAction","target":{"@type":"EntryPoint","urlTemplate":"https:\/\/solkes.com\/?s={search_term_string}"},"query-input":{"@type":"PropertyValueSpecification","valueRequired":true,"valueName":"search_term_string"}}],"inLanguage":"en-US"},{"@type":"Organization","@id":"https:\/\/solkes.com\/#organization","name":"Solkes Magazine","url":"https:\/\/solkes.com\/","logo":{"@type":"ImageObject","inLanguage":"en-US","@id":"https:\/\/solkes.com\/#\/schema\/logo\/image\/","url":"https:\/\/solkes.com\/wp-content\/uploads\/2024\/09\/logo-SOLKES-820px-x-312px.png","contentUrl":"https:\/\/solkes.com\/wp-content\/uploads\/2024\/09\/logo-SOLKES-820px-x-312px.png","width":411,"height":303,"caption":"Solkes Magazine"},"image":{"@id":"https:\/\/solkes.com\/#\/schema\/logo\/image\/"},"sameAs":["https:\/\/www.facebook.com\/solkesmagazinee\/","https:\/\/instagram.com\/solkesmagazine\/"]},{"@type":"Person","@id":"https:\/\/solkes.com\/#\/schema\/person\/54684f1c0bebcaff4d6b3f1ec2e71e91","name":"Laura Viera A.","image":{"@type":"ImageObject","inLanguage":"en-US","@id":"https:\/\/secure.gravatar.com\/avatar\/d7b6a8bb956f5279e99babca11ed31351716b19f59e9e3e989847c0ca9e0c5d9?s=96&d=identicon&r=g","url":"https:\/\/secure.gravatar.com\/avatar\/d7b6a8bb956f5279e99babca11ed31351716b19f59e9e3e989847c0ca9e0c5d9?s=96&d=identicon&r=g","contentUrl":"https:\/\/secure.gravatar.com\/avatar\/d7b6a8bb956f5279e99babca11ed31351716b19f59e9e3e989847c0ca9e0c5d9?s=96&d=identicon&r=g","caption":"Laura Viera A."},"description":"Fundadora y Directora Editorial de Solkes Magazine Es periodista de vocaci\u00f3n y formaci\u00f3n. Estudi\u00f3 Comunicaci\u00f3n Social con \u00e9nfasis en Periodismo en la Pontificia Universidad Javeriana de Bogot\u00e1, Colombia. Desde muy joven sinti\u00f3 una profunda pasi\u00f3n por contar historias, explorar el mundo y dar voz a quienes no la tienen. Su compromiso con los Derechos Humanos ha sido una constante en su trayectoria, participando activamente en proyectos sociales desde temprana edad. Este inter\u00e9s se refleja en el enfoque editorial de Solkes, una revista que prioriza el periodismo independiente, la diversidad cultural y la profundidad narrativa. Laura naci\u00f3 en Bogot\u00e1, vivi\u00f3 tres a\u00f1os en Madrid, Espa\u00f1a, y desde el verano de 2010 reside en Alemania. Esta experiencia multicultural ha enriquecido su perspectiva y ha sido clave para la creaci\u00f3n de una revista triling\u00fce que trasciende fronteras y conecta a lectores de distintas partes del mundo. ******************************************************************************************* Founder and Editorial Director of Solkes Magazine She is a passionate journalist by vocation and training. She studied Mass Communication with an emphasis on Journalism at the Pontificia Universidad Javeriana in Bogot\u00e1, Colombia. From a young age, she was deeply motivated to tell stories, explore the world, and give a voice to those who often go unheard. Her commitment to Human Rights has been a constant throughout her career, actively participating in social projects since early on. This dedication is reflected in Solkes Magazine\u2019s editorial focus on independent journalism, cultural diversity, and in-depth storytelling. Born in Bogot\u00e1, Laura lived in Madrid, Spain for three years, and has been residing in Germany since the summer of 2010. This multicultural experience has enriched her perspective and played a key role in creating a trilingual magazine that transcends borders and connects readers from around the world. ******************************************************************************************* Gr\u00fcnderin und Chefredakteurin von Solkes Magazine Laura Viera ist eine leidenschaftliche Journalistin aus Berufung und Ausbildung. Sie hat Soziale Kommunikation mit Schwerpunkt Journalismus an der Pontificia Universidad Javeriana in Bogot\u00e1, Kolumbien, studiert. Schon in jungen Jahren war sie stark motiviert, Geschichten zu erz\u00e4hlen, die Welt zu erkunden und denen eine Stimme zu geben, die oft ungeh\u00f6rt bleiben. Ihr Engagement f\u00fcr Menschenrechte begleitet sie seit Beginn ihrer Laufbahn. Sie war von Anfang an aktiv an sozialen Projekten beteiligt. Dieses Engagement spiegelt sich auch im redaktionellen Fokus von Solkes Magazine wider, das unabh\u00e4ngigen Journalismus, kulturelle Vielfalt und tiefgr\u00fcndiges Erz\u00e4hlen in den Vordergrund stellt. Geboren in Bogot\u00e1, lebte Laura drei Jahre in Madrid, Spanien, und lebt seit Sommer 2010 in Deutschland. Diese multikulturelle Erfahrung hat ihre Perspektive bereichert und war entscheidend bei der Gr\u00fcndung eines dreisprachigen Magazins, das Grenzen \u00fcberschreitet und Leser weltweit verbindet.","sameAs":["http:\/\/www.solkes.com"],"url":"https:\/\/solkes.com\/en\/author\/lauraviera2019\/"}]}},"_links":{"self":[{"href":"https:\/\/solkes.com\/en\/wp-json\/wp\/v2\/posts\/2616","targetHints":{"allow":["GET"]}}],"collection":[{"href":"https:\/\/solkes.com\/en\/wp-json\/wp\/v2\/posts"}],"about":[{"href":"https:\/\/solkes.com\/en\/wp-json\/wp\/v2\/types\/post"}],"author":[{"embeddable":true,"href":"https:\/\/solkes.com\/en\/wp-json\/wp\/v2\/users\/76"}],"replies":[{"embeddable":true,"href":"https:\/\/solkes.com\/en\/wp-json\/wp\/v2\/comments?post=2616"}],"version-history":[{"count":6,"href":"https:\/\/solkes.com\/en\/wp-json\/wp\/v2\/posts\/2616\/revisions"}],"predecessor-version":[{"id":12682,"href":"https:\/\/solkes.com\/en\/wp-json\/wp\/v2\/posts\/2616\/revisions\/12682"}],"wp:featuredmedia":[{"embeddable":true,"href":"https:\/\/solkes.com\/en\/wp-json\/wp\/v2\/media\/1462"}],"wp:attachment":[{"href":"https:\/\/solkes.com\/en\/wp-json\/wp\/v2\/media?parent=2616"}],"wp:term":[{"taxonomy":"category","embeddable":true,"href":"https:\/\/solkes.com\/en\/wp-json\/wp\/v2\/categories?post=2616"},{"taxonomy":"post_tag","embeddable":true,"href":"https:\/\/solkes.com\/en\/wp-json\/wp\/v2\/tags?post=2616"}],"curies":[{"name":"wp","href":"https:\/\/api.w.org\/{rel}","templated":true}]}}