{"id":2449,"date":"2017-11-03T10:00:19","date_gmt":"2017-11-03T08:00:19","guid":{"rendered":"http:\/\/solkes.com\/?p=2449"},"modified":"2020-12-04T08:09:21","modified_gmt":"2020-12-04T06:09:21","slug":"dibujos-de-ciudad","status":"publish","type":"post","link":"https:\/\/solkes.com\/en\/el-obturador\/2017\/11\/dibujos-de-ciudad\/","title":{"rendered":"Dibujos de ciudad"},"content":{"rendered":"<p id=\"normalText\"><span id=\"dropCap\" class=\"dropcap dropcap2\" style=\"color: #138a8d;\">L<\/span>as im\u00e1genes pueden dar indicios confiables sobre lo que est\u00e1 sucediendo en el cuerpo y la mente de una persona. Dicho esto, nunca se sabe realmente c\u00f3mo es una persona y si lo que est\u00e1n presentando al mundo es cierto o una cortina de humo. Eso es cierto en cada escenario, pero especialmente para un artista.<\/p>\n<p id=\"normalText\">Entrevistar a un artista es un momento dif\u00edcil. Literalmente, no sabes lo que vas a conseguir.<\/p>\n<figure id=\"attachment_1425\" aria-describedby=\"caption-attachment-1425\" style=\"width: 1002px\" class=\"wp-caption aligncenter\"><a href=\"http:\/\/solkes.com\/wp-content\/uploads\/2019\/08\/1709_01-2.jpg\"><img fetchpriority=\"high\" decoding=\"async\" class=\"size-full wp-image-1425\" src=\"http:\/\/solkes.com\/wp-content\/uploads\/2019\/08\/1709_01-2.jpg\" alt=\"\" width=\"1002\" height=\"607\" \/><\/a><figcaption id=\"caption-attachment-1425\" class=\"wp-caption-text\">Foto: Laura Viera A \u00a9 Solkes<\/figcaption><\/figure>\n<h3><span style=\"color: #138a8d;\"><strong>Conociendo a Christian Rothenhagen<\/strong><\/span><\/h3>\n<figure id=\"attachment_1426\" aria-describedby=\"caption-attachment-1426\" style=\"width: 300px\" class=\"wp-caption alignright\"><a class=\"der\" href=\"https:\/\/solkes.com\/wp-content\/uploads\/2019\/08\/1709_02-2-1.jpg\"><img decoding=\"async\" class=\"wp-image-1426 size-medium\" src=\"http:\/\/solkes.com\/wp-content\/uploads\/2019\/08\/1709_02-2-300x482.jpg\" alt=\"\" width=\"300\" height=\"482\" \/><\/a><figcaption id=\"caption-attachment-1426\" class=\"wp-caption-text\">Laura Viera A \u00a9 Solkes<\/figcaption><\/figure>\n<p>De cualquier manera, esta vez estaba un poco nerviosa antes de llegar al estudio donde deb\u00eda entrevistar a <span style=\"color: #138a8d;\"><b id=\"blue\"><span style=\"color: #138a8d;\"><a style=\"color: #138a8d;\" href=\"https:\/\/www.singulart.com\/de\/k\u00fcnstler\/christian-rothenhagen-715?campaign_id=202&amp;keyword=christian%20rothenhagen&amp;matchtype=e&amp;gclid=EAIaIQobChMIw_H709GT5AIVg9KyCh2bHA78EAAYASAAEgKpPvD_BwE\">Christian Rothenhagen<\/a>.<\/span>\u00a0<\/b><\/span><\/p>\n<p>Quiero decir, un amigo me hab\u00eda hablado de \u00e9l y habl\u00f3 maravillas no s\u00f3lo de lo talentoso que es, sino de que es una persona de buen coraz\u00f3n. As\u00ed que, estaba nerviosa!<\/p>\n<p id=\"normalText\">Finalmente voy all\u00ed y nos estrechamos la mano como es costumbre aqu\u00ed en Alemania. Nos sentamos en la esquina de su estudio y empezamos a hablar.<\/p>\n<p>Primero un poco sobre m\u00ed y la revista y por qu\u00e9 quer\u00eda esta entrevista. Lentamente, encend\u00ed mi grabadora y comenc\u00e9 la conversaci\u00f3n oficial.<\/p>\n<p id=\"normalText\">Pas\u00f3 de ser una entrevista t\u00edpica a una charla entre viejos conocidos. \u00a1Fue grandioso!<\/p>\n<p id=\"normalText\">Christian Rothenhagen es un tipo, con los pies en la tierra, relajado y un verdadero artista.<\/p>\n<p id=\"normalText\">Es un verdadero berlin\u00e9s. Naci\u00f3 y se cri\u00f3 en la capital alemana y ha tenido la suerte de estar enamorado de su ciudad desde que camin\u00f3 por sus calles cuando era ni\u00f1o.<\/p>\n<p><a title=\"Photo: Laura Viera A \u00a9 Solkes\"><img id=\"leftImg\" \/><\/a><\/p>\n<figure id=\"attachment_1427\" aria-describedby=\"caption-attachment-1427\" style=\"width: 300px\" class=\"wp-caption alignleft\"><a class=\"izq\" href=\"https:\/\/solkes.com\/wp-content\/uploads\/2019\/08\/1709_03-2-1.jpg\"><img decoding=\"async\" class=\"wp-image-1427 size-medium\" src=\"http:\/\/solkes.com\/wp-content\/uploads\/2019\/08\/1709_03-2-300x482.jpg\" alt=\"\" width=\"300\" height=\"482\" \/><\/a><figcaption id=\"caption-attachment-1427\" class=\"wp-caption-text\">Laura Viera A \u00a9 Solkes<\/figcaption><\/figure>\n<p>Su medio es el dibujo. A trav\u00e9s de sus ojos es posible ver y sentir las calles de Berl\u00edn, San Francisco o Toronto.<\/p>\n<p id=\"normalText\"><b id=\"blue\"><span style=\"color: #138a8d;\">L.Viera:<\/span>\u00a0<\/b>\u00bfC\u00f3mo llegaste al dibujo?<\/p>\n<p id=\"normalText\"><b id=\"blue\"><span style=\"color: #138a8d;\">C. Rothenhagen:<\/span>\u00a0<\/b>Oh, buena pregunta &#8230; bueno, siempre hice eso, incluso cuando era ni\u00f1o.<\/p>\n<p id=\"normalText\"><b id=\"blue\"><span style=\"color: #138a8d;\">L.Viera:<\/span>\u00a0<\/b>As\u00ed que ..<\/p>\n<p id=\"normalText\"><b id=\"blue\"><span style=\"color: #138a8d;\">C. Rothenhagen:<\/span>\u00a0<\/b>Cuando era ni\u00f1o, mi objetivo era copiar otras cosas. Comic, cosas o algo.<\/p>\n<p id=\"normalText\"><b id=\"blue\"><span style=\"color: #138a8d;\">L.Viera:<\/span>\u00a0<\/b>\u00bfQu\u00e9 piensas del dibujo como medio?<\/p>\n<p id=\"normalText\"><span style=\"color: #138a8d;\"><b id=\"blue\">L.Viera:\u00a0<\/b><\/span>Creo que es la cosa m\u00e1s directa y &#8220;\u00e1spera&#8221; en el arte. Uno piensa algo y dibuja algo y no hay mucho en el medio. Es empezar desde cero, puedes ser muy detallado con eso.<\/p>\n<h3 id=\"normalText\"><span style=\"color: #138a8d;\"><b id=\"blue\">La ciudad<\/b><\/span><\/h3>\n<p><span style=\"color: #138a8d;\"><b id=\"blue\">L.Viera:\u00a0<\/b><\/span>Me preguntaba si cada ciudad a la que vas te inspirara o si tienes favoritos?<\/p>\n<p id=\"normalText\"><b id=\"blue\"><span style=\"color: #138a8d;\">C. Rothenhagen:<\/span>\u00a0<\/b>Por supuesto, el favorito principal es Berl\u00edn. Yo soy de aqu\u00ed y hay tantos cambios que me gusta mantener el tiempo, un poco! Y durante los a\u00f1os, San Francisco tambi\u00e9n se ha convertido en favorito. Me encanta la arquitectura y San Francisco es una ciudad hermosa.<\/p>\n<p id=\"normalText\">Hay tantos cambios que es interesante mantener algo de eso en los dibujos.<\/p>\n<figure id=\"attachment_1428\" aria-describedby=\"caption-attachment-1428\" style=\"width: 1002px\" class=\"wp-caption aligncenter\"><a href=\"https:\/\/solkes.com\/wp-content\/uploads\/2019\/08\/1709_04-1-1.jpg\"><img loading=\"lazy\" decoding=\"async\" class=\"size-full wp-image-1428\" src=\"https:\/\/solkes.com\/wp-content\/uploads\/2019\/08\/1709_04-1-1.jpg\" alt=\"\" width=\"1002\" height=\"607\" srcset=\"https:\/\/solkes.com\/wp-content\/uploads\/2019\/08\/1709_04-1-1.jpg 1002w, https:\/\/solkes.com\/wp-content\/uploads\/2019\/08\/1709_04-1-1-300x182.jpg 300w, https:\/\/solkes.com\/wp-content\/uploads\/2019\/08\/1709_04-1-1-768x465.jpg 768w, https:\/\/solkes.com\/wp-content\/uploads\/2019\/08\/1709_04-1-1-320x194.jpg 320w, https:\/\/solkes.com\/wp-content\/uploads\/2019\/08\/1709_04-1-1-992x601.jpg 992w\" sizes=\"(max-width: 1002px) 100vw, 1002px\" \/><\/a><figcaption id=\"caption-attachment-1428\" class=\"wp-caption-text\">Laura Viera A \u00a9 Solkes<\/figcaption><\/figure>\n<p>Las personas que se <strong><span style=\"color: #138a8d;\">&#8220;ense\u00f1an&#8221;<\/span><\/strong> a s\u00ed mismos el arte pueden tener un enfoque diferente. Sin embargo, como artista sabes que realmente no hay l\u00edmite cuando se trata de arte creativo, imaginativo y hermoso. Por lo tanto, la pregunta m\u00e1s importante es c\u00f3mo alguien puede mejorar sus habilidades y crecer como un artista autodidacta.<\/p>\n<blockquote class=\"td_quote_box td_box_left\">\n<h4><span style=\"color: #000000;\"><span id=\"quotesRight\" class=\"five columns\">Dej\u00e9 parte de mi coraz\u00f3n en San Francisco, pero estoy enamorado de Berl\u00edn.<\/span><\/span><\/h4>\n<\/blockquote>\n<h3 id=\"normalText\"><strong><span style=\"color: #138a8d;\">Un artista <a style=\"color: #138a8d;\" href=\"https:\/\/es.wikipedia.org\/wiki\/Autoaprendizaje\">autodidacta<\/a><\/span><\/strong><\/h3>\n<p>Bueno, Christian es exactamente eso. <b id=\"blue\"><span style=\"color: #138a8d;\">Un artista <a style=\"color: #138a8d;\" href=\"https:\/\/es.wikipedia.org\/wiki\/Autoaprendizaje\">autodidacta<\/a><\/span>\u00a0<\/b>y un muy bueno, si me atrevo a decirlo.<a title=\"Photo: Laura Viera A \u00a9 Solkes\"><img id=\"leftImg\" \/><\/a><\/p>\n<p>Mientras que el arte es un talento, no crece por s\u00ed mismo en el vac\u00edo, y para que alguien pueda alcanzar su potencial necesitan una comprensi\u00f3n de lo b\u00e1sico, una base en los fundamentos.<\/p>\n<figure id=\"attachment_1429\" aria-describedby=\"caption-attachment-1429\" style=\"width: 300px\" class=\"wp-caption alignright\"><a class=\"der\" href=\"https:\/\/solkes.com\/wp-content\/uploads\/2019\/08\/1709_05-1-1.jpg\"><img loading=\"lazy\" decoding=\"async\" class=\"wp-image-1429 size-medium\" src=\"http:\/\/solkes.com\/wp-content\/uploads\/2019\/08\/1709_05-1-300x482.jpg\" alt=\"\" width=\"300\" height=\"482\" \/><\/a><figcaption id=\"caption-attachment-1429\" class=\"wp-caption-text\">Laura Viera A \u00a9 Solkes<\/figcaption><\/figure>\n<p id=\"normalText\">Nunca estudi\u00f3 arte. Rothenhagen creci\u00f3 en el Este y debido a cuestiones pol\u00edticas no se le permiti\u00f3 graduarse, as\u00ed que nunca podr\u00eda tener la oportunidad de estudiar.<\/p>\n<p id=\"normalText\">Pero como la suerte lo ten\u00eda, <b id=\"blue\"><span style=\"color: #138a8d;\">el muro de Berlin<\/span>\u00a0<\/b>cay\u00f3 cuando ten\u00eda 17 a\u00f1os.<\/p>\n<p id=\"normalText\">Su siguiente paso fue ser aprendiz de carpintero. No necesariamente porque quer\u00eda ser carpintero, sino porque era lo m\u00e1s cercano a las artes que pod\u00eda conseguir en ese momento.<\/p>\n<p id=\"normalText\">Despu\u00e9s de concluir su per\u00edodo como aprendiz, volvi\u00f3 y se gradu\u00f3 del colegio y pudo estudiar.<\/p>\n<p id=\"normalText\"><b id=\"blue\"><span style=\"color: #138a8d;\">L.Viera:<\/span>\u00a0<\/b>Entonces, \u00bfqu\u00e9 estudiaste?<\/p>\n<p id=\"normalText\"><b id=\"blue\"><span style=\"color: #138a8d;\">C. Rothenhagen:<\/span>\u00a0<\/b>Quer\u00eda estudiar dise\u00f1o gr\u00e1fico o de moda pero era demasiado t\u00edmido para hacer eso y por alguna raz\u00f3n termin\u00e9 estudiando Educaci\u00f3n Social.<\/p>\n<figure id=\"attachment_1430\" aria-describedby=\"caption-attachment-1430\" style=\"width: 1002px\" class=\"wp-caption aligncenter\"><a href=\"https:\/\/solkes.com\/wp-content\/uploads\/2019\/08\/1709_06-1-1.jpg\"><img loading=\"lazy\" decoding=\"async\" class=\"wp-image-1430 size-full\" src=\"https:\/\/solkes.com\/wp-content\/uploads\/2019\/08\/1709_06-1-1.jpg\" alt=\"\" width=\"1002\" height=\"607\" srcset=\"https:\/\/solkes.com\/wp-content\/uploads\/2019\/08\/1709_06-1-1.jpg 1002w, https:\/\/solkes.com\/wp-content\/uploads\/2019\/08\/1709_06-1-1-300x182.jpg 300w, https:\/\/solkes.com\/wp-content\/uploads\/2019\/08\/1709_06-1-1-768x465.jpg 768w, https:\/\/solkes.com\/wp-content\/uploads\/2019\/08\/1709_06-1-1-320x194.jpg 320w, https:\/\/solkes.com\/wp-content\/uploads\/2019\/08\/1709_06-1-1-992x601.jpg 992w\" sizes=\"(max-width: 1002px) 100vw, 1002px\" \/><\/a><figcaption id=\"caption-attachment-1430\" class=\"wp-caption-text\">Christian R \u00a9 Solkes<\/figcaption><\/figure>\n<p id=\"normalText\"><span style=\"color: #138a8d;\"><b id=\"blue\">L.Viera:\u00a0<\/b><\/span>oh, eso es un cambio &#8230;. cambiaste!<\/p>\n<p id=\"normalText\"><b id=\"blue\"><span style=\"color: #138a8d;\">C. Rothenhagen:<\/span>\u00a0<\/b>Cambi\u00e9 mucho pero termin\u00e9 todo lo que comenc\u00e9. Durante mis estudios trabaj\u00e9 en una tienda de skate y yo tambi\u00e9n ten\u00eda mi l\u00ednea de ropa. Sent\u00ed la necesidad de terminar toda mi producci\u00f3n creativa as\u00ed que le ped\u00ed a un amigo m\u00edo que me ense\u00f1ara photoshop y as\u00ed es como me met\u00ed en dise\u00f1o gr\u00e1fico y en el mundo digital.<\/p>\n<h3><span style=\"color: #138a8d;\"><strong>Cambios y m\u00e1s cambios<\/strong><\/span><\/h3>\n<p id=\"normalText\"><b id=\"blue\"><span style=\"color: #138a8d;\">L.Viera:<\/span>\u00a0<\/b>\u00bfDespu\u00e9s de terminar tus estudios lo que pas\u00f3?<\/p>\n<p id=\"normalText\"><b id=\"blue\"><span style=\"color: #138a8d;\">C. Rothenhagen:<\/span>\u00a0<\/b>Hice una pasant\u00eda en una compa\u00f1\u00eda de publicidad. Despu\u00e9s de ser director de arte junior por un par de a\u00f1os, decid\u00ed ser artista independiente, ilustrador y con los a\u00f1os se volvi\u00f3 m\u00e1s enfocado en el arte.<\/p>\n<p id=\"normalText\"><span style=\"color: #138a8d;\"><b id=\"blue\">L.Viera:\u00a0<\/b><\/span>\u00bfTodos los desv\u00edos son bienvenidos?<\/p>\n<figure id=\"attachment_1431\" aria-describedby=\"caption-attachment-1431\" style=\"width: 300px\" class=\"wp-caption alignleft\"><a class=\"izq\" href=\"https:\/\/solkes.com\/wp-content\/uploads\/2019\/08\/1709_07-2.jpg\"><img loading=\"lazy\" decoding=\"async\" class=\"wp-image-1431 size-medium\" src=\"http:\/\/solkes.com\/wp-content\/uploads\/2019\/08\/1709_07-300x482.jpg\" alt=\"\" width=\"300\" height=\"482\" \/><\/a><figcaption id=\"caption-attachment-1431\" class=\"wp-caption-text\">Christian R \u00a9 Solkes<\/figcaption><\/figure>\n<p id=\"normalText\"><b id=\"blue\"><span style=\"color: #138a8d;\">C. Rothenhagen:<\/span>\u00a0<\/b>S\u00ed, absolutamente. Al igual que los estudios de Educaci\u00f3n Social me permiten ense\u00f1ar en las escuelas de arte, el aprendiz de carpintero abre nuevos canales, me abre la mente cuando se trabaja con madera, materiales 3d.<\/p>\n<p id=\"normalText\"><span style=\"color: #138a8d;\"><b id=\"blue\">L.Viera:\u00a0<\/b><\/span>\u00bfY t\u00fa siempre segu\u00edas dibujando?<\/p>\n<p id=\"normalText\"><a title=\"Photo: Christian Rothenhagen \u00a9 Solkes\"><img id=\"rightImg\" \/><\/a><a title=\"Photo: Christian Rothenhagen \u00a9 Solkes\"><span style=\"color: #138a8d;\"><b id=\"blue\">C. Rothenhagen:\u00a0<\/b><\/span><span style=\"color: #222222;\">S\u00ed, s\u00ed.<\/span><\/a><\/p>\n<p id=\"normalText\">La arquitectura es su tema. <span style=\"color: #138a8d;\"><b id=\"blue\">Despu\u00e9s de todo, \u00e9l se a autoproclamado chico de la ciudad. <\/b><\/span>Se trata de cambios y la belleza de la misma. Es una visi\u00f3n muy personal de una ciudad.<\/p>\n<p id=\"normalText\">En un mundo ocupado, es f\u00e1cil distraerse. A veces se mira un lienzo en blanco, y se piensa que es no es posible llegar m\u00e1s lejos posible.<\/p>\n<p id=\"normalText\">Todos sabemos que construir una carrera sostenible en el campo creativo no es f\u00e1cil. Pero, la falta de formaci\u00f3n art\u00edstica no le impidi\u00f3 alcanzar sus sue\u00f1os.<\/p>\n<p>Christian R. se ha establecido como artista al crear obras de arte sobrias, enriquecedoras de vida, significados, secretos, memoria e historia.<\/p>\n<blockquote class=\"td_quote_box td_box_left\">\n<h4><span style=\"color: #000000;\"><span id=\"quotesLeft\" class=\"five columns\">Nunca podr\u00eda salir de Berl\u00edn, no para siempre.<\/span><\/span><\/h4>\n<\/blockquote>\n<p id=\"normalText\"><span style=\"color: #138a8d;\"><b id=\"blue\">L.Viera:\u00a0<\/b><\/span>\u00bfTodav\u00eda te pones nervioso antes de una exposici\u00f3n?<\/p>\n<p id=\"normalText\"><span style=\"color: #138a8d;\"><b id=\"blue\">C. Rothenhagen:\u00a0<\/b><\/span>Por supuesto. Quiero decir que hacer arte es muy personal. As\u00ed que te abres. Cada pieza de arte que haces es \u00edntima.<\/p>\n<p id=\"normalText\"><span style=\"color: #138a8d;\"><b id=\"blue\">L.Viera:\u00a0<\/b><\/span>\u00bfTe molesta si a alguien no le gustan tus cuadros?<\/p>\n<p id=\"normalText\"><b id=\"blue\"><span style=\"color: #138a8d;\">C. Rothenhagen:<\/span>\u00a0<\/b>En realidad no me molesta. A veces lo agradezco porque si todo el mundo disfrutara de lo que hago ser\u00eda la mayor mierda porque no me desafiar\u00eda, no quiero decorar. Mis cosas son personales y si la gente no lo entiende, est\u00e1 bien y si la gente ve el significado detr\u00e1s de \u00e9l a\u00fan mejor.<\/p>\n<h3><span style=\"color: #138a8d;\"><strong>Cada rinc\u00f3n puede ser un lienzo nuevo<\/strong><\/span><\/h3>\n<p id=\"normalText\">Cada rinc\u00f3n puede ser un lienzo nuevo. <b id=\"blue\"><span style=\"color: #138a8d;\">La inspiraci\u00f3n est\u00e1 literalmente en todas partes.<\/span>\u00a0<\/b>A veces una calle toma una nueva vida y sus ojos captan la belleza de la misma. Siempre est\u00e1 con su tel\u00e9fono para poder captar r\u00e1pidamente una imagen, y as\u00ed congelar una imagen que m\u00e1s tarde se convertir\u00e1 en rastros y formas.<\/p>\n<figure id=\"attachment_1432\" aria-describedby=\"caption-attachment-1432\" style=\"width: 1002px\" class=\"wp-caption aligncenter\"><a href=\"https:\/\/solkes.com\/wp-content\/uploads\/2019\/08\/1709_08-2.jpg\"><img loading=\"lazy\" decoding=\"async\" class=\"size-full wp-image-1432\" src=\"https:\/\/solkes.com\/wp-content\/uploads\/2019\/08\/1709_08-2.jpg\" alt=\"\" width=\"1002\" height=\"607\" srcset=\"https:\/\/solkes.com\/wp-content\/uploads\/2019\/08\/1709_08-2.jpg 1002w, https:\/\/solkes.com\/wp-content\/uploads\/2019\/08\/1709_08-2-300x182.jpg 300w, https:\/\/solkes.com\/wp-content\/uploads\/2019\/08\/1709_08-2-768x465.jpg 768w, https:\/\/solkes.com\/wp-content\/uploads\/2019\/08\/1709_08-2-320x194.jpg 320w, https:\/\/solkes.com\/wp-content\/uploads\/2019\/08\/1709_08-2-992x601.jpg 992w\" sizes=\"(max-width: 1002px) 100vw, 1002px\" \/><\/a><figcaption id=\"caption-attachment-1432\" class=\"wp-caption-text\">Christian R \u00a9 Solkes<\/figcaption><\/figure>\n<p>Creo que el hecho de no tener una formaci\u00f3n art\u00edstica profesional le ha dado el est\u00edmulo y la libertad de crear simplemente desde su coraz\u00f3n en lugar de tratar de encontrar un equilibrio entre la formaci\u00f3n educativa y las expresiones personales. Madurar como un artista autodidacta implica disciplina y \u00e9l tiene eso.<\/p>\n<blockquote class=\"td_quote_box td_box_right\">\n<h4><span style=\"color: #000000;\"><span id=\"quotesRight\" class=\"five columns\">Amo la ciudad, absolutamente.<\/span><\/span><\/h4>\n<\/blockquote>\n<p id=\"normalText\"><span id=\"dropCap\" class=\"dropcap dropcap2\" style=\"color: #138a8d;\">R<\/span>ealmente creo que la creatividad est\u00e1 en todos nosotros. En algunas personas, se manifiesta muy temprano en la vida y el camino para estas personas comienza all\u00ed. <b id=\"blue\"><span style=\"color: #138a8d;\">No creo que el entrenamiento profesional limite a las personas que realmente creen que su don de crear siempre ha sido parte de su ADN.<\/span> <\/b>Cuando esa capacidad est\u00e1 en ti, es demasiado fuerte para comprometerte con cualquier tipo de entrenamiento.<\/p>\n","protected":false},"excerpt":{"rendered":"<p>Las im\u00e1genes pueden dar indicios confiables sobre lo que est\u00e1 sucediendo en el cuerpo y la mente de una persona. Dicho esto, nunca se sabe realmente c\u00f3mo es una persona y si lo que est\u00e1n presentando al mundo es cierto o una cortina de humo. Eso es cierto en cada escenario, pero especialmente para un [&hellip;]<\/p>\n","protected":false},"author":76,"featured_media":1425,"comment_status":"open","ping_status":"open","sticky":false,"template":"","format":"standard","meta":{"_acf_changed":false,"_exactmetrics_skip_tracking":false,"_exactmetrics_sitenote_active":false,"_exactmetrics_sitenote_note":"","_exactmetrics_sitenote_category":0,"site-sidebar-layout":"default","site-content-layout":"default","ast-site-content-layout":"default","site-content-style":"default","site-sidebar-style":"default","ast-global-header-display":"","ast-banner-title-visibility":"","ast-main-header-display":"","ast-hfb-above-header-display":"","ast-hfb-below-header-display":"","ast-hfb-mobile-header-display":"","site-post-title":"","ast-breadcrumbs-content":"","ast-featured-img":"","footer-sml-layout":"","theme-transparent-header-meta":"default","adv-header-id-meta":"","stick-header-meta":"","header-above-stick-meta":"","header-main-stick-meta":"","header-below-stick-meta":"","astra-migrate-meta-layouts":"default","ast-page-background-enabled":"default","ast-page-background-meta":{"desktop":{"background-color":"","background-image":"","background-repeat":"repeat","background-position":"center center","background-size":"auto","background-attachment":"scroll","background-type":"","background-media":"","overlay-type":"","overlay-color":"","overlay-opacity":"","overlay-gradient":""},"tablet":{"background-color":"","background-image":"","background-repeat":"repeat","background-position":"center center","background-size":"auto","background-attachment":"scroll","background-type":"","background-media":"","overlay-type":"","overlay-color":"","overlay-opacity":"","overlay-gradient":""},"mobile":{"background-color":"","background-image":"","background-repeat":"repeat","background-position":"center center","background-size":"auto","background-attachment":"scroll","background-type":"","background-media":"","overlay-type":"","overlay-color":"","overlay-opacity":"","overlay-gradient":""}},"ast-content-background-meta":{"desktop":{"background-color":"var(--ast-global-color-5)","background-image":"","background-repeat":"repeat","background-position":"center center","background-size":"auto","background-attachment":"scroll","background-type":"","background-media":"","overlay-type":"","overlay-color":"","overlay-opacity":"","overlay-gradient":""},"tablet":{"background-color":"var(--ast-global-color-5)","background-image":"","background-repeat":"repeat","background-position":"center center","background-size":"auto","background-attachment":"scroll","background-type":"","background-media":"","overlay-type":"","overlay-color":"","overlay-opacity":"","overlay-gradient":""},"mobile":{"background-color":"var(--ast-global-color-5)","background-image":"","background-repeat":"repeat","background-position":"center center","background-size":"auto","background-attachment":"scroll","background-type":"","background-media":"","overlay-type":"","overlay-color":"","overlay-opacity":"","overlay-gradient":""}},"footnotes":""},"categories":[27],"tags":[101,1288,308,28,1289],"class_list":["post-2449","post","type-post","status-publish","format-standard","has-post-thumbnail","hentry","category-el-obturador","tag-berlin-en","tag-christian-rothenhagen-es","tag-dibujo","tag-el-obturador-es","tag-san-francisco-es"],"acf":[],"yoast_head":"<!-- This site is optimized with the Yoast SEO plugin v27.4 - https:\/\/yoast.com\/product\/yoast-seo-wordpress\/ -->\n<title>Dibujos de ciudad - Solkes Magazine<\/title>\n<meta name=\"description\" content=\"Christian Rothenhagen es un artista que vive entre San Francisco y Berlin. Sus dibujos de ciudad son asombrosos.\" \/>\n<meta name=\"robots\" content=\"index, follow, max-snippet:-1, max-image-preview:large, max-video-preview:-1\" \/>\n<link rel=\"canonical\" href=\"https:\/\/solkes.com\/el-obturador\/2017\/11\/dibujos-de-ciudad\/\" \/>\n<meta property=\"og:locale\" content=\"en_US\" \/>\n<meta property=\"og:type\" content=\"article\" \/>\n<meta property=\"og:title\" content=\"Dibujos de ciudad - Solkes Magazine\" \/>\n<meta property=\"og:description\" content=\"Christian Rothenhagen es un artista que vive entre San Francisco y Berlin. Sus dibujos de ciudad son asombrosos.\" \/>\n<meta property=\"og:url\" content=\"https:\/\/solkes.com\/el-obturador\/2017\/11\/dibujos-de-ciudad\/\" \/>\n<meta property=\"og:site_name\" content=\"Solkes Magazine\" \/>\n<meta property=\"article:publisher\" content=\"https:\/\/www.facebook.com\/solkesmagazinee\/\" \/>\n<meta property=\"article:published_time\" content=\"2017-11-03T08:00:19+00:00\" \/>\n<meta property=\"article:modified_time\" content=\"2020-12-04T06:09:21+00:00\" \/>\n<meta property=\"og:image\" content=\"https:\/\/solkes.com\/wp-content\/uploads\/2019\/08\/1709_01-2-1.jpg\" \/>\n\t<meta property=\"og:image:width\" content=\"1002\" \/>\n\t<meta property=\"og:image:height\" content=\"607\" \/>\n\t<meta property=\"og:image:type\" content=\"image\/jpeg\" \/>\n<meta name=\"author\" content=\"Laura Viera A.\" \/>\n<meta name=\"twitter:card\" content=\"summary_large_image\" \/>\n<meta name=\"twitter:label1\" content=\"Written by\" \/>\n\t<meta name=\"twitter:data1\" content=\"Laura Viera A.\" \/>\n\t<meta name=\"twitter:label2\" content=\"Est. reading time\" \/>\n\t<meta name=\"twitter:data2\" content=\"7 minutes\" \/>\n<script type=\"application\/ld+json\" class=\"yoast-schema-graph\">{\"@context\":\"https:\\\/\\\/schema.org\",\"@graph\":[{\"@type\":\"Article\",\"@id\":\"https:\\\/\\\/solkes.com\\\/el-obturador\\\/2017\\\/11\\\/dibujos-de-ciudad\\\/#article\",\"isPartOf\":{\"@id\":\"https:\\\/\\\/solkes.com\\\/el-obturador\\\/2017\\\/11\\\/dibujos-de-ciudad\\\/\"},\"author\":{\"name\":\"Laura Viera A.\",\"@id\":\"https:\\\/\\\/solkes.com\\\/#\\\/schema\\\/person\\\/54684f1c0bebcaff4d6b3f1ec2e71e91\"},\"headline\":\"Dibujos de ciudad\",\"datePublished\":\"2017-11-03T08:00:19+00:00\",\"dateModified\":\"2020-12-04T06:09:21+00:00\",\"mainEntityOfPage\":{\"@id\":\"https:\\\/\\\/solkes.com\\\/el-obturador\\\/2017\\\/11\\\/dibujos-de-ciudad\\\/\"},\"wordCount\":1428,\"commentCount\":0,\"publisher\":{\"@id\":\"https:\\\/\\\/solkes.com\\\/#organization\"},\"image\":{\"@id\":\"https:\\\/\\\/solkes.com\\\/el-obturador\\\/2017\\\/11\\\/dibujos-de-ciudad\\\/#primaryimage\"},\"thumbnailUrl\":\"https:\\\/\\\/solkes.com\\\/wp-content\\\/uploads\\\/2019\\\/08\\\/1709_01-2-1.jpg\",\"keywords\":[\"Berlin\",\"Christian Rothenhagen\",\"dibujo\",\"El Obturador\",\"San Francisco\"],\"articleSection\":[\"El Obturador\"],\"inLanguage\":\"en-US\",\"potentialAction\":[{\"@type\":\"CommentAction\",\"name\":\"Comment\",\"target\":[\"https:\\\/\\\/solkes.com\\\/el-obturador\\\/2017\\\/11\\\/dibujos-de-ciudad\\\/#respond\"]}]},{\"@type\":\"WebPage\",\"@id\":\"https:\\\/\\\/solkes.com\\\/el-obturador\\\/2017\\\/11\\\/dibujos-de-ciudad\\\/\",\"url\":\"https:\\\/\\\/solkes.com\\\/el-obturador\\\/2017\\\/11\\\/dibujos-de-ciudad\\\/\",\"name\":\"Dibujos de ciudad - Solkes Magazine\",\"isPartOf\":{\"@id\":\"https:\\\/\\\/solkes.com\\\/#website\"},\"primaryImageOfPage\":{\"@id\":\"https:\\\/\\\/solkes.com\\\/el-obturador\\\/2017\\\/11\\\/dibujos-de-ciudad\\\/#primaryimage\"},\"image\":{\"@id\":\"https:\\\/\\\/solkes.com\\\/el-obturador\\\/2017\\\/11\\\/dibujos-de-ciudad\\\/#primaryimage\"},\"thumbnailUrl\":\"https:\\\/\\\/solkes.com\\\/wp-content\\\/uploads\\\/2019\\\/08\\\/1709_01-2-1.jpg\",\"datePublished\":\"2017-11-03T08:00:19+00:00\",\"dateModified\":\"2020-12-04T06:09:21+00:00\",\"description\":\"Christian Rothenhagen es un artista que vive entre San Francisco y Berlin. Sus dibujos de ciudad son asombrosos.\",\"breadcrumb\":{\"@id\":\"https:\\\/\\\/solkes.com\\\/el-obturador\\\/2017\\\/11\\\/dibujos-de-ciudad\\\/#breadcrumb\"},\"inLanguage\":\"en-US\",\"potentialAction\":[{\"@type\":\"ReadAction\",\"target\":[\"https:\\\/\\\/solkes.com\\\/el-obturador\\\/2017\\\/11\\\/dibujos-de-ciudad\\\/\"]}]},{\"@type\":\"ImageObject\",\"inLanguage\":\"en-US\",\"@id\":\"https:\\\/\\\/solkes.com\\\/el-obturador\\\/2017\\\/11\\\/dibujos-de-ciudad\\\/#primaryimage\",\"url\":\"https:\\\/\\\/solkes.com\\\/wp-content\\\/uploads\\\/2019\\\/08\\\/1709_01-2-1.jpg\",\"contentUrl\":\"https:\\\/\\\/solkes.com\\\/wp-content\\\/uploads\\\/2019\\\/08\\\/1709_01-2-1.jpg\",\"width\":1002,\"height\":607,\"caption\":\"Foto: Laura Viera A \u00a9 Solkes\"},{\"@type\":\"BreadcrumbList\",\"@id\":\"https:\\\/\\\/solkes.com\\\/el-obturador\\\/2017\\\/11\\\/dibujos-de-ciudad\\\/#breadcrumb\",\"itemListElement\":[{\"@type\":\"ListItem\",\"position\":1,\"name\":\"Portada\",\"item\":\"https:\\\/\\\/solkes.com\\\/\"},{\"@type\":\"ListItem\",\"position\":2,\"name\":\"Dibujos de ciudad\"}]},{\"@type\":\"WebSite\",\"@id\":\"https:\\\/\\\/solkes.com\\\/#website\",\"url\":\"https:\\\/\\\/solkes.com\\\/\",\"name\":\"Solkes Magazine\",\"description\":\"solkes.com\",\"publisher\":{\"@id\":\"https:\\\/\\\/solkes.com\\\/#organization\"},\"potentialAction\":[{\"@type\":\"SearchAction\",\"target\":{\"@type\":\"EntryPoint\",\"urlTemplate\":\"https:\\\/\\\/solkes.com\\\/?s={search_term_string}\"},\"query-input\":{\"@type\":\"PropertyValueSpecification\",\"valueRequired\":true,\"valueName\":\"search_term_string\"}}],\"inLanguage\":\"en-US\"},{\"@type\":\"Organization\",\"@id\":\"https:\\\/\\\/solkes.com\\\/#organization\",\"name\":\"Solkes Magazine\",\"url\":\"https:\\\/\\\/solkes.com\\\/\",\"logo\":{\"@type\":\"ImageObject\",\"inLanguage\":\"en-US\",\"@id\":\"https:\\\/\\\/solkes.com\\\/#\\\/schema\\\/logo\\\/image\\\/\",\"url\":\"https:\\\/\\\/solkes.com\\\/wp-content\\\/uploads\\\/2024\\\/09\\\/logo-SOLKES-820px-x-312px.png\",\"contentUrl\":\"https:\\\/\\\/solkes.com\\\/wp-content\\\/uploads\\\/2024\\\/09\\\/logo-SOLKES-820px-x-312px.png\",\"width\":411,\"height\":303,\"caption\":\"Solkes Magazine\"},\"image\":{\"@id\":\"https:\\\/\\\/solkes.com\\\/#\\\/schema\\\/logo\\\/image\\\/\"},\"sameAs\":[\"https:\\\/\\\/www.facebook.com\\\/solkesmagazinee\\\/\",\"https:\\\/\\\/instagram.com\\\/solkesmagazine\\\/\"]},{\"@type\":\"Person\",\"@id\":\"https:\\\/\\\/solkes.com\\\/#\\\/schema\\\/person\\\/54684f1c0bebcaff4d6b3f1ec2e71e91\",\"name\":\"Laura Viera A.\",\"image\":{\"@type\":\"ImageObject\",\"inLanguage\":\"en-US\",\"@id\":\"https:\\\/\\\/secure.gravatar.com\\\/avatar\\\/d7b6a8bb956f5279e99babca11ed31351716b19f59e9e3e989847c0ca9e0c5d9?s=96&d=identicon&r=g\",\"url\":\"https:\\\/\\\/secure.gravatar.com\\\/avatar\\\/d7b6a8bb956f5279e99babca11ed31351716b19f59e9e3e989847c0ca9e0c5d9?s=96&d=identicon&r=g\",\"contentUrl\":\"https:\\\/\\\/secure.gravatar.com\\\/avatar\\\/d7b6a8bb956f5279e99babca11ed31351716b19f59e9e3e989847c0ca9e0c5d9?s=96&d=identicon&r=g\",\"caption\":\"Laura Viera A.\"},\"description\":\"Fundadora y Directora Editorial de Solkes Magazine Es periodista de vocaci\u00f3n y formaci\u00f3n. Estudi\u00f3 Comunicaci\u00f3n Social con \u00e9nfasis en Periodismo en la Pontificia Universidad Javeriana de Bogot\u00e1, Colombia. Desde muy joven sinti\u00f3 una profunda pasi\u00f3n por contar historias, explorar el mundo y dar voz a quienes no la tienen. Su compromiso con los Derechos Humanos ha sido una constante en su trayectoria, participando activamente en proyectos sociales desde temprana edad. Este inter\u00e9s se refleja en el enfoque editorial de Solkes, una revista que prioriza el periodismo independiente, la diversidad cultural y la profundidad narrativa. Laura naci\u00f3 en Bogot\u00e1, vivi\u00f3 tres a\u00f1os en Madrid, Espa\u00f1a, y desde el verano de 2010 reside en Alemania. Esta experiencia multicultural ha enriquecido su perspectiva y ha sido clave para la creaci\u00f3n de una revista triling\u00fce que trasciende fronteras y conecta a lectores de distintas partes del mundo. ******************************************************************************************* Founder and Editorial Director of Solkes Magazine She is a passionate journalist by vocation and training. She studied Mass Communication with an emphasis on Journalism at the Pontificia Universidad Javeriana in Bogot\u00e1, Colombia. From a young age, she was deeply motivated to tell stories, explore the world, and give a voice to those who often go unheard. Her commitment to Human Rights has been a constant throughout her career, actively participating in social projects since early on. This dedication is reflected in Solkes Magazine\u2019s editorial focus on independent journalism, cultural diversity, and in-depth storytelling. Born in Bogot\u00e1, Laura lived in Madrid, Spain for three years, and has been residing in Germany since the summer of 2010. This multicultural experience has enriched her perspective and played a key role in creating a trilingual magazine that transcends borders and connects readers from around the world. ******************************************************************************************* Gr\u00fcnderin und Chefredakteurin von Solkes Magazine Laura Viera ist eine leidenschaftliche Journalistin aus Berufung und Ausbildung. Sie hat Soziale Kommunikation mit Schwerpunkt Journalismus an der Pontificia Universidad Javeriana in Bogot\u00e1, Kolumbien, studiert. Schon in jungen Jahren war sie stark motiviert, Geschichten zu erz\u00e4hlen, die Welt zu erkunden und denen eine Stimme zu geben, die oft ungeh\u00f6rt bleiben. Ihr Engagement f\u00fcr Menschenrechte begleitet sie seit Beginn ihrer Laufbahn. Sie war von Anfang an aktiv an sozialen Projekten beteiligt. Dieses Engagement spiegelt sich auch im redaktionellen Fokus von Solkes Magazine wider, das unabh\u00e4ngigen Journalismus, kulturelle Vielfalt und tiefgr\u00fcndiges Erz\u00e4hlen in den Vordergrund stellt. Geboren in Bogot\u00e1, lebte Laura drei Jahre in Madrid, Spanien, und lebt seit Sommer 2010 in Deutschland. Diese multikulturelle Erfahrung hat ihre Perspektive bereichert und war entscheidend bei der Gr\u00fcndung eines dreisprachigen Magazins, das Grenzen \u00fcberschreitet und Leser weltweit verbindet.\",\"sameAs\":[\"http:\\\/\\\/www.solkes.com\"],\"url\":\"https:\\\/\\\/solkes.com\\\/en\\\/author\\\/lauraviera2019\\\/\"}]}<\/script>\n<!-- \/ Yoast SEO plugin. -->","yoast_head_json":{"title":"Dibujos de ciudad - Solkes Magazine","description":"Christian Rothenhagen es un artista que vive entre San Francisco y Berlin. Sus dibujos de ciudad son asombrosos.","robots":{"index":"index","follow":"follow","max-snippet":"max-snippet:-1","max-image-preview":"max-image-preview:large","max-video-preview":"max-video-preview:-1"},"canonical":"https:\/\/solkes.com\/el-obturador\/2017\/11\/dibujos-de-ciudad\/","og_locale":"en_US","og_type":"article","og_title":"Dibujos de ciudad - Solkes Magazine","og_description":"Christian Rothenhagen es un artista que vive entre San Francisco y Berlin. Sus dibujos de ciudad son asombrosos.","og_url":"https:\/\/solkes.com\/el-obturador\/2017\/11\/dibujos-de-ciudad\/","og_site_name":"Solkes Magazine","article_publisher":"https:\/\/www.facebook.com\/solkesmagazinee\/","article_published_time":"2017-11-03T08:00:19+00:00","article_modified_time":"2020-12-04T06:09:21+00:00","og_image":[{"width":1002,"height":607,"url":"https:\/\/solkes.com\/wp-content\/uploads\/2019\/08\/1709_01-2-1.jpg","type":"image\/jpeg"}],"author":"Laura Viera A.","twitter_card":"summary_large_image","twitter_misc":{"Written by":"Laura Viera A.","Est. reading time":"7 minutes"},"schema":{"@context":"https:\/\/schema.org","@graph":[{"@type":"Article","@id":"https:\/\/solkes.com\/el-obturador\/2017\/11\/dibujos-de-ciudad\/#article","isPartOf":{"@id":"https:\/\/solkes.com\/el-obturador\/2017\/11\/dibujos-de-ciudad\/"},"author":{"name":"Laura Viera A.","@id":"https:\/\/solkes.com\/#\/schema\/person\/54684f1c0bebcaff4d6b3f1ec2e71e91"},"headline":"Dibujos de ciudad","datePublished":"2017-11-03T08:00:19+00:00","dateModified":"2020-12-04T06:09:21+00:00","mainEntityOfPage":{"@id":"https:\/\/solkes.com\/el-obturador\/2017\/11\/dibujos-de-ciudad\/"},"wordCount":1428,"commentCount":0,"publisher":{"@id":"https:\/\/solkes.com\/#organization"},"image":{"@id":"https:\/\/solkes.com\/el-obturador\/2017\/11\/dibujos-de-ciudad\/#primaryimage"},"thumbnailUrl":"https:\/\/solkes.com\/wp-content\/uploads\/2019\/08\/1709_01-2-1.jpg","keywords":["Berlin","Christian Rothenhagen","dibujo","El Obturador","San Francisco"],"articleSection":["El Obturador"],"inLanguage":"en-US","potentialAction":[{"@type":"CommentAction","name":"Comment","target":["https:\/\/solkes.com\/el-obturador\/2017\/11\/dibujos-de-ciudad\/#respond"]}]},{"@type":"WebPage","@id":"https:\/\/solkes.com\/el-obturador\/2017\/11\/dibujos-de-ciudad\/","url":"https:\/\/solkes.com\/el-obturador\/2017\/11\/dibujos-de-ciudad\/","name":"Dibujos de ciudad - Solkes Magazine","isPartOf":{"@id":"https:\/\/solkes.com\/#website"},"primaryImageOfPage":{"@id":"https:\/\/solkes.com\/el-obturador\/2017\/11\/dibujos-de-ciudad\/#primaryimage"},"image":{"@id":"https:\/\/solkes.com\/el-obturador\/2017\/11\/dibujos-de-ciudad\/#primaryimage"},"thumbnailUrl":"https:\/\/solkes.com\/wp-content\/uploads\/2019\/08\/1709_01-2-1.jpg","datePublished":"2017-11-03T08:00:19+00:00","dateModified":"2020-12-04T06:09:21+00:00","description":"Christian Rothenhagen es un artista que vive entre San Francisco y Berlin. Sus dibujos de ciudad son asombrosos.","breadcrumb":{"@id":"https:\/\/solkes.com\/el-obturador\/2017\/11\/dibujos-de-ciudad\/#breadcrumb"},"inLanguage":"en-US","potentialAction":[{"@type":"ReadAction","target":["https:\/\/solkes.com\/el-obturador\/2017\/11\/dibujos-de-ciudad\/"]}]},{"@type":"ImageObject","inLanguage":"en-US","@id":"https:\/\/solkes.com\/el-obturador\/2017\/11\/dibujos-de-ciudad\/#primaryimage","url":"https:\/\/solkes.com\/wp-content\/uploads\/2019\/08\/1709_01-2-1.jpg","contentUrl":"https:\/\/solkes.com\/wp-content\/uploads\/2019\/08\/1709_01-2-1.jpg","width":1002,"height":607,"caption":"Foto: Laura Viera A \u00a9 Solkes"},{"@type":"BreadcrumbList","@id":"https:\/\/solkes.com\/el-obturador\/2017\/11\/dibujos-de-ciudad\/#breadcrumb","itemListElement":[{"@type":"ListItem","position":1,"name":"Portada","item":"https:\/\/solkes.com\/"},{"@type":"ListItem","position":2,"name":"Dibujos de ciudad"}]},{"@type":"WebSite","@id":"https:\/\/solkes.com\/#website","url":"https:\/\/solkes.com\/","name":"Solkes Magazine","description":"solkes.com","publisher":{"@id":"https:\/\/solkes.com\/#organization"},"potentialAction":[{"@type":"SearchAction","target":{"@type":"EntryPoint","urlTemplate":"https:\/\/solkes.com\/?s={search_term_string}"},"query-input":{"@type":"PropertyValueSpecification","valueRequired":true,"valueName":"search_term_string"}}],"inLanguage":"en-US"},{"@type":"Organization","@id":"https:\/\/solkes.com\/#organization","name":"Solkes Magazine","url":"https:\/\/solkes.com\/","logo":{"@type":"ImageObject","inLanguage":"en-US","@id":"https:\/\/solkes.com\/#\/schema\/logo\/image\/","url":"https:\/\/solkes.com\/wp-content\/uploads\/2024\/09\/logo-SOLKES-820px-x-312px.png","contentUrl":"https:\/\/solkes.com\/wp-content\/uploads\/2024\/09\/logo-SOLKES-820px-x-312px.png","width":411,"height":303,"caption":"Solkes Magazine"},"image":{"@id":"https:\/\/solkes.com\/#\/schema\/logo\/image\/"},"sameAs":["https:\/\/www.facebook.com\/solkesmagazinee\/","https:\/\/instagram.com\/solkesmagazine\/"]},{"@type":"Person","@id":"https:\/\/solkes.com\/#\/schema\/person\/54684f1c0bebcaff4d6b3f1ec2e71e91","name":"Laura Viera A.","image":{"@type":"ImageObject","inLanguage":"en-US","@id":"https:\/\/secure.gravatar.com\/avatar\/d7b6a8bb956f5279e99babca11ed31351716b19f59e9e3e989847c0ca9e0c5d9?s=96&d=identicon&r=g","url":"https:\/\/secure.gravatar.com\/avatar\/d7b6a8bb956f5279e99babca11ed31351716b19f59e9e3e989847c0ca9e0c5d9?s=96&d=identicon&r=g","contentUrl":"https:\/\/secure.gravatar.com\/avatar\/d7b6a8bb956f5279e99babca11ed31351716b19f59e9e3e989847c0ca9e0c5d9?s=96&d=identicon&r=g","caption":"Laura Viera A."},"description":"Fundadora y Directora Editorial de Solkes Magazine Es periodista de vocaci\u00f3n y formaci\u00f3n. Estudi\u00f3 Comunicaci\u00f3n Social con \u00e9nfasis en Periodismo en la Pontificia Universidad Javeriana de Bogot\u00e1, Colombia. Desde muy joven sinti\u00f3 una profunda pasi\u00f3n por contar historias, explorar el mundo y dar voz a quienes no la tienen. Su compromiso con los Derechos Humanos ha sido una constante en su trayectoria, participando activamente en proyectos sociales desde temprana edad. Este inter\u00e9s se refleja en el enfoque editorial de Solkes, una revista que prioriza el periodismo independiente, la diversidad cultural y la profundidad narrativa. Laura naci\u00f3 en Bogot\u00e1, vivi\u00f3 tres a\u00f1os en Madrid, Espa\u00f1a, y desde el verano de 2010 reside en Alemania. Esta experiencia multicultural ha enriquecido su perspectiva y ha sido clave para la creaci\u00f3n de una revista triling\u00fce que trasciende fronteras y conecta a lectores de distintas partes del mundo. ******************************************************************************************* Founder and Editorial Director of Solkes Magazine She is a passionate journalist by vocation and training. She studied Mass Communication with an emphasis on Journalism at the Pontificia Universidad Javeriana in Bogot\u00e1, Colombia. From a young age, she was deeply motivated to tell stories, explore the world, and give a voice to those who often go unheard. Her commitment to Human Rights has been a constant throughout her career, actively participating in social projects since early on. This dedication is reflected in Solkes Magazine\u2019s editorial focus on independent journalism, cultural diversity, and in-depth storytelling. Born in Bogot\u00e1, Laura lived in Madrid, Spain for three years, and has been residing in Germany since the summer of 2010. This multicultural experience has enriched her perspective and played a key role in creating a trilingual magazine that transcends borders and connects readers from around the world. ******************************************************************************************* Gr\u00fcnderin und Chefredakteurin von Solkes Magazine Laura Viera ist eine leidenschaftliche Journalistin aus Berufung und Ausbildung. Sie hat Soziale Kommunikation mit Schwerpunkt Journalismus an der Pontificia Universidad Javeriana in Bogot\u00e1, Kolumbien, studiert. Schon in jungen Jahren war sie stark motiviert, Geschichten zu erz\u00e4hlen, die Welt zu erkunden und denen eine Stimme zu geben, die oft ungeh\u00f6rt bleiben. Ihr Engagement f\u00fcr Menschenrechte begleitet sie seit Beginn ihrer Laufbahn. Sie war von Anfang an aktiv an sozialen Projekten beteiligt. Dieses Engagement spiegelt sich auch im redaktionellen Fokus von Solkes Magazine wider, das unabh\u00e4ngigen Journalismus, kulturelle Vielfalt und tiefgr\u00fcndiges Erz\u00e4hlen in den Vordergrund stellt. Geboren in Bogot\u00e1, lebte Laura drei Jahre in Madrid, Spanien, und lebt seit Sommer 2010 in Deutschland. Diese multikulturelle Erfahrung hat ihre Perspektive bereichert und war entscheidend bei der Gr\u00fcndung eines dreisprachigen Magazins, das Grenzen \u00fcberschreitet und Leser weltweit verbindet.","sameAs":["http:\/\/www.solkes.com"],"url":"https:\/\/solkes.com\/en\/author\/lauraviera2019\/"}]}},"_links":{"self":[{"href":"https:\/\/solkes.com\/en\/wp-json\/wp\/v2\/posts\/2449","targetHints":{"allow":["GET"]}}],"collection":[{"href":"https:\/\/solkes.com\/en\/wp-json\/wp\/v2\/posts"}],"about":[{"href":"https:\/\/solkes.com\/en\/wp-json\/wp\/v2\/types\/post"}],"author":[{"embeddable":true,"href":"https:\/\/solkes.com\/en\/wp-json\/wp\/v2\/users\/76"}],"replies":[{"embeddable":true,"href":"https:\/\/solkes.com\/en\/wp-json\/wp\/v2\/comments?post=2449"}],"version-history":[{"count":9,"href":"https:\/\/solkes.com\/en\/wp-json\/wp\/v2\/posts\/2449\/revisions"}],"predecessor-version":[{"id":12840,"href":"https:\/\/solkes.com\/en\/wp-json\/wp\/v2\/posts\/2449\/revisions\/12840"}],"wp:featuredmedia":[{"embeddable":true,"href":"https:\/\/solkes.com\/en\/wp-json\/wp\/v2\/media\/1425"}],"wp:attachment":[{"href":"https:\/\/solkes.com\/en\/wp-json\/wp\/v2\/media?parent=2449"}],"wp:term":[{"taxonomy":"category","embeddable":true,"href":"https:\/\/solkes.com\/en\/wp-json\/wp\/v2\/categories?post=2449"},{"taxonomy":"post_tag","embeddable":true,"href":"https:\/\/solkes.com\/en\/wp-json\/wp\/v2\/tags?post=2449"}],"curies":[{"name":"wp","href":"https:\/\/api.w.org\/{rel}","templated":true}]}}