{"id":10792,"date":"2019-10-03T10:00:32","date_gmt":"2019-10-03T08:00:32","guid":{"rendered":"https:\/\/solkes.com\/?p=10792"},"modified":"2020-11-13T11:51:34","modified_gmt":"2020-11-13T09:51:34","slug":"with-a-bit-of-faith","status":"publish","type":"post","link":"https:\/\/solkes.com\/en\/leaving-a-mark\/2019\/10\/with-a-bit-of-faith\/","title":{"rendered":"With a bit of faith"},"content":{"rendered":"<p><span style=\"color: #138a8d;\">I<\/span>f there is one thing we know, it is that there are many kinds of people. With this we refer to the diversity in personalities, creeds, languages, religion, races and education among many other factors.<\/p>\n<p>One of the many factors that can differentiate people is their ability to interact with the world around them. And, the interaction can be seen around affected by external or internal elements of a person.<\/p>\n<p>With this in mind, we have had the opportunity to establish contact with La Fundaci\u00f3n F\u00e9. It is an organization that promotes the social inclusion of the population in cognitive disability condition and their families.<\/p>\n<h3><strong><span style=\"color: #138a8d;\">A cognitive disability<\/span><\/strong><\/h3>\n<figure id=\"attachment_10796\" aria-describedby=\"caption-attachment-10796\" style=\"width: 299px\" class=\"wp-caption alignright\"><img fetchpriority=\"high\" decoding=\"async\" class=\"wp-image-10796 size-Solkes Vertical\" src=\"https:\/\/solkes.com\/wp-content\/uploads\/2019\/10\/with-a-bit-of-faith-1910_1-299x480.jpg\" alt=\"\" width=\"299\" height=\"480\" srcset=\"https:\/\/solkes.com\/wp-content\/uploads\/2019\/10\/with-a-bit-of-faith-1910_1-299x480.jpg 299w, https:\/\/solkes.com\/wp-content\/uploads\/2019\/10\/with-a-bit-of-faith-1910_1-187x300.jpg 187w, https:\/\/solkes.com\/wp-content\/uploads\/2019\/10\/with-a-bit-of-faith-1910_1.jpg 620w\" sizes=\"(max-width: 299px) 100vw, 299px\" \/><figcaption id=\"caption-attachment-10796\" class=\"wp-caption-text\">Fundaci\u00f3n F\u00e9 \u00a9 Solkes<\/figcaption><\/figure>\n<p>We consider that it is paramount to establish what a cognitive or intellectual disability refers to. It is a problem characterized by a delayed mental growth.<\/p>\n<p>In return this will be an anomaly in the learning process, which refers to the late and incomplete acquisition of intellectual skills during human development.<\/p>\n<p>As a result, there will be substantial limitations in the normal progress.<\/p>\n<p>Cognitive disorder signs vary according to the particular disorder, but in m any cases common signs and symptoms overlap in most disorders. Some of the most common signs of cognitive disorder include: confusion, poor motor coordination, identity confusion and impaired judgement.<\/p>\n<p>Cognitive disorders often begin subtly but tend to progress until they significantly impede the affected individual\u2019s quality of life.<\/p>\n<p>It is also important to understand that cognitive functions are the mental processes that allow us to receive, process and elaborate information.<\/p>\n<figure id=\"attachment_10798\" aria-describedby=\"caption-attachment-10798\" style=\"width: 996px\" class=\"wp-caption aligncenter\"><img decoding=\"async\" class=\"size-full wp-image-10798\" src=\"https:\/\/solkes.com\/wp-content\/uploads\/2019\/10\/with-a-bit-of-faith-1910_2.jpg\" alt=\"\" width=\"996\" height=\"601\" srcset=\"https:\/\/solkes.com\/wp-content\/uploads\/2019\/10\/with-a-bit-of-faith-1910_2.jpg 996w, https:\/\/solkes.com\/wp-content\/uploads\/2019\/10\/with-a-bit-of-faith-1910_2-300x181.jpg 300w, https:\/\/solkes.com\/wp-content\/uploads\/2019\/10\/with-a-bit-of-faith-1910_2-768x463.jpg 768w, https:\/\/solkes.com\/wp-content\/uploads\/2019\/10\/with-a-bit-of-faith-1910_2-320x193.jpg 320w\" sizes=\"(max-width: 996px) 100vw, 996px\" \/><figcaption id=\"caption-attachment-10798\" class=\"wp-caption-text\">Fundaci\u00f3n F\u00e9 \u00a9 Solkes<\/figcaption><\/figure>\n<p>This means that they allow us to take an active role in the processes of interaction, perception and understanding of the environment, which allows them to function in the world around them.<\/p>\n<p>Cognitive skills allow us to carry out any task. Therefore, we use them to learn and retain information.<\/p>\n<p>People suffering from this disability have a variable intellectual function.<\/p>\n<p>All the activities we do require the use of our brain functions, which implies millions of neuronal connections.<\/p>\n<p>The emotional imbalance is one of the most common symptoms. Cognitive impairment is frustrating, and those suffering from it often react with emotional outbursts and this makes getting help harder.<\/p>\n<p>Some people push others away in an attempt to isolate themselves, only making the problem worse. On the other hand, others have dulled or nonexistent emotions.<\/p>\n<h3><strong><span style=\"color: #138a8d;\">The Fundaci\u00f3n F\u00e9<\/span><\/strong><\/h3>\n<p>After establishing this information, we set out to talk with the <span style=\"color: #138a8d;\"><strong><a style=\"color: #138a8d;\" href=\"https:\/\/fundacionfe.org\">Fundaci\u00f3n F\u00e9<\/a><\/strong><\/span>. Through an interdisciplinary, inter-institutional and intersectoral work, they provide all kinds of specialized health, rehabilitation, education and protection services.<\/p>\n<p>Although all this sounds incredible we came to the conclusion that it was necessary to talk to them thoroughly.<\/p>\n<figure id=\"attachment_10800\" aria-describedby=\"caption-attachment-10800\" style=\"width: 299px\" class=\"wp-caption alignleft\"><img decoding=\"async\" class=\"size-Solkes Vertical wp-image-10800\" src=\"https:\/\/solkes.com\/wp-content\/uploads\/2019\/10\/with-a-bit-of-faith-1910_3-299x480.jpg\" alt=\"\" width=\"299\" height=\"480\" srcset=\"https:\/\/solkes.com\/wp-content\/uploads\/2019\/10\/with-a-bit-of-faith-1910_3-299x480.jpg 299w, https:\/\/solkes.com\/wp-content\/uploads\/2019\/10\/with-a-bit-of-faith-1910_3-187x300.jpg 187w, https:\/\/solkes.com\/wp-content\/uploads\/2019\/10\/with-a-bit-of-faith-1910_3.jpg 620w\" sizes=\"(max-width: 299px) 100vw, 299px\" \/><figcaption id=\"caption-attachment-10800\" class=\"wp-caption-text\">Fundaci\u00f3n F\u00e9 \u00a9 Solkes<\/figcaption><\/figure>\n<p><strong><span style=\"color: #138a8d;\">Laura Viera A:<\/span> <\/strong>How was this project born?<\/p>\n<p><strong><span style=\"color: #138a8d;\">Cristina Rivera, Director of Fundaci\u00f3n F\u00e9:<\/span><\/strong> The F\u00e9 Foundation (Faith Foundation) is a non-profit organization, which was born on May 10th 1968 under the commitment of five mothers, and in response to the need of many families who attended the <a href=\"https:\/\/www.hospitalinfantildesanjose.org.co\/nuestro-hospital\"><span style=\"color: #138a8d;\"><strong>Lorencita Villegas Children&#8217;s Hospital de Santos<\/strong><\/span><\/a>, in search of care for their children with disabilities.<\/p>\n<p>Until August 1999, its history was linked to the life of Lorencita Villegas de Santos Hospital. After it was liquidated, the Foundation faced the most significant challenge in its history: ensuring continuity of care for more than 250 people with disabilities and their families.<\/p>\n<h3><strong>People need an\u00a0opportunity\u00a0for inclusion\u00a0<\/strong>&#8211; Fundaci\u00f3n F\u00e9 -(quote right)<\/h3>\n<p>Years have come and gone a lot of constant and dedicated work, the foundation has gained more strength. So much so that in 1975 the Ministry of Education authorized its operation as a non-formal education institution, which also included Occupational Training and Employment Service.<\/p>\n<p>In 1983, they initiated the Early Stimulation Program and in 1988, they started promoting the right to Education through the experience of Integration into the regular classroom.<\/p>\n<p>Likewise, the work of this foundation has received the recognition of Colombian society. They have received the Honorable Mention, awarded by the Colombian Society of Pediatrics &#8211; Bogot\u00e1, the Charity Award and Business Portfolio Award &#8220;95&#8221; Social Balance &#8211; Medium and Small Company.<\/p>\n<figure id=\"attachment_10802\" aria-describedby=\"caption-attachment-10802\" style=\"width: 996px\" class=\"wp-caption aligncenter\"><img loading=\"lazy\" decoding=\"async\" class=\"size-full wp-image-10802\" src=\"https:\/\/solkes.com\/wp-content\/uploads\/2019\/10\/with-a-bit-of-faith-1910_4.jpg\" alt=\"\" width=\"996\" height=\"601\" srcset=\"https:\/\/solkes.com\/wp-content\/uploads\/2019\/10\/with-a-bit-of-faith-1910_4.jpg 996w, https:\/\/solkes.com\/wp-content\/uploads\/2019\/10\/with-a-bit-of-faith-1910_4-300x181.jpg 300w, https:\/\/solkes.com\/wp-content\/uploads\/2019\/10\/with-a-bit-of-faith-1910_4-768x463.jpg 768w, https:\/\/solkes.com\/wp-content\/uploads\/2019\/10\/with-a-bit-of-faith-1910_4-320x193.jpg 320w\" sizes=\"(max-width: 996px) 100vw, 996px\" \/><figcaption id=\"caption-attachment-10802\" class=\"wp-caption-text\">Fundaci\u00f3n F\u00e9 \u00a9 Solkes<\/figcaption><\/figure>\n<h3><strong><span style=\"color: #138a8d;\">Working for the long run<\/span><\/strong><\/h3>\n<p><strong><span style=\"color: #138a8d;\">Laura Viera A:<\/span><\/strong> How did you get involved in this project?<\/p>\n<p><strong><span style=\"color: #138a8d;\">Cristina Rivera, Director of Fundaci\u00f3n F\u00e9:<\/span><\/strong> I am a psychologist by profession, specializing in learning processes and child development and I have always been passionate about working with people with disabilities. I came to the Fundaci\u00f3n Fe in 2001 and since then I have bet on the excellence of our services, always with the sole intention of improving the quality of life of those who need us the most.<\/p>\n<p><strong><span style=\"color: #138a8d;\">Laura Viera A:<\/span> <\/strong>What inspires you to continue?<\/p>\n<p><strong><span style=\"color: #138a8d;\">Cristina Rivera, Director of Fundaci\u00f3n F\u00e9:<\/span><\/strong> The happiness of each user and the satisfaction of their families, to demonstrate to society what they are capable of and that they have come to the world to teach us the true language of unconditional love. It inspires me to be able to lead the restitution of their rights and be the voice of each one of them.<\/p>\n<p>Needless to say that although helping is very important, many just talk about it and don&#8217;t actually do anything.<\/p>\n<p>Today&#8217;s world needs people who can serve others. Helping fills our souls and hearts. For instance, there are hundreds of people who need our support, not only material, but emotional, and if we have the possibility of supporting them, it is our duty to do so.<\/p>\n<p><strong>We must understand that it all depends on putting barriers or allowing the participation of people with disabilities.(right quote)<\/strong><\/p>\n<p>It must be made clear that although much has been achieved, in our country, Colombia, there is still a lot to do. There is a continued lack of tolerance and acceptance for different people.<\/p>\n<p>There is not enough understanding regarding the fact that although we are all human beings, we are not equal.\u00a0Further\u00a0more,\u00a0that people with disabilities can participate in society, on equal terms, understanding that they need support to be able to do it correctly.<\/p>\n<p>Because of this and until now, the most difficult thing has been the support of the Institution. The economic resources that were received a few years ago have dissipated over time.<\/p>\n<figure id=\"attachment_10808\" aria-describedby=\"caption-attachment-10808\" style=\"width: 299px\" class=\"wp-caption alignleft\"><img loading=\"lazy\" decoding=\"async\" class=\"wp-image-10808 size-Solkes Vertical\" src=\"https:\/\/solkes.com\/wp-content\/uploads\/2019\/10\/with-a-bit-of-faith-1910_7-299x480.jpg\" alt=\"\" width=\"299\" height=\"480\" srcset=\"https:\/\/solkes.com\/wp-content\/uploads\/2019\/10\/with-a-bit-of-faith-1910_7-299x480.jpg 299w, https:\/\/solkes.com\/wp-content\/uploads\/2019\/10\/with-a-bit-of-faith-1910_7-187x300.jpg 187w, https:\/\/solkes.com\/wp-content\/uploads\/2019\/10\/with-a-bit-of-faith-1910_7.jpg 620w\" sizes=\"(max-width: 299px) 100vw, 299px\" \/><figcaption id=\"caption-attachment-10808\" class=\"wp-caption-text\">Fundaci\u00f3n F\u00e9 \u00a9 Solkes<\/figcaption><\/figure>\n<p><strong><span style=\"color: #138a8d;\">Laura Viera A:<\/span><\/strong> If you were not doing this, what would you do?<\/p>\n<p><strong><span style=\"color: #138a8d;\">Cristina Rivera, Director of Fundaci\u00f3n F\u00e9:<\/span><\/strong> I had never thought about that question. However, I do not see myself in any other activity than helping those who need me the most. I&#8217;ve been on this path for almost 18 years and I have learned things I couldn&#8217;t have any other way. Every day I thank God because he put me in the path of Fundaci\u00f3n F\u00e9 and geve me the possibility to fill my life with these wonderful little people, who never stop teaching us to live.<\/p>\n<p>Rivera assured us that one of the most complicated aspects has been the acceptance. There are some false beliefs about cognitive disability. Consequently people move a little away from them.<\/p>\n<p>In all areas there are difficulties, in the family, in the school in the workplace. However, these are the challenges that motivate them to continue working for them.<\/p>\n<h3><strong><span style=\"color: #138a8d;\">How they achieve help<\/span><\/strong><\/h3>\n<p>The Fundaci\u00f3n F\u00e9 works through specialized services referenced in four major programs:<\/p>\n<p><strong><span style=\"color: #138a8d;\">Nest of Strengths Program:<\/span> <\/strong>For expectant mothers as a preventive measure against the occurrence of a disability and for nursing mothers who have had a child with a disability.<\/p>\n<p><span style=\"color: #138a8d;\"><strong>Childhood Program:<\/strong> <\/span>For children 0-12 years old.<\/p>\n<p><strong><span style=\"color: #138a8d;\">Teen, Youth and Adult Program:<\/span> <\/strong>For over 13 years.<\/p>\n<p><strong><span style=\"color: #138a8d;\">Protection Program:<\/span> <\/strong>children and young people referred by the ICBF, because in addition to their disability they have some violation of their rights.<\/p>\n<blockquote>\n<h4><strong>Providing specialized quality services in health, education and protection is a primary task. And, obviously to the restitution of their rights, to mitigate the risk factors to which they may be confronted.<\/strong><\/h4>\n<\/blockquote>\n<p>They have several objectives. As a starting point, the construction of a new headquarters. They also want to increase the number of people who benefit from their word. They also want to have an impact in\u00a0neighbouring\u00a0municipalities to Bogot\u00e1.<\/p>\n<p>From education, health, protection, family and community programs, comprehensive care has been provided to more than 6,000 people with cognitive disabilities. In fact, more than 12 thousand families have received orientation and have made aware hundreds of people and institutions that are somehow linked with disability (Universities, regular educational institutions, etc.).<\/p>\n<h3><strong><span style=\"color: #138a8d;\">The truth<\/span><\/strong><\/h3>\n<figure id=\"attachment_10810\" aria-describedby=\"caption-attachment-10810\" style=\"width: 299px\" class=\"wp-caption alignright\"><img loading=\"lazy\" decoding=\"async\" class=\"size-Solkes Vertical wp-image-10810\" src=\"https:\/\/solkes.com\/wp-content\/uploads\/2019\/10\/with-a-bit-of-faith-1910_8-299x480.jpg\" alt=\"\" width=\"299\" height=\"480\" srcset=\"https:\/\/solkes.com\/wp-content\/uploads\/2019\/10\/with-a-bit-of-faith-1910_8-299x480.jpg 299w, https:\/\/solkes.com\/wp-content\/uploads\/2019\/10\/with-a-bit-of-faith-1910_8-187x300.jpg 187w, https:\/\/solkes.com\/wp-content\/uploads\/2019\/10\/with-a-bit-of-faith-1910_8.jpg 620w\" sizes=\"(max-width: 299px) 100vw, 299px\" \/><figcaption id=\"caption-attachment-10810\" class=\"wp-caption-text\">Fundaci\u00f3n F\u00e9 \u00a9 Solkes<\/figcaption><\/figure>\n<p>In conclusion, Colombians and people in general need institutions like Fundaci\u00f3n F\u00e9.<\/p>\n<p>We all need a helping hand. This are trying times and no one has to feel alone.<\/p>\n<p>They work team strive to provide a space in which people are included.<\/p>\n<p>And, it is sad to recognize it but people with cognitive problems face a society that often gives them back.<\/p>\n<p>For example, many educational institutions reject them, because to the processes of inclusion in Colombia, they still need to understand this population.<\/p>\n<p>The Fundaci\u00f3n FE, has an amazing staff. They have more than 50 years of experience, their rehabilitation programs are recognized and their patients re extremely happy.<\/p>\n<p><span style=\"color: #138a8d;\">T<\/span>here is also a lack of solidarity and respect for difference. There is a lot of misinformation in all areas of society, in relation to people with cognitive disabilities. They help us open our minds and hearts. They remind us what it means to have faith.<\/p>\n","protected":false},"excerpt":{"rendered":"<p>If there is one thing we know, it is that there are many kinds of people. With this we refer to the diversity in personalities, creeds, languages, religion, races and education among many other factors. One of the many factors that can differentiate people is their ability to interact with the world around them. And, [&hellip;]<\/p>\n","protected":false},"author":76,"featured_media":10806,"comment_status":"open","ping_status":"open","sticky":false,"template":"","format":"standard","meta":{"_acf_changed":false,"_exactmetrics_skip_tracking":false,"_exactmetrics_sitenote_active":false,"_exactmetrics_sitenote_note":"","_exactmetrics_sitenote_category":0,"site-sidebar-layout":"default","site-content-layout":"default","ast-site-content-layout":"default","site-content-style":"default","site-sidebar-style":"default","ast-global-header-display":"","ast-banner-title-visibility":"","ast-main-header-display":"","ast-hfb-above-header-display":"","ast-hfb-below-header-display":"","ast-hfb-mobile-header-display":"","site-post-title":"","ast-breadcrumbs-content":"","ast-featured-img":"","footer-sml-layout":"","theme-transparent-header-meta":"default","adv-header-id-meta":"","stick-header-meta":"","header-above-stick-meta":"","header-main-stick-meta":"","header-below-stick-meta":"","astra-migrate-meta-layouts":"default","ast-page-background-enabled":"default","ast-page-background-meta":{"desktop":{"background-color":"","background-image":"","background-repeat":"repeat","background-position":"center center","background-size":"auto","background-attachment":"scroll","background-type":"","background-media":"","overlay-type":"","overlay-color":"","overlay-opacity":"","overlay-gradient":""},"tablet":{"background-color":"","background-image":"","background-repeat":"repeat","background-position":"center center","background-size":"auto","background-attachment":"scroll","background-type":"","background-media":"","overlay-type":"","overlay-color":"","overlay-opacity":"","overlay-gradient":""},"mobile":{"background-color":"","background-image":"","background-repeat":"repeat","background-position":"center center","background-size":"auto","background-attachment":"scroll","background-type":"","background-media":"","overlay-type":"","overlay-color":"","overlay-opacity":"","overlay-gradient":""}},"ast-content-background-meta":{"desktop":{"background-color":"var(--ast-global-color-5)","background-image":"","background-repeat":"repeat","background-position":"center center","background-size":"auto","background-attachment":"scroll","background-type":"","background-media":"","overlay-type":"","overlay-color":"","overlay-opacity":"","overlay-gradient":""},"tablet":{"background-color":"var(--ast-global-color-5)","background-image":"","background-repeat":"repeat","background-position":"center center","background-size":"auto","background-attachment":"scroll","background-type":"","background-media":"","overlay-type":"","overlay-color":"","overlay-opacity":"","overlay-gradient":""},"mobile":{"background-color":"var(--ast-global-color-5)","background-image":"","background-repeat":"repeat","background-position":"center center","background-size":"auto","background-attachment":"scroll","background-type":"","background-media":"","overlay-type":"","overlay-color":"","overlay-opacity":"","overlay-gradient":""}},"footnotes":""},"categories":[66],"tags":[1021,1192,801,1128,1193],"class_list":["post-10792","post","type-post","status-publish","format-standard","has-post-thumbnail","hentry","category-leaving-a-mark","tag-apoyo-en","tag-aprendizaje","tag-colombia-en-2","tag-la-fundacion-fe","tag-solidaridad"],"acf":[],"yoast_head":"<!-- This site is optimized with the Yoast SEO plugin v27.4 - https:\/\/yoast.com\/product\/yoast-seo-wordpress\/ -->\n<title>With a bit of faith - Solkes Magazine<\/title>\n<meta name=\"robots\" content=\"index, follow, max-snippet:-1, max-image-preview:large, max-video-preview:-1\" \/>\n<link rel=\"canonical\" href=\"https:\/\/solkes.com\/en\/leaving-a-mark\/2019\/10\/with-a-bit-of-faith\/\" \/>\n<meta property=\"og:locale\" content=\"en_US\" \/>\n<meta property=\"og:type\" content=\"article\" \/>\n<meta property=\"og:title\" content=\"With a bit of faith - Solkes Magazine\" \/>\n<meta property=\"og:description\" content=\"If there is one thing we know, it is that there are many kinds of people. With this we refer to the diversity in personalities, creeds, languages, religion, races and education among many other factors. One of the many factors that can differentiate people is their ability to interact with the world around them. And, [&hellip;]\" \/>\n<meta property=\"og:url\" content=\"https:\/\/solkes.com\/en\/leaving-a-mark\/2019\/10\/with-a-bit-of-faith\/\" \/>\n<meta property=\"og:site_name\" content=\"Solkes Magazine\" \/>\n<meta property=\"article:publisher\" content=\"https:\/\/www.facebook.com\/solkesmagazinee\/\" \/>\n<meta property=\"article:published_time\" content=\"2019-10-03T08:00:32+00:00\" \/>\n<meta property=\"article:modified_time\" content=\"2020-11-13T09:51:34+00:00\" \/>\n<meta property=\"og:image\" content=\"https:\/\/solkes.com\/wp-content\/uploads\/2019\/10\/with-a-bit-of-faith-1910_6.jpg\" \/>\n\t<meta property=\"og:image:width\" content=\"996\" \/>\n\t<meta property=\"og:image:height\" content=\"601\" \/>\n\t<meta property=\"og:image:type\" content=\"image\/jpeg\" \/>\n<meta name=\"author\" content=\"Laura Viera A.\" \/>\n<meta name=\"twitter:card\" content=\"summary_large_image\" \/>\n<meta name=\"twitter:label1\" content=\"Written by\" \/>\n\t<meta name=\"twitter:data1\" content=\"Laura Viera A.\" \/>\n\t<meta name=\"twitter:label2\" content=\"Est. reading time\" \/>\n\t<meta name=\"twitter:data2\" content=\"8 minutes\" \/>\n<script type=\"application\/ld+json\" class=\"yoast-schema-graph\">{\"@context\":\"https:\\\/\\\/schema.org\",\"@graph\":[{\"@type\":\"Article\",\"@id\":\"https:\\\/\\\/solkes.com\\\/en\\\/leaving-a-mark\\\/2019\\\/10\\\/with-a-bit-of-faith\\\/#article\",\"isPartOf\":{\"@id\":\"https:\\\/\\\/solkes.com\\\/en\\\/leaving-a-mark\\\/2019\\\/10\\\/with-a-bit-of-faith\\\/\"},\"author\":{\"name\":\"Laura Viera A.\",\"@id\":\"https:\\\/\\\/solkes.com\\\/#\\\/schema\\\/person\\\/54684f1c0bebcaff4d6b3f1ec2e71e91\"},\"headline\":\"With a bit of faith\",\"datePublished\":\"2019-10-03T08:00:32+00:00\",\"dateModified\":\"2020-11-13T09:51:34+00:00\",\"mainEntityOfPage\":{\"@id\":\"https:\\\/\\\/solkes.com\\\/en\\\/leaving-a-mark\\\/2019\\\/10\\\/with-a-bit-of-faith\\\/\"},\"wordCount\":1626,\"commentCount\":0,\"publisher\":{\"@id\":\"https:\\\/\\\/solkes.com\\\/#organization\"},\"image\":{\"@id\":\"https:\\\/\\\/solkes.com\\\/en\\\/leaving-a-mark\\\/2019\\\/10\\\/with-a-bit-of-faith\\\/#primaryimage\"},\"thumbnailUrl\":\"https:\\\/\\\/solkes.com\\\/wp-content\\\/uploads\\\/2019\\\/10\\\/with-a-bit-of-faith-1910_6.jpg\",\"keywords\":[\"apoyo\",\"aprendizaje\",\"Colombia\",\"La Fundaci\u00f3n F\u00e9.\",\"solidaridad\"],\"articleSection\":[\"Leaving a Mark\"],\"inLanguage\":\"en-US\",\"potentialAction\":[{\"@type\":\"CommentAction\",\"name\":\"Comment\",\"target\":[\"https:\\\/\\\/solkes.com\\\/en\\\/leaving-a-mark\\\/2019\\\/10\\\/with-a-bit-of-faith\\\/#respond\"]}]},{\"@type\":\"WebPage\",\"@id\":\"https:\\\/\\\/solkes.com\\\/en\\\/leaving-a-mark\\\/2019\\\/10\\\/with-a-bit-of-faith\\\/\",\"url\":\"https:\\\/\\\/solkes.com\\\/en\\\/leaving-a-mark\\\/2019\\\/10\\\/with-a-bit-of-faith\\\/\",\"name\":\"With a bit of faith - Solkes Magazine\",\"isPartOf\":{\"@id\":\"https:\\\/\\\/solkes.com\\\/#website\"},\"primaryImageOfPage\":{\"@id\":\"https:\\\/\\\/solkes.com\\\/en\\\/leaving-a-mark\\\/2019\\\/10\\\/with-a-bit-of-faith\\\/#primaryimage\"},\"image\":{\"@id\":\"https:\\\/\\\/solkes.com\\\/en\\\/leaving-a-mark\\\/2019\\\/10\\\/with-a-bit-of-faith\\\/#primaryimage\"},\"thumbnailUrl\":\"https:\\\/\\\/solkes.com\\\/wp-content\\\/uploads\\\/2019\\\/10\\\/with-a-bit-of-faith-1910_6.jpg\",\"datePublished\":\"2019-10-03T08:00:32+00:00\",\"dateModified\":\"2020-11-13T09:51:34+00:00\",\"breadcrumb\":{\"@id\":\"https:\\\/\\\/solkes.com\\\/en\\\/leaving-a-mark\\\/2019\\\/10\\\/with-a-bit-of-faith\\\/#breadcrumb\"},\"inLanguage\":\"en-US\",\"potentialAction\":[{\"@type\":\"ReadAction\",\"target\":[\"https:\\\/\\\/solkes.com\\\/en\\\/leaving-a-mark\\\/2019\\\/10\\\/with-a-bit-of-faith\\\/\"]}]},{\"@type\":\"ImageObject\",\"inLanguage\":\"en-US\",\"@id\":\"https:\\\/\\\/solkes.com\\\/en\\\/leaving-a-mark\\\/2019\\\/10\\\/with-a-bit-of-faith\\\/#primaryimage\",\"url\":\"https:\\\/\\\/solkes.com\\\/wp-content\\\/uploads\\\/2019\\\/10\\\/with-a-bit-of-faith-1910_6.jpg\",\"contentUrl\":\"https:\\\/\\\/solkes.com\\\/wp-content\\\/uploads\\\/2019\\\/10\\\/with-a-bit-of-faith-1910_6.jpg\",\"width\":996,\"height\":601},{\"@type\":\"BreadcrumbList\",\"@id\":\"https:\\\/\\\/solkes.com\\\/en\\\/leaving-a-mark\\\/2019\\\/10\\\/with-a-bit-of-faith\\\/#breadcrumb\",\"itemListElement\":[{\"@type\":\"ListItem\",\"position\":1,\"name\":\"Portada\",\"item\":\"https:\\\/\\\/solkes.com\\\/\"},{\"@type\":\"ListItem\",\"position\":2,\"name\":\"With a bit of faith\"}]},{\"@type\":\"WebSite\",\"@id\":\"https:\\\/\\\/solkes.com\\\/#website\",\"url\":\"https:\\\/\\\/solkes.com\\\/\",\"name\":\"Solkes Magazine\",\"description\":\"solkes.com\",\"publisher\":{\"@id\":\"https:\\\/\\\/solkes.com\\\/#organization\"},\"potentialAction\":[{\"@type\":\"SearchAction\",\"target\":{\"@type\":\"EntryPoint\",\"urlTemplate\":\"https:\\\/\\\/solkes.com\\\/?s={search_term_string}\"},\"query-input\":{\"@type\":\"PropertyValueSpecification\",\"valueRequired\":true,\"valueName\":\"search_term_string\"}}],\"inLanguage\":\"en-US\"},{\"@type\":\"Organization\",\"@id\":\"https:\\\/\\\/solkes.com\\\/#organization\",\"name\":\"Solkes Magazine\",\"url\":\"https:\\\/\\\/solkes.com\\\/\",\"logo\":{\"@type\":\"ImageObject\",\"inLanguage\":\"en-US\",\"@id\":\"https:\\\/\\\/solkes.com\\\/#\\\/schema\\\/logo\\\/image\\\/\",\"url\":\"https:\\\/\\\/solkes.com\\\/wp-content\\\/uploads\\\/2024\\\/09\\\/logo-SOLKES-820px-x-312px.png\",\"contentUrl\":\"https:\\\/\\\/solkes.com\\\/wp-content\\\/uploads\\\/2024\\\/09\\\/logo-SOLKES-820px-x-312px.png\",\"width\":411,\"height\":303,\"caption\":\"Solkes Magazine\"},\"image\":{\"@id\":\"https:\\\/\\\/solkes.com\\\/#\\\/schema\\\/logo\\\/image\\\/\"},\"sameAs\":[\"https:\\\/\\\/www.facebook.com\\\/solkesmagazinee\\\/\",\"https:\\\/\\\/instagram.com\\\/solkesmagazine\\\/\"]},{\"@type\":\"Person\",\"@id\":\"https:\\\/\\\/solkes.com\\\/#\\\/schema\\\/person\\\/54684f1c0bebcaff4d6b3f1ec2e71e91\",\"name\":\"Laura Viera A.\",\"image\":{\"@type\":\"ImageObject\",\"inLanguage\":\"en-US\",\"@id\":\"https:\\\/\\\/secure.gravatar.com\\\/avatar\\\/d7b6a8bb956f5279e99babca11ed31351716b19f59e9e3e989847c0ca9e0c5d9?s=96&d=identicon&r=g\",\"url\":\"https:\\\/\\\/secure.gravatar.com\\\/avatar\\\/d7b6a8bb956f5279e99babca11ed31351716b19f59e9e3e989847c0ca9e0c5d9?s=96&d=identicon&r=g\",\"contentUrl\":\"https:\\\/\\\/secure.gravatar.com\\\/avatar\\\/d7b6a8bb956f5279e99babca11ed31351716b19f59e9e3e989847c0ca9e0c5d9?s=96&d=identicon&r=g\",\"caption\":\"Laura Viera A.\"},\"description\":\"Fundadora y Directora Editorial de Solkes Magazine Es periodista de vocaci\u00f3n y formaci\u00f3n. Estudi\u00f3 Comunicaci\u00f3n Social con \u00e9nfasis en Periodismo en la Pontificia Universidad Javeriana de Bogot\u00e1, Colombia. Desde muy joven sinti\u00f3 una profunda pasi\u00f3n por contar historias, explorar el mundo y dar voz a quienes no la tienen. Su compromiso con los Derechos Humanos ha sido una constante en su trayectoria, participando activamente en proyectos sociales desde temprana edad. Este inter\u00e9s se refleja en el enfoque editorial de Solkes, una revista que prioriza el periodismo independiente, la diversidad cultural y la profundidad narrativa. Laura naci\u00f3 en Bogot\u00e1, vivi\u00f3 tres a\u00f1os en Madrid, Espa\u00f1a, y desde el verano de 2010 reside en Alemania. Esta experiencia multicultural ha enriquecido su perspectiva y ha sido clave para la creaci\u00f3n de una revista triling\u00fce que trasciende fronteras y conecta a lectores de distintas partes del mundo. ******************************************************************************************* Founder and Editorial Director of Solkes Magazine She is a passionate journalist by vocation and training. She studied Mass Communication with an emphasis on Journalism at the Pontificia Universidad Javeriana in Bogot\u00e1, Colombia. From a young age, she was deeply motivated to tell stories, explore the world, and give a voice to those who often go unheard. Her commitment to Human Rights has been a constant throughout her career, actively participating in social projects since early on. This dedication is reflected in Solkes Magazine\u2019s editorial focus on independent journalism, cultural diversity, and in-depth storytelling. Born in Bogot\u00e1, Laura lived in Madrid, Spain for three years, and has been residing in Germany since the summer of 2010. This multicultural experience has enriched her perspective and played a key role in creating a trilingual magazine that transcends borders and connects readers from around the world. ******************************************************************************************* Gr\u00fcnderin und Chefredakteurin von Solkes Magazine Laura Viera ist eine leidenschaftliche Journalistin aus Berufung und Ausbildung. Sie hat Soziale Kommunikation mit Schwerpunkt Journalismus an der Pontificia Universidad Javeriana in Bogot\u00e1, Kolumbien, studiert. Schon in jungen Jahren war sie stark motiviert, Geschichten zu erz\u00e4hlen, die Welt zu erkunden und denen eine Stimme zu geben, die oft ungeh\u00f6rt bleiben. Ihr Engagement f\u00fcr Menschenrechte begleitet sie seit Beginn ihrer Laufbahn. Sie war von Anfang an aktiv an sozialen Projekten beteiligt. Dieses Engagement spiegelt sich auch im redaktionellen Fokus von Solkes Magazine wider, das unabh\u00e4ngigen Journalismus, kulturelle Vielfalt und tiefgr\u00fcndiges Erz\u00e4hlen in den Vordergrund stellt. Geboren in Bogot\u00e1, lebte Laura drei Jahre in Madrid, Spanien, und lebt seit Sommer 2010 in Deutschland. Diese multikulturelle Erfahrung hat ihre Perspektive bereichert und war entscheidend bei der Gr\u00fcndung eines dreisprachigen Magazins, das Grenzen \u00fcberschreitet und Leser weltweit verbindet.\",\"sameAs\":[\"http:\\\/\\\/www.solkes.com\"],\"url\":\"https:\\\/\\\/solkes.com\\\/en\\\/author\\\/lauraviera2019\\\/\"}]}<\/script>\n<!-- \/ Yoast SEO plugin. -->","yoast_head_json":{"title":"With a bit of faith - Solkes Magazine","robots":{"index":"index","follow":"follow","max-snippet":"max-snippet:-1","max-image-preview":"max-image-preview:large","max-video-preview":"max-video-preview:-1"},"canonical":"https:\/\/solkes.com\/en\/leaving-a-mark\/2019\/10\/with-a-bit-of-faith\/","og_locale":"en_US","og_type":"article","og_title":"With a bit of faith - Solkes Magazine","og_description":"If there is one thing we know, it is that there are many kinds of people. With this we refer to the diversity in personalities, creeds, languages, religion, races and education among many other factors. One of the many factors that can differentiate people is their ability to interact with the world around them. And, [&hellip;]","og_url":"https:\/\/solkes.com\/en\/leaving-a-mark\/2019\/10\/with-a-bit-of-faith\/","og_site_name":"Solkes Magazine","article_publisher":"https:\/\/www.facebook.com\/solkesmagazinee\/","article_published_time":"2019-10-03T08:00:32+00:00","article_modified_time":"2020-11-13T09:51:34+00:00","og_image":[{"width":996,"height":601,"url":"https:\/\/solkes.com\/wp-content\/uploads\/2019\/10\/with-a-bit-of-faith-1910_6.jpg","type":"image\/jpeg"}],"author":"Laura Viera A.","twitter_card":"summary_large_image","twitter_misc":{"Written by":"Laura Viera A.","Est. reading time":"8 minutes"},"schema":{"@context":"https:\/\/schema.org","@graph":[{"@type":"Article","@id":"https:\/\/solkes.com\/en\/leaving-a-mark\/2019\/10\/with-a-bit-of-faith\/#article","isPartOf":{"@id":"https:\/\/solkes.com\/en\/leaving-a-mark\/2019\/10\/with-a-bit-of-faith\/"},"author":{"name":"Laura Viera A.","@id":"https:\/\/solkes.com\/#\/schema\/person\/54684f1c0bebcaff4d6b3f1ec2e71e91"},"headline":"With a bit of faith","datePublished":"2019-10-03T08:00:32+00:00","dateModified":"2020-11-13T09:51:34+00:00","mainEntityOfPage":{"@id":"https:\/\/solkes.com\/en\/leaving-a-mark\/2019\/10\/with-a-bit-of-faith\/"},"wordCount":1626,"commentCount":0,"publisher":{"@id":"https:\/\/solkes.com\/#organization"},"image":{"@id":"https:\/\/solkes.com\/en\/leaving-a-mark\/2019\/10\/with-a-bit-of-faith\/#primaryimage"},"thumbnailUrl":"https:\/\/solkes.com\/wp-content\/uploads\/2019\/10\/with-a-bit-of-faith-1910_6.jpg","keywords":["apoyo","aprendizaje","Colombia","La Fundaci\u00f3n F\u00e9.","solidaridad"],"articleSection":["Leaving a Mark"],"inLanguage":"en-US","potentialAction":[{"@type":"CommentAction","name":"Comment","target":["https:\/\/solkes.com\/en\/leaving-a-mark\/2019\/10\/with-a-bit-of-faith\/#respond"]}]},{"@type":"WebPage","@id":"https:\/\/solkes.com\/en\/leaving-a-mark\/2019\/10\/with-a-bit-of-faith\/","url":"https:\/\/solkes.com\/en\/leaving-a-mark\/2019\/10\/with-a-bit-of-faith\/","name":"With a bit of faith - Solkes Magazine","isPartOf":{"@id":"https:\/\/solkes.com\/#website"},"primaryImageOfPage":{"@id":"https:\/\/solkes.com\/en\/leaving-a-mark\/2019\/10\/with-a-bit-of-faith\/#primaryimage"},"image":{"@id":"https:\/\/solkes.com\/en\/leaving-a-mark\/2019\/10\/with-a-bit-of-faith\/#primaryimage"},"thumbnailUrl":"https:\/\/solkes.com\/wp-content\/uploads\/2019\/10\/with-a-bit-of-faith-1910_6.jpg","datePublished":"2019-10-03T08:00:32+00:00","dateModified":"2020-11-13T09:51:34+00:00","breadcrumb":{"@id":"https:\/\/solkes.com\/en\/leaving-a-mark\/2019\/10\/with-a-bit-of-faith\/#breadcrumb"},"inLanguage":"en-US","potentialAction":[{"@type":"ReadAction","target":["https:\/\/solkes.com\/en\/leaving-a-mark\/2019\/10\/with-a-bit-of-faith\/"]}]},{"@type":"ImageObject","inLanguage":"en-US","@id":"https:\/\/solkes.com\/en\/leaving-a-mark\/2019\/10\/with-a-bit-of-faith\/#primaryimage","url":"https:\/\/solkes.com\/wp-content\/uploads\/2019\/10\/with-a-bit-of-faith-1910_6.jpg","contentUrl":"https:\/\/solkes.com\/wp-content\/uploads\/2019\/10\/with-a-bit-of-faith-1910_6.jpg","width":996,"height":601},{"@type":"BreadcrumbList","@id":"https:\/\/solkes.com\/en\/leaving-a-mark\/2019\/10\/with-a-bit-of-faith\/#breadcrumb","itemListElement":[{"@type":"ListItem","position":1,"name":"Portada","item":"https:\/\/solkes.com\/"},{"@type":"ListItem","position":2,"name":"With a bit of faith"}]},{"@type":"WebSite","@id":"https:\/\/solkes.com\/#website","url":"https:\/\/solkes.com\/","name":"Solkes Magazine","description":"solkes.com","publisher":{"@id":"https:\/\/solkes.com\/#organization"},"potentialAction":[{"@type":"SearchAction","target":{"@type":"EntryPoint","urlTemplate":"https:\/\/solkes.com\/?s={search_term_string}"},"query-input":{"@type":"PropertyValueSpecification","valueRequired":true,"valueName":"search_term_string"}}],"inLanguage":"en-US"},{"@type":"Organization","@id":"https:\/\/solkes.com\/#organization","name":"Solkes Magazine","url":"https:\/\/solkes.com\/","logo":{"@type":"ImageObject","inLanguage":"en-US","@id":"https:\/\/solkes.com\/#\/schema\/logo\/image\/","url":"https:\/\/solkes.com\/wp-content\/uploads\/2024\/09\/logo-SOLKES-820px-x-312px.png","contentUrl":"https:\/\/solkes.com\/wp-content\/uploads\/2024\/09\/logo-SOLKES-820px-x-312px.png","width":411,"height":303,"caption":"Solkes Magazine"},"image":{"@id":"https:\/\/solkes.com\/#\/schema\/logo\/image\/"},"sameAs":["https:\/\/www.facebook.com\/solkesmagazinee\/","https:\/\/instagram.com\/solkesmagazine\/"]},{"@type":"Person","@id":"https:\/\/solkes.com\/#\/schema\/person\/54684f1c0bebcaff4d6b3f1ec2e71e91","name":"Laura Viera A.","image":{"@type":"ImageObject","inLanguage":"en-US","@id":"https:\/\/secure.gravatar.com\/avatar\/d7b6a8bb956f5279e99babca11ed31351716b19f59e9e3e989847c0ca9e0c5d9?s=96&d=identicon&r=g","url":"https:\/\/secure.gravatar.com\/avatar\/d7b6a8bb956f5279e99babca11ed31351716b19f59e9e3e989847c0ca9e0c5d9?s=96&d=identicon&r=g","contentUrl":"https:\/\/secure.gravatar.com\/avatar\/d7b6a8bb956f5279e99babca11ed31351716b19f59e9e3e989847c0ca9e0c5d9?s=96&d=identicon&r=g","caption":"Laura Viera A."},"description":"Fundadora y Directora Editorial de Solkes Magazine Es periodista de vocaci\u00f3n y formaci\u00f3n. Estudi\u00f3 Comunicaci\u00f3n Social con \u00e9nfasis en Periodismo en la Pontificia Universidad Javeriana de Bogot\u00e1, Colombia. Desde muy joven sinti\u00f3 una profunda pasi\u00f3n por contar historias, explorar el mundo y dar voz a quienes no la tienen. Su compromiso con los Derechos Humanos ha sido una constante en su trayectoria, participando activamente en proyectos sociales desde temprana edad. Este inter\u00e9s se refleja en el enfoque editorial de Solkes, una revista que prioriza el periodismo independiente, la diversidad cultural y la profundidad narrativa. Laura naci\u00f3 en Bogot\u00e1, vivi\u00f3 tres a\u00f1os en Madrid, Espa\u00f1a, y desde el verano de 2010 reside en Alemania. Esta experiencia multicultural ha enriquecido su perspectiva y ha sido clave para la creaci\u00f3n de una revista triling\u00fce que trasciende fronteras y conecta a lectores de distintas partes del mundo. ******************************************************************************************* Founder and Editorial Director of Solkes Magazine She is a passionate journalist by vocation and training. She studied Mass Communication with an emphasis on Journalism at the Pontificia Universidad Javeriana in Bogot\u00e1, Colombia. From a young age, she was deeply motivated to tell stories, explore the world, and give a voice to those who often go unheard. Her commitment to Human Rights has been a constant throughout her career, actively participating in social projects since early on. This dedication is reflected in Solkes Magazine\u2019s editorial focus on independent journalism, cultural diversity, and in-depth storytelling. Born in Bogot\u00e1, Laura lived in Madrid, Spain for three years, and has been residing in Germany since the summer of 2010. This multicultural experience has enriched her perspective and played a key role in creating a trilingual magazine that transcends borders and connects readers from around the world. ******************************************************************************************* Gr\u00fcnderin und Chefredakteurin von Solkes Magazine Laura Viera ist eine leidenschaftliche Journalistin aus Berufung und Ausbildung. Sie hat Soziale Kommunikation mit Schwerpunkt Journalismus an der Pontificia Universidad Javeriana in Bogot\u00e1, Kolumbien, studiert. Schon in jungen Jahren war sie stark motiviert, Geschichten zu erz\u00e4hlen, die Welt zu erkunden und denen eine Stimme zu geben, die oft ungeh\u00f6rt bleiben. Ihr Engagement f\u00fcr Menschenrechte begleitet sie seit Beginn ihrer Laufbahn. Sie war von Anfang an aktiv an sozialen Projekten beteiligt. Dieses Engagement spiegelt sich auch im redaktionellen Fokus von Solkes Magazine wider, das unabh\u00e4ngigen Journalismus, kulturelle Vielfalt und tiefgr\u00fcndiges Erz\u00e4hlen in den Vordergrund stellt. Geboren in Bogot\u00e1, lebte Laura drei Jahre in Madrid, Spanien, und lebt seit Sommer 2010 in Deutschland. Diese multikulturelle Erfahrung hat ihre Perspektive bereichert und war entscheidend bei der Gr\u00fcndung eines dreisprachigen Magazins, das Grenzen \u00fcberschreitet und Leser weltweit verbindet.","sameAs":["http:\/\/www.solkes.com"],"url":"https:\/\/solkes.com\/en\/author\/lauraviera2019\/"}]}},"_links":{"self":[{"href":"https:\/\/solkes.com\/en\/wp-json\/wp\/v2\/posts\/10792","targetHints":{"allow":["GET"]}}],"collection":[{"href":"https:\/\/solkes.com\/en\/wp-json\/wp\/v2\/posts"}],"about":[{"href":"https:\/\/solkes.com\/en\/wp-json\/wp\/v2\/types\/post"}],"author":[{"embeddable":true,"href":"https:\/\/solkes.com\/en\/wp-json\/wp\/v2\/users\/76"}],"replies":[{"embeddable":true,"href":"https:\/\/solkes.com\/en\/wp-json\/wp\/v2\/comments?post=10792"}],"version-history":[{"count":11,"href":"https:\/\/solkes.com\/en\/wp-json\/wp\/v2\/posts\/10792\/revisions"}],"predecessor-version":[{"id":10958,"href":"https:\/\/solkes.com\/en\/wp-json\/wp\/v2\/posts\/10792\/revisions\/10958"}],"wp:featuredmedia":[{"embeddable":true,"href":"https:\/\/solkes.com\/en\/wp-json\/wp\/v2\/media\/10806"}],"wp:attachment":[{"href":"https:\/\/solkes.com\/en\/wp-json\/wp\/v2\/media?parent=10792"}],"wp:term":[{"taxonomy":"category","embeddable":true,"href":"https:\/\/solkes.com\/en\/wp-json\/wp\/v2\/categories?post=10792"},{"taxonomy":"post_tag","embeddable":true,"href":"https:\/\/solkes.com\/en\/wp-json\/wp\/v2\/tags?post=10792"}],"curies":[{"name":"wp","href":"https:\/\/api.w.org\/{rel}","templated":true}]}}