{"id":7886,"date":"2020-10-03T10:00:27","date_gmt":"2020-10-03T15:00:27","guid":{"rendered":"https:\/\/solkes.com\/?p=7886"},"modified":"2020-11-22T00:04:55","modified_gmt":"2020-11-21T22:04:55","slug":"perfeccion-otonal","status":"publish","type":"post","link":"https:\/\/solkes.com\/de\/anonimo\/2020\/10\/perfeccion-otonal\/","title":{"rendered":"Perfecci\u00f3n oto\u00f1al"},"content":{"rendered":"<p><span class=\"dropcap dropcap2\" style=\"color: #138a8d;\">N<\/span><span style=\"font-size: 16px;\">o vengo de un pa\u00eds donde el oto\u00f1o es un tema particularmente importante. Aprend\u00ed sobre la belleza y la maravilla de las estaciones despu\u00e9s de mudarme y debo decir que el oto\u00f1o es especial.<\/span><\/p>\n<p>La mayor\u00eda de las veces, es la temporada en la que nos damos cuenta de que el a\u00f1o casi llega a su final. Por tanto, nos impulsa hacia un momento de introspecci\u00f3n. Yo aprecio la introspecci\u00f3n. No me resulta dif\u00edcil ni aburrido. Es el momento perfecto para preguntarse: &#8220;\u00bfEstoy d\u00f3nde quiero estar &#8230;?&#8221;<\/p>\n<blockquote>\n<h4><strong>La \u00fanica constante es el cambio -Heraclitus &#8211;\u00a0<\/strong><\/h4>\n<\/blockquote>\n<p>&nbsp;<\/p>\n<h3><strong><span style=\"color: #138a8d;\">Cambio<\/span><\/strong><\/h3>\n<p>Y, despu\u00e9s de hacerme esa pregunta, tambi\u00e9n me enfrento al hecho de que <strong><span style=\"color: #138a8d;\">el cambio es constante<\/span><\/strong>\u2026. esas cuatro palabras, ya han sido dichas y escritas por muchos antes que yo.<\/p>\n<p>Creo que muchos de nosotros tenemos una <strong><span style=\"color: #138a8d;\">relaci\u00f3n de amor y odio<\/span><\/strong> con el cambio. Al menos para mi es as\u00ed. Ciertamente, cuando las cosas nos van mal, podemos consolarnos con el hecho de que, pase lo que pase, las cosas no seguir\u00e1n igual. Pueden mejorar o pueden empeorar, pero cambiar\u00e1n.<\/p>\n<p>Por otro lado, cuando todo parece estar funcionando, solo queremos que las cosas y el momento permanezcan como est\u00e1n, como congeladas.<\/p>\n<p>Todos y cada uno de nosotros enfrentamos cambios todos los d\u00edas. Tal vez haya un simple cambio en el clima, nuestros horarios, rutinas o incluso el cambio de estaciones.<\/p>\n<figure id=\"attachment_8108\" aria-describedby=\"caption-attachment-8108\" style=\"width: 996px\" class=\"wp-caption aligncenter\"><a href=\"http:\/\/ypa.solkes.com\/wp-content\/uploads\/2020\/10\/2010_04-3.jpg\"><img fetchpriority=\"high\" decoding=\"async\" class=\"size-full wp-image-8108\" src=\"http:\/\/ypa.solkes.com\/wp-content\/uploads\/2020\/10\/2010_04-3.jpg\" alt=\"\" width=\"996\" height=\"620\" srcset=\"https:\/\/solkes.com\/wp-content\/uploads\/2020\/10\/2010_04-3.jpg 996w, https:\/\/solkes.com\/wp-content\/uploads\/2020\/10\/2010_04-3-300x187.jpg 300w, https:\/\/solkes.com\/wp-content\/uploads\/2020\/10\/2010_04-3-768x478.jpg 768w, https:\/\/solkes.com\/wp-content\/uploads\/2020\/10\/2010_04-3-320x199.jpg 320w\" sizes=\"(max-width: 996px) 100vw, 996px\" \/><\/a><figcaption id=\"caption-attachment-8108\" class=\"wp-caption-text\">Laura Viera A \u00a9 Solkes<\/figcaption><\/figure>\n<p>El cambio nos afecta a todos y cada uno de nosotros maneja los cambios de manera diferente. Esta es la \u00fanica constante en la vida, lo \u00fanico que podemos estar seguros de que suceder\u00e1.<\/p>\n<p>Esperar cambios me ha tra\u00eddo esperanza durante eventos de vida desafiantes o inesperados.<\/p>\n<p>Este mismo pensamiento tambi\u00e9n ha tra\u00eddo miedo en situaciones en las que lo \u00faltimo que quer\u00eda era un cambio. Me he dado cuenta de que no son las circunstancias o los cambios los que dictan como ser\u00e1 mi vida, sino c\u00f3mo los manejo. No importa el cambio que experimentemos, la forma en que adoptemos ese cambio tendr\u00e1 un impacto para siempre en la forma en que seremos capaces de vivir con el cambio.<\/p>\n<h3><strong><span style=\"color: #138a8d;\">Algunos recordatorios oto\u00f1ales<\/span><\/strong><\/h3>\n<figure id=\"attachment_7895\" aria-describedby=\"caption-attachment-7895\" style=\"width: 299px\" class=\"wp-caption alignright\"><a href=\"http:\/\/ypa.solkes.com\/wp-content\/uploads\/2020\/10\/2010_01.png\"><img decoding=\"async\" class=\"wp-image-7895 size-solkes_vertical\" src=\"https:\/\/solkes.com\/wp-content\/uploads\/2020\/10\/2010_01-299x480.png\" alt=\"\" width=\"299\" height=\"480\" srcset=\"https:\/\/solkes.com\/wp-content\/uploads\/2020\/10\/2010_01-299x480.png 299w, https:\/\/solkes.com\/wp-content\/uploads\/2020\/10\/2010_01-187x300.png 187w, https:\/\/solkes.com\/wp-content\/uploads\/2020\/10\/2010_01.png 620w\" sizes=\"(max-width: 299px) 100vw, 299px\" \/><\/a><figcaption id=\"caption-attachment-7895\" class=\"wp-caption-text\">Laura Viera A \u00a9 Solkes<\/figcaption><\/figure>\n<p>Pensar en el oto\u00f1o puede generar pensamientos agradables. Y aunque no faltan los pensamientos agradables, los <strong><span style=\"color: #138a8d;\">significados simb\u00f3licos<\/span><\/strong> del oto\u00f1o son m\u00e1s profundos de lo que se cree.<\/p>\n<p>Una de las coas a tener en cuenta es que la palabra oto\u00f1o proviene de los antiguos etruscos. Esta antigua civilizaci\u00f3n viv\u00eda en la antigua Italia.<\/p>\n<p>Las culturas antiguas, la ciencia y la astrolog\u00eda han asociado muchos aspectos de esta hermosa temporada a la vida misma. Estas asociaciones simb\u00f3licas son recordatorios poderosos de que la <strong><span style=\"color: #138a8d;\">madre naturaleza<\/span><\/strong> tiene una influencia incre\u00edble en nuestras vidas.<\/p>\n<p>El oto\u00f1o nos recuerda que nuestro <strong><span style=\"color: #138a8d;\">cuerpo, mente y entorno<\/span> <\/strong>siempre se est\u00e1n desarrollando. Se enfoca en las transformaciones de la vida, enfatizando cu\u00e1n vital es abrazar el presente. Al hacerlo, podemos saborear lo que tenemos antes de que se acabe.<\/p>\n<p>El oto\u00f1o nos trae una transici\u00f3n al fr\u00edo, a la oscuridad y a los meses \u00a0desoladores del invierno. La naturaleza hace un \u00faltimo despliegue de actividad antes de tomarlo con calma.<\/p>\n<p>&nbsp;<\/p>\n<h3><strong><span style=\"color: #138a8d;\">Sobre Octubre<\/span><\/strong><\/h3>\n<p>Octubre tiene su <strong><span style=\"color: #138a8d;\">magia<\/span><\/strong> propia. Es el d\u00e9cimo mes del a\u00f1o en los calendarios juliano y gregoriano. Octubre se asocia com\u00fanmente con la temporada de oto\u00f1o en el hemisferio norte y con la primavera en el hemisferio sur.<\/p>\n<p>Hay dos piedras de nacimiento relacionadas con el octavo mes del a\u00f1o, que son: <strong><span style=\"color: #138a8d;\">turmalina<\/span><\/strong> y <strong><span style=\"color: #138a8d;\">\u00f3palo<\/span><\/strong>. La turmalina es un mineral de silicato de boro cristalino. Est\u00e1 clasificada como piedra semipreciosa y se puede encontrar en diferentes colores.<\/p>\n<figure id=\"attachment_9086\" aria-describedby=\"caption-attachment-9086\" style=\"width: 996px\" class=\"wp-caption aligncenter\"><img decoding=\"async\" class=\"size-full wp-image-9086\" src=\"https:\/\/solkes.com\/wp-content\/uploads\/2020\/10\/autumn-perfection-2010_06.jpg\" alt=\"\" width=\"996\" height=\"601\" srcset=\"https:\/\/solkes.com\/wp-content\/uploads\/2020\/10\/autumn-perfection-2010_06.jpg 996w, https:\/\/solkes.com\/wp-content\/uploads\/2020\/10\/autumn-perfection-2010_06-300x181.jpg 300w, https:\/\/solkes.com\/wp-content\/uploads\/2020\/10\/autumn-perfection-2010_06-768x463.jpg 768w, https:\/\/solkes.com\/wp-content\/uploads\/2020\/10\/autumn-perfection-2010_06-320x193.jpg 320w\" sizes=\"(max-width: 996px) 100vw, 996px\" \/><figcaption id=\"caption-attachment-9086\" class=\"wp-caption-text\">Laura Viera A \u00a9 Solkes<\/figcaption><\/figure>\n<p style=\"text-align: center;\"><strong><span style=\"color: #138a8d;\">T<\/span><\/strong>iempo pasajero, imparable y eterno que<br \/>\n<strong><span style=\"color: #138a8d;\">U<\/span><\/strong>nir\u00e1 nuestra realidad ef\u00edmera a<br \/>\n<strong><span style=\"color: #138a8d;\">R<\/span><\/strong>asgos de cambio que nos<br \/>\n<strong><span style=\"color: #138a8d;\">M<\/span><\/strong>antienen eternamente ligados al<br \/>\n<strong><span style=\"color: #138a8d;\">A<\/span><\/strong>rco\u00edris\u00a0que emite nuestra alma<br \/>\n<strong><span style=\"color: #138a8d;\">L<\/span><\/strong>lena de poder<br \/>\n<strong><span style=\"color: #138a8d;\">I<\/span><\/strong>nundando de sabidur\u00eda<br \/>\n<strong><span style=\"color: #138a8d;\">N<\/span><\/strong>uestros cuerpos para<br \/>\n<strong><span style=\"color: #138a8d;\">A<\/span><\/strong>poyarnos en tiempos dif\u00edciles.<\/p>\n<p>El \u00f3palo es una forma amorfa hidratada de s\u00edlice. Hay dos grandes clases de \u00f3palo: precioso y com\u00fan. El \u00f3palo precioso muestra un juego de colores (iridiscencia), el \u00f3palo com\u00fan no.<\/p>\n<p style=\"text-align: center;\"><strong><span style=\"color: #138a8d;\">O<\/span><\/strong>rdinarios son los d\u00edas que nunca est\u00e1n cerca<br \/>\n<strong><span style=\"color: #138a8d;\">P<\/span><\/strong>ara el placer del coraz\u00f3n<br \/>\n<strong><span style=\"color: #138a8d;\">A<\/span><\/strong>lternando la verdad con muchos<br \/>\n<strong><span style=\"color: #138a8d;\">L<\/span><\/strong>azos y luci\u00e9rnagas resplandecientes en la<br \/>\n<strong><span style=\"color: #138a8d;\">O<\/span><\/strong>scuridad de la noche<\/p>\n<p>Muchas cosas fascinantes suceden durante este per\u00edodo del a\u00f1o. Comencemos diciendo que hay una decoraci\u00f3n de Halloween y las hojas crujientes, que en cierto modo lo alienta a relajarse y encontrar a su ni\u00f1o interior nuevamente.<\/p>\n<p>Quiz\u00e1s encontrar al ni\u00f1o interior significa volverse loco con pel\u00edculas de terror o tomarse un fin de semana para disfrutar de las <span style=\"color: #138a8d;\"><strong>maravillas de la naturaleza<\/strong><\/span>. Como todos sabemos o hemos aprendido, octubre se trata de disfrutar de la belleza de los \u00faltimos d\u00edas antes de que comience la planificaci\u00f3n de la temporada navide\u00f1a.<\/p>\n<figure id=\"attachment_9089\" aria-describedby=\"caption-attachment-9089\" style=\"width: 300px\" class=\"wp-caption alignright\"><img loading=\"lazy\" decoding=\"async\" class=\"wp-image-9089\" src=\"https:\/\/solkes.com\/wp-content\/uploads\/2020\/10\/autumn-perfection-2010_07-187x300.jpg\" alt=\"\" width=\"300\" height=\"482\" srcset=\"https:\/\/solkes.com\/wp-content\/uploads\/2020\/10\/autumn-perfection-2010_07-187x300.jpg 187w, https:\/\/solkes.com\/wp-content\/uploads\/2020\/10\/autumn-perfection-2010_07-299x480.jpg 299w, https:\/\/solkes.com\/wp-content\/uploads\/2020\/10\/autumn-perfection-2010_07.jpg 620w\" sizes=\"(max-width: 300px) 100vw, 300px\" \/><figcaption id=\"caption-attachment-9089\" class=\"wp-caption-text\">Laura Viera A \u00a9 Solkes<\/figcaption><\/figure>\n<p>Esta es la temporada de las brumas. Con las hojas doradas, las noches acerc\u00e1ndose y las hogueras encendidas, el oto\u00f1o es el momento perfecto para sentarse en una c\u00f3moda silla con algo de poes\u00eda en compa\u00f1\u00eda. El oto\u00f1o ama la claridad que el cambio puede traer a la mesa, es un redentor de todos los seres. Es el momento de celebrar el cambio del verde al gris. Sin mucha vacilaci\u00f3n, durante el oto\u00f1o se suma la descomposici\u00f3n que resulta en una posible muerte.<\/p>\n<p>Lleno de una belleza tan escandalosa, incluso cuando la muerte y muchos caminos llegan a su fin. Las hojas yacen maltratadas y ciegas.<\/p>\n<p><span style=\"font-size: 16px; text-align: center;\">Hay ramas temblorosas que bailan hasta la v\u00edspera. Ese es el ejemplo perfecto de misterio. Gracias a la naturaleza cambiante de la vida, cada d\u00eda nos presenta nuevos misterios. El aire fresco del oto\u00f1o y las Hay hojas cambiantes personifican estas inc\u00f3gnitas. Y una vez que aceptamos esas inc\u00f3gnitas, tenemos m\u00e1s capacidad para vivir la vida al m\u00e1ximo. Despu\u00e9s de todo, es bastante reconfortante darse cuenta de que todos estamos en el mismo barco frente al mismo mar de misterio.<\/span><\/p>\n<p>&nbsp;<\/p>\n<h3><strong><span style=\"color: #138a8d;\">Los cambios hermosos<\/span><\/strong><\/h3>\n<p>La belleza se renueva a medida que un bosque se transforma cuando las hojas cambian de color, caen al suelo y forman una hermosa manta crujiente para caminar.<\/p>\n<p>Cada a\u00f1o, la naturaleza presenta el espect\u00e1culo definitivo a medida que las hojas cambian de color.<\/p>\n<p>Somos testigos de c\u00f3mo los p\u00e1jaros han volado hacia el sur mientras esperamos un invierno implacable. Por eso anhelamos <span style=\"color: #138a8d;\"><strong>protecci\u00f3n y comodidad<\/strong><\/span>. Esta temporada es el mejor momento para buscar comodidad en medio del descenso de las temperaturas.<\/p>\n<figure id=\"attachment_7896\" aria-describedby=\"caption-attachment-7896\" style=\"width: 996px\" class=\"wp-caption aligncenter\"><a href=\"http:\/\/ypa.solkes.com\/wp-content\/uploads\/2020\/10\/2010_02-3.jpg\"><img loading=\"lazy\" decoding=\"async\" class=\"size-full wp-image-7896\" src=\"http:\/\/ypa.solkes.com\/wp-content\/uploads\/2020\/10\/2010_02-3.jpg\" alt=\"\" width=\"996\" height=\"620\" srcset=\"https:\/\/solkes.com\/wp-content\/uploads\/2020\/10\/2010_02-3.jpg 996w, https:\/\/solkes.com\/wp-content\/uploads\/2020\/10\/2010_02-3-300x187.jpg 300w, https:\/\/solkes.com\/wp-content\/uploads\/2020\/10\/2010_02-3-768x478.jpg 768w, https:\/\/solkes.com\/wp-content\/uploads\/2020\/10\/2010_02-3-320x199.jpg 320w\" sizes=\"(max-width: 996px) 100vw, 996px\" \/><\/a><figcaption id=\"caption-attachment-7896\" class=\"wp-caption-text\">Laura Viera A \u00a9 Solkes<\/figcaption><\/figure>\n<p>Crear un espacio sereno y acogedor es una de las mejores ventajas del oto\u00f1o, despu\u00e9s de todo. Tambi\u00e9n le brinda la oportunidad de aprender sobre lo que lo hace sentir c\u00e1lido y seguro.<\/p>\n<p>El viento de octubre toca nos toca con dedos helados. El sol que a\u00fan no ha despertado se arrastra lentamente a su posici\u00f3n y pronto nos sumergiremos en sombras fr\u00edas.<\/p>\n<p>Cuando llega el oto\u00f1o, estamos seguros de que el verano habr\u00e1 terminado y todas las flores del verano y las maravillosas tardes de verano se habr\u00e1n ido.<\/p>\n<p>Al otro lado de la tierra hay un tenue velo azul de niebla y una vez m\u00e1s, como todos los a\u00f1os, los bosques son sobrios y silenciosos.<\/p>\n<figure id=\"attachment_7898\" aria-describedby=\"caption-attachment-7898\" style=\"width: 299px\" class=\"wp-caption alignleft\"><a href=\"http:\/\/ypa.solkes.com\/wp-content\/uploads\/2020\/10\/2010_03-3.jpg\"><img loading=\"lazy\" decoding=\"async\" class=\"wp-image-7898 size-solkes_vertical\" src=\"https:\/\/solkes.com\/wp-content\/uploads\/2020\/10\/2010_03-3-299x480.jpg\" alt=\"\" width=\"299\" height=\"480\" srcset=\"https:\/\/solkes.com\/wp-content\/uploads\/2020\/10\/2010_03-3-299x480.jpg 299w, https:\/\/solkes.com\/wp-content\/uploads\/2020\/10\/2010_03-3-187x300.jpg 187w, https:\/\/solkes.com\/wp-content\/uploads\/2020\/10\/2010_03-3.jpg 620w\" sizes=\"(max-width: 299px) 100vw, 299px\" \/><\/a><figcaption id=\"caption-attachment-7898\" class=\"wp-caption-text\">Laura Viera A \u00a9 Solkes<\/figcaption><\/figure>\n<p>Otro aspecto sorprendente es que el d\u00eda y la noche tienen la misma duraci\u00f3n durante el equinoccio de oto\u00f1o. Como resultado, las culturas antiguas siempre han asociado este d\u00eda con el concepto de equilibrio.<\/p>\n<p>El sol tambi\u00e9n entra en Libra, que est\u00e1 simbolizado por un par de escalas equilibradas. El oto\u00f1o nos brinda la oportunidad de armonizarnos con la Tierra y aprovechar el equilibrio dentro de nosotros.<\/p>\n<p>Para muchas personas, el romance es parte de las muchas atracciones que este mes de oto\u00f1o tiene para ofrecer. De hecho, octubre es la temporada de recolecci\u00f3n de manzanas. Hay algo rom\u00e1ntico en pasar un d\u00eda en el huerto con tu amada. El clima se est\u00e1 poniendo m\u00e1s fr\u00edo. Tus ma\u00f1anas y tardes est\u00e1n hechas de camisas abrigadas, bebidas calientes y ambiente acogedor. Para m\u00ed, el oto\u00f1o significa m\u00e1s intimidad en pareja, en familia y tambi\u00e9n solo.<\/p>\n<p>Otros, quieren pasar la noche bajo las estrellas y cerca de una hoguera. Entonces, toma algunos malvaviscos, palitos, caf\u00e9 y tus mejores amigos y divi\u00e9rtete. Esas frescas noches de octubre son ideales para reuniones al aire libre alrededor de un fuego crepitante.<\/p>\n<p>&nbsp;<\/p>\n<h3><strong><span style=\"color: #138a8d;\">Personas del Oto\u00f1o<\/span><\/strong><\/h3>\n<p>Por otro lado, <span style=\"color: #138a8d;\"><strong>\u00bfse ha preguntado alguna vez si nuestra naturaleza y otras caracter\u00edsticas se ven afectadas por el mes en el que nacemos?<\/strong><\/span> Bueno, hay muchos que creen en el hecho de que el comportamiento y otros rasgos de personalidad dependen en gran medida del mes en que nacen.<\/p>\n<p>Las personas nacidas en este mes son rom\u00e1nticos ac\u00e9rrimos. Siempre que se enamoran, aman con todo su coraz\u00f3n y alma. Tienen un encanto inigualable que puede cautivar a cualquiera, y por esta misma raz\u00f3n, estas personas son muy buenas para ganarse el coraz\u00f3n de la gente. Las personas que forman esta temporada <strong><span style=\"color: #138a8d;\">son personas pac\u00edficas y tranquilas<\/span><\/strong> a las que les gusta contener sus emociones y sentimientos en su interior. Son muy perseverantes, y cualquier cosa que emprendan o comiencen, terminar\u00e1n lo mejor que puedan. No importa lo dif\u00edcil que sea una tarea o trabajo, intentar\u00e1n al cien por cien resolver el problema y encontrar una soluci\u00f3n.<\/p>\n<p>Entonces, en general, \u00bfqu\u00e9 podemos decir\u2026? las personas son criaturas de h\u00e1bitos. Tanto en la vida personal como profesional tienden a seguir el mismo flujo todos los d\u00edas. Dado que el cambio es la \u00fanica constante, deber\u00edamos intentar abrazarlo.<\/p>\n<p>Me he tomado mi tiempo y, a medida que ha pasado, me he dado cuenta de que nunca podremos volver a donde est\u00e1bamos porque todo cambia.<\/p>\n<p>Entonces, en general, \u00bfqu\u00e9 podemos decir\u2026? <strong><span style=\"color: #138a8d;\">las personas son criaturas de h\u00e1bitos<\/span><\/strong>. Tanto en la vida personal como profesional tienden a seguir el mismo flujo todos los d\u00edas. Dado que el cambio es la \u00fanica constante, deber\u00edamos intentar abrazarlo.<\/p>\n<figure id=\"attachment_9084\" aria-describedby=\"caption-attachment-9084\" style=\"width: 299px\" class=\"wp-caption alignright\"><img loading=\"lazy\" decoding=\"async\" class=\"wp-image-9084\" src=\"https:\/\/solkes.com\/wp-content\/uploads\/2020\/10\/autumn-perfection-2010_05-187x300.jpg\" alt=\"\" width=\"299\" height=\"480\" srcset=\"https:\/\/solkes.com\/wp-content\/uploads\/2020\/10\/autumn-perfection-2010_05-187x300.jpg 187w, https:\/\/solkes.com\/wp-content\/uploads\/2020\/10\/autumn-perfection-2010_05-299x480.jpg 299w, https:\/\/solkes.com\/wp-content\/uploads\/2020\/10\/autumn-perfection-2010_05.jpg 620w\" sizes=\"(max-width: 299px) 100vw, 299px\" \/><figcaption id=\"caption-attachment-9084\" class=\"wp-caption-text\">Laura Viera A \u00a9 Solkes<\/figcaption><\/figure>\n<p>Me he tomado mi tiempo y, a medida que ha pasado, me he dado cuenta de que nunca podremos volver a donde est\u00e1bamos porque todo cambia.<\/p>\n<p>En oto\u00f1o, la naturaleza ralentiza su ritmo y prepara el camino para el silencioso letargo del invierno. La idea es planificar un momento de belleza suave y hermosa con un toque melanc\u00f3lico muy especial.<\/p>\n<p>Y es que etimol\u00f3gicamente la palabra Oto\u00f1o significa \u201cL<strong><span style=\"color: #138a8d;\">a plenitud del a\u00f1o<\/span><\/strong>\u201d, entendiendo esa plenitud como s\u00edmbolo de madurez. Representa el per\u00edodo en el que florecen los cultivos, lo que permite recoger la cosecha.<\/p>\n<p><span class=\"dropcap dropcap2\" style=\"color: #138a8d;\">L<\/span>os ecos de la partida siguen resonando en el aire. Este es el mes de las calabazas, las hojas que caen, muchos espantap\u00e1jaros danzantes y la brisa giratoria. <strong><span style=\"color: #138a8d;\">Los vientos han arrasado todos los \u00e1rboles, hay colores por todas partes<\/span><\/strong>. Una gama eterna de colores asombrosos que est\u00e1n en exhibici\u00f3n, los verdes se est\u00e1n volviendo naranjas y rojos y parece que hay mucho que ver.<\/p>\n","protected":false},"excerpt":{"rendered":"<p>No vengo de un pa\u00eds donde el oto\u00f1o es un tema particularmente importante. Aprend\u00ed sobre la belleza y la maravilla de las estaciones despu\u00e9s de mudarme y debo decir que el oto\u00f1o es especial. La mayor\u00eda de las veces, es la temporada en la que nos damos cuenta de que el a\u00f1o casi llega a [&hellip;]<\/p>\n","protected":false},"author":91,"featured_media":8108,"comment_status":"open","ping_status":"open","sticky":false,"template":"","format":"standard","meta":{"_acf_changed":false,"_exactmetrics_skip_tracking":false,"_exactmetrics_sitenote_active":false,"_exactmetrics_sitenote_note":"","_exactmetrics_sitenote_category":0,"site-sidebar-layout":"default","site-content-layout":"default","ast-site-content-layout":"default","site-content-style":"default","site-sidebar-style":"default","ast-global-header-display":"","ast-banner-title-visibility":"","ast-main-header-display":"","ast-hfb-above-header-display":"","ast-hfb-below-header-display":"","ast-hfb-mobile-header-display":"","site-post-title":"","ast-breadcrumbs-content":"","ast-featured-img":"","footer-sml-layout":"","theme-transparent-header-meta":"default","adv-header-id-meta":"","stick-header-meta":"","header-above-stick-meta":"","header-main-stick-meta":"","header-below-stick-meta":"","astra-migrate-meta-layouts":"default","ast-page-background-enabled":"default","ast-page-background-meta":{"desktop":{"background-color":"","background-image":"","background-repeat":"repeat","background-position":"center center","background-size":"auto","background-attachment":"scroll","background-type":"","background-media":"","overlay-type":"","overlay-color":"","overlay-opacity":"","overlay-gradient":""},"tablet":{"background-color":"","background-image":"","background-repeat":"repeat","background-position":"center center","background-size":"auto","background-attachment":"scroll","background-type":"","background-media":"","overlay-type":"","overlay-color":"","overlay-opacity":"","overlay-gradient":""},"mobile":{"background-color":"","background-image":"","background-repeat":"repeat","background-position":"center center","background-size":"auto","background-attachment":"scroll","background-type":"","background-media":"","overlay-type":"","overlay-color":"","overlay-opacity":"","overlay-gradient":""}},"ast-content-background-meta":{"desktop":{"background-color":"var(--ast-global-color-5)","background-image":"","background-repeat":"repeat","background-position":"center center","background-size":"auto","background-attachment":"scroll","background-type":"","background-media":"","overlay-type":"","overlay-color":"","overlay-opacity":"","overlay-gradient":""},"tablet":{"background-color":"var(--ast-global-color-5)","background-image":"","background-repeat":"repeat","background-position":"center center","background-size":"auto","background-attachment":"scroll","background-type":"","background-media":"","overlay-type":"","overlay-color":"","overlay-opacity":"","overlay-gradient":""},"mobile":{"background-color":"var(--ast-global-color-5)","background-image":"","background-repeat":"repeat","background-position":"center center","background-size":"auto","background-attachment":"scroll","background-type":"","background-media":"","overlay-type":"","overlay-color":"","overlay-opacity":"","overlay-gradient":""}},"footnotes":""},"categories":[42],"tags":[522,523,524,525,526],"class_list":["post-7886","post","type-post","status-publish","format-standard","has-post-thumbnail","hentry","category-anonimo","tag-el-cambio-es-constante","tag-habitos","tag-madre-naturaleza","tag-otono","tag-relacion-de-amor-y-odio"],"acf":[],"yoast_head":"<!-- This site is optimized with the Yoast SEO plugin v27.4 - https:\/\/yoast.com\/product\/yoast-seo-wordpress\/ -->\n<title>Perfecci\u00f3n oto\u00f1al - Solkes Magazine<\/title>\n<meta name=\"robots\" content=\"index, follow, max-snippet:-1, max-image-preview:large, max-video-preview:-1\" \/>\n<link rel=\"canonical\" href=\"https:\/\/solkes.com\/anonimo\/2020\/10\/perfeccion-otonal\/\" \/>\n<meta property=\"og:locale\" content=\"de_DE\" \/>\n<meta property=\"og:type\" content=\"article\" \/>\n<meta property=\"og:title\" content=\"Perfecci\u00f3n oto\u00f1al - Solkes Magazine\" \/>\n<meta property=\"og:description\" content=\"No vengo de un pa\u00eds donde el oto\u00f1o es un tema particularmente importante. Aprend\u00ed sobre la belleza y la maravilla de las estaciones despu\u00e9s de mudarme y debo decir que el oto\u00f1o es especial. La mayor\u00eda de las veces, es la temporada en la que nos damos cuenta de que el a\u00f1o casi llega a [&hellip;]\" \/>\n<meta property=\"og:url\" content=\"https:\/\/solkes.com\/anonimo\/2020\/10\/perfeccion-otonal\/\" \/>\n<meta property=\"og:site_name\" content=\"Solkes Magazine\" \/>\n<meta property=\"article:publisher\" content=\"https:\/\/www.facebook.com\/solkesmagazinee\/\" \/>\n<meta property=\"article:published_time\" content=\"2020-10-03T15:00:27+00:00\" \/>\n<meta property=\"article:modified_time\" content=\"2020-11-21T22:04:55+00:00\" \/>\n<meta property=\"og:image\" content=\"https:\/\/solkes.com\/wp-content\/uploads\/2020\/10\/2010_04-3.jpg\" \/>\n\t<meta property=\"og:image:width\" content=\"996\" \/>\n\t<meta property=\"og:image:height\" content=\"620\" \/>\n\t<meta property=\"og:image:type\" content=\"image\/jpeg\" \/>\n<meta name=\"author\" content=\"Nessa Twix\" \/>\n<meta name=\"twitter:card\" content=\"summary_large_image\" \/>\n<meta name=\"twitter:label1\" content=\"Verfasst von\" \/>\n\t<meta name=\"twitter:data1\" content=\"Nessa Twix\" \/>\n\t<meta name=\"twitter:label2\" content=\"Gesch\u00e4tzte Lesezeit\" \/>\n\t<meta name=\"twitter:data2\" content=\"10\u00a0Minuten\" \/>\n<script type=\"application\/ld+json\" class=\"yoast-schema-graph\">{\"@context\":\"https:\\\/\\\/schema.org\",\"@graph\":[{\"@type\":\"Article\",\"@id\":\"https:\\\/\\\/solkes.com\\\/anonimo\\\/2020\\\/10\\\/perfeccion-otonal\\\/#article\",\"isPartOf\":{\"@id\":\"https:\\\/\\\/solkes.com\\\/anonimo\\\/2020\\\/10\\\/perfeccion-otonal\\\/\"},\"author\":{\"name\":\"Nessa Twix\",\"@id\":\"https:\\\/\\\/solkes.com\\\/#\\\/schema\\\/person\\\/b13fbbba3b3146326f81dbeb3fa5d147\"},\"headline\":\"Perfecci\u00f3n oto\u00f1al\",\"datePublished\":\"2020-10-03T15:00:27+00:00\",\"dateModified\":\"2020-11-21T22:04:55+00:00\",\"mainEntityOfPage\":{\"@id\":\"https:\\\/\\\/solkes.com\\\/anonimo\\\/2020\\\/10\\\/perfeccion-otonal\\\/\"},\"wordCount\":2025,\"commentCount\":0,\"publisher\":{\"@id\":\"https:\\\/\\\/solkes.com\\\/#organization\"},\"image\":{\"@id\":\"https:\\\/\\\/solkes.com\\\/anonimo\\\/2020\\\/10\\\/perfeccion-otonal\\\/#primaryimage\"},\"thumbnailUrl\":\"https:\\\/\\\/solkes.com\\\/wp-content\\\/uploads\\\/2020\\\/10\\\/2010_04-3.jpg\",\"keywords\":[\"el cambio es constante\",\"h\u00e1bitos\",\"madre naturaleza\",\"oto\u00f1o\",\"relaci\u00f3n de amor y odio\"],\"articleSection\":[\"An\u00f3nimo\"],\"inLanguage\":\"de\",\"potentialAction\":[{\"@type\":\"CommentAction\",\"name\":\"Comment\",\"target\":[\"https:\\\/\\\/solkes.com\\\/anonimo\\\/2020\\\/10\\\/perfeccion-otonal\\\/#respond\"]}]},{\"@type\":\"WebPage\",\"@id\":\"https:\\\/\\\/solkes.com\\\/anonimo\\\/2020\\\/10\\\/perfeccion-otonal\\\/\",\"url\":\"https:\\\/\\\/solkes.com\\\/anonimo\\\/2020\\\/10\\\/perfeccion-otonal\\\/\",\"name\":\"Perfecci\u00f3n oto\u00f1al - Solkes Magazine\",\"isPartOf\":{\"@id\":\"https:\\\/\\\/solkes.com\\\/#website\"},\"primaryImageOfPage\":{\"@id\":\"https:\\\/\\\/solkes.com\\\/anonimo\\\/2020\\\/10\\\/perfeccion-otonal\\\/#primaryimage\"},\"image\":{\"@id\":\"https:\\\/\\\/solkes.com\\\/anonimo\\\/2020\\\/10\\\/perfeccion-otonal\\\/#primaryimage\"},\"thumbnailUrl\":\"https:\\\/\\\/solkes.com\\\/wp-content\\\/uploads\\\/2020\\\/10\\\/2010_04-3.jpg\",\"datePublished\":\"2020-10-03T15:00:27+00:00\",\"dateModified\":\"2020-11-21T22:04:55+00:00\",\"breadcrumb\":{\"@id\":\"https:\\\/\\\/solkes.com\\\/anonimo\\\/2020\\\/10\\\/perfeccion-otonal\\\/#breadcrumb\"},\"inLanguage\":\"de\",\"potentialAction\":[{\"@type\":\"ReadAction\",\"target\":[\"https:\\\/\\\/solkes.com\\\/anonimo\\\/2020\\\/10\\\/perfeccion-otonal\\\/\"]}]},{\"@type\":\"ImageObject\",\"inLanguage\":\"de\",\"@id\":\"https:\\\/\\\/solkes.com\\\/anonimo\\\/2020\\\/10\\\/perfeccion-otonal\\\/#primaryimage\",\"url\":\"https:\\\/\\\/solkes.com\\\/wp-content\\\/uploads\\\/2020\\\/10\\\/2010_04-3.jpg\",\"contentUrl\":\"https:\\\/\\\/solkes.com\\\/wp-content\\\/uploads\\\/2020\\\/10\\\/2010_04-3.jpg\",\"width\":996,\"height\":620,\"caption\":\"Laura Viera A \u00a9 Solkes\"},{\"@type\":\"BreadcrumbList\",\"@id\":\"https:\\\/\\\/solkes.com\\\/anonimo\\\/2020\\\/10\\\/perfeccion-otonal\\\/#breadcrumb\",\"itemListElement\":[{\"@type\":\"ListItem\",\"position\":1,\"name\":\"Portada\",\"item\":\"https:\\\/\\\/solkes.com\\\/\"},{\"@type\":\"ListItem\",\"position\":2,\"name\":\"Perfecci\u00f3n oto\u00f1al\"}]},{\"@type\":\"WebSite\",\"@id\":\"https:\\\/\\\/solkes.com\\\/#website\",\"url\":\"https:\\\/\\\/solkes.com\\\/\",\"name\":\"Solkes Magazine\",\"description\":\"solkes.com\",\"publisher\":{\"@id\":\"https:\\\/\\\/solkes.com\\\/#organization\"},\"potentialAction\":[{\"@type\":\"SearchAction\",\"target\":{\"@type\":\"EntryPoint\",\"urlTemplate\":\"https:\\\/\\\/solkes.com\\\/?s={search_term_string}\"},\"query-input\":{\"@type\":\"PropertyValueSpecification\",\"valueRequired\":true,\"valueName\":\"search_term_string\"}}],\"inLanguage\":\"de\"},{\"@type\":\"Organization\",\"@id\":\"https:\\\/\\\/solkes.com\\\/#organization\",\"name\":\"Solkes Magazine\",\"url\":\"https:\\\/\\\/solkes.com\\\/\",\"logo\":{\"@type\":\"ImageObject\",\"inLanguage\":\"de\",\"@id\":\"https:\\\/\\\/solkes.com\\\/#\\\/schema\\\/logo\\\/image\\\/\",\"url\":\"https:\\\/\\\/solkes.com\\\/wp-content\\\/uploads\\\/2024\\\/09\\\/logo-SOLKES-820px-x-312px.png\",\"contentUrl\":\"https:\\\/\\\/solkes.com\\\/wp-content\\\/uploads\\\/2024\\\/09\\\/logo-SOLKES-820px-x-312px.png\",\"width\":411,\"height\":303,\"caption\":\"Solkes Magazine\"},\"image\":{\"@id\":\"https:\\\/\\\/solkes.com\\\/#\\\/schema\\\/logo\\\/image\\\/\"},\"sameAs\":[\"https:\\\/\\\/www.facebook.com\\\/solkesmagazinee\\\/\",\"https:\\\/\\\/instagram.com\\\/solkesmagazine\\\/\"]},{\"@type\":\"Person\",\"@id\":\"https:\\\/\\\/solkes.com\\\/#\\\/schema\\\/person\\\/b13fbbba3b3146326f81dbeb3fa5d147\",\"name\":\"Nessa Twix\",\"image\":{\"@type\":\"ImageObject\",\"inLanguage\":\"de\",\"@id\":\"https:\\\/\\\/secure.gravatar.com\\\/avatar\\\/8cb33f784abaa7bcc5b4058902fad344ca93ae216fce5473bc825f086cc5a567?s=96&d=identicon&r=g\",\"url\":\"https:\\\/\\\/secure.gravatar.com\\\/avatar\\\/8cb33f784abaa7bcc5b4058902fad344ca93ae216fce5473bc825f086cc5a567?s=96&d=identicon&r=g\",\"contentUrl\":\"https:\\\/\\\/secure.gravatar.com\\\/avatar\\\/8cb33f784abaa7bcc5b4058902fad344ca93ae216fce5473bc825f086cc5a567?s=96&d=identicon&r=g\",\"caption\":\"Nessa Twix\"},\"description\":\"Nessa Twix es una amante de la fotograf\u00eda, del arte, del buen cine y la buena comida. Se considera ciudadana del mundo. Para ella las fronteras no existen. Es un poco t\u00edmida pero deja que sus emociones cobren forma entre la tinta y los colores. ******* Nessa is passionate about photography, art, good movies, and good food. She considers herself to be a World Citizen. For her borders are unexistent. She is shy but her feelings and emotions come out with ink and colors.\",\"url\":\"https:\\\/\\\/solkes.com\\\/de\\\/author\\\/nessa-twix\\\/\"}]}<\/script>\n<!-- \/ Yoast SEO plugin. -->","yoast_head_json":{"title":"Perfecci\u00f3n oto\u00f1al - Solkes Magazine","robots":{"index":"index","follow":"follow","max-snippet":"max-snippet:-1","max-image-preview":"max-image-preview:large","max-video-preview":"max-video-preview:-1"},"canonical":"https:\/\/solkes.com\/anonimo\/2020\/10\/perfeccion-otonal\/","og_locale":"de_DE","og_type":"article","og_title":"Perfecci\u00f3n oto\u00f1al - Solkes Magazine","og_description":"No vengo de un pa\u00eds donde el oto\u00f1o es un tema particularmente importante. Aprend\u00ed sobre la belleza y la maravilla de las estaciones despu\u00e9s de mudarme y debo decir que el oto\u00f1o es especial. La mayor\u00eda de las veces, es la temporada en la que nos damos cuenta de que el a\u00f1o casi llega a [&hellip;]","og_url":"https:\/\/solkes.com\/anonimo\/2020\/10\/perfeccion-otonal\/","og_site_name":"Solkes Magazine","article_publisher":"https:\/\/www.facebook.com\/solkesmagazinee\/","article_published_time":"2020-10-03T15:00:27+00:00","article_modified_time":"2020-11-21T22:04:55+00:00","og_image":[{"width":996,"height":620,"url":"https:\/\/solkes.com\/wp-content\/uploads\/2020\/10\/2010_04-3.jpg","type":"image\/jpeg"}],"author":"Nessa Twix","twitter_card":"summary_large_image","twitter_misc":{"Verfasst von":"Nessa Twix","Gesch\u00e4tzte Lesezeit":"10\u00a0Minuten"},"schema":{"@context":"https:\/\/schema.org","@graph":[{"@type":"Article","@id":"https:\/\/solkes.com\/anonimo\/2020\/10\/perfeccion-otonal\/#article","isPartOf":{"@id":"https:\/\/solkes.com\/anonimo\/2020\/10\/perfeccion-otonal\/"},"author":{"name":"Nessa Twix","@id":"https:\/\/solkes.com\/#\/schema\/person\/b13fbbba3b3146326f81dbeb3fa5d147"},"headline":"Perfecci\u00f3n oto\u00f1al","datePublished":"2020-10-03T15:00:27+00:00","dateModified":"2020-11-21T22:04:55+00:00","mainEntityOfPage":{"@id":"https:\/\/solkes.com\/anonimo\/2020\/10\/perfeccion-otonal\/"},"wordCount":2025,"commentCount":0,"publisher":{"@id":"https:\/\/solkes.com\/#organization"},"image":{"@id":"https:\/\/solkes.com\/anonimo\/2020\/10\/perfeccion-otonal\/#primaryimage"},"thumbnailUrl":"https:\/\/solkes.com\/wp-content\/uploads\/2020\/10\/2010_04-3.jpg","keywords":["el cambio es constante","h\u00e1bitos","madre naturaleza","oto\u00f1o","relaci\u00f3n de amor y odio"],"articleSection":["An\u00f3nimo"],"inLanguage":"de","potentialAction":[{"@type":"CommentAction","name":"Comment","target":["https:\/\/solkes.com\/anonimo\/2020\/10\/perfeccion-otonal\/#respond"]}]},{"@type":"WebPage","@id":"https:\/\/solkes.com\/anonimo\/2020\/10\/perfeccion-otonal\/","url":"https:\/\/solkes.com\/anonimo\/2020\/10\/perfeccion-otonal\/","name":"Perfecci\u00f3n oto\u00f1al - Solkes Magazine","isPartOf":{"@id":"https:\/\/solkes.com\/#website"},"primaryImageOfPage":{"@id":"https:\/\/solkes.com\/anonimo\/2020\/10\/perfeccion-otonal\/#primaryimage"},"image":{"@id":"https:\/\/solkes.com\/anonimo\/2020\/10\/perfeccion-otonal\/#primaryimage"},"thumbnailUrl":"https:\/\/solkes.com\/wp-content\/uploads\/2020\/10\/2010_04-3.jpg","datePublished":"2020-10-03T15:00:27+00:00","dateModified":"2020-11-21T22:04:55+00:00","breadcrumb":{"@id":"https:\/\/solkes.com\/anonimo\/2020\/10\/perfeccion-otonal\/#breadcrumb"},"inLanguage":"de","potentialAction":[{"@type":"ReadAction","target":["https:\/\/solkes.com\/anonimo\/2020\/10\/perfeccion-otonal\/"]}]},{"@type":"ImageObject","inLanguage":"de","@id":"https:\/\/solkes.com\/anonimo\/2020\/10\/perfeccion-otonal\/#primaryimage","url":"https:\/\/solkes.com\/wp-content\/uploads\/2020\/10\/2010_04-3.jpg","contentUrl":"https:\/\/solkes.com\/wp-content\/uploads\/2020\/10\/2010_04-3.jpg","width":996,"height":620,"caption":"Laura Viera A \u00a9 Solkes"},{"@type":"BreadcrumbList","@id":"https:\/\/solkes.com\/anonimo\/2020\/10\/perfeccion-otonal\/#breadcrumb","itemListElement":[{"@type":"ListItem","position":1,"name":"Portada","item":"https:\/\/solkes.com\/"},{"@type":"ListItem","position":2,"name":"Perfecci\u00f3n oto\u00f1al"}]},{"@type":"WebSite","@id":"https:\/\/solkes.com\/#website","url":"https:\/\/solkes.com\/","name":"Solkes Magazine","description":"solkes.com","publisher":{"@id":"https:\/\/solkes.com\/#organization"},"potentialAction":[{"@type":"SearchAction","target":{"@type":"EntryPoint","urlTemplate":"https:\/\/solkes.com\/?s={search_term_string}"},"query-input":{"@type":"PropertyValueSpecification","valueRequired":true,"valueName":"search_term_string"}}],"inLanguage":"de"},{"@type":"Organization","@id":"https:\/\/solkes.com\/#organization","name":"Solkes Magazine","url":"https:\/\/solkes.com\/","logo":{"@type":"ImageObject","inLanguage":"de","@id":"https:\/\/solkes.com\/#\/schema\/logo\/image\/","url":"https:\/\/solkes.com\/wp-content\/uploads\/2024\/09\/logo-SOLKES-820px-x-312px.png","contentUrl":"https:\/\/solkes.com\/wp-content\/uploads\/2024\/09\/logo-SOLKES-820px-x-312px.png","width":411,"height":303,"caption":"Solkes Magazine"},"image":{"@id":"https:\/\/solkes.com\/#\/schema\/logo\/image\/"},"sameAs":["https:\/\/www.facebook.com\/solkesmagazinee\/","https:\/\/instagram.com\/solkesmagazine\/"]},{"@type":"Person","@id":"https:\/\/solkes.com\/#\/schema\/person\/b13fbbba3b3146326f81dbeb3fa5d147","name":"Nessa Twix","image":{"@type":"ImageObject","inLanguage":"de","@id":"https:\/\/secure.gravatar.com\/avatar\/8cb33f784abaa7bcc5b4058902fad344ca93ae216fce5473bc825f086cc5a567?s=96&d=identicon&r=g","url":"https:\/\/secure.gravatar.com\/avatar\/8cb33f784abaa7bcc5b4058902fad344ca93ae216fce5473bc825f086cc5a567?s=96&d=identicon&r=g","contentUrl":"https:\/\/secure.gravatar.com\/avatar\/8cb33f784abaa7bcc5b4058902fad344ca93ae216fce5473bc825f086cc5a567?s=96&d=identicon&r=g","caption":"Nessa Twix"},"description":"Nessa Twix es una amante de la fotograf\u00eda, del arte, del buen cine y la buena comida. Se considera ciudadana del mundo. Para ella las fronteras no existen. Es un poco t\u00edmida pero deja que sus emociones cobren forma entre la tinta y los colores. ******* Nessa is passionate about photography, art, good movies, and good food. She considers herself to be a World Citizen. For her borders are unexistent. She is shy but her feelings and emotions come out with ink and colors.","url":"https:\/\/solkes.com\/de\/author\/nessa-twix\/"}]}},"_links":{"self":[{"href":"https:\/\/solkes.com\/de\/wp-json\/wp\/v2\/posts\/7886","targetHints":{"allow":["GET"]}}],"collection":[{"href":"https:\/\/solkes.com\/de\/wp-json\/wp\/v2\/posts"}],"about":[{"href":"https:\/\/solkes.com\/de\/wp-json\/wp\/v2\/types\/post"}],"author":[{"embeddable":true,"href":"https:\/\/solkes.com\/de\/wp-json\/wp\/v2\/users\/91"}],"replies":[{"embeddable":true,"href":"https:\/\/solkes.com\/de\/wp-json\/wp\/v2\/comments?post=7886"}],"version-history":[{"count":5,"href":"https:\/\/solkes.com\/de\/wp-json\/wp\/v2\/posts\/7886\/revisions"}],"predecessor-version":[{"id":11830,"href":"https:\/\/solkes.com\/de\/wp-json\/wp\/v2\/posts\/7886\/revisions\/11830"}],"wp:featuredmedia":[{"embeddable":true,"href":"https:\/\/solkes.com\/de\/wp-json\/wp\/v2\/media\/8108"}],"wp:attachment":[{"href":"https:\/\/solkes.com\/de\/wp-json\/wp\/v2\/media?parent=7886"}],"wp:term":[{"taxonomy":"category","embeddable":true,"href":"https:\/\/solkes.com\/de\/wp-json\/wp\/v2\/categories?post=7886"},{"taxonomy":"post_tag","embeddable":true,"href":"https:\/\/solkes.com\/de\/wp-json\/wp\/v2\/tags?post=7886"}],"curies":[{"name":"wp","href":"https:\/\/api.w.org\/{rel}","templated":true}]}}