{"id":6289,"date":"2020-03-03T10:30:14","date_gmt":"2020-03-03T10:30:14","guid":{"rendered":"http:\/\/solkes.com\/?p=6289"},"modified":"2020-11-21T23:09:58","modified_gmt":"2020-11-21T21:09:58","slug":"las-identidades-mis-muchas-versiones","status":"publish","type":"post","link":"https:\/\/solkes.com\/de\/n-foko\/2020\/03\/las-identidades-mis-muchas-versiones\/","title":{"rendered":"Las identidades: mis muchas versiones"},"content":{"rendered":"<p><span class=\"dropcap dropcap2\" style=\"color: #138a8d;\">H<\/span>ola mundo, hola extra\u00f1os que caminan a mi lado. Los veo todos los d\u00edas. A veces nos miramos unos a otros y simplemente pasamos caminando. Sin saber realmente qui\u00e9n est\u00e1 a nuestro alrededor, qu\u00e9 los hace sentir, llorar, gritar, sentirse triste o enojado. Pero, el no saber no solo se trata de ellos, tambi\u00e9n se trata de uno mismo. \u00bfQui\u00e9n o qu\u00e9 soy yo? \u00bfCu\u00e1l es mi identidad? \u00bfQu\u00e9 es una identidad?<\/p>\n<figure id=\"attachment_6318\" aria-describedby=\"caption-attachment-6318\" style=\"width: 996px\" class=\"wp-caption aligncenter\"><a href=\"http:\/\/solkes.com\/wp-content\/uploads\/2020\/03\/2003_03-3.jpg\"><img fetchpriority=\"high\" decoding=\"async\" class=\"size-full wp-image-6318\" src=\"http:\/\/solkes.com\/wp-content\/uploads\/2020\/03\/2003_03-3.jpg\" alt=\"\" width=\"996\" height=\"601\" \/><\/a><figcaption id=\"caption-attachment-6318\" class=\"wp-caption-text\">Laura Viera A \u00a9 Solkes<\/figcaption><\/figure>\n<p>En nuestro mundo actual, plagado de inmediatez, con redes sociales, con videos e im\u00e1genes cada segundo del d\u00eda, sentimos que debemos mostrar <span style=\"color: #138a8d;\"><strong>&#8220;qui\u00e9nes somos&#8221;<\/strong><\/span>.<\/p>\n<p>Para algunos esto no es un problema, para otros la incapacidad de ser aut\u00e9ntico es m\u00e1s que un problema que se evidencia en el mundo virtual. Es una lucha.<\/p>\n<figure id=\"attachment_6321\" aria-describedby=\"caption-attachment-6321\" style=\"width: 300px\" class=\"wp-caption alignleft\"><a href=\"http:\/\/solkes.com\/wp-content\/uploads\/2020\/03\/2003_06-3.jpg\"><img decoding=\"async\" class=\"size-medium wp-image-6321\" src=\"http:\/\/solkes.com\/wp-content\/uploads\/2020\/03\/2003_06-3-300x482.jpg\" alt=\"\" width=\"300\" height=\"482\" \/><\/a><figcaption id=\"caption-attachment-6321\" class=\"wp-caption-text\">Laura Viera A \u00a9 Solkes<\/figcaption><\/figure>\n<p>Pero para hacer frente a esto, debo decir que creo que la identidad est\u00e1 en relaci\u00f3n con otra cosa. La identidad de las personas se basa en sus identificaciones, con lo que se asociaron.<\/p>\n<p>La identidad no es solo lo que sabes tambi\u00e9n hace referencia a c\u00f3mo lo sabes. Las personas no nacen con una identidad. M\u00e1s bien, <strong><span style=\"color: #138a8d;\">la identidad es algo que evoluciona con el tiempo.<\/span><\/strong><\/p>\n<p>Nuestra <strong><span style=\"color: #138a8d;\">identidad<\/span> <\/strong>es la forma en que nos definimos. Esto incluye los roles que jugamos en nuestra sociedad y familia, nuestros recuerdos y nuestras esperanzas para el futuro, as\u00ed como nuestros pasatiempos e intereses.<\/p>\n<p>Aqu\u00ed es cuando el tema de la identidad comienza a ser cada vez m\u00e1s complicado porque hay algunas personas que sufren de <span style=\"color: #138a8d;\"><strong>trastorno de identidad disociativo<\/strong><\/span> (TID).<\/p>\n<p>&nbsp;<\/p>\n<h3><strong><span style=\"color: #138a8d;\">Sobre T.I.D<\/span><\/strong><\/h3>\n<p>Para comenzar, primero debemos tratar de entender qu\u00e9 es un trastorno disociativo. Una de las primeras cosas que debe saber es que el trastorno de identidad disociativo <strong><span style=\"color: #138a8d;\">se conoc\u00eda anteriormente como trastorno de personalidad m\u00faltiple.<\/span><\/strong> Es una <strong><span style=\"color: #138a8d;\">enfermedad mental caracterizada por al menos dos estados de personalidad distintos y relativamente duraderos.<\/span><\/strong><\/p>\n<p>Las personalidades que se muestran alternativamente en el comportamiento de una persona son variables. La psic\u00f3loga Smita Brahmachari explica que a veces las personas est\u00e1n realmente molestas con su entorno, pero no pueden cambiar nada al respecto. <strong><span style=\"color: #138a8d;\">Luego se disocian completamente del mundo<\/span><\/strong>, hasta el punto de que olvidan los incidentes de manera muy conveniente (siempre que sean d\u00edas, meses y a\u00f1os). <strong><span style=\"color: #138a8d;\">Es como estar drogado sin tomar narc\u00f3ticos. Estar en otro estado.<\/span><\/strong><\/p>\n<p>Adem\u00e1s, las personas que padecen T.I.D pueden sufrir trastorno l\u00edmite de la personalidad (TLP), trastorno de estr\u00e9s postraum\u00e1tico (TEPT), depresi\u00f3n, trastornos por uso de sustancias, auto lesiones o ansiedad.<\/p>\n<p>Brahmachari tambi\u00e9n explica que aunque todav\u00eda no se ha demostrado que la gen\u00e9tica sea el causante, las personas de la misma familia son m\u00e1s propensas a ella. Pero cabe recalcar que tambi\u00e9n puede ser un resultado a que ellos ven y aprenden del mismo entorno.<\/p>\n<figure id=\"attachment_6320\" aria-describedby=\"caption-attachment-6320\" style=\"width: 300px\" class=\"wp-caption alignright\"><a href=\"http:\/\/solkes.com\/wp-content\/uploads\/2020\/03\/2003_05-3.jpg\"><img decoding=\"async\" class=\"size-medium wp-image-6320\" src=\"http:\/\/solkes.com\/wp-content\/uploads\/2020\/03\/2003_05-3-300x482.jpg\" alt=\"\" width=\"300\" height=\"482\" \/><\/a><figcaption id=\"caption-attachment-6320\" class=\"wp-caption-text\">Laura Viera A \u00a9 Solkes<\/figcaption><\/figure>\n<p><strong><span style=\"color: #138a8d;\">Laura Viera A:<\/span><\/strong> \u00bfPor qu\u00e9 las personas tienen identidades diferentes? \u00bfPor qu\u00e9 pas\u00f3 esto?<\/p>\n<p><strong><span style=\"color: #138a8d;\">Smita Brahmachari, psic\u00f3loga:<\/span><\/strong> Esto puede ser provocado por cualquier incidente. Es m\u00e1s probable que ocurra cuando alguien tiene menos confianza, menos de lo estimado, no es amado, pero no puede negar su presencia en personas normales tambi\u00e9n.<\/p>\n<p><strong><span style=\"color: #138a8d;\">Laura Viera A:<\/span><\/strong> He le\u00eddo que un desencadenante com\u00fan puede ser una experiencia traum\u00e1tica. Sin embargo, no todas las personas que tienen una experiencia traum\u00e1tica tienen este trastorno disociativo. \u00bfPorqu\u00e9 es eso?<\/p>\n<p><strong><span style=\"color: #138a8d;\">Smita Brahmachari, psic\u00f3loga:<\/span> <\/strong>Esto tambi\u00e9n le puede pasar a una persona &#8220;normal&#8221;. Probablemente viene con un pensamiento en el que la persona quiere traer un cambio (en s\u00ed misma o en otros) pero piensa que no es capaz de hacerlo.<\/p>\n<p><strong><span style=\"color: #138a8d;\">Laura Viera A:<\/span> <\/strong>\u00bfQu\u00e9 sucede si las identidades son enemigas? \u00bfSe hacen da\u00f1o unos a otros?<\/p>\n<p><strong><span style=\"color: #138a8d;\">Smita Brahmachari, psic\u00f3loga<\/span><\/strong>: Incluso si las identidades son enemigas, aprenden a coexistir. Si una identidad mata a otra, entonces no habr\u00e1 m\u00faltiples identidades. Sin embargo, en algunos casos se observa que una identidad intenta causar problemas a otra. Por ejemplo: una identidad era muy decente y educada y tocaba una guitarra muy bonita, la otra identidad era tosca. Una ni\u00f1a amaba la identidad de tocar la guitarra, la identidad aproximada tambi\u00e9n amaba a la ni\u00f1a y percib\u00eda la identidad decente como una amenaza, por lo que rompi\u00f3 la guitarra.<\/p>\n<p><span style=\"color: #138a8d;\"><strong>Laura Viera A:<\/strong> <\/span>\u00bfMuere una identidad?<\/p>\n<p><strong><span style=\"color: #138a8d;\">Smita Brahmachari, psic\u00f3loga:<\/span><\/strong>\u00a0Una identidad tiene que morir para mejorar al paciente.<\/p>\n<p>&nbsp;<\/p>\n<h3><strong><span style=\"color: #138a8d;\">Algunos problemas<\/span><\/strong><\/h3>\n<p>A veces, los eventos de la vida interrumpen esta progresi\u00f3n natural del ego\u00edsmo a la consideraci\u00f3n y las identidades de las personas dejan de crecer. La mayor\u00eda de estas cosas pueden, por supuesto, cambiar. Podemos cambiar de trabajo, mudarnos a una comunidad diferente o experimentar circunstancias que cambian la vida y desaf\u00edan nuestras creencias.<\/p>\n<p>Entonces, surgen los problemas de identidad. Los problemas de identidad pueden hacer que las personas tengan dificultades para adoptar una perspectiva adecuada hacia otras tareas importantes de la vida, creando una amplia gama de problemas de la vida.<\/p>\n<figure id=\"attachment_6319\" aria-describedby=\"caption-attachment-6319\" style=\"width: 996px\" class=\"wp-caption aligncenter\"><a href=\"http:\/\/solkes.com\/wp-content\/uploads\/2020\/03\/2003_04-3.jpg\"><img loading=\"lazy\" decoding=\"async\" class=\"size-full wp-image-6319\" src=\"http:\/\/solkes.com\/wp-content\/uploads\/2020\/03\/2003_04-3.jpg\" alt=\"\" width=\"996\" height=\"601\" \/><\/a><figcaption id=\"caption-attachment-6319\" class=\"wp-caption-text\">Laura Viera A \u00a9 Solkes<\/figcaption><\/figure>\n<p>Para tener una identidad s\u00f3lida, necesitamos ser capaces de ver que somos la misma persona en nuestro pasado como lo somos ahora, y como lo seremos en el futuro. Necesitamos sentir lo mismo sin importar nuestro entorno. No significa que actuemos igual todo el tiempo, en absoluto. Sentimos que somos la misma persona debajo.<\/p>\n<figure id=\"attachment_6322\" aria-describedby=\"caption-attachment-6322\" style=\"width: 300px\" class=\"wp-caption alignleft\"><a href=\"http:\/\/solkes.com\/wp-content\/uploads\/2020\/03\/2003_07-2.jpg\"><img loading=\"lazy\" decoding=\"async\" class=\"size-medium wp-image-6322\" src=\"http:\/\/solkes.com\/wp-content\/uploads\/2020\/03\/2003_07-2-300x482.jpg\" alt=\"\" width=\"300\" height=\"482\" \/><\/a><figcaption id=\"caption-attachment-6322\" class=\"wp-caption-text\">Laura Viera A \u00a9 Solkes<\/figcaption><\/figure>\n<p>Lamentablemente, las personas no siempre son diagnosticadas. Esto hace su vida mucho m\u00e1s complicada. A veces, las personas con este trastorno pueden parecer <strong><span style=\"color: #138a8d;\">&#8220;casi normales&#8221;<\/span><\/strong>\u00a0(escribimos casi normales, porque el concepto de normalidad es muy individual, en nuestra humilde opinion) a las personas que salen con ellos. Y ni siquiera conocen a ning\u00fan psic\u00f3logo \/ psiquiatra en toda su vida.<\/p>\n<p><strong><span style=\"color: #138a8d;\">Laura Viera A:<\/span><\/strong> \u00bfQu\u00e9 tan &#8220;f\u00e1cil&#8221; es diagnosticar a alguien que lo padece?<\/p>\n<p><strong><span style=\"color: #138a8d;\">Smita Brahmachari, psic\u00f3loga:<\/span>\u00a0<\/strong>No es f\u00e1cil. Tienes que tener muchas sesiones con el paciente. M\u00e1s grave la situaci\u00f3n, m\u00e1s dif\u00edcil es descubrirlo.<\/p>\n<p><strong><span style=\"color: #138a8d;\">Laura Viera A:<\/span> <\/strong>Si una persona tiene varias identidades, \u00bfc\u00f3mo se las arregla?<\/p>\n<p><strong><span style=\"color: #138a8d;\">Smita Brahmachari, psic\u00f3loga:<\/span><\/strong> Algunas veces, todas las identidades no son conscientes de s\u00ed mismas, a veces son amigas y otras veces son enemigas. Siempre que una personalidad sea m\u00e1s dominante, suprimir\u00e1 a las otras personalidades, pero es muy situacional.<\/p>\n<p>&nbsp;<\/p>\n<h3><strong><span style=\"color: #138a8d;\">Sobre identidades<\/span><\/strong><\/h3>\n<p>Sin embargo, una persona sin un sentido de identidad puede sentirse desconectada de qui\u00e9n ha sido y \/ o no tener sentido de qui\u00e9n ser\u00e1 el pr\u00f3ximo. No sienten que son iguales, pero a veces sienten una persona diferente cada d\u00eda. Algunos informan que se miran al espejo y les cuesta creer que sean ellos quienes miran hacia atr\u00e1s.<\/p>\n<p>Cuando hay falta de identidad, suceden muchas cosas. Algunas de las actitudes constantes son que las relaciones no son profundas, aburridas f\u00e1cilmente, cambios en opiniones radicales.<\/p>\n<figure id=\"attachment_6309\" aria-describedby=\"caption-attachment-6309\" style=\"width: 996px\" class=\"wp-caption aligncenter\"><a href=\"http:\/\/solkes.com\/wp-content\/uploads\/2020\/03\/2003_01-4.jpg\"><img loading=\"lazy\" decoding=\"async\" class=\"size-full wp-image-6309\" src=\"http:\/\/solkes.com\/wp-content\/uploads\/2020\/03\/2003_01-4.jpg\" alt=\"\" width=\"996\" height=\"601\" \/><\/a><figcaption id=\"caption-attachment-6309\" class=\"wp-caption-text\">Laura Viera A \u00a9 Solkes<\/figcaption><\/figure>\n<p>La disociaci\u00f3n es una palabra que se usa para describir la desconexi\u00f3n o falta de conexi\u00f3n entre las cosas generalmente asociadas entre s\u00ed.<\/p>\n<p>Los psic\u00f3logos conectan la falta de identidad con nuestra infancia. Si no alcanzamos los marcadores correctos de crecimiento psicol\u00f3gico y emocional, podemos quedarnos como un adulto que carece de una idea real de qui\u00e9nes son.<\/p>\n<figure id=\"attachment_6323\" aria-describedby=\"caption-attachment-6323\" style=\"width: 300px\" class=\"wp-caption alignleft\"><a href=\"http:\/\/solkes.com\/wp-content\/uploads\/2020\/03\/2003_08-2.jpg\"><img loading=\"lazy\" decoding=\"async\" class=\"size-medium wp-image-6323\" src=\"http:\/\/solkes.com\/wp-content\/uploads\/2020\/03\/2003_08-2-300x482.jpg\" alt=\"\" width=\"300\" height=\"482\" \/><\/a><figcaption id=\"caption-attachment-6323\" class=\"wp-caption-text\">Laura Viera A \u00a9 Solkes<\/figcaption><\/figure>\n<p>Aqu\u00ed es donde todo se vuelve muy interesante para m\u00ed. La cuesti\u00f3n es que la gran mayor\u00eda de los trastornos de identidad disociativos son causados \u200b\u200bpor abuso extremo en la primera infancia.<\/p>\n<p>La disociaci\u00f3n <strong><span style=\"color: #138a8d;\">es un espectro<\/span><\/strong>, y la mayor\u00eda de las personas est\u00e1n en alg\u00fan lugar a lo largo de esa l\u00ednea. Casi todos tienen la capacidad de disociarse cuando lo necesitan, ya sea en combate o cambiando la caja de arena. Pero cuando va m\u00e1s all\u00e1 de ser un mecanismo puramente adaptativo para lidiar con cosas que de otro modo nos abrumar\u00edan, cuando las personalidades se callan como resultado de un trauma, eso es DID.<\/p>\n<p>Sorprendentemente, estas personalidades pueden o no estar en contacto entre s\u00ed, pueden o no gustarse, pueden o no ser pr\u00e1cticamente cualquier cosa que un humano pueda ser.<\/p>\n<p>&nbsp;<\/p>\n<h3><strong><span style=\"color: #138a8d;\">El mundo en muchos colores<\/span><\/strong><\/h3>\n<p>Finalmente, la multiplicidad no es locura. Se considera una respuesta adaptativa al trauma que de lo contrario resultar\u00eda en locura.<\/p>\n<figure id=\"attachment_6310\" aria-describedby=\"caption-attachment-6310\" style=\"width: 300px\" class=\"wp-caption alignright\"><a href=\"http:\/\/solkes.com\/wp-content\/uploads\/2020\/03\/2003_02-4.jpg\"><img loading=\"lazy\" decoding=\"async\" class=\"size-medium wp-image-6310\" src=\"http:\/\/solkes.com\/wp-content\/uploads\/2020\/03\/2003_02-4-300x482.jpg\" alt=\"\" width=\"300\" height=\"482\" \/><\/a><figcaption id=\"caption-attachment-6310\" class=\"wp-caption-text\">Laura Viera A \u00a9 Solkes<\/figcaption><\/figure>\n<p>Muy a menudo hay personalidades especializadas para tratar situaciones particulares. Algunos manejan el estr\u00e9s mejor que otros. Algunos son mejores para recordar cosas que otros. <strong><span style=\"color: #138a8d;\">Es habitual que diferentes identidades recuerden diferentes personas y cosas.<\/span><\/strong><\/p>\n<p>Debo decir que aunque haga parte de las enfermedades mentales, es una de las muchas <strong><span style=\"color: #138a8d;\">&#8220;avenidas&#8221; que nuestra mente<\/span> <\/strong>decide tomar. Siempre nos llevar\u00e1 a una nueva puerta con un mundo en muchos colores.<\/p>\n<p><span class=\"dropcap dropcap2\" style=\"color: #138a8d;\">D<\/span>espu\u00e9s de hablar con la psic\u00f3loga Smita Brahmachari, me qued\u00f3 claro que las personas que sufren de D.I.D pueden tener una vida &#8220;normal&#8221;. Realmente depende de la gravedad de la enfermedad. El punto es que DID es en muchos sentidos como sufrir de artritis. <strong><span style=\"color: #138a8d;\">El hecho es que hay cosas que puedes hacer para adaptarte.<\/span><\/strong> Con el tiempo, el diagn\u00f3stico y el tratamiento adecuados y un sistema de apoyo s\u00f3lido mejoran cada vez m\u00e1s.<\/p>\n<p>&nbsp;<\/p>\n<p>&nbsp;<\/p>\n<p>&nbsp;<\/p>\n","protected":false},"excerpt":{"rendered":"<p>Hola mundo, hola extra\u00f1os que caminan a mi lado. Los veo todos los d\u00edas. A veces nos miramos unos a otros y simplemente pasamos caminando. Sin saber realmente qui\u00e9n est\u00e1 a nuestro alrededor, qu\u00e9 los hace sentir, llorar, gritar, sentirse triste o enojado. Pero, el no saber no solo se trata de ellos, tambi\u00e9n se [&hellip;]<\/p>\n","protected":false},"author":76,"featured_media":6319,"comment_status":"open","ping_status":"open","sticky":false,"template":"","format":"standard","meta":{"_acf_changed":false,"_exactmetrics_skip_tracking":false,"_exactmetrics_sitenote_active":false,"_exactmetrics_sitenote_note":"","_exactmetrics_sitenote_category":0,"site-sidebar-layout":"default","site-content-layout":"default","ast-site-content-layout":"default","site-content-style":"default","site-sidebar-style":"default","ast-global-header-display":"","ast-banner-title-visibility":"","ast-main-header-display":"","ast-hfb-above-header-display":"","ast-hfb-below-header-display":"","ast-hfb-mobile-header-display":"","site-post-title":"","ast-breadcrumbs-content":"","ast-featured-img":"","footer-sml-layout":"","theme-transparent-header-meta":"default","adv-header-id-meta":"","stick-header-meta":"","header-above-stick-meta":"","header-main-stick-meta":"","header-below-stick-meta":"","astra-migrate-meta-layouts":"default","ast-page-background-enabled":"default","ast-page-background-meta":{"desktop":{"background-color":"","background-image":"","background-repeat":"repeat","background-position":"center center","background-size":"auto","background-attachment":"scroll","background-type":"","background-media":"","overlay-type":"","overlay-color":"","overlay-opacity":"","overlay-gradient":""},"tablet":{"background-color":"","background-image":"","background-repeat":"repeat","background-position":"center center","background-size":"auto","background-attachment":"scroll","background-type":"","background-media":"","overlay-type":"","overlay-color":"","overlay-opacity":"","overlay-gradient":""},"mobile":{"background-color":"","background-image":"","background-repeat":"repeat","background-position":"center center","background-size":"auto","background-attachment":"scroll","background-type":"","background-media":"","overlay-type":"","overlay-color":"","overlay-opacity":"","overlay-gradient":""}},"ast-content-background-meta":{"desktop":{"background-color":"var(--ast-global-color-5)","background-image":"","background-repeat":"repeat","background-position":"center center","background-size":"auto","background-attachment":"scroll","background-type":"","background-media":"","overlay-type":"","overlay-color":"","overlay-opacity":"","overlay-gradient":""},"tablet":{"background-color":"var(--ast-global-color-5)","background-image":"","background-repeat":"repeat","background-position":"center center","background-size":"auto","background-attachment":"scroll","background-type":"","background-media":"","overlay-type":"","overlay-color":"","overlay-opacity":"","overlay-gradient":""},"mobile":{"background-color":"var(--ast-global-color-5)","background-image":"","background-repeat":"repeat","background-position":"center center","background-size":"auto","background-attachment":"scroll","background-type":"","background-media":"","overlay-type":"","overlay-color":"","overlay-opacity":"","overlay-gradient":""}},"footnotes":""},"categories":[12],"tags":[45,294,295,296,204,297,298],"class_list":["post-6289","post","type-post","status-publish","format-standard","has-post-thumbnail","hentry","category-n-foko","tag-ayuda","tag-cambios","tag-identidad","tag-identidades","tag-nfoko","tag-trastorno-de-identidad-disociativo","tag-traumas"],"acf":[],"yoast_head":"<!-- This site is optimized with the Yoast SEO plugin v27.4 - https:\/\/yoast.com\/product\/yoast-seo-wordpress\/ -->\n<title>Las identidades: mis muchas versiones - Solkes Magazine<\/title>\n<meta name=\"description\" content=\"Dissociative Identity Disorder is one of many mental ilnesses but with proper diagnosis, treatment and a strong support system coping gets easier.\" \/>\n<meta name=\"robots\" content=\"index, follow, max-snippet:-1, max-image-preview:large, max-video-preview:-1\" \/>\n<link rel=\"canonical\" href=\"https:\/\/solkes.com\/n-foko\/2020\/03\/las-identidades-mis-muchas-versiones\/\" \/>\n<meta property=\"og:locale\" content=\"de_DE\" \/>\n<meta property=\"og:type\" content=\"article\" \/>\n<meta property=\"og:title\" content=\"Las identidades: mis muchas versiones - Solkes Magazine\" \/>\n<meta property=\"og:description\" content=\"Dissociative Identity Disorder is one of many mental ilnesses but with proper diagnosis, treatment and a strong support system coping gets easier.\" \/>\n<meta property=\"og:url\" content=\"https:\/\/solkes.com\/n-foko\/2020\/03\/las-identidades-mis-muchas-versiones\/\" \/>\n<meta property=\"og:site_name\" content=\"Solkes Magazine\" \/>\n<meta property=\"article:publisher\" content=\"https:\/\/www.facebook.com\/solkesmagazinee\/\" \/>\n<meta property=\"article:published_time\" content=\"2020-03-03T10:30:14+00:00\" \/>\n<meta property=\"article:modified_time\" content=\"2020-11-21T21:09:58+00:00\" \/>\n<meta property=\"og:image\" content=\"https:\/\/solkes.com\/wp-content\/uploads\/2020\/03\/2003_04-3-1.jpg\" \/>\n\t<meta property=\"og:image:width\" content=\"996\" \/>\n\t<meta property=\"og:image:height\" content=\"601\" \/>\n\t<meta property=\"og:image:type\" content=\"image\/jpeg\" \/>\n<meta name=\"author\" content=\"Laura Viera A.\" \/>\n<meta name=\"twitter:card\" content=\"summary_large_image\" \/>\n<meta name=\"twitter:label1\" content=\"Verfasst von\" \/>\n\t<meta name=\"twitter:data1\" content=\"Laura Viera A.\" \/>\n\t<meta name=\"twitter:label2\" content=\"Gesch\u00e4tzte Lesezeit\" \/>\n\t<meta name=\"twitter:data2\" content=\"8\u00a0Minuten\" \/>\n<script type=\"application\/ld+json\" class=\"yoast-schema-graph\">{\"@context\":\"https:\\\/\\\/schema.org\",\"@graph\":[{\"@type\":\"Article\",\"@id\":\"https:\\\/\\\/solkes.com\\\/n-foko\\\/2020\\\/03\\\/las-identidades-mis-muchas-versiones\\\/#article\",\"isPartOf\":{\"@id\":\"https:\\\/\\\/solkes.com\\\/n-foko\\\/2020\\\/03\\\/las-identidades-mis-muchas-versiones\\\/\"},\"author\":{\"name\":\"Laura Viera A.\",\"@id\":\"https:\\\/\\\/solkes.com\\\/#\\\/schema\\\/person\\\/54684f1c0bebcaff4d6b3f1ec2e71e91\"},\"headline\":\"Las identidades: mis muchas versiones\",\"datePublished\":\"2020-03-03T10:30:14+00:00\",\"dateModified\":\"2020-11-21T21:09:58+00:00\",\"mainEntityOfPage\":{\"@id\":\"https:\\\/\\\/solkes.com\\\/n-foko\\\/2020\\\/03\\\/las-identidades-mis-muchas-versiones\\\/\"},\"wordCount\":1643,\"commentCount\":0,\"publisher\":{\"@id\":\"https:\\\/\\\/solkes.com\\\/#organization\"},\"image\":{\"@id\":\"https:\\\/\\\/solkes.com\\\/n-foko\\\/2020\\\/03\\\/las-identidades-mis-muchas-versiones\\\/#primaryimage\"},\"thumbnailUrl\":\"https:\\\/\\\/solkes.com\\\/wp-content\\\/uploads\\\/2020\\\/03\\\/2003_04-3-1.jpg\",\"keywords\":[\"ayuda\",\"cambios\",\"identidad\",\"identidades\",\"NFoko\",\"trastorno de identidad disociativo\",\"traumas\"],\"articleSection\":[\"N Foko\"],\"inLanguage\":\"de\",\"potentialAction\":[{\"@type\":\"CommentAction\",\"name\":\"Comment\",\"target\":[\"https:\\\/\\\/solkes.com\\\/n-foko\\\/2020\\\/03\\\/las-identidades-mis-muchas-versiones\\\/#respond\"]}]},{\"@type\":\"WebPage\",\"@id\":\"https:\\\/\\\/solkes.com\\\/n-foko\\\/2020\\\/03\\\/las-identidades-mis-muchas-versiones\\\/\",\"url\":\"https:\\\/\\\/solkes.com\\\/n-foko\\\/2020\\\/03\\\/las-identidades-mis-muchas-versiones\\\/\",\"name\":\"Las identidades: mis muchas versiones - Solkes Magazine\",\"isPartOf\":{\"@id\":\"https:\\\/\\\/solkes.com\\\/#website\"},\"primaryImageOfPage\":{\"@id\":\"https:\\\/\\\/solkes.com\\\/n-foko\\\/2020\\\/03\\\/las-identidades-mis-muchas-versiones\\\/#primaryimage\"},\"image\":{\"@id\":\"https:\\\/\\\/solkes.com\\\/n-foko\\\/2020\\\/03\\\/las-identidades-mis-muchas-versiones\\\/#primaryimage\"},\"thumbnailUrl\":\"https:\\\/\\\/solkes.com\\\/wp-content\\\/uploads\\\/2020\\\/03\\\/2003_04-3-1.jpg\",\"datePublished\":\"2020-03-03T10:30:14+00:00\",\"dateModified\":\"2020-11-21T21:09:58+00:00\",\"description\":\"Dissociative Identity Disorder is one of many mental ilnesses but with proper diagnosis, treatment and a strong support system coping gets easier.\",\"breadcrumb\":{\"@id\":\"https:\\\/\\\/solkes.com\\\/n-foko\\\/2020\\\/03\\\/las-identidades-mis-muchas-versiones\\\/#breadcrumb\"},\"inLanguage\":\"de\",\"potentialAction\":[{\"@type\":\"ReadAction\",\"target\":[\"https:\\\/\\\/solkes.com\\\/n-foko\\\/2020\\\/03\\\/las-identidades-mis-muchas-versiones\\\/\"]}]},{\"@type\":\"ImageObject\",\"inLanguage\":\"de\",\"@id\":\"https:\\\/\\\/solkes.com\\\/n-foko\\\/2020\\\/03\\\/las-identidades-mis-muchas-versiones\\\/#primaryimage\",\"url\":\"https:\\\/\\\/solkes.com\\\/wp-content\\\/uploads\\\/2020\\\/03\\\/2003_04-3-1.jpg\",\"contentUrl\":\"https:\\\/\\\/solkes.com\\\/wp-content\\\/uploads\\\/2020\\\/03\\\/2003_04-3-1.jpg\",\"width\":996,\"height\":601,\"caption\":\"Laura Viera A \u00a9 Solkes\"},{\"@type\":\"BreadcrumbList\",\"@id\":\"https:\\\/\\\/solkes.com\\\/n-foko\\\/2020\\\/03\\\/las-identidades-mis-muchas-versiones\\\/#breadcrumb\",\"itemListElement\":[{\"@type\":\"ListItem\",\"position\":1,\"name\":\"Portada\",\"item\":\"https:\\\/\\\/solkes.com\\\/\"},{\"@type\":\"ListItem\",\"position\":2,\"name\":\"Las identidades: mis muchas versiones\"}]},{\"@type\":\"WebSite\",\"@id\":\"https:\\\/\\\/solkes.com\\\/#website\",\"url\":\"https:\\\/\\\/solkes.com\\\/\",\"name\":\"Solkes Magazine\",\"description\":\"solkes.com\",\"publisher\":{\"@id\":\"https:\\\/\\\/solkes.com\\\/#organization\"},\"potentialAction\":[{\"@type\":\"SearchAction\",\"target\":{\"@type\":\"EntryPoint\",\"urlTemplate\":\"https:\\\/\\\/solkes.com\\\/?s={search_term_string}\"},\"query-input\":{\"@type\":\"PropertyValueSpecification\",\"valueRequired\":true,\"valueName\":\"search_term_string\"}}],\"inLanguage\":\"de\"},{\"@type\":\"Organization\",\"@id\":\"https:\\\/\\\/solkes.com\\\/#organization\",\"name\":\"Solkes Magazine\",\"url\":\"https:\\\/\\\/solkes.com\\\/\",\"logo\":{\"@type\":\"ImageObject\",\"inLanguage\":\"de\",\"@id\":\"https:\\\/\\\/solkes.com\\\/#\\\/schema\\\/logo\\\/image\\\/\",\"url\":\"https:\\\/\\\/solkes.com\\\/wp-content\\\/uploads\\\/2024\\\/09\\\/logo-SOLKES-820px-x-312px.png\",\"contentUrl\":\"https:\\\/\\\/solkes.com\\\/wp-content\\\/uploads\\\/2024\\\/09\\\/logo-SOLKES-820px-x-312px.png\",\"width\":411,\"height\":303,\"caption\":\"Solkes Magazine\"},\"image\":{\"@id\":\"https:\\\/\\\/solkes.com\\\/#\\\/schema\\\/logo\\\/image\\\/\"},\"sameAs\":[\"https:\\\/\\\/www.facebook.com\\\/solkesmagazinee\\\/\",\"https:\\\/\\\/instagram.com\\\/solkesmagazine\\\/\"]},{\"@type\":\"Person\",\"@id\":\"https:\\\/\\\/solkes.com\\\/#\\\/schema\\\/person\\\/54684f1c0bebcaff4d6b3f1ec2e71e91\",\"name\":\"Laura Viera A.\",\"image\":{\"@type\":\"ImageObject\",\"inLanguage\":\"de\",\"@id\":\"https:\\\/\\\/secure.gravatar.com\\\/avatar\\\/d7b6a8bb956f5279e99babca11ed31351716b19f59e9e3e989847c0ca9e0c5d9?s=96&d=identicon&r=g\",\"url\":\"https:\\\/\\\/secure.gravatar.com\\\/avatar\\\/d7b6a8bb956f5279e99babca11ed31351716b19f59e9e3e989847c0ca9e0c5d9?s=96&d=identicon&r=g\",\"contentUrl\":\"https:\\\/\\\/secure.gravatar.com\\\/avatar\\\/d7b6a8bb956f5279e99babca11ed31351716b19f59e9e3e989847c0ca9e0c5d9?s=96&d=identicon&r=g\",\"caption\":\"Laura Viera A.\"},\"description\":\"Fundadora y Directora Editorial de Solkes Magazine Es periodista de vocaci\u00f3n y formaci\u00f3n. Estudi\u00f3 Comunicaci\u00f3n Social con \u00e9nfasis en Periodismo en la Pontificia Universidad Javeriana de Bogot\u00e1, Colombia. Desde muy joven sinti\u00f3 una profunda pasi\u00f3n por contar historias, explorar el mundo y dar voz a quienes no la tienen. Su compromiso con los Derechos Humanos ha sido una constante en su trayectoria, participando activamente en proyectos sociales desde temprana edad. Este inter\u00e9s se refleja en el enfoque editorial de Solkes, una revista que prioriza el periodismo independiente, la diversidad cultural y la profundidad narrativa. Laura naci\u00f3 en Bogot\u00e1, vivi\u00f3 tres a\u00f1os en Madrid, Espa\u00f1a, y desde el verano de 2010 reside en Alemania. Esta experiencia multicultural ha enriquecido su perspectiva y ha sido clave para la creaci\u00f3n de una revista triling\u00fce que trasciende fronteras y conecta a lectores de distintas partes del mundo. ******************************************************************************************* Founder and Editorial Director of Solkes Magazine She is a passionate journalist by vocation and training. She studied Mass Communication with an emphasis on Journalism at the Pontificia Universidad Javeriana in Bogot\u00e1, Colombia. From a young age, she was deeply motivated to tell stories, explore the world, and give a voice to those who often go unheard. Her commitment to Human Rights has been a constant throughout her career, actively participating in social projects since early on. This dedication is reflected in Solkes Magazine\u2019s editorial focus on independent journalism, cultural diversity, and in-depth storytelling. Born in Bogot\u00e1, Laura lived in Madrid, Spain for three years, and has been residing in Germany since the summer of 2010. This multicultural experience has enriched her perspective and played a key role in creating a trilingual magazine that transcends borders and connects readers from around the world. ******************************************************************************************* Gr\u00fcnderin und Chefredakteurin von Solkes Magazine Laura Viera ist eine leidenschaftliche Journalistin aus Berufung und Ausbildung. Sie hat Soziale Kommunikation mit Schwerpunkt Journalismus an der Pontificia Universidad Javeriana in Bogot\u00e1, Kolumbien, studiert. Schon in jungen Jahren war sie stark motiviert, Geschichten zu erz\u00e4hlen, die Welt zu erkunden und denen eine Stimme zu geben, die oft ungeh\u00f6rt bleiben. Ihr Engagement f\u00fcr Menschenrechte begleitet sie seit Beginn ihrer Laufbahn. Sie war von Anfang an aktiv an sozialen Projekten beteiligt. Dieses Engagement spiegelt sich auch im redaktionellen Fokus von Solkes Magazine wider, das unabh\u00e4ngigen Journalismus, kulturelle Vielfalt und tiefgr\u00fcndiges Erz\u00e4hlen in den Vordergrund stellt. Geboren in Bogot\u00e1, lebte Laura drei Jahre in Madrid, Spanien, und lebt seit Sommer 2010 in Deutschland. Diese multikulturelle Erfahrung hat ihre Perspektive bereichert und war entscheidend bei der Gr\u00fcndung eines dreisprachigen Magazins, das Grenzen \u00fcberschreitet und Leser weltweit verbindet.\",\"sameAs\":[\"http:\\\/\\\/www.solkes.com\"],\"url\":\"https:\\\/\\\/solkes.com\\\/de\\\/author\\\/lauraviera2019\\\/\"}]}<\/script>\n<!-- \/ Yoast SEO plugin. -->","yoast_head_json":{"title":"Las identidades: mis muchas versiones - Solkes Magazine","description":"Dissociative Identity Disorder is one of many mental ilnesses but with proper diagnosis, treatment and a strong support system coping gets easier.","robots":{"index":"index","follow":"follow","max-snippet":"max-snippet:-1","max-image-preview":"max-image-preview:large","max-video-preview":"max-video-preview:-1"},"canonical":"https:\/\/solkes.com\/n-foko\/2020\/03\/las-identidades-mis-muchas-versiones\/","og_locale":"de_DE","og_type":"article","og_title":"Las identidades: mis muchas versiones - Solkes Magazine","og_description":"Dissociative Identity Disorder is one of many mental ilnesses but with proper diagnosis, treatment and a strong support system coping gets easier.","og_url":"https:\/\/solkes.com\/n-foko\/2020\/03\/las-identidades-mis-muchas-versiones\/","og_site_name":"Solkes Magazine","article_publisher":"https:\/\/www.facebook.com\/solkesmagazinee\/","article_published_time":"2020-03-03T10:30:14+00:00","article_modified_time":"2020-11-21T21:09:58+00:00","og_image":[{"width":996,"height":601,"url":"https:\/\/solkes.com\/wp-content\/uploads\/2020\/03\/2003_04-3-1.jpg","type":"image\/jpeg"}],"author":"Laura Viera A.","twitter_card":"summary_large_image","twitter_misc":{"Verfasst von":"Laura Viera A.","Gesch\u00e4tzte Lesezeit":"8\u00a0Minuten"},"schema":{"@context":"https:\/\/schema.org","@graph":[{"@type":"Article","@id":"https:\/\/solkes.com\/n-foko\/2020\/03\/las-identidades-mis-muchas-versiones\/#article","isPartOf":{"@id":"https:\/\/solkes.com\/n-foko\/2020\/03\/las-identidades-mis-muchas-versiones\/"},"author":{"name":"Laura Viera A.","@id":"https:\/\/solkes.com\/#\/schema\/person\/54684f1c0bebcaff4d6b3f1ec2e71e91"},"headline":"Las identidades: mis muchas versiones","datePublished":"2020-03-03T10:30:14+00:00","dateModified":"2020-11-21T21:09:58+00:00","mainEntityOfPage":{"@id":"https:\/\/solkes.com\/n-foko\/2020\/03\/las-identidades-mis-muchas-versiones\/"},"wordCount":1643,"commentCount":0,"publisher":{"@id":"https:\/\/solkes.com\/#organization"},"image":{"@id":"https:\/\/solkes.com\/n-foko\/2020\/03\/las-identidades-mis-muchas-versiones\/#primaryimage"},"thumbnailUrl":"https:\/\/solkes.com\/wp-content\/uploads\/2020\/03\/2003_04-3-1.jpg","keywords":["ayuda","cambios","identidad","identidades","NFoko","trastorno de identidad disociativo","traumas"],"articleSection":["N Foko"],"inLanguage":"de","potentialAction":[{"@type":"CommentAction","name":"Comment","target":["https:\/\/solkes.com\/n-foko\/2020\/03\/las-identidades-mis-muchas-versiones\/#respond"]}]},{"@type":"WebPage","@id":"https:\/\/solkes.com\/n-foko\/2020\/03\/las-identidades-mis-muchas-versiones\/","url":"https:\/\/solkes.com\/n-foko\/2020\/03\/las-identidades-mis-muchas-versiones\/","name":"Las identidades: mis muchas versiones - Solkes Magazine","isPartOf":{"@id":"https:\/\/solkes.com\/#website"},"primaryImageOfPage":{"@id":"https:\/\/solkes.com\/n-foko\/2020\/03\/las-identidades-mis-muchas-versiones\/#primaryimage"},"image":{"@id":"https:\/\/solkes.com\/n-foko\/2020\/03\/las-identidades-mis-muchas-versiones\/#primaryimage"},"thumbnailUrl":"https:\/\/solkes.com\/wp-content\/uploads\/2020\/03\/2003_04-3-1.jpg","datePublished":"2020-03-03T10:30:14+00:00","dateModified":"2020-11-21T21:09:58+00:00","description":"Dissociative Identity Disorder is one of many mental ilnesses but with proper diagnosis, treatment and a strong support system coping gets easier.","breadcrumb":{"@id":"https:\/\/solkes.com\/n-foko\/2020\/03\/las-identidades-mis-muchas-versiones\/#breadcrumb"},"inLanguage":"de","potentialAction":[{"@type":"ReadAction","target":["https:\/\/solkes.com\/n-foko\/2020\/03\/las-identidades-mis-muchas-versiones\/"]}]},{"@type":"ImageObject","inLanguage":"de","@id":"https:\/\/solkes.com\/n-foko\/2020\/03\/las-identidades-mis-muchas-versiones\/#primaryimage","url":"https:\/\/solkes.com\/wp-content\/uploads\/2020\/03\/2003_04-3-1.jpg","contentUrl":"https:\/\/solkes.com\/wp-content\/uploads\/2020\/03\/2003_04-3-1.jpg","width":996,"height":601,"caption":"Laura Viera A \u00a9 Solkes"},{"@type":"BreadcrumbList","@id":"https:\/\/solkes.com\/n-foko\/2020\/03\/las-identidades-mis-muchas-versiones\/#breadcrumb","itemListElement":[{"@type":"ListItem","position":1,"name":"Portada","item":"https:\/\/solkes.com\/"},{"@type":"ListItem","position":2,"name":"Las identidades: mis muchas versiones"}]},{"@type":"WebSite","@id":"https:\/\/solkes.com\/#website","url":"https:\/\/solkes.com\/","name":"Solkes Magazine","description":"solkes.com","publisher":{"@id":"https:\/\/solkes.com\/#organization"},"potentialAction":[{"@type":"SearchAction","target":{"@type":"EntryPoint","urlTemplate":"https:\/\/solkes.com\/?s={search_term_string}"},"query-input":{"@type":"PropertyValueSpecification","valueRequired":true,"valueName":"search_term_string"}}],"inLanguage":"de"},{"@type":"Organization","@id":"https:\/\/solkes.com\/#organization","name":"Solkes Magazine","url":"https:\/\/solkes.com\/","logo":{"@type":"ImageObject","inLanguage":"de","@id":"https:\/\/solkes.com\/#\/schema\/logo\/image\/","url":"https:\/\/solkes.com\/wp-content\/uploads\/2024\/09\/logo-SOLKES-820px-x-312px.png","contentUrl":"https:\/\/solkes.com\/wp-content\/uploads\/2024\/09\/logo-SOLKES-820px-x-312px.png","width":411,"height":303,"caption":"Solkes Magazine"},"image":{"@id":"https:\/\/solkes.com\/#\/schema\/logo\/image\/"},"sameAs":["https:\/\/www.facebook.com\/solkesmagazinee\/","https:\/\/instagram.com\/solkesmagazine\/"]},{"@type":"Person","@id":"https:\/\/solkes.com\/#\/schema\/person\/54684f1c0bebcaff4d6b3f1ec2e71e91","name":"Laura Viera A.","image":{"@type":"ImageObject","inLanguage":"de","@id":"https:\/\/secure.gravatar.com\/avatar\/d7b6a8bb956f5279e99babca11ed31351716b19f59e9e3e989847c0ca9e0c5d9?s=96&d=identicon&r=g","url":"https:\/\/secure.gravatar.com\/avatar\/d7b6a8bb956f5279e99babca11ed31351716b19f59e9e3e989847c0ca9e0c5d9?s=96&d=identicon&r=g","contentUrl":"https:\/\/secure.gravatar.com\/avatar\/d7b6a8bb956f5279e99babca11ed31351716b19f59e9e3e989847c0ca9e0c5d9?s=96&d=identicon&r=g","caption":"Laura Viera A."},"description":"Fundadora y Directora Editorial de Solkes Magazine Es periodista de vocaci\u00f3n y formaci\u00f3n. Estudi\u00f3 Comunicaci\u00f3n Social con \u00e9nfasis en Periodismo en la Pontificia Universidad Javeriana de Bogot\u00e1, Colombia. Desde muy joven sinti\u00f3 una profunda pasi\u00f3n por contar historias, explorar el mundo y dar voz a quienes no la tienen. Su compromiso con los Derechos Humanos ha sido una constante en su trayectoria, participando activamente en proyectos sociales desde temprana edad. Este inter\u00e9s se refleja en el enfoque editorial de Solkes, una revista que prioriza el periodismo independiente, la diversidad cultural y la profundidad narrativa. Laura naci\u00f3 en Bogot\u00e1, vivi\u00f3 tres a\u00f1os en Madrid, Espa\u00f1a, y desde el verano de 2010 reside en Alemania. Esta experiencia multicultural ha enriquecido su perspectiva y ha sido clave para la creaci\u00f3n de una revista triling\u00fce que trasciende fronteras y conecta a lectores de distintas partes del mundo. ******************************************************************************************* Founder and Editorial Director of Solkes Magazine She is a passionate journalist by vocation and training. She studied Mass Communication with an emphasis on Journalism at the Pontificia Universidad Javeriana in Bogot\u00e1, Colombia. From a young age, she was deeply motivated to tell stories, explore the world, and give a voice to those who often go unheard. Her commitment to Human Rights has been a constant throughout her career, actively participating in social projects since early on. This dedication is reflected in Solkes Magazine\u2019s editorial focus on independent journalism, cultural diversity, and in-depth storytelling. Born in Bogot\u00e1, Laura lived in Madrid, Spain for three years, and has been residing in Germany since the summer of 2010. This multicultural experience has enriched her perspective and played a key role in creating a trilingual magazine that transcends borders and connects readers from around the world. ******************************************************************************************* Gr\u00fcnderin und Chefredakteurin von Solkes Magazine Laura Viera ist eine leidenschaftliche Journalistin aus Berufung und Ausbildung. Sie hat Soziale Kommunikation mit Schwerpunkt Journalismus an der Pontificia Universidad Javeriana in Bogot\u00e1, Kolumbien, studiert. Schon in jungen Jahren war sie stark motiviert, Geschichten zu erz\u00e4hlen, die Welt zu erkunden und denen eine Stimme zu geben, die oft ungeh\u00f6rt bleiben. Ihr Engagement f\u00fcr Menschenrechte begleitet sie seit Beginn ihrer Laufbahn. Sie war von Anfang an aktiv an sozialen Projekten beteiligt. Dieses Engagement spiegelt sich auch im redaktionellen Fokus von Solkes Magazine wider, das unabh\u00e4ngigen Journalismus, kulturelle Vielfalt und tiefgr\u00fcndiges Erz\u00e4hlen in den Vordergrund stellt. Geboren in Bogot\u00e1, lebte Laura drei Jahre in Madrid, Spanien, und lebt seit Sommer 2010 in Deutschland. Diese multikulturelle Erfahrung hat ihre Perspektive bereichert und war entscheidend bei der Gr\u00fcndung eines dreisprachigen Magazins, das Grenzen \u00fcberschreitet und Leser weltweit verbindet.","sameAs":["http:\/\/www.solkes.com"],"url":"https:\/\/solkes.com\/de\/author\/lauraviera2019\/"}]}},"_links":{"self":[{"href":"https:\/\/solkes.com\/de\/wp-json\/wp\/v2\/posts\/6289","targetHints":{"allow":["GET"]}}],"collection":[{"href":"https:\/\/solkes.com\/de\/wp-json\/wp\/v2\/posts"}],"about":[{"href":"https:\/\/solkes.com\/de\/wp-json\/wp\/v2\/types\/post"}],"author":[{"embeddable":true,"href":"https:\/\/solkes.com\/de\/wp-json\/wp\/v2\/users\/76"}],"replies":[{"embeddable":true,"href":"https:\/\/solkes.com\/de\/wp-json\/wp\/v2\/comments?post=6289"}],"version-history":[{"count":4,"href":"https:\/\/solkes.com\/de\/wp-json\/wp\/v2\/posts\/6289\/revisions"}],"predecessor-version":[{"id":11783,"href":"https:\/\/solkes.com\/de\/wp-json\/wp\/v2\/posts\/6289\/revisions\/11783"}],"wp:featuredmedia":[{"embeddable":true,"href":"https:\/\/solkes.com\/de\/wp-json\/wp\/v2\/media\/6319"}],"wp:attachment":[{"href":"https:\/\/solkes.com\/de\/wp-json\/wp\/v2\/media?parent=6289"}],"wp:term":[{"taxonomy":"category","embeddable":true,"href":"https:\/\/solkes.com\/de\/wp-json\/wp\/v2\/categories?post=6289"},{"taxonomy":"post_tag","embeddable":true,"href":"https:\/\/solkes.com\/de\/wp-json\/wp\/v2\/tags?post=6289"}],"curies":[{"name":"wp","href":"https:\/\/api.w.org\/{rel}","templated":true}]}}