{"id":545,"date":"2021-12-03T10:00:27","date_gmt":"2021-12-03T08:00:27","guid":{"rendered":"http:\/\/solkes.com\/?p=545"},"modified":"2021-04-14T11:07:14","modified_gmt":"2021-04-14T09:07:14","slug":"los-harapos-de-tu-amor","status":"publish","type":"post","link":"https:\/\/solkes.com\/de\/anonimo\/2021\/12\/los-harapos-de-tu-amor\/","title":{"rendered":"Los harapos de tu amor"},"content":{"rendered":"<p>Querida compa\u00f1era de mis d\u00edas:<\/p>\n<p id=\"normalText\"><span id=\"dropCap\" class=\"dropcap dropcap2\" style=\"color: #138a8d;\">P<\/span>ensar que llegu\u00e9 a creer que era cierto que tus ojos guardaban una ilusi\u00f3n escondida cuando nuestras miradas se cruzaron por primera vez; que bastaron pocos d\u00edas para que siguiera paso a paso el <a href=\"http:\/\/solkes.com\/en\/rejected-offers\/\">contoneo embrujador de tus caderas<\/a>; <span style=\"color: #138a8d;\"><b id=\"blue\">que cuando sent\u00ed tus labios ansiosos de amor, con tu primer beso me anim\u00e9 a creer en el amor; <\/b><\/span>que ni siquiera s\u00e9 hasta cuando seguir\u00e9 repasando los soles y las lunas de una \u00e9poca en que cre\u00edmos sembrar para siempre el amor entre sensaciones del coraz\u00f3n de la carne, cuando sellamos nuestra alianza en un lecho para tejer ilusiones y hablar por primera vez de nuestra vejez.<\/p>\n<p id=\"normalText\">Contrario a lo que me negu\u00e9 a creer, lleg\u00f3 el momento de nuestra despedida, despu\u00e9s de un tiempo que te niegas al soborno de mis caricias y mis besos, <span style=\"color: #138a8d;\"><b id=\"blue\">por lo que resolv\u00ed hacer mi equipaje, como quiz\u00e1s lo anhelaste siempre.<\/b><\/span> Bien sabes que trat\u00e9 de salvar nuestra relaci\u00f3n decadente, como la volviste cuando empezaste a pensar exclusivamente en ti y a dar rienda suelta a tu soberbia.<\/p>\n<figure id=\"attachment_404\" aria-describedby=\"caption-attachment-404\" style=\"width: 996px\" class=\"wp-caption aligncenter\"><a href=\"https:\/\/solkes.com\/wp-content\/uploads\/2019\/08\/1601_01-6.jpg\"><img fetchpriority=\"high\" decoding=\"async\" class=\"wp-image-404 size-full\" src=\"https:\/\/solkes.com\/wp-content\/uploads\/2019\/08\/1601_01-6.jpg\" alt=\"\" width=\"996\" height=\"601\" srcset=\"https:\/\/solkes.com\/wp-content\/uploads\/2019\/08\/1601_01-6.jpg 996w, https:\/\/solkes.com\/wp-content\/uploads\/2019\/08\/1601_01-6-300x181.jpg 300w, https:\/\/solkes.com\/wp-content\/uploads\/2019\/08\/1601_01-6-768x463.jpg 768w, https:\/\/solkes.com\/wp-content\/uploads\/2019\/08\/1601_01-6-320x193.jpg 320w\" sizes=\"(max-width: 996px) 100vw, 996px\" \/><\/a><figcaption id=\"caption-attachment-404\" class=\"wp-caption-text\">Nessa Twix \u00a9 Solkes<\/figcaption><\/figure>\n<p id=\"normalText\">Debo reconocer que pudo m\u00e1s el ego\u00edsmo, porque no supiste priorizar, y te dejaste llevar por los compromisos que demandaban todo tu tiempo.<\/p>\n<p id=\"normalText\">Aunque ya no es momento de pesar las tristezas ni de medir las esperanzas, sin que importe tampoco si afuera llueve o mi coraz\u00f3n est\u00e9 hecho un diluvio, para ser justo por haber compartido todo este tiempo junto a ti, creo necesario que dejemos clara la forma como debemos repartir lo que realmente cuenta entre nosotros. Por eso te planteo lo siguiente:<\/p>\n<p id=\"normalText\" style=\"text-align: center;\"><strong><span style=\"color: #138a8d;\"><b id=\"blue\">COSAS CON LAS QUE ME QUEDO:<\/b><\/span><\/strong><\/p>\n<p id=\"normalText\"><strong><span style=\"color: #138a8d;\"><b id=\"blue\">1.<\/b><\/span><\/strong> Las caricias que dejaste sobre mi piel, los besos tuyos sobre mi cuerpo y las promesas de tu amor diluido por el viento.<\/p>\n<p id=\"normalText\"><strong><span style=\"color: #138a8d;\"><b id=\"blue\">2.<\/b><\/span><\/strong> Me llevo los recuerdos para enhebrarlos en una melod\u00eda que te absorba toda, para no dejar en el olvido lo que fue contigo aquella \u00e9poca de entrega total, de injerto feliz y de fe.<\/p>\n<figure id=\"attachment_405\" aria-describedby=\"caption-attachment-405\" style=\"width: 996px\" class=\"wp-caption aligncenter\"><a href=\"https:\/\/solkes.com\/wp-content\/uploads\/2019\/08\/1601_02-5.jpg\"><img decoding=\"async\" class=\"wp-image-405 size-full\" src=\"https:\/\/solkes.com\/wp-content\/uploads\/2019\/08\/1601_02-5.jpg\" alt=\"\" width=\"996\" height=\"601\" srcset=\"https:\/\/solkes.com\/wp-content\/uploads\/2019\/08\/1601_02-5.jpg 996w, https:\/\/solkes.com\/wp-content\/uploads\/2019\/08\/1601_02-5-300x181.jpg 300w, https:\/\/solkes.com\/wp-content\/uploads\/2019\/08\/1601_02-5-768x463.jpg 768w, https:\/\/solkes.com\/wp-content\/uploads\/2019\/08\/1601_02-5-320x193.jpg 320w\" sizes=\"(max-width: 996px) 100vw, 996px\" \/><\/a><figcaption id=\"caption-attachment-405\" class=\"wp-caption-text\">Nessa Twix \u00a9 Solkes<\/figcaption><\/figure>\n<p id=\"normalText\"><strong><span style=\"color: #138a8d;\"><b id=\"blue\">3.<\/b><\/span><\/strong> Me quedo con mis gritos mudos al amor y al desespero que esperaron tu cambio.<\/p>\n<p id=\"normalText\"><strong><span style=\"color: #138a8d;\"><b id=\"blue\">4.<\/b><\/span><\/strong> Me llevo el cansancio de quererte siempre.<\/p>\n<p id=\"normalText\"><strong><span style=\"color: #138a8d;\"><b id=\"blue\">5.<\/b><\/span><\/strong> Aunque me voy con el brillo de mis ojos oscurecidos por la desilusi\u00f3n, no te dejo como quisieras, mis hombros humillados por el desamor, ni mi cabeza desgre\u00f1ada entre nubarrones de melancol\u00eda.<\/p>\n<p id=\"normalText\"><strong><span style=\"color: #138a8d;\"><b id=\"blue\">6.<\/b><\/span><\/strong> Me voy con el desencanto de nuestro amor que surgi\u00f3 en alg\u00fan amanecer cuando el espeso sabor de trapo nos sec\u00f3 la boca y nos impidi\u00f3 dar los buenos d\u00edas.<\/p>\n<p id=\"normalText\"><strong><span style=\"color: #138a8d;\"><b id=\"blue\">7.<\/b><\/span><\/strong> Me voy con mis palabras al viento, aquellas que cuando yo te hablaba, te permit\u00edan quedar en el vac\u00edo, como si miraras un nada gris, que te fue tragando lentamente.<\/p>\n<p id=\"normalText\"><strong><span style=\"color: #138a8d;\"><b id=\"blue\">8.<\/b><\/span><\/strong> Me llevo la tristeza porque no dejaste que fuera lo que ha debido ser nuestro amor.<\/p>\n<p id=\"normalText\"><strong><span style=\"color: #138a8d;\"><b id=\"blue\">9.<\/b><\/span><\/strong> Me llevo la indiferencia en que resolviste cocinar a fuego lento mi amor.<\/p>\n<p id=\"normalText\"><strong><span style=\"color: #138a8d;\"><b id=\"blue\">10.<\/b><\/span><\/strong> Me voy con mi locura y obsesi\u00f3n de recorrer toda la vida al lado tuyo.<\/p>\n<p id=\"normalText\"><strong><span style=\"color: #138a8d;\"><b id=\"blue\">11.<\/b><\/span><\/strong> Me voy con mis neuras y el reconocimiento de todos mis errores.<\/p>\n<figure id=\"attachment_406\" aria-describedby=\"caption-attachment-406\" style=\"width: 996px\" class=\"wp-caption aligncenter\"><a href=\"https:\/\/solkes.com\/wp-content\/uploads\/2019\/08\/1601_03-4.jpg\"><img decoding=\"async\" class=\"wp-image-406 size-full\" src=\"https:\/\/solkes.com\/wp-content\/uploads\/2019\/08\/1601_03-4.jpg\" alt=\"\" width=\"996\" height=\"601\" srcset=\"https:\/\/solkes.com\/wp-content\/uploads\/2019\/08\/1601_03-4.jpg 996w, https:\/\/solkes.com\/wp-content\/uploads\/2019\/08\/1601_03-4-300x181.jpg 300w, https:\/\/solkes.com\/wp-content\/uploads\/2019\/08\/1601_03-4-768x463.jpg 768w, https:\/\/solkes.com\/wp-content\/uploads\/2019\/08\/1601_03-4-320x193.jpg 320w\" sizes=\"(max-width: 996px) 100vw, 996px\" \/><\/a><figcaption id=\"caption-attachment-406\" class=\"wp-caption-text\">Nessa Twix \u00a9 Solkes<\/figcaption><\/figure>\n<p id=\"normalText\" style=\"text-align: center;\"><strong><span style=\"color: #138a8d;\"><b id=\"blue\">COSAS CON LAS QUE PUEDES QUEDARTE:<\/b><\/span><\/strong><\/p>\n<p id=\"normalText\"><strong><span style=\"color: #138a8d;\"><b id=\"blue\">1.<\/b><\/span><\/strong> Puedes quedarte las inquietudes que amarrar\u00e1n tus pensamientos despu\u00e9s de leer esta nota.<\/p>\n<p id=\"normalText\"><strong><span style=\"color: #138a8d;\"><b id=\"blue\">2.<\/b><\/span><\/strong> Tu testimonio de experiencia para acabar con lo nuestro.<\/p>\n<p id=\"normalText\"><strong><span style=\"color: #138a8d;\"><b id=\"blue\">3.<\/b><\/span><\/strong> El sue\u00f1o de tus ambiciones de incierta realidad.<\/p>\n<p id=\"normalText\"><strong><span style=\"color: #138a8d;\"><b id=\"blue\">4.<\/b><\/span><\/strong> Como no me interesa, qu\u00e9date con tu \u00edmpetu que tantas veces has tenido en la mirada altiva. Qu\u00e9date tambi\u00e9n con el desprecio reflejado en tu semblante adusto de las \u00faltimas semanas&#8230;<\/p>\n<p id=\"normalText\"><strong><span style=\"color: #138a8d;\"><b id=\"blue\">5.<\/b><\/span><\/strong> Te dejar\u00e9 mi olvido, que con los d\u00edas ser\u00e1 como un grito que pesar\u00e1 sobre tu alma.<\/p>\n<p id=\"normalText\"><strong><span style=\"color: #138a8d;\"><b id=\"blue\">6.<\/b><\/span><\/strong> Te dejo el vac\u00edo de nuestro lecho, mientras el tiempo sino las circunstancias empiezan a borrar los jerogl\u00edficos estampados en aquellas sabanas de pasi\u00f3n.<\/p>\n<p id=\"normalText\"><strong><span style=\"color: #138a8d;\"><b id=\"blue\">7.<\/b><\/span><\/strong> Qu\u00e9date con el tiempo que no permitiste para nutrir nuestra relaci\u00f3n.<\/p>\n<figure id=\"attachment_407\" aria-describedby=\"caption-attachment-407\" style=\"width: 300px\" class=\"wp-caption alignright\"><a href=\"https:\/\/solkes.com\/wp-content\/uploads\/2019\/08\/1601_04-4.jpg\"><img loading=\"lazy\" decoding=\"async\" class=\"wp-image-407 size-medium\" src=\"http:\/\/solkes.com\/wp-content\/uploads\/2019\/08\/1601_04-300x482.jpg\" alt=\"\" width=\"300\" height=\"482\" \/><\/a><figcaption id=\"caption-attachment-407\" class=\"wp-caption-text\">Nessa Twix \u00a9 Solkes<\/figcaption><\/figure>\n<p id=\"normalText\"><strong><span style=\"color: #138a8d;\"><b id=\"blue\">8.<\/b><\/span><\/strong> Te dejo de todo coraz\u00f3n, la esperanza hecha realidad por mi partida de tu vida&#8230;<\/p>\n<p id=\"normalText\">Conoci\u00e9ndote como te conozco, ya te habr\u00e1s dado cuenta que m\u00e1s son <strong><span style=\"color: #138a8d;\"><b id=\"blue\">las \u201ccosas con las que quedo\u201d que las \u201ccosas con las que puedes quedarte\u201d.<\/b><\/span><\/strong> Pero piensa que en justicia lo que llevo es poco, porque t\u00fa robaste mi coraz\u00f3n. Por eso en verdad me voy con lo \u00fanico que de verdad me dejaste: Los harapos de tu amor.<\/p>\n<p id=\"normalText\"><span id=\"dropCap\" class=\"dropcap dropcap2\" style=\"color: #138a8d;\">D<\/span>isc\u00falpame por haber dejado de mencionar el punto m\u00e1s importante para ti: Respecto a lo que hemos adquirido y compartido durante nuestra convivencia, no te preocupes, eso es lo material, son s\u00f3lo objetos. De eso hablaremos despu\u00e9s\u2026Tu EX-CLAVO. <img loading=\"lazy\" decoding=\"async\" id=\"punto\" class=\"alignnone\" src=\"http:\/\/solkes.com\/old\/images\/punto.png\" width=\"25\" height=\"20\" \/><\/p>\n<p>&nbsp;    \t<\/p>\n","protected":false},"excerpt":{"rendered":"<p>Querida compa\u00f1era de mis d\u00edas: Pensar que llegu\u00e9 a creer que era cierto que tus ojos guardaban una ilusi\u00f3n escondida cuando nuestras miradas se cruzaron por primera vez; que bastaron pocos d\u00edas para que siguiera paso a paso el contoneo embrujador de tus caderas; que cuando sent\u00ed tus labios ansiosos de amor, con tu primer [&hellip;]<\/p>\n","protected":false},"author":68,"featured_media":405,"comment_status":"open","ping_status":"open","sticky":false,"template":"","format":"standard","meta":{"_acf_changed":false,"_exactmetrics_skip_tracking":false,"_exactmetrics_sitenote_active":false,"_exactmetrics_sitenote_note":"","_exactmetrics_sitenote_category":0,"site-sidebar-layout":"default","site-content-layout":"","ast-site-content-layout":"default","site-content-style":"default","site-sidebar-style":"default","ast-global-header-display":"","ast-banner-title-visibility":"","ast-main-header-display":"","ast-hfb-above-header-display":"","ast-hfb-below-header-display":"","ast-hfb-mobile-header-display":"","site-post-title":"","ast-breadcrumbs-content":"","ast-featured-img":"","footer-sml-layout":"","theme-transparent-header-meta":"","adv-header-id-meta":"","stick-header-meta":"","header-above-stick-meta":"","header-main-stick-meta":"","header-below-stick-meta":"","astra-migrate-meta-layouts":"default","ast-page-background-enabled":"default","ast-page-background-meta":{"desktop":{"background-color":"","background-image":"","background-repeat":"repeat","background-position":"center center","background-size":"auto","background-attachment":"scroll","background-type":"","background-media":"","overlay-type":"","overlay-color":"","overlay-opacity":"","overlay-gradient":""},"tablet":{"background-color":"","background-image":"","background-repeat":"repeat","background-position":"center center","background-size":"auto","background-attachment":"scroll","background-type":"","background-media":"","overlay-type":"","overlay-color":"","overlay-opacity":"","overlay-gradient":""},"mobile":{"background-color":"","background-image":"","background-repeat":"repeat","background-position":"center center","background-size":"auto","background-attachment":"scroll","background-type":"","background-media":"","overlay-type":"","overlay-color":"","overlay-opacity":"","overlay-gradient":""}},"ast-content-background-meta":{"desktop":{"background-color":"var(--ast-global-color-5)","background-image":"","background-repeat":"repeat","background-position":"center center","background-size":"auto","background-attachment":"scroll","background-type":"","background-media":"","overlay-type":"","overlay-color":"","overlay-opacity":"","overlay-gradient":""},"tablet":{"background-color":"var(--ast-global-color-5)","background-image":"","background-repeat":"repeat","background-position":"center center","background-size":"auto","background-attachment":"scroll","background-type":"","background-media":"","overlay-type":"","overlay-color":"","overlay-opacity":"","overlay-gradient":""},"mobile":{"background-color":"var(--ast-global-color-5)","background-image":"","background-repeat":"repeat","background-position":"center center","background-size":"auto","background-attachment":"scroll","background-type":"","background-media":"","overlay-type":"","overlay-color":"","overlay-opacity":"","overlay-gradient":""}},"footnotes":""},"categories":[42],"tags":[143,43],"class_list":["post-545","post","type-post","status-publish","format-standard","has-post-thumbnail","hentry","category-anonimo","tag-amor","tag-anonimo"],"acf":[],"yoast_head":"<!-- This site is optimized with the Yoast SEO plugin v27.4 - https:\/\/yoast.com\/product\/yoast-seo-wordpress\/ -->\n<title>Los harapos de tu amor - Solkes Magazine<\/title>\n<meta name=\"robots\" content=\"index, follow, max-snippet:-1, max-image-preview:large, max-video-preview:-1\" \/>\n<link rel=\"canonical\" href=\"https:\/\/solkes.com\/anonimo\/2021\/12\/los-harapos-de-tu-amor\/\" \/>\n<meta property=\"og:locale\" content=\"de_DE\" \/>\n<meta property=\"og:type\" content=\"article\" \/>\n<meta property=\"og:title\" content=\"Los harapos de tu amor - Solkes Magazine\" \/>\n<meta property=\"og:description\" content=\"Querida compa\u00f1era de mis d\u00edas: Pensar que llegu\u00e9 a creer que era cierto que tus ojos guardaban una ilusi\u00f3n escondida cuando nuestras miradas se cruzaron por primera vez; que bastaron pocos d\u00edas para que siguiera paso a paso el contoneo embrujador de tus caderas; que cuando sent\u00ed tus labios ansiosos de amor, con tu primer [&hellip;]\" \/>\n<meta property=\"og:url\" content=\"https:\/\/solkes.com\/anonimo\/2021\/12\/los-harapos-de-tu-amor\/\" \/>\n<meta property=\"og:site_name\" content=\"Solkes Magazine\" \/>\n<meta property=\"article:publisher\" content=\"https:\/\/www.facebook.com\/solkesmagazinee\/\" \/>\n<meta property=\"article:published_time\" content=\"2021-12-03T08:00:27+00:00\" \/>\n<meta property=\"og:image\" content=\"https:\/\/solkes.com\/wp-content\/uploads\/2019\/08\/1601_02-5.jpg\" \/>\n\t<meta property=\"og:image:width\" content=\"996\" \/>\n\t<meta property=\"og:image:height\" content=\"601\" \/>\n\t<meta property=\"og:image:type\" content=\"image\/jpeg\" \/>\n<meta name=\"author\" content=\"Gustavo Torres Herrera\" \/>\n<meta name=\"twitter:card\" content=\"summary_large_image\" \/>\n<meta name=\"twitter:label1\" content=\"Verfasst von\" \/>\n\t<meta name=\"twitter:data1\" content=\"Gustavo Torres Herrera\" \/>\n\t<meta name=\"twitter:label2\" content=\"Gesch\u00e4tzte Lesezeit\" \/>\n\t<meta name=\"twitter:data2\" content=\"4\u00a0Minuten\" \/>\n<script type=\"application\/ld+json\" class=\"yoast-schema-graph\">{\"@context\":\"https:\\\/\\\/schema.org\",\"@graph\":[{\"@type\":\"Article\",\"@id\":\"https:\\\/\\\/solkes.com\\\/anonimo\\\/2021\\\/12\\\/los-harapos-de-tu-amor\\\/#article\",\"isPartOf\":{\"@id\":\"https:\\\/\\\/solkes.com\\\/anonimo\\\/2021\\\/12\\\/los-harapos-de-tu-amor\\\/\"},\"author\":{\"name\":\"Gustavo Torres Herrera\",\"@id\":\"https:\\\/\\\/solkes.com\\\/#\\\/schema\\\/person\\\/f37eb817fc09e0fe76d7ca7e6cff0c0d\"},\"headline\":\"Los harapos de tu amor\",\"datePublished\":\"2021-12-03T08:00:27+00:00\",\"mainEntityOfPage\":{\"@id\":\"https:\\\/\\\/solkes.com\\\/anonimo\\\/2021\\\/12\\\/los-harapos-de-tu-amor\\\/\"},\"wordCount\":819,\"commentCount\":0,\"publisher\":{\"@id\":\"https:\\\/\\\/solkes.com\\\/#organization\"},\"image\":{\"@id\":\"https:\\\/\\\/solkes.com\\\/anonimo\\\/2021\\\/12\\\/los-harapos-de-tu-amor\\\/#primaryimage\"},\"thumbnailUrl\":\"https:\\\/\\\/solkes.com\\\/wp-content\\\/uploads\\\/2019\\\/08\\\/1601_02-5.jpg\",\"keywords\":[\"amor\",\"An\u00f3nimo\"],\"articleSection\":[\"An\u00f3nimo\"],\"inLanguage\":\"de\",\"potentialAction\":[{\"@type\":\"CommentAction\",\"name\":\"Comment\",\"target\":[\"https:\\\/\\\/solkes.com\\\/anonimo\\\/2021\\\/12\\\/los-harapos-de-tu-amor\\\/#respond\"]}]},{\"@type\":\"WebPage\",\"@id\":\"https:\\\/\\\/solkes.com\\\/anonimo\\\/2021\\\/12\\\/los-harapos-de-tu-amor\\\/\",\"url\":\"https:\\\/\\\/solkes.com\\\/anonimo\\\/2021\\\/12\\\/los-harapos-de-tu-amor\\\/\",\"name\":\"Los harapos de tu amor - Solkes Magazine\",\"isPartOf\":{\"@id\":\"https:\\\/\\\/solkes.com\\\/#website\"},\"primaryImageOfPage\":{\"@id\":\"https:\\\/\\\/solkes.com\\\/anonimo\\\/2021\\\/12\\\/los-harapos-de-tu-amor\\\/#primaryimage\"},\"image\":{\"@id\":\"https:\\\/\\\/solkes.com\\\/anonimo\\\/2021\\\/12\\\/los-harapos-de-tu-amor\\\/#primaryimage\"},\"thumbnailUrl\":\"https:\\\/\\\/solkes.com\\\/wp-content\\\/uploads\\\/2019\\\/08\\\/1601_02-5.jpg\",\"datePublished\":\"2021-12-03T08:00:27+00:00\",\"breadcrumb\":{\"@id\":\"https:\\\/\\\/solkes.com\\\/anonimo\\\/2021\\\/12\\\/los-harapos-de-tu-amor\\\/#breadcrumb\"},\"inLanguage\":\"de\",\"potentialAction\":[{\"@type\":\"ReadAction\",\"target\":[\"https:\\\/\\\/solkes.com\\\/anonimo\\\/2021\\\/12\\\/los-harapos-de-tu-amor\\\/\"]}]},{\"@type\":\"ImageObject\",\"inLanguage\":\"de\",\"@id\":\"https:\\\/\\\/solkes.com\\\/anonimo\\\/2021\\\/12\\\/los-harapos-de-tu-amor\\\/#primaryimage\",\"url\":\"https:\\\/\\\/solkes.com\\\/wp-content\\\/uploads\\\/2019\\\/08\\\/1601_02-5.jpg\",\"contentUrl\":\"https:\\\/\\\/solkes.com\\\/wp-content\\\/uploads\\\/2019\\\/08\\\/1601_02-5.jpg\",\"width\":996,\"height\":601,\"caption\":\"Foto: Nessa Twix \u00a9 Solkes\"},{\"@type\":\"BreadcrumbList\",\"@id\":\"https:\\\/\\\/solkes.com\\\/anonimo\\\/2021\\\/12\\\/los-harapos-de-tu-amor\\\/#breadcrumb\",\"itemListElement\":[{\"@type\":\"ListItem\",\"position\":1,\"name\":\"Portada\",\"item\":\"https:\\\/\\\/solkes.com\\\/\"},{\"@type\":\"ListItem\",\"position\":2,\"name\":\"Los harapos de tu amor\"}]},{\"@type\":\"WebSite\",\"@id\":\"https:\\\/\\\/solkes.com\\\/#website\",\"url\":\"https:\\\/\\\/solkes.com\\\/\",\"name\":\"Solkes Magazine\",\"description\":\"solkes.com\",\"publisher\":{\"@id\":\"https:\\\/\\\/solkes.com\\\/#organization\"},\"potentialAction\":[{\"@type\":\"SearchAction\",\"target\":{\"@type\":\"EntryPoint\",\"urlTemplate\":\"https:\\\/\\\/solkes.com\\\/?s={search_term_string}\"},\"query-input\":{\"@type\":\"PropertyValueSpecification\",\"valueRequired\":true,\"valueName\":\"search_term_string\"}}],\"inLanguage\":\"de\"},{\"@type\":\"Organization\",\"@id\":\"https:\\\/\\\/solkes.com\\\/#organization\",\"name\":\"Solkes Magazine\",\"url\":\"https:\\\/\\\/solkes.com\\\/\",\"logo\":{\"@type\":\"ImageObject\",\"inLanguage\":\"de\",\"@id\":\"https:\\\/\\\/solkes.com\\\/#\\\/schema\\\/logo\\\/image\\\/\",\"url\":\"https:\\\/\\\/solkes.com\\\/wp-content\\\/uploads\\\/2024\\\/09\\\/logo-SOLKES-820px-x-312px.png\",\"contentUrl\":\"https:\\\/\\\/solkes.com\\\/wp-content\\\/uploads\\\/2024\\\/09\\\/logo-SOLKES-820px-x-312px.png\",\"width\":411,\"height\":303,\"caption\":\"Solkes Magazine\"},\"image\":{\"@id\":\"https:\\\/\\\/solkes.com\\\/#\\\/schema\\\/logo\\\/image\\\/\"},\"sameAs\":[\"https:\\\/\\\/www.facebook.com\\\/solkesmagazinee\\\/\",\"https:\\\/\\\/instagram.com\\\/solkesmagazine\\\/\"]},{\"@type\":\"Person\",\"@id\":\"https:\\\/\\\/solkes.com\\\/#\\\/schema\\\/person\\\/f37eb817fc09e0fe76d7ca7e6cff0c0d\",\"name\":\"Gustavo Torres Herrera\",\"image\":{\"@type\":\"ImageObject\",\"inLanguage\":\"de\",\"@id\":\"https:\\\/\\\/secure.gravatar.com\\\/avatar\\\/7c4abb8ea7b48b54a36fe71c9e0884f327abc98da5d9b54c56921ff471260abc?s=96&d=identicon&r=g\",\"url\":\"https:\\\/\\\/secure.gravatar.com\\\/avatar\\\/7c4abb8ea7b48b54a36fe71c9e0884f327abc98da5d9b54c56921ff471260abc?s=96&d=identicon&r=g\",\"contentUrl\":\"https:\\\/\\\/secure.gravatar.com\\\/avatar\\\/7c4abb8ea7b48b54a36fe71c9e0884f327abc98da5d9b54c56921ff471260abc?s=96&d=identicon&r=g\",\"caption\":\"Gustavo Torres Herrera\"},\"description\":\"GUSTAVO TORRES HERRERA es abogado por formaci\u00f3n y escritor por vocaci\u00f3n, un colombiano de letras que se caracteriza por una prosa que transporta, enamora y son renglones de viva poes\u00eda. Su vocaci\u00f3n literaria fue descubierta por Jaime Garc\u00eda Maffla en la Casa de Poes\u00eda Silva cuando le mencion\u00f3 que lo suyo era \\\"un sentimiento hecho palabra\\\". La obra literaria de GUSTAVO TORRES HERRERA se viene destacando cada vez en los c\u00edrculos acad\u00e9micos y de pensamiento cr\u00edtico, por sus planteamientos sobre la importancia de los valores que se han ha ido perdiendo en la comunidad, la admiraci\u00f3n de la vejez como camino enriquecedor con sus experiencias de vida, renglones para el amor.\",\"url\":\"https:\\\/\\\/solkes.com\\\/de\\\/author\\\/gustavo-torres-herrera\\\/\"}]}<\/script>\n<!-- \/ Yoast SEO plugin. -->","yoast_head_json":{"title":"Los harapos de tu amor - Solkes Magazine","robots":{"index":"index","follow":"follow","max-snippet":"max-snippet:-1","max-image-preview":"max-image-preview:large","max-video-preview":"max-video-preview:-1"},"canonical":"https:\/\/solkes.com\/anonimo\/2021\/12\/los-harapos-de-tu-amor\/","og_locale":"de_DE","og_type":"article","og_title":"Los harapos de tu amor - Solkes Magazine","og_description":"Querida compa\u00f1era de mis d\u00edas: Pensar que llegu\u00e9 a creer que era cierto que tus ojos guardaban una ilusi\u00f3n escondida cuando nuestras miradas se cruzaron por primera vez; que bastaron pocos d\u00edas para que siguiera paso a paso el contoneo embrujador de tus caderas; que cuando sent\u00ed tus labios ansiosos de amor, con tu primer [&hellip;]","og_url":"https:\/\/solkes.com\/anonimo\/2021\/12\/los-harapos-de-tu-amor\/","og_site_name":"Solkes Magazine","article_publisher":"https:\/\/www.facebook.com\/solkesmagazinee\/","article_published_time":"2021-12-03T08:00:27+00:00","og_image":[{"width":996,"height":601,"url":"https:\/\/solkes.com\/wp-content\/uploads\/2019\/08\/1601_02-5.jpg","type":"image\/jpeg"}],"author":"Gustavo Torres Herrera","twitter_card":"summary_large_image","twitter_misc":{"Verfasst von":"Gustavo Torres Herrera","Gesch\u00e4tzte Lesezeit":"4\u00a0Minuten"},"schema":{"@context":"https:\/\/schema.org","@graph":[{"@type":"Article","@id":"https:\/\/solkes.com\/anonimo\/2021\/12\/los-harapos-de-tu-amor\/#article","isPartOf":{"@id":"https:\/\/solkes.com\/anonimo\/2021\/12\/los-harapos-de-tu-amor\/"},"author":{"name":"Gustavo Torres Herrera","@id":"https:\/\/solkes.com\/#\/schema\/person\/f37eb817fc09e0fe76d7ca7e6cff0c0d"},"headline":"Los harapos de tu amor","datePublished":"2021-12-03T08:00:27+00:00","mainEntityOfPage":{"@id":"https:\/\/solkes.com\/anonimo\/2021\/12\/los-harapos-de-tu-amor\/"},"wordCount":819,"commentCount":0,"publisher":{"@id":"https:\/\/solkes.com\/#organization"},"image":{"@id":"https:\/\/solkes.com\/anonimo\/2021\/12\/los-harapos-de-tu-amor\/#primaryimage"},"thumbnailUrl":"https:\/\/solkes.com\/wp-content\/uploads\/2019\/08\/1601_02-5.jpg","keywords":["amor","An\u00f3nimo"],"articleSection":["An\u00f3nimo"],"inLanguage":"de","potentialAction":[{"@type":"CommentAction","name":"Comment","target":["https:\/\/solkes.com\/anonimo\/2021\/12\/los-harapos-de-tu-amor\/#respond"]}]},{"@type":"WebPage","@id":"https:\/\/solkes.com\/anonimo\/2021\/12\/los-harapos-de-tu-amor\/","url":"https:\/\/solkes.com\/anonimo\/2021\/12\/los-harapos-de-tu-amor\/","name":"Los harapos de tu amor - Solkes Magazine","isPartOf":{"@id":"https:\/\/solkes.com\/#website"},"primaryImageOfPage":{"@id":"https:\/\/solkes.com\/anonimo\/2021\/12\/los-harapos-de-tu-amor\/#primaryimage"},"image":{"@id":"https:\/\/solkes.com\/anonimo\/2021\/12\/los-harapos-de-tu-amor\/#primaryimage"},"thumbnailUrl":"https:\/\/solkes.com\/wp-content\/uploads\/2019\/08\/1601_02-5.jpg","datePublished":"2021-12-03T08:00:27+00:00","breadcrumb":{"@id":"https:\/\/solkes.com\/anonimo\/2021\/12\/los-harapos-de-tu-amor\/#breadcrumb"},"inLanguage":"de","potentialAction":[{"@type":"ReadAction","target":["https:\/\/solkes.com\/anonimo\/2021\/12\/los-harapos-de-tu-amor\/"]}]},{"@type":"ImageObject","inLanguage":"de","@id":"https:\/\/solkes.com\/anonimo\/2021\/12\/los-harapos-de-tu-amor\/#primaryimage","url":"https:\/\/solkes.com\/wp-content\/uploads\/2019\/08\/1601_02-5.jpg","contentUrl":"https:\/\/solkes.com\/wp-content\/uploads\/2019\/08\/1601_02-5.jpg","width":996,"height":601,"caption":"Foto: Nessa Twix \u00a9 Solkes"},{"@type":"BreadcrumbList","@id":"https:\/\/solkes.com\/anonimo\/2021\/12\/los-harapos-de-tu-amor\/#breadcrumb","itemListElement":[{"@type":"ListItem","position":1,"name":"Portada","item":"https:\/\/solkes.com\/"},{"@type":"ListItem","position":2,"name":"Los harapos de tu amor"}]},{"@type":"WebSite","@id":"https:\/\/solkes.com\/#website","url":"https:\/\/solkes.com\/","name":"Solkes Magazine","description":"solkes.com","publisher":{"@id":"https:\/\/solkes.com\/#organization"},"potentialAction":[{"@type":"SearchAction","target":{"@type":"EntryPoint","urlTemplate":"https:\/\/solkes.com\/?s={search_term_string}"},"query-input":{"@type":"PropertyValueSpecification","valueRequired":true,"valueName":"search_term_string"}}],"inLanguage":"de"},{"@type":"Organization","@id":"https:\/\/solkes.com\/#organization","name":"Solkes Magazine","url":"https:\/\/solkes.com\/","logo":{"@type":"ImageObject","inLanguage":"de","@id":"https:\/\/solkes.com\/#\/schema\/logo\/image\/","url":"https:\/\/solkes.com\/wp-content\/uploads\/2024\/09\/logo-SOLKES-820px-x-312px.png","contentUrl":"https:\/\/solkes.com\/wp-content\/uploads\/2024\/09\/logo-SOLKES-820px-x-312px.png","width":411,"height":303,"caption":"Solkes Magazine"},"image":{"@id":"https:\/\/solkes.com\/#\/schema\/logo\/image\/"},"sameAs":["https:\/\/www.facebook.com\/solkesmagazinee\/","https:\/\/instagram.com\/solkesmagazine\/"]},{"@type":"Person","@id":"https:\/\/solkes.com\/#\/schema\/person\/f37eb817fc09e0fe76d7ca7e6cff0c0d","name":"Gustavo Torres Herrera","image":{"@type":"ImageObject","inLanguage":"de","@id":"https:\/\/secure.gravatar.com\/avatar\/7c4abb8ea7b48b54a36fe71c9e0884f327abc98da5d9b54c56921ff471260abc?s=96&d=identicon&r=g","url":"https:\/\/secure.gravatar.com\/avatar\/7c4abb8ea7b48b54a36fe71c9e0884f327abc98da5d9b54c56921ff471260abc?s=96&d=identicon&r=g","contentUrl":"https:\/\/secure.gravatar.com\/avatar\/7c4abb8ea7b48b54a36fe71c9e0884f327abc98da5d9b54c56921ff471260abc?s=96&d=identicon&r=g","caption":"Gustavo Torres Herrera"},"description":"GUSTAVO TORRES HERRERA es abogado por formaci\u00f3n y escritor por vocaci\u00f3n, un colombiano de letras que se caracteriza por una prosa que transporta, enamora y son renglones de viva poes\u00eda. Su vocaci\u00f3n literaria fue descubierta por Jaime Garc\u00eda Maffla en la Casa de Poes\u00eda Silva cuando le mencion\u00f3 que lo suyo era \"un sentimiento hecho palabra\". La obra literaria de GUSTAVO TORRES HERRERA se viene destacando cada vez en los c\u00edrculos acad\u00e9micos y de pensamiento cr\u00edtico, por sus planteamientos sobre la importancia de los valores que se han ha ido perdiendo en la comunidad, la admiraci\u00f3n de la vejez como camino enriquecedor con sus experiencias de vida, renglones para el amor.","url":"https:\/\/solkes.com\/de\/author\/gustavo-torres-herrera\/"}]}},"_links":{"self":[{"href":"https:\/\/solkes.com\/de\/wp-json\/wp\/v2\/posts\/545","targetHints":{"allow":["GET"]}}],"collection":[{"href":"https:\/\/solkes.com\/de\/wp-json\/wp\/v2\/posts"}],"about":[{"href":"https:\/\/solkes.com\/de\/wp-json\/wp\/v2\/types\/post"}],"author":[{"embeddable":true,"href":"https:\/\/solkes.com\/de\/wp-json\/wp\/v2\/users\/68"}],"replies":[{"embeddable":true,"href":"https:\/\/solkes.com\/de\/wp-json\/wp\/v2\/comments?post=545"}],"version-history":[{"count":1,"href":"https:\/\/solkes.com\/de\/wp-json\/wp\/v2\/posts\/545\/revisions"}],"predecessor-version":[{"id":12348,"href":"https:\/\/solkes.com\/de\/wp-json\/wp\/v2\/posts\/545\/revisions\/12348"}],"wp:featuredmedia":[{"embeddable":true,"href":"https:\/\/solkes.com\/de\/wp-json\/wp\/v2\/media\/405"}],"wp:attachment":[{"href":"https:\/\/solkes.com\/de\/wp-json\/wp\/v2\/media?parent=545"}],"wp:term":[{"taxonomy":"category","embeddable":true,"href":"https:\/\/solkes.com\/de\/wp-json\/wp\/v2\/categories?post=545"},{"taxonomy":"post_tag","embeddable":true,"href":"https:\/\/solkes.com\/de\/wp-json\/wp\/v2\/tags?post=545"}],"curies":[{"name":"wp","href":"https:\/\/api.w.org\/{rel}","templated":true}]}}