{"id":34556,"date":"2022-10-03T10:00:46","date_gmt":"2022-10-03T08:00:46","guid":{"rendered":"https:\/\/solkes.com\/?p=34556"},"modified":"2026-09-03T15:40:12","modified_gmt":"2026-09-03T13:40:12","slug":"goldminen-des-teufels-ijen","status":"publish","type":"post","link":"https:\/\/solkes.com\/de\/stadtisch\/2022\/10\/goldminen-des-teufels-ijen\/","title":{"rendered":"Die Goldminen des Teufels"},"content":{"rendered":"<p><span style=\"color: #138a8d;\">D<\/span>ie Goldminen des Teufels sind real. Diese Geschichte ist wahr. Wenn wir den Albtraum und die Gefahren, denen die Menschen in 2.700 Metern H\u00f6he ausgesetzt sind, h\u00e4tten erfinden wollen, h\u00e4tten wir wohl nicht so viele Details zusammenbekommen. Diese Geschichte ist keineswegs ein M\u00e4rchen. Die Erfahrungen der M\u00e4nner, die diese Zeilen inspirieren, haben uns dazu gebracht, Gerechtigkeit zu fordern.<\/p>\n<h3><strong><span style=\"color: #138a8d;\">Es sah aus wie eine Fernsehsendung<\/span><\/strong><\/h3>\n<p>Was wir mit eigenen Augen beobachten sollten, sah aus wie etwas, das wir sonst nur auf Fernsehbildschirmen sehen w\u00fcrden.<\/p>\n<figure id=\"attachment_17177\" aria-describedby=\"caption-attachment-17177\" style=\"width: 374px\" class=\"wp-caption alignright\"><img fetchpriority=\"high\" decoding=\"async\" class=\"size-solkes_horizontal wp-image-17178\" src=\"https:\/\/solkes.com\/wp-content\/uploads\/2022\/07\/orodeldiablo-2210_03.jpg\" alt=\"\" width=\"374\" height=\"601\" \/><figcaption id=\"caption-attachment-17177\" class=\"wp-caption-text\">Carlos Eduardo Esquivel Pardo \u00a9 Solkes<\/figcaption><\/figure>\n<p>Am fr\u00fchen Freitagmorgen trafen wir am Fu\u00df des IJEN-Vulkans, 2.700 Meter \u00fcber dem Meeresspiegel, auf Alby Alfarizi.<\/p>\n<p>Alfarizi ist einer von vielen Bergleuten in dieser Gegend. Er ist nicht besonders kr\u00e4ftig gebaut, aber von robuster und starker Statur. Sein K\u00f6rper ist schlank, sein Gesicht noch schmaler. Er ist klein, dunkelh\u00e4utig und vor allem immer freundlich.<\/p>\n<p>Mit seinem breiten L\u00e4cheln, seinen offenen Augen und seinem einfachen Englisch, das er nur \u00fcben kann, wenn Touristen die Gegend besuchen, wurde er an diesem Ort voller Kontraste zu unserem F\u00fchrer.<\/p>\n<p>Es war 3 Uhr morgens, als Alby uns eine Tasse Kopi Luwak anbot.<\/p>\n<p>\u201eKopi\u201c bedeutet auf Indonesisch Kaffee. Der Luwak ist ein murmeltier\u00e4hnliches Tier, das reife Kaffeebohnen frisst. Wenn das Tier sie wieder ausscheidet, werden die Bohnen gesammelt und verarbeitet. Der Kaffee gilt als einer der teuersten und au\u00dfergew\u00f6hnlichsten Kaffees der Welt. Er wird in einem nahe gelegenen Dorf produziert.<\/p>\n<p>Mit der Tasse Kaffee in den H\u00e4nden vergingen die Minuten. Die K\u00e4lte zog durch unsere K\u00f6rper. Deshalb versuchten wir, die niedrigen Temperaturen mit einigen Holzscheiten zu vertreiben. Trotz des Rauchs halfen sie uns, uns aufzuw\u00e4rmen.<\/p>\n<p>Zu dieser fr\u00fchen Morgenstunde war der einzige Weg zum IJEN-Vulkan ein privates Transportmittel. Deshalb hatten wir den Service noch vor Mitternacht gebucht. Er sollte uns in Bondowoso abholen, einem Kaffeeort unweit des Vulkangebiets, in das wir unterwegs waren.<\/p>\n<figure id=\"attachment_17185\" aria-describedby=\"caption-attachment-17185\" style=\"width: 996px\" class=\"wp-caption aligncenter\"><img decoding=\"async\" class=\"size-solkes_horizontal wp-image-17186\" src=\"https:\/\/solkes.com\/wp-content\/uploads\/2022\/07\/orodeldiablo-2210_07.jpg\" alt=\"\" width=\"996\" height=\"601\" \/><figcaption id=\"caption-attachment-17185\" class=\"wp-caption-text\">Carlos Eduardo Esquivel Pardo \u00a9 Solkes<\/figcaption><\/figure>\n<p>Der S\u00fcden der Insel Java im fernen Indonesien besitzt eine ganz besondere Geografie. Es ist eine bergige Region mit zahlreichen Kaffeeplantagen und Stra\u00dfen mit steilen Kurven. St\u00e4dtische Zentren sind d\u00fcnn ges\u00e4t. Deshalb ist der \u00f6ffentliche Nahverkehr noch immer sehr begrenzt.<\/p>\n<p>Nach dem Kopi Luwak machten wir uns auf den Weg zum Eingang des KAWAH IJEN GEOLOGICAL PARKS. Wir zahlten 8 Dollar Eintritt und nahmen einige Gasmasken mit. Laut unserem F\u00fchrer w\u00fcrden wir sie ben\u00f6tigen, sobald wir am Fu\u00df des Kraters angekommen waren.<\/p>\n<p>In diesem Moment begann unser Abenteuer zum Krater des <span style=\"color: #138a8d;\"><a style=\"color: #138a8d;\" href=\"https:\/\/theworldtravelguy.com\/kawah-ijen-volcano-blue-fire-banyuwangi\/\">KAWAH IJEN-Vulkans<\/a><\/span>. Er ist einer von mehr als 130 aktiven Vulkanen Indonesiens, die zum Pazifischen Feuerring geh\u00f6ren.<\/p>\n<p>Einige Tage zuvor hatten uns Einheimische, die an den H\u00e4ngen des Bromo-Vulkans leben, empfohlen, diese Gegend zu besuchen. Wir waren deshalb gespannt darauf, ein Naturph\u00e4nomen kennenzulernen und zu sehen, das es in Indonesien nur im KAWAH IJEN gibt.<\/p>\n<p>Dieser Effekt wird \u201eBlue Fire\u201c genannt. Er entsteht, wenn Feuer aus dem tiefen Inneren der Erde durch Schwefeldioxidgase, die mit vulkanischer Aktivit\u00e4t verbunden sind, eine intensive blaue Farbe annimmt.<\/p>\n<h3><span style=\"color: #138a8d;\"><strong>Die Goldminen des Teufels: Der Aufstieg zum Vulkan<\/strong><\/span><\/h3>\n<p>Da waren wir also. Wir hatten mehr Lust als Energie und waren bereit, das Abenteuer fortzusetzen. Der Weg war von Anfang an schwierig. Nur die ersten 100 Meter waren eben. Danach begann ein nasser, rutschiger Erdweg, der mit einem wahrscheinlich 45 Grad steilen Winkel bergauf f\u00fchrte.<\/p>\n<figure id=\"attachment_17183\" aria-describedby=\"caption-attachment-17183\" style=\"width: 374px\" class=\"wp-caption alignleft\"><img decoding=\"async\" class=\"size-solkes_horizontal wp-image-17184\" src=\"https:\/\/solkes.com\/wp-content\/uploads\/2022\/07\/orodeldiablo-2210_06.jpg\" alt=\"\" width=\"374\" height=\"601\" \/><figcaption id=\"caption-attachment-17183\" class=\"wp-caption-text\">Carlos Eduardo Esquivel Pardo \u00a9 Solkes<\/figcaption><\/figure>\n<p>Vielleicht wegen unserer schweren Atmung oder der M\u00fcdigkeit, die langsam sichtbar wurde, beruhigte uns Alby. Er versicherte uns, dass wir nach einigen Kilometern eine lange Ebene erreichen w\u00fcrden. Von dort aus w\u00e4ren es nur noch wenige Schritte bis zum Kraterrand des Vulkans.<\/p>\n<p>W\u00e4hrend dieses langen Aufstiegs erz\u00e4hlte er uns etwas aus seinem Leben als Bergmann und F\u00fchrer. Er sprach von Diana, seiner Frau, und von Alfarizi, seinem Sohn. Dieses Gespr\u00e4ch und das, was wir an diesem Tag im Krater erlebten, inspirierten uns dazu, diese Zeilen zu schreiben.<\/p>\n<p>Eine halbe Stunde war seit Beginn unseres Aufstiegs zum Vulkankrater vergangen. Mitten im Aufstieg bemerkten wir etwas, das nicht nur unsere Neugier weckte, sondern uns offen gesagt unangenehm ber\u00fchrte.<\/p>\n<p>Albys Kollegen, ebenso klein wie er, boten Touristen ihre Dienste an. Sie benutzten eine Art Kabine, die eher einer Trage auf R\u00e4dern glich. Damit wollten sie Touristen jeder Gr\u00f6\u00dfe die 3,5 Kilometer bis zum Eingang des Kraterrands bergauf transportieren.<\/p>\n<p>Im besten kolonialen Stil w\u00fcrden drei F\u00fchrer mit aller Kraft jeden <span style=\"color: #138a8d;\"><a style=\"color: #138a8d;\" href=\"https:\/\/solkes.com\/en\/globe-trotting\/2021\/07\/tourism-amidst-mountains\/\">Touristen<\/a><\/span> ziehen, der bereit war, die 800.000 Rupien f\u00fcr diesen Service zu bezahlen. Das entsprach etwa 60 US-Dollar.<\/p>\n<p>Dieser Betrag wurde zu gleichen Teilen unter den drei mutigen Tr\u00e4gern aufgeteilt. Wir fanden es unsinnig, dass jemand, der k\u00f6rperlich vollkommen in der Lage war, selbst zu laufen, f\u00fcr einen solchen belgischen Service im Kongo bezahlen sollte.<\/p>\n<p>Sp\u00e4ter verstanden wir jedoch, warum diese freundlichen M\u00e4nner darum k\u00e4mpften, schwere Touristen zu transportieren. F\u00fcr die gewaltige Anstrengung w\u00fcrden sie jeweils etwa 20 US-Dollar erhalten. Es schien zun\u00e4chst wenig zu sein. Sp\u00e4ter erfuhren wir jedoch, dass es f\u00fcr sie die bessere Option war.<\/p>\n<p>Alby hielt sein Wort. Nach weniger als zwei Kilometern bergauf erreichten wir die Ebene, die die N\u00e4he zum Kraterrand ank\u00fcndigte.<\/p>\n<p>Laut unserem freundlichen F\u00fchrer endete dort der \u201eleichte\u201c Teil des Weges. Nun begann der etwa 45-min\u00fctige Abstieg \u00fcber die steilen, felsigen W\u00e4nde des Vulkans. Unten erwartete uns ein t\u00fcrkisblauer See direkt neben den Calderas des Vulkans.<\/p>\n<p>Trotz der Entfernung, der Dunkelheit und der n\u00e4chtlichen K\u00e4lte konnten wir in der Ferne die Fumarolen des Vulkans sehen. Sie waren mit jenem Schwefel beladen, der uns das so sehr gew\u00fcnschte Naturschauspiel bescheren sollte.<\/p>\n<p>Etwa 50 Touristen waren mit uns unterwegs. Sie wollten dieses Ph\u00e4nomen unbedingt sehen und stiegen wie wir \u00fcber dieselben Felsen hinab. Ihre einzigen Hilfsmittel waren die Taschenlampen auf ihren K\u00f6pfen.<\/p>\n<p>Schlie\u00dflich, gegen 4:30 Uhr morgens, erhielten wir von unserem F\u00fchrer die Anweisung, auf die wir gewartet hatten. Sie k\u00fcndigte das unmittelbare Ende unseres Aufstiegs an.<\/p>\n<p>\u201eBitte setzen Sie Ihre Gasmasken auf. Von diesem Moment an sind die Gase sch\u00e4dlich f\u00fcr Ihre Lunge. Nehmen Sie sie niemals ab, au\u00dfer wenn wir uns von den Fumarolen entfernt haben.\u201c<\/p>\n<p>Es waren dieselben Fumarolen, die aus dem Inneren der Erde aufstiegen.<\/p>\n<figure id=\"attachment_17191\" aria-describedby=\"caption-attachment-17191\" style=\"width: 996px\" class=\"wp-caption aligncenter\"><img loading=\"lazy\" decoding=\"async\" class=\"size-solkes_horizontal wp-image-17192\" src=\"https:\/\/solkes.com\/wp-content\/uploads\/2022\/07\/orodeldiablo-2210_10.jpg\" alt=\"\" width=\"996\" height=\"601\" \/><figcaption id=\"caption-attachment-17191\" class=\"wp-caption-text\">Carlos Eduardo Esquivel Pardo \u00a9 Solkes<\/figcaption><\/figure>\n<p>Zu seinen Anweisungen geh\u00f6rte auch ein Ratschlag, der uns in den kommenden Stunden im Krater sehr n\u00fctzlich sein sollte:<\/p>\n<p>\u201eWenn Sie Rauch um sich herum sehen, geraten Sie nicht in Panik. Gehen Sie einfach in die Knie, bleiben Sie tief unten, schlie\u00dfen Sie die Augen und warten Sie, bis sich der Rauch verzieht.\u201c<\/p>\n<p>Ehrlich gesagt hatten wir nicht erwartet, dass die Situation so ernst sein w\u00fcrde. Wir h\u00e4tten auch nicht gedacht, dass wir diesen Rat tats\u00e4chlich brauchen w\u00fcrden. Deshalb h\u00f6rten wir ihm etwas ungl\u00e4ubig zu und gingen die letzten 20 Meter bis zu dem Punkt, an dem das blaue Feuer deutlicher zu sehen war.<\/p>\n<p>Der Fairness halber m\u00fcssen wir uns selbst und auch dem Leser gegen\u00fcber, der bis hierher gekommen ist, sagen: Wenn das blaue Feuer vorhanden war, war es deutlich sichtbar. Es war dennoch nur eine Kuriosit\u00e4t. Obwohl es ein beeindruckendes Ph\u00e4nomen war, war es sehr klein. Au\u00dferdem wurde es st\u00e4ndig von den D\u00e4mpfen des Vulkans verdeckt.<\/p>\n<p>Um das Ph\u00e4nomen zu beobachten oder ein einigerma\u00dfen gutes Foto zu machen, mussten wir die Szene mit 50 anderen Menschen teilen, die dasselbe wollten.<\/p>\n<p>Nach der anf\u00e4nglichen Aufregung der ersten f\u00fcnf Minuten und mit einer gewissen Entt\u00e4uschung, aber zugleich dankbar, dort sein zu k\u00f6nnen, beobachteten wir das Ph\u00e4nomen einfach aus der Ferne. Danach erkundeten wir die Umgebung. Schlie\u00dflich befanden wir uns im Krater eines Vulkans. Und das war alles andere als unbedeutend.<\/p>\n<h3><span style=\"color: #138a8d;\"><strong>Die Goldminen des Teufels: Die Bergleute der H\u00f6lle<\/strong><\/span><\/h3>\n<p>Dort, am Grund des Kraters, erkundeten wir ein wenig die Gegend. Dabei bemerkten wir ungl\u00e4ubig etwas, das den Augen und Kameras der anderen Touristen offenbar verborgen blieb.<\/p>\n<figure id=\"attachment_17179\" aria-describedby=\"caption-attachment-17179\" style=\"width: 374px\" class=\"wp-caption alignright\"><img loading=\"lazy\" decoding=\"async\" class=\"size-solkes_horizontal wp-image-17180\" src=\"https:\/\/solkes.com\/wp-content\/uploads\/2022\/07\/orodeldiablo-2210_04.jpg\" alt=\"\" width=\"374\" height=\"601\" \/><figcaption id=\"caption-attachment-17179\" class=\"wp-caption-text\">Carlos Eduardo Esquivel Pardo \u00a9 Solkes<\/figcaption><\/figure>\n<p>Dutzende Indonesier, allesamt kleine M\u00e4nner wie Alby und seine Freunde, arbeiteten bereits in den fr\u00fchen Morgenstunden direkt neben den Stellen, an denen die gesundheitssch\u00e4dlichen Schwefelgase mit extrem hohen Temperaturen austraten.<\/p>\n<p>Sie betrieben Schwefelabbau oder, wie die Einheimischen es nennen, die Gewinnung von \u201eTeufelsgold\u201c.<\/p>\n<p>Diese Gruppe von M\u00e4nnern mischte sich unter die Scharen von Touristen, die dort angekommen waren. F\u00fcr viele waren sie nahezu unsichtbar.<\/p>\n<p>Mit etwa zwei Meter langen Metallst\u00e4ben n\u00e4herten sie sich den Fumarolen des Vulkans. Dort kondensierte das Schwefelgas zu einer blutroten Fl\u00fcssigkeit. Nach dem Abk\u00fchlen und Erstarren wurde daraus Schwefelerz. Dieses zerbrachen sie in kleine, hellgelbe Steine.<\/p>\n<p>Die Steine mussten gesammelt und in kleinere St\u00fccke zerbrochen werden. Der Transport erfolgte durch giftige Gaswolken. F\u00fcr F\u00fc\u00dfe und H\u00e4nde gab es praktisch keinen industriellen Schutz. Sie trugen lediglich leichte Atemschutzmasken, die eher f\u00fcr die Lackierindustrie als f\u00fcr den Bergbau geeignet waren.<\/p>\n<p>Die Lackierindustrie, nicht f\u00fcr den Tagebau.<\/p>\n<p>Wir entfernten uns ein wenig vom Feuer. Etwa 30 Meter weiter befanden sich weitere Risse im Vulkan. Aus ihnen str\u00f6mten gro\u00dfe Mengen schwefelhaltiger D\u00e4mpfe.<\/p>\n<p>Diese mutigen Bergleute verwandelten das Schwefelmaterial in Gesteinsbrocken. Anschlie\u00dfend f\u00fcllten sie damit ihre handgefertigten Weidenk\u00f6rbe. Diese wogen zwischen 50 und 90 Kilogramm.<\/p>\n<p>In diesem Moment beschlossen wir, die Arbeit zu dokumentieren, die wir f\u00fcr die schwierigste, gef\u00e4hrlichste und am schlechtesten bezahlte Arbeit der Welt hielten.<\/p>\n<p>Selbst in der Nacht, gegen 5:30 Uhr morgens, n\u00e4herten wir uns einem Bergmann. Er zerbrach gerade mit einer kleinen Axt einen etwa 150 Kilogramm schweren Gesteinsbrocken.<\/p>\n<p>Genau in diesem Moment h\u00fcllte uns eine Wolke aus Schwefeldioxidgas vollst\u00e4ndig ein.<\/p>\n<figure id=\"attachment_17187\" aria-describedby=\"caption-attachment-17187\" style=\"width: 996px\" class=\"wp-caption aligncenter\"><img loading=\"lazy\" decoding=\"async\" class=\"size-solkes_horizontal wp-image-17188\" src=\"https:\/\/solkes.com\/wp-content\/uploads\/2022\/07\/orodeldiablo-2210_08.jpg\" alt=\"\" width=\"996\" height=\"601\" \/><figcaption id=\"caption-attachment-17187\" class=\"wp-caption-text\">Carlos Eduardo Esquivel Pardo \u00a9 Solkes<\/figcaption><\/figure>\n<p>Wir erinnerten uns an Albys Empfehlungen. Wir gingen in die Hocke und schlossen die Augen. Wir warteten darauf, dass das Gas vorbeiziehen w\u00fcrde, damit wir diesen seltsamen Ort weiter fotografieren konnten.<\/p>\n<p>Doch die Wolke blieb.<\/p>\n<p>Unsere Augen begannen zu brennen, obwohl sie geschlossen waren. Ein Klo\u00df im Hals machte das Atmen schwer. Nach einigen Sekunden wich dieses Gef\u00fchl einem starken Brechreiz und v\u00f6lliger Verzweiflung.<\/p>\n<p>Gerade als die Verzweiflung wegen der giftigen Atmosph\u00e4re und unserer Unf\u00e4higkeit zu handeln unsere Gedanken beherrschte, l\u00f6ste sich die Wolke auf.<\/p>\n<p>Wieder erschien ein klarer, durchsichtiger Himmel. Die Bergleute arbeiteten weiter, als w\u00e4re \u00fcberhaupt nichts geschehen.<\/p>\n<h3><span style=\"color: #138a8d;\"><strong>Nur das Mineral z\u00e4hlt<\/strong><\/span><\/h3>\n<p>Die Gaswolken kamen und gingen, ohne dass wir wussten, wann. Alles hing vom Willen des Vulkans ab.<\/p>\n<p>Manchmal konnten wir, wenn wir uns ihnen n\u00e4herten, ungl\u00e4ubig die Ger\u00e4usche h\u00f6ren, die sie machten, wenn diese Wolken sie einh\u00fcllten.<\/p>\n<p>Es war eine seltsame Mischung aus St\u00f6hnen, Unbehagen und Brechreiz. Sie kam aus ihren gereizten Kehlen. Doch nach einigen Sekunden kehrten sie in die Tiefen der vulkanischen Fumarolen zur\u00fcck und setzten ihre Arbeit fort.<\/p>\n<p>Sie hatten keine andere Wahl.<\/p>\n<figure id=\"attachment_17175\" aria-describedby=\"caption-attachment-17175\" style=\"width: 374px\" class=\"wp-caption alignleft\"><img loading=\"lazy\" decoding=\"async\" class=\"size-solkes_horizontal wp-image-17176\" src=\"https:\/\/solkes.com\/wp-content\/uploads\/2022\/07\/orodeldiablo-2210_02.jpg\" alt=\"\" width=\"374\" height=\"601\" \/><figcaption id=\"caption-attachment-17175\" class=\"wp-caption-text\">Carlos Eduardo Esquivel Pardo \u00a9 Solkes<\/figcaption><\/figure>\n<p>Kurz vor Sonnenaufgang, noch immer bei K\u00e4lte und unter einem klaren Himmel, kam ein Bergmann auf uns zu. Er streckte seine Hand aus und bot uns ein St\u00fcck Schwefel zum Verkauf an, das gerade erst aus dem Inneren des Vulkans geholt worden war.<\/p>\n<p>Die Stirnlampe auf seinem Kopf beleuchtete uns. Sein Gesicht konnten wir dadurch nicht sehen. Wegen der N\u00e4he zu einer vulkanischen Spalte herrschte viel Rauch. Au\u00dferdem war es dunkel.<\/p>\n<p>Er sagte kein Wort. Er hielt uns lediglich ein St\u00fcck \u201eTeufelsgold\u201c entgegen.<\/p>\n<p>Nachdem wir den Kauf abgelehnt hatten, wurde uns klar, dass diese Situation nichts anderes als eine Analogie zum Leben fast aller dieser mutigen und vergessenen Bergleute war, die diese Zeilen inspirieren.<\/p>\n<p>Wir erfuhren nie, wer hinter diesem St\u00fcck Schwefel stand. Wir hatten keine Zeit. Er ging und verschwand zwischen den Fumarolen des Vulkans.<\/p>\n<p>Uns blieb nur das Bild des Schwefels.<\/p>\n<p>In diesen Gegenden z\u00e4hlt nur das Mineral. Es ist das Mineral, das von dem Unternehmen gekauft wird, das die entsprechende Lizenz besitzt. Es wird unter menschenunw\u00fcrdigen Bedingungen zur Aufhellung von Zucker, zur Herstellung von Sch\u00f6nheitscremes oder f\u00fcr die Produktion von Streichh\u00f6lzern verwendet.<\/p>\n<p>Doch es z\u00e4hlt nur \u201edas Mineral\u201c. Nicht das menschliche Gesicht. Nicht die Menschlichkeit, die den H\u00e4nden geh\u00f6rt, die dieses Material aus den Tiefen eines Vulkans auf einer weit entfernten Insel Indonesiens der Mutter Erde entrei\u00dfen.<\/p>\n<p>Wir blieben bis nach 9 Uhr morgens in der Gegend. Die Nacht wich einem sonnigen und klaren Morgen. Dadurch konnten wir die ganze Sch\u00f6nheit des Ortes sehen, an dem wir an diesem Tag die Sonne empfingen.<\/p>\n<p>Es war zweifellos ein wundersch\u00f6ner und einzigartiger Ort. Ein See von intensivem T\u00fcrkisblau lag vor uns. Doch es handelte sich um einen See aus Schwefel- und Salzs\u00e4ure mit einer Temperatur von 40 Grad Celsius.<\/p>\n<p>Er ist das Ergebnis vulkanischer Aktivit\u00e4t. In seiner ganzen Pracht zeigte er sich vor uns, w\u00e4hrend die Bergleute noch immer ihrer Arbeit nachgingen.<\/p>\n<figure id=\"attachment_17171\" aria-describedby=\"caption-attachment-17171\" style=\"width: 996px\" class=\"wp-caption aligncenter\"><img loading=\"lazy\" decoding=\"async\" class=\"size-solkes_horizontal wp-image-17172\" src=\"https:\/\/solkes.com\/wp-content\/uploads\/2022\/07\/orodeldiablo-2210_11.jpg\" alt=\"\" width=\"996\" height=\"601\" \/><figcaption id=\"caption-attachment-17171\" class=\"wp-caption-text\">Carlos Eduardo Esquivel Pardo \u00a9 Solkes<\/figcaption><\/figure>\n<p>Die Touristen hatten das Gebiet bereits mit dem ersten Tageslicht verlassen. Nur diese M\u00e4nner waren noch da. Sie arbeiteten, als w\u00e4re nichts geschehen.<\/p>\n<p>Sie waren gefangen in der Wiederholung ihrer ewigen Gegenwart. Ohne die geringste Hoffnung, dass sich f\u00fcr sie oder ihre Familien etwas \u00e4ndern w\u00fcrde.<\/p>\n<p>Sie widmeten sich weiterhin dem Abbau von \u201eTeufelsgold\u201c. In der Ruhe derjenigen, die es nicht eilig haben, hatten wir die Gelegenheit, mit einigen von ihnen zu sprechen.<\/p>\n<p>Diese M\u00e4nner erz\u00e4hlten uns, dass sie ihre Reise gegen 1 Uhr morgens beginnen. Sie laufen die gesamten vier Kilometer, die auch wir bis zum Krater zur\u00fcckgelegt hatten.<\/p>\n<p>Dort angekommen, beginnen sie ihre Arbeit. Mehr Schutz als diese einfache Lackiermaske haben sie nicht. Einige von ihnen tragen sogar Sandalen.<\/p>\n<p>Sie machen sich daran, einige Kilogramm der fast sechs Tonnen Schwefelerz zu gewinnen, die der Vulkan auf nat\u00fcrliche Weise an einem Tag produzieren kann.<\/p>\n<p>Anschlie\u00dfend steigen sie mit ihrer wertvollen Ladung \u201eTeufelsgold\u201c auf den Schultern den Berg hinauf. Ein- oder zweimal am Tag tragen sie dabei bis zu 90 Kilogramm.<\/p>\n<p>So k\u00f6nnen sie das Kilogramm f\u00fcr 1.250 Rupien verkaufen, etwa sechs Cent.<\/p>\n<h3><span style=\"color: #138a8d;\"><strong>Das traurige Fazit<\/strong><\/span><\/h3>\n<p>Mit anderen Worten: Diese Bergleute setzen im 21. Jahrhundert ihr Leben, ihre Gesundheit und ihre k\u00f6rperliche Unversehrtheit aufs Spiel.<\/p>\n<p>Sie arbeiten lange Stunden. Sie haben keinen Schutz vor giftigen D\u00e4mpfen oder Verbrennungen. Sie arbeiten unter Bedingungen, die die Menschheit l\u00e4ngst h\u00e4tte \u00fcberwinden m\u00fcssen.<\/p>\n<p>Diese verdammten M\u00e4nner transportieren f\u00fcr das Unternehmen Schwefelladungen, die manchmal ihr eigenes K\u00f6rpergewicht \u00fcbersteigen. Daf\u00fcr verdienen sie weniger als acht Dollar am Tag.<\/p>\n<p>All das geschieht vor den Augen und unter der Duldung Hunderter Menschen. Menschen, die nicht sehen oder nicht sehen wollen, wie verachtenswert und verwerflich diese Praxis ist.<\/p>\n<p>Sie besuchen den Vulkan lediglich mit dem Ziel, ein Erinnerungsfoto zu machen.<\/p>\n<p>So frivol und ungerecht ist die Realit\u00e4t, die in diesen weit entfernten Gegenden gelebt wird.<\/p>\n<figure id=\"attachment_17181\" aria-describedby=\"caption-attachment-17181\" style=\"width: 374px\" class=\"wp-caption alignright\"><img loading=\"lazy\" decoding=\"async\" class=\"size-solkes_horizontal wp-image-17182\" src=\"https:\/\/solkes.com\/wp-content\/uploads\/2022\/07\/orodeldiablo-2210_05.jpg\" alt=\"\" width=\"374\" height=\"601\" \/><figcaption id=\"caption-attachment-17181\" class=\"wp-caption-text\">Carlos Eduardo Esquivel Pardo \u00a9 Solkes<\/figcaption><\/figure>\n<p>Wie wir bereits am Anfang dieser Chronik gesagt haben, ziehen die Bergleute deshalb lieber schwere Touristen 3,5 Kilometer bergauf.<\/p>\n<p>Auf diese Weise riskieren sie zumindest nicht ihr Leben im Rachen des Vulkans. Und so schwierig diese Arbeit auch sein mag, sie ist einfacher als die Arbeit, die sie jeden Tag verrichten.<\/p>\n<p>Schlie\u00dflich gingen wir die fast vier Kilometer zur\u00fcck bis zum Fu\u00df des Vulkans.<\/p>\n<p>Dabei sprachen wir mit Alby \u00fcber seine Tr\u00e4ume und \u00c4ngste. Er erz\u00e4hlte uns von seiner Unf\u00e4higkeit, diesen Beruf aufzugeben, von seinem Leben im Allgemeinen und seinen Pl\u00e4nen, ein weiteres Kind zu bekommen.<\/p>\n<p>Er erkl\u00e4rte uns auch, dass sein Verdienst kaum ausreicht, um die 15.000 Rupien f\u00fcr das Benzin zu bezahlen, das er braucht, um zum Vulkan zu gelangen.<\/p>\n<p>Das Geld, das ihm danach bleibt, gibt er seiner Frau Diana. Damit ern\u00e4hrt sie die Familie, bezahlt die Schulgeb\u00fchren f\u00fcr den kleinen Alfaziri und legt etwas f\u00fcr das gebrauchte Motorrad zur\u00fcck.<\/p>\n<p>Das \u201eGehalt\u201c, das Alby verdient, ist nicht schlecht. Tats\u00e4chlich liegt es \u00fcber dem Durchschnitt in INDONESIEN.<\/p>\n<p>Unter diesen Arbeitsbedingungen und angesichts der Weigerung des Unternehmens, seine Bergleute zu sch\u00fctzen, ist jedoch sicher, dass weder Alby noch die Hunderte von Bergleuten, die dort arbeiten, einen Lebensabend erleben werden, den sie ihren Kindern und Enkelkindern widmen k\u00f6nnen.<\/p>\n<p>W\u00e4hrenddessen werden Touristen weiterhin auf der Suche nach einem Foto sein.<\/p>\n<p><span style=\"color: #138a8d;\">U<\/span>nd das Unternehmen wird weiterhin ungestraft Geld verdienen. Auf Kosten der Sicherheit von M\u00e4nnern, die dazu verdammt sind, nicht nur ihre Arbeitskraft zu verkaufen, sondern auch ihre Gesundheit, ihre Tr\u00e4ume und ihre W\u00fcrde zu opfern.<\/p>\n","protected":false},"excerpt":{"rendered":"<p>Die Goldminen des Teufels sind real. Diese Geschichte ist wahr. Wenn wir den Albtraum und die Gefahren, denen die Menschen in 2.700 Metern H\u00f6he ausgesetzt sind, h\u00e4tten erfinden wollen, h\u00e4tten wir wohl nicht so viele Details zusammenbekommen. Diese Geschichte ist keineswegs ein M\u00e4rchen. Die Erfahrungen der M\u00e4nner, die diese Zeilen inspirieren, haben uns dazu gebracht, [&hellip;]<\/p>\n","protected":false},"author":120,"featured_media":25694,"comment_status":"open","ping_status":"open","sticky":false,"template":"","format":"standard","meta":{"_acf_changed":false,"_exactmetrics_skip_tracking":false,"_exactmetrics_sitenote_active":false,"_exactmetrics_sitenote_note":"","_exactmetrics_sitenote_category":0,"site-sidebar-layout":"default","site-content-layout":"default","ast-site-content-layout":"default","site-content-style":"default","site-sidebar-style":"default","ast-global-header-display":"","ast-banner-title-visibility":"","ast-main-header-display":"","ast-hfb-above-header-display":"","ast-hfb-below-header-display":"","ast-hfb-mobile-header-display":"","site-post-title":"","ast-breadcrumbs-content":"","ast-featured-img":"","footer-sml-layout":"","theme-transparent-header-meta":"default","adv-header-id-meta":"","stick-header-meta":"","header-above-stick-meta":"","header-main-stick-meta":"","header-below-stick-meta":"","astra-migrate-meta-layouts":"set","ast-page-background-enabled":"default","ast-page-background-meta":{"desktop":{"background-color":"","background-image":"","background-repeat":"repeat","background-position":"center center","background-size":"auto","background-attachment":"scroll","background-type":"","background-media":"","overlay-type":"","overlay-color":"","overlay-opacity":"","overlay-gradient":""},"tablet":{"background-color":"","background-image":"","background-repeat":"repeat","background-position":"center center","background-size":"auto","background-attachment":"scroll","background-type":"","background-media":"","overlay-type":"","overlay-color":"","overlay-opacity":"","overlay-gradient":""},"mobile":{"background-color":"","background-image":"","background-repeat":"repeat","background-position":"center center","background-size":"auto","background-attachment":"scroll","background-type":"","background-media":"","overlay-type":"","overlay-color":"","overlay-opacity":"","overlay-gradient":""}},"ast-content-background-meta":{"desktop":{"background-color":"var(--ast-global-color-5)","background-image":"","background-repeat":"repeat","background-position":"center center","background-size":"auto","background-attachment":"scroll","background-type":"","background-media":"","overlay-type":"","overlay-color":"","overlay-opacity":"","overlay-gradient":""},"tablet":{"background-color":"var(--ast-global-color-5)","background-image":"","background-repeat":"repeat","background-position":"center center","background-size":"auto","background-attachment":"scroll","background-type":"","background-media":"","overlay-type":"","overlay-color":"","overlay-opacity":"","overlay-gradient":""},"mobile":{"background-color":"var(--ast-global-color-5)","background-image":"","background-repeat":"repeat","background-position":"center center","background-size":"auto","background-attachment":"scroll","background-type":"","background-media":"","overlay-type":"","overlay-color":"","overlay-opacity":"","overlay-gradient":""}},"footnotes":""},"categories":[2933],"tags":[],"class_list":["post-34556","post","type-post","status-publish","format-standard","has-post-thumbnail","hentry","category-stadtisch"],"acf":[],"yoast_head":"<!-- This site is optimized with the Yoast SEO plugin v27.4 - https:\/\/yoast.com\/product\/yoast-seo-wordpress\/ -->\n<title>Die Goldminen des Teufels - Solkes Magazine<\/title>\n<meta name=\"description\" content=\"Die Goldminen des Teufels am Ijen zeigen die gef\u00e4hrliche Realit\u00e4t der Schwefelarbeiter, die f\u00fcr wenige Euro t\u00e4glich ihre Gesundheit riskieren.\" \/>\n<meta name=\"robots\" content=\"index, follow, max-snippet:-1, max-image-preview:large, max-video-preview:-1\" \/>\n<link rel=\"canonical\" href=\"https:\/\/solkes.com\/de\/stadtisch\/2022\/10\/goldminen-des-teufels-ijen\/\" \/>\n<meta property=\"og:locale\" content=\"de_DE\" \/>\n<meta property=\"og:type\" content=\"article\" \/>\n<meta property=\"og:title\" content=\"Die Goldminen des Teufels - Solkes Magazine\" \/>\n<meta property=\"og:description\" content=\"Die Goldminen des Teufels am Ijen zeigen die gef\u00e4hrliche Realit\u00e4t der Schwefelarbeiter, die f\u00fcr wenige Euro t\u00e4glich ihre Gesundheit riskieren.\" \/>\n<meta property=\"og:url\" content=\"https:\/\/solkes.com\/de\/stadtisch\/2022\/10\/goldminen-des-teufels-ijen\/\" \/>\n<meta property=\"og:site_name\" content=\"Solkes Magazine\" \/>\n<meta property=\"article:publisher\" content=\"https:\/\/www.facebook.com\/solkesmagazinee\/\" \/>\n<meta property=\"article:published_time\" content=\"2022-10-03T08:00:46+00:00\" \/>\n<meta property=\"article:modified_time\" content=\"2026-09-03T13:40:12+00:00\" \/>\n<meta property=\"og:image\" content=\"https:\/\/solkes.com\/wp-content\/uploads\/2022\/07\/orodeldiablo-2210_09.jpg\" \/>\n\t<meta property=\"og:image:width\" content=\"996\" \/>\n\t<meta property=\"og:image:height\" content=\"601\" \/>\n\t<meta property=\"og:image:type\" content=\"image\/jpeg\" \/>\n<meta name=\"author\" content=\"Carlos Eduardo Esquivel Pardo\" \/>\n<meta name=\"twitter:card\" content=\"summary_large_image\" \/>\n<meta name=\"twitter:label1\" content=\"Verfasst von\" \/>\n\t<meta name=\"twitter:data1\" content=\"Carlos Eduardo Esquivel Pardo\" \/>\n\t<meta name=\"twitter:label2\" content=\"Gesch\u00e4tzte Lesezeit\" \/>\n\t<meta name=\"twitter:data2\" content=\"15\u00a0Minuten\" \/>\n<script type=\"application\/ld+json\" class=\"yoast-schema-graph\">{\"@context\":\"https:\\\/\\\/schema.org\",\"@graph\":[{\"@type\":\"Article\",\"@id\":\"https:\\\/\\\/solkes.com\\\/de\\\/stadtisch\\\/2022\\\/10\\\/goldminen-des-teufels-ijen\\\/#article\",\"isPartOf\":{\"@id\":\"https:\\\/\\\/solkes.com\\\/de\\\/stadtisch\\\/2022\\\/10\\\/goldminen-des-teufels-ijen\\\/\"},\"author\":{\"name\":\"Carlos Eduardo Esquivel Pardo\",\"@id\":\"https:\\\/\\\/solkes.com\\\/#\\\/schema\\\/person\\\/e294a998f7bb76b49b6e91c8e4a66b5c\"},\"headline\":\"Die Goldminen des Teufels\",\"datePublished\":\"2022-10-03T08:00:46+00:00\",\"dateModified\":\"2026-09-03T13:40:12+00:00\",\"mainEntityOfPage\":{\"@id\":\"https:\\\/\\\/solkes.com\\\/de\\\/stadtisch\\\/2022\\\/10\\\/goldminen-des-teufels-ijen\\\/\"},\"wordCount\":2843,\"commentCount\":0,\"publisher\":{\"@id\":\"https:\\\/\\\/solkes.com\\\/#organization\"},\"image\":{\"@id\":\"https:\\\/\\\/solkes.com\\\/de\\\/stadtisch\\\/2022\\\/10\\\/goldminen-des-teufels-ijen\\\/#primaryimage\"},\"thumbnailUrl\":\"https:\\\/\\\/solkes.com\\\/wp-content\\\/uploads\\\/2022\\\/07\\\/orodeldiablo-2210_09.jpg\",\"articleSection\":[\"St\u00e4dtisch\"],\"inLanguage\":\"de\",\"potentialAction\":[{\"@type\":\"CommentAction\",\"name\":\"Comment\",\"target\":[\"https:\\\/\\\/solkes.com\\\/de\\\/stadtisch\\\/2022\\\/10\\\/goldminen-des-teufels-ijen\\\/#respond\"]}]},{\"@type\":\"WebPage\",\"@id\":\"https:\\\/\\\/solkes.com\\\/de\\\/stadtisch\\\/2022\\\/10\\\/goldminen-des-teufels-ijen\\\/\",\"url\":\"https:\\\/\\\/solkes.com\\\/de\\\/stadtisch\\\/2022\\\/10\\\/goldminen-des-teufels-ijen\\\/\",\"name\":\"Die Goldminen des Teufels - Solkes Magazine\",\"isPartOf\":{\"@id\":\"https:\\\/\\\/solkes.com\\\/#website\"},\"primaryImageOfPage\":{\"@id\":\"https:\\\/\\\/solkes.com\\\/de\\\/stadtisch\\\/2022\\\/10\\\/goldminen-des-teufels-ijen\\\/#primaryimage\"},\"image\":{\"@id\":\"https:\\\/\\\/solkes.com\\\/de\\\/stadtisch\\\/2022\\\/10\\\/goldminen-des-teufels-ijen\\\/#primaryimage\"},\"thumbnailUrl\":\"https:\\\/\\\/solkes.com\\\/wp-content\\\/uploads\\\/2022\\\/07\\\/orodeldiablo-2210_09.jpg\",\"datePublished\":\"2022-10-03T08:00:46+00:00\",\"dateModified\":\"2026-09-03T13:40:12+00:00\",\"description\":\"Die Goldminen des Teufels am Ijen zeigen die gef\u00e4hrliche Realit\u00e4t der Schwefelarbeiter, die f\u00fcr wenige Euro t\u00e4glich ihre Gesundheit riskieren.\",\"breadcrumb\":{\"@id\":\"https:\\\/\\\/solkes.com\\\/de\\\/stadtisch\\\/2022\\\/10\\\/goldminen-des-teufels-ijen\\\/#breadcrumb\"},\"inLanguage\":\"de\",\"potentialAction\":[{\"@type\":\"ReadAction\",\"target\":[\"https:\\\/\\\/solkes.com\\\/de\\\/stadtisch\\\/2022\\\/10\\\/goldminen-des-teufels-ijen\\\/\"]}]},{\"@type\":\"ImageObject\",\"inLanguage\":\"de\",\"@id\":\"https:\\\/\\\/solkes.com\\\/de\\\/stadtisch\\\/2022\\\/10\\\/goldminen-des-teufels-ijen\\\/#primaryimage\",\"url\":\"https:\\\/\\\/solkes.com\\\/wp-content\\\/uploads\\\/2022\\\/07\\\/orodeldiablo-2210_09.jpg\",\"contentUrl\":\"https:\\\/\\\/solkes.com\\\/wp-content\\\/uploads\\\/2022\\\/07\\\/orodeldiablo-2210_09.jpg\",\"width\":996,\"height\":601,\"caption\":\"Julia Ivania for Unsplah \u00a9 Solkes\"},{\"@type\":\"BreadcrumbList\",\"@id\":\"https:\\\/\\\/solkes.com\\\/de\\\/stadtisch\\\/2022\\\/10\\\/goldminen-des-teufels-ijen\\\/#breadcrumb\",\"itemListElement\":[{\"@type\":\"ListItem\",\"position\":1,\"name\":\"Portada\",\"item\":\"https:\\\/\\\/solkes.com\\\/\"},{\"@type\":\"ListItem\",\"position\":2,\"name\":\"Die Goldminen des Teufels\"}]},{\"@type\":\"WebSite\",\"@id\":\"https:\\\/\\\/solkes.com\\\/#website\",\"url\":\"https:\\\/\\\/solkes.com\\\/\",\"name\":\"Solkes Magazine\",\"description\":\"solkes.com\",\"publisher\":{\"@id\":\"https:\\\/\\\/solkes.com\\\/#organization\"},\"potentialAction\":[{\"@type\":\"SearchAction\",\"target\":{\"@type\":\"EntryPoint\",\"urlTemplate\":\"https:\\\/\\\/solkes.com\\\/?s={search_term_string}\"},\"query-input\":{\"@type\":\"PropertyValueSpecification\",\"valueRequired\":true,\"valueName\":\"search_term_string\"}}],\"inLanguage\":\"de\"},{\"@type\":\"Organization\",\"@id\":\"https:\\\/\\\/solkes.com\\\/#organization\",\"name\":\"Solkes Magazine\",\"url\":\"https:\\\/\\\/solkes.com\\\/\",\"logo\":{\"@type\":\"ImageObject\",\"inLanguage\":\"de\",\"@id\":\"https:\\\/\\\/solkes.com\\\/#\\\/schema\\\/logo\\\/image\\\/\",\"url\":\"https:\\\/\\\/solkes.com\\\/wp-content\\\/uploads\\\/2024\\\/09\\\/logo-SOLKES-820px-x-312px.png\",\"contentUrl\":\"https:\\\/\\\/solkes.com\\\/wp-content\\\/uploads\\\/2024\\\/09\\\/logo-SOLKES-820px-x-312px.png\",\"width\":411,\"height\":303,\"caption\":\"Solkes Magazine\"},\"image\":{\"@id\":\"https:\\\/\\\/solkes.com\\\/#\\\/schema\\\/logo\\\/image\\\/\"},\"sameAs\":[\"https:\\\/\\\/www.facebook.com\\\/solkesmagazinee\\\/\",\"https:\\\/\\\/instagram.com\\\/solkesmagazine\\\/\"]},{\"@type\":\"Person\",\"@id\":\"https:\\\/\\\/solkes.com\\\/#\\\/schema\\\/person\\\/e294a998f7bb76b49b6e91c8e4a66b5c\",\"name\":\"Carlos Eduardo Esquivel Pardo\",\"image\":{\"@type\":\"ImageObject\",\"inLanguage\":\"de\",\"@id\":\"https:\\\/\\\/secure.gravatar.com\\\/avatar\\\/ecf7aab586f5aed169edaf1004670f60b6fed3dc3885345f3451d5a53099d3aa?s=96&d=identicon&r=g\",\"url\":\"https:\\\/\\\/secure.gravatar.com\\\/avatar\\\/ecf7aab586f5aed169edaf1004670f60b6fed3dc3885345f3451d5a53099d3aa?s=96&d=identicon&r=g\",\"contentUrl\":\"https:\\\/\\\/secure.gravatar.com\\\/avatar\\\/ecf7aab586f5aed169edaf1004670f60b6fed3dc3885345f3451d5a53099d3aa?s=96&d=identicon&r=g\",\"caption\":\"Carlos Eduardo Esquivel Pardo\"},\"description\":\"Eduardo es un so\u00f1ador por el pluriverso de visiones que cohabitan este ancho mundo. Viajero, numism\u00e1tico, fot\u00f3grafo y amante de la lectura. Desde hace una d\u00e9cada se dedica a recorrer lugares apartados del mundo de formas no convencionales. Administrador financiero de profesi\u00f3n, buzo profesional, amante del mar y el camping. Actualmente recorre Australia junto a su compa\u00f1era de vida en una camper van, pa\u00eds donde vive desde el 2012.Colombiano de nacimiento y australiano nacionalizado, cree firmemente en el papel fundamental de las peque\u00f1as acciones en los cambios que el mundo necesita para hacerlo un mejor lugar donde vivir. **************************************** Eduardo is a dreamer for the pluriverse of visions that cohabit this wide world. He is a traveler, numismatist, photographer and passionate about reading. For the last decade he has dedicated himself to travel to remote places of the world in unconventional ways. Financial administrator by profession, professional diver, lover of the sea and campi\",\"url\":\"https:\\\/\\\/solkes.com\\\/de\\\/author\\\/carlos-eduardo-esquivel-pardo\\\/\"}]}<\/script>\n<!-- \/ Yoast SEO plugin. -->","yoast_head_json":{"title":"Die Goldminen des Teufels - Solkes Magazine","description":"Die Goldminen des Teufels am Ijen zeigen die gef\u00e4hrliche Realit\u00e4t der Schwefelarbeiter, die f\u00fcr wenige Euro t\u00e4glich ihre Gesundheit riskieren.","robots":{"index":"index","follow":"follow","max-snippet":"max-snippet:-1","max-image-preview":"max-image-preview:large","max-video-preview":"max-video-preview:-1"},"canonical":"https:\/\/solkes.com\/de\/stadtisch\/2022\/10\/goldminen-des-teufels-ijen\/","og_locale":"de_DE","og_type":"article","og_title":"Die Goldminen des Teufels - Solkes Magazine","og_description":"Die Goldminen des Teufels am Ijen zeigen die gef\u00e4hrliche Realit\u00e4t der Schwefelarbeiter, die f\u00fcr wenige Euro t\u00e4glich ihre Gesundheit riskieren.","og_url":"https:\/\/solkes.com\/de\/stadtisch\/2022\/10\/goldminen-des-teufels-ijen\/","og_site_name":"Solkes Magazine","article_publisher":"https:\/\/www.facebook.com\/solkesmagazinee\/","article_published_time":"2022-10-03T08:00:46+00:00","article_modified_time":"2026-09-03T13:40:12+00:00","og_image":[{"width":996,"height":601,"url":"https:\/\/solkes.com\/wp-content\/uploads\/2022\/07\/orodeldiablo-2210_09.jpg","type":"image\/jpeg"}],"author":"Carlos Eduardo Esquivel Pardo","twitter_card":"summary_large_image","twitter_misc":{"Verfasst von":"Carlos Eduardo Esquivel Pardo","Gesch\u00e4tzte Lesezeit":"15\u00a0Minuten"},"schema":{"@context":"https:\/\/schema.org","@graph":[{"@type":"Article","@id":"https:\/\/solkes.com\/de\/stadtisch\/2022\/10\/goldminen-des-teufels-ijen\/#article","isPartOf":{"@id":"https:\/\/solkes.com\/de\/stadtisch\/2022\/10\/goldminen-des-teufels-ijen\/"},"author":{"name":"Carlos Eduardo Esquivel Pardo","@id":"https:\/\/solkes.com\/#\/schema\/person\/e294a998f7bb76b49b6e91c8e4a66b5c"},"headline":"Die Goldminen des Teufels","datePublished":"2022-10-03T08:00:46+00:00","dateModified":"2026-09-03T13:40:12+00:00","mainEntityOfPage":{"@id":"https:\/\/solkes.com\/de\/stadtisch\/2022\/10\/goldminen-des-teufels-ijen\/"},"wordCount":2843,"commentCount":0,"publisher":{"@id":"https:\/\/solkes.com\/#organization"},"image":{"@id":"https:\/\/solkes.com\/de\/stadtisch\/2022\/10\/goldminen-des-teufels-ijen\/#primaryimage"},"thumbnailUrl":"https:\/\/solkes.com\/wp-content\/uploads\/2022\/07\/orodeldiablo-2210_09.jpg","articleSection":["St\u00e4dtisch"],"inLanguage":"de","potentialAction":[{"@type":"CommentAction","name":"Comment","target":["https:\/\/solkes.com\/de\/stadtisch\/2022\/10\/goldminen-des-teufels-ijen\/#respond"]}]},{"@type":"WebPage","@id":"https:\/\/solkes.com\/de\/stadtisch\/2022\/10\/goldminen-des-teufels-ijen\/","url":"https:\/\/solkes.com\/de\/stadtisch\/2022\/10\/goldminen-des-teufels-ijen\/","name":"Die Goldminen des Teufels - Solkes Magazine","isPartOf":{"@id":"https:\/\/solkes.com\/#website"},"primaryImageOfPage":{"@id":"https:\/\/solkes.com\/de\/stadtisch\/2022\/10\/goldminen-des-teufels-ijen\/#primaryimage"},"image":{"@id":"https:\/\/solkes.com\/de\/stadtisch\/2022\/10\/goldminen-des-teufels-ijen\/#primaryimage"},"thumbnailUrl":"https:\/\/solkes.com\/wp-content\/uploads\/2022\/07\/orodeldiablo-2210_09.jpg","datePublished":"2022-10-03T08:00:46+00:00","dateModified":"2026-09-03T13:40:12+00:00","description":"Die Goldminen des Teufels am Ijen zeigen die gef\u00e4hrliche Realit\u00e4t der Schwefelarbeiter, die f\u00fcr wenige Euro t\u00e4glich ihre Gesundheit riskieren.","breadcrumb":{"@id":"https:\/\/solkes.com\/de\/stadtisch\/2022\/10\/goldminen-des-teufels-ijen\/#breadcrumb"},"inLanguage":"de","potentialAction":[{"@type":"ReadAction","target":["https:\/\/solkes.com\/de\/stadtisch\/2022\/10\/goldminen-des-teufels-ijen\/"]}]},{"@type":"ImageObject","inLanguage":"de","@id":"https:\/\/solkes.com\/de\/stadtisch\/2022\/10\/goldminen-des-teufels-ijen\/#primaryimage","url":"https:\/\/solkes.com\/wp-content\/uploads\/2022\/07\/orodeldiablo-2210_09.jpg","contentUrl":"https:\/\/solkes.com\/wp-content\/uploads\/2022\/07\/orodeldiablo-2210_09.jpg","width":996,"height":601,"caption":"Julia Ivania for Unsplah \u00a9 Solkes"},{"@type":"BreadcrumbList","@id":"https:\/\/solkes.com\/de\/stadtisch\/2022\/10\/goldminen-des-teufels-ijen\/#breadcrumb","itemListElement":[{"@type":"ListItem","position":1,"name":"Portada","item":"https:\/\/solkes.com\/"},{"@type":"ListItem","position":2,"name":"Die Goldminen des Teufels"}]},{"@type":"WebSite","@id":"https:\/\/solkes.com\/#website","url":"https:\/\/solkes.com\/","name":"Solkes Magazine","description":"solkes.com","publisher":{"@id":"https:\/\/solkes.com\/#organization"},"potentialAction":[{"@type":"SearchAction","target":{"@type":"EntryPoint","urlTemplate":"https:\/\/solkes.com\/?s={search_term_string}"},"query-input":{"@type":"PropertyValueSpecification","valueRequired":true,"valueName":"search_term_string"}}],"inLanguage":"de"},{"@type":"Organization","@id":"https:\/\/solkes.com\/#organization","name":"Solkes Magazine","url":"https:\/\/solkes.com\/","logo":{"@type":"ImageObject","inLanguage":"de","@id":"https:\/\/solkes.com\/#\/schema\/logo\/image\/","url":"https:\/\/solkes.com\/wp-content\/uploads\/2024\/09\/logo-SOLKES-820px-x-312px.png","contentUrl":"https:\/\/solkes.com\/wp-content\/uploads\/2024\/09\/logo-SOLKES-820px-x-312px.png","width":411,"height":303,"caption":"Solkes Magazine"},"image":{"@id":"https:\/\/solkes.com\/#\/schema\/logo\/image\/"},"sameAs":["https:\/\/www.facebook.com\/solkesmagazinee\/","https:\/\/instagram.com\/solkesmagazine\/"]},{"@type":"Person","@id":"https:\/\/solkes.com\/#\/schema\/person\/e294a998f7bb76b49b6e91c8e4a66b5c","name":"Carlos Eduardo Esquivel Pardo","image":{"@type":"ImageObject","inLanguage":"de","@id":"https:\/\/secure.gravatar.com\/avatar\/ecf7aab586f5aed169edaf1004670f60b6fed3dc3885345f3451d5a53099d3aa?s=96&d=identicon&r=g","url":"https:\/\/secure.gravatar.com\/avatar\/ecf7aab586f5aed169edaf1004670f60b6fed3dc3885345f3451d5a53099d3aa?s=96&d=identicon&r=g","contentUrl":"https:\/\/secure.gravatar.com\/avatar\/ecf7aab586f5aed169edaf1004670f60b6fed3dc3885345f3451d5a53099d3aa?s=96&d=identicon&r=g","caption":"Carlos Eduardo Esquivel Pardo"},"description":"Eduardo es un so\u00f1ador por el pluriverso de visiones que cohabitan este ancho mundo. Viajero, numism\u00e1tico, fot\u00f3grafo y amante de la lectura. Desde hace una d\u00e9cada se dedica a recorrer lugares apartados del mundo de formas no convencionales. Administrador financiero de profesi\u00f3n, buzo profesional, amante del mar y el camping. Actualmente recorre Australia junto a su compa\u00f1era de vida en una camper van, pa\u00eds donde vive desde el 2012.Colombiano de nacimiento y australiano nacionalizado, cree firmemente en el papel fundamental de las peque\u00f1as acciones en los cambios que el mundo necesita para hacerlo un mejor lugar donde vivir. **************************************** Eduardo is a dreamer for the pluriverse of visions that cohabit this wide world. He is a traveler, numismatist, photographer and passionate about reading. For the last decade he has dedicated himself to travel to remote places of the world in unconventional ways. Financial administrator by profession, professional diver, lover of the sea and campi","url":"https:\/\/solkes.com\/de\/author\/carlos-eduardo-esquivel-pardo\/"}]}},"_links":{"self":[{"href":"https:\/\/solkes.com\/de\/wp-json\/wp\/v2\/posts\/34556","targetHints":{"allow":["GET"]}}],"collection":[{"href":"https:\/\/solkes.com\/de\/wp-json\/wp\/v2\/posts"}],"about":[{"href":"https:\/\/solkes.com\/de\/wp-json\/wp\/v2\/types\/post"}],"author":[{"embeddable":true,"href":"https:\/\/solkes.com\/de\/wp-json\/wp\/v2\/users\/120"}],"replies":[{"embeddable":true,"href":"https:\/\/solkes.com\/de\/wp-json\/wp\/v2\/comments?post=34556"}],"version-history":[{"count":1,"href":"https:\/\/solkes.com\/de\/wp-json\/wp\/v2\/posts\/34556\/revisions"}],"predecessor-version":[{"id":34559,"href":"https:\/\/solkes.com\/de\/wp-json\/wp\/v2\/posts\/34556\/revisions\/34559"}],"wp:featuredmedia":[{"embeddable":true,"href":"https:\/\/solkes.com\/de\/wp-json\/wp\/v2\/media\/25694"}],"wp:attachment":[{"href":"https:\/\/solkes.com\/de\/wp-json\/wp\/v2\/media?parent=34556"}],"wp:term":[{"taxonomy":"category","embeddable":true,"href":"https:\/\/solkes.com\/de\/wp-json\/wp\/v2\/categories?post=34556"},{"taxonomy":"post_tag","embeddable":true,"href":"https:\/\/solkes.com\/de\/wp-json\/wp\/v2\/tags?post=34556"}],"curies":[{"name":"wp","href":"https:\/\/api.w.org\/{rel}","templated":true}]}}