{"id":31279,"date":"2021-10-03T10:00:34","date_gmt":"2021-10-03T08:00:34","guid":{"rendered":"https:\/\/solkes.com\/?p=31279"},"modified":"2025-10-30T12:35:27","modified_gmt":"2025-10-30T10:35:27","slug":"die-vielseitigkeit-von-charo-amador-als-fotografin","status":"publish","type":"post","link":"https:\/\/solkes.com\/de\/der-verschluss\/2021\/10\/die-vielseitigkeit-von-charo-amador-als-fotografin\/","title":{"rendered":"Die Vielseitigkeit einer Fotografin: Charo Amador"},"content":{"rendered":"<p><span style=\"color: #138a8d;\">D<\/span>ie Welt der Kunst ist sehr umfangreich, und heute konzentrieren wir uns auf die Fotografie und ihre vielen Nuancen. Heutzutage ist die Welt der Fotografie f\u00fcr fast jeden zug\u00e4nglich \u2013 die meisten von uns besitzen ein Smartphone oder ein Handy mit Kamera. Doch das bedeutet nicht, dass wir alle Fotograf:innen sind oder wirklich verstehen, was ein gutes Foto ausmacht.<\/p>\n<figure id=\"attachment_14471\" aria-describedby=\"caption-attachment-14471\" style=\"width: 996px\" class=\"wp-caption aligncenter\"><img fetchpriority=\"high\" decoding=\"async\" class=\"size-solkes_horizontal wp-image-14472\" src=\"https:\/\/solkes.com\/wp-content\/uploads\/2021\/10\/charo-2110_06.jpg\" alt=\"\" width=\"996\" height=\"601\" \/><figcaption id=\"caption-attachment-14471\" class=\"wp-caption-text\">Charo Amador \u00a9 Solkes<\/figcaption><\/figure>\n<p>Einige Menschen besitzen ein angeborenes Gesp\u00fcr oder Talent und wissen intuitiv, wie ein gutes Foto aussieht.<br \/>\nGenau hier zeigt sich die Vielseitigkeit von Charo Amador als Fotografin \u2013 sie verwandelt Intuition und Vorbereitung in fesselnde Bilder.<\/p>\n<h3><span style=\"color: #138a8d;\"><strong>Die Kunst hinter der Linse<\/strong><\/span><\/h3>\n<p>Menschen, die sich professionell dieser Kunstform widmen, besitzen nicht nur jene nat\u00fcrliche Intuition, sondern bilden sich auch technisch und k\u00fcnstlerisch weiter, um die wundersch\u00f6nen Bilder zu erschaffen, die sie der Welt schenken.<\/p>\n<p>F\u00fcr mich ist jedes fotografische Werk Teil der Kunst \u2013 wegen der Sch\u00f6nheit seiner Bilder.<\/p>\n<p>Doch man muss anerkennen, dass sich die Fotografie in verschiedene Bereiche aufteilt, je nach der Absicht hinter jedem Bild. Deshalb entscheiden sich viele Fotograf:innen daf\u00fcr, sich auf eines dieser Felder zu spezialisieren.<\/p>\n<figure id=\"attachment_14461\" aria-describedby=\"caption-attachment-14461\" style=\"width: 363px\" class=\"wp-caption alignleft\"><img decoding=\"async\" class=\"size-solkes_horizontal wp-image-14462\" src=\"https:\/\/solkes.com\/wp-content\/uploads\/2021\/10\/charo-2110_01.jpg\" alt=\"\" width=\"363\" height=\"601\" \/><figcaption id=\"caption-attachment-14461\" class=\"wp-caption-text\">Charo Amador \u00a9 Solkes<\/figcaption><\/figure>\n<p>Unter den vielen Zweigen dieser faszinierenden Welt finden wir die k\u00fcnstlerische Fotografie, die direkt mit der Malerei verbunden ist und dieselbe Absicht teilt: harmonisch, kontemplativ und dekorativ zu sein.<\/p>\n<p>Wir begegnen auch der Werbefotografie, deren Zweck greifbarer ist \u2013 Produkte visuell zu pr\u00e4sentieren, oft auf subtile und raffinierte Weise, um Aufmerksamkeit zu wecken und Begehrlichkeit zu erzeugen, letztlich mit dem Ziel, den Verkauf zu f\u00f6rdern.<\/p>\n<p>Man k\u00f6nnte denken, dass die Modefotografie zu dieser Kategorie geh\u00f6rt, doch das ist nicht der Fall. Sie ist ein eigenes, sehr weites Feld, das Szenografie, Frisur, Make-up und Styling umfasst \u2013 alles, um einzigartige, trendbestimmende Bilder zu schaffen.<\/p>\n<p>Dann gibt es die Dokumentarfotografie, deren Ziel \u2013 wie der Name schon sagt \u2013 darin besteht, das Leben zu dokumentieren: Situationen und Zust\u00e4nde festzuhalten, die unsere Welt ausmachen \u2013 Natur, menschliches Leben, Tierwelt und vieles mehr.<\/p>\n<p><span style=\"color: #138a8d;\"><a style=\"color: #138a8d;\" href=\"https:\/\/www.digitalcameraworld.com\/tutorials\/portrait-photography-tips\">Portr\u00e4tfotografie<\/a><\/span> versucht, menschliche Z\u00fcge und Essenz einzufangen, w\u00e4hrend Fotojournalismus darauf abzielt, Geschichte zu dokumentieren und Ereignisse unverg\u00e4nglich zu machen.<\/p>\n<p>Die <span style=\"color: #138a8d;\"><a style=\"color: #138a8d;\" href=\"https:\/\/www.airandspace.si.edu\/stories\/editorial\/beginnings-and-basics-aerial-photography\">Luftfotografie<\/a><\/span> erm\u00f6glicht uns, die Welt von oben zu betrachten und eine neue, atemberaubende Perspektive zu gewinnen. Heute werden viele dieser Fotos mit Drohnen aufgenommen. Gleichzeitig \u00f6ffnet die Unterwasserfotografie ein Fenster zu den Wasserwelten in unterschiedlichen Tiefen \u2013 eine meiner pers\u00f6nlichen Favoriten.<\/p>\n<p>Die <span style=\"color: #138a8d;\"><a style=\"color: #138a8d;\" href=\"https:\/\/photographylife.com\/night-photography-tutorial\">Nachtfotografie<\/a><\/span> offenbart die Magie von Sonnenauf- und -unterg\u00e4ngen, weckt eine romantische Stimmung, die die meisten von uns anzieht. Ebenso hebt die Landschaftsfotografie alle Elemente einer Szene gleicherma\u00dfen hervor und zeigt die pure, nat\u00fcrliche Sch\u00f6nheit.<\/p>\n<p>Die astronomische Fotografie f\u00e4ngt die Unermesslichkeit des Weltraums ein und erfordert oft hochentwickelte Ausr\u00fcstung, w\u00e4hrend sich die wissenschaftliche Fotografie darauf konzentriert, Experimente und wissenschaftliche Fortschritte f\u00fcr die Nachwelt festzuhalten.<\/p>\n<p>Die Makrofotografie schlie\u00dflich zeigt die Welt aus n\u00e4chster N\u00e4he und offenbart feine Details, die uns im Alltag h\u00e4ufig entgehen.<\/p>\n<p>Ich muss sagen, dass dieser \u00dcberblick sehr allgemein ist \u2013 innerhalb jedes dieser Bereiche existieren noch viele faszinierende Varianten.<\/p>\n<h3><span style=\"color: #138a8d;\"><strong>Charo Amador<\/strong><\/span><\/h3>\n<p>Nun wollen wir uns der Arbeit eines der angesehensten Mitglieder unseres Teams widmen.<\/p>\n<p>Ehrlich gesagt, trat sie erst nach diesem Interview unserem Team bei \u2013 doch ihre Arbeit vor und au\u00dferhalb des Magazins ist es, was uns wirklich fasziniert.<\/p>\n<p>Rosario Ortega Amador ist eine furchtlose, wertvolle, ausdauernde und zutiefst talentierte Frau. Nach vielen Jahren in Spanien begann sie, sich zu Ehren ihrer Mutter Charo zu nennen und deren Nachnamen als K\u00fcnstlernamen zu verwenden.<\/p>\n<p>So kennen wir sie heute: Charo Amador, eine mexikanische Fotografin, deren Talent beispielhaft f\u00fcr die Vielseitigkeit von Charo Amador als Fotografin steht.<\/p>\n<figure id=\"attachment_14475\" aria-describedby=\"caption-attachment-14475\" style=\"width: 996px\" class=\"wp-caption aligncenter\"><img decoding=\"async\" class=\"size-solkes_horizontal wp-image-14476\" src=\"https:\/\/solkes.com\/wp-content\/uploads\/2021\/10\/charo-2110_08.jpg\" alt=\"\" width=\"996\" height=\"601\" \/><figcaption id=\"caption-attachment-14475\" class=\"wp-caption-text\">Charo Amador \u00a9 Solkes<\/figcaption><\/figure>\n<p>Nachdem sie in Madrid gelebt hatte, zog sie der Liebe wegen in die kleine deutsche Stadt Augsburg, wo sie heute als freiberufliche Fotografin arbeitet.<\/p>\n<h3><span style=\"color: #138a8d;\"><strong>Die Herausforderungen einer Fotografin in Deutschland<\/strong><\/span><\/h3>\n<p>Die erste Herausforderung, der sich unsere liebe Charo Amador stellen musste, war der Kontrast zwischen dem Leben in einer Gro\u00dfstadt wie Madrid und dem Neuanfang in einer kleineren Stadt wie Augsburg.<\/p>\n<figure id=\"attachment_14463\" aria-describedby=\"caption-attachment-14463\" style=\"width: 363px\" class=\"wp-caption alignleft\"><img loading=\"lazy\" decoding=\"async\" class=\"size-solkes_horizontal wp-image-14464\" src=\"https:\/\/solkes.com\/wp-content\/uploads\/2021\/10\/charo-2110_02.jpg\" alt=\"\" width=\"363\" height=\"601\" \/><figcaption id=\"caption-attachment-14463\" class=\"wp-caption-text\">Charo Amador \u00a9 Solkes<\/figcaption><\/figure>\n<p>Auch wenn Augsburg f\u00fcr Einheimische gro\u00df erscheinen mag \u2013 f\u00fcr uns Mexikaner:innen wirkt es klein, mit weniger beruflichen M\u00f6glichkeiten.<br \/>\nDoch, wie Charo sagt: Es ist nicht unm\u00f6glich, sich dort zu behaupten.<\/p>\n<p>Die zweite Herausforderung war die Sprache.<\/p>\n<p>Wie wir bereits in anderen Artikeln besprochen haben, kann die deutsche Sprache eine gro\u00dfe H\u00fcrde darstellen \u2013 eine, die sowohl das pers\u00f6nliche als auch das berufliche Leben beeinflusst.<br \/>\nCharo gibt zu, dass es schwer ist, sich nicht vollst\u00e4ndig in der eigenen Sprache ausdr\u00fccken zu k\u00f6nnen.<\/p>\n<p>Wir sprachen \u00fcber die typischen Schwierigkeiten, mit denen Ausl\u00e4nderinnen in <span style=\"color: #138a8d;\"><a style=\"color: #138a8d;\" href=\"https:\/\/solkes.com\/en\/urban\/2020\/02\/its-all-about-the-brick\/\">Deutschland<\/a><\/span> konfrontiert sind: sich an eine neue Stadt zu gew\u00f6hnen, die Sprache zu lernen, sich an Klima, Essen und soziale Gepflogenheiten anzupassen \u2013 und die Arbeitskultur zu verstehen, die in jedem Beruf anders ist.<\/p>\n<p>Man muss lernen, sich durch die B\u00fcrokratie zu k\u00e4mpfen und die ber\u00fchmten, gef\u00fcrchteten Formulare des Finanzamts auszuf\u00fcllen.<br \/>\nObwohl das anfangs einsch\u00fcchternd klingt, stellte Charo fest, dass es gar nicht so schlimm ist, sobald man das System einmal verstanden hat.<\/p>\n<p>In Mexiko oder <span style=\"color: #138a8d;\"><a style=\"color: #138a8d;\" href=\"https:\/\/solkes.com\/de\/weltenbummler\/2017\/10\/nach-madrid-reisen-ohne-eile\/\">Madrid<\/a><\/span> freiberuflich zu arbeiten, war f\u00fcr sie einfacher, weil dort alles flexibler erschien. In Deutschland f\u00fchlt sie sich manchmal durch die vielen Vorschriften eingeschr\u00e4nkt.<\/p>\n<p>Doch unsere charismatische Charo gibt niemals auf \u2013 zu Hause zu bleiben w\u00e4re f\u00fcr jemanden mit ihrem Tatendrang einfach zu langweilig.<\/p>\n<h3><span style=\"color: #138a8d;\"><strong>Der lateinamerikanische Markt<\/strong><\/span><\/h3>\n<p>Einer der Vorteile, die Charo in Deutschland entdeckt hat, ist die Gr\u00f6\u00dfe des lateinamerikanischen Marktes.<\/p>\n<p>Das betrachtet sie aus zwei Perspektiven: Einerseits hilft es ihr, Kundinnen zu finden; andererseits kann es auch zu einer Komfortzone werden, die die Integration erschwert.<\/p>\n<p>Charo gesteht, dass sie fr\u00fcher Menschen kritisiert hat, die sich nicht in die lokale Kultur integrieren \u2013 bis sie selbst erlebte, wie schwierig das tats\u00e4chlich ist. Soziale Kreise in Deutschland sind oft fest etabliert und nicht besonders offen.<\/p>\n<p>Sie vergleicht das mit Spanien, wo es ebenfalls feste Gruppen gibt, die jedoch tendenziell aufgeschlossener sind.<\/p>\n<p>Dies ist einer der Gr\u00fcnde, warum sich Spanischsprachige im Ausland gegenseitig unterst\u00fctzen und vernetzen. Es erinnert uns an die Vielseitigkeit von Charo Amador als Fotografin, die sich nicht nur k\u00fcnstlerischen, sondern auch kulturellen Herausforderungen anpasst.<\/p>\n<h3><span style=\"color: #138a8d;\"><strong>Spanien<\/strong><\/span><\/h3>\n<p>Charos Ausbildung begann lange vor ihrem Umzug nach Spanien.<\/p>\n<p>Sie studierte Journalismus, nahm an Fotoworkshops teil, besuchte Kurse der Bildenden K\u00fcnste in Veracruz und schrieb sich sp\u00e4ter an einer Schule f\u00fcr filmisches Erz\u00e4hlen ein. Dort arbeitete sie in einem Team, das Dokumentarfilme entwickelte \u2013 von der Erz\u00e4hlung bis zur Produktion \u2013 und seine Arbeiten auf verschiedenen Festivals pr\u00e4sentierte.<\/p>\n<figure id=\"attachment_14473\" aria-describedby=\"caption-attachment-14473\" style=\"width: 996px\" class=\"wp-caption aligncenter\"><img loading=\"lazy\" decoding=\"async\" class=\"size-solkes_horizontal wp-image-14474\" src=\"https:\/\/solkes.com\/wp-content\/uploads\/2021\/10\/charo-2110_07.jpg\" alt=\"\" width=\"996\" height=\"601\" \/><figcaption id=\"caption-attachment-14473\" class=\"wp-caption-text\">Charo Amador \u00a9 Solkes<\/figcaption><\/figure>\n<p>Charo ist dankbar f\u00fcr die hervorragenden Lehrer:innen, die sie auf ihrem Weg begleitet haben.<\/p>\n<p>Sie erinnert sich daran, dass sie seit ihrem 17. Lebensjahr immer eine Kamera in der Hand hatte. Dank ihrer Ausbildung und Leidenschaft entwickelte sie sich schnell professionell in der Welt der Fotografie.<\/p>\n<p>In ihrer Heimatstadt hatte sie zahlreiche Ausstellungen und war sehr aktiv \u2013 Erfahrungen, die ihre Karriere pr\u00e4gten und sie auf zuk\u00fcnftige Erfolge vorbereiteten.<\/p>\n<p>W\u00e4hrend ihrer Zeit in Spanien engagierte sich Charo zunehmend in sozialen Bewegungen \u2013 etwas, das ihr im Blut liegt, denn ihre Familie war schon immer sozial engagiert. Das Leben in Spanien erm\u00f6glichte es ihr, die Energie und Vielfalt sozialer Bewegungen sowohl dort als auch in Mexiko aufzusaugen.<\/p>\n<p>Sie arbeitete weiter an Dokumentarprojekten mit starken Themen.<\/p>\n<p>F\u00fcr Charo spielte die Gr\u00f6\u00dfe eines Projekts nie eine Rolle \u2013 entscheidend war stets seine Botschaft. Eines ihrer Projekte beispielsweise erforschte, wie Frauen ihren eigenen K\u00f6rper wahrnehmen \u2013 ein Thema, das zugleich intim und universell ist.<\/p>\n<h3><span style=\"color: #138a8d;\"><strong>Neuorientierung in Deutschland<\/strong><\/span><\/h3>\n<p>Heute liegt Charos Schwerpunkt auf Familiendokumentationen, doch wann immer m\u00f6glich, widmet sie sich weiterhin sozialen Projekten.<\/p>\n<p>K\u00fcrzlich war sie begeistert, mit The Milk League zusammenzuarbeiten, die sie f\u00fcr eine Fotokampagne zum Thema Stillen engagierte.<br \/>\nDiese Gelegenheit erm\u00f6glichte es ihr, ihre berufliche Erfahrung mit ihrer Leidenschaft f\u00fcr soziale Themen zu verbinden \u2013 ein klares Beispiel f\u00fcr die Vielseitigkeit von Charo Amador als Fotografin.<\/p>\n<figure id=\"attachment_14465\" aria-describedby=\"caption-attachment-14465\" style=\"width: 363px\" class=\"wp-caption alignright\"><img loading=\"lazy\" decoding=\"async\" class=\"size-solkes_horizontal wp-image-14466\" src=\"https:\/\/solkes.com\/wp-content\/uploads\/2021\/10\/charo-2110_03.jpg\" alt=\"\" width=\"363\" height=\"601\" \/><figcaption id=\"caption-attachment-14465\" class=\"wp-caption-text\">Charo Amador \u00a9 Solkes<\/figcaption><\/figure>\n<p>Pers\u00f6nlich sucht sie weiterhin nach Freiheit und Entwicklung.<\/p>\n<p>Derzeit lernt sie Deutsch, arbeitet an ihrem F\u00fchrerschein und sucht nach neuen sozialen Projekten, zu denen sie ihre fotografische Vision beitragen kann.<\/p>\n<p>Charos Haltung zur Arbeit ist eindeutig: Sie liebt, was sie tut, und wird nie damit aufh\u00f6ren.<\/p>\n<p>Soziale Arbeit begeistert sie, doch sie erkennt auch an, dass jede professionelle T\u00e4tigkeit angemessen entlohnt werden sollte \u2013 eine \u00dcberzeugung, die wir voll und ganz teilen.<\/p>\n<p>So lernte ich Charo Amador kennen \u2013 eine charmante Frau mit einer Gegenwart und Zukunft voller Erfolg, mit der man bedeutungsvolle Gespr\u00e4che f\u00fchren und unz\u00e4hlige kreative Projekte schmieden kann.<\/p>\n<h3><strong><span style=\"color: #138a8d;\">Schlussfolgerung<\/span><\/strong><\/h3>\n<p>Die Wertsch\u00e4tzung der Arbeit anderer ist essenziell.<\/p>\n<p>Wenn man eine Unternehmerin oder eine migrantische K\u00fcnstlerin trifft, erkennt man ihren Einsatz doppelt \u2013 oft ohne zu wissen, wie viel Opfer und Ausdauer es gekostet hat, an diesen Punkt zu gelangen.<\/p>\n<p>Die Erfahrung des Migrationslebens f\u00fchrt bei vielen dazu, dass sie ihre Tr\u00e4ume aufgeben \u2013 doch das muss nicht so sein.<\/p>\n<p><span style=\"color: #138a8d;\">C<\/span>haro Amador erinnert uns daran, dass Neuanf\u00e4nge immer m\u00f6glich sind, ganz gleich, wie gro\u00df die Herausforderung ist. Sie hat sich so oft neu erfunden, wie es n\u00f6tig war \u2013 stets auf der Suche nach Freiheit und dabei, das zu tun, was sie am meisten liebt: Fotografie. Und das, mehr als alles andere, ist der wahrste Ausdruck der Vielseitigkeit von Charo Amador als Fotografin.<\/p>\n","protected":false},"excerpt":{"rendered":"<p>Die Welt der Kunst ist sehr umfangreich, und heute konzentrieren wir uns auf die Fotografie und ihre vielen Nuancen. Heutzutage ist die Welt der Fotografie f\u00fcr fast jeden zug\u00e4nglich \u2013 die meisten von uns besitzen ein Smartphone oder ein Handy mit Kamera. Doch das bedeutet nicht, dass wir alle Fotograf:innen sind oder wirklich verstehen, was [&hellip;]<\/p>\n","protected":false},"author":76,"featured_media":25178,"comment_status":"open","ping_status":"open","sticky":false,"template":"","format":"standard","meta":{"_acf_changed":false,"_exactmetrics_skip_tracking":false,"_exactmetrics_sitenote_active":false,"_exactmetrics_sitenote_note":"","_exactmetrics_sitenote_category":0,"site-sidebar-layout":"default","site-content-layout":"default","ast-site-content-layout":"default","site-content-style":"default","site-sidebar-style":"default","ast-global-header-display":"","ast-banner-title-visibility":"","ast-main-header-display":"","ast-hfb-above-header-display":"","ast-hfb-below-header-display":"","ast-hfb-mobile-header-display":"","site-post-title":"","ast-breadcrumbs-content":"","ast-featured-img":"","footer-sml-layout":"","theme-transparent-header-meta":"default","adv-header-id-meta":"","stick-header-meta":"","header-above-stick-meta":"","header-main-stick-meta":"","header-below-stick-meta":"","astra-migrate-meta-layouts":"set","ast-page-background-enabled":"default","ast-page-background-meta":{"desktop":{"background-color":"","background-image":"","background-repeat":"repeat","background-position":"center center","background-size":"auto","background-attachment":"scroll","background-type":"","background-media":"","overlay-type":"","overlay-color":"","overlay-opacity":"","overlay-gradient":""},"tablet":{"background-color":"","background-image":"","background-repeat":"repeat","background-position":"center center","background-size":"auto","background-attachment":"scroll","background-type":"","background-media":"","overlay-type":"","overlay-color":"","overlay-opacity":"","overlay-gradient":""},"mobile":{"background-color":"","background-image":"","background-repeat":"repeat","background-position":"center center","background-size":"auto","background-attachment":"scroll","background-type":"","background-media":"","overlay-type":"","overlay-color":"","overlay-opacity":"","overlay-gradient":""}},"ast-content-background-meta":{"desktop":{"background-color":"var(--ast-global-color-5)","background-image":"","background-repeat":"repeat","background-position":"center center","background-size":"auto","background-attachment":"scroll","background-type":"","background-media":"","overlay-type":"","overlay-color":"","overlay-opacity":"","overlay-gradient":""},"tablet":{"background-color":"var(--ast-global-color-5)","background-image":"","background-repeat":"repeat","background-position":"center center","background-size":"auto","background-attachment":"scroll","background-type":"","background-media":"","overlay-type":"","overlay-color":"","overlay-opacity":"","overlay-gradient":""},"mobile":{"background-color":"var(--ast-global-color-5)","background-image":"","background-repeat":"repeat","background-position":"center center","background-size":"auto","background-attachment":"scroll","background-type":"","background-media":"","overlay-type":"","overlay-color":"","overlay-opacity":"","overlay-gradient":""}},"footnotes":""},"categories":[2934],"tags":[],"class_list":["post-31279","post","type-post","status-publish","format-standard","has-post-thumbnail","hentry","category-der-verschluss"],"acf":[],"yoast_head":"<!-- This site is optimized with the Yoast SEO plugin v27.4 - https:\/\/yoast.com\/product\/yoast-seo-wordpress\/ -->\n<title>Die Vielseitigkeit einer Fotografin: Charo Amador - Solkes Magazine<\/title>\n<meta name=\"description\" content=\"Die Vielseitigkeit von Charo Amador als Fotografin zeigt sich in ihrer Reise voller Kunst, Mut und Neuerfindung durch die Kraft des Bildes.\" \/>\n<meta name=\"robots\" content=\"index, follow, max-snippet:-1, max-image-preview:large, max-video-preview:-1\" \/>\n<link rel=\"canonical\" href=\"https:\/\/solkes.com\/de\/der-verschluss\/2021\/10\/die-vielseitigkeit-von-charo-amador-als-fotografin\/\" \/>\n<meta property=\"og:locale\" content=\"de_DE\" \/>\n<meta property=\"og:type\" content=\"article\" \/>\n<meta property=\"og:title\" content=\"Die Vielseitigkeit einer Fotografin: Charo Amador - Solkes Magazine\" \/>\n<meta property=\"og:description\" content=\"Die Vielseitigkeit von Charo Amador als Fotografin zeigt sich in ihrer Reise voller Kunst, Mut und Neuerfindung durch die Kraft des Bildes.\" \/>\n<meta property=\"og:url\" content=\"https:\/\/solkes.com\/de\/der-verschluss\/2021\/10\/die-vielseitigkeit-von-charo-amador-als-fotografin\/\" \/>\n<meta property=\"og:site_name\" content=\"Solkes Magazine\" \/>\n<meta property=\"article:publisher\" content=\"https:\/\/www.facebook.com\/solkesmagazinee\/\" \/>\n<meta property=\"article:published_time\" content=\"2021-10-03T08:00:34+00:00\" \/>\n<meta property=\"article:modified_time\" content=\"2025-10-30T10:35:27+00:00\" \/>\n<meta property=\"og:image\" content=\"https:\/\/solkes.com\/wp-content\/uploads\/2021\/10\/charo-2110_08.jpg\" \/>\n\t<meta property=\"og:image:width\" content=\"996\" \/>\n\t<meta property=\"og:image:height\" content=\"601\" \/>\n\t<meta property=\"og:image:type\" content=\"image\/jpeg\" \/>\n<meta name=\"author\" content=\"Laura Viera A.\" \/>\n<meta name=\"twitter:card\" content=\"summary_large_image\" \/>\n<meta name=\"twitter:label1\" content=\"Verfasst von\" \/>\n\t<meta name=\"twitter:data1\" content=\"Laura Viera A.\" \/>\n\t<meta name=\"twitter:label2\" content=\"Gesch\u00e4tzte Lesezeit\" \/>\n\t<meta name=\"twitter:data2\" content=\"9\u00a0Minuten\" \/>\n<script type=\"application\/ld+json\" class=\"yoast-schema-graph\">{\"@context\":\"https:\\\/\\\/schema.org\",\"@graph\":[{\"@type\":\"Article\",\"@id\":\"https:\\\/\\\/solkes.com\\\/de\\\/der-verschluss\\\/2021\\\/10\\\/die-vielseitigkeit-von-charo-amador-als-fotografin\\\/#article\",\"isPartOf\":{\"@id\":\"https:\\\/\\\/solkes.com\\\/de\\\/der-verschluss\\\/2021\\\/10\\\/die-vielseitigkeit-von-charo-amador-als-fotografin\\\/\"},\"author\":{\"name\":\"Laura Viera A.\",\"@id\":\"https:\\\/\\\/solkes.com\\\/#\\\/schema\\\/person\\\/54684f1c0bebcaff4d6b3f1ec2e71e91\"},\"headline\":\"Die Vielseitigkeit einer Fotografin: Charo Amador\",\"datePublished\":\"2021-10-03T08:00:34+00:00\",\"dateModified\":\"2025-10-30T10:35:27+00:00\",\"mainEntityOfPage\":{\"@id\":\"https:\\\/\\\/solkes.com\\\/de\\\/der-verschluss\\\/2021\\\/10\\\/die-vielseitigkeit-von-charo-amador-als-fotografin\\\/\"},\"wordCount\":1633,\"commentCount\":0,\"publisher\":{\"@id\":\"https:\\\/\\\/solkes.com\\\/#organization\"},\"image\":{\"@id\":\"https:\\\/\\\/solkes.com\\\/de\\\/der-verschluss\\\/2021\\\/10\\\/die-vielseitigkeit-von-charo-amador-als-fotografin\\\/#primaryimage\"},\"thumbnailUrl\":\"https:\\\/\\\/solkes.com\\\/wp-content\\\/uploads\\\/2021\\\/10\\\/charo-2110_08.jpg\",\"articleSection\":[\"Der Verschluss\"],\"inLanguage\":\"de\",\"potentialAction\":[{\"@type\":\"CommentAction\",\"name\":\"Comment\",\"target\":[\"https:\\\/\\\/solkes.com\\\/de\\\/der-verschluss\\\/2021\\\/10\\\/die-vielseitigkeit-von-charo-amador-als-fotografin\\\/#respond\"]}]},{\"@type\":\"WebPage\",\"@id\":\"https:\\\/\\\/solkes.com\\\/de\\\/der-verschluss\\\/2021\\\/10\\\/die-vielseitigkeit-von-charo-amador-als-fotografin\\\/\",\"url\":\"https:\\\/\\\/solkes.com\\\/de\\\/der-verschluss\\\/2021\\\/10\\\/die-vielseitigkeit-von-charo-amador-als-fotografin\\\/\",\"name\":\"Die Vielseitigkeit einer Fotografin: Charo Amador - Solkes Magazine\",\"isPartOf\":{\"@id\":\"https:\\\/\\\/solkes.com\\\/#website\"},\"primaryImageOfPage\":{\"@id\":\"https:\\\/\\\/solkes.com\\\/de\\\/der-verschluss\\\/2021\\\/10\\\/die-vielseitigkeit-von-charo-amador-als-fotografin\\\/#primaryimage\"},\"image\":{\"@id\":\"https:\\\/\\\/solkes.com\\\/de\\\/der-verschluss\\\/2021\\\/10\\\/die-vielseitigkeit-von-charo-amador-als-fotografin\\\/#primaryimage\"},\"thumbnailUrl\":\"https:\\\/\\\/solkes.com\\\/wp-content\\\/uploads\\\/2021\\\/10\\\/charo-2110_08.jpg\",\"datePublished\":\"2021-10-03T08:00:34+00:00\",\"dateModified\":\"2025-10-30T10:35:27+00:00\",\"description\":\"Die Vielseitigkeit von Charo Amador als Fotografin zeigt sich in ihrer Reise voller Kunst, Mut und Neuerfindung durch die Kraft des Bildes.\",\"breadcrumb\":{\"@id\":\"https:\\\/\\\/solkes.com\\\/de\\\/der-verschluss\\\/2021\\\/10\\\/die-vielseitigkeit-von-charo-amador-als-fotografin\\\/#breadcrumb\"},\"inLanguage\":\"de\",\"potentialAction\":[{\"@type\":\"ReadAction\",\"target\":[\"https:\\\/\\\/solkes.com\\\/de\\\/der-verschluss\\\/2021\\\/10\\\/die-vielseitigkeit-von-charo-amador-als-fotografin\\\/\"]}]},{\"@type\":\"ImageObject\",\"inLanguage\":\"de\",\"@id\":\"https:\\\/\\\/solkes.com\\\/de\\\/der-verschluss\\\/2021\\\/10\\\/die-vielseitigkeit-von-charo-amador-als-fotografin\\\/#primaryimage\",\"url\":\"https:\\\/\\\/solkes.com\\\/wp-content\\\/uploads\\\/2021\\\/10\\\/charo-2110_08.jpg\",\"contentUrl\":\"https:\\\/\\\/solkes.com\\\/wp-content\\\/uploads\\\/2021\\\/10\\\/charo-2110_08.jpg\",\"width\":996,\"height\":601,\"caption\":\"Charo Amador \u00a9 Solkes\"},{\"@type\":\"BreadcrumbList\",\"@id\":\"https:\\\/\\\/solkes.com\\\/de\\\/der-verschluss\\\/2021\\\/10\\\/die-vielseitigkeit-von-charo-amador-als-fotografin\\\/#breadcrumb\",\"itemListElement\":[{\"@type\":\"ListItem\",\"position\":1,\"name\":\"Portada\",\"item\":\"https:\\\/\\\/solkes.com\\\/\"},{\"@type\":\"ListItem\",\"position\":2,\"name\":\"Die Vielseitigkeit einer Fotografin: Charo Amador\"}]},{\"@type\":\"WebSite\",\"@id\":\"https:\\\/\\\/solkes.com\\\/#website\",\"url\":\"https:\\\/\\\/solkes.com\\\/\",\"name\":\"Solkes Magazine\",\"description\":\"solkes.com\",\"publisher\":{\"@id\":\"https:\\\/\\\/solkes.com\\\/#organization\"},\"potentialAction\":[{\"@type\":\"SearchAction\",\"target\":{\"@type\":\"EntryPoint\",\"urlTemplate\":\"https:\\\/\\\/solkes.com\\\/?s={search_term_string}\"},\"query-input\":{\"@type\":\"PropertyValueSpecification\",\"valueRequired\":true,\"valueName\":\"search_term_string\"}}],\"inLanguage\":\"de\"},{\"@type\":\"Organization\",\"@id\":\"https:\\\/\\\/solkes.com\\\/#organization\",\"name\":\"Solkes Magazine\",\"url\":\"https:\\\/\\\/solkes.com\\\/\",\"logo\":{\"@type\":\"ImageObject\",\"inLanguage\":\"de\",\"@id\":\"https:\\\/\\\/solkes.com\\\/#\\\/schema\\\/logo\\\/image\\\/\",\"url\":\"https:\\\/\\\/solkes.com\\\/wp-content\\\/uploads\\\/2024\\\/09\\\/logo-SOLKES-820px-x-312px.png\",\"contentUrl\":\"https:\\\/\\\/solkes.com\\\/wp-content\\\/uploads\\\/2024\\\/09\\\/logo-SOLKES-820px-x-312px.png\",\"width\":411,\"height\":303,\"caption\":\"Solkes Magazine\"},\"image\":{\"@id\":\"https:\\\/\\\/solkes.com\\\/#\\\/schema\\\/logo\\\/image\\\/\"},\"sameAs\":[\"https:\\\/\\\/www.facebook.com\\\/solkesmagazinee\\\/\",\"https:\\\/\\\/instagram.com\\\/solkesmagazine\\\/\"]},{\"@type\":\"Person\",\"@id\":\"https:\\\/\\\/solkes.com\\\/#\\\/schema\\\/person\\\/54684f1c0bebcaff4d6b3f1ec2e71e91\",\"name\":\"Laura Viera A.\",\"image\":{\"@type\":\"ImageObject\",\"inLanguage\":\"de\",\"@id\":\"https:\\\/\\\/secure.gravatar.com\\\/avatar\\\/d7b6a8bb956f5279e99babca11ed31351716b19f59e9e3e989847c0ca9e0c5d9?s=96&d=identicon&r=g\",\"url\":\"https:\\\/\\\/secure.gravatar.com\\\/avatar\\\/d7b6a8bb956f5279e99babca11ed31351716b19f59e9e3e989847c0ca9e0c5d9?s=96&d=identicon&r=g\",\"contentUrl\":\"https:\\\/\\\/secure.gravatar.com\\\/avatar\\\/d7b6a8bb956f5279e99babca11ed31351716b19f59e9e3e989847c0ca9e0c5d9?s=96&d=identicon&r=g\",\"caption\":\"Laura Viera A.\"},\"description\":\"Fundadora y Directora Editorial de Solkes Magazine Es periodista de vocaci\u00f3n y formaci\u00f3n. Estudi\u00f3 Comunicaci\u00f3n Social con \u00e9nfasis en Periodismo en la Pontificia Universidad Javeriana de Bogot\u00e1, Colombia. Desde muy joven sinti\u00f3 una profunda pasi\u00f3n por contar historias, explorar el mundo y dar voz a quienes no la tienen. Su compromiso con los Derechos Humanos ha sido una constante en su trayectoria, participando activamente en proyectos sociales desde temprana edad. Este inter\u00e9s se refleja en el enfoque editorial de Solkes, una revista que prioriza el periodismo independiente, la diversidad cultural y la profundidad narrativa. Laura naci\u00f3 en Bogot\u00e1, vivi\u00f3 tres a\u00f1os en Madrid, Espa\u00f1a, y desde el verano de 2010 reside en Alemania. Esta experiencia multicultural ha enriquecido su perspectiva y ha sido clave para la creaci\u00f3n de una revista triling\u00fce que trasciende fronteras y conecta a lectores de distintas partes del mundo. ******************************************************************************************* Founder and Editorial Director of Solkes Magazine She is a passionate journalist by vocation and training. She studied Mass Communication with an emphasis on Journalism at the Pontificia Universidad Javeriana in Bogot\u00e1, Colombia. From a young age, she was deeply motivated to tell stories, explore the world, and give a voice to those who often go unheard. Her commitment to Human Rights has been a constant throughout her career, actively participating in social projects since early on. This dedication is reflected in Solkes Magazine\u2019s editorial focus on independent journalism, cultural diversity, and in-depth storytelling. Born in Bogot\u00e1, Laura lived in Madrid, Spain for three years, and has been residing in Germany since the summer of 2010. This multicultural experience has enriched her perspective and played a key role in creating a trilingual magazine that transcends borders and connects readers from around the world. ******************************************************************************************* Gr\u00fcnderin und Chefredakteurin von Solkes Magazine Laura Viera ist eine leidenschaftliche Journalistin aus Berufung und Ausbildung. Sie hat Soziale Kommunikation mit Schwerpunkt Journalismus an der Pontificia Universidad Javeriana in Bogot\u00e1, Kolumbien, studiert. Schon in jungen Jahren war sie stark motiviert, Geschichten zu erz\u00e4hlen, die Welt zu erkunden und denen eine Stimme zu geben, die oft ungeh\u00f6rt bleiben. Ihr Engagement f\u00fcr Menschenrechte begleitet sie seit Beginn ihrer Laufbahn. Sie war von Anfang an aktiv an sozialen Projekten beteiligt. Dieses Engagement spiegelt sich auch im redaktionellen Fokus von Solkes Magazine wider, das unabh\u00e4ngigen Journalismus, kulturelle Vielfalt und tiefgr\u00fcndiges Erz\u00e4hlen in den Vordergrund stellt. Geboren in Bogot\u00e1, lebte Laura drei Jahre in Madrid, Spanien, und lebt seit Sommer 2010 in Deutschland. Diese multikulturelle Erfahrung hat ihre Perspektive bereichert und war entscheidend bei der Gr\u00fcndung eines dreisprachigen Magazins, das Grenzen \u00fcberschreitet und Leser weltweit verbindet.\",\"sameAs\":[\"http:\\\/\\\/www.solkes.com\"],\"url\":\"https:\\\/\\\/solkes.com\\\/de\\\/author\\\/lauraviera2019\\\/\"}]}<\/script>\n<!-- \/ Yoast SEO plugin. -->","yoast_head_json":{"title":"Die Vielseitigkeit einer Fotografin: Charo Amador - Solkes Magazine","description":"Die Vielseitigkeit von Charo Amador als Fotografin zeigt sich in ihrer Reise voller Kunst, Mut und Neuerfindung durch die Kraft des Bildes.","robots":{"index":"index","follow":"follow","max-snippet":"max-snippet:-1","max-image-preview":"max-image-preview:large","max-video-preview":"max-video-preview:-1"},"canonical":"https:\/\/solkes.com\/de\/der-verschluss\/2021\/10\/die-vielseitigkeit-von-charo-amador-als-fotografin\/","og_locale":"de_DE","og_type":"article","og_title":"Die Vielseitigkeit einer Fotografin: Charo Amador - Solkes Magazine","og_description":"Die Vielseitigkeit von Charo Amador als Fotografin zeigt sich in ihrer Reise voller Kunst, Mut und Neuerfindung durch die Kraft des Bildes.","og_url":"https:\/\/solkes.com\/de\/der-verschluss\/2021\/10\/die-vielseitigkeit-von-charo-amador-als-fotografin\/","og_site_name":"Solkes Magazine","article_publisher":"https:\/\/www.facebook.com\/solkesmagazinee\/","article_published_time":"2021-10-03T08:00:34+00:00","article_modified_time":"2025-10-30T10:35:27+00:00","og_image":[{"width":996,"height":601,"url":"https:\/\/solkes.com\/wp-content\/uploads\/2021\/10\/charo-2110_08.jpg","type":"image\/jpeg"}],"author":"Laura Viera A.","twitter_card":"summary_large_image","twitter_misc":{"Verfasst von":"Laura Viera A.","Gesch\u00e4tzte Lesezeit":"9\u00a0Minuten"},"schema":{"@context":"https:\/\/schema.org","@graph":[{"@type":"Article","@id":"https:\/\/solkes.com\/de\/der-verschluss\/2021\/10\/die-vielseitigkeit-von-charo-amador-als-fotografin\/#article","isPartOf":{"@id":"https:\/\/solkes.com\/de\/der-verschluss\/2021\/10\/die-vielseitigkeit-von-charo-amador-als-fotografin\/"},"author":{"name":"Laura Viera A.","@id":"https:\/\/solkes.com\/#\/schema\/person\/54684f1c0bebcaff4d6b3f1ec2e71e91"},"headline":"Die Vielseitigkeit einer Fotografin: Charo Amador","datePublished":"2021-10-03T08:00:34+00:00","dateModified":"2025-10-30T10:35:27+00:00","mainEntityOfPage":{"@id":"https:\/\/solkes.com\/de\/der-verschluss\/2021\/10\/die-vielseitigkeit-von-charo-amador-als-fotografin\/"},"wordCount":1633,"commentCount":0,"publisher":{"@id":"https:\/\/solkes.com\/#organization"},"image":{"@id":"https:\/\/solkes.com\/de\/der-verschluss\/2021\/10\/die-vielseitigkeit-von-charo-amador-als-fotografin\/#primaryimage"},"thumbnailUrl":"https:\/\/solkes.com\/wp-content\/uploads\/2021\/10\/charo-2110_08.jpg","articleSection":["Der Verschluss"],"inLanguage":"de","potentialAction":[{"@type":"CommentAction","name":"Comment","target":["https:\/\/solkes.com\/de\/der-verschluss\/2021\/10\/die-vielseitigkeit-von-charo-amador-als-fotografin\/#respond"]}]},{"@type":"WebPage","@id":"https:\/\/solkes.com\/de\/der-verschluss\/2021\/10\/die-vielseitigkeit-von-charo-amador-als-fotografin\/","url":"https:\/\/solkes.com\/de\/der-verschluss\/2021\/10\/die-vielseitigkeit-von-charo-amador-als-fotografin\/","name":"Die Vielseitigkeit einer Fotografin: Charo Amador - Solkes Magazine","isPartOf":{"@id":"https:\/\/solkes.com\/#website"},"primaryImageOfPage":{"@id":"https:\/\/solkes.com\/de\/der-verschluss\/2021\/10\/die-vielseitigkeit-von-charo-amador-als-fotografin\/#primaryimage"},"image":{"@id":"https:\/\/solkes.com\/de\/der-verschluss\/2021\/10\/die-vielseitigkeit-von-charo-amador-als-fotografin\/#primaryimage"},"thumbnailUrl":"https:\/\/solkes.com\/wp-content\/uploads\/2021\/10\/charo-2110_08.jpg","datePublished":"2021-10-03T08:00:34+00:00","dateModified":"2025-10-30T10:35:27+00:00","description":"Die Vielseitigkeit von Charo Amador als Fotografin zeigt sich in ihrer Reise voller Kunst, Mut und Neuerfindung durch die Kraft des Bildes.","breadcrumb":{"@id":"https:\/\/solkes.com\/de\/der-verschluss\/2021\/10\/die-vielseitigkeit-von-charo-amador-als-fotografin\/#breadcrumb"},"inLanguage":"de","potentialAction":[{"@type":"ReadAction","target":["https:\/\/solkes.com\/de\/der-verschluss\/2021\/10\/die-vielseitigkeit-von-charo-amador-als-fotografin\/"]}]},{"@type":"ImageObject","inLanguage":"de","@id":"https:\/\/solkes.com\/de\/der-verschluss\/2021\/10\/die-vielseitigkeit-von-charo-amador-als-fotografin\/#primaryimage","url":"https:\/\/solkes.com\/wp-content\/uploads\/2021\/10\/charo-2110_08.jpg","contentUrl":"https:\/\/solkes.com\/wp-content\/uploads\/2021\/10\/charo-2110_08.jpg","width":996,"height":601,"caption":"Charo Amador \u00a9 Solkes"},{"@type":"BreadcrumbList","@id":"https:\/\/solkes.com\/de\/der-verschluss\/2021\/10\/die-vielseitigkeit-von-charo-amador-als-fotografin\/#breadcrumb","itemListElement":[{"@type":"ListItem","position":1,"name":"Portada","item":"https:\/\/solkes.com\/"},{"@type":"ListItem","position":2,"name":"Die Vielseitigkeit einer Fotografin: Charo Amador"}]},{"@type":"WebSite","@id":"https:\/\/solkes.com\/#website","url":"https:\/\/solkes.com\/","name":"Solkes Magazine","description":"solkes.com","publisher":{"@id":"https:\/\/solkes.com\/#organization"},"potentialAction":[{"@type":"SearchAction","target":{"@type":"EntryPoint","urlTemplate":"https:\/\/solkes.com\/?s={search_term_string}"},"query-input":{"@type":"PropertyValueSpecification","valueRequired":true,"valueName":"search_term_string"}}],"inLanguage":"de"},{"@type":"Organization","@id":"https:\/\/solkes.com\/#organization","name":"Solkes Magazine","url":"https:\/\/solkes.com\/","logo":{"@type":"ImageObject","inLanguage":"de","@id":"https:\/\/solkes.com\/#\/schema\/logo\/image\/","url":"https:\/\/solkes.com\/wp-content\/uploads\/2024\/09\/logo-SOLKES-820px-x-312px.png","contentUrl":"https:\/\/solkes.com\/wp-content\/uploads\/2024\/09\/logo-SOLKES-820px-x-312px.png","width":411,"height":303,"caption":"Solkes Magazine"},"image":{"@id":"https:\/\/solkes.com\/#\/schema\/logo\/image\/"},"sameAs":["https:\/\/www.facebook.com\/solkesmagazinee\/","https:\/\/instagram.com\/solkesmagazine\/"]},{"@type":"Person","@id":"https:\/\/solkes.com\/#\/schema\/person\/54684f1c0bebcaff4d6b3f1ec2e71e91","name":"Laura Viera A.","image":{"@type":"ImageObject","inLanguage":"de","@id":"https:\/\/secure.gravatar.com\/avatar\/d7b6a8bb956f5279e99babca11ed31351716b19f59e9e3e989847c0ca9e0c5d9?s=96&d=identicon&r=g","url":"https:\/\/secure.gravatar.com\/avatar\/d7b6a8bb956f5279e99babca11ed31351716b19f59e9e3e989847c0ca9e0c5d9?s=96&d=identicon&r=g","contentUrl":"https:\/\/secure.gravatar.com\/avatar\/d7b6a8bb956f5279e99babca11ed31351716b19f59e9e3e989847c0ca9e0c5d9?s=96&d=identicon&r=g","caption":"Laura Viera A."},"description":"Fundadora y Directora Editorial de Solkes Magazine Es periodista de vocaci\u00f3n y formaci\u00f3n. Estudi\u00f3 Comunicaci\u00f3n Social con \u00e9nfasis en Periodismo en la Pontificia Universidad Javeriana de Bogot\u00e1, Colombia. Desde muy joven sinti\u00f3 una profunda pasi\u00f3n por contar historias, explorar el mundo y dar voz a quienes no la tienen. Su compromiso con los Derechos Humanos ha sido una constante en su trayectoria, participando activamente en proyectos sociales desde temprana edad. Este inter\u00e9s se refleja en el enfoque editorial de Solkes, una revista que prioriza el periodismo independiente, la diversidad cultural y la profundidad narrativa. Laura naci\u00f3 en Bogot\u00e1, vivi\u00f3 tres a\u00f1os en Madrid, Espa\u00f1a, y desde el verano de 2010 reside en Alemania. Esta experiencia multicultural ha enriquecido su perspectiva y ha sido clave para la creaci\u00f3n de una revista triling\u00fce que trasciende fronteras y conecta a lectores de distintas partes del mundo. ******************************************************************************************* Founder and Editorial Director of Solkes Magazine She is a passionate journalist by vocation and training. She studied Mass Communication with an emphasis on Journalism at the Pontificia Universidad Javeriana in Bogot\u00e1, Colombia. From a young age, she was deeply motivated to tell stories, explore the world, and give a voice to those who often go unheard. Her commitment to Human Rights has been a constant throughout her career, actively participating in social projects since early on. This dedication is reflected in Solkes Magazine\u2019s editorial focus on independent journalism, cultural diversity, and in-depth storytelling. Born in Bogot\u00e1, Laura lived in Madrid, Spain for three years, and has been residing in Germany since the summer of 2010. This multicultural experience has enriched her perspective and played a key role in creating a trilingual magazine that transcends borders and connects readers from around the world. ******************************************************************************************* Gr\u00fcnderin und Chefredakteurin von Solkes Magazine Laura Viera ist eine leidenschaftliche Journalistin aus Berufung und Ausbildung. Sie hat Soziale Kommunikation mit Schwerpunkt Journalismus an der Pontificia Universidad Javeriana in Bogot\u00e1, Kolumbien, studiert. Schon in jungen Jahren war sie stark motiviert, Geschichten zu erz\u00e4hlen, die Welt zu erkunden und denen eine Stimme zu geben, die oft ungeh\u00f6rt bleiben. Ihr Engagement f\u00fcr Menschenrechte begleitet sie seit Beginn ihrer Laufbahn. Sie war von Anfang an aktiv an sozialen Projekten beteiligt. Dieses Engagement spiegelt sich auch im redaktionellen Fokus von Solkes Magazine wider, das unabh\u00e4ngigen Journalismus, kulturelle Vielfalt und tiefgr\u00fcndiges Erz\u00e4hlen in den Vordergrund stellt. Geboren in Bogot\u00e1, lebte Laura drei Jahre in Madrid, Spanien, und lebt seit Sommer 2010 in Deutschland. Diese multikulturelle Erfahrung hat ihre Perspektive bereichert und war entscheidend bei der Gr\u00fcndung eines dreisprachigen Magazins, das Grenzen \u00fcberschreitet und Leser weltweit verbindet.","sameAs":["http:\/\/www.solkes.com"],"url":"https:\/\/solkes.com\/de\/author\/lauraviera2019\/"}]}},"_links":{"self":[{"href":"https:\/\/solkes.com\/de\/wp-json\/wp\/v2\/posts\/31279","targetHints":{"allow":["GET"]}}],"collection":[{"href":"https:\/\/solkes.com\/de\/wp-json\/wp\/v2\/posts"}],"about":[{"href":"https:\/\/solkes.com\/de\/wp-json\/wp\/v2\/types\/post"}],"author":[{"embeddable":true,"href":"https:\/\/solkes.com\/de\/wp-json\/wp\/v2\/users\/76"}],"replies":[{"embeddable":true,"href":"https:\/\/solkes.com\/de\/wp-json\/wp\/v2\/comments?post=31279"}],"version-history":[{"count":1,"href":"https:\/\/solkes.com\/de\/wp-json\/wp\/v2\/posts\/31279\/revisions"}],"predecessor-version":[{"id":31286,"href":"https:\/\/solkes.com\/de\/wp-json\/wp\/v2\/posts\/31279\/revisions\/31286"}],"wp:featuredmedia":[{"embeddable":true,"href":"https:\/\/solkes.com\/de\/wp-json\/wp\/v2\/media\/25178"}],"wp:attachment":[{"href":"https:\/\/solkes.com\/de\/wp-json\/wp\/v2\/media?parent=31279"}],"wp:term":[{"taxonomy":"category","embeddable":true,"href":"https:\/\/solkes.com\/de\/wp-json\/wp\/v2\/categories?post=31279"},{"taxonomy":"post_tag","embeddable":true,"href":"https:\/\/solkes.com\/de\/wp-json\/wp\/v2\/tags?post=31279"}],"curies":[{"name":"wp","href":"https:\/\/api.w.org\/{rel}","templated":true}]}}