{"id":31271,"date":"2025-12-13T10:16:41","date_gmt":"2025-12-13T08:16:41","guid":{"rendered":"https:\/\/solkes.com\/?p=31271"},"modified":"2025-11-17T14:27:30","modified_gmt":"2025-11-17T12:27:30","slug":"die-macht-des-bildes","status":"publish","type":"post","link":"https:\/\/solkes.com\/de\/der-verschluss\/2025\/12\/die-macht-des-bildes\/","title":{"rendered":"Die Macht des Bildes"},"content":{"rendered":"<p><span style=\"color: #138a8d;\">D<\/span>ie Fotografie bietet uns ein einzigartiges Fenster zur Seele der Welt. In jedem Bild steckt Bedeutung \u2013 sie formt unsere Art, alles um uns herum zu sehen. Tag f\u00fcr Tag illustrieren Fotografien nicht nur, sondern interpretieren die Realit\u00e4t. Wir leben umgeben von Bildausschnitten, die bestimmen, was wir erinnern und was wir vergessen. In diesem Sinne ist das Bild kein Spiegel: Es ist eine Konstruktion von Sinn. Die Macht des Bildes liegt nicht nur in dem, was es zeigt, sondern in dem, was es andeutet. Der Bildausschnitt grenzt ein, die Tiefensch\u00e4rfe ordnet, und das Licht formt die Emotion. Seine Macht zu verstehen bedeutet, zu begreifen, wie Technik, Blick und Intention miteinander verwoben sind, um die Gegenwart zu erz\u00e4hlen.<\/p>\n<h3><span style=\"color: #138a8d;\"><strong>Die Fotografie<\/strong><\/span><\/h3>\n<p>Beginnen wir beim Ursprung des Wortes. \u201eFotografie\u201c stammt aus dem Griechischen: phos bedeutet \u201eLicht\u201c, graphos \u201eSchrift\u201c. In ihrer reinsten Form bedeutet Fotografieren also, mit Licht zu schreiben \u2013 einen Moment auf die Oberfl\u00e4che der Zeit zu zeichnen. So entsteht jedes Bild aus der Begegnung zwischen Helligkeit und Schatten, zwischen Sichtbarem und Unsichtbarem.<\/p>\n<figure id=\"attachment_31321\" aria-describedby=\"caption-attachment-31321\" style=\"width: 374px\" class=\"wp-caption alignright\"><img fetchpriority=\"high\" decoding=\"async\" class=\"size-solkes_horizontal wp-image-31321\" src=\"https:\/\/solkes.com\/wp-content\/uploads\/2025\/12\/el-poder-de-la-imagen-2505-02-374x601.jpg\" alt=\"\" width=\"374\" height=\"601\" srcset=\"https:\/\/solkes.com\/wp-content\/uploads\/2025\/12\/el-poder-de-la-imagen-2505-02-374x601.jpg 374w, https:\/\/solkes.com\/wp-content\/uploads\/2025\/12\/el-poder-de-la-imagen-2505-02-187x300.jpg 187w, https:\/\/solkes.com\/wp-content\/uploads\/2025\/12\/el-poder-de-la-imagen-2505-02.jpg 620w, https:\/\/solkes.com\/wp-content\/uploads\/2025\/12\/el-poder-de-la-imagen-2505-02-299x480.jpg 299w\" sizes=\"(max-width: 374px) 100vw, 374px\" \/><figcaption id=\"caption-attachment-31321\" class=\"wp-caption-text\">TuBong for Unsplash \u00a9 Solkes<\/figcaption><\/figure>\n<p>Seit ihrer Entstehung ist die Fotografie ein Tanz zwischen Wissenschaft und Kunst. Ihr technisches Prinzip \u2013 die Camera obscura \u2013 ist fast eine Metapher des Sehens. Es ist ein geschlossener Raum, in den das Licht durch eine kleine \u00d6ffnung f\u00e4llt und auf der gegen\u00fcberliegenden Seite eine umgekehrte Version der Welt projiziert.<\/p>\n<p>Vieles hat sich ver\u00e4ndert. Doch auch moderne Kameras haben diese uralte Magie nicht verloren \u2013 sie haben sie nur verfeinert. Sie haben Linsen hinzugef\u00fcgt, um den Fokus zu sch\u00e4rfen, Spiegel, um das Bild zu korrigieren, und digitale Sensoren, die die alten lichtempfindlichen Platten ersetzen. Doch das Wunder bleibt dasselbe: Das Licht, das das Reale ber\u00fchrt, wird zu Erinnerung.<\/p>\n<p>Bevor es Kameras gab, wie wir sie heute kennen, waren die ersten Versuche, Bilder festzuhalten, chemisch und m\u00fchsam.<\/p>\n<p>Die Heliogravur und das Daguerreotyp (19. Jahrhundert) waren die ersten Schritte hin zu einer visuellen Revolution. Obwohl zerbrechlich und kostspielig, \u00f6ffneten sie den Weg zu neuen Arten des Sehens. Mit ihnen erkannte der Mensch, dass er die Zeit anhalten und die Spur der Existenz sichtbar machen konnte.<\/p>\n<p>Der Aufstieg der Fotografie fiel mit dem Beginn der industriellen Moderne und des positivistischen Denkens zusammen.<\/p>\n<figure id=\"attachment_31294\" aria-describedby=\"caption-attachment-31294\" style=\"width: 374px\" class=\"wp-caption alignleft\"><img decoding=\"async\" class=\"size-solkes_horizontal wp-image-31294\" src=\"https:\/\/solkes.com\/wp-content\/uploads\/2025\/12\/el-poder-de-la-imagen-2505-11-374x601.jpg\" alt=\"Nicol\u00e1s Cham\u00e1s T\u00fcrk tomando fotos Berlin. \" width=\"374\" height=\"601\" srcset=\"https:\/\/solkes.com\/wp-content\/uploads\/2025\/12\/el-poder-de-la-imagen-2505-11-374x601.jpg 374w, https:\/\/solkes.com\/wp-content\/uploads\/2025\/12\/el-poder-de-la-imagen-2505-11-187x300.jpg 187w, https:\/\/solkes.com\/wp-content\/uploads\/2025\/12\/el-poder-de-la-imagen-2505-11.jpg 620w, https:\/\/solkes.com\/wp-content\/uploads\/2025\/12\/el-poder-de-la-imagen-2505-11-299x480.jpg 299w\" sizes=\"(max-width: 374px) 100vw, 374px\" \/><figcaption id=\"caption-attachment-31294\" class=\"wp-caption-text\">Laura Viera A \u00a9 Solkes<\/figcaption><\/figure>\n<p>In dieser Zeit wurde die Kamera zu einem Werkzeug des Wissens, der Messung und der Dokumentation. Man suchte nach Objektivit\u00e4t, nach Beweis, nach Dokumentation.<\/p>\n<p>Doch bald schon \u00fcberschritt die Fotografie ihr wissenschaftliches Ziel. In ihren sensibelsten H\u00e4nden wurde Licht zu Emotion, Erz\u00e4hlung und Poesie.<\/p>\n<p>Die Erfinder des 19. Jahrhunderts verbesserten Technik und Materialien. Vom nassen Kollodiumverfahren ging man zu trockenen Silberbromidplatten \u00fcber. 1888 brachte Kodak den ersten Rollfilm auf den Markt \u2013 eine Revolution, die das Sehen demokratisierte. Seitdem ist jeder Ausl\u00f6serdruck ein Echo jener ersten Offenbarung: der Entdeckung, dass Licht erz\u00e4hlen kann.<\/p>\n<p>So entstand die Fotografie \u2013 aus einer Mischung aus wissenschaftlicher Neugier und menschlichem Staunen. Und obwohl Kameras heute digital sind und Labore in der Cloud existieren, bleibt die Geste dieselbe. Fotografieren ist ein Akt des Glaubens. Es bedeutet, zu glauben, dass Licht f\u00fcr einen Moment die Zeit anhalten kann.<\/p>\n<h3><span style=\"color: #138a8d;\"><strong>Die Technik als Sprache<\/strong><\/span><\/h3>\n<p>Technik ist nicht nur ein Werkzeug \u2013 sie ist eine Ausdrucksform. Jeder Fotograf schreibt mit Licht, aber auch mit Absicht. Der Bildausschnitt grenzt ein, das Licht interpretiert, und die Belichtung \u00fcbersetzt Emotionen. Was wie eine einfache technische Entscheidung wirkt \u2013 die Blende zu \u00f6ffnen, das Objektiv zu bewegen, den ISO-Wert anzupassen \u2013, wird zu einer Aussage von Bedeutung.<\/p>\n<p>Seit den ersten Daguerreotypien (bei denen das Bild auf einer polierten Silberoberfl\u00e4che entsteht) bis hin zur digitalen Fotografie war die Technik stets die Br\u00fccke zwischen Realit\u00e4t und menschlichem Blick.<\/p>\n<figure id=\"attachment_31291\" aria-describedby=\"caption-attachment-31291\" style=\"width: 965px\" class=\"wp-caption aligncenter\"><img decoding=\"async\" class=\"size-solkes_horizontal wp-image-31291\" src=\"https:\/\/solkes.com\/wp-content\/uploads\/2025\/12\/el-poder-de-la-imagen-2505-12-965x601.jpg\" alt=\"Nicol\u00e1s Cham\u00e1s T\u00fcrk tomando fotos Berlin. \" width=\"965\" height=\"601\" srcset=\"https:\/\/solkes.com\/wp-content\/uploads\/2025\/12\/el-poder-de-la-imagen-2505-12-965x601.jpg 965w, https:\/\/solkes.com\/wp-content\/uploads\/2025\/12\/el-poder-de-la-imagen-2505-12-300x187.jpg 300w, https:\/\/solkes.com\/wp-content\/uploads\/2025\/12\/el-poder-de-la-imagen-2505-12-768x478.jpg 768w, https:\/\/solkes.com\/wp-content\/uploads\/2025\/12\/el-poder-de-la-imagen-2505-12.jpg 996w, https:\/\/solkes.com\/wp-content\/uploads\/2025\/12\/el-poder-de-la-imagen-2505-12-320x199.jpg 320w\" sizes=\"(max-width: 965px) 100vw, 965px\" \/><figcaption id=\"caption-attachment-31291\" class=\"wp-caption-text\">Laura Viera A \u00a9 Solkes<\/figcaption><\/figure>\n<p>Doch Fotografieren bedeutet nicht nur, ein Ger\u00e4t zu beherrschen. Es bedeutet zu verstehen, dass jede technische Entscheidung bestimmt, was das Bild sagt, wie es spricht \u2013 und vor allem, was es verschweigt.<\/p>\n<p>Ein gutes Foto entsteht nicht allein aus Talent, sondern aus Bewusstsein f\u00fcr die Form. In ihr wird die Technik zur Sprache, und die Sprache zur Wahrheit.<\/p>\n<p>Jede <span style=\"color: #138a8d;\"><a style=\"color: #138a8d;\" href=\"https:\/\/solkes.com\/de\/der-verschluss\/2021\/10\/die-vielseitigkeit-von-charo-amador-als-fotografin\/\">Fotografie<\/a><\/span> beginnt mit einer Entscheidung: Was wird gezeigt \u2013 und was bleibt drau\u00dfen?<\/p>\n<p>Der Ausschnitt ist nie unschuldig. Das Licht ist nie neutral. Die Technik ist kein Schmuck, sondern das Skelett der Botschaft. Alles hat einen Grund. Jedes Bild enth\u00e4lt eine unsichtbare Architektur aus Entscheidungen. In dieser stillen Ordnung aus Licht und Schatten formt der Fotograf die Welt.<\/p>\n<figure id=\"attachment_31318\" aria-describedby=\"caption-attachment-31318\" style=\"width: 374px\" class=\"wp-caption alignright\"><img loading=\"lazy\" decoding=\"async\" class=\"size-solkes_horizontal wp-image-31318\" src=\"https:\/\/solkes.com\/wp-content\/uploads\/2025\/12\/el-poder-de-la-imagen-2505-03-374x601.jpg\" alt=\"\" width=\"374\" height=\"601\" srcset=\"https:\/\/solkes.com\/wp-content\/uploads\/2025\/12\/el-poder-de-la-imagen-2505-03-374x601.jpg 374w, https:\/\/solkes.com\/wp-content\/uploads\/2025\/12\/el-poder-de-la-imagen-2505-03-187x300.jpg 187w, https:\/\/solkes.com\/wp-content\/uploads\/2025\/12\/el-poder-de-la-imagen-2505-03.jpg 620w, https:\/\/solkes.com\/wp-content\/uploads\/2025\/12\/el-poder-de-la-imagen-2505-03-299x480.jpg 299w\" sizes=\"(max-width: 374px) 100vw, 374px\" \/><figcaption id=\"caption-attachment-31318\" class=\"wp-caption-text\">Bailey Mahon for Unsplash \u00a9 Solkes<\/figcaption><\/figure>\n<p>Komposition und Licht besitzen die Macht, das Allt\u00e4gliche in ein Symbol zu verwandeln. Ein starker Schatten kann Gefahr oder Melancholie andeuten; eine helle Belichtung Reinheit oder Hoffnung. Die Technik ist keine Zierde \u2013 sie ist die Sprache der Emotion. Sie versch\u00f6nert nicht: Sie kommuniziert.<\/p>\n<p>Die k\u00fcnstlerische Fotografie entsteht aus tiefer Intention. Sie will nicht dokumentieren oder verkaufen, sondern f\u00fchlen \u2013 und Gef\u00fchle wecken. Jedes Bild ist eine intime Antwort des Fotografen auf die Welt: eine Emotion, \u00fcbersetzt in Licht, eine Idee, verwandelt in Form.<\/p>\n<p>Deshalb nennt man sie Kunst. Denn Kunst entsteht aus dem Wunsch, das Unsichtbare sichtbar zu machen \u2013 dem, was der allt\u00e4gliche Blick nicht erfasst, Bedeutung zu verleihen. In der k\u00fcnstlerischen Fotografie geschieht nichts zuf\u00e4llig. Jeder Bildausschnitt, jeder Schatten, jedes visuelle Schweigen folgt einem poetischen Willen: die Realit\u00e4t in Erfahrung zu verwandeln.<\/p>\n<p>Diese Intention unterscheidet die k\u00fcnstlerische Fotografie von anderen Genres. Die Dokumentarfotografie sucht Objektivit\u00e4t, die Werbefotografie hebt ein Produkt hervor. Die k\u00fcnstlerische Fotografie erlaubt sich Freiheit \u2013 sie reproduziert nicht, sie interpretiert. Sie informiert nicht, sie evoziert. Und in diesem Unterschied liegt ihr zutiefst menschliches Potenzial.<\/p>\n<p>Im Bereich des Fotojournalismus erh\u00e4lt diese Kommunikation eine ethische Dimension.<\/p>\n<p>Im Fotojournalismus ist Ethik keine Option \u2013 sie ist seine Wirbels\u00e4ule. Von ihr h\u00e4ngen Glaubw\u00fcrdigkeit und Integrit\u00e4t jener ab, die die Welt in Bildern erz\u00e4hlen. Der Realit\u00e4t treu zu bleiben, die W\u00fcrde der Abgebildeten zu respektieren und Manipulation zu vermeiden, sind nicht nur Regeln, sondern Verpflichtungen gegen\u00fcber der Wahrheit. Die ethische Verantwortung sch\u00fctzt nicht nur die Abgebildeten, sondern auch den Wert der visuellen Erz\u00e4hlung.<\/p>\n<p>Ein starker Kontrast kann Spannung oder Dringlichkeit vermitteln, w\u00e4hrend weiches Licht selbst Konflikte menschlich erscheinen l\u00e4sst. Hier steht der Fotograf st\u00e4ndig vor einem Dilemma: Wie kann er die H\u00e4rte der Realit\u00e4t \u00fcbersetzen, ohne ihr die Menschlichkeit zu nehmen?<\/p>\n<p>Der Fotojournalismus ist ein komplexes und leidenschaftliches Feld. Sein Ziel ist es nicht nur, Bilder aufzunehmen, sondern visuelle Geschichten unserer Zeit zu erz\u00e4hlen. Er entfaltet sich in Print-, Digital- und audiovisuellen Medien und umfasst viele Genres: die Fotoreportage, das Nachrichtenfoto, das journalistische Portr\u00e4t, den fotografischen Essay.<\/p>\n<figure id=\"attachment_31300\" aria-describedby=\"caption-attachment-31300\" style=\"width: 374px\" class=\"wp-caption alignleft\"><img loading=\"lazy\" decoding=\"async\" class=\"size-solkes_horizontal wp-image-31300\" src=\"https:\/\/solkes.com\/wp-content\/uploads\/2025\/12\/el-poder-de-la-imagen-2505-09-374x601.jpg\" alt=\"Nicol\u00e1s Cham\u00e1s T\u00fcrk tomando fotos Berlin.\" width=\"374\" height=\"601\" srcset=\"https:\/\/solkes.com\/wp-content\/uploads\/2025\/12\/el-poder-de-la-imagen-2505-09-374x601.jpg 374w, https:\/\/solkes.com\/wp-content\/uploads\/2025\/12\/el-poder-de-la-imagen-2505-09-187x300.jpg 187w, https:\/\/solkes.com\/wp-content\/uploads\/2025\/12\/el-poder-de-la-imagen-2505-09.jpg 620w, https:\/\/solkes.com\/wp-content\/uploads\/2025\/12\/el-poder-de-la-imagen-2505-09-299x480.jpg 299w\" sizes=\"(max-width: 374px) 100vw, 374px\" \/><figcaption id=\"caption-attachment-31300\" class=\"wp-caption-text\">Laura Viera A \u00a9 Solkes<\/figcaption><\/figure>\n<p>Im Gegensatz zur k\u00fcnstlerischen oder Studiofotografie ist der Fotojournalismus im Jetzt verankert. Er will ein Zeugnis ablegen, visuelles Ged\u00e4chtnis dessen sein, was bald vergessen sein k\u00f6nnte. Vom Krieg bis zum Alltag, von der Politik bis zum Sport \u2013 jedes Bild enth\u00e4lt eine Erz\u00e4hlung \u00fcber die Welt in Bewegung.<\/p>\n<p>Doch im digitalen Zeitalter verst\u00e4rkt die Bildbearbeitung die Verantwortung. Ein Klick kann T\u00f6ne ver\u00e4ndern, Unvollkommenheiten l\u00f6schen oder Kontexte verschieben. Die visuelle Ethik wird ebenso wichtig wie die technische Fertigkeit. Jede Anpassung \u2013 so klein sie auch ist \u2013 wird zu einer erz\u00e4hlerischen Entscheidung.<\/p>\n<p>Richtig eingesetzt kann Bearbeitung die Qualit\u00e4t, Wirkung und Ausdruckskraft eines Bildes steigern. Kontrast, Belichtung oder Farbe zu korrigieren kann eine Botschaft verst\u00e4rken, ohne sie zu verraten.<\/p>\n<p>Doch die Gefahr der Manipulation bleibt allgegenw\u00e4rtig. In einer Welt, in der Bilder schneller zirkulieren als Worte, muss die Technik die Wahrheit st\u00fctzen \u2013 nicht ersetzen.<\/p>\n<p>Die Kamera, in bewussten H\u00e4nden, ist ein Werkzeug der Wahrheit. In unachtsamen H\u00e4nden kann sie die Welt verzerren, die sie zu zeigen vorgibt. Deshalb beherrscht der Fotograf die Technik nicht nur \u2013 er ehrt sie. Denn in jedem Klick schl\u00e4gt eine moralische Entscheidung, ein Blick, der bestimmt, was die Welt morgen erinnern wird.<\/p>\n<h3><span style=\"color: #138a8d;\"><strong>Der neue Blick: K\u00fcnstliche Intelligenz und Sch\u00f6pfung<\/strong><\/span><\/h3>\n<p>Jeder technologische Fortschritt hat die Art und Weise, wie wir die Welt betrachten, neu definiert. Von der ersten Camera obscura bis ins digitale Zeitalter hat sich die Fotografie weiterentwickelt, ohne ihr Wesen zu verlieren: das Licht einzufangen, um der Erinnerung Gestalt zu geben.<\/p>\n<p>Heute jedoch definiert eine neue Revolution diesen Blick neu.<\/p>\n<p>Die k\u00fcnstliche Intelligenz unterst\u00fctzt nicht nur den Fotografen \u2013 sie erschafft selbst. Wir befinden uns in einem unbekannten Terrain, in dem das menschliche Auge sich den Raum mit dem Auge der Maschine teilt und in dem die Grenze zwischen dem Geschaffenen und dem Generierten verschwimmt.<\/p>\n<figure id=\"attachment_31303\" aria-describedby=\"caption-attachment-31303\" style=\"width: 374px\" class=\"wp-caption alignright\"><img loading=\"lazy\" decoding=\"async\" class=\"size-solkes_horizontal wp-image-31303\" src=\"https:\/\/solkes.com\/wp-content\/uploads\/2025\/12\/el-poder-de-la-imagen-2505-08-374x601.jpg\" alt=\"Book: Virtual Photography\" width=\"374\" height=\"601\" srcset=\"https:\/\/solkes.com\/wp-content\/uploads\/2025\/12\/el-poder-de-la-imagen-2505-08-374x601.jpg 374w, https:\/\/solkes.com\/wp-content\/uploads\/2025\/12\/el-poder-de-la-imagen-2505-08-187x300.jpg 187w, https:\/\/solkes.com\/wp-content\/uploads\/2025\/12\/el-poder-de-la-imagen-2505-08.jpg 620w, https:\/\/solkes.com\/wp-content\/uploads\/2025\/12\/el-poder-de-la-imagen-2505-08-299x480.jpg 299w\" sizes=\"(max-width: 374px) 100vw, 374px\" \/><figcaption id=\"caption-attachment-31303\" class=\"wp-caption-text\">Laura Viera A \u00a9 Solkes<\/figcaption><\/figure>\n<p>Fotografie ist im Kern die Kunst und Technik, Licht zu erfassen, um ein dauerhaftes Bild zu schaffen. Sie vereint das Physische mit dem Emotionalen: die Wissenschaft, die den Augenblick anh\u00e4lt, und die Kunst, die ihm Bedeutung verleiht. Seit ihrer Erfindung war sie Spiegel der Zeit und Werkzeug kollektiver Erinnerung.<\/p>\n<p>Doch der Einbruch der k\u00fcnstlichen Intelligenz hat diese Kunst tiefgreifend ver\u00e4ndert.<\/p>\n<p>Die Grenzen zwischen dem Realen und dem Imagin\u00e4ren verwischen: Algorithmen k\u00f6nnen nicht existierende Gesichter, unm\u00f6gliche Landschaften oder Szenen erschaffen, die wie Erinnerungen wirken.<\/p>\n<p>Das stellt eine wesentliche Frage: Was geschieht mit der Macht des Bildes, wenn das Bild die Realit\u00e4t nicht mehr braucht? Ist es dann noch Fotografie?<\/p>\n<p>KI kann die Kreativit\u00e4t befl\u00fcgeln und visuelle Wege er\u00f6ffnen, die zuvor undenkbar waren, doch sie kann auch das Vertrauen untergraben. Wenn alles hergestellt werden kann \u2013 welchen Platz nimmt dann die Wahrheit ein?<\/p>\n<p>Hier entsteht die neue Verantwortung des Fotografen: die Authentizit\u00e4t in einem Ozean der Simulation zu bewahren. In dieser digitalen Landschaft bleibt Technik zwar wesentlich, doch Ethik und Absicht sind ihr sicherster Kompass.<\/p>\n<p>Mitten in dieser digitalen Transformation, in der k\u00fcnstliche Intelligenz die Grenzen der Sch\u00f6pfung neu definiert, erhebt sich die Dokumentarfotografie als Erinnerung an das Wesentliche: die menschliche Verbindung.<\/p>\n<p>Angesichts von Algorithmen, die unm\u00f6gliche Welten erschaffen, richtet das Objektiv des Dokumentaristen den Blick zur\u00fcck auf das Greifbare, das Erlebte. Es erinnert uns daran, dass das wertvollste Licht nicht von einer Maschine erzeugt wird, sondern aus der Begegnung mit der Realit\u00e4t und jenen, die sie bewohnen, geboren wird.<\/p>\n<h3><span style=\"color: #138a8d;\">Dokumentarfotografie und Fotojournalismus<\/span><\/h3>\n<p>Die Dokumentarfotografie und der Fotojournalismus teilen eine gemeinsame Wurzel: die Macht des Bildes, das sichtbar zu machen, was oft unbemerkt bleibt. Beide Gattungen entstehen aus der Notwendigkeit, mit Tiefe zu sehen \u2013 nicht nur festzuhalten, was geschieht, sondern zu verstehen, was es bedeutet.<\/p>\n<p>In Zeiten, in denen k\u00fcnstliche Intelligenz nicht existierende Welten erfinden kann, holen diese visuellen Sprachen etwas Wesentliches zur\u00fcck: die Wahrheit des Erlebten.<\/p>\n<p>Jenseits des k\u00fcnstlichen Scheins wird die Kamera zu einem empfindsamen Zeugen \u2013 einer Verl\u00e4ngerung des menschlichen Bewusstseins, das beobachtet, f\u00fchlt und die Welt in Licht und Schatten \u00fcbersetzt.<\/p>\n<figure id=\"attachment_31324\" aria-describedby=\"caption-attachment-31324\" style=\"width: 965px\" class=\"wp-caption aligncenter\"><img loading=\"lazy\" decoding=\"async\" class=\"size-solkes_horizontal wp-image-31324\" src=\"https:\/\/solkes.com\/wp-content\/uploads\/2025\/12\/el-poder-de-la-imagen-2505-01-965x601.jpg\" alt=\"\" width=\"965\" height=\"601\" srcset=\"https:\/\/solkes.com\/wp-content\/uploads\/2025\/12\/el-poder-de-la-imagen-2505-01-965x601.jpg 965w, https:\/\/solkes.com\/wp-content\/uploads\/2025\/12\/el-poder-de-la-imagen-2505-01-300x187.jpg 300w, https:\/\/solkes.com\/wp-content\/uploads\/2025\/12\/el-poder-de-la-imagen-2505-01-768x478.jpg 768w, https:\/\/solkes.com\/wp-content\/uploads\/2025\/12\/el-poder-de-la-imagen-2505-01.jpg 996w, https:\/\/solkes.com\/wp-content\/uploads\/2025\/12\/el-poder-de-la-imagen-2505-01-320x199.jpg 320w\" sizes=\"(max-width: 965px) 100vw, 965px\" \/><figcaption id=\"caption-attachment-31324\" class=\"wp-caption-text\">Eric McClean for Unsplash \u00a9 Solkes<\/figcaption><\/figure>\n<p>Dokumentarfotografie will nicht erfinden, sondern offenbaren. Sie ist ein Akt der Pr\u00e4senz, der Empathie und der Geduld. Jedes Bild entsteht aus einem Blick, der inneh\u00e4lt, der ohne Eile beobachtet, der zu verstehen sucht.<\/p>\n<p>Von den ersten Reportern des 19. Jahrhunderts, die politische und gesellschaftliche Ver\u00e4nderungen ihrer Zeit festhielten, bis hin zu zeitgen\u00f6ssischen Fotograf:innen, die humanit\u00e4re Krisen oder die Auswirkungen des Klimawandels dokumentieren \u2013 das Ziel blieb dasselbe:<br \/>\ndie Welt durch ihre Wunden und Hoffnungen begreifen.<\/p>\n<p>Die Dokumentarfotografie besitzt eine einzigartige Kraft: die F\u00e4higkeit, Realit\u00e4t in visuelle Emotion zu \u00fcbersetzen. In ihr werden Worte \u00fcberfl\u00fcssig, denn das Bild spricht seine eigene Sprache.<\/p>\n<p>Sebasti\u00e3o Salgado, einer der gro\u00dfen Meister des Genres, hat seine Kamera zu einem Instrument der Anklage und des Mitgef\u00fchls gemacht. In seinen Fotografien koexistieren Schmerz und Sch\u00f6nheit; der Blick wird zu einem ethischen, fast spirituellen Akt. Sein Werk erinnert daran, dass die Macht des Bildes ber\u00fchren und das Bewusstsein des Betrachters ver\u00e4ndern kann.<\/p>\n<p>Im Laufe der Geschichte hat die Dokumentarfotografie einige wesentliche Merkmale entwickelt, die sie definieren:<\/p>\n<p><span style=\"color: #138a8d;\"><strong>**<\/strong><\/span>Objektivit\u00e4t: Sie versucht, die Realit\u00e4t ohne bedeutende Manipulationen einzufangen.<\/p>\n<p><span style=\"color: #138a8d;\"><strong>**<\/strong><\/span>Authentizit\u00e4t: Sie spiegelt das Leben und die Gesellschaft, wie sie sind \u2013 ohne Schmuck oder Idealisierung.<\/p>\n<p><span style=\"color: #138a8d;\"><strong>**<\/strong><\/span>Bewahrung: Sie dokumentiert Momente und Ereignisse zur Erhaltung und zum sp\u00e4teren Studium.<\/p>\n<p><span style=\"color: #138a8d;\"><strong>**<\/strong><\/span>Visuelle Erz\u00e4hlung: Sie nutzt Bilder, um Geschichten zu erz\u00e4hlen und Botschaften mit emotionaler Tiefe zu vermitteln.<\/p>\n<p><span style=\"color: #138a8d;\"><strong>**<\/strong><\/span>Pers\u00f6nlicher Stil: Jede Fotografin, jeder Fotograf pr\u00e4gt sie mit der eigenen Sensibilit\u00e4t und der individuellen Sicht auf die Welt.<\/p>\n<p>So registriert der Dokumentarist nicht nur \u2013 er interpretiert. Sein Blick wird zur Br\u00fccke zwischen dem, was geschieht, und dem, was wir f\u00fchlen.<\/p>\n<p>Wenn sich die Dokumentarfotografie von der Kontemplation n\u00e4hrt, so definiert sich der Fotojournalismus durch seine Unmittelbarkeit.<\/p>\n<p>Er ist die Kunst, die Zeit genau in dem Moment anzuhalten, in dem Geschichte geschieht. Jeder Ausl\u00f6ser verlangt Instinkt, Schnelligkeit und Mut \u2013 aber ebenso Sensibilit\u00e4t und Ethik. Der Fotojournalist sucht nicht die Sch\u00f6nheit, sondern die Wahrheit des Augenblicks; doch in dieser Dringlichkeit kann sich eine unerwartete Form von Poesie verbergen.<\/p>\n<p>Die Merkmale des Fotojournalismus spiegeln seine lebendige, engagierte Natur wider:<\/p>\n<p><span style=\"color: #138a8d;\"><strong>**<\/strong><\/span>Aktualit\u00e4t: Er konzentriert sich auf Ereignisse und Situationen von \u00f6ffentlichem Interesse in der Gegenwart.<\/p>\n<p><span style=\"color: #138a8d;\"><strong>**<\/strong><\/span>Visueller Eindruck: Er strebt nach Bildern, die starke Emotionen wecken und die Intensit\u00e4t des Moments vermitteln.<\/p>\n<p><span style=\"color: #138a8d;\"><strong>**<\/strong><\/span>Schnelligkeit und Gelegenheit: Erfordert, am richtigen Ort zur richtigen Zeit zu sein.<\/p>\n<p><span style=\"color: #138a8d;\"><strong>**<\/strong><\/span>Ethik und Verantwortung: Der Respekt vor der menschlichen W\u00fcrde und der Wahrheit der Fakten ist seine moralische Grundlage.<\/p>\n<p><span style=\"color: #138a8d;\"><strong>**<\/strong><\/span>Information und Bewusstsein: Ziel ist es, zu informieren und zugleich Reflexion und Empathie zu wecken.<\/p>\n<blockquote class=\"td_quote_box td_box_center\">\n<h4>Fotografieren hei\u00dft, Kopf, Auge und Herz auf dieselbe Achse zu bringen. &#8211; Henri Cartier-Bresson &#8211;<\/h4>\n<\/blockquote>\n<p>Fotografie ist Technik, Intuition und Menschlichkeit, vereint in einer einzigen Geste. Durch das Objektiv wird der Fotojournalist zum Erz\u00e4hler der Gegenwart \u2013 f\u00e4hig, das Chaos anzuhalten und ihm Sinn zu verleihen.<\/p>\n<p>In beiden Disziplinen \u2013 der dokumentarischen und der journalistischen \u2013 liegt die Macht des Bildes in ihrer F\u00e4higkeit, die Zeit zu \u00fcbersteigen und Bewusstsein zu wecken. Es geht nicht nur darum, festzuhalten, was geschieht, sondern die Wahrheit des Erlebten zu ehren.<\/p>\n<p>In einer \u00c4ra, in der Bilder entstehen k\u00f6nnen, ohne je existiert zu haben, muss der menschliche Fotograf sich seines \u00e4ltesten Auftrags erinnern: zu bezeugen, ohne zu manipulieren; zu bewegen, ohne zu t\u00e4uschen; zu erschaffen, ohne die Realit\u00e4t zu verraten.<\/p>\n<p>Vielleicht ist die k\u00fcnstliche Intelligenz weniger eine Bedrohung als vielmehr ein Spiegel, der uns einl\u00e4dt, neu zu definieren, was es hei\u00dft, zu erschaffen. Der Unterschied liegt nicht im Werkzeug, sondern in der Absicht, die den Blick leitet.<\/p>\n<p>Die Zukunft der Fotografie h\u00e4ngt nicht von der Technologie ab, sondern von jenen, die die Kamera mit Bewusstsein und Respekt halten. Denn am Ende liegt die Macht des Bildes nicht in der Maschine, die es erzeugt, sondern in der Seele, die es erleuchtet.<\/p>\n<h3><span style=\"color: #138a8d;\"><strong>Blicke, die Wege er\u00f6ffneten<\/strong><\/span><\/h3>\n<p>Im Laufe der Geschichte war die Fotografie weit mehr als nur ein technisches Werkzeug \u2013 sie war eine Art zu denken, zu f\u00fchlen und die Wirklichkeit zu verwandeln.<\/p>\n<p>Die Macht des Bildes liegt in ihrer F\u00e4higkeit, Fragen zu \u00f6ffnen, uns zu bewegen und sichtbar zu machen, was oft unbemerkt bleibt.<\/p>\n<figure id=\"attachment_31306\" aria-describedby=\"caption-attachment-31306\" style=\"width: 374px\" class=\"wp-caption alignleft\"><img loading=\"lazy\" decoding=\"async\" class=\"size-solkes_horizontal wp-image-31306\" src=\"https:\/\/solkes.com\/wp-content\/uploads\/2025\/12\/el-poder-de-la-imagen-2505-07-374x601.jpg\" alt=\"Poster de Freaks\" width=\"374\" height=\"601\" srcset=\"https:\/\/solkes.com\/wp-content\/uploads\/2025\/12\/el-poder-de-la-imagen-2505-07-374x601.jpg 374w, https:\/\/solkes.com\/wp-content\/uploads\/2025\/12\/el-poder-de-la-imagen-2505-07-187x300.jpg 187w, https:\/\/solkes.com\/wp-content\/uploads\/2025\/12\/el-poder-de-la-imagen-2505-07.jpg 620w, https:\/\/solkes.com\/wp-content\/uploads\/2025\/12\/el-poder-de-la-imagen-2505-07-299x480.jpg 299w\" sizes=\"(max-width: 374px) 100vw, 374px\" \/><figcaption id=\"caption-attachment-31306\" class=\"wp-caption-text\">Laura Viera A \u00a9 Solkes<\/figcaption><\/figure>\n<p>Hinter jeder gro\u00dfen Fotografie steht ein Blick, der die Art und Weise ver\u00e4ndert hat, wie wir die Welt verstehen. Jeder Ausl\u00f6ser ist eine Einladung, anders zu sehen \u2013 aufmerksam zu beobachten, was ebenso viel \u00fcber den anderen verr\u00e4t wie \u00fcber uns selbst.<\/p>\n<p>Die Geschichte der Fotografie ist durchwoben mit Namen, die \u00e4sthetische und ethische Wege er\u00f6ffnet haben \u2013 mit Blicken, die unsere Wahrnehmung der Welt ver\u00e4ndert haben. Jede dieser K\u00fcnstlerinnen und jeder dieser K\u00fcnstler verstand, dass **die Macht des Bildes** nicht nur darin liegt, was es zeigt, sondern in dem, was es hervorruft: Unbehagen, Empathie, Nachdenken oder Staunen.<\/p>\n<p>Diane Arbus zeigte die Menschlichkeit an den R\u00e4ndern der Gesellschaft. Die amerikanische Fotografin, bekannt als \u201edie Fotografin der Freaks\u201c, verwandelte das Fremde in einen Spiegel. Inspiriert von <span style=\"color: #138a8d;\"><a style=\"color: #138a8d;\" href=\"https:\/\/www.imdb.com\/title\/tt0022913\/\">Tod Brownings Film Freaks<\/a><\/span> richtete sie ihr Objektiv auf diejenigen, die au\u00dferhalb der Norm lebten: Zwillinge, Transvestiten, psychisch Kranke, Zirkusartisten oder dysfunktionale Familien.<\/p>\n<p>Ihr Pioniergebrauch des Aufhellblitzes (Tageslichtblitz) betonte die Gesichtsz\u00fcge ihrer Portr\u00e4tierten mit fast theatralischer H\u00e4rte. In ihren Fotografien konnten \u201enormale\u201c Menschen beunruhigend unnormal wirken. Arbus suchte keine gef\u00e4llige Sch\u00f6nheit, sondern unbequeme Wahrheit. Ihre Portr\u00e4ts konfrontieren die Betrachtenden mit ihrem eigenen Urteil und machen die Fotografie zu einem Raum moralischer und \u00e4sthetischer Auseinandersetzung.<\/p>\n<figure id=\"attachment_31312\" aria-describedby=\"caption-attachment-31312\" style=\"width: 965px\" class=\"wp-caption aligncenter\"><img loading=\"lazy\" decoding=\"async\" class=\"size-solkes_horizontal wp-image-31312\" src=\"https:\/\/solkes.com\/wp-content\/uploads\/2025\/12\/el-poder-de-la-imagen-2505-05-965x601.jpg\" alt=\"Outran Americas. Sebastian Salgado. Book: Photography the whole story\" width=\"965\" height=\"601\" srcset=\"https:\/\/solkes.com\/wp-content\/uploads\/2025\/12\/el-poder-de-la-imagen-2505-05-965x601.jpg 965w, https:\/\/solkes.com\/wp-content\/uploads\/2025\/12\/el-poder-de-la-imagen-2505-05-300x187.jpg 300w, https:\/\/solkes.com\/wp-content\/uploads\/2025\/12\/el-poder-de-la-imagen-2505-05-768x478.jpg 768w, https:\/\/solkes.com\/wp-content\/uploads\/2025\/12\/el-poder-de-la-imagen-2505-05.jpg 996w, https:\/\/solkes.com\/wp-content\/uploads\/2025\/12\/el-poder-de-la-imagen-2505-05-320x199.jpg 320w\" sizes=\"(max-width: 965px) 100vw, 965px\" \/><figcaption id=\"caption-attachment-31312\" class=\"wp-caption-text\">Laura Viera A \u00a9 Solkes<\/figcaption><\/figure>\n<p><a href=\"https:\/\/www.icp.org\/browse\/archive\/constituents\/sebasti%c3%a3o-salgado\"><span style=\"color: #138a8d;\">Sebasti\u00e3o Salgado<\/span><\/a>, der brasilianische Fotograf, fand Poesie in der H\u00e4rte menschlicher Arbeit. Seine Kamera wurde zu einem Instrument der Anklage und des Mitgef\u00fchls. In der sozialdokumentarischen Tradition verankert, widmete Salgado sein Werk den Lebens- und Arbeitsbedingungen in verarmten Regionen, Konfliktzonen und unter Vertriebenen. Serien wie *Workers* oder *Genesis* offenbaren sein ethisches und visuelles Engagement: In ihnen koexistieren Leid und W\u00fcrde in einem Gleichgewicht aus Licht und Schatten, das den Menschen ehrt. In seinem Werk ist die Macht des Bildes zugleich eine Macht der Verwandlung \u2013 die Macht, Bewusstsein zu wecken und zu sensibilisieren.<\/p>\n<p><span style=\"color: #138a8d;\"><a style=\"color: #138a8d;\" href=\"https:\/\/www.vivianmaier.com\/\">Vivian Maier<\/a><\/span>\u00a0verwandelte die Stra\u00dfe in einen intimen Spiegel. Die amerikanische Fotografin und Kinderm\u00e4dchen von Beruf schuf ein monumentales Werk, das jahrzehntelang verborgen blieb. Ihr Blick ruhte auf dem Allt\u00e4glichen: Spiegelungen in Schaufenstern, spielende Kinder, einsame Alte, fl\u00fcchtige Gesten.<\/p>\n<p>Ohne die Mittel, viele ihrer Filme zu entwickeln, fotografierte Maier aus innerem Bed\u00fcrfnis \u2013 ohne Ruhm oder Anerkennung zu suchen. Ihre Stra\u00dfenfotografie, gepr\u00e4gt von Neugier und Empathie, zeigt, dass die Macht des Bildes auch in der Anonymit\u00e4t liegen kann \u2013 im Beobachten, ohne gesehen zu werden, im Einfangen der Poesie des Verg\u00e4nglichen.<\/p>\n<p>Ansel Adams lie\u00df die Natur mit einer Stimme sprechen, die zugleich m\u00e4chtig und still war. Der amerikanische Fotograf und Pionier der modernen Landschaftsfotografie entwickelte zusammen mit Fred Archer das Zone System, eine Technik zur pr\u00e4zisen Kontrolle von Belichtung und Kontrast, um das gesamte Tonwertspektrum zwischen absolutem Schwarz und reinem Wei\u00df wiederzugeben.<\/p>\n<p>Seine technische Meisterschaft verband sich mit einer tiefen Ehrfurcht vor der Natur. In seinem Werk wird das Licht zur Sprache, der Berg zum spirituellen Symbol. Adams verstand, dass die Macht des Bildes auch dem Erhalt der Welt dienen konnte: Sein Werk spielte eine entscheidende Rolle bei der Schaffung von Nationalparks und beim Schutz der Umwelt.<\/p>\n<figure id=\"attachment_31309\" aria-describedby=\"caption-attachment-31309\" style=\"width: 965px\" class=\"wp-caption aligncenter\"><img loading=\"lazy\" decoding=\"async\" class=\"size-solkes_horizontal wp-image-31309\" src=\"https:\/\/solkes.com\/wp-content\/uploads\/2025\/12\/el-poder-de-la-imagen-2505-06-965x601.jpg\" alt=\"Moonrise- Ansel Adams 1941 - Silver Print. Book: Photography the whole story\" width=\"965\" height=\"601\" srcset=\"https:\/\/solkes.com\/wp-content\/uploads\/2025\/12\/el-poder-de-la-imagen-2505-06-965x601.jpg 965w, https:\/\/solkes.com\/wp-content\/uploads\/2025\/12\/el-poder-de-la-imagen-2505-06-300x187.jpg 300w, https:\/\/solkes.com\/wp-content\/uploads\/2025\/12\/el-poder-de-la-imagen-2505-06-768x478.jpg 768w, https:\/\/solkes.com\/wp-content\/uploads\/2025\/12\/el-poder-de-la-imagen-2505-06.jpg 996w, https:\/\/solkes.com\/wp-content\/uploads\/2025\/12\/el-poder-de-la-imagen-2505-06-320x199.jpg 320w\" sizes=\"(max-width: 965px) 100vw, 965px\" \/><figcaption id=\"caption-attachment-31309\" class=\"wp-caption-text\">Laura Viera A \u00a9 Solkes<\/figcaption><\/figure>\n<p>Heute erweitern K\u00fcnstler:innen wie Zanele Muholi, Cristina de Middel oder Gregory Halpern weiterhin die Grenzen des Sehens. Muholi feiert die Identit\u00e4t und den Widerstand der s\u00fcdafrikanischen LGBTQ+-Gemeinschaft; De Middel verbindet Realit\u00e4t und Fiktion in Projekten, die die Wahrhaftigkeit der Dokumentarfotografie hinterfragen; Halpern erforscht mit seiner traum\u00e4hnlichen \u00c4sthetik die unvollkommene Sch\u00f6nheit der amerikanischen Landschaft.<\/p>\n<p>Sie alle verstehen, dass die Kamera nicht nur aufzeichnet, sondern interpretiert \u2013 dass die Macht des Bildes in ihrer F\u00e4higkeit liegt, Welten zu verbinden, das Ferne zu vermenschlichen und das Unsichtbare sichtbar zu machen.<\/p>\n<p>Letztlich erbt jede Generation die Herausforderung, den Blick neu zu erfinden. In Zeiten visueller \u00dcbers\u00e4ttigung best\u00e4tigt sich **die Macht des Bildes** nicht durch Spektakel, sondern durch Authentizit\u00e4t \u2013 durch ihre F\u00e4higkeit, in jedem Auge, das sie betrachtet, neu geboren zu werden. Die Fotografie bleibt eine lebendige Sprache: Sie ver\u00e4ndert sich, stellt Fragen und verwandelt uns mit jedem neuen Bildausschnitt.<\/p>\n<h3><span style=\"color: #138a8d;\"><strong>Die Unterschiede der Blicke: Frauen und M\u00e4nner hinter der Linse<\/strong><\/span><\/h3>\n<p>Jedes Bild entsteht aus einem Blick. Und jeder Blick aus einer Geschichte.<\/p>\n<p>Im Laufe der Zeit war die Fotografie Zeugin der Menschheit \u2013 und zugleich Spiegel derjenigen, die die Kamera halten. Es gibt keine Neutralit\u00e4t im Sehen: Die Macht des Bildes ist untrennbar mit der Macht des Blicks \u2013 und des Gesehenwerdens \u2013 verbunden.<\/p>\n<p>\u00dcber Jahrzehnte hinweg wurde die Linse von m\u00e4nnlichen Stimmen dominiert, die die Welt aus ihrem eigenen Zentrum erz\u00e4hlten, w\u00e4hrend andere Blicke \u2013 zum Schweigen gebracht, unsichtbar, an den Rand gedr\u00e4ngt \u2013 auf ihre Gelegenheit warteten, zu sprechen.<\/p>\n<p>Heute tritt diese Vielfalt mit Kraft hervor: Frauen, queere Stimmen und neue Sensibilit\u00e4ten definieren den fotografischen Akt als Raum des Dialogs, der Emotion und des Widerstands neu.<\/p>\n<p>Obwohl sich die Fotografie als universelle Sprache pr\u00e4sentiert, haben nicht alle Stimmen darin denselben Widerhall gefunden. \u00dcber weite Strecken ihrer Geschichte dominierte der m\u00e4nnliche Blick die visuelle Erz\u00e4hlung der Welt, legte \u00e4sthetische, thematische und symbolische Ma\u00dfst\u00e4be fest. Doch im Laufe der Zeit \u00f6ffnete die Macht des Bildes Raum f\u00fcr neue Perspektiven \u2013 weibliche, dissidente, marginalisierte \u2013, die die visuelle Sprache von innen heraus ver\u00e4nderten.<\/p>\n<figure id=\"attachment_31315\" aria-describedby=\"caption-attachment-31315\" style=\"width: 965px\" class=\"wp-caption aligncenter\"><img loading=\"lazy\" decoding=\"async\" class=\"size-solkes_horizontal wp-image-31315\" src=\"https:\/\/solkes.com\/wp-content\/uploads\/2025\/12\/el-poder-de-la-imagen-2505-04-965x601.jpg\" alt=\"Magnolia Blosson - Imogean Cunninghan, silver print. Book: Photography the whole story\" width=\"965\" height=\"601\" srcset=\"https:\/\/solkes.com\/wp-content\/uploads\/2025\/12\/el-poder-de-la-imagen-2505-04-965x601.jpg 965w, https:\/\/solkes.com\/wp-content\/uploads\/2025\/12\/el-poder-de-la-imagen-2505-04-300x187.jpg 300w, https:\/\/solkes.com\/wp-content\/uploads\/2025\/12\/el-poder-de-la-imagen-2505-04-768x478.jpg 768w, https:\/\/solkes.com\/wp-content\/uploads\/2025\/12\/el-poder-de-la-imagen-2505-04.jpg 996w, https:\/\/solkes.com\/wp-content\/uploads\/2025\/12\/el-poder-de-la-imagen-2505-04-320x199.jpg 320w\" sizes=\"(max-width: 965px) 100vw, 965px\" \/><figcaption id=\"caption-attachment-31315\" class=\"wp-caption-text\">Laura Viera A \u00a9 Solkes<\/figcaption><\/figure>\n<p>Fotografinnen, ausger\u00fcstet mit Sensibilit\u00e4t, Intuition und Mut, erweiterten nicht nur die Grenzen der fotografischen Kunst, sondern zeigten auch, dass Sehen ein politischer und zutiefst menschlicher Akt ist.<\/p>\n<p><span style=\"color: #138a8d;\"><a style=\"color: #138a8d;\" href=\"https:\/\/www.britannica.com\/biography\/Imogen-Cunningham\">Imogen Cunningham<\/a><\/span>\u00a0(1883\u20131976) war eine der ersten Fotografinnen, die Kunst und Wissenschaft in ihrem Werk vereinte. Als Pionierin des Portr\u00e4ts, der Botanik und des weiblichen Aktes erforschte sie die Sinnlichkeit des Allt\u00e4glichen mit schlichter Eleganz.<br \/>\nIhr pr\u00e4ziser Einsatz von nat\u00fcrlichem Licht und ihre Aufmerksamkeit f\u00fcr organische Formen stellten die Konventionen ihrer Zeit infrage. Cunningham war Teil der Gruppe f\/64 \u2013 gemeinsam mit Ansel Adams und Edward Weston \u2013 und verteidigte eine reine, unverf\u00e4lschte Fotografie, in der Sch\u00e4rfe und Komposition zu visueller Poesie wurden. In ihrem Werk liegt **die Macht des Bildes** in der Feinheit \u2013 in der F\u00e4higkeit, Sch\u00f6nheit im scheinbar Unbedeutenden zu finden.<\/p>\n<p><span style=\"color: #138a8d;\"><a style=\"color: #138a8d;\" href=\"https:\/\/artsandculture.google.com\/story\/CAVx268Vign0FA?hl=en\">Graciela Iturbide<\/a><\/span> (geb. 1942), Erbin der mexikanischen Tradition und Sch\u00fclerin von Manuel \u00c1lvarez Bravo, widmete ihr Leben der Erfassung der Spiritualit\u00e4t und Rituale des tiefen Mexikos. Ihre Schwarz-Wei\u00df-Fotografien schlagen Br\u00fccken zwischen dem Mystischen und dem Allt\u00e4glichen, dem Heiligen und dem Menschlichen. In Serien wie *Juchit\u00e1n de las mujeres* oder Los que viven en la arena verwandelt Iturbide das Lokale ins Universelle. Jedes Bild ist eine stille Zeremonie, die Identit\u00e4t, Tod, K\u00f6rper und Erinnerung ehrt. In ihrem Blick ist die Macht des Bildes die Macht, Kulturen, Widerst\u00e4nde und uralte Schweigen zu bewahren.<\/p>\n<p><span style=\"color: #138a8d;\"><a style=\"color: #138a8d;\" href=\"https:\/\/www.moma.org\/artists\/7532-nan-goldin\">Nan Goldin<\/a><\/span> (geb. 1953) brachte die Kamera in den Bereich der rohen Intimit\u00e4t. Ihre Serie The Ballad of Sexual Dependency ist ein visuelles Tagebuch, das ihr Leben, ihre Lieben, ihre Freund:innen und ihre LGBTQ+-Gemeinschaft im New York der 1980er Jahre dokumentiert. Mit einer direkten, farbges\u00e4ttigten und emotionalen \u00c4sthetik verwandelte Goldin Verletzlichkeit in Widerstand und das Pers\u00f6nliche in einen politischen Akt. Ihre Fotografie ist Bekenntnis und Zeugnis zugleich \u2013 Kunst und \u00dcberleben. In ihrem Werk zeigt sich die Macht des Bildes als lebendige Erinnerung, f\u00e4hig zu klagen, zu heilen und zu ber\u00fchren.<\/p>\n<p>Durch ihre Linsen wird das Private \u00f6ffentlich und das Verletzliche zur St\u00e4rke.<\/p>\n<p>W\u00e4hrend manche Fotografen den unmittelbaren Effekt suchen, richten viele Fotografinnen ihren Blick auf die emotionale Resonanz: das Fl\u00fcstern hinter dem Schrei, die Geschichte in der Geste. Ihre Bilder dokumentieren nicht nur, sie deuten neu \u2013 das Weibliche, das Menschliche, das Reale.<\/p>\n<figure id=\"attachment_31345\" aria-describedby=\"caption-attachment-31345\" style=\"width: 374px\" class=\"wp-caption alignleft\"><img loading=\"lazy\" decoding=\"async\" class=\"size-solkes_horizontal wp-image-31345\" src=\"https:\/\/solkes.com\/wp-content\/uploads\/2025\/12\/el-poder-de-la-imagen-2505-16-374x601.jpg\" alt=\"\" width=\"374\" height=\"601\" srcset=\"https:\/\/solkes.com\/wp-content\/uploads\/2025\/12\/el-poder-de-la-imagen-2505-16-374x601.jpg 374w, https:\/\/solkes.com\/wp-content\/uploads\/2025\/12\/el-poder-de-la-imagen-2505-16-187x300.jpg 187w, https:\/\/solkes.com\/wp-content\/uploads\/2025\/12\/el-poder-de-la-imagen-2505-16.jpg 620w, https:\/\/solkes.com\/wp-content\/uploads\/2025\/12\/el-poder-de-la-imagen-2505-16-299x480.jpg 299w\" sizes=\"(max-width: 374px) 100vw, 374px\" \/><figcaption id=\"caption-attachment-31345\" class=\"wp-caption-text\">Max Bender for Unsplash \u00a9 Solkes<\/figcaption><\/figure>\n<p>Diese Vielfalt der Blicke st\u00e4rkt die Macht des Bildes und erinnert uns daran, dass visuelle Wahrheit nicht einzigartig, sondern vielf\u00e4ltig ist. Jede Linse bringt eine neue Emotion, eine andere Interpretation der Welt. Die Fotografie wird, wenn sie sich vervielfacht, zu einem Raum des Dialogs und der Begegnung.<\/p>\n<p>In diesem Austausch zwischen M\u00e4nnern und Frauen, zwischen Vergangenheit und Gegenwart, best\u00e4tigt sich die Macht des Bildes als Sprache der Verwandlung.<\/p>\n<p>Pluralit\u00e4t schw\u00e4cht die Fotografie nicht \u2013 sie bereichert sie. In ihr vereinen sich alle Blicke \u2013 die von den R\u00e4ndern und die aus dem Zentrum \u2013, um eine umfassendere, gerechtere und zutiefst menschliche Sicht auf die Welt zu schaffen, die wir bewohnen.<\/p>\n<p>Die Fotografie geh\u00f6rt nicht mehr einem einzigen Blick, sondern einem Chor von Perspektiven, die sich verweben und widersprechen. In diesem Dialog zwischen dem Intimen und dem Politischen, zwischen Technik und Emotion, offenbart sich die Macht des Bildes \u2013 ihre unendliche F\u00e4higkeit zur Verwandlung.<\/p>\n<figure id=\"attachment_31340\" aria-describedby=\"caption-attachment-31340\" style=\"width: 965px\" class=\"wp-caption aligncenter\"><img loading=\"lazy\" decoding=\"async\" class=\"size-solkes_horizontal wp-image-31340\" src=\"https:\/\/solkes.com\/wp-content\/uploads\/2025\/12\/el-poder-de-la-imagen-2505-14-965x601.jpg\" alt=\"\" width=\"965\" height=\"601\" srcset=\"https:\/\/solkes.com\/wp-content\/uploads\/2025\/12\/el-poder-de-la-imagen-2505-14-965x601.jpg 965w, https:\/\/solkes.com\/wp-content\/uploads\/2025\/12\/el-poder-de-la-imagen-2505-14-300x187.jpg 300w, https:\/\/solkes.com\/wp-content\/uploads\/2025\/12\/el-poder-de-la-imagen-2505-14-768x478.jpg 768w, https:\/\/solkes.com\/wp-content\/uploads\/2025\/12\/el-poder-de-la-imagen-2505-14.jpg 996w, https:\/\/solkes.com\/wp-content\/uploads\/2025\/12\/el-poder-de-la-imagen-2505-14-320x199.jpg 320w\" sizes=\"(max-width: 965px) 100vw, 965px\" \/><figcaption id=\"caption-attachment-31340\" class=\"wp-caption-text\">Filmdudes for Unsplash \u00a9 Solkes<\/figcaption><\/figure>\n<p>Fotografinnen, mit ihrer Intuition und ihrem Mut, haben nicht nur ein neues visuelles Territorium er\u00f6ffnet, sondern der Welt auch in Erinnerung gerufen, dass Sehen auch F\u00fchlen bedeutet.<\/p>\n<p>Und in dieser geteilten Wahrheit \u2013 zwischen derjenigen, die fotografiert, und derjenigen, die betrachtet \u2013 bleibt die Fotografie lebendig: ein Licht, das die H\u00e4nde wechselt, aber niemals aufh\u00f6rt zu leuchten.<\/p>\n<h3><span style=\"color: #138a8d;\"><strong>Schlussfolgerung: Das Bild, das uns ansieht<\/strong><\/span><\/h3>\n<p>Jede Fotografie ist eine offene Frage. Wir betrachten nicht nur die Bilder \u2013 sie betrachten auch uns, sprechen uns an, stellen uns vor das, was wir sind, und vor das, was wir zu sehen f\u00fcrchten. Die Macht des Bildes liegt in ihrer F\u00e4higkeit, uns f\u00fchlen, denken und erinnern zu lassen.<\/p>\n<p>Wir leben in einer Zeit, die von Bildern \u00fcberflutet ist, doch nur wenige von ihnen verm\u00f6gen es, zu \u00fcberdauern. Diejenigen, die ber\u00fchren, die zur Stille einladen oder uns zum Innehalten zwingen, sind die, die Spuren hinterlassen.<\/p>\n<figure id=\"attachment_31334\" aria-describedby=\"caption-attachment-31334\" style=\"width: 374px\" class=\"wp-caption alignright\"><img loading=\"lazy\" decoding=\"async\" class=\"size-solkes_horizontal wp-image-31334\" src=\"https:\/\/solkes.com\/wp-content\/uploads\/2025\/12\/el-poder-de-la-imagen-2505-13-374x601.jpg\" alt=\"\" width=\"374\" height=\"601\" srcset=\"https:\/\/solkes.com\/wp-content\/uploads\/2025\/12\/el-poder-de-la-imagen-2505-13-374x601.jpg 374w, https:\/\/solkes.com\/wp-content\/uploads\/2025\/12\/el-poder-de-la-imagen-2505-13-187x300.jpg 187w, https:\/\/solkes.com\/wp-content\/uploads\/2025\/12\/el-poder-de-la-imagen-2505-13.jpg 620w, https:\/\/solkes.com\/wp-content\/uploads\/2025\/12\/el-poder-de-la-imagen-2505-13-299x480.jpg 299w\" sizes=\"(max-width: 374px) 100vw, 374px\" \/><figcaption id=\"caption-attachment-31334\" class=\"wp-caption-text\">Laura Viera A \u00a9 Solkes<\/figcaption><\/figure>\n<p>Nicht, weil sie perfekt sind, sondern weil sie lebendig sind \u2013 weil hinter der Linse ein ehrlicher Blick stand, eine menschliche Absicht.<\/p>\n<p>Die Fotografie bleibt ein Raum, in dem sich Technik und Emotion vereinen und in dem Licht zur Sprache wird.<br \/>\nJede Fotografin, jeder Fotograf sucht im Leuchten der Welt eine Form von Wahrheit \u2013 einen Spalt, durch den sich die menschliche Existenz erahnen l\u00e4sst. Manchmal schmerzt diese Wahrheit, manchmal tr\u00f6stet sie \u2013 doch sie erleuchtet immer.<\/p>\n<p>Und solange es Menschen gibt, die den Mut haben, im Akt des Sehens Sinn zu suchen, wird die Macht des Bildes einer der tiefst menschlichen Gesten bleiben. In jeder Fotografie verbirgt sich eine Geschichte, die nicht nur den Augenblick einf\u00e4ngt, sondern ihn \u00fcbersteigt.<\/p>\n<p><span style=\"color: #138a8d;\">S<\/span>o gibt uns das Bild den Blick zur\u00fcck \u2013 und erinnert uns daran, dass Sehen nicht blo\u00df Beobachten ist, sondern ein st\u00e4ndiges Wiedererkennen unseres eigenen Wesens im wechselnden Spiegel des Lichts.<\/p>\n","protected":false},"excerpt":{"rendered":"<p>Die Fotografie bietet uns ein einzigartiges Fenster zur Seele der Welt. In jedem Bild steckt Bedeutung \u2013 sie formt unsere Art, alles um uns herum zu sehen. Tag f\u00fcr Tag illustrieren Fotografien nicht nur, sondern interpretieren die Realit\u00e4t. Wir leben umgeben von Bildausschnitten, die bestimmen, was wir erinnern und was wir vergessen. In diesem Sinne [&hellip;]<\/p>\n","protected":false},"author":122,"featured_media":31339,"comment_status":"open","ping_status":"open","sticky":false,"template":"","format":"standard","meta":{"_acf_changed":false,"_exactmetrics_skip_tracking":false,"_exactmetrics_sitenote_active":false,"_exactmetrics_sitenote_note":"","_exactmetrics_sitenote_category":0,"site-sidebar-layout":"default","site-content-layout":"","ast-site-content-layout":"default","site-content-style":"default","site-sidebar-style":"default","ast-global-header-display":"","ast-banner-title-visibility":"","ast-main-header-display":"","ast-hfb-above-header-display":"","ast-hfb-below-header-display":"","ast-hfb-mobile-header-display":"","site-post-title":"","ast-breadcrumbs-content":"","ast-featured-img":"","footer-sml-layout":"","theme-transparent-header-meta":"default","adv-header-id-meta":"","stick-header-meta":"","header-above-stick-meta":"","header-main-stick-meta":"","header-below-stick-meta":"","astra-migrate-meta-layouts":"set","ast-page-background-enabled":"default","ast-page-background-meta":{"desktop":{"background-color":"","background-image":"","background-repeat":"repeat","background-position":"center center","background-size":"auto","background-attachment":"scroll","background-type":"","background-media":"","overlay-type":"","overlay-color":"","overlay-opacity":"","overlay-gradient":""},"tablet":{"background-color":"","background-image":"","background-repeat":"repeat","background-position":"center center","background-size":"auto","background-attachment":"scroll","background-type":"","background-media":"","overlay-type":"","overlay-color":"","overlay-opacity":"","overlay-gradient":""},"mobile":{"background-color":"","background-image":"","background-repeat":"repeat","background-position":"center center","background-size":"auto","background-attachment":"scroll","background-type":"","background-media":"","overlay-type":"","overlay-color":"","overlay-opacity":"","overlay-gradient":""}},"ast-content-background-meta":{"desktop":{"background-color":"var(--ast-global-color-5)","background-image":"","background-repeat":"repeat","background-position":"center center","background-size":"auto","background-attachment":"scroll","background-type":"","background-media":"","overlay-type":"","overlay-color":"","overlay-opacity":"","overlay-gradient":""},"tablet":{"background-color":"var(--ast-global-color-5)","background-image":"","background-repeat":"repeat","background-position":"center center","background-size":"auto","background-attachment":"scroll","background-type":"","background-media":"","overlay-type":"","overlay-color":"","overlay-opacity":"","overlay-gradient":""},"mobile":{"background-color":"var(--ast-global-color-5)","background-image":"","background-repeat":"repeat","background-position":"center center","background-size":"auto","background-attachment":"scroll","background-type":"","background-media":"","overlay-type":"","overlay-color":"","overlay-opacity":"","overlay-gradient":""}},"footnotes":""},"categories":[2934],"tags":[3543,3546,3544,2970,3545],"class_list":["post-31271","post","type-post","status-publish","format-standard","has-post-thumbnail","hentry","category-der-verschluss","tag-cristina-de-middel","tag-graciela-iturbide","tag-gregory-halpern","tag-kunst","tag-nan-goldin"],"acf":[],"yoast_head":"<!-- This site is optimized with the Yoast SEO plugin v27.4 - https:\/\/yoast.com\/product\/yoast-seo-wordpress\/ -->\n<title>Die Macht des Bildes - Solkes Magazine<\/title>\n<meta name=\"description\" content=\"Eine poetische Reise durch die Macht des Bildes und die Fotograf:innen, die unsere Sicht auf die Welt verwandeln.\" \/>\n<meta name=\"robots\" content=\"index, follow, max-snippet:-1, max-image-preview:large, max-video-preview:-1\" \/>\n<link rel=\"canonical\" href=\"https:\/\/solkes.com\/de\/der-verschluss\/2025\/12\/die-macht-des-bildes\/\" \/>\n<meta property=\"og:locale\" content=\"de_DE\" \/>\n<meta property=\"og:type\" content=\"article\" \/>\n<meta property=\"og:title\" content=\"Die Macht des Bildes - Solkes Magazine\" \/>\n<meta property=\"og:description\" content=\"Eine poetische Reise durch die Macht des Bildes und die Fotograf:innen, die unsere Sicht auf die Welt verwandeln.\" \/>\n<meta property=\"og:url\" content=\"https:\/\/solkes.com\/de\/der-verschluss\/2025\/12\/die-macht-des-bildes\/\" \/>\n<meta property=\"og:site_name\" content=\"Solkes Magazine\" \/>\n<meta property=\"article:publisher\" content=\"https:\/\/www.facebook.com\/solkesmagazinee\/\" \/>\n<meta property=\"article:published_time\" content=\"2025-12-13T08:16:41+00:00\" \/>\n<meta property=\"og:image\" content=\"https:\/\/solkes.com\/wp-content\/uploads\/2025\/12\/el-poder-de-la-imagen-2505-15.jpg\" \/>\n\t<meta property=\"og:image:width\" content=\"996\" \/>\n\t<meta property=\"og:image:height\" content=\"620\" \/>\n\t<meta property=\"og:image:type\" content=\"image\/jpeg\" \/>\n<meta name=\"author\" content=\"Damian Amoif\" \/>\n<meta name=\"twitter:card\" content=\"summary_large_image\" \/>\n<meta name=\"twitter:label1\" content=\"Verfasst von\" \/>\n\t<meta name=\"twitter:data1\" content=\"Damian Amoif\" \/>\n\t<meta name=\"twitter:label2\" content=\"Gesch\u00e4tzte Lesezeit\" \/>\n\t<meta name=\"twitter:data2\" content=\"22\u00a0Minuten\" \/>\n<script type=\"application\/ld+json\" class=\"yoast-schema-graph\">{\"@context\":\"https:\\\/\\\/schema.org\",\"@graph\":[{\"@type\":\"Article\",\"@id\":\"https:\\\/\\\/solkes.com\\\/de\\\/der-verschluss\\\/2025\\\/12\\\/die-macht-des-bildes\\\/#article\",\"isPartOf\":{\"@id\":\"https:\\\/\\\/solkes.com\\\/de\\\/der-verschluss\\\/2025\\\/12\\\/die-macht-des-bildes\\\/\"},\"author\":{\"name\":\"Damian Amoif\",\"@id\":\"https:\\\/\\\/solkes.com\\\/#\\\/schema\\\/person\\\/c6087f552b034a04c1e493a5333011fa\"},\"headline\":\"Die Macht des Bildes\",\"datePublished\":\"2025-12-13T08:16:41+00:00\",\"mainEntityOfPage\":{\"@id\":\"https:\\\/\\\/solkes.com\\\/de\\\/der-verschluss\\\/2025\\\/12\\\/die-macht-des-bildes\\\/\"},\"wordCount\":4360,\"commentCount\":0,\"publisher\":{\"@id\":\"https:\\\/\\\/solkes.com\\\/#organization\"},\"image\":{\"@id\":\"https:\\\/\\\/solkes.com\\\/de\\\/der-verschluss\\\/2025\\\/12\\\/die-macht-des-bildes\\\/#primaryimage\"},\"thumbnailUrl\":\"https:\\\/\\\/solkes.com\\\/wp-content\\\/uploads\\\/2025\\\/12\\\/el-poder-de-la-imagen-2505-15.jpg\",\"keywords\":[\"Cristina de Middel\",\"Graciela Iturbide\",\"Gregory Halpern\",\"kunst\",\"Nan Goldin\"],\"articleSection\":[\"Der Verschluss\"],\"inLanguage\":\"de\",\"potentialAction\":[{\"@type\":\"CommentAction\",\"name\":\"Comment\",\"target\":[\"https:\\\/\\\/solkes.com\\\/de\\\/der-verschluss\\\/2025\\\/12\\\/die-macht-des-bildes\\\/#respond\"]}]},{\"@type\":\"WebPage\",\"@id\":\"https:\\\/\\\/solkes.com\\\/de\\\/der-verschluss\\\/2025\\\/12\\\/die-macht-des-bildes\\\/\",\"url\":\"https:\\\/\\\/solkes.com\\\/de\\\/der-verschluss\\\/2025\\\/12\\\/die-macht-des-bildes\\\/\",\"name\":\"Die Macht des Bildes - Solkes Magazine\",\"isPartOf\":{\"@id\":\"https:\\\/\\\/solkes.com\\\/#website\"},\"primaryImageOfPage\":{\"@id\":\"https:\\\/\\\/solkes.com\\\/de\\\/der-verschluss\\\/2025\\\/12\\\/die-macht-des-bildes\\\/#primaryimage\"},\"image\":{\"@id\":\"https:\\\/\\\/solkes.com\\\/de\\\/der-verschluss\\\/2025\\\/12\\\/die-macht-des-bildes\\\/#primaryimage\"},\"thumbnailUrl\":\"https:\\\/\\\/solkes.com\\\/wp-content\\\/uploads\\\/2025\\\/12\\\/el-poder-de-la-imagen-2505-15.jpg\",\"datePublished\":\"2025-12-13T08:16:41+00:00\",\"description\":\"Eine poetische Reise durch die Macht des Bildes und die Fotograf:innen, die unsere Sicht auf die Welt verwandeln.\",\"breadcrumb\":{\"@id\":\"https:\\\/\\\/solkes.com\\\/de\\\/der-verschluss\\\/2025\\\/12\\\/die-macht-des-bildes\\\/#breadcrumb\"},\"inLanguage\":\"de\",\"potentialAction\":[{\"@type\":\"ReadAction\",\"target\":[\"https:\\\/\\\/solkes.com\\\/de\\\/der-verschluss\\\/2025\\\/12\\\/die-macht-des-bildes\\\/\"]}]},{\"@type\":\"ImageObject\",\"inLanguage\":\"de\",\"@id\":\"https:\\\/\\\/solkes.com\\\/de\\\/der-verschluss\\\/2025\\\/12\\\/die-macht-des-bildes\\\/#primaryimage\",\"url\":\"https:\\\/\\\/solkes.com\\\/wp-content\\\/uploads\\\/2025\\\/12\\\/el-poder-de-la-imagen-2505-15.jpg\",\"contentUrl\":\"https:\\\/\\\/solkes.com\\\/wp-content\\\/uploads\\\/2025\\\/12\\\/el-poder-de-la-imagen-2505-15.jpg\",\"width\":996,\"height\":620,\"caption\":\"Dollar Grill\"},{\"@type\":\"BreadcrumbList\",\"@id\":\"https:\\\/\\\/solkes.com\\\/de\\\/der-verschluss\\\/2025\\\/12\\\/die-macht-des-bildes\\\/#breadcrumb\",\"itemListElement\":[{\"@type\":\"ListItem\",\"position\":1,\"name\":\"Portada\",\"item\":\"https:\\\/\\\/solkes.com\\\/\"},{\"@type\":\"ListItem\",\"position\":2,\"name\":\"Die Macht des Bildes\"}]},{\"@type\":\"WebSite\",\"@id\":\"https:\\\/\\\/solkes.com\\\/#website\",\"url\":\"https:\\\/\\\/solkes.com\\\/\",\"name\":\"Solkes Magazine\",\"description\":\"solkes.com\",\"publisher\":{\"@id\":\"https:\\\/\\\/solkes.com\\\/#organization\"},\"potentialAction\":[{\"@type\":\"SearchAction\",\"target\":{\"@type\":\"EntryPoint\",\"urlTemplate\":\"https:\\\/\\\/solkes.com\\\/?s={search_term_string}\"},\"query-input\":{\"@type\":\"PropertyValueSpecification\",\"valueRequired\":true,\"valueName\":\"search_term_string\"}}],\"inLanguage\":\"de\"},{\"@type\":\"Organization\",\"@id\":\"https:\\\/\\\/solkes.com\\\/#organization\",\"name\":\"Solkes Magazine\",\"url\":\"https:\\\/\\\/solkes.com\\\/\",\"logo\":{\"@type\":\"ImageObject\",\"inLanguage\":\"de\",\"@id\":\"https:\\\/\\\/solkes.com\\\/#\\\/schema\\\/logo\\\/image\\\/\",\"url\":\"https:\\\/\\\/solkes.com\\\/wp-content\\\/uploads\\\/2024\\\/09\\\/logo-SOLKES-820px-x-312px.png\",\"contentUrl\":\"https:\\\/\\\/solkes.com\\\/wp-content\\\/uploads\\\/2024\\\/09\\\/logo-SOLKES-820px-x-312px.png\",\"width\":411,\"height\":303,\"caption\":\"Solkes Magazine\"},\"image\":{\"@id\":\"https:\\\/\\\/solkes.com\\\/#\\\/schema\\\/logo\\\/image\\\/\"},\"sameAs\":[\"https:\\\/\\\/www.facebook.com\\\/solkesmagazinee\\\/\",\"https:\\\/\\\/instagram.com\\\/solkesmagazine\\\/\"]},{\"@type\":\"Person\",\"@id\":\"https:\\\/\\\/solkes.com\\\/#\\\/schema\\\/person\\\/c6087f552b034a04c1e493a5333011fa\",\"name\":\"Damian Amoif\",\"image\":{\"@type\":\"ImageObject\",\"inLanguage\":\"de\",\"@id\":\"https:\\\/\\\/secure.gravatar.com\\\/avatar\\\/5e95ca5b9251c54eee56a71ac192b31cee4275410b7ce35d030ced4d8b2bc80f?s=96&d=identicon&r=g\",\"url\":\"https:\\\/\\\/secure.gravatar.com\\\/avatar\\\/5e95ca5b9251c54eee56a71ac192b31cee4275410b7ce35d030ced4d8b2bc80f?s=96&d=identicon&r=g\",\"contentUrl\":\"https:\\\/\\\/secure.gravatar.com\\\/avatar\\\/5e95ca5b9251c54eee56a71ac192b31cee4275410b7ce35d030ced4d8b2bc80f?s=96&d=identicon&r=g\",\"caption\":\"Damian Amoif\"},\"url\":\"https:\\\/\\\/solkes.com\\\/de\\\/author\\\/damian\\\/\"}]}<\/script>\n<!-- \/ Yoast SEO plugin. -->","yoast_head_json":{"title":"Die Macht des Bildes - Solkes Magazine","description":"Eine poetische Reise durch die Macht des Bildes und die Fotograf:innen, die unsere Sicht auf die Welt verwandeln.","robots":{"index":"index","follow":"follow","max-snippet":"max-snippet:-1","max-image-preview":"max-image-preview:large","max-video-preview":"max-video-preview:-1"},"canonical":"https:\/\/solkes.com\/de\/der-verschluss\/2025\/12\/die-macht-des-bildes\/","og_locale":"de_DE","og_type":"article","og_title":"Die Macht des Bildes - Solkes Magazine","og_description":"Eine poetische Reise durch die Macht des Bildes und die Fotograf:innen, die unsere Sicht auf die Welt verwandeln.","og_url":"https:\/\/solkes.com\/de\/der-verschluss\/2025\/12\/die-macht-des-bildes\/","og_site_name":"Solkes Magazine","article_publisher":"https:\/\/www.facebook.com\/solkesmagazinee\/","article_published_time":"2025-12-13T08:16:41+00:00","og_image":[{"width":996,"height":620,"url":"https:\/\/solkes.com\/wp-content\/uploads\/2025\/12\/el-poder-de-la-imagen-2505-15.jpg","type":"image\/jpeg"}],"author":"Damian Amoif","twitter_card":"summary_large_image","twitter_misc":{"Verfasst von":"Damian Amoif","Gesch\u00e4tzte Lesezeit":"22\u00a0Minuten"},"schema":{"@context":"https:\/\/schema.org","@graph":[{"@type":"Article","@id":"https:\/\/solkes.com\/de\/der-verschluss\/2025\/12\/die-macht-des-bildes\/#article","isPartOf":{"@id":"https:\/\/solkes.com\/de\/der-verschluss\/2025\/12\/die-macht-des-bildes\/"},"author":{"name":"Damian Amoif","@id":"https:\/\/solkes.com\/#\/schema\/person\/c6087f552b034a04c1e493a5333011fa"},"headline":"Die Macht des Bildes","datePublished":"2025-12-13T08:16:41+00:00","mainEntityOfPage":{"@id":"https:\/\/solkes.com\/de\/der-verschluss\/2025\/12\/die-macht-des-bildes\/"},"wordCount":4360,"commentCount":0,"publisher":{"@id":"https:\/\/solkes.com\/#organization"},"image":{"@id":"https:\/\/solkes.com\/de\/der-verschluss\/2025\/12\/die-macht-des-bildes\/#primaryimage"},"thumbnailUrl":"https:\/\/solkes.com\/wp-content\/uploads\/2025\/12\/el-poder-de-la-imagen-2505-15.jpg","keywords":["Cristina de Middel","Graciela Iturbide","Gregory Halpern","kunst","Nan Goldin"],"articleSection":["Der Verschluss"],"inLanguage":"de","potentialAction":[{"@type":"CommentAction","name":"Comment","target":["https:\/\/solkes.com\/de\/der-verschluss\/2025\/12\/die-macht-des-bildes\/#respond"]}]},{"@type":"WebPage","@id":"https:\/\/solkes.com\/de\/der-verschluss\/2025\/12\/die-macht-des-bildes\/","url":"https:\/\/solkes.com\/de\/der-verschluss\/2025\/12\/die-macht-des-bildes\/","name":"Die Macht des Bildes - Solkes Magazine","isPartOf":{"@id":"https:\/\/solkes.com\/#website"},"primaryImageOfPage":{"@id":"https:\/\/solkes.com\/de\/der-verschluss\/2025\/12\/die-macht-des-bildes\/#primaryimage"},"image":{"@id":"https:\/\/solkes.com\/de\/der-verschluss\/2025\/12\/die-macht-des-bildes\/#primaryimage"},"thumbnailUrl":"https:\/\/solkes.com\/wp-content\/uploads\/2025\/12\/el-poder-de-la-imagen-2505-15.jpg","datePublished":"2025-12-13T08:16:41+00:00","description":"Eine poetische Reise durch die Macht des Bildes und die Fotograf:innen, die unsere Sicht auf die Welt verwandeln.","breadcrumb":{"@id":"https:\/\/solkes.com\/de\/der-verschluss\/2025\/12\/die-macht-des-bildes\/#breadcrumb"},"inLanguage":"de","potentialAction":[{"@type":"ReadAction","target":["https:\/\/solkes.com\/de\/der-verschluss\/2025\/12\/die-macht-des-bildes\/"]}]},{"@type":"ImageObject","inLanguage":"de","@id":"https:\/\/solkes.com\/de\/der-verschluss\/2025\/12\/die-macht-des-bildes\/#primaryimage","url":"https:\/\/solkes.com\/wp-content\/uploads\/2025\/12\/el-poder-de-la-imagen-2505-15.jpg","contentUrl":"https:\/\/solkes.com\/wp-content\/uploads\/2025\/12\/el-poder-de-la-imagen-2505-15.jpg","width":996,"height":620,"caption":"Dollar Grill"},{"@type":"BreadcrumbList","@id":"https:\/\/solkes.com\/de\/der-verschluss\/2025\/12\/die-macht-des-bildes\/#breadcrumb","itemListElement":[{"@type":"ListItem","position":1,"name":"Portada","item":"https:\/\/solkes.com\/"},{"@type":"ListItem","position":2,"name":"Die Macht des Bildes"}]},{"@type":"WebSite","@id":"https:\/\/solkes.com\/#website","url":"https:\/\/solkes.com\/","name":"Solkes Magazine","description":"solkes.com","publisher":{"@id":"https:\/\/solkes.com\/#organization"},"potentialAction":[{"@type":"SearchAction","target":{"@type":"EntryPoint","urlTemplate":"https:\/\/solkes.com\/?s={search_term_string}"},"query-input":{"@type":"PropertyValueSpecification","valueRequired":true,"valueName":"search_term_string"}}],"inLanguage":"de"},{"@type":"Organization","@id":"https:\/\/solkes.com\/#organization","name":"Solkes Magazine","url":"https:\/\/solkes.com\/","logo":{"@type":"ImageObject","inLanguage":"de","@id":"https:\/\/solkes.com\/#\/schema\/logo\/image\/","url":"https:\/\/solkes.com\/wp-content\/uploads\/2024\/09\/logo-SOLKES-820px-x-312px.png","contentUrl":"https:\/\/solkes.com\/wp-content\/uploads\/2024\/09\/logo-SOLKES-820px-x-312px.png","width":411,"height":303,"caption":"Solkes Magazine"},"image":{"@id":"https:\/\/solkes.com\/#\/schema\/logo\/image\/"},"sameAs":["https:\/\/www.facebook.com\/solkesmagazinee\/","https:\/\/instagram.com\/solkesmagazine\/"]},{"@type":"Person","@id":"https:\/\/solkes.com\/#\/schema\/person\/c6087f552b034a04c1e493a5333011fa","name":"Damian Amoif","image":{"@type":"ImageObject","inLanguage":"de","@id":"https:\/\/secure.gravatar.com\/avatar\/5e95ca5b9251c54eee56a71ac192b31cee4275410b7ce35d030ced4d8b2bc80f?s=96&d=identicon&r=g","url":"https:\/\/secure.gravatar.com\/avatar\/5e95ca5b9251c54eee56a71ac192b31cee4275410b7ce35d030ced4d8b2bc80f?s=96&d=identicon&r=g","contentUrl":"https:\/\/secure.gravatar.com\/avatar\/5e95ca5b9251c54eee56a71ac192b31cee4275410b7ce35d030ced4d8b2bc80f?s=96&d=identicon&r=g","caption":"Damian Amoif"},"url":"https:\/\/solkes.com\/de\/author\/damian\/"}]}},"_links":{"self":[{"href":"https:\/\/solkes.com\/de\/wp-json\/wp\/v2\/posts\/31271","targetHints":{"allow":["GET"]}}],"collection":[{"href":"https:\/\/solkes.com\/de\/wp-json\/wp\/v2\/posts"}],"about":[{"href":"https:\/\/solkes.com\/de\/wp-json\/wp\/v2\/types\/post"}],"author":[{"embeddable":true,"href":"https:\/\/solkes.com\/de\/wp-json\/wp\/v2\/users\/122"}],"replies":[{"embeddable":true,"href":"https:\/\/solkes.com\/de\/wp-json\/wp\/v2\/comments?post=31271"}],"version-history":[{"count":6,"href":"https:\/\/solkes.com\/de\/wp-json\/wp\/v2\/posts\/31271\/revisions"}],"predecessor-version":[{"id":31362,"href":"https:\/\/solkes.com\/de\/wp-json\/wp\/v2\/posts\/31271\/revisions\/31362"}],"wp:featuredmedia":[{"embeddable":true,"href":"https:\/\/solkes.com\/de\/wp-json\/wp\/v2\/media\/31339"}],"wp:attachment":[{"href":"https:\/\/solkes.com\/de\/wp-json\/wp\/v2\/media?parent=31271"}],"wp:term":[{"taxonomy":"category","embeddable":true,"href":"https:\/\/solkes.com\/de\/wp-json\/wp\/v2\/categories?post=31271"},{"taxonomy":"post_tag","embeddable":true,"href":"https:\/\/solkes.com\/de\/wp-json\/wp\/v2\/tags?post=31271"}],"curies":[{"name":"wp","href":"https:\/\/api.w.org\/{rel}","templated":true}]}}