{"id":31111,"date":"2020-11-03T10:25:50","date_gmt":"2020-11-03T08:25:50","guid":{"rendered":"https:\/\/solkes.com\/?p=31111"},"modified":"2025-10-08T10:29:10","modified_gmt":"2025-10-08T08:29:10","slug":"der-duft-deiner-erinnerung","status":"publish","type":"post","link":"https:\/\/solkes.com\/de\/anonym-de\/2020\/11\/der-duft-deiner-erinnerung\/","title":{"rendered":"Der Duft deiner Erinnerung"},"content":{"rendered":"<p><span style=\"color: #138a8d;\">V<\/span>or einiger Zeit habe ich ein Buch zu Ende gelesen, das mich in wundersch\u00f6ne, imagin\u00e4re Orte versetzte. In diesem Buch fand ich eine Gravur mit einem weiblichen Namen \u2013 vielleicht ist sie dazu da, das Geschriebene unsterblich zu machen. Ich hingegen werde jene Seiten der Zeit aufbewahren, die du vielleicht niemals lesen wirst \u2013 nicht einmal in deiner Erinnerung.<\/p>\n<figure id=\"attachment_24032\" aria-describedby=\"caption-attachment-24032\" style=\"width: 996px\" class=\"wp-caption aligncenter\"><img fetchpriority=\"high\" decoding=\"async\" class=\"size-full wp-image-24032\" src=\"https:\/\/solkes.com\/wp-content\/uploads\/2020\/08\/2011_01-2.jpg\" alt=\"rosa en libro\" width=\"996\" height=\"601\" srcset=\"https:\/\/solkes.com\/wp-content\/uploads\/2020\/08\/2011_01-2.jpg 996w, https:\/\/solkes.com\/wp-content\/uploads\/2020\/08\/2011_01-2-300x181.jpg 300w, https:\/\/solkes.com\/wp-content\/uploads\/2020\/08\/2011_01-2-768x463.jpg 768w, https:\/\/solkes.com\/wp-content\/uploads\/2020\/08\/2011_01-2-320x193.jpg 320w\" sizes=\"(max-width: 996px) 100vw, 996px\" \/><figcaption id=\"caption-attachment-24032\" class=\"wp-caption-text\">Laura Viera A \u00a9 Solkes<\/figcaption><\/figure>\n<p>Ich wusste es an jenem Tag, als ich den frischen Atem deines Mundes davongehen sah, nachdem du diese wundervollen Gespr\u00e4che eingeatmet hattest, die wir jedes Mal f\u00fchrten, wenn wir uns in jenem Caf\u00e9 trafen \u2013 an jenen Tagen, an denen die Sonne das verborgene L\u00e4cheln auf deinem Gesicht erhellte, w\u00e4hrend meine Augen dein windiges, verspieltes Haar beruhigten.<\/p>\n<p>Heute, auf meinem gewohnten Weg, blieb ich an dem Ort stehen, an dem wir immer waren. Meine unruhigen Augen begannen, ich wei\u00df nicht, wie, dich dort zu suchen \u2013 an jenem Platz, umgeben von gr\u00fcnen Zweigen, die uns erlaubten, die Passanten heimlich zu beobachten. Ein Ort, an dem die saubere Luft und die frische Ruhe nur vom Duft frisch gebackenen Brotes durchbrochen werden \u2013 jenes Brotes, das wir nach unseren Gespr\u00e4chen zu kosten pflegten.<\/p>\n<figure id=\"attachment_24145\" aria-describedby=\"caption-attachment-24145\" style=\"width: 374px\" class=\"wp-caption alignleft\"><img decoding=\"async\" class=\"wp-image-24145\" src=\"https:\/\/solkes.com\/wp-content\/uploads\/2020\/08\/2011_03-2.jpg\" alt=\"\" width=\"374\" height=\"601\" srcset=\"https:\/\/solkes.com\/wp-content\/uploads\/2020\/08\/2011_03-2.jpg 620w, https:\/\/solkes.com\/wp-content\/uploads\/2020\/08\/2011_03-2-187x300.jpg 187w, https:\/\/solkes.com\/wp-content\/uploads\/2020\/08\/2011_03-2-299x480.jpg 299w\" sizes=\"(max-width: 374px) 100vw, 374px\" \/><figcaption id=\"caption-attachment-24145\" class=\"wp-caption-text\">Laura Viera A \u00a9 Solkes<\/figcaption><\/figure>\n<p>Ich versuchte, dem Duft zu widerstehen, aber ich konnte es nicht. Ich sah mich um, und die Pl\u00e4tze, die wir immer einnahmen, waren leer. Ich trat ein, bestellte einen Kaffee \u2013 und begann, dich in meinen Gedanken zu zeichnen.<\/p>\n<p>Zwischen den Schlucken dachte ich an dein endg\u00fcltiges Verschwinden aus meinem Leben \u2013 und daran, wie die Seiten deiner Erinnerung, auf denen der Atem deiner Lippen zu s\u00fc\u00dfen Worten f\u00fcr mich wurde, inzwischen verwelkt sein m\u00fcssen. Wie w\u00e4ren wohl diese ewigen K\u00fcsse, die ich niemals wieder haben werde?<\/p>\n<p>W\u00e4hrend ich die Feinheit beobachtete, mit der sie die Teigformen aus den Formen zog, fand ich in diesem neugeborenen Duft die Erinnerung an dein Gesicht \u2013 mit jenem frischen L\u00e4cheln, das niemals den Blick meines Herzens verbergen konnte.<\/p>\n<p>Einmal sprachen wir \u00fcber den Glauben, dass jede Person, die unseren Weg kreuzt, aus einem bestimmten Grund da ist. Und dass sie, genauso wie sie bleibt, auch alles mitnimmt \u2013 all die gemeinsam gelebten Augenblicke, die bald zu unserer Vergangenheit werden. Doch jede Spur, jeder Weg hinterl\u00e4sst Momente, Zitate und Schweigen, mit denen wir lernen, in unserer Gegenwart zu leben.<\/p>\n<p>Und wenn ich daran denke, dass unsere Begegnung war, als w\u00fcrden sich zwei Fremde zuf\u00e4llig treffen \u2013 und dass das Leben darauf bestand, uns immer wieder zusammenzuf\u00fchren, bis wir erkannten, dass wir einander so sehr kannten, dass wir uns einfach auf der falschen Strecke verloren hatten.<\/p>\n<p>\u201eM\u00f6chten Sie noch etwas, mein Herr? Oder warten Sie auf die Person, die Sie sonst begleitet?\u201c, fragt mich der Kellner \u2013 verwirrt, zwischen Freundlichkeit und Verwunderung \u00fcber meine Einsamkeit.<br \/>\n\u201eNur noch einen Kaffee \u2013 und bitte bringen Sie mir das Hausbrot.\u201c<\/p>\n<figure id=\"attachment_24034\" aria-describedby=\"caption-attachment-24034\" style=\"width: 374px\" class=\"wp-caption alignright\"><img decoding=\"async\" class=\"wp-image-24034\" src=\"https:\/\/solkes.com\/wp-content\/uploads\/2020\/08\/2011_02-2.jpg\" alt=\"lock with heart\" width=\"374\" height=\"601\" srcset=\"https:\/\/solkes.com\/wp-content\/uploads\/2020\/08\/2011_02-2.jpg 620w, https:\/\/solkes.com\/wp-content\/uploads\/2020\/08\/2011_02-2-187x300.jpg 187w, https:\/\/solkes.com\/wp-content\/uploads\/2020\/08\/2011_02-2-299x480.jpg 299w\" sizes=\"(max-width: 374px) 100vw, 374px\" \/><figcaption id=\"caption-attachment-24034\" class=\"wp-caption-text\">Laura Viera A \u00a9 Solkes<\/figcaption><\/figure>\n<p>Nach dem, was zwischen uns geschehen ist, glaube ich fest daran, dass sich alles im Leben in einem einzigen Augenblick ver\u00e4ndern kann \u2013 und aufh\u00f6ren kann, das zu sein, was es eine Minute zuvor war. Ich glaube, dass selbst Blumenfelder aufh\u00f6ren, bezaubernd und harmonisch zu sein, wenn sie vom Winter heimgesucht werden; dass das Konzert des Vogelgesangs mit dem Fl\u00fcgelschlag vergeht, der sie vertreibt, gejagt von der Hitze, die ihnen folgt.<\/p>\n<p>Deshalb spielt es heute keine Rolle mehr, was wirklich passiert ist \u2013 denn nur du und ich kennen die Wahrheit.<\/p>\n<p>Unweigerlich kehre ich zu jenem Moment zur\u00fcck, als du mich ohne die Energie deiner Umarmung und ohne unsere gewohnten K\u00fcsse zur\u00fcckgelassen hast \u2013 du hast mich mit einem Abschied zur\u00fcckgelassen, um uns f\u00fcr immer nicht mehr zu sehen.<\/p>\n<p>Jetzt, da die Vergangenheit wie ein Schmetterling um die Zeit fliegt und tanzt; jetzt, da der unvergessliche Duft deines abwesenden K\u00f6rpers mich zwischen dem Geruch von frischem Holz, das das Korn eines gl\u00fccklichen Traums b\u00e4ckt, verzehrt \u2013 jetzt bin ich mir sicher, dass du alles mitgenommen hast, aber nicht die Sehnsucht nach diesem Brot, nach jenen Momenten zwischen dir und mir. Nach jener n\u00e4hrenden Nahrung, die mir Leben schenkte, w\u00e4hrend ich zwischen Erinnerungen entbl\u00e4ttere \u2013 mit einem ewigen Duft.<\/p>\n<p>Der Musiker sucht nach der Note, die seiner Melodie Fl\u00fcgel verleiht, um uns alle fliegen zu lassen. Der Bildhauer formt mit Geduld die Figur, die seine Erinnerung im Stein bewahrt. Der Dichter baut mit dem Alphabet Tr\u00e4ume und \u00fcberquert die Br\u00fccke der Liebe, um einen Augenblick mit Freude zu binden.<\/p>\n<p><span style=\"color: #138a8d;\">W<\/span>\u00e4hrenddessen versuche ich, in diesen Zeilen das wundervolle Gef\u00fchl einzupflanzen, das mein Geruch im Duft deiner Erinnerungen wiedererkannt hat.<\/p>\n","protected":false},"excerpt":{"rendered":"<p>Vor einiger Zeit habe ich ein Buch zu Ende gelesen, das mich in wundersch\u00f6ne, imagin\u00e4re Orte versetzte. In diesem Buch fand ich eine Gravur mit einem weiblichen Namen \u2013 vielleicht ist sie dazu da, das Geschriebene unsterblich zu machen. Ich hingegen werde jene Seiten der Zeit aufbewahren, die du vielleicht niemals lesen wirst \u2013 nicht [&hellip;]<\/p>\n","protected":false},"author":68,"featured_media":24147,"comment_status":"open","ping_status":"open","sticky":false,"template":"","format":"standard","meta":{"_acf_changed":false,"_exactmetrics_skip_tracking":false,"_exactmetrics_sitenote_active":false,"_exactmetrics_sitenote_note":"","_exactmetrics_sitenote_category":0,"site-sidebar-layout":"default","site-content-layout":"default","ast-site-content-layout":"default","site-content-style":"default","site-sidebar-style":"default","ast-global-header-display":"","ast-banner-title-visibility":"","ast-main-header-display":"","ast-hfb-above-header-display":"","ast-hfb-below-header-display":"","ast-hfb-mobile-header-display":"","site-post-title":"","ast-breadcrumbs-content":"","ast-featured-img":"","footer-sml-layout":"","theme-transparent-header-meta":"default","adv-header-id-meta":"","stick-header-meta":"","header-above-stick-meta":"","header-main-stick-meta":"","header-below-stick-meta":"","astra-migrate-meta-layouts":"default","ast-page-background-enabled":"default","ast-page-background-meta":{"desktop":{"background-color":"","background-image":"","background-repeat":"repeat","background-position":"center center","background-size":"auto","background-attachment":"scroll","background-type":"","background-media":"","overlay-type":"","overlay-color":"","overlay-opacity":"","overlay-gradient":""},"tablet":{"background-color":"","background-image":"","background-repeat":"repeat","background-position":"center center","background-size":"auto","background-attachment":"scroll","background-type":"","background-media":"","overlay-type":"","overlay-color":"","overlay-opacity":"","overlay-gradient":""},"mobile":{"background-color":"","background-image":"","background-repeat":"repeat","background-position":"center center","background-size":"auto","background-attachment":"scroll","background-type":"","background-media":"","overlay-type":"","overlay-color":"","overlay-opacity":"","overlay-gradient":""}},"ast-content-background-meta":{"desktop":{"background-color":"var(--ast-global-color-5)","background-image":"","background-repeat":"repeat","background-position":"center center","background-size":"auto","background-attachment":"scroll","background-type":"","background-media":"","overlay-type":"","overlay-color":"","overlay-opacity":"","overlay-gradient":""},"tablet":{"background-color":"var(--ast-global-color-5)","background-image":"","background-repeat":"repeat","background-position":"center center","background-size":"auto","background-attachment":"scroll","background-type":"","background-media":"","overlay-type":"","overlay-color":"","overlay-opacity":"","overlay-gradient":""},"mobile":{"background-color":"var(--ast-global-color-5)","background-image":"","background-repeat":"repeat","background-position":"center center","background-size":"auto","background-attachment":"scroll","background-type":"","background-media":"","overlay-type":"","overlay-color":"","overlay-opacity":"","overlay-gradient":""}},"footnotes":""},"categories":[2931],"tags":[],"class_list":["post-31111","post","type-post","status-publish","format-standard","has-post-thumbnail","hentry","category-anonym-de"],"acf":[],"yoast_head":"<!-- This site is optimized with the Yoast SEO plugin v27.4 - https:\/\/yoast.com\/product\/yoast-seo-wordpress\/ -->\n<title>Der Duft deiner Erinnerung - Solkes Magazine<\/title>\n<meta name=\"description\" content=\"Ich versuche, in diese Zeilen das wundervolle Gef\u00fchl einzuarbeiten, das mein Geruchssinn im Duft deiner Erinnerungen wiedererkannt hat.\" \/>\n<meta name=\"robots\" content=\"index, follow, max-snippet:-1, max-image-preview:large, max-video-preview:-1\" \/>\n<link rel=\"canonical\" href=\"https:\/\/solkes.com\/de\/anonym-de\/2020\/11\/der-duft-deiner-erinnerung\/\" \/>\n<meta property=\"og:locale\" content=\"de_DE\" \/>\n<meta property=\"og:type\" content=\"article\" \/>\n<meta property=\"og:title\" content=\"Der Duft deiner Erinnerung - Solkes Magazine\" \/>\n<meta property=\"og:description\" content=\"Ich versuche, in diese Zeilen das wundervolle Gef\u00fchl einzuarbeiten, das mein Geruchssinn im Duft deiner Erinnerungen wiedererkannt hat.\" \/>\n<meta property=\"og:url\" content=\"https:\/\/solkes.com\/de\/anonym-de\/2020\/11\/der-duft-deiner-erinnerung\/\" \/>\n<meta property=\"og:site_name\" content=\"Solkes Magazine\" \/>\n<meta property=\"article:publisher\" content=\"https:\/\/www.facebook.com\/solkesmagazinee\/\" \/>\n<meta property=\"article:published_time\" content=\"2020-11-03T08:25:50+00:00\" \/>\n<meta property=\"article:modified_time\" content=\"2025-10-08T08:29:10+00:00\" \/>\n<meta property=\"og:image\" content=\"https:\/\/solkes.com\/wp-content\/uploads\/2020\/08\/2011_04-2.jpg\" \/>\n\t<meta property=\"og:image:width\" content=\"996\" \/>\n\t<meta property=\"og:image:height\" content=\"601\" \/>\n\t<meta property=\"og:image:type\" content=\"image\/jpeg\" \/>\n<meta name=\"author\" content=\"Gustavo Torres Herrera\" \/>\n<meta name=\"twitter:card\" content=\"summary_large_image\" \/>\n<meta name=\"twitter:label1\" content=\"Verfasst von\" \/>\n\t<meta name=\"twitter:data1\" content=\"Gustavo Torres Herrera\" \/>\n\t<meta name=\"twitter:label2\" content=\"Gesch\u00e4tzte Lesezeit\" \/>\n\t<meta name=\"twitter:data2\" content=\"5\u00a0Minuten\" \/>\n<script type=\"application\/ld+json\" class=\"yoast-schema-graph\">{\"@context\":\"https:\\\/\\\/schema.org\",\"@graph\":[{\"@type\":\"Article\",\"@id\":\"https:\\\/\\\/solkes.com\\\/de\\\/anonym-de\\\/2020\\\/11\\\/der-duft-deiner-erinnerung\\\/#article\",\"isPartOf\":{\"@id\":\"https:\\\/\\\/solkes.com\\\/de\\\/anonym-de\\\/2020\\\/11\\\/der-duft-deiner-erinnerung\\\/\"},\"author\":{\"name\":\"Gustavo Torres Herrera\",\"@id\":\"https:\\\/\\\/solkes.com\\\/#\\\/schema\\\/person\\\/f37eb817fc09e0fe76d7ca7e6cff0c0d\"},\"headline\":\"Der Duft deiner Erinnerung\",\"datePublished\":\"2020-11-03T08:25:50+00:00\",\"dateModified\":\"2025-10-08T08:29:10+00:00\",\"mainEntityOfPage\":{\"@id\":\"https:\\\/\\\/solkes.com\\\/de\\\/anonym-de\\\/2020\\\/11\\\/der-duft-deiner-erinnerung\\\/\"},\"wordCount\":801,\"commentCount\":0,\"publisher\":{\"@id\":\"https:\\\/\\\/solkes.com\\\/#organization\"},\"image\":{\"@id\":\"https:\\\/\\\/solkes.com\\\/de\\\/anonym-de\\\/2020\\\/11\\\/der-duft-deiner-erinnerung\\\/#primaryimage\"},\"thumbnailUrl\":\"https:\\\/\\\/solkes.com\\\/wp-content\\\/uploads\\\/2020\\\/08\\\/2011_04-2.jpg\",\"articleSection\":[\"Anonym\"],\"inLanguage\":\"de\",\"potentialAction\":[{\"@type\":\"CommentAction\",\"name\":\"Comment\",\"target\":[\"https:\\\/\\\/solkes.com\\\/de\\\/anonym-de\\\/2020\\\/11\\\/der-duft-deiner-erinnerung\\\/#respond\"]}]},{\"@type\":\"WebPage\",\"@id\":\"https:\\\/\\\/solkes.com\\\/de\\\/anonym-de\\\/2020\\\/11\\\/der-duft-deiner-erinnerung\\\/\",\"url\":\"https:\\\/\\\/solkes.com\\\/de\\\/anonym-de\\\/2020\\\/11\\\/der-duft-deiner-erinnerung\\\/\",\"name\":\"Der Duft deiner Erinnerung - Solkes Magazine\",\"isPartOf\":{\"@id\":\"https:\\\/\\\/solkes.com\\\/#website\"},\"primaryImageOfPage\":{\"@id\":\"https:\\\/\\\/solkes.com\\\/de\\\/anonym-de\\\/2020\\\/11\\\/der-duft-deiner-erinnerung\\\/#primaryimage\"},\"image\":{\"@id\":\"https:\\\/\\\/solkes.com\\\/de\\\/anonym-de\\\/2020\\\/11\\\/der-duft-deiner-erinnerung\\\/#primaryimage\"},\"thumbnailUrl\":\"https:\\\/\\\/solkes.com\\\/wp-content\\\/uploads\\\/2020\\\/08\\\/2011_04-2.jpg\",\"datePublished\":\"2020-11-03T08:25:50+00:00\",\"dateModified\":\"2025-10-08T08:29:10+00:00\",\"description\":\"Ich versuche, in diese Zeilen das wundervolle Gef\u00fchl einzuarbeiten, das mein Geruchssinn im Duft deiner Erinnerungen wiedererkannt hat.\",\"breadcrumb\":{\"@id\":\"https:\\\/\\\/solkes.com\\\/de\\\/anonym-de\\\/2020\\\/11\\\/der-duft-deiner-erinnerung\\\/#breadcrumb\"},\"inLanguage\":\"de\",\"potentialAction\":[{\"@type\":\"ReadAction\",\"target\":[\"https:\\\/\\\/solkes.com\\\/de\\\/anonym-de\\\/2020\\\/11\\\/der-duft-deiner-erinnerung\\\/\"]}]},{\"@type\":\"ImageObject\",\"inLanguage\":\"de\",\"@id\":\"https:\\\/\\\/solkes.com\\\/de\\\/anonym-de\\\/2020\\\/11\\\/der-duft-deiner-erinnerung\\\/#primaryimage\",\"url\":\"https:\\\/\\\/solkes.com\\\/wp-content\\\/uploads\\\/2020\\\/08\\\/2011_04-2.jpg\",\"contentUrl\":\"https:\\\/\\\/solkes.com\\\/wp-content\\\/uploads\\\/2020\\\/08\\\/2011_04-2.jpg\",\"width\":996,\"height\":601,\"caption\":\"Laura Viera A \u00a9 Solkes\"},{\"@type\":\"BreadcrumbList\",\"@id\":\"https:\\\/\\\/solkes.com\\\/de\\\/anonym-de\\\/2020\\\/11\\\/der-duft-deiner-erinnerung\\\/#breadcrumb\",\"itemListElement\":[{\"@type\":\"ListItem\",\"position\":1,\"name\":\"Portada\",\"item\":\"https:\\\/\\\/solkes.com\\\/\"},{\"@type\":\"ListItem\",\"position\":2,\"name\":\"Der Duft deiner Erinnerung\"}]},{\"@type\":\"WebSite\",\"@id\":\"https:\\\/\\\/solkes.com\\\/#website\",\"url\":\"https:\\\/\\\/solkes.com\\\/\",\"name\":\"Solkes Magazine\",\"description\":\"solkes.com\",\"publisher\":{\"@id\":\"https:\\\/\\\/solkes.com\\\/#organization\"},\"potentialAction\":[{\"@type\":\"SearchAction\",\"target\":{\"@type\":\"EntryPoint\",\"urlTemplate\":\"https:\\\/\\\/solkes.com\\\/?s={search_term_string}\"},\"query-input\":{\"@type\":\"PropertyValueSpecification\",\"valueRequired\":true,\"valueName\":\"search_term_string\"}}],\"inLanguage\":\"de\"},{\"@type\":\"Organization\",\"@id\":\"https:\\\/\\\/solkes.com\\\/#organization\",\"name\":\"Solkes Magazine\",\"url\":\"https:\\\/\\\/solkes.com\\\/\",\"logo\":{\"@type\":\"ImageObject\",\"inLanguage\":\"de\",\"@id\":\"https:\\\/\\\/solkes.com\\\/#\\\/schema\\\/logo\\\/image\\\/\",\"url\":\"https:\\\/\\\/solkes.com\\\/wp-content\\\/uploads\\\/2024\\\/09\\\/logo-SOLKES-820px-x-312px.png\",\"contentUrl\":\"https:\\\/\\\/solkes.com\\\/wp-content\\\/uploads\\\/2024\\\/09\\\/logo-SOLKES-820px-x-312px.png\",\"width\":411,\"height\":303,\"caption\":\"Solkes Magazine\"},\"image\":{\"@id\":\"https:\\\/\\\/solkes.com\\\/#\\\/schema\\\/logo\\\/image\\\/\"},\"sameAs\":[\"https:\\\/\\\/www.facebook.com\\\/solkesmagazinee\\\/\",\"https:\\\/\\\/instagram.com\\\/solkesmagazine\\\/\"]},{\"@type\":\"Person\",\"@id\":\"https:\\\/\\\/solkes.com\\\/#\\\/schema\\\/person\\\/f37eb817fc09e0fe76d7ca7e6cff0c0d\",\"name\":\"Gustavo Torres Herrera\",\"image\":{\"@type\":\"ImageObject\",\"inLanguage\":\"de\",\"@id\":\"https:\\\/\\\/secure.gravatar.com\\\/avatar\\\/7c4abb8ea7b48b54a36fe71c9e0884f327abc98da5d9b54c56921ff471260abc?s=96&d=identicon&r=g\",\"url\":\"https:\\\/\\\/secure.gravatar.com\\\/avatar\\\/7c4abb8ea7b48b54a36fe71c9e0884f327abc98da5d9b54c56921ff471260abc?s=96&d=identicon&r=g\",\"contentUrl\":\"https:\\\/\\\/secure.gravatar.com\\\/avatar\\\/7c4abb8ea7b48b54a36fe71c9e0884f327abc98da5d9b54c56921ff471260abc?s=96&d=identicon&r=g\",\"caption\":\"Gustavo Torres Herrera\"},\"description\":\"GUSTAVO TORRES HERRERA es abogado por formaci\u00f3n y escritor por vocaci\u00f3n, un colombiano de letras que se caracteriza por una prosa que transporta, enamora y son renglones de viva poes\u00eda. Su vocaci\u00f3n literaria fue descubierta por Jaime Garc\u00eda Maffla en la Casa de Poes\u00eda Silva cuando le mencion\u00f3 que lo suyo era \\\"un sentimiento hecho palabra\\\". La obra literaria de GUSTAVO TORRES HERRERA se viene destacando cada vez en los c\u00edrculos acad\u00e9micos y de pensamiento cr\u00edtico, por sus planteamientos sobre la importancia de los valores que se han ha ido perdiendo en la comunidad, la admiraci\u00f3n de la vejez como camino enriquecedor con sus experiencias de vida, renglones para el amor.\",\"url\":\"https:\\\/\\\/solkes.com\\\/de\\\/author\\\/gustavo-torres-herrera\\\/\"}]}<\/script>\n<!-- \/ Yoast SEO plugin. -->","yoast_head_json":{"title":"Der Duft deiner Erinnerung - Solkes Magazine","description":"Ich versuche, in diese Zeilen das wundervolle Gef\u00fchl einzuarbeiten, das mein Geruchssinn im Duft deiner Erinnerungen wiedererkannt hat.","robots":{"index":"index","follow":"follow","max-snippet":"max-snippet:-1","max-image-preview":"max-image-preview:large","max-video-preview":"max-video-preview:-1"},"canonical":"https:\/\/solkes.com\/de\/anonym-de\/2020\/11\/der-duft-deiner-erinnerung\/","og_locale":"de_DE","og_type":"article","og_title":"Der Duft deiner Erinnerung - Solkes Magazine","og_description":"Ich versuche, in diese Zeilen das wundervolle Gef\u00fchl einzuarbeiten, das mein Geruchssinn im Duft deiner Erinnerungen wiedererkannt hat.","og_url":"https:\/\/solkes.com\/de\/anonym-de\/2020\/11\/der-duft-deiner-erinnerung\/","og_site_name":"Solkes Magazine","article_publisher":"https:\/\/www.facebook.com\/solkesmagazinee\/","article_published_time":"2020-11-03T08:25:50+00:00","article_modified_time":"2025-10-08T08:29:10+00:00","og_image":[{"width":996,"height":601,"url":"https:\/\/solkes.com\/wp-content\/uploads\/2020\/08\/2011_04-2.jpg","type":"image\/jpeg"}],"author":"Gustavo Torres Herrera","twitter_card":"summary_large_image","twitter_misc":{"Verfasst von":"Gustavo Torres Herrera","Gesch\u00e4tzte Lesezeit":"5\u00a0Minuten"},"schema":{"@context":"https:\/\/schema.org","@graph":[{"@type":"Article","@id":"https:\/\/solkes.com\/de\/anonym-de\/2020\/11\/der-duft-deiner-erinnerung\/#article","isPartOf":{"@id":"https:\/\/solkes.com\/de\/anonym-de\/2020\/11\/der-duft-deiner-erinnerung\/"},"author":{"name":"Gustavo Torres Herrera","@id":"https:\/\/solkes.com\/#\/schema\/person\/f37eb817fc09e0fe76d7ca7e6cff0c0d"},"headline":"Der Duft deiner Erinnerung","datePublished":"2020-11-03T08:25:50+00:00","dateModified":"2025-10-08T08:29:10+00:00","mainEntityOfPage":{"@id":"https:\/\/solkes.com\/de\/anonym-de\/2020\/11\/der-duft-deiner-erinnerung\/"},"wordCount":801,"commentCount":0,"publisher":{"@id":"https:\/\/solkes.com\/#organization"},"image":{"@id":"https:\/\/solkes.com\/de\/anonym-de\/2020\/11\/der-duft-deiner-erinnerung\/#primaryimage"},"thumbnailUrl":"https:\/\/solkes.com\/wp-content\/uploads\/2020\/08\/2011_04-2.jpg","articleSection":["Anonym"],"inLanguage":"de","potentialAction":[{"@type":"CommentAction","name":"Comment","target":["https:\/\/solkes.com\/de\/anonym-de\/2020\/11\/der-duft-deiner-erinnerung\/#respond"]}]},{"@type":"WebPage","@id":"https:\/\/solkes.com\/de\/anonym-de\/2020\/11\/der-duft-deiner-erinnerung\/","url":"https:\/\/solkes.com\/de\/anonym-de\/2020\/11\/der-duft-deiner-erinnerung\/","name":"Der Duft deiner Erinnerung - Solkes Magazine","isPartOf":{"@id":"https:\/\/solkes.com\/#website"},"primaryImageOfPage":{"@id":"https:\/\/solkes.com\/de\/anonym-de\/2020\/11\/der-duft-deiner-erinnerung\/#primaryimage"},"image":{"@id":"https:\/\/solkes.com\/de\/anonym-de\/2020\/11\/der-duft-deiner-erinnerung\/#primaryimage"},"thumbnailUrl":"https:\/\/solkes.com\/wp-content\/uploads\/2020\/08\/2011_04-2.jpg","datePublished":"2020-11-03T08:25:50+00:00","dateModified":"2025-10-08T08:29:10+00:00","description":"Ich versuche, in diese Zeilen das wundervolle Gef\u00fchl einzuarbeiten, das mein Geruchssinn im Duft deiner Erinnerungen wiedererkannt hat.","breadcrumb":{"@id":"https:\/\/solkes.com\/de\/anonym-de\/2020\/11\/der-duft-deiner-erinnerung\/#breadcrumb"},"inLanguage":"de","potentialAction":[{"@type":"ReadAction","target":["https:\/\/solkes.com\/de\/anonym-de\/2020\/11\/der-duft-deiner-erinnerung\/"]}]},{"@type":"ImageObject","inLanguage":"de","@id":"https:\/\/solkes.com\/de\/anonym-de\/2020\/11\/der-duft-deiner-erinnerung\/#primaryimage","url":"https:\/\/solkes.com\/wp-content\/uploads\/2020\/08\/2011_04-2.jpg","contentUrl":"https:\/\/solkes.com\/wp-content\/uploads\/2020\/08\/2011_04-2.jpg","width":996,"height":601,"caption":"Laura Viera A \u00a9 Solkes"},{"@type":"BreadcrumbList","@id":"https:\/\/solkes.com\/de\/anonym-de\/2020\/11\/der-duft-deiner-erinnerung\/#breadcrumb","itemListElement":[{"@type":"ListItem","position":1,"name":"Portada","item":"https:\/\/solkes.com\/"},{"@type":"ListItem","position":2,"name":"Der Duft deiner Erinnerung"}]},{"@type":"WebSite","@id":"https:\/\/solkes.com\/#website","url":"https:\/\/solkes.com\/","name":"Solkes Magazine","description":"solkes.com","publisher":{"@id":"https:\/\/solkes.com\/#organization"},"potentialAction":[{"@type":"SearchAction","target":{"@type":"EntryPoint","urlTemplate":"https:\/\/solkes.com\/?s={search_term_string}"},"query-input":{"@type":"PropertyValueSpecification","valueRequired":true,"valueName":"search_term_string"}}],"inLanguage":"de"},{"@type":"Organization","@id":"https:\/\/solkes.com\/#organization","name":"Solkes Magazine","url":"https:\/\/solkes.com\/","logo":{"@type":"ImageObject","inLanguage":"de","@id":"https:\/\/solkes.com\/#\/schema\/logo\/image\/","url":"https:\/\/solkes.com\/wp-content\/uploads\/2024\/09\/logo-SOLKES-820px-x-312px.png","contentUrl":"https:\/\/solkes.com\/wp-content\/uploads\/2024\/09\/logo-SOLKES-820px-x-312px.png","width":411,"height":303,"caption":"Solkes Magazine"},"image":{"@id":"https:\/\/solkes.com\/#\/schema\/logo\/image\/"},"sameAs":["https:\/\/www.facebook.com\/solkesmagazinee\/","https:\/\/instagram.com\/solkesmagazine\/"]},{"@type":"Person","@id":"https:\/\/solkes.com\/#\/schema\/person\/f37eb817fc09e0fe76d7ca7e6cff0c0d","name":"Gustavo Torres Herrera","image":{"@type":"ImageObject","inLanguage":"de","@id":"https:\/\/secure.gravatar.com\/avatar\/7c4abb8ea7b48b54a36fe71c9e0884f327abc98da5d9b54c56921ff471260abc?s=96&d=identicon&r=g","url":"https:\/\/secure.gravatar.com\/avatar\/7c4abb8ea7b48b54a36fe71c9e0884f327abc98da5d9b54c56921ff471260abc?s=96&d=identicon&r=g","contentUrl":"https:\/\/secure.gravatar.com\/avatar\/7c4abb8ea7b48b54a36fe71c9e0884f327abc98da5d9b54c56921ff471260abc?s=96&d=identicon&r=g","caption":"Gustavo Torres Herrera"},"description":"GUSTAVO TORRES HERRERA es abogado por formaci\u00f3n y escritor por vocaci\u00f3n, un colombiano de letras que se caracteriza por una prosa que transporta, enamora y son renglones de viva poes\u00eda. Su vocaci\u00f3n literaria fue descubierta por Jaime Garc\u00eda Maffla en la Casa de Poes\u00eda Silva cuando le mencion\u00f3 que lo suyo era \"un sentimiento hecho palabra\". La obra literaria de GUSTAVO TORRES HERRERA se viene destacando cada vez en los c\u00edrculos acad\u00e9micos y de pensamiento cr\u00edtico, por sus planteamientos sobre la importancia de los valores que se han ha ido perdiendo en la comunidad, la admiraci\u00f3n de la vejez como camino enriquecedor con sus experiencias de vida, renglones para el amor.","url":"https:\/\/solkes.com\/de\/author\/gustavo-torres-herrera\/"}]}},"_links":{"self":[{"href":"https:\/\/solkes.com\/de\/wp-json\/wp\/v2\/posts\/31111","targetHints":{"allow":["GET"]}}],"collection":[{"href":"https:\/\/solkes.com\/de\/wp-json\/wp\/v2\/posts"}],"about":[{"href":"https:\/\/solkes.com\/de\/wp-json\/wp\/v2\/types\/post"}],"author":[{"embeddable":true,"href":"https:\/\/solkes.com\/de\/wp-json\/wp\/v2\/users\/68"}],"replies":[{"embeddable":true,"href":"https:\/\/solkes.com\/de\/wp-json\/wp\/v2\/comments?post=31111"}],"version-history":[{"count":1,"href":"https:\/\/solkes.com\/de\/wp-json\/wp\/v2\/posts\/31111\/revisions"}],"predecessor-version":[{"id":31112,"href":"https:\/\/solkes.com\/de\/wp-json\/wp\/v2\/posts\/31111\/revisions\/31112"}],"wp:featuredmedia":[{"embeddable":true,"href":"https:\/\/solkes.com\/de\/wp-json\/wp\/v2\/media\/24147"}],"wp:attachment":[{"href":"https:\/\/solkes.com\/de\/wp-json\/wp\/v2\/media?parent=31111"}],"wp:term":[{"taxonomy":"category","embeddable":true,"href":"https:\/\/solkes.com\/de\/wp-json\/wp\/v2\/categories?post=31111"},{"taxonomy":"post_tag","embeddable":true,"href":"https:\/\/solkes.com\/de\/wp-json\/wp\/v2\/tags?post=31111"}],"curies":[{"name":"wp","href":"https:\/\/api.w.org\/{rel}","templated":true}]}}