{"id":30552,"date":"2025-10-13T10:00:24","date_gmt":"2025-10-13T08:00:24","guid":{"rendered":"https:\/\/solkes.com\/?p=30552"},"modified":"2025-09-30T17:53:03","modified_gmt":"2025-09-30T15:53:03","slug":"internationaler-tag-der-gewaltlosigkeit-geschichte-und-bedeutung","status":"publish","type":"post","link":"https:\/\/solkes.com\/de\/eine-spur-hinterlassen\/2025\/10\/internationaler-tag-der-gewaltlosigkeit-geschichte-und-bedeutung\/","title":{"rendered":"Internationaler Tag der Gewaltlosigkeit: Geschichte und Bedeutung"},"content":{"rendered":"<p><span style=\"color: #138a8d;\">I<\/span>n einer \u00c4ra, die von globalen Konflikten, wachsender Polarisierung und sozialer Ungleichheit gepr\u00e4gt ist, hat die Bedeutung des Internationalen Tages der Gewaltlosigkeit nur zugenommen. Dar\u00fcber hinaus l\u00e4dt er Einzelpersonen, Organisationen und Regierungen dazu ein, \u00fcber die Werte Respekt, Toleranz und Mitgef\u00fchl nachzudenken. Bevor untersucht wird, wie sich dieser Tag entwickelt hat, ist es wichtig, zun\u00e4chst seine Urspr\u00fcnge zu betrachten.<\/p>\n<h3><span style=\"color: #138a8d;\"><strong>Die Urspr\u00fcnge des Tages der Gewaltlosigkeit<\/strong><\/span><\/h3>\n<p>Der Internationale Tag der Gewaltlosigkeit begann mit einer Idee, die Kontinente \u00fcberquerte.<\/p>\n<p>Im Januar 2004 brachte die iranische Friedensnobelpreistr\u00e4gerin Shirin Ebadi einen Vorschlag beim Weltsozialforum in Mumbai ein, inspiriert von einem Hindi-Lehrer in Paris, der internationalen Studierenden Gewaltlosigkeit n\u00e4herbrachte. Die Idee erregte die Aufmerksamkeit indischer F\u00fchrungspers\u00f6nlichkeiten, darunter Mitglieder des Kongresspartei, die darin eine perfekte M\u00f6glichkeit sahen, Mahatma Gandhi und seine Philosophie des Ahimsa, der Gewaltlosigkeit, zu ehren.<\/p>\n<figure id=\"attachment_30771\" aria-describedby=\"caption-attachment-30771\" style=\"width: 965px\" class=\"wp-caption aligncenter\"><img fetchpriority=\"high\" decoding=\"async\" class=\"size-solkes_horizontal wp-image-30771\" src=\"https:\/\/solkes.com\/wp-content\/uploads\/2025\/10\/noviolence-2504_11-965x601.jpg\" alt=\"Un flag flying in the wind\" width=\"965\" height=\"601\" srcset=\"https:\/\/solkes.com\/wp-content\/uploads\/2025\/10\/noviolence-2504_11-965x601.jpg 965w, https:\/\/solkes.com\/wp-content\/uploads\/2025\/10\/noviolence-2504_11-300x187.jpg 300w, https:\/\/solkes.com\/wp-content\/uploads\/2025\/10\/noviolence-2504_11-768x478.jpg 768w, https:\/\/solkes.com\/wp-content\/uploads\/2025\/10\/noviolence-2504_11-320x199.jpg 320w, https:\/\/solkes.com\/wp-content\/uploads\/2025\/10\/noviolence-2504_11.jpg 996w\" sizes=\"(max-width: 965px) 100vw, 965px\" \/><figcaption id=\"caption-attachment-30771\" class=\"wp-caption-text\">Niklas Jeromin &#8211; Pexels \u00a9 Solkes<\/figcaption><\/figure>\n<p>Einige Jahre sp\u00e4ter wurde die Idee offiziell. Am 15. Juni 2007 stimmte die Generalversammlung der Vereinten Nationen daf\u00fcr, den 2. Oktober \u2013 Gandhis Geburtstag \u2013 als Internationalen Tag der Gewaltlosigkeit zu markieren. Die UN rief alle Mitgliedstaaten auf, diesen Tag auf sinnvolle Weise zu feiern und Gandhis Botschaft durch Bildung, \u00f6ffentliche Kampagnen und Gemeinschaftsinitiativen zu verbreiten.<\/p>\n<figure id=\"attachment_30774\" aria-describedby=\"caption-attachment-30774\" style=\"width: 374px\" class=\"wp-caption alignleft\"><img decoding=\"async\" class=\"size-solkes_horizontal wp-image-30774\" src=\"https:\/\/solkes.com\/wp-content\/uploads\/2025\/10\/noviolence-2504_12-374x601.jpg\" alt=\"\" width=\"374\" height=\"601\" srcset=\"https:\/\/solkes.com\/wp-content\/uploads\/2025\/10\/noviolence-2504_12-374x601.jpg 374w, https:\/\/solkes.com\/wp-content\/uploads\/2025\/10\/noviolence-2504_12-187x300.jpg 187w, https:\/\/solkes.com\/wp-content\/uploads\/2025\/10\/noviolence-2504_12-299x480.jpg 299w, https:\/\/solkes.com\/wp-content\/uploads\/2025\/10\/noviolence-2504_12.jpg 620w\" sizes=\"(max-width: 374px) 100vw, 374px\" \/><figcaption id=\"caption-attachment-30774\" class=\"wp-caption-text\">Steve Johnson &#8211; Pexels \u00a9 Solkes<\/figcaption><\/figure>\n<p>Gandhi selbst steht nat\u00fcrlich im Mittelpunkt dieses Tages. Er f\u00fchrte Indiens Unabh\u00e4ngigkeitsbewegung nicht mit Waffen, sondern durch zivilen Ungehorsam und gewaltfreien Protest.<\/p>\n<p>Anstatt das Britische Empire mit Gewalt zu bek\u00e4mpfen, ermutigte er die Inder, durch Boykotte ausl\u00e4ndischer Waren, Kampagnen der Nichtkooperation und M\u00e4rsche wie den ikonischen Salzmarsch von 1930 Widerstand zu leisten. Seine Philosophie war einfach, aber kraftvoll: Gewalt erzeugt nur mehr Gewalt, w\u00e4hrend Frieden dauerhafte Freiheit bringen kann.<\/p>\n<p>Mehr als nur ein symbolisches Datum erinnert der Internationale Tag der Gewaltlosigkeit daran, dass Gewaltlosigkeit sowohl eine moralische Entscheidung als auch eine praktische Strategie ist.<\/p>\n<p>Er ermutigt Menschen, Gemeinschaften und Nationen, Konflikte zu l\u00f6sen, ohne Schaden zu verursachen, und zeigt, dass Mut und Beharrlichkeit echten Wandel bewirken k\u00f6nnen.<\/p>\n<p>Letztlich zeigen die Urspr\u00fcnge dieses Tages, dass gewaltfreies Handeln keine Schw\u00e4che ist, sondern eine M\u00f6glichkeit, St\u00e4rke, Gerechtigkeit und Hoffnung in den Aufbau einer besseren Welt zu lenken.<\/p>\n<h3><span style=\"color: #138a8d;\"><strong>Gewaltlosigkeit durch die Geschichte<\/strong><\/span><\/h3>\n<p>Die Wurzeln der Gewaltlosigkeit reichen weit zur\u00fcck in die Menschheitsgeschichte, lange bevor der Internationale Tag der Gewaltlosigkeit offiziell anerkannt wurde.<\/p>\n<p>In allen Zivilisationen, Kulturen und Religionen war das Prinzip, Schaden und Ungerechtigkeit durch friedliche Mittel zu widerstehen, zentral f\u00fcr die Schaffung gerechterer Gesellschaften.<\/p>\n<figure id=\"attachment_30733\" aria-describedby=\"caption-attachment-30733\" style=\"width: 965px\" class=\"wp-caption aligncenter\"><img decoding=\"async\" class=\"size-solkes_horizontal wp-image-30733\" src=\"https:\/\/solkes.com\/wp-content\/uploads\/2025\/10\/noviolence-2504_03-965x601.jpg\" alt=\"couple with a peace sign standing in a field\" width=\"965\" height=\"601\" srcset=\"https:\/\/solkes.com\/wp-content\/uploads\/2025\/10\/noviolence-2504_03-965x601.jpg 965w, https:\/\/solkes.com\/wp-content\/uploads\/2025\/10\/noviolence-2504_03-300x187.jpg 300w, https:\/\/solkes.com\/wp-content\/uploads\/2025\/10\/noviolence-2504_03-768x478.jpg 768w, https:\/\/solkes.com\/wp-content\/uploads\/2025\/10\/noviolence-2504_03-320x199.jpg 320w, https:\/\/solkes.com\/wp-content\/uploads\/2025\/10\/noviolence-2504_03.jpg 996w\" sizes=\"(max-width: 965px) 100vw, 965px\" \/><figcaption id=\"caption-attachment-30733\" class=\"wp-caption-text\">Anastasiya Lobanovskaya &#8211; Pexels \u00a9 Solkes<\/figcaption><\/figure>\n<p>Im alten Indien beispielsweise f\u00f6rderten Jainismus und Buddhismus Ahimsa, das Prinzip des Nicht-Schadens, als moralische und spirituelle Praxis. Jainistische M\u00f6nche gingen sogar au\u00dfergew\u00f6hnlich weit, um selbst die kleinsten Lebewesen nicht zu verletzen, was ihren tiefen Respekt vor dem Leben widerspiegelt und das soziale Verhalten sowie die Regierungsf\u00fchrung beeinflusste. Der Buddhismus legte ebenfalls Wert auf Mitgef\u00fchl und Achtsamkeit und ermutigte seine Anh\u00e4nger, inneren Frieden zu kultivieren und Konflikte ohne Aggression zu l\u00f6sen.<\/p>\n<p>Gleichzeitig leisteten auch westliche Traditionen einen bedeutenden Beitrag.<\/p>\n<figure id=\"attachment_30736\" aria-describedby=\"caption-attachment-30736\" style=\"width: 374px\" class=\"wp-caption alignright\"><img loading=\"lazy\" decoding=\"async\" class=\"size-solkes_horizontal wp-image-30736\" src=\"https:\/\/solkes.com\/wp-content\/uploads\/2025\/10\/noviolence-2504_02-374x601.jpg\" alt=\"\" width=\"374\" height=\"601\" srcset=\"https:\/\/solkes.com\/wp-content\/uploads\/2025\/10\/noviolence-2504_02-374x601.jpg 374w, https:\/\/solkes.com\/wp-content\/uploads\/2025\/10\/noviolence-2504_02-187x300.jpg 187w, https:\/\/solkes.com\/wp-content\/uploads\/2025\/10\/noviolence-2504_02-299x480.jpg 299w, https:\/\/solkes.com\/wp-content\/uploads\/2025\/10\/noviolence-2504_02.jpg 620w\" sizes=\"(max-width: 374px) 100vw, 374px\" \/><figcaption id=\"caption-attachment-30736\" class=\"wp-caption-text\">Lil Artsy &#8211; Pexels \u00a9 Solkes<\/figcaption><\/figure>\n<p>Das Christentum bot einen moralischen Rahmen f\u00fcr Gewaltlosigkeit durch Lehren wie Vergebung, die andere Wange hinzuhalten und Konflikte durch Dialog statt Gewalt zu l\u00f6sen. Figuren wie der heilige Franz von Assisi und Jahrhunderte sp\u00e4ter Mahatma Gandhi lie\u00dfen sich von diesen Idealen inspirieren und zeigten, wie religi\u00f6ses Denken soziale Handlungen st\u00fctzen kann. Selbst in der griechischen Philosophie betonten Denker wie Sokrates und die Stoiker die vern\u00fcnftige Debatte \u00fcber Konfrontation und legten intellektuelle Grundlagen f\u00fcr gewaltfreie Diskurse.<\/p>\n<p>In der modernen \u00c4ra wurden diese Prinzipien zudem in organisierten Bewegungen f\u00fcr politischen und sozialen Wandel angewendet.<\/p>\n<p>Gandhi wurde zum globalen Symbol des gewaltlosen Widerstands und zeigte, dass Massenbewegungen unterdr\u00fcckende Systeme durch strategische zivilen Ungehorsam \u00fcberwinden k\u00f6nnen. Seine M\u00e4rsche, Boykotte und Fastenkampagnen waren keine Akte der Passivit\u00e4t, sondern kalkulierte, mutige und hochwirksame Strategien, die weltweit andere inspirierten.<\/p>\n<p>In Anlehnung an sein Beispiel adaptierte Martin Luther King Jr. Gewaltlosigkeit auf den Kampf f\u00fcr B\u00fcrgerrechte in den USA, f\u00fchrte Boykotte, Sitzstreiks und M\u00e4rsche durch, die systemischen Rassismus herausforderten, ohne Gewalt anzuwenden. Nelson Mandela und andere s\u00fcdafrikanische Aktivisten zeigten, dass selbst lange unterdr\u00fcckte Gesellschaften Gerechtigkeit durch Dialog, Verhandlung und Vers\u00f6hnung anstreben k\u00f6nnen, anstatt Rache zu \u00fcben.<\/p>\n<p>Gewaltlosigkeit war auch eine Strategie f\u00fcr Frauenbewegungen, Umweltaktivismus und antikoloniale K\u00e4mpfe weltweit. Von den Suffragettenm\u00e4rschen im Vereinigten K\u00f6nigreich bis hin zu friedlichen Klimaprotesten, die heute von Jugendlichen angef\u00fchrt werden, setzt der Internationale Tag der Gewaltlosigkeit dieses reiche Erbe fort und erinnert uns daran, dass Widerstand gegen Ungerechtigkeit keine Gewalt erfordert, sondern Mut, Kreativit\u00e4t und Ausdauer.<\/p>\n<p>Warum der Tag der Gewaltlosigkeit heute wichtig ist<\/p>\n<p>In der heutigen Welt, in der bewaffnete Konflikte, soziale Ungleichheit und digitale Aggressionen allgegenw\u00e4rtig sind, ist der Internationale Tag der Gewaltlosigkeit wichtiger denn je. Er erinnert uns daran, dass friedliche Strategien echte Ver\u00e4nderungen bewirken k\u00f6nnen \u2013 selbst in den schwierigsten Situationen.<\/p>\n<p>Beispielsweise in Kolumbien: Nach Jahrzehnten des Konflikts zwischen Regierungstruppen und Guerillagruppen arbeiten lokale Organisationen und ehemalige K\u00e4mpfer zusammen am Wiederaufbau von Gemeinden. Durch Dialogkreise, Bildungsprogramme und lokale Entwicklungsprojekte wie Gemeinschaftsg\u00e4rten und Jugendzentren werden Vertrauen und Vers\u00f6hnung wiederhergestellt.<\/p>\n<p>Einige Bildungsprogramme, die einen Unterschied machen, sind Caring For Colombia, Youth-led Peace and Reconciliation und Escuela Nueva:<\/p>\n<p>Caring For Colombia ist eine gemeinn\u00fctzige Organisation, die US-amerikanische Spender mit lokalen Projekten verbindet und seit 2003 Bildung, F\u00fchrung, Nachhaltigkeit und kulturelle Initiativen unterst\u00fctzt.<\/p>\n<p>Youth-led Peace and Reconciliation wird von UNITAR und dem deutschen Ausw\u00e4rtigen Amt unterst\u00fctzt und st\u00e4rkt die Resilienz und Konfliktpr\u00e4vention bei gef\u00e4hrdeten Jugendlichen, Familien und marginalisierten Gemeinschaften.<\/p>\n<p>Escuela Nueva ist ein innovatives Bildungsmodell, das aktives Lernen, Gemeinschaftsbeteiligung und Friedenserziehung f\u00f6rdert, insbesondere in l\u00e4ndlichen und konfliktbetroffenen Gebieten.<\/p>\n<p>Diese Programme zeigen, dass Heilung und Wiederaufbau ohne Gewalt m\u00f6glich sind und Hoffnung f\u00fcr Generationen bieten, die inmitten von Konflikten aufwachsen.<\/p>\n<h3><span style=\"color: #138a8d;\"><strong>Globale Beispiele f\u00fcr Gewaltlosigkeit<\/strong><\/span><\/h3>\n<p>In Kenia inspiriert der Internationale Tag der Gewaltlosigkeit intertribale Friedensfestivals, die Gemeinschaften mit einer Geschichte von Spannungen zusammenbringen. Musik, Sport und offene Gespr\u00e4che helfen, Gr\u00e4ben zu \u00fcberbr\u00fccken, w\u00e4hrend Trommelkreise, Fu\u00dfballspiele und kulturelle Darbietungen R\u00e4ume schaffen, in denen Menschen sich als Nachbarn statt als Rivalen sehen. Beispiele sind:<\/p>\n<p>Lake Turkana Cultural Festival (Tobong&#8217;u Lore) \u2013 Vereint \u00fcber 14 indigene Gemeinschaften in Loiyangalani und Lodwar und feiert Erbe, Einheit und Frieden durch Tanz, traditionelle Kleidung und Lieder.<\/p>\n<p>Tegla Loroupe Peace Race \u2013 Ein 10-km-Rennen in Kapenguria seit 2003, das rivalisierende St\u00e4mme zusammenbringt und die Tegla Loroupe Peace Foundation unterst\u00fctzt.<\/p>\n<p>Lamu Cultural Festival \u2013 Jeden November auf Lamu Island, mit Dhow-Rennen, Poesie und Swahili-K\u00fcche, das den kulturellen Austausch f\u00f6rdert.<\/p>\n<p>Maralal International Camel Derby \u2013 Kamelrennen im Norden Kenias zur F\u00f6rderung von Tourismus und Verst\u00e4ndigung zwischen Samburu, Turkana und Pokot.<\/p>\n<p>Maulidi Festival \u2013 Feier der Geburt des Propheten Mohammed auf Lamu Island, mit tausenden Menschen in einer friedlichen und festlichen Atmosph\u00e4re.<\/p>\n<p>In S\u00fcdkorea konzentrieren sich die \u201ePeace Villages\u201c-Programme auf Kinder und Jugendliche. Durch Workshops, kooperative Spiele, Geschichtenerz\u00e4hlen und Peer-Mentoring entwickeln die Teilnehmer Empathie, Kommunikationsf\u00e4higkeiten und Konfliktl\u00f6sungsf\u00e4higkeiten, wodurch eine Generation entsteht, die Streitigkeiten friedlich bew\u00e4ltigen kann.<\/p>\n<p>In Mexiko ehren gemeinschaftlich organisierte M\u00e4rsche und Kampagnen die Opfer von Gewalt und f\u00f6rdern soziale Gerechtigkeit sowie Geschlechtergleichheit. Einwohner tragen Portr\u00e4ts, entz\u00fcnden Kerzen und f\u00fchren Diskussionen in Gemeindezentren, wodurch Trauer in Handeln verwandelt wird und gezeigt wird, dass Erinnerung und Aktivismus ohne Konfrontation koexistieren k\u00f6nnen.<\/p>\n<p>Auch in Europa nutzen junge Aktivisten digitale Plattformen, um Wirkung zu erzielen. Bewegungen wie #FridaysForFuture zeigen, dass gewaltfreie Aktionen dringende Herausforderungen wie den Klimawandel bew\u00e4ltigen k\u00f6nnen, indem sie Online-Kampagnen koordinieren, Live-Diskussionen veranstalten und friedliche Demonstrationen organisieren, um Regierungen und Unternehmen zu nachhaltigen Ma\u00dfnahmen zu bewegen.<\/p>\n<p>In Kanada bieten restorative-Justice-Programme ein weiteres Beispiel gewaltfreier Praxis. Statt strafender Systeme, die oft Schaden perpetuieren, bringen sie T\u00e4ter und Opfer in gef\u00fchrten Dialogen zusammen, f\u00f6rdern Verst\u00e4ndnis, Verantwortung und Gemeinschaftsheilung.<\/p>\n<p>Internationale Initiativen wie die International Campaign to Abolish Nuclear Weapons (ICAN) zeigen zudem, wie Gewaltlosigkeit globale Politik beeinflussen kann. Durch Lobbyarbeit, Bildung und Diplomatie arbeitet ICAN daran, die nukleare Bedrohung zu reduzieren und beweist, dass friedlicher Druck Entscheidungen auf h\u00f6chster Ebene beeinflussen kann.<\/p>\n<h3><span style=\"color: #138a8d;\"><strong>Fazit: Gewaltlosigkeit heute leben<\/strong><\/span><\/h3>\n<p>Der Internationale Tag der Gewaltlosigkeit ist weit mehr als ein symbolisches Datum. Er bietet einen praktischen Rahmen, um reale Herausforderungen anzugehen \u2013 von bewaffneten Konflikten und Ungleichheit bis hin zu Bildung f\u00fcr Jugendliche und Umweltkrisen. Er inspiriert Menschen und Gemeinschaften weltweit, Strategien zu \u00fcbernehmen, die Schaden verringern, Vertrauen aufbauen und gerechte, nachhaltige Gesellschaften schaffen.<\/p>\n","protected":false},"excerpt":{"rendered":"<p>In einer \u00c4ra, die von globalen Konflikten, wachsender Polarisierung und sozialer Ungleichheit gepr\u00e4gt ist, hat die Bedeutung des Internationalen Tages der Gewaltlosigkeit nur zugenommen. Dar\u00fcber hinaus l\u00e4dt er Einzelpersonen, Organisationen und Regierungen dazu ein, \u00fcber die Werte Respekt, Toleranz und Mitgef\u00fchl nachzudenken. Bevor untersucht wird, wie sich dieser Tag entwickelt hat, ist es wichtig, zun\u00e4chst [&hellip;]<\/p>\n","protected":false},"author":122,"featured_media":30734,"comment_status":"open","ping_status":"open","sticky":false,"template":"","format":"standard","meta":{"_acf_changed":false,"_exactmetrics_skip_tracking":false,"_exactmetrics_sitenote_active":false,"_exactmetrics_sitenote_note":"","_exactmetrics_sitenote_category":0,"site-sidebar-layout":"default","site-content-layout":"default","ast-site-content-layout":"default","site-content-style":"default","site-sidebar-style":"default","ast-global-header-display":"","ast-banner-title-visibility":"","ast-main-header-display":"","ast-hfb-above-header-display":"","ast-hfb-below-header-display":"","ast-hfb-mobile-header-display":"","site-post-title":"","ast-breadcrumbs-content":"","ast-featured-img":"","footer-sml-layout":"","theme-transparent-header-meta":"default","adv-header-id-meta":"","stick-header-meta":"","header-above-stick-meta":"","header-main-stick-meta":"","header-below-stick-meta":"","astra-migrate-meta-layouts":"default","ast-page-background-enabled":"default","ast-page-background-meta":{"desktop":{"background-color":"","background-image":"","background-repeat":"repeat","background-position":"center center","background-size":"auto","background-attachment":"scroll","background-type":"","background-media":"","overlay-type":"","overlay-color":"","overlay-opacity":"","overlay-gradient":""},"tablet":{"background-color":"","background-image":"","background-repeat":"repeat","background-position":"center center","background-size":"auto","background-attachment":"scroll","background-type":"","background-media":"","overlay-type":"","overlay-color":"","overlay-opacity":"","overlay-gradient":""},"mobile":{"background-color":"","background-image":"","background-repeat":"repeat","background-position":"center center","background-size":"auto","background-attachment":"scroll","background-type":"","background-media":"","overlay-type":"","overlay-color":"","overlay-opacity":"","overlay-gradient":""}},"ast-content-background-meta":{"desktop":{"background-color":"var(--ast-global-color-5)","background-image":"","background-repeat":"repeat","background-position":"center center","background-size":"auto","background-attachment":"scroll","background-type":"","background-media":"","overlay-type":"","overlay-color":"","overlay-opacity":"","overlay-gradient":""},"tablet":{"background-color":"var(--ast-global-color-5)","background-image":"","background-repeat":"repeat","background-position":"center center","background-size":"auto","background-attachment":"scroll","background-type":"","background-media":"","overlay-type":"","overlay-color":"","overlay-opacity":"","overlay-gradient":""},"mobile":{"background-color":"var(--ast-global-color-5)","background-image":"","background-repeat":"repeat","background-position":"center center","background-size":"auto","background-attachment":"scroll","background-type":"","background-media":"","overlay-type":"","overlay-color":"","overlay-opacity":"","overlay-gradient":""}},"footnotes":""},"categories":[2936],"tags":[],"class_list":["post-30552","post","type-post","status-publish","format-standard","has-post-thumbnail","hentry","category-eine-spur-hinterlassen"],"acf":[],"yoast_head":"<!-- This site is optimized with the Yoast SEO plugin v27.4 - https:\/\/yoast.com\/product\/yoast-seo-wordpress\/ -->\n<title>Internationaler Tag der Gewaltlosigkeit: Geschichte und Bedeutung - Solkes Magazine<\/title>\n<meta name=\"description\" content=\"Der Tag der Gewaltlosigkeit erinnert uns daran, Gerechtigkeit, Gleichheit und globalen Wandel zu f\u00f6rdern.\" \/>\n<meta name=\"robots\" content=\"index, follow, max-snippet:-1, max-image-preview:large, max-video-preview:-1\" \/>\n<link rel=\"canonical\" href=\"https:\/\/solkes.com\/dejando-huella\/2025\/10\/dia-internacional-de-la-no-violencia-historia-y-significado\/\" \/>\n<meta property=\"og:locale\" content=\"de_DE\" \/>\n<meta property=\"og:type\" content=\"article\" \/>\n<meta property=\"og:title\" content=\"Internationaler Tag der Gewaltlosigkeit: Geschichte und Bedeutung - Solkes Magazine\" \/>\n<meta property=\"og:description\" content=\"Der Tag der Gewaltlosigkeit erinnert uns daran, Gerechtigkeit, Gleichheit und globalen Wandel zu f\u00f6rdern.\" \/>\n<meta property=\"og:url\" content=\"https:\/\/solkes.com\/dejando-huella\/2025\/10\/dia-internacional-de-la-no-violencia-historia-y-significado\/\" \/>\n<meta property=\"og:site_name\" content=\"Solkes Magazine\" \/>\n<meta property=\"article:publisher\" content=\"https:\/\/www.facebook.com\/solkesmagazinee\/\" \/>\n<meta property=\"article:published_time\" content=\"2025-10-13T08:00:24+00:00\" \/>\n<meta property=\"og:image\" content=\"https:\/\/solkes.com\/wp-content\/uploads\/2025\/10\/noviolence-2504_03.jpg\" \/>\n\t<meta property=\"og:image:width\" content=\"996\" \/>\n\t<meta property=\"og:image:height\" content=\"620\" \/>\n\t<meta property=\"og:image:type\" content=\"image\/jpeg\" \/>\n<meta name=\"author\" content=\"Damian Amoif\" \/>\n<meta name=\"twitter:card\" content=\"summary_large_image\" \/>\n<meta name=\"twitter:label1\" content=\"Verfasst von\" \/>\n\t<meta name=\"twitter:data1\" content=\"Damian Amoif\" \/>\n\t<meta name=\"twitter:label2\" content=\"Gesch\u00e4tzte Lesezeit\" \/>\n\t<meta name=\"twitter:data2\" content=\"8\u00a0Minuten\" \/>\n<script type=\"application\/ld+json\" class=\"yoast-schema-graph\">{\"@context\":\"https:\\\/\\\/schema.org\",\"@graph\":[{\"@type\":\"Article\",\"@id\":\"https:\\\/\\\/solkes.com\\\/dejando-huella\\\/2025\\\/10\\\/dia-internacional-de-la-no-violencia-historia-y-significado\\\/#article\",\"isPartOf\":{\"@id\":\"https:\\\/\\\/solkes.com\\\/dejando-huella\\\/2025\\\/10\\\/dia-internacional-de-la-no-violencia-historia-y-significado\\\/\"},\"author\":{\"name\":\"Damian Amoif\",\"@id\":\"https:\\\/\\\/solkes.com\\\/#\\\/schema\\\/person\\\/c6087f552b034a04c1e493a5333011fa\"},\"headline\":\"Internationaler Tag der Gewaltlosigkeit: Geschichte und Bedeutung\",\"datePublished\":\"2025-10-13T08:00:24+00:00\",\"mainEntityOfPage\":{\"@id\":\"https:\\\/\\\/solkes.com\\\/dejando-huella\\\/2025\\\/10\\\/dia-internacional-de-la-no-violencia-historia-y-significado\\\/\"},\"wordCount\":1467,\"commentCount\":0,\"publisher\":{\"@id\":\"https:\\\/\\\/solkes.com\\\/#organization\"},\"image\":{\"@id\":\"https:\\\/\\\/solkes.com\\\/dejando-huella\\\/2025\\\/10\\\/dia-internacional-de-la-no-violencia-historia-y-significado\\\/#primaryimage\"},\"thumbnailUrl\":\"https:\\\/\\\/solkes.com\\\/wp-content\\\/uploads\\\/2025\\\/10\\\/noviolence-2504_03.jpg\",\"articleSection\":[\"Eine Spur\u00a0hinterlassen\"],\"inLanguage\":\"de\",\"potentialAction\":[{\"@type\":\"CommentAction\",\"name\":\"Comment\",\"target\":[\"https:\\\/\\\/solkes.com\\\/dejando-huella\\\/2025\\\/10\\\/dia-internacional-de-la-no-violencia-historia-y-significado\\\/#respond\"]}]},{\"@type\":\"WebPage\",\"@id\":\"https:\\\/\\\/solkes.com\\\/dejando-huella\\\/2025\\\/10\\\/dia-internacional-de-la-no-violencia-historia-y-significado\\\/\",\"url\":\"https:\\\/\\\/solkes.com\\\/dejando-huella\\\/2025\\\/10\\\/dia-internacional-de-la-no-violencia-historia-y-significado\\\/\",\"name\":\"Internationaler Tag der Gewaltlosigkeit: Geschichte und Bedeutung - Solkes Magazine\",\"isPartOf\":{\"@id\":\"https:\\\/\\\/solkes.com\\\/#website\"},\"primaryImageOfPage\":{\"@id\":\"https:\\\/\\\/solkes.com\\\/dejando-huella\\\/2025\\\/10\\\/dia-internacional-de-la-no-violencia-historia-y-significado\\\/#primaryimage\"},\"image\":{\"@id\":\"https:\\\/\\\/solkes.com\\\/dejando-huella\\\/2025\\\/10\\\/dia-internacional-de-la-no-violencia-historia-y-significado\\\/#primaryimage\"},\"thumbnailUrl\":\"https:\\\/\\\/solkes.com\\\/wp-content\\\/uploads\\\/2025\\\/10\\\/noviolence-2504_03.jpg\",\"datePublished\":\"2025-10-13T08:00:24+00:00\",\"description\":\"Der Tag der Gewaltlosigkeit erinnert uns daran, Gerechtigkeit, Gleichheit und globalen Wandel zu f\u00f6rdern.\",\"breadcrumb\":{\"@id\":\"https:\\\/\\\/solkes.com\\\/dejando-huella\\\/2025\\\/10\\\/dia-internacional-de-la-no-violencia-historia-y-significado\\\/#breadcrumb\"},\"inLanguage\":\"de\",\"potentialAction\":[{\"@type\":\"ReadAction\",\"target\":[\"https:\\\/\\\/solkes.com\\\/dejando-huella\\\/2025\\\/10\\\/dia-internacional-de-la-no-violencia-historia-y-significado\\\/\"]}]},{\"@type\":\"ImageObject\",\"inLanguage\":\"de\",\"@id\":\"https:\\\/\\\/solkes.com\\\/dejando-huella\\\/2025\\\/10\\\/dia-internacional-de-la-no-violencia-historia-y-significado\\\/#primaryimage\",\"url\":\"https:\\\/\\\/solkes.com\\\/wp-content\\\/uploads\\\/2025\\\/10\\\/noviolence-2504_03.jpg\",\"contentUrl\":\"https:\\\/\\\/solkes.com\\\/wp-content\\\/uploads\\\/2025\\\/10\\\/noviolence-2504_03.jpg\",\"width\":996,\"height\":620,\"caption\":\"Anastasia\"},{\"@type\":\"BreadcrumbList\",\"@id\":\"https:\\\/\\\/solkes.com\\\/dejando-huella\\\/2025\\\/10\\\/dia-internacional-de-la-no-violencia-historia-y-significado\\\/#breadcrumb\",\"itemListElement\":[{\"@type\":\"ListItem\",\"position\":1,\"name\":\"Portada\",\"item\":\"https:\\\/\\\/solkes.com\\\/\"},{\"@type\":\"ListItem\",\"position\":2,\"name\":\"Internationaler Tag der Gewaltlosigkeit: Geschichte und Bedeutung\"}]},{\"@type\":\"WebSite\",\"@id\":\"https:\\\/\\\/solkes.com\\\/#website\",\"url\":\"https:\\\/\\\/solkes.com\\\/\",\"name\":\"Solkes Magazine\",\"description\":\"solkes.com\",\"publisher\":{\"@id\":\"https:\\\/\\\/solkes.com\\\/#organization\"},\"potentialAction\":[{\"@type\":\"SearchAction\",\"target\":{\"@type\":\"EntryPoint\",\"urlTemplate\":\"https:\\\/\\\/solkes.com\\\/?s={search_term_string}\"},\"query-input\":{\"@type\":\"PropertyValueSpecification\",\"valueRequired\":true,\"valueName\":\"search_term_string\"}}],\"inLanguage\":\"de\"},{\"@type\":\"Organization\",\"@id\":\"https:\\\/\\\/solkes.com\\\/#organization\",\"name\":\"Solkes Magazine\",\"url\":\"https:\\\/\\\/solkes.com\\\/\",\"logo\":{\"@type\":\"ImageObject\",\"inLanguage\":\"de\",\"@id\":\"https:\\\/\\\/solkes.com\\\/#\\\/schema\\\/logo\\\/image\\\/\",\"url\":\"https:\\\/\\\/solkes.com\\\/wp-content\\\/uploads\\\/2024\\\/09\\\/logo-SOLKES-820px-x-312px.png\",\"contentUrl\":\"https:\\\/\\\/solkes.com\\\/wp-content\\\/uploads\\\/2024\\\/09\\\/logo-SOLKES-820px-x-312px.png\",\"width\":411,\"height\":303,\"caption\":\"Solkes Magazine\"},\"image\":{\"@id\":\"https:\\\/\\\/solkes.com\\\/#\\\/schema\\\/logo\\\/image\\\/\"},\"sameAs\":[\"https:\\\/\\\/www.facebook.com\\\/solkesmagazinee\\\/\",\"https:\\\/\\\/instagram.com\\\/solkesmagazine\\\/\"]},{\"@type\":\"Person\",\"@id\":\"https:\\\/\\\/solkes.com\\\/#\\\/schema\\\/person\\\/c6087f552b034a04c1e493a5333011fa\",\"name\":\"Damian Amoif\",\"image\":{\"@type\":\"ImageObject\",\"inLanguage\":\"de\",\"@id\":\"https:\\\/\\\/secure.gravatar.com\\\/avatar\\\/5e95ca5b9251c54eee56a71ac192b31cee4275410b7ce35d030ced4d8b2bc80f?s=96&d=identicon&r=g\",\"url\":\"https:\\\/\\\/secure.gravatar.com\\\/avatar\\\/5e95ca5b9251c54eee56a71ac192b31cee4275410b7ce35d030ced4d8b2bc80f?s=96&d=identicon&r=g\",\"contentUrl\":\"https:\\\/\\\/secure.gravatar.com\\\/avatar\\\/5e95ca5b9251c54eee56a71ac192b31cee4275410b7ce35d030ced4d8b2bc80f?s=96&d=identicon&r=g\",\"caption\":\"Damian Amoif\"},\"url\":\"https:\\\/\\\/solkes.com\\\/de\\\/author\\\/damian\\\/\"}]}<\/script>\n<!-- \/ Yoast SEO plugin. -->","yoast_head_json":{"title":"Internationaler Tag der Gewaltlosigkeit: Geschichte und Bedeutung - Solkes Magazine","description":"Der Tag der Gewaltlosigkeit erinnert uns daran, Gerechtigkeit, Gleichheit und globalen Wandel zu f\u00f6rdern.","robots":{"index":"index","follow":"follow","max-snippet":"max-snippet:-1","max-image-preview":"max-image-preview:large","max-video-preview":"max-video-preview:-1"},"canonical":"https:\/\/solkes.com\/dejando-huella\/2025\/10\/dia-internacional-de-la-no-violencia-historia-y-significado\/","og_locale":"de_DE","og_type":"article","og_title":"Internationaler Tag der Gewaltlosigkeit: Geschichte und Bedeutung - Solkes Magazine","og_description":"Der Tag der Gewaltlosigkeit erinnert uns daran, Gerechtigkeit, Gleichheit und globalen Wandel zu f\u00f6rdern.","og_url":"https:\/\/solkes.com\/dejando-huella\/2025\/10\/dia-internacional-de-la-no-violencia-historia-y-significado\/","og_site_name":"Solkes Magazine","article_publisher":"https:\/\/www.facebook.com\/solkesmagazinee\/","article_published_time":"2025-10-13T08:00:24+00:00","og_image":[{"width":996,"height":620,"url":"https:\/\/solkes.com\/wp-content\/uploads\/2025\/10\/noviolence-2504_03.jpg","type":"image\/jpeg"}],"author":"Damian Amoif","twitter_card":"summary_large_image","twitter_misc":{"Verfasst von":"Damian Amoif","Gesch\u00e4tzte Lesezeit":"8\u00a0Minuten"},"schema":{"@context":"https:\/\/schema.org","@graph":[{"@type":"Article","@id":"https:\/\/solkes.com\/dejando-huella\/2025\/10\/dia-internacional-de-la-no-violencia-historia-y-significado\/#article","isPartOf":{"@id":"https:\/\/solkes.com\/dejando-huella\/2025\/10\/dia-internacional-de-la-no-violencia-historia-y-significado\/"},"author":{"name":"Damian Amoif","@id":"https:\/\/solkes.com\/#\/schema\/person\/c6087f552b034a04c1e493a5333011fa"},"headline":"Internationaler Tag der Gewaltlosigkeit: Geschichte und Bedeutung","datePublished":"2025-10-13T08:00:24+00:00","mainEntityOfPage":{"@id":"https:\/\/solkes.com\/dejando-huella\/2025\/10\/dia-internacional-de-la-no-violencia-historia-y-significado\/"},"wordCount":1467,"commentCount":0,"publisher":{"@id":"https:\/\/solkes.com\/#organization"},"image":{"@id":"https:\/\/solkes.com\/dejando-huella\/2025\/10\/dia-internacional-de-la-no-violencia-historia-y-significado\/#primaryimage"},"thumbnailUrl":"https:\/\/solkes.com\/wp-content\/uploads\/2025\/10\/noviolence-2504_03.jpg","articleSection":["Eine Spur\u00a0hinterlassen"],"inLanguage":"de","potentialAction":[{"@type":"CommentAction","name":"Comment","target":["https:\/\/solkes.com\/dejando-huella\/2025\/10\/dia-internacional-de-la-no-violencia-historia-y-significado\/#respond"]}]},{"@type":"WebPage","@id":"https:\/\/solkes.com\/dejando-huella\/2025\/10\/dia-internacional-de-la-no-violencia-historia-y-significado\/","url":"https:\/\/solkes.com\/dejando-huella\/2025\/10\/dia-internacional-de-la-no-violencia-historia-y-significado\/","name":"Internationaler Tag der Gewaltlosigkeit: Geschichte und Bedeutung - Solkes Magazine","isPartOf":{"@id":"https:\/\/solkes.com\/#website"},"primaryImageOfPage":{"@id":"https:\/\/solkes.com\/dejando-huella\/2025\/10\/dia-internacional-de-la-no-violencia-historia-y-significado\/#primaryimage"},"image":{"@id":"https:\/\/solkes.com\/dejando-huella\/2025\/10\/dia-internacional-de-la-no-violencia-historia-y-significado\/#primaryimage"},"thumbnailUrl":"https:\/\/solkes.com\/wp-content\/uploads\/2025\/10\/noviolence-2504_03.jpg","datePublished":"2025-10-13T08:00:24+00:00","description":"Der Tag der Gewaltlosigkeit erinnert uns daran, Gerechtigkeit, Gleichheit und globalen Wandel zu f\u00f6rdern.","breadcrumb":{"@id":"https:\/\/solkes.com\/dejando-huella\/2025\/10\/dia-internacional-de-la-no-violencia-historia-y-significado\/#breadcrumb"},"inLanguage":"de","potentialAction":[{"@type":"ReadAction","target":["https:\/\/solkes.com\/dejando-huella\/2025\/10\/dia-internacional-de-la-no-violencia-historia-y-significado\/"]}]},{"@type":"ImageObject","inLanguage":"de","@id":"https:\/\/solkes.com\/dejando-huella\/2025\/10\/dia-internacional-de-la-no-violencia-historia-y-significado\/#primaryimage","url":"https:\/\/solkes.com\/wp-content\/uploads\/2025\/10\/noviolence-2504_03.jpg","contentUrl":"https:\/\/solkes.com\/wp-content\/uploads\/2025\/10\/noviolence-2504_03.jpg","width":996,"height":620,"caption":"Anastasia"},{"@type":"BreadcrumbList","@id":"https:\/\/solkes.com\/dejando-huella\/2025\/10\/dia-internacional-de-la-no-violencia-historia-y-significado\/#breadcrumb","itemListElement":[{"@type":"ListItem","position":1,"name":"Portada","item":"https:\/\/solkes.com\/"},{"@type":"ListItem","position":2,"name":"Internationaler Tag der Gewaltlosigkeit: Geschichte und Bedeutung"}]},{"@type":"WebSite","@id":"https:\/\/solkes.com\/#website","url":"https:\/\/solkes.com\/","name":"Solkes Magazine","description":"solkes.com","publisher":{"@id":"https:\/\/solkes.com\/#organization"},"potentialAction":[{"@type":"SearchAction","target":{"@type":"EntryPoint","urlTemplate":"https:\/\/solkes.com\/?s={search_term_string}"},"query-input":{"@type":"PropertyValueSpecification","valueRequired":true,"valueName":"search_term_string"}}],"inLanguage":"de"},{"@type":"Organization","@id":"https:\/\/solkes.com\/#organization","name":"Solkes Magazine","url":"https:\/\/solkes.com\/","logo":{"@type":"ImageObject","inLanguage":"de","@id":"https:\/\/solkes.com\/#\/schema\/logo\/image\/","url":"https:\/\/solkes.com\/wp-content\/uploads\/2024\/09\/logo-SOLKES-820px-x-312px.png","contentUrl":"https:\/\/solkes.com\/wp-content\/uploads\/2024\/09\/logo-SOLKES-820px-x-312px.png","width":411,"height":303,"caption":"Solkes Magazine"},"image":{"@id":"https:\/\/solkes.com\/#\/schema\/logo\/image\/"},"sameAs":["https:\/\/www.facebook.com\/solkesmagazinee\/","https:\/\/instagram.com\/solkesmagazine\/"]},{"@type":"Person","@id":"https:\/\/solkes.com\/#\/schema\/person\/c6087f552b034a04c1e493a5333011fa","name":"Damian Amoif","image":{"@type":"ImageObject","inLanguage":"de","@id":"https:\/\/secure.gravatar.com\/avatar\/5e95ca5b9251c54eee56a71ac192b31cee4275410b7ce35d030ced4d8b2bc80f?s=96&d=identicon&r=g","url":"https:\/\/secure.gravatar.com\/avatar\/5e95ca5b9251c54eee56a71ac192b31cee4275410b7ce35d030ced4d8b2bc80f?s=96&d=identicon&r=g","contentUrl":"https:\/\/secure.gravatar.com\/avatar\/5e95ca5b9251c54eee56a71ac192b31cee4275410b7ce35d030ced4d8b2bc80f?s=96&d=identicon&r=g","caption":"Damian Amoif"},"url":"https:\/\/solkes.com\/de\/author\/damian\/"}]}},"_links":{"self":[{"href":"https:\/\/solkes.com\/de\/wp-json\/wp\/v2\/posts\/30552","targetHints":{"allow":["GET"]}}],"collection":[{"href":"https:\/\/solkes.com\/de\/wp-json\/wp\/v2\/posts"}],"about":[{"href":"https:\/\/solkes.com\/de\/wp-json\/wp\/v2\/types\/post"}],"author":[{"embeddable":true,"href":"https:\/\/solkes.com\/de\/wp-json\/wp\/v2\/users\/122"}],"replies":[{"embeddable":true,"href":"https:\/\/solkes.com\/de\/wp-json\/wp\/v2\/comments?post=30552"}],"version-history":[{"count":4,"href":"https:\/\/solkes.com\/de\/wp-json\/wp\/v2\/posts\/30552\/revisions"}],"predecessor-version":[{"id":30781,"href":"https:\/\/solkes.com\/de\/wp-json\/wp\/v2\/posts\/30552\/revisions\/30781"}],"wp:featuredmedia":[{"embeddable":true,"href":"https:\/\/solkes.com\/de\/wp-json\/wp\/v2\/media\/30734"}],"wp:attachment":[{"href":"https:\/\/solkes.com\/de\/wp-json\/wp\/v2\/media?parent=30552"}],"wp:term":[{"taxonomy":"category","embeddable":true,"href":"https:\/\/solkes.com\/de\/wp-json\/wp\/v2\/categories?post=30552"},{"taxonomy":"post_tag","embeddable":true,"href":"https:\/\/solkes.com\/de\/wp-json\/wp\/v2\/tags?post=30552"}],"curies":[{"name":"wp","href":"https:\/\/api.w.org\/{rel}","templated":true}]}}