{"id":30249,"date":"2025-08-13T11:00:12","date_gmt":"2025-08-13T09:00:12","guid":{"rendered":"https:\/\/solkes.com\/?p=30249"},"modified":"2025-08-01T10:21:59","modified_gmt":"2025-08-01T08:21:59","slug":"illustratorin-ana-maria-ospina-aus-kolumbien","status":"publish","type":"post","link":"https:\/\/solkes.com\/de\/der-verschluss\/2025\/08\/illustratorin-ana-maria-ospina-aus-kolumbien\/","title":{"rendered":"Ana Mar\u00eda, kolumbianische Illustratorin: Kreativit\u00e4t trifft Bildung"},"content":{"rendered":"<p><span style=\"color: #138a8d;\">I<\/span>m Bereich der zeitgen\u00f6ssischen Illustration schaffen es nur wenige K\u00fcnstlerinnen, Wissenschaft, Kindheit und kulturelle Identit\u00e4t so tiefgr\u00fcndig zu verbinden wie Ana Mar\u00eda, kolumbianische Illustratorin Ana Mar\u00eda Ospina.<\/p>\n<p>Ana Mar\u00eda ist die Sch\u00f6pferin von El Perro de Traje Negro. Ihr Stil ist narrativ und reich an Symbolen, wodurch sie Leserinnen und Leser mit der Biodiversit\u00e4t und dem Territorium Kolumbiens verbindet. Gleichzeitig bildet sie durch ihre Kunst und sensibilisiert.<\/p>\n<h3><strong><span style=\"color: #138a8d;\">Anf\u00e4nge und Werdegang: Von der bildenden Kunst zur Illustration<\/span><\/strong><\/h3>\n<p>Fangen wir damit an, dass die Anf\u00e4nge eines K\u00fcnstlers den Weg seiner Karriere pr\u00e4gen. Im Fall von Ana Mar\u00eda Ospina, Illustratorin aus <span style=\"color: #1388ad;\"><a style=\"color: #1388ad;\" href=\"https:\/\/solkes.com\/de\/weltenbummler\/2024\/12\/die-alteste-stadt-kolumbiens\/\">Kolumbien<\/a><\/span>, war ihr Werdegang von pers\u00f6nlichen Suchen, Entdeckungen und dem Bed\u00fcrfnis gepr\u00e4gt, eine eigene Sprache zu finden.<\/p>\n<figure id=\"attachment_30132\" aria-describedby=\"caption-attachment-30132\" style=\"width: 374px\" class=\"wp-caption alignright\"><img fetchpriority=\"high\" decoding=\"async\" class=\"size-solkes_horizontal wp-image-30132\" src=\"https:\/\/solkes.com\/wp-content\/uploads\/2025\/08\/anamaria-ospina-2504_02-374x601.jpg\" alt=\"Ana Mar\u00eda Ospina, ilustradora colombiana\" width=\"374\" height=\"601\" srcset=\"https:\/\/solkes.com\/wp-content\/uploads\/2025\/08\/anamaria-ospina-2504_02-374x601.jpg 374w, https:\/\/solkes.com\/wp-content\/uploads\/2025\/08\/anamaria-ospina-2504_02-187x300.jpg 187w, https:\/\/solkes.com\/wp-content\/uploads\/2025\/08\/anamaria-ospina-2504_02-299x480.jpg 299w, https:\/\/solkes.com\/wp-content\/uploads\/2025\/08\/anamaria-ospina-2504_02.jpg 620w\" sizes=\"(max-width: 374px) 100vw, 374px\" \/><figcaption id=\"caption-attachment-30132\" class=\"wp-caption-text\">Ana Maria Ospina \u00a9 Solkes<\/figcaption><\/figure>\n<p>Bevor sie zu einer der bekanntesten Illustratorinnen Kolumbiens wurde, experimentierte Ospina mit verschiedenen k\u00fcnstlerischen Disziplinen, die ihr halfen, eine solide und vielseitige Grundlage aufzubauen.<\/p>\n<p>Ospina begann ihre Laufbahn mit einem Studium der Bildenden K\u00fcnste an der <span style=\"color: #1388ad;\"><a style=\"color: #1388ad;\" href=\"https:\/\/www.javeriana.edu.co\/inicio\">Universidad Javeriana<\/a><\/span> in Bogot\u00e1.<\/p>\n<p>In den ersten Semestern neigte sie zur bildenden Kunst und erforschte gro\u00dfformatige Malerei, Skulptur, Performance und Installationen.<\/p>\n<p>Diese Ausdrucksfreiheit erm\u00f6glichte ihr das Experimentieren mit verschiedenen Techniken, doch ihr Weg \u00e4nderte sich grundlegend, als sie auf die grafische Illustration stie\u00df.<\/p>\n<p>\u201eIch habe mich in die Illustration verliebt, weil sie mir erlaubte, das Plastische mit dem Grafischen zu verbinden. Am Anfang war es nicht leicht: Ich kam aus einer Welt ohne klare Regeln und musste mich an die Grenzen eines Buches, an Beschnitt und Formate gew\u00f6hnen. Aber ich erkannte, dass meine Stimme genau dort lag\u201c, erinnert sie sich.<\/p>\n<p>Aus dieser pers\u00f6nlichen Suche entstand El Perro de Traje Negro, ihr kreatives Alter Ego \u2013 eine Figur, die zum Ausdrucksmittel f\u00fcr Emotionen und Geschichten wurde. Diese Figur entstand als Abschlussprojekt und wurde schlie\u00dflich zum Namen ihrer eigenen Marke.<\/p>\n<figure id=\"attachment_30129\" aria-describedby=\"caption-attachment-30129\" style=\"width: 965px\" class=\"wp-caption aligncenter\"><img decoding=\"async\" class=\"size-solkes_horizontal wp-image-30129\" src=\"https:\/\/solkes.com\/wp-content\/uploads\/2025\/08\/anamaria-ospina-2504_01-965x601.jpg\" alt=\"El Perro de Traje Negro\" width=\"965\" height=\"601\" srcset=\"https:\/\/solkes.com\/wp-content\/uploads\/2025\/08\/anamaria-ospina-2504_01-965x601.jpg 965w, https:\/\/solkes.com\/wp-content\/uploads\/2025\/08\/anamaria-ospina-2504_01-300x187.jpg 300w, https:\/\/solkes.com\/wp-content\/uploads\/2025\/08\/anamaria-ospina-2504_01-768x478.jpg 768w, https:\/\/solkes.com\/wp-content\/uploads\/2025\/08\/anamaria-ospina-2504_01-320x199.jpg 320w, https:\/\/solkes.com\/wp-content\/uploads\/2025\/08\/anamaria-ospina-2504_01.jpg 996w\" sizes=\"(max-width: 965px) 100vw, 965px\" \/><figcaption id=\"caption-attachment-30129\" class=\"wp-caption-text\">Ana Maria Ospina \u00a9 Solkes<\/figcaption><\/figure>\n<p>Heute ist die kolumbianische Illustratorin Ana Mar\u00eda Ospina f\u00fcr ihre Vielseitigkeit bekannt: Sie arbeitet in der Editorial-Illustration, der wissenschaftlichen Illustration, der Kinderbuchillustration und an Projekten mit starkem sozialem Einfluss.<\/p>\n<p>Die Bildende Kunst ist ein grundlegender Pfeiler in der Geschichte der Menschheit. Von den ersten H\u00f6hlenmalereien bis zu zeitgen\u00f6ssischen digitalen Illustrationen hat diese universelle Sprache es erm\u00f6glicht, unser kollektives Ged\u00e4chtnis festzuhalten, Wissen zu vermitteln und die Komplexit\u00e4t unserer Emotionen auszudr\u00fccken.<\/p>\n<p>Im Fall Kolumbiens spiegeln die visuellen K\u00fcnste unsere kulturelle Vielfalt wider: Sie erz\u00e4hlen vom Erbe indigener, afrokolumbianischer und mestizischer Gemeinschaften, zeigen die Landschaften, die uns pr\u00e4gen, und bewahren das Wissen unserer Vorfahren, das in vielen Gemeinschaften noch lebendig ist.<\/p>\n<figure id=\"attachment_30144\" aria-describedby=\"caption-attachment-30144\" style=\"width: 374px\" class=\"wp-caption alignleft\"><img decoding=\"async\" class=\"size-solkes_horizontal wp-image-30144\" src=\"https:\/\/solkes.com\/wp-content\/uploads\/2025\/08\/anamaria-ospina-2504_06-374x601.jpg\" alt=\"\" width=\"374\" height=\"601\" srcset=\"https:\/\/solkes.com\/wp-content\/uploads\/2025\/08\/anamaria-ospina-2504_06-374x601.jpg 374w, https:\/\/solkes.com\/wp-content\/uploads\/2025\/08\/anamaria-ospina-2504_06-187x300.jpg 187w, https:\/\/solkes.com\/wp-content\/uploads\/2025\/08\/anamaria-ospina-2504_06-299x480.jpg 299w, https:\/\/solkes.com\/wp-content\/uploads\/2025\/08\/anamaria-ospina-2504_06.jpg 620w\" sizes=\"(max-width: 374px) 100vw, 374px\" \/><figcaption id=\"caption-attachment-30144\" class=\"wp-caption-text\">Ana Maria Ospina \u00a9 Solkes<\/figcaption><\/figure>\n<p>Die Wertsch\u00e4tzung der visuellen K\u00fcnste bedeutet daher, anzuerkennen, wer wir sind, unsere Wurzeln zu ehren und eine starke Identit\u00e4t aufzubauen, die Generationen \u00fcberdauert.<\/p>\n<p>F\u00fcr Ospina sind die Bildenden K\u00fcnste ein wesentliches Werkzeug zur Identit\u00e4tsbildung und zur Wissensvermittlung. Es geht nicht nur darum, sch\u00f6ne Bilder zu schaffen, sondern darum, Erz\u00e4hlungen zu bieten, die Realit\u00e4ten ver\u00e4ndern.<\/p>\n<p>\u201eDie Bildenden K\u00fcnste erm\u00f6glichen es uns, \u00fcber uns selbst und unsere Umwelt nachzudenken. Sie sind eine universelle Sprache, die Emotionen, Ideen und Kulturen verbindet. Wenn ein Kind eine Zeichnung sieht, die sein Land, seine Biodiversit\u00e4t oder seine Gemeinschaft darstellt, lernt es, seine Umgebung wertzusch\u00e4tzen\u201c, erkl\u00e4rt sie.<\/p>\n<p>Ana Mar\u00eda Ospina glaubt, dass Kolumbien \u2013 das Land, in dem sie geboren wurde und in dem sie vieles erkundet hat \u2013 ein Ort ist, an dem trotz vieler komplexer Situationen wundersch\u00f6ne Menschen leben.<\/p>\n<p>Diese \u00dcberzeugung ist der Motor ihrer Arbeit: Illustration als Mittel, um aufzukl\u00e4ren, zu sensibilisieren und positive Ver\u00e4nderungen in der Gesellschaft zu bewirken.<\/p>\n<p>Dieser erste Abschnitt ihrer Reise erm\u00f6glichte es Ospina, ihre wahre Stimme in der Illustration zu finden und El Perro de Traje Negro Leben einzuhauchen \u2013 ihr kreatives Alter Ego. Heute zeigt sich diese Suche in einem Werk voller Identit\u00e4t und sozialem Bewusstsein, das Menschen in Kolumbien und auf der ganzen Welt anspricht.<\/p>\n<h3><span style=\"color: #138a8d;\"><strong>Ein einzigartiger Stil, der bildet<\/strong><\/span><\/h3>\n<p>Der Stil von Illustratorin Ana Mar\u00eda Ospina aus Kolumbien ist keinesfalls zuf\u00e4llig: vielmehr ist er dazu konzipiert, Neugier und Lernen zu wecken. Durch die Verbindung von Erz\u00e4hlendem, Wissenschaftlichem und Kindlichem vermitteln ihre Illustrationen tiefgr\u00fcndige Botschaften, die f\u00fcr alle Altersgruppen verst\u00e4ndlich sind.<\/p>\n<p>Der besondere Stil von Illustratorin Ana Mar\u00eda Ospina aus Kolumbien ist eine Br\u00fccke zwischen der kindlichen Welt, der Wissenschaft und dem narrativen Ansatz.<\/p>\n<figure id=\"attachment_30166\" aria-describedby=\"caption-attachment-30166\" style=\"width: 374px\" class=\"wp-caption alignleft\"><img loading=\"lazy\" decoding=\"async\" class=\"size-solkes_horizontal wp-image-30166\" src=\"https:\/\/solkes.com\/wp-content\/uploads\/2025\/08\/anamaria-ospina-2504_14-374x601.jpg\" alt=\"Mapa de Colombia, fauna nacional\" width=\"374\" height=\"601\" srcset=\"https:\/\/solkes.com\/wp-content\/uploads\/2025\/08\/anamaria-ospina-2504_14-374x601.jpg 374w, https:\/\/solkes.com\/wp-content\/uploads\/2025\/08\/anamaria-ospina-2504_14-187x300.jpg 187w, https:\/\/solkes.com\/wp-content\/uploads\/2025\/08\/anamaria-ospina-2504_14-299x480.jpg 299w, https:\/\/solkes.com\/wp-content\/uploads\/2025\/08\/anamaria-ospina-2504_14.jpg 620w\" sizes=\"(max-width: 374px) 100vw, 374px\" \/><figcaption id=\"caption-attachment-30166\" class=\"wp-caption-text\">Ana Maria Ospina \u00a9 Solkes<\/figcaption><\/figure>\n<p>Ihre Kompositionen sind voller Farben, zeigen Details der kolumbianischen Flora und Fauna und liebenswerte Figuren, die Geschichten erz\u00e4hlen, die \u00fcber den Text hinausgehen.<\/p>\n<p>Zudem hat jede ihrer Illustrationen die Absicht, die Betrachtenden n\u00e4her an ihr Umfeld zu bringen \u2013 an die Biodiversit\u00e4t um uns herum und an Emotionen, die oft schwer auszudr\u00fccken sind.<\/p>\n<p>\u201eMir ist wichtig, dass meine Bilder bilden. Wenn ein Buch in die H\u00e4nde eines Kindes gelangt, m\u00f6chte ich, dass es \u00fcber sein Land lernt \u2013 dass es Arten wie den Brillenb\u00e4ren, das Wasserschwein oder unsere Schmetterlinge erkennt\u201c, erkl\u00e4rt sie.<\/p>\n<p>Ihr Stil ist also weit mehr als eine \u00e4sthetische Handschrift: Es ist ein p\u00e4dagogisches Werkzeug.<\/p>\n<p>Dar\u00fcber hinaus erm\u00f6glicht sie Kindern und Jugendlichen durch ihre Illustrationen Identifikation mit den Inhalten, die sie konsumieren. Die visuelle Darstellung ihrer Realit\u00e4t st\u00e4rkt ihr Zugeh\u00f6rigkeitsgef\u00fchl und hilft ihnen, abstrakte Konzepte besser zu begreifen.<\/p>\n<blockquote class=\"td_quote_box td_box_center\">\n<h4><span style=\"font-weight: 400;\">Es ist schwierig, eine pers\u00f6nliche Handschrift zu bewahren, aber ich glaube, dass alles viel leichter flie\u00dft, wenn man seinen Stil versteht und gern mit ihm arbeitet. Wenn man liebt, was man tut, geht alles deutlich reibungsloser.\u00a0<\/span><\/h4>\n<\/blockquote>\n<p>Wie Studien zeigen, haben die Bildenden K\u00fcnste einen tiefgreifenden Einfluss auf die Bildung. Kunst f\u00f6rdert Kreativit\u00e4t, kritisches Denken und analytische F\u00e4higkeiten.<\/p>\n<p>Gerade f\u00fcr kleine Kinder hilft Kunst dabei, motorische F\u00e4higkeiten zu entwickeln und komplexe Ideen auszudr\u00fccken, noch bevor sie die Sprache vollst\u00e4ndig beherrschen.<\/p>\n<figure id=\"attachment_30126\" aria-describedby=\"caption-attachment-30126\" style=\"width: 374px\" class=\"wp-caption alignright\"><img loading=\"lazy\" decoding=\"async\" class=\"size-solkes_horizontal wp-image-30126\" src=\"https:\/\/solkes.com\/wp-content\/uploads\/2025\/08\/anamaria-ospina-2504_13-374x601.jpg\" alt=\"\" width=\"374\" height=\"601\" srcset=\"https:\/\/solkes.com\/wp-content\/uploads\/2025\/08\/anamaria-ospina-2504_13-374x601.jpg 374w, https:\/\/solkes.com\/wp-content\/uploads\/2025\/08\/anamaria-ospina-2504_13-187x300.jpg 187w, https:\/\/solkes.com\/wp-content\/uploads\/2025\/08\/anamaria-ospina-2504_13-299x480.jpg 299w, https:\/\/solkes.com\/wp-content\/uploads\/2025\/08\/anamaria-ospina-2504_13.jpg 620w\" sizes=\"(max-width: 374px) 100vw, 374px\" \/><figcaption id=\"caption-attachment-30126\" class=\"wp-caption-text\">Ana Maria Ospina \u00a9 Solkes<\/figcaption><\/figure>\n<p>Ospina wei\u00df das \u2013 und genau deshalb ist ihre Arbeit so gestaltet, dass sie zur Entdeckung einl\u00e4dt: Figuren, die Neugier wecken, Szenen, die zum Entdecken von Details einladen, und visuelle Erz\u00e4hlungen, die ohne Worte lehren.<\/p>\n<p>Nat\u00fcrlich ist es nicht leicht, die Gedankenwelt kleiner Kinder zu erkunden \u2013 aber sie ist Mutter eines f\u00fcnfj\u00e4hrigen Jungen \u2013 und er ist in vielen Dingen ihr Mentor, vor allem bei der Arbeit. Wenn sie ein Buch macht, ist er der Erste, der es sieht.<\/p>\n<p>Wenn ein Kind eine Illustration \u00fcber seine Umgebung oder \u00fcber bedrohte Tierarten betrachtet, entstehen Fragen: Wo leben diese Tiere? Warum m\u00fcssen wir sie sch\u00fctzen? Das ist der erste Schritt zu Bildung und Ver\u00e4nderung\u201c, erkl\u00e4rt sie.<\/p>\n<p>Dieser p\u00e4dagogische Ansatz f\u00fchrte dazu, dass sie an wegweisenden Projekten mitwirkte \u2013 wie zum Beispiel \u201eHaie\u201c, einem Liederbuch, das von Penguin Random House in Zusammenarbeit mit BioCore, der Philharmonie Medell\u00edn, der Universit\u00e4t der Anden und der Kinderband Tu Rockcito ver\u00f6ffentlicht wurde.<\/p>\n<p>\u201eIch hatte fr\u00fcher Angst vor Haien wegen des Films Der wei\u00dfe Hai. Aber dieses Projekt hat mich ver\u00e4ndert. Ich habe verstanden, dass es missverstandene und wundersch\u00f6ne Tiere sind. Meine Aufgabe war es, diese Sch\u00f6nheit zu zeigen, damit Kinder und Eltern diese Tiere wertsch\u00e4tzen lernen\u201c, erz\u00e4hlt sie.<\/p>\n<p>So begann alles: Eines Tages rief Juan Pablo Mojica, der Herausgeber bei Penguin, an und fragte, ob sie Interesse an einem Projekt \u00fcber Haie habe. Ihre Antwort war: \u201eJa!\u201c<\/p>\n<figure id=\"attachment_30141\" aria-describedby=\"caption-attachment-30141\" style=\"width: 374px\" class=\"wp-caption alignleft\"><img loading=\"lazy\" decoding=\"async\" class=\"size-solkes_horizontal wp-image-30141\" src=\"https:\/\/solkes.com\/wp-content\/uploads\/2025\/08\/anamaria-ospina-2504_05-374x601.jpg\" alt=\"\" width=\"374\" height=\"601\" srcset=\"https:\/\/solkes.com\/wp-content\/uploads\/2025\/08\/anamaria-ospina-2504_05-374x601.jpg 374w, https:\/\/solkes.com\/wp-content\/uploads\/2025\/08\/anamaria-ospina-2504_05-187x300.jpg 187w, https:\/\/solkes.com\/wp-content\/uploads\/2025\/08\/anamaria-ospina-2504_05-299x480.jpg 299w, https:\/\/solkes.com\/wp-content\/uploads\/2025\/08\/anamaria-ospina-2504_05.jpg 620w\" sizes=\"(max-width: 374px) 100vw, 374px\" \/><figcaption id=\"caption-attachment-30141\" class=\"wp-caption-text\">Ana Maria Ospina \u00a9 Solkes<\/figcaption><\/figure>\n<p>Wie sie mir erz\u00e4hlte, war Forschung der Schl\u00fcssel. Ospina musste mehr \u00fcber die \u00fcber 14 Haiarten an Kolumbiens Pazifikk\u00fcste lernen, ihre Rolle in den \u00d6kosystemen verstehen und all diese wissenschaftlichen Informationen in kindgerechte und zug\u00e4ngliche Illustrationen \u00fcbersetzen.<\/p>\n<p><strong><span style=\"color: #138a8d;\">Laura Viera A.:<\/span><\/strong> Wie war deine Erfahrung bei diesem Projekt?<\/p>\n<p><span style=\"color: #138a8d;\"><strong>Ana Mar\u00eda Ospina:<\/strong><\/span> Es war von Anfang an ein wundersch\u00f6ner Prozess. Die Zusammenarbeit mit Penguin war sehr interdisziplin\u00e4r. Es war eines der wunderbarsten Dinge, die ich in meiner Arbeit erlebt habe. Sie sind unglaublich \u2013 absolute Profis. Das Projekt verlief sehr harmonisch. Wenn ich etwas nicht verstand, hatten wir Meetings mit BioCore, und sie erkl\u00e4rten mir, was bei jeder Haiart zu beachten war. Am Ende wurden viele Arten dargestellt. Es war ein kreativer Prozess voller Freude. Ich habe verstanden, dass Haie erstaunlich sch\u00f6ne Kreaturen sind. Sie werden stark missverstanden, aber genau das wollten wir mit dem Buch erreichen \u2013 diese Kinder und Eltern f\u00fcr die Sch\u00f6nheit dieser Tiere sensibilisieren.<\/p>\n<p>Die Verbindung von kindlicher Perspektive, wissenschaftlichem Inhalt und narrativer Tiefe erforderte intensive Recherche.<\/p>\n<p>Schlie\u00dflich w\u00e4re es unsinnig, ein Tier zu illustrieren, das gar nicht in Kolumbien vorkommt oder nicht repr\u00e4sentativ f\u00fcr das Land ist.<\/p>\n<p>Auf einer pers\u00f6nlicheren Ebene wurde ihre Liebe zur Flora stark von ihrer Gro\u00dfmutter gepr\u00e4gt, die eine gro\u00dfe Leidenschaft f\u00fcr Blumen hatte.<\/p>\n<p>Ganz klar zeigt dieses Werk, wie Kunst zu einer treibenden Kraft f\u00fcr Bildung werden kann \u2013<br \/>\nindem sie es neuen Generationen erm\u00f6glicht, auf bedeutungsvolle und unterhaltsame Weise zu lernen.<\/p>\n<p>Dieser Ansatz verwandelt Ospinas Arbeit in ein starkes p\u00e4dagogisches Instrument \u2013 eines, das B\u00fccher und Materialien nicht nur versch\u00f6nert, sondern auch Menschen jeden Alters inspiriert.<\/p>\n<h3><span style=\"color: #138a8d;\"><strong>Hervorstechende Projekte und soziales Engagement<\/strong><\/span><\/h3>\n<p>\u00dcber ihren charakteristischen Stil hinaus engagiert sich die Illustratorin Ana Mar\u00eda Ospina aus Kolumbien in Projekten, die eine echte gesellschaftliche Wirkung anstreben.<\/p>\n<p>Ihre Zusammenarbeit mit nationalen und internationalen Institutionen bietet M\u00f6glichkeiten, Gemeinschaften mit ihrer Kultur, Geschichte und ihren Rechten zu verbinden.<\/p>\n<figure id=\"attachment_30138\" aria-describedby=\"caption-attachment-30138\" style=\"width: 374px\" class=\"wp-caption alignright\"><img loading=\"lazy\" decoding=\"async\" class=\"size-solkes_horizontal wp-image-30138\" src=\"https:\/\/solkes.com\/wp-content\/uploads\/2025\/08\/anamaria-ospina-2504_04-374x601.jpg\" alt=\"Plazas de Mercado\" width=\"374\" height=\"601\" srcset=\"https:\/\/solkes.com\/wp-content\/uploads\/2025\/08\/anamaria-ospina-2504_04-374x601.jpg 374w, https:\/\/solkes.com\/wp-content\/uploads\/2025\/08\/anamaria-ospina-2504_04-187x300.jpg 187w, https:\/\/solkes.com\/wp-content\/uploads\/2025\/08\/anamaria-ospina-2504_04-299x480.jpg 299w, https:\/\/solkes.com\/wp-content\/uploads\/2025\/08\/anamaria-ospina-2504_04.jpg 620w\" sizes=\"(max-width: 374px) 100vw, 374px\" \/><figcaption id=\"caption-attachment-30138\" class=\"wp-caption-text\">Ana Maria Ospina \u00a9 Solkes<\/figcaption><\/figure>\n<p>Ana Mar\u00eda Ospinas Arbeit zeichnet sich durch ein starkes soziales und bildungspolitisches Engagement aus.<\/p>\n<p>Neben ihrer Zusammenarbeit mit renommierten Verlagen hat sie Projekte f\u00fcr Institutionen wie die UNO, das kolumbianische Kulturministerium, die Ombudsstelle und internationale Marken realisiert.<\/p>\n<p>Diese Projekte haben nicht nur ihre k\u00fcnstlerische Karriere gest\u00e4rkt, sondern ihr auch erm\u00f6glicht, Einfluss auf unterschiedliche Gemeinschaften zu nehmen.<\/p>\n<p>Ein besonders bedeutendes Projekt war &#8220;Plazas de Mercado de Colombia&#8221;, das sie in Zusammenarbeit mit <span style=\"color: #138a8d;\"><a style=\"color: #138a8d;\" href=\"https:\/\/www.bogotachirriada.com\/\">Bogot\u00e1 Chirriada<\/a> <\/span>entwickelte. An dieser Stelle ist es wichtig zu erw\u00e4hnen, dass Bogot\u00e1 Chirriada die Identit\u00e4t und den Stolz des Landes hervorhebt, sich von der kolumbianischen Kultur inspirieren l\u00e4sst und auf Hunderte von lokalen Lieferanten setzt. Es handelt sich um eine kolumbianische Designmarke, die die Popul\u00e4rkultur und Identit\u00e4t Bogot\u00e1s und Kolumbiens durch kreative und authentische Produkte darstellt.<\/p>\n<figure id=\"attachment_30156\" aria-describedby=\"caption-attachment-30156\" style=\"width: 965px\" class=\"wp-caption aligncenter\"><img loading=\"lazy\" decoding=\"async\" class=\"size-solkes_horizontal wp-image-30156\" src=\"https:\/\/solkes.com\/wp-content\/uploads\/2025\/08\/anamaria-ospina-2504_10-965x601.jpg\" alt=\"\" width=\"965\" height=\"601\" srcset=\"https:\/\/solkes.com\/wp-content\/uploads\/2025\/08\/anamaria-ospina-2504_10-965x601.jpg 965w, https:\/\/solkes.com\/wp-content\/uploads\/2025\/08\/anamaria-ospina-2504_10-300x187.jpg 300w, https:\/\/solkes.com\/wp-content\/uploads\/2025\/08\/anamaria-ospina-2504_10-768x478.jpg 768w, https:\/\/solkes.com\/wp-content\/uploads\/2025\/08\/anamaria-ospina-2504_10-320x199.jpg 320w, https:\/\/solkes.com\/wp-content\/uploads\/2025\/08\/anamaria-ospina-2504_10.jpg 996w\" sizes=\"(max-width: 965px) 100vw, 965px\" \/><figcaption id=\"caption-attachment-30156\" class=\"wp-caption-text\">Ana Maria Ospina \u00a9 Solkes<\/figcaption><\/figure>\n<p>Zur\u00fcck zum Projekt: Ziel war es, den kulturellen und sozialen Reichtum der traditionellen kolumbianischen M\u00e4rkte sichtbar zu machen. Historisch gesehen sind diese Orte Zentren des Austauschs, der Begegnung und des kulturellen Widerstands.<\/p>\n<p>Marktpl\u00e4tze sind nicht nur Orte des Handels. Sie sind auch Schaupl\u00e4tze, an denen kulinarische Traditionen, landwirtschaftliches Wissen und Lebensformen von Bauern und H\u00e4ndlern erhalten bleiben.<\/p>\n<p>&#8220;Ich besuchte M\u00e4rkte in Manizales, <span style=\"color: #138a8d;\"><a style=\"color: #138a8d;\" href=\"https:\/\/solkes.com\/de\/stadtisch\/2024\/07\/ich-bin-in-einer-milonga-stimmung\/\">Cali<\/a><\/span> und <span style=\"color: #138a8d;\"><a style=\"color: #138a8d;\" href=\"https:\/\/solkes.com\/de\/stadtisch\/2019\/02\/eine-stadt-auf-dem-radweg-bogota\/\">Bogot\u00e1<\/a><\/span>. Ich beobachtete die Bauern, die Obstver\u00e4ufer und die Gro\u00dfeltern, die dort noch arbeiten. Es sind Orte voller Farben, Ger\u00fcche und Aromen. All das wollte ich im finalen Plakat einfangen&#8221;, erkl\u00e4rt sie.<\/p>\n<figure id=\"attachment_30153\" aria-describedby=\"caption-attachment-30153\" style=\"width: 374px\" class=\"wp-caption alignright\"><img loading=\"lazy\" decoding=\"async\" class=\"size-solkes_horizontal wp-image-30153\" src=\"https:\/\/solkes.com\/wp-content\/uploads\/2025\/08\/anamaria-ospina-2504_09-374x601.jpg\" alt=\"\" width=\"374\" height=\"601\" srcset=\"https:\/\/solkes.com\/wp-content\/uploads\/2025\/08\/anamaria-ospina-2504_09-374x601.jpg 374w, https:\/\/solkes.com\/wp-content\/uploads\/2025\/08\/anamaria-ospina-2504_09-187x300.jpg 187w, https:\/\/solkes.com\/wp-content\/uploads\/2025\/08\/anamaria-ospina-2504_09-299x480.jpg 299w, https:\/\/solkes.com\/wp-content\/uploads\/2025\/08\/anamaria-ospina-2504_09.jpg 620w\" sizes=\"(max-width: 374px) 100vw, 374px\" \/><figcaption id=\"caption-attachment-30153\" class=\"wp-caption-text\">Ana Maria Ospina \u00a9 Solkes<\/figcaption><\/figure>\n<p>Das Projekt zeigte auch die menschliche Seite der M\u00e4rkte, wo Generationen aufeinandertreffen. Gro\u00dfeltern geben ihre Erfahrungen an die J\u00fcngeren weiter. Kleinproduzenten bieten das Beste ihrer Ernte an. Familien finden dort eine n\u00e4here und gerechtere Wirtschaft.<\/p>\n<p>Mit Illustrationen von Kartoffelverk\u00e4ufern, der Aloe-Vera-Frau, Kindern, die an den St\u00e4nden helfen, sowie Hunden und Katzen, die durch die G\u00e4nge streifen, brachte Ospina das Wesen eines flei\u00dfigen, resilienten Kolumbiens zum Ausdruck, das tief mit dem Land verbunden ist.<\/p>\n<p>Diese Projekte zeigen die Kraft der Kunst als Werkzeug f\u00fcr sozialen Wandel.<\/p>\n<p><strong><span style=\"color: #138a8d;\">Laura Viera A.:<\/span><\/strong> Bitte erz\u00e4hl mir etwas \u00fcber das Projekt mit der UNO.<\/p>\n<p><span style=\"color: #138a8d;\"><strong>Ana Mar\u00eda Ospina:<\/strong><\/span> Das UNO-Projekt war sehr auf den sozialen Aspekt ausgerichtet. Es ging darum, sich eine Gesellschaft vorzustellen, die vereint arbeitet, um ihre Ressourcen zu sch\u00fctzen. Alles war sehr bildungsorientiert, und genau das m\u00f6chte ich als K\u00fcnstlerin erreichen: \u00fcber meine Projekte zur Bildung meines Landes beitragen.<\/p>\n<p>F\u00fcr die Ombudsstelle entwarf Ospina einen <span style=\"color: #138a8d;\"><a style=\"color: #138a8d;\" href=\"https:\/\/solkes.com\/de\/der-verschluss\/2025\/04\/die-evolution-der-comics\/\">Comic<\/a><\/span>, der die Zwangsrekrutierung von Minderj\u00e4hrigen in l\u00e4ndlichen Gebieten verhindern soll.<\/p>\n<p>Die Wahl des Mediums war kein Zufall. Comics mit ihrer zug\u00e4nglichen und visuellen Sprache erreichen Jugendliche auf eine Weise, wie es institutionelle Dokumente kaum k\u00f6nnen.<\/p>\n<p>&#8220;Der Comic erm\u00f6glichte uns, die Jugendlichen direkt und einladend zu erreichen. Wir behandelten schwierige Themen mit Respekt und dem Ziel, Bewusstsein zu schaffen. Die Idee war, dass sie ihre Rechte verstehen und wissen, wie sie sich sch\u00fctzen k\u00f6nnen&#8221;, betont sie.<\/p>\n<p><strong><span style=\"color: #138a8d;\">Laura Viera A.:<\/span><\/strong> Und wie hat dich das pers\u00f6nlich beeinflusst?<\/p>\n<p><span style=\"color: #138a8d;\"><strong>Ana Mar\u00eda Ospina: <\/strong><\/span>Es war intensiv. Fr\u00fcher kamen bewaffnete Gruppen mit Gewalt und haben die Kinder rekrutiert. Heute geschieht es \u00fcber Worte. Sie sagen: &#8220;Hilf mir kurz, ich gebe deiner Mutter Geld&#8221; oder &#8220;Wir wissen, dass dein Vater krank ist.&#8221; Dann bitten sie, ein Paket zu \u00fcberbringen. Die Ombudsstelle wollte dieses Thema bearbeiten.<\/p>\n<p>Ich wollte genau dar\u00fcber sprechen, aber auf andere Weise: \u00fcber einen Comic. Leider konnte ich nicht vor Ort sein, wo der Konflikt wirklich stattfindet. Ich h\u00e4tte das sehr gerne erlebt, aber hier in Bogot\u00e1 leben wir in einer Art Blase.<\/p>\n<p>Deshalb trage ich aus meiner Position als K\u00fcnstlerin zum sozialen Wandel bei. Wir haben einen sehr sch\u00f6nen Comic gestaltet. Es wurden 500 Exemplare gedruckt, die in D\u00f6rfer gebracht wurden, wo mit den Jugendlichen gesprochen wurde.<\/p>\n<figure id=\"attachment_30183\" aria-describedby=\"caption-attachment-30183\" style=\"width: 965px\" class=\"wp-caption aligncenter\"><img loading=\"lazy\" decoding=\"async\" class=\"size-solkes_horizontal wp-image-30183\" src=\"https:\/\/solkes.com\/wp-content\/uploads\/2025\/08\/anamaria-ospina-2504_16-1-965x601.jpg\" alt=\"\" width=\"965\" height=\"601\" srcset=\"https:\/\/solkes.com\/wp-content\/uploads\/2025\/08\/anamaria-ospina-2504_16-1-965x601.jpg 965w, https:\/\/solkes.com\/wp-content\/uploads\/2025\/08\/anamaria-ospina-2504_16-1-300x187.jpg 300w, https:\/\/solkes.com\/wp-content\/uploads\/2025\/08\/anamaria-ospina-2504_16-1-768x478.jpg 768w, https:\/\/solkes.com\/wp-content\/uploads\/2025\/08\/anamaria-ospina-2504_16-1-320x199.jpg 320w, https:\/\/solkes.com\/wp-content\/uploads\/2025\/08\/anamaria-ospina-2504_16-1.jpg 996w\" sizes=\"(max-width: 965px) 100vw, 965px\" \/><figcaption id=\"caption-attachment-30183\" class=\"wp-caption-text\">Ana Maria Ospina \u00a9 Solkes<\/figcaption><\/figure>\n<p>Der Comic ist ein starkes narratives Werkzeug, um junge Menschen direkt zu erreichen.<\/p>\n<p>Die kolumbianische Illustratorin Ana Mar\u00eda Ospina ist davon \u00fcberzeugt, dass der Comic allen zugutekam. Sie ist gl\u00fccklich, weil sie einen Unterschied machen konnte \u2013 und das bedeutet Ver\u00e4nderung.<\/p>\n<p>&#8220;Der Hund im schwarzen Anzug&#8221; ist ebenfalls ein Symbol daf\u00fcr: helfen, bilden, genau das ist seine eigentliche Botschaft.<\/p>\n<p>Dieses Engagement f\u00fcr Kinder, Bildung und den Schutz der Menschenrechte zieht sich wie ein roter Faden durch das Werk von Ana Mar\u00eda Ospina.<\/p>\n<p>Ihre Projekte spiegeln eine tiefe soziale Verantwortung wider, die sich in klaren und hoffnungsvollen Botschaften f\u00fcr die Zukunft Kolumbiens zeigt.<\/p>\n<h3><span style=\"color: #138a8d;\"><strong>Die visuelle Narration im 21. Jahrhundert<\/strong><\/span><\/h3>\n<p>In einer von digitalen und visuellen Medien dominierten Welt gewinnt die Illustration noch mehr an Bedeutung.<\/p>\n<p>Die F\u00e4higkeit, in einem Augenblick zu kommunizieren, emotional zu ber\u00fchren und Geschichten mit Bildern zu erz\u00e4hlen, ist eine essenzielle Kompetenz.<\/p>\n<figure id=\"attachment_30147\" aria-describedby=\"caption-attachment-30147\" style=\"width: 374px\" class=\"wp-caption alignleft\"><img loading=\"lazy\" decoding=\"async\" class=\"wp-image-30147 size-solkes_horizontal\" src=\"https:\/\/solkes.com\/wp-content\/uploads\/2025\/08\/anamaria-ospina-2504_07-374x601.jpg\" alt=\"Ana Mar\u00eda mientras trabaja\" width=\"374\" height=\"601\" srcset=\"https:\/\/solkes.com\/wp-content\/uploads\/2025\/08\/anamaria-ospina-2504_07-374x601.jpg 374w, https:\/\/solkes.com\/wp-content\/uploads\/2025\/08\/anamaria-ospina-2504_07-187x300.jpg 187w, https:\/\/solkes.com\/wp-content\/uploads\/2025\/08\/anamaria-ospina-2504_07-299x480.jpg 299w, https:\/\/solkes.com\/wp-content\/uploads\/2025\/08\/anamaria-ospina-2504_07.jpg 620w\" sizes=\"(max-width: 374px) 100vw, 374px\" \/><figcaption id=\"caption-attachment-30147\" class=\"wp-caption-text\">Ana Maria Ospina \u00a9 Solkes<\/figcaption><\/figure>\n<p>Ospina versteht das und passt ihre Arbeit neuen Technologien an, ohne dabei die handwerkliche und konzeptuelle Essenz ihrer Werke zu verlieren.<\/p>\n<p>F\u00fcr sie ist das 21. Jahrhundert eine Zeit gro\u00dfer Chancen f\u00fcr Illustrator*innen.<\/p>\n<p>Digitale Plattformen erm\u00f6glichen es, die eigene Arbeit mit einem weltweiten Publikum zu teilen. Sie schaffen zudem die M\u00f6glichkeit, an multidisziplin\u00e4ren Projekten mitzuwirken und neue narrative Formen wie Animation, Augmented Reality oder interaktive B\u00fccher zu erkunden.<\/p>\n<p>Gleichzeitig warnt sie vor den Risiken der \u00dcberexposition und dem Verlust des kritischen Denkens in einer Welt, die mit Bildern \u00fcberflutet ist.<\/p>\n<p>Deshalb bleibt ihre Arbeit im Konzept verankert, basiert auf Recherche und ist dem Publikum verpflichtet.<\/p>\n<p>Jede Illustration ist das Ergebnis eines tiefgr\u00fcndigen Prozesses, in dem Idee, \u00c4sthetik und Inhalt kombiniert werden, um eine bedeutungsvolle Wirkung zu erzielen.<\/p>\n<p>Ihr Werk l\u00e4dt dazu ein, \u00fcber das Oberfl\u00e4chliche hinauszublicken. Durch ihre Kunst verbindet sie uns mit der Biodiversit\u00e4t, der Kultur und den Emotionen, die Kolumbien ausmachen.<\/p>\n<blockquote class=\"td_quote_box td_box_center\">\n<h4><span style=\"font-weight: 400;\">Kunst sollte mehr sein als schneller Konsum. In der digitalen \u00c4ra ist es leicht, sich in der Masse zu verlieren, aber Qualit\u00e4t und Botschaft bleiben das Wichtigste<\/span><\/h4>\n<\/blockquote>\n<p>Sie erinnert uns an die Bedeutung, unser nat\u00fcrliches und kulturelles Erbe zu bewahren und neue Generationen dazu zu erziehen, ihren Lebensraum wertzusch\u00e4tzen.<\/p>\n<p>Ihr einzigartiger Stil, ihr soziales Engagement und ihre Leidenschaft f\u00fcr Bildung machen sie zu einer Schl\u00fcsselfigur f\u00fcr die Gegenwart und Zukunft ihres Landes.<\/p>\n<p>&#8220;Kunst ist eine Br\u00fccke zwischen Generationen und Kulturen. Sie ist eine Sprache, die alle verstehen, die bilden und transformieren kann. Mein Traum ist es, dass meine Illustrationen helfen, ein bewussteres, respektvolleres Land zu gestalten, das mit seiner Identit\u00e4t verbunden ist.&#8221;<\/p>\n<p>In einer Welt, in der Illustration sowohl Dekoration als auch ein kraftvolles Kommunikationsmittel sein kann, w\u00e4hlt Ana Mar\u00eda Ospina, kolumbianische Illustratorin, den Weg des Engagements und der Tiefe. Ihr Werk ist ein lebendiges Zeugnis daf\u00fcr, dass Kunst ein Werkzeug f\u00fcr Wandel, Bildung und Identit\u00e4tsbildung sein kann.<\/p>\n<h3><span style=\"color: #138a8d;\"><strong>Lehre und die Verbindung von Kunst und Wissenschaft<\/strong><\/span><\/h3>\n<p>Ospina beschr\u00e4nkt sich nicht nur auf das Erstellen von Illustrationen: Sie widmet einen Teil ihrer Zeit auch der Ausbildung neuer Generationen von K\u00fcnstler*innen. F\u00fcr sie ist die Lehre eine Erweiterung ihres Bildungsengagements und eine Gelegenheit, den Reichtum zu teilen, der aus der Verbindung von Kunst und Wissenschaft entsteht.<\/p>\n<p>Neben ihrer Arbeit als Illustratorin ist Ana Mar\u00eda Ospina, kolumbianische Illustratorin, Hochschuldozentin in den Bereichen Kinder- und wissenschaftliche Illustration. Die Lehre ist f\u00fcr sie eine unersch\u00f6pfliche Inspirationsquelle und ein Raum, in dem sie weitergeben kann, was sie in vielen Jahren kreativer Arbeit gelernt hat.<\/p>\n<figure id=\"attachment_30196\" aria-describedby=\"caption-attachment-30196\" style=\"width: 965px\" class=\"wp-caption aligncenter\"><img loading=\"lazy\" decoding=\"async\" class=\"wp-image-30196 size-solkes_horizontal\" src=\"https:\/\/solkes.com\/wp-content\/uploads\/2025\/08\/anamaria-ospina-2504_18-965x601.jpg\" alt=\"Ana Mar\u00e1 Ospina, educadora\" width=\"965\" height=\"601\" srcset=\"https:\/\/solkes.com\/wp-content\/uploads\/2025\/08\/anamaria-ospina-2504_18-965x601.jpg 965w, https:\/\/solkes.com\/wp-content\/uploads\/2025\/08\/anamaria-ospina-2504_18-300x187.jpg 300w, https:\/\/solkes.com\/wp-content\/uploads\/2025\/08\/anamaria-ospina-2504_18-768x478.jpg 768w, https:\/\/solkes.com\/wp-content\/uploads\/2025\/08\/anamaria-ospina-2504_18-320x199.jpg 320w, https:\/\/solkes.com\/wp-content\/uploads\/2025\/08\/anamaria-ospina-2504_18.jpg 996w\" sizes=\"(max-width: 965px) 100vw, 965px\" \/><figcaption id=\"caption-attachment-30196\" class=\"wp-caption-text\">Ana Maria Ospina \u00a9 Solkes<\/figcaption><\/figure>\n<p>&#8220;Ich liebe es, Dozentin zu sein. Ich lehre das, was ich selbst lerne, und das motiviert mich, weiter zu forschen. Meine Studierenden inspirieren mich mit ihren Fragen und ihrem frischen Blick&#8221;, sagt sie.<\/p>\n<p>Ihre Lehrt\u00e4tigkeit geht \u00fcber das Vermitteln von Zeichentechniken hinaus: Es geht darum, Sensibilit\u00e4t und kritisches Denken bei den Studierenden zu f\u00f6rdern. F\u00fcr Ospina erm\u00f6glichen die bildenden K\u00fcnste jungen Menschen, ihre Umgebung besser zu verstehen, sich mit ihren Emotionen zu verbinden und Kompetenzen zu entwickeln, die sie in allen Lebensbereichen anwenden k\u00f6nnen.<\/p>\n<h3><span style=\"color: #138a8d;\"><strong>Die Verbindung von Kunst und Wissenschaft in der Lehre<\/strong><\/span><\/h3>\n<p>Ana Mar\u00eda Ospina verbindet Kunst und Wissenschaft auf einzigartige Weise und schafft dadurch nicht nur \u00e4sthetische, sondern auch nachhaltige Lernerfahrungen, die ihre Studierenden dazu bef\u00e4higen, Umweltbewusstsein und kritisches Denken zu entwickeln.<\/p>\n<figure id=\"attachment_30202\" aria-describedby=\"caption-attachment-30202\" style=\"width: 374px\" class=\"wp-caption alignright\"><img loading=\"lazy\" decoding=\"async\" class=\"size-solkes_horizontal wp-image-30202\" src=\"https:\/\/solkes.com\/wp-content\/uploads\/2025\/08\/anamaria-ospina-2504_19-374x601.jpg\" alt=\"\" width=\"374\" height=\"601\" srcset=\"https:\/\/solkes.com\/wp-content\/uploads\/2025\/08\/anamaria-ospina-2504_19-374x601.jpg 374w, https:\/\/solkes.com\/wp-content\/uploads\/2025\/08\/anamaria-ospina-2504_19-187x300.jpg 187w, https:\/\/solkes.com\/wp-content\/uploads\/2025\/08\/anamaria-ospina-2504_19-299x480.jpg 299w, https:\/\/solkes.com\/wp-content\/uploads\/2025\/08\/anamaria-ospina-2504_19.jpg 620w\" sizes=\"(max-width: 374px) 100vw, 374px\" \/><figcaption id=\"caption-attachment-30202\" class=\"wp-caption-text\">Ana Maria Ospina \u00a9 Solkes<\/figcaption><\/figure>\n<p><strong><span style=\"color: #138a8d;\">Laura Viera A.:<\/span><\/strong> Erz\u00e4hl mir ein bisschen dar\u00fcber, Dozentin zu sein.<\/p>\n<p><span style=\"color: #138a8d;\"><strong>Ana Mar\u00eda Ospina:<\/strong><\/span> Nun, Dozentin zu sein begeistert mich. Ich glaube, es ist eine der sch\u00f6nsten Aufgaben, denn ich liebe es, das zu lehren, was ich selbst lerne. Ich bin eine Sch\u00fclerin meiner Gef\u00fchle, dessen, was ich sehe, von allem. Das motiviert mich sehr, das zu vermitteln, was ich empfinde. Es hilft mir, mich selbst besser kennenzulernen, denn wir befinden uns st\u00e4ndig im Wandel. All das zu lehren, was ich beobachte, ist sehr bereichernd.<\/p>\n<p>Schon als Kind hatte sie eine gro\u00dfe Neugier f\u00fcr Biologie und Natur, was sie erkennen lie\u00df, dass Kunst und Wissenschaft sich gegenseitig erg\u00e4nzen.<\/p>\n<p>In ihren Kursen integriert sie oft wissenschaftliche Elemente, wie das Studium von Tier- und Pflanzenarten. Dazu nutzt sie verschiedene Illustrations\u00fcbungen, die Beobachtung und Analyse f\u00f6rdern.<\/p>\n<p>&#8220;Die Natur ist ein Spiegel dessen, wer wir sind. Kindern und Jugendlichen durch Kunst etwas \u00fcber Biodiversit\u00e4t beizubringen, bedeutet, Neugier und Liebe zur Umwelt zu s\u00e4en. Wenn sie die Bedeutung einer Art oder eines \u00d6kosystems verstehen, werden sie zu Verteidiger*innen des Lebens&#8221;, erkl\u00e4rt sie.<\/p>\n<p>Diese Verbindung von Kunst und Wissenschaft schafft nachhaltige Lernerfahrungen. Wenn die Studierenden einen heimischen Vogel oder eine Pflanze illustrieren, lernen sie nicht nur \u00fcber Farbe, Textur und Form, sondern auch \u00fcber Verhalten, Lebensraum und \u00f6kologische Rolle.<\/p>\n<figure id=\"attachment_30159\" aria-describedby=\"caption-attachment-30159\" style=\"width: 965px\" class=\"wp-caption aligncenter\"><img loading=\"lazy\" decoding=\"async\" class=\"size-solkes_horizontal wp-image-30159\" src=\"https:\/\/solkes.com\/wp-content\/uploads\/2025\/08\/anamaria-ospina-2504_11-965x601.jpg\" alt=\"\" width=\"965\" height=\"601\" srcset=\"https:\/\/solkes.com\/wp-content\/uploads\/2025\/08\/anamaria-ospina-2504_11-965x601.jpg 965w, https:\/\/solkes.com\/wp-content\/uploads\/2025\/08\/anamaria-ospina-2504_11-300x187.jpg 300w, https:\/\/solkes.com\/wp-content\/uploads\/2025\/08\/anamaria-ospina-2504_11-768x478.jpg 768w, https:\/\/solkes.com\/wp-content\/uploads\/2025\/08\/anamaria-ospina-2504_11-320x199.jpg 320w, https:\/\/solkes.com\/wp-content\/uploads\/2025\/08\/anamaria-ospina-2504_11.jpg 996w\" sizes=\"(max-width: 965px) 100vw, 965px\" \/><figcaption id=\"caption-attachment-30159\" class=\"wp-caption-text\">Ana Maria Ospina \u00a9 Solkes<\/figcaption><\/figure>\n<p>Solche dynamischen Prozesse wecken ein echtes Interesse an Umweltschutz.<\/p>\n<p>Die Lehrt\u00e4tigkeit hat Ospina auch geholfen, ihren eigenen kreativen Prozess zu reflektieren. Indem sie erkl\u00e4rt, wie sie ein Projekt angeht, analysiert sie ihre St\u00e4rken und Herausforderungen, was ihr professionelles Wachstum f\u00f6rdert. Dar\u00fcber hinaus sch\u00e4tzt sie den st\u00e4ndigen Austausch mit ihren Studierenden, die sie mit neuen Perspektiven und Trends bereichern.<\/p>\n<p>&#8220;Meine Studierenden erinnern mich daran, dass Kunst keine Grenzen kennt. Jede Generation bringt neue Sichtweisen auf die Welt mit, und das treibt mich an, weiter zu innovieren&#8221;, betont sie.<\/p>\n<p>Durch ihre Lehrt\u00e4tigkeit tr\u00e4gt Ospina zur Ausbildung k\u00fcnftiger Illustratorinnen, Wissenschaftlerinnen und visueller Kommunikator*innen bei, die das Potenzial der Kunst als Werkzeug f\u00fcr sozialen Wandel verstehen.<\/p>\n<p>Auf diese Weise geht ihr Einfluss weit \u00fcber ihre pers\u00f6nlichen Projekte hinaus. In ihren Kursen pflanzt sie Samen in Studierende, die eines Tages Kunst und Wissenschaft zu neuen Horizonten f\u00fchren werden und dabei die Verbindung lebendig halten, die Lernen und Gesellschaft bereichert.<\/p>\n<h3><strong><span style=\"color: #1388ad;\">Kolumbianische Identit\u00e4t und ihre Wurzeln<\/span><\/strong><\/h3>\n<p>Wenn man \u00fcber die Arbeit von Ana Mar\u00eda kolumbianische Illustratorin spricht, spricht man \u00fcber Identit\u00e4t. Ihr Werk ist tief in den Traditionen, Landschaften und der kulturellen Vielfalt Kolumbiens verwurzelt.<\/p>\n<figure id=\"attachment_30176\" aria-describedby=\"caption-attachment-30176\" style=\"width: 374px\" class=\"wp-caption alignleft\"><img loading=\"lazy\" decoding=\"async\" class=\"size-solkes_horizontal wp-image-30176\" src=\"https:\/\/solkes.com\/wp-content\/uploads\/2025\/08\/anamaria-ospina-2504_17-374x601.jpg\" alt=\"\" width=\"374\" height=\"601\" srcset=\"https:\/\/solkes.com\/wp-content\/uploads\/2025\/08\/anamaria-ospina-2504_17-374x601.jpg 374w, https:\/\/solkes.com\/wp-content\/uploads\/2025\/08\/anamaria-ospina-2504_17-187x300.jpg 187w, https:\/\/solkes.com\/wp-content\/uploads\/2025\/08\/anamaria-ospina-2504_17-299x480.jpg 299w, https:\/\/solkes.com\/wp-content\/uploads\/2025\/08\/anamaria-ospina-2504_17.jpg 620w\" sizes=\"(max-width: 374px) 100vw, 374px\" \/><figcaption id=\"caption-attachment-30176\" class=\"wp-caption-text\">Ana Maria Ospina \u00a9 Solkes<\/figcaption><\/figure>\n<p>F\u00fcr sie ist Kunst eine M\u00f6glichkeit, zu erz\u00e4hlen, wer wir sind, und allt\u00e4gliche Geschichten sichtbar zu machen, die das soziale Gef\u00fcge des Landes formen.<\/p>\n<p>Das kolumbianische Territorium ist Ospinas gr\u00f6\u00dfte Inspirationsquelle.<\/p>\n<p>Durch Reisen in verschiedene Regionen kann sie Details des Alltagslebens beobachten, die sie sp\u00e4ter in ihre Illustrationen einflie\u00dfen l\u00e4sst:<\/p>\n<p>\u201eKolumbien ist Biodiversit\u00e4t, kulturelle Vielfalt und Resilienz. Mich inspiriert alles \u2013 von der Empanada-Verk\u00e4uferin bis zu den Klimawechseln und der Musik, wenn man durch das Land reist. In zwei Stunden kann man in einer v\u00f6llig anderen Landschaft sein \u2013 das ist faszinierend.\u201c<\/p>\n<p>Diese enge Verbindung zur Heimat zeigt sich in ihrer bewussten Entscheidung, heimische Flora und Fauna darzustellen \u2013 anstelle exotischer Tiere aus anderen Regionen.<\/p>\n<p>Ihr Ziel ist es, dass Kinder ihr eigenes Land in den B\u00fcchern, die sie lesen, wiedererkennen.<\/p>\n<p>Ospina ist \u00fcberzeugt: Wenn sich Leser:innen mit den Bildern identifizieren, wird ihr Zugeh\u00f6rigkeitsgef\u00fchl gest\u00e4rkt und die Liebe zur eigenen Umgebung gef\u00f6rdert.<\/p>\n<h3><span style=\"color: #1388ad;\"><strong>Internationale Ausstrahlung und kulturelles Selbstbewusstsein<\/strong><\/span><\/h3>\n<p>Gleichzeitig hat die Ana Mar\u00eda kolumbianische Illustratorin in den letzten Jahren auch eine internationale Dimension erreicht.<\/p>\n<p>Ihre Illustrationen wurden bereits in anderen L\u00e4ndern Lateinamerikas und Europas ver\u00f6ffentlicht \u2013 dadurch hat sich ihre Botschaft \u00fcber Landesgrenzen hinweg verbreitet.<\/p>\n<figure id=\"attachment_30150\" aria-describedby=\"caption-attachment-30150\" style=\"width: 374px\" class=\"wp-caption alignright\"><img loading=\"lazy\" decoding=\"async\" class=\"size-solkes_horizontal wp-image-30150\" src=\"https:\/\/solkes.com\/wp-content\/uploads\/2025\/08\/anamaria-ospina-2504_08-374x601.jpg\" alt=\"\" width=\"374\" height=\"601\" srcset=\"https:\/\/solkes.com\/wp-content\/uploads\/2025\/08\/anamaria-ospina-2504_08-374x601.jpg 374w, https:\/\/solkes.com\/wp-content\/uploads\/2025\/08\/anamaria-ospina-2504_08-187x300.jpg 187w, https:\/\/solkes.com\/wp-content\/uploads\/2025\/08\/anamaria-ospina-2504_08-299x480.jpg 299w, https:\/\/solkes.com\/wp-content\/uploads\/2025\/08\/anamaria-ospina-2504_08.jpg 620w\" sizes=\"(max-width: 374px) 100vw, 374px\" \/><figcaption id=\"caption-attachment-30150\" class=\"wp-caption-text\">Ana Maria Ospina \u00a9 Solkes<\/figcaption><\/figure>\n<p>Derzeit arbeitet sie mit dem kolumbianischen F\u00f6rderprogramm \u201eFondo Emprender\u201c an der Entwicklung illustrierter Produkte, die den internationalen Markt erreichen sollen \u2013 ohne jedoch die lokale Essenz zu verlieren, die ihr Werk ausmacht.<\/p>\n<p>\u201eMein Ziel ist es, das, was wir als Land sind, in andere Teile der Welt zu bringen. Ich m\u00f6chte, dass Menschen, die meine Illustrationen sehen, diese W\u00e4rme, Vielfalt und Energie sp\u00fcren, die Kolumbien ausmacht\u201c, erkl\u00e4rt die Ana Mar\u00eda kolumbianische Illustratorin.<\/p>\n<p>Der internationale Erfolg hat ihr Engagement f\u00fcr kulturelle Identit\u00e4t nicht geschm\u00e4lert \u2013 im Gegenteil: Er hat ihr die M\u00f6glichkeit gegeben, den kulturellen Reichtum Kolumbiens sichtbar zu machen und das Land als Referenz in den Bereichen Kinder-, Wissenschafts- und Sozialillustration zu positionieren.<\/p>\n<p>In einer globalisierten Welt, in der visuelle Narrative oft vereinheitlicht werden, beweist Ospina, dass Kunst mit starken Wurzeln T\u00fcren \u00f6ffnen und interkulturelle Dialoge f\u00f6rdern kann.<\/p>\n<p>Ihre Arbeit erinnert uns daran, dass Identit\u00e4t ein wertvolles Gut ist \u2013 und dass ihre Darstellung in der Welt Br\u00fccken des Verst\u00e4ndnisses und des Respekts zwischen Kulturen bauen kann.<\/p>\n<h3><span style=\"color: #138a8d;\"><strong>Schlussfolgerung<\/strong><\/span><\/h3>\n<p>Ana Mar\u00eda kolumbianische Illustratorin hat gezeigt, dass Kunst weit mehr ist als nur \u00e4sthetischer Ausdruck. Sie hat bewiesen, dass sie ein Bildungs-, Sozial- und Kulturerlebnis sein kann, das unsere Sichtweise auf die Welt ver\u00e4ndert.<\/p>\n<p>Ihr Werk ist eine Br\u00fccke zwischen Generationen, Disziplinen und Regionen. Es vereint die emotionale Kraft der Erz\u00e4hlung mit der Pr\u00e4zision der Wissenschaft und der St\u00e4rke kultureller Identit\u00e4t. Jede ihrer Illustrationen verfolgt ein Ziel, das \u00fcber das Bild hinausgeht.<\/p>\n<figure id=\"attachment_30199\" aria-describedby=\"caption-attachment-30199\" style=\"width: 965px\" class=\"wp-caption aligncenter\"><img loading=\"lazy\" decoding=\"async\" class=\"size-solkes_horizontal wp-image-30199\" src=\"https:\/\/solkes.com\/wp-content\/uploads\/2025\/08\/anamaria-ospina-2504_20-965x601.jpg\" alt=\"\" width=\"965\" height=\"601\" srcset=\"https:\/\/solkes.com\/wp-content\/uploads\/2025\/08\/anamaria-ospina-2504_20-965x601.jpg 965w, https:\/\/solkes.com\/wp-content\/uploads\/2025\/08\/anamaria-ospina-2504_20-300x187.jpg 300w, https:\/\/solkes.com\/wp-content\/uploads\/2025\/08\/anamaria-ospina-2504_20-768x478.jpg 768w, https:\/\/solkes.com\/wp-content\/uploads\/2025\/08\/anamaria-ospina-2504_20-320x199.jpg 320w, https:\/\/solkes.com\/wp-content\/uploads\/2025\/08\/anamaria-ospina-2504_20.jpg 996w\" sizes=\"(max-width: 965px) 100vw, 965px\" \/><figcaption id=\"caption-attachment-30199\" class=\"wp-caption-text\">Ana Maria Ospina \u00a9 Solkes<\/figcaption><\/figure>\n<p>In ihren Projekten zeigt sich ein tiefes Engagement f\u00fcr Bildung und f\u00fcr Kolumbien \u2013 ein Land, das ebenso vielf\u00e4ltig wie komplex ist.<\/p>\n<p>Ospina dokumentiert nicht nur Biodiversit\u00e4t und soziale Realit\u00e4ten \u2013 sie l\u00e4dt dazu ein, sie wertzusch\u00e4tzen und zu sch\u00fctzen. Ihre Arbeit mit Gemeinschaften, Institutionen und Verlagen zeigt, dass Kunst selbst entlegene Orte erreichen und dort bleibende Spuren hinterlassen kann.<\/p>\n<figure id=\"attachment_30214\" aria-describedby=\"caption-attachment-30214\" style=\"width: 374px\" class=\"wp-caption alignright\"><img loading=\"lazy\" decoding=\"async\" class=\"size-solkes_horizontal wp-image-30214\" src=\"https:\/\/solkes.com\/wp-content\/uploads\/2025\/08\/anamaria-ospina-2504_15-1-374x601.jpg\" alt=\"\" width=\"374\" height=\"601\" srcset=\"https:\/\/solkes.com\/wp-content\/uploads\/2025\/08\/anamaria-ospina-2504_15-1-374x601.jpg 374w, https:\/\/solkes.com\/wp-content\/uploads\/2025\/08\/anamaria-ospina-2504_15-1-187x300.jpg 187w, https:\/\/solkes.com\/wp-content\/uploads\/2025\/08\/anamaria-ospina-2504_15-1-299x480.jpg 299w, https:\/\/solkes.com\/wp-content\/uploads\/2025\/08\/anamaria-ospina-2504_15-1.jpg 620w\" sizes=\"(max-width: 374px) 100vw, 374px\" \/><figcaption id=\"caption-attachment-30214\" class=\"wp-caption-text\">Ana Maria Ospina \u00a9 Solkes<\/figcaption><\/figure>\n<p>Dar\u00fcber hinaus vervielfacht ihre Rolle als Dozentin diesen Einfluss. Jede:r Studierende, der ihre Kurse besucht, entwickelt ein tieferes Verst\u00e4ndnis von Kunst und von der Verantwortung, die mit kreativem Schaffen einhergeht.<\/p>\n<p>So tr\u00e4gt Ospina zur Ausbildung neuer K\u00fcnstler:innen bei \u2013 Menschen, die f\u00e4hig sind, kritisch zu hinterfragen, zu lehren und zu transformieren.<\/p>\n<p>Dass sie internationale Anerkennung gefunden hat, ist kein Zufall. Ihr Werk ist fest in der kolumbianischen Identit\u00e4t verwurzelt \u2013 das verleiht ihm in der globalisierten Welt eine besondere St\u00e4rke. In einer Zeit, in der visuelle Ausdrucksformen oft vereinheitlicht werden, zeigt sie, dass das Lokale universell sein kann \u2013 wenn es authentisch kommuniziert wird.<\/p>\n<p><span style=\"color: #138a8d;\">A<span style=\"color: #000000;\">na Mar\u00eda kolumbianische Illustratorin<\/span><\/span>\u00a0ist letztlich eine Geschichtenerz\u00e4hlerin durch Bilder. Ihr Verm\u00e4chtnis entsteht in jedem Buch, jedem Plakat, jedem Comic und in jeder unterrichteten Stunde. Sie erinnert uns daran, dass Kunst \u2013 wenn sie mit Liebe, Wissen und Zielstrebigkeit geschaffen wird \u2013 die Kraft hat, Menschen zu inspirieren und Ver\u00e4nderungen anzusto\u00dfen, die Generationen \u00fcberdauern.<\/p>\n","protected":false},"excerpt":{"rendered":"<p>Im Bereich der zeitgen\u00f6ssischen Illustration schaffen es nur wenige K\u00fcnstlerinnen, Wissenschaft, Kindheit und kulturelle Identit\u00e4t so tiefgr\u00fcndig zu verbinden wie Ana Mar\u00eda, kolumbianische Illustratorin Ana Mar\u00eda Ospina. Ana Mar\u00eda ist die Sch\u00f6pferin von El Perro de Traje Negro. Ihr Stil ist narrativ und reich an Symbolen, wodurch sie Leserinnen und Leser mit der Biodiversit\u00e4t und [&hellip;]<\/p>\n","protected":false},"author":76,"featured_media":30201,"comment_status":"open","ping_status":"open","sticky":false,"template":"","format":"standard","meta":{"_acf_changed":false,"_exactmetrics_skip_tracking":false,"_exactmetrics_sitenote_active":false,"_exactmetrics_sitenote_note":"","_exactmetrics_sitenote_category":0,"site-sidebar-layout":"default","site-content-layout":"default","ast-site-content-layout":"default","site-content-style":"default","site-sidebar-style":"default","ast-global-header-display":"","ast-banner-title-visibility":"","ast-main-header-display":"","ast-hfb-above-header-display":"","ast-hfb-below-header-display":"","ast-hfb-mobile-header-display":"","site-post-title":"","ast-breadcrumbs-content":"","ast-featured-img":"","footer-sml-layout":"","theme-transparent-header-meta":"default","adv-header-id-meta":"","stick-header-meta":"","header-above-stick-meta":"","header-main-stick-meta":"","header-below-stick-meta":"","astra-migrate-meta-layouts":"default","ast-page-background-enabled":"default","ast-page-background-meta":{"desktop":{"background-color":"","background-image":"","background-repeat":"repeat","background-position":"center center","background-size":"auto","background-attachment":"scroll","background-type":"","background-media":"","overlay-type":"","overlay-color":"","overlay-opacity":"","overlay-gradient":""},"tablet":{"background-color":"","background-image":"","background-repeat":"repeat","background-position":"center center","background-size":"auto","background-attachment":"scroll","background-type":"","background-media":"","overlay-type":"","overlay-color":"","overlay-opacity":"","overlay-gradient":""},"mobile":{"background-color":"","background-image":"","background-repeat":"repeat","background-position":"center center","background-size":"auto","background-attachment":"scroll","background-type":"","background-media":"","overlay-type":"","overlay-color":"","overlay-opacity":"","overlay-gradient":""}},"ast-content-background-meta":{"desktop":{"background-color":"var(--ast-global-color-5)","background-image":"","background-repeat":"repeat","background-position":"center center","background-size":"auto","background-attachment":"scroll","background-type":"","background-media":"","overlay-type":"","overlay-color":"","overlay-opacity":"","overlay-gradient":""},"tablet":{"background-color":"var(--ast-global-color-5)","background-image":"","background-repeat":"repeat","background-position":"center center","background-size":"auto","background-attachment":"scroll","background-type":"","background-media":"","overlay-type":"","overlay-color":"","overlay-opacity":"","overlay-gradient":""},"mobile":{"background-color":"var(--ast-global-color-5)","background-image":"","background-repeat":"repeat","background-position":"center center","background-size":"auto","background-attachment":"scroll","background-type":"","background-media":"","overlay-type":"","overlay-color":"","overlay-opacity":"","overlay-gradient":""}},"footnotes":""},"categories":[2934],"tags":[],"class_list":["post-30249","post","type-post","status-publish","format-standard","has-post-thumbnail","hentry","category-der-verschluss"],"acf":[],"yoast_head":"<!-- This site is optimized with the Yoast SEO plugin v27.4 - https:\/\/yoast.com\/product\/yoast-seo-wordpress\/ -->\n<title>Ana Mar\u00eda, kolumbianische Illustratorin: Kreativit\u00e4t trifft Bildung - Solkes Magazine<\/title>\n<meta name=\"description\" content=\"Illustratorin Ana Mar\u00eda Ospina aus Kolumbien verbindet Kunst, Bildung und Identit\u00e4t, um Kolumbiens Kultur weltweit sichtbar zu machen.\" \/>\n<meta name=\"robots\" content=\"index, follow, max-snippet:-1, max-image-preview:large, max-video-preview:-1\" \/>\n<link rel=\"canonical\" href=\"https:\/\/solkes.com\/el-obturador\/2025\/08\/ana-maria-ospina-ilustradora-colombiana\/\" \/>\n<meta property=\"og:locale\" content=\"de_DE\" \/>\n<meta property=\"og:type\" content=\"article\" \/>\n<meta property=\"og:title\" content=\"Ana Mar\u00eda, kolumbianische Illustratorin: Kreativit\u00e4t trifft Bildung - Solkes Magazine\" \/>\n<meta property=\"og:description\" content=\"Illustratorin Ana Mar\u00eda Ospina aus Kolumbien verbindet Kunst, Bildung und Identit\u00e4t, um Kolumbiens Kultur weltweit sichtbar zu machen.\" \/>\n<meta property=\"og:url\" content=\"https:\/\/solkes.com\/el-obturador\/2025\/08\/ana-maria-ospina-ilustradora-colombiana\/\" \/>\n<meta property=\"og:site_name\" content=\"Solkes Magazine\" \/>\n<meta property=\"article:publisher\" content=\"https:\/\/www.facebook.com\/solkesmagazinee\/\" \/>\n<meta property=\"article:published_time\" content=\"2025-08-13T09:00:12+00:00\" \/>\n<meta property=\"og:image\" content=\"https:\/\/solkes.com\/wp-content\/uploads\/2025\/08\/anamaria-ospina-2504_20.jpg\" \/>\n\t<meta property=\"og:image:width\" content=\"996\" \/>\n\t<meta property=\"og:image:height\" content=\"620\" \/>\n\t<meta property=\"og:image:type\" content=\"image\/jpeg\" \/>\n<meta name=\"author\" content=\"Laura Viera A.\" \/>\n<meta name=\"twitter:card\" content=\"summary_large_image\" \/>\n<meta name=\"twitter:label1\" content=\"Verfasst von\" \/>\n\t<meta name=\"twitter:data1\" content=\"Laura Viera A.\" \/>\n\t<meta name=\"twitter:label2\" content=\"Gesch\u00e4tzte Lesezeit\" \/>\n\t<meta name=\"twitter:data2\" content=\"22\u00a0Minuten\" \/>\n<script type=\"application\/ld+json\" class=\"yoast-schema-graph\">{\"@context\":\"https:\\\/\\\/schema.org\",\"@graph\":[{\"@type\":\"Article\",\"@id\":\"https:\\\/\\\/solkes.com\\\/el-obturador\\\/2025\\\/08\\\/ana-maria-ospina-ilustradora-colombiana\\\/#article\",\"isPartOf\":{\"@id\":\"https:\\\/\\\/solkes.com\\\/el-obturador\\\/2025\\\/08\\\/ana-maria-ospina-ilustradora-colombiana\\\/\"},\"author\":{\"name\":\"Laura Viera A.\",\"@id\":\"https:\\\/\\\/solkes.com\\\/#\\\/schema\\\/person\\\/54684f1c0bebcaff4d6b3f1ec2e71e91\"},\"headline\":\"Ana Mar\u00eda, kolumbianische Illustratorin: Kreativit\u00e4t trifft Bildung\",\"datePublished\":\"2025-08-13T09:00:12+00:00\",\"mainEntityOfPage\":{\"@id\":\"https:\\\/\\\/solkes.com\\\/el-obturador\\\/2025\\\/08\\\/ana-maria-ospina-ilustradora-colombiana\\\/\"},\"wordCount\":4268,\"commentCount\":0,\"publisher\":{\"@id\":\"https:\\\/\\\/solkes.com\\\/#organization\"},\"image\":{\"@id\":\"https:\\\/\\\/solkes.com\\\/el-obturador\\\/2025\\\/08\\\/ana-maria-ospina-ilustradora-colombiana\\\/#primaryimage\"},\"thumbnailUrl\":\"https:\\\/\\\/solkes.com\\\/wp-content\\\/uploads\\\/2025\\\/08\\\/anamaria-ospina-2504_20.jpg\",\"articleSection\":[\"Der Verschluss\"],\"inLanguage\":\"de\",\"potentialAction\":[{\"@type\":\"CommentAction\",\"name\":\"Comment\",\"target\":[\"https:\\\/\\\/solkes.com\\\/el-obturador\\\/2025\\\/08\\\/ana-maria-ospina-ilustradora-colombiana\\\/#respond\"]}]},{\"@type\":\"WebPage\",\"@id\":\"https:\\\/\\\/solkes.com\\\/el-obturador\\\/2025\\\/08\\\/ana-maria-ospina-ilustradora-colombiana\\\/\",\"url\":\"https:\\\/\\\/solkes.com\\\/el-obturador\\\/2025\\\/08\\\/ana-maria-ospina-ilustradora-colombiana\\\/\",\"name\":\"Ana Mar\u00eda, kolumbianische Illustratorin: Kreativit\u00e4t trifft Bildung - Solkes Magazine\",\"isPartOf\":{\"@id\":\"https:\\\/\\\/solkes.com\\\/#website\"},\"primaryImageOfPage\":{\"@id\":\"https:\\\/\\\/solkes.com\\\/el-obturador\\\/2025\\\/08\\\/ana-maria-ospina-ilustradora-colombiana\\\/#primaryimage\"},\"image\":{\"@id\":\"https:\\\/\\\/solkes.com\\\/el-obturador\\\/2025\\\/08\\\/ana-maria-ospina-ilustradora-colombiana\\\/#primaryimage\"},\"thumbnailUrl\":\"https:\\\/\\\/solkes.com\\\/wp-content\\\/uploads\\\/2025\\\/08\\\/anamaria-ospina-2504_20.jpg\",\"datePublished\":\"2025-08-13T09:00:12+00:00\",\"description\":\"Illustratorin Ana Mar\u00eda Ospina aus Kolumbien verbindet Kunst, Bildung und Identit\u00e4t, um Kolumbiens Kultur weltweit sichtbar zu machen.\",\"breadcrumb\":{\"@id\":\"https:\\\/\\\/solkes.com\\\/el-obturador\\\/2025\\\/08\\\/ana-maria-ospina-ilustradora-colombiana\\\/#breadcrumb\"},\"inLanguage\":\"de\",\"potentialAction\":[{\"@type\":\"ReadAction\",\"target\":[\"https:\\\/\\\/solkes.com\\\/el-obturador\\\/2025\\\/08\\\/ana-maria-ospina-ilustradora-colombiana\\\/\"]}]},{\"@type\":\"ImageObject\",\"inLanguage\":\"de\",\"@id\":\"https:\\\/\\\/solkes.com\\\/el-obturador\\\/2025\\\/08\\\/ana-maria-ospina-ilustradora-colombiana\\\/#primaryimage\",\"url\":\"https:\\\/\\\/solkes.com\\\/wp-content\\\/uploads\\\/2025\\\/08\\\/anamaria-ospina-2504_20.jpg\",\"contentUrl\":\"https:\\\/\\\/solkes.com\\\/wp-content\\\/uploads\\\/2025\\\/08\\\/anamaria-ospina-2504_20.jpg\",\"width\":996,\"height\":620,\"caption\":\"Ana Maria Ospina \u00a9 Solkes\"},{\"@type\":\"BreadcrumbList\",\"@id\":\"https:\\\/\\\/solkes.com\\\/el-obturador\\\/2025\\\/08\\\/ana-maria-ospina-ilustradora-colombiana\\\/#breadcrumb\",\"itemListElement\":[{\"@type\":\"ListItem\",\"position\":1,\"name\":\"Portada\",\"item\":\"https:\\\/\\\/solkes.com\\\/\"},{\"@type\":\"ListItem\",\"position\":2,\"name\":\"Ana Mar\u00eda, kolumbianische Illustratorin: Kreativit\u00e4t trifft Bildung\"}]},{\"@type\":\"WebSite\",\"@id\":\"https:\\\/\\\/solkes.com\\\/#website\",\"url\":\"https:\\\/\\\/solkes.com\\\/\",\"name\":\"Solkes Magazine\",\"description\":\"solkes.com\",\"publisher\":{\"@id\":\"https:\\\/\\\/solkes.com\\\/#organization\"},\"potentialAction\":[{\"@type\":\"SearchAction\",\"target\":{\"@type\":\"EntryPoint\",\"urlTemplate\":\"https:\\\/\\\/solkes.com\\\/?s={search_term_string}\"},\"query-input\":{\"@type\":\"PropertyValueSpecification\",\"valueRequired\":true,\"valueName\":\"search_term_string\"}}],\"inLanguage\":\"de\"},{\"@type\":\"Organization\",\"@id\":\"https:\\\/\\\/solkes.com\\\/#organization\",\"name\":\"Solkes Magazine\",\"url\":\"https:\\\/\\\/solkes.com\\\/\",\"logo\":{\"@type\":\"ImageObject\",\"inLanguage\":\"de\",\"@id\":\"https:\\\/\\\/solkes.com\\\/#\\\/schema\\\/logo\\\/image\\\/\",\"url\":\"https:\\\/\\\/solkes.com\\\/wp-content\\\/uploads\\\/2024\\\/09\\\/logo-SOLKES-820px-x-312px.png\",\"contentUrl\":\"https:\\\/\\\/solkes.com\\\/wp-content\\\/uploads\\\/2024\\\/09\\\/logo-SOLKES-820px-x-312px.png\",\"width\":411,\"height\":303,\"caption\":\"Solkes Magazine\"},\"image\":{\"@id\":\"https:\\\/\\\/solkes.com\\\/#\\\/schema\\\/logo\\\/image\\\/\"},\"sameAs\":[\"https:\\\/\\\/www.facebook.com\\\/solkesmagazinee\\\/\",\"https:\\\/\\\/instagram.com\\\/solkesmagazine\\\/\"]},{\"@type\":\"Person\",\"@id\":\"https:\\\/\\\/solkes.com\\\/#\\\/schema\\\/person\\\/54684f1c0bebcaff4d6b3f1ec2e71e91\",\"name\":\"Laura Viera A.\",\"image\":{\"@type\":\"ImageObject\",\"inLanguage\":\"de\",\"@id\":\"https:\\\/\\\/secure.gravatar.com\\\/avatar\\\/d7b6a8bb956f5279e99babca11ed31351716b19f59e9e3e989847c0ca9e0c5d9?s=96&d=identicon&r=g\",\"url\":\"https:\\\/\\\/secure.gravatar.com\\\/avatar\\\/d7b6a8bb956f5279e99babca11ed31351716b19f59e9e3e989847c0ca9e0c5d9?s=96&d=identicon&r=g\",\"contentUrl\":\"https:\\\/\\\/secure.gravatar.com\\\/avatar\\\/d7b6a8bb956f5279e99babca11ed31351716b19f59e9e3e989847c0ca9e0c5d9?s=96&d=identicon&r=g\",\"caption\":\"Laura Viera A.\"},\"description\":\"Fundadora y Directora Editorial de Solkes Magazine Es periodista de vocaci\u00f3n y formaci\u00f3n. Estudi\u00f3 Comunicaci\u00f3n Social con \u00e9nfasis en Periodismo en la Pontificia Universidad Javeriana de Bogot\u00e1, Colombia. Desde muy joven sinti\u00f3 una profunda pasi\u00f3n por contar historias, explorar el mundo y dar voz a quienes no la tienen. Su compromiso con los Derechos Humanos ha sido una constante en su trayectoria, participando activamente en proyectos sociales desde temprana edad. Este inter\u00e9s se refleja en el enfoque editorial de Solkes, una revista que prioriza el periodismo independiente, la diversidad cultural y la profundidad narrativa. Laura naci\u00f3 en Bogot\u00e1, vivi\u00f3 tres a\u00f1os en Madrid, Espa\u00f1a, y desde el verano de 2010 reside en Alemania. Esta experiencia multicultural ha enriquecido su perspectiva y ha sido clave para la creaci\u00f3n de una revista triling\u00fce que trasciende fronteras y conecta a lectores de distintas partes del mundo. ******************************************************************************************* Founder and Editorial Director of Solkes Magazine She is a passionate journalist by vocation and training. She studied Mass Communication with an emphasis on Journalism at the Pontificia Universidad Javeriana in Bogot\u00e1, Colombia. From a young age, she was deeply motivated to tell stories, explore the world, and give a voice to those who often go unheard. Her commitment to Human Rights has been a constant throughout her career, actively participating in social projects since early on. This dedication is reflected in Solkes Magazine\u2019s editorial focus on independent journalism, cultural diversity, and in-depth storytelling. Born in Bogot\u00e1, Laura lived in Madrid, Spain for three years, and has been residing in Germany since the summer of 2010. This multicultural experience has enriched her perspective and played a key role in creating a trilingual magazine that transcends borders and connects readers from around the world. ******************************************************************************************* Gr\u00fcnderin und Chefredakteurin von Solkes Magazine Laura Viera ist eine leidenschaftliche Journalistin aus Berufung und Ausbildung. Sie hat Soziale Kommunikation mit Schwerpunkt Journalismus an der Pontificia Universidad Javeriana in Bogot\u00e1, Kolumbien, studiert. Schon in jungen Jahren war sie stark motiviert, Geschichten zu erz\u00e4hlen, die Welt zu erkunden und denen eine Stimme zu geben, die oft ungeh\u00f6rt bleiben. Ihr Engagement f\u00fcr Menschenrechte begleitet sie seit Beginn ihrer Laufbahn. Sie war von Anfang an aktiv an sozialen Projekten beteiligt. Dieses Engagement spiegelt sich auch im redaktionellen Fokus von Solkes Magazine wider, das unabh\u00e4ngigen Journalismus, kulturelle Vielfalt und tiefgr\u00fcndiges Erz\u00e4hlen in den Vordergrund stellt. Geboren in Bogot\u00e1, lebte Laura drei Jahre in Madrid, Spanien, und lebt seit Sommer 2010 in Deutschland. Diese multikulturelle Erfahrung hat ihre Perspektive bereichert und war entscheidend bei der Gr\u00fcndung eines dreisprachigen Magazins, das Grenzen \u00fcberschreitet und Leser weltweit verbindet.\",\"sameAs\":[\"http:\\\/\\\/www.solkes.com\"],\"url\":\"https:\\\/\\\/solkes.com\\\/de\\\/author\\\/lauraviera2019\\\/\"}]}<\/script>\n<!-- \/ Yoast SEO plugin. -->","yoast_head_json":{"title":"Ana Mar\u00eda, kolumbianische Illustratorin: Kreativit\u00e4t trifft Bildung - Solkes Magazine","description":"Illustratorin Ana Mar\u00eda Ospina aus Kolumbien verbindet Kunst, Bildung und Identit\u00e4t, um Kolumbiens Kultur weltweit sichtbar zu machen.","robots":{"index":"index","follow":"follow","max-snippet":"max-snippet:-1","max-image-preview":"max-image-preview:large","max-video-preview":"max-video-preview:-1"},"canonical":"https:\/\/solkes.com\/el-obturador\/2025\/08\/ana-maria-ospina-ilustradora-colombiana\/","og_locale":"de_DE","og_type":"article","og_title":"Ana Mar\u00eda, kolumbianische Illustratorin: Kreativit\u00e4t trifft Bildung - Solkes Magazine","og_description":"Illustratorin Ana Mar\u00eda Ospina aus Kolumbien verbindet Kunst, Bildung und Identit\u00e4t, um Kolumbiens Kultur weltweit sichtbar zu machen.","og_url":"https:\/\/solkes.com\/el-obturador\/2025\/08\/ana-maria-ospina-ilustradora-colombiana\/","og_site_name":"Solkes Magazine","article_publisher":"https:\/\/www.facebook.com\/solkesmagazinee\/","article_published_time":"2025-08-13T09:00:12+00:00","og_image":[{"width":996,"height":620,"url":"https:\/\/solkes.com\/wp-content\/uploads\/2025\/08\/anamaria-ospina-2504_20.jpg","type":"image\/jpeg"}],"author":"Laura Viera A.","twitter_card":"summary_large_image","twitter_misc":{"Verfasst von":"Laura Viera A.","Gesch\u00e4tzte Lesezeit":"22\u00a0Minuten"},"schema":{"@context":"https:\/\/schema.org","@graph":[{"@type":"Article","@id":"https:\/\/solkes.com\/el-obturador\/2025\/08\/ana-maria-ospina-ilustradora-colombiana\/#article","isPartOf":{"@id":"https:\/\/solkes.com\/el-obturador\/2025\/08\/ana-maria-ospina-ilustradora-colombiana\/"},"author":{"name":"Laura Viera A.","@id":"https:\/\/solkes.com\/#\/schema\/person\/54684f1c0bebcaff4d6b3f1ec2e71e91"},"headline":"Ana Mar\u00eda, kolumbianische Illustratorin: Kreativit\u00e4t trifft Bildung","datePublished":"2025-08-13T09:00:12+00:00","mainEntityOfPage":{"@id":"https:\/\/solkes.com\/el-obturador\/2025\/08\/ana-maria-ospina-ilustradora-colombiana\/"},"wordCount":4268,"commentCount":0,"publisher":{"@id":"https:\/\/solkes.com\/#organization"},"image":{"@id":"https:\/\/solkes.com\/el-obturador\/2025\/08\/ana-maria-ospina-ilustradora-colombiana\/#primaryimage"},"thumbnailUrl":"https:\/\/solkes.com\/wp-content\/uploads\/2025\/08\/anamaria-ospina-2504_20.jpg","articleSection":["Der Verschluss"],"inLanguage":"de","potentialAction":[{"@type":"CommentAction","name":"Comment","target":["https:\/\/solkes.com\/el-obturador\/2025\/08\/ana-maria-ospina-ilustradora-colombiana\/#respond"]}]},{"@type":"WebPage","@id":"https:\/\/solkes.com\/el-obturador\/2025\/08\/ana-maria-ospina-ilustradora-colombiana\/","url":"https:\/\/solkes.com\/el-obturador\/2025\/08\/ana-maria-ospina-ilustradora-colombiana\/","name":"Ana Mar\u00eda, kolumbianische Illustratorin: Kreativit\u00e4t trifft Bildung - Solkes Magazine","isPartOf":{"@id":"https:\/\/solkes.com\/#website"},"primaryImageOfPage":{"@id":"https:\/\/solkes.com\/el-obturador\/2025\/08\/ana-maria-ospina-ilustradora-colombiana\/#primaryimage"},"image":{"@id":"https:\/\/solkes.com\/el-obturador\/2025\/08\/ana-maria-ospina-ilustradora-colombiana\/#primaryimage"},"thumbnailUrl":"https:\/\/solkes.com\/wp-content\/uploads\/2025\/08\/anamaria-ospina-2504_20.jpg","datePublished":"2025-08-13T09:00:12+00:00","description":"Illustratorin Ana Mar\u00eda Ospina aus Kolumbien verbindet Kunst, Bildung und Identit\u00e4t, um Kolumbiens Kultur weltweit sichtbar zu machen.","breadcrumb":{"@id":"https:\/\/solkes.com\/el-obturador\/2025\/08\/ana-maria-ospina-ilustradora-colombiana\/#breadcrumb"},"inLanguage":"de","potentialAction":[{"@type":"ReadAction","target":["https:\/\/solkes.com\/el-obturador\/2025\/08\/ana-maria-ospina-ilustradora-colombiana\/"]}]},{"@type":"ImageObject","inLanguage":"de","@id":"https:\/\/solkes.com\/el-obturador\/2025\/08\/ana-maria-ospina-ilustradora-colombiana\/#primaryimage","url":"https:\/\/solkes.com\/wp-content\/uploads\/2025\/08\/anamaria-ospina-2504_20.jpg","contentUrl":"https:\/\/solkes.com\/wp-content\/uploads\/2025\/08\/anamaria-ospina-2504_20.jpg","width":996,"height":620,"caption":"Ana Maria Ospina \u00a9 Solkes"},{"@type":"BreadcrumbList","@id":"https:\/\/solkes.com\/el-obturador\/2025\/08\/ana-maria-ospina-ilustradora-colombiana\/#breadcrumb","itemListElement":[{"@type":"ListItem","position":1,"name":"Portada","item":"https:\/\/solkes.com\/"},{"@type":"ListItem","position":2,"name":"Ana Mar\u00eda, kolumbianische Illustratorin: Kreativit\u00e4t trifft Bildung"}]},{"@type":"WebSite","@id":"https:\/\/solkes.com\/#website","url":"https:\/\/solkes.com\/","name":"Solkes Magazine","description":"solkes.com","publisher":{"@id":"https:\/\/solkes.com\/#organization"},"potentialAction":[{"@type":"SearchAction","target":{"@type":"EntryPoint","urlTemplate":"https:\/\/solkes.com\/?s={search_term_string}"},"query-input":{"@type":"PropertyValueSpecification","valueRequired":true,"valueName":"search_term_string"}}],"inLanguage":"de"},{"@type":"Organization","@id":"https:\/\/solkes.com\/#organization","name":"Solkes Magazine","url":"https:\/\/solkes.com\/","logo":{"@type":"ImageObject","inLanguage":"de","@id":"https:\/\/solkes.com\/#\/schema\/logo\/image\/","url":"https:\/\/solkes.com\/wp-content\/uploads\/2024\/09\/logo-SOLKES-820px-x-312px.png","contentUrl":"https:\/\/solkes.com\/wp-content\/uploads\/2024\/09\/logo-SOLKES-820px-x-312px.png","width":411,"height":303,"caption":"Solkes Magazine"},"image":{"@id":"https:\/\/solkes.com\/#\/schema\/logo\/image\/"},"sameAs":["https:\/\/www.facebook.com\/solkesmagazinee\/","https:\/\/instagram.com\/solkesmagazine\/"]},{"@type":"Person","@id":"https:\/\/solkes.com\/#\/schema\/person\/54684f1c0bebcaff4d6b3f1ec2e71e91","name":"Laura Viera A.","image":{"@type":"ImageObject","inLanguage":"de","@id":"https:\/\/secure.gravatar.com\/avatar\/d7b6a8bb956f5279e99babca11ed31351716b19f59e9e3e989847c0ca9e0c5d9?s=96&d=identicon&r=g","url":"https:\/\/secure.gravatar.com\/avatar\/d7b6a8bb956f5279e99babca11ed31351716b19f59e9e3e989847c0ca9e0c5d9?s=96&d=identicon&r=g","contentUrl":"https:\/\/secure.gravatar.com\/avatar\/d7b6a8bb956f5279e99babca11ed31351716b19f59e9e3e989847c0ca9e0c5d9?s=96&d=identicon&r=g","caption":"Laura Viera A."},"description":"Fundadora y Directora Editorial de Solkes Magazine Es periodista de vocaci\u00f3n y formaci\u00f3n. Estudi\u00f3 Comunicaci\u00f3n Social con \u00e9nfasis en Periodismo en la Pontificia Universidad Javeriana de Bogot\u00e1, Colombia. Desde muy joven sinti\u00f3 una profunda pasi\u00f3n por contar historias, explorar el mundo y dar voz a quienes no la tienen. Su compromiso con los Derechos Humanos ha sido una constante en su trayectoria, participando activamente en proyectos sociales desde temprana edad. Este inter\u00e9s se refleja en el enfoque editorial de Solkes, una revista que prioriza el periodismo independiente, la diversidad cultural y la profundidad narrativa. Laura naci\u00f3 en Bogot\u00e1, vivi\u00f3 tres a\u00f1os en Madrid, Espa\u00f1a, y desde el verano de 2010 reside en Alemania. Esta experiencia multicultural ha enriquecido su perspectiva y ha sido clave para la creaci\u00f3n de una revista triling\u00fce que trasciende fronteras y conecta a lectores de distintas partes del mundo. ******************************************************************************************* Founder and Editorial Director of Solkes Magazine She is a passionate journalist by vocation and training. She studied Mass Communication with an emphasis on Journalism at the Pontificia Universidad Javeriana in Bogot\u00e1, Colombia. From a young age, she was deeply motivated to tell stories, explore the world, and give a voice to those who often go unheard. Her commitment to Human Rights has been a constant throughout her career, actively participating in social projects since early on. This dedication is reflected in Solkes Magazine\u2019s editorial focus on independent journalism, cultural diversity, and in-depth storytelling. Born in Bogot\u00e1, Laura lived in Madrid, Spain for three years, and has been residing in Germany since the summer of 2010. This multicultural experience has enriched her perspective and played a key role in creating a trilingual magazine that transcends borders and connects readers from around the world. ******************************************************************************************* Gr\u00fcnderin und Chefredakteurin von Solkes Magazine Laura Viera ist eine leidenschaftliche Journalistin aus Berufung und Ausbildung. Sie hat Soziale Kommunikation mit Schwerpunkt Journalismus an der Pontificia Universidad Javeriana in Bogot\u00e1, Kolumbien, studiert. Schon in jungen Jahren war sie stark motiviert, Geschichten zu erz\u00e4hlen, die Welt zu erkunden und denen eine Stimme zu geben, die oft ungeh\u00f6rt bleiben. Ihr Engagement f\u00fcr Menschenrechte begleitet sie seit Beginn ihrer Laufbahn. Sie war von Anfang an aktiv an sozialen Projekten beteiligt. Dieses Engagement spiegelt sich auch im redaktionellen Fokus von Solkes Magazine wider, das unabh\u00e4ngigen Journalismus, kulturelle Vielfalt und tiefgr\u00fcndiges Erz\u00e4hlen in den Vordergrund stellt. Geboren in Bogot\u00e1, lebte Laura drei Jahre in Madrid, Spanien, und lebt seit Sommer 2010 in Deutschland. Diese multikulturelle Erfahrung hat ihre Perspektive bereichert und war entscheidend bei der Gr\u00fcndung eines dreisprachigen Magazins, das Grenzen \u00fcberschreitet und Leser weltweit verbindet.","sameAs":["http:\/\/www.solkes.com"],"url":"https:\/\/solkes.com\/de\/author\/lauraviera2019\/"}]}},"_links":{"self":[{"href":"https:\/\/solkes.com\/de\/wp-json\/wp\/v2\/posts\/30249","targetHints":{"allow":["GET"]}}],"collection":[{"href":"https:\/\/solkes.com\/de\/wp-json\/wp\/v2\/posts"}],"about":[{"href":"https:\/\/solkes.com\/de\/wp-json\/wp\/v2\/types\/post"}],"author":[{"embeddable":true,"href":"https:\/\/solkes.com\/de\/wp-json\/wp\/v2\/users\/76"}],"replies":[{"embeddable":true,"href":"https:\/\/solkes.com\/de\/wp-json\/wp\/v2\/comments?post=30249"}],"version-history":[{"count":14,"href":"https:\/\/solkes.com\/de\/wp-json\/wp\/v2\/posts\/30249\/revisions"}],"predecessor-version":[{"id":30263,"href":"https:\/\/solkes.com\/de\/wp-json\/wp\/v2\/posts\/30249\/revisions\/30263"}],"wp:featuredmedia":[{"embeddable":true,"href":"https:\/\/solkes.com\/de\/wp-json\/wp\/v2\/media\/30201"}],"wp:attachment":[{"href":"https:\/\/solkes.com\/de\/wp-json\/wp\/v2\/media?parent=30249"}],"wp:term":[{"taxonomy":"category","embeddable":true,"href":"https:\/\/solkes.com\/de\/wp-json\/wp\/v2\/categories?post=30249"},{"taxonomy":"post_tag","embeddable":true,"href":"https:\/\/solkes.com\/de\/wp-json\/wp\/v2\/tags?post=30249"}],"curies":[{"name":"wp","href":"https:\/\/api.w.org\/{rel}","templated":true}]}}