{"id":28872,"date":"2021-06-03T11:06:36","date_gmt":"2021-06-03T09:06:36","guid":{"rendered":"https:\/\/solkes.com\/?p=28872"},"modified":"2025-02-04T11:20:21","modified_gmt":"2025-02-04T09:20:21","slug":"ein-goettlicher-ort-namens-el-tuito","status":"publish","type":"post","link":"https:\/\/solkes.com\/de\/weltenbummler\/2021\/06\/ein-goettlicher-ort-namens-el-tuito\/","title":{"rendered":"Ein g\u00f6ttlicher Ort namens El Tuito"},"content":{"rendered":"<p><span style=\"color: #138a8d;\">S<\/span>tell dir vor, du f\u00e4hrst auf der Stra\u00dfe in Richtung der Gemeinde Cabo Corrientes, Jalisco. Du hast gerade Boca de Tomatl\u00e1n und die Botanischen G\u00e4rten von Vallarta passiert. Etwa eine Stunde ist vergangen, seit du Puerto Vallarta verlassen hast. Und dort, gut versteckt, liegt ein Dorf in herbstlichen Farben, dessen Name etymologisch gesehen \u201eg\u00f6ttlicher Ort\u201c bedeutet. Es ist das Dorf El Tuito.<\/p>\n<figure id=\"attachment_13611\" aria-describedby=\"caption-attachment-13611\" style=\"width: 943px\" class=\"wp-caption aligncenter\"><img fetchpriority=\"high\" decoding=\"async\" class=\"size-solkes_horizontal wp-image-13611\" src=\"https:\/\/solkes.com\/wp-content\/uploads\/2021\/06\/Tuito-2106_06.jpg\" alt=\"\" width=\"943\" height=\"601\" srcset=\"https:\/\/solkes.com\/wp-content\/uploads\/2021\/06\/Tuito-2106_06.jpg 943w, https:\/\/solkes.com\/wp-content\/uploads\/2021\/06\/Tuito-2106_06-300x191.jpg 300w, https:\/\/solkes.com\/wp-content\/uploads\/2021\/06\/Tuito-2106_06-768x489.jpg 768w, https:\/\/solkes.com\/wp-content\/uploads\/2021\/06\/Tuito-2106_06-320x204.jpg 320w\" sizes=\"(max-width: 943px) 100vw, 943px\" \/><figcaption id=\"caption-attachment-13611\" class=\"wp-caption-text\">Sandra Cesca \u00a9 Solkes<\/figcaption><\/figure>\n<p>Wie viele L\u00e4nder hat auch Mexiko eine gro\u00dfe Vielfalt an D\u00f6rfern, die eine immense Sch\u00f6nheit besitzen, welche sich meist in ihren Menschen, Traditionen und Br\u00e4uchen widerspiegelt. El Tuito ist eines dieser D\u00f6rfer. Schon allein der Gedanke an seine Bewohner, die gr\u00f6\u00dftenteils \u00e4lteren Alters sind, l\u00e4sst das Herz vor Freude h\u00f6her schlagen, da sie Besucher mit gro\u00dfer Herzlichkeit empfangen.<\/p>\n<h3><span style=\"color: #138a8d;\"><strong>Und El Tuito wurde in sechs Tagen erschaffen&#8230;<\/strong><\/span><\/h3>\n<p>Das w\u00e4re interessant gewesen, aber die Wahrheit ist eine andere. Wie viele andere Gebiete in Mexiko wurde El Tuito von spanischen und portugiesischen Kolonisten am 8. April 1525 gegr\u00fcndet (seit 1844 wird das Gr\u00fcndungsfest am 1. April gefeiert).<\/p>\n<figure id=\"attachment_13607\" aria-describedby=\"caption-attachment-13607\" style=\"width: 943px\" class=\"wp-caption aligncenter\"><img decoding=\"async\" class=\"size-solkes_horizontal wp-image-13607\" src=\"https:\/\/solkes.com\/wp-content\/uploads\/2021\/06\/Tuito-2106_05.jpg\" alt=\"\" width=\"943\" height=\"601\" srcset=\"https:\/\/solkes.com\/wp-content\/uploads\/2021\/06\/Tuito-2106_05.jpg 943w, https:\/\/solkes.com\/wp-content\/uploads\/2021\/06\/Tuito-2106_05-300x191.jpg 300w, https:\/\/solkes.com\/wp-content\/uploads\/2021\/06\/Tuito-2106_05-768x489.jpg 768w, https:\/\/solkes.com\/wp-content\/uploads\/2021\/06\/Tuito-2106_05-320x204.jpg 320w\" sizes=\"(max-width: 943px) 100vw, 943px\" \/><figcaption id=\"caption-attachment-13607\" class=\"wp-caption-text\">Sergio Garc\u00eda \u00a9 Solkes<\/figcaption><\/figure>\n<p>Bis zur Ankunft der Kolonisten wurde die Gegend von den Huicholes und Tecuexes bewohnt. Laut Briefen von Francisco Cort\u00e9s de San Buenaventura, dem Gr\u00fcnder des Ortes und Neffen von Hern\u00e1n Cort\u00e9s, die sich heute im historischen Archiv von Cabo Corrientes, Jalisco, befinden, erfolgte die Kolonisierung der Region ohne Gewalt.<\/p>\n<p>Was war das Geheimnis? Laut ihm reichte es aus, sich mit Tlaxcalteken-Gruppen zu verb\u00fcnden. Es ist erw\u00e4hnenswert, dass der Hauptgrund f\u00fcr das Interesse der Kolonisten an diesem Land die reichlich vorhandenen nat\u00fcrlichen Ressourcen waren.<\/p>\n<p>Ein interessanter Fakt: Viele Einwohner von El Tuito f\u00fchren ihre Freundlichkeit gegen\u00fcber Besuchern darauf zur\u00fcck, dass bei der Gr\u00fcndung des Dorfes keine Gewalt angewendet wurde.<\/p>\n<h3><span style=\"color: #138a8d;\"><strong>Was soll ich mitnehmen: Pullover oder Bermudas?<\/strong><\/span><\/h3>\n<p>Obwohl es in einer bergigen Region liegt, ist ein wirklich winterliches Klima in El Tuito unsicher. Die durchschnittliche Jahrestemperatur betr\u00e4gt 25,6 \u00b0C. \u201eDie vorherrschenden Winde kommen aus nordwestlicher Richtung, und die Regenzeit erstreckt sich von Juni bis September mit einer durchschnittlichen j\u00e4hrlichen Niederschlagsmenge von etwa 878,3 Millimetern.\u201c<\/p>\n<p>Dieses Klima beg\u00fcnstigt das Wachstum von Obstb\u00e4umen wie Mango, Limette, Zitrone, Orange, Guave, Avocado und anderen. Gleichzeitig bietet es einen idealen Lebensraum f\u00fcr Hirsche, Papageien, F\u00fcchse, G\u00fcrteltiere, Waschb\u00e4ren und viele weitere Tiere.<\/p>\n<h3><span style=\"color: #138a8d;\"><strong>Keine Langeweile<\/strong><\/span><\/h3>\n<p>F\u00fcr alle, die El Tuito besuchen, sind die folgenden Orte ein Muss:<\/p>\n<p><strong><span style=\"color: #138a8d;\">1.<\/span><\/strong> Das Kulturzentrum und sein Wandgem\u00e4lde. Hier kann man mehrere Wandbilder bewundern, die die Geschichte von El Tuito und Mexiko darstellen.<\/p>\n<p><strong><span style=\"color: #138a8d;\">2.<\/span><\/strong> Die Pfarrkirche San Pedro Ap\u00f3stol. Sie ist die wichtigste Kirche des Dorfes, nur 50 Meter vom Hauptplatz entfernt, an der Ecke der Stra\u00dfen Jes\u00fas Cervantes und San Pablo R\u00edos. Sie steht seit \u00fcber 200 Jahren dort und verf\u00fcgt \u00fcber einen einzigartigen, beeindruckenden Altar aus Stein sowie eine wundersch\u00f6ne Statue der Jungfrau Maria.<\/p>\n<figure id=\"attachment_13605\" aria-describedby=\"caption-attachment-13605\" style=\"width: 943px\" class=\"wp-caption aligncenter\"><img decoding=\"async\" class=\"size-solkes_horizontal wp-image-13605\" src=\"https:\/\/solkes.com\/wp-content\/uploads\/2021\/06\/Tuito-2106_04.jpg\" alt=\"\" width=\"943\" height=\"601\" srcset=\"https:\/\/solkes.com\/wp-content\/uploads\/2021\/06\/Tuito-2106_04.jpg 943w, https:\/\/solkes.com\/wp-content\/uploads\/2021\/06\/Tuito-2106_04-300x191.jpg 300w, https:\/\/solkes.com\/wp-content\/uploads\/2021\/06\/Tuito-2106_04-768x489.jpg 768w, https:\/\/solkes.com\/wp-content\/uploads\/2021\/06\/Tuito-2106_04-320x204.jpg 320w\" sizes=\"(max-width: 943px) 100vw, 943px\" \/><figcaption id=\"caption-attachment-13605\" class=\"wp-caption-text\">Sergio Garc\u00eda \u00a9 Solkes<\/figcaption><\/figure>\n<p><strong><span style=\"color: #138a8d;\">3. <\/span><\/strong><span style=\"color: #000000;\">Das Museumshaus \u201eEl Patio de Don Alfonso\u201c. Es ist 100 Jahre alt. Falls du zwischen dem 11. und 20. Januar dort bist, solltest du dir die Auff\u00fchrungen traditioneller mexikanischer T\u00e4nze nicht entgehen lassen.<\/span><\/p>\n<figure id=\"attachment_13614\" aria-describedby=\"caption-attachment-13614\" style=\"width: 374px\" class=\"wp-caption alignleft\"><img loading=\"lazy\" decoding=\"async\" class=\"size-solkes_horizontal wp-image-13614\" src=\"https:\/\/solkes.com\/wp-content\/uploads\/2021\/06\/Tuito-2106_03-374x601.jpg\" alt=\"\" width=\"374\" height=\"601\" srcset=\"https:\/\/solkes.com\/wp-content\/uploads\/2021\/06\/Tuito-2106_03-374x601.jpg 374w, https:\/\/solkes.com\/wp-content\/uploads\/2021\/06\/Tuito-2106_03-187x300.jpg 187w, https:\/\/solkes.com\/wp-content\/uploads\/2021\/06\/Tuito-2106_03.jpg 620w, https:\/\/solkes.com\/wp-content\/uploads\/2021\/06\/Tuito-2106_03-299x480.jpg 299w\" sizes=\"(max-width: 374px) 100vw, 374px\" \/><figcaption id=\"caption-attachment-13614\" class=\"wp-caption-text\">Sandra Cesca \u00a9 Solkes<\/figcaption><\/figure>\n<p><strong><span style=\"color: #138a8d;\">4.<\/span><\/strong> B\u00e4ckerei Gallegos. Hier gibt es Kuchen und Brot, die in traditionellen Ziegel\u00f6fen gebacken und mit Holz befeuert werden.<\/p>\n<p><strong><span style=\"color: #138a8d;\">5.<\/span><\/strong> Panela-K\u00e4se und frische Fr\u00fcchte von Do\u00f1a Nilza. Die Gastronomie von El Tuito zeichnet sich durch zwei Hauptzutaten aus: Kuhmilch und die Fr\u00fcchte der Region. Daher sind viele Gerichte \u2013 von Desserts bis hin zu Hauptspeisen \u2013 mit diesen Zutaten zubereitet. Besonders beliebt sind *Jocoque* (ein fermentiertes Milchprodukt) und K\u00e4se, vor allem Panela. Unter all den L\u00e4den, die diese Produkte anbieten, empfehlen Touristen besonders den von \u201eDo\u00f1a Nilza\u201c. Dort kann man nicht nur beobachten, wie der K\u00e4se hergestellt wird, sondern auch wie einige der typischen Desserts des Ortes zubereitet werden.<\/p>\n<p><strong><span style=\"color: #138a8d;\">6.<\/span><\/strong> Der Aussichtspunkt: El Cerrito de la Cruz. Wenn du eine weite Sicht auf El Tuito genie\u00dfen m\u00f6chtest, ist dieser Ort ein Muss. Die Vegetation harmoniert perfekt mit dem Dorf und pr\u00e4sentiert es als ein wahres Kunstwerk.<\/p>\n<p><strong><span style=\"color: #138a8d;\">7.<\/span><\/strong> Der zentrale Platz. Wenn du gerne entspannst und Stra\u00dfenauff\u00fchrungen genie\u00dfen m\u00f6chtest, die an Wochenenden in den Abendstunden stattfinden, dann ist der zentrale Platz genau das Richtige f\u00fcr dich. Es empfiehlt sich, dabei ein Eis zu genie\u00dfen.<\/p>\n<h3><span style=\"color: #138a8d;\"><strong>Und die Feier geht weiter<\/strong><\/span><\/h3>\n<p>Eine typische Eigenschaft Mexikos ist, dass wir f\u00fcr alles eine Feier haben \u2013 und El Tuito macht da keine Ausnahme.<\/p>\n<p>Dieser Ort erwacht besonders w\u00e4hrend seiner traditionellen Feste zum Leben, vor allem w\u00e4hrend der Feierlichkeiten zur mexikanischen Unabh\u00e4ngigkeit (15. September) und im Januar, wenn die Einheimischen der Jungfrau von Guadalupe mit den Volksfesten am 12. Januar ihre Ehre erweisen.<\/p>\n<p>Letzteres Fest dauert neun Tage. W\u00e4hrend dieser Zeit finden sportliche Veranstaltungen, Prozessionen mit T\u00e4nzen, Musik, Blumen, Bannern und Feuerwerken statt. In den letzten drei Tagen werden Tanzveranstaltungen organisiert, und Verkaufsst\u00e4nde werden an den Eing\u00e4ngen der Pfarrkirche aufgebaut. Am letzten Tag wird eine Messe zu Ehren der Jungfrau von Guadalupe gefeiert.<\/p>\n<figure id=\"attachment_13601\" aria-describedby=\"caption-attachment-13601\" style=\"width: 943px\" class=\"wp-caption aligncenter\"><img loading=\"lazy\" decoding=\"async\" class=\"size-solkes_horizontal wp-image-13601\" src=\"https:\/\/solkes.com\/wp-content\/uploads\/2021\/06\/Tuito-2106_02.jpg\" alt=\"\" width=\"943\" height=\"601\" srcset=\"https:\/\/solkes.com\/wp-content\/uploads\/2021\/06\/Tuito-2106_02.jpg 943w, https:\/\/solkes.com\/wp-content\/uploads\/2021\/06\/Tuito-2106_02-300x191.jpg 300w, https:\/\/solkes.com\/wp-content\/uploads\/2021\/06\/Tuito-2106_02-768x489.jpg 768w, https:\/\/solkes.com\/wp-content\/uploads\/2021\/06\/Tuito-2106_02-320x204.jpg 320w\" sizes=\"(max-width: 943px) 100vw, 943px\" \/><figcaption id=\"caption-attachment-13601\" class=\"wp-caption-text\">Marisol Loera \u00a9 Solkes<\/figcaption><\/figure>\n<p>Auch am <span style=\"color: #138a8d;\">1. April<\/span> findet das Fest zur Gr\u00fcndung von El Tuito statt. Dabei werden k\u00fcnstlerische Darbietungen zur Geschichte des Dorfes aufgef\u00fchrt. Es gibt Verkostungen, Wettbewerbe und ein Feuerwerk.<\/p>\n<p>Ein weiteres wichtiges Fest ist der D\u00eda de Muertos, der uns daran erinnert, dass die Familie auch nach dem Tod verbunden bleibt. Es ist \u00fcblich, dass am Vortag Speisen zubereitet werden, um dann mit der Familie auf den Friedhof zu gehen und dort mit dem Verstorbenen zu essen \u2013 wie bei einem Picknick. Zudem teilen viele Familien ihre Speisen mit anderen, was den Gemeinschaftssinn und das Mitgef\u00fchl f\u00fcr den Verlust eines geliebten Menschen st\u00e4rkt.<\/p>\n<p>Nat\u00fcrlich gibt es in El Tuito auch all jene Feierlichkeiten, die in anderen Bundesstaaten Mexikos und sogar weltweit begangen werden, wie Weihnachten oder den Muttertag. Doch El Tuito feiert diese auf eine ganz eigene Weise: Hier steht nicht nur der famili\u00e4re Zusammenhalt im Mittelpunkt, sondern auch die Verbundenheit des ganzen Dorfes. Da die Bev\u00f6lkerung relativ klein ist, entsteht eine enge Gemeinschaft, die sogar Besucher herzlich integriert.<\/p>\n<h3><span style=\"color: #138a8d;\"><strong>Eine Wertsch\u00e4tzung f\u00fcr die kleinen Dinge<\/strong><\/span><\/h3>\n<p>Wie wir gesehen haben, ist El Tuito ein charmantes Dorf, das zwar nicht die offiziellen Kriterien eines \u201ePueblo M\u00e1gico\u201c erf\u00fcllt, aber dennoch bei allen Besuchern eine tiefe Wertsch\u00e4tzung f\u00fcr die kleinen Dinge hinterl\u00e4sst.<\/p>\n<figure id=\"attachment_13609\" aria-describedby=\"caption-attachment-13609\" style=\"width: 374px\" class=\"wp-caption alignright\"><img loading=\"lazy\" decoding=\"async\" class=\"size-solkes_horizontal wp-image-13609\" src=\"https:\/\/solkes.com\/wp-content\/uploads\/2021\/06\/Tuito-2106_01-374x601.jpg\" alt=\"\" width=\"374\" height=\"601\" srcset=\"https:\/\/solkes.com\/wp-content\/uploads\/2021\/06\/Tuito-2106_01-374x601.jpg 374w, https:\/\/solkes.com\/wp-content\/uploads\/2021\/06\/Tuito-2106_01-187x300.jpg 187w, https:\/\/solkes.com\/wp-content\/uploads\/2021\/06\/Tuito-2106_01.jpg 620w, https:\/\/solkes.com\/wp-content\/uploads\/2021\/06\/Tuito-2106_01-299x480.jpg 299w\" sizes=\"(max-width: 374px) 100vw, 374px\" \/><figcaption id=\"caption-attachment-13609\" class=\"wp-caption-text\">Rosario Mendez \u00a9 Solkes<\/figcaption><\/figure>\n<p>Die Hingabe der Einheimischen in allem, was sie tun, ist ansteckend und voller Bewunderung.<\/p>\n<p>Mein m\u00fctterlicher Gro\u00dfvater stammt aus El Tuito und lebt heute in Aguascalientes.<\/p>\n<p>In seinen Erz\u00e4hlungen, in denen seine Heimat die Hauptrolle spielt, spiegelt sich immer eine tiefe Nostalgie f\u00fcr das wider, was einst war.<\/p>\n<p>Dank ihm f\u00fchlte ich mich inspiriert, einen kleinen Ausschnitt dieser gro\u00dfen kleinen Geschichte namens El Tuito zu erz\u00e4hlen.<\/p>\n<p>Eine Geschichte, die vielleicht aufgrund der Bescheidenheit des Ortes verborgen bleibt, aber in den Herzen all jener weiterlebt, die diesen Ort je betreten haben.<\/p>\n<p><span style=\"color: #138a8d;\">U<\/span>nd obwohl die Zeit vergeht, scheint El Tuito sie herauszufordern \u2013 als wolle es f\u00fcr immer in seiner g\u00f6ttlichen Sch\u00f6nheit verharren.<\/p>\n","protected":false},"excerpt":{"rendered":"<p>Stell dir vor, du f\u00e4hrst auf der Stra\u00dfe in Richtung der Gemeinde Cabo Corrientes, Jalisco. Du hast gerade Boca de Tomatl\u00e1n und die Botanischen G\u00e4rten von Vallarta passiert. Etwa eine Stunde ist vergangen, seit du Puerto Vallarta verlassen hast. Und dort, gut versteckt, liegt ein Dorf in herbstlichen Farben, dessen Name etymologisch gesehen \u201eg\u00f6ttlicher Ort\u201c [&hellip;]<\/p>\n","protected":false},"author":102,"featured_media":25021,"comment_status":"open","ping_status":"open","sticky":false,"template":"","format":"standard","meta":{"_acf_changed":false,"_exactmetrics_skip_tracking":false,"_exactmetrics_sitenote_active":false,"_exactmetrics_sitenote_note":"","_exactmetrics_sitenote_category":0,"site-sidebar-layout":"default","site-content-layout":"default","ast-site-content-layout":"default","site-content-style":"default","site-sidebar-style":"default","ast-global-header-display":"","ast-banner-title-visibility":"","ast-main-header-display":"","ast-hfb-above-header-display":"","ast-hfb-below-header-display":"","ast-hfb-mobile-header-display":"","site-post-title":"","ast-breadcrumbs-content":"","ast-featured-img":"","footer-sml-layout":"","theme-transparent-header-meta":"default","adv-header-id-meta":"","stick-header-meta":"","header-above-stick-meta":"","header-main-stick-meta":"","header-below-stick-meta":"","astra-migrate-meta-layouts":"default","ast-page-background-enabled":"default","ast-page-background-meta":{"desktop":{"background-color":"","background-image":"","background-repeat":"repeat","background-position":"center center","background-size":"auto","background-attachment":"scroll","background-type":"","background-media":"","overlay-type":"","overlay-color":"","overlay-opacity":"","overlay-gradient":""},"tablet":{"background-color":"","background-image":"","background-repeat":"repeat","background-position":"center center","background-size":"auto","background-attachment":"scroll","background-type":"","background-media":"","overlay-type":"","overlay-color":"","overlay-opacity":"","overlay-gradient":""},"mobile":{"background-color":"","background-image":"","background-repeat":"repeat","background-position":"center center","background-size":"auto","background-attachment":"scroll","background-type":"","background-media":"","overlay-type":"","overlay-color":"","overlay-opacity":"","overlay-gradient":""}},"ast-content-background-meta":{"desktop":{"background-color":"var(--ast-global-color-5)","background-image":"","background-repeat":"repeat","background-position":"center center","background-size":"auto","background-attachment":"scroll","background-type":"","background-media":"","overlay-type":"","overlay-color":"","overlay-opacity":"","overlay-gradient":""},"tablet":{"background-color":"var(--ast-global-color-5)","background-image":"","background-repeat":"repeat","background-position":"center center","background-size":"auto","background-attachment":"scroll","background-type":"","background-media":"","overlay-type":"","overlay-color":"","overlay-opacity":"","overlay-gradient":""},"mobile":{"background-color":"var(--ast-global-color-5)","background-image":"","background-repeat":"repeat","background-position":"center center","background-size":"auto","background-attachment":"scroll","background-type":"","background-media":"","overlay-type":"","overlay-color":"","overlay-opacity":"","overlay-gradient":""}},"footnotes":""},"categories":[2935],"tags":[],"class_list":["post-28872","post","type-post","status-publish","format-standard","has-post-thumbnail","hentry","category-weltenbummler"],"acf":[],"yoast_head":"<!-- This site is optimized with the Yoast SEO plugin v27.4 - https:\/\/yoast.com\/product\/yoast-seo-wordpress\/ -->\n<title>Ein g\u00f6ttlicher Ort namens El Tuito - Solkes Magazine<\/title>\n<meta name=\"description\" content=\"El Tuito scheint dem Lauf der Zeit zu trotzen, um in der Stille zu verharren und f\u00fcr immer die Sch\u00f6nheit dieses g\u00f6ttlichen Ortes zu bewahren.\" \/>\n<meta name=\"robots\" content=\"index, follow, max-snippet:-1, max-image-preview:large, max-video-preview:-1\" \/>\n<link rel=\"canonical\" href=\"https:\/\/solkes.com\/de\/weltenbummler\/2021\/06\/ein-goettlicher-ort-namens-el-tuito\/\" \/>\n<meta property=\"og:locale\" content=\"de_DE\" \/>\n<meta property=\"og:type\" content=\"article\" \/>\n<meta property=\"og:title\" content=\"Ein g\u00f6ttlicher Ort namens El Tuito - Solkes Magazine\" \/>\n<meta property=\"og:description\" content=\"El Tuito scheint dem Lauf der Zeit zu trotzen, um in der Stille zu verharren und f\u00fcr immer die Sch\u00f6nheit dieses g\u00f6ttlichen Ortes zu bewahren.\" \/>\n<meta property=\"og:url\" content=\"https:\/\/solkes.com\/de\/weltenbummler\/2021\/06\/ein-goettlicher-ort-namens-el-tuito\/\" \/>\n<meta property=\"og:site_name\" content=\"Solkes Magazine\" \/>\n<meta property=\"article:publisher\" content=\"https:\/\/www.facebook.com\/solkesmagazinee\/\" \/>\n<meta property=\"article:published_time\" content=\"2021-06-03T09:06:36+00:00\" \/>\n<meta property=\"article:modified_time\" content=\"2025-02-04T09:20:21+00:00\" \/>\n<meta property=\"og:image\" content=\"https:\/\/solkes.com\/wp-content\/uploads\/2021\/06\/Tuito-2106_06.jpg\" \/>\n\t<meta property=\"og:image:width\" content=\"943\" \/>\n\t<meta property=\"og:image:height\" content=\"601\" \/>\n\t<meta property=\"og:image:type\" content=\"image\/jpeg\" \/>\n<meta name=\"author\" content=\"Guadalupe Vel\u00e1zquez\" \/>\n<meta name=\"twitter:card\" content=\"summary_large_image\" \/>\n<meta name=\"twitter:label1\" content=\"Verfasst von\" \/>\n\t<meta name=\"twitter:data1\" content=\"Guadalupe Vel\u00e1zquez\" \/>\n\t<meta name=\"twitter:label2\" content=\"Gesch\u00e4tzte Lesezeit\" \/>\n\t<meta name=\"twitter:data2\" content=\"7\u00a0Minuten\" \/>\n<script type=\"application\/ld+json\" class=\"yoast-schema-graph\">{\"@context\":\"https:\\\/\\\/schema.org\",\"@graph\":[{\"@type\":\"Article\",\"@id\":\"https:\\\/\\\/solkes.com\\\/de\\\/weltenbummler\\\/2021\\\/06\\\/ein-goettlicher-ort-namens-el-tuito\\\/#article\",\"isPartOf\":{\"@id\":\"https:\\\/\\\/solkes.com\\\/de\\\/weltenbummler\\\/2021\\\/06\\\/ein-goettlicher-ort-namens-el-tuito\\\/\"},\"author\":{\"name\":\"Guadalupe Vel\u00e1zquez\",\"@id\":\"https:\\\/\\\/solkes.com\\\/#\\\/schema\\\/person\\\/1c43ed4a0b70ce0090fc5c7e440a0612\"},\"headline\":\"Ein g\u00f6ttlicher Ort namens El Tuito\",\"datePublished\":\"2021-06-03T09:06:36+00:00\",\"dateModified\":\"2025-02-04T09:20:21+00:00\",\"mainEntityOfPage\":{\"@id\":\"https:\\\/\\\/solkes.com\\\/de\\\/weltenbummler\\\/2021\\\/06\\\/ein-goettlicher-ort-namens-el-tuito\\\/\"},\"wordCount\":1243,\"commentCount\":0,\"publisher\":{\"@id\":\"https:\\\/\\\/solkes.com\\\/#organization\"},\"image\":{\"@id\":\"https:\\\/\\\/solkes.com\\\/de\\\/weltenbummler\\\/2021\\\/06\\\/ein-goettlicher-ort-namens-el-tuito\\\/#primaryimage\"},\"thumbnailUrl\":\"https:\\\/\\\/solkes.com\\\/wp-content\\\/uploads\\\/2021\\\/06\\\/Tuito-2106_06.jpg\",\"articleSection\":[\"Weltenbummler\"],\"inLanguage\":\"de\",\"potentialAction\":[{\"@type\":\"CommentAction\",\"name\":\"Comment\",\"target\":[\"https:\\\/\\\/solkes.com\\\/de\\\/weltenbummler\\\/2021\\\/06\\\/ein-goettlicher-ort-namens-el-tuito\\\/#respond\"]}]},{\"@type\":\"WebPage\",\"@id\":\"https:\\\/\\\/solkes.com\\\/de\\\/weltenbummler\\\/2021\\\/06\\\/ein-goettlicher-ort-namens-el-tuito\\\/\",\"url\":\"https:\\\/\\\/solkes.com\\\/de\\\/weltenbummler\\\/2021\\\/06\\\/ein-goettlicher-ort-namens-el-tuito\\\/\",\"name\":\"Ein g\u00f6ttlicher Ort namens El Tuito - Solkes Magazine\",\"isPartOf\":{\"@id\":\"https:\\\/\\\/solkes.com\\\/#website\"},\"primaryImageOfPage\":{\"@id\":\"https:\\\/\\\/solkes.com\\\/de\\\/weltenbummler\\\/2021\\\/06\\\/ein-goettlicher-ort-namens-el-tuito\\\/#primaryimage\"},\"image\":{\"@id\":\"https:\\\/\\\/solkes.com\\\/de\\\/weltenbummler\\\/2021\\\/06\\\/ein-goettlicher-ort-namens-el-tuito\\\/#primaryimage\"},\"thumbnailUrl\":\"https:\\\/\\\/solkes.com\\\/wp-content\\\/uploads\\\/2021\\\/06\\\/Tuito-2106_06.jpg\",\"datePublished\":\"2021-06-03T09:06:36+00:00\",\"dateModified\":\"2025-02-04T09:20:21+00:00\",\"description\":\"El Tuito scheint dem Lauf der Zeit zu trotzen, um in der Stille zu verharren und f\u00fcr immer die Sch\u00f6nheit dieses g\u00f6ttlichen Ortes zu bewahren.\",\"breadcrumb\":{\"@id\":\"https:\\\/\\\/solkes.com\\\/de\\\/weltenbummler\\\/2021\\\/06\\\/ein-goettlicher-ort-namens-el-tuito\\\/#breadcrumb\"},\"inLanguage\":\"de\",\"potentialAction\":[{\"@type\":\"ReadAction\",\"target\":[\"https:\\\/\\\/solkes.com\\\/de\\\/weltenbummler\\\/2021\\\/06\\\/ein-goettlicher-ort-namens-el-tuito\\\/\"]}]},{\"@type\":\"ImageObject\",\"inLanguage\":\"de\",\"@id\":\"https:\\\/\\\/solkes.com\\\/de\\\/weltenbummler\\\/2021\\\/06\\\/ein-goettlicher-ort-namens-el-tuito\\\/#primaryimage\",\"url\":\"https:\\\/\\\/solkes.com\\\/wp-content\\\/uploads\\\/2021\\\/06\\\/Tuito-2106_06.jpg\",\"contentUrl\":\"https:\\\/\\\/solkes.com\\\/wp-content\\\/uploads\\\/2021\\\/06\\\/Tuito-2106_06.jpg\",\"width\":943,\"height\":601,\"caption\":\"Sandra Cesca \u00a9 Solkes\"},{\"@type\":\"BreadcrumbList\",\"@id\":\"https:\\\/\\\/solkes.com\\\/de\\\/weltenbummler\\\/2021\\\/06\\\/ein-goettlicher-ort-namens-el-tuito\\\/#breadcrumb\",\"itemListElement\":[{\"@type\":\"ListItem\",\"position\":1,\"name\":\"Portada\",\"item\":\"https:\\\/\\\/solkes.com\\\/\"},{\"@type\":\"ListItem\",\"position\":2,\"name\":\"Ein g\u00f6ttlicher Ort namens El Tuito\"}]},{\"@type\":\"WebSite\",\"@id\":\"https:\\\/\\\/solkes.com\\\/#website\",\"url\":\"https:\\\/\\\/solkes.com\\\/\",\"name\":\"Solkes Magazine\",\"description\":\"solkes.com\",\"publisher\":{\"@id\":\"https:\\\/\\\/solkes.com\\\/#organization\"},\"potentialAction\":[{\"@type\":\"SearchAction\",\"target\":{\"@type\":\"EntryPoint\",\"urlTemplate\":\"https:\\\/\\\/solkes.com\\\/?s={search_term_string}\"},\"query-input\":{\"@type\":\"PropertyValueSpecification\",\"valueRequired\":true,\"valueName\":\"search_term_string\"}}],\"inLanguage\":\"de\"},{\"@type\":\"Organization\",\"@id\":\"https:\\\/\\\/solkes.com\\\/#organization\",\"name\":\"Solkes Magazine\",\"url\":\"https:\\\/\\\/solkes.com\\\/\",\"logo\":{\"@type\":\"ImageObject\",\"inLanguage\":\"de\",\"@id\":\"https:\\\/\\\/solkes.com\\\/#\\\/schema\\\/logo\\\/image\\\/\",\"url\":\"https:\\\/\\\/solkes.com\\\/wp-content\\\/uploads\\\/2024\\\/09\\\/logo-SOLKES-820px-x-312px.png\",\"contentUrl\":\"https:\\\/\\\/solkes.com\\\/wp-content\\\/uploads\\\/2024\\\/09\\\/logo-SOLKES-820px-x-312px.png\",\"width\":411,\"height\":303,\"caption\":\"Solkes Magazine\"},\"image\":{\"@id\":\"https:\\\/\\\/solkes.com\\\/#\\\/schema\\\/logo\\\/image\\\/\"},\"sameAs\":[\"https:\\\/\\\/www.facebook.com\\\/solkesmagazinee\\\/\",\"https:\\\/\\\/instagram.com\\\/solkesmagazine\\\/\"]},{\"@type\":\"Person\",\"@id\":\"https:\\\/\\\/solkes.com\\\/#\\\/schema\\\/person\\\/1c43ed4a0b70ce0090fc5c7e440a0612\",\"name\":\"Guadalupe Vel\u00e1zquez\",\"image\":{\"@type\":\"ImageObject\",\"inLanguage\":\"de\",\"@id\":\"https:\\\/\\\/secure.gravatar.com\\\/avatar\\\/44b8abb7e0d30e68557c2748e0b8c5cfc6b01e1e8939af459ca2faf144ae62ac?s=96&d=identicon&r=g\",\"url\":\"https:\\\/\\\/secure.gravatar.com\\\/avatar\\\/44b8abb7e0d30e68557c2748e0b8c5cfc6b01e1e8939af459ca2faf144ae62ac?s=96&d=identicon&r=g\",\"contentUrl\":\"https:\\\/\\\/secure.gravatar.com\\\/avatar\\\/44b8abb7e0d30e68557c2748e0b8c5cfc6b01e1e8939af459ca2faf144ae62ac?s=96&d=identicon&r=g\",\"caption\":\"Guadalupe Vel\u00e1zquez\"},\"description\":\"Guadalupe Vel\u00e1zquez es profesora e ilustradora mexicana. Naci\u00f3 el 11 de diciembre de 1991, en la ciudad de Aguascalientes. A causa de los \\\"accidentes de la vida\\\", tuvo un temprano acercamiento con la ilustraci\u00f3n y la literatura, lo cual la impuls\u00f3 a\u00f1os m\u00e1s tarde a escoger la carrera de Letras Hisp\u00e1nicas, siendo su alma m\u00e1ter la Universidad Aut\u00f3noma de Aguascalientes (UAA). Tom\u00f3 algunos cursos de creaci\u00f3n literaria en el Centro de Investigaci\u00f3n y Estudios Literarios de Aguascalientes (CIELA); obtuvo menci\u00f3n honor\u00edfica en el VI concurso nacional de narrativa \\\"Elena Poniatowska\\\" en la categor\u00eda de microficci\u00f3n, con el trabajo \\\"La fiesta de los estramb\u00f3ticos\\\" (2014); realiz\u00f3 un diplomado en Mitolog\u00eda y Simbolog\u00eda por el Instituto Superior de Ciencias Religiosas de Barcelona (ISCREB). Actualmente cursa la maestr\u00eda en Logopedia por el Instituto Superior de Estudios Psicol\u00f3gicos (ISEP) y estudia Hebreo B\u00edblico en la Universidad Hebrea de Jerusal\u00e9n. Le gusta el t\u00e9 verde. ***************************** Guadalupe Vel\u00e1zquez is a Mexican teacher and illustrator. She was born on December 11th, 1991, in the city of Aguascalientes. Due to several life experiences, she had an early approach to illustration and literature. This prompted her to choose the career of Hispanic Letters, her alma mater being the Autonomous University of Aguascalientes (UAA). She took some literary creation courses at the Center for Research and Literary Studies of Aguascalientes (CIELA); obtained honorable mention in the VI national narrative contest \\\"Elena Poniatowska\\\" in the microfiction category, with the work \\\"La fiesta de los estramboticos\\\" (2014). She completed a diploma in Mythology and Symbology from the Higher Institute of Religious Sciences of Barcelona (ISCREB). Currently, she is pursuing a master's degree in Speech Therapy from the Higher Institute for Psychological Studies (ISEP) and is studying Biblical Hebrew at the Hebrew University of Jerusalem. She likes green tea.\",\"url\":\"https:\\\/\\\/solkes.com\\\/de\\\/author\\\/guadalupe-velazquez\\\/\"}]}<\/script>\n<!-- \/ Yoast SEO plugin. -->","yoast_head_json":{"title":"Ein g\u00f6ttlicher Ort namens El Tuito - Solkes Magazine","description":"El Tuito scheint dem Lauf der Zeit zu trotzen, um in der Stille zu verharren und f\u00fcr immer die Sch\u00f6nheit dieses g\u00f6ttlichen Ortes zu bewahren.","robots":{"index":"index","follow":"follow","max-snippet":"max-snippet:-1","max-image-preview":"max-image-preview:large","max-video-preview":"max-video-preview:-1"},"canonical":"https:\/\/solkes.com\/de\/weltenbummler\/2021\/06\/ein-goettlicher-ort-namens-el-tuito\/","og_locale":"de_DE","og_type":"article","og_title":"Ein g\u00f6ttlicher Ort namens El Tuito - Solkes Magazine","og_description":"El Tuito scheint dem Lauf der Zeit zu trotzen, um in der Stille zu verharren und f\u00fcr immer die Sch\u00f6nheit dieses g\u00f6ttlichen Ortes zu bewahren.","og_url":"https:\/\/solkes.com\/de\/weltenbummler\/2021\/06\/ein-goettlicher-ort-namens-el-tuito\/","og_site_name":"Solkes Magazine","article_publisher":"https:\/\/www.facebook.com\/solkesmagazinee\/","article_published_time":"2021-06-03T09:06:36+00:00","article_modified_time":"2025-02-04T09:20:21+00:00","og_image":[{"width":943,"height":601,"url":"https:\/\/solkes.com\/wp-content\/uploads\/2021\/06\/Tuito-2106_06.jpg","type":"image\/jpeg"}],"author":"Guadalupe Vel\u00e1zquez","twitter_card":"summary_large_image","twitter_misc":{"Verfasst von":"Guadalupe Vel\u00e1zquez","Gesch\u00e4tzte Lesezeit":"7\u00a0Minuten"},"schema":{"@context":"https:\/\/schema.org","@graph":[{"@type":"Article","@id":"https:\/\/solkes.com\/de\/weltenbummler\/2021\/06\/ein-goettlicher-ort-namens-el-tuito\/#article","isPartOf":{"@id":"https:\/\/solkes.com\/de\/weltenbummler\/2021\/06\/ein-goettlicher-ort-namens-el-tuito\/"},"author":{"name":"Guadalupe Vel\u00e1zquez","@id":"https:\/\/solkes.com\/#\/schema\/person\/1c43ed4a0b70ce0090fc5c7e440a0612"},"headline":"Ein g\u00f6ttlicher Ort namens El Tuito","datePublished":"2021-06-03T09:06:36+00:00","dateModified":"2025-02-04T09:20:21+00:00","mainEntityOfPage":{"@id":"https:\/\/solkes.com\/de\/weltenbummler\/2021\/06\/ein-goettlicher-ort-namens-el-tuito\/"},"wordCount":1243,"commentCount":0,"publisher":{"@id":"https:\/\/solkes.com\/#organization"},"image":{"@id":"https:\/\/solkes.com\/de\/weltenbummler\/2021\/06\/ein-goettlicher-ort-namens-el-tuito\/#primaryimage"},"thumbnailUrl":"https:\/\/solkes.com\/wp-content\/uploads\/2021\/06\/Tuito-2106_06.jpg","articleSection":["Weltenbummler"],"inLanguage":"de","potentialAction":[{"@type":"CommentAction","name":"Comment","target":["https:\/\/solkes.com\/de\/weltenbummler\/2021\/06\/ein-goettlicher-ort-namens-el-tuito\/#respond"]}]},{"@type":"WebPage","@id":"https:\/\/solkes.com\/de\/weltenbummler\/2021\/06\/ein-goettlicher-ort-namens-el-tuito\/","url":"https:\/\/solkes.com\/de\/weltenbummler\/2021\/06\/ein-goettlicher-ort-namens-el-tuito\/","name":"Ein g\u00f6ttlicher Ort namens El Tuito - Solkes Magazine","isPartOf":{"@id":"https:\/\/solkes.com\/#website"},"primaryImageOfPage":{"@id":"https:\/\/solkes.com\/de\/weltenbummler\/2021\/06\/ein-goettlicher-ort-namens-el-tuito\/#primaryimage"},"image":{"@id":"https:\/\/solkes.com\/de\/weltenbummler\/2021\/06\/ein-goettlicher-ort-namens-el-tuito\/#primaryimage"},"thumbnailUrl":"https:\/\/solkes.com\/wp-content\/uploads\/2021\/06\/Tuito-2106_06.jpg","datePublished":"2021-06-03T09:06:36+00:00","dateModified":"2025-02-04T09:20:21+00:00","description":"El Tuito scheint dem Lauf der Zeit zu trotzen, um in der Stille zu verharren und f\u00fcr immer die Sch\u00f6nheit dieses g\u00f6ttlichen Ortes zu bewahren.","breadcrumb":{"@id":"https:\/\/solkes.com\/de\/weltenbummler\/2021\/06\/ein-goettlicher-ort-namens-el-tuito\/#breadcrumb"},"inLanguage":"de","potentialAction":[{"@type":"ReadAction","target":["https:\/\/solkes.com\/de\/weltenbummler\/2021\/06\/ein-goettlicher-ort-namens-el-tuito\/"]}]},{"@type":"ImageObject","inLanguage":"de","@id":"https:\/\/solkes.com\/de\/weltenbummler\/2021\/06\/ein-goettlicher-ort-namens-el-tuito\/#primaryimage","url":"https:\/\/solkes.com\/wp-content\/uploads\/2021\/06\/Tuito-2106_06.jpg","contentUrl":"https:\/\/solkes.com\/wp-content\/uploads\/2021\/06\/Tuito-2106_06.jpg","width":943,"height":601,"caption":"Sandra Cesca \u00a9 Solkes"},{"@type":"BreadcrumbList","@id":"https:\/\/solkes.com\/de\/weltenbummler\/2021\/06\/ein-goettlicher-ort-namens-el-tuito\/#breadcrumb","itemListElement":[{"@type":"ListItem","position":1,"name":"Portada","item":"https:\/\/solkes.com\/"},{"@type":"ListItem","position":2,"name":"Ein g\u00f6ttlicher Ort namens El Tuito"}]},{"@type":"WebSite","@id":"https:\/\/solkes.com\/#website","url":"https:\/\/solkes.com\/","name":"Solkes Magazine","description":"solkes.com","publisher":{"@id":"https:\/\/solkes.com\/#organization"},"potentialAction":[{"@type":"SearchAction","target":{"@type":"EntryPoint","urlTemplate":"https:\/\/solkes.com\/?s={search_term_string}"},"query-input":{"@type":"PropertyValueSpecification","valueRequired":true,"valueName":"search_term_string"}}],"inLanguage":"de"},{"@type":"Organization","@id":"https:\/\/solkes.com\/#organization","name":"Solkes Magazine","url":"https:\/\/solkes.com\/","logo":{"@type":"ImageObject","inLanguage":"de","@id":"https:\/\/solkes.com\/#\/schema\/logo\/image\/","url":"https:\/\/solkes.com\/wp-content\/uploads\/2024\/09\/logo-SOLKES-820px-x-312px.png","contentUrl":"https:\/\/solkes.com\/wp-content\/uploads\/2024\/09\/logo-SOLKES-820px-x-312px.png","width":411,"height":303,"caption":"Solkes Magazine"},"image":{"@id":"https:\/\/solkes.com\/#\/schema\/logo\/image\/"},"sameAs":["https:\/\/www.facebook.com\/solkesmagazinee\/","https:\/\/instagram.com\/solkesmagazine\/"]},{"@type":"Person","@id":"https:\/\/solkes.com\/#\/schema\/person\/1c43ed4a0b70ce0090fc5c7e440a0612","name":"Guadalupe Vel\u00e1zquez","image":{"@type":"ImageObject","inLanguage":"de","@id":"https:\/\/secure.gravatar.com\/avatar\/44b8abb7e0d30e68557c2748e0b8c5cfc6b01e1e8939af459ca2faf144ae62ac?s=96&d=identicon&r=g","url":"https:\/\/secure.gravatar.com\/avatar\/44b8abb7e0d30e68557c2748e0b8c5cfc6b01e1e8939af459ca2faf144ae62ac?s=96&d=identicon&r=g","contentUrl":"https:\/\/secure.gravatar.com\/avatar\/44b8abb7e0d30e68557c2748e0b8c5cfc6b01e1e8939af459ca2faf144ae62ac?s=96&d=identicon&r=g","caption":"Guadalupe Vel\u00e1zquez"},"description":"Guadalupe Vel\u00e1zquez es profesora e ilustradora mexicana. Naci\u00f3 el 11 de diciembre de 1991, en la ciudad de Aguascalientes. A causa de los \"accidentes de la vida\", tuvo un temprano acercamiento con la ilustraci\u00f3n y la literatura, lo cual la impuls\u00f3 a\u00f1os m\u00e1s tarde a escoger la carrera de Letras Hisp\u00e1nicas, siendo su alma m\u00e1ter la Universidad Aut\u00f3noma de Aguascalientes (UAA). Tom\u00f3 algunos cursos de creaci\u00f3n literaria en el Centro de Investigaci\u00f3n y Estudios Literarios de Aguascalientes (CIELA); obtuvo menci\u00f3n honor\u00edfica en el VI concurso nacional de narrativa \"Elena Poniatowska\" en la categor\u00eda de microficci\u00f3n, con el trabajo \"La fiesta de los estramb\u00f3ticos\" (2014); realiz\u00f3 un diplomado en Mitolog\u00eda y Simbolog\u00eda por el Instituto Superior de Ciencias Religiosas de Barcelona (ISCREB). Actualmente cursa la maestr\u00eda en Logopedia por el Instituto Superior de Estudios Psicol\u00f3gicos (ISEP) y estudia Hebreo B\u00edblico en la Universidad Hebrea de Jerusal\u00e9n. Le gusta el t\u00e9 verde. ***************************** Guadalupe Vel\u00e1zquez is a Mexican teacher and illustrator. She was born on December 11th, 1991, in the city of Aguascalientes. Due to several life experiences, she had an early approach to illustration and literature. This prompted her to choose the career of Hispanic Letters, her alma mater being the Autonomous University of Aguascalientes (UAA). She took some literary creation courses at the Center for Research and Literary Studies of Aguascalientes (CIELA); obtained honorable mention in the VI national narrative contest \"Elena Poniatowska\" in the microfiction category, with the work \"La fiesta de los estramboticos\" (2014). She completed a diploma in Mythology and Symbology from the Higher Institute of Religious Sciences of Barcelona (ISCREB). Currently, she is pursuing a master's degree in Speech Therapy from the Higher Institute for Psychological Studies (ISEP) and is studying Biblical Hebrew at the Hebrew University of Jerusalem. She likes green tea.","url":"https:\/\/solkes.com\/de\/author\/guadalupe-velazquez\/"}]}},"_links":{"self":[{"href":"https:\/\/solkes.com\/de\/wp-json\/wp\/v2\/posts\/28872","targetHints":{"allow":["GET"]}}],"collection":[{"href":"https:\/\/solkes.com\/de\/wp-json\/wp\/v2\/posts"}],"about":[{"href":"https:\/\/solkes.com\/de\/wp-json\/wp\/v2\/types\/post"}],"author":[{"embeddable":true,"href":"https:\/\/solkes.com\/de\/wp-json\/wp\/v2\/users\/102"}],"replies":[{"embeddable":true,"href":"https:\/\/solkes.com\/de\/wp-json\/wp\/v2\/comments?post=28872"}],"version-history":[{"count":4,"href":"https:\/\/solkes.com\/de\/wp-json\/wp\/v2\/posts\/28872\/revisions"}],"predecessor-version":[{"id":28876,"href":"https:\/\/solkes.com\/de\/wp-json\/wp\/v2\/posts\/28872\/revisions\/28876"}],"wp:featuredmedia":[{"embeddable":true,"href":"https:\/\/solkes.com\/de\/wp-json\/wp\/v2\/media\/25021"}],"wp:attachment":[{"href":"https:\/\/solkes.com\/de\/wp-json\/wp\/v2\/media?parent=28872"}],"wp:term":[{"taxonomy":"category","embeddable":true,"href":"https:\/\/solkes.com\/de\/wp-json\/wp\/v2\/categories?post=28872"},{"taxonomy":"post_tag","embeddable":true,"href":"https:\/\/solkes.com\/de\/wp-json\/wp\/v2\/tags?post=28872"}],"curies":[{"name":"wp","href":"https:\/\/api.w.org\/{rel}","templated":true}]}}