{"id":28811,"date":"2019-01-03T11:00:35","date_gmt":"2019-01-03T09:00:35","guid":{"rendered":"https:\/\/solkes.com\/?p=28811"},"modified":"2025-02-03T12:18:50","modified_gmt":"2025-02-03T10:18:50","slug":"karneval-der-schwarzen-und-weissen-carnaval-de-negros-y-blancos","status":"publish","type":"post","link":"https:\/\/solkes.com\/de\/stadtisch\/2019\/01\/karneval-der-schwarzen-und-weissen-carnaval-de-negros-y-blancos\/","title":{"rendered":"Karneval der Schwarzen und Wei\u00dfen (Carnaval de Negros y Blancos)"},"content":{"rendered":"<p>Der Karneval der Schwarzen und Wei\u00dfen ist das gr\u00f6\u00dfte und wichtigste Fest im S\u00fcden Kolumbiens. Er wird jedes Jahr vom 2. bis zum 7. Januar gefeiert. J\u00e4hrlich besuchen Touristen aus dem ganzen Land und aus dem Ausland die Stadt Pasto, um in diese magische Feier einzutauchen.<\/p>\n<p>&lt;a href=&#8221;https:\/\/solkes.com\/wp-content\/uploads\/2019\/08\/1901_03-2-1.jpg&#8221;&gt;&lt;img class=&#8221;size-full wp-image-2925&#8243; src=&#8221;https:\/\/solkes.com\/wp-content\/uploads\/2019\/08\/1901_03-2-1.jpg&#8221; alt=&#8221;&#8221; width=&#8221;996&#8243; height=&#8221;601&#8243; \/&gt;&lt;\/a&gt; Brenda Cardona \u00a9 Solkes<br \/>\n&lt;h3&gt;&lt;span style=&#8221;color: #138a8d;&#8221;&gt;&lt;strong&gt;\u00dcber den Karneval&lt;\/strong&gt;&lt;\/span&gt;&lt;\/h3&gt;<br \/>\nJedes Jahr erleben die Besucher des Karnevals der Schwarzen und Wei\u00dfen in Pasto ein gemeinschaftliches und gro\u00dfz\u00fcgiges Fest, das \u00c4sthetik und Spielfreude in einer jahrhundertealten Stadt zelebriert.<\/p>\n<p>Der Karneval zieht diejenigen an, die Farben, Kosmetika und Talkumpuder genie\u00dfen, die \u00c4sthetik surrealer Festwagen bewundern, sich an spielerischen Tanzgruppen, volkst\u00fcmlichen Kost\u00fcmen und fantastischen choreografierten Gruppen erfreuen, deren Rhythmen jeden Moment des Festes begleiten.<\/p>\n<p>&lt;a href=&#8221;https:\/\/solkes.com\/wp-content\/uploads\/2019\/08\/1901_02-3-1.jpg&#8221;&gt;&lt;img class=&#8221;size-medium wp-image-2924&#8243; src=&#8221;http:\/\/solkes.com\/wp-content\/uploads\/2019\/08\/1901_02-3-300&#215;482.jpg&#8221; alt=&#8221;&#8221; width=&#8221;300&#8243; height=&#8221;482&#8243; \/&gt;&lt;\/a&gt; Karen Cardona \u00a9 Solkes<\/p>\n<p>Pasto, die Hauptstadt des Departements Nari\u00f1o, gilt normalerweise als eine eher ruhige Stadt in der Andenregion.<\/p>\n<p>Doch zu Beginn jedes Jahres kommen Tausende von Touristen und sind \u00fcberrascht, eine Stadt zu sehen, die sich verwandelt \u2013 von einer beschaulichen Stadt zu einem Ort, der sich ganz der Kreativit\u00e4t hingibt.<\/p>\n<p>&lt;span style=&#8221;font-size: 16px; text-align: center;&#8221;&gt;Genauso wie die Stadt Pasto Jahrhunderte alt ist, reicht auch ihr Karneval bis in die Kolonialzeit zur\u00fcck. Diese Feierlichkeiten wurden durch die spanische Kultur beeinflusst und entwickelten sich zu dem Karneval von Pasto, wie wir ihn heute kennen.&lt;\/span&gt;<br \/>\n&lt;h3&gt;&lt;span style=&#8221;color: #138a8d;&#8221;&gt;&lt;strong&gt;Die Geschichte des Karnevals&lt;\/strong&gt;&lt;\/span&gt;&lt;\/h3&gt;<br \/>\nZu Beginn des 19. Jahrhunderts verboten die Kolonialbeh\u00f6rden diese Feste, um indigene Aufst\u00e4nde zu verhindern. Doch im Jahr 1834 kehrten die Feierlichkeiten zur\u00fcck \u2013 mit indigenen T\u00e4nzern und ihren Kindern, Mestizen in Masken und einer allgemeinen Atmosph\u00e4re der Freude unter den Nachbarn.<\/p>\n<p>Damals waren diese Feierlichkeiten an den religi\u00f6sen Kalender gebunden, insbesondere an die Feste der Jungfrau der Barmherzigkeit (24. September) und der Unbefleckten Empf\u00e4ngnis Mariens (8. Dezember).<br \/>\n&lt;h3&gt;&lt;span style=&#8221;color: #138a8d;&#8221;&gt;&lt;strong&gt;Jeden Tag etwas anderes&lt;\/strong&gt;&lt;\/span&gt;&lt;\/h3&gt;<br \/>\nAls der Karneval begann, dauerte er nur zwei Tage, aber in den 1920er Jahren wurde er auf drei Tage verl\u00e4ngert. Heute erstreckt sich die Feier \u00fcber f\u00fcnf Tage.<\/p>\n<p>Jeder Tag hat einen besonderen Protagonisten:<\/p>\n<p>&lt;span style=&#8221;color: #138a8d;&#8221;&gt;&lt;strong&gt;2. Januar:&lt;\/strong&gt;&lt;\/span&gt; An diesem Tag stehen die Kinder im Mittelpunkt. Sie lernen die Traditionen des Karnevals und zeigen ihre Kreativit\u00e4t bei der Parade \u201eCarnavalito\u201c.<br \/>\n&lt;span style=&#8221;color: #138a8d;&#8221;&gt;&lt;strong&gt;3. Januar:&lt;\/strong&gt;&lt;\/span&gt; Der \u201eCanto a la Tierra\u201c (Lied an die Erde) findet statt. Elf Tanz- und Musikgruppen, jeweils mit rund 250 Teilnehmern, pr\u00e4sentieren die St\u00e4rke der Andenkultur durch farbenfrohe Kost\u00fcme, T\u00e4nze und Musik.<br \/>\n&lt;span style=&#8221;color: #138a8d;&#8221;&gt;&lt;strong&gt;4. Januar:&lt;\/strong&gt;&lt;\/span&gt; Die \u201eFamilia Casta\u00f1eda\u201c und die symbolische Karnevalsfigur \u201ePericles Carnaval\u201c hei\u00dfen Einheimische und Besucher willkommen.<\/p>\n<p>&lt;a href=&#8221;https:\/\/solkes.com\/wp-content\/uploads\/2019\/08\/1901_06-2-1.jpg&#8221;&gt;&lt;img class=&#8221;size-full wp-image-2928&#8243; src=&#8221;https:\/\/solkes.com\/wp-content\/uploads\/2019\/08\/1901_06-2-1.jpg&#8221; alt=&#8221;&#8221; width=&#8221;996&#8243; height=&#8221;601&#8243; \/&gt;&lt;\/a&gt; Karen Cardona \u00a9 Solkes<\/p>\n<p>&lt;span style=&#8221;color: #138a8d;&#8221;&gt;&lt;strong&gt;5. Januar:&lt;\/strong&gt;&lt;\/span&gt; Der \u201eTag der Schwarzen\u201c wird gefeiert, an dem Menschen zu Ehren des afro-kolumbianischen Erbes ihre Gesichter schwarz f\u00e4rben.<br \/>\n&lt;strong&gt;&lt;span style=&#8221;color: #138a8d;&#8221;&gt;6. Januar:&lt;\/span&gt; &lt;\/strong&gt;Die gro\u00dfe Parade der Festwagen und Farben markiert das Ende des Karnevals.<\/p>\n<p>&lt;a href=&#8221;https:\/\/solkes.com\/wp-content\/uploads\/2019\/08\/1901_04-2-1.jpg&#8221;&gt;&lt;img class=&#8221;size-medium wp-image-2926&#8243; src=&#8221;http:\/\/solkes.com\/wp-content\/uploads\/2019\/08\/1901_04-2-300&#215;482.jpg&#8221; alt=&#8221;&#8221; width=&#8221;300&#8243; height=&#8221;482&#8243; \/&gt;&lt;\/a&gt; Brenda Cardona \u00a9 Solkes<\/p>\n<p>W\u00e4hrend der Kolonialzeit hallte am 5. Januar das Dr\u00f6hnen der Trommeln durch die Stra\u00dfen von San Juan de Pasto. Es war der einzige Tag im Jahr, an dem versklavte Schwarze von ihren Herren die Erlaubnis erhielten, ihre Freiheit zu feiern.<\/p>\n<p>Sie zogen durch die Stra\u00dfen, ehrten ihre Vorfahren mit Musik, Tanz und Essen und rieben als Symbol der Gleichheit wei\u00dfe Menschen mit Kohle ein.<\/p>\n<p>Dieses Ereignis, das die ganze Stadt aufweckte, wurde als \u201eFiesta de los Negritos\u201c (Fest der kleinen Schwarzen) bekannt. Die Begeisterung war so ansteckend, dass sich auch die Wei\u00dfen beteiligten und ihren sozialen Status f\u00fcr einen Tag hinter sich lie\u00dfen.<\/p>\n<p>Im September 2009 erkannte die UNESCO den Karneval der Schwarzen und Wei\u00dfen offiziell als Immaterielles Kulturerbe der Menschheit an.<\/p>\n<p>&lt;a href=&#8221;https:\/\/solkes.com\/wp-content\/uploads\/2019\/08\/1901_07-2-1.jpg&#8221;&gt;&lt;img class=&#8221;size-full wp-image-2929&#8243; src=&#8221;https:\/\/solkes.com\/wp-content\/uploads\/2019\/08\/1901_07-2-1.jpg&#8221; alt=&#8221;&#8221; width=&#8221;996&#8243; height=&#8221;601&#8243; \/&gt;&lt;\/a&gt; Brenda Cardona \u00a9 Solkes<\/p>\n<p>Das Jahr mit einer \u201eneuen Haut\u201c zu beginnen, ist die symbolische Bedeutung, die die Menschen in Pasto diesen f\u00fcnf Festtagen zuschreiben. Der Karneval l\u00e4dt alle ein, das Jahr mit einem erneuerten und gereinigten Geist zu beginnen \u2013 nach einer wahren kollektiven Katharsis.<br \/>\n&lt;h3&gt;&lt;span style=&#8221;color: #138a8d;&#8221;&gt;&lt;strong&gt;Eine Fusion der Kulturen&lt;\/strong&gt;&lt;\/span&gt;&lt;\/h3&gt;<br \/>\nDer Karneval der Schwarzen und Wei\u00dfen entstand aus einer Verschmelzung mehrerer Kulturen und Traditionen der Anden, des Amazonasgebiets und der Pazifikregion.<\/p>\n<p>Diese einzigartige Mischung macht ihn unter \u00e4hnlichen Festen besonders \u2013 nicht nur wegen des Zeitpunkts, sondern auch aufgrund seiner indigenen Urspr\u00fcnge, da er mit der Feier des Mondes (Quilla) zusammenf\u00e4llt.<\/p>\n<p>Der Karneval bewahrt Spuren der Rituale, die einst von den Pasto- und Quillasinga-V\u00f6lkern durchgef\u00fchrt wurden \u2013 agrarische Kulturen, die w\u00e4hrend der Erntezeit den Mond mit T\u00e4nzen ehrten und die Sonne um Schutz f\u00fcr ihre Ernte baten.<\/p>\n<p>&lt;a href=&#8221;https:\/\/solkes.com\/wp-content\/uploads\/2019\/08\/1901_11-1-1.jpg&#8221;&gt;&lt;img class=&#8221;size-full wp-image-2931&#8243; src=&#8221;https:\/\/solkes.com\/wp-content\/uploads\/2019\/08\/1901_11-1-1.jpg&#8221; alt=&#8221;&#8221; width=&#8221;996&#8243; height=&#8221;601&#8243; \/&gt;&lt;\/a&gt; Brenda Cardona \u00a9 Solkes&lt;a href=&#8221;https:\/\/solkes.com\/wp-content\/uploads\/2019\/08\/1901_14-1.jpg&#8221;&gt;&lt;img class=&#8221;size-medium wp-image-2923&#8243; src=&#8221;http:\/\/solkes.com\/wp-content\/uploads\/2019\/08\/1901_14-300&#215;482.jpg&#8221; alt=&#8221;&#8221; width=&#8221;300&#8243; height=&#8221;482&#8243; \/&gt;&lt;\/a&gt; Karen Cardona \u00a9 Solkes<\/p>\n<p>Die Fantasie der majest\u00e4tischen Festwagen, die mitrei\u00dfende Musik der traditionellen Bands, die farbenfrohen Tanzgruppen und die fesselnden Choreografien machen seinen einzigartigen Charme aus.<\/p>\n<p>Das Fest hat sich immer mehr zu einer perfekten Verschmelzung von Kunst, Folklore und Spiel entwickelt, die verschiedene Rassen, D\u00f6rfer und Br\u00e4uche vereint.<\/p>\n<p>Vier Tage lang verdoppelt sich die Einwohnerzahl von Pasto, die normalerweise 500.000 betr\u00e4gt, da Touristen aus Cali, Bogot\u00e1, Medell\u00edn und sogar aus dem benachbarten Ecuador anreisen.<\/p>\n<p>Die Ausl\u00e4ufer des Vulkans Galeras sind die Heimat gro\u00dfer K\u00fcnstler und Handwerker, die mit ihrer Inspiration, Kreativit\u00e4t und ihrem Einfallsreichtum dazu beitragen, den Karneval zu einem der besten Feste Kolumbiens \u2013 und vielleicht sogar S\u00fcdamerikas \u2013 zu machen.<br \/>\n&lt;h3&gt;&lt;span style=&#8221;color: #138a8d;&#8221;&gt;&lt;strong&gt;Die Bedeutung des Karnevals&lt;\/strong&gt;&lt;\/span&gt;&lt;\/h3&gt;<br \/>\nDies ist eine der beliebtesten Feierlichkeiten in Kolumbien.<\/p>\n<p>Magie, die sich in Menschen aller Altersgruppen und sozialen Schichten widerspiegelt. Sie bemalen ihre Gesichter mit kleinen Symbolen, tragen bunte Kost\u00fcme und tanzen durch die Stra\u00dfen, um den indigenen Geist mit traditioneller Musik und andiner Folklore wiederzubeleben.<\/p>\n<p>Die Leidenschaft, Liebe und das Opfer f\u00fcr den Karneval der Schwarzen und Wei\u00dfen zeigen sich in jedem Detail der farbenfrohen Abschiedsfeier am 6. Januar. Die Feier erreicht ihren H\u00f6hepunkt mit Musik, Talkumpuder, Luftschlangen und ausgelassenem Jubel \u2013 begleitet vom spontanen Ruf:<\/p>\n<p>&lt;a href=&#8221;https:\/\/solkes.com\/wp-content\/uploads\/2019\/08\/1901_12-1.jpg&#8221;&gt;&lt;img class=&#8221;size-medium wp-image-2932&#8243; src=&#8221;http:\/\/solkes.com\/wp-content\/uploads\/2019\/08\/1901_12-300&#215;482.jpg&#8221; alt=&#8221;&#8221; width=&#8221;300&#8243; height=&#8221;482&#8243; \/&gt;&lt;\/a&gt; Karen Cardona \u00a9 Solkes<\/p>\n<p>**\u00a1Que viva Pasto, carajooooooo!** (*Es lebe Pasto, verdammt!*).<\/p>\n<p>Von diesem Moment an wurde der Karneval der Schwarzen und Wei\u00dfen in Pasto zu einem Fest der Einheit und des Ausdrucks, in dem Freiheit, Spiel, Kunst, Kreativit\u00e4t, Freude und br\u00fcderliche Liebe gefeiert werden.<\/p>\n<p>Er ist das perfekte Beispiel f\u00fcr das Bed\u00fcrfnis, das historische Ritual der kreativen Widerstandskraft zu erneuern, k\u00fcnstlerisches Schaffen zu feiern und sich eine andere Zeit und einen anderen Raum vorzustellen.<\/p>\n<p>Der Karneval ist inklusiv \u2013 er hei\u00dft alle willkommen. Er muss nichts nachahmen oder konkurrieren, sondern erg\u00e4nzt und bereichert sich durch gegenseitige Wertsch\u00e4tzung.<\/p>\n<p>Die Musik, die Farben und die Fantasie, die in den verschiedenen Formen und Figuren des Festes zu sehen sind, sind greifbar. Er f\u00f6rdert die Verbindung zwischen Menschen, und in diesem Karneval wird die Stra\u00dfe zur ultimativen B\u00fchne.<\/p>\n<p>&lt;span style=&#8221;color: #138a8d;&#8221;&gt;W&lt;\/span&gt;\u00e4hrend der Karnevalstage verwandelt sich die Stadt, und mythische Wesen erscheinen, um ein Ritual zu verk\u00f6rpern, das den Sinn des Lebens erneuert.<\/p>\n","protected":false},"excerpt":{"rendered":"<p>Der Karneval der Schwarzen und Wei\u00dfen ist das gr\u00f6\u00dfte und wichtigste Fest im S\u00fcden Kolumbiens. Er wird jedes Jahr vom 2. bis zum 7. Januar gefeiert. J\u00e4hrlich besuchen Touristen aus dem ganzen Land und aus dem Ausland die Stadt Pasto, um in diese magische Feier einzutauchen. &lt;a href=&#8221;https:\/\/solkes.com\/wp-content\/uploads\/2019\/08\/1901_03-2-1.jpg&#8221;&gt;&lt;img class=&#8221;size-full wp-image-2925&#8243; src=&#8221;https:\/\/solkes.com\/wp-content\/uploads\/2019\/08\/1901_03-2-1.jpg&#8221; alt=&#8221;&#8221; width=&#8221;996&#8243; height=&#8221;601&#8243; \/&gt;&lt;\/a&gt; [&hellip;]<\/p>\n","protected":false},"author":8,"featured_media":22117,"comment_status":"open","ping_status":"open","sticky":false,"template":"","format":"standard","meta":{"_acf_changed":false,"_exactmetrics_skip_tracking":false,"_exactmetrics_sitenote_active":false,"_exactmetrics_sitenote_note":"","_exactmetrics_sitenote_category":0,"site-sidebar-layout":"default","site-content-layout":"default","ast-site-content-layout":"default","site-content-style":"default","site-sidebar-style":"default","ast-global-header-display":"","ast-banner-title-visibility":"","ast-main-header-display":"","ast-hfb-above-header-display":"","ast-hfb-below-header-display":"","ast-hfb-mobile-header-display":"","site-post-title":"","ast-breadcrumbs-content":"","ast-featured-img":"","footer-sml-layout":"","theme-transparent-header-meta":"default","adv-header-id-meta":"","stick-header-meta":"","header-above-stick-meta":"","header-main-stick-meta":"","header-below-stick-meta":"","astra-migrate-meta-layouts":"default","ast-page-background-enabled":"default","ast-page-background-meta":{"desktop":{"background-color":"","background-image":"","background-repeat":"repeat","background-position":"center center","background-size":"auto","background-attachment":"scroll","background-type":"","background-media":"","overlay-type":"","overlay-color":"","overlay-opacity":"","overlay-gradient":""},"tablet":{"background-color":"","background-image":"","background-repeat":"repeat","background-position":"center center","background-size":"auto","background-attachment":"scroll","background-type":"","background-media":"","overlay-type":"","overlay-color":"","overlay-opacity":"","overlay-gradient":""},"mobile":{"background-color":"","background-image":"","background-repeat":"repeat","background-position":"center center","background-size":"auto","background-attachment":"scroll","background-type":"","background-media":"","overlay-type":"","overlay-color":"","overlay-opacity":"","overlay-gradient":""}},"ast-content-background-meta":{"desktop":{"background-color":"var(--ast-global-color-5)","background-image":"","background-repeat":"repeat","background-position":"center center","background-size":"auto","background-attachment":"scroll","background-type":"","background-media":"","overlay-type":"","overlay-color":"","overlay-opacity":"","overlay-gradient":""},"tablet":{"background-color":"var(--ast-global-color-5)","background-image":"","background-repeat":"repeat","background-position":"center center","background-size":"auto","background-attachment":"scroll","background-type":"","background-media":"","overlay-type":"","overlay-color":"","overlay-opacity":"","overlay-gradient":""},"mobile":{"background-color":"var(--ast-global-color-5)","background-image":"","background-repeat":"repeat","background-position":"center center","background-size":"auto","background-attachment":"scroll","background-type":"","background-media":"","overlay-type":"","overlay-color":"","overlay-opacity":"","overlay-gradient":""}},"footnotes":""},"categories":[2933],"tags":[],"class_list":["post-28811","post","type-post","status-publish","format-standard","has-post-thumbnail","hentry","category-stadtisch"],"acf":[],"yoast_head":"<!-- This site is optimized with the Yoast SEO plugin v27.4 - https:\/\/yoast.com\/product\/yoast-seo-wordpress\/ -->\n<title>Karneval der Schwarzen und Wei\u00dfen (Carnaval de Negros y Blancos) - Solkes Magazine<\/title>\n<meta name=\"description\" content=\"Dies ist das wichtigste Fest im S\u00fcden Kolumbiens. Jedes Jahr besuchen Touristen aus der ganzen Welt die Stadt Pasto.\" \/>\n<meta name=\"robots\" content=\"index, follow, max-snippet:-1, max-image-preview:large, max-video-preview:-1\" \/>\n<link rel=\"canonical\" href=\"https:\/\/solkes.com\/de\/stadtisch\/2019\/01\/karneval-der-schwarzen-und-weissen-carnaval-de-negros-y-blancos\/\" \/>\n<meta property=\"og:locale\" content=\"de_DE\" \/>\n<meta property=\"og:type\" content=\"article\" \/>\n<meta property=\"og:title\" content=\"Karneval der Schwarzen und Wei\u00dfen (Carnaval de Negros y Blancos) - Solkes Magazine\" \/>\n<meta property=\"og:description\" content=\"Dies ist das wichtigste Fest im S\u00fcden Kolumbiens. Jedes Jahr besuchen Touristen aus der ganzen Welt die Stadt Pasto.\" \/>\n<meta property=\"og:url\" content=\"https:\/\/solkes.com\/de\/stadtisch\/2019\/01\/karneval-der-schwarzen-und-weissen-carnaval-de-negros-y-blancos\/\" \/>\n<meta property=\"og:site_name\" content=\"Solkes Magazine\" \/>\n<meta property=\"article:publisher\" content=\"https:\/\/www.facebook.com\/solkesmagazinee\/\" \/>\n<meta property=\"article:published_time\" content=\"2019-01-03T09:00:35+00:00\" \/>\n<meta property=\"article:modified_time\" content=\"2025-02-03T10:18:50+00:00\" \/>\n<meta property=\"og:image\" content=\"https:\/\/solkes.com\/wp-content\/uploads\/2019\/08\/1901_03-2-1.jpg\" \/>\n\t<meta property=\"og:image:width\" content=\"996\" \/>\n\t<meta property=\"og:image:height\" content=\"601\" \/>\n\t<meta property=\"og:image:type\" content=\"image\/jpeg\" \/>\n<meta name=\"author\" content=\"Solkes\" \/>\n<meta name=\"twitter:card\" content=\"summary_large_image\" \/>\n<meta name=\"twitter:label1\" content=\"Verfasst von\" \/>\n\t<meta name=\"twitter:data1\" content=\"Solkes\" \/>\n\t<meta name=\"twitter:label2\" content=\"Gesch\u00e4tzte Lesezeit\" \/>\n\t<meta name=\"twitter:data2\" content=\"5\u00a0Minuten\" \/>\n<script type=\"application\/ld+json\" class=\"yoast-schema-graph\">{\"@context\":\"https:\\\/\\\/schema.org\",\"@graph\":[{\"@type\":\"Article\",\"@id\":\"https:\\\/\\\/solkes.com\\\/de\\\/stadtisch\\\/2019\\\/01\\\/karneval-der-schwarzen-und-weissen-carnaval-de-negros-y-blancos\\\/#article\",\"isPartOf\":{\"@id\":\"https:\\\/\\\/solkes.com\\\/de\\\/stadtisch\\\/2019\\\/01\\\/karneval-der-schwarzen-und-weissen-carnaval-de-negros-y-blancos\\\/\"},\"author\":{\"name\":\"Solkes\",\"@id\":\"https:\\\/\\\/solkes.com\\\/#\\\/schema\\\/person\\\/8a5ec52c7bc1a2152b3d3c80443c1cff\"},\"headline\":\"Karneval der Schwarzen und Wei\u00dfen (Carnaval de Negros y Blancos)\",\"datePublished\":\"2019-01-03T09:00:35+00:00\",\"dateModified\":\"2025-02-03T10:18:50+00:00\",\"mainEntityOfPage\":{\"@id\":\"https:\\\/\\\/solkes.com\\\/de\\\/stadtisch\\\/2019\\\/01\\\/karneval-der-schwarzen-und-weissen-carnaval-de-negros-y-blancos\\\/\"},\"wordCount\":1587,\"commentCount\":0,\"publisher\":{\"@id\":\"https:\\\/\\\/solkes.com\\\/#organization\"},\"image\":{\"@id\":\"https:\\\/\\\/solkes.com\\\/de\\\/stadtisch\\\/2019\\\/01\\\/karneval-der-schwarzen-und-weissen-carnaval-de-negros-y-blancos\\\/#primaryimage\"},\"thumbnailUrl\":\"https:\\\/\\\/solkes.com\\\/wp-content\\\/uploads\\\/2019\\\/08\\\/1901_03-2-1.jpg\",\"articleSection\":[\"St\u00e4dtisch\"],\"inLanguage\":\"de\",\"potentialAction\":[{\"@type\":\"CommentAction\",\"name\":\"Comment\",\"target\":[\"https:\\\/\\\/solkes.com\\\/de\\\/stadtisch\\\/2019\\\/01\\\/karneval-der-schwarzen-und-weissen-carnaval-de-negros-y-blancos\\\/#respond\"]}]},{\"@type\":\"WebPage\",\"@id\":\"https:\\\/\\\/solkes.com\\\/de\\\/stadtisch\\\/2019\\\/01\\\/karneval-der-schwarzen-und-weissen-carnaval-de-negros-y-blancos\\\/\",\"url\":\"https:\\\/\\\/solkes.com\\\/de\\\/stadtisch\\\/2019\\\/01\\\/karneval-der-schwarzen-und-weissen-carnaval-de-negros-y-blancos\\\/\",\"name\":\"Karneval der Schwarzen und Wei\u00dfen (Carnaval de Negros y Blancos) - Solkes Magazine\",\"isPartOf\":{\"@id\":\"https:\\\/\\\/solkes.com\\\/#website\"},\"primaryImageOfPage\":{\"@id\":\"https:\\\/\\\/solkes.com\\\/de\\\/stadtisch\\\/2019\\\/01\\\/karneval-der-schwarzen-und-weissen-carnaval-de-negros-y-blancos\\\/#primaryimage\"},\"image\":{\"@id\":\"https:\\\/\\\/solkes.com\\\/de\\\/stadtisch\\\/2019\\\/01\\\/karneval-der-schwarzen-und-weissen-carnaval-de-negros-y-blancos\\\/#primaryimage\"},\"thumbnailUrl\":\"https:\\\/\\\/solkes.com\\\/wp-content\\\/uploads\\\/2019\\\/08\\\/1901_03-2-1.jpg\",\"datePublished\":\"2019-01-03T09:00:35+00:00\",\"dateModified\":\"2025-02-03T10:18:50+00:00\",\"description\":\"Dies ist das wichtigste Fest im S\u00fcden Kolumbiens. Jedes Jahr besuchen Touristen aus der ganzen Welt die Stadt Pasto.\",\"breadcrumb\":{\"@id\":\"https:\\\/\\\/solkes.com\\\/de\\\/stadtisch\\\/2019\\\/01\\\/karneval-der-schwarzen-und-weissen-carnaval-de-negros-y-blancos\\\/#breadcrumb\"},\"inLanguage\":\"de\",\"potentialAction\":[{\"@type\":\"ReadAction\",\"target\":[\"https:\\\/\\\/solkes.com\\\/de\\\/stadtisch\\\/2019\\\/01\\\/karneval-der-schwarzen-und-weissen-carnaval-de-negros-y-blancos\\\/\"]}]},{\"@type\":\"ImageObject\",\"inLanguage\":\"de\",\"@id\":\"https:\\\/\\\/solkes.com\\\/de\\\/stadtisch\\\/2019\\\/01\\\/karneval-der-schwarzen-und-weissen-carnaval-de-negros-y-blancos\\\/#primaryimage\",\"url\":\"https:\\\/\\\/solkes.com\\\/wp-content\\\/uploads\\\/2019\\\/08\\\/1901_03-2-1.jpg\",\"contentUrl\":\"https:\\\/\\\/solkes.com\\\/wp-content\\\/uploads\\\/2019\\\/08\\\/1901_03-2-1.jpg\",\"width\":996,\"height\":601,\"caption\":\"Foto: Brenda Cardona \u00a9 Solkes\"},{\"@type\":\"BreadcrumbList\",\"@id\":\"https:\\\/\\\/solkes.com\\\/de\\\/stadtisch\\\/2019\\\/01\\\/karneval-der-schwarzen-und-weissen-carnaval-de-negros-y-blancos\\\/#breadcrumb\",\"itemListElement\":[{\"@type\":\"ListItem\",\"position\":1,\"name\":\"Portada\",\"item\":\"https:\\\/\\\/solkes.com\\\/\"},{\"@type\":\"ListItem\",\"position\":2,\"name\":\"Karneval der Schwarzen und Wei\u00dfen (Carnaval de Negros y Blancos)\"}]},{\"@type\":\"WebSite\",\"@id\":\"https:\\\/\\\/solkes.com\\\/#website\",\"url\":\"https:\\\/\\\/solkes.com\\\/\",\"name\":\"Solkes Magazine\",\"description\":\"solkes.com\",\"publisher\":{\"@id\":\"https:\\\/\\\/solkes.com\\\/#organization\"},\"potentialAction\":[{\"@type\":\"SearchAction\",\"target\":{\"@type\":\"EntryPoint\",\"urlTemplate\":\"https:\\\/\\\/solkes.com\\\/?s={search_term_string}\"},\"query-input\":{\"@type\":\"PropertyValueSpecification\",\"valueRequired\":true,\"valueName\":\"search_term_string\"}}],\"inLanguage\":\"de\"},{\"@type\":\"Organization\",\"@id\":\"https:\\\/\\\/solkes.com\\\/#organization\",\"name\":\"Solkes Magazine\",\"url\":\"https:\\\/\\\/solkes.com\\\/\",\"logo\":{\"@type\":\"ImageObject\",\"inLanguage\":\"de\",\"@id\":\"https:\\\/\\\/solkes.com\\\/#\\\/schema\\\/logo\\\/image\\\/\",\"url\":\"https:\\\/\\\/solkes.com\\\/wp-content\\\/uploads\\\/2024\\\/09\\\/logo-SOLKES-820px-x-312px.png\",\"contentUrl\":\"https:\\\/\\\/solkes.com\\\/wp-content\\\/uploads\\\/2024\\\/09\\\/logo-SOLKES-820px-x-312px.png\",\"width\":411,\"height\":303,\"caption\":\"Solkes Magazine\"},\"image\":{\"@id\":\"https:\\\/\\\/solkes.com\\\/#\\\/schema\\\/logo\\\/image\\\/\"},\"sameAs\":[\"https:\\\/\\\/www.facebook.com\\\/solkesmagazinee\\\/\",\"https:\\\/\\\/instagram.com\\\/solkesmagazine\\\/\"]},{\"@type\":\"Person\",\"@id\":\"https:\\\/\\\/solkes.com\\\/#\\\/schema\\\/person\\\/8a5ec52c7bc1a2152b3d3c80443c1cff\",\"name\":\"Solkes\",\"image\":{\"@type\":\"ImageObject\",\"inLanguage\":\"de\",\"@id\":\"https:\\\/\\\/secure.gravatar.com\\\/avatar\\\/13f31bf374b98c36ad5d4509352ea6cffb8801414e0fce7d5fc3dd9380dfb85a?s=96&d=identicon&r=g\",\"url\":\"https:\\\/\\\/secure.gravatar.com\\\/avatar\\\/13f31bf374b98c36ad5d4509352ea6cffb8801414e0fce7d5fc3dd9380dfb85a?s=96&d=identicon&r=g\",\"contentUrl\":\"https:\\\/\\\/secure.gravatar.com\\\/avatar\\\/13f31bf374b98c36ad5d4509352ea6cffb8801414e0fce7d5fc3dd9380dfb85a?s=96&d=identicon&r=g\",\"caption\":\"Solkes\"},\"description\":\"Equipo de redacci\u00f3n ******************************************************* Editorial team\",\"url\":\"https:\\\/\\\/solkes.com\\\/de\\\/author\\\/solkes\\\/\"}]}<\/script>\n<!-- \/ Yoast SEO plugin. -->","yoast_head_json":{"title":"Karneval der Schwarzen und Wei\u00dfen (Carnaval de Negros y Blancos) - Solkes Magazine","description":"Dies ist das wichtigste Fest im S\u00fcden Kolumbiens. Jedes Jahr besuchen Touristen aus der ganzen Welt die Stadt Pasto.","robots":{"index":"index","follow":"follow","max-snippet":"max-snippet:-1","max-image-preview":"max-image-preview:large","max-video-preview":"max-video-preview:-1"},"canonical":"https:\/\/solkes.com\/de\/stadtisch\/2019\/01\/karneval-der-schwarzen-und-weissen-carnaval-de-negros-y-blancos\/","og_locale":"de_DE","og_type":"article","og_title":"Karneval der Schwarzen und Wei\u00dfen (Carnaval de Negros y Blancos) - Solkes Magazine","og_description":"Dies ist das wichtigste Fest im S\u00fcden Kolumbiens. Jedes Jahr besuchen Touristen aus der ganzen Welt die Stadt Pasto.","og_url":"https:\/\/solkes.com\/de\/stadtisch\/2019\/01\/karneval-der-schwarzen-und-weissen-carnaval-de-negros-y-blancos\/","og_site_name":"Solkes Magazine","article_publisher":"https:\/\/www.facebook.com\/solkesmagazinee\/","article_published_time":"2019-01-03T09:00:35+00:00","article_modified_time":"2025-02-03T10:18:50+00:00","og_image":[{"width":996,"height":601,"url":"https:\/\/solkes.com\/wp-content\/uploads\/2019\/08\/1901_03-2-1.jpg","type":"image\/jpeg"}],"author":"Solkes","twitter_card":"summary_large_image","twitter_misc":{"Verfasst von":"Solkes","Gesch\u00e4tzte Lesezeit":"5\u00a0Minuten"},"schema":{"@context":"https:\/\/schema.org","@graph":[{"@type":"Article","@id":"https:\/\/solkes.com\/de\/stadtisch\/2019\/01\/karneval-der-schwarzen-und-weissen-carnaval-de-negros-y-blancos\/#article","isPartOf":{"@id":"https:\/\/solkes.com\/de\/stadtisch\/2019\/01\/karneval-der-schwarzen-und-weissen-carnaval-de-negros-y-blancos\/"},"author":{"name":"Solkes","@id":"https:\/\/solkes.com\/#\/schema\/person\/8a5ec52c7bc1a2152b3d3c80443c1cff"},"headline":"Karneval der Schwarzen und Wei\u00dfen (Carnaval de Negros y Blancos)","datePublished":"2019-01-03T09:00:35+00:00","dateModified":"2025-02-03T10:18:50+00:00","mainEntityOfPage":{"@id":"https:\/\/solkes.com\/de\/stadtisch\/2019\/01\/karneval-der-schwarzen-und-weissen-carnaval-de-negros-y-blancos\/"},"wordCount":1587,"commentCount":0,"publisher":{"@id":"https:\/\/solkes.com\/#organization"},"image":{"@id":"https:\/\/solkes.com\/de\/stadtisch\/2019\/01\/karneval-der-schwarzen-und-weissen-carnaval-de-negros-y-blancos\/#primaryimage"},"thumbnailUrl":"https:\/\/solkes.com\/wp-content\/uploads\/2019\/08\/1901_03-2-1.jpg","articleSection":["St\u00e4dtisch"],"inLanguage":"de","potentialAction":[{"@type":"CommentAction","name":"Comment","target":["https:\/\/solkes.com\/de\/stadtisch\/2019\/01\/karneval-der-schwarzen-und-weissen-carnaval-de-negros-y-blancos\/#respond"]}]},{"@type":"WebPage","@id":"https:\/\/solkes.com\/de\/stadtisch\/2019\/01\/karneval-der-schwarzen-und-weissen-carnaval-de-negros-y-blancos\/","url":"https:\/\/solkes.com\/de\/stadtisch\/2019\/01\/karneval-der-schwarzen-und-weissen-carnaval-de-negros-y-blancos\/","name":"Karneval der Schwarzen und Wei\u00dfen (Carnaval de Negros y Blancos) - Solkes Magazine","isPartOf":{"@id":"https:\/\/solkes.com\/#website"},"primaryImageOfPage":{"@id":"https:\/\/solkes.com\/de\/stadtisch\/2019\/01\/karneval-der-schwarzen-und-weissen-carnaval-de-negros-y-blancos\/#primaryimage"},"image":{"@id":"https:\/\/solkes.com\/de\/stadtisch\/2019\/01\/karneval-der-schwarzen-und-weissen-carnaval-de-negros-y-blancos\/#primaryimage"},"thumbnailUrl":"https:\/\/solkes.com\/wp-content\/uploads\/2019\/08\/1901_03-2-1.jpg","datePublished":"2019-01-03T09:00:35+00:00","dateModified":"2025-02-03T10:18:50+00:00","description":"Dies ist das wichtigste Fest im S\u00fcden Kolumbiens. Jedes Jahr besuchen Touristen aus der ganzen Welt die Stadt Pasto.","breadcrumb":{"@id":"https:\/\/solkes.com\/de\/stadtisch\/2019\/01\/karneval-der-schwarzen-und-weissen-carnaval-de-negros-y-blancos\/#breadcrumb"},"inLanguage":"de","potentialAction":[{"@type":"ReadAction","target":["https:\/\/solkes.com\/de\/stadtisch\/2019\/01\/karneval-der-schwarzen-und-weissen-carnaval-de-negros-y-blancos\/"]}]},{"@type":"ImageObject","inLanguage":"de","@id":"https:\/\/solkes.com\/de\/stadtisch\/2019\/01\/karneval-der-schwarzen-und-weissen-carnaval-de-negros-y-blancos\/#primaryimage","url":"https:\/\/solkes.com\/wp-content\/uploads\/2019\/08\/1901_03-2-1.jpg","contentUrl":"https:\/\/solkes.com\/wp-content\/uploads\/2019\/08\/1901_03-2-1.jpg","width":996,"height":601,"caption":"Foto: Brenda Cardona \u00a9 Solkes"},{"@type":"BreadcrumbList","@id":"https:\/\/solkes.com\/de\/stadtisch\/2019\/01\/karneval-der-schwarzen-und-weissen-carnaval-de-negros-y-blancos\/#breadcrumb","itemListElement":[{"@type":"ListItem","position":1,"name":"Portada","item":"https:\/\/solkes.com\/"},{"@type":"ListItem","position":2,"name":"Karneval der Schwarzen und Wei\u00dfen (Carnaval de Negros y Blancos)"}]},{"@type":"WebSite","@id":"https:\/\/solkes.com\/#website","url":"https:\/\/solkes.com\/","name":"Solkes Magazine","description":"solkes.com","publisher":{"@id":"https:\/\/solkes.com\/#organization"},"potentialAction":[{"@type":"SearchAction","target":{"@type":"EntryPoint","urlTemplate":"https:\/\/solkes.com\/?s={search_term_string}"},"query-input":{"@type":"PropertyValueSpecification","valueRequired":true,"valueName":"search_term_string"}}],"inLanguage":"de"},{"@type":"Organization","@id":"https:\/\/solkes.com\/#organization","name":"Solkes Magazine","url":"https:\/\/solkes.com\/","logo":{"@type":"ImageObject","inLanguage":"de","@id":"https:\/\/solkes.com\/#\/schema\/logo\/image\/","url":"https:\/\/solkes.com\/wp-content\/uploads\/2024\/09\/logo-SOLKES-820px-x-312px.png","contentUrl":"https:\/\/solkes.com\/wp-content\/uploads\/2024\/09\/logo-SOLKES-820px-x-312px.png","width":411,"height":303,"caption":"Solkes Magazine"},"image":{"@id":"https:\/\/solkes.com\/#\/schema\/logo\/image\/"},"sameAs":["https:\/\/www.facebook.com\/solkesmagazinee\/","https:\/\/instagram.com\/solkesmagazine\/"]},{"@type":"Person","@id":"https:\/\/solkes.com\/#\/schema\/person\/8a5ec52c7bc1a2152b3d3c80443c1cff","name":"Solkes","image":{"@type":"ImageObject","inLanguage":"de","@id":"https:\/\/secure.gravatar.com\/avatar\/13f31bf374b98c36ad5d4509352ea6cffb8801414e0fce7d5fc3dd9380dfb85a?s=96&d=identicon&r=g","url":"https:\/\/secure.gravatar.com\/avatar\/13f31bf374b98c36ad5d4509352ea6cffb8801414e0fce7d5fc3dd9380dfb85a?s=96&d=identicon&r=g","contentUrl":"https:\/\/secure.gravatar.com\/avatar\/13f31bf374b98c36ad5d4509352ea6cffb8801414e0fce7d5fc3dd9380dfb85a?s=96&d=identicon&r=g","caption":"Solkes"},"description":"Equipo de redacci\u00f3n ******************************************************* Editorial team","url":"https:\/\/solkes.com\/de\/author\/solkes\/"}]}},"_links":{"self":[{"href":"https:\/\/solkes.com\/de\/wp-json\/wp\/v2\/posts\/28811","targetHints":{"allow":["GET"]}}],"collection":[{"href":"https:\/\/solkes.com\/de\/wp-json\/wp\/v2\/posts"}],"about":[{"href":"https:\/\/solkes.com\/de\/wp-json\/wp\/v2\/types\/post"}],"author":[{"embeddable":true,"href":"https:\/\/solkes.com\/de\/wp-json\/wp\/v2\/users\/8"}],"replies":[{"embeddable":true,"href":"https:\/\/solkes.com\/de\/wp-json\/wp\/v2\/comments?post=28811"}],"version-history":[{"count":2,"href":"https:\/\/solkes.com\/de\/wp-json\/wp\/v2\/posts\/28811\/revisions"}],"predecessor-version":[{"id":28813,"href":"https:\/\/solkes.com\/de\/wp-json\/wp\/v2\/posts\/28811\/revisions\/28813"}],"wp:featuredmedia":[{"embeddable":true,"href":"https:\/\/solkes.com\/de\/wp-json\/wp\/v2\/media\/22117"}],"wp:attachment":[{"href":"https:\/\/solkes.com\/de\/wp-json\/wp\/v2\/media?parent=28811"}],"wp:term":[{"taxonomy":"category","embeddable":true,"href":"https:\/\/solkes.com\/de\/wp-json\/wp\/v2\/categories?post=28811"},{"taxonomy":"post_tag","embeddable":true,"href":"https:\/\/solkes.com\/de\/wp-json\/wp\/v2\/tags?post=28811"}],"curies":[{"name":"wp","href":"https:\/\/api.w.org\/{rel}","templated":true}]}}