{"id":28796,"date":"2019-01-03T11:00:54","date_gmt":"2019-01-03T09:00:54","guid":{"rendered":"https:\/\/solkes.com\/?p=28796"},"modified":"2025-02-03T11:55:47","modified_gmt":"2025-02-03T09:55:47","slug":"einsamkeit-inmitten-der-massen","status":"publish","type":"post","link":"https:\/\/solkes.com\/de\/anonym-de\/2019\/01\/einsamkeit-inmitten-der-massen\/","title":{"rendered":"Einsamkeit inmitten der Massen"},"content":{"rendered":"<p><span style=\"color: #138a8d;\">W<\/span>\u00e4hrend ich um mich herum und in den Himmel blicke, frage ich mich, warum die Dinge so sind, wie sie sind. Warum zum Beispiel die Wolken flauschig und wei\u00df sind. Warum zum Beispiel die Sonnenstrahlen so unterschiedlich auf dem Wasser gl\u00e4nzen. Warum sie sich auf die Weise spiegeln, wie sie es tun. Manchmal w\u00fcnschte ich, ich k\u00f6nnte im Meer sein. Ich f\u00fchle mich einsam, mehr als mir lieb ist. Ich bin von Menschen und vielen Dingen umgeben, aber ich bin allein \u2013 glaube ich.<\/p>\n<figure id=\"attachment_6234\" aria-describedby=\"caption-attachment-6234\" style=\"width: 996px\" class=\"wp-caption aligncenter\"><a href=\"https:\/\/solkes.com\/wp-content\/uploads\/2019\/01\/1901_03-1.jpg\"><img fetchpriority=\"high\" decoding=\"async\" class=\"size-full wp-image-6234\" src=\"https:\/\/solkes.com\/wp-content\/uploads\/2019\/01\/1901_03-1.jpg\" alt=\"\" width=\"996\" height=\"601\" srcset=\"https:\/\/solkes.com\/wp-content\/uploads\/2019\/01\/1901_03-1.jpg 996w, https:\/\/solkes.com\/wp-content\/uploads\/2019\/01\/1901_03-1-300x181.jpg 300w, https:\/\/solkes.com\/wp-content\/uploads\/2019\/01\/1901_03-1-768x463.jpg 768w, https:\/\/solkes.com\/wp-content\/uploads\/2019\/01\/1901_03-1-320x193.jpg 320w\" sizes=\"(max-width: 996px) 100vw, 996px\" \/><\/a><figcaption id=\"caption-attachment-6234\" class=\"wp-caption-text\">Laura Viera A \u00a9 Solkes<\/figcaption><\/figure>\n<p>Man k\u00f6nnte sagen, unsere Welt ist vernetzter als je zuvor. Ich meine, wir leben in einer Zeit der sozialen Medien. Freunde, Familie und Fremde, die Kilometer entfernt leben, k\u00f6nnen sich sofort miteinander verbinden.<\/p>\n<p>Aber wenn ich zu Hause bin, schweifen meine Tr\u00e4ume oft umher und sind meine einzige Gesellschaft. Wir sind allein zusammen. Es ist, als ob Zeit und Raum in sich zusammenfallen und Menschen aller Art einander n\u00e4herbringen. Doch es spielt keine Rolle, denn viele von uns f\u00fchlen sich trotzdem einsam und k\u00f6nnen dieses Gef\u00fchl nicht absch\u00fctteln.<\/p>\n<figure id=\"attachment_6236\" aria-describedby=\"caption-attachment-6236\" style=\"width: 300px\" class=\"wp-caption alignleft\"><a style=\"color: #000000;\" href=\"https:\/\/solkes.com\/wp-content\/uploads\/2019\/01\/1902_06-1.jpg\"><img decoding=\"async\" class=\"size-medium wp-image-6236\" src=\"http:\/\/solkes.com\/wp-content\/uploads\/2019\/01\/1902_06-300x482.jpg\" alt=\"\" width=\"300\" height=\"482\" \/><\/a><figcaption id=\"caption-attachment-6236\" class=\"wp-caption-text\"><span style=\"color: #000000;\">Laura Viera A \u00a9 Solkes<\/span><\/figcaption><\/figure>\n<p>Also frage ich mich, warum wir uns einsam f\u00fchlen, selbst wenn wir zusammen sind. Wenn wir von Menschen umgeben sind. Was ist dieses schleichende Gef\u00fchl? Woher kommt diese pl\u00f6tzliche Einsamkeit, die mich \u00fcberf\u00e4llt?<\/p>\n<p>Wir sollten zusammenkommen. Junge und Alte, alle Rassen und Kulturen, alle Religionen und \u00dcberzeugungen \u2013 wir sollten uns vereinen.<\/p>\n<p>Wir sollten zusammenkommen, lachen, Spa\u00df haben und wirklich gl\u00fccklich sein. Aber das passiert nicht \u2013 nicht einmal ann\u00e4hernd.<\/p>\n<p>Es ist kein Geheimnis, dass es be\u00e4ngstigend, besch\u00e4mend und schwierig sein kann, anderen zu sagen, dass man sich einsam f\u00fchlt. Aber dieses Gef\u00fchl auszudr\u00fccken und anzuerkennen, kann der erste Schritt sein, es loszulassen.<\/p>\n<p>Ein weiterer harter Fakt ist, dass eine einsame Person oft nicht sehen kann, was direkt vor ihr liegt. Sie verliert den Kontakt zu ihrer Umgebung.<\/p>\n<p>Es ist wichtig zu erkennen, dass Einsamkeit f\u00fcr verschiedene Menschen zu verschiedenen Zeiten im Leben unterschiedlich aussieht. Manchmal, wenn man sich einsam f\u00fchlt, m\u00f6chte man sich von der Welt zur\u00fcckziehen \u2013 doch das setzt nur den Kreislauf der Einsamkeit fort.<\/p>\n<p>Deshalb denke ich, dass \u201eallein\u201c nur ein Wort ist, das so vieles beschreibt. Es steht f\u00fcr innere Gef\u00fchle, die unsere Sinne nicht greifen k\u00f6nnen. Einsamkeit kennt keine Grenzen \u2013 weder Alter noch Geschlecht, weder Beziehungsstatus noch gesellschaftliche Stellung. Sie kann sowohl die mentale als auch die k\u00f6rperliche Gesundheit negativ beeinflussen.<\/p>\n<p>Es kann Tr\u00e4nen geben \u2013 in der Stille des Kummers oder in einem leeren Raum. Oh, einsame Tr\u00e4nen, ein einsames Weinen.<\/p>\n<figure id=\"attachment_6233\" aria-describedby=\"caption-attachment-6233\" style=\"width: 996px\" class=\"wp-caption aligncenter\"><a href=\"https:\/\/solkes.com\/wp-content\/uploads\/2019\/01\/1901_05-1.jpg\"><img decoding=\"async\" class=\"size-full wp-image-6233\" src=\"https:\/\/solkes.com\/wp-content\/uploads\/2019\/01\/1901_05-1.jpg\" alt=\"\" width=\"996\" height=\"601\" srcset=\"https:\/\/solkes.com\/wp-content\/uploads\/2019\/01\/1901_05-1.jpg 996w, https:\/\/solkes.com\/wp-content\/uploads\/2019\/01\/1901_05-1-300x181.jpg 300w, https:\/\/solkes.com\/wp-content\/uploads\/2019\/01\/1901_05-1-768x463.jpg 768w, https:\/\/solkes.com\/wp-content\/uploads\/2019\/01\/1901_05-1-320x193.jpg 320w\" sizes=\"(max-width: 996px) 100vw, 996px\" \/><\/a><figcaption id=\"caption-attachment-6233\" class=\"wp-caption-text\">Laura Viera A \u00a9 Solkes<\/figcaption><\/figure>\n<p>Du sagst, du bist allein. Bist du es wirklich? Lass mich dich in meine einsame Welt einladen. Ich bin allein \u2013 so f\u00fchle ich mich. Ich sp\u00fcre den Schrecken und die erdr\u00fcckende K\u00e4lte der Isolation. Ich f\u00fchle mich unsichtbar f\u00fcr andere \u2013 es erstickt mich.<\/p>\n<p>Ich lade dich ein, ein wenig n\u00e4her zu kommen und meine kleine einsame Welt zu betreten! Ich glaube, Hand in Hand werden wir gegen die Mauern sto\u00dfen, die meine Emotionen umgeben. Ich glaube, wir k\u00f6nnen in die tiefen Gew\u00e4sser des Meeres eintauchen, das all meine Geheimnisse begraben hat.<\/p>\n<p>Der Regen und der Wind begleiten uns durch das Leben wie eine Krankheit. Sie, genau wie die Einsamkeit, besch\u00e4ftigen das Herz, lassen uns nachdenken, geben und nehmen Schmerz, reinigen uns und befreien uns \u2013 aber sie dr\u00e4ngen uns auch in eine Ecke mit wilden, schutzlosen B\u00e4umen.<\/p>\n<figure id=\"attachment_6235\" aria-describedby=\"caption-attachment-6235\" style=\"width: 300px\" class=\"wp-caption alignright\"><a style=\"color: #000000;\" href=\"https:\/\/solkes.com\/wp-content\/uploads\/2019\/01\/1902_04-1.jpg\"><img loading=\"lazy\" decoding=\"async\" class=\"size-medium wp-image-6235\" src=\"http:\/\/solkes.com\/wp-content\/uploads\/2019\/01\/1902_04-300x482.jpg\" alt=\"\" width=\"300\" height=\"482\" \/><\/a><figcaption id=\"caption-attachment-6235\" class=\"wp-caption-text\"><span style=\"color: #000000;\">Laura Viera A \u00a9 Solkes<\/span><\/figcaption><\/figure>\n<p>Und so frage ich mich immer wieder, wie der Lebenszyklus weitergeht. Tag, Nacht, Winter, Fr\u00fchling, Sommer oder Herbst. Regen und Sonne, K\u00e4lte und W\u00e4rme.<\/p>\n<p>Der Mitternachtsregen ist zweifellos ein wilder Regen. Er ist von Dunkelheit umgeben, mit Blitzen, die uns daran erinnern, dass wir alle vergehen werden. Wir h\u00f6ren den Regen nicht, noch danken wir ihm daf\u00fcr, dass er uns gereinigt hat.<\/p>\n<p><span style=\"color: #138a8d;\">D<\/span>ieses Gef\u00fchl kann entmutigend sein. Weil es scheinbar kein Ende hat, k\u00f6nnen Menschen von Freunden und Familie umgeben sein und sich dennoch von der Welt isoliert f\u00fchlen. Langsam kann man beginnen, die Hoffnung auf die Zukunft zu verlieren. Vielleicht ist es nicht einfach, L\u00f6sungen zu finden, und man f\u00fcrchtet, sich f\u00fcr immer so traurig zu f\u00fchlen. Aber Einsamkeit ist nichts, was man allein bew\u00e4ltigen muss. Es gibt Licht am Ende des Tunnels. Blicke tief in dein Herz und deine Seele \u2013 und lasse alles los, was dich herunterzieht.<\/p>\n","protected":false},"excerpt":{"rendered":"<p>W\u00e4hrend ich um mich herum und in den Himmel blicke, frage ich mich, warum die Dinge so sind, wie sie sind. Warum zum Beispiel die Wolken flauschig und wei\u00df sind. Warum zum Beispiel die Sonnenstrahlen so unterschiedlich auf dem Wasser gl\u00e4nzen. Warum sie sich auf die Weise spiegeln, wie sie es tun. Manchmal w\u00fcnschte ich, [&hellip;]<\/p>\n","protected":false},"author":76,"featured_media":6233,"comment_status":"open","ping_status":"open","sticky":false,"template":"","format":"standard","meta":{"_acf_changed":false,"_exactmetrics_skip_tracking":false,"_exactmetrics_sitenote_active":false,"_exactmetrics_sitenote_note":"","_exactmetrics_sitenote_category":0,"site-sidebar-layout":"default","site-content-layout":"default","ast-site-content-layout":"default","site-content-style":"default","site-sidebar-style":"default","ast-global-header-display":"","ast-banner-title-visibility":"","ast-main-header-display":"","ast-hfb-above-header-display":"","ast-hfb-below-header-display":"","ast-hfb-mobile-header-display":"","site-post-title":"","ast-breadcrumbs-content":"","ast-featured-img":"","footer-sml-layout":"","theme-transparent-header-meta":"default","adv-header-id-meta":"","stick-header-meta":"","header-above-stick-meta":"","header-main-stick-meta":"","header-below-stick-meta":"","astra-migrate-meta-layouts":"default","ast-page-background-enabled":"default","ast-page-background-meta":{"desktop":{"background-color":"","background-image":"","background-repeat":"repeat","background-position":"center center","background-size":"auto","background-attachment":"scroll","background-type":"","background-media":"","overlay-type":"","overlay-color":"","overlay-opacity":"","overlay-gradient":""},"tablet":{"background-color":"","background-image":"","background-repeat":"repeat","background-position":"center center","background-size":"auto","background-attachment":"scroll","background-type":"","background-media":"","overlay-type":"","overlay-color":"","overlay-opacity":"","overlay-gradient":""},"mobile":{"background-color":"","background-image":"","background-repeat":"repeat","background-position":"center center","background-size":"auto","background-attachment":"scroll","background-type":"","background-media":"","overlay-type":"","overlay-color":"","overlay-opacity":"","overlay-gradient":""}},"ast-content-background-meta":{"desktop":{"background-color":"var(--ast-global-color-5)","background-image":"","background-repeat":"repeat","background-position":"center center","background-size":"auto","background-attachment":"scroll","background-type":"","background-media":"","overlay-type":"","overlay-color":"","overlay-opacity":"","overlay-gradient":""},"tablet":{"background-color":"var(--ast-global-color-5)","background-image":"","background-repeat":"repeat","background-position":"center center","background-size":"auto","background-attachment":"scroll","background-type":"","background-media":"","overlay-type":"","overlay-color":"","overlay-opacity":"","overlay-gradient":""},"mobile":{"background-color":"var(--ast-global-color-5)","background-image":"","background-repeat":"repeat","background-position":"center center","background-size":"auto","background-attachment":"scroll","background-type":"","background-media":"","overlay-type":"","overlay-color":"","overlay-opacity":"","overlay-gradient":""}},"footnotes":""},"categories":[2931],"tags":[],"class_list":["post-28796","post","type-post","status-publish","format-standard","has-post-thumbnail","hentry","category-anonym-de"],"acf":[],"yoast_head":"<!-- This site is optimized with the Yoast SEO plugin v27.4 - https:\/\/yoast.com\/product\/yoast-seo-wordpress\/ -->\n<title>Einsamkeit inmitten der Massen - Solkes Magazine<\/title>\n<meta name=\"description\" content=\"Wir sollten zusammenkommen. Die Jungen und die Alten, alle Rassen und Kulturen, alle Religionen und alle \u00dcberzeugungen sollten sich vereinen.\" \/>\n<meta name=\"robots\" content=\"index, follow, max-snippet:-1, max-image-preview:large, max-video-preview:-1\" \/>\n<link rel=\"canonical\" href=\"https:\/\/solkes.com\/de\/anonym-de\/2019\/01\/einsamkeit-inmitten-der-massen\/\" \/>\n<meta property=\"og:locale\" content=\"de_DE\" \/>\n<meta property=\"og:type\" content=\"article\" \/>\n<meta property=\"og:title\" content=\"Einsamkeit inmitten der Massen - Solkes Magazine\" \/>\n<meta property=\"og:description\" content=\"Wir sollten zusammenkommen. Die Jungen und die Alten, alle Rassen und Kulturen, alle Religionen und alle \u00dcberzeugungen sollten sich vereinen.\" \/>\n<meta property=\"og:url\" content=\"https:\/\/solkes.com\/de\/anonym-de\/2019\/01\/einsamkeit-inmitten-der-massen\/\" \/>\n<meta property=\"og:site_name\" content=\"Solkes Magazine\" \/>\n<meta property=\"article:publisher\" content=\"https:\/\/www.facebook.com\/solkesmagazinee\/\" \/>\n<meta property=\"article:published_time\" content=\"2019-01-03T09:00:54+00:00\" \/>\n<meta property=\"article:modified_time\" content=\"2025-02-03T09:55:47+00:00\" \/>\n<meta property=\"og:image\" content=\"https:\/\/solkes.com\/wp-content\/uploads\/2019\/01\/1901_05-1.jpg\" \/>\n\t<meta property=\"og:image:width\" content=\"996\" \/>\n\t<meta property=\"og:image:height\" content=\"601\" \/>\n\t<meta property=\"og:image:type\" content=\"image\/jpeg\" \/>\n<meta name=\"author\" content=\"Laura Viera A.\" \/>\n<meta name=\"twitter:card\" content=\"summary_large_image\" \/>\n<meta name=\"twitter:label1\" content=\"Verfasst von\" \/>\n\t<meta name=\"twitter:data1\" content=\"Laura Viera A.\" \/>\n\t<meta name=\"twitter:label2\" content=\"Gesch\u00e4tzte Lesezeit\" \/>\n\t<meta name=\"twitter:data2\" content=\"5\u00a0Minuten\" \/>\n<script type=\"application\/ld+json\" class=\"yoast-schema-graph\">{\"@context\":\"https:\\\/\\\/schema.org\",\"@graph\":[{\"@type\":\"Article\",\"@id\":\"https:\\\/\\\/solkes.com\\\/de\\\/anonym-de\\\/2019\\\/01\\\/einsamkeit-inmitten-der-massen\\\/#article\",\"isPartOf\":{\"@id\":\"https:\\\/\\\/solkes.com\\\/de\\\/anonym-de\\\/2019\\\/01\\\/einsamkeit-inmitten-der-massen\\\/\"},\"author\":{\"name\":\"Laura Viera A.\",\"@id\":\"https:\\\/\\\/solkes.com\\\/#\\\/schema\\\/person\\\/54684f1c0bebcaff4d6b3f1ec2e71e91\"},\"headline\":\"Einsamkeit inmitten der Massen\",\"datePublished\":\"2019-01-03T09:00:54+00:00\",\"dateModified\":\"2025-02-03T09:55:47+00:00\",\"mainEntityOfPage\":{\"@id\":\"https:\\\/\\\/solkes.com\\\/de\\\/anonym-de\\\/2019\\\/01\\\/einsamkeit-inmitten-der-massen\\\/\"},\"wordCount\":798,\"commentCount\":0,\"publisher\":{\"@id\":\"https:\\\/\\\/solkes.com\\\/#organization\"},\"image\":{\"@id\":\"https:\\\/\\\/solkes.com\\\/de\\\/anonym-de\\\/2019\\\/01\\\/einsamkeit-inmitten-der-massen\\\/#primaryimage\"},\"thumbnailUrl\":\"https:\\\/\\\/solkes.com\\\/wp-content\\\/uploads\\\/2019\\\/01\\\/1901_05-1.jpg\",\"articleSection\":[\"Anonym\"],\"inLanguage\":\"de\",\"potentialAction\":[{\"@type\":\"CommentAction\",\"name\":\"Comment\",\"target\":[\"https:\\\/\\\/solkes.com\\\/de\\\/anonym-de\\\/2019\\\/01\\\/einsamkeit-inmitten-der-massen\\\/#respond\"]}]},{\"@type\":\"WebPage\",\"@id\":\"https:\\\/\\\/solkes.com\\\/de\\\/anonym-de\\\/2019\\\/01\\\/einsamkeit-inmitten-der-massen\\\/\",\"url\":\"https:\\\/\\\/solkes.com\\\/de\\\/anonym-de\\\/2019\\\/01\\\/einsamkeit-inmitten-der-massen\\\/\",\"name\":\"Einsamkeit inmitten der Massen - Solkes Magazine\",\"isPartOf\":{\"@id\":\"https:\\\/\\\/solkes.com\\\/#website\"},\"primaryImageOfPage\":{\"@id\":\"https:\\\/\\\/solkes.com\\\/de\\\/anonym-de\\\/2019\\\/01\\\/einsamkeit-inmitten-der-massen\\\/#primaryimage\"},\"image\":{\"@id\":\"https:\\\/\\\/solkes.com\\\/de\\\/anonym-de\\\/2019\\\/01\\\/einsamkeit-inmitten-der-massen\\\/#primaryimage\"},\"thumbnailUrl\":\"https:\\\/\\\/solkes.com\\\/wp-content\\\/uploads\\\/2019\\\/01\\\/1901_05-1.jpg\",\"datePublished\":\"2019-01-03T09:00:54+00:00\",\"dateModified\":\"2025-02-03T09:55:47+00:00\",\"description\":\"Wir sollten zusammenkommen. Die Jungen und die Alten, alle Rassen und Kulturen, alle Religionen und alle \u00dcberzeugungen sollten sich vereinen.\",\"breadcrumb\":{\"@id\":\"https:\\\/\\\/solkes.com\\\/de\\\/anonym-de\\\/2019\\\/01\\\/einsamkeit-inmitten-der-massen\\\/#breadcrumb\"},\"inLanguage\":\"de\",\"potentialAction\":[{\"@type\":\"ReadAction\",\"target\":[\"https:\\\/\\\/solkes.com\\\/de\\\/anonym-de\\\/2019\\\/01\\\/einsamkeit-inmitten-der-massen\\\/\"]}]},{\"@type\":\"ImageObject\",\"inLanguage\":\"de\",\"@id\":\"https:\\\/\\\/solkes.com\\\/de\\\/anonym-de\\\/2019\\\/01\\\/einsamkeit-inmitten-der-massen\\\/#primaryimage\",\"url\":\"https:\\\/\\\/solkes.com\\\/wp-content\\\/uploads\\\/2019\\\/01\\\/1901_05-1.jpg\",\"contentUrl\":\"https:\\\/\\\/solkes.com\\\/wp-content\\\/uploads\\\/2019\\\/01\\\/1901_05-1.jpg\",\"width\":996,\"height\":601,\"caption\":\"Laura Viera A \u00a9 Solkes\"},{\"@type\":\"BreadcrumbList\",\"@id\":\"https:\\\/\\\/solkes.com\\\/de\\\/anonym-de\\\/2019\\\/01\\\/einsamkeit-inmitten-der-massen\\\/#breadcrumb\",\"itemListElement\":[{\"@type\":\"ListItem\",\"position\":1,\"name\":\"Portada\",\"item\":\"https:\\\/\\\/solkes.com\\\/\"},{\"@type\":\"ListItem\",\"position\":2,\"name\":\"Einsamkeit inmitten der Massen\"}]},{\"@type\":\"WebSite\",\"@id\":\"https:\\\/\\\/solkes.com\\\/#website\",\"url\":\"https:\\\/\\\/solkes.com\\\/\",\"name\":\"Solkes Magazine\",\"description\":\"solkes.com\",\"publisher\":{\"@id\":\"https:\\\/\\\/solkes.com\\\/#organization\"},\"potentialAction\":[{\"@type\":\"SearchAction\",\"target\":{\"@type\":\"EntryPoint\",\"urlTemplate\":\"https:\\\/\\\/solkes.com\\\/?s={search_term_string}\"},\"query-input\":{\"@type\":\"PropertyValueSpecification\",\"valueRequired\":true,\"valueName\":\"search_term_string\"}}],\"inLanguage\":\"de\"},{\"@type\":\"Organization\",\"@id\":\"https:\\\/\\\/solkes.com\\\/#organization\",\"name\":\"Solkes Magazine\",\"url\":\"https:\\\/\\\/solkes.com\\\/\",\"logo\":{\"@type\":\"ImageObject\",\"inLanguage\":\"de\",\"@id\":\"https:\\\/\\\/solkes.com\\\/#\\\/schema\\\/logo\\\/image\\\/\",\"url\":\"https:\\\/\\\/solkes.com\\\/wp-content\\\/uploads\\\/2024\\\/09\\\/logo-SOLKES-820px-x-312px.png\",\"contentUrl\":\"https:\\\/\\\/solkes.com\\\/wp-content\\\/uploads\\\/2024\\\/09\\\/logo-SOLKES-820px-x-312px.png\",\"width\":411,\"height\":303,\"caption\":\"Solkes Magazine\"},\"image\":{\"@id\":\"https:\\\/\\\/solkes.com\\\/#\\\/schema\\\/logo\\\/image\\\/\"},\"sameAs\":[\"https:\\\/\\\/www.facebook.com\\\/solkesmagazinee\\\/\",\"https:\\\/\\\/instagram.com\\\/solkesmagazine\\\/\"]},{\"@type\":\"Person\",\"@id\":\"https:\\\/\\\/solkes.com\\\/#\\\/schema\\\/person\\\/54684f1c0bebcaff4d6b3f1ec2e71e91\",\"name\":\"Laura Viera A.\",\"image\":{\"@type\":\"ImageObject\",\"inLanguage\":\"de\",\"@id\":\"https:\\\/\\\/secure.gravatar.com\\\/avatar\\\/d7b6a8bb956f5279e99babca11ed31351716b19f59e9e3e989847c0ca9e0c5d9?s=96&d=identicon&r=g\",\"url\":\"https:\\\/\\\/secure.gravatar.com\\\/avatar\\\/d7b6a8bb956f5279e99babca11ed31351716b19f59e9e3e989847c0ca9e0c5d9?s=96&d=identicon&r=g\",\"contentUrl\":\"https:\\\/\\\/secure.gravatar.com\\\/avatar\\\/d7b6a8bb956f5279e99babca11ed31351716b19f59e9e3e989847c0ca9e0c5d9?s=96&d=identicon&r=g\",\"caption\":\"Laura Viera A.\"},\"description\":\"Fundadora y Directora Editorial de Solkes Magazine Es periodista de vocaci\u00f3n y formaci\u00f3n. Estudi\u00f3 Comunicaci\u00f3n Social con \u00e9nfasis en Periodismo en la Pontificia Universidad Javeriana de Bogot\u00e1, Colombia. Desde muy joven sinti\u00f3 una profunda pasi\u00f3n por contar historias, explorar el mundo y dar voz a quienes no la tienen. Su compromiso con los Derechos Humanos ha sido una constante en su trayectoria, participando activamente en proyectos sociales desde temprana edad. Este inter\u00e9s se refleja en el enfoque editorial de Solkes, una revista que prioriza el periodismo independiente, la diversidad cultural y la profundidad narrativa. Laura naci\u00f3 en Bogot\u00e1, vivi\u00f3 tres a\u00f1os en Madrid, Espa\u00f1a, y desde el verano de 2010 reside en Alemania. Esta experiencia multicultural ha enriquecido su perspectiva y ha sido clave para la creaci\u00f3n de una revista triling\u00fce que trasciende fronteras y conecta a lectores de distintas partes del mundo. ******************************************************************************************* Founder and Editorial Director of Solkes Magazine She is a passionate journalist by vocation and training. She studied Mass Communication with an emphasis on Journalism at the Pontificia Universidad Javeriana in Bogot\u00e1, Colombia. From a young age, she was deeply motivated to tell stories, explore the world, and give a voice to those who often go unheard. Her commitment to Human Rights has been a constant throughout her career, actively participating in social projects since early on. This dedication is reflected in Solkes Magazine\u2019s editorial focus on independent journalism, cultural diversity, and in-depth storytelling. Born in Bogot\u00e1, Laura lived in Madrid, Spain for three years, and has been residing in Germany since the summer of 2010. This multicultural experience has enriched her perspective and played a key role in creating a trilingual magazine that transcends borders and connects readers from around the world. ******************************************************************************************* Gr\u00fcnderin und Chefredakteurin von Solkes Magazine Laura Viera ist eine leidenschaftliche Journalistin aus Berufung und Ausbildung. Sie hat Soziale Kommunikation mit Schwerpunkt Journalismus an der Pontificia Universidad Javeriana in Bogot\u00e1, Kolumbien, studiert. Schon in jungen Jahren war sie stark motiviert, Geschichten zu erz\u00e4hlen, die Welt zu erkunden und denen eine Stimme zu geben, die oft ungeh\u00f6rt bleiben. Ihr Engagement f\u00fcr Menschenrechte begleitet sie seit Beginn ihrer Laufbahn. Sie war von Anfang an aktiv an sozialen Projekten beteiligt. Dieses Engagement spiegelt sich auch im redaktionellen Fokus von Solkes Magazine wider, das unabh\u00e4ngigen Journalismus, kulturelle Vielfalt und tiefgr\u00fcndiges Erz\u00e4hlen in den Vordergrund stellt. Geboren in Bogot\u00e1, lebte Laura drei Jahre in Madrid, Spanien, und lebt seit Sommer 2010 in Deutschland. Diese multikulturelle Erfahrung hat ihre Perspektive bereichert und war entscheidend bei der Gr\u00fcndung eines dreisprachigen Magazins, das Grenzen \u00fcberschreitet und Leser weltweit verbindet.\",\"sameAs\":[\"http:\\\/\\\/www.solkes.com\"],\"url\":\"https:\\\/\\\/solkes.com\\\/de\\\/author\\\/lauraviera2019\\\/\"}]}<\/script>\n<!-- \/ Yoast SEO plugin. -->","yoast_head_json":{"title":"Einsamkeit inmitten der Massen - Solkes Magazine","description":"Wir sollten zusammenkommen. Die Jungen und die Alten, alle Rassen und Kulturen, alle Religionen und alle \u00dcberzeugungen sollten sich vereinen.","robots":{"index":"index","follow":"follow","max-snippet":"max-snippet:-1","max-image-preview":"max-image-preview:large","max-video-preview":"max-video-preview:-1"},"canonical":"https:\/\/solkes.com\/de\/anonym-de\/2019\/01\/einsamkeit-inmitten-der-massen\/","og_locale":"de_DE","og_type":"article","og_title":"Einsamkeit inmitten der Massen - Solkes Magazine","og_description":"Wir sollten zusammenkommen. Die Jungen und die Alten, alle Rassen und Kulturen, alle Religionen und alle \u00dcberzeugungen sollten sich vereinen.","og_url":"https:\/\/solkes.com\/de\/anonym-de\/2019\/01\/einsamkeit-inmitten-der-massen\/","og_site_name":"Solkes Magazine","article_publisher":"https:\/\/www.facebook.com\/solkesmagazinee\/","article_published_time":"2019-01-03T09:00:54+00:00","article_modified_time":"2025-02-03T09:55:47+00:00","og_image":[{"width":996,"height":601,"url":"https:\/\/solkes.com\/wp-content\/uploads\/2019\/01\/1901_05-1.jpg","type":"image\/jpeg"}],"author":"Laura Viera A.","twitter_card":"summary_large_image","twitter_misc":{"Verfasst von":"Laura Viera A.","Gesch\u00e4tzte Lesezeit":"5\u00a0Minuten"},"schema":{"@context":"https:\/\/schema.org","@graph":[{"@type":"Article","@id":"https:\/\/solkes.com\/de\/anonym-de\/2019\/01\/einsamkeit-inmitten-der-massen\/#article","isPartOf":{"@id":"https:\/\/solkes.com\/de\/anonym-de\/2019\/01\/einsamkeit-inmitten-der-massen\/"},"author":{"name":"Laura Viera A.","@id":"https:\/\/solkes.com\/#\/schema\/person\/54684f1c0bebcaff4d6b3f1ec2e71e91"},"headline":"Einsamkeit inmitten der Massen","datePublished":"2019-01-03T09:00:54+00:00","dateModified":"2025-02-03T09:55:47+00:00","mainEntityOfPage":{"@id":"https:\/\/solkes.com\/de\/anonym-de\/2019\/01\/einsamkeit-inmitten-der-massen\/"},"wordCount":798,"commentCount":0,"publisher":{"@id":"https:\/\/solkes.com\/#organization"},"image":{"@id":"https:\/\/solkes.com\/de\/anonym-de\/2019\/01\/einsamkeit-inmitten-der-massen\/#primaryimage"},"thumbnailUrl":"https:\/\/solkes.com\/wp-content\/uploads\/2019\/01\/1901_05-1.jpg","articleSection":["Anonym"],"inLanguage":"de","potentialAction":[{"@type":"CommentAction","name":"Comment","target":["https:\/\/solkes.com\/de\/anonym-de\/2019\/01\/einsamkeit-inmitten-der-massen\/#respond"]}]},{"@type":"WebPage","@id":"https:\/\/solkes.com\/de\/anonym-de\/2019\/01\/einsamkeit-inmitten-der-massen\/","url":"https:\/\/solkes.com\/de\/anonym-de\/2019\/01\/einsamkeit-inmitten-der-massen\/","name":"Einsamkeit inmitten der Massen - Solkes Magazine","isPartOf":{"@id":"https:\/\/solkes.com\/#website"},"primaryImageOfPage":{"@id":"https:\/\/solkes.com\/de\/anonym-de\/2019\/01\/einsamkeit-inmitten-der-massen\/#primaryimage"},"image":{"@id":"https:\/\/solkes.com\/de\/anonym-de\/2019\/01\/einsamkeit-inmitten-der-massen\/#primaryimage"},"thumbnailUrl":"https:\/\/solkes.com\/wp-content\/uploads\/2019\/01\/1901_05-1.jpg","datePublished":"2019-01-03T09:00:54+00:00","dateModified":"2025-02-03T09:55:47+00:00","description":"Wir sollten zusammenkommen. Die Jungen und die Alten, alle Rassen und Kulturen, alle Religionen und alle \u00dcberzeugungen sollten sich vereinen.","breadcrumb":{"@id":"https:\/\/solkes.com\/de\/anonym-de\/2019\/01\/einsamkeit-inmitten-der-massen\/#breadcrumb"},"inLanguage":"de","potentialAction":[{"@type":"ReadAction","target":["https:\/\/solkes.com\/de\/anonym-de\/2019\/01\/einsamkeit-inmitten-der-massen\/"]}]},{"@type":"ImageObject","inLanguage":"de","@id":"https:\/\/solkes.com\/de\/anonym-de\/2019\/01\/einsamkeit-inmitten-der-massen\/#primaryimage","url":"https:\/\/solkes.com\/wp-content\/uploads\/2019\/01\/1901_05-1.jpg","contentUrl":"https:\/\/solkes.com\/wp-content\/uploads\/2019\/01\/1901_05-1.jpg","width":996,"height":601,"caption":"Laura Viera A \u00a9 Solkes"},{"@type":"BreadcrumbList","@id":"https:\/\/solkes.com\/de\/anonym-de\/2019\/01\/einsamkeit-inmitten-der-massen\/#breadcrumb","itemListElement":[{"@type":"ListItem","position":1,"name":"Portada","item":"https:\/\/solkes.com\/"},{"@type":"ListItem","position":2,"name":"Einsamkeit inmitten der Massen"}]},{"@type":"WebSite","@id":"https:\/\/solkes.com\/#website","url":"https:\/\/solkes.com\/","name":"Solkes Magazine","description":"solkes.com","publisher":{"@id":"https:\/\/solkes.com\/#organization"},"potentialAction":[{"@type":"SearchAction","target":{"@type":"EntryPoint","urlTemplate":"https:\/\/solkes.com\/?s={search_term_string}"},"query-input":{"@type":"PropertyValueSpecification","valueRequired":true,"valueName":"search_term_string"}}],"inLanguage":"de"},{"@type":"Organization","@id":"https:\/\/solkes.com\/#organization","name":"Solkes Magazine","url":"https:\/\/solkes.com\/","logo":{"@type":"ImageObject","inLanguage":"de","@id":"https:\/\/solkes.com\/#\/schema\/logo\/image\/","url":"https:\/\/solkes.com\/wp-content\/uploads\/2024\/09\/logo-SOLKES-820px-x-312px.png","contentUrl":"https:\/\/solkes.com\/wp-content\/uploads\/2024\/09\/logo-SOLKES-820px-x-312px.png","width":411,"height":303,"caption":"Solkes Magazine"},"image":{"@id":"https:\/\/solkes.com\/#\/schema\/logo\/image\/"},"sameAs":["https:\/\/www.facebook.com\/solkesmagazinee\/","https:\/\/instagram.com\/solkesmagazine\/"]},{"@type":"Person","@id":"https:\/\/solkes.com\/#\/schema\/person\/54684f1c0bebcaff4d6b3f1ec2e71e91","name":"Laura Viera A.","image":{"@type":"ImageObject","inLanguage":"de","@id":"https:\/\/secure.gravatar.com\/avatar\/d7b6a8bb956f5279e99babca11ed31351716b19f59e9e3e989847c0ca9e0c5d9?s=96&d=identicon&r=g","url":"https:\/\/secure.gravatar.com\/avatar\/d7b6a8bb956f5279e99babca11ed31351716b19f59e9e3e989847c0ca9e0c5d9?s=96&d=identicon&r=g","contentUrl":"https:\/\/secure.gravatar.com\/avatar\/d7b6a8bb956f5279e99babca11ed31351716b19f59e9e3e989847c0ca9e0c5d9?s=96&d=identicon&r=g","caption":"Laura Viera A."},"description":"Fundadora y Directora Editorial de Solkes Magazine Es periodista de vocaci\u00f3n y formaci\u00f3n. Estudi\u00f3 Comunicaci\u00f3n Social con \u00e9nfasis en Periodismo en la Pontificia Universidad Javeriana de Bogot\u00e1, Colombia. Desde muy joven sinti\u00f3 una profunda pasi\u00f3n por contar historias, explorar el mundo y dar voz a quienes no la tienen. Su compromiso con los Derechos Humanos ha sido una constante en su trayectoria, participando activamente en proyectos sociales desde temprana edad. Este inter\u00e9s se refleja en el enfoque editorial de Solkes, una revista que prioriza el periodismo independiente, la diversidad cultural y la profundidad narrativa. Laura naci\u00f3 en Bogot\u00e1, vivi\u00f3 tres a\u00f1os en Madrid, Espa\u00f1a, y desde el verano de 2010 reside en Alemania. Esta experiencia multicultural ha enriquecido su perspectiva y ha sido clave para la creaci\u00f3n de una revista triling\u00fce que trasciende fronteras y conecta a lectores de distintas partes del mundo. ******************************************************************************************* Founder and Editorial Director of Solkes Magazine She is a passionate journalist by vocation and training. She studied Mass Communication with an emphasis on Journalism at the Pontificia Universidad Javeriana in Bogot\u00e1, Colombia. From a young age, she was deeply motivated to tell stories, explore the world, and give a voice to those who often go unheard. Her commitment to Human Rights has been a constant throughout her career, actively participating in social projects since early on. This dedication is reflected in Solkes Magazine\u2019s editorial focus on independent journalism, cultural diversity, and in-depth storytelling. Born in Bogot\u00e1, Laura lived in Madrid, Spain for three years, and has been residing in Germany since the summer of 2010. This multicultural experience has enriched her perspective and played a key role in creating a trilingual magazine that transcends borders and connects readers from around the world. ******************************************************************************************* Gr\u00fcnderin und Chefredakteurin von Solkes Magazine Laura Viera ist eine leidenschaftliche Journalistin aus Berufung und Ausbildung. Sie hat Soziale Kommunikation mit Schwerpunkt Journalismus an der Pontificia Universidad Javeriana in Bogot\u00e1, Kolumbien, studiert. Schon in jungen Jahren war sie stark motiviert, Geschichten zu erz\u00e4hlen, die Welt zu erkunden und denen eine Stimme zu geben, die oft ungeh\u00f6rt bleiben. Ihr Engagement f\u00fcr Menschenrechte begleitet sie seit Beginn ihrer Laufbahn. Sie war von Anfang an aktiv an sozialen Projekten beteiligt. Dieses Engagement spiegelt sich auch im redaktionellen Fokus von Solkes Magazine wider, das unabh\u00e4ngigen Journalismus, kulturelle Vielfalt und tiefgr\u00fcndiges Erz\u00e4hlen in den Vordergrund stellt. Geboren in Bogot\u00e1, lebte Laura drei Jahre in Madrid, Spanien, und lebt seit Sommer 2010 in Deutschland. Diese multikulturelle Erfahrung hat ihre Perspektive bereichert und war entscheidend bei der Gr\u00fcndung eines dreisprachigen Magazins, das Grenzen \u00fcberschreitet und Leser weltweit verbindet.","sameAs":["http:\/\/www.solkes.com"],"url":"https:\/\/solkes.com\/de\/author\/lauraviera2019\/"}]}},"_links":{"self":[{"href":"https:\/\/solkes.com\/de\/wp-json\/wp\/v2\/posts\/28796","targetHints":{"allow":["GET"]}}],"collection":[{"href":"https:\/\/solkes.com\/de\/wp-json\/wp\/v2\/posts"}],"about":[{"href":"https:\/\/solkes.com\/de\/wp-json\/wp\/v2\/types\/post"}],"author":[{"embeddable":true,"href":"https:\/\/solkes.com\/de\/wp-json\/wp\/v2\/users\/76"}],"replies":[{"embeddable":true,"href":"https:\/\/solkes.com\/de\/wp-json\/wp\/v2\/comments?post=28796"}],"version-history":[{"count":1,"href":"https:\/\/solkes.com\/de\/wp-json\/wp\/v2\/posts\/28796\/revisions"}],"predecessor-version":[{"id":28800,"href":"https:\/\/solkes.com\/de\/wp-json\/wp\/v2\/posts\/28796\/revisions\/28800"}],"wp:featuredmedia":[{"embeddable":true,"href":"https:\/\/solkes.com\/de\/wp-json\/wp\/v2\/media\/6233"}],"wp:attachment":[{"href":"https:\/\/solkes.com\/de\/wp-json\/wp\/v2\/media?parent=28796"}],"wp:term":[{"taxonomy":"category","embeddable":true,"href":"https:\/\/solkes.com\/de\/wp-json\/wp\/v2\/categories?post=28796"},{"taxonomy":"post_tag","embeddable":true,"href":"https:\/\/solkes.com\/de\/wp-json\/wp\/v2\/tags?post=28796"}],"curies":[{"name":"wp","href":"https:\/\/api.w.org\/{rel}","templated":true}]}}