{"id":28298,"date":"2022-05-03T11:00:50","date_gmt":"2022-05-03T09:00:50","guid":{"rendered":"https:\/\/solkes.com\/?p=28298"},"modified":"2024-11-04T11:26:52","modified_gmt":"2024-11-04T09:26:52","slug":"tag-ohne-tabak","status":"publish","type":"post","link":"https:\/\/solkes.com\/de\/im-fokus\/2022\/05\/tag-ohne-tabak\/","title":{"rendered":"Tag ohne Tabak"},"content":{"rendered":"<p><span style=\"color: #138a8d;\">D<\/span>er Konsum von Zigaretten ist das Hauptproblem der \u00f6ffentlichen Gesundheit in den westlichen L\u00e4ndern und die gr\u00f6\u00dfte vermeidbare Ursache f\u00fcr Krankheiten und Todesf\u00e4lle.<\/p>\n<p>Rauchen ist eine Sucht, ein erlerntes Verhalten und eine soziale Abh\u00e4ngigkeit. Wir sprechen hier \u00fcber Tabakabh\u00e4ngigkeit. Ich vertrete die Auffassung, dass man die Dinge ohne Umschweife ansprechen sollte, so transparent wie m\u00f6glich, auch wenn die Informationen einigen Menschen unangenehm sind.<\/p>\n<h3><span style=\"color: #138a8d;\"><strong>Das Problem<\/strong><\/span><\/h3>\n<p>Das Rauchen hat viele Probleme. Beginnen wir damit, dass die meisten Menschen vor dem 20. Lebensjahr mit dem Rauchen anfangen. Nach und nach werden die Situationen, in denen gew\u00f6hnlich geraucht wird, mit den verst\u00e4rkenden Effekten von Nikotin assoziiert.<\/p>\n<figure id=\"attachment_14444\" aria-describedby=\"caption-attachment-14444\" style=\"width: 374px\" class=\"wp-caption alignleft\"><img fetchpriority=\"high\" decoding=\"async\" class=\"size-solkes_horizontal wp-image-14444\" src=\"https:\/\/solkes.com\/wp-content\/uploads\/2022\/05\/tabaco-2205_01-374x601.jpg\" alt=\"\" width=\"374\" height=\"601\" srcset=\"https:\/\/solkes.com\/wp-content\/uploads\/2022\/05\/tabaco-2205_01-374x601.jpg 374w, https:\/\/solkes.com\/wp-content\/uploads\/2022\/05\/tabaco-2205_01-187x300.jpg 187w, https:\/\/solkes.com\/wp-content\/uploads\/2022\/05\/tabaco-2205_01.jpg 620w, https:\/\/solkes.com\/wp-content\/uploads\/2022\/05\/tabaco-2205_01-299x480.jpg 299w\" sizes=\"(max-width: 374px) 100vw, 374px\" \/><figcaption id=\"caption-attachment-14444\" class=\"wp-caption-text\">Betty Boop \u00a9 Solkes<\/figcaption><\/figure>\n<p>Sie beginnen zu rauchen, w\u00e4hrend sie eine Tasse Kaffee trinken, in ihren Pausen bei der Arbeit oder zwischen den Vorlesungen an der Universit\u00e4t.<\/p>\n<p>Sie sind immer von anderen Menschen umgeben, die rauchen, und das macht es sehr schwierig, die Sucht zu \u00fcberwinden.<\/p>\n<p>Die Konditionierung, die in einem solchen Umfeld entsteht, ist eine der wichtigsten Ursachen f\u00fcr R\u00fcckf\u00e4lle.<\/p>\n<p>Zu den weiteren Faktoren, die mit einer Zigarette verbunden sind, geh\u00f6ren das soziale Umfeld und viele Schl\u00fcsselmomente im Leben unserer Gesellschaft: Hochzeiten, Geburtstagsfeiern, Taufen oder andere Arten von sozialen Feiern, einschlie\u00dflich sportlicher Ereignisse.<\/p>\n<p>Glauben Sie es oder nicht, ich wei\u00df, dass es f\u00fcr viele nicht ungew\u00f6hnlich sein wird, dass Rauchen weiterhin ein Symbol f\u00fcr den \u00dcbergang ins Erwachsenenleben und ein Identifikationselement mit der Gruppe darstellt.<\/p>\n<h3><span style=\"color: #138a8d;\"><strong>Der Weltgesundheitstag<\/strong><\/span><\/h3>\n<p>Der Welt-Nichtrauchertag und der Tag der Lungen Gesundheit werden jedes Jahr am 31. Mai gefeiert. Es ist ein Tag, der von der Weltgesundheitsorganisation (WHO) und ihren Partnern ins Leben gerufen wurde. An diesem Tag wird eine weitere Gelegenheit genutzt, um auf die sch\u00e4dlichen und t\u00f6dlichen Auswirkungen des Tabakkonsums und der Exposition gegen\u00fcber Passivrauchen aufmerksam zu machen und um vom Konsum von Tabak in jeglicher Form abzuhalten.<\/p>\n<p>Es mag wiederholend klingen, aber die Exposition gegen\u00fcber Tabak in jeglicher Form ist die Hauptursache f\u00fcr vermeidbare Todesf\u00e4lle weltweit. Derzeit stirbt einer von zehn Erwachsenen weltweit an den Folgen des Rauchens.<\/p>\n<figure id=\"attachment_16256\" aria-describedby=\"caption-attachment-16256\" style=\"width: 996px\" class=\"wp-caption aligncenter\"><img decoding=\"async\" class=\"size-solkes_horizontal wp-image-16256\" src=\"https:\/\/solkes.com\/wp-content\/uploads\/2022\/05\/tabaco-2205_05.jpg\" alt=\"\" width=\"996\" height=\"601\" srcset=\"https:\/\/solkes.com\/wp-content\/uploads\/2022\/05\/tabaco-2205_05.jpg 996w, https:\/\/solkes.com\/wp-content\/uploads\/2022\/05\/tabaco-2205_05-300x181.jpg 300w, https:\/\/solkes.com\/wp-content\/uploads\/2022\/05\/tabaco-2205_05-768x463.jpg 768w, https:\/\/solkes.com\/wp-content\/uploads\/2022\/05\/tabaco-2205_05-320x193.jpg 320w\" sizes=\"(max-width: 996px) 100vw, 996px\" \/><figcaption id=\"caption-attachment-16256\" class=\"wp-caption-text\">A.Soles \u00a9 Solkes<\/figcaption><\/figure>\n<p>Angesichts eines so gravierenden Problems haben zahlreiche Organisationen und Regierungen auf der ganzen Welt beschlossen, diesen Herausforderungen zu begegnen. Aber wie tun sie das? Es ist keine einfache Aufgabe.<\/p>\n<p>Wie bei anderen Krankheiten sind die besten Strategien zur Bek\u00e4mpfung des Problems Pr\u00e4vention und Kontrolle, die zwei Aspekte umfassen sollten:<\/p>\n<p><span style=\"color: #138a8d;\">1.<\/span> Soziale Ansprache: Dies geschieht durch Ma\u00dfnahmen zur Schaffung rauchfreier Zonen, Werbeverbote und die Kontrolle der F\u00f6rderung des Rauchverhaltens, die durch Werbung erfolgt.<\/p>\n<p><span style=\"color: #138a8d;\">2.<\/span> Entw\u00f6hnung von der Tabakabh\u00e4ngigkeit: Es ist wichtig, den Menschen effektive Hilfe anzubieten, damit sie mit dem Rauchen aufh\u00f6ren und das Risiko eines R\u00fcckfalls minimieren k\u00f6nnen, durch therapeutische Unterst\u00fctzung, die nicht nur auf pharmakologischen Interventionen, sondern auch auf psychosozialer Unterst\u00fctzung basiert.<\/p>\n<h3><span style=\"color: #138a8d;\"><strong>Die Betroffenen<\/strong><\/span><\/h3>\n<p>Durch das Rauchen sind nicht nur die Raucher betroffen, sondern auch die ihnen nahestehenden Personen, die Passivraucher.<\/p>\n<p>Der Tabakkonsum t\u00f6tet jedes Jahr fast 6 Millionen Menschen, und Prognosen zeigen, dass diese Zahl bis 2030 auf \u00fcber 8 Millionen Todesf\u00e4lle j\u00e4hrlich ansteigen wird, wenn die Ma\u00dfnahmen zu dessen Eind\u00e4mmung nicht verst\u00e4rkt werden.<\/p>\n<p>Tabak schadet allen. Er verursacht Krankheiten und f\u00fchrt zum Tod.<\/p>\n<p>Dar\u00fcber hinaus werden beim Anbau von Tabak gro\u00dfe Mengen an Pestiziden und giftigen D\u00fcngemitteln eingesetzt, die das Wasser kontaminieren und zur Desertifikation f\u00fchren.<\/p>\n<p>Es gibt viele Gr\u00fcnde, warum Sie mit dem Rauchen aufh\u00f6ren sollten, aber der m\u00e4chtigste Grund ist zweifellos Ihre Gesundheit. Hier sind einige der direkten Folgen, wie Tabak Ihre Gesundheit beeintr\u00e4chtigt.<\/p>\n<p>Die sch\u00e4dlichen Auswirkungen des Tabaks sind haupts\u00e4chlich vier:<\/p>\n<p><span style=\"color: #138a8d;\">Nikotin:<\/span> Der Hauptbestandteil des Tabaks, der die Abh\u00e4ngigkeit erzeugt.<\/p>\n<p><span style=\"color: #138a8d;\">Kohlenmonoxid:<\/span>\u00a0Ein Gas, das aus der unvollst\u00e4ndigen Verbrennung von Tabak und jedem brennbaren Produkt entsteht, einschlie\u00dflich der Abgase von Kraftfahrzeugen, sei es Benzin oder Diesel.<\/p>\n<p><span style=\"color: #138a8d;\">Reizgase:<\/span>\u00a0Gase, die das Atmungssystem beeintr\u00e4chtigen.<\/p>\n<p><span style=\"color: #138a8d;\">Krebsf\u00f6rdernde Substanzen:<\/span>\u00a0Im Tabakrauch wurden verschiedene potenziell krebserregende Substanzen wie Benzo(a)pyren festgestellt, die w\u00e4hrend der Verbrennung des Tabaks, des Zigarettenpapiers oder des Teers, der als Bindemittel in Tabak verwendet wird, entstehen.<\/p>\n<h3><span style=\"color: #138a8d;\"><strong>Gesundheitliche Auswirkungen<\/strong><\/span><\/h3>\n<p>Raucher leiden h\u00e4ufig unter zahlreichen Gesundheitsproblemen, insbesondere Lungenkrebs. Es ist jedoch auch nachgewiesen, dass Tumore in anderen K\u00f6rperbereichen wie Kehlkopf, Rachen, Mund, Speiser\u00f6hre, Blase, Niere und Bauchspeicheldr\u00fcse auftreten k\u00f6nnen.<\/p>\n<figure id=\"attachment_14446\" aria-describedby=\"caption-attachment-14446\" style=\"width: 374px\" class=\"wp-caption alignright\"><img decoding=\"async\" class=\"size-solkes_horizontal wp-image-14446\" src=\"https:\/\/solkes.com\/wp-content\/uploads\/2022\/05\/tabaco-2205_02-374x601.jpg\" alt=\"\" width=\"374\" height=\"601\" srcset=\"https:\/\/solkes.com\/wp-content\/uploads\/2022\/05\/tabaco-2205_02-374x601.jpg 374w, https:\/\/solkes.com\/wp-content\/uploads\/2022\/05\/tabaco-2205_02-187x300.jpg 187w, https:\/\/solkes.com\/wp-content\/uploads\/2022\/05\/tabaco-2205_02.jpg 620w, https:\/\/solkes.com\/wp-content\/uploads\/2022\/05\/tabaco-2205_02-299x480.jpg 299w\" sizes=\"(max-width: 374px) 100vw, 374px\" \/><figcaption id=\"caption-attachment-14446\" class=\"wp-caption-text\">Nessa Twix \u00a9 Solkes<\/figcaption><\/figure>\n<p>Dar\u00fcber hinaus zeigen Studien, dass Rauchen das Risiko f\u00fcr Leuk\u00e4mie sowie Magen-, Brust-, Leber- und Geb\u00e4rmutterkrebs erh\u00f6ht.<\/p>\n<p>Rauchen steigert die Herzfrequenz und den Blutdruck, was das Herz zu zus\u00e4tzlicher Arbeit zwingt und das Risiko f\u00fcr koronare Erkrankungen direkt erh\u00f6ht.<\/p>\n<p>Viele Raucher leiden an chronischer Bronchitis und Emphysem. All diese Symptome k\u00f6nnen zu schweren Atemwegserkrankungen f\u00fchren, wobei die schwerste die chronisch obstruktive Lungenerkrankung (COPD) ist.<\/p>\n<p>Sowohl M\u00e4nner als auch Frauen, die rauchen, k\u00f6nnen ihre Fruchtbarkeit verringern; im Fall von M\u00e4nnern kann dies auch zu erektiler Dysfunktion f\u00fchren.<\/p>\n<p>Rauchende Frauen haben ein h\u00f6heres Risiko f\u00fcr Fehlgeburten sowie Komplikationen w\u00e4hrend Schwangerschaft und Geburt. Zudem haben Babys von rauchenden M\u00fcttern oft ein geringeres Geburtsgewicht, was mit einem h\u00f6heren Risiko f\u00fcr Tod und Krankheiten w\u00e4hrend der Stillzeit und in der fr\u00fchen Kindheit verbunden ist.<\/p>\n<h3><span style=\"color: #138a8d;\"><strong>Vorteile des Aufh\u00f6rens<\/strong><\/span><\/h3>\n<p>Nach den ersten Schwierigkeiten, die durch das Entzugssyndrom verursacht werden, beginnt der K\u00f6rper schnell, verlorene Funktionen wiederherzustellen:<\/p>\n<p>Nach wenigen Stunden ohne Tabak steigt der Sauerstoffgehalt im K\u00f6rper und der Kohlenstoffdioxidgehalt sinkt.<\/p>\n<p>Nach nur 24 Stunden wird eine Verringerung der angesammelten Schleimproduktion sp\u00fcrbar.<\/p>\n<p>Nach 2 Tagen normalisieren sich die Sinne von Geruch und Geschmack, auch wenn man etwas \u00e4ngstlich sein kann, da das Entzugssyndrom st\u00e4rker wird.<\/p>\n<p>Nach 3 Tagen f\u00fchlt man sich viel energischer, da der K\u00f6rper den Gro\u00dfteil des Nikotins ausgeschieden hat und die Bronchien beginnen, besser zu arbeiten. Es kann jedoch zu Reizbarkeit und Verlangen nach Zigaretten kommen.<\/p>\n<figure id=\"attachment_16254\" aria-describedby=\"caption-attachment-16254\" style=\"width: 374px\" class=\"wp-caption alignleft\"><img loading=\"lazy\" decoding=\"async\" class=\"size-solkes_horizontal wp-image-16254\" src=\"https:\/\/solkes.com\/wp-content\/uploads\/2022\/05\/tabaco-2205_04-374x601.jpg\" alt=\"\" width=\"374\" height=\"601\" srcset=\"https:\/\/solkes.com\/wp-content\/uploads\/2022\/05\/tabaco-2205_04-374x601.jpg 374w, https:\/\/solkes.com\/wp-content\/uploads\/2022\/05\/tabaco-2205_04-187x300.jpg 187w, https:\/\/solkes.com\/wp-content\/uploads\/2022\/05\/tabaco-2205_04.jpg 620w, https:\/\/solkes.com\/wp-content\/uploads\/2022\/05\/tabaco-2205_04-299x480.jpg 299w\" sizes=\"(max-width: 374px) 100vw, 374px\" \/><figcaption id=\"caption-attachment-16254\" class=\"wp-caption-text\">A.Soles \u00a9 Solkes<\/figcaption><\/figure>\n<p>Nach zwei Wochen wird das Entzugssyndrom besser kontrollierbar, und man kann mit besserer Leistung Sport treiben.<\/p>\n<p>Nach etwa sechs Monaten verschwinden Hustenanf\u00e4lle, und man erkrankt seltener an oberen Atemwegsinfektionen, d.h. Erk\u00e4ltungen.<\/p>\n<p>Nach einem Jahr halbiert sich das Risiko eines Herzinfarkts.<\/p>\n<p>Nach zehn Jahren ist das Risiko, an Lungenkrebs zu erkranken, um die H\u00e4lfte reduziert.<\/p>\n<p>Nach f\u00fcnfzehn Jahren ist das Risiko eines Herzstillstands gleich dem eines Nichtrauchers, und die Lungen sind vollst\u00e4ndig regeneriert.<\/p>\n<p>Die Vorteile des Aufh\u00f6rens sind offensichtlich: Sie treten sofort auf und mit der Zeit gibt es nur Vorteile. Doch wir wissen, dass es ziemlich schwierig ist, mit dem Rauchen aufzuh\u00f6ren.<\/p>\n<p>Warum ist es so schwer, mit dem Rauchen aufzuh\u00f6ren? Lassen Sie mich Ihnen sagen, dass es daf\u00fcr einen Grund gibt.<\/p>\n<p>In den Bl\u00e4ttern der Tabakpflanze befindet sich Nikotin (eine sehr s\u00fcchtig machende Substanz). Es ist der Grund f\u00fcr die Sucht, die scheinbar nie endet.<\/p>\n<p>Was passiert genau? Wenn Nikotin ins Gehirn gelangt, trifft es auf spezifische Rezeptoren. Die Wirkung ist schnell: Nach den 7 bis 10 Sekunden, die eine Zigarette dauert, hat das Nikotin sofort Einfluss auf den entsprechenden Rezeptor, was ein Gef\u00fchl von Belohnung und Vergn\u00fcgen ausl\u00f6st.<\/p>\n<h3><span style=\"color: #138a8d;\"><strong>Wie die Ver\u00e4nderung erreicht wird<\/strong><\/span><\/h3>\n<p>Regierungen reduzieren die durch Tabak verursachten Sch\u00e4den, indem sie die im Rahmen des WHO-Rahmen\u00fcbereinkommens zur Tabakkontrolle festgelegten Bestimmungen umsetzen und anwenden. Dazu geh\u00f6ren Ma\u00dfnahmen zur Senkung der Tabaknachfrage sowie zur Reduzierung der Produktion, Verteilung, Verf\u00fcgbarkeit und Versorgung mit Tabak.<\/p>\n<p>Das WHO-Rahmen\u00fcbereinkommen zur Tabakkontrolle (FCTC) ist der erste unter der Aufsicht der Weltgesundheitsorganisation ausgehandelte Vertrag.<\/p>\n<figure id=\"attachment_14448\" aria-describedby=\"caption-attachment-14448\" style=\"width: 374px\" class=\"wp-caption alignright\"><img loading=\"lazy\" decoding=\"async\" class=\"size-solkes_horizontal wp-image-14448\" src=\"https:\/\/solkes.com\/wp-content\/uploads\/2022\/05\/tabaco-2205_03-374x601.jpg\" alt=\"\" width=\"374\" height=\"601\" srcset=\"https:\/\/solkes.com\/wp-content\/uploads\/2022\/05\/tabaco-2205_03-374x601.jpg 374w, https:\/\/solkes.com\/wp-content\/uploads\/2022\/05\/tabaco-2205_03-187x300.jpg 187w, https:\/\/solkes.com\/wp-content\/uploads\/2022\/05\/tabaco-2205_03.jpg 620w, https:\/\/solkes.com\/wp-content\/uploads\/2022\/05\/tabaco-2205_03-299x480.jpg 299w\" sizes=\"(max-width: 374px) 100vw, 374px\" \/><figcaption id=\"caption-attachment-14448\" class=\"wp-caption-text\">Betty Boop \u00a9 Solkes<\/figcaption><\/figure>\n<p>Es handelt sich um einen evidenzbasierten Vertrag, der das Recht aller Menschen auf den h\u00f6chstm\u00f6glichen Gesundheitsstandard bekr\u00e4ftigt.<\/p>\n<p>Zudem stellt es einen Paradigmenwechsel in der Entwicklung einer Regulierungstrategie zur Bek\u00e4mpfung von Suchtstoffen dar. Es wird die Bedeutung von Nachfragestrategien sowie von Angebotsfragen hervorgehoben.<\/p>\n<p>Die grundlegenden Ma\u00dfnahmen dieses \u00dcbereinkommens sind:<\/p>\n<p><span style=\"color: #138a8d;\">1.<\/span> Preis- und Steuerma\u00dfnahmen zur Senkung der Tabaknachfrage.<\/p>\n<p><span style=\"color: #138a8d;\">2.<\/span> Ma\u00dfnahmen abgesehen von Preisen zur Senkung der Tabaknachfrage.<\/p>\n<h3><strong><span style=\"color: #138a8d;\">Fazit zwischen Rauch<\/span><\/strong><\/h3>\n<p>Wir wissen, dass es dringend notwendig ist, die gegenw\u00e4rtigen und zuk\u00fcnftigen Generationen vor den verheerenden Folgen des Tabakkonsums und der Exposition gegen\u00fcber Tabakrauch zu sch\u00fctzen.<\/p>\n<p>Regierungen nutzen die im Rahmen des WHO-Rahmen\u00fcbereinkommens zur Tabakkontrolle (FCTC) vorgesehenen Ma\u00dfnahmen, um die Pr\u00e4valenz des Tabakkonsums und die Exposition gegen\u00fcber Tabakrauch zu reduzieren.<\/p>\n<p>Es ist jedoch wahr, dass die Tabakindustrie immer die Jugendlichen als Zielgruppe angesehen hat, da sie anf\u00e4lliger f\u00fcr manipulative Werbung sind. Wenn wir den Konsum unter Jugendlichen verhindern, gewinnen wir viel Boden, um den weltweiten Tabakkonsum zu reduzieren.<\/p>\n<p>Es mag nicht einfach sein, mit dem Rauchen aufzuh\u00f6ren, aber ich glaube, dass immer ein Aktionsplan erforderlich ist; klar ist jedoch, dass eine zu exakte Planung m\u00f6glicherweise nicht die beste Option ist. Aus meinen Beobachtungen haben die meisten Ex-Raucher, die alleine aufgeh\u00f6rt haben, nicht \u00fcberm\u00e4\u00dfig geplant. Vielmehr haben sie die Notwendigkeit erkannt, die Kontrolle \u00fcber den Tabak zu \u00fcbernehmen, und haben motiviert gehandelt, was zu guten Ergebnissen f\u00fchrte. Der einzige Misserfolg ist, es nicht zu versuchen.<\/p>\n<p><span style=\"color: #138a8d;\">E<\/span>in gro\u00dfes Problem ist, dass Raucher behaupten, niemandem zu schaden, da Tabak weder die Wahrnehmung noch die Pers\u00f6nlichkeit oder das Verhalten ver\u00e4ndert. Aber sie vergessen, dass Passivrauchen sch\u00e4dlich f\u00fcr andere ist, dass es ekelhaft ist, den ganzen Tag nach Aschenbecher zu riechen, und dass verf\u00e4rbte N\u00e4gel schrecklich sind, um nur einige zu nennen.<\/p>\n","protected":false},"excerpt":{"rendered":"<p>Der Konsum von Zigaretten ist das Hauptproblem der \u00f6ffentlichen Gesundheit in den westlichen L\u00e4ndern und die gr\u00f6\u00dfte vermeidbare Ursache f\u00fcr Krankheiten und Todesf\u00e4lle. Rauchen ist eine Sucht, ein erlerntes Verhalten und eine soziale Abh\u00e4ngigkeit. Wir sprechen hier \u00fcber Tabakabh\u00e4ngigkeit. Ich vertrete die Auffassung, dass man die Dinge ohne Umschweife ansprechen sollte, so transparent wie m\u00f6glich, [&hellip;]<\/p>\n","protected":false},"author":76,"featured_media":25518,"comment_status":"open","ping_status":"open","sticky":false,"template":"","format":"standard","meta":{"_acf_changed":false,"_exactmetrics_skip_tracking":false,"_exactmetrics_sitenote_active":false,"_exactmetrics_sitenote_note":"","_exactmetrics_sitenote_category":0,"site-sidebar-layout":"default","site-content-layout":"default","ast-site-content-layout":"default","site-content-style":"default","site-sidebar-style":"default","ast-global-header-display":"","ast-banner-title-visibility":"","ast-main-header-display":"","ast-hfb-above-header-display":"","ast-hfb-below-header-display":"","ast-hfb-mobile-header-display":"","site-post-title":"","ast-breadcrumbs-content":"","ast-featured-img":"","footer-sml-layout":"","theme-transparent-header-meta":"default","adv-header-id-meta":"","stick-header-meta":"","header-above-stick-meta":"","header-main-stick-meta":"","header-below-stick-meta":"","astra-migrate-meta-layouts":"default","ast-page-background-enabled":"default","ast-page-background-meta":{"desktop":{"background-color":"","background-image":"","background-repeat":"repeat","background-position":"center center","background-size":"auto","background-attachment":"scroll","background-type":"","background-media":"","overlay-type":"","overlay-color":"","overlay-opacity":"","overlay-gradient":""},"tablet":{"background-color":"","background-image":"","background-repeat":"repeat","background-position":"center center","background-size":"auto","background-attachment":"scroll","background-type":"","background-media":"","overlay-type":"","overlay-color":"","overlay-opacity":"","overlay-gradient":""},"mobile":{"background-color":"","background-image":"","background-repeat":"repeat","background-position":"center center","background-size":"auto","background-attachment":"scroll","background-type":"","background-media":"","overlay-type":"","overlay-color":"","overlay-opacity":"","overlay-gradient":""}},"ast-content-background-meta":{"desktop":{"background-color":"var(--ast-global-color-5)","background-image":"","background-repeat":"repeat","background-position":"center center","background-size":"auto","background-attachment":"scroll","background-type":"","background-media":"","overlay-type":"","overlay-color":"","overlay-opacity":"","overlay-gradient":""},"tablet":{"background-color":"var(--ast-global-color-5)","background-image":"","background-repeat":"repeat","background-position":"center center","background-size":"auto","background-attachment":"scroll","background-type":"","background-media":"","overlay-type":"","overlay-color":"","overlay-opacity":"","overlay-gradient":""},"mobile":{"background-color":"var(--ast-global-color-5)","background-image":"","background-repeat":"repeat","background-position":"center center","background-size":"auto","background-attachment":"scroll","background-type":"","background-media":"","overlay-type":"","overlay-color":"","overlay-opacity":"","overlay-gradient":""}},"footnotes":""},"categories":[2932],"tags":[],"class_list":["post-28298","post","type-post","status-publish","format-standard","has-post-thumbnail","hentry","category-im-fokus"],"acf":[],"yoast_head":"<!-- This site is optimized with the Yoast SEO plugin v27.4 - https:\/\/yoast.com\/product\/yoast-seo-wordpress\/ -->\n<title>Tag ohne Tabak - Solkes Magazine<\/title>\n<meta name=\"robots\" content=\"index, follow, max-snippet:-1, max-image-preview:large, max-video-preview:-1\" \/>\n<link rel=\"canonical\" href=\"https:\/\/solkes.com\/de\/im-fokus\/2022\/05\/tag-ohne-tabak\/\" \/>\n<meta property=\"og:locale\" content=\"de_DE\" \/>\n<meta property=\"og:type\" content=\"article\" \/>\n<meta property=\"og:title\" content=\"Tag ohne Tabak - Solkes Magazine\" \/>\n<meta property=\"og:description\" content=\"Der Konsum von Zigaretten ist das Hauptproblem der \u00f6ffentlichen Gesundheit in den westlichen L\u00e4ndern und die gr\u00f6\u00dfte vermeidbare Ursache f\u00fcr Krankheiten und Todesf\u00e4lle. Rauchen ist eine Sucht, ein erlerntes Verhalten und eine soziale Abh\u00e4ngigkeit. Wir sprechen hier \u00fcber Tabakabh\u00e4ngigkeit. Ich vertrete die Auffassung, dass man die Dinge ohne Umschweife ansprechen sollte, so transparent wie m\u00f6glich, [&hellip;]\" \/>\n<meta property=\"og:url\" content=\"https:\/\/solkes.com\/de\/im-fokus\/2022\/05\/tag-ohne-tabak\/\" \/>\n<meta property=\"og:site_name\" content=\"Solkes Magazine\" \/>\n<meta property=\"article:publisher\" content=\"https:\/\/www.facebook.com\/solkesmagazinee\/\" \/>\n<meta property=\"article:published_time\" content=\"2022-05-03T09:00:50+00:00\" \/>\n<meta property=\"article:modified_time\" content=\"2024-11-04T09:26:52+00:00\" \/>\n<meta property=\"og:image\" content=\"https:\/\/solkes.com\/wp-content\/uploads\/2022\/05\/tabaco-2205_05.jpg\" \/>\n\t<meta property=\"og:image:width\" content=\"996\" \/>\n\t<meta property=\"og:image:height\" content=\"601\" \/>\n\t<meta property=\"og:image:type\" content=\"image\/jpeg\" \/>\n<meta name=\"author\" content=\"Laura Viera A.\" \/>\n<meta name=\"twitter:card\" content=\"summary_large_image\" \/>\n<meta name=\"twitter:label1\" content=\"Verfasst von\" \/>\n\t<meta name=\"twitter:data1\" content=\"Laura Viera A.\" \/>\n\t<meta name=\"twitter:label2\" content=\"Gesch\u00e4tzte Lesezeit\" \/>\n\t<meta name=\"twitter:data2\" content=\"8\u00a0Minuten\" \/>\n<script type=\"application\/ld+json\" class=\"yoast-schema-graph\">{\"@context\":\"https:\\\/\\\/schema.org\",\"@graph\":[{\"@type\":\"Article\",\"@id\":\"https:\\\/\\\/solkes.com\\\/de\\\/im-fokus\\\/2022\\\/05\\\/tag-ohne-tabak\\\/#article\",\"isPartOf\":{\"@id\":\"https:\\\/\\\/solkes.com\\\/de\\\/im-fokus\\\/2022\\\/05\\\/tag-ohne-tabak\\\/\"},\"author\":{\"name\":\"Laura Viera A.\",\"@id\":\"https:\\\/\\\/solkes.com\\\/#\\\/schema\\\/person\\\/54684f1c0bebcaff4d6b3f1ec2e71e91\"},\"headline\":\"Tag ohne Tabak\",\"datePublished\":\"2022-05-03T09:00:50+00:00\",\"dateModified\":\"2024-11-04T09:26:52+00:00\",\"mainEntityOfPage\":{\"@id\":\"https:\\\/\\\/solkes.com\\\/de\\\/im-fokus\\\/2022\\\/05\\\/tag-ohne-tabak\\\/\"},\"wordCount\":1615,\"commentCount\":0,\"publisher\":{\"@id\":\"https:\\\/\\\/solkes.com\\\/#organization\"},\"image\":{\"@id\":\"https:\\\/\\\/solkes.com\\\/de\\\/im-fokus\\\/2022\\\/05\\\/tag-ohne-tabak\\\/#primaryimage\"},\"thumbnailUrl\":\"https:\\\/\\\/solkes.com\\\/wp-content\\\/uploads\\\/2022\\\/05\\\/tabaco-2205_05.jpg\",\"articleSection\":[\"Im Fokus\"],\"inLanguage\":\"de\",\"potentialAction\":[{\"@type\":\"CommentAction\",\"name\":\"Comment\",\"target\":[\"https:\\\/\\\/solkes.com\\\/de\\\/im-fokus\\\/2022\\\/05\\\/tag-ohne-tabak\\\/#respond\"]}]},{\"@type\":\"WebPage\",\"@id\":\"https:\\\/\\\/solkes.com\\\/de\\\/im-fokus\\\/2022\\\/05\\\/tag-ohne-tabak\\\/\",\"url\":\"https:\\\/\\\/solkes.com\\\/de\\\/im-fokus\\\/2022\\\/05\\\/tag-ohne-tabak\\\/\",\"name\":\"Tag ohne Tabak - Solkes Magazine\",\"isPartOf\":{\"@id\":\"https:\\\/\\\/solkes.com\\\/#website\"},\"primaryImageOfPage\":{\"@id\":\"https:\\\/\\\/solkes.com\\\/de\\\/im-fokus\\\/2022\\\/05\\\/tag-ohne-tabak\\\/#primaryimage\"},\"image\":{\"@id\":\"https:\\\/\\\/solkes.com\\\/de\\\/im-fokus\\\/2022\\\/05\\\/tag-ohne-tabak\\\/#primaryimage\"},\"thumbnailUrl\":\"https:\\\/\\\/solkes.com\\\/wp-content\\\/uploads\\\/2022\\\/05\\\/tabaco-2205_05.jpg\",\"datePublished\":\"2022-05-03T09:00:50+00:00\",\"dateModified\":\"2024-11-04T09:26:52+00:00\",\"breadcrumb\":{\"@id\":\"https:\\\/\\\/solkes.com\\\/de\\\/im-fokus\\\/2022\\\/05\\\/tag-ohne-tabak\\\/#breadcrumb\"},\"inLanguage\":\"de\",\"potentialAction\":[{\"@type\":\"ReadAction\",\"target\":[\"https:\\\/\\\/solkes.com\\\/de\\\/im-fokus\\\/2022\\\/05\\\/tag-ohne-tabak\\\/\"]}]},{\"@type\":\"ImageObject\",\"inLanguage\":\"de\",\"@id\":\"https:\\\/\\\/solkes.com\\\/de\\\/im-fokus\\\/2022\\\/05\\\/tag-ohne-tabak\\\/#primaryimage\",\"url\":\"https:\\\/\\\/solkes.com\\\/wp-content\\\/uploads\\\/2022\\\/05\\\/tabaco-2205_05.jpg\",\"contentUrl\":\"https:\\\/\\\/solkes.com\\\/wp-content\\\/uploads\\\/2022\\\/05\\\/tabaco-2205_05.jpg\",\"width\":996,\"height\":601,\"caption\":\"A.Soles \u00a9 Solkes\"},{\"@type\":\"BreadcrumbList\",\"@id\":\"https:\\\/\\\/solkes.com\\\/de\\\/im-fokus\\\/2022\\\/05\\\/tag-ohne-tabak\\\/#breadcrumb\",\"itemListElement\":[{\"@type\":\"ListItem\",\"position\":1,\"name\":\"Portada\",\"item\":\"https:\\\/\\\/solkes.com\\\/\"},{\"@type\":\"ListItem\",\"position\":2,\"name\":\"Tag ohne Tabak\"}]},{\"@type\":\"WebSite\",\"@id\":\"https:\\\/\\\/solkes.com\\\/#website\",\"url\":\"https:\\\/\\\/solkes.com\\\/\",\"name\":\"Solkes Magazine\",\"description\":\"solkes.com\",\"publisher\":{\"@id\":\"https:\\\/\\\/solkes.com\\\/#organization\"},\"potentialAction\":[{\"@type\":\"SearchAction\",\"target\":{\"@type\":\"EntryPoint\",\"urlTemplate\":\"https:\\\/\\\/solkes.com\\\/?s={search_term_string}\"},\"query-input\":{\"@type\":\"PropertyValueSpecification\",\"valueRequired\":true,\"valueName\":\"search_term_string\"}}],\"inLanguage\":\"de\"},{\"@type\":\"Organization\",\"@id\":\"https:\\\/\\\/solkes.com\\\/#organization\",\"name\":\"Solkes Magazine\",\"url\":\"https:\\\/\\\/solkes.com\\\/\",\"logo\":{\"@type\":\"ImageObject\",\"inLanguage\":\"de\",\"@id\":\"https:\\\/\\\/solkes.com\\\/#\\\/schema\\\/logo\\\/image\\\/\",\"url\":\"https:\\\/\\\/solkes.com\\\/wp-content\\\/uploads\\\/2024\\\/09\\\/logo-SOLKES-820px-x-312px.png\",\"contentUrl\":\"https:\\\/\\\/solkes.com\\\/wp-content\\\/uploads\\\/2024\\\/09\\\/logo-SOLKES-820px-x-312px.png\",\"width\":411,\"height\":303,\"caption\":\"Solkes Magazine\"},\"image\":{\"@id\":\"https:\\\/\\\/solkes.com\\\/#\\\/schema\\\/logo\\\/image\\\/\"},\"sameAs\":[\"https:\\\/\\\/www.facebook.com\\\/solkesmagazinee\\\/\",\"https:\\\/\\\/instagram.com\\\/solkesmagazine\\\/\"]},{\"@type\":\"Person\",\"@id\":\"https:\\\/\\\/solkes.com\\\/#\\\/schema\\\/person\\\/54684f1c0bebcaff4d6b3f1ec2e71e91\",\"name\":\"Laura Viera A.\",\"image\":{\"@type\":\"ImageObject\",\"inLanguage\":\"de\",\"@id\":\"https:\\\/\\\/secure.gravatar.com\\\/avatar\\\/d7b6a8bb956f5279e99babca11ed31351716b19f59e9e3e989847c0ca9e0c5d9?s=96&d=identicon&r=g\",\"url\":\"https:\\\/\\\/secure.gravatar.com\\\/avatar\\\/d7b6a8bb956f5279e99babca11ed31351716b19f59e9e3e989847c0ca9e0c5d9?s=96&d=identicon&r=g\",\"contentUrl\":\"https:\\\/\\\/secure.gravatar.com\\\/avatar\\\/d7b6a8bb956f5279e99babca11ed31351716b19f59e9e3e989847c0ca9e0c5d9?s=96&d=identicon&r=g\",\"caption\":\"Laura Viera A.\"},\"description\":\"Fundadora y Directora Editorial de Solkes Magazine Es periodista de vocaci\u00f3n y formaci\u00f3n. Estudi\u00f3 Comunicaci\u00f3n Social con \u00e9nfasis en Periodismo en la Pontificia Universidad Javeriana de Bogot\u00e1, Colombia. Desde muy joven sinti\u00f3 una profunda pasi\u00f3n por contar historias, explorar el mundo y dar voz a quienes no la tienen. Su compromiso con los Derechos Humanos ha sido una constante en su trayectoria, participando activamente en proyectos sociales desde temprana edad. Este inter\u00e9s se refleja en el enfoque editorial de Solkes, una revista que prioriza el periodismo independiente, la diversidad cultural y la profundidad narrativa. Laura naci\u00f3 en Bogot\u00e1, vivi\u00f3 tres a\u00f1os en Madrid, Espa\u00f1a, y desde el verano de 2010 reside en Alemania. Esta experiencia multicultural ha enriquecido su perspectiva y ha sido clave para la creaci\u00f3n de una revista triling\u00fce que trasciende fronteras y conecta a lectores de distintas partes del mundo. ******************************************************************************************* Founder and Editorial Director of Solkes Magazine She is a passionate journalist by vocation and training. She studied Mass Communication with an emphasis on Journalism at the Pontificia Universidad Javeriana in Bogot\u00e1, Colombia. From a young age, she was deeply motivated to tell stories, explore the world, and give a voice to those who often go unheard. Her commitment to Human Rights has been a constant throughout her career, actively participating in social projects since early on. This dedication is reflected in Solkes Magazine\u2019s editorial focus on independent journalism, cultural diversity, and in-depth storytelling. Born in Bogot\u00e1, Laura lived in Madrid, Spain for three years, and has been residing in Germany since the summer of 2010. This multicultural experience has enriched her perspective and played a key role in creating a trilingual magazine that transcends borders and connects readers from around the world. ******************************************************************************************* Gr\u00fcnderin und Chefredakteurin von Solkes Magazine Laura Viera ist eine leidenschaftliche Journalistin aus Berufung und Ausbildung. Sie hat Soziale Kommunikation mit Schwerpunkt Journalismus an der Pontificia Universidad Javeriana in Bogot\u00e1, Kolumbien, studiert. Schon in jungen Jahren war sie stark motiviert, Geschichten zu erz\u00e4hlen, die Welt zu erkunden und denen eine Stimme zu geben, die oft ungeh\u00f6rt bleiben. Ihr Engagement f\u00fcr Menschenrechte begleitet sie seit Beginn ihrer Laufbahn. Sie war von Anfang an aktiv an sozialen Projekten beteiligt. Dieses Engagement spiegelt sich auch im redaktionellen Fokus von Solkes Magazine wider, das unabh\u00e4ngigen Journalismus, kulturelle Vielfalt und tiefgr\u00fcndiges Erz\u00e4hlen in den Vordergrund stellt. Geboren in Bogot\u00e1, lebte Laura drei Jahre in Madrid, Spanien, und lebt seit Sommer 2010 in Deutschland. Diese multikulturelle Erfahrung hat ihre Perspektive bereichert und war entscheidend bei der Gr\u00fcndung eines dreisprachigen Magazins, das Grenzen \u00fcberschreitet und Leser weltweit verbindet.\",\"sameAs\":[\"http:\\\/\\\/www.solkes.com\"],\"url\":\"https:\\\/\\\/solkes.com\\\/de\\\/author\\\/lauraviera2019\\\/\"}]}<\/script>\n<!-- \/ Yoast SEO plugin. -->","yoast_head_json":{"title":"Tag ohne Tabak - Solkes Magazine","robots":{"index":"index","follow":"follow","max-snippet":"max-snippet:-1","max-image-preview":"max-image-preview:large","max-video-preview":"max-video-preview:-1"},"canonical":"https:\/\/solkes.com\/de\/im-fokus\/2022\/05\/tag-ohne-tabak\/","og_locale":"de_DE","og_type":"article","og_title":"Tag ohne Tabak - Solkes Magazine","og_description":"Der Konsum von Zigaretten ist das Hauptproblem der \u00f6ffentlichen Gesundheit in den westlichen L\u00e4ndern und die gr\u00f6\u00dfte vermeidbare Ursache f\u00fcr Krankheiten und Todesf\u00e4lle. Rauchen ist eine Sucht, ein erlerntes Verhalten und eine soziale Abh\u00e4ngigkeit. Wir sprechen hier \u00fcber Tabakabh\u00e4ngigkeit. Ich vertrete die Auffassung, dass man die Dinge ohne Umschweife ansprechen sollte, so transparent wie m\u00f6glich, [&hellip;]","og_url":"https:\/\/solkes.com\/de\/im-fokus\/2022\/05\/tag-ohne-tabak\/","og_site_name":"Solkes Magazine","article_publisher":"https:\/\/www.facebook.com\/solkesmagazinee\/","article_published_time":"2022-05-03T09:00:50+00:00","article_modified_time":"2024-11-04T09:26:52+00:00","og_image":[{"width":996,"height":601,"url":"https:\/\/solkes.com\/wp-content\/uploads\/2022\/05\/tabaco-2205_05.jpg","type":"image\/jpeg"}],"author":"Laura Viera A.","twitter_card":"summary_large_image","twitter_misc":{"Verfasst von":"Laura Viera A.","Gesch\u00e4tzte Lesezeit":"8\u00a0Minuten"},"schema":{"@context":"https:\/\/schema.org","@graph":[{"@type":"Article","@id":"https:\/\/solkes.com\/de\/im-fokus\/2022\/05\/tag-ohne-tabak\/#article","isPartOf":{"@id":"https:\/\/solkes.com\/de\/im-fokus\/2022\/05\/tag-ohne-tabak\/"},"author":{"name":"Laura Viera A.","@id":"https:\/\/solkes.com\/#\/schema\/person\/54684f1c0bebcaff4d6b3f1ec2e71e91"},"headline":"Tag ohne Tabak","datePublished":"2022-05-03T09:00:50+00:00","dateModified":"2024-11-04T09:26:52+00:00","mainEntityOfPage":{"@id":"https:\/\/solkes.com\/de\/im-fokus\/2022\/05\/tag-ohne-tabak\/"},"wordCount":1615,"commentCount":0,"publisher":{"@id":"https:\/\/solkes.com\/#organization"},"image":{"@id":"https:\/\/solkes.com\/de\/im-fokus\/2022\/05\/tag-ohne-tabak\/#primaryimage"},"thumbnailUrl":"https:\/\/solkes.com\/wp-content\/uploads\/2022\/05\/tabaco-2205_05.jpg","articleSection":["Im Fokus"],"inLanguage":"de","potentialAction":[{"@type":"CommentAction","name":"Comment","target":["https:\/\/solkes.com\/de\/im-fokus\/2022\/05\/tag-ohne-tabak\/#respond"]}]},{"@type":"WebPage","@id":"https:\/\/solkes.com\/de\/im-fokus\/2022\/05\/tag-ohne-tabak\/","url":"https:\/\/solkes.com\/de\/im-fokus\/2022\/05\/tag-ohne-tabak\/","name":"Tag ohne Tabak - Solkes Magazine","isPartOf":{"@id":"https:\/\/solkes.com\/#website"},"primaryImageOfPage":{"@id":"https:\/\/solkes.com\/de\/im-fokus\/2022\/05\/tag-ohne-tabak\/#primaryimage"},"image":{"@id":"https:\/\/solkes.com\/de\/im-fokus\/2022\/05\/tag-ohne-tabak\/#primaryimage"},"thumbnailUrl":"https:\/\/solkes.com\/wp-content\/uploads\/2022\/05\/tabaco-2205_05.jpg","datePublished":"2022-05-03T09:00:50+00:00","dateModified":"2024-11-04T09:26:52+00:00","breadcrumb":{"@id":"https:\/\/solkes.com\/de\/im-fokus\/2022\/05\/tag-ohne-tabak\/#breadcrumb"},"inLanguage":"de","potentialAction":[{"@type":"ReadAction","target":["https:\/\/solkes.com\/de\/im-fokus\/2022\/05\/tag-ohne-tabak\/"]}]},{"@type":"ImageObject","inLanguage":"de","@id":"https:\/\/solkes.com\/de\/im-fokus\/2022\/05\/tag-ohne-tabak\/#primaryimage","url":"https:\/\/solkes.com\/wp-content\/uploads\/2022\/05\/tabaco-2205_05.jpg","contentUrl":"https:\/\/solkes.com\/wp-content\/uploads\/2022\/05\/tabaco-2205_05.jpg","width":996,"height":601,"caption":"A.Soles \u00a9 Solkes"},{"@type":"BreadcrumbList","@id":"https:\/\/solkes.com\/de\/im-fokus\/2022\/05\/tag-ohne-tabak\/#breadcrumb","itemListElement":[{"@type":"ListItem","position":1,"name":"Portada","item":"https:\/\/solkes.com\/"},{"@type":"ListItem","position":2,"name":"Tag ohne Tabak"}]},{"@type":"WebSite","@id":"https:\/\/solkes.com\/#website","url":"https:\/\/solkes.com\/","name":"Solkes Magazine","description":"solkes.com","publisher":{"@id":"https:\/\/solkes.com\/#organization"},"potentialAction":[{"@type":"SearchAction","target":{"@type":"EntryPoint","urlTemplate":"https:\/\/solkes.com\/?s={search_term_string}"},"query-input":{"@type":"PropertyValueSpecification","valueRequired":true,"valueName":"search_term_string"}}],"inLanguage":"de"},{"@type":"Organization","@id":"https:\/\/solkes.com\/#organization","name":"Solkes Magazine","url":"https:\/\/solkes.com\/","logo":{"@type":"ImageObject","inLanguage":"de","@id":"https:\/\/solkes.com\/#\/schema\/logo\/image\/","url":"https:\/\/solkes.com\/wp-content\/uploads\/2024\/09\/logo-SOLKES-820px-x-312px.png","contentUrl":"https:\/\/solkes.com\/wp-content\/uploads\/2024\/09\/logo-SOLKES-820px-x-312px.png","width":411,"height":303,"caption":"Solkes Magazine"},"image":{"@id":"https:\/\/solkes.com\/#\/schema\/logo\/image\/"},"sameAs":["https:\/\/www.facebook.com\/solkesmagazinee\/","https:\/\/instagram.com\/solkesmagazine\/"]},{"@type":"Person","@id":"https:\/\/solkes.com\/#\/schema\/person\/54684f1c0bebcaff4d6b3f1ec2e71e91","name":"Laura Viera A.","image":{"@type":"ImageObject","inLanguage":"de","@id":"https:\/\/secure.gravatar.com\/avatar\/d7b6a8bb956f5279e99babca11ed31351716b19f59e9e3e989847c0ca9e0c5d9?s=96&d=identicon&r=g","url":"https:\/\/secure.gravatar.com\/avatar\/d7b6a8bb956f5279e99babca11ed31351716b19f59e9e3e989847c0ca9e0c5d9?s=96&d=identicon&r=g","contentUrl":"https:\/\/secure.gravatar.com\/avatar\/d7b6a8bb956f5279e99babca11ed31351716b19f59e9e3e989847c0ca9e0c5d9?s=96&d=identicon&r=g","caption":"Laura Viera A."},"description":"Fundadora y Directora Editorial de Solkes Magazine Es periodista de vocaci\u00f3n y formaci\u00f3n. Estudi\u00f3 Comunicaci\u00f3n Social con \u00e9nfasis en Periodismo en la Pontificia Universidad Javeriana de Bogot\u00e1, Colombia. Desde muy joven sinti\u00f3 una profunda pasi\u00f3n por contar historias, explorar el mundo y dar voz a quienes no la tienen. Su compromiso con los Derechos Humanos ha sido una constante en su trayectoria, participando activamente en proyectos sociales desde temprana edad. Este inter\u00e9s se refleja en el enfoque editorial de Solkes, una revista que prioriza el periodismo independiente, la diversidad cultural y la profundidad narrativa. Laura naci\u00f3 en Bogot\u00e1, vivi\u00f3 tres a\u00f1os en Madrid, Espa\u00f1a, y desde el verano de 2010 reside en Alemania. Esta experiencia multicultural ha enriquecido su perspectiva y ha sido clave para la creaci\u00f3n de una revista triling\u00fce que trasciende fronteras y conecta a lectores de distintas partes del mundo. ******************************************************************************************* Founder and Editorial Director of Solkes Magazine She is a passionate journalist by vocation and training. She studied Mass Communication with an emphasis on Journalism at the Pontificia Universidad Javeriana in Bogot\u00e1, Colombia. From a young age, she was deeply motivated to tell stories, explore the world, and give a voice to those who often go unheard. Her commitment to Human Rights has been a constant throughout her career, actively participating in social projects since early on. This dedication is reflected in Solkes Magazine\u2019s editorial focus on independent journalism, cultural diversity, and in-depth storytelling. Born in Bogot\u00e1, Laura lived in Madrid, Spain for three years, and has been residing in Germany since the summer of 2010. This multicultural experience has enriched her perspective and played a key role in creating a trilingual magazine that transcends borders and connects readers from around the world. ******************************************************************************************* Gr\u00fcnderin und Chefredakteurin von Solkes Magazine Laura Viera ist eine leidenschaftliche Journalistin aus Berufung und Ausbildung. Sie hat Soziale Kommunikation mit Schwerpunkt Journalismus an der Pontificia Universidad Javeriana in Bogot\u00e1, Kolumbien, studiert. Schon in jungen Jahren war sie stark motiviert, Geschichten zu erz\u00e4hlen, die Welt zu erkunden und denen eine Stimme zu geben, die oft ungeh\u00f6rt bleiben. Ihr Engagement f\u00fcr Menschenrechte begleitet sie seit Beginn ihrer Laufbahn. Sie war von Anfang an aktiv an sozialen Projekten beteiligt. Dieses Engagement spiegelt sich auch im redaktionellen Fokus von Solkes Magazine wider, das unabh\u00e4ngigen Journalismus, kulturelle Vielfalt und tiefgr\u00fcndiges Erz\u00e4hlen in den Vordergrund stellt. Geboren in Bogot\u00e1, lebte Laura drei Jahre in Madrid, Spanien, und lebt seit Sommer 2010 in Deutschland. Diese multikulturelle Erfahrung hat ihre Perspektive bereichert und war entscheidend bei der Gr\u00fcndung eines dreisprachigen Magazins, das Grenzen \u00fcberschreitet und Leser weltweit verbindet.","sameAs":["http:\/\/www.solkes.com"],"url":"https:\/\/solkes.com\/de\/author\/lauraviera2019\/"}]}},"_links":{"self":[{"href":"https:\/\/solkes.com\/de\/wp-json\/wp\/v2\/posts\/28298","targetHints":{"allow":["GET"]}}],"collection":[{"href":"https:\/\/solkes.com\/de\/wp-json\/wp\/v2\/posts"}],"about":[{"href":"https:\/\/solkes.com\/de\/wp-json\/wp\/v2\/types\/post"}],"author":[{"embeddable":true,"href":"https:\/\/solkes.com\/de\/wp-json\/wp\/v2\/users\/76"}],"replies":[{"embeddable":true,"href":"https:\/\/solkes.com\/de\/wp-json\/wp\/v2\/comments?post=28298"}],"version-history":[{"count":6,"href":"https:\/\/solkes.com\/de\/wp-json\/wp\/v2\/posts\/28298\/revisions"}],"predecessor-version":[{"id":28304,"href":"https:\/\/solkes.com\/de\/wp-json\/wp\/v2\/posts\/28298\/revisions\/28304"}],"wp:featuredmedia":[{"embeddable":true,"href":"https:\/\/solkes.com\/de\/wp-json\/wp\/v2\/media\/25518"}],"wp:attachment":[{"href":"https:\/\/solkes.com\/de\/wp-json\/wp\/v2\/media?parent=28298"}],"wp:term":[{"taxonomy":"category","embeddable":true,"href":"https:\/\/solkes.com\/de\/wp-json\/wp\/v2\/categories?post=28298"},{"taxonomy":"post_tag","embeddable":true,"href":"https:\/\/solkes.com\/de\/wp-json\/wp\/v2\/tags?post=28298"}],"curies":[{"name":"wp","href":"https:\/\/api.w.org\/{rel}","templated":true}]}}