{"id":28253,"date":"2023-06-23T10:00:52","date_gmt":"2023-06-23T08:00:52","guid":{"rendered":"https:\/\/solkes.com\/?p=28253"},"modified":"2025-01-20T17:37:40","modified_gmt":"2025-01-20T15:37:40","slug":"ein-gespraech-mit-pedro-nebreda","status":"publish","type":"post","link":"https:\/\/solkes.com\/de\/der-verschluss\/2023\/06\/ein-gespraech-mit-pedro-nebreda\/","title":{"rendered":"Ein Gespr\u00e4ch mit Pedro NEBREDA"},"content":{"rendered":"<p><span style=\"color: #138a8d;\">K<\/span>unst ist eine so weite und vielf\u00e4ltige Welt, dass die Menschen, die Teil davon sind, ebenso unterschiedlich sind. In diesem Sinne gibt es Menschen, die sich der Kunst widmen, aber neben der Entwicklung ihrer k\u00fcnstlerischen Ausdrucksformen auch in ihren Studien vertieft sind. So kam es zu meinem Gespr\u00e4ch mit Pedro Nebreda.<\/p>\n<h3><strong><span style=\"color: #138a8d;\">Das Gespr\u00e4ch<\/span><\/strong><\/h3>\n<p>Der erste Teil unseres Gespr\u00e4chs war einfach: Ich wollte wissen, wer dieser Mann war, mit dem ich die Ehre und das Privileg hatte, zu sprechen.<\/p>\n<figure id=\"attachment_18460\" aria-describedby=\"caption-attachment-18460\" style=\"width: 374px\" class=\"wp-caption alignright\"><img fetchpriority=\"high\" decoding=\"async\" class=\"size-solkes_horizontal wp-image-18460\" src=\"https:\/\/solkes.com\/wp-content\/uploads\/2023\/06\/pedron-2306_01-374x601.jpg\" alt=\"\" width=\"374\" height=\"601\" srcset=\"https:\/\/solkes.com\/wp-content\/uploads\/2023\/06\/pedron-2306_01-374x601.jpg 374w, https:\/\/solkes.com\/wp-content\/uploads\/2023\/06\/pedron-2306_01-187x300.jpg 187w, https:\/\/solkes.com\/wp-content\/uploads\/2023\/06\/pedron-2306_01-299x480.jpg 299w, https:\/\/solkes.com\/wp-content\/uploads\/2023\/06\/pedron-2306_01.jpg 620w\" sizes=\"(max-width: 374px) 100vw, 374px\" \/><figcaption id=\"caption-attachment-18460\" class=\"wp-caption-text\">Pedro Nebreda @ Solkes<\/figcaption><\/figure>\n<p>Im Gespr\u00e4ch mit Pedro Nebreda erfuhr ich, dass er in Burgos, Spanien, geboren wurde. Dort verbrachte er seine Kindheit und einen Teil seiner Jugend.<\/p>\n<p>Irgendwann zog seine Familie nach Madrid, wo er am damaligen Konservatorium, das in der Oper angesiedelt war, studierte. Die Studien am Konservatorium verband er mit einem Universit\u00e4tsstudium an der Fakult\u00e4t f\u00fcr Psychologie in Somosaguas, was keine leichte Aufgabe war. Es war eine sehr bereichernde Zeit.<\/p>\n<p>Schon in jungen Jahren tr\u00e4umte er davon, Konzertorganist zu werden, denn er liebt die Orgeln der gro\u00dfen Kirchen. \u00dcberall in Spanien gibt es wundersch\u00f6ne Instrumente, die manchmal verlassen sind, aber eine Zeit widerspiegeln, in der gute Musik nah am Volk gemacht wurde.<\/p>\n<p>Die Musik war von klein auf Teil seines Lebens. Sein Gro\u00dfvater v\u00e4terlicherseits liebte den Chorgesang und er und eine Gruppe von Freunden gr\u00fcndeten das Orfe\u00f3n Burgal\u00e9s neu, das seine T\u00e4tigkeit w\u00e4hrend des B\u00fcrgerkriegs eingestellt hatte.<\/p>\n<p>Seine Mutter, wie viele M\u00fctter dieser Generation, sang im Alltag immer Lieder, Volkslieder und vor allem Zarzuelas, die Teil der t\u00e4glichen Routine waren.<\/p>\n<blockquote class=\"td_quote_box td_box_left\">\n<h4>Ich wandte mich der Bildung zu und gleichzeitig der Orchester- und Instrumentaldirektion, und als ich die Vorteile der Musik an mir selbst und in meinem sozialen Umfeld erkannte, versuchte ich, sie weiterzugeben.-<\/h4>\n<\/blockquote>\n<p>Dar\u00fcber hinaus war Burgos schon immer eine Stadt mit einer gro\u00dfen Choraltradition, und da ich eine sch\u00f6ne Stimme und ein gutes Geh\u00f6r hatte, wurde ich Teil eines Kinderchors.<br \/>\nDiese Erfahrung war sehr bereichernd, denn ich genoss es, sowohl bei liturgischen Feiern als auch bei den verschiedenen Konzerten zu singen.<\/p>\n<p><span style=\"color: #138a8d;\">Laura Viera A.:<\/span> Erinnerst du dich an deine ersten Erfahrungen mit der Orgel als Kind?<\/p>\n<p><span style=\"color: #138a8d;\">Pedro Nebreda:<\/span> Nat\u00fcrlich. Ich war etwa acht Jahre alt, als ich mich an die Tasten der Orgel der Kirche La Merced setzte und die Kl\u00e4nge genoss. Das Positive daran war die musikalische Ausbildung, die ich in jungen Jahren erhielt, sowohl im musikalischen Vokabular als auch im Wissen \u00fcber das breite Chorrepertoire. Es waren Jahre, in denen ich Musik hautnah erlebte. Man kann nicht genug betonen, wie wichtig solche Erfahrungen im Leben eines Kindes sind.<\/p>\n<figure id=\"attachment_18467\" aria-describedby=\"caption-attachment-18467\" style=\"width: 374px\" class=\"wp-caption alignleft\"><img decoding=\"async\" class=\"size-solkes_horizontal wp-image-18467\" src=\"https:\/\/solkes.com\/wp-content\/uploads\/2023\/06\/pedron-2306_04-374x601.jpg\" alt=\"\" width=\"374\" height=\"601\" srcset=\"https:\/\/solkes.com\/wp-content\/uploads\/2023\/06\/pedron-2306_04-374x601.jpg 374w, https:\/\/solkes.com\/wp-content\/uploads\/2023\/06\/pedron-2306_04-187x300.jpg 187w, https:\/\/solkes.com\/wp-content\/uploads\/2023\/06\/pedron-2306_04-299x480.jpg 299w, https:\/\/solkes.com\/wp-content\/uploads\/2023\/06\/pedron-2306_04.jpg 620w\" sizes=\"(max-width: 374px) 100vw, 374px\" \/><figcaption id=\"caption-attachment-18467\" class=\"wp-caption-text\">Kelly Sikkema for Unplash @ Solkes<\/figcaption><\/figure>\n<p>Ich war beeindruckt von seiner Bescheidenheit. Er machte mir klar, dass es bei jedem Live-Auftritt einen Moment gibt, in dem man entscheiden muss, ob man weitermachen oder aufgeben will. Das passiert jedem Interpreten und Dirigenten.<\/p>\n<p>Das Wichtige ist, diese negative Energie zu kanalisieren und in einen kreativen und positiven Impuls umzuwandeln.<\/p>\n<p><span style=\"color: #138a8d;\">Laura Viera A.:<\/span> Nach all den Jahren, wirst du noch nerv\u00f6s? Wie gehst du mit den Nerven um?<\/p>\n<p><span style=\"color: #138a8d;\">Pedro Nebreda:<\/span> Wenn der erste Takt des Werks erklingt, wird es subliniert und verwandelt sich in Energie und Konzentration, aber das unangenehme Gef\u00fchl bleibt. Es spielt keine Rolle, wie viel Erfahrung man hat oder wie viele Konzerte man gegeben hat. Manchmal kann es einen S\u00e4nger oder Interpreten sogar l\u00e4hmen. Ich habe mehr als eine Person mit Lampenfieber behandelt, die kurz davor war, ihre Karriere deswegen zu ruinieren. Es gibt Techniken, die helfen, es zu \u00fcberwinden, aber es verschwindet nie ganz.<\/p>\n<blockquote class=\"td_quote_box td_box_center\">\n<h4>Am Ende ist ein gutes Konzert so befriedigend, dass alle vorherigen Anstrengungen \u2013 die Vorbereitung der Partituren, stundenlange Proben, organisatorische Aufgaben usw. \u2013 als lohnenswert erscheinen.<\/h4>\n<\/blockquote>\n<p>Die Auff\u00fchrung eines Werks ist eine Befriedigung, sowohl wegen der Musik selbst, die normalerweise von mir ausgew\u00e4hlt wurde, als auch wegen der Wirkung, die man bei anderen sieht.<\/p>\n<p>Pedro versichert mir, dass fast nichts einfach war. Alles wird durch den Aufwand des Studiums und der Vorbereitung, die viele Stunden und Proben erfordert, erreicht.<\/p>\n<p>Das Befriedigendste war jedoch, dass ich immer Menschen gefunden habe, die mich unterst\u00fctzt und verstanden haben, sowohl in meiner Familie als auch in den Gruppen, die ich geleitet habe und mit denen ich gerne gearbeitet habe.<\/p>\n<p><span style=\"color: #138a8d;\">Laura Viera A.:<\/span> Hast du magische Momente auf der B\u00fchne erlebt?<\/p>\n<p><span style=\"color: #138a8d;\">Pedro Nebreda:<\/span> Ja. Vor ein paar Tagen dirigierte ich ein Oratorium von Haydn in einem Theater in Madrid und konnte sehen, wie sehr sowohl die Chormitglieder, das Orchester als auch das Publikum in einer Art Ekstase waren, die w\u00e4hrend der Auff\u00fchrung in der Luft lag. Es war sp\u00fcrbar und zeigte sich im Schlussapplaus. Dann vergisst man die ganze Zeit, die man in die Vorbereitung gesteckt hat, und es scheint alles gut investiert zu sein. Diese Emotion ist es, was die Live-Musik als einzigartige Erfahrung auszeichnet.<\/p>\n<p>Im Laufe seiner Karriere hat er gro\u00dfe Erfolge im musikalischen und beruflichen Bereich als Lehrer erzielt, und dennoch bleibt ihm das Gef\u00fchl, nie eine eigene kleine oder gro\u00dfe Orchestergruppe gehabt zu haben.<\/p>\n<blockquote class=\"td_quote_box td_box_right\">\n<h4>Indem man die Jugend an klassische Musik heranf\u00fchrt, w\u00fcrden Kinder und Jugendliche sehen, dass es nicht so schwierig ist, Musik in der Schule, in der Familie oder mit Freunden zu spielen.<\/h4>\n<\/blockquote>\n<p>Pedro hat mir erz\u00e4hlt, dass in Spanien leider die instrumentale Praxis und das Erlernen von Musikinstrumenten, insbesondere von Saiteninstrumenten, vernachl\u00e4ssigt werden. Im Levante gibt es eine gro\u00dfe Tradition der Blasinstrumente, die schon in jungen Jahren gepflegt wird, und das ist sehr erfreulich. Mittlerweile gibt es mehr M\u00f6glichkeiten f\u00fcr Kinder, Teil von Gesangsensembles zu werden, da immer mehr Musikschulen entstehen, und sogar in einigen Schulen wurde das Chorsingen in den Unterricht integriert.<\/p>\n<p><span style=\"color: #138a8d;\">Laura Viera A.:<\/span> In diesem Zusammenhang, wie hast du daran gearbeitet, diese Situation zu \u00e4ndern?<\/p>\n<p><span style=\"color: #138a8d;\">Pedro Nebreda:<\/span> Ich war Teil der zweiten Generation von Musiklehrern in der Sekundarstufe, als es dieses Fach noch nicht im Lehrplan gab, und das restliche Lehrpersonal betrachtete es mit Unwissenheit und sogar mit Verachtung. Aber als meine Sch\u00fcler ein einfaches Konzert im Schulzentrum gaben, \u00e4nderten sich die Meinungen, und man begann zu \u00fcberlegen, \u201ewie ich das erreicht hatte.\u201c Sie erkannten, welchen Beitrag die Musik f\u00fcr Jugendliche leisten kann.<\/p>\n<p>In seiner Doktorarbeit \u201eDie Musikalische Intelligenz\u201c zeigte er das Potenzial der Musik f\u00fcr die menschliche Entwicklung auf. Diese Botschaft an die Lehrerschaft zu vermitteln, ist noch ein ausstehender Erfolg, den ich in meinen Vortr\u00e4gen und Kursen f\u00fcr Lehrkr\u00e4fte weiterhin verfolge.<\/p>\n<h3><span style=\"color: #138a8d;\"><strong>Die Welt der Ch\u00f6re<\/strong><\/span><\/h3>\n<p>F\u00fcr mich war das Erste, zu verstehen, was Chorgesang ist. Nun gut. In jeder Epoche haben sich verschiedene Chorgenres entwickelt.<\/p>\n<p>In der Renaissance entstehen neue Formen des Chorgesangs, die mit dem weltlichen Gesang melodische Themen austauschen.<\/p>\n<p>Herausragend sind die franko-fl\u00e4mischen Meister wie Guillaume Dufay, Antoine Brumel, Roland de Lassus und Josquin des Pr\u00e9s, Mitglieder einer Schule, die von Chartres bis in die Niederlande reicht, und Autoren von Chorwerken mit einem sehr dichten Kontrapunkt.<\/p>\n<figure id=\"attachment_18476\" aria-describedby=\"caption-attachment-18476\" style=\"width: 374px\" class=\"wp-caption alignright\"><img decoding=\"async\" class=\"size-solkes_horizontal wp-image-18476\" src=\"https:\/\/solkes.com\/wp-content\/uploads\/2023\/06\/pedron-2306_05-374x601.jpg\" alt=\"\" width=\"374\" height=\"601\" srcset=\"https:\/\/solkes.com\/wp-content\/uploads\/2023\/06\/pedron-2306_05-374x601.jpg 374w, https:\/\/solkes.com\/wp-content\/uploads\/2023\/06\/pedron-2306_05-187x300.jpg 187w, https:\/\/solkes.com\/wp-content\/uploads\/2023\/06\/pedron-2306_05-299x480.jpg 299w, https:\/\/solkes.com\/wp-content\/uploads\/2023\/06\/pedron-2306_05.jpg 620w\" sizes=\"(max-width: 374px) 100vw, 374px\" \/><figcaption id=\"caption-attachment-18476\" class=\"wp-caption-text\">Laura Viera A @ Solkes<\/figcaption><\/figure>\n<p>Parallel dazu komponierte der Franzose Cl\u00e9ment Janequin ber\u00fchmte a cappella Chorwerke wie *La bataille* und *Le chant des oyseaux*, die als Vorl\u00e4ufer der beschreibenden Musik der Sp\u00e4tromantik gelten.<\/p>\n<p>Auch die Italiener haben in dieser Zeit viele Musiker, unter denen Palestrina und die Werke der ersten (mantuanischen) Periode von Claudio Monteverdi hervorstechen, die mit den Techniken der Renaissance geschrieben sind.<\/p>\n<p>Auch die Spanier haben brillante Komponisten, darunter Crist\u00f3bal de Morales, Juan del Encina und vor allem Tom\u00e1s Luis de Victoria, dessen Werke als gleichwertig, wenn nicht gar \u00fcberlegen, zu denen von Palestrina gelten.<\/p>\n<p>Wenn wir \u00fcber Musik sprechen, tauchen die Begriffe: Chor, Choral und Polyphonie oft im Alltagsvokabular auf. Beginnen wir damit, festzustellen, dass Singen das Grundprinzip der Musik ist und die Stimme das nat\u00fcrliche Element, das Menschen besitzen, um Musik zu machen.<\/p>\n<p>In der historischen Betrachtung der Musik, insbesondere im Westen, wissen wir, dass seit den fr\u00fchen Christen, die ihre Gebete sangen, \u00fcber den gregorianischen Gesang (einstimmiger Gesang) im Mittelalter und die Entwicklung des Gesangs zur Polyphonie in der Renaissance, das Singen ein soziales, menschliches und kulturelles Ausdrucksmittel der V\u00f6lker war.<\/p>\n<p>Im Laufe der Jahrhunderte war, musikalisch gesehen, das Gewicht, das die menschliche Stimme in der musikalischen Ausdrucksweise hatte, von gro\u00dfer Bedeutung. Obwohl die Entwicklung der Musikinstrumente bemerkenswert war, bildete der Gesang die Grundlage der Entwicklung der westlichen Musik.<\/p>\n<p>Wir befinden uns im 21. Jahrhundert, und wir, die wir in der Musik sind, verteidigen den Gesang als fundamentale Basis ihrer Entwicklung. Jeden Tag wird der Gesang als Methode des musikalischen Lernens mehr gef\u00f6rdert. Manchmal h\u00f6ren wir Leute sagen, dass sie singen, dass sie in einem Chor sind, andere sagen, sie seien in einem Choral und andere in einer Polyphonie, und wir wissen nicht, was der Unterschied zwischen ihnen ist.<\/p>\n<blockquote class=\"td_quote_box td_box_center\">\n<h4>Die Fortschritte der KI erm\u00f6glichen mittlerweile sogar Kompositionen in einem bestimmten Stil. Wenn es eine entsprechende Ausbildung gibt, sind diese Werkzeuge gro\u00dfartig. Andernfalls werden sie nur kleine Spielereien bleiben.<\/h4>\n<\/blockquote>\n<p>In Wirklichkeit ist es fast dasselbe, ob man von Chor, Choral oder Polyphonie spricht. In all diesen Gruppen wird mehrstimmig gesungen, also polyphon. Doch es gibt Unterschiede.<\/p>\n<p><span style=\"color: #138a8d;\"><strong>Chor:<\/strong><\/span> Beim Singen bezeichnet man eine Gruppe von Personen, die ein St\u00fcck Vokalmusik koordiniert auff\u00fchrt, als Chor, Choral oder Vokalensemble. Es ist das kollektive Ausdrucksmittel f\u00fcr gesungene Werke oder solche, die den Einsatz der Stimme erfordern.<\/p>\n<p><span style=\"color: #138a8d;\"><strong>Choral:<\/strong><\/span> Der Begriff &#8220;Choral&#8221; wurde urspr\u00fcnglich verwendet, um die monodischen Ges\u00e4nge der Liturgie der westlichen Kirche zu bezeichnen, wie zum Beispiel den gregorianischen Gesang.<\/p>\n<p><span style=\"color: #138a8d;\">Laura Viera A.:<\/span> Was ist das Beste und das Schlechteste an Ch\u00f6ren?<\/p>\n<p><span style=\"color: #138a8d;\">Pedro Nebreda:<\/span> In einem Chor zu singen, ist eine der erf\u00fcllendsten Aktivit\u00e4ten, solange man \u00fcber gewisse musikalische F\u00e4higkeiten verf\u00fcgt \u2013 was keine spezifischen musikalischen Kenntnisse einschlie\u00dft. Das Zusammensein, das gemeinsame Musizieren, die \u00e4sthetische Befriedigung, die die Auff\u00fchrung des Werkes selbst hervorruft, der Applaus des Publikums, die Pflege der Stimme, die Konzentrationsf\u00f6rderung usw. sind Anreize, die viele Studien gezeigt haben und die Menschen gl\u00fccklicher machen und ihnen emotional und intellektuell ein besseres Gef\u00fchl geben. Meine lange Erfahrung in der Chorleitung hat mir best\u00e4tigt, dass dies eine Sucht erzeugt, auf die man nicht mehr verzichten m\u00f6chte, sobald man sie einmal erlebt hat. Deshalb ist es gut, diese gesunden Gewohnheiten bereits in der Kindheit zu f\u00f6rdern. Die Nachteile, die gelegentlich durch das Zusammenleben in einer Gruppe entstehen, wie bei jeder menschlichen Aktivit\u00e4t, sind so gering, dass sie kaum Erw\u00e4hnung verdienen. Chor, kleines Ensemble, Instrumentalgruppe \u2013 all das sind vergleichbare Aktivit\u00e4ten.<\/p>\n<p>Pedro versicherte mir, dass viele gro\u00dfe K\u00fcnstler und Musiker so ihre Leidenschaft f\u00fcr die Musik entdeckt haben.<\/p>\n<h3><span style=\"color: #138a8d;\"><strong>Gute Musik ist immer eine Inspirationsquelle<\/strong><\/span><\/h3>\n<p>Wie er mir klarmachte, ist gute Musik immer eine Inspirationsquelle. Allerdings macht uns die &#8220;Improvisation&#8221;, die wir durch unsere Erfahrung mitbringen, f\u00fcr das eine oder andere sensibler. Auch auf technischer Ebene hat die Musik der Renaissance viel zu lehren, was die Komposition betrifft. Tats\u00e4chlich stammen die heute in den Konservatorien gelehrten Harmonielehren aus dieser Epoche.<\/p>\n<p>Ich fand es faszinierend zu erfahren, dass seine Inspirationsquellen zun\u00e4chst in der spanischen Musik der Renaissance und des Barock liegen. Schon als Kind liebte er die Werke von Tom\u00e1s L. de Victoria und P. Soler, die wir im Chor und im Klavierunterricht auff\u00fchrten, und sp\u00e4ter entwickelte ich mich in Richtung Klassizismus, hin zu Mozart und einigen Chorwerken von Beethoven.<\/p>\n<blockquote class=\"td_quote_box td_box_center\">\n<h4>Es sollte mehr M\u00f6glichkeiten f\u00fcr Jugendliche geben, sich in einem Raum zu treffen und stundenlang Musik zu machen. Einige Rath\u00e4user setzen dies bereits in ihren sozialen Programmen um, was ein Erfolg ist.<\/h4>\n<\/blockquote>\n<p>Das Studium des Klaviers gab ihm eine breite Kenntnis von Komponisten aus allen historischen Epochen der Musik, doch der Geist der Renaissance mit der Schlichtheit und Sch\u00f6nheit ihrer Harmonien ber\u00fchrt ihn immer noch tief, ebenso wie die italienische Barockmusik mit ihrem ausgepr\u00e4gten Ausdruck und Rhythmus.<\/p>\n<p><span style=\"color: #138a8d;\">Laura Viera A.:<\/span> Wie sieht die Welt der Kunst in deinem Heimatland aus?<\/p>\n<p><span style=\"color: #138a8d;\">Pedro Nebreda:<\/span> In Spanien hat sich die musikalische Kunstszene in den letzten f\u00fcnfzehn Jahren spektakul\u00e4r verbessert. Es wurden Konzerthallen gebaut, \u00f6ffentliche Orchester gegr\u00fcndet und Musikschulen mit Unterst\u00fctzung der \u00f6rtlichen Verwaltung vervielfacht. Allerdings mangelt es noch an guten Interpreten, und das allgemeine Niveau der Ch\u00f6re ist ziemlich niedrig, mit Ausnahme von Regionen wie dem Norden, wo es eine st\u00e4rkere Choraltradition gibt. Aber es muss weiterhin eine gute musikalische Ausbildung von klein auf umgesetzt werden \u2013 das ist der Schl\u00fcssel. Ansonsten werden die Orchester mit ausl\u00e4ndischen Musikern besetzt, was zum Teil bereits der Fall ist, und sie werden nicht im sozialen Gef\u00fcge verwurzelt, aus dem sie kommen sollten, um mehr als nur eine Show zu sein.<\/p>\n<p><span style=\"color: #138a8d;\">Laura Viera A.:<\/span>Du bist seit Jahrzehnten in der Musik, einem sehr schwierigen, wettbewerbsintensiven und intensiven Bereich. Was begeistert dich an ihr?**<\/p>\n<p><span style=\"color: #138a8d;\">Pedro Nebreda:<\/span> In der Musik ist alles Leidenschaft, wenn man sich ihr widmet, aber das Schwierigste f\u00fcr einen Musiker ist das Management seiner eigenen T\u00e4tigkeit. Wir neigen dazu, dies an Organisationen zu delegieren, die uns helfen, allerdings manchmal mit hohen Kosten, und das erm\u00f6glicht es, die Werke ohne andere Sorgen als die Musik selbst zu erleben. Wer nicht leidenschaftlich ist, hat in der Musik keinen Platz. Beethoven sagte bereits: &#8220;Ohne Leidenschaft gibt es keine Musik.&#8221;<\/p>\n<h3><span style=\"color: #138a8d;\"><strong>Musikp\u00e4dagogik und Musiktherapie<\/strong><\/span><\/h3>\n<p>Ein Liebhaber der Musik, der Instrumente, der Ch\u00f6re, der Melodien und Kompositionen des Barock zu sein, war nicht genug. Pedro hatte immer das Bed\u00fcrfnis, etwas mehr zu wissen, mehr zu erforschen.<\/p>\n<p>Da die Bildung im fr\u00fchen 20. Jahrhundert an Bedeutung gewann, wurden mehrere Methoden entwickelt, die die Musik in die Schule einbezogen und eine p\u00e4dagogische Str\u00f6mung hervorbrachten, die Lehrern Bildung und Ideen auf Basis der Grund- und Vorschule vermittelte. Dadurch entstanden Spezialisten, die den Musikunterricht motivierender und befriedigender gestalteten, ohne die H\u00e4rte, die ihn vor Jahren als langweilig und wenig attraktiv erscheinen lie\u00df.<\/p>\n<p><span style=\"color: #138a8d;\">Laura Viera A.:<\/span> Warum hast du beschlossen, dass Musikp\u00e4dagogik und Musiktherapie wichtig sind?**<\/p>\n<p><span style=\"color: #138a8d;\">Pedro Nebreda:<\/span> Die P\u00e4dagogik ist die Kunst des Lehrens, und auf die Musik angewendet, ist sie eine Spezialit\u00e4t f\u00fcr sich. Wie bereits erw\u00e4hnt, gibt es zahlreiche Methoden, die in diesem Bereich entwickelt wurden, und in meiner Arbeit als Lehrer war ich stets motiviert, Jugendliche f\u00fcr dieses Fach zu begeistern, weil ich das pers\u00f6nliche und soziale Bereicherungspotenzial der Musik erkannte. Die Musiktherapie entdeckte ich, als ich die Vorteile der Musik in allen Entwicklungsstadien und besonders bei psychischen Erkrankungen erkannte. Meine Psychologiestudien halfen mir sehr dabei, die beiden F\u00e4cher, Musik und Musiktherapie, zu verbinden, da ich entdeckte, dass es kein Lebensstadium gibt, in dem die Musik im weiteren Sinne \u2013 der Klang \u2013 keine Rolle spielt.<\/p>\n<blockquote class=\"td_quote_box td_box_center\">\n<h4>In der Musikkunst bringen Frauen eine gro\u00dfe Sensibilit\u00e4t mit.<\/h4>\n<\/blockquote>\n<p><span style=\"color: #138a8d;\">Laura Viera A.:<\/span> Wie hat die Musikp\u00e4dagogik deine Karriere beeinflusst?<\/p>\n<p><span style=\"color: #138a8d;\">Pedro Nebreda:<\/span> Ich hatte das Gl\u00fcck, au\u00dfergew\u00f6hnliche Musiklehrer zu haben, sowohl in Burgos als auch sp\u00e4ter im Konservatorium in Madrid, die das Lernen motivieren konnten, als in Spanien noch keine Methoden wie Orff, Kodaly, Suzuki etc. bekannt waren. Aber sie hatten eine unersetzliche didaktische Intuition, die keine akademische Ausbildung vermitteln kann.<\/p>\n<p><span style=\"color: #138a8d;\">Laura Viera A.:<\/span> Ich werde dir W\u00f6rter geben, und du sagst mir, was du von ihnen h\u00e4ltst: Bildung, Frau, Musik, Kunst.**<\/p>\n<p><span style=\"color: #138a8d;\">Pedro Nebreda:<\/span> Nat\u00fcrlich&#8230; Bildung ist das, was uns menschlich, sozial und sensibel gegen\u00fcber unseren Mitmenschen macht. Ohne sie \u2013 verstanden als ein Prozess nicht nur des Lernens, sondern der Verinnerlichung von Werten \u2013 w\u00e4re Gesellschaft nicht m\u00f6glich. Ohne sie gibt es keine menschliche Entwicklung und daher auch keine musikalische.<\/p>\n<figure id=\"attachment_18480\" aria-describedby=\"caption-attachment-18480\" style=\"width: 374px\" class=\"wp-caption alignright\"><img loading=\"lazy\" decoding=\"async\" class=\"size-solkes_horizontal wp-image-18480\" src=\"https:\/\/solkes.com\/wp-content\/uploads\/2023\/06\/pedron-2306_07-374x601.jpg\" alt=\"\" width=\"374\" height=\"601\" srcset=\"https:\/\/solkes.com\/wp-content\/uploads\/2023\/06\/pedron-2306_07-374x601.jpg 374w, https:\/\/solkes.com\/wp-content\/uploads\/2023\/06\/pedron-2306_07-187x300.jpg 187w, https:\/\/solkes.com\/wp-content\/uploads\/2023\/06\/pedron-2306_07-299x480.jpg 299w, https:\/\/solkes.com\/wp-content\/uploads\/2023\/06\/pedron-2306_07.jpg 620w\" sizes=\"(max-width: 374px) 100vw, 374px\" \/><figcaption id=\"caption-attachment-18480\" class=\"wp-caption-text\">David Hofmann for Unplash @ Solkes<\/figcaption><\/figure>\n<p><span style=\"color: #138a8d;\"><strong>Frau:<\/strong><\/span>Die menschliche Verk\u00f6rperung der Weiblichkeit erm\u00f6glicht die positive Entwicklung unserer Spezies; ohne sie w\u00e4re das \u00dcberleben von Individuen und Gesellschaften nicht m\u00f6glich. Die Frau ist nicht das erg\u00e4nzende Element des Mannes, wie manchmal dargestellt, sondern sie besitzt in ihrem physischen und psychologischen Sein eigene und unterschiedliche Merkmale, auf die sie nicht verzichten sollte, sondern sie im Gegenteil entwickeln sollte, um ihre Erf\u00fcllung zu erreichen.<\/p>\n<p><span style=\"color: #138a8d;\"><strong>Musik:<\/strong><\/span> Musik ist eine der K\u00fcnste, aber als solche beinhaltet sie eine Vielzahl kultureller Prozesse: den Ausdruck von Gef\u00fchlen, Gedanken, Geschichten und Erz\u00e4hlungen; sie f\u00f6rdert den Spracherwerb, erm\u00f6glicht individuelle und kollektive Kommunikation, erleichtert die Spannungsentlastung durch Tanz und Stimme, f\u00f6rdert die Vorstellungskraft usw. Ihre Bedeutung ist so gro\u00df, dass ihr Lernen von Kindheit an gef\u00f6rdert werden sollte, wie ich zuvor erw\u00e4hnt habe. So sehr, dass, wie Gardner in seiner Theorie der Multiplen Intelligenzen feststellt, die musikalische Intelligenz der mathematischen oder verbalen Intelligenz gleichgestellt werden kann, um einige zu nennen.<\/p>\n<p><span style=\"color: #138a8d;\"><strong>Kunst:<\/strong><\/span> Alles, was mit Sch\u00f6nheit zu tun hat, geh\u00f6rt zur Kunst. So sprechen wir beispielsweise von der Kunst des Webens, der Handwerkskunst usw. Wer ein K\u00fcnstler ist, und wir alle haben einen K\u00fcnstler in uns, dr\u00fcckt ihn in seiner T\u00e4tigkeit aus. Dann gibt es K\u00fcnste mit einem gro\u00dfen &#8220;K&#8221;, weil sie durch das Engagement vieler K\u00fcnstler im Laufe der Geschichte auf ein h\u00f6heres Niveau entwickelt wurden. Die Musik nimmt in dieser Hinsicht einen bevorzugten Platz ein. In der westlichen Bildung wurde der Logik und in der Folge der Technologie gro\u00dfe Bedeutung beigemessen, und jetzt wird entdeckt, dass die k\u00fcnstlerische Facette unerl\u00e4sslich ist, um ganzheitliche und vor allem gl\u00fcckliche Menschen zu entwickeln.<\/p>\n<p>Nun wenden wir uns einem weiteren Bereich innerhalb der Musik zu: der Musiktherapie. Es ist wichtig zu betonen, dass es sich dabei um den Einsatz von Musik und\/oder ihren Elementen (Klang, Rhythmus, Melodie, Harmonie) handelt, der von einem qualifizierten Musiktherapeuten mit einem Patienten oder einer Gruppe durchgef\u00fchrt wird.<\/p>\n<figure id=\"attachment_18465\" aria-describedby=\"caption-attachment-18465\" style=\"width: 996px\" class=\"wp-caption aligncenter\"><img loading=\"lazy\" decoding=\"async\" class=\"size-full wp-image-18465\" src=\"https:\/\/solkes.com\/wp-content\/uploads\/2023\/06\/pedron-2306_03.jpg\" alt=\"\" width=\"996\" height=\"601\" srcset=\"https:\/\/solkes.com\/wp-content\/uploads\/2023\/06\/pedron-2306_03.jpg 996w, https:\/\/solkes.com\/wp-content\/uploads\/2023\/06\/pedron-2306_03-300x181.jpg 300w, https:\/\/solkes.com\/wp-content\/uploads\/2023\/06\/pedron-2306_03-768x463.jpg 768w, https:\/\/solkes.com\/wp-content\/uploads\/2023\/06\/pedron-2306_03-320x193.jpg 320w\" sizes=\"(max-width: 996px) 100vw, 996px\" \/><figcaption id=\"caption-attachment-18465\" class=\"wp-caption-text\">Zach Lezniewicz for Unplash @ Solkes<\/figcaption><\/figure>\n<p>Das grundlegende Ziel besteht darin, einen Prozess zu schaffen, der Kommunikation, Beziehungen, Lernen, Bewegung, Ausdruck, Organisation und andere relevante therapeutische Ziele f\u00f6rdert, um die k\u00f6rperlichen, emotionalen, geistigen, sozialen und kognitiven Bed\u00fcrfnisse zu erf\u00fcllen.<\/p>\n<p>Ziel ist es, Potenziale zu entwickeln und\/oder die Funktionen des Einzelnen so wiederherzustellen, dass er eine bessere intra- und\/oder interpersonale Integration und folglich eine bessere Lebensqualit\u00e4t durch Pr\u00e4vention, Rehabilitation und Behandlung erreichen kann.<\/p>\n<p><span style=\"color: #138a8d;\">Laura Viera A.<\/span>: Was wissen die Menschen nicht \u00fcber die Musiktherapie?<\/p>\n<p><span style=\"color: #138a8d;\">Pedro Nebreda:<\/span> Fast alles, obwohl wir in der Praxis alle Musik als Therapie in unserem t\u00e4glichen Leben verwenden. Man braucht nur die Gef\u00fchle zu beobachten, die bei jedem Konzert, unabh\u00e4ngig vom Musikstil, aufkommen, um zu erkennen, was die Menschen dabei freisetzen. Im Allgemeinen ist es ein sehr unbekanntes Gebiet, obwohl es ein enormes linderndes und heilendes Potenzial hat.<\/p>\n<blockquote class=\"td_quote_box td_box_left\">\n<h4>Es gibt ein ganzes Feld, das erforscht und in die Praxis umgesetzt werden muss.<\/h4>\n<\/blockquote>\n<p><span style=\"color: #138a8d;\">Laura Viera A.<\/span>: Wie k\u00f6nnten wir von der Musiktherapie profitieren?<\/p>\n<p><span style=\"color: #138a8d;\">Pedro Nebreda:<\/span> Sie ist noch weitgehend ungenutzt. Zum Beispiel im Bereich der psychischen Gesundheit, insbesondere bei Depressionen und Angstzust\u00e4nden. Mehrmals hatte ich die Gelegenheit, Vortr\u00e4ge f\u00fcr medizinische Teams aus verschiedenen Bereichen zu halten, \u00fcber die Rolle, die Musik in Krankenh\u00e4usern und bei der Behandlung psychischer Erkrankungen spielen kann. Viele von ihnen berichteten mir, dass die vorgeschlagenen Erfahrungen sehr gute Ergebnisse bei den Patienten brachten.<\/p>\n<p><span style=\"color: #138a8d;\">Laura Viera A.<\/span>: Aber, gab es Ver\u00e4nderungen?<\/p>\n<p><span style=\"color: #138a8d;\">Pedro Nebreda:<\/span> Die Universit\u00e4ten bieten in diesem Bereich keine ernsthafte akademische Ausbildung an, da das erforderliche Profil Musiker und Psychologe umfassen m\u00fcsste, was nicht h\u00e4ufig vorkommt. Aber mittlerweile gibt es in unserem Land Zentren, an denen man einen Abschluss als Musiktherapeut erwerben kann, was vor einigen Jahren noch nicht m\u00f6glich war. Wir machen also Fortschritte. Das Interessante w\u00e4re, wenn diese Fachkr\u00e4fte in Krankenh\u00e4usern, Gesundheitszentren, Kinderzentren, Zentren f\u00fcr k\u00f6rperlich und geistig Behinderte, Seniorenzentren usw. arbeiten k\u00f6nnten. Die M\u00f6glichkeiten sind zahlreich.<\/p>\n<figure id=\"attachment_18474\" aria-describedby=\"caption-attachment-18474\" style=\"width: 374px\" class=\"wp-caption alignright\"><img loading=\"lazy\" decoding=\"async\" class=\"size-solkes_horizontal wp-image-18474\" src=\"https:\/\/solkes.com\/wp-content\/uploads\/2023\/06\/pedron-2306_06-374x601.jpg\" alt=\"\" width=\"374\" height=\"601\" srcset=\"https:\/\/solkes.com\/wp-content\/uploads\/2023\/06\/pedron-2306_06-374x601.jpg 374w, https:\/\/solkes.com\/wp-content\/uploads\/2023\/06\/pedron-2306_06-187x300.jpg 187w, https:\/\/solkes.com\/wp-content\/uploads\/2023\/06\/pedron-2306_06-299x480.jpg 299w, https:\/\/solkes.com\/wp-content\/uploads\/2023\/06\/pedron-2306_06.jpg 620w\" sizes=\"(max-width: 374px) 100vw, 374px\" \/><figcaption id=\"caption-attachment-18474\" class=\"wp-caption-text\">Isaac Ibbott for Unplash @ Solkes<\/figcaption><\/figure>\n<p>Angesichts vieler emotionaler und psychischer Defizite bei Kindern und Erwachsenen in den Therapiegruppen beschloss Pedro, sich \u00fcber den Einsatz von Musik in Therapien und Sitzungen zu informieren.<\/p>\n<p>Er hatte das Gl\u00fcck, die vielf\u00e4ltigen Anwendungsm\u00f6glichkeiten der Musik aus erster Hand zu erfahren. Der Rhythmus hilft, Ungleichgewichte zu stabilisieren, gibt Energie bei Depressionen und erm\u00f6glicht durch Tanz und Melodie emotionale Ausl\u00f6ser.<\/p>\n<p>Er erkannte die Vorteile der Klangtherapie durch das Singen und die eigene Stimme, die er bei Erwachsenen und bei Problemen wie Dyslalien und sogar emotionalen Taubheiten bei Kindern und Jugendlichen beobachten konnte. Es g\u00e4be viel zu diesen therapeutischen M\u00f6glichkeiten der Musik zu schreiben.<\/p>\n<h3><span style=\"color: #138a8d;\">Vor\u00fcbergehendes Ende<\/span><\/h3>\n<p>Kurz nach dem Abschluss unseres Gespr\u00e4chs wurde mir die Kraft, die in der Musik steckt, klar. Ich war ihr gegen\u00fcber nicht gleichg\u00fcltig, aber ich hatte ihr volles Potenzial nicht erkannt.<\/p>\n<p>Jetzt wei\u00df ich, dass Musik an sich heilen kann. Es ist offensichtlich, dass es keine allgemeinen musikalischen Rezepte gibt, um sich besser zu f\u00fchlen. Es kann auch keine einheitliche Therapie angewendet werden, da jeder Ansatz anders ist.<\/p>\n<p><span style=\"color: #138a8d;\">P<\/span>edro ist ein Mann, der der Kunst und der Musik treu geblieben ist. Sein Ziel war es nie, Anerkennung zu finden. Sein Antrieb war immer die Musik und die Hingabe an das Lehren. Seine berufliche Erfahrung teilt sich zwischen seiner Hingabe zur Musikausbildung sowohl von Jugendlichen als auch von Lehrern und seiner Erfahrung in der Chorleitung.<\/p>\n","protected":false},"excerpt":{"rendered":"<p>Kunst ist eine so weite und vielf\u00e4ltige Welt, dass die Menschen, die Teil davon sind, ebenso unterschiedlich sind. In diesem Sinne gibt es Menschen, die sich der Kunst widmen, aber neben der Entwicklung ihrer k\u00fcnstlerischen Ausdrucksformen auch in ihren Studien vertieft sind. So kam es zu meinem Gespr\u00e4ch mit Pedro Nebreda. Das Gespr\u00e4ch Der erste [&hellip;]<\/p>\n","protected":false},"author":76,"featured_media":25840,"comment_status":"open","ping_status":"open","sticky":false,"template":"","format":"standard","meta":{"_acf_changed":false,"_exactmetrics_skip_tracking":false,"_exactmetrics_sitenote_active":false,"_exactmetrics_sitenote_note":"","_exactmetrics_sitenote_category":0,"site-sidebar-layout":"default","site-content-layout":"default","ast-site-content-layout":"default","site-content-style":"default","site-sidebar-style":"default","ast-global-header-display":"","ast-banner-title-visibility":"","ast-main-header-display":"","ast-hfb-above-header-display":"","ast-hfb-below-header-display":"","ast-hfb-mobile-header-display":"","site-post-title":"","ast-breadcrumbs-content":"","ast-featured-img":"","footer-sml-layout":"","theme-transparent-header-meta":"default","adv-header-id-meta":"","stick-header-meta":"","header-above-stick-meta":"","header-main-stick-meta":"","header-below-stick-meta":"","astra-migrate-meta-layouts":"default","ast-page-background-enabled":"default","ast-page-background-meta":{"desktop":{"background-color":"","background-image":"","background-repeat":"repeat","background-position":"center center","background-size":"auto","background-attachment":"scroll","background-type":"","background-media":"","overlay-type":"","overlay-color":"","overlay-opacity":"","overlay-gradient":""},"tablet":{"background-color":"","background-image":"","background-repeat":"repeat","background-position":"center center","background-size":"auto","background-attachment":"scroll","background-type":"","background-media":"","overlay-type":"","overlay-color":"","overlay-opacity":"","overlay-gradient":""},"mobile":{"background-color":"","background-image":"","background-repeat":"repeat","background-position":"center center","background-size":"auto","background-attachment":"scroll","background-type":"","background-media":"","overlay-type":"","overlay-color":"","overlay-opacity":"","overlay-gradient":""}},"ast-content-background-meta":{"desktop":{"background-color":"var(--ast-global-color-5)","background-image":"","background-repeat":"repeat","background-position":"center center","background-size":"auto","background-attachment":"scroll","background-type":"","background-media":"","overlay-type":"","overlay-color":"","overlay-opacity":"","overlay-gradient":""},"tablet":{"background-color":"var(--ast-global-color-5)","background-image":"","background-repeat":"repeat","background-position":"center center","background-size":"auto","background-attachment":"scroll","background-type":"","background-media":"","overlay-type":"","overlay-color":"","overlay-opacity":"","overlay-gradient":""},"mobile":{"background-color":"var(--ast-global-color-5)","background-image":"","background-repeat":"repeat","background-position":"center center","background-size":"auto","background-attachment":"scroll","background-type":"","background-media":"","overlay-type":"","overlay-color":"","overlay-opacity":"","overlay-gradient":""}},"footnotes":""},"categories":[2934],"tags":[],"class_list":["post-28253","post","type-post","status-publish","format-standard","has-post-thumbnail","hentry","category-der-verschluss"],"acf":[],"yoast_head":"<!-- This site is optimized with the Yoast SEO plugin v27.4 - https:\/\/yoast.com\/product\/yoast-seo-wordpress\/ -->\n<title>Ein Gespr\u00e4ch mit Pedro NEBREDA - Solkes Magazine<\/title>\n<meta name=\"description\" content=\"Pedro Nebreda spricht \u00fcber Musik als Mittel zur F\u00f6rderung von Kommunikation, emotionalem Wohlbefinden und sozialer Bindung.\" \/>\n<meta name=\"robots\" content=\"index, follow, max-snippet:-1, max-image-preview:large, max-video-preview:-1\" \/>\n<link rel=\"canonical\" href=\"https:\/\/solkes.com\/de\/der-verschluss\/2023\/06\/ein-gespraech-mit-pedro-nebreda\/\" \/>\n<meta property=\"og:locale\" content=\"de_DE\" \/>\n<meta property=\"og:type\" content=\"article\" \/>\n<meta property=\"og:title\" content=\"Ein Gespr\u00e4ch mit Pedro NEBREDA - Solkes Magazine\" \/>\n<meta property=\"og:description\" content=\"Pedro Nebreda spricht \u00fcber Musik als Mittel zur F\u00f6rderung von Kommunikation, emotionalem Wohlbefinden und sozialer Bindung.\" \/>\n<meta property=\"og:url\" content=\"https:\/\/solkes.com\/de\/der-verschluss\/2023\/06\/ein-gespraech-mit-pedro-nebreda\/\" \/>\n<meta property=\"og:site_name\" content=\"Solkes Magazine\" \/>\n<meta property=\"article:publisher\" content=\"https:\/\/www.facebook.com\/solkesmagazinee\/\" \/>\n<meta property=\"article:published_time\" content=\"2023-06-23T08:00:52+00:00\" \/>\n<meta property=\"article:modified_time\" content=\"2025-01-20T15:37:40+00:00\" \/>\n<meta property=\"og:image\" content=\"https:\/\/solkes.com\/wp-content\/uploads\/2023\/06\/pedron-2306_03.jpg\" \/>\n\t<meta property=\"og:image:width\" content=\"996\" \/>\n\t<meta property=\"og:image:height\" content=\"601\" \/>\n\t<meta property=\"og:image:type\" content=\"image\/jpeg\" \/>\n<meta name=\"author\" content=\"Laura Viera A.\" \/>\n<meta name=\"twitter:card\" content=\"summary_large_image\" \/>\n<meta name=\"twitter:label1\" content=\"Verfasst von\" \/>\n\t<meta name=\"twitter:data1\" content=\"Laura Viera A.\" \/>\n\t<meta name=\"twitter:label2\" content=\"Gesch\u00e4tzte Lesezeit\" \/>\n\t<meta name=\"twitter:data2\" content=\"17\u00a0Minuten\" \/>\n<script type=\"application\/ld+json\" class=\"yoast-schema-graph\">{\"@context\":\"https:\\\/\\\/schema.org\",\"@graph\":[{\"@type\":\"Article\",\"@id\":\"https:\\\/\\\/solkes.com\\\/de\\\/der-verschluss\\\/2023\\\/06\\\/ein-gespraech-mit-pedro-nebreda\\\/#article\",\"isPartOf\":{\"@id\":\"https:\\\/\\\/solkes.com\\\/de\\\/der-verschluss\\\/2023\\\/06\\\/ein-gespraech-mit-pedro-nebreda\\\/\"},\"author\":{\"name\":\"Laura Viera A.\",\"@id\":\"https:\\\/\\\/solkes.com\\\/#\\\/schema\\\/person\\\/54684f1c0bebcaff4d6b3f1ec2e71e91\"},\"headline\":\"Ein Gespr\u00e4ch mit Pedro NEBREDA\",\"datePublished\":\"2023-06-23T08:00:52+00:00\",\"dateModified\":\"2025-01-20T15:37:40+00:00\",\"mainEntityOfPage\":{\"@id\":\"https:\\\/\\\/solkes.com\\\/de\\\/der-verschluss\\\/2023\\\/06\\\/ein-gespraech-mit-pedro-nebreda\\\/\"},\"wordCount\":3609,\"commentCount\":0,\"publisher\":{\"@id\":\"https:\\\/\\\/solkes.com\\\/#organization\"},\"image\":{\"@id\":\"https:\\\/\\\/solkes.com\\\/de\\\/der-verschluss\\\/2023\\\/06\\\/ein-gespraech-mit-pedro-nebreda\\\/#primaryimage\"},\"thumbnailUrl\":\"https:\\\/\\\/solkes.com\\\/wp-content\\\/uploads\\\/2023\\\/06\\\/pedron-2306_03.jpg\",\"articleSection\":[\"Der Verschluss\"],\"inLanguage\":\"de\",\"potentialAction\":[{\"@type\":\"CommentAction\",\"name\":\"Comment\",\"target\":[\"https:\\\/\\\/solkes.com\\\/de\\\/der-verschluss\\\/2023\\\/06\\\/ein-gespraech-mit-pedro-nebreda\\\/#respond\"]}]},{\"@type\":\"WebPage\",\"@id\":\"https:\\\/\\\/solkes.com\\\/de\\\/der-verschluss\\\/2023\\\/06\\\/ein-gespraech-mit-pedro-nebreda\\\/\",\"url\":\"https:\\\/\\\/solkes.com\\\/de\\\/der-verschluss\\\/2023\\\/06\\\/ein-gespraech-mit-pedro-nebreda\\\/\",\"name\":\"Ein Gespr\u00e4ch mit Pedro NEBREDA - Solkes Magazine\",\"isPartOf\":{\"@id\":\"https:\\\/\\\/solkes.com\\\/#website\"},\"primaryImageOfPage\":{\"@id\":\"https:\\\/\\\/solkes.com\\\/de\\\/der-verschluss\\\/2023\\\/06\\\/ein-gespraech-mit-pedro-nebreda\\\/#primaryimage\"},\"image\":{\"@id\":\"https:\\\/\\\/solkes.com\\\/de\\\/der-verschluss\\\/2023\\\/06\\\/ein-gespraech-mit-pedro-nebreda\\\/#primaryimage\"},\"thumbnailUrl\":\"https:\\\/\\\/solkes.com\\\/wp-content\\\/uploads\\\/2023\\\/06\\\/pedron-2306_03.jpg\",\"datePublished\":\"2023-06-23T08:00:52+00:00\",\"dateModified\":\"2025-01-20T15:37:40+00:00\",\"description\":\"Pedro Nebreda spricht \u00fcber Musik als Mittel zur F\u00f6rderung von Kommunikation, emotionalem Wohlbefinden und sozialer Bindung.\",\"breadcrumb\":{\"@id\":\"https:\\\/\\\/solkes.com\\\/de\\\/der-verschluss\\\/2023\\\/06\\\/ein-gespraech-mit-pedro-nebreda\\\/#breadcrumb\"},\"inLanguage\":\"de\",\"potentialAction\":[{\"@type\":\"ReadAction\",\"target\":[\"https:\\\/\\\/solkes.com\\\/de\\\/der-verschluss\\\/2023\\\/06\\\/ein-gespraech-mit-pedro-nebreda\\\/\"]}]},{\"@type\":\"ImageObject\",\"inLanguage\":\"de\",\"@id\":\"https:\\\/\\\/solkes.com\\\/de\\\/der-verschluss\\\/2023\\\/06\\\/ein-gespraech-mit-pedro-nebreda\\\/#primaryimage\",\"url\":\"https:\\\/\\\/solkes.com\\\/wp-content\\\/uploads\\\/2023\\\/06\\\/pedron-2306_03.jpg\",\"contentUrl\":\"https:\\\/\\\/solkes.com\\\/wp-content\\\/uploads\\\/2023\\\/06\\\/pedron-2306_03.jpg\",\"width\":996,\"height\":601,\"caption\":\"Zach Lezniewicz for Unplash @ Solkes\"},{\"@type\":\"BreadcrumbList\",\"@id\":\"https:\\\/\\\/solkes.com\\\/de\\\/der-verschluss\\\/2023\\\/06\\\/ein-gespraech-mit-pedro-nebreda\\\/#breadcrumb\",\"itemListElement\":[{\"@type\":\"ListItem\",\"position\":1,\"name\":\"Portada\",\"item\":\"https:\\\/\\\/solkes.com\\\/\"},{\"@type\":\"ListItem\",\"position\":2,\"name\":\"Ein Gespr\u00e4ch mit Pedro NEBREDA\"}]},{\"@type\":\"WebSite\",\"@id\":\"https:\\\/\\\/solkes.com\\\/#website\",\"url\":\"https:\\\/\\\/solkes.com\\\/\",\"name\":\"Solkes Magazine\",\"description\":\"solkes.com\",\"publisher\":{\"@id\":\"https:\\\/\\\/solkes.com\\\/#organization\"},\"potentialAction\":[{\"@type\":\"SearchAction\",\"target\":{\"@type\":\"EntryPoint\",\"urlTemplate\":\"https:\\\/\\\/solkes.com\\\/?s={search_term_string}\"},\"query-input\":{\"@type\":\"PropertyValueSpecification\",\"valueRequired\":true,\"valueName\":\"search_term_string\"}}],\"inLanguage\":\"de\"},{\"@type\":\"Organization\",\"@id\":\"https:\\\/\\\/solkes.com\\\/#organization\",\"name\":\"Solkes Magazine\",\"url\":\"https:\\\/\\\/solkes.com\\\/\",\"logo\":{\"@type\":\"ImageObject\",\"inLanguage\":\"de\",\"@id\":\"https:\\\/\\\/solkes.com\\\/#\\\/schema\\\/logo\\\/image\\\/\",\"url\":\"https:\\\/\\\/solkes.com\\\/wp-content\\\/uploads\\\/2024\\\/09\\\/logo-SOLKES-820px-x-312px.png\",\"contentUrl\":\"https:\\\/\\\/solkes.com\\\/wp-content\\\/uploads\\\/2024\\\/09\\\/logo-SOLKES-820px-x-312px.png\",\"width\":411,\"height\":303,\"caption\":\"Solkes Magazine\"},\"image\":{\"@id\":\"https:\\\/\\\/solkes.com\\\/#\\\/schema\\\/logo\\\/image\\\/\"},\"sameAs\":[\"https:\\\/\\\/www.facebook.com\\\/solkesmagazinee\\\/\",\"https:\\\/\\\/instagram.com\\\/solkesmagazine\\\/\"]},{\"@type\":\"Person\",\"@id\":\"https:\\\/\\\/solkes.com\\\/#\\\/schema\\\/person\\\/54684f1c0bebcaff4d6b3f1ec2e71e91\",\"name\":\"Laura Viera A.\",\"image\":{\"@type\":\"ImageObject\",\"inLanguage\":\"de\",\"@id\":\"https:\\\/\\\/secure.gravatar.com\\\/avatar\\\/d7b6a8bb956f5279e99babca11ed31351716b19f59e9e3e989847c0ca9e0c5d9?s=96&d=identicon&r=g\",\"url\":\"https:\\\/\\\/secure.gravatar.com\\\/avatar\\\/d7b6a8bb956f5279e99babca11ed31351716b19f59e9e3e989847c0ca9e0c5d9?s=96&d=identicon&r=g\",\"contentUrl\":\"https:\\\/\\\/secure.gravatar.com\\\/avatar\\\/d7b6a8bb956f5279e99babca11ed31351716b19f59e9e3e989847c0ca9e0c5d9?s=96&d=identicon&r=g\",\"caption\":\"Laura Viera A.\"},\"description\":\"Fundadora y Directora Editorial de Solkes Magazine Es periodista de vocaci\u00f3n y formaci\u00f3n. Estudi\u00f3 Comunicaci\u00f3n Social con \u00e9nfasis en Periodismo en la Pontificia Universidad Javeriana de Bogot\u00e1, Colombia. Desde muy joven sinti\u00f3 una profunda pasi\u00f3n por contar historias, explorar el mundo y dar voz a quienes no la tienen. Su compromiso con los Derechos Humanos ha sido una constante en su trayectoria, participando activamente en proyectos sociales desde temprana edad. Este inter\u00e9s se refleja en el enfoque editorial de Solkes, una revista que prioriza el periodismo independiente, la diversidad cultural y la profundidad narrativa. Laura naci\u00f3 en Bogot\u00e1, vivi\u00f3 tres a\u00f1os en Madrid, Espa\u00f1a, y desde el verano de 2010 reside en Alemania. Esta experiencia multicultural ha enriquecido su perspectiva y ha sido clave para la creaci\u00f3n de una revista triling\u00fce que trasciende fronteras y conecta a lectores de distintas partes del mundo. ******************************************************************************************* Founder and Editorial Director of Solkes Magazine She is a passionate journalist by vocation and training. She studied Mass Communication with an emphasis on Journalism at the Pontificia Universidad Javeriana in Bogot\u00e1, Colombia. From a young age, she was deeply motivated to tell stories, explore the world, and give a voice to those who often go unheard. Her commitment to Human Rights has been a constant throughout her career, actively participating in social projects since early on. This dedication is reflected in Solkes Magazine\u2019s editorial focus on independent journalism, cultural diversity, and in-depth storytelling. Born in Bogot\u00e1, Laura lived in Madrid, Spain for three years, and has been residing in Germany since the summer of 2010. This multicultural experience has enriched her perspective and played a key role in creating a trilingual magazine that transcends borders and connects readers from around the world. ******************************************************************************************* Gr\u00fcnderin und Chefredakteurin von Solkes Magazine Laura Viera ist eine leidenschaftliche Journalistin aus Berufung und Ausbildung. Sie hat Soziale Kommunikation mit Schwerpunkt Journalismus an der Pontificia Universidad Javeriana in Bogot\u00e1, Kolumbien, studiert. Schon in jungen Jahren war sie stark motiviert, Geschichten zu erz\u00e4hlen, die Welt zu erkunden und denen eine Stimme zu geben, die oft ungeh\u00f6rt bleiben. Ihr Engagement f\u00fcr Menschenrechte begleitet sie seit Beginn ihrer Laufbahn. Sie war von Anfang an aktiv an sozialen Projekten beteiligt. Dieses Engagement spiegelt sich auch im redaktionellen Fokus von Solkes Magazine wider, das unabh\u00e4ngigen Journalismus, kulturelle Vielfalt und tiefgr\u00fcndiges Erz\u00e4hlen in den Vordergrund stellt. Geboren in Bogot\u00e1, lebte Laura drei Jahre in Madrid, Spanien, und lebt seit Sommer 2010 in Deutschland. Diese multikulturelle Erfahrung hat ihre Perspektive bereichert und war entscheidend bei der Gr\u00fcndung eines dreisprachigen Magazins, das Grenzen \u00fcberschreitet und Leser weltweit verbindet.\",\"sameAs\":[\"http:\\\/\\\/www.solkes.com\"],\"url\":\"https:\\\/\\\/solkes.com\\\/de\\\/author\\\/lauraviera2019\\\/\"}]}<\/script>\n<!-- \/ Yoast SEO plugin. -->","yoast_head_json":{"title":"Ein Gespr\u00e4ch mit Pedro NEBREDA - Solkes Magazine","description":"Pedro Nebreda spricht \u00fcber Musik als Mittel zur F\u00f6rderung von Kommunikation, emotionalem Wohlbefinden und sozialer Bindung.","robots":{"index":"index","follow":"follow","max-snippet":"max-snippet:-1","max-image-preview":"max-image-preview:large","max-video-preview":"max-video-preview:-1"},"canonical":"https:\/\/solkes.com\/de\/der-verschluss\/2023\/06\/ein-gespraech-mit-pedro-nebreda\/","og_locale":"de_DE","og_type":"article","og_title":"Ein Gespr\u00e4ch mit Pedro NEBREDA - Solkes Magazine","og_description":"Pedro Nebreda spricht \u00fcber Musik als Mittel zur F\u00f6rderung von Kommunikation, emotionalem Wohlbefinden und sozialer Bindung.","og_url":"https:\/\/solkes.com\/de\/der-verschluss\/2023\/06\/ein-gespraech-mit-pedro-nebreda\/","og_site_name":"Solkes Magazine","article_publisher":"https:\/\/www.facebook.com\/solkesmagazinee\/","article_published_time":"2023-06-23T08:00:52+00:00","article_modified_time":"2025-01-20T15:37:40+00:00","og_image":[{"width":996,"height":601,"url":"https:\/\/solkes.com\/wp-content\/uploads\/2023\/06\/pedron-2306_03.jpg","type":"image\/jpeg"}],"author":"Laura Viera A.","twitter_card":"summary_large_image","twitter_misc":{"Verfasst von":"Laura Viera A.","Gesch\u00e4tzte Lesezeit":"17\u00a0Minuten"},"schema":{"@context":"https:\/\/schema.org","@graph":[{"@type":"Article","@id":"https:\/\/solkes.com\/de\/der-verschluss\/2023\/06\/ein-gespraech-mit-pedro-nebreda\/#article","isPartOf":{"@id":"https:\/\/solkes.com\/de\/der-verschluss\/2023\/06\/ein-gespraech-mit-pedro-nebreda\/"},"author":{"name":"Laura Viera A.","@id":"https:\/\/solkes.com\/#\/schema\/person\/54684f1c0bebcaff4d6b3f1ec2e71e91"},"headline":"Ein Gespr\u00e4ch mit Pedro NEBREDA","datePublished":"2023-06-23T08:00:52+00:00","dateModified":"2025-01-20T15:37:40+00:00","mainEntityOfPage":{"@id":"https:\/\/solkes.com\/de\/der-verschluss\/2023\/06\/ein-gespraech-mit-pedro-nebreda\/"},"wordCount":3609,"commentCount":0,"publisher":{"@id":"https:\/\/solkes.com\/#organization"},"image":{"@id":"https:\/\/solkes.com\/de\/der-verschluss\/2023\/06\/ein-gespraech-mit-pedro-nebreda\/#primaryimage"},"thumbnailUrl":"https:\/\/solkes.com\/wp-content\/uploads\/2023\/06\/pedron-2306_03.jpg","articleSection":["Der Verschluss"],"inLanguage":"de","potentialAction":[{"@type":"CommentAction","name":"Comment","target":["https:\/\/solkes.com\/de\/der-verschluss\/2023\/06\/ein-gespraech-mit-pedro-nebreda\/#respond"]}]},{"@type":"WebPage","@id":"https:\/\/solkes.com\/de\/der-verschluss\/2023\/06\/ein-gespraech-mit-pedro-nebreda\/","url":"https:\/\/solkes.com\/de\/der-verschluss\/2023\/06\/ein-gespraech-mit-pedro-nebreda\/","name":"Ein Gespr\u00e4ch mit Pedro NEBREDA - Solkes Magazine","isPartOf":{"@id":"https:\/\/solkes.com\/#website"},"primaryImageOfPage":{"@id":"https:\/\/solkes.com\/de\/der-verschluss\/2023\/06\/ein-gespraech-mit-pedro-nebreda\/#primaryimage"},"image":{"@id":"https:\/\/solkes.com\/de\/der-verschluss\/2023\/06\/ein-gespraech-mit-pedro-nebreda\/#primaryimage"},"thumbnailUrl":"https:\/\/solkes.com\/wp-content\/uploads\/2023\/06\/pedron-2306_03.jpg","datePublished":"2023-06-23T08:00:52+00:00","dateModified":"2025-01-20T15:37:40+00:00","description":"Pedro Nebreda spricht \u00fcber Musik als Mittel zur F\u00f6rderung von Kommunikation, emotionalem Wohlbefinden und sozialer Bindung.","breadcrumb":{"@id":"https:\/\/solkes.com\/de\/der-verschluss\/2023\/06\/ein-gespraech-mit-pedro-nebreda\/#breadcrumb"},"inLanguage":"de","potentialAction":[{"@type":"ReadAction","target":["https:\/\/solkes.com\/de\/der-verschluss\/2023\/06\/ein-gespraech-mit-pedro-nebreda\/"]}]},{"@type":"ImageObject","inLanguage":"de","@id":"https:\/\/solkes.com\/de\/der-verschluss\/2023\/06\/ein-gespraech-mit-pedro-nebreda\/#primaryimage","url":"https:\/\/solkes.com\/wp-content\/uploads\/2023\/06\/pedron-2306_03.jpg","contentUrl":"https:\/\/solkes.com\/wp-content\/uploads\/2023\/06\/pedron-2306_03.jpg","width":996,"height":601,"caption":"Zach Lezniewicz for Unplash @ Solkes"},{"@type":"BreadcrumbList","@id":"https:\/\/solkes.com\/de\/der-verschluss\/2023\/06\/ein-gespraech-mit-pedro-nebreda\/#breadcrumb","itemListElement":[{"@type":"ListItem","position":1,"name":"Portada","item":"https:\/\/solkes.com\/"},{"@type":"ListItem","position":2,"name":"Ein Gespr\u00e4ch mit Pedro NEBREDA"}]},{"@type":"WebSite","@id":"https:\/\/solkes.com\/#website","url":"https:\/\/solkes.com\/","name":"Solkes Magazine","description":"solkes.com","publisher":{"@id":"https:\/\/solkes.com\/#organization"},"potentialAction":[{"@type":"SearchAction","target":{"@type":"EntryPoint","urlTemplate":"https:\/\/solkes.com\/?s={search_term_string}"},"query-input":{"@type":"PropertyValueSpecification","valueRequired":true,"valueName":"search_term_string"}}],"inLanguage":"de"},{"@type":"Organization","@id":"https:\/\/solkes.com\/#organization","name":"Solkes Magazine","url":"https:\/\/solkes.com\/","logo":{"@type":"ImageObject","inLanguage":"de","@id":"https:\/\/solkes.com\/#\/schema\/logo\/image\/","url":"https:\/\/solkes.com\/wp-content\/uploads\/2024\/09\/logo-SOLKES-820px-x-312px.png","contentUrl":"https:\/\/solkes.com\/wp-content\/uploads\/2024\/09\/logo-SOLKES-820px-x-312px.png","width":411,"height":303,"caption":"Solkes Magazine"},"image":{"@id":"https:\/\/solkes.com\/#\/schema\/logo\/image\/"},"sameAs":["https:\/\/www.facebook.com\/solkesmagazinee\/","https:\/\/instagram.com\/solkesmagazine\/"]},{"@type":"Person","@id":"https:\/\/solkes.com\/#\/schema\/person\/54684f1c0bebcaff4d6b3f1ec2e71e91","name":"Laura Viera A.","image":{"@type":"ImageObject","inLanguage":"de","@id":"https:\/\/secure.gravatar.com\/avatar\/d7b6a8bb956f5279e99babca11ed31351716b19f59e9e3e989847c0ca9e0c5d9?s=96&d=identicon&r=g","url":"https:\/\/secure.gravatar.com\/avatar\/d7b6a8bb956f5279e99babca11ed31351716b19f59e9e3e989847c0ca9e0c5d9?s=96&d=identicon&r=g","contentUrl":"https:\/\/secure.gravatar.com\/avatar\/d7b6a8bb956f5279e99babca11ed31351716b19f59e9e3e989847c0ca9e0c5d9?s=96&d=identicon&r=g","caption":"Laura Viera A."},"description":"Fundadora y Directora Editorial de Solkes Magazine Es periodista de vocaci\u00f3n y formaci\u00f3n. Estudi\u00f3 Comunicaci\u00f3n Social con \u00e9nfasis en Periodismo en la Pontificia Universidad Javeriana de Bogot\u00e1, Colombia. Desde muy joven sinti\u00f3 una profunda pasi\u00f3n por contar historias, explorar el mundo y dar voz a quienes no la tienen. Su compromiso con los Derechos Humanos ha sido una constante en su trayectoria, participando activamente en proyectos sociales desde temprana edad. Este inter\u00e9s se refleja en el enfoque editorial de Solkes, una revista que prioriza el periodismo independiente, la diversidad cultural y la profundidad narrativa. Laura naci\u00f3 en Bogot\u00e1, vivi\u00f3 tres a\u00f1os en Madrid, Espa\u00f1a, y desde el verano de 2010 reside en Alemania. Esta experiencia multicultural ha enriquecido su perspectiva y ha sido clave para la creaci\u00f3n de una revista triling\u00fce que trasciende fronteras y conecta a lectores de distintas partes del mundo. ******************************************************************************************* Founder and Editorial Director of Solkes Magazine She is a passionate journalist by vocation and training. She studied Mass Communication with an emphasis on Journalism at the Pontificia Universidad Javeriana in Bogot\u00e1, Colombia. From a young age, she was deeply motivated to tell stories, explore the world, and give a voice to those who often go unheard. Her commitment to Human Rights has been a constant throughout her career, actively participating in social projects since early on. This dedication is reflected in Solkes Magazine\u2019s editorial focus on independent journalism, cultural diversity, and in-depth storytelling. Born in Bogot\u00e1, Laura lived in Madrid, Spain for three years, and has been residing in Germany since the summer of 2010. This multicultural experience has enriched her perspective and played a key role in creating a trilingual magazine that transcends borders and connects readers from around the world. ******************************************************************************************* Gr\u00fcnderin und Chefredakteurin von Solkes Magazine Laura Viera ist eine leidenschaftliche Journalistin aus Berufung und Ausbildung. Sie hat Soziale Kommunikation mit Schwerpunkt Journalismus an der Pontificia Universidad Javeriana in Bogot\u00e1, Kolumbien, studiert. Schon in jungen Jahren war sie stark motiviert, Geschichten zu erz\u00e4hlen, die Welt zu erkunden und denen eine Stimme zu geben, die oft ungeh\u00f6rt bleiben. Ihr Engagement f\u00fcr Menschenrechte begleitet sie seit Beginn ihrer Laufbahn. Sie war von Anfang an aktiv an sozialen Projekten beteiligt. Dieses Engagement spiegelt sich auch im redaktionellen Fokus von Solkes Magazine wider, das unabh\u00e4ngigen Journalismus, kulturelle Vielfalt und tiefgr\u00fcndiges Erz\u00e4hlen in den Vordergrund stellt. Geboren in Bogot\u00e1, lebte Laura drei Jahre in Madrid, Spanien, und lebt seit Sommer 2010 in Deutschland. Diese multikulturelle Erfahrung hat ihre Perspektive bereichert und war entscheidend bei der Gr\u00fcndung eines dreisprachigen Magazins, das Grenzen \u00fcberschreitet und Leser weltweit verbindet.","sameAs":["http:\/\/www.solkes.com"],"url":"https:\/\/solkes.com\/de\/author\/lauraviera2019\/"}]}},"_links":{"self":[{"href":"https:\/\/solkes.com\/de\/wp-json\/wp\/v2\/posts\/28253","targetHints":{"allow":["GET"]}}],"collection":[{"href":"https:\/\/solkes.com\/de\/wp-json\/wp\/v2\/posts"}],"about":[{"href":"https:\/\/solkes.com\/de\/wp-json\/wp\/v2\/types\/post"}],"author":[{"embeddable":true,"href":"https:\/\/solkes.com\/de\/wp-json\/wp\/v2\/users\/76"}],"replies":[{"embeddable":true,"href":"https:\/\/solkes.com\/de\/wp-json\/wp\/v2\/comments?post=28253"}],"version-history":[{"count":11,"href":"https:\/\/solkes.com\/de\/wp-json\/wp\/v2\/posts\/28253\/revisions"}],"predecessor-version":[{"id":28264,"href":"https:\/\/solkes.com\/de\/wp-json\/wp\/v2\/posts\/28253\/revisions\/28264"}],"wp:featuredmedia":[{"embeddable":true,"href":"https:\/\/solkes.com\/de\/wp-json\/wp\/v2\/media\/25840"}],"wp:attachment":[{"href":"https:\/\/solkes.com\/de\/wp-json\/wp\/v2\/media?parent=28253"}],"wp:term":[{"taxonomy":"category","embeddable":true,"href":"https:\/\/solkes.com\/de\/wp-json\/wp\/v2\/categories?post=28253"},{"taxonomy":"post_tag","embeddable":true,"href":"https:\/\/solkes.com\/de\/wp-json\/wp\/v2\/tags?post=28253"}],"curies":[{"name":"wp","href":"https:\/\/api.w.org\/{rel}","templated":true}]}}