{"id":2819,"date":"2017-06-03T10:00:01","date_gmt":"2017-06-03T08:00:01","guid":{"rendered":"http:\/\/solkes.com\/?p=2819"},"modified":"2020-11-27T23:55:51","modified_gmt":"2020-11-27T21:55:51","slug":"xenofobia-entre-paises-hermanos","status":"publish","type":"post","link":"https:\/\/solkes.com\/de\/n-foko\/2017\/06\/xenofobia-entre-paises-hermanos\/","title":{"rendered":"Xenofobia entre pa\u00edses hermanos"},"content":{"rendered":"<p><span class=\"dropcap dropcap2\" style=\"color: #138a8d;\">A<\/span>l repasar el \u201cAn\u00e1lisis Carta de Jamaica: 1815-2015 Doscientos a\u00f1os de pensamiento y legado bolivariano\u201d de <a href=\"https:\/\/twitter.com\/francissanchez9?lang=de\"><strong><span style=\"color: #138a8d;\">Francis S\u00e1nchez<\/span><\/strong><\/a>, encontramos que Caracas y Bogot\u00e1, entre otras, fueron capitales de la revoluci\u00f3n hispanoamericana donde se gestaron movimientos insurreccionales nacidos en Am\u00e9rica con pretensiones similares: acabar con el colonialismo espa\u00f1ol y propender por la creaci\u00f3n de naciones independentistas.<\/p>\n<p>En ese eje, surge el pensamiento pol\u00edtico de Bol\u00edvar, bajo un ideal de libertad y democracia con un sistema de gobierno unificado e integral al continente. As\u00ed, Carabobo y Maracaibo forjaron la rep\u00fablica de Venezuela, del <strong><span style=\"color: #138a8d;\">Pantano de Vargas<\/span><\/strong> y <a href=\"https:\/\/de.wikipedia.org\/wiki\/Departamento_de_Boyac\u00e1\"><strong><span style=\"color: #138a8d;\">Boyac\u00e1<\/span><\/strong><\/a> surgi\u00f3 <a href=\"https:\/\/es.wikipedia.org\/wiki\/Colombia\"><strong><span style=\"color: #138a8d;\">la rep\u00fablica de Colombia<\/span><\/strong><\/a>, con Pichincha se conform\u00f3 la rep\u00fablica del <a href=\"https:\/\/es.wikipedia.org\/wiki\/Ecuador\"><strong><span style=\"color: #138a8d;\">Ecuador,<\/span><\/strong><\/a> en Jun\u00edn naci\u00f3 la rep\u00fablica del <a href=\"https:\/\/www.lonelyplanet.com\/bolivia\"><strong><span style=\"color: #138a8d;\">Bolivia<\/span><\/strong><\/a>, Ayacucho dio pie a la creaci\u00f3n de la rep\u00fablica del <a href=\"https:\/\/www.peru.travel\/de\/\"><strong><span style=\"color: #138a8d;\">Per\u00fa<\/span><\/strong><\/a>.<\/p>\n<figure id=\"attachment_1069\" aria-describedby=\"caption-attachment-1069\" style=\"width: 990px\" class=\"wp-caption aligncenter\"><a href=\"https:\/\/solkes.com\/wp-content\/uploads\/2019\/08\/1606_01-2-1.jpg\"><img fetchpriority=\"high\" decoding=\"async\" class=\"size-full wp-image-1069\" src=\"https:\/\/solkes.com\/wp-content\/uploads\/2019\/08\/1606_01-2-1.jpg\" alt=\"\" width=\"990\" height=\"597\" srcset=\"https:\/\/solkes.com\/wp-content\/uploads\/2019\/08\/1606_01-2-1.jpg 990w, https:\/\/solkes.com\/wp-content\/uploads\/2019\/08\/1606_01-2-1-300x181.jpg 300w, https:\/\/solkes.com\/wp-content\/uploads\/2019\/08\/1606_01-2-1-768x463.jpg 768w, https:\/\/solkes.com\/wp-content\/uploads\/2019\/08\/1606_01-2-1-320x193.jpg 320w\" sizes=\"(max-width: 990px) 100vw, 990px\" \/><\/a><figcaption id=\"caption-attachment-1069\" class=\"wp-caption-text\">Te Lo Cuento News \u00a9 Solkes<\/figcaption><\/figure>\n<h3><span style=\"color: #138a8d;\"><strong>La cima y los laureles de la libertad<\/strong><\/span><\/h3>\n<p>Cada batalla representa la cima y los laureles de la libertad. Cada victoria, una patria nueva y libre en Am\u00e9rica, creada y forjada en su accionar de lucha e intelecto bajo un mismo espacio geogr\u00e1fico para unificar pol\u00edticas jur\u00eddicas, econ\u00f3micas, sociales y militares en una sola patria: el anhelo de la Patria Continental Suramericana. Esa es la base del pensamiento de Bol\u00edvar que recoge la Carta de Jamaica.<\/p>\n<figure id=\"attachment_1070\" aria-describedby=\"caption-attachment-1070\" style=\"width: 300px\" class=\"wp-caption alignleft\"><a href=\"https:\/\/solkes.com\/wp-content\/uploads\/2019\/08\/1606_02-2-1.jpg\"><img decoding=\"async\" class=\"size-medium wp-image-1070\" src=\"http:\/\/solkes.com\/wp-content\/uploads\/2019\/08\/1606_02-2-300x482.jpg\" alt=\"\" width=\"300\" height=\"482\" \/><\/a><figcaption id=\"caption-attachment-1070\" class=\"wp-caption-text\">Te Lo Cuento News \u00a9 Solkes<\/figcaption><\/figure>\n<p>Ahora bien, si llegamos al momento en que Ch\u00e1vez se apropi\u00f3 del concepto bolivariano, lo sembr\u00f3 en Venezuela y empez\u00f3 a extenderlo en el continente, encontramos que luego de su fallecimiento el tema de Venezuela se convirti\u00f3 en un mon\u00f3logo repetitivo en la agenda regional e internacional, que termin\u00f3 por marchitar las esperanzas del socialismo bolivariano.<\/p>\n<p>\u00bfPor qu\u00e9? La crisis social y pol\u00edtica que enfrenta Venezuela es producto del debilitamiento de una clase dirigente que no ha logrado responder al c\u00famulo de necesidades que reclama un sector cada vez m\u00e1s inconforme de la poblaci\u00f3n, <strong><span style=\"color: #138a8d;\">de un Estado que no podido lograr la eficacia de su modelo econ\u00f3mico y mantiene a la poblaci\u00f3n en un continuo y marcado desabastecimiento de productos de primer orden.<\/span><\/strong><\/p>\n<p>Una inflaci\u00f3n sin precedentes, actos de sabotaje para unos, de inconformidad popular para otros, violaci\u00f3n de derechos humanos, persecuci\u00f3n a la oposici\u00f3n, polarizaci\u00f3n de criterios en lo pol\u00edtico, miedo generalizado al caos y desgobierno, todo lo cual presenta a unos actores sociales que se debaten en una guerra medi\u00e1tica sin tregua.<\/p>\n<h3><span style=\"color: #138a8d;\"><strong>Dependen del petr\u00f3leo<\/strong><\/span><\/h3>\n<p><a href=\"https:\/\/es.wikipedia.org\/wiki\/Historia_del_petr\u00f3leo_en_Venezuela\"><strong><span style=\"color: #138a8d;\">Venezuela depende de la venta de su petr\u00f3leo.<\/span> <\/strong><\/a>Sin embargo la sucesi\u00f3n pol\u00edtica con Maduro, la ha dejado en condici\u00f3n de fragilidad, con diferencias internas que tienen cada vez mayor repercusi\u00f3n en el contexto internacional y presentan a Venezuela alica\u00edda, lejana de aquella de la Revoluci\u00f3n bolivariana que ve\u00eda en su l\u00edder natural la figura mesi\u00e1nica que hab\u00eda esperado. Por eso ahora se habla de la Venezuela que encarn\u00f3 <a href=\"https:\/\/de.wikipedia.org\/wiki\/Hugo_Ch\u00e1vez\"><strong><span style=\"color: #138a8d;\">Ch\u00e1vez<\/span><\/strong><\/a>, y la que dej\u00f3 de Ch\u00e1vez.<\/p>\n<p><span class=\"dropcap dropcap2\" style=\"color: #138a8d;\">E<\/span>s cierto que la Venezuela de Ch\u00e1vez disminuy\u00f3 la pobreza, que la desigualdad social baj\u00f3, pero particularmente la de hoy evidencia una brecha entre dos proyectos antag\u00f3nicos. <strong><span style=\"color: #138a8d;\">Venezuela est\u00e1 dividida y polarizada entre chavistas y no chavistas<\/span><\/strong>, y tanto unos como otros representan a una Venezuela que no logra encontrar su camino.<\/p>\n<p>Recientemente el asesinato de uno de los candidatos de la oposici\u00f3n, pocos d\u00edas antes de la realizaci\u00f3n de las elecciones dej\u00f3 un mal presagio en el inmediato futuro. Sin embargo, el triunfo de la oposici\u00f3n venezolana en las elecciones legislativas del <strong><span style=\"color: #138a8d;\">6 de diciembre de 2015<\/span><\/strong>, demostr\u00f3 que la m\u00e1s importante herramienta que tiene el pueblo es la manifestaci\u00f3n inquebrantable de su expresi\u00f3n a trav\u00e9s del voto, que cuando se ejerce masivamente y logra romperse el abstencionismo, no hay nada que lo detenga para tomar el sendero que reclama la democracia, con un nuevo aire pol\u00edtico, social y econ\u00f3mico de una sociedad asfixiada por la equivocada direcci\u00f3n de su gobierno.<\/p>\n<figure id=\"attachment_1065\" aria-describedby=\"caption-attachment-1065\" style=\"width: 990px\" class=\"wp-caption aligncenter\"><a href=\"https:\/\/solkes.com\/wp-content\/uploads\/2019\/08\/1606_03-4.jpg\"><img decoding=\"async\" class=\"size-full wp-image-1065\" src=\"https:\/\/solkes.com\/wp-content\/uploads\/2019\/08\/1606_03-4.jpg\" alt=\"\" width=\"990\" height=\"597\" srcset=\"https:\/\/solkes.com\/wp-content\/uploads\/2019\/08\/1606_03-4.jpg 990w, https:\/\/solkes.com\/wp-content\/uploads\/2019\/08\/1606_03-4-300x181.jpg 300w, https:\/\/solkes.com\/wp-content\/uploads\/2019\/08\/1606_03-4-768x463.jpg 768w, https:\/\/solkes.com\/wp-content\/uploads\/2019\/08\/1606_03-4-320x193.jpg 320w\" sizes=\"(max-width: 990px) 100vw, 990px\" \/><\/a><figcaption id=\"caption-attachment-1065\" class=\"wp-caption-text\">Te Lo Cuento News \u00a9 Solkes<\/figcaption><\/figure>\n<p>En Venezuela ese espacio democr\u00e1tico que se consolid\u00f3 en las urnas, gracias a la activa participaci\u00f3n popular, fue superior a las mismas garant\u00edas que ten\u00eda la oposici\u00f3n. El pueblo lleg\u00f3 a dudar y no creer lo que finalmente demostr\u00f3 ante los mismos atropellos que ha visto. Y as\u00ed, ese sue\u00f1o de la patria de Ch\u00e1vez languidece, no por el enemigo externo que \u00e9l mismo denunci\u00f3 tantas veces, sino por la ausencia de liderazgo en Maduro para conducir el chavismo sin Ch\u00e1vez.<\/p>\n<h3><span style=\"color: #138a8d;\"><strong>Repercusiones para Colombia<\/strong><\/span><\/h3>\n<p><strong><span style=\"color: #138a8d;\">Ese desenlace de Venezuela tiene amplias repercusiones en Colombia, dados los lazos de familiaridad que mantienen naciones hermanas en una frontera de 2219 kil\u00f3metros.<\/span><\/strong> Un mercado bilateral que representa para Colombia importantes renglones econ\u00f3micos. Unas gentes unidas donde el comercio es el imperativo de subsistencia en una frontera de hermandad, afecto, pero tambi\u00e9n problemas de distinto orden, con unos llanos colombo-venezolanos donde sus habitantes siempre han compartido lazos de amistad, folclor y la vocaci\u00f3n ganadera de sus regiones.<\/p>\n<p><span class=\"dropcap dropcap2\">E<\/span>s tal la dependencia de uno y otro, que las decisiones pol\u00edticas afectan a su similar, m\u00e1s cuando las diferencias de pa\u00edses, se convierte por momentos en explosivas declaraciones de algunos de sus dirigentes. Es la historia de dos hermanos que tienen divergencias pero que en el fondo mantienen estrechos v\u00ednculos cimentados en el fervor de ideales y realizaciones.<\/p>\n<p>Colombia y Venezuela, una frontera f\u00edsica y material que no resiste los verdaderos lazos que unen a sus gentes.<\/p>\n<blockquote class=\"td_quote_box td_box_right\">\n<h4>Hay una frontera mental que quieren imponer a toda costa quienes pretenden disociar los afectos entre pa\u00edses hermanos.<\/h4>\n<\/blockquote>\n<p>Puede decirse que uno de ellos, fue premiado por la creaci\u00f3n con una riqueza petrolera que le ha permitido ufanarse de grandeza econ\u00f3mica y poder\u00edo militar; del manejo de recursos a su antojo, incluso apoyando a otros pa\u00edses amigos e interviniendo en sus econom\u00edas.<\/p>\n<p>Al otro, le ha tocado apaciguar los \u00e1nimos para evitar que esos lazos resulten definitivamente fragmentados. Ha logrado hacer prevalecer la raz\u00f3n por encima de la discordia, las buenas maneras sobre las grotescas expresiones, la diplomacia sobre la palabra inc\u00f3moda, y especialmente la b\u00fasqueda de soluciones cimentadas en el di\u00e1logo para superar las burdas acciones que recogen desde la expresi\u00f3n de la amenaza hasta la fuerza ejercida por su propio hermano.<\/p>\n<h3><span style=\"color: #138a8d;\"><strong>Una historia unida por ideales<\/strong><\/span><\/h3>\n<figure id=\"attachment_1073\" aria-describedby=\"caption-attachment-1073\" style=\"width: 300px\" class=\"wp-caption alignleft\"><a href=\"https:\/\/solkes.com\/wp-content\/uploads\/2019\/08\/1606_05-2.jpg\"><img loading=\"lazy\" decoding=\"async\" class=\"size-medium wp-image-1073\" src=\"http:\/\/solkes.com\/wp-content\/uploads\/2019\/08\/1606_05-300x482.jpg\" alt=\"\" width=\"300\" height=\"482\" \/><\/a><figcaption id=\"caption-attachment-1073\" class=\"wp-caption-text\">Te Lo Cuento News \u00a9 Solkes<\/figcaption><\/figure>\n<p>La historia de Colombia y Venezuela est\u00e1 unida por ideales comunes de la gesta libertadora. De personas que en uno y otro lado, han sufrido los embates de la violencia interna en sus territorios, de protagonistas pol\u00edticos que con el filo de sus palabras trastocan los \u00e1nimos del nacionalismo y por momentos hacen tambalear la integraci\u00f3n de pueblos que se necesitan y alimentan de sus propios lamentos y necesidades.<\/p>\n<p>En el mes de <strong><span style=\"color: #138a8d;\">agosto de 2015<\/span><\/strong> el gobierno Venezolano declar\u00f3 el estado de excepci\u00f3n constitucional en varios estados fronterizos con Colombia, y para Maduro esas medidas resultan necesarias hasta que se logre construir una <strong><span style=\"color: #138a8d;\">\u201cfrontera de paz\u201d<\/span><\/strong> para combatir el <strong><span style=\"color: #138a8d;\">\u201cterrorismo\u201d<\/span><\/strong> en la zona lim\u00edtrofe.<\/p>\n<p>Sin embargo, lo que result\u00f3 deplorable fue el grado de violencia, saqueo y despojo ejercido contra unas <strong><span style=\"color: #138a8d;\">25.000 personas colombianas deportadas<\/span><\/strong> y otros que retornaron por el temor a ser deportados.<\/p>\n<p>Es que esos actos tuvieron el sello de la agresi\u00f3n impl\u00edcita que dej\u00f3 en no pocos la necesidad de acciones m\u00e9dicas para el manejo de la ansiedad; en otros, la atenci\u00f3n cl\u00ednica por afectaciones psicol\u00f3gicas; y en algunos, la orden de tratamientos terap\u00e9uticos como pacientes con remisi\u00f3n psiqui\u00e1trica.<\/p>\n<blockquote class=\"td_quote_box td_box_left\">\n<h4 style=\"text-align: center;\">Hay una siembra de odios que el pueblo no quiere recoger.<\/h4>\n<\/blockquote>\n<p>Sin desconocer que en la frontera se agudiza tambi\u00e9n una problem\u00e1tica del conflicto armado colombiano y que algunas v\u00edctimas huyeron del pa\u00eds buscando refugio en Venezuela, donde se asentaron sin ser reconocidos como refugiados, y se han convertido en una poblaci\u00f3n invisible de migrantes econ\u00f3micos pero que son v\u00edctimas de la violencia, lo cierto es que se trata de una masa poblacional que con las medidas del gobierno de Maduro ha padecido en medio de sus dificultades la marca del despojo con clara violaci\u00f3n a sus derechos humanos.<\/p>\n<figure id=\"attachment_1074\" aria-describedby=\"caption-attachment-1074\" style=\"width: 300px\" class=\"wp-caption alignright\"><a href=\"https:\/\/solkes.com\/wp-content\/uploads\/2019\/08\/1606_06-1.jpg\"><img loading=\"lazy\" decoding=\"async\" class=\"size-medium wp-image-1074\" src=\"http:\/\/solkes.com\/wp-content\/uploads\/2019\/08\/1606_06-300x482.jpg\" alt=\"\" width=\"300\" height=\"482\" \/><\/a><figcaption id=\"caption-attachment-1074\" class=\"wp-caption-text\">Te Lo Cuento News \u00a9 Solkes<\/figcaption><\/figure>\n<p>Es que en la pr\u00e1ctica lo que se encuentra es el alimento de la <a href=\"https:\/\/es.wikipedia.org\/wiki\/Xenofobia\"><strong><span style=\"color: #138a8d;\">xenofobia<\/span><\/strong><\/a> contra el colombiano con la extralimitaci\u00f3n militar venezolana, el maltrato al for\u00e1neo que mantiene lazos afectivos y sembr\u00f3 ra\u00edces venezolanas; el exceso en los desalojos, con utilizaci\u00f3n de la fuerza que le priva de lo poco que logr\u00f3 construir en a\u00f1os.<\/p>\n<p>Un escenario donde se pisotea la dignidad y el sentimiento patrio. <strong><span style=\"color: #138a8d;\">Cu\u00e1ntas personas despojadas m\u00e1s que de apegos materiales, de lazos creados en la fraternidad y el amor en sus familias.<\/span><\/strong><\/p>\n<h3><span style=\"color: #138a8d;\"><strong>Triste verdad<\/strong><\/span><\/h3>\n<p>La xenofobia que se fomenta y cuyo ejemplo se vivi\u00f3 hace pocos meses, desborda el irrespeto por la dignidad humana del colombiano, en medio del discurso medi\u00e1tico y populista que exaspera la ruptura entre las l\u00edneas uribista y chavista a uno y otro lado, en una confrontaci\u00f3n que se fortalece en la medida en que se ataca. Mientras tanto es el pueblo privado de transitar esa frontera, llena de barricadas, el que sufre las consecuencias de distinto orden, porque como dice <a href=\"http:\/\/www.stefanzweig.de\"><strong><span style=\"color: #138a8d;\">Stefan Zweig<\/span><\/strong><\/a> (cuando prisioneros rusos custodiaban soldados austr\u00edacos y se comportaban como camaradas en 1915) \u201caquellos hombres sab\u00edan que la guerra era una desgracia que se hab\u00eda abalanzado contra ellos y ante la cual no pod\u00edan hacer nada y que todos los que hab\u00edan ca\u00eddo en esa desgracia eran como hermanos\u201d<\/p>\n<p><span class=\"dropcap dropcap2\" style=\"color: #138a8d;\">D<\/span>urante los primeros d\u00edas del mes de enero de 2016 el gobierno de Maduro orden\u00f3 abrir un corredor humanitario en la frontera colombo-venezolana, que ojal\u00e1 sea pronto de apertura total, como esperanza del reencuentro sin barreras de dos pueblos hermanos. Definitivamente la ignorancia no s\u00f3lo se perpet\u00faa en las leyes, tambi\u00e9n en las convicciones ideol\u00f3gicas disecadas, tanto como en los fanatismos secos y desvergonzados. Esa es la tarea que le corresponde rectificar a la nueva Asamblea Nacional para reivindicar a esa Venezuela grande.<\/p>\n","protected":false},"excerpt":{"rendered":"<p>Al repasar el \u201cAn\u00e1lisis Carta de Jamaica: 1815-2015 Doscientos a\u00f1os de pensamiento y legado bolivariano\u201d de Francis S\u00e1nchez, encontramos que Caracas y Bogot\u00e1, entre otras, fueron capitales de la revoluci\u00f3n hispanoamericana donde se gestaron movimientos insurreccionales nacidos en Am\u00e9rica con pretensiones similares: acabar con el colonialismo espa\u00f1ol y propender por la creaci\u00f3n de naciones independentistas. [&hellip;]<\/p>\n","protected":false},"author":68,"featured_media":1065,"comment_status":"open","ping_status":"open","sticky":false,"template":"","format":"standard","meta":{"_acf_changed":false,"_exactmetrics_skip_tracking":false,"_exactmetrics_sitenote_active":false,"_exactmetrics_sitenote_note":"","_exactmetrics_sitenote_category":0,"site-sidebar-layout":"default","site-content-layout":"default","ast-site-content-layout":"default","site-content-style":"default","site-sidebar-style":"default","ast-global-header-display":"","ast-banner-title-visibility":"","ast-main-header-display":"","ast-hfb-above-header-display":"","ast-hfb-below-header-display":"","ast-hfb-mobile-header-display":"","site-post-title":"","ast-breadcrumbs-content":"","ast-featured-img":"","footer-sml-layout":"","theme-transparent-header-meta":"default","adv-header-id-meta":"","stick-header-meta":"","header-above-stick-meta":"","header-main-stick-meta":"","header-below-stick-meta":"","astra-migrate-meta-layouts":"default","ast-page-background-enabled":"default","ast-page-background-meta":{"desktop":{"background-color":"","background-image":"","background-repeat":"repeat","background-position":"center center","background-size":"auto","background-attachment":"scroll","background-type":"","background-media":"","overlay-type":"","overlay-color":"","overlay-opacity":"","overlay-gradient":""},"tablet":{"background-color":"","background-image":"","background-repeat":"repeat","background-position":"center center","background-size":"auto","background-attachment":"scroll","background-type":"","background-media":"","overlay-type":"","overlay-color":"","overlay-opacity":"","overlay-gradient":""},"mobile":{"background-color":"","background-image":"","background-repeat":"repeat","background-position":"center center","background-size":"auto","background-attachment":"scroll","background-type":"","background-media":"","overlay-type":"","overlay-color":"","overlay-opacity":"","overlay-gradient":""}},"ast-content-background-meta":{"desktop":{"background-color":"var(--ast-global-color-5)","background-image":"","background-repeat":"repeat","background-position":"center center","background-size":"auto","background-attachment":"scroll","background-type":"","background-media":"","overlay-type":"","overlay-color":"","overlay-opacity":"","overlay-gradient":""},"tablet":{"background-color":"var(--ast-global-color-5)","background-image":"","background-repeat":"repeat","background-position":"center center","background-size":"auto","background-attachment":"scroll","background-type":"","background-media":"","overlay-type":"","overlay-color":"","overlay-opacity":"","overlay-gradient":""},"mobile":{"background-color":"var(--ast-global-color-5)","background-image":"","background-repeat":"repeat","background-position":"center center","background-size":"auto","background-attachment":"scroll","background-type":"","background-media":"","overlay-type":"","overlay-color":"","overlay-opacity":"","overlay-gradient":""}},"footnotes":""},"categories":[12],"tags":[45,59,940,235,159,1804],"class_list":["post-2819","post","type-post","status-publish","format-standard","has-post-thumbnail","hentry","category-n-foko","tag-ayuda","tag-colombia","tag-derechos-2","tag-n-foko","tag-venezuela","tag-xenofobia"],"acf":[],"yoast_head":"<!-- This site is optimized with the Yoast SEO plugin v27.4 - https:\/\/yoast.com\/product\/yoast-seo-wordpress\/ -->\n<title>Xenofobia entre pa\u00edses hermanos - Solkes Magazine<\/title>\n<meta name=\"description\" content=\"La xenofobia se fomenta desborda el irrespeto. Es un escenario donde se pisotea la dignidad y el sentimiento patrio.\" \/>\n<meta name=\"robots\" content=\"index, follow, max-snippet:-1, max-image-preview:large, max-video-preview:-1\" \/>\n<link rel=\"canonical\" href=\"https:\/\/solkes.com\/n-foko\/2017\/06\/xenofobia-entre-paises-hermanos\/\" \/>\n<meta property=\"og:locale\" content=\"de_DE\" \/>\n<meta property=\"og:type\" content=\"article\" \/>\n<meta property=\"og:title\" content=\"Xenofobia entre pa\u00edses hermanos - Solkes Magazine\" \/>\n<meta property=\"og:description\" content=\"La xenofobia se fomenta desborda el irrespeto. Es un escenario donde se pisotea la dignidad y el sentimiento patrio.\" \/>\n<meta property=\"og:url\" content=\"https:\/\/solkes.com\/n-foko\/2017\/06\/xenofobia-entre-paises-hermanos\/\" \/>\n<meta property=\"og:site_name\" content=\"Solkes Magazine\" \/>\n<meta property=\"article:publisher\" content=\"https:\/\/www.facebook.com\/solkesmagazinee\/\" \/>\n<meta property=\"article:published_time\" content=\"2017-06-03T08:00:01+00:00\" \/>\n<meta property=\"article:modified_time\" content=\"2020-11-27T21:55:51+00:00\" \/>\n<meta property=\"og:image\" content=\"https:\/\/solkes.com\/wp-content\/uploads\/2019\/08\/1606_03-4.jpg\" \/>\n\t<meta property=\"og:image:width\" content=\"990\" \/>\n\t<meta property=\"og:image:height\" content=\"597\" \/>\n\t<meta property=\"og:image:type\" content=\"image\/jpeg\" \/>\n<meta name=\"author\" content=\"Gustavo Torres Herrera\" \/>\n<meta name=\"twitter:card\" content=\"summary_large_image\" \/>\n<meta name=\"twitter:label1\" content=\"Verfasst von\" \/>\n\t<meta name=\"twitter:data1\" content=\"Gustavo Torres Herrera\" \/>\n\t<meta name=\"twitter:label2\" content=\"Gesch\u00e4tzte Lesezeit\" \/>\n\t<meta name=\"twitter:data2\" content=\"9\u00a0Minuten\" \/>\n<script type=\"application\/ld+json\" class=\"yoast-schema-graph\">{\"@context\":\"https:\\\/\\\/schema.org\",\"@graph\":[{\"@type\":\"Article\",\"@id\":\"https:\\\/\\\/solkes.com\\\/n-foko\\\/2017\\\/06\\\/xenofobia-entre-paises-hermanos\\\/#article\",\"isPartOf\":{\"@id\":\"https:\\\/\\\/solkes.com\\\/n-foko\\\/2017\\\/06\\\/xenofobia-entre-paises-hermanos\\\/\"},\"author\":{\"name\":\"Gustavo Torres Herrera\",\"@id\":\"https:\\\/\\\/solkes.com\\\/#\\\/schema\\\/person\\\/f37eb817fc09e0fe76d7ca7e6cff0c0d\"},\"headline\":\"Xenofobia entre pa\u00edses hermanos\",\"datePublished\":\"2017-06-03T08:00:01+00:00\",\"dateModified\":\"2020-11-27T21:55:51+00:00\",\"mainEntityOfPage\":{\"@id\":\"https:\\\/\\\/solkes.com\\\/n-foko\\\/2017\\\/06\\\/xenofobia-entre-paises-hermanos\\\/\"},\"wordCount\":1786,\"commentCount\":0,\"publisher\":{\"@id\":\"https:\\\/\\\/solkes.com\\\/#organization\"},\"image\":{\"@id\":\"https:\\\/\\\/solkes.com\\\/n-foko\\\/2017\\\/06\\\/xenofobia-entre-paises-hermanos\\\/#primaryimage\"},\"thumbnailUrl\":\"https:\\\/\\\/solkes.com\\\/wp-content\\\/uploads\\\/2019\\\/08\\\/1606_03-4.jpg\",\"keywords\":[\"ayuda\",\"Colombia\",\"derechos\",\"N Foko\",\"Venezuela\",\"xenofobia\"],\"articleSection\":[\"N Foko\"],\"inLanguage\":\"de\",\"potentialAction\":[{\"@type\":\"CommentAction\",\"name\":\"Comment\",\"target\":[\"https:\\\/\\\/solkes.com\\\/n-foko\\\/2017\\\/06\\\/xenofobia-entre-paises-hermanos\\\/#respond\"]}]},{\"@type\":\"WebPage\",\"@id\":\"https:\\\/\\\/solkes.com\\\/n-foko\\\/2017\\\/06\\\/xenofobia-entre-paises-hermanos\\\/\",\"url\":\"https:\\\/\\\/solkes.com\\\/n-foko\\\/2017\\\/06\\\/xenofobia-entre-paises-hermanos\\\/\",\"name\":\"Xenofobia entre pa\u00edses hermanos - Solkes Magazine\",\"isPartOf\":{\"@id\":\"https:\\\/\\\/solkes.com\\\/#website\"},\"primaryImageOfPage\":{\"@id\":\"https:\\\/\\\/solkes.com\\\/n-foko\\\/2017\\\/06\\\/xenofobia-entre-paises-hermanos\\\/#primaryimage\"},\"image\":{\"@id\":\"https:\\\/\\\/solkes.com\\\/n-foko\\\/2017\\\/06\\\/xenofobia-entre-paises-hermanos\\\/#primaryimage\"},\"thumbnailUrl\":\"https:\\\/\\\/solkes.com\\\/wp-content\\\/uploads\\\/2019\\\/08\\\/1606_03-4.jpg\",\"datePublished\":\"2017-06-03T08:00:01+00:00\",\"dateModified\":\"2020-11-27T21:55:51+00:00\",\"description\":\"La xenofobia se fomenta desborda el irrespeto. Es un escenario donde se pisotea la dignidad y el sentimiento patrio.\",\"breadcrumb\":{\"@id\":\"https:\\\/\\\/solkes.com\\\/n-foko\\\/2017\\\/06\\\/xenofobia-entre-paises-hermanos\\\/#breadcrumb\"},\"inLanguage\":\"de\",\"potentialAction\":[{\"@type\":\"ReadAction\",\"target\":[\"https:\\\/\\\/solkes.com\\\/n-foko\\\/2017\\\/06\\\/xenofobia-entre-paises-hermanos\\\/\"]}]},{\"@type\":\"ImageObject\",\"inLanguage\":\"de\",\"@id\":\"https:\\\/\\\/solkes.com\\\/n-foko\\\/2017\\\/06\\\/xenofobia-entre-paises-hermanos\\\/#primaryimage\",\"url\":\"https:\\\/\\\/solkes.com\\\/wp-content\\\/uploads\\\/2019\\\/08\\\/1606_03-4.jpg\",\"contentUrl\":\"https:\\\/\\\/solkes.com\\\/wp-content\\\/uploads\\\/2019\\\/08\\\/1606_03-4.jpg\",\"width\":990,\"height\":597,\"caption\":\"Foto: Te Lo Cuento News \u00a9 Solkes\"},{\"@type\":\"BreadcrumbList\",\"@id\":\"https:\\\/\\\/solkes.com\\\/n-foko\\\/2017\\\/06\\\/xenofobia-entre-paises-hermanos\\\/#breadcrumb\",\"itemListElement\":[{\"@type\":\"ListItem\",\"position\":1,\"name\":\"Portada\",\"item\":\"https:\\\/\\\/solkes.com\\\/\"},{\"@type\":\"ListItem\",\"position\":2,\"name\":\"Xenofobia entre pa\u00edses hermanos\"}]},{\"@type\":\"WebSite\",\"@id\":\"https:\\\/\\\/solkes.com\\\/#website\",\"url\":\"https:\\\/\\\/solkes.com\\\/\",\"name\":\"Solkes Magazine\",\"description\":\"solkes.com\",\"publisher\":{\"@id\":\"https:\\\/\\\/solkes.com\\\/#organization\"},\"potentialAction\":[{\"@type\":\"SearchAction\",\"target\":{\"@type\":\"EntryPoint\",\"urlTemplate\":\"https:\\\/\\\/solkes.com\\\/?s={search_term_string}\"},\"query-input\":{\"@type\":\"PropertyValueSpecification\",\"valueRequired\":true,\"valueName\":\"search_term_string\"}}],\"inLanguage\":\"de\"},{\"@type\":\"Organization\",\"@id\":\"https:\\\/\\\/solkes.com\\\/#organization\",\"name\":\"Solkes Magazine\",\"url\":\"https:\\\/\\\/solkes.com\\\/\",\"logo\":{\"@type\":\"ImageObject\",\"inLanguage\":\"de\",\"@id\":\"https:\\\/\\\/solkes.com\\\/#\\\/schema\\\/logo\\\/image\\\/\",\"url\":\"https:\\\/\\\/solkes.com\\\/wp-content\\\/uploads\\\/2024\\\/09\\\/logo-SOLKES-820px-x-312px.png\",\"contentUrl\":\"https:\\\/\\\/solkes.com\\\/wp-content\\\/uploads\\\/2024\\\/09\\\/logo-SOLKES-820px-x-312px.png\",\"width\":411,\"height\":303,\"caption\":\"Solkes Magazine\"},\"image\":{\"@id\":\"https:\\\/\\\/solkes.com\\\/#\\\/schema\\\/logo\\\/image\\\/\"},\"sameAs\":[\"https:\\\/\\\/www.facebook.com\\\/solkesmagazinee\\\/\",\"https:\\\/\\\/instagram.com\\\/solkesmagazine\\\/\"]},{\"@type\":\"Person\",\"@id\":\"https:\\\/\\\/solkes.com\\\/#\\\/schema\\\/person\\\/f37eb817fc09e0fe76d7ca7e6cff0c0d\",\"name\":\"Gustavo Torres Herrera\",\"image\":{\"@type\":\"ImageObject\",\"inLanguage\":\"de\",\"@id\":\"https:\\\/\\\/secure.gravatar.com\\\/avatar\\\/7c4abb8ea7b48b54a36fe71c9e0884f327abc98da5d9b54c56921ff471260abc?s=96&d=identicon&r=g\",\"url\":\"https:\\\/\\\/secure.gravatar.com\\\/avatar\\\/7c4abb8ea7b48b54a36fe71c9e0884f327abc98da5d9b54c56921ff471260abc?s=96&d=identicon&r=g\",\"contentUrl\":\"https:\\\/\\\/secure.gravatar.com\\\/avatar\\\/7c4abb8ea7b48b54a36fe71c9e0884f327abc98da5d9b54c56921ff471260abc?s=96&d=identicon&r=g\",\"caption\":\"Gustavo Torres Herrera\"},\"description\":\"GUSTAVO TORRES HERRERA es abogado por formaci\u00f3n y escritor por vocaci\u00f3n, un colombiano de letras que se caracteriza por una prosa que transporta, enamora y son renglones de viva poes\u00eda. Su vocaci\u00f3n literaria fue descubierta por Jaime Garc\u00eda Maffla en la Casa de Poes\u00eda Silva cuando le mencion\u00f3 que lo suyo era \\\"un sentimiento hecho palabra\\\". La obra literaria de GUSTAVO TORRES HERRERA se viene destacando cada vez en los c\u00edrculos acad\u00e9micos y de pensamiento cr\u00edtico, por sus planteamientos sobre la importancia de los valores que se han ha ido perdiendo en la comunidad, la admiraci\u00f3n de la vejez como camino enriquecedor con sus experiencias de vida, renglones para el amor.\",\"url\":\"https:\\\/\\\/solkes.com\\\/de\\\/author\\\/gustavo-torres-herrera\\\/\"}]}<\/script>\n<!-- \/ Yoast SEO plugin. -->","yoast_head_json":{"title":"Xenofobia entre pa\u00edses hermanos - Solkes Magazine","description":"La xenofobia se fomenta desborda el irrespeto. Es un escenario donde se pisotea la dignidad y el sentimiento patrio.","robots":{"index":"index","follow":"follow","max-snippet":"max-snippet:-1","max-image-preview":"max-image-preview:large","max-video-preview":"max-video-preview:-1"},"canonical":"https:\/\/solkes.com\/n-foko\/2017\/06\/xenofobia-entre-paises-hermanos\/","og_locale":"de_DE","og_type":"article","og_title":"Xenofobia entre pa\u00edses hermanos - Solkes Magazine","og_description":"La xenofobia se fomenta desborda el irrespeto. Es un escenario donde se pisotea la dignidad y el sentimiento patrio.","og_url":"https:\/\/solkes.com\/n-foko\/2017\/06\/xenofobia-entre-paises-hermanos\/","og_site_name":"Solkes Magazine","article_publisher":"https:\/\/www.facebook.com\/solkesmagazinee\/","article_published_time":"2017-06-03T08:00:01+00:00","article_modified_time":"2020-11-27T21:55:51+00:00","og_image":[{"width":990,"height":597,"url":"https:\/\/solkes.com\/wp-content\/uploads\/2019\/08\/1606_03-4.jpg","type":"image\/jpeg"}],"author":"Gustavo Torres Herrera","twitter_card":"summary_large_image","twitter_misc":{"Verfasst von":"Gustavo Torres Herrera","Gesch\u00e4tzte Lesezeit":"9\u00a0Minuten"},"schema":{"@context":"https:\/\/schema.org","@graph":[{"@type":"Article","@id":"https:\/\/solkes.com\/n-foko\/2017\/06\/xenofobia-entre-paises-hermanos\/#article","isPartOf":{"@id":"https:\/\/solkes.com\/n-foko\/2017\/06\/xenofobia-entre-paises-hermanos\/"},"author":{"name":"Gustavo Torres Herrera","@id":"https:\/\/solkes.com\/#\/schema\/person\/f37eb817fc09e0fe76d7ca7e6cff0c0d"},"headline":"Xenofobia entre pa\u00edses hermanos","datePublished":"2017-06-03T08:00:01+00:00","dateModified":"2020-11-27T21:55:51+00:00","mainEntityOfPage":{"@id":"https:\/\/solkes.com\/n-foko\/2017\/06\/xenofobia-entre-paises-hermanos\/"},"wordCount":1786,"commentCount":0,"publisher":{"@id":"https:\/\/solkes.com\/#organization"},"image":{"@id":"https:\/\/solkes.com\/n-foko\/2017\/06\/xenofobia-entre-paises-hermanos\/#primaryimage"},"thumbnailUrl":"https:\/\/solkes.com\/wp-content\/uploads\/2019\/08\/1606_03-4.jpg","keywords":["ayuda","Colombia","derechos","N Foko","Venezuela","xenofobia"],"articleSection":["N Foko"],"inLanguage":"de","potentialAction":[{"@type":"CommentAction","name":"Comment","target":["https:\/\/solkes.com\/n-foko\/2017\/06\/xenofobia-entre-paises-hermanos\/#respond"]}]},{"@type":"WebPage","@id":"https:\/\/solkes.com\/n-foko\/2017\/06\/xenofobia-entre-paises-hermanos\/","url":"https:\/\/solkes.com\/n-foko\/2017\/06\/xenofobia-entre-paises-hermanos\/","name":"Xenofobia entre pa\u00edses hermanos - Solkes Magazine","isPartOf":{"@id":"https:\/\/solkes.com\/#website"},"primaryImageOfPage":{"@id":"https:\/\/solkes.com\/n-foko\/2017\/06\/xenofobia-entre-paises-hermanos\/#primaryimage"},"image":{"@id":"https:\/\/solkes.com\/n-foko\/2017\/06\/xenofobia-entre-paises-hermanos\/#primaryimage"},"thumbnailUrl":"https:\/\/solkes.com\/wp-content\/uploads\/2019\/08\/1606_03-4.jpg","datePublished":"2017-06-03T08:00:01+00:00","dateModified":"2020-11-27T21:55:51+00:00","description":"La xenofobia se fomenta desborda el irrespeto. Es un escenario donde se pisotea la dignidad y el sentimiento patrio.","breadcrumb":{"@id":"https:\/\/solkes.com\/n-foko\/2017\/06\/xenofobia-entre-paises-hermanos\/#breadcrumb"},"inLanguage":"de","potentialAction":[{"@type":"ReadAction","target":["https:\/\/solkes.com\/n-foko\/2017\/06\/xenofobia-entre-paises-hermanos\/"]}]},{"@type":"ImageObject","inLanguage":"de","@id":"https:\/\/solkes.com\/n-foko\/2017\/06\/xenofobia-entre-paises-hermanos\/#primaryimage","url":"https:\/\/solkes.com\/wp-content\/uploads\/2019\/08\/1606_03-4.jpg","contentUrl":"https:\/\/solkes.com\/wp-content\/uploads\/2019\/08\/1606_03-4.jpg","width":990,"height":597,"caption":"Foto: Te Lo Cuento News \u00a9 Solkes"},{"@type":"BreadcrumbList","@id":"https:\/\/solkes.com\/n-foko\/2017\/06\/xenofobia-entre-paises-hermanos\/#breadcrumb","itemListElement":[{"@type":"ListItem","position":1,"name":"Portada","item":"https:\/\/solkes.com\/"},{"@type":"ListItem","position":2,"name":"Xenofobia entre pa\u00edses hermanos"}]},{"@type":"WebSite","@id":"https:\/\/solkes.com\/#website","url":"https:\/\/solkes.com\/","name":"Solkes Magazine","description":"solkes.com","publisher":{"@id":"https:\/\/solkes.com\/#organization"},"potentialAction":[{"@type":"SearchAction","target":{"@type":"EntryPoint","urlTemplate":"https:\/\/solkes.com\/?s={search_term_string}"},"query-input":{"@type":"PropertyValueSpecification","valueRequired":true,"valueName":"search_term_string"}}],"inLanguage":"de"},{"@type":"Organization","@id":"https:\/\/solkes.com\/#organization","name":"Solkes Magazine","url":"https:\/\/solkes.com\/","logo":{"@type":"ImageObject","inLanguage":"de","@id":"https:\/\/solkes.com\/#\/schema\/logo\/image\/","url":"https:\/\/solkes.com\/wp-content\/uploads\/2024\/09\/logo-SOLKES-820px-x-312px.png","contentUrl":"https:\/\/solkes.com\/wp-content\/uploads\/2024\/09\/logo-SOLKES-820px-x-312px.png","width":411,"height":303,"caption":"Solkes Magazine"},"image":{"@id":"https:\/\/solkes.com\/#\/schema\/logo\/image\/"},"sameAs":["https:\/\/www.facebook.com\/solkesmagazinee\/","https:\/\/instagram.com\/solkesmagazine\/"]},{"@type":"Person","@id":"https:\/\/solkes.com\/#\/schema\/person\/f37eb817fc09e0fe76d7ca7e6cff0c0d","name":"Gustavo Torres Herrera","image":{"@type":"ImageObject","inLanguage":"de","@id":"https:\/\/secure.gravatar.com\/avatar\/7c4abb8ea7b48b54a36fe71c9e0884f327abc98da5d9b54c56921ff471260abc?s=96&d=identicon&r=g","url":"https:\/\/secure.gravatar.com\/avatar\/7c4abb8ea7b48b54a36fe71c9e0884f327abc98da5d9b54c56921ff471260abc?s=96&d=identicon&r=g","contentUrl":"https:\/\/secure.gravatar.com\/avatar\/7c4abb8ea7b48b54a36fe71c9e0884f327abc98da5d9b54c56921ff471260abc?s=96&d=identicon&r=g","caption":"Gustavo Torres Herrera"},"description":"GUSTAVO TORRES HERRERA es abogado por formaci\u00f3n y escritor por vocaci\u00f3n, un colombiano de letras que se caracteriza por una prosa que transporta, enamora y son renglones de viva poes\u00eda. Su vocaci\u00f3n literaria fue descubierta por Jaime Garc\u00eda Maffla en la Casa de Poes\u00eda Silva cuando le mencion\u00f3 que lo suyo era \"un sentimiento hecho palabra\". La obra literaria de GUSTAVO TORRES HERRERA se viene destacando cada vez en los c\u00edrculos acad\u00e9micos y de pensamiento cr\u00edtico, por sus planteamientos sobre la importancia de los valores que se han ha ido perdiendo en la comunidad, la admiraci\u00f3n de la vejez como camino enriquecedor con sus experiencias de vida, renglones para el amor.","url":"https:\/\/solkes.com\/de\/author\/gustavo-torres-herrera\/"}]}},"_links":{"self":[{"href":"https:\/\/solkes.com\/de\/wp-json\/wp\/v2\/posts\/2819","targetHints":{"allow":["GET"]}}],"collection":[{"href":"https:\/\/solkes.com\/de\/wp-json\/wp\/v2\/posts"}],"about":[{"href":"https:\/\/solkes.com\/de\/wp-json\/wp\/v2\/types\/post"}],"author":[{"embeddable":true,"href":"https:\/\/solkes.com\/de\/wp-json\/wp\/v2\/users\/68"}],"replies":[{"embeddable":true,"href":"https:\/\/solkes.com\/de\/wp-json\/wp\/v2\/comments?post=2819"}],"version-history":[{"count":4,"href":"https:\/\/solkes.com\/de\/wp-json\/wp\/v2\/posts\/2819\/revisions"}],"predecessor-version":[{"id":12373,"href":"https:\/\/solkes.com\/de\/wp-json\/wp\/v2\/posts\/2819\/revisions\/12373"}],"wp:featuredmedia":[{"embeddable":true,"href":"https:\/\/solkes.com\/de\/wp-json\/wp\/v2\/media\/1065"}],"wp:attachment":[{"href":"https:\/\/solkes.com\/de\/wp-json\/wp\/v2\/media?parent=2819"}],"wp:term":[{"taxonomy":"category","embeddable":true,"href":"https:\/\/solkes.com\/de\/wp-json\/wp\/v2\/categories?post=2819"},{"taxonomy":"post_tag","embeddable":true,"href":"https:\/\/solkes.com\/de\/wp-json\/wp\/v2\/tags?post=2819"}],"curies":[{"name":"wp","href":"https:\/\/api.w.org\/{rel}","templated":true}]}}