{"id":26217,"date":"2024-05-13T11:00:24","date_gmt":"2024-05-13T09:00:24","guid":{"rendered":"https:\/\/solkes.com\/?p=26217"},"modified":"2024-05-11T09:29:59","modified_gmt":"2024-05-11T07:29:59","slug":"europatag","status":"publish","type":"post","link":"https:\/\/solkes.com\/de\/stadtisch\/2024\/05\/europatag\/","title":{"rendered":"Europatag"},"content":{"rendered":"<p><span style=\"color: #138a8d;\">M<\/span>eine Damen und Herren und alle dazwischen, ich bin sowohl froh als auch \u00fcberrascht, sagen zu k\u00f6nnen, dass es den Europatag gibt.<\/p>\n<h3><span style=\"color: #138a8d;\"><strong>Wie alles begann<\/strong><\/span><\/h3>\n<p>Alles begann vor einigen Jahrzehnten. Genau genommen in den 1950er Jahren. Zu dieser Zeit heilte Europa noch von den verheerenden Folgen des Zweiten Weltkriegs. Lasst uns nicht vergessen, dass der Zweite Weltkrieg 1945 endete.<\/p>\n<figure id=\"attachment_19352\" aria-describedby=\"caption-attachment-19352\" style=\"width: 374px\" class=\"wp-caption alignright\"><img fetchpriority=\"high\" decoding=\"async\" class=\"size-solkes_horizontal wp-image-19352\" src=\"https:\/\/solkes.com\/wp-content\/uploads\/2024\/05\/europeday-2403_05-374x601.jpg\" alt=\"\" width=\"374\" height=\"601\" srcset=\"https:\/\/solkes.com\/wp-content\/uploads\/2024\/05\/europeday-2403_05-374x601.jpg 374w, https:\/\/solkes.com\/wp-content\/uploads\/2024\/05\/europeday-2403_05-187x300.jpg 187w, https:\/\/solkes.com\/wp-content\/uploads\/2024\/05\/europeday-2403_05-299x480.jpg 299w, https:\/\/solkes.com\/wp-content\/uploads\/2024\/05\/europeday-2403_05.jpg 620w\" sizes=\"(max-width: 374px) 100vw, 374px\" \/><figcaption id=\"caption-attachment-19352\" class=\"wp-caption-text\">Holy Mindrup for Unsplah @ Solkes<\/figcaption><\/figure>\n<p>Lassen Sie uns daran erinnern, dass der Zweite Weltkrieg ein globaler Konflikt war, der von 1939 bis 1945 dauerte.<\/p>\n<p>Viele Teilnehmer brachten ihre wirtschaftlichen, industriellen und wissenschaftlichen F\u00e4higkeiten in diesen Krieg ein.<\/p>\n<p>Der Zweite Weltkrieg begann im Allgemeinen, als das nationalsozialistische Deutschland unter Adolf Hitler Polen \u00fcberfiel.<\/p>\n<p>Dieser Krieg hatte viele langfristige Folgen.<\/p>\n<p>Es wird gesch\u00e4tzt, dass 50 Millionen Menschen starben. Der Winter von 1939-40 war au\u00dfergew\u00f6hnlich kalt und es gab Kohlemangel. Deutschland war geteilt und blieb es bis 1990.<\/p>\n<p>Um den Weltfrieden zu wahren, gr\u00fcndeten die Alliierten die Vereinten Nationen, die am 24. Oktober 1945 offiziell gegr\u00fcndet wurden, und verabschiedeten 1948 die Allgemeine Erkl\u00e4rung der Menschenrechte als gemeinsamen Standard f\u00fcr alle Mitgliedsstaaten.<\/p>\n<p>Entschlossen, einen weiteren Krieg zu verhindern, kamen die europ\u00e4ischen Regierungen zu dem Schluss, dass eine Zusammenlegung der Kohle- und Stahlproduktion den Krieg zwischen den historischen Rivalen Frankreich und Deutschland materiell unm\u00f6glich machen w\u00fcrde.<\/p>\n<p>So wurde am 5. Mai 1949 der Europarat gegr\u00fcndet. Die Feierlichkeiten wurden jedoch 1985 von den Europ\u00e4ischen Gemeinschaften (der Vorg\u00e4ngerorganisation der EU) eingef\u00fchrt.<\/p>\n<p>Das Datum erinnert an die Schuman-Erkl\u00e4rung vom 9. Mai 1950.<\/p>\n<figure id=\"attachment_19354\" aria-describedby=\"caption-attachment-19354\" style=\"width: 374px\" class=\"wp-caption alignleft\"><img decoding=\"async\" class=\"size-solkes_horizontal wp-image-19354\" src=\"https:\/\/solkes.com\/wp-content\/uploads\/2024\/05\/europeday-2403_02-374x601.jpg\" alt=\"\" width=\"374\" height=\"601\" srcset=\"https:\/\/solkes.com\/wp-content\/uploads\/2024\/05\/europeday-2403_02-374x601.jpg 374w, https:\/\/solkes.com\/wp-content\/uploads\/2024\/05\/europeday-2403_02-187x300.jpg 187w, https:\/\/solkes.com\/wp-content\/uploads\/2024\/05\/europeday-2403_02-299x480.jpg 299w, https:\/\/solkes.com\/wp-content\/uploads\/2024\/05\/europeday-2403_02.jpg 620w\" sizes=\"(max-width: 374px) 100vw, 374px\" \/><figcaption id=\"caption-attachment-19354\" class=\"wp-caption-text\">Diogo Fagundes for Unsplah @ Solkes<\/figcaption><\/figure>\n<p>Was geschah, war, dass Robert Schuman, der franz\u00f6sische Au\u00dfenminister damals, eine Rede in Paris hielt.<\/p>\n<p>In seiner Rede sprach er von der Bildung einer neuen Form der politischen Zusammenarbeit in Europa, die den teilnehmenden L\u00e4ndern wirtschaftlich zugutekommen und die Chance auf zuk\u00fcnftige Kriege zwischen den europ\u00e4ischen Nationen verringern w\u00fcrde.<\/p>\n<p>Seine Vision war es, eine europ\u00e4ische Institution zu schaffen, die die Kohle- und Stahlproduktion zusammenf\u00fchren und verwalten w\u00fcrde.<\/p>\n<p>Die Idee der Gemeinschaft war, dass ihre Gr\u00fcndungsmitglieder \u2013 Frankreich, Deutschland, Italien, die Niederlande, Belgien und Luxemburg \u2013 ihre Kohle- und Stahlressourcen zusammenf\u00fchren und einen gemeinsamen Markt f\u00fcr sie schaffen w\u00fcrden, indem sie Import- und Exportz\u00f6lle aufhoben.<\/p>\n<p>Dieser Tag wird auch unter anderen Namen wie \u201eSchuman-Tag\u201c oder \u201eTag des Vereinigten Europas\u201c gefeiert. Am 9. Mai feiern die Europ\u00e4er Frieden und Einheit in Europa und den Beginn einer neuen Form der politischen Zusammenarbeit zwischen den europ\u00e4ischen Staaten.<\/p>\n<p>Die EGKS war die erste in einer Reihe supranationaler europ\u00e4ischer Institutionen, die zur Schaffung der Europ\u00e4ischen Union f\u00fchrten, wie wir sie heute kennen.<\/p>\n<h3><span style=\"color: #138a8d;\"><strong>Ein vereintes Europa<\/strong><\/span><\/h3>\n<p>Nur ein Jahr sp\u00e4ter, am 18. April 1951, unterzeichneten Vertreter aus Frankreich, Deutschland, Italien, Belgien, den Niederlanden und Luxemburg den Vertrag von Paris (formell der Vertrag zur Gr\u00fcndung der Europ\u00e4ischen Gemeinschaft f\u00fcr Kohle und Stahl) und gr\u00fcndeten die Europ\u00e4ische Gemeinschaft f\u00fcr Kohle und Stahl (EGKS), eine Organisation, die auf dem Prinzip des Supranationalismus beruht.<\/p>\n<figure id=\"attachment_19356\" aria-describedby=\"caption-attachment-19356\" style=\"width: 374px\" class=\"wp-caption alignleft\"><img decoding=\"async\" class=\"size-solkes_horizontal wp-image-19356\" src=\"https:\/\/solkes.com\/wp-content\/uploads\/2024\/05\/europeday-2403_03-374x601.jpg\" alt=\"\" width=\"374\" height=\"601\" srcset=\"https:\/\/solkes.com\/wp-content\/uploads\/2024\/05\/europeday-2403_03-374x601.jpg 374w, https:\/\/solkes.com\/wp-content\/uploads\/2024\/05\/europeday-2403_03-187x300.jpg 187w, https:\/\/solkes.com\/wp-content\/uploads\/2024\/05\/europeday-2403_03-299x480.jpg 299w, https:\/\/solkes.com\/wp-content\/uploads\/2024\/05\/europeday-2403_03.jpg 620w\" sizes=\"(max-width: 374px) 100vw, 374px\" \/><figcaption id=\"caption-attachment-19356\" class=\"wp-caption-text\">Christian Lue for Unsplah @ Solkes<\/figcaption><\/figure>\n<p>Ein kurzer Einschub: Supranationalismus ist eine Art internationaler Organisation, die erm\u00e4chtigt ist, einige der sonst den Staaten vorbehaltenen Befugnisse und Funktionen direkt auszu\u00fcben.<\/p>\n<p>Die EGKS entwickelte sich erfolgreich weiter dank eines stabilen politischen Projekts.<\/p>\n<p>Die vier urspr\u00fcnglichen Institutionen entwickelten sich schlie\u00dflich zur Europ\u00e4ischen Kommission, zum Europ\u00e4ischen Parlament, zum Rat der Europ\u00e4ischen Union und zum Europ\u00e4ischen Gerichtshof, wie wir sie heute kennen.<\/p>\n<p>Nach der Gr\u00fcndung der Europ\u00e4ischen Union im Jahr 1993 begann der Europatag an Bedeutung zu gewinnen.<\/p>\n<p>Etwas, das sehr aussagekr\u00e4ftig ist, ist die Tatsache, dass die EU-Institutionen jedes Jahr in Br\u00fcssel und Stra\u00dfburg ihre T\u00fcren f\u00fcr die \u00d6ffentlichkeit \u00f6ffnen. Dadurch haben die B\u00fcrger die M\u00f6glichkeit, diese Orte zu besuchen.<\/p>\n<p>Viele von ihnen organisieren Gedenkveranstaltungen, um die historische Bedeutung des Datums zu w\u00fcrdigen.<\/p>\n<p>Einige davon sind:<\/p>\n<p><strong><span style=\"color: #138a8d;\">** <\/span><\/strong>Europ\u00e4isches Parlament (EP)<br \/>\n<strong><span style=\"color: #138a8d;\">**<\/span><\/strong> Rat der Europ\u00e4ischen Union<br \/>\n<strong><span style=\"color: #138a8d;\">**<\/span><\/strong> Europ\u00e4ische Kommission (EK)<br \/>\n<strong><span style=\"color: #138a8d;\">**<\/span><\/strong> Europ\u00e4ischer Wirtschafts- und Sozialausschuss (EWSA)<br \/>\n<strong><span style=\"color: #138a8d;\">**<\/span><\/strong>Ausschuss der Regionen der Europ\u00e4ischen Union (AdR)<\/p>\n<figure id=\"attachment_19358\" aria-describedby=\"caption-attachment-19358\" style=\"width: 965px\" class=\"wp-caption aligncenter\"><img loading=\"lazy\" decoding=\"async\" class=\"size-solkes_horizontal wp-image-19358\" src=\"https:\/\/solkes.com\/wp-content\/uploads\/2024\/05\/europeday-2403_04-965x601.jpg\" alt=\"\" width=\"965\" height=\"601\" srcset=\"https:\/\/solkes.com\/wp-content\/uploads\/2024\/05\/europeday-2403_04-965x601.jpg 965w, https:\/\/solkes.com\/wp-content\/uploads\/2024\/05\/europeday-2403_04-300x187.jpg 300w, https:\/\/solkes.com\/wp-content\/uploads\/2024\/05\/europeday-2403_04-768x478.jpg 768w, https:\/\/solkes.com\/wp-content\/uploads\/2024\/05\/europeday-2403_04-320x199.jpg 320w, https:\/\/solkes.com\/wp-content\/uploads\/2024\/05\/europeday-2403_04.jpg 996w\" sizes=\"(max-width: 965px) 100vw, 965px\" \/><figcaption id=\"caption-attachment-19358\" class=\"wp-caption-text\">Antoine Schibler for Unsplah @ Solkes<\/figcaption><\/figure>\n<p>Im Jahr 2020 und 2021 organisierten die EU-Institutionen aufgrund von COVID-19 und der Unm\u00f6glichkeit, physische Veranstaltungen abzuhalten, virtuelle Akte, um all jenen Europ\u00e4ern Tribut zu zollen, die bei der Bek\u00e4mpfung der Pandemie zusammenarbeiteten.<\/p>\n<p>Es ist wichtig anzumerken, dass das Jahr 2020 das 70. Jubil\u00e4um der Schuman-Erkl\u00e4rung und das 75. Jubil\u00e4um des Endes des Zweiten Weltkriegs markierte.<\/p>\n<p>Bei der Feier zum Europatag 2022 stand die Jugend im Mittelpunkt. Eine Feier einer j\u00fcngeren Generation, vereint in Vielfalt, einer Generation, die das Europa von morgen aufbaut.<\/p>\n<figure id=\"attachment_19369\" aria-describedby=\"caption-attachment-19369\" style=\"width: 374px\" class=\"wp-caption alignright\"><img loading=\"lazy\" decoding=\"async\" class=\"size-solkes_horizontal wp-image-19369\" src=\"https:\/\/solkes.com\/wp-content\/uploads\/2024\/05\/europeday-2403_06-374x601.jpg\" alt=\"\" width=\"374\" height=\"601\" srcset=\"https:\/\/solkes.com\/wp-content\/uploads\/2024\/05\/europeday-2403_06-374x601.jpg 374w, https:\/\/solkes.com\/wp-content\/uploads\/2024\/05\/europeday-2403_06-187x300.jpg 187w, https:\/\/solkes.com\/wp-content\/uploads\/2024\/05\/europeday-2403_06-299x480.jpg 299w, https:\/\/solkes.com\/wp-content\/uploads\/2024\/05\/europeday-2403_06.jpg 620w\" sizes=\"(max-width: 374px) 100vw, 374px\" \/><figcaption id=\"caption-attachment-19369\" class=\"wp-caption-text\">Markus Spieske for Unsplah @ Solkes<\/figcaption><\/figure>\n<p>Der Europatag ist ein Feiertag f\u00fcr Mitarbeiter der Institutionen der Europ\u00e4ischen Union. Im Jahr 2019 wurde er in Luxemburg zum Feiertag erkl\u00e4rt und ist auch in Kosovo ein Feiertag.<\/p>\n<p>In Deutschland ist er weit mehr als ein eint\u00e4giges Fest. Es ist die Europawoche. W\u00e4hrend dieser Zeit wird der &#8220;Flaggentag&#8221; gefeiert (Beflaggungstag). Ein Tag, an dem durch Bundesgesetz die Beflaggung angeordnet wird.<\/p>\n<p>Es ist ein &#8220;Gedenktag&#8221; in Kroatien. Der Europatag wird auch in Rum\u00e4nien gefeiert, wo er mit dem Unabh\u00e4ngigkeitstag Rum\u00e4niens zusammenf\u00e4llt.<\/p>\n<p>Zwischen 2003 und 2023 wurde der Europatag in der Ukraine am dritten Samstag im Mai gefeiert. Am 8. Mai 2023 erlie\u00df Volodymyr Oleksandrovych Zelenskyy, Pr\u00e4sident der Ukraine, einen Erlass, um den Europatag am 9. Mai zu feiern, was mit den EU-Mitgliedstaaten zusammenf\u00e4llt.<\/p>\n<p>Im Jahr 2023 konzentrierte sich der Europatag auf die F\u00e4higkeiten der Menschen.<\/p>\n<p>Das Europ\u00e4ische Jahr der F\u00e4higkeiten wird Menschen und Unternehmen dazu bef\u00e4higen, zu den gr\u00fcnen und digitalen \u00dcberg\u00e4ngen beizutragen, Innovation und Wettbewerbsf\u00e4higkeit zu unterst\u00fctzen.<\/p>\n<p>Eine Belegschaft mit den gefragten F\u00e4higkeiten tr\u00e4gt zu nachhaltigem Wachstum bei, f\u00fchrt zu mehr Innovation und verbessert die Wettbewerbsf\u00e4higkeit von Unternehmen.<\/p>\n<h3><span style=\"color: #138a8d;\"><strong>Im Kern<\/strong><\/span><\/h3>\n<p>Der Europatag feiert im Kern die Idee der Einheit in Vielfalt. Europa ist ein Mosaik aus Kulturen, Sprachen und Traditionen. Der Europatag dient als Erinnerung daran, dass wir trotz unserer Unterschiede zusammen st\u00e4rker sind.<\/p>\n<p>Dar\u00fcber hinaus ist es eine Gelegenheit, \u00fcber den bemerkenswerten Fortschritt nachzudenken, der seit der Gr\u00fcndung der Europ\u00e4ischen Union erzielt wurde. In der Folge von zwei verheerenden Weltkriegen hatten die europ\u00e4ischen F\u00fchrer die Vision, einen neuen Weg zu beschreiten &#8211; einen Weg, der auf Zusammenarbeit und Integration basiert.<\/p>\n<p>Neben seiner symbolischen Bedeutung katalysiert der Europatag auch Handlungen. Es ist eine Zeit f\u00fcr europ\u00e4ische B\u00fcrger, zusammenzukommen und einen Dialog \u00fcber die Zukunft unseres Kontinents zu f\u00fchren.<\/p>\n<p>Dar\u00fcber hinaus ist der Europatag eine Gelegenheit, die Erfolge des europ\u00e4ischen Projekts zu feiern. Von der Binnenmarkt und dem Euro bis hin zu Initiativen zur F\u00f6rderung des kulturellen Austauschs und von Bildungschancen hat die Europ\u00e4ische Union das Leben von Millionen Europ\u00e4ern bereichert. Der Europatag erm\u00f6glicht es uns, diese Errungenschaften anzuerkennen und zu w\u00fcrdigen, w\u00e4hrend wir auch die noch zu leistende Arbeit anerkennen.<\/p>\n<h3><span style=\"color: #138a8d;\"><strong>Abschlie\u00dfend f\u00fcr den Moment<\/strong><\/span><\/h3>\n<p>F\u00fcr Europa und seine F\u00fchrer war die Jugend eine politische Priorit\u00e4t, sei es in Bezug auf den Zugang zu hochwertiger Bildung, den Umweltschutz, die Digitalisierung von Dienstleistungen, den Zugang zum Arbeitsmarkt oder in Bezug auf eine aktive Beteiligung am demokratischen Leben.<\/p>\n<p>In der heutigen vernetzten Welt geht die Bedeutung des Europatags \u00fcber Grenzen hinaus. Als globale Gemeinschaft stehen wir vor beispiellosen Herausforderungen. Jetzt mehr denn je brauchen wir den Geist der Zusammenarbeit und Solidarit\u00e4t, den der Europatag repr\u00e4sentiert.<\/p>\n<figure id=\"attachment_19736\" aria-describedby=\"caption-attachment-19736\" style=\"width: 965px\" class=\"wp-caption aligncenter\"><img loading=\"lazy\" decoding=\"async\" class=\"size-solkes_horizontal wp-image-19736\" src=\"https:\/\/solkes.com\/wp-content\/uploads\/2024\/05\/europeday-2403_07-965x601.jpg\" alt=\"\" width=\"965\" height=\"601\" srcset=\"https:\/\/solkes.com\/wp-content\/uploads\/2024\/05\/europeday-2403_07-965x601.jpg 965w, https:\/\/solkes.com\/wp-content\/uploads\/2024\/05\/europeday-2403_07-300x187.jpg 300w, https:\/\/solkes.com\/wp-content\/uploads\/2024\/05\/europeday-2403_07-768x478.jpg 768w, https:\/\/solkes.com\/wp-content\/uploads\/2024\/05\/europeday-2403_07-320x199.jpg 320w, https:\/\/solkes.com\/wp-content\/uploads\/2024\/05\/europeday-2403_07.jpg 996w\" sizes=\"(max-width: 965px) 100vw, 965px\" \/><figcaption id=\"caption-attachment-19736\" class=\"wp-caption-text\">E.Dragon\u00a9 Solkes<\/figcaption><\/figure>\n<p>Heute steht die Europ\u00e4ische Union als Leuchtfeuer f\u00fcr Stabilit\u00e4t und Demokratie in einer Welt, die oft von Konflikten und Spaltungen gepr\u00e4gt ist.<\/p>\n<p><span style=\"color: #138a8d;\">D<\/span>er 9. Mai ist eine Best\u00e4tigung des Friedens \u00fcber Diktaturen. Ein Frieden, der nicht leicht zu erreichen war, aber der uns dazu gef\u00fchrt hat, unsere L\u00e4nder durch wirtschaftliche und politische Integration zu st\u00e4rken. Er erinnert an die Werte, die uns verbinden, und an die Herausforderungen, denen wir gemeinsam begegnen m\u00fcssen. Anl\u00e4sslich dieses Tages bekr\u00e4ftigen wir unser Bekenntnis zu einem Europa, das inklusiv, demokratisch und wohlhabend ist f\u00fcr kommende Generationen.<\/p>\n","protected":false},"excerpt":{"rendered":"<p>Meine Damen und Herren und alle dazwischen, ich bin sowohl froh als auch \u00fcberrascht, sagen zu k\u00f6nnen, dass es den Europatag gibt. Wie alles begann Alles begann vor einigen Jahrzehnten. Genau genommen in den 1950er Jahren. Zu dieser Zeit heilte Europa noch von den verheerenden Folgen des Zweiten Weltkriegs. Lasst uns nicht vergessen, dass der [&hellip;]<\/p>\n","protected":false},"author":95,"featured_media":26006,"comment_status":"open","ping_status":"open","sticky":false,"template":"","format":"standard","meta":{"_acf_changed":false,"_exactmetrics_skip_tracking":false,"_exactmetrics_sitenote_active":false,"_exactmetrics_sitenote_note":"","_exactmetrics_sitenote_category":0,"site-sidebar-layout":"default","site-content-layout":"default","ast-site-content-layout":"default","site-content-style":"default","site-sidebar-style":"default","ast-global-header-display":"","ast-banner-title-visibility":"","ast-main-header-display":"","ast-hfb-above-header-display":"","ast-hfb-below-header-display":"","ast-hfb-mobile-header-display":"","site-post-title":"","ast-breadcrumbs-content":"","ast-featured-img":"","footer-sml-layout":"","theme-transparent-header-meta":"default","adv-header-id-meta":"","stick-header-meta":"","header-above-stick-meta":"","header-main-stick-meta":"","header-below-stick-meta":"","astra-migrate-meta-layouts":"default","ast-page-background-enabled":"default","ast-page-background-meta":{"desktop":{"background-color":"","background-image":"","background-repeat":"repeat","background-position":"center center","background-size":"auto","background-attachment":"scroll","background-type":"","background-media":"","overlay-type":"","overlay-color":"","overlay-opacity":"","overlay-gradient":""},"tablet":{"background-color":"","background-image":"","background-repeat":"repeat","background-position":"center center","background-size":"auto","background-attachment":"scroll","background-type":"","background-media":"","overlay-type":"","overlay-color":"","overlay-opacity":"","overlay-gradient":""},"mobile":{"background-color":"","background-image":"","background-repeat":"repeat","background-position":"center center","background-size":"auto","background-attachment":"scroll","background-type":"","background-media":"","overlay-type":"","overlay-color":"","overlay-opacity":"","overlay-gradient":""}},"ast-content-background-meta":{"desktop":{"background-color":"var(--ast-global-color-5)","background-image":"","background-repeat":"repeat","background-position":"center center","background-size":"auto","background-attachment":"scroll","background-type":"","background-media":"","overlay-type":"","overlay-color":"","overlay-opacity":"","overlay-gradient":""},"tablet":{"background-color":"var(--ast-global-color-5)","background-image":"","background-repeat":"repeat","background-position":"center center","background-size":"auto","background-attachment":"scroll","background-type":"","background-media":"","overlay-type":"","overlay-color":"","overlay-opacity":"","overlay-gradient":""},"mobile":{"background-color":"var(--ast-global-color-5)","background-image":"","background-repeat":"repeat","background-position":"center center","background-size":"auto","background-attachment":"scroll","background-type":"","background-media":"","overlay-type":"","overlay-color":"","overlay-opacity":"","overlay-gradient":""}},"footnotes":""},"categories":[2933],"tags":[3001,3005,3000,2999,3002,2955,3003,3004],"class_list":["post-26217","post","type-post","status-publish","format-standard","has-post-thumbnail","hentry","category-stadtisch","tag-diktaturen","tag-europa-de","tag-europaeischen-union","tag-europatag","tag-kulturen","tag-menschen","tag-sprachen","tag-traditionen"],"acf":[],"yoast_head":"<!-- This site is optimized with the Yoast SEO plugin v27.4 - https:\/\/yoast.com\/product\/yoast-seo-wordpress\/ -->\n<title>Europatag - Solkes Magazine<\/title>\n<meta name=\"robots\" content=\"index, follow, max-snippet:-1, max-image-preview:large, max-video-preview:-1\" \/>\n<link rel=\"canonical\" href=\"https:\/\/solkes.com\/de\/stadtisch\/2024\/05\/europatag\/\" \/>\n<meta property=\"og:locale\" content=\"de_DE\" \/>\n<meta property=\"og:type\" content=\"article\" \/>\n<meta property=\"og:title\" content=\"Europatag - Solkes Magazine\" \/>\n<meta property=\"og:description\" content=\"Meine Damen und Herren und alle dazwischen, ich bin sowohl froh als auch \u00fcberrascht, sagen zu k\u00f6nnen, dass es den Europatag gibt. Wie alles begann Alles begann vor einigen Jahrzehnten. Genau genommen in den 1950er Jahren. Zu dieser Zeit heilte Europa noch von den verheerenden Folgen des Zweiten Weltkriegs. Lasst uns nicht vergessen, dass der [&hellip;]\" \/>\n<meta property=\"og:url\" content=\"https:\/\/solkes.com\/de\/stadtisch\/2024\/05\/europatag\/\" \/>\n<meta property=\"og:site_name\" content=\"Solkes Magazine\" \/>\n<meta property=\"article:publisher\" content=\"https:\/\/www.facebook.com\/solkesmagazinee\/\" \/>\n<meta property=\"article:published_time\" content=\"2024-05-13T09:00:24+00:00\" \/>\n<meta property=\"og:image\" content=\"https:\/\/solkes.com\/wp-content\/uploads\/2024\/05\/europeday-2403_01.jpg\" \/>\n\t<meta property=\"og:image:width\" content=\"996\" \/>\n\t<meta property=\"og:image:height\" content=\"620\" \/>\n\t<meta property=\"og:image:type\" content=\"image\/jpeg\" \/>\n<meta name=\"author\" content=\"Rivera Azul\" \/>\n<meta name=\"twitter:card\" content=\"summary_large_image\" \/>\n<meta name=\"twitter:label1\" content=\"Verfasst von\" \/>\n\t<meta name=\"twitter:data1\" content=\"Rivera Azul\" \/>\n\t<meta name=\"twitter:label2\" content=\"Gesch\u00e4tzte Lesezeit\" \/>\n\t<meta name=\"twitter:data2\" content=\"7\u00a0Minuten\" \/>\n<script type=\"application\/ld+json\" class=\"yoast-schema-graph\">{\"@context\":\"https:\\\/\\\/schema.org\",\"@graph\":[{\"@type\":\"Article\",\"@id\":\"https:\\\/\\\/solkes.com\\\/de\\\/stadtisch\\\/2024\\\/05\\\/europatag\\\/#article\",\"isPartOf\":{\"@id\":\"https:\\\/\\\/solkes.com\\\/de\\\/stadtisch\\\/2024\\\/05\\\/europatag\\\/\"},\"author\":{\"name\":\"Rivera Azul\",\"@id\":\"https:\\\/\\\/solkes.com\\\/#\\\/schema\\\/person\\\/b5a868f01d031b27b27f7aa111fff8ef\"},\"headline\":\"Europatag\",\"datePublished\":\"2024-05-13T09:00:24+00:00\",\"mainEntityOfPage\":{\"@id\":\"https:\\\/\\\/solkes.com\\\/de\\\/stadtisch\\\/2024\\\/05\\\/europatag\\\/\"},\"wordCount\":1387,\"commentCount\":0,\"publisher\":{\"@id\":\"https:\\\/\\\/solkes.com\\\/#organization\"},\"image\":{\"@id\":\"https:\\\/\\\/solkes.com\\\/de\\\/stadtisch\\\/2024\\\/05\\\/europatag\\\/#primaryimage\"},\"thumbnailUrl\":\"https:\\\/\\\/solkes.com\\\/wp-content\\\/uploads\\\/2024\\\/05\\\/europeday-2403_01.jpg\",\"keywords\":[\"Diktaturen\",\"europa\",\"Europ\u00e4ischen Union\",\"Europatag\",\"Kulturen\",\"Menschen\",\"Sprachen\",\"Traditionen\"],\"articleSection\":[\"St\u00e4dtisch\"],\"inLanguage\":\"de\",\"potentialAction\":[{\"@type\":\"CommentAction\",\"name\":\"Comment\",\"target\":[\"https:\\\/\\\/solkes.com\\\/de\\\/stadtisch\\\/2024\\\/05\\\/europatag\\\/#respond\"]}]},{\"@type\":\"WebPage\",\"@id\":\"https:\\\/\\\/solkes.com\\\/de\\\/stadtisch\\\/2024\\\/05\\\/europatag\\\/\",\"url\":\"https:\\\/\\\/solkes.com\\\/de\\\/stadtisch\\\/2024\\\/05\\\/europatag\\\/\",\"name\":\"Europatag - Solkes Magazine\",\"isPartOf\":{\"@id\":\"https:\\\/\\\/solkes.com\\\/#website\"},\"primaryImageOfPage\":{\"@id\":\"https:\\\/\\\/solkes.com\\\/de\\\/stadtisch\\\/2024\\\/05\\\/europatag\\\/#primaryimage\"},\"image\":{\"@id\":\"https:\\\/\\\/solkes.com\\\/de\\\/stadtisch\\\/2024\\\/05\\\/europatag\\\/#primaryimage\"},\"thumbnailUrl\":\"https:\\\/\\\/solkes.com\\\/wp-content\\\/uploads\\\/2024\\\/05\\\/europeday-2403_01.jpg\",\"datePublished\":\"2024-05-13T09:00:24+00:00\",\"breadcrumb\":{\"@id\":\"https:\\\/\\\/solkes.com\\\/de\\\/stadtisch\\\/2024\\\/05\\\/europatag\\\/#breadcrumb\"},\"inLanguage\":\"de\",\"potentialAction\":[{\"@type\":\"ReadAction\",\"target\":[\"https:\\\/\\\/solkes.com\\\/de\\\/stadtisch\\\/2024\\\/05\\\/europatag\\\/\"]}]},{\"@type\":\"ImageObject\",\"inLanguage\":\"de\",\"@id\":\"https:\\\/\\\/solkes.com\\\/de\\\/stadtisch\\\/2024\\\/05\\\/europatag\\\/#primaryimage\",\"url\":\"https:\\\/\\\/solkes.com\\\/wp-content\\\/uploads\\\/2024\\\/05\\\/europeday-2403_01.jpg\",\"contentUrl\":\"https:\\\/\\\/solkes.com\\\/wp-content\\\/uploads\\\/2024\\\/05\\\/europeday-2403_01.jpg\",\"width\":996,\"height\":620,\"caption\":\"Markus Spieske for Unsplah @ Solkes\"},{\"@type\":\"BreadcrumbList\",\"@id\":\"https:\\\/\\\/solkes.com\\\/de\\\/stadtisch\\\/2024\\\/05\\\/europatag\\\/#breadcrumb\",\"itemListElement\":[{\"@type\":\"ListItem\",\"position\":1,\"name\":\"Portada\",\"item\":\"https:\\\/\\\/solkes.com\\\/\"},{\"@type\":\"ListItem\",\"position\":2,\"name\":\"Europatag\"}]},{\"@type\":\"WebSite\",\"@id\":\"https:\\\/\\\/solkes.com\\\/#website\",\"url\":\"https:\\\/\\\/solkes.com\\\/\",\"name\":\"Solkes Magazine\",\"description\":\"solkes.com\",\"publisher\":{\"@id\":\"https:\\\/\\\/solkes.com\\\/#organization\"},\"potentialAction\":[{\"@type\":\"SearchAction\",\"target\":{\"@type\":\"EntryPoint\",\"urlTemplate\":\"https:\\\/\\\/solkes.com\\\/?s={search_term_string}\"},\"query-input\":{\"@type\":\"PropertyValueSpecification\",\"valueRequired\":true,\"valueName\":\"search_term_string\"}}],\"inLanguage\":\"de\"},{\"@type\":\"Organization\",\"@id\":\"https:\\\/\\\/solkes.com\\\/#organization\",\"name\":\"Solkes Magazine\",\"url\":\"https:\\\/\\\/solkes.com\\\/\",\"logo\":{\"@type\":\"ImageObject\",\"inLanguage\":\"de\",\"@id\":\"https:\\\/\\\/solkes.com\\\/#\\\/schema\\\/logo\\\/image\\\/\",\"url\":\"https:\\\/\\\/solkes.com\\\/wp-content\\\/uploads\\\/2024\\\/09\\\/logo-SOLKES-820px-x-312px.png\",\"contentUrl\":\"https:\\\/\\\/solkes.com\\\/wp-content\\\/uploads\\\/2024\\\/09\\\/logo-SOLKES-820px-x-312px.png\",\"width\":411,\"height\":303,\"caption\":\"Solkes Magazine\"},\"image\":{\"@id\":\"https:\\\/\\\/solkes.com\\\/#\\\/schema\\\/logo\\\/image\\\/\"},\"sameAs\":[\"https:\\\/\\\/www.facebook.com\\\/solkesmagazinee\\\/\",\"https:\\\/\\\/instagram.com\\\/solkesmagazine\\\/\"]},{\"@type\":\"Person\",\"@id\":\"https:\\\/\\\/solkes.com\\\/#\\\/schema\\\/person\\\/b5a868f01d031b27b27f7aa111fff8ef\",\"name\":\"Rivera Azul\",\"image\":{\"@type\":\"ImageObject\",\"inLanguage\":\"de\",\"@id\":\"https:\\\/\\\/secure.gravatar.com\\\/avatar\\\/bc3bc4e78b0156fa00bfdbe8acc0d14757314ebde84784e6a32a4c585d6c713b?s=96&d=identicon&r=g\",\"url\":\"https:\\\/\\\/secure.gravatar.com\\\/avatar\\\/bc3bc4e78b0156fa00bfdbe8acc0d14757314ebde84784e6a32a4c585d6c713b?s=96&d=identicon&r=g\",\"contentUrl\":\"https:\\\/\\\/secure.gravatar.com\\\/avatar\\\/bc3bc4e78b0156fa00bfdbe8acc0d14757314ebde84784e6a32a4c585d6c713b?s=96&d=identicon&r=g\",\"caption\":\"Rivera Azul\"},\"url\":\"https:\\\/\\\/solkes.com\\\/de\\\/author\\\/rivera-azul\\\/\"}]}<\/script>\n<!-- \/ Yoast SEO plugin. -->","yoast_head_json":{"title":"Europatag - Solkes Magazine","robots":{"index":"index","follow":"follow","max-snippet":"max-snippet:-1","max-image-preview":"max-image-preview:large","max-video-preview":"max-video-preview:-1"},"canonical":"https:\/\/solkes.com\/de\/stadtisch\/2024\/05\/europatag\/","og_locale":"de_DE","og_type":"article","og_title":"Europatag - Solkes Magazine","og_description":"Meine Damen und Herren und alle dazwischen, ich bin sowohl froh als auch \u00fcberrascht, sagen zu k\u00f6nnen, dass es den Europatag gibt. Wie alles begann Alles begann vor einigen Jahrzehnten. Genau genommen in den 1950er Jahren. Zu dieser Zeit heilte Europa noch von den verheerenden Folgen des Zweiten Weltkriegs. Lasst uns nicht vergessen, dass der [&hellip;]","og_url":"https:\/\/solkes.com\/de\/stadtisch\/2024\/05\/europatag\/","og_site_name":"Solkes Magazine","article_publisher":"https:\/\/www.facebook.com\/solkesmagazinee\/","article_published_time":"2024-05-13T09:00:24+00:00","og_image":[{"width":996,"height":620,"url":"https:\/\/solkes.com\/wp-content\/uploads\/2024\/05\/europeday-2403_01.jpg","type":"image\/jpeg"}],"author":"Rivera Azul","twitter_card":"summary_large_image","twitter_misc":{"Verfasst von":"Rivera Azul","Gesch\u00e4tzte Lesezeit":"7\u00a0Minuten"},"schema":{"@context":"https:\/\/schema.org","@graph":[{"@type":"Article","@id":"https:\/\/solkes.com\/de\/stadtisch\/2024\/05\/europatag\/#article","isPartOf":{"@id":"https:\/\/solkes.com\/de\/stadtisch\/2024\/05\/europatag\/"},"author":{"name":"Rivera Azul","@id":"https:\/\/solkes.com\/#\/schema\/person\/b5a868f01d031b27b27f7aa111fff8ef"},"headline":"Europatag","datePublished":"2024-05-13T09:00:24+00:00","mainEntityOfPage":{"@id":"https:\/\/solkes.com\/de\/stadtisch\/2024\/05\/europatag\/"},"wordCount":1387,"commentCount":0,"publisher":{"@id":"https:\/\/solkes.com\/#organization"},"image":{"@id":"https:\/\/solkes.com\/de\/stadtisch\/2024\/05\/europatag\/#primaryimage"},"thumbnailUrl":"https:\/\/solkes.com\/wp-content\/uploads\/2024\/05\/europeday-2403_01.jpg","keywords":["Diktaturen","europa","Europ\u00e4ischen Union","Europatag","Kulturen","Menschen","Sprachen","Traditionen"],"articleSection":["St\u00e4dtisch"],"inLanguage":"de","potentialAction":[{"@type":"CommentAction","name":"Comment","target":["https:\/\/solkes.com\/de\/stadtisch\/2024\/05\/europatag\/#respond"]}]},{"@type":"WebPage","@id":"https:\/\/solkes.com\/de\/stadtisch\/2024\/05\/europatag\/","url":"https:\/\/solkes.com\/de\/stadtisch\/2024\/05\/europatag\/","name":"Europatag - Solkes Magazine","isPartOf":{"@id":"https:\/\/solkes.com\/#website"},"primaryImageOfPage":{"@id":"https:\/\/solkes.com\/de\/stadtisch\/2024\/05\/europatag\/#primaryimage"},"image":{"@id":"https:\/\/solkes.com\/de\/stadtisch\/2024\/05\/europatag\/#primaryimage"},"thumbnailUrl":"https:\/\/solkes.com\/wp-content\/uploads\/2024\/05\/europeday-2403_01.jpg","datePublished":"2024-05-13T09:00:24+00:00","breadcrumb":{"@id":"https:\/\/solkes.com\/de\/stadtisch\/2024\/05\/europatag\/#breadcrumb"},"inLanguage":"de","potentialAction":[{"@type":"ReadAction","target":["https:\/\/solkes.com\/de\/stadtisch\/2024\/05\/europatag\/"]}]},{"@type":"ImageObject","inLanguage":"de","@id":"https:\/\/solkes.com\/de\/stadtisch\/2024\/05\/europatag\/#primaryimage","url":"https:\/\/solkes.com\/wp-content\/uploads\/2024\/05\/europeday-2403_01.jpg","contentUrl":"https:\/\/solkes.com\/wp-content\/uploads\/2024\/05\/europeday-2403_01.jpg","width":996,"height":620,"caption":"Markus Spieske for Unsplah @ Solkes"},{"@type":"BreadcrumbList","@id":"https:\/\/solkes.com\/de\/stadtisch\/2024\/05\/europatag\/#breadcrumb","itemListElement":[{"@type":"ListItem","position":1,"name":"Portada","item":"https:\/\/solkes.com\/"},{"@type":"ListItem","position":2,"name":"Europatag"}]},{"@type":"WebSite","@id":"https:\/\/solkes.com\/#website","url":"https:\/\/solkes.com\/","name":"Solkes Magazine","description":"solkes.com","publisher":{"@id":"https:\/\/solkes.com\/#organization"},"potentialAction":[{"@type":"SearchAction","target":{"@type":"EntryPoint","urlTemplate":"https:\/\/solkes.com\/?s={search_term_string}"},"query-input":{"@type":"PropertyValueSpecification","valueRequired":true,"valueName":"search_term_string"}}],"inLanguage":"de"},{"@type":"Organization","@id":"https:\/\/solkes.com\/#organization","name":"Solkes Magazine","url":"https:\/\/solkes.com\/","logo":{"@type":"ImageObject","inLanguage":"de","@id":"https:\/\/solkes.com\/#\/schema\/logo\/image\/","url":"https:\/\/solkes.com\/wp-content\/uploads\/2024\/09\/logo-SOLKES-820px-x-312px.png","contentUrl":"https:\/\/solkes.com\/wp-content\/uploads\/2024\/09\/logo-SOLKES-820px-x-312px.png","width":411,"height":303,"caption":"Solkes Magazine"},"image":{"@id":"https:\/\/solkes.com\/#\/schema\/logo\/image\/"},"sameAs":["https:\/\/www.facebook.com\/solkesmagazinee\/","https:\/\/instagram.com\/solkesmagazine\/"]},{"@type":"Person","@id":"https:\/\/solkes.com\/#\/schema\/person\/b5a868f01d031b27b27f7aa111fff8ef","name":"Rivera Azul","image":{"@type":"ImageObject","inLanguage":"de","@id":"https:\/\/secure.gravatar.com\/avatar\/bc3bc4e78b0156fa00bfdbe8acc0d14757314ebde84784e6a32a4c585d6c713b?s=96&d=identicon&r=g","url":"https:\/\/secure.gravatar.com\/avatar\/bc3bc4e78b0156fa00bfdbe8acc0d14757314ebde84784e6a32a4c585d6c713b?s=96&d=identicon&r=g","contentUrl":"https:\/\/secure.gravatar.com\/avatar\/bc3bc4e78b0156fa00bfdbe8acc0d14757314ebde84784e6a32a4c585d6c713b?s=96&d=identicon&r=g","caption":"Rivera Azul"},"url":"https:\/\/solkes.com\/de\/author\/rivera-azul\/"}]}},"_links":{"self":[{"href":"https:\/\/solkes.com\/de\/wp-json\/wp\/v2\/posts\/26217","targetHints":{"allow":["GET"]}}],"collection":[{"href":"https:\/\/solkes.com\/de\/wp-json\/wp\/v2\/posts"}],"about":[{"href":"https:\/\/solkes.com\/de\/wp-json\/wp\/v2\/types\/post"}],"author":[{"embeddable":true,"href":"https:\/\/solkes.com\/de\/wp-json\/wp\/v2\/users\/95"}],"replies":[{"embeddable":true,"href":"https:\/\/solkes.com\/de\/wp-json\/wp\/v2\/comments?post=26217"}],"version-history":[{"count":4,"href":"https:\/\/solkes.com\/de\/wp-json\/wp\/v2\/posts\/26217\/revisions"}],"predecessor-version":[{"id":26380,"href":"https:\/\/solkes.com\/de\/wp-json\/wp\/v2\/posts\/26217\/revisions\/26380"}],"wp:featuredmedia":[{"embeddable":true,"href":"https:\/\/solkes.com\/de\/wp-json\/wp\/v2\/media\/26006"}],"wp:attachment":[{"href":"https:\/\/solkes.com\/de\/wp-json\/wp\/v2\/media?parent=26217"}],"wp:term":[{"taxonomy":"category","embeddable":true,"href":"https:\/\/solkes.com\/de\/wp-json\/wp\/v2\/categories?post=26217"},{"taxonomy":"post_tag","embeddable":true,"href":"https:\/\/solkes.com\/de\/wp-json\/wp\/v2\/tags?post=26217"}],"curies":[{"name":"wp","href":"https:\/\/api.w.org\/{rel}","templated":true}]}}