{"id":26209,"date":"2024-03-13T11:00:10","date_gmt":"2024-03-13T09:00:10","guid":{"rendered":"https:\/\/solkes.com\/?p=26209"},"modified":"2024-05-01T11:15:16","modified_gmt":"2024-05-01T09:15:16","slug":"das-unterschied-zwichen-leben-und-tod","status":"publish","type":"post","link":"https:\/\/solkes.com\/de\/eine-spur-hinterlassen\/2024\/03\/das-unterschied-zwichen-leben-und-tod\/","title":{"rendered":"Das Unterschied zwichen Leben und Tod"},"content":{"rendered":"<p><span style=\"color: #138a8d;\">E<\/span>s spielt keine Rolle, in welchem Jahrhundert wir leben oder welche technologischen Fortschritte wir gemacht haben, Jahr f\u00fcr Jahr werden Millionen von Menschen (Frauen, M\u00e4nner, M\u00e4dchen und Jungen) gezwungen, ihre H\u00e4user zu verlassen, um Konflikten und Verfolgung zu entkommen.<\/p>\n<p>Oft m\u00fcssen diejenigen, die keine andere Wahl haben, als ihr Zuhause zu verlassen, um Konflikten und Verfolgung zu entkommen, alles zur\u00fccklassen und gef\u00e4hrliche Reisen antreten, um Schutz zu suchen.<\/p>\n<p>Es ist aus einem so schrecklichen Grund wie zuvor beschrieben, dass der Hohe Fl\u00fcchtlingskommissar der Vereinten Nationen gegr\u00fcndet wurde.<\/p>\n<h3><span style=\"color: #138a8d;\"><strong>Hintergrund<\/strong><\/span><\/h3>\n<p>Nachdem der <span style=\"color: #138a8d;\"><strong>Zweite Weltkrieg<\/strong><\/span> (1939 bis 1945) zu Ende gegangen war, war die Welt erneut auf den Kopf gestellt. Damals wurde die Verwaltungsbeh\u00f6rde der Vereinten Nationen f\u00fcr Nothilfe und Wiederaufbau (United Nations Relief and Rehabilitation Administration) gegr\u00fcndet.<\/p>\n<figure id=\"attachment_19089\" aria-describedby=\"caption-attachment-19089\" style=\"width: 965px\" class=\"wp-caption aligncenter\"><img fetchpriority=\"high\" decoding=\"async\" class=\"size-solkes_horizontal wp-image-19089\" src=\"https:\/\/solkes.com\/wp-content\/uploads\/2024\/03\/acnur-2303_05-965x601.jpg\" alt=\"\" width=\"965\" height=\"601\" srcset=\"https:\/\/solkes.com\/wp-content\/uploads\/2024\/03\/acnur-2303_05-965x601.jpg 965w, https:\/\/solkes.com\/wp-content\/uploads\/2024\/03\/acnur-2303_05-300x187.jpg 300w, https:\/\/solkes.com\/wp-content\/uploads\/2024\/03\/acnur-2303_05-768x478.jpg 768w, https:\/\/solkes.com\/wp-content\/uploads\/2024\/03\/acnur-2303_05-320x199.jpg 320w, https:\/\/solkes.com\/wp-content\/uploads\/2024\/03\/acnur-2303_05.jpg 996w\" sizes=\"(max-width: 965px) 100vw, 965px\" \/><figcaption id=\"caption-attachment-19089\" class=\"wp-caption-text\">Kevin Schmid for Unplash \u00a9 Solkes<\/figcaption><\/figure>\n<p>Kurz darauf wurde die Internationale Fl\u00fcchtlingsorganisation (International Refugee Organization) als spezialisierte Agentur gegr\u00fcndet und von 1946 bis 1952 betrieben.<\/p>\n<p>Im Dezember 1950 wurde das Amt des Hohen Fl\u00fcchtlingskommissars der Vereinten Nationen gegr\u00fcndet.<\/p>\n<p>Einen Monat sp\u00e4ter begann es am 1. Januar 1951 seine Arbeit. Seine erste konkrete Aufgabe bestand darin, mehr als eine Million europ\u00e4ische Fl\u00fcchtlinge umzusiedeln, die immer noch obdachlos waren als Folge des Zweiten Weltkriegs.<\/p>\n<p>Im Jahr 1951 wurde das \u00dcbereinkommen \u00fcber die Rechtsstellung der Fl\u00fcchtlinge verabschiedet, das verschiedene Verpflichtungen der Vertragsstaaten in Bezug auf die Rechte von Fl\u00fcchtlingen festlegt und das UNHCR als Organ zur &#8220;\u00dcberwachung der Durchf\u00fchrung der internationalen \u00dcbereinkommen, die den Schutz von Fl\u00fcchtlingen gew\u00e4hrleisten&#8221;, anerkennt.<\/p>\n<h3><span style=\"color: #138a8d;\"><strong>Aufgaben<\/strong><\/span><\/h3>\n<p>Die Mission des Hohen Fl\u00fcchtlingskommissars der Vereinten Nationen (UNHCR) besteht darin, allen Fl\u00fcchtlingen zu helfen. Sie m\u00fcssen sicherstellen, dass &#8220;alle Menschen das Recht haben, Asyl zu suchen und in einem anderen Staat einen sicheren Zufluchtsort zu finden, mit der M\u00f6glichkeit, irgendwann in ihr Zuhause zur\u00fcckzukehren, sich zu integrieren oder sich neu anzusiedeln&#8221;.<\/p>\n<p>Dieses Recht erm\u00f6glicht es, grundlegende Bed\u00fcrfnisse wie Zugang zu angemessenem Wohnraum, angemessener Ern\u00e4hrung, sauberem Wasser und anderen Rechten, die einer Person zustehen sollten, in den Herkunftsl\u00e4ndern zu befriedigen, jedoch durch verschiedene Probleme oder Konflikte wie Krieg, Gewalt, Verfolgung sowie unvereinbare famili\u00e4re Probleme eingeschr\u00e4nkt werden.<\/p>\n<figure id=\"attachment_19097\" aria-describedby=\"caption-attachment-19097\" style=\"width: 374px\" class=\"wp-caption alignright\"><img decoding=\"async\" class=\"size-solkes_horizontal wp-image-19097\" src=\"https:\/\/solkes.com\/wp-content\/uploads\/2024\/03\/acnur-2303_03-374x601.jpg\" alt=\"\" width=\"374\" height=\"601\" srcset=\"https:\/\/solkes.com\/wp-content\/uploads\/2024\/03\/acnur-2303_03-374x601.jpg 374w, https:\/\/solkes.com\/wp-content\/uploads\/2024\/03\/acnur-2303_03-187x300.jpg 187w, https:\/\/solkes.com\/wp-content\/uploads\/2024\/03\/acnur-2303_03-299x480.jpg 299w, https:\/\/solkes.com\/wp-content\/uploads\/2024\/03\/acnur-2303_03.jpg 620w\" sizes=\"(max-width: 374px) 100vw, 374px\" \/><figcaption id=\"caption-attachment-19097\" class=\"wp-caption-text\">Seyma Sgz for Unplash \u00a9 Solkes<\/figcaption><\/figure>\n<p>Sie arbeiten kontinuierlich daran, bessere Zukunftsaussichten und Lebensm\u00f6glichkeiten f\u00fcr Millionen von Menschen aufzubauen, die gezwungen sind, ihre Wohnorte zu verlassen.<\/p>\n<p>Eine \u00e4u\u00dferst wichtige Funktion ist der Schutz. Es geht darum, den Fl\u00fcchtlingen einen gleichberechtigten Zugang zu den verschiedenen ihnen zustehenden Rechten zu gew\u00e4hrleisten.<\/p>\n<p>Eine andere Funktion ist die Notunterkunft in humanit\u00e4ren Krisensituationen, in denen das \u00dcberleben w\u00e4hrend Krisen oder Vertreibungen gew\u00e4hrleistet werden muss. Das UNHCR stellt Zelte, Plastikplanen und andere materielle Ressourcen bereit, die den Unterschied zwischen Leben und Tod f\u00fcr diejenigen ausmachen k\u00f6nnen, die sich bewegen.<\/p>\n<p>Andererseits ist w\u00e4hrend der Notunterkunft eine kurzfristige L\u00f6sung, es gibt auch eine Funktion namens &#8220;dauerhafte L\u00f6sungen&#8221;, die haupts\u00e4chlich darin besteht, rechtliche Hilfe und Bildung zu gew\u00e4hren, damit Fl\u00fcchtlinge bei ihrer R\u00fcckkehr in ihr Heimatland in die Gemeinschaft mit W\u00fcrde und einem Gef\u00fchl des Friedens integriert werden k\u00f6nnen.<\/p>\n<p>In Notf\u00e4llen bem\u00fcht sich das UNHCR, unmittelbar auf das Ereignis zu reagieren.<\/p>\n<p>Das UNHCR bietet lebenswichtige Hilfe und Schutz in Notfallsituationen. Sie k\u00e4mpfen auch f\u00fcr bessere Asylsysteme und -gesetze, damit vertriebene Personen Zugang zu ihren Rechten erhalten.<\/p>\n<figure id=\"attachment_19091\" aria-describedby=\"caption-attachment-19091\" style=\"width: 965px\" class=\"wp-caption aligncenter\"><img decoding=\"async\" class=\"size-solkes_horizontal wp-image-19091\" src=\"https:\/\/solkes.com\/wp-content\/uploads\/2024\/03\/acnur-2303_06-965x601.jpg\" alt=\"\" width=\"965\" height=\"601\" srcset=\"https:\/\/solkes.com\/wp-content\/uploads\/2024\/03\/acnur-2303_06-965x601.jpg 965w, https:\/\/solkes.com\/wp-content\/uploads\/2024\/03\/acnur-2303_06-300x187.jpg 300w, https:\/\/solkes.com\/wp-content\/uploads\/2024\/03\/acnur-2303_06-768x478.jpg 768w, https:\/\/solkes.com\/wp-content\/uploads\/2024\/03\/acnur-2303_06-320x199.jpg 320w, https:\/\/solkes.com\/wp-content\/uploads\/2024\/03\/acnur-2303_06.jpg 996w\" sizes=\"(max-width: 965px) 100vw, 965px\" \/><figcaption id=\"caption-attachment-19091\" class=\"wp-caption-text\">Siddhant Soni for Unplash \u00a9 Solkes<\/figcaption><\/figure>\n<p>Dar\u00fcber hinaus arbeiten sie daran, staatenlosen Personen die Staatsb\u00fcrgerschaft zu gew\u00e4hren, was es ihnen erm\u00f6glicht, grundlegende Rechte wie Bildung und Gesundheitsversorgung zu erhalten.<\/p>\n<p>Um sie sicher zu halten, wird Unterst\u00fctzung und Schutz gew\u00e4hrt, was Unterkunft, Zugang zu sauberem Wasser, Nahrungsmitteln, medizinischer Versorgung und Hilfe bei der Familienzusammenf\u00fchrung einschlie\u00dft.<\/p>\n<p>Ihre Arbeit konzentriert sich darauf, sicherzustellen, dass Fl\u00fcchtlinge Schutz erhalten und nicht in gef\u00e4hrliche Gebiete zur\u00fcckgeschickt werden.<\/p>\n<p>Die traurige Wahrheit ist, dass Menschen, die zur Flucht gezwungen sind, nicht abgeschoben oder in Situationen zur\u00fcckgeschickt werden sollten, in denen ihr Leben und ihre Freiheit bedroht sind. Dies ist das Prinzip der Nichtzur\u00fcckweisung, das in der Konvention \u00fcber die Rechtsstellung der Fl\u00fcchtlinge von 1951 verankert ist.<\/p>\n<p>Wenn das UNHCR davon ausgeht, dass Personen die Grenze \u00fcberqueren und fliehen m\u00fcssen, sind ihre Teams anwesend. Die Uhrzeit oder die Art des Gel\u00e4ndes spielt keine Rolle.<\/p>\n<h3><strong><span style=\"color: #138a8d;\">Die Eskalierung des Problems<\/span><\/strong><\/h3>\n<p>Die Anzahl der Menschen, die Grund zur Besorgnis geben, ist seit ihren Anf\u00e4ngen erheblich gestiegen. Gleichzeitig hat sich auch das Problem der erzwungenen Vertreibung erh\u00f6ht.<br \/>\nMindestens 108,4 Millionen Menschen weltweit waren gezwungen, ihre H\u00e4user zu verlassen. Darunter sind 35,3 Millionen Fl\u00fcchtlinge, von denen etwa 41 % unter 18 Jahren alt sind.<\/p>\n<figure id=\"attachment_19095\" aria-describedby=\"caption-attachment-19095\" style=\"width: 374px\" class=\"wp-caption alignleft\"><img loading=\"lazy\" decoding=\"async\" class=\"size-solkes_horizontal wp-image-19095\" src=\"https:\/\/solkes.com\/wp-content\/uploads\/2024\/03\/acnur-2303_02-374x601.jpg\" alt=\"\" width=\"374\" height=\"601\" srcset=\"https:\/\/solkes.com\/wp-content\/uploads\/2024\/03\/acnur-2303_02-374x601.jpg 374w, https:\/\/solkes.com\/wp-content\/uploads\/2024\/03\/acnur-2303_02-187x300.jpg 187w, https:\/\/solkes.com\/wp-content\/uploads\/2024\/03\/acnur-2303_02-299x480.jpg 299w, https:\/\/solkes.com\/wp-content\/uploads\/2024\/03\/acnur-2303_02.jpg 620w\" sizes=\"(max-width: 374px) 100vw, 374px\" \/><figcaption id=\"caption-attachment-19095\" class=\"wp-caption-text\">Azucena Quiroga \u00a9 Solkes<\/figcaption><\/figure>\n<p>Es gibt auch Millionen staatenlose Menschen, denen die Staatsb\u00fcrgerschaft und der Zugang zu grundlegenden Rechten wie Bildung, Gesundheitsversorgung, Besch\u00e4ftigung und Bewegungsfreiheit verweigert wurden.<\/p>\n<p>In einer Zeit, in der 1 von 74 Menschen auf der Welt gezwungen war, sein Zuhause aufgrund von Konflikten und Verfolgung zu verlassen, ist unsere Arbeit beim UNHCR wichtiger denn je.<\/p>\n<p>Ende 2019 belief sich die Zahl der weltweit Vertriebenen auf 79,5 Millionen. Die Herkunftsnationalit\u00e4ten der meisten Fl\u00fcchtlinge oder Vertriebenen sind Syrien, Venezuela, Afghanistan, S\u00fcdsudan und Myanmar.<\/p>\n<p>Die Situation in Afghanistan ist traurig, langwierig und schrecklich. In Afghanistan leben 24 Millionen Menschen, und 5,7 Millionen Afghanen ben\u00f6tigen Unterst\u00fctzung in f\u00fcnf Nachbarl\u00e4ndern.<\/p>\n<p>Andererseits ist die humanit\u00e4re Krise in der Ukraine enorm. Die Teams des UNHCR arbeiten in der Ukraine, in den Nachbarl\u00e4ndern und \u00fcberall dort, wo es notwendig ist, um die Menschen zu sch\u00fctzen und zu unterst\u00fctzen, die zur Flucht gezwungen wurden.<\/p>\n<p>Um etwas Kontext zu geben, ist es wichtig zu beachten, dass mehr als 7,7 Millionen Menschen Venezuela verlassen haben, um Schutz und ein besseres Leben zu suchen. Die meisten von ihnen sind in verschiedene L\u00e4nder in Lateinamerika und der Karibik gegangen.<\/p>\n<h3><strong><span style=\"color: #138a8d;\">Unterk\u00fcnfte<\/span><\/strong><\/h3>\n<p>Notunterk\u00fcnfte sind eine lebensrettende L\u00f6sung. In st\u00e4dtischen Gebieten teilen viele Fl\u00fcchtlinge Unterk\u00fcnfte oder leben in ungenutzten \u00f6ffentlichen Geb\u00e4uden. Die Bedingungen sind in den meisten F\u00e4llen unzureichend und oft mangelhaft. Auf dem Land ist es \u00fcblich, Schutz und humanit\u00e4re Hilfe durch Fl\u00fcchtlingslager zu gew\u00e4hren.<\/p>\n<figure id=\"attachment_19099\" aria-describedby=\"caption-attachment-19099\" style=\"width: 965px\" class=\"wp-caption aligncenter\"><img loading=\"lazy\" decoding=\"async\" class=\"size-solkes_horizontal wp-image-19099\" src=\"https:\/\/solkes.com\/wp-content\/uploads\/2024\/03\/acnur-2303_04-965x601.jpg\" alt=\"\" width=\"965\" height=\"601\" srcset=\"https:\/\/solkes.com\/wp-content\/uploads\/2024\/03\/acnur-2303_04-965x601.jpg 965w, https:\/\/solkes.com\/wp-content\/uploads\/2024\/03\/acnur-2303_04-300x187.jpg 300w, https:\/\/solkes.com\/wp-content\/uploads\/2024\/03\/acnur-2303_04-768x478.jpg 768w, https:\/\/solkes.com\/wp-content\/uploads\/2024\/03\/acnur-2303_04-320x199.jpg 320w, https:\/\/solkes.com\/wp-content\/uploads\/2024\/03\/acnur-2303_04.jpg 996w\" sizes=\"(max-width: 965px) 100vw, 965px\" \/><figcaption id=\"caption-attachment-19099\" class=\"wp-caption-text\">Levi Meier Dancy for Unplash \u00a9 Solkes<\/figcaption><\/figure>\n<p>\u00dcber 6,6 Millionen Fl\u00fcchtlinge leben in Lagern. Obwohl Lager in Notf\u00e4llen praktisch sein k\u00f6nnen, bringen sie auch eine Reihe von Problemen mit sich, darunter Abh\u00e4ngigkeit von Hilfe und Isolation.<\/p>\n<p>Es muss gesagt werden, dass das UNHCR und die humanit\u00e4re Gemeinschaft keine Lager unterst\u00fctzen. Der Grund daf\u00fcr ist, dass sie zwar eine tempor\u00e4re L\u00f6sung bieten, aber nicht f\u00f6rderlich f\u00fcr ein stabiles Leben sind.<\/p>\n<p>Lager sch\u00fctzen die Umwelt und tragen zur Verhinderung von Br\u00e4nden und Krankheitsausbr\u00fcchen bei. In einem Lager m\u00fcssen die Betroffenen nicht weit gehen, um Essen, Wasser oder medizinische Versorgung zu erhalten. Wasserstellen und Toilet<\/p>\n<p>ten sind gut beleuchtet und nahe den H\u00e4usern, damit M\u00e4dchen und Frauen, insbesondere, nicht Gefahren ausgesetzt sind.<\/p>\n<p>Wenn eine Person gezwungen ist, ihr Zuhause zu verlassen, flieht sie mit nur dem N\u00f6tigsten. Gleichzeitig ist es sehr schwierig f\u00fcr sie, Einkommen zu erzielen und es in den Prozess zu investieren.<\/p>\n<h3><span style=\"color: #138a8d;\"><strong>Der Eckpfeiler<\/strong><\/span><\/h3>\n<p>Schutz ist das Wichtigste f\u00fcr das UNHCR.<\/p>\n<figure id=\"attachment_19093\" aria-describedby=\"caption-attachment-19093\" style=\"width: 374px\" class=\"wp-caption alignright\"><img loading=\"lazy\" decoding=\"async\" class=\"size-solkes_horizontal wp-image-19093\" src=\"https:\/\/solkes.com\/wp-content\/uploads\/2024\/03\/acnur-2303_01-374x601.jpg\" alt=\"\" width=\"374\" height=\"601\" srcset=\"https:\/\/solkes.com\/wp-content\/uploads\/2024\/03\/acnur-2303_01-374x601.jpg 374w, https:\/\/solkes.com\/wp-content\/uploads\/2024\/03\/acnur-2303_01-187x300.jpg 187w, https:\/\/solkes.com\/wp-content\/uploads\/2024\/03\/acnur-2303_01-299x480.jpg 299w, https:\/\/solkes.com\/wp-content\/uploads\/2024\/03\/acnur-2303_01.jpg 620w\" sizes=\"(max-width: 374px) 100vw, 374px\" \/><figcaption id=\"caption-attachment-19093\" class=\"wp-caption-text\">Azucena Quiroga \u00a9 Solkes<\/figcaption><\/figure>\n<p>Wenn Menschen zur Flucht gezwungen werden, liegt dies oft daran, dass sie nicht mehr darauf vertrauen k\u00f6nnen, dass ihre Regierung sie sch\u00fctzt. Die Verletzung grundlegender Rechte erfolgt nicht nur im Herkunftsland, sondern auch bei der Suche nach Schutz.<\/p>\n<p>Es klingt absurd, aber Millionen von Menschen auf der ganzen Welt wird die Staatsb\u00fcrgerschaft verweigert. Diese einfache Tatsache f\u00fchrt dazu, dass Minderj\u00e4hrige nicht zur Schule gehen k\u00f6nnen, keine medizinische Versorgung erhalten, nicht arbeiten, kein Bankkonto er\u00f6ffnen oder heiraten k\u00f6nnen.<\/p>\n<p>Ein wichtiger Punkt betrifft diejenigen, die Asyl beantragen. Es wird gesch\u00e4tzt, dass jedes Jahr etwa 1 Million Menschen individuell Asyl beantragen.<\/p>\n<p>Politisches Asyl wird einer verbannten Person oder einer Person gew\u00e4hrt, die aus politischen Gr\u00fcnden aus ihrem Land geflohen ist. Ein perfektes Beispiel war der Fall der spanischen Fl\u00fcchtlinge, die nach dem B\u00fcrgerkrieg geflohen waren.<\/p>\n<p>F\u00fcr viele der Millionen von Menschen, die zur Flucht gezwungen waren, bedeutet die R\u00fcckkehr nach Hause das Ende einer oft traumatischen Zeit im Exil. Es k\u00f6nnen Monate, Jahre oder sogar Jahrzehnte vergehen, nachdem sie fliehen mussten, und manchmal kommt es gar nicht vollst\u00e4ndig vor.<\/p>\n<p><span style=\"color: #138a8d;\">I<\/span>m Laufe der Jahre hat das UNHCR Millionen von Vertriebenen geholfen. An kalten N\u00e4chten k\u00f6nnen sie den Unterschied zwischen Leben und Tod ausmachen.<\/p>\n","protected":false},"excerpt":{"rendered":"<p>Es spielt keine Rolle, in welchem Jahrhundert wir leben oder welche technologischen Fortschritte wir gemacht haben, Jahr f\u00fcr Jahr werden Millionen von Menschen (Frauen, M\u00e4nner, M\u00e4dchen und Jungen) gezwungen, ihre H\u00e4user zu verlassen, um Konflikten und Verfolgung zu entkommen. Oft m\u00fcssen diejenigen, die keine andere Wahl haben, als ihr Zuhause zu verlassen, um Konflikten und [&hellip;]<\/p>\n","protected":false},"author":76,"featured_media":25972,"comment_status":"open","ping_status":"open","sticky":false,"template":"","format":"standard","meta":{"_acf_changed":false,"_exactmetrics_skip_tracking":false,"_exactmetrics_sitenote_active":false,"_exactmetrics_sitenote_note":"","_exactmetrics_sitenote_category":0,"site-sidebar-layout":"default","site-content-layout":"default","ast-site-content-layout":"default","site-content-style":"default","site-sidebar-style":"default","ast-global-header-display":"","ast-banner-title-visibility":"","ast-main-header-display":"","ast-hfb-above-header-display":"","ast-hfb-below-header-display":"","ast-hfb-mobile-header-display":"","site-post-title":"","ast-breadcrumbs-content":"","ast-featured-img":"","footer-sml-layout":"","theme-transparent-header-meta":"default","adv-header-id-meta":"","stick-header-meta":"","header-above-stick-meta":"","header-main-stick-meta":"","header-below-stick-meta":"","astra-migrate-meta-layouts":"default","ast-page-background-enabled":"default","ast-page-background-meta":{"desktop":{"background-color":"","background-image":"","background-repeat":"repeat","background-position":"center center","background-size":"auto","background-attachment":"scroll","background-type":"","background-media":"","overlay-type":"","overlay-color":"","overlay-opacity":"","overlay-gradient":""},"tablet":{"background-color":"","background-image":"","background-repeat":"repeat","background-position":"center center","background-size":"auto","background-attachment":"scroll","background-type":"","background-media":"","overlay-type":"","overlay-color":"","overlay-opacity":"","overlay-gradient":""},"mobile":{"background-color":"","background-image":"","background-repeat":"repeat","background-position":"center center","background-size":"auto","background-attachment":"scroll","background-type":"","background-media":"","overlay-type":"","overlay-color":"","overlay-opacity":"","overlay-gradient":""}},"ast-content-background-meta":{"desktop":{"background-color":"var(--ast-global-color-5)","background-image":"","background-repeat":"repeat","background-position":"center center","background-size":"auto","background-attachment":"scroll","background-type":"","background-media":"","overlay-type":"","overlay-color":"","overlay-opacity":"","overlay-gradient":""},"tablet":{"background-color":"var(--ast-global-color-5)","background-image":"","background-repeat":"repeat","background-position":"center center","background-size":"auto","background-attachment":"scroll","background-type":"","background-media":"","overlay-type":"","overlay-color":"","overlay-opacity":"","overlay-gradient":""},"mobile":{"background-color":"var(--ast-global-color-5)","background-image":"","background-repeat":"repeat","background-position":"center center","background-size":"auto","background-attachment":"scroll","background-type":"","background-media":"","overlay-type":"","overlay-color":"","overlay-opacity":"","overlay-gradient":""}},"footnotes":""},"categories":[2936],"tags":[2990,2989],"class_list":["post-26209","post","type-post","status-publish","format-standard","has-post-thumbnail","hentry","category-eine-spur-hinterlassen","tag-unhcr","tag-zweite-weltkrieg"],"acf":[],"yoast_head":"<!-- This site is optimized with the Yoast SEO plugin v27.4 - https:\/\/yoast.com\/product\/yoast-seo-wordpress\/ -->\n<title>Das Unterschied zwichen Leben und Tod - Solkes Magazine<\/title>\n<meta name=\"robots\" content=\"index, follow, max-snippet:-1, max-image-preview:large, max-video-preview:-1\" \/>\n<link rel=\"canonical\" href=\"https:\/\/solkes.com\/de\/eine-spur-hinterlassen\/2024\/03\/das-unterschied-zwichen-leben-und-tod\/\" \/>\n<meta property=\"og:locale\" content=\"de_DE\" \/>\n<meta property=\"og:type\" content=\"article\" \/>\n<meta property=\"og:title\" content=\"Das Unterschied zwichen Leben und Tod - Solkes Magazine\" \/>\n<meta property=\"og:description\" content=\"Es spielt keine Rolle, in welchem Jahrhundert wir leben oder welche technologischen Fortschritte wir gemacht haben, Jahr f\u00fcr Jahr werden Millionen von Menschen (Frauen, M\u00e4nner, M\u00e4dchen und Jungen) gezwungen, ihre H\u00e4user zu verlassen, um Konflikten und Verfolgung zu entkommen. Oft m\u00fcssen diejenigen, die keine andere Wahl haben, als ihr Zuhause zu verlassen, um Konflikten und [&hellip;]\" \/>\n<meta property=\"og:url\" content=\"https:\/\/solkes.com\/de\/eine-spur-hinterlassen\/2024\/03\/das-unterschied-zwichen-leben-und-tod\/\" \/>\n<meta property=\"og:site_name\" content=\"Solkes Magazine\" \/>\n<meta property=\"article:publisher\" content=\"https:\/\/www.facebook.com\/solkesmagazinee\/\" \/>\n<meta property=\"article:published_time\" content=\"2024-03-13T09:00:10+00:00\" \/>\n<meta property=\"article:modified_time\" content=\"2024-05-01T09:15:16+00:00\" \/>\n<meta property=\"og:image\" content=\"https:\/\/solkes.com\/wp-content\/uploads\/2024\/03\/acnur-2303_04.jpg\" \/>\n\t<meta property=\"og:image:width\" content=\"996\" \/>\n\t<meta property=\"og:image:height\" content=\"620\" \/>\n\t<meta property=\"og:image:type\" content=\"image\/jpeg\" \/>\n<meta name=\"author\" content=\"Laura Viera A.\" \/>\n<meta name=\"twitter:card\" content=\"summary_large_image\" \/>\n<meta name=\"twitter:label1\" content=\"Verfasst von\" \/>\n\t<meta name=\"twitter:data1\" content=\"Laura Viera A.\" \/>\n\t<meta name=\"twitter:label2\" content=\"Gesch\u00e4tzte Lesezeit\" \/>\n\t<meta name=\"twitter:data2\" content=\"7\u00a0Minuten\" \/>\n<script type=\"application\/ld+json\" class=\"yoast-schema-graph\">{\"@context\":\"https:\\\/\\\/schema.org\",\"@graph\":[{\"@type\":\"Article\",\"@id\":\"https:\\\/\\\/solkes.com\\\/de\\\/eine-spur-hinterlassen\\\/2024\\\/03\\\/das-unterschied-zwichen-leben-und-tod\\\/#article\",\"isPartOf\":{\"@id\":\"https:\\\/\\\/solkes.com\\\/de\\\/eine-spur-hinterlassen\\\/2024\\\/03\\\/das-unterschied-zwichen-leben-und-tod\\\/\"},\"author\":{\"name\":\"Laura Viera A.\",\"@id\":\"https:\\\/\\\/solkes.com\\\/#\\\/schema\\\/person\\\/54684f1c0bebcaff4d6b3f1ec2e71e91\"},\"headline\":\"Das Unterschied zwichen Leben und Tod\",\"datePublished\":\"2024-03-13T09:00:10+00:00\",\"dateModified\":\"2024-05-01T09:15:16+00:00\",\"mainEntityOfPage\":{\"@id\":\"https:\\\/\\\/solkes.com\\\/de\\\/eine-spur-hinterlassen\\\/2024\\\/03\\\/das-unterschied-zwichen-leben-und-tod\\\/\"},\"wordCount\":1473,\"commentCount\":0,\"publisher\":{\"@id\":\"https:\\\/\\\/solkes.com\\\/#organization\"},\"image\":{\"@id\":\"https:\\\/\\\/solkes.com\\\/de\\\/eine-spur-hinterlassen\\\/2024\\\/03\\\/das-unterschied-zwichen-leben-und-tod\\\/#primaryimage\"},\"thumbnailUrl\":\"https:\\\/\\\/solkes.com\\\/wp-content\\\/uploads\\\/2024\\\/03\\\/acnur-2303_04.jpg\",\"keywords\":[\"UNHCR\",\"Zweite Weltkrieg\"],\"articleSection\":[\"Eine Spur\u00a0hinterlassen\"],\"inLanguage\":\"de\",\"potentialAction\":[{\"@type\":\"CommentAction\",\"name\":\"Comment\",\"target\":[\"https:\\\/\\\/solkes.com\\\/de\\\/eine-spur-hinterlassen\\\/2024\\\/03\\\/das-unterschied-zwichen-leben-und-tod\\\/#respond\"]}]},{\"@type\":\"WebPage\",\"@id\":\"https:\\\/\\\/solkes.com\\\/de\\\/eine-spur-hinterlassen\\\/2024\\\/03\\\/das-unterschied-zwichen-leben-und-tod\\\/\",\"url\":\"https:\\\/\\\/solkes.com\\\/de\\\/eine-spur-hinterlassen\\\/2024\\\/03\\\/das-unterschied-zwichen-leben-und-tod\\\/\",\"name\":\"Das Unterschied zwichen Leben und Tod - Solkes Magazine\",\"isPartOf\":{\"@id\":\"https:\\\/\\\/solkes.com\\\/#website\"},\"primaryImageOfPage\":{\"@id\":\"https:\\\/\\\/solkes.com\\\/de\\\/eine-spur-hinterlassen\\\/2024\\\/03\\\/das-unterschied-zwichen-leben-und-tod\\\/#primaryimage\"},\"image\":{\"@id\":\"https:\\\/\\\/solkes.com\\\/de\\\/eine-spur-hinterlassen\\\/2024\\\/03\\\/das-unterschied-zwichen-leben-und-tod\\\/#primaryimage\"},\"thumbnailUrl\":\"https:\\\/\\\/solkes.com\\\/wp-content\\\/uploads\\\/2024\\\/03\\\/acnur-2303_04.jpg\",\"datePublished\":\"2024-03-13T09:00:10+00:00\",\"dateModified\":\"2024-05-01T09:15:16+00:00\",\"breadcrumb\":{\"@id\":\"https:\\\/\\\/solkes.com\\\/de\\\/eine-spur-hinterlassen\\\/2024\\\/03\\\/das-unterschied-zwichen-leben-und-tod\\\/#breadcrumb\"},\"inLanguage\":\"de\",\"potentialAction\":[{\"@type\":\"ReadAction\",\"target\":[\"https:\\\/\\\/solkes.com\\\/de\\\/eine-spur-hinterlassen\\\/2024\\\/03\\\/das-unterschied-zwichen-leben-und-tod\\\/\"]}]},{\"@type\":\"ImageObject\",\"inLanguage\":\"de\",\"@id\":\"https:\\\/\\\/solkes.com\\\/de\\\/eine-spur-hinterlassen\\\/2024\\\/03\\\/das-unterschied-zwichen-leben-und-tod\\\/#primaryimage\",\"url\":\"https:\\\/\\\/solkes.com\\\/wp-content\\\/uploads\\\/2024\\\/03\\\/acnur-2303_04.jpg\",\"contentUrl\":\"https:\\\/\\\/solkes.com\\\/wp-content\\\/uploads\\\/2024\\\/03\\\/acnur-2303_04.jpg\",\"width\":996,\"height\":620,\"caption\":\"Levi Meier Dancy for Unplash @ Solkes\"},{\"@type\":\"BreadcrumbList\",\"@id\":\"https:\\\/\\\/solkes.com\\\/de\\\/eine-spur-hinterlassen\\\/2024\\\/03\\\/das-unterschied-zwichen-leben-und-tod\\\/#breadcrumb\",\"itemListElement\":[{\"@type\":\"ListItem\",\"position\":1,\"name\":\"Portada\",\"item\":\"https:\\\/\\\/solkes.com\\\/\"},{\"@type\":\"ListItem\",\"position\":2,\"name\":\"Das Unterschied zwichen Leben und Tod\"}]},{\"@type\":\"WebSite\",\"@id\":\"https:\\\/\\\/solkes.com\\\/#website\",\"url\":\"https:\\\/\\\/solkes.com\\\/\",\"name\":\"Solkes Magazine\",\"description\":\"solkes.com\",\"publisher\":{\"@id\":\"https:\\\/\\\/solkes.com\\\/#organization\"},\"potentialAction\":[{\"@type\":\"SearchAction\",\"target\":{\"@type\":\"EntryPoint\",\"urlTemplate\":\"https:\\\/\\\/solkes.com\\\/?s={search_term_string}\"},\"query-input\":{\"@type\":\"PropertyValueSpecification\",\"valueRequired\":true,\"valueName\":\"search_term_string\"}}],\"inLanguage\":\"de\"},{\"@type\":\"Organization\",\"@id\":\"https:\\\/\\\/solkes.com\\\/#organization\",\"name\":\"Solkes Magazine\",\"url\":\"https:\\\/\\\/solkes.com\\\/\",\"logo\":{\"@type\":\"ImageObject\",\"inLanguage\":\"de\",\"@id\":\"https:\\\/\\\/solkes.com\\\/#\\\/schema\\\/logo\\\/image\\\/\",\"url\":\"https:\\\/\\\/solkes.com\\\/wp-content\\\/uploads\\\/2024\\\/09\\\/logo-SOLKES-820px-x-312px.png\",\"contentUrl\":\"https:\\\/\\\/solkes.com\\\/wp-content\\\/uploads\\\/2024\\\/09\\\/logo-SOLKES-820px-x-312px.png\",\"width\":411,\"height\":303,\"caption\":\"Solkes Magazine\"},\"image\":{\"@id\":\"https:\\\/\\\/solkes.com\\\/#\\\/schema\\\/logo\\\/image\\\/\"},\"sameAs\":[\"https:\\\/\\\/www.facebook.com\\\/solkesmagazinee\\\/\",\"https:\\\/\\\/instagram.com\\\/solkesmagazine\\\/\"]},{\"@type\":\"Person\",\"@id\":\"https:\\\/\\\/solkes.com\\\/#\\\/schema\\\/person\\\/54684f1c0bebcaff4d6b3f1ec2e71e91\",\"name\":\"Laura Viera A.\",\"image\":{\"@type\":\"ImageObject\",\"inLanguage\":\"de\",\"@id\":\"https:\\\/\\\/secure.gravatar.com\\\/avatar\\\/d7b6a8bb956f5279e99babca11ed31351716b19f59e9e3e989847c0ca9e0c5d9?s=96&d=identicon&r=g\",\"url\":\"https:\\\/\\\/secure.gravatar.com\\\/avatar\\\/d7b6a8bb956f5279e99babca11ed31351716b19f59e9e3e989847c0ca9e0c5d9?s=96&d=identicon&r=g\",\"contentUrl\":\"https:\\\/\\\/secure.gravatar.com\\\/avatar\\\/d7b6a8bb956f5279e99babca11ed31351716b19f59e9e3e989847c0ca9e0c5d9?s=96&d=identicon&r=g\",\"caption\":\"Laura Viera A.\"},\"description\":\"Fundadora y Directora Editorial de Solkes Magazine Es periodista de vocaci\u00f3n y formaci\u00f3n. Estudi\u00f3 Comunicaci\u00f3n Social con \u00e9nfasis en Periodismo en la Pontificia Universidad Javeriana de Bogot\u00e1, Colombia. Desde muy joven sinti\u00f3 una profunda pasi\u00f3n por contar historias, explorar el mundo y dar voz a quienes no la tienen. Su compromiso con los Derechos Humanos ha sido una constante en su trayectoria, participando activamente en proyectos sociales desde temprana edad. Este inter\u00e9s se refleja en el enfoque editorial de Solkes, una revista que prioriza el periodismo independiente, la diversidad cultural y la profundidad narrativa. Laura naci\u00f3 en Bogot\u00e1, vivi\u00f3 tres a\u00f1os en Madrid, Espa\u00f1a, y desde el verano de 2010 reside en Alemania. Esta experiencia multicultural ha enriquecido su perspectiva y ha sido clave para la creaci\u00f3n de una revista triling\u00fce que trasciende fronteras y conecta a lectores de distintas partes del mundo. ******************************************************************************************* Founder and Editorial Director of Solkes Magazine She is a passionate journalist by vocation and training. She studied Mass Communication with an emphasis on Journalism at the Pontificia Universidad Javeriana in Bogot\u00e1, Colombia. From a young age, she was deeply motivated to tell stories, explore the world, and give a voice to those who often go unheard. Her commitment to Human Rights has been a constant throughout her career, actively participating in social projects since early on. This dedication is reflected in Solkes Magazine\u2019s editorial focus on independent journalism, cultural diversity, and in-depth storytelling. Born in Bogot\u00e1, Laura lived in Madrid, Spain for three years, and has been residing in Germany since the summer of 2010. This multicultural experience has enriched her perspective and played a key role in creating a trilingual magazine that transcends borders and connects readers from around the world. ******************************************************************************************* Gr\u00fcnderin und Chefredakteurin von Solkes Magazine Laura Viera ist eine leidenschaftliche Journalistin aus Berufung und Ausbildung. Sie hat Soziale Kommunikation mit Schwerpunkt Journalismus an der Pontificia Universidad Javeriana in Bogot\u00e1, Kolumbien, studiert. Schon in jungen Jahren war sie stark motiviert, Geschichten zu erz\u00e4hlen, die Welt zu erkunden und denen eine Stimme zu geben, die oft ungeh\u00f6rt bleiben. Ihr Engagement f\u00fcr Menschenrechte begleitet sie seit Beginn ihrer Laufbahn. Sie war von Anfang an aktiv an sozialen Projekten beteiligt. Dieses Engagement spiegelt sich auch im redaktionellen Fokus von Solkes Magazine wider, das unabh\u00e4ngigen Journalismus, kulturelle Vielfalt und tiefgr\u00fcndiges Erz\u00e4hlen in den Vordergrund stellt. Geboren in Bogot\u00e1, lebte Laura drei Jahre in Madrid, Spanien, und lebt seit Sommer 2010 in Deutschland. Diese multikulturelle Erfahrung hat ihre Perspektive bereichert und war entscheidend bei der Gr\u00fcndung eines dreisprachigen Magazins, das Grenzen \u00fcberschreitet und Leser weltweit verbindet.\",\"sameAs\":[\"http:\\\/\\\/www.solkes.com\"],\"url\":\"https:\\\/\\\/solkes.com\\\/de\\\/author\\\/lauraviera2019\\\/\"}]}<\/script>\n<!-- \/ Yoast SEO plugin. -->","yoast_head_json":{"title":"Das Unterschied zwichen Leben und Tod - Solkes Magazine","robots":{"index":"index","follow":"follow","max-snippet":"max-snippet:-1","max-image-preview":"max-image-preview:large","max-video-preview":"max-video-preview:-1"},"canonical":"https:\/\/solkes.com\/de\/eine-spur-hinterlassen\/2024\/03\/das-unterschied-zwichen-leben-und-tod\/","og_locale":"de_DE","og_type":"article","og_title":"Das Unterschied zwichen Leben und Tod - Solkes Magazine","og_description":"Es spielt keine Rolle, in welchem Jahrhundert wir leben oder welche technologischen Fortschritte wir gemacht haben, Jahr f\u00fcr Jahr werden Millionen von Menschen (Frauen, M\u00e4nner, M\u00e4dchen und Jungen) gezwungen, ihre H\u00e4user zu verlassen, um Konflikten und Verfolgung zu entkommen. Oft m\u00fcssen diejenigen, die keine andere Wahl haben, als ihr Zuhause zu verlassen, um Konflikten und [&hellip;]","og_url":"https:\/\/solkes.com\/de\/eine-spur-hinterlassen\/2024\/03\/das-unterschied-zwichen-leben-und-tod\/","og_site_name":"Solkes Magazine","article_publisher":"https:\/\/www.facebook.com\/solkesmagazinee\/","article_published_time":"2024-03-13T09:00:10+00:00","article_modified_time":"2024-05-01T09:15:16+00:00","og_image":[{"width":996,"height":620,"url":"https:\/\/solkes.com\/wp-content\/uploads\/2024\/03\/acnur-2303_04.jpg","type":"image\/jpeg"}],"author":"Laura Viera A.","twitter_card":"summary_large_image","twitter_misc":{"Verfasst von":"Laura Viera A.","Gesch\u00e4tzte Lesezeit":"7\u00a0Minuten"},"schema":{"@context":"https:\/\/schema.org","@graph":[{"@type":"Article","@id":"https:\/\/solkes.com\/de\/eine-spur-hinterlassen\/2024\/03\/das-unterschied-zwichen-leben-und-tod\/#article","isPartOf":{"@id":"https:\/\/solkes.com\/de\/eine-spur-hinterlassen\/2024\/03\/das-unterschied-zwichen-leben-und-tod\/"},"author":{"name":"Laura Viera A.","@id":"https:\/\/solkes.com\/#\/schema\/person\/54684f1c0bebcaff4d6b3f1ec2e71e91"},"headline":"Das Unterschied zwichen Leben und Tod","datePublished":"2024-03-13T09:00:10+00:00","dateModified":"2024-05-01T09:15:16+00:00","mainEntityOfPage":{"@id":"https:\/\/solkes.com\/de\/eine-spur-hinterlassen\/2024\/03\/das-unterschied-zwichen-leben-und-tod\/"},"wordCount":1473,"commentCount":0,"publisher":{"@id":"https:\/\/solkes.com\/#organization"},"image":{"@id":"https:\/\/solkes.com\/de\/eine-spur-hinterlassen\/2024\/03\/das-unterschied-zwichen-leben-und-tod\/#primaryimage"},"thumbnailUrl":"https:\/\/solkes.com\/wp-content\/uploads\/2024\/03\/acnur-2303_04.jpg","keywords":["UNHCR","Zweite Weltkrieg"],"articleSection":["Eine Spur\u00a0hinterlassen"],"inLanguage":"de","potentialAction":[{"@type":"CommentAction","name":"Comment","target":["https:\/\/solkes.com\/de\/eine-spur-hinterlassen\/2024\/03\/das-unterschied-zwichen-leben-und-tod\/#respond"]}]},{"@type":"WebPage","@id":"https:\/\/solkes.com\/de\/eine-spur-hinterlassen\/2024\/03\/das-unterschied-zwichen-leben-und-tod\/","url":"https:\/\/solkes.com\/de\/eine-spur-hinterlassen\/2024\/03\/das-unterschied-zwichen-leben-und-tod\/","name":"Das Unterschied zwichen Leben und Tod - Solkes Magazine","isPartOf":{"@id":"https:\/\/solkes.com\/#website"},"primaryImageOfPage":{"@id":"https:\/\/solkes.com\/de\/eine-spur-hinterlassen\/2024\/03\/das-unterschied-zwichen-leben-und-tod\/#primaryimage"},"image":{"@id":"https:\/\/solkes.com\/de\/eine-spur-hinterlassen\/2024\/03\/das-unterschied-zwichen-leben-und-tod\/#primaryimage"},"thumbnailUrl":"https:\/\/solkes.com\/wp-content\/uploads\/2024\/03\/acnur-2303_04.jpg","datePublished":"2024-03-13T09:00:10+00:00","dateModified":"2024-05-01T09:15:16+00:00","breadcrumb":{"@id":"https:\/\/solkes.com\/de\/eine-spur-hinterlassen\/2024\/03\/das-unterschied-zwichen-leben-und-tod\/#breadcrumb"},"inLanguage":"de","potentialAction":[{"@type":"ReadAction","target":["https:\/\/solkes.com\/de\/eine-spur-hinterlassen\/2024\/03\/das-unterschied-zwichen-leben-und-tod\/"]}]},{"@type":"ImageObject","inLanguage":"de","@id":"https:\/\/solkes.com\/de\/eine-spur-hinterlassen\/2024\/03\/das-unterschied-zwichen-leben-und-tod\/#primaryimage","url":"https:\/\/solkes.com\/wp-content\/uploads\/2024\/03\/acnur-2303_04.jpg","contentUrl":"https:\/\/solkes.com\/wp-content\/uploads\/2024\/03\/acnur-2303_04.jpg","width":996,"height":620,"caption":"Levi Meier Dancy for Unplash @ Solkes"},{"@type":"BreadcrumbList","@id":"https:\/\/solkes.com\/de\/eine-spur-hinterlassen\/2024\/03\/das-unterschied-zwichen-leben-und-tod\/#breadcrumb","itemListElement":[{"@type":"ListItem","position":1,"name":"Portada","item":"https:\/\/solkes.com\/"},{"@type":"ListItem","position":2,"name":"Das Unterschied zwichen Leben und Tod"}]},{"@type":"WebSite","@id":"https:\/\/solkes.com\/#website","url":"https:\/\/solkes.com\/","name":"Solkes Magazine","description":"solkes.com","publisher":{"@id":"https:\/\/solkes.com\/#organization"},"potentialAction":[{"@type":"SearchAction","target":{"@type":"EntryPoint","urlTemplate":"https:\/\/solkes.com\/?s={search_term_string}"},"query-input":{"@type":"PropertyValueSpecification","valueRequired":true,"valueName":"search_term_string"}}],"inLanguage":"de"},{"@type":"Organization","@id":"https:\/\/solkes.com\/#organization","name":"Solkes Magazine","url":"https:\/\/solkes.com\/","logo":{"@type":"ImageObject","inLanguage":"de","@id":"https:\/\/solkes.com\/#\/schema\/logo\/image\/","url":"https:\/\/solkes.com\/wp-content\/uploads\/2024\/09\/logo-SOLKES-820px-x-312px.png","contentUrl":"https:\/\/solkes.com\/wp-content\/uploads\/2024\/09\/logo-SOLKES-820px-x-312px.png","width":411,"height":303,"caption":"Solkes Magazine"},"image":{"@id":"https:\/\/solkes.com\/#\/schema\/logo\/image\/"},"sameAs":["https:\/\/www.facebook.com\/solkesmagazinee\/","https:\/\/instagram.com\/solkesmagazine\/"]},{"@type":"Person","@id":"https:\/\/solkes.com\/#\/schema\/person\/54684f1c0bebcaff4d6b3f1ec2e71e91","name":"Laura Viera A.","image":{"@type":"ImageObject","inLanguage":"de","@id":"https:\/\/secure.gravatar.com\/avatar\/d7b6a8bb956f5279e99babca11ed31351716b19f59e9e3e989847c0ca9e0c5d9?s=96&d=identicon&r=g","url":"https:\/\/secure.gravatar.com\/avatar\/d7b6a8bb956f5279e99babca11ed31351716b19f59e9e3e989847c0ca9e0c5d9?s=96&d=identicon&r=g","contentUrl":"https:\/\/secure.gravatar.com\/avatar\/d7b6a8bb956f5279e99babca11ed31351716b19f59e9e3e989847c0ca9e0c5d9?s=96&d=identicon&r=g","caption":"Laura Viera A."},"description":"Fundadora y Directora Editorial de Solkes Magazine Es periodista de vocaci\u00f3n y formaci\u00f3n. Estudi\u00f3 Comunicaci\u00f3n Social con \u00e9nfasis en Periodismo en la Pontificia Universidad Javeriana de Bogot\u00e1, Colombia. Desde muy joven sinti\u00f3 una profunda pasi\u00f3n por contar historias, explorar el mundo y dar voz a quienes no la tienen. Su compromiso con los Derechos Humanos ha sido una constante en su trayectoria, participando activamente en proyectos sociales desde temprana edad. Este inter\u00e9s se refleja en el enfoque editorial de Solkes, una revista que prioriza el periodismo independiente, la diversidad cultural y la profundidad narrativa. Laura naci\u00f3 en Bogot\u00e1, vivi\u00f3 tres a\u00f1os en Madrid, Espa\u00f1a, y desde el verano de 2010 reside en Alemania. Esta experiencia multicultural ha enriquecido su perspectiva y ha sido clave para la creaci\u00f3n de una revista triling\u00fce que trasciende fronteras y conecta a lectores de distintas partes del mundo. ******************************************************************************************* Founder and Editorial Director of Solkes Magazine She is a passionate journalist by vocation and training. She studied Mass Communication with an emphasis on Journalism at the Pontificia Universidad Javeriana in Bogot\u00e1, Colombia. From a young age, she was deeply motivated to tell stories, explore the world, and give a voice to those who often go unheard. Her commitment to Human Rights has been a constant throughout her career, actively participating in social projects since early on. This dedication is reflected in Solkes Magazine\u2019s editorial focus on independent journalism, cultural diversity, and in-depth storytelling. Born in Bogot\u00e1, Laura lived in Madrid, Spain for three years, and has been residing in Germany since the summer of 2010. This multicultural experience has enriched her perspective and played a key role in creating a trilingual magazine that transcends borders and connects readers from around the world. ******************************************************************************************* Gr\u00fcnderin und Chefredakteurin von Solkes Magazine Laura Viera ist eine leidenschaftliche Journalistin aus Berufung und Ausbildung. Sie hat Soziale Kommunikation mit Schwerpunkt Journalismus an der Pontificia Universidad Javeriana in Bogot\u00e1, Kolumbien, studiert. Schon in jungen Jahren war sie stark motiviert, Geschichten zu erz\u00e4hlen, die Welt zu erkunden und denen eine Stimme zu geben, die oft ungeh\u00f6rt bleiben. Ihr Engagement f\u00fcr Menschenrechte begleitet sie seit Beginn ihrer Laufbahn. Sie war von Anfang an aktiv an sozialen Projekten beteiligt. Dieses Engagement spiegelt sich auch im redaktionellen Fokus von Solkes Magazine wider, das unabh\u00e4ngigen Journalismus, kulturelle Vielfalt und tiefgr\u00fcndiges Erz\u00e4hlen in den Vordergrund stellt. Geboren in Bogot\u00e1, lebte Laura drei Jahre in Madrid, Spanien, und lebt seit Sommer 2010 in Deutschland. Diese multikulturelle Erfahrung hat ihre Perspektive bereichert und war entscheidend bei der Gr\u00fcndung eines dreisprachigen Magazins, das Grenzen \u00fcberschreitet und Leser weltweit verbindet.","sameAs":["http:\/\/www.solkes.com"],"url":"https:\/\/solkes.com\/de\/author\/lauraviera2019\/"}]}},"_links":{"self":[{"href":"https:\/\/solkes.com\/de\/wp-json\/wp\/v2\/posts\/26209","targetHints":{"allow":["GET"]}}],"collection":[{"href":"https:\/\/solkes.com\/de\/wp-json\/wp\/v2\/posts"}],"about":[{"href":"https:\/\/solkes.com\/de\/wp-json\/wp\/v2\/types\/post"}],"author":[{"embeddable":true,"href":"https:\/\/solkes.com\/de\/wp-json\/wp\/v2\/users\/76"}],"replies":[{"embeddable":true,"href":"https:\/\/solkes.com\/de\/wp-json\/wp\/v2\/comments?post=26209"}],"version-history":[{"count":3,"href":"https:\/\/solkes.com\/de\/wp-json\/wp\/v2\/posts\/26209\/revisions"}],"predecessor-version":[{"id":26258,"href":"https:\/\/solkes.com\/de\/wp-json\/wp\/v2\/posts\/26209\/revisions\/26258"}],"wp:featuredmedia":[{"embeddable":true,"href":"https:\/\/solkes.com\/de\/wp-json\/wp\/v2\/media\/25972"}],"wp:attachment":[{"href":"https:\/\/solkes.com\/de\/wp-json\/wp\/v2\/media?parent=26209"}],"wp:term":[{"taxonomy":"category","embeddable":true,"href":"https:\/\/solkes.com\/de\/wp-json\/wp\/v2\/categories?post=26209"},{"taxonomy":"post_tag","embeddable":true,"href":"https:\/\/solkes.com\/de\/wp-json\/wp\/v2\/tags?post=26209"}],"curies":[{"name":"wp","href":"https:\/\/api.w.org\/{rel}","templated":true}]}}