{"id":14976,"date":"2021-09-03T10:00:47","date_gmt":"2021-09-03T08:00:47","guid":{"rendered":"https:\/\/solkes.com\/?p=14976"},"modified":"2021-07-21T10:06:56","modified_gmt":"2021-07-21T08:06:56","slug":"coparenting","status":"publish","type":"post","link":"https:\/\/solkes.com\/de\/urbana\/2021\/09\/coparenting\/","title":{"rendered":"Co-paternidad: una excelente opci\u00f3n familiar"},"content":{"rendered":"<p><span style=\"color: #138a8d;\">C<\/span>o-paternidad es tambi\u00e9n un camino para realizar el sue\u00f1o de ser madre cuando el reloj biol\u00f3gico va corriendo. Ver\u00f3nica, acaba de cumplir cuarenta a\u00f1os y todav\u00eda no ha podido cumplir su sue\u00f1o de ser madre.<\/p>\n<figure id=\"attachment_14996\" aria-describedby=\"caption-attachment-14996\" style=\"width: 363px\" class=\"wp-caption alignright\"><img fetchpriority=\"high\" decoding=\"async\" class=\"size-solkes_horizontal wp-image-14996\" src=\"https:\/\/solkes.com\/wp-content\/uploads\/2021\/09\/coparenting-2109_07-363x601.jpg\" alt=\"\" width=\"363\" height=\"601\" srcset=\"https:\/\/solkes.com\/wp-content\/uploads\/2021\/09\/coparenting-2109_07-363x601.jpg 363w, https:\/\/solkes.com\/wp-content\/uploads\/2021\/09\/coparenting-2109_07-181x300.jpg 181w, https:\/\/solkes.com\/wp-content\/uploads\/2021\/09\/coparenting-2109_07.jpg 601w, https:\/\/solkes.com\/wp-content\/uploads\/2021\/09\/coparenting-2109_07-290x480.jpg 290w\" sizes=\"(max-width: 363px) 100vw, 363px\" \/><figcaption id=\"caption-attachment-14996\" class=\"wp-caption-text\">Nathan Dumlao on Unspalsh \u00a9 Solkes<\/figcaption><\/figure>\n<p>Su ultima relaci\u00f3n amorosa termin\u00f3 hace dos a\u00f1os porque su compa\u00f1ero no quer\u00eda tener hijos.<\/p>\n<p>Gracias a la recomendaci\u00f3n de una amiga se inscribi\u00f3 en una p\u00e1gina web en la que se trata esta tematica exclusivamente.<\/p>\n<p>Es un lugar en donde hombres y mujeres solteros, parejas homosexuales y donantes de semen o vientres en alquiler se inscriben para poder realizar este sue\u00f1o o ayudar a otros a ser padres o formar una familia.<\/p>\n<p>Desde ni\u00f1a Ver\u00f3nica jugaba a la mam\u00e1 al igual que casi todas las mujeres, muchas pierden el inter\u00e9s y de pronto deciden no ser madres.<\/p>\n<p>Para Ver\u00f3nica se iba incrementando ese deseo.<\/p>\n<p>Aun as\u00ed, ella decidi\u00f3 realizar una carrera, viajar por muchos pa\u00edses y aprender otros idiomas su sue\u00f1o de ser madre segu\u00eda latente.<\/p>\n<p>No pudo lograrlo al cumplir los treinta porque a\u00fan estaba soltera; a pesar de haber tendido dos relaciones amorosas largas no pudo llevar el proyecto maternidad a tiempo.<\/p>\n<p>Hoy d\u00eda son muchas las mujeres que han postergado la maternidad incluso hasta despu\u00e9s de los 40.<\/p>\n<p>Son muchas otras cosas que han tomado prioridad entre los 25 y 30 a\u00f1os y esto hace que la maternidad se postergue hasta despu\u00e9s los 35, el n\u00famero de madres entre 35 y 45 a\u00f1os va en aumento.<\/p>\n<figure id=\"attachment_15002\" aria-describedby=\"caption-attachment-15002\" style=\"width: 996px\" class=\"wp-caption aligncenter\"><img decoding=\"async\" class=\"size-solkes_horizontal wp-image-15002\" src=\"https:\/\/solkes.com\/wp-content\/uploads\/2021\/09\/coparenting-2109_09.jpg\" alt=\"\" width=\"996\" height=\"601\" srcset=\"https:\/\/solkes.com\/wp-content\/uploads\/2021\/09\/coparenting-2109_09.jpg 996w, https:\/\/solkes.com\/wp-content\/uploads\/2021\/09\/coparenting-2109_09-300x181.jpg 300w, https:\/\/solkes.com\/wp-content\/uploads\/2021\/09\/coparenting-2109_09-768x463.jpg 768w, https:\/\/solkes.com\/wp-content\/uploads\/2021\/09\/coparenting-2109_09-320x193.jpg 320w\" sizes=\"(max-width: 996px) 100vw, 996px\" \/><figcaption id=\"caption-attachment-15002\" class=\"wp-caption-text\">Betty Boop \u00a9 Solkes<\/figcaption><\/figure>\n<h3><strong><span style=\"color: #138a8d;\">\u00bfC\u00f3mo puede entonces una mujer soltera ser madre?<\/span><\/strong><\/h3>\n<p>Simplemente de la misma manera que actualmente lo logran muchas parejas homosexuales, pero ella contacta en, este caso, a un donante de semen.<\/p>\n<p>Para Ver\u00f3nica es importante que este estuviese dispuesto a dejarse conocer por su futuro hijo, ella no quiere que su hijo crezca con un padre an\u00f3nimo.<\/p>\n<figure id=\"attachment_14989\" aria-describedby=\"caption-attachment-14989\" style=\"width: 363px\" class=\"wp-caption alignleft\"><img decoding=\"async\" class=\"size-solkes_horizontal wp-image-14989\" src=\"https:\/\/solkes.com\/wp-content\/uploads\/2021\/09\/coparenting-2109_04-363x601.jpg\" alt=\"\" width=\"363\" height=\"601\" srcset=\"https:\/\/solkes.com\/wp-content\/uploads\/2021\/09\/coparenting-2109_04-363x601.jpg 363w, https:\/\/solkes.com\/wp-content\/uploads\/2021\/09\/coparenting-2109_04-181x300.jpg 181w, https:\/\/solkes.com\/wp-content\/uploads\/2021\/09\/coparenting-2109_04.jpg 601w, https:\/\/solkes.com\/wp-content\/uploads\/2021\/09\/coparenting-2109_04-290x480.jpg 290w\" sizes=\"(max-width: 363px) 100vw, 363px\" \/><figcaption id=\"caption-attachment-14989\" class=\"wp-caption-text\">Nessa Twix \u00a9 Solkes<\/figcaption><\/figure>\n<p>Antes de inscribirse en la p\u00e1gina web estuvo leyendo algunos testimonios y encontr\u00f3 que pod\u00eda crear un perfil buscando un co-padre en lugar de un donante.<\/p>\n<p>Un co-padre participa tanto en la procreaci\u00f3n del hijo como en la crianza, comparten la custodia.<\/p>\n<p>En la mayor\u00eda de pa\u00edses en donde se efect\u00faa este tipo de paternidad compartida no hay una ley que establezca derechos o deberes del padre.<\/p>\n<p>Sin embargo, por muto acuerdo ambos aparecen en la partida de nacimiento como progenitores y por ende el padre los asume.<\/p>\n<p>Hoy en d\u00eda no es raro ver este tipo de relaciones padres e hijos, en donde la madre convive con ellos y el padre los tiene fin de semana o por algunos d\u00edas, el n\u00famero de divorcios y familias separadas es cada vez mayor.<\/p>\n<p>La diferencia es que en una co-paternidad no ha habido una relaci\u00f3n sentimental anterior, lo cual ser\u00eda un punto a favor en la relaci\u00f3n amistosa entre los padres.<\/p>\n<p>La palabra co-paternidad no se encuentra en la RAE, aunque en la red se puede encontrar sin\u00f3nimos como co-parentalidad, co-crianza, entre otros. En todos los idiomas se puede conseguir una p\u00e1gina para inscribirse e iniciar la b\u00fasqueda y formar una familia sin lazos sentimentales entre los padres.<\/p>\n<figure id=\"attachment_14998\" aria-describedby=\"caption-attachment-14998\" style=\"width: 996px\" class=\"wp-caption aligncenter\"><img loading=\"lazy\" decoding=\"async\" class=\"size-solkes_horizontal wp-image-14998\" src=\"https:\/\/solkes.com\/wp-content\/uploads\/2021\/09\/coparenting-2109_08.jpg\" alt=\"\" width=\"996\" height=\"601\" srcset=\"https:\/\/solkes.com\/wp-content\/uploads\/2021\/09\/coparenting-2109_08.jpg 996w, https:\/\/solkes.com\/wp-content\/uploads\/2021\/09\/coparenting-2109_08-300x181.jpg 300w, https:\/\/solkes.com\/wp-content\/uploads\/2021\/09\/coparenting-2109_08-768x463.jpg 768w, https:\/\/solkes.com\/wp-content\/uploads\/2021\/09\/coparenting-2109_08-320x193.jpg 320w\" sizes=\"(max-width: 996px) 100vw, 996px\" \/><figcaption id=\"caption-attachment-14998\" class=\"wp-caption-text\">Nick Wilkes on Unspalsh \u00a9 Solkes<\/figcaption><\/figure>\n<p>Esto quiere decir que la co-paternidad a invadido toda cultura, creencia, religi\u00f3n y fronteras. Ser padre o madre es un derecho que no se debe limitar a parejas establecidas ya que la paternidad compartida en nuestra sociedad actual esta siendo muy bien aceptada.<\/p>\n<h3><span style=\"color: #138a8d;\"><strong>\u00bfC\u00f3mo funciona una p\u00e1gina web de co-padres?<\/strong><\/span><\/h3>\n<p>Es muy similar a las p\u00e1ginas webs o apps para conseguir pareja, la diferencia es que all\u00ed se est\u00e1 buscando a un individuo que quiera tener un hijo sin un lazo sentimental de por medio entre los padres.<\/p>\n<figure id=\"attachment_14983\" aria-describedby=\"caption-attachment-14983\" style=\"width: 363px\" class=\"wp-caption alignright\"><img loading=\"lazy\" decoding=\"async\" class=\"size-solkes_horizontal wp-image-14983\" src=\"https:\/\/solkes.com\/wp-content\/uploads\/2021\/09\/coparenting-2109_01-363x601.jpg\" alt=\"\" width=\"363\" height=\"601\" srcset=\"https:\/\/solkes.com\/wp-content\/uploads\/2021\/09\/coparenting-2109_01-363x601.jpg 363w, https:\/\/solkes.com\/wp-content\/uploads\/2021\/09\/coparenting-2109_01-181x300.jpg 181w, https:\/\/solkes.com\/wp-content\/uploads\/2021\/09\/coparenting-2109_01.jpg 601w, https:\/\/solkes.com\/wp-content\/uploads\/2021\/09\/coparenting-2109_01-290x480.jpg 290w\" sizes=\"(max-width: 363px) 100vw, 363px\" \/><figcaption id=\"caption-attachment-14983\" class=\"wp-caption-text\">Yurbi Borges \u00a9 Solkes<\/figcaption><\/figure>\n<p>Estas p\u00e1ginas tambi\u00e9n ofrecen establecer contacto entre parejas del mismo sexo femenino que quieren formar una familia e incluir al donante de semen dentro del lazo familiar como un co-padre.<\/p>\n<p>Es decir, que el ni\u00f1o crece con la figura paterna y dos maternas. O parejas de hombres que buscan simplemente un vientre para ayudarlos a tener un hijo, el conocido vientre de alquiler.<\/p>\n<p>Ver\u00f3nica se inscribi\u00f3 y comenz\u00f3 a crear su perfil: \u201cAcabo de cumplir 40 a\u00f1os y todav\u00eda no tengo hijos, pero no quiero rendirme\u2026 Estoy buscando un co-padre que est\u00e9 dispuesto a participar de la crianza.\u00a0Soy deportista, no fumo y me alimento muy sanamente. Tengo un contrato de trabajo indefinido como docente y estoy econ\u00f3micamente estable\u201d.<\/p>\n<p>As\u00ed reza la descripci\u00f3n en su cuenta, adicionalmente una foto de perfil y cuestionario opcional que permite a los interesados ver su religi\u00f3n, aficiones deportivas y de ocio, entre otras informaciones personales.<\/p>\n<p>Para Ver\u00f3nica es importante conseguir un futuro padre que no viva muy lejos de su ciudad, lo cual es f\u00e1cil de establecer al marcar un limite de kil\u00f3metros de distancia dentro de los ajustes de la cuenta.<\/p>\n<blockquote class=\"td_quote_box td_box_center\">\n<h4>&#8220;Es incre\u00edble como el coraz\u00f3n late cuando te haces un test de embarazo y ves como la segunda rayita te va mostrando el positivo, no lo crees y quieres hacer el examen de sangre de inmediato. Hice v\u00eddeo llamada con Miguel y ver que para \u00e9l era tambi\u00e9n un gran motivo de felicidad me lleno mucho, saltamos de alegr\u00eda\u2026fue euf\u00f3rico. Ha sido uno de los momentos m\u00e1s s felices y hermosos de mi vida.&#8221;<\/h4>\n<\/blockquote>\n<figure id=\"attachment_14985\" aria-describedby=\"caption-attachment-14985\" style=\"width: 363px\" class=\"wp-caption alignleft\"><img loading=\"lazy\" decoding=\"async\" class=\"size-solkes_horizontal wp-image-14985\" src=\"https:\/\/solkes.com\/wp-content\/uploads\/2021\/09\/coparenting-2109_02-363x601.jpg\" alt=\"\" width=\"363\" height=\"601\" srcset=\"https:\/\/solkes.com\/wp-content\/uploads\/2021\/09\/coparenting-2109_02-363x601.jpg 363w, https:\/\/solkes.com\/wp-content\/uploads\/2021\/09\/coparenting-2109_02-181x300.jpg 181w, https:\/\/solkes.com\/wp-content\/uploads\/2021\/09\/coparenting-2109_02.jpg 601w, https:\/\/solkes.com\/wp-content\/uploads\/2021\/09\/coparenting-2109_02-290x480.jpg 290w\" sizes=\"(max-width: 363px) 100vw, 363px\" \/><figcaption id=\"caption-attachment-14985\" class=\"wp-caption-text\">Yurbi Borges \u00a9 Solkes<\/figcaption><\/figure>\n<p>Luego de seleccionar un par de interesados, decide responder e interactuar con ellos un poco.<\/p>\n<p>Esta parte del proceso se parece mucho a las apps para buscar pareja, selecci\u00f3n y descarte al principio. Luego un par de llamadas y hasta que por fin se concreta una cita.<\/p>\n<p>Dos meses despu\u00e9s de conocerse un poco m\u00e1s, Ver\u00f3nica y Miguel deciden formar una co-paternidad.<\/p>\n<p>Lleg\u00f3 el d\u00eda del primer intento y Miguel viaja un par de horas en tren a verla cuando ella tiene el nivel m\u00e1s alto de fertilidad.<\/p>\n<p>Ellos decidieron usar el m\u00e9todo de vasito o copita, que consiste en una inseminaci\u00f3n artificial cacera y que es casi tan 100% como el coito. Es decir, no hay intimidad.<\/p>\n<p>El primer intento es fallido, pero en el segundo viaje Ver\u00f3nica queda en cinta y comienzan los preparativos.<\/p>\n<h3><span style=\"color: #138a8d;\"><strong>\u00bfC\u00f3mo comunicar a los seres queridos que se quiere formar una co-paternidad?<\/strong><\/span><\/h3>\n<p>As\u00ed como Ver\u00f3nica y Miguel pudieron realizar su sue\u00f1o de ser padres sin un compromiso sentimental lo han logrado otras parejas del mismo sexo o mujeres que definitivamente quer\u00edan ser madres solteras.<\/p>\n<p>En una sociedad llena de creencias, religiones, tab\u00faes y ritos cuenta mucho el &#8220;qu\u00e9 dir\u00e1n&#8221;, y una de las primeras preguntas que vienen a la cabeza cuando se toma la decisi\u00f3n de formar una co-paternidad es: \u00bfc\u00f3mo se lo digo a mis padres y amigos? \u00bfc\u00f3mo dar la noticia a compa\u00f1eros de trabajo y jefe si soy una persona soltera?<\/p>\n<figure id=\"attachment_14993\" aria-describedby=\"caption-attachment-14993\" style=\"width: 996px\" class=\"wp-caption aligncenter\"><img loading=\"lazy\" decoding=\"async\" class=\"size-solkes_horizontal wp-image-14993\" src=\"https:\/\/solkes.com\/wp-content\/uploads\/2021\/09\/coparenting-2109_06.jpg\" alt=\"\" width=\"996\" height=\"601\" srcset=\"https:\/\/solkes.com\/wp-content\/uploads\/2021\/09\/coparenting-2109_06.jpg 996w, https:\/\/solkes.com\/wp-content\/uploads\/2021\/09\/coparenting-2109_06-300x181.jpg 300w, https:\/\/solkes.com\/wp-content\/uploads\/2021\/09\/coparenting-2109_06-768x463.jpg 768w, https:\/\/solkes.com\/wp-content\/uploads\/2021\/09\/coparenting-2109_06-320x193.jpg 320w\" sizes=\"(max-width: 996px) 100vw, 996px\" \/><figcaption id=\"caption-attachment-14993\" class=\"wp-caption-text\">Solkes \u00a9 Solkes<\/figcaption><\/figure>\n<p>En el caso familiar y circulo de amigos, es necesario dar a conocer el cambio que viene y de alguna forma sentir el apoyo durante el proceso de preparaci\u00f3n y luego de que el nuevo miembro llegue a la familia.<\/p>\n<p>Todo depende tambi\u00e9n de como la familia y amigos toman este tema, es normal tener un poco de miedo o inseguridad, pues pueden venir preguntas inesperadas para las cuales no se est\u00e1 preparado.<\/p>\n<p>No estar\u00eda mal buscar ayuda profesional que dirija emocionalmente a los futuros padres, es necesario una preparaci\u00f3n psicol\u00f3gica, ya que los familiares y amigos seguramente no est\u00e1n muy bien informados del tema co-paternidad, donaci\u00f3n de semen, etc.<\/p>\n<figure id=\"attachment_15008\" aria-describedby=\"caption-attachment-15008\" style=\"width: 363px\" class=\"wp-caption alignright\"><img loading=\"lazy\" decoding=\"async\" class=\"size-solkes_horizontal wp-image-15008\" src=\"https:\/\/solkes.com\/wp-content\/uploads\/2021\/09\/coparenting-2109_10-363x601.jpg\" alt=\"\" width=\"363\" height=\"601\" srcset=\"https:\/\/solkes.com\/wp-content\/uploads\/2021\/09\/coparenting-2109_10-363x601.jpg 363w, https:\/\/solkes.com\/wp-content\/uploads\/2021\/09\/coparenting-2109_10-181x300.jpg 181w, https:\/\/solkes.com\/wp-content\/uploads\/2021\/09\/coparenting-2109_10.jpg 601w, https:\/\/solkes.com\/wp-content\/uploads\/2021\/09\/coparenting-2109_10-290x480.jpg 290w\" sizes=\"(max-width: 363px) 100vw, 363px\" \/><figcaption id=\"caption-attachment-15008\" class=\"wp-caption-text\">Nessa Twix \u00a9 Solkes<\/figcaption><\/figure>\n<p>Todos tenemos un mejor amigo, hermano, padre o madre a quien podemos abordar primero y de quien podemos estar seguros tener el apoyo necesario, es s\u00f3lo cuesti\u00f3n de elegir el momento y lugar adecuado.<\/p>\n<p>Si se toma la decisi\u00f3n de ser un co-padre o co-madre es necesario informarse bien, establecer contacto con parejas que hayan tenido experiencias, unirse a los grupos en redes sociales en donde se intercambian ideas y se dan consejos para la b\u00fasqueda del compa\u00f1ero o compa\u00f1era ideal.<\/p>\n<p>Es bueno hacer preguntas abiertas, ya que a medida que se va profundizando en el proceso comienzan a surgir dudas.<\/p>\n<p>Es necesario aclarar todas las inquietudes para mantener siempre una buena relaci\u00f3n de los padres.<\/p>\n<p>La verdad es que asi no haya ya un vinculo amoroso es alguien a quien se est\u00e1 escogiendo para compartir algo muy valioso por el resto de la vida.<\/p>\n<blockquote class=\"td_quote_box td_box_center\">\n<h4>\u201cNo me interesaba simplemente tener hijos, quiero que ellos tengan una familia, por eso me cuid\u00e9 mucho de convertirme en una madre soltera. Creo que una madre y un hijo tambi\u00e9n son una familia.&#8221;<\/h4>\n<\/blockquote>\n<p>Y esto incluye, cumplea\u00f1os, navidades, visitas a los abuelos tanto maternos como maternos; el que no haya un vinculo amoroso entre los progenitores no quiere decir que no se pueda disfrutar de unas vacaciones en familia, un d\u00eda de campo, salir a comer juntos, entre otras actividades que cualquier familia sana pueda disfrutar.<\/p>\n<h3><span style=\"color: #138a8d;\"><strong>La conclusi\u00f3n<\/strong><\/span><\/h3>\n<p>Para concluir con un tema que hoy d\u00eda es cada vez m\u00e1s conocido gracias a los medios de comunicaci\u00f3n y el sinn\u00famero de redes sociales que se crean para facilitar la vida del actual ser humano dependiente de una app para ayudar con el d\u00eda d\u00eda, podemos aprovechar estos recursos positivamente al m\u00e1ximo para realizar sue\u00f1os y tener finales felices.<\/p>\n<p>La familia es el n\u00facleo fundamental de nuestra sociedad, sin importar como se forme es necesario cultivarla cada d\u00eda en unidad, dando un buen ejemplo a los hijos, el respeto mutuo entre los padres y la buena comunicaci\u00f3n entres los padres es imprescindible; tener la certeza de que a pesar de que los ni\u00f1os crezcan con padres en diferentes casas, los valores, el amor y el apoyo de padre y madre siempre estar\u00e1 presente.<\/p>\n<figure id=\"attachment_14991\" aria-describedby=\"caption-attachment-14991\" style=\"width: 996px\" class=\"wp-caption aligncenter\"><img loading=\"lazy\" decoding=\"async\" class=\"size-solkes_horizontal wp-image-14991\" src=\"https:\/\/solkes.com\/wp-content\/uploads\/2021\/09\/coparenting-2109_05.jpg\" alt=\"\" width=\"996\" height=\"601\" srcset=\"https:\/\/solkes.com\/wp-content\/uploads\/2021\/09\/coparenting-2109_05.jpg 996w, https:\/\/solkes.com\/wp-content\/uploads\/2021\/09\/coparenting-2109_05-300x181.jpg 300w, https:\/\/solkes.com\/wp-content\/uploads\/2021\/09\/coparenting-2109_05-768x463.jpg 768w, https:\/\/solkes.com\/wp-content\/uploads\/2021\/09\/coparenting-2109_05-320x193.jpg 320w\" sizes=\"(max-width: 996px) 100vw, 996px\" \/><figcaption id=\"caption-attachment-14991\" class=\"wp-caption-text\">Nessa Twix \u00a9 Solkes<\/figcaption><\/figure>\n<p><span style=\"color: #138a8d;\">N<\/span>ueve meses de trabajo en equipo, un par de viajes de Miguel para participar de las citas y saludar a su hijo durante los ultrasonidos. Por fin lleg\u00f3 el d\u00eda que Ver\u00f3nica so\u00f1\u00f3 toda su vida, un par de horas de trabajo de parto y ahora todo es real, un llanto dulce inunda los o\u00eddos de la nueva madre: acaba de nacer una hermosa ni\u00f1a, Luciana.<\/p>\n","protected":false},"excerpt":{"rendered":"<p>Co-paternidad es tambi\u00e9n un camino para realizar el sue\u00f1o de ser madre cuando el reloj biol\u00f3gico va corriendo. Ver\u00f3nica, acaba de cumplir cuarenta a\u00f1os y todav\u00eda no ha podido cumplir su sue\u00f1o de ser madre. Su ultima relaci\u00f3n amorosa termin\u00f3 hace dos a\u00f1os porque su compa\u00f1ero no quer\u00eda tener hijos. Gracias a la recomendaci\u00f3n de [&hellip;]<\/p>\n","protected":false},"author":114,"featured_media":14993,"comment_status":"open","ping_status":"open","sticky":false,"template":"","format":"standard","meta":{"_acf_changed":false,"_exactmetrics_skip_tracking":false,"_exactmetrics_sitenote_active":false,"_exactmetrics_sitenote_note":"","_exactmetrics_sitenote_category":0,"site-sidebar-layout":"default","site-content-layout":"default","ast-site-content-layout":"default","site-content-style":"default","site-sidebar-style":"default","ast-global-header-display":"","ast-banner-title-visibility":"","ast-main-header-display":"","ast-hfb-above-header-display":"","ast-hfb-below-header-display":"","ast-hfb-mobile-header-display":"","site-post-title":"","ast-breadcrumbs-content":"","ast-featured-img":"","footer-sml-layout":"","theme-transparent-header-meta":"default","adv-header-id-meta":"","stick-header-meta":"","header-above-stick-meta":"","header-main-stick-meta":"","header-below-stick-meta":"","astra-migrate-meta-layouts":"default","ast-page-background-enabled":"default","ast-page-background-meta":{"desktop":{"background-color":"","background-image":"","background-repeat":"repeat","background-position":"center center","background-size":"auto","background-attachment":"scroll","background-type":"","background-media":"","overlay-type":"","overlay-color":"","overlay-opacity":"","overlay-gradient":""},"tablet":{"background-color":"","background-image":"","background-repeat":"repeat","background-position":"center center","background-size":"auto","background-attachment":"scroll","background-type":"","background-media":"","overlay-type":"","overlay-color":"","overlay-opacity":"","overlay-gradient":""},"mobile":{"background-color":"","background-image":"","background-repeat":"repeat","background-position":"center center","background-size":"auto","background-attachment":"scroll","background-type":"","background-media":"","overlay-type":"","overlay-color":"","overlay-opacity":"","overlay-gradient":""}},"ast-content-background-meta":{"desktop":{"background-color":"var(--ast-global-color-5)","background-image":"","background-repeat":"repeat","background-position":"center center","background-size":"auto","background-attachment":"scroll","background-type":"","background-media":"","overlay-type":"","overlay-color":"","overlay-opacity":"","overlay-gradient":""},"tablet":{"background-color":"var(--ast-global-color-5)","background-image":"","background-repeat":"repeat","background-position":"center center","background-size":"auto","background-attachment":"scroll","background-type":"","background-media":"","overlay-type":"","overlay-color":"","overlay-opacity":"","overlay-gradient":""},"mobile":{"background-color":"var(--ast-global-color-5)","background-image":"","background-repeat":"repeat","background-position":"center center","background-size":"auto","background-attachment":"scroll","background-type":"","background-media":"","overlay-type":"","overlay-color":"","overlay-opacity":"","overlay-gradient":""}},"footnotes":""},"categories":[57],"tags":[],"class_list":["post-14976","post","type-post","status-publish","format-standard","has-post-thumbnail","hentry","category-urbana"],"acf":[],"yoast_head":"<!-- This site is optimized with the Yoast SEO plugin v27.4 - https:\/\/yoast.com\/product\/yoast-seo-wordpress\/ -->\n<title>Co-paternidad: una excelente opci\u00f3n familiar - Solkes Magazine<\/title>\n<meta name=\"robots\" content=\"index, follow, max-snippet:-1, max-image-preview:large, max-video-preview:-1\" \/>\n<link rel=\"canonical\" href=\"https:\/\/solkes.com\/urbana\/2021\/09\/coparenting\/\" \/>\n<meta property=\"og:locale\" content=\"de_DE\" \/>\n<meta property=\"og:type\" content=\"article\" \/>\n<meta property=\"og:title\" content=\"Co-paternidad: una excelente opci\u00f3n familiar - Solkes Magazine\" \/>\n<meta property=\"og:description\" content=\"Co-paternidad es tambi\u00e9n un camino para realizar el sue\u00f1o de ser madre cuando el reloj biol\u00f3gico va corriendo. Ver\u00f3nica, acaba de cumplir cuarenta a\u00f1os y todav\u00eda no ha podido cumplir su sue\u00f1o de ser madre. Su ultima relaci\u00f3n amorosa termin\u00f3 hace dos a\u00f1os porque su compa\u00f1ero no quer\u00eda tener hijos. Gracias a la recomendaci\u00f3n de [&hellip;]\" \/>\n<meta property=\"og:url\" content=\"https:\/\/solkes.com\/urbana\/2021\/09\/coparenting\/\" \/>\n<meta property=\"og:site_name\" content=\"Solkes Magazine\" \/>\n<meta property=\"article:publisher\" content=\"https:\/\/www.facebook.com\/solkesmagazinee\/\" \/>\n<meta property=\"article:published_time\" content=\"2021-09-03T08:00:47+00:00\" \/>\n<meta property=\"og:image\" content=\"https:\/\/solkes.com\/wp-content\/uploads\/2021\/09\/coparenting-2109_06.jpg\" \/>\n\t<meta property=\"og:image:width\" content=\"996\" \/>\n\t<meta property=\"og:image:height\" content=\"601\" \/>\n\t<meta property=\"og:image:type\" content=\"image\/jpeg\" \/>\n<meta name=\"author\" content=\"Adrit Amado\" \/>\n<meta name=\"twitter:card\" content=\"summary_large_image\" \/>\n<meta name=\"twitter:label1\" content=\"Verfasst von\" \/>\n\t<meta name=\"twitter:data1\" content=\"Adrit Amado\" \/>\n\t<meta name=\"twitter:label2\" content=\"Gesch\u00e4tzte Lesezeit\" \/>\n\t<meta name=\"twitter:data2\" content=\"9\u00a0Minuten\" \/>\n<script type=\"application\/ld+json\" class=\"yoast-schema-graph\">{\"@context\":\"https:\\\/\\\/schema.org\",\"@graph\":[{\"@type\":\"Article\",\"@id\":\"https:\\\/\\\/solkes.com\\\/urbana\\\/2021\\\/09\\\/coparenting\\\/#article\",\"isPartOf\":{\"@id\":\"https:\\\/\\\/solkes.com\\\/urbana\\\/2021\\\/09\\\/coparenting\\\/\"},\"author\":{\"name\":\"Adrit Amado\",\"@id\":\"https:\\\/\\\/solkes.com\\\/#\\\/schema\\\/person\\\/0ed87d44ff4be82af4434cc1d98e573e\"},\"headline\":\"Co-paternidad: una excelente opci\u00f3n familiar\",\"datePublished\":\"2021-09-03T08:00:47+00:00\",\"mainEntityOfPage\":{\"@id\":\"https:\\\/\\\/solkes.com\\\/urbana\\\/2021\\\/09\\\/coparenting\\\/\"},\"wordCount\":1857,\"commentCount\":0,\"publisher\":{\"@id\":\"https:\\\/\\\/solkes.com\\\/#organization\"},\"image\":{\"@id\":\"https:\\\/\\\/solkes.com\\\/urbana\\\/2021\\\/09\\\/coparenting\\\/#primaryimage\"},\"thumbnailUrl\":\"https:\\\/\\\/solkes.com\\\/wp-content\\\/uploads\\\/2021\\\/09\\\/coparenting-2109_06.jpg\",\"articleSection\":[\"Urbana\"],\"inLanguage\":\"de\",\"potentialAction\":[{\"@type\":\"CommentAction\",\"name\":\"Comment\",\"target\":[\"https:\\\/\\\/solkes.com\\\/urbana\\\/2021\\\/09\\\/coparenting\\\/#respond\"]}]},{\"@type\":\"WebPage\",\"@id\":\"https:\\\/\\\/solkes.com\\\/urbana\\\/2021\\\/09\\\/coparenting\\\/\",\"url\":\"https:\\\/\\\/solkes.com\\\/urbana\\\/2021\\\/09\\\/coparenting\\\/\",\"name\":\"Co-paternidad: una excelente opci\u00f3n familiar - Solkes Magazine\",\"isPartOf\":{\"@id\":\"https:\\\/\\\/solkes.com\\\/#website\"},\"primaryImageOfPage\":{\"@id\":\"https:\\\/\\\/solkes.com\\\/urbana\\\/2021\\\/09\\\/coparenting\\\/#primaryimage\"},\"image\":{\"@id\":\"https:\\\/\\\/solkes.com\\\/urbana\\\/2021\\\/09\\\/coparenting\\\/#primaryimage\"},\"thumbnailUrl\":\"https:\\\/\\\/solkes.com\\\/wp-content\\\/uploads\\\/2021\\\/09\\\/coparenting-2109_06.jpg\",\"datePublished\":\"2021-09-03T08:00:47+00:00\",\"breadcrumb\":{\"@id\":\"https:\\\/\\\/solkes.com\\\/urbana\\\/2021\\\/09\\\/coparenting\\\/#breadcrumb\"},\"inLanguage\":\"de\",\"potentialAction\":[{\"@type\":\"ReadAction\",\"target\":[\"https:\\\/\\\/solkes.com\\\/urbana\\\/2021\\\/09\\\/coparenting\\\/\"]}]},{\"@type\":\"ImageObject\",\"inLanguage\":\"de\",\"@id\":\"https:\\\/\\\/solkes.com\\\/urbana\\\/2021\\\/09\\\/coparenting\\\/#primaryimage\",\"url\":\"https:\\\/\\\/solkes.com\\\/wp-content\\\/uploads\\\/2021\\\/09\\\/coparenting-2109_06.jpg\",\"contentUrl\":\"https:\\\/\\\/solkes.com\\\/wp-content\\\/uploads\\\/2021\\\/09\\\/coparenting-2109_06.jpg\",\"width\":996,\"height\":601,\"caption\":\"Solkes \u00a9 Solkes\"},{\"@type\":\"BreadcrumbList\",\"@id\":\"https:\\\/\\\/solkes.com\\\/urbana\\\/2021\\\/09\\\/coparenting\\\/#breadcrumb\",\"itemListElement\":[{\"@type\":\"ListItem\",\"position\":1,\"name\":\"Portada\",\"item\":\"https:\\\/\\\/solkes.com\\\/\"},{\"@type\":\"ListItem\",\"position\":2,\"name\":\"Co-paternidad: una excelente opci\u00f3n familiar\"}]},{\"@type\":\"WebSite\",\"@id\":\"https:\\\/\\\/solkes.com\\\/#website\",\"url\":\"https:\\\/\\\/solkes.com\\\/\",\"name\":\"Solkes Magazine\",\"description\":\"solkes.com\",\"publisher\":{\"@id\":\"https:\\\/\\\/solkes.com\\\/#organization\"},\"potentialAction\":[{\"@type\":\"SearchAction\",\"target\":{\"@type\":\"EntryPoint\",\"urlTemplate\":\"https:\\\/\\\/solkes.com\\\/?s={search_term_string}\"},\"query-input\":{\"@type\":\"PropertyValueSpecification\",\"valueRequired\":true,\"valueName\":\"search_term_string\"}}],\"inLanguage\":\"de\"},{\"@type\":\"Organization\",\"@id\":\"https:\\\/\\\/solkes.com\\\/#organization\",\"name\":\"Solkes Magazine\",\"url\":\"https:\\\/\\\/solkes.com\\\/\",\"logo\":{\"@type\":\"ImageObject\",\"inLanguage\":\"de\",\"@id\":\"https:\\\/\\\/solkes.com\\\/#\\\/schema\\\/logo\\\/image\\\/\",\"url\":\"https:\\\/\\\/solkes.com\\\/wp-content\\\/uploads\\\/2024\\\/09\\\/logo-SOLKES-820px-x-312px.png\",\"contentUrl\":\"https:\\\/\\\/solkes.com\\\/wp-content\\\/uploads\\\/2024\\\/09\\\/logo-SOLKES-820px-x-312px.png\",\"width\":411,\"height\":303,\"caption\":\"Solkes Magazine\"},\"image\":{\"@id\":\"https:\\\/\\\/solkes.com\\\/#\\\/schema\\\/logo\\\/image\\\/\"},\"sameAs\":[\"https:\\\/\\\/www.facebook.com\\\/solkesmagazinee\\\/\",\"https:\\\/\\\/instagram.com\\\/solkesmagazine\\\/\"]},{\"@type\":\"Person\",\"@id\":\"https:\\\/\\\/solkes.com\\\/#\\\/schema\\\/person\\\/0ed87d44ff4be82af4434cc1d98e573e\",\"name\":\"Adrit Amado\",\"image\":{\"@type\":\"ImageObject\",\"inLanguage\":\"de\",\"@id\":\"https:\\\/\\\/secure.gravatar.com\\\/avatar\\\/f94f71cd579ca9869b7751373c6d8c113331c62a60f54580bc07e38cd0812c36?s=96&d=identicon&r=g\",\"url\":\"https:\\\/\\\/secure.gravatar.com\\\/avatar\\\/f94f71cd579ca9869b7751373c6d8c113331c62a60f54580bc07e38cd0812c36?s=96&d=identicon&r=g\",\"contentUrl\":\"https:\\\/\\\/secure.gravatar.com\\\/avatar\\\/f94f71cd579ca9869b7751373c6d8c113331c62a60f54580bc07e38cd0812c36?s=96&d=identicon&r=g\",\"caption\":\"Adrit Amado\"},\"description\":\"Naci\u00f3 en Bogot\u00e1, Colombia. Estudi\u00f3 Idiomas Modernos en la Universidad de Los Andes en M\u00e9rida, Venezuela, y realiz\u00f3 una maestr\u00eda en Roman\u00edstica con enfoque ling\u00fc\u00edstico en franc\u00e9s y espa\u00f1ol en la Universidad de Regensburg, Alemania. Le encantan los deportes al aire libre. Amante de viajar, ha visitado pa\u00edses como Jap\u00f3n, Indonesia, Singapur, Egipto, Grecia, Italia, Portugal, Austria y, sobre todo, sus pa\u00edses natales y de crianza: Venezuela y Colombia. *********************************************************************************************** She was born in Bogot\u00e1, Colombia. She studied Modern Languages at the University of Los Andes in M\u00e9rida, Venezuela, and completed a master\u2019s degree in Romance Studies with a linguistic focus on French and Spanish at the University of Regensburg, Germany. She loves outdoor sports. A passionate traveler, she has visited countries such as Japan, Indonesia, Singapore, Egypt, Greece, Italy, Portugal, Austria, and especially her native and upbringing countries: Venezuela and Colombia. ********************************************************************************************** Sie wurde in Bogot\u00e1, Kolumbien, geboren. Sie studierte Moderne Sprachen an der Universit\u00e4t Los Andes in M\u00e9rida, Venezuela, und absolvierte einen Master in Romanistik mit linguistischem Schwerpunkt auf Franz\u00f6sisch und Spanisch an der Universit\u00e4t Regensburg, Deutschland. Sie liebt Outdoor-Sportarten. Als leidenschaftliche Reisende hat sie L\u00e4nder wie Japan, Indonesien, Singapur, \u00c4gypten, Griechenland, Italien, Portugal, \u00d6sterreich und vor allem ihre Heimat- und Herkunftsl\u00e4nder Venezuela und Kolumbien besucht.\",\"url\":\"https:\\\/\\\/solkes.com\\\/de\\\/author\\\/adrit-amador\\\/\"}]}<\/script>\n<!-- \/ Yoast SEO plugin. -->","yoast_head_json":{"title":"Co-paternidad: una excelente opci\u00f3n familiar - Solkes Magazine","robots":{"index":"index","follow":"follow","max-snippet":"max-snippet:-1","max-image-preview":"max-image-preview:large","max-video-preview":"max-video-preview:-1"},"canonical":"https:\/\/solkes.com\/urbana\/2021\/09\/coparenting\/","og_locale":"de_DE","og_type":"article","og_title":"Co-paternidad: una excelente opci\u00f3n familiar - Solkes Magazine","og_description":"Co-paternidad es tambi\u00e9n un camino para realizar el sue\u00f1o de ser madre cuando el reloj biol\u00f3gico va corriendo. Ver\u00f3nica, acaba de cumplir cuarenta a\u00f1os y todav\u00eda no ha podido cumplir su sue\u00f1o de ser madre. Su ultima relaci\u00f3n amorosa termin\u00f3 hace dos a\u00f1os porque su compa\u00f1ero no quer\u00eda tener hijos. Gracias a la recomendaci\u00f3n de [&hellip;]","og_url":"https:\/\/solkes.com\/urbana\/2021\/09\/coparenting\/","og_site_name":"Solkes Magazine","article_publisher":"https:\/\/www.facebook.com\/solkesmagazinee\/","article_published_time":"2021-09-03T08:00:47+00:00","og_image":[{"width":996,"height":601,"url":"https:\/\/solkes.com\/wp-content\/uploads\/2021\/09\/coparenting-2109_06.jpg","type":"image\/jpeg"}],"author":"Adrit Amado","twitter_card":"summary_large_image","twitter_misc":{"Verfasst von":"Adrit Amado","Gesch\u00e4tzte Lesezeit":"9\u00a0Minuten"},"schema":{"@context":"https:\/\/schema.org","@graph":[{"@type":"Article","@id":"https:\/\/solkes.com\/urbana\/2021\/09\/coparenting\/#article","isPartOf":{"@id":"https:\/\/solkes.com\/urbana\/2021\/09\/coparenting\/"},"author":{"name":"Adrit Amado","@id":"https:\/\/solkes.com\/#\/schema\/person\/0ed87d44ff4be82af4434cc1d98e573e"},"headline":"Co-paternidad: una excelente opci\u00f3n familiar","datePublished":"2021-09-03T08:00:47+00:00","mainEntityOfPage":{"@id":"https:\/\/solkes.com\/urbana\/2021\/09\/coparenting\/"},"wordCount":1857,"commentCount":0,"publisher":{"@id":"https:\/\/solkes.com\/#organization"},"image":{"@id":"https:\/\/solkes.com\/urbana\/2021\/09\/coparenting\/#primaryimage"},"thumbnailUrl":"https:\/\/solkes.com\/wp-content\/uploads\/2021\/09\/coparenting-2109_06.jpg","articleSection":["Urbana"],"inLanguage":"de","potentialAction":[{"@type":"CommentAction","name":"Comment","target":["https:\/\/solkes.com\/urbana\/2021\/09\/coparenting\/#respond"]}]},{"@type":"WebPage","@id":"https:\/\/solkes.com\/urbana\/2021\/09\/coparenting\/","url":"https:\/\/solkes.com\/urbana\/2021\/09\/coparenting\/","name":"Co-paternidad: una excelente opci\u00f3n familiar - Solkes Magazine","isPartOf":{"@id":"https:\/\/solkes.com\/#website"},"primaryImageOfPage":{"@id":"https:\/\/solkes.com\/urbana\/2021\/09\/coparenting\/#primaryimage"},"image":{"@id":"https:\/\/solkes.com\/urbana\/2021\/09\/coparenting\/#primaryimage"},"thumbnailUrl":"https:\/\/solkes.com\/wp-content\/uploads\/2021\/09\/coparenting-2109_06.jpg","datePublished":"2021-09-03T08:00:47+00:00","breadcrumb":{"@id":"https:\/\/solkes.com\/urbana\/2021\/09\/coparenting\/#breadcrumb"},"inLanguage":"de","potentialAction":[{"@type":"ReadAction","target":["https:\/\/solkes.com\/urbana\/2021\/09\/coparenting\/"]}]},{"@type":"ImageObject","inLanguage":"de","@id":"https:\/\/solkes.com\/urbana\/2021\/09\/coparenting\/#primaryimage","url":"https:\/\/solkes.com\/wp-content\/uploads\/2021\/09\/coparenting-2109_06.jpg","contentUrl":"https:\/\/solkes.com\/wp-content\/uploads\/2021\/09\/coparenting-2109_06.jpg","width":996,"height":601,"caption":"Solkes \u00a9 Solkes"},{"@type":"BreadcrumbList","@id":"https:\/\/solkes.com\/urbana\/2021\/09\/coparenting\/#breadcrumb","itemListElement":[{"@type":"ListItem","position":1,"name":"Portada","item":"https:\/\/solkes.com\/"},{"@type":"ListItem","position":2,"name":"Co-paternidad: una excelente opci\u00f3n familiar"}]},{"@type":"WebSite","@id":"https:\/\/solkes.com\/#website","url":"https:\/\/solkes.com\/","name":"Solkes Magazine","description":"solkes.com","publisher":{"@id":"https:\/\/solkes.com\/#organization"},"potentialAction":[{"@type":"SearchAction","target":{"@type":"EntryPoint","urlTemplate":"https:\/\/solkes.com\/?s={search_term_string}"},"query-input":{"@type":"PropertyValueSpecification","valueRequired":true,"valueName":"search_term_string"}}],"inLanguage":"de"},{"@type":"Organization","@id":"https:\/\/solkes.com\/#organization","name":"Solkes Magazine","url":"https:\/\/solkes.com\/","logo":{"@type":"ImageObject","inLanguage":"de","@id":"https:\/\/solkes.com\/#\/schema\/logo\/image\/","url":"https:\/\/solkes.com\/wp-content\/uploads\/2024\/09\/logo-SOLKES-820px-x-312px.png","contentUrl":"https:\/\/solkes.com\/wp-content\/uploads\/2024\/09\/logo-SOLKES-820px-x-312px.png","width":411,"height":303,"caption":"Solkes Magazine"},"image":{"@id":"https:\/\/solkes.com\/#\/schema\/logo\/image\/"},"sameAs":["https:\/\/www.facebook.com\/solkesmagazinee\/","https:\/\/instagram.com\/solkesmagazine\/"]},{"@type":"Person","@id":"https:\/\/solkes.com\/#\/schema\/person\/0ed87d44ff4be82af4434cc1d98e573e","name":"Adrit Amado","image":{"@type":"ImageObject","inLanguage":"de","@id":"https:\/\/secure.gravatar.com\/avatar\/f94f71cd579ca9869b7751373c6d8c113331c62a60f54580bc07e38cd0812c36?s=96&d=identicon&r=g","url":"https:\/\/secure.gravatar.com\/avatar\/f94f71cd579ca9869b7751373c6d8c113331c62a60f54580bc07e38cd0812c36?s=96&d=identicon&r=g","contentUrl":"https:\/\/secure.gravatar.com\/avatar\/f94f71cd579ca9869b7751373c6d8c113331c62a60f54580bc07e38cd0812c36?s=96&d=identicon&r=g","caption":"Adrit Amado"},"description":"Naci\u00f3 en Bogot\u00e1, Colombia. Estudi\u00f3 Idiomas Modernos en la Universidad de Los Andes en M\u00e9rida, Venezuela, y realiz\u00f3 una maestr\u00eda en Roman\u00edstica con enfoque ling\u00fc\u00edstico en franc\u00e9s y espa\u00f1ol en la Universidad de Regensburg, Alemania. Le encantan los deportes al aire libre. Amante de viajar, ha visitado pa\u00edses como Jap\u00f3n, Indonesia, Singapur, Egipto, Grecia, Italia, Portugal, Austria y, sobre todo, sus pa\u00edses natales y de crianza: Venezuela y Colombia. *********************************************************************************************** She was born in Bogot\u00e1, Colombia. She studied Modern Languages at the University of Los Andes in M\u00e9rida, Venezuela, and completed a master\u2019s degree in Romance Studies with a linguistic focus on French and Spanish at the University of Regensburg, Germany. She loves outdoor sports. A passionate traveler, she has visited countries such as Japan, Indonesia, Singapore, Egypt, Greece, Italy, Portugal, Austria, and especially her native and upbringing countries: Venezuela and Colombia. ********************************************************************************************** Sie wurde in Bogot\u00e1, Kolumbien, geboren. Sie studierte Moderne Sprachen an der Universit\u00e4t Los Andes in M\u00e9rida, Venezuela, und absolvierte einen Master in Romanistik mit linguistischem Schwerpunkt auf Franz\u00f6sisch und Spanisch an der Universit\u00e4t Regensburg, Deutschland. Sie liebt Outdoor-Sportarten. Als leidenschaftliche Reisende hat sie L\u00e4nder wie Japan, Indonesien, Singapur, \u00c4gypten, Griechenland, Italien, Portugal, \u00d6sterreich und vor allem ihre Heimat- und Herkunftsl\u00e4nder Venezuela und Kolumbien besucht.","url":"https:\/\/solkes.com\/de\/author\/adrit-amador\/"}]}},"_links":{"self":[{"href":"https:\/\/solkes.com\/de\/wp-json\/wp\/v2\/posts\/14976","targetHints":{"allow":["GET"]}}],"collection":[{"href":"https:\/\/solkes.com\/de\/wp-json\/wp\/v2\/posts"}],"about":[{"href":"https:\/\/solkes.com\/de\/wp-json\/wp\/v2\/types\/post"}],"author":[{"embeddable":true,"href":"https:\/\/solkes.com\/de\/wp-json\/wp\/v2\/users\/114"}],"replies":[{"embeddable":true,"href":"https:\/\/solkes.com\/de\/wp-json\/wp\/v2\/comments?post=14976"}],"version-history":[{"count":30,"href":"https:\/\/solkes.com\/de\/wp-json\/wp\/v2\/posts\/14976\/revisions"}],"predecessor-version":[{"id":14978,"href":"https:\/\/solkes.com\/de\/wp-json\/wp\/v2\/posts\/14976\/revisions\/14978"}],"wp:featuredmedia":[{"embeddable":true,"href":"https:\/\/solkes.com\/de\/wp-json\/wp\/v2\/media\/14993"}],"wp:attachment":[{"href":"https:\/\/solkes.com\/de\/wp-json\/wp\/v2\/media?parent=14976"}],"wp:term":[{"taxonomy":"category","embeddable":true,"href":"https:\/\/solkes.com\/de\/wp-json\/wp\/v2\/categories?post=14976"},{"taxonomy":"post_tag","embeddable":true,"href":"https:\/\/solkes.com\/de\/wp-json\/wp\/v2\/tags?post=14976"}],"curies":[{"name":"wp","href":"https:\/\/api.w.org\/{rel}","templated":true}]}}