{"id":14156,"date":"2021-08-09T10:00:49","date_gmt":"2021-08-09T08:00:49","guid":{"rendered":"https:\/\/solkes.com\/?p=14156"},"modified":"2021-05-26T10:47:21","modified_gmt":"2021-05-26T08:47:21","slug":"la-oscuridad","status":"publish","type":"post","link":"https:\/\/solkes.com\/de\/anonimo\/2021\/08\/la-oscuridad\/","title":{"rendered":"La oscuridad"},"content":{"rendered":"<p><span style=\"color: #138a8d;\">N<\/span>unca pens\u00e9 que tales palabras habr\u00edan de habitar mi mente, mis pensamientos. Nunca pens\u00e9 que ver\u00eda tiempos como estos. Siempre leyendo sobre eventos pasados en los libros de historia, nunca por un segundo pens\u00e9 que los vivir\u00eda yo misma.<\/p>\n<figure id=\"attachment_14202\" aria-describedby=\"caption-attachment-14202\" style=\"width: 363px\" class=\"wp-caption alignright\"><img fetchpriority=\"high\" decoding=\"async\" class=\"size-solkes_horizontal wp-image-14202\" src=\"https:\/\/solkes.com\/wp-content\/uploads\/2021\/08\/thedarkness-2108_03-363x601.jpg\" alt=\"\" width=\"363\" height=\"601\" srcset=\"https:\/\/solkes.com\/wp-content\/uploads\/2021\/08\/thedarkness-2108_03-363x601.jpg 363w, https:\/\/solkes.com\/wp-content\/uploads\/2021\/08\/thedarkness-2108_03-181x300.jpg 181w, https:\/\/solkes.com\/wp-content\/uploads\/2021\/08\/thedarkness-2108_03.jpg 601w, https:\/\/solkes.com\/wp-content\/uploads\/2021\/08\/thedarkness-2108_03-290x480.jpg 290w\" sizes=\"(max-width: 363px) 100vw, 363px\" \/><figcaption id=\"caption-attachment-14202\" class=\"wp-caption-text\">an\u00f3nimo \u00a9 Solkes<\/figcaption><\/figure>\n<p>Pero, el temido d\u00eda ha llegado. Ha llamado a nuestra puerta y aunque no ha entrado en mi casa me rodea a m\u00ed, a ti, a todos nosotros.<br \/>\nPor eso la oscuridad se despierta cerca de todos nosotros.<\/p>\n<p>La oscuridad se arrastra en todo momento, no le importa nuestro estado social, nuestra educaci\u00f3n, amistades, o la falta de ellas. No parece importarle el amor que tenemos por nosotros mismos o por los que nos rodean. Cuando la oscuridad decide entrar, no le importa ni pide permiso, simplemente lo hace y se instala c\u00f3modamente.<\/p>\n<p>Despu\u00e9s de haber llegado&#8230;. sola en la oscuridad sin nadie con quien hablar y sin que nadie escuche excepto la oscuridad. La oscuridad a la que temo y que me ama.<br \/>\nTan lentamente, me consume la oscuridad.<\/p>\n<p>La oscuridad vac\u00eda, alimentando un alma oscura, nadie me alimenta de alegr\u00eda excepto la oscuridad. La oscuridad a la que temo y que me ama.<\/p>\n<div class=\"mceTemp\"><\/div>\n<p>Una de las muchas cosas que olvidaron decirme es que la oscuridad es mi vieja amiga, nadie me quiere excepto la oscuridad.<\/p>\n<p>Es cierto, ten\u00eda miedo a la oscuridad, a la luz, al ruido y al silencio. No sab\u00eda entonces lo que s\u00e9 ahora. No deber\u00eda haber tenido miedo.<br \/>\nTen\u00eda miedo de sentir demasiado o de no sentir lo suficiente. Ten\u00eda miedo de hacer amigos y luego de estar sola.<br \/>\nHe tenido miedo de nada y de todo.<\/p>\n<p>El miedo llena el aire y me pregunto si \u00bfesto es lo mejor que podemos hacer? \u00bfNo hay soluci\u00f3n?\u2028Me parece que cada d\u00eda hay m\u00e1s problemas. Cientos, si no miles, de alarmas que se extienden por las tierras.<\/p>\n<p>Siento como si el mundo entero se hubiera detenido. Como si se hubiera pulsado un bot\u00f3n de pausa de alguna manera, en alg\u00fan lugar.<br \/>\nEste virus, este miedo, la incertidumbre nos est\u00e1 poniendo a prueba a todos. El mundo tiene una reacci\u00f3n de p\u00e1nico al ver que los muertos se vuelcan.<br \/>\nEstos son los tiempos de una plaga, as\u00ed que nos mantenemos en casa.<\/p>\n<p>Estos son los tiempos de una plaga, as\u00ed que nos distanciamos de todos los que conocemos.\u2028He tenido miedo muchas veces. He tenido miedo de nada y de todo. Veo que cuando nos aventuramos a salir somos precavidos hasta el extremo. Nuestros vecinos sonr\u00eden y saludan desde la distancia, pero en sus ojos hay una sospecha.<\/p>\n<figure id=\"attachment_14198\" aria-describedby=\"caption-attachment-14198\" style=\"width: 996px\" class=\"wp-caption aligncenter\"><img decoding=\"async\" class=\"size-solkes_horizontal wp-image-14198\" src=\"https:\/\/solkes.com\/wp-content\/uploads\/2021\/08\/thedarkness-2108_01.jpg\" alt=\"\" width=\"996\" height=\"601\" srcset=\"https:\/\/solkes.com\/wp-content\/uploads\/2021\/08\/thedarkness-2108_01.jpg 996w, https:\/\/solkes.com\/wp-content\/uploads\/2021\/08\/thedarkness-2108_01-300x181.jpg 300w, https:\/\/solkes.com\/wp-content\/uploads\/2021\/08\/thedarkness-2108_01-768x463.jpg 768w, https:\/\/solkes.com\/wp-content\/uploads\/2021\/08\/thedarkness-2108_01-320x193.jpg 320w\" sizes=\"(max-width: 996px) 100vw, 996px\" \/><figcaption id=\"caption-attachment-14198\" class=\"wp-caption-text\">an\u00f3nimo \u00a9 Solkes<\/figcaption><\/figure>\n<p>He tenido miedo de nada y de todo.\u2028 Me siento como si el mundo entero estuviera parado. Como si se hubiera pulsado un bot\u00f3n de pausa de alguna manera, en alg\u00fan lugar. Nuestro miedo no se dice.<\/p>\n<p>La oscuridad despierta cerca de todos nosotros.\u2028 La oscuridad se arrastra en todo momento, cuando la oscuridad decide entrar, no le importa ni pide permiso, simplemente lo hace y se instala c\u00f3modamente.<\/p>\n<p>Antes pensaba que ten\u00eda miedo&#8230; no sab\u00eda lo que me esperaba. Es ahora cuando temo y la oscuridad aparece de vez en cuando, proyectando una sombra demasiado cercana.<\/p>\n<p>Hoy vivimos en un mundo que da miedo y es muy diferente al de antes.\u00a0Me parece que el virus se ha llevado a nuestros seres queridos. El miedo a lo desconocido ha llegado.<\/p>\n<p>He conocido el dolor y la angustia. He visto el sufrimiento en los ojos de alguien. La impotencia. El miedo a perder no algo, sino a alguien. Estamos perdiendo lugares, nombres y momentos.<\/p>\n<p>Lamentablemente lo vemos en todas partes. Incluso cuando cerramos los ojos, no hay forma de escapar de ello. Una \u00faltima enfermedad que aparece es la muerte y parece que no hay medicina para curarla.<\/p>\n<p>Ahora bien, la muerte es sobre carne. As\u00ed que el cuerpo morir\u00e1, descansar\u00e1, olvidar\u00e1 el dolor, el sufrimiento, el tormento y tal vez, s\u00f3lo tal vez, el alma volar\u00e1.<\/p>\n<p>Muchos est\u00e1n ara\u00f1ando las tripas de la vida. Pero algo parece romper, entrar; violar nuestras c\u00e9lulas.\u2028 Nos rodea el miedo, la oscuridad y el cuerpo que se derrite.<\/p>\n<p>He tenido miedo de nada y de todo.\u2028Me siento como si el mundo entero estuviera parado. Como si se hubiera pulsado un bot\u00f3n de pausa de alguna manera, en alg\u00fan lugar. Nuestro miedo no se dice.<\/p>\n<figure id=\"attachment_14200\" aria-describedby=\"caption-attachment-14200\" style=\"width: 363px\" class=\"wp-caption alignright\"><img decoding=\"async\" class=\"size-solkes_horizontal wp-image-14200\" src=\"https:\/\/solkes.com\/wp-content\/uploads\/2021\/08\/thedarkness-2108_02-363x601.jpg\" alt=\"\" width=\"363\" height=\"601\" srcset=\"https:\/\/solkes.com\/wp-content\/uploads\/2021\/08\/thedarkness-2108_02-363x601.jpg 363w, https:\/\/solkes.com\/wp-content\/uploads\/2021\/08\/thedarkness-2108_02-181x300.jpg 181w, https:\/\/solkes.com\/wp-content\/uploads\/2021\/08\/thedarkness-2108_02.jpg 601w, https:\/\/solkes.com\/wp-content\/uploads\/2021\/08\/thedarkness-2108_02-290x480.jpg 290w\" sizes=\"(max-width: 363px) 100vw, 363px\" \/><figcaption id=\"caption-attachment-14200\" class=\"wp-caption-text\">an\u00f3nimo \u00a9 Solkes<\/figcaption><\/figure>\n<p>La oscuridad se despierta cerca de todos nosotros. \u2028La oscuridad se arrastra en todo momento, cuando la oscuridad decide entrar, no le importa ni pide permiso, simplemente lo hace y se instala c\u00f3modamente.<\/p>\n<p>Pareciera que los d\u00edas est\u00e1n embrujados. Y al entrar una noche fr\u00eda y oscura creo que los demonios se han comido la luz.<\/p>\n<p>Sucedi\u00f3 lentamente, nunca con prisa. Poco a poco hundi\u00f3 sus dientes y no dej\u00f3 marca alguna.<\/p>\n<p>As\u00ed, las sombras se quedaron colgando sobre la luna, y la luz o la vida no pudieron escapar de ella.<\/p>\n<p>Es por eso que la oscuridad se despierta cerca de todos nosotros.<\/p>\n<p>Ahora s\u00e9 que el mal tiene muchas formas pero el terror es su personificaci\u00f3n y se mantiene unido por nuestros miedos.<\/p>\n<p><span style=\"color: #138a8d;\">L<\/span>a oscuridad se despierta cerca de todos nosotros. \u2028La oscuridad se arrastra en todo momento, cuando la oscuridad decide entrar, no le importa ni pide permiso, simplemente lo hace y se instala c\u00f3modamente.\u00a0Pareciera que los d\u00edas est\u00e1n embrujados. Y al entrar una noche fr\u00eda y oscura creo que los demonios se han comido la luz.<\/p>\n","protected":false},"excerpt":{"rendered":"<p>Nunca pens\u00e9 que tales palabras habr\u00edan de habitar mi mente, mis pensamientos. Nunca pens\u00e9 que ver\u00eda tiempos como estos. Siempre leyendo sobre eventos pasados en los libros de historia, nunca por un segundo pens\u00e9 que los vivir\u00eda yo misma. Pero, el temido d\u00eda ha llegado. Ha llamado a nuestra puerta y aunque no ha entrado [&hellip;]<\/p>\n","protected":false},"author":107,"featured_media":14198,"comment_status":"open","ping_status":"open","sticky":false,"template":"","format":"standard","meta":{"_acf_changed":false,"_exactmetrics_skip_tracking":false,"_exactmetrics_sitenote_active":false,"_exactmetrics_sitenote_note":"","_exactmetrics_sitenote_category":0,"site-sidebar-layout":"default","site-content-layout":"default","ast-site-content-layout":"default","site-content-style":"default","site-sidebar-style":"default","ast-global-header-display":"","ast-banner-title-visibility":"","ast-main-header-display":"","ast-hfb-above-header-display":"","ast-hfb-below-header-display":"","ast-hfb-mobile-header-display":"","site-post-title":"","ast-breadcrumbs-content":"","ast-featured-img":"","footer-sml-layout":"","theme-transparent-header-meta":"default","adv-header-id-meta":"","stick-header-meta":"","header-above-stick-meta":"","header-main-stick-meta":"","header-below-stick-meta":"","astra-migrate-meta-layouts":"default","ast-page-background-enabled":"default","ast-page-background-meta":{"desktop":{"background-color":"","background-image":"","background-repeat":"repeat","background-position":"center center","background-size":"auto","background-attachment":"scroll","background-type":"","background-media":"","overlay-type":"","overlay-color":"","overlay-opacity":"","overlay-gradient":""},"tablet":{"background-color":"","background-image":"","background-repeat":"repeat","background-position":"center center","background-size":"auto","background-attachment":"scroll","background-type":"","background-media":"","overlay-type":"","overlay-color":"","overlay-opacity":"","overlay-gradient":""},"mobile":{"background-color":"","background-image":"","background-repeat":"repeat","background-position":"center center","background-size":"auto","background-attachment":"scroll","background-type":"","background-media":"","overlay-type":"","overlay-color":"","overlay-opacity":"","overlay-gradient":""}},"ast-content-background-meta":{"desktop":{"background-color":"var(--ast-global-color-5)","background-image":"","background-repeat":"repeat","background-position":"center center","background-size":"auto","background-attachment":"scroll","background-type":"","background-media":"","overlay-type":"","overlay-color":"","overlay-opacity":"","overlay-gradient":""},"tablet":{"background-color":"var(--ast-global-color-5)","background-image":"","background-repeat":"repeat","background-position":"center center","background-size":"auto","background-attachment":"scroll","background-type":"","background-media":"","overlay-type":"","overlay-color":"","overlay-opacity":"","overlay-gradient":""},"mobile":{"background-color":"var(--ast-global-color-5)","background-image":"","background-repeat":"repeat","background-position":"center center","background-size":"auto","background-attachment":"scroll","background-type":"","background-media":"","overlay-type":"","overlay-color":"","overlay-opacity":"","overlay-gradient":""}},"footnotes":""},"categories":[42],"tags":[],"class_list":["post-14156","post","type-post","status-publish","format-standard","has-post-thumbnail","hentry","category-anonimo"],"acf":[],"yoast_head":"<!-- This site is optimized with the Yoast SEO plugin v27.4 - https:\/\/yoast.com\/product\/yoast-seo-wordpress\/ -->\n<title>La oscuridad - Solkes Magazine<\/title>\n<meta name=\"robots\" content=\"index, follow, max-snippet:-1, max-image-preview:large, max-video-preview:-1\" \/>\n<link rel=\"canonical\" href=\"https:\/\/solkes.com\/anonimo\/2021\/08\/la-oscuridad\/\" \/>\n<meta property=\"og:locale\" content=\"de_DE\" \/>\n<meta property=\"og:type\" content=\"article\" \/>\n<meta property=\"og:title\" content=\"La oscuridad - Solkes Magazine\" \/>\n<meta property=\"og:description\" content=\"Nunca pens\u00e9 que tales palabras habr\u00edan de habitar mi mente, mis pensamientos. Nunca pens\u00e9 que ver\u00eda tiempos como estos. Siempre leyendo sobre eventos pasados en los libros de historia, nunca por un segundo pens\u00e9 que los vivir\u00eda yo misma. Pero, el temido d\u00eda ha llegado. Ha llamado a nuestra puerta y aunque no ha entrado [&hellip;]\" \/>\n<meta property=\"og:url\" content=\"https:\/\/solkes.com\/anonimo\/2021\/08\/la-oscuridad\/\" \/>\n<meta property=\"og:site_name\" content=\"Solkes Magazine\" \/>\n<meta property=\"article:publisher\" content=\"https:\/\/www.facebook.com\/solkesmagazinee\/\" \/>\n<meta property=\"article:published_time\" content=\"2021-08-09T08:00:49+00:00\" \/>\n<meta property=\"og:image\" content=\"https:\/\/solkes.com\/wp-content\/uploads\/2021\/08\/thedarkness-2108_01.jpg\" \/>\n\t<meta property=\"og:image:width\" content=\"996\" \/>\n\t<meta property=\"og:image:height\" content=\"601\" \/>\n\t<meta property=\"og:image:type\" content=\"image\/jpeg\" \/>\n<meta name=\"author\" content=\"Anoni anonimo\" \/>\n<meta name=\"twitter:card\" content=\"summary_large_image\" \/>\n<meta name=\"twitter:label1\" content=\"Verfasst von\" \/>\n\t<meta name=\"twitter:data1\" content=\"Anoni anonimo\" \/>\n\t<meta name=\"twitter:label2\" content=\"Gesch\u00e4tzte Lesezeit\" \/>\n\t<meta name=\"twitter:data2\" content=\"5\u00a0Minuten\" \/>\n<script type=\"application\/ld+json\" class=\"yoast-schema-graph\">{\"@context\":\"https:\\\/\\\/schema.org\",\"@graph\":[{\"@type\":\"Article\",\"@id\":\"https:\\\/\\\/solkes.com\\\/anonimo\\\/2021\\\/08\\\/la-oscuridad\\\/#article\",\"isPartOf\":{\"@id\":\"https:\\\/\\\/solkes.com\\\/anonimo\\\/2021\\\/08\\\/la-oscuridad\\\/\"},\"author\":{\"name\":\"Anoni anonimo\",\"@id\":\"https:\\\/\\\/solkes.com\\\/#\\\/schema\\\/person\\\/4e2295537009f9bb68ba648f47597496\"},\"headline\":\"La oscuridad\",\"datePublished\":\"2021-08-09T08:00:49+00:00\",\"mainEntityOfPage\":{\"@id\":\"https:\\\/\\\/solkes.com\\\/anonimo\\\/2021\\\/08\\\/la-oscuridad\\\/\"},\"wordCount\":978,\"commentCount\":0,\"publisher\":{\"@id\":\"https:\\\/\\\/solkes.com\\\/#organization\"},\"image\":{\"@id\":\"https:\\\/\\\/solkes.com\\\/anonimo\\\/2021\\\/08\\\/la-oscuridad\\\/#primaryimage\"},\"thumbnailUrl\":\"https:\\\/\\\/solkes.com\\\/wp-content\\\/uploads\\\/2021\\\/08\\\/thedarkness-2108_01.jpg\",\"articleSection\":[\"An\u00f3nimo\"],\"inLanguage\":\"de\",\"potentialAction\":[{\"@type\":\"CommentAction\",\"name\":\"Comment\",\"target\":[\"https:\\\/\\\/solkes.com\\\/anonimo\\\/2021\\\/08\\\/la-oscuridad\\\/#respond\"]}]},{\"@type\":\"WebPage\",\"@id\":\"https:\\\/\\\/solkes.com\\\/anonimo\\\/2021\\\/08\\\/la-oscuridad\\\/\",\"url\":\"https:\\\/\\\/solkes.com\\\/anonimo\\\/2021\\\/08\\\/la-oscuridad\\\/\",\"name\":\"La oscuridad - Solkes Magazine\",\"isPartOf\":{\"@id\":\"https:\\\/\\\/solkes.com\\\/#website\"},\"primaryImageOfPage\":{\"@id\":\"https:\\\/\\\/solkes.com\\\/anonimo\\\/2021\\\/08\\\/la-oscuridad\\\/#primaryimage\"},\"image\":{\"@id\":\"https:\\\/\\\/solkes.com\\\/anonimo\\\/2021\\\/08\\\/la-oscuridad\\\/#primaryimage\"},\"thumbnailUrl\":\"https:\\\/\\\/solkes.com\\\/wp-content\\\/uploads\\\/2021\\\/08\\\/thedarkness-2108_01.jpg\",\"datePublished\":\"2021-08-09T08:00:49+00:00\",\"breadcrumb\":{\"@id\":\"https:\\\/\\\/solkes.com\\\/anonimo\\\/2021\\\/08\\\/la-oscuridad\\\/#breadcrumb\"},\"inLanguage\":\"de\",\"potentialAction\":[{\"@type\":\"ReadAction\",\"target\":[\"https:\\\/\\\/solkes.com\\\/anonimo\\\/2021\\\/08\\\/la-oscuridad\\\/\"]}]},{\"@type\":\"ImageObject\",\"inLanguage\":\"de\",\"@id\":\"https:\\\/\\\/solkes.com\\\/anonimo\\\/2021\\\/08\\\/la-oscuridad\\\/#primaryimage\",\"url\":\"https:\\\/\\\/solkes.com\\\/wp-content\\\/uploads\\\/2021\\\/08\\\/thedarkness-2108_01.jpg\",\"contentUrl\":\"https:\\\/\\\/solkes.com\\\/wp-content\\\/uploads\\\/2021\\\/08\\\/thedarkness-2108_01.jpg\",\"width\":996,\"height\":601,\"caption\":\"an\u00f3nimo \u00a9 Solkes\"},{\"@type\":\"BreadcrumbList\",\"@id\":\"https:\\\/\\\/solkes.com\\\/anonimo\\\/2021\\\/08\\\/la-oscuridad\\\/#breadcrumb\",\"itemListElement\":[{\"@type\":\"ListItem\",\"position\":1,\"name\":\"Portada\",\"item\":\"https:\\\/\\\/solkes.com\\\/\"},{\"@type\":\"ListItem\",\"position\":2,\"name\":\"La oscuridad\"}]},{\"@type\":\"WebSite\",\"@id\":\"https:\\\/\\\/solkes.com\\\/#website\",\"url\":\"https:\\\/\\\/solkes.com\\\/\",\"name\":\"Solkes Magazine\",\"description\":\"solkes.com\",\"publisher\":{\"@id\":\"https:\\\/\\\/solkes.com\\\/#organization\"},\"potentialAction\":[{\"@type\":\"SearchAction\",\"target\":{\"@type\":\"EntryPoint\",\"urlTemplate\":\"https:\\\/\\\/solkes.com\\\/?s={search_term_string}\"},\"query-input\":{\"@type\":\"PropertyValueSpecification\",\"valueRequired\":true,\"valueName\":\"search_term_string\"}}],\"inLanguage\":\"de\"},{\"@type\":\"Organization\",\"@id\":\"https:\\\/\\\/solkes.com\\\/#organization\",\"name\":\"Solkes Magazine\",\"url\":\"https:\\\/\\\/solkes.com\\\/\",\"logo\":{\"@type\":\"ImageObject\",\"inLanguage\":\"de\",\"@id\":\"https:\\\/\\\/solkes.com\\\/#\\\/schema\\\/logo\\\/image\\\/\",\"url\":\"https:\\\/\\\/solkes.com\\\/wp-content\\\/uploads\\\/2024\\\/09\\\/logo-SOLKES-820px-x-312px.png\",\"contentUrl\":\"https:\\\/\\\/solkes.com\\\/wp-content\\\/uploads\\\/2024\\\/09\\\/logo-SOLKES-820px-x-312px.png\",\"width\":411,\"height\":303,\"caption\":\"Solkes Magazine\"},\"image\":{\"@id\":\"https:\\\/\\\/solkes.com\\\/#\\\/schema\\\/logo\\\/image\\\/\"},\"sameAs\":[\"https:\\\/\\\/www.facebook.com\\\/solkesmagazinee\\\/\",\"https:\\\/\\\/instagram.com\\\/solkesmagazine\\\/\"]},{\"@type\":\"Person\",\"@id\":\"https:\\\/\\\/solkes.com\\\/#\\\/schema\\\/person\\\/4e2295537009f9bb68ba648f47597496\",\"name\":\"Anoni anonimo\",\"image\":{\"@type\":\"ImageObject\",\"inLanguage\":\"de\",\"@id\":\"https:\\\/\\\/secure.gravatar.com\\\/avatar\\\/7dd17faea8213c674c7a6dadef001d4177b89da674185f8b23a8664ab744f24d?s=96&d=identicon&r=g\",\"url\":\"https:\\\/\\\/secure.gravatar.com\\\/avatar\\\/7dd17faea8213c674c7a6dadef001d4177b89da674185f8b23a8664ab744f24d?s=96&d=identicon&r=g\",\"contentUrl\":\"https:\\\/\\\/secure.gravatar.com\\\/avatar\\\/7dd17faea8213c674c7a6dadef001d4177b89da674185f8b23a8664ab744f24d?s=96&d=identicon&r=g\",\"caption\":\"Anoni anonimo\"},\"description\":\"Este colaborador puede ser cualquiera y estar en cualquier parte del mundo. En ciertos momentos, lo m\u00e1s importante no es qui\u00e9n escribe, sino el mensaje que se transmite. Su voz representa a muchos, y su anonimato permite que sus palabras hablen por s\u00ed solas, sin distracciones ni etiquetas. ************************************************************************************************** This contributor could be anyone and located anywhere in the world. Sometimes, what truly matters is not who writes, but the message being conveyed. Their voice represents many, and their anonymity allows their words to stand on their own, free from distractions or labels. *********************************************************************************************** Dieser Beitragende kann jede Person sein und sich an jedem Ort der Welt befinden. Manchmal ist nicht wichtig, wer schreibt, sondern welche Botschaft vermittelt wird. Seine Stimme steht stellvertretend f\u00fcr viele, und seine Anonymit\u00e4t l\u00e4sst die Worte f\u00fcr sich selbst sprechen, ohne Ablenkungen oder Etiketten.\",\"url\":\"https:\\\/\\\/solkes.com\\\/de\\\/author\\\/anonimo\\\/\"}]}<\/script>\n<!-- \/ Yoast SEO plugin. -->","yoast_head_json":{"title":"La oscuridad - Solkes Magazine","robots":{"index":"index","follow":"follow","max-snippet":"max-snippet:-1","max-image-preview":"max-image-preview:large","max-video-preview":"max-video-preview:-1"},"canonical":"https:\/\/solkes.com\/anonimo\/2021\/08\/la-oscuridad\/","og_locale":"de_DE","og_type":"article","og_title":"La oscuridad - Solkes Magazine","og_description":"Nunca pens\u00e9 que tales palabras habr\u00edan de habitar mi mente, mis pensamientos. Nunca pens\u00e9 que ver\u00eda tiempos como estos. Siempre leyendo sobre eventos pasados en los libros de historia, nunca por un segundo pens\u00e9 que los vivir\u00eda yo misma. Pero, el temido d\u00eda ha llegado. Ha llamado a nuestra puerta y aunque no ha entrado [&hellip;]","og_url":"https:\/\/solkes.com\/anonimo\/2021\/08\/la-oscuridad\/","og_site_name":"Solkes Magazine","article_publisher":"https:\/\/www.facebook.com\/solkesmagazinee\/","article_published_time":"2021-08-09T08:00:49+00:00","og_image":[{"width":996,"height":601,"url":"https:\/\/solkes.com\/wp-content\/uploads\/2021\/08\/thedarkness-2108_01.jpg","type":"image\/jpeg"}],"author":"Anoni anonimo","twitter_card":"summary_large_image","twitter_misc":{"Verfasst von":"Anoni anonimo","Gesch\u00e4tzte Lesezeit":"5\u00a0Minuten"},"schema":{"@context":"https:\/\/schema.org","@graph":[{"@type":"Article","@id":"https:\/\/solkes.com\/anonimo\/2021\/08\/la-oscuridad\/#article","isPartOf":{"@id":"https:\/\/solkes.com\/anonimo\/2021\/08\/la-oscuridad\/"},"author":{"name":"Anoni anonimo","@id":"https:\/\/solkes.com\/#\/schema\/person\/4e2295537009f9bb68ba648f47597496"},"headline":"La oscuridad","datePublished":"2021-08-09T08:00:49+00:00","mainEntityOfPage":{"@id":"https:\/\/solkes.com\/anonimo\/2021\/08\/la-oscuridad\/"},"wordCount":978,"commentCount":0,"publisher":{"@id":"https:\/\/solkes.com\/#organization"},"image":{"@id":"https:\/\/solkes.com\/anonimo\/2021\/08\/la-oscuridad\/#primaryimage"},"thumbnailUrl":"https:\/\/solkes.com\/wp-content\/uploads\/2021\/08\/thedarkness-2108_01.jpg","articleSection":["An\u00f3nimo"],"inLanguage":"de","potentialAction":[{"@type":"CommentAction","name":"Comment","target":["https:\/\/solkes.com\/anonimo\/2021\/08\/la-oscuridad\/#respond"]}]},{"@type":"WebPage","@id":"https:\/\/solkes.com\/anonimo\/2021\/08\/la-oscuridad\/","url":"https:\/\/solkes.com\/anonimo\/2021\/08\/la-oscuridad\/","name":"La oscuridad - Solkes Magazine","isPartOf":{"@id":"https:\/\/solkes.com\/#website"},"primaryImageOfPage":{"@id":"https:\/\/solkes.com\/anonimo\/2021\/08\/la-oscuridad\/#primaryimage"},"image":{"@id":"https:\/\/solkes.com\/anonimo\/2021\/08\/la-oscuridad\/#primaryimage"},"thumbnailUrl":"https:\/\/solkes.com\/wp-content\/uploads\/2021\/08\/thedarkness-2108_01.jpg","datePublished":"2021-08-09T08:00:49+00:00","breadcrumb":{"@id":"https:\/\/solkes.com\/anonimo\/2021\/08\/la-oscuridad\/#breadcrumb"},"inLanguage":"de","potentialAction":[{"@type":"ReadAction","target":["https:\/\/solkes.com\/anonimo\/2021\/08\/la-oscuridad\/"]}]},{"@type":"ImageObject","inLanguage":"de","@id":"https:\/\/solkes.com\/anonimo\/2021\/08\/la-oscuridad\/#primaryimage","url":"https:\/\/solkes.com\/wp-content\/uploads\/2021\/08\/thedarkness-2108_01.jpg","contentUrl":"https:\/\/solkes.com\/wp-content\/uploads\/2021\/08\/thedarkness-2108_01.jpg","width":996,"height":601,"caption":"an\u00f3nimo \u00a9 Solkes"},{"@type":"BreadcrumbList","@id":"https:\/\/solkes.com\/anonimo\/2021\/08\/la-oscuridad\/#breadcrumb","itemListElement":[{"@type":"ListItem","position":1,"name":"Portada","item":"https:\/\/solkes.com\/"},{"@type":"ListItem","position":2,"name":"La oscuridad"}]},{"@type":"WebSite","@id":"https:\/\/solkes.com\/#website","url":"https:\/\/solkes.com\/","name":"Solkes Magazine","description":"solkes.com","publisher":{"@id":"https:\/\/solkes.com\/#organization"},"potentialAction":[{"@type":"SearchAction","target":{"@type":"EntryPoint","urlTemplate":"https:\/\/solkes.com\/?s={search_term_string}"},"query-input":{"@type":"PropertyValueSpecification","valueRequired":true,"valueName":"search_term_string"}}],"inLanguage":"de"},{"@type":"Organization","@id":"https:\/\/solkes.com\/#organization","name":"Solkes Magazine","url":"https:\/\/solkes.com\/","logo":{"@type":"ImageObject","inLanguage":"de","@id":"https:\/\/solkes.com\/#\/schema\/logo\/image\/","url":"https:\/\/solkes.com\/wp-content\/uploads\/2024\/09\/logo-SOLKES-820px-x-312px.png","contentUrl":"https:\/\/solkes.com\/wp-content\/uploads\/2024\/09\/logo-SOLKES-820px-x-312px.png","width":411,"height":303,"caption":"Solkes Magazine"},"image":{"@id":"https:\/\/solkes.com\/#\/schema\/logo\/image\/"},"sameAs":["https:\/\/www.facebook.com\/solkesmagazinee\/","https:\/\/instagram.com\/solkesmagazine\/"]},{"@type":"Person","@id":"https:\/\/solkes.com\/#\/schema\/person\/4e2295537009f9bb68ba648f47597496","name":"Anoni anonimo","image":{"@type":"ImageObject","inLanguage":"de","@id":"https:\/\/secure.gravatar.com\/avatar\/7dd17faea8213c674c7a6dadef001d4177b89da674185f8b23a8664ab744f24d?s=96&d=identicon&r=g","url":"https:\/\/secure.gravatar.com\/avatar\/7dd17faea8213c674c7a6dadef001d4177b89da674185f8b23a8664ab744f24d?s=96&d=identicon&r=g","contentUrl":"https:\/\/secure.gravatar.com\/avatar\/7dd17faea8213c674c7a6dadef001d4177b89da674185f8b23a8664ab744f24d?s=96&d=identicon&r=g","caption":"Anoni anonimo"},"description":"Este colaborador puede ser cualquiera y estar en cualquier parte del mundo. En ciertos momentos, lo m\u00e1s importante no es qui\u00e9n escribe, sino el mensaje que se transmite. Su voz representa a muchos, y su anonimato permite que sus palabras hablen por s\u00ed solas, sin distracciones ni etiquetas. ************************************************************************************************** This contributor could be anyone and located anywhere in the world. Sometimes, what truly matters is not who writes, but the message being conveyed. Their voice represents many, and their anonymity allows their words to stand on their own, free from distractions or labels. *********************************************************************************************** Dieser Beitragende kann jede Person sein und sich an jedem Ort der Welt befinden. Manchmal ist nicht wichtig, wer schreibt, sondern welche Botschaft vermittelt wird. Seine Stimme steht stellvertretend f\u00fcr viele, und seine Anonymit\u00e4t l\u00e4sst die Worte f\u00fcr sich selbst sprechen, ohne Ablenkungen oder Etiketten.","url":"https:\/\/solkes.com\/de\/author\/anonimo\/"}]}},"_links":{"self":[{"href":"https:\/\/solkes.com\/de\/wp-json\/wp\/v2\/posts\/14156","targetHints":{"allow":["GET"]}}],"collection":[{"href":"https:\/\/solkes.com\/de\/wp-json\/wp\/v2\/posts"}],"about":[{"href":"https:\/\/solkes.com\/de\/wp-json\/wp\/v2\/types\/post"}],"author":[{"embeddable":true,"href":"https:\/\/solkes.com\/de\/wp-json\/wp\/v2\/users\/107"}],"replies":[{"embeddable":true,"href":"https:\/\/solkes.com\/de\/wp-json\/wp\/v2\/comments?post=14156"}],"version-history":[{"count":6,"href":"https:\/\/solkes.com\/de\/wp-json\/wp\/v2\/posts\/14156\/revisions"}],"predecessor-version":[{"id":14205,"href":"https:\/\/solkes.com\/de\/wp-json\/wp\/v2\/posts\/14156\/revisions\/14205"}],"wp:featuredmedia":[{"embeddable":true,"href":"https:\/\/solkes.com\/de\/wp-json\/wp\/v2\/media\/14198"}],"wp:attachment":[{"href":"https:\/\/solkes.com\/de\/wp-json\/wp\/v2\/media?parent=14156"}],"wp:term":[{"taxonomy":"category","embeddable":true,"href":"https:\/\/solkes.com\/de\/wp-json\/wp\/v2\/categories?post=14156"},{"taxonomy":"post_tag","embeddable":true,"href":"https:\/\/solkes.com\/de\/wp-json\/wp\/v2\/tags?post=14156"}],"curies":[{"name":"wp","href":"https:\/\/api.w.org\/{rel}","templated":true}]}}