{"id":13473,"date":"2021-04-03T10:00:34","date_gmt":"2021-04-03T08:00:34","guid":{"rendered":"https:\/\/solkes.com\/?p=13473"},"modified":"2021-02-25T13:10:27","modified_gmt":"2021-02-25T11:10:27","slug":"la-fundacion-caribe","status":"publish","type":"post","link":"https:\/\/solkes.com\/de\/dejando-huella\/2021\/04\/la-fundacion-caribe\/","title":{"rendered":"La Fundaci\u00f3n Caribe"},"content":{"rendered":"<p><span style=\"color: #138a8d;\">C<\/span>uando est\u00e1bamos investigando sobre el s\u00edndrome de Down nos encontramos con mucha informaci\u00f3n. Le\u00edmos sobre mitos que existen desde siempre y sobre como la medicina y la ciencia ha avanzado, ayudando as\u00ed a que la calidad de vida de las personas con s\u00edndrome de Down mejoren sustancialmente.<\/p>\n<p>Mientras investig\u00e1bamos tuvimos la oportunidad de hablar con dos fundaciones que se crearon para apoyar a las personas con discapacidad cognitiva.<\/p>\n<figure id=\"attachment_13559\" aria-describedby=\"caption-attachment-13559\" style=\"width: 943px\" class=\"wp-caption aligncenter\"><img fetchpriority=\"high\" decoding=\"async\" class=\"size-solkes_horizontal wp-image-13559\" src=\"https:\/\/solkes.com\/wp-content\/uploads\/2021\/04\/fundown-caribe-2104_08.jpg\" alt=\"\" width=\"943\" height=\"601\" srcset=\"https:\/\/solkes.com\/wp-content\/uploads\/2021\/04\/fundown-caribe-2104_08.jpg 943w, https:\/\/solkes.com\/wp-content\/uploads\/2021\/04\/fundown-caribe-2104_08-300x191.jpg 300w, https:\/\/solkes.com\/wp-content\/uploads\/2021\/04\/fundown-caribe-2104_08-768x489.jpg 768w, https:\/\/solkes.com\/wp-content\/uploads\/2021\/04\/fundown-caribe-2104_08-320x204.jpg 320w\" sizes=\"(max-width: 943px) 100vw, 943px\" \/><figcaption id=\"caption-attachment-13559\" class=\"wp-caption-text\">Fundown Caribe \u00a9 Solkes<\/figcaption><\/figure>\n<p>Una de estas fundaciones fue retratada en la edici\u00f3n de Marzo de 2020 y ahora hablaremos en detalle sobre la segunda fundaci\u00f3n que nos abri\u00f3 sus puertas.<\/p>\n<p>Estamos hablando sobre <span style=\"color: #138a8d;\"><a style=\"color: #138a8d;\" href=\"https:\/\/en.fundowncaribe.org\">FUNDOWN CARIBE<\/a><\/span>. Entonces, su fundadora y presidenta, Claudia Ritzel F., nos permiti\u00f3 conocer un poco m\u00e1s sobre como y d\u00f3nde trabajan.<\/p>\n<p>Tambi\u00e9n tuvimos la oportunidad de hablar con el <span style=\"color: #138a8d;\"><a style=\"color: #138a8d;\" href=\"https:\/\/ar.linkedin.com\/in\/eduardo-moreno-vivot-1148875\">DR. pediatra Eduardo Moreno Vivot<\/a><\/span>, especializado en s\u00edndrome de Down.<\/p>\n<h3><strong><span style=\"color: #138a8d;\">La fundaci\u00f3n<\/span><\/strong><\/h3>\n<p>Fundown Caribe se fund\u00f3 en 2007 como entidad sin \u00e1nimo de lucro. La idea, desde su creaci\u00f3n, siempre ha sido y ser\u00e1 busca abrir en la sociedad espacios de participaci\u00f3n con equidad para las personas con discapacidad cognitiva.<\/p>\n<figure id=\"attachment_13544\" aria-describedby=\"caption-attachment-13544\" style=\"width: 374px\" class=\"wp-caption alignleft\"><img decoding=\"async\" class=\"size-solkes_horizontal wp-image-13544\" src=\"https:\/\/solkes.com\/wp-content\/uploads\/2021\/04\/fundown-caribe-2104_04-374x601.jpg\" alt=\"\" width=\"374\" height=\"601\" srcset=\"https:\/\/solkes.com\/wp-content\/uploads\/2021\/04\/fundown-caribe-2104_04-374x601.jpg 374w, https:\/\/solkes.com\/wp-content\/uploads\/2021\/04\/fundown-caribe-2104_04-187x300.jpg 187w, https:\/\/solkes.com\/wp-content\/uploads\/2021\/04\/fundown-caribe-2104_04.jpg 620w, https:\/\/solkes.com\/wp-content\/uploads\/2021\/04\/fundown-caribe-2104_04-299x480.jpg 299w\" sizes=\"(max-width: 374px) 100vw, 374px\" \/><figcaption id=\"caption-attachment-13544\" class=\"wp-caption-text\">Fundown Caribe \u00a9 Solkes<\/figcaption><\/figure>\n<p><span style=\"color: #138a8d;\">Laura Viera A:\u00a0<\/span><span style=\"text-align: center; font-size: 16px;\">Claudia, much\u00edsimas gracias y bueno, empecemos por el principio,\u00a0<\/span><span style=\"font-weight: 300;\">\u00bf<\/span><span style=\"text-align: center; font-size: 16px;\">tienes alguna motivaci\u00f3n personal para trabajar con esta tem\u00e1tica?<\/span><\/p>\n<p><span style=\"color: #138a8d;\">Claudia Ritzel F., fundadora y presidenta FUNDOWN CARIBE<\/span>: Mi hija menor, Carolina, tiene 17 a\u00f1os, cumple 18 ahora en abril, y tiene s\u00edndrome de Down. Entonces hace 18 a\u00f1os entre a este mundo de la discapacidad. fue una sorpresa no esperada y al momento de la noticia toc\u00f3 asumir y tratar de hacer todo lo mejor posible.<\/p>\n<p><span style=\"color: #138a8d;\">Laura Viera A:<\/span><span style=\"font-weight: 300;\">\u00a0<\/span><span style=\"font-weight: 300;\">\u00bf<\/span>C\u00f3mo se cre\u00f3 la fundaci\u00f3n?<\/p>\n<p><span style=\"color: #138a8d;\">Claudia Ritzel F., fundadora y presidenta FUNDOWN CARIBE<\/span>: conoc\u00ed un par de personas que estaban en la misma situaci\u00f3n, con hijos de la edad aproximada de mi hija y pues empezamos a intercambiar mucha informaci\u00f3n y en un momento dado nos dimos cuenta de que ten\u00edamos much\u00edsima informaci\u00f3n y pues que ni en Barranquilla ni en la regi\u00f3n caribe hab\u00eda una organizaci\u00f3n de familias para familias de personas con s\u00edndrome de Down que ofrec\u00edan formaci\u00f3n, informaci\u00f3n y orientaci\u00f3n. As\u00ed fue como, ya vamos a cumplir 14 a\u00f1os, empezamos con la fundaci\u00f3n s\u00edndrome de down del caribe, fundown caribe.<\/p>\n<p>Fundown Caribe est\u00e1 comprometida con la mejora continua de la calidad operativa y \u00a0de gesti\u00f3n de su equipo, as\u00ed como con el trabajo en red con aliados estrat\u00e9gicos, para desarrollar programas, proyectos y servicios pertinentes y acordes con la realidad local y global.<\/p>\n<p><span style=\"color: #138a8d;\">Laura Viera A:<\/span> <span style=\"font-weight: 300;\">\u00a0<\/span><span style=\"font-weight: 300;\">\u00bf<\/span>Solo trabajan en esta regi\u00f3n, \u00bfverdad?<\/p>\n<p><span style=\"color: #138a8d;\">Claudia Ritzel F., fundadora y presidenta FUNDOWN CARIBE:<\/span>\u00a0Si correcto. M\u00e1s en <span style=\"color: #138a8d;\"><a style=\"color: #138a8d;\" href=\"https:\/\/solkes.com\/urbana\/2019\/03\/la-vida-es-carnaval\/\">Barranquilla<\/a><\/span> y el atl\u00e1ntico que en las dem\u00e1s. Trabajamos algo en Santamarta y <span style=\"color: #138a8d;\"><a style=\"color: #138a8d;\" href=\"https:\/\/solkes.com\/x-el-mundo\/2020\/01\/suenos-de-cartagena\/\">Cartagena<\/a><\/span>. Hemos trabajado cuestiones en el departamento de C\u00f3rdoba, pero son proyectos puntuales.<\/p>\n<blockquote class=\"td_quote_box td_box_center\">\n<h4>El cambio debe ser social. Todas las personas, tengan alguna discapacidad cognitiva o no, tienen derecho a tener una educaci\u00f3n de calidad y a tener las mismas oportunidades. &#8211; Claudia Ritszel &#8211;<\/h4>\n<\/blockquote>\n<p>La idea basica es promover la inclusi\u00f3n de las personas con s\u00edndrome de Down y discapacidad cognitiva en todos los \u00e1mbitos de la sociedad.<\/p>\n<p>A la fundaci\u00f3n y su equipo le gustar\u00eda poder abarcar toda la costa en general pero hay un tema de limitaci\u00f3n de recursos financieros y humanos que no lo ha permitido.<\/p>\n<h3><strong><span style=\"color: #138a8d;\">Formaci\u00f3n y orientaci\u00f3n<\/span><\/strong><\/h3>\n<p>Hay muchos factores que influyen en la educaci\u00f3n de los alumnos con s\u00edndrome de Down, como la salud, el estatus socioecon\u00f3mico (SES) y el contexto.<\/p>\n<figure id=\"attachment_13538\" aria-describedby=\"caption-attachment-13538\" style=\"width: 374px\" class=\"wp-caption alignright\"><img decoding=\"async\" class=\"size-solkes_horizontal wp-image-13538\" src=\"https:\/\/solkes.com\/wp-content\/uploads\/2021\/04\/fundown-caribe-2104_01-374x601.jpg\" alt=\"\" width=\"374\" height=\"601\" srcset=\"https:\/\/solkes.com\/wp-content\/uploads\/2021\/04\/fundown-caribe-2104_01-374x601.jpg 374w, https:\/\/solkes.com\/wp-content\/uploads\/2021\/04\/fundown-caribe-2104_01-187x300.jpg 187w, https:\/\/solkes.com\/wp-content\/uploads\/2021\/04\/fundown-caribe-2104_01.jpg 620w, https:\/\/solkes.com\/wp-content\/uploads\/2021\/04\/fundown-caribe-2104_01-299x480.jpg 299w\" sizes=\"(max-width: 374px) 100vw, 374px\" \/><figcaption id=\"caption-attachment-13538\" class=\"wp-caption-text\">Fundown Caribe \u00a9 Solkes<\/figcaption><\/figure>\n<p>Los ejes estrat\u00e9gicos de \u00a0formaci\u00f3n, orientaci\u00f3n y concientizaci\u00f3n, se constituyen en los pilares transformadores y agentes de cambio social.<\/p>\n<p>Conocer una informaci\u00f3n actualizada y contextualizada posibilita \u00a0que los apoyos y ajustes que se ofrezcan a las personas con discapacidad sean pertinentes y faciliten el desarrollo de su potencial.<\/p>\n<p>A trav\u00e9s de charlas, talleres y con el despliegue continuo de campa\u00f1as de concientizaci\u00f3n, se visibiliza la realidad de las personas con discapacidad cognitiva. As\u00ed mismo, se genera un impacto a gran escala para fortalecer una cultura inclusiva.<\/p>\n<p>Para poder generar un impacto duradero en la sociedad el trabajo que se realiza es profundo. Por ello queremos decir que es un trabajo desde el interior, es profundo. Esto lo desarrollan por medio de diferentes campa\u00f1as.<\/p>\n<p>La campa\u00f1a <span style=\"color: #138a8d;\">Somos Hermanos<\/span>, tiene como objetivo fortalecer las relaciones entre hermanos. Estas relaciones son fuente de aprendizaje que crea v\u00ednculos que nos acompa\u00f1an a lo largo de la vida.<\/p>\n<p>No podemos ignorar que es con nuestros hermanos con quienes construimos memorias desde el inicio de nuestra vida.<\/p>\n<p>Los hermanos de los ni\u00f1os con discapacidad con frecuencia deben asumir algunas responsabilidades. Y, en muchos casos deben entender y asumir que mucha de la atenci\u00f3n familiar se va a direccionar hacia su hermano\/a.<\/p>\n<figure id=\"attachment_13536\" aria-describedby=\"caption-attachment-13536\" style=\"width: 374px\" class=\"wp-caption alignleft\"><img loading=\"lazy\" decoding=\"async\" class=\"size-solkes_horizontal wp-image-13536\" src=\"https:\/\/solkes.com\/wp-content\/uploads\/2021\/04\/fundown-caribe-2104_05-374x601.jpg\" alt=\"\" width=\"374\" height=\"601\" srcset=\"https:\/\/solkes.com\/wp-content\/uploads\/2021\/04\/fundown-caribe-2104_05-374x601.jpg 374w, https:\/\/solkes.com\/wp-content\/uploads\/2021\/04\/fundown-caribe-2104_05-187x300.jpg 187w, https:\/\/solkes.com\/wp-content\/uploads\/2021\/04\/fundown-caribe-2104_05.jpg 620w, https:\/\/solkes.com\/wp-content\/uploads\/2021\/04\/fundown-caribe-2104_05-299x480.jpg 299w\" sizes=\"(max-width: 374px) 100vw, 374px\" \/><figcaption id=\"caption-attachment-13536\" class=\"wp-caption-text\">Fundown Caribe \u00a9 Solkes<\/figcaption><\/figure>\n<p><span style=\"color: #138a8d;\">Es un mito y no lo permito<\/span>, es otra de las campa\u00f1as. Esta campa\u00f1a es una publicaci\u00f3n realizada y distribuida gratuitamente por Fundown Caribe en diferentes formatos.<\/p>\n<p>La idea es eliminar los mitos y estereotipos existentes acerca de las personas con s\u00edndrome de Down.<\/p>\n<p>Algunos de estos mitos son:<\/p>\n<p><span style=\"color: #138a8d;\">1.<\/span>\u00a0Todos son iguales. La verdad es que cada persona es \u00fanica con sus propias fortaleyas y necesidades.<\/p>\n<p><span style=\"color: #138a8d;\">2.<\/span>\u00a0Son \u00e1ngeles y especiales. La verdad es que son ni\u00f1os como todos los dem\u00e1s, con aciertos y errores. Este tipo de etiquetas solo generan segregaci\u00f3n y crean barreras para su partipaci\u00f3n.<\/p>\n<p><span style=\"color: #138a8d;\">3.<\/span> Son eternos ni\u00f1os. La verdad es que las personas con s\u00edndorme de Down y capacidad cognitiva, no sonni\u00f1os durante toda su vida. Se les debe dar un trato acorde con su edad, derechos y deberes como ciudadanios.<\/p>\n<p>La otra campa\u00f1a es<span style=\"color: #138a8d;\"> No hay dos iguales<\/span>. Esta es una estrateg\u00eda que promueve la inclusi\u00f3n y valoraci\u00f3n de la diversidad desde el colegio.<\/p>\n<p>Generar esta acceptaci\u00f3n frente a la diversidad se trabaja bajo una metodolog\u00eda de aprendizaje y servicio en donde j\u00f3venes estudiantes son formados como <span style=\"color: #138a8d;\">Promotores de Inclusi\u00f3n. <\/span><\/p>\n<p>La idea es que ellos sean<span style=\"color: #000000;\">\u00a0<\/span> facilitadores al interior de sus colegios, para la realizaci\u00f3n\u00a0de talleres l\u00fadico-pedag\u00f3gicos impartidos a ni\u00f1os de educaci\u00f3n b\u00e1sica primaria.<\/p>\n<p>Se utilzan 2 librillos con\u00a0unidades did\u00e1cticas asociadas y material de soporte dise\u00f1ados por Fundown Caribe.<\/p>\n<p>Claudia Ritzel nos di\u00f3 la oportunidad de entrar en contacto con el doctor Eduardo Moreno Vivot, qui\u00e9n es m\u00e9dico pediatra especialista en s\u00edndrome de Down. Esto fue lo que nos coment\u00f3.<\/p>\n<blockquote class=\"td_quote_box td_box_right\">\n<h4>\u201cHoy el mundo se ha abierto y les permite demostrar que son m\u00e1s capacidades que dificultades.\u201d &#8211; <span style=\"color: #000000;\">Dr.Eduardo Moreno Vivot &#8211;<\/span><\/h4>\n<\/blockquote>\n<p><span style=\"color: #138a8d;\">Laura Viera A: <span style=\"font-weight: 300; color: #000000;\">\u00bf<\/span><\/span>Hay cura?<\/p>\n<p><span style=\"color: #138a8d;\">Dr.Eduardo Moreno Vivot, pediatra especializado en s\u00edndrome de Down:<\/span>\u00a0No lo tiene pero para mi no es una enfermedad es una condici\u00f3n que uno tiene. Lo que uno tiene que hacer es apoyar a la persona para que vaya desarrollando sus capacidad y habilidades.<\/p>\n<p><span style=\"color: #138a8d;\">Laura Viera A:<\/span> <span style=\"font-weight: 300;\">\u00bf<\/span>Qu\u00e9 dificultades puede tener un paciente con s\u00edndrome de Down?<\/p>\n<p><span style=\"color: #138a8d;\">Dr. Eduardo Moreno Vivot, pediatra especializado en s\u00edndrome de Down:<\/span> Las personas con s\u00edndrome de Down tienen dos caracter\u00edsticas que son la hipotermia muscular y la discapacidad intelectual. Esto le llevara a tener dificultades motrices y las superan pero tienen todo un trabajo fortalecimiento y tiene distanciada intelectuales por su discapacidad que las ir\u00e1n superando.<\/p>\n<p><span style=\"color: #138a8d;\">Laura Viera A:<\/span> <span style=\"font-weight: 300;\">\u00bf<\/span>Qu\u00e9 puede hacer una persona con s\u00edndrome de down?<\/p>\n<p><span style=\"color: #138a8d;\">Dr. Eduardo Moreno Vivot, pediatra especializado en s\u00edndrome de Down:<\/span>\u00a0Una persona con s\u00edndrome de Down pues hacer lo que quiera. Va a depender de las oportunidades que tenga, del potencial, de que crean en ellos, eso no lo podemos definir de antemano.<\/p>\n<figure id=\"attachment_13540\" aria-describedby=\"caption-attachment-13540\" style=\"width: 943px\" class=\"wp-caption aligncenter\"><img loading=\"lazy\" decoding=\"async\" class=\"size-solkes_horizontal wp-image-13540\" src=\"https:\/\/solkes.com\/wp-content\/uploads\/2021\/04\/fundown-caribe-2104_02.jpg\" alt=\"\" width=\"943\" height=\"601\" srcset=\"https:\/\/solkes.com\/wp-content\/uploads\/2021\/04\/fundown-caribe-2104_02.jpg 943w, https:\/\/solkes.com\/wp-content\/uploads\/2021\/04\/fundown-caribe-2104_02-300x191.jpg 300w, https:\/\/solkes.com\/wp-content\/uploads\/2021\/04\/fundown-caribe-2104_02-768x489.jpg 768w, https:\/\/solkes.com\/wp-content\/uploads\/2021\/04\/fundown-caribe-2104_02-320x204.jpg 320w\" sizes=\"(max-width: 943px) 100vw, 943px\" \/><figcaption id=\"caption-attachment-13540\" class=\"wp-caption-text\">Fundown Caribe \u00a9 Solkes<\/figcaption><\/figure>\n<p><span style=\"color: #138a8d;\">Laura Viera A:<\/span> <span style=\"font-weight: 300;\">\u00bf<\/span>Qu\u00e9 pueden hacer los padres para ayudar a su hijo con s\u00edndrome de Down?<\/p>\n<p><span style=\"color: #138a8d;\">Eduardo Moreno Vivot, pediatra especializado en s\u00edndrome de Down:<\/span> Tan simple como creer en ellos, brindarles todo lo que un padre o una madre le brinda a su hijo. Despu\u00e9s uno le va dando la oportunidad de tener terapeutas de lenguaje, motrices, para que vayan facilitando y desarrollando el desarrollo cerebral aprovechando el concepto de la plasticidad cerebral que tenemos en la primera etapa. Pero lo m\u00e1s importante es que losares crean en ellos, ellos ver\u00e1n eso y llegaran muy lejos.<\/p>\n<p>&nbsp;<\/p>\n<h3><strong><span style=\"color: #138a8d;\">La conclusi\u00f3n<\/span><\/strong><\/h3>\n<p>Tal como no lo comento el Dr. Moreno Vivot, de las personas con s\u00edndrome de Down se desconoce mucho. Se desconoce como son y que piensan. Se desconoce que pueden hacer las cosas. Se les ve como personas limitadas, como personas que no pueden.<\/p>\n<figure id=\"attachment_13561\" aria-describedby=\"caption-attachment-13561\" style=\"width: 374px\" class=\"wp-caption alignright\"><img loading=\"lazy\" decoding=\"async\" class=\"size-solkes_horizontal wp-image-13561\" src=\"https:\/\/solkes.com\/wp-content\/uploads\/2021\/04\/fundown-caribe-2104_09-374x601.jpg\" alt=\"\" width=\"374\" height=\"601\" srcset=\"https:\/\/solkes.com\/wp-content\/uploads\/2021\/04\/fundown-caribe-2104_09-374x601.jpg 374w, https:\/\/solkes.com\/wp-content\/uploads\/2021\/04\/fundown-caribe-2104_09-187x300.jpg 187w, https:\/\/solkes.com\/wp-content\/uploads\/2021\/04\/fundown-caribe-2104_09.jpg 620w, https:\/\/solkes.com\/wp-content\/uploads\/2021\/04\/fundown-caribe-2104_09-299x480.jpg 299w\" sizes=\"(max-width: 374px) 100vw, 374px\" \/><figcaption id=\"caption-attachment-13561\" class=\"wp-caption-text\">Fundown Caribe \u00a9 Solkes<\/figcaption><\/figure>\n<p>Las personas con s\u00edndrome de Down son, ante todo, individuos. El abanico de capacidades, fortalezas dentro de este grupo de personas es muy amplio.<\/p>\n<p>La Fundaci\u00f3n Caribe es un ejemplo a seguir. Su preocupaci\u00f3n y sentido del deber frente a todas las personas con discacpaidades cognitivas en<span style=\"color: #138a8d;\"><a style=\"color: #138a8d;\" href=\"https:\/\/solkes.com\/dejando-huella\/2020\/08\/somos-capazes-de-lograr-la-paz-en-colombia\/\"> Colombia<\/a><\/span> es impresionante.<\/p>\n<p>La importancia de educar a quienes est\u00e1n a nuestro alrededor es la u\u00fanica manera de generar cambios duraderos en la cultura. Cambios que permitir\u00e1n una sociedad m\u00e1s plural, en la que todos goc\u00e9moos de los mismo derechos.<\/p>\n<p><span style=\"color: #138a8d;\">C<\/span>omo sociedad debemos cambiar nuestra mirada y ver que ellos pueden ser ciudadanos corrientes, que tienen una cantidad de habilidades y capacidades a desarrollar, ser\u00e1 muy importante el cambio de la mirada social, porque eso lo habilitar\u00e1 para un mont\u00f3n de otras cosas, porque se vera que pueden y eso les har\u00e1 m\u00e1s f\u00e1cil la vida.<\/p>\n","protected":false},"excerpt":{"rendered":"<p>Cuando est\u00e1bamos investigando sobre el s\u00edndrome de Down nos encontramos con mucha informaci\u00f3n. Le\u00edmos sobre mitos que existen desde siempre y sobre como la medicina y la ciencia ha avanzado, ayudando as\u00ed a que la calidad de vida de las personas con s\u00edndrome de Down mejoren sustancialmente. Mientras investig\u00e1bamos tuvimos la oportunidad de hablar con [&hellip;]<\/p>\n","protected":false},"author":76,"featured_media":13534,"comment_status":"open","ping_status":"open","sticky":false,"template":"","format":"standard","meta":{"_acf_changed":false,"_exactmetrics_skip_tracking":false,"_exactmetrics_sitenote_active":false,"_exactmetrics_sitenote_note":"","_exactmetrics_sitenote_category":0,"site-sidebar-layout":"default","site-content-layout":"default","ast-site-content-layout":"default","site-content-style":"default","site-sidebar-style":"default","ast-global-header-display":"","ast-banner-title-visibility":"","ast-main-header-display":"","ast-hfb-above-header-display":"","ast-hfb-below-header-display":"","ast-hfb-mobile-header-display":"","site-post-title":"","ast-breadcrumbs-content":"","ast-featured-img":"","footer-sml-layout":"","theme-transparent-header-meta":"default","adv-header-id-meta":"","stick-header-meta":"","header-above-stick-meta":"","header-main-stick-meta":"","header-below-stick-meta":"","astra-migrate-meta-layouts":"default","ast-page-background-enabled":"default","ast-page-background-meta":{"desktop":{"background-color":"","background-image":"","background-repeat":"repeat","background-position":"center center","background-size":"auto","background-attachment":"scroll","background-type":"","background-media":"","overlay-type":"","overlay-color":"","overlay-opacity":"","overlay-gradient":""},"tablet":{"background-color":"","background-image":"","background-repeat":"repeat","background-position":"center center","background-size":"auto","background-attachment":"scroll","background-type":"","background-media":"","overlay-type":"","overlay-color":"","overlay-opacity":"","overlay-gradient":""},"mobile":{"background-color":"","background-image":"","background-repeat":"repeat","background-position":"center center","background-size":"auto","background-attachment":"scroll","background-type":"","background-media":"","overlay-type":"","overlay-color":"","overlay-opacity":"","overlay-gradient":""}},"ast-content-background-meta":{"desktop":{"background-color":"var(--ast-global-color-5)","background-image":"","background-repeat":"repeat","background-position":"center center","background-size":"auto","background-attachment":"scroll","background-type":"","background-media":"","overlay-type":"","overlay-color":"","overlay-opacity":"","overlay-gradient":""},"tablet":{"background-color":"var(--ast-global-color-5)","background-image":"","background-repeat":"repeat","background-position":"center center","background-size":"auto","background-attachment":"scroll","background-type":"","background-media":"","overlay-type":"","overlay-color":"","overlay-opacity":"","overlay-gradient":""},"mobile":{"background-color":"var(--ast-global-color-5)","background-image":"","background-repeat":"repeat","background-position":"center center","background-size":"auto","background-attachment":"scroll","background-type":"","background-media":"","overlay-type":"","overlay-color":"","overlay-opacity":"","overlay-gradient":""}},"footnotes":""},"categories":[60],"tags":[59,2093,2088,2089,2102,2101,2100,2090],"class_list":["post-13473","post","type-post","status-publish","format-standard","has-post-thumbnail","hentry","category-dejando-huella","tag-colombia","tag-eduardo-moreno-vivot-2","tag-fundacion-caribe","tag-fundown-caribe","tag-inlusion","tag-mitos","tag-no-hay-dos-iguales","tag-sindrome-de-down-costa"],"acf":[],"yoast_head":"<!-- This site is optimized with the Yoast SEO plugin v27.4 - https:\/\/yoast.com\/product\/yoast-seo-wordpress\/ -->\n<title>La Fundaci\u00f3n Caribe - Solkes Magazine<\/title>\n<meta name=\"robots\" content=\"index, follow, max-snippet:-1, max-image-preview:large, max-video-preview:-1\" \/>\n<link rel=\"canonical\" href=\"https:\/\/solkes.com\/dejando-huella\/2021\/04\/la-fundacion-caribe\/\" \/>\n<meta property=\"og:locale\" content=\"de_DE\" \/>\n<meta property=\"og:type\" content=\"article\" \/>\n<meta property=\"og:title\" content=\"La Fundaci\u00f3n Caribe - Solkes Magazine\" \/>\n<meta property=\"og:description\" content=\"Cuando est\u00e1bamos investigando sobre el s\u00edndrome de Down nos encontramos con mucha informaci\u00f3n. Le\u00edmos sobre mitos que existen desde siempre y sobre como la medicina y la ciencia ha avanzado, ayudando as\u00ed a que la calidad de vida de las personas con s\u00edndrome de Down mejoren sustancialmente. Mientras investig\u00e1bamos tuvimos la oportunidad de hablar con [&hellip;]\" \/>\n<meta property=\"og:url\" content=\"https:\/\/solkes.com\/dejando-huella\/2021\/04\/la-fundacion-caribe\/\" \/>\n<meta property=\"og:site_name\" content=\"Solkes Magazine\" \/>\n<meta property=\"article:publisher\" content=\"https:\/\/www.facebook.com\/solkesmagazinee\/\" \/>\n<meta property=\"article:published_time\" content=\"2021-04-03T08:00:34+00:00\" \/>\n<meta property=\"og:image\" content=\"https:\/\/solkes.com\/wp-content\/uploads\/2021\/04\/fundown-caribe-2104_07.jpg\" \/>\n\t<meta property=\"og:image:width\" content=\"943\" \/>\n\t<meta property=\"og:image:height\" content=\"601\" \/>\n\t<meta property=\"og:image:type\" content=\"image\/jpeg\" \/>\n<meta name=\"author\" content=\"Laura Viera A.\" \/>\n<meta name=\"twitter:card\" content=\"summary_large_image\" \/>\n<meta name=\"twitter:label1\" content=\"Verfasst von\" \/>\n\t<meta name=\"twitter:data1\" content=\"Laura Viera A.\" \/>\n\t<meta name=\"twitter:label2\" content=\"Gesch\u00e4tzte Lesezeit\" \/>\n\t<meta name=\"twitter:data2\" content=\"8\u00a0Minuten\" \/>\n<script type=\"application\/ld+json\" class=\"yoast-schema-graph\">{\"@context\":\"https:\\\/\\\/schema.org\",\"@graph\":[{\"@type\":\"Article\",\"@id\":\"https:\\\/\\\/solkes.com\\\/dejando-huella\\\/2021\\\/04\\\/la-fundacion-caribe\\\/#article\",\"isPartOf\":{\"@id\":\"https:\\\/\\\/solkes.com\\\/dejando-huella\\\/2021\\\/04\\\/la-fundacion-caribe\\\/\"},\"author\":{\"name\":\"Laura Viera A.\",\"@id\":\"https:\\\/\\\/solkes.com\\\/#\\\/schema\\\/person\\\/54684f1c0bebcaff4d6b3f1ec2e71e91\"},\"headline\":\"La Fundaci\u00f3n Caribe\",\"datePublished\":\"2021-04-03T08:00:34+00:00\",\"mainEntityOfPage\":{\"@id\":\"https:\\\/\\\/solkes.com\\\/dejando-huella\\\/2021\\\/04\\\/la-fundacion-caribe\\\/\"},\"wordCount\":1698,\"commentCount\":0,\"publisher\":{\"@id\":\"https:\\\/\\\/solkes.com\\\/#organization\"},\"image\":{\"@id\":\"https:\\\/\\\/solkes.com\\\/dejando-huella\\\/2021\\\/04\\\/la-fundacion-caribe\\\/#primaryimage\"},\"thumbnailUrl\":\"https:\\\/\\\/solkes.com\\\/wp-content\\\/uploads\\\/2021\\\/04\\\/fundown-caribe-2104_07.jpg\",\"keywords\":[\"Colombia\",\"Eduardo Moreno Vivot\",\"Fundaci\u00f3n Caribe\",\"FunDown Caribe\",\"inlusi\u00f3n\",\"mitos\",\"No hay dos iguales\",\"s\u00edndrome de Down. Costa\"],\"articleSection\":[\"Dejando Huella\"],\"inLanguage\":\"de\",\"potentialAction\":[{\"@type\":\"CommentAction\",\"name\":\"Comment\",\"target\":[\"https:\\\/\\\/solkes.com\\\/dejando-huella\\\/2021\\\/04\\\/la-fundacion-caribe\\\/#respond\"]}]},{\"@type\":\"WebPage\",\"@id\":\"https:\\\/\\\/solkes.com\\\/dejando-huella\\\/2021\\\/04\\\/la-fundacion-caribe\\\/\",\"url\":\"https:\\\/\\\/solkes.com\\\/dejando-huella\\\/2021\\\/04\\\/la-fundacion-caribe\\\/\",\"name\":\"La Fundaci\u00f3n Caribe - Solkes Magazine\",\"isPartOf\":{\"@id\":\"https:\\\/\\\/solkes.com\\\/#website\"},\"primaryImageOfPage\":{\"@id\":\"https:\\\/\\\/solkes.com\\\/dejando-huella\\\/2021\\\/04\\\/la-fundacion-caribe\\\/#primaryimage\"},\"image\":{\"@id\":\"https:\\\/\\\/solkes.com\\\/dejando-huella\\\/2021\\\/04\\\/la-fundacion-caribe\\\/#primaryimage\"},\"thumbnailUrl\":\"https:\\\/\\\/solkes.com\\\/wp-content\\\/uploads\\\/2021\\\/04\\\/fundown-caribe-2104_07.jpg\",\"datePublished\":\"2021-04-03T08:00:34+00:00\",\"breadcrumb\":{\"@id\":\"https:\\\/\\\/solkes.com\\\/dejando-huella\\\/2021\\\/04\\\/la-fundacion-caribe\\\/#breadcrumb\"},\"inLanguage\":\"de\",\"potentialAction\":[{\"@type\":\"ReadAction\",\"target\":[\"https:\\\/\\\/solkes.com\\\/dejando-huella\\\/2021\\\/04\\\/la-fundacion-caribe\\\/\"]}]},{\"@type\":\"ImageObject\",\"inLanguage\":\"de\",\"@id\":\"https:\\\/\\\/solkes.com\\\/dejando-huella\\\/2021\\\/04\\\/la-fundacion-caribe\\\/#primaryimage\",\"url\":\"https:\\\/\\\/solkes.com\\\/wp-content\\\/uploads\\\/2021\\\/04\\\/fundown-caribe-2104_07.jpg\",\"contentUrl\":\"https:\\\/\\\/solkes.com\\\/wp-content\\\/uploads\\\/2021\\\/04\\\/fundown-caribe-2104_07.jpg\",\"width\":943,\"height\":601,\"caption\":\"Fundown Caribe \u00a9 Solkes\"},{\"@type\":\"BreadcrumbList\",\"@id\":\"https:\\\/\\\/solkes.com\\\/dejando-huella\\\/2021\\\/04\\\/la-fundacion-caribe\\\/#breadcrumb\",\"itemListElement\":[{\"@type\":\"ListItem\",\"position\":1,\"name\":\"Portada\",\"item\":\"https:\\\/\\\/solkes.com\\\/\"},{\"@type\":\"ListItem\",\"position\":2,\"name\":\"La Fundaci\u00f3n Caribe\"}]},{\"@type\":\"WebSite\",\"@id\":\"https:\\\/\\\/solkes.com\\\/#website\",\"url\":\"https:\\\/\\\/solkes.com\\\/\",\"name\":\"Solkes Magazine\",\"description\":\"solkes.com\",\"publisher\":{\"@id\":\"https:\\\/\\\/solkes.com\\\/#organization\"},\"potentialAction\":[{\"@type\":\"SearchAction\",\"target\":{\"@type\":\"EntryPoint\",\"urlTemplate\":\"https:\\\/\\\/solkes.com\\\/?s={search_term_string}\"},\"query-input\":{\"@type\":\"PropertyValueSpecification\",\"valueRequired\":true,\"valueName\":\"search_term_string\"}}],\"inLanguage\":\"de\"},{\"@type\":\"Organization\",\"@id\":\"https:\\\/\\\/solkes.com\\\/#organization\",\"name\":\"Solkes Magazine\",\"url\":\"https:\\\/\\\/solkes.com\\\/\",\"logo\":{\"@type\":\"ImageObject\",\"inLanguage\":\"de\",\"@id\":\"https:\\\/\\\/solkes.com\\\/#\\\/schema\\\/logo\\\/image\\\/\",\"url\":\"https:\\\/\\\/solkes.com\\\/wp-content\\\/uploads\\\/2024\\\/09\\\/logo-SOLKES-820px-x-312px.png\",\"contentUrl\":\"https:\\\/\\\/solkes.com\\\/wp-content\\\/uploads\\\/2024\\\/09\\\/logo-SOLKES-820px-x-312px.png\",\"width\":411,\"height\":303,\"caption\":\"Solkes Magazine\"},\"image\":{\"@id\":\"https:\\\/\\\/solkes.com\\\/#\\\/schema\\\/logo\\\/image\\\/\"},\"sameAs\":[\"https:\\\/\\\/www.facebook.com\\\/solkesmagazinee\\\/\",\"https:\\\/\\\/instagram.com\\\/solkesmagazine\\\/\"]},{\"@type\":\"Person\",\"@id\":\"https:\\\/\\\/solkes.com\\\/#\\\/schema\\\/person\\\/54684f1c0bebcaff4d6b3f1ec2e71e91\",\"name\":\"Laura Viera A.\",\"image\":{\"@type\":\"ImageObject\",\"inLanguage\":\"de\",\"@id\":\"https:\\\/\\\/secure.gravatar.com\\\/avatar\\\/d7b6a8bb956f5279e99babca11ed31351716b19f59e9e3e989847c0ca9e0c5d9?s=96&d=identicon&r=g\",\"url\":\"https:\\\/\\\/secure.gravatar.com\\\/avatar\\\/d7b6a8bb956f5279e99babca11ed31351716b19f59e9e3e989847c0ca9e0c5d9?s=96&d=identicon&r=g\",\"contentUrl\":\"https:\\\/\\\/secure.gravatar.com\\\/avatar\\\/d7b6a8bb956f5279e99babca11ed31351716b19f59e9e3e989847c0ca9e0c5d9?s=96&d=identicon&r=g\",\"caption\":\"Laura Viera A.\"},\"description\":\"Fundadora y Directora Editorial de Solkes Magazine Es periodista de vocaci\u00f3n y formaci\u00f3n. Estudi\u00f3 Comunicaci\u00f3n Social con \u00e9nfasis en Periodismo en la Pontificia Universidad Javeriana de Bogot\u00e1, Colombia. Desde muy joven sinti\u00f3 una profunda pasi\u00f3n por contar historias, explorar el mundo y dar voz a quienes no la tienen. Su compromiso con los Derechos Humanos ha sido una constante en su trayectoria, participando activamente en proyectos sociales desde temprana edad. Este inter\u00e9s se refleja en el enfoque editorial de Solkes, una revista que prioriza el periodismo independiente, la diversidad cultural y la profundidad narrativa. Laura naci\u00f3 en Bogot\u00e1, vivi\u00f3 tres a\u00f1os en Madrid, Espa\u00f1a, y desde el verano de 2010 reside en Alemania. Esta experiencia multicultural ha enriquecido su perspectiva y ha sido clave para la creaci\u00f3n de una revista triling\u00fce que trasciende fronteras y conecta a lectores de distintas partes del mundo. ******************************************************************************************* Founder and Editorial Director of Solkes Magazine She is a passionate journalist by vocation and training. She studied Mass Communication with an emphasis on Journalism at the Pontificia Universidad Javeriana in Bogot\u00e1, Colombia. From a young age, she was deeply motivated to tell stories, explore the world, and give a voice to those who often go unheard. Her commitment to Human Rights has been a constant throughout her career, actively participating in social projects since early on. This dedication is reflected in Solkes Magazine\u2019s editorial focus on independent journalism, cultural diversity, and in-depth storytelling. Born in Bogot\u00e1, Laura lived in Madrid, Spain for three years, and has been residing in Germany since the summer of 2010. This multicultural experience has enriched her perspective and played a key role in creating a trilingual magazine that transcends borders and connects readers from around the world. ******************************************************************************************* Gr\u00fcnderin und Chefredakteurin von Solkes Magazine Laura Viera ist eine leidenschaftliche Journalistin aus Berufung und Ausbildung. Sie hat Soziale Kommunikation mit Schwerpunkt Journalismus an der Pontificia Universidad Javeriana in Bogot\u00e1, Kolumbien, studiert. Schon in jungen Jahren war sie stark motiviert, Geschichten zu erz\u00e4hlen, die Welt zu erkunden und denen eine Stimme zu geben, die oft ungeh\u00f6rt bleiben. Ihr Engagement f\u00fcr Menschenrechte begleitet sie seit Beginn ihrer Laufbahn. Sie war von Anfang an aktiv an sozialen Projekten beteiligt. Dieses Engagement spiegelt sich auch im redaktionellen Fokus von Solkes Magazine wider, das unabh\u00e4ngigen Journalismus, kulturelle Vielfalt und tiefgr\u00fcndiges Erz\u00e4hlen in den Vordergrund stellt. Geboren in Bogot\u00e1, lebte Laura drei Jahre in Madrid, Spanien, und lebt seit Sommer 2010 in Deutschland. Diese multikulturelle Erfahrung hat ihre Perspektive bereichert und war entscheidend bei der Gr\u00fcndung eines dreisprachigen Magazins, das Grenzen \u00fcberschreitet und Leser weltweit verbindet.\",\"sameAs\":[\"http:\\\/\\\/www.solkes.com\"],\"url\":\"https:\\\/\\\/solkes.com\\\/de\\\/author\\\/lauraviera2019\\\/\"}]}<\/script>\n<!-- \/ Yoast SEO plugin. -->","yoast_head_json":{"title":"La Fundaci\u00f3n Caribe - Solkes Magazine","robots":{"index":"index","follow":"follow","max-snippet":"max-snippet:-1","max-image-preview":"max-image-preview:large","max-video-preview":"max-video-preview:-1"},"canonical":"https:\/\/solkes.com\/dejando-huella\/2021\/04\/la-fundacion-caribe\/","og_locale":"de_DE","og_type":"article","og_title":"La Fundaci\u00f3n Caribe - Solkes Magazine","og_description":"Cuando est\u00e1bamos investigando sobre el s\u00edndrome de Down nos encontramos con mucha informaci\u00f3n. Le\u00edmos sobre mitos que existen desde siempre y sobre como la medicina y la ciencia ha avanzado, ayudando as\u00ed a que la calidad de vida de las personas con s\u00edndrome de Down mejoren sustancialmente. Mientras investig\u00e1bamos tuvimos la oportunidad de hablar con [&hellip;]","og_url":"https:\/\/solkes.com\/dejando-huella\/2021\/04\/la-fundacion-caribe\/","og_site_name":"Solkes Magazine","article_publisher":"https:\/\/www.facebook.com\/solkesmagazinee\/","article_published_time":"2021-04-03T08:00:34+00:00","og_image":[{"width":943,"height":601,"url":"https:\/\/solkes.com\/wp-content\/uploads\/2021\/04\/fundown-caribe-2104_07.jpg","type":"image\/jpeg"}],"author":"Laura Viera A.","twitter_card":"summary_large_image","twitter_misc":{"Verfasst von":"Laura Viera A.","Gesch\u00e4tzte Lesezeit":"8\u00a0Minuten"},"schema":{"@context":"https:\/\/schema.org","@graph":[{"@type":"Article","@id":"https:\/\/solkes.com\/dejando-huella\/2021\/04\/la-fundacion-caribe\/#article","isPartOf":{"@id":"https:\/\/solkes.com\/dejando-huella\/2021\/04\/la-fundacion-caribe\/"},"author":{"name":"Laura Viera A.","@id":"https:\/\/solkes.com\/#\/schema\/person\/54684f1c0bebcaff4d6b3f1ec2e71e91"},"headline":"La Fundaci\u00f3n Caribe","datePublished":"2021-04-03T08:00:34+00:00","mainEntityOfPage":{"@id":"https:\/\/solkes.com\/dejando-huella\/2021\/04\/la-fundacion-caribe\/"},"wordCount":1698,"commentCount":0,"publisher":{"@id":"https:\/\/solkes.com\/#organization"},"image":{"@id":"https:\/\/solkes.com\/dejando-huella\/2021\/04\/la-fundacion-caribe\/#primaryimage"},"thumbnailUrl":"https:\/\/solkes.com\/wp-content\/uploads\/2021\/04\/fundown-caribe-2104_07.jpg","keywords":["Colombia","Eduardo Moreno Vivot","Fundaci\u00f3n Caribe","FunDown Caribe","inlusi\u00f3n","mitos","No hay dos iguales","s\u00edndrome de Down. Costa"],"articleSection":["Dejando Huella"],"inLanguage":"de","potentialAction":[{"@type":"CommentAction","name":"Comment","target":["https:\/\/solkes.com\/dejando-huella\/2021\/04\/la-fundacion-caribe\/#respond"]}]},{"@type":"WebPage","@id":"https:\/\/solkes.com\/dejando-huella\/2021\/04\/la-fundacion-caribe\/","url":"https:\/\/solkes.com\/dejando-huella\/2021\/04\/la-fundacion-caribe\/","name":"La Fundaci\u00f3n Caribe - Solkes Magazine","isPartOf":{"@id":"https:\/\/solkes.com\/#website"},"primaryImageOfPage":{"@id":"https:\/\/solkes.com\/dejando-huella\/2021\/04\/la-fundacion-caribe\/#primaryimage"},"image":{"@id":"https:\/\/solkes.com\/dejando-huella\/2021\/04\/la-fundacion-caribe\/#primaryimage"},"thumbnailUrl":"https:\/\/solkes.com\/wp-content\/uploads\/2021\/04\/fundown-caribe-2104_07.jpg","datePublished":"2021-04-03T08:00:34+00:00","breadcrumb":{"@id":"https:\/\/solkes.com\/dejando-huella\/2021\/04\/la-fundacion-caribe\/#breadcrumb"},"inLanguage":"de","potentialAction":[{"@type":"ReadAction","target":["https:\/\/solkes.com\/dejando-huella\/2021\/04\/la-fundacion-caribe\/"]}]},{"@type":"ImageObject","inLanguage":"de","@id":"https:\/\/solkes.com\/dejando-huella\/2021\/04\/la-fundacion-caribe\/#primaryimage","url":"https:\/\/solkes.com\/wp-content\/uploads\/2021\/04\/fundown-caribe-2104_07.jpg","contentUrl":"https:\/\/solkes.com\/wp-content\/uploads\/2021\/04\/fundown-caribe-2104_07.jpg","width":943,"height":601,"caption":"Fundown Caribe \u00a9 Solkes"},{"@type":"BreadcrumbList","@id":"https:\/\/solkes.com\/dejando-huella\/2021\/04\/la-fundacion-caribe\/#breadcrumb","itemListElement":[{"@type":"ListItem","position":1,"name":"Portada","item":"https:\/\/solkes.com\/"},{"@type":"ListItem","position":2,"name":"La Fundaci\u00f3n Caribe"}]},{"@type":"WebSite","@id":"https:\/\/solkes.com\/#website","url":"https:\/\/solkes.com\/","name":"Solkes Magazine","description":"solkes.com","publisher":{"@id":"https:\/\/solkes.com\/#organization"},"potentialAction":[{"@type":"SearchAction","target":{"@type":"EntryPoint","urlTemplate":"https:\/\/solkes.com\/?s={search_term_string}"},"query-input":{"@type":"PropertyValueSpecification","valueRequired":true,"valueName":"search_term_string"}}],"inLanguage":"de"},{"@type":"Organization","@id":"https:\/\/solkes.com\/#organization","name":"Solkes Magazine","url":"https:\/\/solkes.com\/","logo":{"@type":"ImageObject","inLanguage":"de","@id":"https:\/\/solkes.com\/#\/schema\/logo\/image\/","url":"https:\/\/solkes.com\/wp-content\/uploads\/2024\/09\/logo-SOLKES-820px-x-312px.png","contentUrl":"https:\/\/solkes.com\/wp-content\/uploads\/2024\/09\/logo-SOLKES-820px-x-312px.png","width":411,"height":303,"caption":"Solkes Magazine"},"image":{"@id":"https:\/\/solkes.com\/#\/schema\/logo\/image\/"},"sameAs":["https:\/\/www.facebook.com\/solkesmagazinee\/","https:\/\/instagram.com\/solkesmagazine\/"]},{"@type":"Person","@id":"https:\/\/solkes.com\/#\/schema\/person\/54684f1c0bebcaff4d6b3f1ec2e71e91","name":"Laura Viera A.","image":{"@type":"ImageObject","inLanguage":"de","@id":"https:\/\/secure.gravatar.com\/avatar\/d7b6a8bb956f5279e99babca11ed31351716b19f59e9e3e989847c0ca9e0c5d9?s=96&d=identicon&r=g","url":"https:\/\/secure.gravatar.com\/avatar\/d7b6a8bb956f5279e99babca11ed31351716b19f59e9e3e989847c0ca9e0c5d9?s=96&d=identicon&r=g","contentUrl":"https:\/\/secure.gravatar.com\/avatar\/d7b6a8bb956f5279e99babca11ed31351716b19f59e9e3e989847c0ca9e0c5d9?s=96&d=identicon&r=g","caption":"Laura Viera A."},"description":"Fundadora y Directora Editorial de Solkes Magazine Es periodista de vocaci\u00f3n y formaci\u00f3n. Estudi\u00f3 Comunicaci\u00f3n Social con \u00e9nfasis en Periodismo en la Pontificia Universidad Javeriana de Bogot\u00e1, Colombia. Desde muy joven sinti\u00f3 una profunda pasi\u00f3n por contar historias, explorar el mundo y dar voz a quienes no la tienen. Su compromiso con los Derechos Humanos ha sido una constante en su trayectoria, participando activamente en proyectos sociales desde temprana edad. Este inter\u00e9s se refleja en el enfoque editorial de Solkes, una revista que prioriza el periodismo independiente, la diversidad cultural y la profundidad narrativa. Laura naci\u00f3 en Bogot\u00e1, vivi\u00f3 tres a\u00f1os en Madrid, Espa\u00f1a, y desde el verano de 2010 reside en Alemania. Esta experiencia multicultural ha enriquecido su perspectiva y ha sido clave para la creaci\u00f3n de una revista triling\u00fce que trasciende fronteras y conecta a lectores de distintas partes del mundo. ******************************************************************************************* Founder and Editorial Director of Solkes Magazine She is a passionate journalist by vocation and training. She studied Mass Communication with an emphasis on Journalism at the Pontificia Universidad Javeriana in Bogot\u00e1, Colombia. From a young age, she was deeply motivated to tell stories, explore the world, and give a voice to those who often go unheard. Her commitment to Human Rights has been a constant throughout her career, actively participating in social projects since early on. This dedication is reflected in Solkes Magazine\u2019s editorial focus on independent journalism, cultural diversity, and in-depth storytelling. Born in Bogot\u00e1, Laura lived in Madrid, Spain for three years, and has been residing in Germany since the summer of 2010. This multicultural experience has enriched her perspective and played a key role in creating a trilingual magazine that transcends borders and connects readers from around the world. ******************************************************************************************* Gr\u00fcnderin und Chefredakteurin von Solkes Magazine Laura Viera ist eine leidenschaftliche Journalistin aus Berufung und Ausbildung. Sie hat Soziale Kommunikation mit Schwerpunkt Journalismus an der Pontificia Universidad Javeriana in Bogot\u00e1, Kolumbien, studiert. Schon in jungen Jahren war sie stark motiviert, Geschichten zu erz\u00e4hlen, die Welt zu erkunden und denen eine Stimme zu geben, die oft ungeh\u00f6rt bleiben. Ihr Engagement f\u00fcr Menschenrechte begleitet sie seit Beginn ihrer Laufbahn. Sie war von Anfang an aktiv an sozialen Projekten beteiligt. Dieses Engagement spiegelt sich auch im redaktionellen Fokus von Solkes Magazine wider, das unabh\u00e4ngigen Journalismus, kulturelle Vielfalt und tiefgr\u00fcndiges Erz\u00e4hlen in den Vordergrund stellt. Geboren in Bogot\u00e1, lebte Laura drei Jahre in Madrid, Spanien, und lebt seit Sommer 2010 in Deutschland. Diese multikulturelle Erfahrung hat ihre Perspektive bereichert und war entscheidend bei der Gr\u00fcndung eines dreisprachigen Magazins, das Grenzen \u00fcberschreitet und Leser weltweit verbindet.","sameAs":["http:\/\/www.solkes.com"],"url":"https:\/\/solkes.com\/de\/author\/lauraviera2019\/"}]}},"_links":{"self":[{"href":"https:\/\/solkes.com\/de\/wp-json\/wp\/v2\/posts\/13473","targetHints":{"allow":["GET"]}}],"collection":[{"href":"https:\/\/solkes.com\/de\/wp-json\/wp\/v2\/posts"}],"about":[{"href":"https:\/\/solkes.com\/de\/wp-json\/wp\/v2\/types\/post"}],"author":[{"embeddable":true,"href":"https:\/\/solkes.com\/de\/wp-json\/wp\/v2\/users\/76"}],"replies":[{"embeddable":true,"href":"https:\/\/solkes.com\/de\/wp-json\/wp\/v2\/comments?post=13473"}],"version-history":[{"count":23,"href":"https:\/\/solkes.com\/de\/wp-json\/wp\/v2\/posts\/13473\/revisions"}],"predecessor-version":[{"id":13567,"href":"https:\/\/solkes.com\/de\/wp-json\/wp\/v2\/posts\/13473\/revisions\/13567"}],"wp:featuredmedia":[{"embeddable":true,"href":"https:\/\/solkes.com\/de\/wp-json\/wp\/v2\/media\/13534"}],"wp:attachment":[{"href":"https:\/\/solkes.com\/de\/wp-json\/wp\/v2\/media?parent=13473"}],"wp:term":[{"taxonomy":"category","embeddable":true,"href":"https:\/\/solkes.com\/de\/wp-json\/wp\/v2\/categories?post=13473"},{"taxonomy":"post_tag","embeddable":true,"href":"https:\/\/solkes.com\/de\/wp-json\/wp\/v2\/tags?post=13473"}],"curies":[{"name":"wp","href":"https:\/\/api.w.org\/{rel}","templated":true}]}}