{"id":13247,"date":"2021-04-03T10:00:10","date_gmt":"2021-04-03T08:00:10","guid":{"rendered":"https:\/\/solkes.com\/?p=13247"},"modified":"2021-01-28T11:30:42","modified_gmt":"2021-01-28T09:30:42","slug":"foco-tonal","status":"publish","type":"post","link":"https:\/\/solkes.com\/de\/x-el-mundo\/2021\/04\/foco-tonal\/","title":{"rendered":"Foco Tonal"},"content":{"rendered":"<p><span style=\"color: #138a8d;\">E<\/span>l Foco Tonal es un c\u00edrculo sobre la tierra, en el que ocurre un curioso fen\u00f3meno, que al estar parado en el centro y se emite alg\u00fan sonido, este parece tener eco. Incluso, es tal el efecto que pareciera que se est\u00e1 rodeado de paredes o, dentro de un tubo, \u00bfpor qu\u00e9 es tan interesante el fen\u00f3meno?, porque el circulo, \u00a1est\u00e1 al aire libre!..<\/p>\n<p>La controversia, inicia en el intento de explicar dicho fen\u00f3meno. Hay quienes dicen, que el Foco Tonal, es un punto donde llega la energ\u00eda c\u00f3smica y se lleva la energ\u00eda terrenal, lo que provoca recargarse de energ\u00eda o, hasta curarse de algunas afecciones y dolores. Se comenta que el resultado es de bienestar a la salud. Sin embargo, otros aseguran que s\u00f3lo es un fen\u00f3meno ac\u00fastico, llamado: Reverberaci\u00f3n, producido por un c\u00edrculo -como una banqueta peque\u00f1a-, de dicho punto.<\/p>\n<p>No hay una versi\u00f3n oficial y lo mejor es vivirlo; experimentar el fen\u00f3meno para poder entender la sensaci\u00f3n.<\/p>\n<h3><span style=\"color: #138a8d;\"><strong>\u00bfCu\u00e1l es la historia del Foco Tonal en Ocotl\u00e1n, Jalisco?<\/strong><\/span><\/h3>\n<p>Por el a\u00f1o de 1998, un habitante del pueblo de Ocotl\u00e1n, Jalisco se encontraba totalmente desahuciado por la medicina tradicional. Los m\u00e9dicos le hab\u00edan informado que deb\u00edan amputarle una de sus piernas. Entonces, una enfermera del hospital le habl\u00f3 de un se\u00f1or al que le recomend\u00f3 que lo buscara ya que, utilizando m\u00e9todos diferentes a la medicina convencional, tal vez podr\u00eda curarlo. As\u00ed fue como tuvo un encuentro con Jos\u00e9 Sebasti\u00e1n Zamora.<\/p>\n<figure id=\"attachment_13261\" aria-describedby=\"caption-attachment-13261\" style=\"width: 299px\" class=\"wp-caption alignright\"><img fetchpriority=\"high\" decoding=\"async\" class=\"size-solkes_vertical wp-image-13261\" src=\"https:\/\/solkes.com\/wp-content\/uploads\/2021\/04\/foco-tonal-2104_04-299x480.jpg\" alt=\"\" width=\"299\" height=\"480\" srcset=\"https:\/\/solkes.com\/wp-content\/uploads\/2021\/04\/foco-tonal-2104_04-299x480.jpg 299w, https:\/\/solkes.com\/wp-content\/uploads\/2021\/04\/foco-tonal-2104_04-187x300.jpg 187w, https:\/\/solkes.com\/wp-content\/uploads\/2021\/04\/foco-tonal-2104_04.jpg 620w, https:\/\/solkes.com\/wp-content\/uploads\/2021\/04\/foco-tonal-2104_04-374x601.jpg 374w\" sizes=\"(max-width: 299px) 100vw, 299px\" \/><figcaption id=\"caption-attachment-13261\" class=\"wp-caption-text\">Ivan Pelisek \u00a9 Solkes<\/figcaption><\/figure>\n<p>El se\u00f1or desahuciado entr\u00f3 a la consulta con muletas y, milagrosamente, sali\u00f3 andando sin necesidad de usarlas. Cuando regres\u00f3 a Ocotl\u00e1n, le platic\u00f3 del milagro que le hab\u00eda ocurrido a su amigo y vecino Don Manuel Dom\u00ednguez, quien es el propietario del castillo en este lugar.<\/p>\n<p>Dom\u00ednguez se qued\u00f3 impresionado al escuchar su historia y, le coment\u00f3, que deseaba conocer a la persona que le hab\u00eda curado para invitarlo a su castillo. Entonces, Jos\u00e9 Zamora lleg\u00f3 a lo que hoy se conoce como \u201cFOCO TONAL\u201d.<br \/>\nAll\u00ed mantuvo su primer contacto con el propietario. \u201cEl sanador: Jos\u00e9 Sebasti\u00e1n, me dijo que ya hab\u00eda visitado mi castillo en tres ocasiones, a trav\u00e9s de viajes astrales \u2013explic\u00f3 Don Manuel-, pero que, al no conocer el territorio, no podr\u00eda ubicarlo en un punto exacto.<\/p>\n<p>Me describi\u00f3 el lugar antes de verlo f\u00edsicamente. Seg\u00fan dijo, \u00e9sta era la zona que tanto tiempo llevaba buscando\u201d. UN PUNTO ENERG\u00c9TICO. Tras este encuentro que dej\u00f3 impresionado a Don Manuel, pasaron dos a\u00f1os hasta que volvieron a verse. En esta ocasi\u00f3n, Jos\u00e9 Zamora le comunic\u00f3 al due\u00f1o Don Manuel, una noticia inesperada: en su parcela, conflu\u00eda un punto energ\u00e9tico muy potente, indic\u00e1ndole su ubicaci\u00f3n exacta. \u201cLa energ\u00eda que aqu\u00ed confluye \u2013comenta Don Manuel- est\u00e1 en constante circulaci\u00f3n. Da la vuelta a la Tierra y vuelve a este punto de nuevo.<\/p>\n<p>Todas aquellas personas que ven\u00edan invitadas a mi hogar declaraban que respiraban una paz y una tranquilidad muy especial. Sin embargo, en un principio, el propietario del castillo no supo qu\u00e9 hacer con esta informaci\u00f3n y el tiempo transcurri\u00f3 sin pena ni gloria, hasta que un d\u00eda Don Manuel, se encontraba sentado en el supuesto punto energ\u00e9tico.<\/p>\n<figure id=\"attachment_13257\" aria-describedby=\"caption-attachment-13257\" style=\"width: 943px\" class=\"wp-caption aligncenter\"><img decoding=\"async\" class=\"size-solkes_horizontal wp-image-13257\" src=\"https:\/\/solkes.com\/wp-content\/uploads\/2021\/04\/foco-tonal-2104_02.jpg\" alt=\"\" width=\"943\" height=\"601\" srcset=\"https:\/\/solkes.com\/wp-content\/uploads\/2021\/04\/foco-tonal-2104_02.jpg 943w, https:\/\/solkes.com\/wp-content\/uploads\/2021\/04\/foco-tonal-2104_02-300x191.jpg 300w, https:\/\/solkes.com\/wp-content\/uploads\/2021\/04\/foco-tonal-2104_02-768x489.jpg 768w, https:\/\/solkes.com\/wp-content\/uploads\/2021\/04\/foco-tonal-2104_02-320x204.jpg 320w\" sizes=\"(max-width: 943px) 100vw, 943px\" \/><figcaption id=\"caption-attachment-13257\" class=\"wp-caption-text\">Ivan Pelisek \u00a9 Solkes<\/figcaption><\/figure>\n<p>Al ir a darse la vuelta para hablar con sus familiares, se percat\u00f3 de que all\u00ed ocurr\u00eda algo muy extra\u00f1o. S\u00f3lo en un punto concreto, que a fecha de hoy es totalmente inexplicable. Se trata de la t\u00edpica reverberaci\u00f3n que uno escucha cuando est\u00e1 hablando para la radio a trav\u00e9s de un micr\u00f3fono y que, al mismo tiempo, se escucha mediante auriculares. Este hecho fue el detonante para que \u00e9l se convenciera y, se iniciara la construcci\u00f3n de lo que hoy es el \u201cFOCO TONAL\u201d, que se inaugur\u00f3 en noviembre de 1998.<\/p>\n<p>El Castillo en Foco Tonal, es una residencia particular del propietario y su familia. A un costado del mismo, se encuentra una capilla para las sanaciones.<br \/>\n(Laura, te mando las fotos anexas. Aqu\u00ed debe ir la del castillo).<\/p>\n<p>El Foco Tonal se encuentra en el kil\u00f3metro 4 de la carretera Cuitzeo- El Zapote, en el municipio de Poncitl\u00e1n, Jalisco, M\u00e9xico.<br \/>\nLa carretera es libre y hay pocas gasolineras en el trayecto, as\u00ed que, recomiendo salir de Guadalajara con tanque lleno el cual les alcanza para llegar hasta Cuitzeo sin problemas.<\/p>\n<h3><strong><span style=\"color: #138a8d;\">Informaci\u00f3n Importante y necesaria<\/span><\/strong><\/h3>\n<p>El boleto cuesta $30.00 pesos mexicanos por persona. El estacionamiento igual.<br \/>\nEl horario de visitas es de 9 am a 6 pm de lunes a domingo en temporada normal.<br \/>\nLos fines de semana, es cuando reciben el mayor n\u00famero de visitantes, por lo que hay que sacar ficha para poder pasar al c\u00edrculo donde est\u00e1 el foco Tonal.<\/p>\n<p><span style=\"color: #138a8d;\">1.<\/span>\u00a0Para emtrara al circulo del Foco Tonal.<br \/>\nSi es la primera vez que van y no hay multitud, siempre hay un gu\u00eda que se encarga de dirigir a los reci\u00e9n llegados.<br \/>\nEn caso de que haya mucha gente en la entrada, al momento de pagar el boleto de admisi\u00f3n entregan una ficha de turno y lo dirigen al lugar correspondiente.<br \/>\nEl personal del lugar es muy amable. Si tienen alguna duda o necesidad en particular, hablen con ellos.<\/p>\n<figure id=\"attachment_13263\" aria-describedby=\"caption-attachment-13263\" style=\"width: 299px\" class=\"wp-caption alignleft\"><img decoding=\"async\" class=\"size-solkes_vertical wp-image-13263\" src=\"https:\/\/solkes.com\/wp-content\/uploads\/2021\/04\/foco-tonal-2104_05-299x480.jpg\" alt=\"\" width=\"299\" height=\"480\" srcset=\"https:\/\/solkes.com\/wp-content\/uploads\/2021\/04\/foco-tonal-2104_05-299x480.jpg 299w, https:\/\/solkes.com\/wp-content\/uploads\/2021\/04\/foco-tonal-2104_05-187x300.jpg 187w, https:\/\/solkes.com\/wp-content\/uploads\/2021\/04\/foco-tonal-2104_05.jpg 620w, https:\/\/solkes.com\/wp-content\/uploads\/2021\/04\/foco-tonal-2104_05-374x601.jpg 374w\" sizes=\"(max-width: 299px) 100vw, 299px\" \/><figcaption id=\"caption-attachment-13263\" class=\"wp-caption-text\">Ivan Pelisek \u00a9 Solkes<\/figcaption><\/figure>\n<p><span style=\"color: #138a8d;\">2.<\/span> El ritual antes de entrar<br \/>\nEs importante respetar esta parte, consiste en rezar una breve oraci\u00f3n a San Germain y en entrar descalzos al c\u00edrculo del Foco Tonal. Les recomiendo que se lleven zapatos c\u00f3modos y f\u00e1ciles de quitar-poner, adem\u00e1s, que lleven calcetines porque el suelo de mosaico es fr\u00edo.<\/p>\n<p><span style=\"color: #138a8d;\">3.<\/span> Que llevar, animales y creencias<br \/>\nObjetos para energizar directamente sobre el Foco Tonal, pueden ser: agua natural, objetos personales, objetos o materiales metaf\u00edsicos (p\u00e9ndulos, runas, anillos, amuletos, etc), fotos, etc.\u00a0Durante la visita, el gu\u00eda, generalmente sugiere la energizaci\u00f3n de objetos. Pero si no lo hace, pueden solicitar hacerlo.<\/p>\n<p>Tambi\u00e9n pueden encontrar una tienda de <span style=\"color: #138a8d;\">art\u00edculos esot\u00e9ricos<\/span> (muy bien surtida) y otra de alimentos y bebidas.<\/p>\n<p>S\u00ed permiten la entrada a los animalitos, pues dentro de la propiedad deambulan libremente los perros de los propietarios. Adem\u00e1s, he visto que otros visitantes esperan con sus respectivas mascotas en las bancas de los jardines.<br \/>\nDesde luego, hay transporte disponible y dependiendo del punto de origen puede ser for\u00e1neo o local.<\/p>\n<p>Si eres cat\u00f3lico o perteneciente a cualquier religi\u00f3n, puedes asistir, depende la intenci\u00f3n con que vayas. Hay quienes van para venerar a San Germain, otros para hablar con Dios, los \u00e1ngeles o los Duendes. Pero tambi\u00e9n hay quienes van con el prop\u00f3sito de experimentar el extra\u00f1o fen\u00f3meno ac\u00fastico, desde un punto de vista agn\u00f3stico o francamente ateo. De cualquier forma, es un paseo hermoso y vale la pena ir, aunque sea solo para disfrutar del paisaje.<\/p>\n<h3><span style=\"color: #138a8d;\"><strong>El concepto m\u00edstico<\/strong><\/span><\/h3>\n<p>El concepto m\u00edstico, explica un significado diferente de acuerdo a cada color que tenemos en nuestra aura.<\/p>\n<p>El rojo, externa una personalidad magn\u00e9tica. El naranja, una personalidad vital, en\u00e9rgica y activa. El amarillo, habla de personas brillantes y optimistas. El verde de crecimiento, energ\u00eda y previsi\u00f3n. El azul, de naturaleza art\u00edstica y armoniosa. El violeta, es el color m\u00e1s espiritual, ya que contiene el azul sumado a los elementos de vitalidad y el poder del rojo. El color blanco es completa armon\u00eda y pureza. El color oro, es protecci\u00f3n y purificaci\u00f3n. El rosa, se manifiesta en personas que gustan de una vida tranquila y un ambiente bello y art\u00edstico. El negro es discordia y malos pensamientos y el gris es personalidad fr\u00eda y dura hacia el exterior (de interior).<\/p>\n<figure id=\"attachment_13259\" aria-describedby=\"caption-attachment-13259\" style=\"width: 943px\" class=\"wp-caption aligncenter\"><img loading=\"lazy\" decoding=\"async\" class=\"size-solkes_horizontal wp-image-13259\" src=\"https:\/\/solkes.com\/wp-content\/uploads\/2021\/04\/foco-tonal-2104_03.jpg\" alt=\"\" width=\"943\" height=\"601\" srcset=\"https:\/\/solkes.com\/wp-content\/uploads\/2021\/04\/foco-tonal-2104_03.jpg 943w, https:\/\/solkes.com\/wp-content\/uploads\/2021\/04\/foco-tonal-2104_03-300x191.jpg 300w, https:\/\/solkes.com\/wp-content\/uploads\/2021\/04\/foco-tonal-2104_03-768x489.jpg 768w, https:\/\/solkes.com\/wp-content\/uploads\/2021\/04\/foco-tonal-2104_03-320x204.jpg 320w\" sizes=\"(max-width: 943px) 100vw, 943px\" \/><figcaption id=\"caption-attachment-13259\" class=\"wp-caption-text\">Ivan Pelisek \u00a9 Solkes<\/figcaption><\/figure>\n<p>En la experiencia que tuve, el gu\u00eda nos pidi\u00f3 que antes de iniciar la meditaci\u00f3n, cerr\u00e1ramos los ojos.<\/p>\n<p>Luego de este paso, comenc\u00e9 a ver el blanco bajo la cortina de mis p\u00e1rpados y fueron apareciendo figuras geom\u00e9tricas y de forma lejana observ\u00e9 un ojo peque\u00f1o. Acto seguido, nos dieron la autorizaci\u00f3n a los del grupo (como 6 gentes) de permanecer durante 7 minutos m\u00e1s en ese interior del c\u00edrculo, haciendo oraci\u00f3n y peticiones de salud.<\/p>\n<p>Es una sensaci\u00f3n de que viene una barredora espiritual y te limpia a conciencia, interior y exterior; al salir de ah\u00ed, debes no darle la espalda al c\u00edrculo. Se camina hacia atr\u00e1s y agradeces. Minutos antes de ponernos el calzado mi hija y yo, (entras descalzo) me hizo el comentario que percib\u00eda como si reci\u00e9n hubiera despertado.<\/p>\n<h3><span style=\"color: #138a8d;\"><strong>Percepciones de vida<\/strong><\/span><\/h3>\n<p>D\u00e1ndole su respectivo significado a cada uno, de acuerdo a los niveles de energ\u00eda, aunque volviendo al concepto cient\u00edfico, se dir\u00eda que los colores se deben a la fragmentaci\u00f3n o a la dispersi\u00f3n crom\u00e1tica (descomposici\u00f3n de la luz blanca en todos sus colores), es por ello que algunas personas alcanzan a observar a trav\u00e9s del aire, la danza de estas tonalidades, durante la meditaci\u00f3n corta, que se lleva a cabo en el interior del c\u00edrculo.<\/p>\n<figure id=\"attachment_13266\" aria-describedby=\"caption-attachment-13266\" style=\"width: 299px\" class=\"wp-caption alignright\"><img loading=\"lazy\" decoding=\"async\" class=\"size-solkes_vertical wp-image-13266\" src=\"https:\/\/solkes.com\/wp-content\/uploads\/2021\/04\/foco-tonal-2104_06-299x480.jpg\" alt=\"\" width=\"299\" height=\"480\" srcset=\"https:\/\/solkes.com\/wp-content\/uploads\/2021\/04\/foco-tonal-2104_06-299x480.jpg 299w, https:\/\/solkes.com\/wp-content\/uploads\/2021\/04\/foco-tonal-2104_06-187x300.jpg 187w, https:\/\/solkes.com\/wp-content\/uploads\/2021\/04\/foco-tonal-2104_06.jpg 620w, https:\/\/solkes.com\/wp-content\/uploads\/2021\/04\/foco-tonal-2104_06-374x601.jpg 374w\" sizes=\"(max-width: 299px) 100vw, 299px\" \/><figcaption id=\"caption-attachment-13266\" class=\"wp-caption-text\">Betty \u00a9 Solkes<\/figcaption><\/figure>\n<p>Esto es cuando se propicia un destello de luz en la superficie de un cuerpo brillante, y al descomponerse este, el reflejo de esa luz aumenta.<\/p>\n<p>Muchas personas al ingresar al c\u00edrculo del Foco Tonal, conversan que ven una malla de luces con distintas tonalidades, entre ellos el rojo, el amarillo, el verde, el azul, el violeta, etc.<\/p>\n<p><span style=\"color: #138a8d;\">T<\/span>enemos una forma de percibir la Vida cada ser humano, distinto. Y debemos ser compasivos y honestos, lo cual, tambi\u00e9n es una decisi\u00f3n personal. Tuve la oportunidad de vivir esta experiencia junto con mi familia hace unas semanas. Puedo decirles que me inclino hacia el concepto m\u00edstico. Y se pueden vivir ambas experiencias. La cient\u00edfica, que dice acerca de la reverberaci\u00f3n en el lugar.<\/p>\n","protected":false},"excerpt":{"rendered":"<p>El Foco Tonal es un c\u00edrculo sobre la tierra, en el que ocurre un curioso fen\u00f3meno, que al estar parado en el centro y se emite alg\u00fan sonido, este parece tener eco. Incluso, es tal el efecto que pareciera que se est\u00e1 rodeado de paredes o, dentro de un tubo, \u00bfpor qu\u00e9 es tan interesante [&hellip;]<\/p>\n","protected":false},"author":101,"featured_media":13259,"comment_status":"open","ping_status":"open","sticky":false,"template":"","format":"standard","meta":{"_acf_changed":false,"_exactmetrics_skip_tracking":false,"_exactmetrics_sitenote_active":false,"_exactmetrics_sitenote_note":"","_exactmetrics_sitenote_category":0,"site-sidebar-layout":"default","site-content-layout":"default","ast-site-content-layout":"default","site-content-style":"default","site-sidebar-style":"default","ast-global-header-display":"","ast-banner-title-visibility":"","ast-main-header-display":"","ast-hfb-above-header-display":"","ast-hfb-below-header-display":"","ast-hfb-mobile-header-display":"","site-post-title":"","ast-breadcrumbs-content":"","ast-featured-img":"","footer-sml-layout":"","theme-transparent-header-meta":"default","adv-header-id-meta":"","stick-header-meta":"","header-above-stick-meta":"","header-main-stick-meta":"","header-below-stick-meta":"","astra-migrate-meta-layouts":"default","ast-page-background-enabled":"default","ast-page-background-meta":{"desktop":{"background-color":"","background-image":"","background-repeat":"repeat","background-position":"center center","background-size":"auto","background-attachment":"scroll","background-type":"","background-media":"","overlay-type":"","overlay-color":"","overlay-opacity":"","overlay-gradient":""},"tablet":{"background-color":"","background-image":"","background-repeat":"repeat","background-position":"center center","background-size":"auto","background-attachment":"scroll","background-type":"","background-media":"","overlay-type":"","overlay-color":"","overlay-opacity":"","overlay-gradient":""},"mobile":{"background-color":"","background-image":"","background-repeat":"repeat","background-position":"center center","background-size":"auto","background-attachment":"scroll","background-type":"","background-media":"","overlay-type":"","overlay-color":"","overlay-opacity":"","overlay-gradient":""}},"ast-content-background-meta":{"desktop":{"background-color":"var(--ast-global-color-5)","background-image":"","background-repeat":"repeat","background-position":"center center","background-size":"auto","background-attachment":"scroll","background-type":"","background-media":"","overlay-type":"","overlay-color":"","overlay-opacity":"","overlay-gradient":""},"tablet":{"background-color":"var(--ast-global-color-5)","background-image":"","background-repeat":"repeat","background-position":"center center","background-size":"auto","background-attachment":"scroll","background-type":"","background-media":"","overlay-type":"","overlay-color":"","overlay-opacity":"","overlay-gradient":""},"mobile":{"background-color":"var(--ast-global-color-5)","background-image":"","background-repeat":"repeat","background-position":"center center","background-size":"auto","background-attachment":"scroll","background-type":"","background-media":"","overlay-type":"","overlay-color":"","overlay-opacity":"","overlay-gradient":""}},"footnotes":""},"categories":[18],"tags":[2040,2041,2038,98,2039,491,201],"class_list":["post-13247","post","type-post","status-publish","format-standard","has-post-thumbnail","hentry","category-x-el-mundo","tag-articulos-esotericos","tag-creencias","tag-foco-tonal","tag-mexico-es","tag-ocotlan","tag-vida","tag-x-el-mundo"],"acf":[],"yoast_head":"<!-- This site is optimized with the Yoast SEO plugin v27.4 - https:\/\/yoast.com\/product\/yoast-seo-wordpress\/ -->\n<title>Foco Tonal - Solkes Magazine<\/title>\n<meta name=\"robots\" content=\"index, follow, max-snippet:-1, max-image-preview:large, max-video-preview:-1\" \/>\n<link rel=\"canonical\" href=\"https:\/\/solkes.com\/x-el-mundo\/2021\/04\/foco-tonal\/\" \/>\n<meta property=\"og:locale\" content=\"de_DE\" \/>\n<meta property=\"og:type\" content=\"article\" \/>\n<meta property=\"og:title\" content=\"Foco Tonal - Solkes Magazine\" \/>\n<meta property=\"og:description\" content=\"El Foco Tonal es un c\u00edrculo sobre la tierra, en el que ocurre un curioso fen\u00f3meno, que al estar parado en el centro y se emite alg\u00fan sonido, este parece tener eco. Incluso, es tal el efecto que pareciera que se est\u00e1 rodeado de paredes o, dentro de un tubo, \u00bfpor qu\u00e9 es tan interesante [&hellip;]\" \/>\n<meta property=\"og:url\" content=\"https:\/\/solkes.com\/x-el-mundo\/2021\/04\/foco-tonal\/\" \/>\n<meta property=\"og:site_name\" content=\"Solkes Magazine\" \/>\n<meta property=\"article:publisher\" content=\"https:\/\/www.facebook.com\/solkesmagazinee\/\" \/>\n<meta property=\"article:published_time\" content=\"2021-04-03T08:00:10+00:00\" \/>\n<meta property=\"og:image\" content=\"https:\/\/solkes.com\/wp-content\/uploads\/2021\/04\/foco-tonal-2104_03.jpg\" \/>\n\t<meta property=\"og:image:width\" content=\"943\" \/>\n\t<meta property=\"og:image:height\" content=\"601\" \/>\n\t<meta property=\"og:image:type\" content=\"image\/jpeg\" \/>\n<meta name=\"author\" content=\"Jocelyn Pelisek\" \/>\n<meta name=\"twitter:card\" content=\"summary_large_image\" \/>\n<meta name=\"twitter:label1\" content=\"Verfasst von\" \/>\n\t<meta name=\"twitter:data1\" content=\"Jocelyn Pelisek\" \/>\n\t<meta name=\"twitter:label2\" content=\"Gesch\u00e4tzte Lesezeit\" \/>\n\t<meta name=\"twitter:data2\" content=\"9\u00a0Minuten\" \/>\n<script type=\"application\/ld+json\" class=\"yoast-schema-graph\">{\"@context\":\"https:\\\/\\\/schema.org\",\"@graph\":[{\"@type\":\"Article\",\"@id\":\"https:\\\/\\\/solkes.com\\\/x-el-mundo\\\/2021\\\/04\\\/foco-tonal\\\/#article\",\"isPartOf\":{\"@id\":\"https:\\\/\\\/solkes.com\\\/x-el-mundo\\\/2021\\\/04\\\/foco-tonal\\\/\"},\"author\":{\"name\":\"Jocelyn Pelisek\",\"@id\":\"https:\\\/\\\/solkes.com\\\/#\\\/schema\\\/person\\\/f5918e1242b6da8efba8bcb5740d680d\"},\"headline\":\"Foco Tonal\",\"datePublished\":\"2021-04-03T08:00:10+00:00\",\"mainEntityOfPage\":{\"@id\":\"https:\\\/\\\/solkes.com\\\/x-el-mundo\\\/2021\\\/04\\\/foco-tonal\\\/\"},\"wordCount\":1736,\"commentCount\":0,\"publisher\":{\"@id\":\"https:\\\/\\\/solkes.com\\\/#organization\"},\"image\":{\"@id\":\"https:\\\/\\\/solkes.com\\\/x-el-mundo\\\/2021\\\/04\\\/foco-tonal\\\/#primaryimage\"},\"thumbnailUrl\":\"https:\\\/\\\/solkes.com\\\/wp-content\\\/uploads\\\/2021\\\/04\\\/foco-tonal-2104_03.jpg\",\"keywords\":[\"art\u00edculos esot\u00e9ricos\",\"creencias\",\"Foco Tonal\",\"Mexico\",\"Ocotl\u00e1n\",\"vida\",\"X El Mundo\"],\"articleSection\":[\"X El Mundo\"],\"inLanguage\":\"de\",\"potentialAction\":[{\"@type\":\"CommentAction\",\"name\":\"Comment\",\"target\":[\"https:\\\/\\\/solkes.com\\\/x-el-mundo\\\/2021\\\/04\\\/foco-tonal\\\/#respond\"]}]},{\"@type\":\"WebPage\",\"@id\":\"https:\\\/\\\/solkes.com\\\/x-el-mundo\\\/2021\\\/04\\\/foco-tonal\\\/\",\"url\":\"https:\\\/\\\/solkes.com\\\/x-el-mundo\\\/2021\\\/04\\\/foco-tonal\\\/\",\"name\":\"Foco Tonal - Solkes Magazine\",\"isPartOf\":{\"@id\":\"https:\\\/\\\/solkes.com\\\/#website\"},\"primaryImageOfPage\":{\"@id\":\"https:\\\/\\\/solkes.com\\\/x-el-mundo\\\/2021\\\/04\\\/foco-tonal\\\/#primaryimage\"},\"image\":{\"@id\":\"https:\\\/\\\/solkes.com\\\/x-el-mundo\\\/2021\\\/04\\\/foco-tonal\\\/#primaryimage\"},\"thumbnailUrl\":\"https:\\\/\\\/solkes.com\\\/wp-content\\\/uploads\\\/2021\\\/04\\\/foco-tonal-2104_03.jpg\",\"datePublished\":\"2021-04-03T08:00:10+00:00\",\"breadcrumb\":{\"@id\":\"https:\\\/\\\/solkes.com\\\/x-el-mundo\\\/2021\\\/04\\\/foco-tonal\\\/#breadcrumb\"},\"inLanguage\":\"de\",\"potentialAction\":[{\"@type\":\"ReadAction\",\"target\":[\"https:\\\/\\\/solkes.com\\\/x-el-mundo\\\/2021\\\/04\\\/foco-tonal\\\/\"]}]},{\"@type\":\"ImageObject\",\"inLanguage\":\"de\",\"@id\":\"https:\\\/\\\/solkes.com\\\/x-el-mundo\\\/2021\\\/04\\\/foco-tonal\\\/#primaryimage\",\"url\":\"https:\\\/\\\/solkes.com\\\/wp-content\\\/uploads\\\/2021\\\/04\\\/foco-tonal-2104_03.jpg\",\"contentUrl\":\"https:\\\/\\\/solkes.com\\\/wp-content\\\/uploads\\\/2021\\\/04\\\/foco-tonal-2104_03.jpg\",\"width\":943,\"height\":601,\"caption\":\"Ivan Pelisek \u00a9 Solkes\"},{\"@type\":\"BreadcrumbList\",\"@id\":\"https:\\\/\\\/solkes.com\\\/x-el-mundo\\\/2021\\\/04\\\/foco-tonal\\\/#breadcrumb\",\"itemListElement\":[{\"@type\":\"ListItem\",\"position\":1,\"name\":\"Portada\",\"item\":\"https:\\\/\\\/solkes.com\\\/\"},{\"@type\":\"ListItem\",\"position\":2,\"name\":\"Foco Tonal\"}]},{\"@type\":\"WebSite\",\"@id\":\"https:\\\/\\\/solkes.com\\\/#website\",\"url\":\"https:\\\/\\\/solkes.com\\\/\",\"name\":\"Solkes Magazine\",\"description\":\"solkes.com\",\"publisher\":{\"@id\":\"https:\\\/\\\/solkes.com\\\/#organization\"},\"potentialAction\":[{\"@type\":\"SearchAction\",\"target\":{\"@type\":\"EntryPoint\",\"urlTemplate\":\"https:\\\/\\\/solkes.com\\\/?s={search_term_string}\"},\"query-input\":{\"@type\":\"PropertyValueSpecification\",\"valueRequired\":true,\"valueName\":\"search_term_string\"}}],\"inLanguage\":\"de\"},{\"@type\":\"Organization\",\"@id\":\"https:\\\/\\\/solkes.com\\\/#organization\",\"name\":\"Solkes Magazine\",\"url\":\"https:\\\/\\\/solkes.com\\\/\",\"logo\":{\"@type\":\"ImageObject\",\"inLanguage\":\"de\",\"@id\":\"https:\\\/\\\/solkes.com\\\/#\\\/schema\\\/logo\\\/image\\\/\",\"url\":\"https:\\\/\\\/solkes.com\\\/wp-content\\\/uploads\\\/2024\\\/09\\\/logo-SOLKES-820px-x-312px.png\",\"contentUrl\":\"https:\\\/\\\/solkes.com\\\/wp-content\\\/uploads\\\/2024\\\/09\\\/logo-SOLKES-820px-x-312px.png\",\"width\":411,\"height\":303,\"caption\":\"Solkes Magazine\"},\"image\":{\"@id\":\"https:\\\/\\\/solkes.com\\\/#\\\/schema\\\/logo\\\/image\\\/\"},\"sameAs\":[\"https:\\\/\\\/www.facebook.com\\\/solkesmagazinee\\\/\",\"https:\\\/\\\/instagram.com\\\/solkesmagazine\\\/\"]},{\"@type\":\"Person\",\"@id\":\"https:\\\/\\\/solkes.com\\\/#\\\/schema\\\/person\\\/f5918e1242b6da8efba8bcb5740d680d\",\"name\":\"Jocelyn Pelisek\",\"image\":{\"@type\":\"ImageObject\",\"inLanguage\":\"de\",\"@id\":\"https:\\\/\\\/secure.gravatar.com\\\/avatar\\\/a31991a662ec5c9c1d35ea138d795175c58b14aa30c2b84d5e4f93a257c4441b?s=96&d=identicon&r=g\",\"url\":\"https:\\\/\\\/secure.gravatar.com\\\/avatar\\\/a31991a662ec5c9c1d35ea138d795175c58b14aa30c2b84d5e4f93a257c4441b?s=96&d=identicon&r=g\",\"contentUrl\":\"https:\\\/\\\/secure.gravatar.com\\\/avatar\\\/a31991a662ec5c9c1d35ea138d795175c58b14aa30c2b84d5e4f93a257c4441b?s=96&d=identicon&r=g\",\"caption\":\"Jocelyn Pelisek\"},\"description\":\"Naci\u00f3 el 22 de noviembre del a\u00f1o 1980 en la ciudad de Guadalajara, Jalisco. Comenz\u00f3 a escribir cuentos y poemas en la secundaria. Particip\u00f3 en eventos de lectura abierta y concursos de oratoria. En el 2002 ingres\u00f3 al Fondo de Cultura Econ\u00f3mica ubicado en Guadalajara, en un taller autobiogr\u00e1fico impartido por Vicente de Le\u00f3n, -en aquel entonces director de la revista Luvina-. En ese mismo a\u00f1o fue invitada a la radio Am, al Programa: \u201cLos periodistas\u201d, con el escritor y columnista, Rodolfo Garc\u00eda Mateos, el cual le ofreci\u00f3 un espacio para hablar de literatura, Cine y Arte una vez por semana. A\u00f1os despu\u00e9s, viaj\u00f3 a la ciudad de Aguascalientes en el 2006 por motivos personales e ingres\u00f3 en el Centro de Investigaciones y Estudios Literarios de Aguascalientes. Tuvo el privilegio de convivir con los cuentistas: Guillermo Samperio, Josu\u00e9 Landa, Vicente Guerrero y el maestro y poeta V\u00edctor Sandoval. Colabor\u00f3 un tiempo para la revista Literaria de la Universidad Aut\u00f3noma de Aguascalientes, en la secci\u00f3n de cuento y poes\u00eda. ******************************************************** She was born on November 22nd, 1980 in the city of Guadalajara, Jalisco. Started writing stories and poems in high school and participated in open reading events and speech contests. In 2002 she entered the Economic Culture Fund located in Guadalajara, Jal, in an autobiographical workshop given by Vicente de Le\u00f3n, -at that time director of the magazine Luvina-. In that same year, she was invited to Am radio, in \\\"the journalist\\\" program. There she worked with the writer and columnist, Rodolfo Garc\u00eda Mateos, who offered her a space to talk about literature, Cinema, and Art once a week. Years later, she traveled to the city of Aguascalientes in 2006 for personal reasons and entered the Center for Research and Literary Studies of Aguascalientes. She had the privilege of living with the storytellers: Guillermo Samperio, Josu\u00e9 Landa, Vicente Guerrero, and the teacher and poet V\u00edctor Sandoval. For a while, she collaborated at the Autonomous University of Aguascalientes literary magazine, in the short story and poetry section.\",\"url\":\"https:\\\/\\\/solkes.com\\\/de\\\/author\\\/griselda-jocelyn-linan-corona\\\/\"}]}<\/script>\n<!-- \/ Yoast SEO plugin. -->","yoast_head_json":{"title":"Foco Tonal - Solkes Magazine","robots":{"index":"index","follow":"follow","max-snippet":"max-snippet:-1","max-image-preview":"max-image-preview:large","max-video-preview":"max-video-preview:-1"},"canonical":"https:\/\/solkes.com\/x-el-mundo\/2021\/04\/foco-tonal\/","og_locale":"de_DE","og_type":"article","og_title":"Foco Tonal - Solkes Magazine","og_description":"El Foco Tonal es un c\u00edrculo sobre la tierra, en el que ocurre un curioso fen\u00f3meno, que al estar parado en el centro y se emite alg\u00fan sonido, este parece tener eco. Incluso, es tal el efecto que pareciera que se est\u00e1 rodeado de paredes o, dentro de un tubo, \u00bfpor qu\u00e9 es tan interesante [&hellip;]","og_url":"https:\/\/solkes.com\/x-el-mundo\/2021\/04\/foco-tonal\/","og_site_name":"Solkes Magazine","article_publisher":"https:\/\/www.facebook.com\/solkesmagazinee\/","article_published_time":"2021-04-03T08:00:10+00:00","og_image":[{"width":943,"height":601,"url":"https:\/\/solkes.com\/wp-content\/uploads\/2021\/04\/foco-tonal-2104_03.jpg","type":"image\/jpeg"}],"author":"Jocelyn Pelisek","twitter_card":"summary_large_image","twitter_misc":{"Verfasst von":"Jocelyn Pelisek","Gesch\u00e4tzte Lesezeit":"9\u00a0Minuten"},"schema":{"@context":"https:\/\/schema.org","@graph":[{"@type":"Article","@id":"https:\/\/solkes.com\/x-el-mundo\/2021\/04\/foco-tonal\/#article","isPartOf":{"@id":"https:\/\/solkes.com\/x-el-mundo\/2021\/04\/foco-tonal\/"},"author":{"name":"Jocelyn Pelisek","@id":"https:\/\/solkes.com\/#\/schema\/person\/f5918e1242b6da8efba8bcb5740d680d"},"headline":"Foco Tonal","datePublished":"2021-04-03T08:00:10+00:00","mainEntityOfPage":{"@id":"https:\/\/solkes.com\/x-el-mundo\/2021\/04\/foco-tonal\/"},"wordCount":1736,"commentCount":0,"publisher":{"@id":"https:\/\/solkes.com\/#organization"},"image":{"@id":"https:\/\/solkes.com\/x-el-mundo\/2021\/04\/foco-tonal\/#primaryimage"},"thumbnailUrl":"https:\/\/solkes.com\/wp-content\/uploads\/2021\/04\/foco-tonal-2104_03.jpg","keywords":["art\u00edculos esot\u00e9ricos","creencias","Foco Tonal","Mexico","Ocotl\u00e1n","vida","X El Mundo"],"articleSection":["X El Mundo"],"inLanguage":"de","potentialAction":[{"@type":"CommentAction","name":"Comment","target":["https:\/\/solkes.com\/x-el-mundo\/2021\/04\/foco-tonal\/#respond"]}]},{"@type":"WebPage","@id":"https:\/\/solkes.com\/x-el-mundo\/2021\/04\/foco-tonal\/","url":"https:\/\/solkes.com\/x-el-mundo\/2021\/04\/foco-tonal\/","name":"Foco Tonal - Solkes Magazine","isPartOf":{"@id":"https:\/\/solkes.com\/#website"},"primaryImageOfPage":{"@id":"https:\/\/solkes.com\/x-el-mundo\/2021\/04\/foco-tonal\/#primaryimage"},"image":{"@id":"https:\/\/solkes.com\/x-el-mundo\/2021\/04\/foco-tonal\/#primaryimage"},"thumbnailUrl":"https:\/\/solkes.com\/wp-content\/uploads\/2021\/04\/foco-tonal-2104_03.jpg","datePublished":"2021-04-03T08:00:10+00:00","breadcrumb":{"@id":"https:\/\/solkes.com\/x-el-mundo\/2021\/04\/foco-tonal\/#breadcrumb"},"inLanguage":"de","potentialAction":[{"@type":"ReadAction","target":["https:\/\/solkes.com\/x-el-mundo\/2021\/04\/foco-tonal\/"]}]},{"@type":"ImageObject","inLanguage":"de","@id":"https:\/\/solkes.com\/x-el-mundo\/2021\/04\/foco-tonal\/#primaryimage","url":"https:\/\/solkes.com\/wp-content\/uploads\/2021\/04\/foco-tonal-2104_03.jpg","contentUrl":"https:\/\/solkes.com\/wp-content\/uploads\/2021\/04\/foco-tonal-2104_03.jpg","width":943,"height":601,"caption":"Ivan Pelisek \u00a9 Solkes"},{"@type":"BreadcrumbList","@id":"https:\/\/solkes.com\/x-el-mundo\/2021\/04\/foco-tonal\/#breadcrumb","itemListElement":[{"@type":"ListItem","position":1,"name":"Portada","item":"https:\/\/solkes.com\/"},{"@type":"ListItem","position":2,"name":"Foco Tonal"}]},{"@type":"WebSite","@id":"https:\/\/solkes.com\/#website","url":"https:\/\/solkes.com\/","name":"Solkes Magazine","description":"solkes.com","publisher":{"@id":"https:\/\/solkes.com\/#organization"},"potentialAction":[{"@type":"SearchAction","target":{"@type":"EntryPoint","urlTemplate":"https:\/\/solkes.com\/?s={search_term_string}"},"query-input":{"@type":"PropertyValueSpecification","valueRequired":true,"valueName":"search_term_string"}}],"inLanguage":"de"},{"@type":"Organization","@id":"https:\/\/solkes.com\/#organization","name":"Solkes Magazine","url":"https:\/\/solkes.com\/","logo":{"@type":"ImageObject","inLanguage":"de","@id":"https:\/\/solkes.com\/#\/schema\/logo\/image\/","url":"https:\/\/solkes.com\/wp-content\/uploads\/2024\/09\/logo-SOLKES-820px-x-312px.png","contentUrl":"https:\/\/solkes.com\/wp-content\/uploads\/2024\/09\/logo-SOLKES-820px-x-312px.png","width":411,"height":303,"caption":"Solkes Magazine"},"image":{"@id":"https:\/\/solkes.com\/#\/schema\/logo\/image\/"},"sameAs":["https:\/\/www.facebook.com\/solkesmagazinee\/","https:\/\/instagram.com\/solkesmagazine\/"]},{"@type":"Person","@id":"https:\/\/solkes.com\/#\/schema\/person\/f5918e1242b6da8efba8bcb5740d680d","name":"Jocelyn Pelisek","image":{"@type":"ImageObject","inLanguage":"de","@id":"https:\/\/secure.gravatar.com\/avatar\/a31991a662ec5c9c1d35ea138d795175c58b14aa30c2b84d5e4f93a257c4441b?s=96&d=identicon&r=g","url":"https:\/\/secure.gravatar.com\/avatar\/a31991a662ec5c9c1d35ea138d795175c58b14aa30c2b84d5e4f93a257c4441b?s=96&d=identicon&r=g","contentUrl":"https:\/\/secure.gravatar.com\/avatar\/a31991a662ec5c9c1d35ea138d795175c58b14aa30c2b84d5e4f93a257c4441b?s=96&d=identicon&r=g","caption":"Jocelyn Pelisek"},"description":"Naci\u00f3 el 22 de noviembre del a\u00f1o 1980 en la ciudad de Guadalajara, Jalisco. Comenz\u00f3 a escribir cuentos y poemas en la secundaria. Particip\u00f3 en eventos de lectura abierta y concursos de oratoria. En el 2002 ingres\u00f3 al Fondo de Cultura Econ\u00f3mica ubicado en Guadalajara, en un taller autobiogr\u00e1fico impartido por Vicente de Le\u00f3n, -en aquel entonces director de la revista Luvina-. En ese mismo a\u00f1o fue invitada a la radio Am, al Programa: \u201cLos periodistas\u201d, con el escritor y columnista, Rodolfo Garc\u00eda Mateos, el cual le ofreci\u00f3 un espacio para hablar de literatura, Cine y Arte una vez por semana. A\u00f1os despu\u00e9s, viaj\u00f3 a la ciudad de Aguascalientes en el 2006 por motivos personales e ingres\u00f3 en el Centro de Investigaciones y Estudios Literarios de Aguascalientes. Tuvo el privilegio de convivir con los cuentistas: Guillermo Samperio, Josu\u00e9 Landa, Vicente Guerrero y el maestro y poeta V\u00edctor Sandoval. Colabor\u00f3 un tiempo para la revista Literaria de la Universidad Aut\u00f3noma de Aguascalientes, en la secci\u00f3n de cuento y poes\u00eda. ******************************************************** She was born on November 22nd, 1980 in the city of Guadalajara, Jalisco. Started writing stories and poems in high school and participated in open reading events and speech contests. In 2002 she entered the Economic Culture Fund located in Guadalajara, Jal, in an autobiographical workshop given by Vicente de Le\u00f3n, -at that time director of the magazine Luvina-. In that same year, she was invited to Am radio, in \"the journalist\" program. There she worked with the writer and columnist, Rodolfo Garc\u00eda Mateos, who offered her a space to talk about literature, Cinema, and Art once a week. Years later, she traveled to the city of Aguascalientes in 2006 for personal reasons and entered the Center for Research and Literary Studies of Aguascalientes. She had the privilege of living with the storytellers: Guillermo Samperio, Josu\u00e9 Landa, Vicente Guerrero, and the teacher and poet V\u00edctor Sandoval. For a while, she collaborated at the Autonomous University of Aguascalientes literary magazine, in the short story and poetry section.","url":"https:\/\/solkes.com\/de\/author\/griselda-jocelyn-linan-corona\/"}]}},"_links":{"self":[{"href":"https:\/\/solkes.com\/de\/wp-json\/wp\/v2\/posts\/13247","targetHints":{"allow":["GET"]}}],"collection":[{"href":"https:\/\/solkes.com\/de\/wp-json\/wp\/v2\/posts"}],"about":[{"href":"https:\/\/solkes.com\/de\/wp-json\/wp\/v2\/types\/post"}],"author":[{"embeddable":true,"href":"https:\/\/solkes.com\/de\/wp-json\/wp\/v2\/users\/101"}],"replies":[{"embeddable":true,"href":"https:\/\/solkes.com\/de\/wp-json\/wp\/v2\/comments?post=13247"}],"version-history":[{"count":10,"href":"https:\/\/solkes.com\/de\/wp-json\/wp\/v2\/posts\/13247\/revisions"}],"predecessor-version":[{"id":13249,"href":"https:\/\/solkes.com\/de\/wp-json\/wp\/v2\/posts\/13247\/revisions\/13249"}],"wp:featuredmedia":[{"embeddable":true,"href":"https:\/\/solkes.com\/de\/wp-json\/wp\/v2\/media\/13259"}],"wp:attachment":[{"href":"https:\/\/solkes.com\/de\/wp-json\/wp\/v2\/media?parent=13247"}],"wp:term":[{"taxonomy":"category","embeddable":true,"href":"https:\/\/solkes.com\/de\/wp-json\/wp\/v2\/categories?post=13247"},{"taxonomy":"post_tag","embeddable":true,"href":"https:\/\/solkes.com\/de\/wp-json\/wp\/v2\/tags?post=13247"}],"curies":[{"name":"wp","href":"https:\/\/api.w.org\/{rel}","templated":true}]}}