{"id":11532,"date":"2018-12-03T10:00:58","date_gmt":"2018-12-03T08:00:58","guid":{"rendered":"https:\/\/solkes.com\/?p=11532"},"modified":"2020-11-17T17:16:00","modified_gmt":"2020-11-17T15:16:00","slug":"eternidad-de-finales","status":"publish","type":"post","link":"https:\/\/solkes.com\/de\/anonimo\/2018\/12\/eternidad-de-finales\/","title":{"rendered":"Eternidad de finales"},"content":{"rendered":"<p><span style=\"color: #138a8d;\">M<\/span>e siento inm\u00f3vil. Tengo la sensaci\u00f3n de que todo va a terminar. <span style=\"color: #138a8d;\"><strong>Es inevitable, todo terminar\u00e1<\/strong><\/span>. Me pregunto c\u00f3mo suceder\u00e1 todo.<\/p>\n<p>Supongo que cuando las estrellas finalmente desaparezcan, la suave brisa se habr\u00e1 desvanecido, todo se habr\u00e1 vaporizado,\u00a0las p\u00e1ginas de mi lecher\u00eda est\u00e1n llenas y la vieja puerta ya no cruje.\u00a0Sabr\u00e9 que el final est\u00e1 finalmente aqu\u00ed.<\/p>\n<figure id=\"attachment_466\" aria-describedby=\"caption-attachment-466\" style=\"width: 1002px\" class=\"wp-caption aligncenter\"><a href=\"http:\/\/solkes.com\/wp-content\/uploads\/2019\/08\/1712_01.jpg\"><img fetchpriority=\"high\" decoding=\"async\" class=\"size-full wp-image-466\" src=\"http:\/\/solkes.com\/wp-content\/uploads\/2019\/08\/1712_01.jpg\" alt=\"\" width=\"1002\" height=\"607\" \/><\/a><figcaption id=\"caption-attachment-466\" class=\"wp-caption-text\">Nessa Twix \u00a9 Solkes<\/figcaption><\/figure>\n<p>Tengo la sensaci\u00f3n de que cuando no haya nada m\u00e1s aqu\u00ed,\u00a0que hay un vac\u00edo, tal vez todav\u00eda est\u00e9 aqu\u00ed.<\/p>\n<figure id=\"attachment_467\" aria-describedby=\"caption-attachment-467\" style=\"width: 300px\" class=\"wp-caption alignright\"><a href=\"http:\/\/solkes.com\/wp-content\/uploads\/2019\/08\/1712_02.jpg\"><img decoding=\"async\" class=\"size-full wp-image-467\" src=\"http:\/\/solkes.com\/wp-content\/uploads\/2019\/08\/1712_02.jpg\" alt=\"\" width=\"300\" height=\"482\" \/><\/a><figcaption id=\"caption-attachment-467\" class=\"wp-caption-text\">Nessa Twix \u00a9 Solkes<\/figcaption><\/figure>\n<p>Tal vez algunos de nosotros nos quedemos.\u00a0Qu\u00e9 horrible puede ser eso.\u00a0Supongo que estaremos inm\u00f3viles.<\/p>\n<p>Una vez m\u00e1s <strong><span style=\"color: #138a8d;\">me siento inm\u00f3vil<\/span><\/strong> y\u00a0como muchas veces antes, tengo la sensaci\u00f3n de que si te dejo esta noche\u00a0si me voy volando, si me escapo para no ser encontrado\u00a0tal vez s\u00f3lo la punta de tus dedos todav\u00eda me maldigan.<\/p>\n<p>El sabor agridulce de todo lo que una vez fue nuevo ya ha <span style=\"color: #138a8d;\"><strong>desaparecido<\/strong><\/span>.\u00a0Cuando las puntas de tus dedos tocan mi piel y explotan, qu\u00e9 memoria, tan presente y sin embargo tan pasada.<\/p>\n<p>Me pregunto qu\u00e9 pasar\u00e1 si me quedo aqu\u00ed contigo y observo\u00a0el mar se convierte en uno con el cielo.<\/p>\n<p>Pero yo permanezco inm\u00f3vil.\u00a0Este sentimiento de que todo podr\u00eda llegar pronto a su fin\u00a0se ha deslizado por toda mi piel, mi mente, lo que creo que es mi alma.\u00a0\u00bfQu\u00e9 hacer?<\/p>\n<p>He dejado de creer en lo invisible y&#8230;duermo pero he dejado de preguntarme en mis sue\u00f1os.<\/p>\n<p>Ahora entiendo que la luz se desvanecer\u00e1 eventualmente\u00a0incluso cuando esperas que se quede.\u00a0Por mucho que quieras aferrarte a alg\u00fan ideal,\u00a0las promesas se romper\u00e1n.<\/p>\n<figure id=\"attachment_468\" aria-describedby=\"caption-attachment-468\" style=\"width: 1002px\" class=\"wp-caption aligncenter\"><a href=\"http:\/\/solkes.com\/wp-content\/uploads\/2019\/08\/1712_03.jpg\"><img decoding=\"async\" class=\"size-full wp-image-468\" src=\"http:\/\/solkes.com\/wp-content\/uploads\/2019\/08\/1712_03.jpg\" alt=\"\" width=\"1002\" height=\"607\" \/><\/a><figcaption id=\"caption-attachment-468\" class=\"wp-caption-text\">Nessa Twix \u00a9 Solkes<\/figcaption><\/figure>\n<p><span style=\"color: #138a8d;\">C<\/span>laro, en un momento u otro,\u00a0<span style=\"color: #138a8d;\"><strong>las disculpas encontrar\u00e1n su camino<\/strong><\/span> pero la mayor\u00eda de las veces llegan tarde.\u00a0Permanezco inm\u00f3vil\u00a0con una eternidad de finales\u00a0cerca de aqu\u00ed.<\/p>\n","protected":false},"excerpt":{"rendered":"<p>Me siento inm\u00f3vil. Tengo la sensaci\u00f3n de que todo va a terminar. Es inevitable, todo terminar\u00e1. Me pregunto c\u00f3mo suceder\u00e1 todo. Supongo que cuando las estrellas finalmente desaparezcan, la suave brisa se habr\u00e1 desvanecido, todo se habr\u00e1 vaporizado,\u00a0las p\u00e1ginas de mi lecher\u00eda est\u00e1n llenas y la vieja puerta ya no cruje.\u00a0Sabr\u00e9 que el final est\u00e1 [&hellip;]<\/p>\n","protected":false},"author":76,"featured_media":466,"comment_status":"open","ping_status":"open","sticky":false,"template":"","format":"standard","meta":{"_acf_changed":false,"_exactmetrics_skip_tracking":false,"_exactmetrics_sitenote_active":false,"_exactmetrics_sitenote_note":"","_exactmetrics_sitenote_category":0,"site-sidebar-layout":"default","site-content-layout":"default","ast-site-content-layout":"default","site-content-style":"default","site-sidebar-style":"default","ast-global-header-display":"","ast-banner-title-visibility":"","ast-main-header-display":"","ast-hfb-above-header-display":"","ast-hfb-below-header-display":"","ast-hfb-mobile-header-display":"","site-post-title":"","ast-breadcrumbs-content":"","ast-featured-img":"","footer-sml-layout":"","theme-transparent-header-meta":"default","adv-header-id-meta":"","stick-header-meta":"","header-above-stick-meta":"","header-main-stick-meta":"","header-below-stick-meta":"","astra-migrate-meta-layouts":"default","ast-page-background-enabled":"default","ast-page-background-meta":{"desktop":{"background-color":"","background-image":"","background-repeat":"repeat","background-position":"center center","background-size":"auto","background-attachment":"scroll","background-type":"","background-media":"","overlay-type":"","overlay-color":"","overlay-opacity":"","overlay-gradient":""},"tablet":{"background-color":"","background-image":"","background-repeat":"repeat","background-position":"center center","background-size":"auto","background-attachment":"scroll","background-type":"","background-media":"","overlay-type":"","overlay-color":"","overlay-opacity":"","overlay-gradient":""},"mobile":{"background-color":"","background-image":"","background-repeat":"repeat","background-position":"center center","background-size":"auto","background-attachment":"scroll","background-type":"","background-media":"","overlay-type":"","overlay-color":"","overlay-opacity":"","overlay-gradient":""}},"ast-content-background-meta":{"desktop":{"background-color":"var(--ast-global-color-5)","background-image":"","background-repeat":"repeat","background-position":"center center","background-size":"auto","background-attachment":"scroll","background-type":"","background-media":"","overlay-type":"","overlay-color":"","overlay-opacity":"","overlay-gradient":""},"tablet":{"background-color":"var(--ast-global-color-5)","background-image":"","background-repeat":"repeat","background-position":"center center","background-size":"auto","background-attachment":"scroll","background-type":"","background-media":"","overlay-type":"","overlay-color":"","overlay-opacity":"","overlay-gradient":""},"mobile":{"background-color":"var(--ast-global-color-5)","background-image":"","background-repeat":"repeat","background-position":"center center","background-size":"auto","background-attachment":"scroll","background-type":"","background-media":"","overlay-type":"","overlay-color":"","overlay-opacity":"","overlay-gradient":""}},"footnotes":""},"categories":[42],"tags":[146],"class_list":["post-11532","post","type-post","status-publish","format-standard","has-post-thumbnail","hentry","category-anonimo","tag-escritura-creativa"],"acf":[],"yoast_head":"<!-- This site is optimized with the Yoast SEO plugin v27.4 - https:\/\/yoast.com\/product\/yoast-seo-wordpress\/ -->\n<title>Eternidad de finales - Solkes Magazine<\/title>\n<meta name=\"robots\" content=\"index, follow, max-snippet:-1, max-image-preview:large, max-video-preview:-1\" \/>\n<link rel=\"canonical\" href=\"https:\/\/solkes.com\/anonimo\/2018\/12\/eternidad-de-finales\/\" \/>\n<meta property=\"og:locale\" content=\"de_DE\" \/>\n<meta property=\"og:type\" content=\"article\" \/>\n<meta property=\"og:title\" content=\"Eternidad de finales - Solkes Magazine\" \/>\n<meta property=\"og:description\" content=\"Me siento inm\u00f3vil. Tengo la sensaci\u00f3n de que todo va a terminar. Es inevitable, todo terminar\u00e1. Me pregunto c\u00f3mo suceder\u00e1 todo. Supongo que cuando las estrellas finalmente desaparezcan, la suave brisa se habr\u00e1 desvanecido, todo se habr\u00e1 vaporizado,\u00a0las p\u00e1ginas de mi lecher\u00eda est\u00e1n llenas y la vieja puerta ya no cruje.\u00a0Sabr\u00e9 que el final est\u00e1 [&hellip;]\" \/>\n<meta property=\"og:url\" content=\"https:\/\/solkes.com\/anonimo\/2018\/12\/eternidad-de-finales\/\" \/>\n<meta property=\"og:site_name\" content=\"Solkes Magazine\" \/>\n<meta property=\"article:publisher\" content=\"https:\/\/www.facebook.com\/solkesmagazinee\/\" \/>\n<meta property=\"article:published_time\" content=\"2018-12-03T08:00:58+00:00\" \/>\n<meta property=\"article:modified_time\" content=\"2020-11-17T15:16:00+00:00\" \/>\n<meta property=\"og:image\" content=\"https:\/\/solkes.com\/wp-content\/uploads\/2019\/08\/1712_01-4.jpg\" \/>\n\t<meta property=\"og:image:width\" content=\"1002\" \/>\n\t<meta property=\"og:image:height\" content=\"607\" \/>\n\t<meta property=\"og:image:type\" content=\"image\/jpeg\" \/>\n<meta name=\"author\" content=\"Laura Viera A.\" \/>\n<meta name=\"twitter:card\" content=\"summary_large_image\" \/>\n<meta name=\"twitter:label1\" content=\"Verfasst von\" \/>\n\t<meta name=\"twitter:data1\" content=\"Laura Viera A.\" \/>\n\t<meta name=\"twitter:label2\" content=\"Gesch\u00e4tzte Lesezeit\" \/>\n\t<meta name=\"twitter:data2\" content=\"2\u00a0Minuten\" \/>\n<script type=\"application\/ld+json\" class=\"yoast-schema-graph\">{\"@context\":\"https:\\\/\\\/schema.org\",\"@graph\":[{\"@type\":\"Article\",\"@id\":\"https:\\\/\\\/solkes.com\\\/anonimo\\\/2018\\\/12\\\/eternidad-de-finales\\\/#article\",\"isPartOf\":{\"@id\":\"https:\\\/\\\/solkes.com\\\/anonimo\\\/2018\\\/12\\\/eternidad-de-finales\\\/\"},\"author\":{\"name\":\"Laura Viera A.\",\"@id\":\"https:\\\/\\\/solkes.com\\\/#\\\/schema\\\/person\\\/54684f1c0bebcaff4d6b3f1ec2e71e91\"},\"headline\":\"Eternidad de finales\",\"datePublished\":\"2018-12-03T08:00:58+00:00\",\"dateModified\":\"2020-11-17T15:16:00+00:00\",\"mainEntityOfPage\":{\"@id\":\"https:\\\/\\\/solkes.com\\\/anonimo\\\/2018\\\/12\\\/eternidad-de-finales\\\/\"},\"wordCount\":354,\"commentCount\":0,\"publisher\":{\"@id\":\"https:\\\/\\\/solkes.com\\\/#organization\"},\"image\":{\"@id\":\"https:\\\/\\\/solkes.com\\\/anonimo\\\/2018\\\/12\\\/eternidad-de-finales\\\/#primaryimage\"},\"thumbnailUrl\":\"https:\\\/\\\/solkes.com\\\/wp-content\\\/uploads\\\/2019\\\/08\\\/1712_01-4.jpg\",\"keywords\":[\"escritura creativa\"],\"articleSection\":[\"An\u00f3nimo\"],\"inLanguage\":\"de\",\"potentialAction\":[{\"@type\":\"CommentAction\",\"name\":\"Comment\",\"target\":[\"https:\\\/\\\/solkes.com\\\/anonimo\\\/2018\\\/12\\\/eternidad-de-finales\\\/#respond\"]}]},{\"@type\":\"WebPage\",\"@id\":\"https:\\\/\\\/solkes.com\\\/anonimo\\\/2018\\\/12\\\/eternidad-de-finales\\\/\",\"url\":\"https:\\\/\\\/solkes.com\\\/anonimo\\\/2018\\\/12\\\/eternidad-de-finales\\\/\",\"name\":\"Eternidad de finales - Solkes Magazine\",\"isPartOf\":{\"@id\":\"https:\\\/\\\/solkes.com\\\/#website\"},\"primaryImageOfPage\":{\"@id\":\"https:\\\/\\\/solkes.com\\\/anonimo\\\/2018\\\/12\\\/eternidad-de-finales\\\/#primaryimage\"},\"image\":{\"@id\":\"https:\\\/\\\/solkes.com\\\/anonimo\\\/2018\\\/12\\\/eternidad-de-finales\\\/#primaryimage\"},\"thumbnailUrl\":\"https:\\\/\\\/solkes.com\\\/wp-content\\\/uploads\\\/2019\\\/08\\\/1712_01-4.jpg\",\"datePublished\":\"2018-12-03T08:00:58+00:00\",\"dateModified\":\"2020-11-17T15:16:00+00:00\",\"breadcrumb\":{\"@id\":\"https:\\\/\\\/solkes.com\\\/anonimo\\\/2018\\\/12\\\/eternidad-de-finales\\\/#breadcrumb\"},\"inLanguage\":\"de\",\"potentialAction\":[{\"@type\":\"ReadAction\",\"target\":[\"https:\\\/\\\/solkes.com\\\/anonimo\\\/2018\\\/12\\\/eternidad-de-finales\\\/\"]}]},{\"@type\":\"ImageObject\",\"inLanguage\":\"de\",\"@id\":\"https:\\\/\\\/solkes.com\\\/anonimo\\\/2018\\\/12\\\/eternidad-de-finales\\\/#primaryimage\",\"url\":\"https:\\\/\\\/solkes.com\\\/wp-content\\\/uploads\\\/2019\\\/08\\\/1712_01-4.jpg\",\"contentUrl\":\"https:\\\/\\\/solkes.com\\\/wp-content\\\/uploads\\\/2019\\\/08\\\/1712_01-4.jpg\",\"width\":1002,\"height\":607,\"caption\":\"Foto: Nessa Twix \u00a9 Solkes\"},{\"@type\":\"BreadcrumbList\",\"@id\":\"https:\\\/\\\/solkes.com\\\/anonimo\\\/2018\\\/12\\\/eternidad-de-finales\\\/#breadcrumb\",\"itemListElement\":[{\"@type\":\"ListItem\",\"position\":1,\"name\":\"Portada\",\"item\":\"https:\\\/\\\/solkes.com\\\/\"},{\"@type\":\"ListItem\",\"position\":2,\"name\":\"Eternidad de finales\"}]},{\"@type\":\"WebSite\",\"@id\":\"https:\\\/\\\/solkes.com\\\/#website\",\"url\":\"https:\\\/\\\/solkes.com\\\/\",\"name\":\"Solkes Magazine\",\"description\":\"solkes.com\",\"publisher\":{\"@id\":\"https:\\\/\\\/solkes.com\\\/#organization\"},\"potentialAction\":[{\"@type\":\"SearchAction\",\"target\":{\"@type\":\"EntryPoint\",\"urlTemplate\":\"https:\\\/\\\/solkes.com\\\/?s={search_term_string}\"},\"query-input\":{\"@type\":\"PropertyValueSpecification\",\"valueRequired\":true,\"valueName\":\"search_term_string\"}}],\"inLanguage\":\"de\"},{\"@type\":\"Organization\",\"@id\":\"https:\\\/\\\/solkes.com\\\/#organization\",\"name\":\"Solkes Magazine\",\"url\":\"https:\\\/\\\/solkes.com\\\/\",\"logo\":{\"@type\":\"ImageObject\",\"inLanguage\":\"de\",\"@id\":\"https:\\\/\\\/solkes.com\\\/#\\\/schema\\\/logo\\\/image\\\/\",\"url\":\"https:\\\/\\\/solkes.com\\\/wp-content\\\/uploads\\\/2024\\\/09\\\/logo-SOLKES-820px-x-312px.png\",\"contentUrl\":\"https:\\\/\\\/solkes.com\\\/wp-content\\\/uploads\\\/2024\\\/09\\\/logo-SOLKES-820px-x-312px.png\",\"width\":411,\"height\":303,\"caption\":\"Solkes Magazine\"},\"image\":{\"@id\":\"https:\\\/\\\/solkes.com\\\/#\\\/schema\\\/logo\\\/image\\\/\"},\"sameAs\":[\"https:\\\/\\\/www.facebook.com\\\/solkesmagazinee\\\/\",\"https:\\\/\\\/instagram.com\\\/solkesmagazine\\\/\"]},{\"@type\":\"Person\",\"@id\":\"https:\\\/\\\/solkes.com\\\/#\\\/schema\\\/person\\\/54684f1c0bebcaff4d6b3f1ec2e71e91\",\"name\":\"Laura Viera A.\",\"image\":{\"@type\":\"ImageObject\",\"inLanguage\":\"de\",\"@id\":\"https:\\\/\\\/secure.gravatar.com\\\/avatar\\\/d7b6a8bb956f5279e99babca11ed31351716b19f59e9e3e989847c0ca9e0c5d9?s=96&d=identicon&r=g\",\"url\":\"https:\\\/\\\/secure.gravatar.com\\\/avatar\\\/d7b6a8bb956f5279e99babca11ed31351716b19f59e9e3e989847c0ca9e0c5d9?s=96&d=identicon&r=g\",\"contentUrl\":\"https:\\\/\\\/secure.gravatar.com\\\/avatar\\\/d7b6a8bb956f5279e99babca11ed31351716b19f59e9e3e989847c0ca9e0c5d9?s=96&d=identicon&r=g\",\"caption\":\"Laura Viera A.\"},\"description\":\"Fundadora y Directora Editorial de Solkes Magazine Es periodista de vocaci\u00f3n y formaci\u00f3n. Estudi\u00f3 Comunicaci\u00f3n Social con \u00e9nfasis en Periodismo en la Pontificia Universidad Javeriana de Bogot\u00e1, Colombia. Desde muy joven sinti\u00f3 una profunda pasi\u00f3n por contar historias, explorar el mundo y dar voz a quienes no la tienen. Su compromiso con los Derechos Humanos ha sido una constante en su trayectoria, participando activamente en proyectos sociales desde temprana edad. Este inter\u00e9s se refleja en el enfoque editorial de Solkes, una revista que prioriza el periodismo independiente, la diversidad cultural y la profundidad narrativa. Laura naci\u00f3 en Bogot\u00e1, vivi\u00f3 tres a\u00f1os en Madrid, Espa\u00f1a, y desde el verano de 2010 reside en Alemania. Esta experiencia multicultural ha enriquecido su perspectiva y ha sido clave para la creaci\u00f3n de una revista triling\u00fce que trasciende fronteras y conecta a lectores de distintas partes del mundo. ******************************************************************************************* Founder and Editorial Director of Solkes Magazine She is a passionate journalist by vocation and training. She studied Mass Communication with an emphasis on Journalism at the Pontificia Universidad Javeriana in Bogot\u00e1, Colombia. From a young age, she was deeply motivated to tell stories, explore the world, and give a voice to those who often go unheard. Her commitment to Human Rights has been a constant throughout her career, actively participating in social projects since early on. This dedication is reflected in Solkes Magazine\u2019s editorial focus on independent journalism, cultural diversity, and in-depth storytelling. Born in Bogot\u00e1, Laura lived in Madrid, Spain for three years, and has been residing in Germany since the summer of 2010. This multicultural experience has enriched her perspective and played a key role in creating a trilingual magazine that transcends borders and connects readers from around the world. ******************************************************************************************* Gr\u00fcnderin und Chefredakteurin von Solkes Magazine Laura Viera ist eine leidenschaftliche Journalistin aus Berufung und Ausbildung. Sie hat Soziale Kommunikation mit Schwerpunkt Journalismus an der Pontificia Universidad Javeriana in Bogot\u00e1, Kolumbien, studiert. Schon in jungen Jahren war sie stark motiviert, Geschichten zu erz\u00e4hlen, die Welt zu erkunden und denen eine Stimme zu geben, die oft ungeh\u00f6rt bleiben. Ihr Engagement f\u00fcr Menschenrechte begleitet sie seit Beginn ihrer Laufbahn. Sie war von Anfang an aktiv an sozialen Projekten beteiligt. Dieses Engagement spiegelt sich auch im redaktionellen Fokus von Solkes Magazine wider, das unabh\u00e4ngigen Journalismus, kulturelle Vielfalt und tiefgr\u00fcndiges Erz\u00e4hlen in den Vordergrund stellt. Geboren in Bogot\u00e1, lebte Laura drei Jahre in Madrid, Spanien, und lebt seit Sommer 2010 in Deutschland. Diese multikulturelle Erfahrung hat ihre Perspektive bereichert und war entscheidend bei der Gr\u00fcndung eines dreisprachigen Magazins, das Grenzen \u00fcberschreitet und Leser weltweit verbindet.\",\"sameAs\":[\"http:\\\/\\\/www.solkes.com\"],\"url\":\"https:\\\/\\\/solkes.com\\\/de\\\/author\\\/lauraviera2019\\\/\"}]}<\/script>\n<!-- \/ Yoast SEO plugin. -->","yoast_head_json":{"title":"Eternidad de finales - Solkes Magazine","robots":{"index":"index","follow":"follow","max-snippet":"max-snippet:-1","max-image-preview":"max-image-preview:large","max-video-preview":"max-video-preview:-1"},"canonical":"https:\/\/solkes.com\/anonimo\/2018\/12\/eternidad-de-finales\/","og_locale":"de_DE","og_type":"article","og_title":"Eternidad de finales - Solkes Magazine","og_description":"Me siento inm\u00f3vil. Tengo la sensaci\u00f3n de que todo va a terminar. Es inevitable, todo terminar\u00e1. Me pregunto c\u00f3mo suceder\u00e1 todo. Supongo que cuando las estrellas finalmente desaparezcan, la suave brisa se habr\u00e1 desvanecido, todo se habr\u00e1 vaporizado,\u00a0las p\u00e1ginas de mi lecher\u00eda est\u00e1n llenas y la vieja puerta ya no cruje.\u00a0Sabr\u00e9 que el final est\u00e1 [&hellip;]","og_url":"https:\/\/solkes.com\/anonimo\/2018\/12\/eternidad-de-finales\/","og_site_name":"Solkes Magazine","article_publisher":"https:\/\/www.facebook.com\/solkesmagazinee\/","article_published_time":"2018-12-03T08:00:58+00:00","article_modified_time":"2020-11-17T15:16:00+00:00","og_image":[{"width":1002,"height":607,"url":"https:\/\/solkes.com\/wp-content\/uploads\/2019\/08\/1712_01-4.jpg","type":"image\/jpeg"}],"author":"Laura Viera A.","twitter_card":"summary_large_image","twitter_misc":{"Verfasst von":"Laura Viera A.","Gesch\u00e4tzte Lesezeit":"2\u00a0Minuten"},"schema":{"@context":"https:\/\/schema.org","@graph":[{"@type":"Article","@id":"https:\/\/solkes.com\/anonimo\/2018\/12\/eternidad-de-finales\/#article","isPartOf":{"@id":"https:\/\/solkes.com\/anonimo\/2018\/12\/eternidad-de-finales\/"},"author":{"name":"Laura Viera A.","@id":"https:\/\/solkes.com\/#\/schema\/person\/54684f1c0bebcaff4d6b3f1ec2e71e91"},"headline":"Eternidad de finales","datePublished":"2018-12-03T08:00:58+00:00","dateModified":"2020-11-17T15:16:00+00:00","mainEntityOfPage":{"@id":"https:\/\/solkes.com\/anonimo\/2018\/12\/eternidad-de-finales\/"},"wordCount":354,"commentCount":0,"publisher":{"@id":"https:\/\/solkes.com\/#organization"},"image":{"@id":"https:\/\/solkes.com\/anonimo\/2018\/12\/eternidad-de-finales\/#primaryimage"},"thumbnailUrl":"https:\/\/solkes.com\/wp-content\/uploads\/2019\/08\/1712_01-4.jpg","keywords":["escritura creativa"],"articleSection":["An\u00f3nimo"],"inLanguage":"de","potentialAction":[{"@type":"CommentAction","name":"Comment","target":["https:\/\/solkes.com\/anonimo\/2018\/12\/eternidad-de-finales\/#respond"]}]},{"@type":"WebPage","@id":"https:\/\/solkes.com\/anonimo\/2018\/12\/eternidad-de-finales\/","url":"https:\/\/solkes.com\/anonimo\/2018\/12\/eternidad-de-finales\/","name":"Eternidad de finales - Solkes Magazine","isPartOf":{"@id":"https:\/\/solkes.com\/#website"},"primaryImageOfPage":{"@id":"https:\/\/solkes.com\/anonimo\/2018\/12\/eternidad-de-finales\/#primaryimage"},"image":{"@id":"https:\/\/solkes.com\/anonimo\/2018\/12\/eternidad-de-finales\/#primaryimage"},"thumbnailUrl":"https:\/\/solkes.com\/wp-content\/uploads\/2019\/08\/1712_01-4.jpg","datePublished":"2018-12-03T08:00:58+00:00","dateModified":"2020-11-17T15:16:00+00:00","breadcrumb":{"@id":"https:\/\/solkes.com\/anonimo\/2018\/12\/eternidad-de-finales\/#breadcrumb"},"inLanguage":"de","potentialAction":[{"@type":"ReadAction","target":["https:\/\/solkes.com\/anonimo\/2018\/12\/eternidad-de-finales\/"]}]},{"@type":"ImageObject","inLanguage":"de","@id":"https:\/\/solkes.com\/anonimo\/2018\/12\/eternidad-de-finales\/#primaryimage","url":"https:\/\/solkes.com\/wp-content\/uploads\/2019\/08\/1712_01-4.jpg","contentUrl":"https:\/\/solkes.com\/wp-content\/uploads\/2019\/08\/1712_01-4.jpg","width":1002,"height":607,"caption":"Foto: Nessa Twix \u00a9 Solkes"},{"@type":"BreadcrumbList","@id":"https:\/\/solkes.com\/anonimo\/2018\/12\/eternidad-de-finales\/#breadcrumb","itemListElement":[{"@type":"ListItem","position":1,"name":"Portada","item":"https:\/\/solkes.com\/"},{"@type":"ListItem","position":2,"name":"Eternidad de finales"}]},{"@type":"WebSite","@id":"https:\/\/solkes.com\/#website","url":"https:\/\/solkes.com\/","name":"Solkes Magazine","description":"solkes.com","publisher":{"@id":"https:\/\/solkes.com\/#organization"},"potentialAction":[{"@type":"SearchAction","target":{"@type":"EntryPoint","urlTemplate":"https:\/\/solkes.com\/?s={search_term_string}"},"query-input":{"@type":"PropertyValueSpecification","valueRequired":true,"valueName":"search_term_string"}}],"inLanguage":"de"},{"@type":"Organization","@id":"https:\/\/solkes.com\/#organization","name":"Solkes Magazine","url":"https:\/\/solkes.com\/","logo":{"@type":"ImageObject","inLanguage":"de","@id":"https:\/\/solkes.com\/#\/schema\/logo\/image\/","url":"https:\/\/solkes.com\/wp-content\/uploads\/2024\/09\/logo-SOLKES-820px-x-312px.png","contentUrl":"https:\/\/solkes.com\/wp-content\/uploads\/2024\/09\/logo-SOLKES-820px-x-312px.png","width":411,"height":303,"caption":"Solkes Magazine"},"image":{"@id":"https:\/\/solkes.com\/#\/schema\/logo\/image\/"},"sameAs":["https:\/\/www.facebook.com\/solkesmagazinee\/","https:\/\/instagram.com\/solkesmagazine\/"]},{"@type":"Person","@id":"https:\/\/solkes.com\/#\/schema\/person\/54684f1c0bebcaff4d6b3f1ec2e71e91","name":"Laura Viera A.","image":{"@type":"ImageObject","inLanguage":"de","@id":"https:\/\/secure.gravatar.com\/avatar\/d7b6a8bb956f5279e99babca11ed31351716b19f59e9e3e989847c0ca9e0c5d9?s=96&d=identicon&r=g","url":"https:\/\/secure.gravatar.com\/avatar\/d7b6a8bb956f5279e99babca11ed31351716b19f59e9e3e989847c0ca9e0c5d9?s=96&d=identicon&r=g","contentUrl":"https:\/\/secure.gravatar.com\/avatar\/d7b6a8bb956f5279e99babca11ed31351716b19f59e9e3e989847c0ca9e0c5d9?s=96&d=identicon&r=g","caption":"Laura Viera A."},"description":"Fundadora y Directora Editorial de Solkes Magazine Es periodista de vocaci\u00f3n y formaci\u00f3n. Estudi\u00f3 Comunicaci\u00f3n Social con \u00e9nfasis en Periodismo en la Pontificia Universidad Javeriana de Bogot\u00e1, Colombia. Desde muy joven sinti\u00f3 una profunda pasi\u00f3n por contar historias, explorar el mundo y dar voz a quienes no la tienen. Su compromiso con los Derechos Humanos ha sido una constante en su trayectoria, participando activamente en proyectos sociales desde temprana edad. Este inter\u00e9s se refleja en el enfoque editorial de Solkes, una revista que prioriza el periodismo independiente, la diversidad cultural y la profundidad narrativa. Laura naci\u00f3 en Bogot\u00e1, vivi\u00f3 tres a\u00f1os en Madrid, Espa\u00f1a, y desde el verano de 2010 reside en Alemania. Esta experiencia multicultural ha enriquecido su perspectiva y ha sido clave para la creaci\u00f3n de una revista triling\u00fce que trasciende fronteras y conecta a lectores de distintas partes del mundo. ******************************************************************************************* Founder and Editorial Director of Solkes Magazine She is a passionate journalist by vocation and training. She studied Mass Communication with an emphasis on Journalism at the Pontificia Universidad Javeriana in Bogot\u00e1, Colombia. From a young age, she was deeply motivated to tell stories, explore the world, and give a voice to those who often go unheard. Her commitment to Human Rights has been a constant throughout her career, actively participating in social projects since early on. This dedication is reflected in Solkes Magazine\u2019s editorial focus on independent journalism, cultural diversity, and in-depth storytelling. Born in Bogot\u00e1, Laura lived in Madrid, Spain for three years, and has been residing in Germany since the summer of 2010. This multicultural experience has enriched her perspective and played a key role in creating a trilingual magazine that transcends borders and connects readers from around the world. ******************************************************************************************* Gr\u00fcnderin und Chefredakteurin von Solkes Magazine Laura Viera ist eine leidenschaftliche Journalistin aus Berufung und Ausbildung. Sie hat Soziale Kommunikation mit Schwerpunkt Journalismus an der Pontificia Universidad Javeriana in Bogot\u00e1, Kolumbien, studiert. Schon in jungen Jahren war sie stark motiviert, Geschichten zu erz\u00e4hlen, die Welt zu erkunden und denen eine Stimme zu geben, die oft ungeh\u00f6rt bleiben. Ihr Engagement f\u00fcr Menschenrechte begleitet sie seit Beginn ihrer Laufbahn. Sie war von Anfang an aktiv an sozialen Projekten beteiligt. Dieses Engagement spiegelt sich auch im redaktionellen Fokus von Solkes Magazine wider, das unabh\u00e4ngigen Journalismus, kulturelle Vielfalt und tiefgr\u00fcndiges Erz\u00e4hlen in den Vordergrund stellt. Geboren in Bogot\u00e1, lebte Laura drei Jahre in Madrid, Spanien, und lebt seit Sommer 2010 in Deutschland. Diese multikulturelle Erfahrung hat ihre Perspektive bereichert und war entscheidend bei der Gr\u00fcndung eines dreisprachigen Magazins, das Grenzen \u00fcberschreitet und Leser weltweit verbindet.","sameAs":["http:\/\/www.solkes.com"],"url":"https:\/\/solkes.com\/de\/author\/lauraviera2019\/"}]}},"_links":{"self":[{"href":"https:\/\/solkes.com\/de\/wp-json\/wp\/v2\/posts\/11532","targetHints":{"allow":["GET"]}}],"collection":[{"href":"https:\/\/solkes.com\/de\/wp-json\/wp\/v2\/posts"}],"about":[{"href":"https:\/\/solkes.com\/de\/wp-json\/wp\/v2\/types\/post"}],"author":[{"embeddable":true,"href":"https:\/\/solkes.com\/de\/wp-json\/wp\/v2\/users\/76"}],"replies":[{"embeddable":true,"href":"https:\/\/solkes.com\/de\/wp-json\/wp\/v2\/comments?post=11532"}],"version-history":[{"count":4,"href":"https:\/\/solkes.com\/de\/wp-json\/wp\/v2\/posts\/11532\/revisions"}],"predecessor-version":[{"id":11540,"href":"https:\/\/solkes.com\/de\/wp-json\/wp\/v2\/posts\/11532\/revisions\/11540"}],"wp:featuredmedia":[{"embeddable":true,"href":"https:\/\/solkes.com\/de\/wp-json\/wp\/v2\/media\/466"}],"wp:attachment":[{"href":"https:\/\/solkes.com\/de\/wp-json\/wp\/v2\/media?parent=11532"}],"wp:term":[{"taxonomy":"category","embeddable":true,"href":"https:\/\/solkes.com\/de\/wp-json\/wp\/v2\/categories?post=11532"},{"taxonomy":"post_tag","embeddable":true,"href":"https:\/\/solkes.com\/de\/wp-json\/wp\/v2\/tags?post=11532"}],"curies":[{"name":"wp","href":"https:\/\/api.w.org\/{rel}","templated":true}]}}